{"id":5346,"date":"2021-05-10T12:00:22","date_gmt":"2021-05-10T10:00:22","guid":{"rendered":"http:\/\/www.anovapeneira.gal\/?p=5346"},"modified":"2021-05-09T22:00:09","modified_gmt":"2021-05-09T20:00:09","slug":"o-consello-cidadan-de-podemos-en-pontevedra-amosa-a-sua-negativa-ao-apoio-da-sinatura-do-convenio-colectivo-do-metal-na-provincia","status":"publish","type":"post","link":"https:\/\/www.anovapeneira.gal\/index.php\/2021\/05\/10\/o-consello-cidadan-de-podemos-en-pontevedra-amosa-a-sua-negativa-ao-apoio-da-sinatura-do-convenio-colectivo-do-metal-na-provincia\/","title":{"rendered":"O Consello Cidad\u00e1n de Podemos en Pontevedra, amosa a s\u00faa negativa ao apoio da  sinatura do convenio colectivo do metal na provincia"},"content":{"rendered":"\n<p>O voceiro provincial, Rom\u00e1n Gonz\u00e1lez, sinala que, &#8220;a sinatura deste convenio, non fai m\u00e1is que darlle continuidade e consolidar a perda de poder adquisitivo levada a cabo sistematicamente ao longo da \u00faltima d\u00e9cada, e precariza a contrataci\u00f3n temporal, e vai en contra das pol\u00edticas que queremos levar a cabo dende o noso partido&#8221;.<\/p>\n\n\n\n<p>executiva provincial de Podemos, manifesta o seu m\u00e1is rotundo apoio as traballadoras e traballadores do sector do metal da provincia de Pontevedra, xa que estes \u00faltimos d\u00edas, vense de asinar o convenio colectivo do sector para os anos 2020, 2021 e 2022. Un convenio que a formaci\u00f3n morada entende que \u00e9 un atraso nos dereitos laborais de todo o sector, posto que o que se ven de asinar, \u00e9 no eido econ\u00f3mico, a consolidaci\u00f3n da perda de poder adquisitivo levada a cabo durante a \u00faltima d\u00e9cada. E pola contra do que Podemos defende nas s\u00faas pol\u00edticas, este acordo fomenta, e precariza a\u00ednda m\u00e1is, as traballadoras e traballadores eventuais.<\/p>\n\n\n\n<p>Sinalan tam\u00e9n, que non poden estar dacordo coa sinatura dun convenio no que, dito acordo, non se ratifica nunha asamblea de traballadoras e traballadores.<\/p>\n\n\n\n<p>Roman Gonz\u00e1lez, sinalou estes d\u00edas que, &#8220;a sinatura deste convenio, non fai m\u00e1is que darlle continuidade a consolidaci\u00f3n da perda de poder adquisitivo levada a cabo sistematicamente ao longo da \u00faltima d\u00e9cada no sector, e precariza a contrataci\u00f3n temporal, algo que vai en contra das pol\u00edticas que queremos levar a cabo dende o noso partido&#8221;, &#8220;e por suposto, cando dito acordo non se ratificou nunha asamblea de traballadoras e traballadores, nunca poderemos estar dacordo, xa que entendemos que a soberan\u00eda para tomar este tipo de decisi\u00f3ns, corresp\u00f3ndelle a todo o conxunto das traballadoras e dos traballadores&#8221;.<\/p>\n","protected":false},"excerpt":{"rendered":"<div class=\"mh-excerpt\"><p>O voceiro provincial, Rom\u00e1n Gonz\u00e1lez, sinala que, &#8220;a sinatura deste convenio, non fai m\u00e1is que darlle continuidade e consolidar a perda de poder adquisitivo levada a cabo sistematicamente ao longo da \u00faltima d\u00e9cada, e precariza a contrataci\u00f3n temporal, e vai en contra das pol\u00edticas que queremos levar a cabo dende o noso partido&#8221; <a class=\"mh-excerpt-more\" href=\"https:\/\/www.anovapeneira.gal\/index.php\/2021\/05\/10\/o-consello-cidadan-de-podemos-en-pontevedra-amosa-a-sua-negativa-ao-apoio-da-sinatura-do-convenio-colectivo-do-metal-na-provincia\/\" title=\"O Consello Cidad\u00e1n de Podemos en Pontevedra, amosa a s\u00faa negativa ao apoio da  sinatura do convenio colectivo do metal na provincia\">[&#8230;]<\/a><\/p>\n<\/div>","protected":false},"author":3,"featured_media":5347,"comment_status":"open","ping_status":"open","sticky":false,"template":"","format":"standard","meta":{"_exactmetrics_skip_tracking":false,"_exactmetrics_sitenote_active":false,"_exactmetrics_sitenote_note":"","_exactmetrics_sitenote_category":0,"footnotes":""},"categories":[26,1],"tags":[],"class_list":{"0":"post-5346","1":"post","2":"type-post","3":"status-publish","4":"format-standard","5":"has-post-thumbnail","7":"category-pontevedra","8":"category-sin-categoria"},"yoast_head":"<!-- This site is optimized with the Yoast SEO plugin v27.4 - https:\/\/yoast.com\/product\/yoast-seo-wordpress\/ -->\n<title>O Consello Cidad\u00e1n de Podemos en Pontevedra, amosa a s\u00faa negativa ao apoio da sinatura do convenio colectivo do metal na provincia -<\/title>\n<meta name=\"description\" content=\"O voceiro provincial, Rom\u00e1n Gonz\u00e1lez, sinala que, &quot;a sinatura deste convenio, non fai m\u00e1is que darlle continuidade e consolidar a perda de poder adquisitivo levada a cabo sistematicamente ao longo da \u00faltima d\u00e9cada, e precariza a contrataci\u00f3n temporal, e vai en contra das pol\u00edticas que queremos levar a cabo dende o noso partido\" \/>\n<meta name=\"robots\" content=\"index, follow, max-snippet:-1, max-image-preview:large, max-video-preview:-1\" \/>\n<link rel=\"canonical\" href=\"https:\/\/www.anovapeneira.gal\/index.php\/2021\/05\/10\/o-consello-cidadan-de-podemos-en-pontevedra-amosa-a-sua-negativa-ao-apoio-da-sinatura-do-convenio-colectivo-do-metal-na-provincia\/\" \/>\n<meta property=\"og:locale\" content=\"gl_ES\" \/>\n<meta property=\"og:type\" content=\"article\" \/>\n<meta property=\"og:title\" content=\"O Consello Cidad\u00e1n de Podemos en Pontevedra, amosa a s\u00faa negativa ao apoio da sinatura do convenio colectivo do metal na provincia -\" \/>\n<meta property=\"og:description\" content=\"O voceiro provincial, Rom\u00e1n Gonz\u00e1lez, sinala que, &quot;a sinatura deste convenio, non fai m\u00e1is que darlle continuidade e consolidar a perda de poder adquisitivo levada a cabo sistematicamente ao longo da \u00faltima d\u00e9cada, e precariza a contrataci\u00f3n temporal, e vai en contra das pol\u00edticas que queremos levar a cabo dende o noso partido\" \/>\n<meta property=\"og:url\" content=\"https:\/\/www.anovapeneira.gal\/index.php\/2021\/05\/10\/o-consello-cidadan-de-podemos-en-pontevedra-amosa-a-sua-negativa-ao-apoio-da-sinatura-do-convenio-colectivo-do-metal-na-provincia\/\" \/>\n<meta property=\"article:publisher\" content=\"https:\/\/www.facebook.com\/anovapeneira\" \/>\n<meta property=\"article:published_time\" content=\"2021-05-10T10:00:22+00:00\" \/>\n<meta property=\"og:image\" content=\"https:\/\/www.anovapeneira.gal\/wp-content\/uploads\/2021\/05\/podemos_pontevedra.jpg\" \/>\n\t<meta property=\"og:image:width\" content=\"720\" \/>\n\t<meta property=\"og:image:height\" content=\"432\" \/>\n\t<meta property=\"og:image:type\" content=\"image\/jpeg\" \/>\n<meta name=\"author\" content=\"Redacci\u00f3n A Nova Peneira\" \/>\n<meta name=\"twitter:card\" content=\"summary_large_image\" \/>\n<meta name=\"twitter:creator\" content=\"@APeneira\" \/>\n<meta name=\"twitter:site\" content=\"@APeneira\" \/>\n<meta name=\"twitter:label1\" content=\"Escrito por\" \/>\n\t<meta name=\"twitter:data1\" content=\"Redacci\u00f3n A Nova Peneira\" \/>\n\t<meta name=\"twitter:label2\" content=\"Tempo de lectura\" \/>\n\t<meta name=\"twitter:data2\" content=\"2 minutos\" \/>\n<script type=\"application\/ld+json\" class=\"yoast-schema-graph\">{\"@context\":\"https:\\\/\\\/schema.org\",\"@graph\":[{\"@type\":\"Article\",\"@id\":\"https:\\\/\\\/www.anovapeneira.gal\\\/index.php\\\/2021\\\/05\\\/10\\\/o-consello-cidadan-de-podemos-en-pontevedra-amosa-a-sua-negativa-ao-apoio-da-sinatura-do-convenio-colectivo-do-metal-na-provincia\\\/#article\",\"isPartOf\":{\"@id\":\"https:\\\/\\\/www.anovapeneira.gal\\\/index.php\\\/2021\\\/05\\\/10\\\/o-consello-cidadan-de-podemos-en-pontevedra-amosa-a-sua-negativa-ao-apoio-da-sinatura-do-convenio-colectivo-do-metal-na-provincia\\\/\"},\"author\":{\"name\":\"Redacci\u00f3n A Nova Peneira\",\"@id\":\"https:\\\/\\\/www.anovapeneira.gal\\\/#\\\/schema\\\/person\\\/b93e3f8932e3f8da96334607eb6ac6aa\"},\"headline\":\"O Consello Cidad\u00e1n de Podemos en Pontevedra, amosa a s\u00faa negativa ao apoio da sinatura do convenio colectivo do metal na provincia\",\"datePublished\":\"2021-05-10T10:00:22+00:00\",\"mainEntityOfPage\":{\"@id\":\"https:\\\/\\\/www.anovapeneira.gal\\\/index.php\\\/2021\\\/05\\\/10\\\/o-consello-cidadan-de-podemos-en-pontevedra-amosa-a-sua-negativa-ao-apoio-da-sinatura-do-convenio-colectivo-do-metal-na-provincia\\\/\"},\"wordCount\":327,\"commentCount\":0,\"publisher\":{\"@id\":\"https:\\\/\\\/www.anovapeneira.gal\\\/#organization\"},\"image\":{\"@id\":\"https:\\\/\\\/www.anovapeneira.gal\\\/index.php\\\/2021\\\/05\\\/10\\\/o-consello-cidadan-de-podemos-en-pontevedra-amosa-a-sua-negativa-ao-apoio-da-sinatura-do-convenio-colectivo-do-metal-na-provincia\\\/#primaryimage\"},\"thumbnailUrl\":\"https:\\\/\\\/www.anovapeneira.gal\\\/wp-content\\\/uploads\\\/2021\\\/05\\\/podemos_pontevedra.jpg\",\"articleSection\":[\"Pontevedra\",\"Sin categor\u00eda\"],\"inLanguage\":\"gl-ES\",\"potentialAction\":[{\"@type\":\"CommentAction\",\"name\":\"Comment\",\"target\":[\"https:\\\/\\\/www.anovapeneira.gal\\\/index.php\\\/2021\\\/05\\\/10\\\/o-consello-cidadan-de-podemos-en-pontevedra-amosa-a-sua-negativa-ao-apoio-da-sinatura-do-convenio-colectivo-do-metal-na-provincia\\\/#respond\"]}]},{\"@type\":\"WebPage\",\"@id\":\"https:\\\/\\\/www.anovapeneira.gal\\\/index.php\\\/2021\\\/05\\\/10\\\/o-consello-cidadan-de-podemos-en-pontevedra-amosa-a-sua-negativa-ao-apoio-da-sinatura-do-convenio-colectivo-do-metal-na-provincia\\\/\",\"url\":\"https:\\\/\\\/www.anovapeneira.gal\\\/index.php\\\/2021\\\/05\\\/10\\\/o-consello-cidadan-de-podemos-en-pontevedra-amosa-a-sua-negativa-ao-apoio-da-sinatura-do-convenio-colectivo-do-metal-na-provincia\\\/\",\"name\":\"O Consello Cidad\u00e1n de Podemos en Pontevedra, amosa a s\u00faa negativa ao apoio da sinatura do convenio colectivo do metal na provincia -\",\"isPartOf\":{\"@id\":\"https:\\\/\\\/www.anovapeneira.gal\\\/#website\"},\"primaryImageOfPage\":{\"@id\":\"https:\\\/\\\/www.anovapeneira.gal\\\/index.php\\\/2021\\\/05\\\/10\\\/o-consello-cidadan-de-podemos-en-pontevedra-amosa-a-sua-negativa-ao-apoio-da-sinatura-do-convenio-colectivo-do-metal-na-provincia\\\/#primaryimage\"},\"image\":{\"@id\":\"https:\\\/\\\/www.anovapeneira.gal\\\/index.php\\\/2021\\\/05\\\/10\\\/o-consello-cidadan-de-podemos-en-pontevedra-amosa-a-sua-negativa-ao-apoio-da-sinatura-do-convenio-colectivo-do-metal-na-provincia\\\/#primaryimage\"},\"thumbnailUrl\":\"https:\\\/\\\/www.anovapeneira.gal\\\/wp-content\\\/uploads\\\/2021\\\/05\\\/podemos_pontevedra.jpg\",\"datePublished\":\"2021-05-10T10:00:22+00:00\",\"description\":\"O voceiro provincial, Rom\u00e1n Gonz\u00e1lez, sinala que, \\\"a sinatura deste convenio, non fai m\u00e1is que darlle continuidade e consolidar a perda de poder adquisitivo levada a cabo sistematicamente ao longo da \u00faltima d\u00e9cada, e precariza a contrataci\u00f3n temporal, e vai en contra das pol\u00edticas que queremos levar a cabo dende o noso partido\",\"breadcrumb\":{\"@id\":\"https:\\\/\\\/www.anovapeneira.gal\\\/index.php\\\/2021\\\/05\\\/10\\\/o-consello-cidadan-de-podemos-en-pontevedra-amosa-a-sua-negativa-ao-apoio-da-sinatura-do-convenio-colectivo-do-metal-na-provincia\\\/#breadcrumb\"},\"inLanguage\":\"gl-ES\",\"potentialAction\":[{\"@type\":\"ReadAction\",\"target\":[\"https:\\\/\\\/www.anovapeneira.gal\\\/index.php\\\/2021\\\/05\\\/10\\\/o-consello-cidadan-de-podemos-en-pontevedra-amosa-a-sua-negativa-ao-apoio-da-sinatura-do-convenio-colectivo-do-metal-na-provincia\\\/\"]}]},{\"@type\":\"ImageObject\",\"inLanguage\":\"gl-ES\",\"@id\":\"https:\\\/\\\/www.anovapeneira.gal\\\/index.php\\\/2021\\\/05\\\/10\\\/o-consello-cidadan-de-podemos-en-pontevedra-amosa-a-sua-negativa-ao-apoio-da-sinatura-do-convenio-colectivo-do-metal-na-provincia\\\/#primaryimage\",\"url\":\"https:\\\/\\\/www.anovapeneira.gal\\\/wp-content\\\/uploads\\\/2021\\\/05\\\/podemos_pontevedra.jpg\",\"contentUrl\":\"https:\\\/\\\/www.anovapeneira.gal\\\/wp-content\\\/uploads\\\/2021\\\/05\\\/podemos_pontevedra.jpg\",\"width\":720,\"height\":432,\"caption\":\"Podemos pontevedra\"},{\"@type\":\"BreadcrumbList\",\"@id\":\"https:\\\/\\\/www.anovapeneira.gal\\\/index.php\\\/2021\\\/05\\\/10\\\/o-consello-cidadan-de-podemos-en-pontevedra-amosa-a-sua-negativa-ao-apoio-da-sinatura-do-convenio-colectivo-do-metal-na-provincia\\\/#breadcrumb\",\"itemListElement\":[{\"@type\":\"ListItem\",\"position\":1,\"name\":\"Portada\",\"item\":\"https:\\\/\\\/www.anovapeneira.gal\\\/\"},{\"@type\":\"ListItem\",\"position\":2,\"name\":\"O Consello Cidad\u00e1n de Podemos en Pontevedra, amosa a s\u00faa negativa ao apoio da sinatura do convenio colectivo do metal na provincia\"}]},{\"@type\":\"WebSite\",\"@id\":\"https:\\\/\\\/www.anovapeneira.gal\\\/#website\",\"url\":\"https:\\\/\\\/www.anovapeneira.gal\\\/\",\"name\":\"\",\"description\":\"Xornal galego de informaci\u00f3n xeral Publicaci\u00f3n mensual de novas de Galicia e en especial dos Concellos da sur da provincia de Pontevedra.\",\"publisher\":{\"@id\":\"https:\\\/\\\/www.anovapeneira.gal\\\/#organization\"},\"potentialAction\":[{\"@type\":\"SearchAction\",\"target\":{\"@type\":\"EntryPoint\",\"urlTemplate\":\"https:\\\/\\\/www.anovapeneira.gal\\\/?s={search_term_string}\"},\"query-input\":{\"@type\":\"PropertyValueSpecification\",\"valueRequired\":true,\"valueName\":\"search_term_string\"}}],\"inLanguage\":\"gl-ES\"},{\"@type\":\"Organization\",\"@id\":\"https:\\\/\\\/www.anovapeneira.gal\\\/#organization\",\"name\":\"A Nova Peneira\",\"url\":\"https:\\\/\\\/www.anovapeneira.gal\\\/\",\"logo\":{\"@type\":\"ImageObject\",\"inLanguage\":\"gl-ES\",\"@id\":\"https:\\\/\\\/www.anovapeneira.gal\\\/#\\\/schema\\\/logo\\\/image\\\/\",\"url\":\"http:\\\/\\\/www.anovapeneira.gal\\\/wp-content\\\/uploads\\\/2019\\\/06\\\/logo_a_nova_peneira_portal_web.png\",\"contentUrl\":\"http:\\\/\\\/www.anovapeneira.gal\\\/wp-content\\\/uploads\\\/2019\\\/06\\\/logo_a_nova_peneira_portal_web.png\",\"width\":300,\"height\":100,\"caption\":\"A Nova Peneira\"},\"image\":{\"@id\":\"https:\\\/\\\/www.anovapeneira.gal\\\/#\\\/schema\\\/logo\\\/image\\\/\"},\"sameAs\":[\"https:\\\/\\\/www.facebook.com\\\/anovapeneira\",\"https:\\\/\\\/x.com\\\/APeneira\"]},{\"@type\":\"Person\",\"@id\":\"https:\\\/\\\/www.anovapeneira.gal\\\/#\\\/schema\\\/person\\\/b93e3f8932e3f8da96334607eb6ac6aa\",\"name\":\"Redacci\u00f3n A Nova Peneira\",\"image\":{\"@type\":\"ImageObject\",\"inLanguage\":\"gl-ES\",\"@id\":\"https:\\\/\\\/secure.gravatar.com\\\/avatar\\\/c052a2551a06e23fac63626232eaa90abd78dbcf1700fc46a2b2c89fd27b735f?s=96&d=mm&r=g\",\"url\":\"https:\\\/\\\/secure.gravatar.com\\\/avatar\\\/c052a2551a06e23fac63626232eaa90abd78dbcf1700fc46a2b2c89fd27b735f?s=96&d=mm&r=g\",\"contentUrl\":\"https:\\\/\\\/secure.gravatar.com\\\/avatar\\\/c052a2551a06e23fac63626232eaa90abd78dbcf1700fc46a2b2c89fd27b735f?s=96&d=mm&r=g\",\"caption\":\"Redacci\u00f3n A Nova Peneira\"},\"sameAs\":[\"http:\\\/\\\/www.anovapeneira.gal\\\/\"],\"url\":\"https:\\\/\\\/www.anovapeneira.gal\\\/index.php\\\/author\\\/redactor\\\/\"}]}<\/script>\n<!-- \/ Yoast SEO plugin. -->","yoast_head_json":{"title":"O Consello Cidad\u00e1n de Podemos en Pontevedra, amosa a s\u00faa negativa ao apoio da sinatura do convenio colectivo do metal na provincia -","description":"O voceiro provincial, Rom\u00e1n Gonz\u00e1lez, sinala que, \"a sinatura deste convenio, non fai m\u00e1is que darlle continuidade e consolidar a perda de poder adquisitivo levada a cabo sistematicamente ao longo da \u00faltima d\u00e9cada, e precariza a contrataci\u00f3n temporal, e vai en contra das pol\u00edticas que queremos levar a cabo dende o noso partido","robots":{"index":"index","follow":"follow","max-snippet":"max-snippet:-1","max-image-preview":"max-image-preview:large","max-video-preview":"max-video-preview:-1"},"canonical":"https:\/\/www.anovapeneira.gal\/index.php\/2021\/05\/10\/o-consello-cidadan-de-podemos-en-pontevedra-amosa-a-sua-negativa-ao-apoio-da-sinatura-do-convenio-colectivo-do-metal-na-provincia\/","og_locale":"gl_ES","og_type":"article","og_title":"O Consello Cidad\u00e1n de Podemos en Pontevedra, amosa a s\u00faa negativa ao apoio da sinatura do convenio colectivo do metal na provincia -","og_description":"O voceiro provincial, Rom\u00e1n Gonz\u00e1lez, sinala que, \"a sinatura deste convenio, non fai m\u00e1is que darlle continuidade e consolidar a perda de poder adquisitivo levada a cabo sistematicamente ao longo da \u00faltima d\u00e9cada, e precariza a contrataci\u00f3n temporal, e vai en contra das pol\u00edticas que queremos levar a cabo dende o noso partido","og_url":"https:\/\/www.anovapeneira.gal\/index.php\/2021\/05\/10\/o-consello-cidadan-de-podemos-en-pontevedra-amosa-a-sua-negativa-ao-apoio-da-sinatura-do-convenio-colectivo-do-metal-na-provincia\/","article_publisher":"https:\/\/www.facebook.com\/anovapeneira","article_published_time":"2021-05-10T10:00:22+00:00","og_image":[{"width":720,"height":432,"url":"https:\/\/www.anovapeneira.gal\/wp-content\/uploads\/2021\/05\/podemos_pontevedra.jpg","type":"image\/jpeg"}],"author":"Redacci\u00f3n A Nova Peneira","twitter_card":"summary_large_image","twitter_creator":"@APeneira","twitter_site":"@APeneira","twitter_misc":{"Escrito por":"Redacci\u00f3n A Nova Peneira","Tempo de lectura":"2 minutos"},"schema":{"@context":"https:\/\/schema.org","@graph":[{"@type":"Article","@id":"https:\/\/www.anovapeneira.gal\/index.php\/2021\/05\/10\/o-consello-cidadan-de-podemos-en-pontevedra-amosa-a-sua-negativa-ao-apoio-da-sinatura-do-convenio-colectivo-do-metal-na-provincia\/#article","isPartOf":{"@id":"https:\/\/www.anovapeneira.gal\/index.php\/2021\/05\/10\/o-consello-cidadan-de-podemos-en-pontevedra-amosa-a-sua-negativa-ao-apoio-da-sinatura-do-convenio-colectivo-do-metal-na-provincia\/"},"author":{"name":"Redacci\u00f3n A Nova Peneira","@id":"https:\/\/www.anovapeneira.gal\/#\/schema\/person\/b93e3f8932e3f8da96334607eb6ac6aa"},"headline":"O Consello Cidad\u00e1n de Podemos en Pontevedra, amosa a s\u00faa negativa ao apoio da sinatura do convenio colectivo do metal na provincia","datePublished":"2021-05-10T10:00:22+00:00","mainEntityOfPage":{"@id":"https:\/\/www.anovapeneira.gal\/index.php\/2021\/05\/10\/o-consello-cidadan-de-podemos-en-pontevedra-amosa-a-sua-negativa-ao-apoio-da-sinatura-do-convenio-colectivo-do-metal-na-provincia\/"},"wordCount":327,"commentCount":0,"publisher":{"@id":"https:\/\/www.anovapeneira.gal\/#organization"},"image":{"@id":"https:\/\/www.anovapeneira.gal\/index.php\/2021\/05\/10\/o-consello-cidadan-de-podemos-en-pontevedra-amosa-a-sua-negativa-ao-apoio-da-sinatura-do-convenio-colectivo-do-metal-na-provincia\/#primaryimage"},"thumbnailUrl":"https:\/\/www.anovapeneira.gal\/wp-content\/uploads\/2021\/05\/podemos_pontevedra.jpg","articleSection":["Pontevedra","Sin categor\u00eda"],"inLanguage":"gl-ES","potentialAction":[{"@type":"CommentAction","name":"Comment","target":["https:\/\/www.anovapeneira.gal\/index.php\/2021\/05\/10\/o-consello-cidadan-de-podemos-en-pontevedra-amosa-a-sua-negativa-ao-apoio-da-sinatura-do-convenio-colectivo-do-metal-na-provincia\/#respond"]}]},{"@type":"WebPage","@id":"https:\/\/www.anovapeneira.gal\/index.php\/2021\/05\/10\/o-consello-cidadan-de-podemos-en-pontevedra-amosa-a-sua-negativa-ao-apoio-da-sinatura-do-convenio-colectivo-do-metal-na-provincia\/","url":"https:\/\/www.anovapeneira.gal\/index.php\/2021\/05\/10\/o-consello-cidadan-de-podemos-en-pontevedra-amosa-a-sua-negativa-ao-apoio-da-sinatura-do-convenio-colectivo-do-metal-na-provincia\/","name":"O Consello Cidad\u00e1n de Podemos en Pontevedra, amosa a s\u00faa negativa ao apoio da sinatura do convenio colectivo do metal na provincia -","isPartOf":{"@id":"https:\/\/www.anovapeneira.gal\/#website"},"primaryImageOfPage":{"@id":"https:\/\/www.anovapeneira.gal\/index.php\/2021\/05\/10\/o-consello-cidadan-de-podemos-en-pontevedra-amosa-a-sua-negativa-ao-apoio-da-sinatura-do-convenio-colectivo-do-metal-na-provincia\/#primaryimage"},"image":{"@id":"https:\/\/www.anovapeneira.gal\/index.php\/2021\/05\/10\/o-consello-cidadan-de-podemos-en-pontevedra-amosa-a-sua-negativa-ao-apoio-da-sinatura-do-convenio-colectivo-do-metal-na-provincia\/#primaryimage"},"thumbnailUrl":"https:\/\/www.anovapeneira.gal\/wp-content\/uploads\/2021\/05\/podemos_pontevedra.jpg","datePublished":"2021-05-10T10:00:22+00:00","description":"O voceiro provincial, Rom\u00e1n Gonz\u00e1lez, sinala que, \"a sinatura deste convenio, non fai m\u00e1is que darlle continuidade e consolidar a perda de poder adquisitivo levada a cabo sistematicamente ao longo da \u00faltima d\u00e9cada, e precariza a contrataci\u00f3n temporal, e vai en contra das pol\u00edticas que queremos levar a cabo dende o noso partido","breadcrumb":{"@id":"https:\/\/www.anovapeneira.gal\/index.php\/2021\/05\/10\/o-consello-cidadan-de-podemos-en-pontevedra-amosa-a-sua-negativa-ao-apoio-da-sinatura-do-convenio-colectivo-do-metal-na-provincia\/#breadcrumb"},"inLanguage":"gl-ES","potentialAction":[{"@type":"ReadAction","target":["https:\/\/www.anovapeneira.gal\/index.php\/2021\/05\/10\/o-consello-cidadan-de-podemos-en-pontevedra-amosa-a-sua-negativa-ao-apoio-da-sinatura-do-convenio-colectivo-do-metal-na-provincia\/"]}]},{"@type":"ImageObject","inLanguage":"gl-ES","@id":"https:\/\/www.anovapeneira.gal\/index.php\/2021\/05\/10\/o-consello-cidadan-de-podemos-en-pontevedra-amosa-a-sua-negativa-ao-apoio-da-sinatura-do-convenio-colectivo-do-metal-na-provincia\/#primaryimage","url":"https:\/\/www.anovapeneira.gal\/wp-content\/uploads\/2021\/05\/podemos_pontevedra.jpg","contentUrl":"https:\/\/www.anovapeneira.gal\/wp-content\/uploads\/2021\/05\/podemos_pontevedra.jpg","width":720,"height":432,"caption":"Podemos pontevedra"},{"@type":"BreadcrumbList","@id":"https:\/\/www.anovapeneira.gal\/index.php\/2021\/05\/10\/o-consello-cidadan-de-podemos-en-pontevedra-amosa-a-sua-negativa-ao-apoio-da-sinatura-do-convenio-colectivo-do-metal-na-provincia\/#breadcrumb","itemListElement":[{"@type":"ListItem","position":1,"name":"Portada","item":"https:\/\/www.anovapeneira.gal\/"},{"@type":"ListItem","position":2,"name":"O Consello Cidad\u00e1n de Podemos en Pontevedra, amosa a s\u00faa negativa ao apoio da sinatura do convenio colectivo do metal na provincia"}]},{"@type":"WebSite","@id":"https:\/\/www.anovapeneira.gal\/#website","url":"https:\/\/www.anovapeneira.gal\/","name":"","description":"Xornal galego de informaci\u00f3n xeral Publicaci\u00f3n mensual de novas de Galicia e en especial dos Concellos da sur da provincia de Pontevedra.","publisher":{"@id":"https:\/\/www.anovapeneira.gal\/#organization"},"potentialAction":[{"@type":"SearchAction","target":{"@type":"EntryPoint","urlTemplate":"https:\/\/www.anovapeneira.gal\/?s={search_term_string}"},"query-input":{"@type":"PropertyValueSpecification","valueRequired":true,"valueName":"search_term_string"}}],"inLanguage":"gl-ES"},{"@type":"Organization","@id":"https:\/\/www.anovapeneira.gal\/#organization","name":"A Nova Peneira","url":"https:\/\/www.anovapeneira.gal\/","logo":{"@type":"ImageObject","inLanguage":"gl-ES","@id":"https:\/\/www.anovapeneira.gal\/#\/schema\/logo\/image\/","url":"http:\/\/www.anovapeneira.gal\/wp-content\/uploads\/2019\/06\/logo_a_nova_peneira_portal_web.png","contentUrl":"http:\/\/www.anovapeneira.gal\/wp-content\/uploads\/2019\/06\/logo_a_nova_peneira_portal_web.png","width":300,"height":100,"caption":"A Nova Peneira"},"image":{"@id":"https:\/\/www.anovapeneira.gal\/#\/schema\/logo\/image\/"},"sameAs":["https:\/\/www.facebook.com\/anovapeneira","https:\/\/x.com\/APeneira"]},{"@type":"Person","@id":"https:\/\/www.anovapeneira.gal\/#\/schema\/person\/b93e3f8932e3f8da96334607eb6ac6aa","name":"Redacci\u00f3n A Nova Peneira","image":{"@type":"ImageObject","inLanguage":"gl-ES","@id":"https:\/\/secure.gravatar.com\/avatar\/c052a2551a06e23fac63626232eaa90abd78dbcf1700fc46a2b2c89fd27b735f?s=96&d=mm&r=g","url":"https:\/\/secure.gravatar.com\/avatar\/c052a2551a06e23fac63626232eaa90abd78dbcf1700fc46a2b2c89fd27b735f?s=96&d=mm&r=g","contentUrl":"https:\/\/secure.gravatar.com\/avatar\/c052a2551a06e23fac63626232eaa90abd78dbcf1700fc46a2b2c89fd27b735f?s=96&d=mm&r=g","caption":"Redacci\u00f3n A Nova Peneira"},"sameAs":["http:\/\/www.anovapeneira.gal\/"],"url":"https:\/\/www.anovapeneira.gal\/index.php\/author\/redactor\/"}]}},"jetpack_featured_media_url":"https:\/\/www.anovapeneira.gal\/wp-content\/uploads\/2021\/05\/podemos_pontevedra.jpg","_links":{"self":[{"href":"https:\/\/www.anovapeneira.gal\/index.php\/wp-json\/wp\/v2\/posts\/5346","targetHints":{"allow":["GET"]}}],"collection":[{"href":"https:\/\/www.anovapeneira.gal\/index.php\/wp-json\/wp\/v2\/posts"}],"about":[{"href":"https:\/\/www.anovapeneira.gal\/index.php\/wp-json\/wp\/v2\/types\/post"}],"author":[{"embeddable":true,"href":"https:\/\/www.anovapeneira.gal\/index.php\/wp-json\/wp\/v2\/users\/3"}],"replies":[{"embeddable":true,"href":"https:\/\/www.anovapeneira.gal\/index.php\/wp-json\/wp\/v2\/comments?post=5346"}],"version-history":[{"count":1,"href":"https:\/\/www.anovapeneira.gal\/index.php\/wp-json\/wp\/v2\/posts\/5346\/revisions"}],"predecessor-version":[{"id":5348,"href":"https:\/\/www.anovapeneira.gal\/index.php\/wp-json\/wp\/v2\/posts\/5346\/revisions\/5348"}],"wp:featuredmedia":[{"embeddable":true,"href":"https:\/\/www.anovapeneira.gal\/index.php\/wp-json\/wp\/v2\/media\/5347"}],"wp:attachment":[{"href":"https:\/\/www.anovapeneira.gal\/index.php\/wp-json\/wp\/v2\/media?parent=5346"}],"wp:term":[{"taxonomy":"category","embeddable":true,"href":"https:\/\/www.anovapeneira.gal\/index.php\/wp-json\/wp\/v2\/categories?post=5346"},{"taxonomy":"post_tag","embeddable":true,"href":"https:\/\/www.anovapeneira.gal\/index.php\/wp-json\/wp\/v2\/tags?post=5346"}],"curies":[{"name":"wp","href":"https:\/\/api.w.org\/{rel}","templated":true}]}}