{"id":5349,"date":"2021-05-11T10:00:55","date_gmt":"2021-05-11T08:00:55","guid":{"rendered":"http:\/\/www.anovapeneira.gal\/?p=5349"},"modified":"2021-05-10T20:59:58","modified_gmt":"2021-05-10T18:59:58","slug":"benvido-mr-marshall-a-marin","status":"publish","type":"post","link":"https:\/\/www.anovapeneira.gal\/index.php\/2021\/05\/11\/benvido-mr-marshall-a-marin\/","title":{"rendered":"Benvido Mr. Marshall, a Mar\u00edn"},"content":{"rendered":"\n<figure class=\"wp-block-image size-large is-resized\"><img loading=\"lazy\" decoding=\"async\" src=\"http:\/\/www.anovapeneira.gal\/wp-content\/uploads\/2019\/07\/pedro_cortegoso_opinion_a_nova_peneira_bn.jpg\" alt=\"Pedro M. Cortegoso Gago Artigo Opini\u00f3n A Nova Peneira\" class=\"wp-image-464\" width=\"95\" height=\"111\"\/><figcaption>Pedro M. Cortegoso Gago Traballador do Centro de Sa\u00fade de Moa\u00f1a<\/figcaption><\/figure>\n\n\n\n<p><strong>Mar\u00edn, 3 de Maio de 2021<\/strong><\/p>\n\n\n\n<p>Entrar en Mar\u00edn as portas do 1 de Maio \u00e9 como viaxar no tempo, da a impresi\u00f3n de estarmos na rodaxe de Benvido Mr. Marshall. De Estribela en diante imos acompa\u00f1ados por centos de bandeiras, o dobre de espa\u00f1olas que galegas, nunha demostraci\u00f3n de nostalxia por unha \u00e9poca de nodo en branco e negro e visitas oficiais do \u201cgeneral\u00edsimo\u201d. S\u00f3 falta a alcaldesa e o seu grupo de goberno no balc\u00f3n do Concello cunha enorme pancarta para recibir \u00e1 delegaci\u00f3n americana ou alg\u00fan xerifalte do r\u00e9xime.<\/p>\n\n\n\n<p>Non hai mellor forma para celebrar as festas do Cantodarea? \u00c9 necesaria esta demostraci\u00f3n de patriotismo mal entendido enchendo as r\u00faas e balc\u00f3ns con cinco mil bandeiras e cuns poucos foguetes como \u00fanico programa festivo para este ano.<\/p>\n\n\n\n<p>Unha forma moi estra\u00f1a de chamar a atenci\u00f3n e darlle vida ao Cantodarea, aos seus bares e restaurantes, promovendo a \u201cturismo de bandeira\u201d. Calquera persoa que n\u00f3s visite estes d\u00edas pasar\u00e1 correndo abraiada por esta demostraci\u00f3n de fervor patri\u00f3tico.<\/p>\n\n\n\n<p>Parece ser que para organizar estes grandes eventos festivos a concelleira de festas do Concello de Mar\u00edn xuntouse con representantes da comisi\u00f3n de festas e da asociaci\u00f3n de veci\u00f1os da zona, todos da mesma corda e cor, e decidiron sorprendernos a todos e todas con esta demostraci\u00f3n patri\u00f3tica. Moi na li\u00f1a do que ven sendo a exaltaci\u00f3n nacional-cat\u00f3lica da que tanto gostan no PP de Mar\u00edn.<\/p>\n\n\n\n<p>Desde fai uns anos asistimos sorprendidos a imaxinativos desfiles militares polas r\u00faas de Mar\u00edn e coa participaci\u00f3n, con todo o equipamento de \u201cmantillas\u201d e outros adornos, das m\u00e1ximas autoridades civ\u00eds e militares nas procesi\u00f3ns relixiosas.<\/p>\n\n\n\n<p>Din que que non hai outro xeito de celebrar estas festas. Por\u00e9n, se temos un pouco de curiosidade e consultamos as actividades l\u00fadicas, festivas e culturais de outros concellos veremos como si que hai outros xeitos de facer unhas festas, como si se poden celebrar actos culturais e musicais, como se poden organizar actividades para a rapazada. Pode ser que nestes concellos te\u00f1an unha capacidade creativa e con seguranza que non hai nas persoas que dirixen o noso concello.<\/p>\n\n\n\n<p>A pandemia veulle ben ao goberno municipal, e \u00e1 Concelleira de Cultura, para cargarse a pouca actividade cultural organizada polo concello en Mar\u00edn. Xa non te\u00f1en necesidade de andar a copiar as iniciativas das asociaci\u00f3ns culturais.<\/p>\n\n\n\n<p>\u00c9 lament\u00e1bel o tratamento que se lle da \u00e1 banda de m\u00fasica de Mar\u00edn que non ten ning\u00fan local municipal onde ensaiar e ten que andar de prestado na Casa da Cultura de Santom\u00e9. O mesmo acontece coas agrupaci\u00f3ns de m\u00fasica tradicional que levan m\u00e1is dun ano sen poder empregar as instalaci\u00f3ns municipais.<\/p>\n\n\n\n<p>En definitiva de que serviu gastar tantos cartos en bandeiras? De que actividades desfrutaron os veci\u00f1os e veci\u00f1as da zonas? De que lle valeu \u00e1 hostalar\u00eda?<\/p>\n\n\n\n<p><\/p>\n","protected":false},"excerpt":{"rendered":"<div class=\"mh-excerpt\"><p>Entrar en Mar\u00edn as portas do 1 de Maio \u00e9 como viaxar no tempo, da a impresi\u00f3n de estarmos na rodaxe de Benvido Mr. Marshall. De Estribela en diante imos acompa\u00f1ados por centos de bandeiras, o dobre de espa\u00f1olas que galegas, nunha demostraci\u00f3n de nostalxia por unha \u00e9poca de nodo en branco e negro e visitas oficiais do \u201cgeneral\u00edsimo\u201d. <a class=\"mh-excerpt-more\" href=\"https:\/\/www.anovapeneira.gal\/index.php\/2021\/05\/11\/benvido-mr-marshall-a-marin\/\" title=\"Benvido Mr. Marshall, a Mar\u00edn\">[&#8230;]<\/a><\/p>\n<\/div>","protected":false},"author":4,"featured_media":584,"comment_status":"open","ping_status":"open","sticky":false,"template":"","format":"standard","meta":{"_exactmetrics_skip_tracking":false,"_exactmetrics_sitenote_active":false,"_exactmetrics_sitenote_note":"","_exactmetrics_sitenote_category":0,"footnotes":""},"categories":[7],"tags":[144],"class_list":{"0":"post-5349","1":"post","2":"type-post","3":"status-publish","4":"format-standard","5":"has-post-thumbnail","7":"category-artigos-de-opinion","8":"tag-concello-de-marin"},"yoast_head":"<!-- This site is optimized with the Yoast SEO plugin v27.4 - https:\/\/yoast.com\/product\/yoast-seo-wordpress\/ -->\n<title>Benvido Mr. Marshall, a Mar\u00edn -<\/title>\n<meta name=\"description\" content=\"Entrar en Mar\u00edn as portas do 1 de Maio \u00e9 como viaxar no tempo, da a impresi\u00f3n de estarmos na rodaxe de Benvido Mr. Marshall. De Estribela en diante imos acompa\u00f1ados por centos de bandeiras, o dobre de espa\u00f1olas que galegas, nunha demostraci\u00f3n de nostalxia por unha \u00e9poca de nodo en branco e negro e visitas oficiais do \u201cgeneral\u00edsimo\u201d.\" \/>\n<meta name=\"robots\" content=\"index, follow, max-snippet:-1, max-image-preview:large, max-video-preview:-1\" \/>\n<link rel=\"canonical\" href=\"https:\/\/www.anovapeneira.gal\/index.php\/2021\/05\/11\/benvido-mr-marshall-a-marin\/\" \/>\n<meta property=\"og:locale\" content=\"gl_ES\" \/>\n<meta property=\"og:type\" content=\"article\" \/>\n<meta property=\"og:title\" content=\"Benvido Mr. Marshall, a Mar\u00edn -\" \/>\n<meta property=\"og:description\" content=\"Entrar en Mar\u00edn as portas do 1 de Maio \u00e9 como viaxar no tempo, da a impresi\u00f3n de estarmos na rodaxe de Benvido Mr. Marshall. De Estribela en diante imos acompa\u00f1ados por centos de bandeiras, o dobre de espa\u00f1olas que galegas, nunha demostraci\u00f3n de nostalxia por unha \u00e9poca de nodo en branco e negro e visitas oficiais do \u201cgeneral\u00edsimo\u201d.\" \/>\n<meta property=\"og:url\" content=\"https:\/\/www.anovapeneira.gal\/index.php\/2021\/05\/11\/benvido-mr-marshall-a-marin\/\" \/>\n<meta property=\"article:publisher\" content=\"https:\/\/www.facebook.com\/anovapeneira\" \/>\n<meta property=\"article:published_time\" content=\"2021-05-11T08:00:55+00:00\" \/>\n<meta property=\"og:image\" content=\"https:\/\/www.anovapeneira.gal\/wp-content\/uploads\/2019\/07\/ARTIGO_DE_OPINION_A_NOVA_PENEIRA.jpg\" \/>\n\t<meta property=\"og:image:width\" content=\"720\" \/>\n\t<meta property=\"og:image:height\" content=\"473\" \/>\n\t<meta property=\"og:image:type\" content=\"image\/jpeg\" \/>\n<meta name=\"author\" content=\"Pedro M. Cortegoso Gago\" \/>\n<meta name=\"twitter:card\" content=\"summary_large_image\" \/>\n<meta name=\"twitter:image\" content=\"https:\/\/www.anovapeneira.gal\/wp-content\/uploads\/2019\/07\/ARTIGO_DE_OPINION_A_NOVA_PENEIRA.jpg\" \/>\n<meta name=\"twitter:creator\" content=\"@APeneira\" \/>\n<meta name=\"twitter:site\" content=\"@APeneira\" \/>\n<meta name=\"twitter:label1\" content=\"Escrito por\" \/>\n\t<meta name=\"twitter:data1\" content=\"Pedro M. Cortegoso Gago\" \/>\n\t<meta name=\"twitter:label2\" content=\"Tempo de lectura\" \/>\n\t<meta name=\"twitter:data2\" content=\"3 minutos\" \/>\n<script type=\"application\/ld+json\" class=\"yoast-schema-graph\">{\"@context\":\"https:\\\/\\\/schema.org\",\"@graph\":[{\"@type\":\"Article\",\"@id\":\"https:\\\/\\\/www.anovapeneira.gal\\\/index.php\\\/2021\\\/05\\\/11\\\/benvido-mr-marshall-a-marin\\\/#article\",\"isPartOf\":{\"@id\":\"https:\\\/\\\/www.anovapeneira.gal\\\/index.php\\\/2021\\\/05\\\/11\\\/benvido-mr-marshall-a-marin\\\/\"},\"author\":{\"name\":\"Pedro M. Cortegoso Gago\",\"@id\":\"https:\\\/\\\/www.anovapeneira.gal\\\/#\\\/schema\\\/person\\\/c04a9c9f722c9446e71ae434c0353337\"},\"headline\":\"Benvido Mr. Marshall, a Mar\u00edn\",\"datePublished\":\"2021-05-11T08:00:55+00:00\",\"mainEntityOfPage\":{\"@id\":\"https:\\\/\\\/www.anovapeneira.gal\\\/index.php\\\/2021\\\/05\\\/11\\\/benvido-mr-marshall-a-marin\\\/\"},\"wordCount\":513,\"commentCount\":0,\"publisher\":{\"@id\":\"https:\\\/\\\/www.anovapeneira.gal\\\/#organization\"},\"image\":{\"@id\":\"https:\\\/\\\/www.anovapeneira.gal\\\/index.php\\\/2021\\\/05\\\/11\\\/benvido-mr-marshall-a-marin\\\/#primaryimage\"},\"thumbnailUrl\":\"https:\\\/\\\/www.anovapeneira.gal\\\/wp-content\\\/uploads\\\/2019\\\/07\\\/ARTIGO_DE_OPINION_A_NOVA_PENEIRA.jpg\",\"keywords\":[\"Concello de Mar\u00edn\"],\"articleSection\":[\"Artigos de opini\u00f3n\"],\"inLanguage\":\"gl-ES\",\"potentialAction\":[{\"@type\":\"CommentAction\",\"name\":\"Comment\",\"target\":[\"https:\\\/\\\/www.anovapeneira.gal\\\/index.php\\\/2021\\\/05\\\/11\\\/benvido-mr-marshall-a-marin\\\/#respond\"]}]},{\"@type\":\"WebPage\",\"@id\":\"https:\\\/\\\/www.anovapeneira.gal\\\/index.php\\\/2021\\\/05\\\/11\\\/benvido-mr-marshall-a-marin\\\/\",\"url\":\"https:\\\/\\\/www.anovapeneira.gal\\\/index.php\\\/2021\\\/05\\\/11\\\/benvido-mr-marshall-a-marin\\\/\",\"name\":\"Benvido Mr. Marshall, a Mar\u00edn -\",\"isPartOf\":{\"@id\":\"https:\\\/\\\/www.anovapeneira.gal\\\/#website\"},\"primaryImageOfPage\":{\"@id\":\"https:\\\/\\\/www.anovapeneira.gal\\\/index.php\\\/2021\\\/05\\\/11\\\/benvido-mr-marshall-a-marin\\\/#primaryimage\"},\"image\":{\"@id\":\"https:\\\/\\\/www.anovapeneira.gal\\\/index.php\\\/2021\\\/05\\\/11\\\/benvido-mr-marshall-a-marin\\\/#primaryimage\"},\"thumbnailUrl\":\"https:\\\/\\\/www.anovapeneira.gal\\\/wp-content\\\/uploads\\\/2019\\\/07\\\/ARTIGO_DE_OPINION_A_NOVA_PENEIRA.jpg\",\"datePublished\":\"2021-05-11T08:00:55+00:00\",\"description\":\"Entrar en Mar\u00edn as portas do 1 de Maio \u00e9 como viaxar no tempo, da a impresi\u00f3n de estarmos na rodaxe de Benvido Mr. Marshall. De Estribela en diante imos acompa\u00f1ados por centos de bandeiras, o dobre de espa\u00f1olas que galegas, nunha demostraci\u00f3n de nostalxia por unha \u00e9poca de nodo en branco e negro e visitas oficiais do \u201cgeneral\u00edsimo\u201d.\",\"breadcrumb\":{\"@id\":\"https:\\\/\\\/www.anovapeneira.gal\\\/index.php\\\/2021\\\/05\\\/11\\\/benvido-mr-marshall-a-marin\\\/#breadcrumb\"},\"inLanguage\":\"gl-ES\",\"potentialAction\":[{\"@type\":\"ReadAction\",\"target\":[\"https:\\\/\\\/www.anovapeneira.gal\\\/index.php\\\/2021\\\/05\\\/11\\\/benvido-mr-marshall-a-marin\\\/\"]}]},{\"@type\":\"ImageObject\",\"inLanguage\":\"gl-ES\",\"@id\":\"https:\\\/\\\/www.anovapeneira.gal\\\/index.php\\\/2021\\\/05\\\/11\\\/benvido-mr-marshall-a-marin\\\/#primaryimage\",\"url\":\"https:\\\/\\\/www.anovapeneira.gal\\\/wp-content\\\/uploads\\\/2019\\\/07\\\/ARTIGO_DE_OPINION_A_NOVA_PENEIRA.jpg\",\"contentUrl\":\"https:\\\/\\\/www.anovapeneira.gal\\\/wp-content\\\/uploads\\\/2019\\\/07\\\/ARTIGO_DE_OPINION_A_NOVA_PENEIRA.jpg\",\"width\":720,\"height\":473,\"caption\":\"Artigo de opini\u00f3n A Nova Peneira\"},{\"@type\":\"BreadcrumbList\",\"@id\":\"https:\\\/\\\/www.anovapeneira.gal\\\/index.php\\\/2021\\\/05\\\/11\\\/benvido-mr-marshall-a-marin\\\/#breadcrumb\",\"itemListElement\":[{\"@type\":\"ListItem\",\"position\":1,\"name\":\"Portada\",\"item\":\"https:\\\/\\\/www.anovapeneira.gal\\\/\"},{\"@type\":\"ListItem\",\"position\":2,\"name\":\"Benvido Mr. Marshall, a Mar\u00edn\"}]},{\"@type\":\"WebSite\",\"@id\":\"https:\\\/\\\/www.anovapeneira.gal\\\/#website\",\"url\":\"https:\\\/\\\/www.anovapeneira.gal\\\/\",\"name\":\"\",\"description\":\"Xornal galego de informaci\u00f3n xeral Publicaci\u00f3n mensual de novas de Galicia e en especial dos Concellos da sur da provincia de Pontevedra.\",\"publisher\":{\"@id\":\"https:\\\/\\\/www.anovapeneira.gal\\\/#organization\"},\"potentialAction\":[{\"@type\":\"SearchAction\",\"target\":{\"@type\":\"EntryPoint\",\"urlTemplate\":\"https:\\\/\\\/www.anovapeneira.gal\\\/?s={search_term_string}\"},\"query-input\":{\"@type\":\"PropertyValueSpecification\",\"valueRequired\":true,\"valueName\":\"search_term_string\"}}],\"inLanguage\":\"gl-ES\"},{\"@type\":\"Organization\",\"@id\":\"https:\\\/\\\/www.anovapeneira.gal\\\/#organization\",\"name\":\"A Nova Peneira\",\"url\":\"https:\\\/\\\/www.anovapeneira.gal\\\/\",\"logo\":{\"@type\":\"ImageObject\",\"inLanguage\":\"gl-ES\",\"@id\":\"https:\\\/\\\/www.anovapeneira.gal\\\/#\\\/schema\\\/logo\\\/image\\\/\",\"url\":\"http:\\\/\\\/www.anovapeneira.gal\\\/wp-content\\\/uploads\\\/2019\\\/06\\\/logo_a_nova_peneira_portal_web.png\",\"contentUrl\":\"http:\\\/\\\/www.anovapeneira.gal\\\/wp-content\\\/uploads\\\/2019\\\/06\\\/logo_a_nova_peneira_portal_web.png\",\"width\":300,\"height\":100,\"caption\":\"A Nova Peneira\"},\"image\":{\"@id\":\"https:\\\/\\\/www.anovapeneira.gal\\\/#\\\/schema\\\/logo\\\/image\\\/\"},\"sameAs\":[\"https:\\\/\\\/www.facebook.com\\\/anovapeneira\",\"https:\\\/\\\/x.com\\\/APeneira\"]},{\"@type\":\"Person\",\"@id\":\"https:\\\/\\\/www.anovapeneira.gal\\\/#\\\/schema\\\/person\\\/c04a9c9f722c9446e71ae434c0353337\",\"name\":\"Pedro M. Cortegoso Gago\",\"image\":{\"@type\":\"ImageObject\",\"inLanguage\":\"gl-ES\",\"@id\":\"https:\\\/\\\/secure.gravatar.com\\\/avatar\\\/1613b27278a972c04db5c2f04fb2cbfa9edb58d6c3e2547817ecb8240eb58381?s=96&d=mm&r=g\",\"url\":\"https:\\\/\\\/secure.gravatar.com\\\/avatar\\\/1613b27278a972c04db5c2f04fb2cbfa9edb58d6c3e2547817ecb8240eb58381?s=96&d=mm&r=g\",\"contentUrl\":\"https:\\\/\\\/secure.gravatar.com\\\/avatar\\\/1613b27278a972c04db5c2f04fb2cbfa9edb58d6c3e2547817ecb8240eb58381?s=96&d=mm&r=g\",\"caption\":\"Pedro M. Cortegoso Gago\"},\"sameAs\":[\"http:\\\/\\\/anovapeneira.gal\"],\"url\":\"https:\\\/\\\/www.anovapeneira.gal\\\/index.php\\\/author\\\/opinionpcortegoso\\\/\"}]}<\/script>\n<!-- \/ Yoast SEO plugin. -->","yoast_head_json":{"title":"Benvido Mr. Marshall, a Mar\u00edn -","description":"Entrar en Mar\u00edn as portas do 1 de Maio \u00e9 como viaxar no tempo, da a impresi\u00f3n de estarmos na rodaxe de Benvido Mr. Marshall. De Estribela en diante imos acompa\u00f1ados por centos de bandeiras, o dobre de espa\u00f1olas que galegas, nunha demostraci\u00f3n de nostalxia por unha \u00e9poca de nodo en branco e negro e visitas oficiais do \u201cgeneral\u00edsimo\u201d.","robots":{"index":"index","follow":"follow","max-snippet":"max-snippet:-1","max-image-preview":"max-image-preview:large","max-video-preview":"max-video-preview:-1"},"canonical":"https:\/\/www.anovapeneira.gal\/index.php\/2021\/05\/11\/benvido-mr-marshall-a-marin\/","og_locale":"gl_ES","og_type":"article","og_title":"Benvido Mr. Marshall, a Mar\u00edn -","og_description":"Entrar en Mar\u00edn as portas do 1 de Maio \u00e9 como viaxar no tempo, da a impresi\u00f3n de estarmos na rodaxe de Benvido Mr. Marshall. De Estribela en diante imos acompa\u00f1ados por centos de bandeiras, o dobre de espa\u00f1olas que galegas, nunha demostraci\u00f3n de nostalxia por unha \u00e9poca de nodo en branco e negro e visitas oficiais do \u201cgeneral\u00edsimo\u201d.","og_url":"https:\/\/www.anovapeneira.gal\/index.php\/2021\/05\/11\/benvido-mr-marshall-a-marin\/","article_publisher":"https:\/\/www.facebook.com\/anovapeneira","article_published_time":"2021-05-11T08:00:55+00:00","og_image":[{"width":720,"height":473,"url":"https:\/\/www.anovapeneira.gal\/wp-content\/uploads\/2019\/07\/ARTIGO_DE_OPINION_A_NOVA_PENEIRA.jpg","type":"image\/jpeg"}],"author":"Pedro M. Cortegoso Gago","twitter_card":"summary_large_image","twitter_image":"https:\/\/www.anovapeneira.gal\/wp-content\/uploads\/2019\/07\/ARTIGO_DE_OPINION_A_NOVA_PENEIRA.jpg","twitter_creator":"@APeneira","twitter_site":"@APeneira","twitter_misc":{"Escrito por":"Pedro M. Cortegoso Gago","Tempo de lectura":"3 minutos"},"schema":{"@context":"https:\/\/schema.org","@graph":[{"@type":"Article","@id":"https:\/\/www.anovapeneira.gal\/index.php\/2021\/05\/11\/benvido-mr-marshall-a-marin\/#article","isPartOf":{"@id":"https:\/\/www.anovapeneira.gal\/index.php\/2021\/05\/11\/benvido-mr-marshall-a-marin\/"},"author":{"name":"Pedro M. Cortegoso Gago","@id":"https:\/\/www.anovapeneira.gal\/#\/schema\/person\/c04a9c9f722c9446e71ae434c0353337"},"headline":"Benvido Mr. Marshall, a Mar\u00edn","datePublished":"2021-05-11T08:00:55+00:00","mainEntityOfPage":{"@id":"https:\/\/www.anovapeneira.gal\/index.php\/2021\/05\/11\/benvido-mr-marshall-a-marin\/"},"wordCount":513,"commentCount":0,"publisher":{"@id":"https:\/\/www.anovapeneira.gal\/#organization"},"image":{"@id":"https:\/\/www.anovapeneira.gal\/index.php\/2021\/05\/11\/benvido-mr-marshall-a-marin\/#primaryimage"},"thumbnailUrl":"https:\/\/www.anovapeneira.gal\/wp-content\/uploads\/2019\/07\/ARTIGO_DE_OPINION_A_NOVA_PENEIRA.jpg","keywords":["Concello de Mar\u00edn"],"articleSection":["Artigos de opini\u00f3n"],"inLanguage":"gl-ES","potentialAction":[{"@type":"CommentAction","name":"Comment","target":["https:\/\/www.anovapeneira.gal\/index.php\/2021\/05\/11\/benvido-mr-marshall-a-marin\/#respond"]}]},{"@type":"WebPage","@id":"https:\/\/www.anovapeneira.gal\/index.php\/2021\/05\/11\/benvido-mr-marshall-a-marin\/","url":"https:\/\/www.anovapeneira.gal\/index.php\/2021\/05\/11\/benvido-mr-marshall-a-marin\/","name":"Benvido Mr. Marshall, a Mar\u00edn -","isPartOf":{"@id":"https:\/\/www.anovapeneira.gal\/#website"},"primaryImageOfPage":{"@id":"https:\/\/www.anovapeneira.gal\/index.php\/2021\/05\/11\/benvido-mr-marshall-a-marin\/#primaryimage"},"image":{"@id":"https:\/\/www.anovapeneira.gal\/index.php\/2021\/05\/11\/benvido-mr-marshall-a-marin\/#primaryimage"},"thumbnailUrl":"https:\/\/www.anovapeneira.gal\/wp-content\/uploads\/2019\/07\/ARTIGO_DE_OPINION_A_NOVA_PENEIRA.jpg","datePublished":"2021-05-11T08:00:55+00:00","description":"Entrar en Mar\u00edn as portas do 1 de Maio \u00e9 como viaxar no tempo, da a impresi\u00f3n de estarmos na rodaxe de Benvido Mr. Marshall. De Estribela en diante imos acompa\u00f1ados por centos de bandeiras, o dobre de espa\u00f1olas que galegas, nunha demostraci\u00f3n de nostalxia por unha \u00e9poca de nodo en branco e negro e visitas oficiais do \u201cgeneral\u00edsimo\u201d.","breadcrumb":{"@id":"https:\/\/www.anovapeneira.gal\/index.php\/2021\/05\/11\/benvido-mr-marshall-a-marin\/#breadcrumb"},"inLanguage":"gl-ES","potentialAction":[{"@type":"ReadAction","target":["https:\/\/www.anovapeneira.gal\/index.php\/2021\/05\/11\/benvido-mr-marshall-a-marin\/"]}]},{"@type":"ImageObject","inLanguage":"gl-ES","@id":"https:\/\/www.anovapeneira.gal\/index.php\/2021\/05\/11\/benvido-mr-marshall-a-marin\/#primaryimage","url":"https:\/\/www.anovapeneira.gal\/wp-content\/uploads\/2019\/07\/ARTIGO_DE_OPINION_A_NOVA_PENEIRA.jpg","contentUrl":"https:\/\/www.anovapeneira.gal\/wp-content\/uploads\/2019\/07\/ARTIGO_DE_OPINION_A_NOVA_PENEIRA.jpg","width":720,"height":473,"caption":"Artigo de opini\u00f3n A Nova Peneira"},{"@type":"BreadcrumbList","@id":"https:\/\/www.anovapeneira.gal\/index.php\/2021\/05\/11\/benvido-mr-marshall-a-marin\/#breadcrumb","itemListElement":[{"@type":"ListItem","position":1,"name":"Portada","item":"https:\/\/www.anovapeneira.gal\/"},{"@type":"ListItem","position":2,"name":"Benvido Mr. Marshall, a Mar\u00edn"}]},{"@type":"WebSite","@id":"https:\/\/www.anovapeneira.gal\/#website","url":"https:\/\/www.anovapeneira.gal\/","name":"","description":"Xornal galego de informaci\u00f3n xeral Publicaci\u00f3n mensual de novas de Galicia e en especial dos Concellos da sur da provincia de Pontevedra.","publisher":{"@id":"https:\/\/www.anovapeneira.gal\/#organization"},"potentialAction":[{"@type":"SearchAction","target":{"@type":"EntryPoint","urlTemplate":"https:\/\/www.anovapeneira.gal\/?s={search_term_string}"},"query-input":{"@type":"PropertyValueSpecification","valueRequired":true,"valueName":"search_term_string"}}],"inLanguage":"gl-ES"},{"@type":"Organization","@id":"https:\/\/www.anovapeneira.gal\/#organization","name":"A Nova Peneira","url":"https:\/\/www.anovapeneira.gal\/","logo":{"@type":"ImageObject","inLanguage":"gl-ES","@id":"https:\/\/www.anovapeneira.gal\/#\/schema\/logo\/image\/","url":"http:\/\/www.anovapeneira.gal\/wp-content\/uploads\/2019\/06\/logo_a_nova_peneira_portal_web.png","contentUrl":"http:\/\/www.anovapeneira.gal\/wp-content\/uploads\/2019\/06\/logo_a_nova_peneira_portal_web.png","width":300,"height":100,"caption":"A Nova Peneira"},"image":{"@id":"https:\/\/www.anovapeneira.gal\/#\/schema\/logo\/image\/"},"sameAs":["https:\/\/www.facebook.com\/anovapeneira","https:\/\/x.com\/APeneira"]},{"@type":"Person","@id":"https:\/\/www.anovapeneira.gal\/#\/schema\/person\/c04a9c9f722c9446e71ae434c0353337","name":"Pedro M. Cortegoso Gago","image":{"@type":"ImageObject","inLanguage":"gl-ES","@id":"https:\/\/secure.gravatar.com\/avatar\/1613b27278a972c04db5c2f04fb2cbfa9edb58d6c3e2547817ecb8240eb58381?s=96&d=mm&r=g","url":"https:\/\/secure.gravatar.com\/avatar\/1613b27278a972c04db5c2f04fb2cbfa9edb58d6c3e2547817ecb8240eb58381?s=96&d=mm&r=g","contentUrl":"https:\/\/secure.gravatar.com\/avatar\/1613b27278a972c04db5c2f04fb2cbfa9edb58d6c3e2547817ecb8240eb58381?s=96&d=mm&r=g","caption":"Pedro M. Cortegoso Gago"},"sameAs":["http:\/\/anovapeneira.gal"],"url":"https:\/\/www.anovapeneira.gal\/index.php\/author\/opinionpcortegoso\/"}]}},"jetpack_featured_media_url":"https:\/\/www.anovapeneira.gal\/wp-content\/uploads\/2019\/07\/ARTIGO_DE_OPINION_A_NOVA_PENEIRA.jpg","_links":{"self":[{"href":"https:\/\/www.anovapeneira.gal\/index.php\/wp-json\/wp\/v2\/posts\/5349","targetHints":{"allow":["GET"]}}],"collection":[{"href":"https:\/\/www.anovapeneira.gal\/index.php\/wp-json\/wp\/v2\/posts"}],"about":[{"href":"https:\/\/www.anovapeneira.gal\/index.php\/wp-json\/wp\/v2\/types\/post"}],"author":[{"embeddable":true,"href":"https:\/\/www.anovapeneira.gal\/index.php\/wp-json\/wp\/v2\/users\/4"}],"replies":[{"embeddable":true,"href":"https:\/\/www.anovapeneira.gal\/index.php\/wp-json\/wp\/v2\/comments?post=5349"}],"version-history":[{"count":1,"href":"https:\/\/www.anovapeneira.gal\/index.php\/wp-json\/wp\/v2\/posts\/5349\/revisions"}],"predecessor-version":[{"id":5350,"href":"https:\/\/www.anovapeneira.gal\/index.php\/wp-json\/wp\/v2\/posts\/5349\/revisions\/5350"}],"wp:featuredmedia":[{"embeddable":true,"href":"https:\/\/www.anovapeneira.gal\/index.php\/wp-json\/wp\/v2\/media\/584"}],"wp:attachment":[{"href":"https:\/\/www.anovapeneira.gal\/index.php\/wp-json\/wp\/v2\/media?parent=5349"}],"wp:term":[{"taxonomy":"category","embeddable":true,"href":"https:\/\/www.anovapeneira.gal\/index.php\/wp-json\/wp\/v2\/categories?post=5349"},{"taxonomy":"post_tag","embeddable":true,"href":"https:\/\/www.anovapeneira.gal\/index.php\/wp-json\/wp\/v2\/tags?post=5349"}],"curies":[{"name":"wp","href":"https:\/\/api.w.org\/{rel}","templated":true}]}}