{"id":5356,"date":"2021-05-13T10:00:42","date_gmt":"2021-05-13T08:00:42","guid":{"rendered":"http:\/\/www.anovapeneira.gal\/?p=5356"},"modified":"2021-05-10T21:21:13","modified_gmt":"2021-05-10T19:21:13","slug":"paco-ferreira-alcalde-de-gondomar-3","status":"publish","type":"post","link":"https:\/\/www.anovapeneira.gal\/index.php\/2021\/05\/13\/paco-ferreira-alcalde-de-gondomar-3\/","title":{"rendered":"Paco Ferreira Alcalde de Gondomar"},"content":{"rendered":"\n<p><strong>O alcalde de Gondomar afronta o seu segundo mandato nunhas circunstancias aritm\u00e9ticas moi diferentes ao primeiro no que tivo que conformar un goberno tripartito con Manifesto Mi\u00f1or e con CABE, pois nas elecci\u00f3ns do 2.019 as veci\u00f1as e veci\u00f1os d\u00e9ronlle a confianza maioritaria en forma dunha c\u00f3moda maior\u00eda absoluta. N\u00f3s acheg\u00e1monos ata o concello mi\u00f1orano e mantivemos unha ampla conversa co seu alcalde para co\u00f1ecer a s\u00faa visi\u00f3n da actualidade pol\u00edtica na s\u00faa localidade. Vela\u00ed vai o que deu de si<\/strong><\/p>\n\n\n\n<p>\u201c<strong>ESTOU MOI CONTENTO PORQUEN GONDOMAR NON PARA DE MELLORAR.E, AO FIN E AO CABO, \u00c9 POLO QUE ESTOU EN POL\u00cdTICA: CONTRIBU\u00cdR, CON HUMILDADE, AO BEN COM\u00daN\u201d<\/strong><\/p>\n\n\n\n<p><strong>A nova que sa\u00edu en prensa referente a que o proxecto de facer un parque e\u00f3lico no Gali\u00f1eiro est\u00e1 desbotado, tela confirmada alcalde?<\/strong><\/p>\n\n\n\n<blockquote class=\"wp-block-quote is-layout-flow wp-block-quote-is-layout-flow\"><p>Oficialmente non. O concello non ten ning\u00fan comunicado oficial a data de hoxe, 6 de maio, a\u00ednda que por distintas declaraci\u00f3ns de representantes do goberno galego sabemos que desisten da s\u00faa intenci\u00f3n de facer un parque e\u00f3lico no gali\u00f1eiro. \u00c9 certo que desde hai meses temos indicios de que isto pod\u00eda rematar as\u00ed<\/p><\/blockquote>\n\n\n\n<p><strong>Que tipo de indicios?<\/strong><\/p>\n\n\n\n<blockquote class=\"wp-block-quote is-layout-flow wp-block-quote-is-layout-flow\"><p>Distintas conversas que te\u00f1o tido con diversos representantes tanto da administraci\u00f3n como de empresas do sector. A oposici\u00f3n veci\u00f1al foi moi forte, todos os gobernos que te\u00f1en relaci\u00f3n co Gali\u00f1eiro opux\u00e9ronse, a proximidade do aeroporto e o interese empresarial non demasiado elevado sumaron raz\u00f3ns que explican o resultado final. Neste caso creo que \u00e9 de xustiza salientar o traballo incansable da comunidade de montes de Vincios en prol da conservaci\u00f3n deste marabilloso patrimonio natural para as xeraci\u00f3ns futuras<\/p><\/blockquote>\n\n\n\n<p><strong>Ben, e ti tam\u00e9n mantiveches unha posici\u00f3n firme contraria ao parque e\u00f3lico no Gali\u00f1eiro?<\/strong><\/p>\n\n\n\n<blockquote class=\"wp-block-quote is-layout-flow wp-block-quote-is-layout-flow\"><p>Eu, con toda a humildade, digo que s\u00f3 son un veci\u00f1o m\u00e1is, que estea na posici\u00f3n que estea quero contribu\u00edr ao ben com\u00fan do meu pobo. E conservar o patrimonio natural m\u00e1is importante que ten Gondomar para os que ve\u00f1an detr\u00e1s \u00e9 a mellor herdanza que lles podemos deixar. No noso pobo fix\u00e9ronse 3 plenos para amosar o rexeitamento rotundo ao parque e\u00f3lico do Gali\u00f1eiro. E o alcalde ten que defender con firmeza a vontade colectiva da maior\u00eda da s\u00faa veci\u00f1anza. Non entendo a pol\u00edtica doutra maneira<\/p><\/blockquote>\n\n\n\n<p><strong>No \u00e1mbito competencial do concello vaise outorgar alg\u00fan tipo de protecci\u00f3n ao monte Gali\u00f1eiro?<\/strong><\/p>\n\n\n\n<blockquote class=\"wp-block-quote is-layout-flow wp-block-quote-is-layout-flow\"><p>Na redacci\u00f3n do plan xeral a m\u00e1xima que nos permite a lei como espazo natural<\/p><\/blockquote>\n\n\n\n<p><strong>A Xunta fixo algunha obxecci\u00f3n ao respecto desta protecci\u00f3n na redacci\u00f3n do voso plan xeral?<\/strong><\/p>\n\n\n\n<blockquote class=\"wp-block-quote is-layout-flow wp-block-quote-is-layout-flow\"><p>Non, curiosamente non. Este \u00e9 outro indicio que me levaba a pensar nunha resoluci\u00f3n positiva deste tema<\/p><\/blockquote>\n\n\n\n<p><strong>Falemos da pandemia: hoxe , 7 de maio, Gondomar est\u00e1 novamente nun nivel de restrici\u00f3ns alto. Un golpe moi duro para un sector que vive en situaci\u00f3n de angustia permanente?<\/strong><\/p>\n\n\n\n<blockquote class=\"wp-block-quote is-layout-flow wp-block-quote-is-layout-flow\"><p>Si, a verdade \u00e9 que si. Agardo que pronto se poida normalizar a situaci\u00f3n. Tivemos un pico de 37 casos e xa estamos en situaci\u00f3n descendente. Ben \u00e9 certo que moitos deses casos saltaron a ra\u00edz dun cribado masivo e aleatorio que se fixo en Gondomar. Non cabe d\u00fabida que para o sector \u00e9 moi duro, pero eu quero ser moi leal coas distintas administraci\u00f3ns nun tema tan sensible como este e non quero politizar na batalla contra o virus que debemos librar todos xuntos para que se acabe o antes posible<\/p><\/blockquote>\n\n\n\n<p><strong>Expl\u00edcanos o de \u201c ning\u00fan bar de Gondomar sen terrazas\u201d?<\/strong><\/p>\n\n\n\n<blockquote class=\"wp-block-quote is-layout-flow wp-block-quote-is-layout-flow\"><p>\u00c9 unha maneira que ten o concello de axudar \u00e1 hostalar\u00eda, facilitarlle a ocupaci\u00f3n racional do espazo p\u00fablico para que poidan ampliar as s\u00faas terrazas e minimizar, no que se poida, o impacto das restrici\u00f3ns.<\/p><\/blockquote>\n\n\n\n<p><strong>Sen cobrar ning\u00fan tipo de taxa?<\/strong><\/p>\n\n\n\n<blockquote class=\"wp-block-quote is-layout-flow wp-block-quote-is-layout-flow\"><p>Efectivamente, non lle cobramos nada. Eu creo que a administraci\u00f3n debe de ser flexible para axudar a quen o necesite. E \u00e9 evidente que a hostalar\u00eda precisa axuda. Somos conscientes tam\u00e9n de que hai que compatibilizar espazos , deixar que os nenos xoguen, non molestar aos viandantes pero con boa vontade, civismo e respecto ga\u00f1amos todos.<\/p><\/blockquote>\n\n\n\n<p><strong>O concello estableceu alg\u00fan tipo de axuda directa al\u00e9n do das terrazas aos sectores m\u00e1is prexudicados?<\/strong><\/p>\n\n\n\n<blockquote class=\"wp-block-quote is-layout-flow wp-block-quote-is-layout-flow\"><p>Si, \u00e1 hostalar\u00eda, pequeno comercio, aut\u00f3nomos e auto taxi .Habilitamos unha partida de 100.000\u20ac .Establecemos unhas bases, abrimos un prazo de presentaci\u00f3n de instancias que rematou o 30 de abril. E pronto nos sentaremos a comisi\u00f3n de valoraci\u00f3n para repartir as axudas<\/p><\/blockquote>\n\n\n\n<p><strong>Que orientaci\u00f3n temporal aproximada poden manexar os beneficiarios para contar cos cartos nos seus petos?<\/strong><\/p>\n\n\n\n<blockquote class=\"wp-block-quote is-layout-flow wp-block-quote-is-layout-flow\"><p>Eu conto con que a finais de maio xa te\u00f1an os cartos no seu poder. Aproveito para informar que xa estamos habilitando unha segunda partida de axudas de 50.000\u20ac<\/p><\/blockquote>\n\n\n\n<p><strong>Tiveches o apoio econ\u00f3mico doutras administraci\u00f3ns?<\/strong><\/p>\n\n\n\n<blockquote class=\"wp-block-quote is-layout-flow wp-block-quote-is-layout-flow\"><p>S\u00f3 da deputaci\u00f3n de Pontevedra en forma de d\u00faas axudas ao marxe do plan concellos. Unha de 20.000\u20ac e outra de 40 e pico mil. Todo o estamos sacando de recursos propios e os concellos estamos chegando xa ao l\u00edmite.<\/p><\/blockquote>\n\n\n\n<p><strong>Antes dic\u00edasme que quer\u00edas ser leal coas distintas administraci\u00f3ns e non politizar sobre a xesti\u00f3n da pandemia. Ti, esa lealdade sent\u00edchela nos grupos da oposici\u00f3n municipal?<\/strong><\/p>\n\n\n\n<blockquote class=\"wp-block-quote is-layout-flow wp-block-quote-is-layout-flow\"><p>Non, por desgraza non o sent\u00edn as\u00ed. Non sent\u00edn o seu apoio, todo o contrario. Sent\u00edn que a oposici\u00f3n levou \u00e1 lameira un tema no que s\u00f3 cab\u00eda a unidade e a lealdade.<\/p><\/blockquote>\n\n\n\n<p><strong>Recordo Paco cando no teu primeiro mandato o BNG estaba f\u00f3ra do Concello terme dito ti a min, que eras consciente de que o nacionalismo galego ti\u00f1a un espazo na realidade social de Gondomar, e que a ti che gustar\u00eda que estivesen no Concello. Por que se deteriorou tanto a relaci\u00f3n co BNG?<\/strong><\/p>\n\n\n\n<blockquote class=\"wp-block-quote is-layout-flow wp-block-quote-is-layout-flow\"><p>Creme Tino. Son consciente de que o BNG representa a parte da sociedade de Gondomar e eu al\u00e9grome de que estean no concello .E creme tam\u00e9n que o BNG non est\u00e1 no noso goberno porque non quixo. Eu tendinlle a man a Manuela para que formase parte do goberno e non aceptou.<\/p><\/blockquote>\n\n\n\n<p><strong>Pero por que se deteriorou tanto a relaci\u00f3n con Manuela?<\/strong><\/p>\n\n\n\n<blockquote class=\"wp-block-quote is-layout-flow wp-block-quote-is-layout-flow\"><p>Eu non te\u00f1o mala relaci\u00f3n con ela. Agora ben que se me acuse de faltarlle o respecto \u00e1s mulleres \u00e9 radicalmente falso<\/p><\/blockquote>\n\n\n\n<p><strong>Ti falt\u00e1cheslle ao respecto \u00e1 voceira do PP naquel pleno que desencadeou todo?<\/strong><\/p>\n\n\n\n<blockquote class=\"wp-block-quote is-layout-flow wp-block-quote-is-layout-flow\"><p>Non, rotundamente non, radicalmente non. Mira, no meu interior s\u00f3 estou eu e as mi\u00f1as palabras poderanse interpretar ben ou mal, pero o sentido con que son pronunciadas s\u00f3 o sei eu e ningu\u00e9n m\u00e1is ca min. Esa persoa que mencionas mer\u00e9ceme un respecto escrupuloso, absolutamente igual que calquera outra concelleira ou concelleiro, xa sexa do goberno ou da oposici\u00f3n. Eu s\u00f3 lle dixen que parec\u00eda non ter preparada a moci\u00f3n que l\u00eda, pero no meu \u00e1nimo non estaba faltarlle ao respecto como ser humano, nin moito menos minusvalorala pola s\u00faa condici\u00f3n de muller. Iso \u00e9 unha falacia que en absoluto responde \u00e1 realidade.<\/p><\/blockquote>\n\n\n\n<p><strong>Volvendo a Manuela. P\u00f3rlle unha querela non \u00e9 desmedido?<\/strong><\/p>\n\n\n\n<blockquote class=\"wp-block-quote is-layout-flow wp-block-quote-is-layout-flow\"><p>Vamos ver ; o BNG fixo buzoneo cun panfleto seu no que se me acusaba de machista e pouco menos que de que maltrataba psicoloxicamente \u00e1s mulleres. E eu entendo que o agredido son eu, pois iso son acusaci\u00f3ns moi graves que para nada responden \u00e1 realidade. Son acusaci\u00f3ns que as ve a mi\u00f1a familia os meus veci\u00f1os e as persoas que me queren. E o panfleto non \u00e9 resultado dun acto concreto no que un pode quentarse. Eu iso poder\u00eda entendelo e ata desculpalo. Foi un acto consciente. O que fixen eu foi darlle oportunidade de desculparse, e non o fixo. Ent\u00f3n presentei un acto de conciliaci\u00f3n no xulgado<\/p><\/blockquote>\n\n\n\n<p><strong>De que maneira ter\u00edaste dado por satisfeito?<\/strong><\/p>\n\n\n\n<blockquote class=\"wp-block-quote is-layout-flow wp-block-quote-is-layout-flow\"><p>Era moi sinxelo, se tiveran retirado as acusaci\u00f3ns. Pero o BNG non se presentou \u00e1 conciliaci\u00f3n, presentou un escrito o seu avogado no que manifestou que iso forma parte do debate pol\u00edtico. En calquera caso eu manifesto o meu respecto a Manuela e e a mi\u00f1a vontade conciliadora para co BNG tend\u00e9ndolles a man para pechar este asunto e traballarmos xuntos.<\/p><\/blockquote>\n\n\n\n<p><strong>Tes alg\u00fan tipo de problema coa participaci\u00f3n veci\u00f1al?<\/strong><\/p>\n\n\n\n<blockquote class=\"wp-block-quote is-layout-flow wp-block-quote-is-layout-flow\"><p>Ning\u00fan en absoluto. Todo o contrario, estou encantado de relacionarme co amplo tecido asociativo que pos\u00fae Gondomar e de traballar en conxunto con todas e todos eles.<\/p><\/blockquote>\n\n\n\n<p><strong>Expl\u00edcanos o acordo que fixestes coa asociaci\u00f3n \u201cproyecto gato\u201d?<\/strong><\/p>\n\n\n\n<blockquote class=\"wp-block-quote is-layout-flow wp-block-quote-is-layout-flow\"><p>Pois eles son unha asociaci\u00f3n que se instalaron en Morgad\u00e1ns e eu creo que fan un gran traballo identificando e alimentando \u00e1s colonias de gatos e con distintas campa\u00f1as de castraci\u00f3n. Eu t\u00e9\u00f1olle visto traballar nas r\u00faas do Concello xa \u00e1s 7 e media da ma\u00f1\u00e1. N\u00f3s apoi\u00e1moslles cunha subvenci\u00f3n porque estamos moi satisfeitos co traballo que fan.<\/p><\/blockquote>\n\n\n\n<p><strong>Ben, imos falar das eivas hist\u00f3ricas de Gondomar: O transporte?<\/strong><\/p>\n\n\n\n<blockquote class=\"wp-block-quote is-layout-flow wp-block-quote-is-layout-flow\"><p>O eterno problema do transporte p\u00fablico en Gondomar, que polos problemas entre as d\u00faas empresas obrigaba ao viaxeiro a baixarse en Ma\u00f1ufe e vir a p\u00e9, acabouse. Agora s\u00f3 hai unha empresa que opera en toda a comarca e aquel problema rematou. Os prezos abarat\u00e1ronse e o servizo mellorou. Agora ben \u00e9 necesario seguirmos avanzando e cubrir m\u00e1is lugares dos que se cobren. Eu mante\u00f1o un di\u00e1logo constante coa empresa para mellorar todo o que se poida mellorar. De feito agora temos unha incidencia pois se lles quere facer pagar aos nenos do instituto e n\u00f3s pelexaremos porque non sexa as\u00ed.<\/p><\/blockquote>\n\n\n\n<p><strong>A pasaxe?<\/strong><\/p>\n\n\n\n<blockquote class=\"wp-block-quote is-layout-flow wp-block-quote-is-layout-flow\"><p>Marcha ben. Temos aprobado o proxecto sectorial e o proxecto de urbanizaci\u00f3n e temos xa nomeado ao director das obras que vai ser Fernando Guiti\u00e1n<\/p><\/blockquote>\n\n\n\n<p><strong>O ex alcalde?<\/strong><\/p>\n\n\n\n<blockquote class=\"wp-block-quote is-layout-flow wp-block-quote-is-layout-flow\"><p>Si. Un enxe\u00f1eiro moi competente .Estamos \u00e1 espera dun informe do arquitecto municipal e a ver se a finais de maio podemos adxudicar \u00e1 empresa que se encargue da primeira fase e comezar as obras o antes posible.<\/p><\/blockquote>\n\n\n\n<p><strong>O plan Xeral?<\/strong><\/p>\n\n\n\n<blockquote class=\"wp-block-quote is-layout-flow wp-block-quote-is-layout-flow\"><p>Temos aprobado o informe do impacto medioambiental. A Xunta mandounos facer unhas rectificaci\u00f3ns non moi grandes que xa est\u00e1n resoltas.<\/p><\/blockquote>\n\n\n\n<p><strong>Acabamos pregunt\u00e1ndoche polo teu estado an\u00edmico?<\/strong><\/p>\n\n\n\n<blockquote class=\"wp-block-quote is-layout-flow wp-block-quote-is-layout-flow\"><p>Eu estou moi ben animado e ilusionado porque vexo que Gondomar mellora constantemente. Non paramos de facer cousas que serven para facer mellor a vida dos veci\u00f1os. E ao fin e ao cabo \u00e9 polo que eu estou en pol\u00edtica : contribu\u00edr, con toda a humildade, ao ben com\u00fan da veci\u00f1anza do meu querido pobo. Eu sinto o apoio das mi\u00f1as veci\u00f1as e veci\u00f1os cando estou na r\u00faa, algo que agradezo que me emociona e d\u00e1me folgos para seguir.<\/p><\/blockquote>\n","protected":false},"excerpt":{"rendered":"<div class=\"mh-excerpt\"><p>O alcalde de Gondomar afronta o seu segundo mandato nunhas circunstancias aritm\u00e9ticas moi diferentes ao primeiro no que tivo que conformar un goberno tripartito con Manifesto Mi\u00f1or e con CABE, pois nas elecci\u00f3ns do 2.019 as veci\u00f1as e veci\u00f1os d\u00e9ronlle a confianza maioritaria en forma dunha c\u00f3moda maior\u00eda absoluta. N\u00f3s acheg\u00e1monos ata o concello mi\u00f1orano e mantivemos unha ampla conversa co seu alcalde para co\u00f1ecer a s\u00faa visi\u00f3n da actualidade pol\u00edtica na s\u00faa localidade. Vela\u00ed vai o que deu de si <a class=\"mh-excerpt-more\" href=\"https:\/\/www.anovapeneira.gal\/index.php\/2021\/05\/13\/paco-ferreira-alcalde-de-gondomar-3\/\" title=\"Paco Ferreira Alcalde de Gondomar\">[&#8230;]<\/a><\/p>\n<\/div>","protected":false},"author":3,"featured_media":5357,"comment_status":"open","ping_status":"open","sticky":false,"template":"","format":"standard","meta":{"_exactmetrics_skip_tracking":false,"_exactmetrics_sitenote_active":false,"_exactmetrics_sitenote_note":"","_exactmetrics_sitenote_category":0,"footnotes":""},"categories":[20],"tags":[149],"class_list":{"0":"post-5356","1":"post","2":"type-post","3":"status-publish","4":"format-standard","5":"has-post-thumbnail","7":"category-val-minor","8":"tag-concello-de-gondomar"},"yoast_head":"<!-- This site is optimized with the Yoast SEO plugin v27.4 - https:\/\/yoast.com\/product\/yoast-seo-wordpress\/ -->\n<title>Paco Ferreira Alcalde de Gondomar -<\/title>\n<meta name=\"description\" content=\"O alcalde de Gondomar afronta o seu segundo mandato nunhas circunstancias aritm\u00e9ticas moi diferentes ao primeiro no que tivo que conformar un goberno tripartito con Manifesto Mi\u00f1or e con CABE, pois nas elecci\u00f3ns do 2.019 as veci\u00f1as e veci\u00f1os d\u00e9ronlle a confianza maioritaria en forma dunha c\u00f3moda maior\u00eda absoluta. N\u00f3s acheg\u00e1monos ata o concello mi\u00f1orano e mantivemos unha ampla conversa co seu alcalde para co\u00f1ecer a s\u00faa visi\u00f3n da actualidade pol\u00edtica na s\u00faa localidade. Vela\u00ed vai o que deu de si\" \/>\n<meta name=\"robots\" content=\"index, follow, max-snippet:-1, max-image-preview:large, max-video-preview:-1\" \/>\n<link rel=\"canonical\" href=\"https:\/\/www.anovapeneira.gal\/index.php\/2021\/05\/13\/paco-ferreira-alcalde-de-gondomar-3\/\" \/>\n<meta property=\"og:locale\" content=\"gl_ES\" \/>\n<meta property=\"og:type\" content=\"article\" \/>\n<meta property=\"og:title\" content=\"Paco Ferreira Alcalde de Gondomar -\" \/>\n<meta property=\"og:description\" content=\"O alcalde de Gondomar afronta o seu segundo mandato nunhas circunstancias aritm\u00e9ticas moi diferentes ao primeiro no que tivo que conformar un goberno tripartito con Manifesto Mi\u00f1or e con CABE, pois nas elecci\u00f3ns do 2.019 as veci\u00f1as e veci\u00f1os d\u00e9ronlle a confianza maioritaria en forma dunha c\u00f3moda maior\u00eda absoluta. N\u00f3s acheg\u00e1monos ata o concello mi\u00f1orano e mantivemos unha ampla conversa co seu alcalde para co\u00f1ecer a s\u00faa visi\u00f3n da actualidade pol\u00edtica na s\u00faa localidade. Vela\u00ed vai o que deu de si\" \/>\n<meta property=\"og:url\" content=\"https:\/\/www.anovapeneira.gal\/index.php\/2021\/05\/13\/paco-ferreira-alcalde-de-gondomar-3\/\" \/>\n<meta property=\"article:publisher\" content=\"https:\/\/www.facebook.com\/anovapeneira\" \/>\n<meta property=\"article:published_time\" content=\"2021-05-13T08:00:42+00:00\" \/>\n<meta property=\"og:image\" content=\"https:\/\/www.anovapeneira.gal\/wp-content\/uploads\/2021\/05\/paco-ferreira-gondomar.jpg\" \/>\n\t<meta property=\"og:image:width\" content=\"720\" \/>\n\t<meta property=\"og:image:height\" content=\"432\" \/>\n\t<meta property=\"og:image:type\" content=\"image\/jpeg\" \/>\n<meta name=\"author\" content=\"Redacci\u00f3n A Nova Peneira\" \/>\n<meta name=\"twitter:card\" content=\"summary_large_image\" \/>\n<meta name=\"twitter:creator\" content=\"@APeneira\" \/>\n<meta name=\"twitter:site\" content=\"@APeneira\" \/>\n<meta name=\"twitter:label1\" content=\"Escrito por\" \/>\n\t<meta name=\"twitter:data1\" content=\"Redacci\u00f3n A Nova Peneira\" \/>\n\t<meta name=\"twitter:label2\" content=\"Tempo de lectura\" \/>\n\t<meta name=\"twitter:data2\" content=\"8 minutos\" \/>\n<script type=\"application\/ld+json\" class=\"yoast-schema-graph\">{\"@context\":\"https:\\\/\\\/schema.org\",\"@graph\":[{\"@type\":\"Article\",\"@id\":\"https:\\\/\\\/www.anovapeneira.gal\\\/index.php\\\/2021\\\/05\\\/13\\\/paco-ferreira-alcalde-de-gondomar-3\\\/#article\",\"isPartOf\":{\"@id\":\"https:\\\/\\\/www.anovapeneira.gal\\\/index.php\\\/2021\\\/05\\\/13\\\/paco-ferreira-alcalde-de-gondomar-3\\\/\"},\"author\":{\"name\":\"Redacci\u00f3n A Nova Peneira\",\"@id\":\"https:\\\/\\\/www.anovapeneira.gal\\\/#\\\/schema\\\/person\\\/b93e3f8932e3f8da96334607eb6ac6aa\"},\"headline\":\"Paco Ferreira Alcalde de Gondomar\",\"datePublished\":\"2021-05-13T08:00:42+00:00\",\"mainEntityOfPage\":{\"@id\":\"https:\\\/\\\/www.anovapeneira.gal\\\/index.php\\\/2021\\\/05\\\/13\\\/paco-ferreira-alcalde-de-gondomar-3\\\/\"},\"wordCount\":1848,\"commentCount\":0,\"publisher\":{\"@id\":\"https:\\\/\\\/www.anovapeneira.gal\\\/#organization\"},\"image\":{\"@id\":\"https:\\\/\\\/www.anovapeneira.gal\\\/index.php\\\/2021\\\/05\\\/13\\\/paco-ferreira-alcalde-de-gondomar-3\\\/#primaryimage\"},\"thumbnailUrl\":\"https:\\\/\\\/www.anovapeneira.gal\\\/wp-content\\\/uploads\\\/2021\\\/05\\\/paco-ferreira-gondomar.jpg\",\"keywords\":[\"Concello de Gondomar\"],\"articleSection\":[\"Val Mi\u00f1or\"],\"inLanguage\":\"gl-ES\",\"potentialAction\":[{\"@type\":\"CommentAction\",\"name\":\"Comment\",\"target\":[\"https:\\\/\\\/www.anovapeneira.gal\\\/index.php\\\/2021\\\/05\\\/13\\\/paco-ferreira-alcalde-de-gondomar-3\\\/#respond\"]}]},{\"@type\":\"WebPage\",\"@id\":\"https:\\\/\\\/www.anovapeneira.gal\\\/index.php\\\/2021\\\/05\\\/13\\\/paco-ferreira-alcalde-de-gondomar-3\\\/\",\"url\":\"https:\\\/\\\/www.anovapeneira.gal\\\/index.php\\\/2021\\\/05\\\/13\\\/paco-ferreira-alcalde-de-gondomar-3\\\/\",\"name\":\"Paco Ferreira Alcalde de Gondomar -\",\"isPartOf\":{\"@id\":\"https:\\\/\\\/www.anovapeneira.gal\\\/#website\"},\"primaryImageOfPage\":{\"@id\":\"https:\\\/\\\/www.anovapeneira.gal\\\/index.php\\\/2021\\\/05\\\/13\\\/paco-ferreira-alcalde-de-gondomar-3\\\/#primaryimage\"},\"image\":{\"@id\":\"https:\\\/\\\/www.anovapeneira.gal\\\/index.php\\\/2021\\\/05\\\/13\\\/paco-ferreira-alcalde-de-gondomar-3\\\/#primaryimage\"},\"thumbnailUrl\":\"https:\\\/\\\/www.anovapeneira.gal\\\/wp-content\\\/uploads\\\/2021\\\/05\\\/paco-ferreira-gondomar.jpg\",\"datePublished\":\"2021-05-13T08:00:42+00:00\",\"description\":\"O alcalde de Gondomar afronta o seu segundo mandato nunhas circunstancias aritm\u00e9ticas moi diferentes ao primeiro no que tivo que conformar un goberno tripartito con Manifesto Mi\u00f1or e con CABE, pois nas elecci\u00f3ns do 2.019 as veci\u00f1as e veci\u00f1os d\u00e9ronlle a confianza maioritaria en forma dunha c\u00f3moda maior\u00eda absoluta. N\u00f3s acheg\u00e1monos ata o concello mi\u00f1orano e mantivemos unha ampla conversa co seu alcalde para co\u00f1ecer a s\u00faa visi\u00f3n da actualidade pol\u00edtica na s\u00faa localidade. Vela\u00ed vai o que deu de si\",\"breadcrumb\":{\"@id\":\"https:\\\/\\\/www.anovapeneira.gal\\\/index.php\\\/2021\\\/05\\\/13\\\/paco-ferreira-alcalde-de-gondomar-3\\\/#breadcrumb\"},\"inLanguage\":\"gl-ES\",\"potentialAction\":[{\"@type\":\"ReadAction\",\"target\":[\"https:\\\/\\\/www.anovapeneira.gal\\\/index.php\\\/2021\\\/05\\\/13\\\/paco-ferreira-alcalde-de-gondomar-3\\\/\"]}]},{\"@type\":\"ImageObject\",\"inLanguage\":\"gl-ES\",\"@id\":\"https:\\\/\\\/www.anovapeneira.gal\\\/index.php\\\/2021\\\/05\\\/13\\\/paco-ferreira-alcalde-de-gondomar-3\\\/#primaryimage\",\"url\":\"https:\\\/\\\/www.anovapeneira.gal\\\/wp-content\\\/uploads\\\/2021\\\/05\\\/paco-ferreira-gondomar.jpg\",\"contentUrl\":\"https:\\\/\\\/www.anovapeneira.gal\\\/wp-content\\\/uploads\\\/2021\\\/05\\\/paco-ferreira-gondomar.jpg\",\"width\":720,\"height\":432,\"caption\":\"Paco Ferreira Alcalde de Gondomar\"},{\"@type\":\"BreadcrumbList\",\"@id\":\"https:\\\/\\\/www.anovapeneira.gal\\\/index.php\\\/2021\\\/05\\\/13\\\/paco-ferreira-alcalde-de-gondomar-3\\\/#breadcrumb\",\"itemListElement\":[{\"@type\":\"ListItem\",\"position\":1,\"name\":\"Portada\",\"item\":\"https:\\\/\\\/www.anovapeneira.gal\\\/\"},{\"@type\":\"ListItem\",\"position\":2,\"name\":\"Paco Ferreira Alcalde de Gondomar\"}]},{\"@type\":\"WebSite\",\"@id\":\"https:\\\/\\\/www.anovapeneira.gal\\\/#website\",\"url\":\"https:\\\/\\\/www.anovapeneira.gal\\\/\",\"name\":\"\",\"description\":\"Xornal galego de informaci\u00f3n xeral Publicaci\u00f3n mensual de novas de Galicia e en especial dos Concellos da sur da provincia de Pontevedra.\",\"publisher\":{\"@id\":\"https:\\\/\\\/www.anovapeneira.gal\\\/#organization\"},\"potentialAction\":[{\"@type\":\"SearchAction\",\"target\":{\"@type\":\"EntryPoint\",\"urlTemplate\":\"https:\\\/\\\/www.anovapeneira.gal\\\/?s={search_term_string}\"},\"query-input\":{\"@type\":\"PropertyValueSpecification\",\"valueRequired\":true,\"valueName\":\"search_term_string\"}}],\"inLanguage\":\"gl-ES\"},{\"@type\":\"Organization\",\"@id\":\"https:\\\/\\\/www.anovapeneira.gal\\\/#organization\",\"name\":\"A Nova Peneira\",\"url\":\"https:\\\/\\\/www.anovapeneira.gal\\\/\",\"logo\":{\"@type\":\"ImageObject\",\"inLanguage\":\"gl-ES\",\"@id\":\"https:\\\/\\\/www.anovapeneira.gal\\\/#\\\/schema\\\/logo\\\/image\\\/\",\"url\":\"http:\\\/\\\/www.anovapeneira.gal\\\/wp-content\\\/uploads\\\/2019\\\/06\\\/logo_a_nova_peneira_portal_web.png\",\"contentUrl\":\"http:\\\/\\\/www.anovapeneira.gal\\\/wp-content\\\/uploads\\\/2019\\\/06\\\/logo_a_nova_peneira_portal_web.png\",\"width\":300,\"height\":100,\"caption\":\"A Nova Peneira\"},\"image\":{\"@id\":\"https:\\\/\\\/www.anovapeneira.gal\\\/#\\\/schema\\\/logo\\\/image\\\/\"},\"sameAs\":[\"https:\\\/\\\/www.facebook.com\\\/anovapeneira\",\"https:\\\/\\\/x.com\\\/APeneira\"]},{\"@type\":\"Person\",\"@id\":\"https:\\\/\\\/www.anovapeneira.gal\\\/#\\\/schema\\\/person\\\/b93e3f8932e3f8da96334607eb6ac6aa\",\"name\":\"Redacci\u00f3n A Nova Peneira\",\"image\":{\"@type\":\"ImageObject\",\"inLanguage\":\"gl-ES\",\"@id\":\"https:\\\/\\\/secure.gravatar.com\\\/avatar\\\/c052a2551a06e23fac63626232eaa90abd78dbcf1700fc46a2b2c89fd27b735f?s=96&d=mm&r=g\",\"url\":\"https:\\\/\\\/secure.gravatar.com\\\/avatar\\\/c052a2551a06e23fac63626232eaa90abd78dbcf1700fc46a2b2c89fd27b735f?s=96&d=mm&r=g\",\"contentUrl\":\"https:\\\/\\\/secure.gravatar.com\\\/avatar\\\/c052a2551a06e23fac63626232eaa90abd78dbcf1700fc46a2b2c89fd27b735f?s=96&d=mm&r=g\",\"caption\":\"Redacci\u00f3n A Nova Peneira\"},\"sameAs\":[\"http:\\\/\\\/www.anovapeneira.gal\\\/\"],\"url\":\"https:\\\/\\\/www.anovapeneira.gal\\\/index.php\\\/author\\\/redactor\\\/\"}]}<\/script>\n<!-- \/ Yoast SEO plugin. -->","yoast_head_json":{"title":"Paco Ferreira Alcalde de Gondomar -","description":"O alcalde de Gondomar afronta o seu segundo mandato nunhas circunstancias aritm\u00e9ticas moi diferentes ao primeiro no que tivo que conformar un goberno tripartito con Manifesto Mi\u00f1or e con CABE, pois nas elecci\u00f3ns do 2.019 as veci\u00f1as e veci\u00f1os d\u00e9ronlle a confianza maioritaria en forma dunha c\u00f3moda maior\u00eda absoluta. N\u00f3s acheg\u00e1monos ata o concello mi\u00f1orano e mantivemos unha ampla conversa co seu alcalde para co\u00f1ecer a s\u00faa visi\u00f3n da actualidade pol\u00edtica na s\u00faa localidade. Vela\u00ed vai o que deu de si","robots":{"index":"index","follow":"follow","max-snippet":"max-snippet:-1","max-image-preview":"max-image-preview:large","max-video-preview":"max-video-preview:-1"},"canonical":"https:\/\/www.anovapeneira.gal\/index.php\/2021\/05\/13\/paco-ferreira-alcalde-de-gondomar-3\/","og_locale":"gl_ES","og_type":"article","og_title":"Paco Ferreira Alcalde de Gondomar -","og_description":"O alcalde de Gondomar afronta o seu segundo mandato nunhas circunstancias aritm\u00e9ticas moi diferentes ao primeiro no que tivo que conformar un goberno tripartito con Manifesto Mi\u00f1or e con CABE, pois nas elecci\u00f3ns do 2.019 as veci\u00f1as e veci\u00f1os d\u00e9ronlle a confianza maioritaria en forma dunha c\u00f3moda maior\u00eda absoluta. N\u00f3s acheg\u00e1monos ata o concello mi\u00f1orano e mantivemos unha ampla conversa co seu alcalde para co\u00f1ecer a s\u00faa visi\u00f3n da actualidade pol\u00edtica na s\u00faa localidade. Vela\u00ed vai o que deu de si","og_url":"https:\/\/www.anovapeneira.gal\/index.php\/2021\/05\/13\/paco-ferreira-alcalde-de-gondomar-3\/","article_publisher":"https:\/\/www.facebook.com\/anovapeneira","article_published_time":"2021-05-13T08:00:42+00:00","og_image":[{"width":720,"height":432,"url":"https:\/\/www.anovapeneira.gal\/wp-content\/uploads\/2021\/05\/paco-ferreira-gondomar.jpg","type":"image\/jpeg"}],"author":"Redacci\u00f3n A Nova Peneira","twitter_card":"summary_large_image","twitter_creator":"@APeneira","twitter_site":"@APeneira","twitter_misc":{"Escrito por":"Redacci\u00f3n A Nova Peneira","Tempo de lectura":"8 minutos"},"schema":{"@context":"https:\/\/schema.org","@graph":[{"@type":"Article","@id":"https:\/\/www.anovapeneira.gal\/index.php\/2021\/05\/13\/paco-ferreira-alcalde-de-gondomar-3\/#article","isPartOf":{"@id":"https:\/\/www.anovapeneira.gal\/index.php\/2021\/05\/13\/paco-ferreira-alcalde-de-gondomar-3\/"},"author":{"name":"Redacci\u00f3n A Nova Peneira","@id":"https:\/\/www.anovapeneira.gal\/#\/schema\/person\/b93e3f8932e3f8da96334607eb6ac6aa"},"headline":"Paco Ferreira Alcalde de Gondomar","datePublished":"2021-05-13T08:00:42+00:00","mainEntityOfPage":{"@id":"https:\/\/www.anovapeneira.gal\/index.php\/2021\/05\/13\/paco-ferreira-alcalde-de-gondomar-3\/"},"wordCount":1848,"commentCount":0,"publisher":{"@id":"https:\/\/www.anovapeneira.gal\/#organization"},"image":{"@id":"https:\/\/www.anovapeneira.gal\/index.php\/2021\/05\/13\/paco-ferreira-alcalde-de-gondomar-3\/#primaryimage"},"thumbnailUrl":"https:\/\/www.anovapeneira.gal\/wp-content\/uploads\/2021\/05\/paco-ferreira-gondomar.jpg","keywords":["Concello de Gondomar"],"articleSection":["Val Mi\u00f1or"],"inLanguage":"gl-ES","potentialAction":[{"@type":"CommentAction","name":"Comment","target":["https:\/\/www.anovapeneira.gal\/index.php\/2021\/05\/13\/paco-ferreira-alcalde-de-gondomar-3\/#respond"]}]},{"@type":"WebPage","@id":"https:\/\/www.anovapeneira.gal\/index.php\/2021\/05\/13\/paco-ferreira-alcalde-de-gondomar-3\/","url":"https:\/\/www.anovapeneira.gal\/index.php\/2021\/05\/13\/paco-ferreira-alcalde-de-gondomar-3\/","name":"Paco Ferreira Alcalde de Gondomar -","isPartOf":{"@id":"https:\/\/www.anovapeneira.gal\/#website"},"primaryImageOfPage":{"@id":"https:\/\/www.anovapeneira.gal\/index.php\/2021\/05\/13\/paco-ferreira-alcalde-de-gondomar-3\/#primaryimage"},"image":{"@id":"https:\/\/www.anovapeneira.gal\/index.php\/2021\/05\/13\/paco-ferreira-alcalde-de-gondomar-3\/#primaryimage"},"thumbnailUrl":"https:\/\/www.anovapeneira.gal\/wp-content\/uploads\/2021\/05\/paco-ferreira-gondomar.jpg","datePublished":"2021-05-13T08:00:42+00:00","description":"O alcalde de Gondomar afronta o seu segundo mandato nunhas circunstancias aritm\u00e9ticas moi diferentes ao primeiro no que tivo que conformar un goberno tripartito con Manifesto Mi\u00f1or e con CABE, pois nas elecci\u00f3ns do 2.019 as veci\u00f1as e veci\u00f1os d\u00e9ronlle a confianza maioritaria en forma dunha c\u00f3moda maior\u00eda absoluta. N\u00f3s acheg\u00e1monos ata o concello mi\u00f1orano e mantivemos unha ampla conversa co seu alcalde para co\u00f1ecer a s\u00faa visi\u00f3n da actualidade pol\u00edtica na s\u00faa localidade. Vela\u00ed vai o que deu de si","breadcrumb":{"@id":"https:\/\/www.anovapeneira.gal\/index.php\/2021\/05\/13\/paco-ferreira-alcalde-de-gondomar-3\/#breadcrumb"},"inLanguage":"gl-ES","potentialAction":[{"@type":"ReadAction","target":["https:\/\/www.anovapeneira.gal\/index.php\/2021\/05\/13\/paco-ferreira-alcalde-de-gondomar-3\/"]}]},{"@type":"ImageObject","inLanguage":"gl-ES","@id":"https:\/\/www.anovapeneira.gal\/index.php\/2021\/05\/13\/paco-ferreira-alcalde-de-gondomar-3\/#primaryimage","url":"https:\/\/www.anovapeneira.gal\/wp-content\/uploads\/2021\/05\/paco-ferreira-gondomar.jpg","contentUrl":"https:\/\/www.anovapeneira.gal\/wp-content\/uploads\/2021\/05\/paco-ferreira-gondomar.jpg","width":720,"height":432,"caption":"Paco Ferreira Alcalde de Gondomar"},{"@type":"BreadcrumbList","@id":"https:\/\/www.anovapeneira.gal\/index.php\/2021\/05\/13\/paco-ferreira-alcalde-de-gondomar-3\/#breadcrumb","itemListElement":[{"@type":"ListItem","position":1,"name":"Portada","item":"https:\/\/www.anovapeneira.gal\/"},{"@type":"ListItem","position":2,"name":"Paco Ferreira Alcalde de Gondomar"}]},{"@type":"WebSite","@id":"https:\/\/www.anovapeneira.gal\/#website","url":"https:\/\/www.anovapeneira.gal\/","name":"","description":"Xornal galego de informaci\u00f3n xeral Publicaci\u00f3n mensual de novas de Galicia e en especial dos Concellos da sur da provincia de Pontevedra.","publisher":{"@id":"https:\/\/www.anovapeneira.gal\/#organization"},"potentialAction":[{"@type":"SearchAction","target":{"@type":"EntryPoint","urlTemplate":"https:\/\/www.anovapeneira.gal\/?s={search_term_string}"},"query-input":{"@type":"PropertyValueSpecification","valueRequired":true,"valueName":"search_term_string"}}],"inLanguage":"gl-ES"},{"@type":"Organization","@id":"https:\/\/www.anovapeneira.gal\/#organization","name":"A Nova Peneira","url":"https:\/\/www.anovapeneira.gal\/","logo":{"@type":"ImageObject","inLanguage":"gl-ES","@id":"https:\/\/www.anovapeneira.gal\/#\/schema\/logo\/image\/","url":"http:\/\/www.anovapeneira.gal\/wp-content\/uploads\/2019\/06\/logo_a_nova_peneira_portal_web.png","contentUrl":"http:\/\/www.anovapeneira.gal\/wp-content\/uploads\/2019\/06\/logo_a_nova_peneira_portal_web.png","width":300,"height":100,"caption":"A Nova Peneira"},"image":{"@id":"https:\/\/www.anovapeneira.gal\/#\/schema\/logo\/image\/"},"sameAs":["https:\/\/www.facebook.com\/anovapeneira","https:\/\/x.com\/APeneira"]},{"@type":"Person","@id":"https:\/\/www.anovapeneira.gal\/#\/schema\/person\/b93e3f8932e3f8da96334607eb6ac6aa","name":"Redacci\u00f3n A Nova Peneira","image":{"@type":"ImageObject","inLanguage":"gl-ES","@id":"https:\/\/secure.gravatar.com\/avatar\/c052a2551a06e23fac63626232eaa90abd78dbcf1700fc46a2b2c89fd27b735f?s=96&d=mm&r=g","url":"https:\/\/secure.gravatar.com\/avatar\/c052a2551a06e23fac63626232eaa90abd78dbcf1700fc46a2b2c89fd27b735f?s=96&d=mm&r=g","contentUrl":"https:\/\/secure.gravatar.com\/avatar\/c052a2551a06e23fac63626232eaa90abd78dbcf1700fc46a2b2c89fd27b735f?s=96&d=mm&r=g","caption":"Redacci\u00f3n A Nova Peneira"},"sameAs":["http:\/\/www.anovapeneira.gal\/"],"url":"https:\/\/www.anovapeneira.gal\/index.php\/author\/redactor\/"}]}},"jetpack_featured_media_url":"https:\/\/www.anovapeneira.gal\/wp-content\/uploads\/2021\/05\/paco-ferreira-gondomar.jpg","_links":{"self":[{"href":"https:\/\/www.anovapeneira.gal\/index.php\/wp-json\/wp\/v2\/posts\/5356","targetHints":{"allow":["GET"]}}],"collection":[{"href":"https:\/\/www.anovapeneira.gal\/index.php\/wp-json\/wp\/v2\/posts"}],"about":[{"href":"https:\/\/www.anovapeneira.gal\/index.php\/wp-json\/wp\/v2\/types\/post"}],"author":[{"embeddable":true,"href":"https:\/\/www.anovapeneira.gal\/index.php\/wp-json\/wp\/v2\/users\/3"}],"replies":[{"embeddable":true,"href":"https:\/\/www.anovapeneira.gal\/index.php\/wp-json\/wp\/v2\/comments?post=5356"}],"version-history":[{"count":1,"href":"https:\/\/www.anovapeneira.gal\/index.php\/wp-json\/wp\/v2\/posts\/5356\/revisions"}],"predecessor-version":[{"id":5358,"href":"https:\/\/www.anovapeneira.gal\/index.php\/wp-json\/wp\/v2\/posts\/5356\/revisions\/5358"}],"wp:featuredmedia":[{"embeddable":true,"href":"https:\/\/www.anovapeneira.gal\/index.php\/wp-json\/wp\/v2\/media\/5357"}],"wp:attachment":[{"href":"https:\/\/www.anovapeneira.gal\/index.php\/wp-json\/wp\/v2\/media?parent=5356"}],"wp:term":[{"taxonomy":"category","embeddable":true,"href":"https:\/\/www.anovapeneira.gal\/index.php\/wp-json\/wp\/v2\/categories?post=5356"},{"taxonomy":"post_tag","embeddable":true,"href":"https:\/\/www.anovapeneira.gal\/index.php\/wp-json\/wp\/v2\/tags?post=5356"}],"curies":[{"name":"wp","href":"https:\/\/api.w.org\/{rel}","templated":true}]}}