{"id":5359,"date":"2021-05-13T12:00:39","date_gmt":"2021-05-13T10:00:39","guid":{"rendered":"http:\/\/www.anovapeneira.gal\/?p=5359"},"modified":"2021-05-10T21:25:56","modified_gmt":"2021-05-10T19:25:56","slug":"ayuso-e-delacroix","status":"publish","type":"post","link":"https:\/\/www.anovapeneira.gal\/index.php\/2021\/05\/13\/ayuso-e-delacroix\/","title":{"rendered":"Ayuso e Delacroix"},"content":{"rendered":"\n<figure class=\"wp-block-image size-large is-resized is-style-default\"><img loading=\"lazy\" decoding=\"async\" src=\"http:\/\/www.anovapeneira.gal\/wp-content\/uploads\/2020\/03\/mestre_ceip_salvaterra_a_nova_peneira.jpg\" alt=\"Xo\u00e1n Carlos Caballero\" class=\"wp-image-2693\" width=\"95\" height=\"111\"\/><figcaption>Xo\u00e1n Carlos Caballero\n&#8211; Mestre no CEIP de Salvaterra<\/figcaption><\/figure>\n\n\n\n<p>O pasado martes na sede en funci\u00f3ns de G\u00e9nova 13, trala vitoria sobre o bloque de esquerdas, celebrouse a liberaci\u00f3n de Madrid. Coa palabra liberdade, cunha tapa de callos a la madrile\u00f1a, e dicir, con abundante \u201cmorro\u201d, moito \u201cchourizo\u201d e cunhas ca\u00f1as para favorecer a inxesta de tan indixesto programa electoral, foille suficiente para arrasar nas elecci\u00f3ns do 4M. Dentro de dous anos ter\u00e1 complicado mellorar esta receita se quere acadar uns resultados similares.<\/p>\n\n\n\n<p>Pero Isabel sabe que se pode alcanzar unha cota de liberdade a\u00ednda maior e sabedora disto convocar\u00e1 a Pere Navarro, director da DGT, para esixirlle que na capital a taxa de alcohol en sangue se incremente de 0,5 a 0,8 gramos, que era a legal en 1998, para deixar de reprimir aos cidad\u00e1ns que non se consideran o suficientemente libres tom\u00e1ndose tan s\u00f3 d\u00faas ca\u00f1as. Cunha medida tan sinxela, Madrid ser\u00e1 a\u00ednda m\u00e1is libre, ou menos escrava de leis que van en contra de como vivir a la madrile\u00f1a. Os seus habitantes poder\u00e1n tomar seis ou sete ca\u00f1as sen preocuparse de que logo unha patrulla de Tr\u00e1fico os pare para facerlle un control de alcoholemia. Hostaleiros, camareiros e chiquiteros ver\u00e1n esta proposta con moi bos ollos e ser\u00eda un xeito de agradecerlle o apoio masivo que lle deron nas elecci\u00f3ns. En materia impositiva, para as\u00ed cumprir co prometido en campa\u00f1a, baixar\u00e1 impostos en xeral, pero o sector cervexeiro ser\u00e1 o m\u00e1is beneficiado ao quedar exento de calquera pago tributario. Para seducir \u00e1 xuventude habilitar\u00e1 os botell\u00f3dromos que foron desmantelados en \u00e9pocas pret\u00e9ritas e que far\u00e1n da capital un referente para acoller a todos aqueles estudantes europeos que queiran facer un Erasmus en Espa\u00f1a. Polo que a pol\u00edtica de subvenci\u00f3ns se refire, en vez de \u201cregalarlle\u201d os cartos a titiriteiros como Bard\u00e9m e compa\u00f1\u00eda, os beneficiados coas axudas econ\u00f3micas ser\u00e1n as plantaci\u00f3ns de l\u00fapulo. Para os comunistas que se resisten a votala implementar\u00e1 plans quinquenais, ao estilo sovi\u00e9tico e chino, para producir e almacenar l\u00fapulo en caso de que ve\u00f1an anos de malas colleitas. Coa xerarqu\u00eda eclesi\u00e1stica de Madrid, asinar\u00e1 un concordato, para que San Miguel pase a ser o patr\u00f3n da comunidade, sempre e cando a internacional cervexeira pague un canon pola repercusi\u00f3n econ\u00f3mica que este acordo ter\u00eda para a empresa. San Isidro, patr\u00f3n da comunidade, para reconciliarse co colectivo LGTB, pasar\u00e1 a ser Santa Isidra. Ser\u00e1 recordada como a primeira presidenta do mundo en converter un santo nunha Drag Queen.<\/p>\n\n\n\n<p>E para finalizar e facer deste programa un \u00e9xito sen precedentes, o cartel electoral ser\u00e1 a obra de Eug\u00e8ne Delacroix A liberdade guiando a un pobo reprimido e secuestrado polo tirano Pedro S\u00e1nchez. A figura central do cadro ser\u00e1 substitu\u00edda pola de Isabel, a bandeira francesa pola estrelada vermella de Madrid e os seus peitos cubertos cun pano chulapo. Non hai madrile\u00f1o que se vaia resistir ante semellantes propostas e a vitoria en 2023 ser\u00e1 apabullante.<\/p>\n","protected":false},"excerpt":{"rendered":"<div class=\"mh-excerpt\"><p>O pasado martes na sede en funci\u00f3ns de G\u00e9nova 13, trala vitoria sobre o bloque de esquerdas, celebrouse a liberaci\u00f3n de Madrid. Coa palabra liberdade, cunha tapa de callos a la madrile\u00f1a, e dicir, con abundante \u201cmorro\u201d, moito \u201cchourizo\u201d e cunhas ca\u00f1as para favorecer a inxesta de tan indixesto programa electoral, foille suficiente para arrasar nas elecci\u00f3ns do 4M. Dentro de dous anos ter\u00e1 complicado mellorar esta receita se quere acadar uns resultados similares. <a class=\"mh-excerpt-more\" href=\"https:\/\/www.anovapeneira.gal\/index.php\/2021\/05\/13\/ayuso-e-delacroix\/\" title=\"Ayuso e Delacroix\">[&#8230;]<\/a><\/p>\n<\/div>","protected":false},"author":22,"featured_media":584,"comment_status":"open","ping_status":"open","sticky":false,"template":"","format":"standard","meta":{"_exactmetrics_skip_tracking":false,"_exactmetrics_sitenote_active":false,"_exactmetrics_sitenote_note":"","_exactmetrics_sitenote_category":0,"footnotes":""},"categories":[7],"tags":[],"class_list":{"0":"post-5359","1":"post","2":"type-post","3":"status-publish","4":"format-standard","5":"has-post-thumbnail","7":"category-artigos-de-opinion"},"yoast_head":"<!-- This site is optimized with the Yoast SEO plugin v27.5 - https:\/\/yoast.com\/product\/yoast-seo-wordpress\/ -->\n<title>Ayuso e Delacroix -<\/title>\n<meta name=\"description\" content=\"O pasado martes na sede en funci\u00f3ns de G\u00e9nova 13, trala vitoria sobre o bloque de esquerdas, celebrouse a liberaci\u00f3n de Madrid. Coa palabra liberdade, cunha tapa de callos a la madrile\u00f1a, e dicir, con abundante \u201cmorro\u201d, moito \u201cchourizo\u201d e cunhas ca\u00f1as para favorecer a inxesta de tan indixesto programa electoral, foille suficiente para arrasar nas elecci\u00f3ns do 4M. Dentro de dous anos ter\u00e1 complicado mellorar esta receita se quere acadar uns resultados similares.\" \/>\n<meta name=\"robots\" content=\"index, follow, max-snippet:-1, max-image-preview:large, max-video-preview:-1\" \/>\n<link rel=\"canonical\" href=\"https:\/\/www.anovapeneira.gal\/index.php\/2021\/05\/13\/ayuso-e-delacroix\/\" \/>\n<meta property=\"og:locale\" content=\"gl_ES\" \/>\n<meta property=\"og:type\" content=\"article\" \/>\n<meta property=\"og:title\" content=\"Ayuso e Delacroix - Xo\u00e1n Carlos Caballero\" \/>\n<meta property=\"og:description\" content=\"O pasado martes na sede en funci\u00f3ns de G\u00e9nova 13, trala vitoria sobre o bloque de esquerdas, celebrouse a liberaci\u00f3n de Madrid. Coa palabra liberdade, cunha tapa de callos a la madrile\u00f1a, e dicir, con abundante \u201cmorro\u201d, moito \u201cchourizo\u201d e cunhas ca\u00f1as para favorecer a inxesta de tan indixesto programa electoral, foille suficiente para arrasar nas elecci\u00f3ns do 4M. Dentro de dous anos ter\u00e1 complicado mellorar esta receita se quere acadar uns resultados similares.\" \/>\n<meta property=\"og:url\" content=\"https:\/\/www.anovapeneira.gal\/index.php\/2021\/05\/13\/ayuso-e-delacroix\/\" \/>\n<meta property=\"article:publisher\" content=\"https:\/\/www.facebook.com\/anovapeneira\" \/>\n<meta property=\"article:published_time\" content=\"2021-05-13T10:00:39+00:00\" \/>\n<meta property=\"og:image\" content=\"https:\/\/www.anovapeneira.gal\/wp-content\/uploads\/2019\/07\/ARTIGO_DE_OPINION_A_NOVA_PENEIRA.jpg\" \/>\n\t<meta property=\"og:image:width\" content=\"720\" \/>\n\t<meta property=\"og:image:height\" content=\"473\" \/>\n\t<meta property=\"og:image:type\" content=\"image\/jpeg\" \/>\n<meta name=\"author\" content=\"Xo\u00e1n Carlos Caballero\" \/>\n<meta name=\"twitter:card\" content=\"summary_large_image\" \/>\n<meta name=\"twitter:title\" content=\"Ayuso e Delacroix - Xo\u00e1n Carlos Caballero\" \/>\n<meta name=\"twitter:image\" content=\"https:\/\/www.anovapeneira.gal\/wp-content\/uploads\/2019\/07\/ARTIGO_DE_OPINION_A_NOVA_PENEIRA.jpg\" \/>\n<meta name=\"twitter:creator\" content=\"@APeneira\" \/>\n<meta name=\"twitter:site\" content=\"@APeneira\" \/>\n<meta name=\"twitter:label1\" content=\"Escrito por\" \/>\n\t<meta name=\"twitter:data1\" content=\"Xo\u00e1n Carlos Caballero\" \/>\n\t<meta name=\"twitter:label2\" content=\"Tempo de lectura\" \/>\n\t<meta name=\"twitter:data2\" content=\"3 minutos\" \/>\n<script type=\"application\/ld+json\" class=\"yoast-schema-graph\">{\"@context\":\"https:\\\/\\\/schema.org\",\"@graph\":[{\"@type\":\"Article\",\"@id\":\"https:\\\/\\\/www.anovapeneira.gal\\\/index.php\\\/2021\\\/05\\\/13\\\/ayuso-e-delacroix\\\/#article\",\"isPartOf\":{\"@id\":\"https:\\\/\\\/www.anovapeneira.gal\\\/index.php\\\/2021\\\/05\\\/13\\\/ayuso-e-delacroix\\\/\"},\"author\":{\"name\":\"Xo\u00e1n Carlos Caballero\",\"@id\":\"https:\\\/\\\/www.anovapeneira.gal\\\/#\\\/schema\\\/person\\\/1b50ea4c70279e2639668c02bf1674e5\"},\"headline\":\"Ayuso e Delacroix\",\"datePublished\":\"2021-05-13T10:00:39+00:00\",\"mainEntityOfPage\":{\"@id\":\"https:\\\/\\\/www.anovapeneira.gal\\\/index.php\\\/2021\\\/05\\\/13\\\/ayuso-e-delacroix\\\/\"},\"wordCount\":526,\"commentCount\":0,\"publisher\":{\"@id\":\"https:\\\/\\\/www.anovapeneira.gal\\\/#organization\"},\"image\":{\"@id\":\"https:\\\/\\\/www.anovapeneira.gal\\\/index.php\\\/2021\\\/05\\\/13\\\/ayuso-e-delacroix\\\/#primaryimage\"},\"thumbnailUrl\":\"https:\\\/\\\/www.anovapeneira.gal\\\/wp-content\\\/uploads\\\/2019\\\/07\\\/ARTIGO_DE_OPINION_A_NOVA_PENEIRA.jpg\",\"articleSection\":[\"Artigos de opini\u00f3n\"],\"inLanguage\":\"gl-ES\",\"potentialAction\":[{\"@type\":\"CommentAction\",\"name\":\"Comment\",\"target\":[\"https:\\\/\\\/www.anovapeneira.gal\\\/index.php\\\/2021\\\/05\\\/13\\\/ayuso-e-delacroix\\\/#respond\"]}]},{\"@type\":\"WebPage\",\"@id\":\"https:\\\/\\\/www.anovapeneira.gal\\\/index.php\\\/2021\\\/05\\\/13\\\/ayuso-e-delacroix\\\/\",\"url\":\"https:\\\/\\\/www.anovapeneira.gal\\\/index.php\\\/2021\\\/05\\\/13\\\/ayuso-e-delacroix\\\/\",\"name\":\"Ayuso e Delacroix -\",\"isPartOf\":{\"@id\":\"https:\\\/\\\/www.anovapeneira.gal\\\/#website\"},\"primaryImageOfPage\":{\"@id\":\"https:\\\/\\\/www.anovapeneira.gal\\\/index.php\\\/2021\\\/05\\\/13\\\/ayuso-e-delacroix\\\/#primaryimage\"},\"image\":{\"@id\":\"https:\\\/\\\/www.anovapeneira.gal\\\/index.php\\\/2021\\\/05\\\/13\\\/ayuso-e-delacroix\\\/#primaryimage\"},\"thumbnailUrl\":\"https:\\\/\\\/www.anovapeneira.gal\\\/wp-content\\\/uploads\\\/2019\\\/07\\\/ARTIGO_DE_OPINION_A_NOVA_PENEIRA.jpg\",\"datePublished\":\"2021-05-13T10:00:39+00:00\",\"description\":\"O pasado martes na sede en funci\u00f3ns de G\u00e9nova 13, trala vitoria sobre o bloque de esquerdas, celebrouse a liberaci\u00f3n de Madrid. Coa palabra liberdade, cunha tapa de callos a la madrile\u00f1a, e dicir, con abundante \u201cmorro\u201d, moito \u201cchourizo\u201d e cunhas ca\u00f1as para favorecer a inxesta de tan indixesto programa electoral, foille suficiente para arrasar nas elecci\u00f3ns do 4M. Dentro de dous anos ter\u00e1 complicado mellorar esta receita se quere acadar uns resultados similares.\",\"breadcrumb\":{\"@id\":\"https:\\\/\\\/www.anovapeneira.gal\\\/index.php\\\/2021\\\/05\\\/13\\\/ayuso-e-delacroix\\\/#breadcrumb\"},\"inLanguage\":\"gl-ES\",\"potentialAction\":[{\"@type\":\"ReadAction\",\"target\":[\"https:\\\/\\\/www.anovapeneira.gal\\\/index.php\\\/2021\\\/05\\\/13\\\/ayuso-e-delacroix\\\/\"]}]},{\"@type\":\"ImageObject\",\"inLanguage\":\"gl-ES\",\"@id\":\"https:\\\/\\\/www.anovapeneira.gal\\\/index.php\\\/2021\\\/05\\\/13\\\/ayuso-e-delacroix\\\/#primaryimage\",\"url\":\"https:\\\/\\\/www.anovapeneira.gal\\\/wp-content\\\/uploads\\\/2019\\\/07\\\/ARTIGO_DE_OPINION_A_NOVA_PENEIRA.jpg\",\"contentUrl\":\"https:\\\/\\\/www.anovapeneira.gal\\\/wp-content\\\/uploads\\\/2019\\\/07\\\/ARTIGO_DE_OPINION_A_NOVA_PENEIRA.jpg\",\"width\":720,\"height\":473,\"caption\":\"Artigo de opini\u00f3n A Nova Peneira\"},{\"@type\":\"BreadcrumbList\",\"@id\":\"https:\\\/\\\/www.anovapeneira.gal\\\/index.php\\\/2021\\\/05\\\/13\\\/ayuso-e-delacroix\\\/#breadcrumb\",\"itemListElement\":[{\"@type\":\"ListItem\",\"position\":1,\"name\":\"Portada\",\"item\":\"https:\\\/\\\/www.anovapeneira.gal\\\/\"},{\"@type\":\"ListItem\",\"position\":2,\"name\":\"Ayuso e Delacroix\"}]},{\"@type\":\"WebSite\",\"@id\":\"https:\\\/\\\/www.anovapeneira.gal\\\/#website\",\"url\":\"https:\\\/\\\/www.anovapeneira.gal\\\/\",\"name\":\"\",\"description\":\"Xornal galego de informaci\u00f3n xeral Publicaci\u00f3n mensual de novas de Galicia e en especial dos Concellos da sur da provincia de Pontevedra.\",\"publisher\":{\"@id\":\"https:\\\/\\\/www.anovapeneira.gal\\\/#organization\"},\"potentialAction\":[{\"@type\":\"SearchAction\",\"target\":{\"@type\":\"EntryPoint\",\"urlTemplate\":\"https:\\\/\\\/www.anovapeneira.gal\\\/?s={search_term_string}\"},\"query-input\":{\"@type\":\"PropertyValueSpecification\",\"valueRequired\":true,\"valueName\":\"search_term_string\"}}],\"inLanguage\":\"gl-ES\"},{\"@type\":\"Organization\",\"@id\":\"https:\\\/\\\/www.anovapeneira.gal\\\/#organization\",\"name\":\"A Nova Peneira\",\"url\":\"https:\\\/\\\/www.anovapeneira.gal\\\/\",\"logo\":{\"@type\":\"ImageObject\",\"inLanguage\":\"gl-ES\",\"@id\":\"https:\\\/\\\/www.anovapeneira.gal\\\/#\\\/schema\\\/logo\\\/image\\\/\",\"url\":\"http:\\\/\\\/www.anovapeneira.gal\\\/wp-content\\\/uploads\\\/2019\\\/06\\\/logo_a_nova_peneira_portal_web.png\",\"contentUrl\":\"http:\\\/\\\/www.anovapeneira.gal\\\/wp-content\\\/uploads\\\/2019\\\/06\\\/logo_a_nova_peneira_portal_web.png\",\"width\":300,\"height\":100,\"caption\":\"A Nova Peneira\"},\"image\":{\"@id\":\"https:\\\/\\\/www.anovapeneira.gal\\\/#\\\/schema\\\/logo\\\/image\\\/\"},\"sameAs\":[\"https:\\\/\\\/www.facebook.com\\\/anovapeneira\",\"https:\\\/\\\/x.com\\\/APeneira\"]},{\"@type\":\"Person\",\"@id\":\"https:\\\/\\\/www.anovapeneira.gal\\\/#\\\/schema\\\/person\\\/1b50ea4c70279e2639668c02bf1674e5\",\"name\":\"Xo\u00e1n Carlos Caballero\",\"image\":{\"@type\":\"ImageObject\",\"inLanguage\":\"gl-ES\",\"@id\":\"https:\\\/\\\/secure.gravatar.com\\\/avatar\\\/3527a74f68662d57f3183bf223473824f80a9c34a28b750bb59badaf22fb2f38?s=96&d=mm&r=g\",\"url\":\"https:\\\/\\\/secure.gravatar.com\\\/avatar\\\/3527a74f68662d57f3183bf223473824f80a9c34a28b750bb59badaf22fb2f38?s=96&d=mm&r=g\",\"contentUrl\":\"https:\\\/\\\/secure.gravatar.com\\\/avatar\\\/3527a74f68662d57f3183bf223473824f80a9c34a28b750bb59badaf22fb2f38?s=96&d=mm&r=g\",\"caption\":\"Xo\u00e1n Carlos Caballero\"},\"sameAs\":[\"http:\\\/\\\/anovapeneira.gal\"],\"url\":\"https:\\\/\\\/www.anovapeneira.gal\\\/index.php\\\/author\\\/xoan-carlos-caballero\\\/\"}]}<\/script>\n<!-- \/ Yoast SEO plugin. -->","yoast_head_json":{"title":"Ayuso e Delacroix -","description":"O pasado martes na sede en funci\u00f3ns de G\u00e9nova 13, trala vitoria sobre o bloque de esquerdas, celebrouse a liberaci\u00f3n de Madrid. Coa palabra liberdade, cunha tapa de callos a la madrile\u00f1a, e dicir, con abundante \u201cmorro\u201d, moito \u201cchourizo\u201d e cunhas ca\u00f1as para favorecer a inxesta de tan indixesto programa electoral, foille suficiente para arrasar nas elecci\u00f3ns do 4M. Dentro de dous anos ter\u00e1 complicado mellorar esta receita se quere acadar uns resultados similares.","robots":{"index":"index","follow":"follow","max-snippet":"max-snippet:-1","max-image-preview":"max-image-preview:large","max-video-preview":"max-video-preview:-1"},"canonical":"https:\/\/www.anovapeneira.gal\/index.php\/2021\/05\/13\/ayuso-e-delacroix\/","og_locale":"gl_ES","og_type":"article","og_title":"Ayuso e Delacroix - Xo\u00e1n Carlos Caballero","og_description":"O pasado martes na sede en funci\u00f3ns de G\u00e9nova 13, trala vitoria sobre o bloque de esquerdas, celebrouse a liberaci\u00f3n de Madrid. Coa palabra liberdade, cunha tapa de callos a la madrile\u00f1a, e dicir, con abundante \u201cmorro\u201d, moito \u201cchourizo\u201d e cunhas ca\u00f1as para favorecer a inxesta de tan indixesto programa electoral, foille suficiente para arrasar nas elecci\u00f3ns do 4M. Dentro de dous anos ter\u00e1 complicado mellorar esta receita se quere acadar uns resultados similares.","og_url":"https:\/\/www.anovapeneira.gal\/index.php\/2021\/05\/13\/ayuso-e-delacroix\/","article_publisher":"https:\/\/www.facebook.com\/anovapeneira","article_published_time":"2021-05-13T10:00:39+00:00","og_image":[{"width":720,"height":473,"url":"https:\/\/www.anovapeneira.gal\/wp-content\/uploads\/2019\/07\/ARTIGO_DE_OPINION_A_NOVA_PENEIRA.jpg","type":"image\/jpeg"}],"author":"Xo\u00e1n Carlos Caballero","twitter_card":"summary_large_image","twitter_title":"Ayuso e Delacroix - Xo\u00e1n Carlos Caballero","twitter_image":"https:\/\/www.anovapeneira.gal\/wp-content\/uploads\/2019\/07\/ARTIGO_DE_OPINION_A_NOVA_PENEIRA.jpg","twitter_creator":"@APeneira","twitter_site":"@APeneira","twitter_misc":{"Escrito por":"Xo\u00e1n Carlos Caballero","Tempo de lectura":"3 minutos"},"schema":{"@context":"https:\/\/schema.org","@graph":[{"@type":"Article","@id":"https:\/\/www.anovapeneira.gal\/index.php\/2021\/05\/13\/ayuso-e-delacroix\/#article","isPartOf":{"@id":"https:\/\/www.anovapeneira.gal\/index.php\/2021\/05\/13\/ayuso-e-delacroix\/"},"author":{"name":"Xo\u00e1n Carlos Caballero","@id":"https:\/\/www.anovapeneira.gal\/#\/schema\/person\/1b50ea4c70279e2639668c02bf1674e5"},"headline":"Ayuso e Delacroix","datePublished":"2021-05-13T10:00:39+00:00","mainEntityOfPage":{"@id":"https:\/\/www.anovapeneira.gal\/index.php\/2021\/05\/13\/ayuso-e-delacroix\/"},"wordCount":526,"commentCount":0,"publisher":{"@id":"https:\/\/www.anovapeneira.gal\/#organization"},"image":{"@id":"https:\/\/www.anovapeneira.gal\/index.php\/2021\/05\/13\/ayuso-e-delacroix\/#primaryimage"},"thumbnailUrl":"https:\/\/www.anovapeneira.gal\/wp-content\/uploads\/2019\/07\/ARTIGO_DE_OPINION_A_NOVA_PENEIRA.jpg","articleSection":["Artigos de opini\u00f3n"],"inLanguage":"gl-ES","potentialAction":[{"@type":"CommentAction","name":"Comment","target":["https:\/\/www.anovapeneira.gal\/index.php\/2021\/05\/13\/ayuso-e-delacroix\/#respond"]}]},{"@type":"WebPage","@id":"https:\/\/www.anovapeneira.gal\/index.php\/2021\/05\/13\/ayuso-e-delacroix\/","url":"https:\/\/www.anovapeneira.gal\/index.php\/2021\/05\/13\/ayuso-e-delacroix\/","name":"Ayuso e Delacroix -","isPartOf":{"@id":"https:\/\/www.anovapeneira.gal\/#website"},"primaryImageOfPage":{"@id":"https:\/\/www.anovapeneira.gal\/index.php\/2021\/05\/13\/ayuso-e-delacroix\/#primaryimage"},"image":{"@id":"https:\/\/www.anovapeneira.gal\/index.php\/2021\/05\/13\/ayuso-e-delacroix\/#primaryimage"},"thumbnailUrl":"https:\/\/www.anovapeneira.gal\/wp-content\/uploads\/2019\/07\/ARTIGO_DE_OPINION_A_NOVA_PENEIRA.jpg","datePublished":"2021-05-13T10:00:39+00:00","description":"O pasado martes na sede en funci\u00f3ns de G\u00e9nova 13, trala vitoria sobre o bloque de esquerdas, celebrouse a liberaci\u00f3n de Madrid. Coa palabra liberdade, cunha tapa de callos a la madrile\u00f1a, e dicir, con abundante \u201cmorro\u201d, moito \u201cchourizo\u201d e cunhas ca\u00f1as para favorecer a inxesta de tan indixesto programa electoral, foille suficiente para arrasar nas elecci\u00f3ns do 4M. Dentro de dous anos ter\u00e1 complicado mellorar esta receita se quere acadar uns resultados similares.","breadcrumb":{"@id":"https:\/\/www.anovapeneira.gal\/index.php\/2021\/05\/13\/ayuso-e-delacroix\/#breadcrumb"},"inLanguage":"gl-ES","potentialAction":[{"@type":"ReadAction","target":["https:\/\/www.anovapeneira.gal\/index.php\/2021\/05\/13\/ayuso-e-delacroix\/"]}]},{"@type":"ImageObject","inLanguage":"gl-ES","@id":"https:\/\/www.anovapeneira.gal\/index.php\/2021\/05\/13\/ayuso-e-delacroix\/#primaryimage","url":"https:\/\/www.anovapeneira.gal\/wp-content\/uploads\/2019\/07\/ARTIGO_DE_OPINION_A_NOVA_PENEIRA.jpg","contentUrl":"https:\/\/www.anovapeneira.gal\/wp-content\/uploads\/2019\/07\/ARTIGO_DE_OPINION_A_NOVA_PENEIRA.jpg","width":720,"height":473,"caption":"Artigo de opini\u00f3n A Nova Peneira"},{"@type":"BreadcrumbList","@id":"https:\/\/www.anovapeneira.gal\/index.php\/2021\/05\/13\/ayuso-e-delacroix\/#breadcrumb","itemListElement":[{"@type":"ListItem","position":1,"name":"Portada","item":"https:\/\/www.anovapeneira.gal\/"},{"@type":"ListItem","position":2,"name":"Ayuso e Delacroix"}]},{"@type":"WebSite","@id":"https:\/\/www.anovapeneira.gal\/#website","url":"https:\/\/www.anovapeneira.gal\/","name":"","description":"Xornal galego de informaci\u00f3n xeral Publicaci\u00f3n mensual de novas de Galicia e en especial dos Concellos da sur da provincia de Pontevedra.","publisher":{"@id":"https:\/\/www.anovapeneira.gal\/#organization"},"potentialAction":[{"@type":"SearchAction","target":{"@type":"EntryPoint","urlTemplate":"https:\/\/www.anovapeneira.gal\/?s={search_term_string}"},"query-input":{"@type":"PropertyValueSpecification","valueRequired":true,"valueName":"search_term_string"}}],"inLanguage":"gl-ES"},{"@type":"Organization","@id":"https:\/\/www.anovapeneira.gal\/#organization","name":"A Nova Peneira","url":"https:\/\/www.anovapeneira.gal\/","logo":{"@type":"ImageObject","inLanguage":"gl-ES","@id":"https:\/\/www.anovapeneira.gal\/#\/schema\/logo\/image\/","url":"http:\/\/www.anovapeneira.gal\/wp-content\/uploads\/2019\/06\/logo_a_nova_peneira_portal_web.png","contentUrl":"http:\/\/www.anovapeneira.gal\/wp-content\/uploads\/2019\/06\/logo_a_nova_peneira_portal_web.png","width":300,"height":100,"caption":"A Nova Peneira"},"image":{"@id":"https:\/\/www.anovapeneira.gal\/#\/schema\/logo\/image\/"},"sameAs":["https:\/\/www.facebook.com\/anovapeneira","https:\/\/x.com\/APeneira"]},{"@type":"Person","@id":"https:\/\/www.anovapeneira.gal\/#\/schema\/person\/1b50ea4c70279e2639668c02bf1674e5","name":"Xo\u00e1n Carlos Caballero","image":{"@type":"ImageObject","inLanguage":"gl-ES","@id":"https:\/\/secure.gravatar.com\/avatar\/3527a74f68662d57f3183bf223473824f80a9c34a28b750bb59badaf22fb2f38?s=96&d=mm&r=g","url":"https:\/\/secure.gravatar.com\/avatar\/3527a74f68662d57f3183bf223473824f80a9c34a28b750bb59badaf22fb2f38?s=96&d=mm&r=g","contentUrl":"https:\/\/secure.gravatar.com\/avatar\/3527a74f68662d57f3183bf223473824f80a9c34a28b750bb59badaf22fb2f38?s=96&d=mm&r=g","caption":"Xo\u00e1n Carlos Caballero"},"sameAs":["http:\/\/anovapeneira.gal"],"url":"https:\/\/www.anovapeneira.gal\/index.php\/author\/xoan-carlos-caballero\/"}]}},"jetpack_featured_media_url":"https:\/\/www.anovapeneira.gal\/wp-content\/uploads\/2019\/07\/ARTIGO_DE_OPINION_A_NOVA_PENEIRA.jpg","_links":{"self":[{"href":"https:\/\/www.anovapeneira.gal\/index.php\/wp-json\/wp\/v2\/posts\/5359","targetHints":{"allow":["GET"]}}],"collection":[{"href":"https:\/\/www.anovapeneira.gal\/index.php\/wp-json\/wp\/v2\/posts"}],"about":[{"href":"https:\/\/www.anovapeneira.gal\/index.php\/wp-json\/wp\/v2\/types\/post"}],"author":[{"embeddable":true,"href":"https:\/\/www.anovapeneira.gal\/index.php\/wp-json\/wp\/v2\/users\/22"}],"replies":[{"embeddable":true,"href":"https:\/\/www.anovapeneira.gal\/index.php\/wp-json\/wp\/v2\/comments?post=5359"}],"version-history":[{"count":1,"href":"https:\/\/www.anovapeneira.gal\/index.php\/wp-json\/wp\/v2\/posts\/5359\/revisions"}],"predecessor-version":[{"id":5360,"href":"https:\/\/www.anovapeneira.gal\/index.php\/wp-json\/wp\/v2\/posts\/5359\/revisions\/5360"}],"wp:featuredmedia":[{"embeddable":true,"href":"https:\/\/www.anovapeneira.gal\/index.php\/wp-json\/wp\/v2\/media\/584"}],"wp:attachment":[{"href":"https:\/\/www.anovapeneira.gal\/index.php\/wp-json\/wp\/v2\/media?parent=5359"}],"wp:term":[{"taxonomy":"category","embeddable":true,"href":"https:\/\/www.anovapeneira.gal\/index.php\/wp-json\/wp\/v2\/categories?post=5359"},{"taxonomy":"post_tag","embeddable":true,"href":"https:\/\/www.anovapeneira.gal\/index.php\/wp-json\/wp\/v2\/tags?post=5359"}],"curies":[{"name":"wp","href":"https:\/\/api.w.org\/{rel}","templated":true}]}}