{"id":536,"date":"2019-07-23T23:00:19","date_gmt":"2019-07-23T21:00:19","guid":{"rendered":"http:\/\/www.anovapeneira.gal\/?p=536"},"modified":"2019-07-24T08:27:42","modified_gmt":"2019-07-24T06:27:42","slug":"ponte-caldelas-racionaliza-o-seu-trafico-aposta-pola-praza-de-espana-e-gana-case-200-aparcamentos","status":"publish","type":"post","link":"https:\/\/www.anovapeneira.gal\/index.php\/2019\/07\/23\/ponte-caldelas-racionaliza-o-seu-trafico-aposta-pola-praza-de-espana-e-gana-case-200-aparcamentos\/","title":{"rendered":"Ponte Caldelas racionaliza o seu tr\u00e1fico, aposta pola praza de Espa\u00f1a e ga\u00f1a case 200 aparcamentos"},"content":{"rendered":"\n<h2 class=\"wp-block-heading\">O Concello detecta un incremento no n\u00famero de visitantes e contin\u00faa a dar pasos para mellorala capacidade de estacionamento<\/h2>\n\n\n\n<p><strong>Ponte Caldelas, 10 de xullo de 2019<\/strong><\/p>\n\n\n\n<p>Implantar os sentidos de circulaci\u00f3n definitivos, incrementar o n\u00famero de prazas de aparcamento no centro urbano e reforzar o car\u00e1cter peonil da praza de Espa\u00f1a son os tres eixes da \u00faltima fase do plan de humanizaci\u00f3n da vila termal emprendido polo Concello de Ponte Caldelas.<\/p>\n\n\n\n<p>\nO traballo comezou este martes co\npintado parcial da avenida de Vigo e rematar\u00e1 o xoves nesta mesma\nr\u00faa, na nova rotonda presidida pola fonte do chafar\u00eds ao lado da\nludoteca, as\u00ed como na contorna da Praza de Abastos.<\/p>\n\n\n\n<p>\nA avenida de Vigo quedar\u00e1 en\nsentido \u00fanico de sa\u00edda dende o cruzamento con Rosal\u00eda de Castro\n(ao lado do parque infantil). A r\u00faa pasar\u00e1 a acoller unha gran\nbolsa de aparcamento en bater\u00eda, con capacidade para case 200 coches\nata a ponte vella. Os residentes nos \u00faltimos  edificios da avenida \nde Vigo dispor\u00e1n da posibilidade de circular en direcci\u00f3n ao centro\npolo paseo do r\u00edo.<\/p>\n\n\n\n<p>\nA avenida de Vigo queda as\u00ed xa\ncoa s\u00faa ordenaci\u00f3n viaria definitiva, toda vez que o grupo de\ngoberno que preside Andr\u00e9s D\u00edaz, planea acometer unha obra de\nurbanizaci\u00f3n integral nesta r\u00faa para redondealo proxecto da\nEstaci\u00f3n Termal.<\/p>\n\n\n\n<p>\nPonte Caldelas necesita ga\u00f1ar\naparcamento, subli\u00f1a o alcalde, para seguir crecendo como centro\ncomercial e de lecer para os habitantes de toda a contorna. O\nConcello tam\u00e9n traballa na habilitaci\u00f3n de dous aparcamentos na\ncontorna do instituto e detr\u00e1s da ludoteca, pero  estas obras, que\nhabilitar\u00e1n preto de 400 prazas, a\u00ednda tardar\u00e1n un tempo en\nmaterializarse. Xa hai acordos de adquisici\u00f3n cos propietarios.<\/p>\n\n\n\n<p>\nAndr\u00e9s D\u00edaz indica que a\npol\u00edtica municipal de facilitalo aparcamento na vila encaixa no\nmodelo de servizos ao visitante,  especialmente unha vez que entre en\nfuncionamento a Estaci\u00f3n Termal, que vai supo\u00f1er un polo de\natracci\u00f3n e, por tanto, un incremento na circulaci\u00f3n rodada. \u201cO\naparcamento \u00e9 un problema en t\u00f3dalas vilas e cidades\u201d, recalcou,\n\u201ce n\u00f3s queremos, a partir da realidade f\u00edsica da Ponte Caldelas\nactual, dar pasos para resolvelo\u201d.<\/p>\n\n\n\n<p>\nO segundo cambio de\ntranscendencia \u00e9 o corte ao tr\u00e1fico da r\u00faa Mar\u00edn, polo que a\npraza de Espa\u00f1a ga\u00f1a en car\u00e1cter peonil. Os residentes sair\u00e1n por\ndiante da Casa da Cultura. Unha medida necesaria diante da \u201cocupaci\u00f3n\ncivil\u201d deste novo e gran espazo urbano polos nenos e as familias. A\npraza de Espa\u00f1a, que agora \u00e9 un aut\u00e9ntico centro de convivencia\ncidad\u00e1, ver\u00e1 as\u00ed moi reducido o seu tr\u00e1fico pasante, que xa s\u00f3\nchegar\u00e1 dende a r\u00faa Rosal\u00eda de Castro, inclu\u00eddos os bus\nescolares, que s\u00f3 dispo\u00f1en deste itinerario de sa\u00edda.<\/p>\n","protected":false},"excerpt":{"rendered":"<div class=\"mh-excerpt\"><p>O Concello detecta un incremento no n\u00famero de visitantes e contin\u00faa a dar pasos para mellorala capacidade de estacionamento <a class=\"mh-excerpt-more\" href=\"https:\/\/www.anovapeneira.gal\/index.php\/2019\/07\/23\/ponte-caldelas-racionaliza-o-seu-trafico-aposta-pola-praza-de-espana-e-gana-case-200-aparcamentos\/\" title=\"Ponte Caldelas racionaliza o seu tr\u00e1fico, aposta pola praza de Espa\u00f1a e ga\u00f1a case 200 aparcamentos\">[&#8230;]<\/a><\/p>\n<\/div>","protected":false},"author":3,"featured_media":538,"comment_status":"open","ping_status":"open","sticky":false,"template":"","format":"standard","meta":{"_exactmetrics_skip_tracking":false,"_exactmetrics_sitenote_active":false,"_exactmetrics_sitenote_note":"","_exactmetrics_sitenote_category":0,"footnotes":""},"categories":[26],"tags":[128,217,121,216],"class_list":{"0":"post-536","1":"post","2":"type-post","3":"status-publish","4":"format-standard","5":"has-post-thumbnail","7":"category-pontevedra","8":"tag-concello-de-ponte-caldelas","9":"tag-estacionamiento","10":"tag-fomento","11":"tag-trafico"},"yoast_head":"<!-- This site is optimized with the Yoast SEO plugin v27.4 - https:\/\/yoast.com\/product\/yoast-seo-wordpress\/ -->\n<title>Ponte Caldelas racionaliza o seu tr\u00e1fico, aposta pola praza de Espa\u00f1a e ga\u00f1a case 200 aparcamentos -<\/title>\n<meta name=\"robots\" content=\"index, follow, max-snippet:-1, max-image-preview:large, max-video-preview:-1\" \/>\n<link rel=\"canonical\" href=\"https:\/\/www.anovapeneira.gal\/index.php\/2019\/07\/23\/ponte-caldelas-racionaliza-o-seu-trafico-aposta-pola-praza-de-espana-e-gana-case-200-aparcamentos\/\" \/>\n<meta property=\"og:locale\" content=\"gl_ES\" \/>\n<meta property=\"og:type\" content=\"article\" \/>\n<meta property=\"og:title\" content=\"Ponte Caldelas racionaliza o seu tr\u00e1fico, aposta pola praza de Espa\u00f1a e ga\u00f1a case 200 aparcamentos -\" \/>\n<meta property=\"og:description\" content=\"O Concello detecta un incremento no n\u00famero de visitantes e contin\u00faa a dar pasos para mellorala capacidade de estacionamento [...]\" \/>\n<meta property=\"og:url\" content=\"https:\/\/www.anovapeneira.gal\/index.php\/2019\/07\/23\/ponte-caldelas-racionaliza-o-seu-trafico-aposta-pola-praza-de-espana-e-gana-case-200-aparcamentos\/\" \/>\n<meta property=\"article:publisher\" content=\"https:\/\/www.facebook.com\/anovapeneira\" \/>\n<meta property=\"article:published_time\" content=\"2019-07-23T21:00:19+00:00\" \/>\n<meta property=\"article:modified_time\" content=\"2019-07-24T06:27:42+00:00\" \/>\n<meta property=\"og:image\" content=\"https:\/\/www.anovapeneira.gal\/wp-content\/uploads\/2019\/07\/Pintado_avenida_de_Vigo_a_nova_peneira.jpg\" \/>\n\t<meta property=\"og:image:width\" content=\"720\" \/>\n\t<meta property=\"og:image:height\" content=\"473\" \/>\n\t<meta property=\"og:image:type\" content=\"image\/jpeg\" \/>\n<meta name=\"author\" content=\"Redacci\u00f3n A Nova Peneira\" \/>\n<meta name=\"twitter:card\" content=\"summary_large_image\" \/>\n<meta name=\"twitter:creator\" content=\"@APeneira\" \/>\n<meta name=\"twitter:site\" content=\"@APeneira\" \/>\n<meta name=\"twitter:label1\" content=\"Escrito por\" \/>\n\t<meta name=\"twitter:data1\" content=\"Redacci\u00f3n A Nova Peneira\" \/>\n\t<meta name=\"twitter:label2\" content=\"Tempo de lectura\" \/>\n\t<meta name=\"twitter:data2\" content=\"2 minutos\" \/>\n<script type=\"application\/ld+json\" class=\"yoast-schema-graph\">{\"@context\":\"https:\\\/\\\/schema.org\",\"@graph\":[{\"@type\":\"Article\",\"@id\":\"https:\\\/\\\/www.anovapeneira.gal\\\/index.php\\\/2019\\\/07\\\/23\\\/ponte-caldelas-racionaliza-o-seu-trafico-aposta-pola-praza-de-espana-e-gana-case-200-aparcamentos\\\/#article\",\"isPartOf\":{\"@id\":\"https:\\\/\\\/www.anovapeneira.gal\\\/index.php\\\/2019\\\/07\\\/23\\\/ponte-caldelas-racionaliza-o-seu-trafico-aposta-pola-praza-de-espana-e-gana-case-200-aparcamentos\\\/\"},\"author\":{\"name\":\"Redacci\u00f3n A Nova Peneira\",\"@id\":\"https:\\\/\\\/www.anovapeneira.gal\\\/#\\\/schema\\\/person\\\/b93e3f8932e3f8da96334607eb6ac6aa\"},\"headline\":\"Ponte Caldelas racionaliza o seu tr\u00e1fico, aposta pola praza de Espa\u00f1a e ga\u00f1a case 200 aparcamentos\",\"datePublished\":\"2019-07-23T21:00:19+00:00\",\"dateModified\":\"2019-07-24T06:27:42+00:00\",\"mainEntityOfPage\":{\"@id\":\"https:\\\/\\\/www.anovapeneira.gal\\\/index.php\\\/2019\\\/07\\\/23\\\/ponte-caldelas-racionaliza-o-seu-trafico-aposta-pola-praza-de-espana-e-gana-case-200-aparcamentos\\\/\"},\"wordCount\":509,\"commentCount\":0,\"publisher\":{\"@id\":\"https:\\\/\\\/www.anovapeneira.gal\\\/#organization\"},\"image\":{\"@id\":\"https:\\\/\\\/www.anovapeneira.gal\\\/index.php\\\/2019\\\/07\\\/23\\\/ponte-caldelas-racionaliza-o-seu-trafico-aposta-pola-praza-de-espana-e-gana-case-200-aparcamentos\\\/#primaryimage\"},\"thumbnailUrl\":\"https:\\\/\\\/www.anovapeneira.gal\\\/wp-content\\\/uploads\\\/2019\\\/07\\\/Pintado_avenida_de_Vigo_a_nova_peneira.jpg\",\"keywords\":[\"Concello de Ponte Caldelas\",\"Estacionamiento\",\"Fomento\",\"Tr\u00e1fico\"],\"articleSection\":[\"Pontevedra\"],\"inLanguage\":\"gl-ES\",\"potentialAction\":[{\"@type\":\"CommentAction\",\"name\":\"Comment\",\"target\":[\"https:\\\/\\\/www.anovapeneira.gal\\\/index.php\\\/2019\\\/07\\\/23\\\/ponte-caldelas-racionaliza-o-seu-trafico-aposta-pola-praza-de-espana-e-gana-case-200-aparcamentos\\\/#respond\"]}]},{\"@type\":\"WebPage\",\"@id\":\"https:\\\/\\\/www.anovapeneira.gal\\\/index.php\\\/2019\\\/07\\\/23\\\/ponte-caldelas-racionaliza-o-seu-trafico-aposta-pola-praza-de-espana-e-gana-case-200-aparcamentos\\\/\",\"url\":\"https:\\\/\\\/www.anovapeneira.gal\\\/index.php\\\/2019\\\/07\\\/23\\\/ponte-caldelas-racionaliza-o-seu-trafico-aposta-pola-praza-de-espana-e-gana-case-200-aparcamentos\\\/\",\"name\":\"Ponte Caldelas racionaliza o seu tr\u00e1fico, aposta pola praza de Espa\u00f1a e ga\u00f1a case 200 aparcamentos -\",\"isPartOf\":{\"@id\":\"https:\\\/\\\/www.anovapeneira.gal\\\/#website\"},\"primaryImageOfPage\":{\"@id\":\"https:\\\/\\\/www.anovapeneira.gal\\\/index.php\\\/2019\\\/07\\\/23\\\/ponte-caldelas-racionaliza-o-seu-trafico-aposta-pola-praza-de-espana-e-gana-case-200-aparcamentos\\\/#primaryimage\"},\"image\":{\"@id\":\"https:\\\/\\\/www.anovapeneira.gal\\\/index.php\\\/2019\\\/07\\\/23\\\/ponte-caldelas-racionaliza-o-seu-trafico-aposta-pola-praza-de-espana-e-gana-case-200-aparcamentos\\\/#primaryimage\"},\"thumbnailUrl\":\"https:\\\/\\\/www.anovapeneira.gal\\\/wp-content\\\/uploads\\\/2019\\\/07\\\/Pintado_avenida_de_Vigo_a_nova_peneira.jpg\",\"datePublished\":\"2019-07-23T21:00:19+00:00\",\"dateModified\":\"2019-07-24T06:27:42+00:00\",\"breadcrumb\":{\"@id\":\"https:\\\/\\\/www.anovapeneira.gal\\\/index.php\\\/2019\\\/07\\\/23\\\/ponte-caldelas-racionaliza-o-seu-trafico-aposta-pola-praza-de-espana-e-gana-case-200-aparcamentos\\\/#breadcrumb\"},\"inLanguage\":\"gl-ES\",\"potentialAction\":[{\"@type\":\"ReadAction\",\"target\":[\"https:\\\/\\\/www.anovapeneira.gal\\\/index.php\\\/2019\\\/07\\\/23\\\/ponte-caldelas-racionaliza-o-seu-trafico-aposta-pola-praza-de-espana-e-gana-case-200-aparcamentos\\\/\"]}]},{\"@type\":\"ImageObject\",\"inLanguage\":\"gl-ES\",\"@id\":\"https:\\\/\\\/www.anovapeneira.gal\\\/index.php\\\/2019\\\/07\\\/23\\\/ponte-caldelas-racionaliza-o-seu-trafico-aposta-pola-praza-de-espana-e-gana-case-200-aparcamentos\\\/#primaryimage\",\"url\":\"https:\\\/\\\/www.anovapeneira.gal\\\/wp-content\\\/uploads\\\/2019\\\/07\\\/Pintado_avenida_de_Vigo_a_nova_peneira.jpg\",\"contentUrl\":\"https:\\\/\\\/www.anovapeneira.gal\\\/wp-content\\\/uploads\\\/2019\\\/07\\\/Pintado_avenida_de_Vigo_a_nova_peneira.jpg\",\"width\":720,\"height\":473,\"caption\":\"Ponte Caldelas racionaliza o seu tr\u00e1fico Concello Ponte Caldelas A Nova Peneira\"},{\"@type\":\"BreadcrumbList\",\"@id\":\"https:\\\/\\\/www.anovapeneira.gal\\\/index.php\\\/2019\\\/07\\\/23\\\/ponte-caldelas-racionaliza-o-seu-trafico-aposta-pola-praza-de-espana-e-gana-case-200-aparcamentos\\\/#breadcrumb\",\"itemListElement\":[{\"@type\":\"ListItem\",\"position\":1,\"name\":\"Portada\",\"item\":\"https:\\\/\\\/www.anovapeneira.gal\\\/\"},{\"@type\":\"ListItem\",\"position\":2,\"name\":\"Ponte Caldelas racionaliza o seu tr\u00e1fico, aposta pola praza de Espa\u00f1a e ga\u00f1a case 200 aparcamentos\"}]},{\"@type\":\"WebSite\",\"@id\":\"https:\\\/\\\/www.anovapeneira.gal\\\/#website\",\"url\":\"https:\\\/\\\/www.anovapeneira.gal\\\/\",\"name\":\"\",\"description\":\"Xornal galego de informaci\u00f3n xeral Publicaci\u00f3n mensual de novas de Galicia e en especial dos Concellos da sur da provincia de Pontevedra.\",\"publisher\":{\"@id\":\"https:\\\/\\\/www.anovapeneira.gal\\\/#organization\"},\"potentialAction\":[{\"@type\":\"SearchAction\",\"target\":{\"@type\":\"EntryPoint\",\"urlTemplate\":\"https:\\\/\\\/www.anovapeneira.gal\\\/?s={search_term_string}\"},\"query-input\":{\"@type\":\"PropertyValueSpecification\",\"valueRequired\":true,\"valueName\":\"search_term_string\"}}],\"inLanguage\":\"gl-ES\"},{\"@type\":\"Organization\",\"@id\":\"https:\\\/\\\/www.anovapeneira.gal\\\/#organization\",\"name\":\"A Nova Peneira\",\"url\":\"https:\\\/\\\/www.anovapeneira.gal\\\/\",\"logo\":{\"@type\":\"ImageObject\",\"inLanguage\":\"gl-ES\",\"@id\":\"https:\\\/\\\/www.anovapeneira.gal\\\/#\\\/schema\\\/logo\\\/image\\\/\",\"url\":\"http:\\\/\\\/www.anovapeneira.gal\\\/wp-content\\\/uploads\\\/2019\\\/06\\\/logo_a_nova_peneira_portal_web.png\",\"contentUrl\":\"http:\\\/\\\/www.anovapeneira.gal\\\/wp-content\\\/uploads\\\/2019\\\/06\\\/logo_a_nova_peneira_portal_web.png\",\"width\":300,\"height\":100,\"caption\":\"A Nova Peneira\"},\"image\":{\"@id\":\"https:\\\/\\\/www.anovapeneira.gal\\\/#\\\/schema\\\/logo\\\/image\\\/\"},\"sameAs\":[\"https:\\\/\\\/www.facebook.com\\\/anovapeneira\",\"https:\\\/\\\/x.com\\\/APeneira\"]},{\"@type\":\"Person\",\"@id\":\"https:\\\/\\\/www.anovapeneira.gal\\\/#\\\/schema\\\/person\\\/b93e3f8932e3f8da96334607eb6ac6aa\",\"name\":\"Redacci\u00f3n A Nova Peneira\",\"image\":{\"@type\":\"ImageObject\",\"inLanguage\":\"gl-ES\",\"@id\":\"https:\\\/\\\/secure.gravatar.com\\\/avatar\\\/c052a2551a06e23fac63626232eaa90abd78dbcf1700fc46a2b2c89fd27b735f?s=96&d=mm&r=g\",\"url\":\"https:\\\/\\\/secure.gravatar.com\\\/avatar\\\/c052a2551a06e23fac63626232eaa90abd78dbcf1700fc46a2b2c89fd27b735f?s=96&d=mm&r=g\",\"contentUrl\":\"https:\\\/\\\/secure.gravatar.com\\\/avatar\\\/c052a2551a06e23fac63626232eaa90abd78dbcf1700fc46a2b2c89fd27b735f?s=96&d=mm&r=g\",\"caption\":\"Redacci\u00f3n A Nova Peneira\"},\"sameAs\":[\"http:\\\/\\\/www.anovapeneira.gal\\\/\"],\"url\":\"https:\\\/\\\/www.anovapeneira.gal\\\/index.php\\\/author\\\/redactor\\\/\"}]}<\/script>\n<!-- \/ Yoast SEO plugin. -->","yoast_head_json":{"title":"Ponte Caldelas racionaliza o seu tr\u00e1fico, aposta pola praza de Espa\u00f1a e ga\u00f1a case 200 aparcamentos -","robots":{"index":"index","follow":"follow","max-snippet":"max-snippet:-1","max-image-preview":"max-image-preview:large","max-video-preview":"max-video-preview:-1"},"canonical":"https:\/\/www.anovapeneira.gal\/index.php\/2019\/07\/23\/ponte-caldelas-racionaliza-o-seu-trafico-aposta-pola-praza-de-espana-e-gana-case-200-aparcamentos\/","og_locale":"gl_ES","og_type":"article","og_title":"Ponte Caldelas racionaliza o seu tr\u00e1fico, aposta pola praza de Espa\u00f1a e ga\u00f1a case 200 aparcamentos -","og_description":"O Concello detecta un incremento no n\u00famero de visitantes e contin\u00faa a dar pasos para mellorala capacidade de estacionamento [...]","og_url":"https:\/\/www.anovapeneira.gal\/index.php\/2019\/07\/23\/ponte-caldelas-racionaliza-o-seu-trafico-aposta-pola-praza-de-espana-e-gana-case-200-aparcamentos\/","article_publisher":"https:\/\/www.facebook.com\/anovapeneira","article_published_time":"2019-07-23T21:00:19+00:00","article_modified_time":"2019-07-24T06:27:42+00:00","og_image":[{"width":720,"height":473,"url":"https:\/\/www.anovapeneira.gal\/wp-content\/uploads\/2019\/07\/Pintado_avenida_de_Vigo_a_nova_peneira.jpg","type":"image\/jpeg"}],"author":"Redacci\u00f3n A Nova Peneira","twitter_card":"summary_large_image","twitter_creator":"@APeneira","twitter_site":"@APeneira","twitter_misc":{"Escrito por":"Redacci\u00f3n A Nova Peneira","Tempo de lectura":"2 minutos"},"schema":{"@context":"https:\/\/schema.org","@graph":[{"@type":"Article","@id":"https:\/\/www.anovapeneira.gal\/index.php\/2019\/07\/23\/ponte-caldelas-racionaliza-o-seu-trafico-aposta-pola-praza-de-espana-e-gana-case-200-aparcamentos\/#article","isPartOf":{"@id":"https:\/\/www.anovapeneira.gal\/index.php\/2019\/07\/23\/ponte-caldelas-racionaliza-o-seu-trafico-aposta-pola-praza-de-espana-e-gana-case-200-aparcamentos\/"},"author":{"name":"Redacci\u00f3n A Nova Peneira","@id":"https:\/\/www.anovapeneira.gal\/#\/schema\/person\/b93e3f8932e3f8da96334607eb6ac6aa"},"headline":"Ponte Caldelas racionaliza o seu tr\u00e1fico, aposta pola praza de Espa\u00f1a e ga\u00f1a case 200 aparcamentos","datePublished":"2019-07-23T21:00:19+00:00","dateModified":"2019-07-24T06:27:42+00:00","mainEntityOfPage":{"@id":"https:\/\/www.anovapeneira.gal\/index.php\/2019\/07\/23\/ponte-caldelas-racionaliza-o-seu-trafico-aposta-pola-praza-de-espana-e-gana-case-200-aparcamentos\/"},"wordCount":509,"commentCount":0,"publisher":{"@id":"https:\/\/www.anovapeneira.gal\/#organization"},"image":{"@id":"https:\/\/www.anovapeneira.gal\/index.php\/2019\/07\/23\/ponte-caldelas-racionaliza-o-seu-trafico-aposta-pola-praza-de-espana-e-gana-case-200-aparcamentos\/#primaryimage"},"thumbnailUrl":"https:\/\/www.anovapeneira.gal\/wp-content\/uploads\/2019\/07\/Pintado_avenida_de_Vigo_a_nova_peneira.jpg","keywords":["Concello de Ponte Caldelas","Estacionamiento","Fomento","Tr\u00e1fico"],"articleSection":["Pontevedra"],"inLanguage":"gl-ES","potentialAction":[{"@type":"CommentAction","name":"Comment","target":["https:\/\/www.anovapeneira.gal\/index.php\/2019\/07\/23\/ponte-caldelas-racionaliza-o-seu-trafico-aposta-pola-praza-de-espana-e-gana-case-200-aparcamentos\/#respond"]}]},{"@type":"WebPage","@id":"https:\/\/www.anovapeneira.gal\/index.php\/2019\/07\/23\/ponte-caldelas-racionaliza-o-seu-trafico-aposta-pola-praza-de-espana-e-gana-case-200-aparcamentos\/","url":"https:\/\/www.anovapeneira.gal\/index.php\/2019\/07\/23\/ponte-caldelas-racionaliza-o-seu-trafico-aposta-pola-praza-de-espana-e-gana-case-200-aparcamentos\/","name":"Ponte Caldelas racionaliza o seu tr\u00e1fico, aposta pola praza de Espa\u00f1a e ga\u00f1a case 200 aparcamentos -","isPartOf":{"@id":"https:\/\/www.anovapeneira.gal\/#website"},"primaryImageOfPage":{"@id":"https:\/\/www.anovapeneira.gal\/index.php\/2019\/07\/23\/ponte-caldelas-racionaliza-o-seu-trafico-aposta-pola-praza-de-espana-e-gana-case-200-aparcamentos\/#primaryimage"},"image":{"@id":"https:\/\/www.anovapeneira.gal\/index.php\/2019\/07\/23\/ponte-caldelas-racionaliza-o-seu-trafico-aposta-pola-praza-de-espana-e-gana-case-200-aparcamentos\/#primaryimage"},"thumbnailUrl":"https:\/\/www.anovapeneira.gal\/wp-content\/uploads\/2019\/07\/Pintado_avenida_de_Vigo_a_nova_peneira.jpg","datePublished":"2019-07-23T21:00:19+00:00","dateModified":"2019-07-24T06:27:42+00:00","breadcrumb":{"@id":"https:\/\/www.anovapeneira.gal\/index.php\/2019\/07\/23\/ponte-caldelas-racionaliza-o-seu-trafico-aposta-pola-praza-de-espana-e-gana-case-200-aparcamentos\/#breadcrumb"},"inLanguage":"gl-ES","potentialAction":[{"@type":"ReadAction","target":["https:\/\/www.anovapeneira.gal\/index.php\/2019\/07\/23\/ponte-caldelas-racionaliza-o-seu-trafico-aposta-pola-praza-de-espana-e-gana-case-200-aparcamentos\/"]}]},{"@type":"ImageObject","inLanguage":"gl-ES","@id":"https:\/\/www.anovapeneira.gal\/index.php\/2019\/07\/23\/ponte-caldelas-racionaliza-o-seu-trafico-aposta-pola-praza-de-espana-e-gana-case-200-aparcamentos\/#primaryimage","url":"https:\/\/www.anovapeneira.gal\/wp-content\/uploads\/2019\/07\/Pintado_avenida_de_Vigo_a_nova_peneira.jpg","contentUrl":"https:\/\/www.anovapeneira.gal\/wp-content\/uploads\/2019\/07\/Pintado_avenida_de_Vigo_a_nova_peneira.jpg","width":720,"height":473,"caption":"Ponte Caldelas racionaliza o seu tr\u00e1fico Concello Ponte Caldelas A Nova Peneira"},{"@type":"BreadcrumbList","@id":"https:\/\/www.anovapeneira.gal\/index.php\/2019\/07\/23\/ponte-caldelas-racionaliza-o-seu-trafico-aposta-pola-praza-de-espana-e-gana-case-200-aparcamentos\/#breadcrumb","itemListElement":[{"@type":"ListItem","position":1,"name":"Portada","item":"https:\/\/www.anovapeneira.gal\/"},{"@type":"ListItem","position":2,"name":"Ponte Caldelas racionaliza o seu tr\u00e1fico, aposta pola praza de Espa\u00f1a e ga\u00f1a case 200 aparcamentos"}]},{"@type":"WebSite","@id":"https:\/\/www.anovapeneira.gal\/#website","url":"https:\/\/www.anovapeneira.gal\/","name":"","description":"Xornal galego de informaci\u00f3n xeral Publicaci\u00f3n mensual de novas de Galicia e en especial dos Concellos da sur da provincia de Pontevedra.","publisher":{"@id":"https:\/\/www.anovapeneira.gal\/#organization"},"potentialAction":[{"@type":"SearchAction","target":{"@type":"EntryPoint","urlTemplate":"https:\/\/www.anovapeneira.gal\/?s={search_term_string}"},"query-input":{"@type":"PropertyValueSpecification","valueRequired":true,"valueName":"search_term_string"}}],"inLanguage":"gl-ES"},{"@type":"Organization","@id":"https:\/\/www.anovapeneira.gal\/#organization","name":"A Nova Peneira","url":"https:\/\/www.anovapeneira.gal\/","logo":{"@type":"ImageObject","inLanguage":"gl-ES","@id":"https:\/\/www.anovapeneira.gal\/#\/schema\/logo\/image\/","url":"http:\/\/www.anovapeneira.gal\/wp-content\/uploads\/2019\/06\/logo_a_nova_peneira_portal_web.png","contentUrl":"http:\/\/www.anovapeneira.gal\/wp-content\/uploads\/2019\/06\/logo_a_nova_peneira_portal_web.png","width":300,"height":100,"caption":"A Nova Peneira"},"image":{"@id":"https:\/\/www.anovapeneira.gal\/#\/schema\/logo\/image\/"},"sameAs":["https:\/\/www.facebook.com\/anovapeneira","https:\/\/x.com\/APeneira"]},{"@type":"Person","@id":"https:\/\/www.anovapeneira.gal\/#\/schema\/person\/b93e3f8932e3f8da96334607eb6ac6aa","name":"Redacci\u00f3n A Nova Peneira","image":{"@type":"ImageObject","inLanguage":"gl-ES","@id":"https:\/\/secure.gravatar.com\/avatar\/c052a2551a06e23fac63626232eaa90abd78dbcf1700fc46a2b2c89fd27b735f?s=96&d=mm&r=g","url":"https:\/\/secure.gravatar.com\/avatar\/c052a2551a06e23fac63626232eaa90abd78dbcf1700fc46a2b2c89fd27b735f?s=96&d=mm&r=g","contentUrl":"https:\/\/secure.gravatar.com\/avatar\/c052a2551a06e23fac63626232eaa90abd78dbcf1700fc46a2b2c89fd27b735f?s=96&d=mm&r=g","caption":"Redacci\u00f3n A Nova Peneira"},"sameAs":["http:\/\/www.anovapeneira.gal\/"],"url":"https:\/\/www.anovapeneira.gal\/index.php\/author\/redactor\/"}]}},"jetpack_featured_media_url":"https:\/\/www.anovapeneira.gal\/wp-content\/uploads\/2019\/07\/Pintado_avenida_de_Vigo_a_nova_peneira.jpg","_links":{"self":[{"href":"https:\/\/www.anovapeneira.gal\/index.php\/wp-json\/wp\/v2\/posts\/536","targetHints":{"allow":["GET"]}}],"collection":[{"href":"https:\/\/www.anovapeneira.gal\/index.php\/wp-json\/wp\/v2\/posts"}],"about":[{"href":"https:\/\/www.anovapeneira.gal\/index.php\/wp-json\/wp\/v2\/types\/post"}],"author":[{"embeddable":true,"href":"https:\/\/www.anovapeneira.gal\/index.php\/wp-json\/wp\/v2\/users\/3"}],"replies":[{"embeddable":true,"href":"https:\/\/www.anovapeneira.gal\/index.php\/wp-json\/wp\/v2\/comments?post=536"}],"version-history":[{"count":2,"href":"https:\/\/www.anovapeneira.gal\/index.php\/wp-json\/wp\/v2\/posts\/536\/revisions"}],"predecessor-version":[{"id":539,"href":"https:\/\/www.anovapeneira.gal\/index.php\/wp-json\/wp\/v2\/posts\/536\/revisions\/539"}],"wp:featuredmedia":[{"embeddable":true,"href":"https:\/\/www.anovapeneira.gal\/index.php\/wp-json\/wp\/v2\/media\/538"}],"wp:attachment":[{"href":"https:\/\/www.anovapeneira.gal\/index.php\/wp-json\/wp\/v2\/media?parent=536"}],"wp:term":[{"taxonomy":"category","embeddable":true,"href":"https:\/\/www.anovapeneira.gal\/index.php\/wp-json\/wp\/v2\/categories?post=536"},{"taxonomy":"post_tag","embeddable":true,"href":"https:\/\/www.anovapeneira.gal\/index.php\/wp-json\/wp\/v2\/tags?post=536"}],"curies":[{"name":"wp","href":"https:\/\/api.w.org\/{rel}","templated":true}]}}