{"id":5365,"date":"2021-05-12T10:00:34","date_gmt":"2021-05-12T08:00:34","guid":{"rendered":"http:\/\/www.anovapeneira.gal\/?p=5365"},"modified":"2021-05-11T11:23:58","modified_gmt":"2021-05-11T09:23:58","slug":"gonzalo-caballero-secretario-xeral-do-psdeg","status":"publish","type":"post","link":"https:\/\/www.anovapeneira.gal\/index.php\/2021\/05\/12\/gonzalo-caballero-secretario-xeral-do-psdeg\/","title":{"rendered":"Gonzalo Caballero Secretario Xeral do PSdeG"},"content":{"rendered":"\n<p><strong>Gonzalo \u00e9 o SX do PSdeG .N\u00f3s tivemos unha extensa conversa con el para co\u00f1ecermos a s\u00faa valoraci\u00f3n da situaci\u00f3n pol\u00edtica actual. Vela\u00ed vai o que deu de si<\/strong><\/p>\n\n\n\n<p>\u201c<strong>A Xunta carece dunha estratexia para a recuperaci\u00f3n econ\u00f3mica do pa\u00eds\u201d<\/strong><\/p>\n\n\n\n<p>\u201c<strong>Feij\u00f3o deber\u00eda de comparecer en Vigo e explicar o que est\u00e1 a facer co sector naval, e en concreto co estaleiro Barreras\u201d<\/strong><\/p>\n\n\n\n<p><strong>Esta entrevista \u00e9 para falarmos do PSdeG e de Galicia, pero considerando que a facemos o d\u00eda posterior \u00e1s elecci\u00f3ns auton\u00f3micas en Madrid, non me resisto a preguntarche pola t\u00faa valoraci\u00f3n ao respecto do seu resultado?<\/strong><\/p>\n\n\n\n<blockquote class=\"wp-block-quote is-layout-flow wp-block-quote-is-layout-flow\"><p>A min preoc\u00fapame moito a conivencia do PP coa ultradereita e a radicalizaci\u00f3n das posici\u00f3ns dereitistas na comunidade de Madrid. O exemplo de maior tensi\u00f3n e deslealdade durante a xesti\u00f3n da pandemia sanitaria \u00e9 xustamente o goberno de Madrid. Estas elecci\u00f3ns te\u00f1en unha din\u00e1mica propia que non \u00e9 equiparable ao conxunto do estado nin a ningunha outra comunidade<\/p><\/blockquote>\n\n\n\n<p><strong>Por que non?<\/strong><\/p>\n\n\n\n<blockquote class=\"wp-block-quote is-layout-flow wp-block-quote-is-layout-flow\"><p>Cando estaba Esperanza Aguirre xa ga\u00f1aba as elecci\u00f3ns auton\u00f3micas con maior\u00edas absolut\u00edsimas e iso non significaba nada en ningunha outra parte. En calquera caso debemos aprender desta derrota como de calquera outra<\/p><\/blockquote>\n\n\n\n<p><strong>E que lecci\u00f3n extraes desta derrota en concreto?<\/strong><\/p>\n\n\n\n<blockquote class=\"wp-block-quote is-layout-flow wp-block-quote-is-layout-flow\"><p>Ben, eu creo que nas etapas de crise as mensaxes extremistas te\u00f1en m\u00e1is f\u00e1cil entrada nunha parte do electorado que os discursos racionais e sensatos. Xa que logo non queda outra que facer un esforzo de pedagox\u00eda pol\u00edtica para chegar mellor. En todo caso, non hai unha \u00fanica causa que explique o acaecido, polo que c\u00f3mpre unha an\u00e1lise profunda, reco\u00f1ecer as debilidades e adaptar a folla de ruta \u00e1s novas circunstancias. Temos que ser resilientes.<\/p><\/blockquote>\n\n\n\n<p><strong>Hai pouco l\u00eda unha entrevista que che fac\u00eda \u201c El Progreso\u201d en cuxo titular dic\u00edas \u201cA Xunta asistida polo BNG formula que o goberno rouba fondos e vacinas a Galicia\u201d. E, a verdade, o titular lembroume a aquela teor\u00eda da pinza , que o felipismo formulaba, suxerindo a existencia dunha especie de fronte com\u00fan entre o PP e Anguita. Vas facer oposici\u00f3n desa maneira, utilizando a teor\u00eda da pinza PP-BNG?<\/strong><\/p>\n\n\n\n<blockquote class=\"wp-block-quote is-layout-flow wp-block-quote-is-layout-flow\"><p>Eu o que digo \u00e9 que tanto o PP como o BNG opux\u00e9ronse aos orzamentos do estado m\u00e1is solidarios, m\u00e1is progresistas e m\u00e1is necesarios nun momento hist\u00f3rico terriblemente dif\u00edcil. O PP e o BNG , cunha orientaci\u00f3n ideol\u00f3xica distinta claro est\u00e1, marcan a s\u00faa acci\u00f3n pol\u00edtica no discurso da confrontaci\u00f3n co estado. Eu creo que debemos de defender os intereses de Galicia con firmeza pero sen caer en posici\u00f3ns populistas ou demag\u00f3xicas. Eu te\u00f1o un proxecto para Galicia: de esquerdas ,galeguista, feminista e verde. Non son nacionalista, pero respecto ao bloque. Agora ben, neste asunto convert\u00e9ronse nun partido in\u00fatil para Galicia e a mi\u00f1a responsabilidade \u00e9 dicirllo.<\/p><\/blockquote>\n\n\n\n<p><strong>Dime alg\u00fan exemplo concreto no que a acci\u00f3n pol\u00edtica do goberno do estado beneficiase os intereses de Galicia?<\/strong><\/p>\n\n\n\n<blockquote class=\"wp-block-quote is-layout-flow wp-block-quote-is-layout-flow\"><p>Pois a hist\u00f3rica rebaixa de 63 mill\u00f3ns de \u20ac en bonificaci\u00f3ns para circular pola AP9 que van permitir que todas as viaxes de volta sexan de balde e que as de ida para os viaxeiros recorrentes red\u00fazanse un 20%.Asemade da gratuidade do tramo Vigo Redondela e da reduci\u00f3n ao 50% entre Porri\u00f1o e Tui. E \u00e9 un goberno socialista o que fai esa rebaixa nas peaxes para os pr\u00f3ximos 27 anos<\/p><\/blockquote>\n\n\n\n<p><strong>Esa rebaixa nas peaxes, que a\u00ednda non chegou, \u00e9 m\u00e9rito s\u00f3 do partido socialista?<\/strong><\/p>\n\n\n\n<blockquote class=\"wp-block-quote is-layout-flow wp-block-quote-is-layout-flow\"><p>\u00c9 unha decisi\u00f3n do goberno progresista que lidera o partido socialista. O PP e o BNG votaron en contra dos orzamentos e sen orzamentos non poder\u00eda haber rebaixa.<\/p><\/blockquote>\n\n\n\n<p><strong>Supostamente ese goberno tam\u00e9n est\u00e1 considerando tomar a decisi\u00f3n de cobrar peaxes nas autov\u00edas?<\/strong><\/p>\n\n\n\n<blockquote class=\"wp-block-quote is-layout-flow wp-block-quote-is-layout-flow\"><p>Eu creo que para Galicia o modelo que debemos de aspirar \u00e9 o da reduci\u00f3n das peaxes, non o da ningunha peaxe adicional<\/p><\/blockquote>\n\n\n\n<p><strong>En relaci\u00f3n \u00e1 supresi\u00f3n dos beneficios fiscais nas declaraci\u00f3ns conxuntas do IRPF, cal \u00e9 a t\u00faa opini\u00f3n?<\/strong><\/p>\n\n\n\n<blockquote class=\"wp-block-quote is-layout-flow wp-block-quote-is-layout-flow\"><p>Neste momento a prioridade \u00e9 facer pol\u00edticas expansivas baseadas no p\u00fablico para xerar emprego. E non creo que sexa adecuado un cambio tributario que poida prexudicar \u00e1s familias modestas<\/p><\/blockquote>\n\n\n\n<p><strong>Falando de emprego, como valoras a EPA do 1\u00ba trimestre?<\/strong><\/p>\n\n\n\n<blockquote class=\"wp-block-quote is-layout-flow wp-block-quote-is-layout-flow\"><p>Mentres no conxunto de Espa\u00f1a os datos foron positivos. En Galicia o incremento do desemprego foi terrible<\/p><\/blockquote>\n\n\n\n<p><strong>Por que?<\/strong><\/p>\n\n\n\n<blockquote class=\"wp-block-quote is-layout-flow wp-block-quote-is-layout-flow\"><p>Feij\u00f3o errou na s\u00faa estratexia de salvar o Nadal e os efectos desastrosos desde o punto de vista sanitario da 3\u00ba onda estanse notando agora no que ao emprego se refire<\/p><\/blockquote>\n\n\n\n<p><strong>Falemos dos fondos Next Generation?<\/strong><\/p>\n\n\n\n<blockquote class=\"wp-block-quote is-layout-flow wp-block-quote-is-layout-flow\"><p>Espa\u00f1a fixo unha boa negociaci\u00f3n para conseguir unha importante cantidade de fondos. Neste momento estase traballando a estrutura de canalizaci\u00f3n deses fondos. Pero a Xunta carece dunha estratexia para a recuperaci\u00f3n econ\u00f3mica do pa\u00eds. No que atinxe a estes fondos o que fai e dar bandazos. A aprobaci\u00f3n nun consello da Xunta de 300 e pico proxectos sen convocatoria non ten ningunha validez legal. Eu t\u00e9ndolle a man a Feij\u00f3o para buscar unha estratexia para reactivar Galicia<\/p><\/blockquote>\n\n\n\n<p><strong>Antes fal\u00e1basme dun proxecto para Galicia baseado na socialdemocracia o galeguismo o ecoloxismo e o feminismo. Cal \u00e9 a v\u00eda para que o teu proxecto poida ser maioritario na sociedade galega?<\/strong><\/p>\n\n\n\n<blockquote class=\"wp-block-quote is-layout-flow wp-block-quote-is-layout-flow\"><p>En abril do ano pasado n\u00f3s avanzabamos a un escenario no que estabamos en condici\u00f3ns de liderar o cambio pol\u00edtico en Galicia, cando chegou a crise da COVID que o mudou todo. Ent\u00f3n tivemos unha convocatoria decidida unilateralmente por Feij\u00f3o cunha abstenci\u00f3n hist\u00f3rica ata un 48% do censo, e perdemos a oportunidade. Feij\u00f3o aproveitou o tempo da pandemia para monopolizar as canles p\u00fablicas e conseguiu manter a maior\u00eda absoluta. O cami\u00f1o polo que me preguntas \u00e9 m\u00e1is e mellor traballo con propostas serias sen caer na demagoxia nin no populismo. Non \u00e9 posible un cambio pol\u00edtico sen que exista un PSdeG forte.<\/p><\/blockquote>\n\n\n\n<p><strong>Cal \u00e9 a t\u00faa posici\u00f3n en relaci\u00f3n a Alcoa?<\/strong><\/p>\n\n\n\n<blockquote class=\"wp-block-quote is-layout-flow wp-block-quote-is-layout-flow\"><p>No caso da planta da Coru\u00f1a eu creo que a recente intervenci\u00f3n xudicial \u00e9 unha boa nova para preservar o seu patrimonio ,recursos e que poida ter viabilidade. No que se refire \u00e1 de San Cibrao conseguise que a multinacional se sentase nunha mesa para poder vender a planta. Hai varios inversores solventes que te\u00f1en amosado o seu interese. \u00c9 necesario que o goberno do Estado a Xunta e o comit\u00e9 de empresa mante\u00f1an a unidade para ga\u00f1arlle \u00e1 multinacional<\/p><\/blockquote>\n\n\n\n<p><strong>A \u00fanica v\u00eda de soluci\u00f3n e a venda?, non contemplas a nacionalizaci\u00f3n?<\/strong><\/p>\n\n\n\n<blockquote class=\"wp-block-quote is-layout-flow wp-block-quote-is-layout-flow\"><p>Eu contemplo unha intervenci\u00f3n por parte da SEPI que apoie que un inversor que co\u00f1eza ao sector poida garantir a viabilidade. Non descarto nada, pero tampouco quero caer na demagoxia que fai o nacionalismo que ten apostado por nacionalizaci\u00f3ns de ducias de empresas en Galicia cada vez que est\u00e1n en crise.<\/p><\/blockquote>\n\n\n\n<p><strong>En relaci\u00f3n a Ence cal \u00e9 a t\u00faa posici\u00f3n?<\/strong><\/p>\n\n\n\n<blockquote class=\"wp-block-quote is-layout-flow wp-block-quote-is-layout-flow\"><p>Ese problema est\u00e1 xudicializado e hai que agardar a ver se a pr\u00f3rroga que lle concedeu Rajoy en tempo de desconto \u00e9 legal ou non. O partido socialista respectar\u00e1 esa sentenza xudicial. Eu entendo que debemos traballar no escenario de que poida haber outra ubicaci\u00f3n v\u00e1lida pois Pontevedra e a s\u00faa contorna non son proclives \u00e1 permanencia de Ence onde est\u00e1 agora.<\/p><\/blockquote>\n\n\n\n<p><strong>O naval vigu\u00e9s est\u00e1 morto, ou ten soluci\u00f3n?<\/strong><\/p>\n\n\n\n<blockquote class=\"wp-block-quote is-layout-flow wp-block-quote-is-layout-flow\"><p>Estou moi preocupado polo sector. A Xunta que ten as competencias na pol\u00edtica industrial non as exerce en beneficio da estabilidade do naval. O \u00fanico que fixo Feij\u00f3o foi a foto con Pemex que acabou como acabou, e agora est\u00e1n nun desleixo perigos\u00edsimo. En Barreras o actual propietario non di con claridade o que quere , pero a Xunta ante esta situaci\u00f3n de indefinici\u00f3n non pode mirar para outro lado. Feij\u00f3o deber\u00eda comparecer en Vigo e explicar o que est\u00e1 a facer co sector naval e en concreto co estaleiro Barreras<\/p><\/blockquote>\n\n\n\n<p><strong>E sobre o asunto e\u00f3lico que opinas?<\/strong><\/p>\n\n\n\n<blockquote class=\"wp-block-quote is-layout-flow wp-block-quote-is-layout-flow\"><p>Enerx\u00edas renovables si, pero non as\u00ed. \u00c9 esencial facer unha xesti\u00f3n ordenada e respectuosa co medio natural \u00e1 hora de establecer os parques e\u00f3licos e distribu\u00edr as plusvalias que xeneran de maneira equilibrada para beneficiar aos veci\u00f1os e aos concellos.<\/p><\/blockquote>\n\n\n\n<p><strong>Que pasa en Ourense?<\/strong><\/p>\n\n\n\n<blockquote class=\"wp-block-quote is-layout-flow wp-block-quote-is-layout-flow\"><p>O partido socialista pode falar con orgullo de Vigo, Lugo, Coru\u00f1a, Ferrol, Santiago, Redondela, Gondomar, Baiona, Nigr\u00e1n&#8230;.Feij\u00f3o cando mira para as cidades galegas s\u00f3 pode falar de J\u00e1come. O de Ourense foi o pacto da indignidade. E a falta de vontade que ten o PP para rectificar \u00e9 absolutamente lamentable.<\/p><\/blockquote>\n\n\n\n<p><strong>E de Ribadavia tam\u00e9n pode falar con orgullo o PSdeG?<\/strong><\/p>\n\n\n\n<blockquote class=\"wp-block-quote is-layout-flow wp-block-quote-is-layout-flow\"><p>Por suposto que si. A moci\u00f3n de censura que fixemos era moi necesaria<\/p><\/blockquote>\n\n\n\n<p><strong>Cando me comentaches os 4 eixos esenciais sobre os que queres artellar a acci\u00f3n pol\u00edtica do PSdeG e deixaches f\u00f3ra algo que para min \u00e9 moi relevante; o idioma. Seguro que co\u00f1eces os estarrecedores datos do seu uso entre as xeraci\u00f3ns m\u00e1is novas que indica o instituto galego de estat\u00edstica. Por outra parte seguro que sabes tam\u00e9n que unha lingua na que se rompe a cadea de transmisi\u00f3n xeracional non ten ningunha posibilidade de sobrevivir. Cal \u00e9 o proxecto do PSdeG para evitar a morte do idioma galego como lingua de uso habitual?<\/strong><\/p>\n\n\n\n<blockquote class=\"wp-block-quote is-layout-flow wp-block-quote-is-layout-flow\"><p>Ben, o noso estatuto cumpre agora 40 anos, do que eu me sinto especialmente orgulloso. O texto legal estableceu a relevancia do galego como a lingua propia do noso pa\u00eds. A s\u00faa reforma debe de ser unha canle para que as xeraci\u00f3ns m\u00e1is novas reforcen o seu compromiso coa nosa lingua. Por outra parte para o PSdeG \u00e9 esencial incorporar o idioma galego nos h\u00e1bitos sociais das xeraci\u00f3ns m\u00e1is novas. En calquera sitio no que haxa demanda dos mozos e mozas, o galego debe de estar e debe de ser \u00fatil<\/p><\/blockquote>\n\n\n\n<p><strong>A finais deste ano ou principios do seguinte teredes congreso no PSdeG. Como est\u00e1s de \u00e1nimos e ilusi\u00f3n?<\/strong><\/p>\n\n\n\n<blockquote class=\"wp-block-quote is-layout-flow wp-block-quote-is-layout-flow\"><p>Estou moi forte moi ilusionado, e con toda a vontade do mundo para ser \u00fatil ao pobo galego<\/p><\/blockquote>\n\n\n\n<p><strong>Prev\u00e9s que che poidan presentar un candidato\/a alternativo?<\/strong><\/p>\n\n\n\n<blockquote class=\"wp-block-quote is-layout-flow wp-block-quote-is-layout-flow\"><p>No perdo un segundo niso. Todo o meu esforzo e traballo \u00e9 contribu\u00edr a que este gran partido sirva a Galicia como fixo en toda a s\u00faa historia. S\u00edntome plenamente apoiado pola militancia<\/p><\/blockquote>\n","protected":false},"excerpt":{"rendered":"<div class=\"mh-excerpt\"><p>onzalo \u00e9 o SX do PSdeG .N\u00f3s tivemos unha extensa conversa con el para co\u00f1ecermos a s\u00faa valoraci\u00f3n da situaci\u00f3n pol\u00edtica actual. Vela\u00ed vai o que deu de si <a class=\"mh-excerpt-more\" href=\"https:\/\/www.anovapeneira.gal\/index.php\/2021\/05\/12\/gonzalo-caballero-secretario-xeral-do-psdeg\/\" title=\"Gonzalo Caballero Secretario Xeral do PSdeG\">[&#8230;]<\/a><\/p>\n<\/div>","protected":false},"author":3,"featured_media":5366,"comment_status":"open","ping_status":"open","sticky":false,"template":"","format":"standard","meta":{"_exactmetrics_skip_tracking":false,"_exactmetrics_sitenote_active":false,"_exactmetrics_sitenote_note":"","_exactmetrics_sitenote_category":0,"footnotes":""},"categories":[264],"tags":[],"class_list":{"0":"post-5365","1":"post","2":"type-post","3":"status-publish","4":"format-standard","5":"has-post-thumbnail","7":"category-entrevistas-galicia"},"yoast_head":"<!-- This site is optimized with the Yoast SEO plugin v27.4 - https:\/\/yoast.com\/product\/yoast-seo-wordpress\/ -->\n<title>Gonzalo Caballero Secretario Xeral do PSdeG -<\/title>\n<meta name=\"description\" content=\"Gonzalo \u00e9 o SX do PSdeG .N\u00f3s tivemos unha extensa conversa con el para co\u00f1ecermos a s\u00faa valoraci\u00f3n da situaci\u00f3n pol\u00edtica actual. Vela\u00ed vai o que deu de si\" \/>\n<meta name=\"robots\" content=\"index, follow, max-snippet:-1, max-image-preview:large, max-video-preview:-1\" \/>\n<link rel=\"canonical\" href=\"https:\/\/www.anovapeneira.gal\/index.php\/2021\/05\/12\/gonzalo-caballero-secretario-xeral-do-psdeg\/\" \/>\n<meta property=\"og:locale\" content=\"gl_ES\" \/>\n<meta property=\"og:type\" content=\"article\" \/>\n<meta property=\"og:title\" content=\"Gonzalo Caballero Secretario Xeral do PSdeG -\" \/>\n<meta property=\"og:description\" content=\"Gonzalo \u00e9 o SX do PSdeG .N\u00f3s tivemos unha extensa conversa con el para co\u00f1ecermos a s\u00faa valoraci\u00f3n da situaci\u00f3n pol\u00edtica actual. Vela\u00ed vai o que deu de si\" \/>\n<meta property=\"og:url\" content=\"https:\/\/www.anovapeneira.gal\/index.php\/2021\/05\/12\/gonzalo-caballero-secretario-xeral-do-psdeg\/\" \/>\n<meta property=\"article:publisher\" content=\"https:\/\/www.facebook.com\/anovapeneira\" \/>\n<meta property=\"article:published_time\" content=\"2021-05-12T08:00:34+00:00\" \/>\n<meta property=\"og:image\" content=\"https:\/\/www.anovapeneira.gal\/wp-content\/uploads\/2021\/05\/gonzalo-caballero.jpg\" \/>\n\t<meta property=\"og:image:width\" content=\"720\" \/>\n\t<meta property=\"og:image:height\" content=\"432\" \/>\n\t<meta property=\"og:image:type\" content=\"image\/jpeg\" \/>\n<meta name=\"author\" content=\"Redacci\u00f3n A Nova Peneira\" \/>\n<meta name=\"twitter:card\" content=\"summary_large_image\" \/>\n<meta name=\"twitter:creator\" content=\"@APeneira\" \/>\n<meta name=\"twitter:site\" content=\"@APeneira\" \/>\n<meta name=\"twitter:label1\" content=\"Escrito por\" \/>\n\t<meta name=\"twitter:data1\" content=\"Redacci\u00f3n A Nova Peneira\" \/>\n\t<meta name=\"twitter:label2\" content=\"Tempo de lectura\" \/>\n\t<meta name=\"twitter:data2\" content=\"8 minutos\" \/>\n<script type=\"application\/ld+json\" class=\"yoast-schema-graph\">{\"@context\":\"https:\\\/\\\/schema.org\",\"@graph\":[{\"@type\":\"Article\",\"@id\":\"https:\\\/\\\/www.anovapeneira.gal\\\/index.php\\\/2021\\\/05\\\/12\\\/gonzalo-caballero-secretario-xeral-do-psdeg\\\/#article\",\"isPartOf\":{\"@id\":\"https:\\\/\\\/www.anovapeneira.gal\\\/index.php\\\/2021\\\/05\\\/12\\\/gonzalo-caballero-secretario-xeral-do-psdeg\\\/\"},\"author\":{\"name\":\"Redacci\u00f3n A Nova Peneira\",\"@id\":\"https:\\\/\\\/www.anovapeneira.gal\\\/#\\\/schema\\\/person\\\/b93e3f8932e3f8da96334607eb6ac6aa\"},\"headline\":\"Gonzalo Caballero Secretario Xeral do PSdeG\",\"datePublished\":\"2021-05-12T08:00:34+00:00\",\"mainEntityOfPage\":{\"@id\":\"https:\\\/\\\/www.anovapeneira.gal\\\/index.php\\\/2021\\\/05\\\/12\\\/gonzalo-caballero-secretario-xeral-do-psdeg\\\/\"},\"wordCount\":1791,\"commentCount\":0,\"publisher\":{\"@id\":\"https:\\\/\\\/www.anovapeneira.gal\\\/#organization\"},\"image\":{\"@id\":\"https:\\\/\\\/www.anovapeneira.gal\\\/index.php\\\/2021\\\/05\\\/12\\\/gonzalo-caballero-secretario-xeral-do-psdeg\\\/#primaryimage\"},\"thumbnailUrl\":\"https:\\\/\\\/www.anovapeneira.gal\\\/wp-content\\\/uploads\\\/2021\\\/05\\\/gonzalo-caballero.jpg\",\"articleSection\":[\"Entrevistas\"],\"inLanguage\":\"gl-ES\",\"potentialAction\":[{\"@type\":\"CommentAction\",\"name\":\"Comment\",\"target\":[\"https:\\\/\\\/www.anovapeneira.gal\\\/index.php\\\/2021\\\/05\\\/12\\\/gonzalo-caballero-secretario-xeral-do-psdeg\\\/#respond\"]}]},{\"@type\":\"WebPage\",\"@id\":\"https:\\\/\\\/www.anovapeneira.gal\\\/index.php\\\/2021\\\/05\\\/12\\\/gonzalo-caballero-secretario-xeral-do-psdeg\\\/\",\"url\":\"https:\\\/\\\/www.anovapeneira.gal\\\/index.php\\\/2021\\\/05\\\/12\\\/gonzalo-caballero-secretario-xeral-do-psdeg\\\/\",\"name\":\"Gonzalo Caballero Secretario Xeral do PSdeG -\",\"isPartOf\":{\"@id\":\"https:\\\/\\\/www.anovapeneira.gal\\\/#website\"},\"primaryImageOfPage\":{\"@id\":\"https:\\\/\\\/www.anovapeneira.gal\\\/index.php\\\/2021\\\/05\\\/12\\\/gonzalo-caballero-secretario-xeral-do-psdeg\\\/#primaryimage\"},\"image\":{\"@id\":\"https:\\\/\\\/www.anovapeneira.gal\\\/index.php\\\/2021\\\/05\\\/12\\\/gonzalo-caballero-secretario-xeral-do-psdeg\\\/#primaryimage\"},\"thumbnailUrl\":\"https:\\\/\\\/www.anovapeneira.gal\\\/wp-content\\\/uploads\\\/2021\\\/05\\\/gonzalo-caballero.jpg\",\"datePublished\":\"2021-05-12T08:00:34+00:00\",\"description\":\"Gonzalo \u00e9 o SX do PSdeG .N\u00f3s tivemos unha extensa conversa con el para co\u00f1ecermos a s\u00faa valoraci\u00f3n da situaci\u00f3n pol\u00edtica actual. Vela\u00ed vai o que deu de si\",\"breadcrumb\":{\"@id\":\"https:\\\/\\\/www.anovapeneira.gal\\\/index.php\\\/2021\\\/05\\\/12\\\/gonzalo-caballero-secretario-xeral-do-psdeg\\\/#breadcrumb\"},\"inLanguage\":\"gl-ES\",\"potentialAction\":[{\"@type\":\"ReadAction\",\"target\":[\"https:\\\/\\\/www.anovapeneira.gal\\\/index.php\\\/2021\\\/05\\\/12\\\/gonzalo-caballero-secretario-xeral-do-psdeg\\\/\"]}]},{\"@type\":\"ImageObject\",\"inLanguage\":\"gl-ES\",\"@id\":\"https:\\\/\\\/www.anovapeneira.gal\\\/index.php\\\/2021\\\/05\\\/12\\\/gonzalo-caballero-secretario-xeral-do-psdeg\\\/#primaryimage\",\"url\":\"https:\\\/\\\/www.anovapeneira.gal\\\/wp-content\\\/uploads\\\/2021\\\/05\\\/gonzalo-caballero.jpg\",\"contentUrl\":\"https:\\\/\\\/www.anovapeneira.gal\\\/wp-content\\\/uploads\\\/2021\\\/05\\\/gonzalo-caballero.jpg\",\"width\":720,\"height\":432,\"caption\":\"Gonzalo Caballero\"},{\"@type\":\"BreadcrumbList\",\"@id\":\"https:\\\/\\\/www.anovapeneira.gal\\\/index.php\\\/2021\\\/05\\\/12\\\/gonzalo-caballero-secretario-xeral-do-psdeg\\\/#breadcrumb\",\"itemListElement\":[{\"@type\":\"ListItem\",\"position\":1,\"name\":\"Portada\",\"item\":\"https:\\\/\\\/www.anovapeneira.gal\\\/\"},{\"@type\":\"ListItem\",\"position\":2,\"name\":\"Gonzalo Caballero Secretario Xeral do PSdeG\"}]},{\"@type\":\"WebSite\",\"@id\":\"https:\\\/\\\/www.anovapeneira.gal\\\/#website\",\"url\":\"https:\\\/\\\/www.anovapeneira.gal\\\/\",\"name\":\"\",\"description\":\"Xornal galego de informaci\u00f3n xeral Publicaci\u00f3n mensual de novas de Galicia e en especial dos Concellos da sur da provincia de Pontevedra.\",\"publisher\":{\"@id\":\"https:\\\/\\\/www.anovapeneira.gal\\\/#organization\"},\"potentialAction\":[{\"@type\":\"SearchAction\",\"target\":{\"@type\":\"EntryPoint\",\"urlTemplate\":\"https:\\\/\\\/www.anovapeneira.gal\\\/?s={search_term_string}\"},\"query-input\":{\"@type\":\"PropertyValueSpecification\",\"valueRequired\":true,\"valueName\":\"search_term_string\"}}],\"inLanguage\":\"gl-ES\"},{\"@type\":\"Organization\",\"@id\":\"https:\\\/\\\/www.anovapeneira.gal\\\/#organization\",\"name\":\"A Nova Peneira\",\"url\":\"https:\\\/\\\/www.anovapeneira.gal\\\/\",\"logo\":{\"@type\":\"ImageObject\",\"inLanguage\":\"gl-ES\",\"@id\":\"https:\\\/\\\/www.anovapeneira.gal\\\/#\\\/schema\\\/logo\\\/image\\\/\",\"url\":\"http:\\\/\\\/www.anovapeneira.gal\\\/wp-content\\\/uploads\\\/2019\\\/06\\\/logo_a_nova_peneira_portal_web.png\",\"contentUrl\":\"http:\\\/\\\/www.anovapeneira.gal\\\/wp-content\\\/uploads\\\/2019\\\/06\\\/logo_a_nova_peneira_portal_web.png\",\"width\":300,\"height\":100,\"caption\":\"A Nova Peneira\"},\"image\":{\"@id\":\"https:\\\/\\\/www.anovapeneira.gal\\\/#\\\/schema\\\/logo\\\/image\\\/\"},\"sameAs\":[\"https:\\\/\\\/www.facebook.com\\\/anovapeneira\",\"https:\\\/\\\/x.com\\\/APeneira\"]},{\"@type\":\"Person\",\"@id\":\"https:\\\/\\\/www.anovapeneira.gal\\\/#\\\/schema\\\/person\\\/b93e3f8932e3f8da96334607eb6ac6aa\",\"name\":\"Redacci\u00f3n A Nova Peneira\",\"image\":{\"@type\":\"ImageObject\",\"inLanguage\":\"gl-ES\",\"@id\":\"https:\\\/\\\/secure.gravatar.com\\\/avatar\\\/c052a2551a06e23fac63626232eaa90abd78dbcf1700fc46a2b2c89fd27b735f?s=96&d=mm&r=g\",\"url\":\"https:\\\/\\\/secure.gravatar.com\\\/avatar\\\/c052a2551a06e23fac63626232eaa90abd78dbcf1700fc46a2b2c89fd27b735f?s=96&d=mm&r=g\",\"contentUrl\":\"https:\\\/\\\/secure.gravatar.com\\\/avatar\\\/c052a2551a06e23fac63626232eaa90abd78dbcf1700fc46a2b2c89fd27b735f?s=96&d=mm&r=g\",\"caption\":\"Redacci\u00f3n A Nova Peneira\"},\"sameAs\":[\"http:\\\/\\\/www.anovapeneira.gal\\\/\"],\"url\":\"https:\\\/\\\/www.anovapeneira.gal\\\/index.php\\\/author\\\/redactor\\\/\"}]}<\/script>\n<!-- \/ Yoast SEO plugin. -->","yoast_head_json":{"title":"Gonzalo Caballero Secretario Xeral do PSdeG -","description":"Gonzalo \u00e9 o SX do PSdeG .N\u00f3s tivemos unha extensa conversa con el para co\u00f1ecermos a s\u00faa valoraci\u00f3n da situaci\u00f3n pol\u00edtica actual. Vela\u00ed vai o que deu de si","robots":{"index":"index","follow":"follow","max-snippet":"max-snippet:-1","max-image-preview":"max-image-preview:large","max-video-preview":"max-video-preview:-1"},"canonical":"https:\/\/www.anovapeneira.gal\/index.php\/2021\/05\/12\/gonzalo-caballero-secretario-xeral-do-psdeg\/","og_locale":"gl_ES","og_type":"article","og_title":"Gonzalo Caballero Secretario Xeral do PSdeG -","og_description":"Gonzalo \u00e9 o SX do PSdeG .N\u00f3s tivemos unha extensa conversa con el para co\u00f1ecermos a s\u00faa valoraci\u00f3n da situaci\u00f3n pol\u00edtica actual. Vela\u00ed vai o que deu de si","og_url":"https:\/\/www.anovapeneira.gal\/index.php\/2021\/05\/12\/gonzalo-caballero-secretario-xeral-do-psdeg\/","article_publisher":"https:\/\/www.facebook.com\/anovapeneira","article_published_time":"2021-05-12T08:00:34+00:00","og_image":[{"width":720,"height":432,"url":"https:\/\/www.anovapeneira.gal\/wp-content\/uploads\/2021\/05\/gonzalo-caballero.jpg","type":"image\/jpeg"}],"author":"Redacci\u00f3n A Nova Peneira","twitter_card":"summary_large_image","twitter_creator":"@APeneira","twitter_site":"@APeneira","twitter_misc":{"Escrito por":"Redacci\u00f3n A Nova Peneira","Tempo de lectura":"8 minutos"},"schema":{"@context":"https:\/\/schema.org","@graph":[{"@type":"Article","@id":"https:\/\/www.anovapeneira.gal\/index.php\/2021\/05\/12\/gonzalo-caballero-secretario-xeral-do-psdeg\/#article","isPartOf":{"@id":"https:\/\/www.anovapeneira.gal\/index.php\/2021\/05\/12\/gonzalo-caballero-secretario-xeral-do-psdeg\/"},"author":{"name":"Redacci\u00f3n A Nova Peneira","@id":"https:\/\/www.anovapeneira.gal\/#\/schema\/person\/b93e3f8932e3f8da96334607eb6ac6aa"},"headline":"Gonzalo Caballero Secretario Xeral do PSdeG","datePublished":"2021-05-12T08:00:34+00:00","mainEntityOfPage":{"@id":"https:\/\/www.anovapeneira.gal\/index.php\/2021\/05\/12\/gonzalo-caballero-secretario-xeral-do-psdeg\/"},"wordCount":1791,"commentCount":0,"publisher":{"@id":"https:\/\/www.anovapeneira.gal\/#organization"},"image":{"@id":"https:\/\/www.anovapeneira.gal\/index.php\/2021\/05\/12\/gonzalo-caballero-secretario-xeral-do-psdeg\/#primaryimage"},"thumbnailUrl":"https:\/\/www.anovapeneira.gal\/wp-content\/uploads\/2021\/05\/gonzalo-caballero.jpg","articleSection":["Entrevistas"],"inLanguage":"gl-ES","potentialAction":[{"@type":"CommentAction","name":"Comment","target":["https:\/\/www.anovapeneira.gal\/index.php\/2021\/05\/12\/gonzalo-caballero-secretario-xeral-do-psdeg\/#respond"]}]},{"@type":"WebPage","@id":"https:\/\/www.anovapeneira.gal\/index.php\/2021\/05\/12\/gonzalo-caballero-secretario-xeral-do-psdeg\/","url":"https:\/\/www.anovapeneira.gal\/index.php\/2021\/05\/12\/gonzalo-caballero-secretario-xeral-do-psdeg\/","name":"Gonzalo Caballero Secretario Xeral do PSdeG -","isPartOf":{"@id":"https:\/\/www.anovapeneira.gal\/#website"},"primaryImageOfPage":{"@id":"https:\/\/www.anovapeneira.gal\/index.php\/2021\/05\/12\/gonzalo-caballero-secretario-xeral-do-psdeg\/#primaryimage"},"image":{"@id":"https:\/\/www.anovapeneira.gal\/index.php\/2021\/05\/12\/gonzalo-caballero-secretario-xeral-do-psdeg\/#primaryimage"},"thumbnailUrl":"https:\/\/www.anovapeneira.gal\/wp-content\/uploads\/2021\/05\/gonzalo-caballero.jpg","datePublished":"2021-05-12T08:00:34+00:00","description":"Gonzalo \u00e9 o SX do PSdeG .N\u00f3s tivemos unha extensa conversa con el para co\u00f1ecermos a s\u00faa valoraci\u00f3n da situaci\u00f3n pol\u00edtica actual. Vela\u00ed vai o que deu de si","breadcrumb":{"@id":"https:\/\/www.anovapeneira.gal\/index.php\/2021\/05\/12\/gonzalo-caballero-secretario-xeral-do-psdeg\/#breadcrumb"},"inLanguage":"gl-ES","potentialAction":[{"@type":"ReadAction","target":["https:\/\/www.anovapeneira.gal\/index.php\/2021\/05\/12\/gonzalo-caballero-secretario-xeral-do-psdeg\/"]}]},{"@type":"ImageObject","inLanguage":"gl-ES","@id":"https:\/\/www.anovapeneira.gal\/index.php\/2021\/05\/12\/gonzalo-caballero-secretario-xeral-do-psdeg\/#primaryimage","url":"https:\/\/www.anovapeneira.gal\/wp-content\/uploads\/2021\/05\/gonzalo-caballero.jpg","contentUrl":"https:\/\/www.anovapeneira.gal\/wp-content\/uploads\/2021\/05\/gonzalo-caballero.jpg","width":720,"height":432,"caption":"Gonzalo Caballero"},{"@type":"BreadcrumbList","@id":"https:\/\/www.anovapeneira.gal\/index.php\/2021\/05\/12\/gonzalo-caballero-secretario-xeral-do-psdeg\/#breadcrumb","itemListElement":[{"@type":"ListItem","position":1,"name":"Portada","item":"https:\/\/www.anovapeneira.gal\/"},{"@type":"ListItem","position":2,"name":"Gonzalo Caballero Secretario Xeral do PSdeG"}]},{"@type":"WebSite","@id":"https:\/\/www.anovapeneira.gal\/#website","url":"https:\/\/www.anovapeneira.gal\/","name":"","description":"Xornal galego de informaci\u00f3n xeral Publicaci\u00f3n mensual de novas de Galicia e en especial dos Concellos da sur da provincia de Pontevedra.","publisher":{"@id":"https:\/\/www.anovapeneira.gal\/#organization"},"potentialAction":[{"@type":"SearchAction","target":{"@type":"EntryPoint","urlTemplate":"https:\/\/www.anovapeneira.gal\/?s={search_term_string}"},"query-input":{"@type":"PropertyValueSpecification","valueRequired":true,"valueName":"search_term_string"}}],"inLanguage":"gl-ES"},{"@type":"Organization","@id":"https:\/\/www.anovapeneira.gal\/#organization","name":"A Nova Peneira","url":"https:\/\/www.anovapeneira.gal\/","logo":{"@type":"ImageObject","inLanguage":"gl-ES","@id":"https:\/\/www.anovapeneira.gal\/#\/schema\/logo\/image\/","url":"http:\/\/www.anovapeneira.gal\/wp-content\/uploads\/2019\/06\/logo_a_nova_peneira_portal_web.png","contentUrl":"http:\/\/www.anovapeneira.gal\/wp-content\/uploads\/2019\/06\/logo_a_nova_peneira_portal_web.png","width":300,"height":100,"caption":"A Nova Peneira"},"image":{"@id":"https:\/\/www.anovapeneira.gal\/#\/schema\/logo\/image\/"},"sameAs":["https:\/\/www.facebook.com\/anovapeneira","https:\/\/x.com\/APeneira"]},{"@type":"Person","@id":"https:\/\/www.anovapeneira.gal\/#\/schema\/person\/b93e3f8932e3f8da96334607eb6ac6aa","name":"Redacci\u00f3n A Nova Peneira","image":{"@type":"ImageObject","inLanguage":"gl-ES","@id":"https:\/\/secure.gravatar.com\/avatar\/c052a2551a06e23fac63626232eaa90abd78dbcf1700fc46a2b2c89fd27b735f?s=96&d=mm&r=g","url":"https:\/\/secure.gravatar.com\/avatar\/c052a2551a06e23fac63626232eaa90abd78dbcf1700fc46a2b2c89fd27b735f?s=96&d=mm&r=g","contentUrl":"https:\/\/secure.gravatar.com\/avatar\/c052a2551a06e23fac63626232eaa90abd78dbcf1700fc46a2b2c89fd27b735f?s=96&d=mm&r=g","caption":"Redacci\u00f3n A Nova Peneira"},"sameAs":["http:\/\/www.anovapeneira.gal\/"],"url":"https:\/\/www.anovapeneira.gal\/index.php\/author\/redactor\/"}]}},"jetpack_featured_media_url":"https:\/\/www.anovapeneira.gal\/wp-content\/uploads\/2021\/05\/gonzalo-caballero.jpg","_links":{"self":[{"href":"https:\/\/www.anovapeneira.gal\/index.php\/wp-json\/wp\/v2\/posts\/5365","targetHints":{"allow":["GET"]}}],"collection":[{"href":"https:\/\/www.anovapeneira.gal\/index.php\/wp-json\/wp\/v2\/posts"}],"about":[{"href":"https:\/\/www.anovapeneira.gal\/index.php\/wp-json\/wp\/v2\/types\/post"}],"author":[{"embeddable":true,"href":"https:\/\/www.anovapeneira.gal\/index.php\/wp-json\/wp\/v2\/users\/3"}],"replies":[{"embeddable":true,"href":"https:\/\/www.anovapeneira.gal\/index.php\/wp-json\/wp\/v2\/comments?post=5365"}],"version-history":[{"count":3,"href":"https:\/\/www.anovapeneira.gal\/index.php\/wp-json\/wp\/v2\/posts\/5365\/revisions"}],"predecessor-version":[{"id":5376,"href":"https:\/\/www.anovapeneira.gal\/index.php\/wp-json\/wp\/v2\/posts\/5365\/revisions\/5376"}],"wp:featuredmedia":[{"embeddable":true,"href":"https:\/\/www.anovapeneira.gal\/index.php\/wp-json\/wp\/v2\/media\/5366"}],"wp:attachment":[{"href":"https:\/\/www.anovapeneira.gal\/index.php\/wp-json\/wp\/v2\/media?parent=5365"}],"wp:term":[{"taxonomy":"category","embeddable":true,"href":"https:\/\/www.anovapeneira.gal\/index.php\/wp-json\/wp\/v2\/categories?post=5365"},{"taxonomy":"post_tag","embeddable":true,"href":"https:\/\/www.anovapeneira.gal\/index.php\/wp-json\/wp\/v2\/tags?post=5365"}],"curies":[{"name":"wp","href":"https:\/\/api.w.org\/{rel}","templated":true}]}}