{"id":5368,"date":"2021-05-18T10:00:58","date_gmt":"2021-05-18T08:00:58","guid":{"rendered":"http:\/\/www.anovapeneira.gal\/?p=5368"},"modified":"2021-05-14T10:01:28","modified_gmt":"2021-05-14T08:01:28","slug":"o-trixesimo-cuarto-fragmento-do-diario-de-senlua-arraiana","status":"publish","type":"post","link":"https:\/\/www.anovapeneira.gal\/index.php\/2021\/05\/18\/o-trixesimo-cuarto-fragmento-do-diario-de-senlua-arraiana\/","title":{"rendered":"O trix\u00e9simo cuarto fragmento do diario de Senl\u00faa Arraiana:"},"content":{"rendered":"\n<h2 class=\"wp-block-heading\"><strong>A xustiza non ten mai\u00fasculas<\/strong><\/h2>\n\n\n\n<figure class=\"wp-block-image size-large is-resized is-style-default\"><img loading=\"lazy\" decoding=\"async\" src=\"http:\/\/www.anovapeneira.gal\/wp-content\/uploads\/2019\/07\/cristobal_a_nova_peneira.jpg\" alt=\"Crist\u00f3bal L\u00f3pez A Nova Peneira\" class=\"wp-image-555\" width=\"95\" height=\"111\"\/><figcaption>Crist\u00f3bal L\u00f3pez Pazo | Comuneiro dos montes de Tameiga, militante de anticapitalistas, ecoloxista en acci\u00f3n e veci\u00f1o constitu\u00ednte da asemblea veci\u00f1al ga\u00f1aM\u00f3s<\/figcaption><\/figure>\n\n\n\n<div class=\"wp-block-columns is-layout-flex wp-container-core-columns-is-layout-9d6595d7 wp-block-columns-is-layout-flex\">\n<div class=\"wp-block-column is-layout-flow wp-block-column-is-layout-flow\">\n<figure class=\"wp-block-image size-large is-resized\"><img loading=\"lazy\" decoding=\"async\" src=\"http:\/\/www.anovapeneira.gal\/wp-content\/uploads\/2019\/08\/senlua_arraiana_2135.jpg\" alt=\"\" class=\"wp-image-877\" width=\"175\" height=\"204\" srcset=\"https:\/\/www.anovapeneira.gal\/wp-content\/uploads\/2019\/08\/senlua_arraiana_2135.jpg 700w, https:\/\/www.anovapeneira.gal\/wp-content\/uploads\/2019\/08\/senlua_arraiana_2135-257x300.jpg 257w\" sizes=\"auto, (max-width: 175px) 100vw, 175px\" \/><\/figure>\n<\/div>\n\n\n\n<div class=\"wp-block-column is-layout-flow wp-block-column-is-layout-flow\">\n<p>Sab\u00eda que aquel berrido era dunha voz co\u00f1ecida. Non me sorprendi\u00f3 cando atopeime a Augazul sollozando no petril dun pequeno pozo. En canto se decatou da mi\u00f1a presenza sinaloume a boca do pozo. Hab\u00eda un corpo flotando na superficie. Non o dubidei e usando a corda da roldana baixei a por el.<\/p>\n<\/div>\n<\/div>\n\n\n\n<p>Era un pozo estreito polo que puiden apoiarme contra as s\u00faas paredes para impulsar o corpo fora da auga e pasarlle a corda por debaixo dos brazos. Parec\u00eda carente de vida, pero igual est\u00e1bamos a tempo de reanimalo. A\u00ednda que era un adolescente pesaba demasiado para min e apenas fun capaz de sacar todo o corpo f\u00f3ra da auga. Non tardei en oir voces e notar a tensi\u00f3n na cordaxe. Cando sa\u00edn do pozo vin a unha compa\u00f1eira, unha enfermeira experta, intentando reanimar ao rapaz. Foi in\u00fatil.<\/p>\n\n\n\n<p>O pesaroso silencio foi roto cando a\u00ednda non perderamos toda esperanza. A pandilla de amigos do rapaz morto foron envalenton\u00e1ndose uns aos outros e levantado a voz. Acusaban a Augazul de empurrar ao seu amigo dentro do pozo. Un deles, o da voz m\u00e1is aguardentosa, avanzou uns pasos blandendo o pu\u00f1o cara a rapariga.<\/p>\n\n\n\n<p>Por sorte Augazul non estaba soa no momento do infortunio. Varias amigas aparceiras acompa\u00f1abana e non se amilararon ante ante os acenos amenazadores da pandilla do rapaz morto. Rodearon a Augazul e responderon aos increpadores a berros. Segundo elas clamaban, a s\u00faa amiga zafouse do rapaz quen pretend\u00eda propasarse con ela. Empurrouno para sacalo de enriba coa mala fortuna de que o rapaz deu un traspes e volteando o petril do pozo precepitouse dentro. A punto estivo de arrastrar na ca\u00edda a alg\u00fan dos seus amigos que estaban sentados no petril desafiando o perigo.<\/p>\n\n\n\n<p>O esc\u00e1ndalo do careo entre ambas pandillas acrecent\u00e1base coa participaci\u00f3n dos congregados. O enfrentamento polarizouse entre aparceiros e capitalinos. O cruce de acusaci\u00f3ns e insultos trascend\u00eda aquel momento de infortunio. Ambos bandos regurxitaban o rencor acumulado sen respecto ning\u00fan so momento de duelo dos m\u00e1is achegados ao rapaz morto.<\/p>\n\n\n\n<p>Non conseguimos acougar os \u00e1nimos e a situaci\u00f3n estaba a punto de desembocar nunha batalla campal. Varias intentamos mediar facendo un chamamento \u00e1 calma e fumos apartadas a empell\u00f3ns. Cando xa me resignaba para o peor viu o estruendo salvador. Oportunamente Puxeiros O Roxo ordenara \u00e1 patrulla disparar ao aire para reconducir a situaci\u00f3n. Foi efectivo, sobresaltados todo o mundo enmudeceu.<\/p>\n\n\n\n<p>Nese silencio sobrevenido erixiuse a voz do Roxo coa s\u00faa ronca sonoridade. A s\u00faa experiencia como xuiz de paz d\u00e1balle seguridade a s\u00faa fala resultando as\u00ed convincente para as partes en disputa. Alg\u00fans dos presentes a\u00ednda se lembraba de el e da s\u00faa sona de xusto e equitativo. Cada vez que dunha das partes xurd\u00eda un incipiente murmurio polo dito, acalaba a desaprobaci\u00f3n recitando a xurisprudencia axeitada sen aforrarse nin unha coma da s\u00faa inescrutable xerigonza. E as\u00ed con m\u00e1is m\u00e1xia e con palabrais m\u00e1is inintelixibles que a Gran Feiticeira acadou un acordo entre partes. A fr\u00e1xil entente non carec\u00eda de aristas, pero sortearamos o perigo dunha trifulca que nos devolvera a casilla de inicio.<\/p>\n\n\n\n<p>O Roxo non quiso reco\u00f1ecer nunca canto da s\u00faa proposta inicial foi modificada pola zozobra de improvisaci\u00f3ns para superar a marexada. Todos os implicados, tanto Augazul como as testemu\u00f1as, foron arrestados e levados ao cuartel. Para que poideran declarar con calma e sosiego foi a xustificaci\u00f3n do Roxo. En realidade a intenci\u00f3n era illalos uns d\u00edas para que a s\u00faa presenza non contribu\u00edra a aumentar a crispaci\u00f3n.<\/p>\n\n\n\n<p>Pola mesma raz\u00f3n ofrecimos \u00e1 familia do falecido unha sala do alc\u00e1zar para velar ao seu fillo. Non lle resto m\u00e9rito ao Roxo, pero est\u00e1 xente s\u00f3lo con o\u00edr mencionar o alc\u00e1zar volv\u00edanse temerosas e sumisas. Pod\u00edamos sorrir todo o que quixeramos que en \u00faltima instancia \u00e9ramos a representaci\u00f3n do poder.<\/p>\n\n\n\n<p>N\u00f3s non pod\u00edamos xulgar a Augazul, calquera resoluci\u00f3n nosa abrir\u00eda unha fenda infranqueable con algunha das partes se non con ambas. Absolvendoa, ser\u00eda o xusto, conservariamos o favor dos aparceiros, pero alporizar\u00eda aos capitalinos. Non desco\u00f1ec\u00edamos que entre a poboaci\u00f3n hab\u00eda a\u00ednda pros\u00e9litos da secta que demonizou ao meu pai e que estos estaban axitando a poboaci\u00f3n en contra nosa. Sempre foi unha secta minoritaria que foi usada como soporte doctrinal pola xefatura militar para o golpe de estado. Tr\u00e1s o golpe e durante a represi\u00f3n tiveron o seu momento \u00e1lxido de influencia. Areval\u00e9fica se apoio neles para asaltar o poder da Colmena para posteriormente descabezar a secta en canto os seus di\u00e1conos deixaron de comulgar con ela e comenzaron a estorbar nos seus plans.<\/p>\n\n\n\n<p>Non foi doado argallar unha soluci\u00f3n procesal. Ademais necesitabamos un proceso que se dilatara no tempo e os sentimientos agora a flor de pel foran soterrados polo suceder de novos acontecementos. Parec\u00eda inevitable a constituci\u00f3n dun xurado popular pero necesitabamos o benepl\u00e1cito dos clans aparceiros. Non pod\u00edamos enfrontarnos co noso \u00fanico aliado natural naquel avispero.<\/p>\n\n\n\n<p>Acordamos en segredo coas familias aparceiras que na selecci\u00f3n do xurado eles ter\u00edan a metade da representaci\u00f3n. Garant\u00edmoslles ademais que se as circuntancias demandaban unha condena, esta ser\u00eda leve e levadeira para a rea. O Roxo oficiar\u00eda de xu\u00edz e ter\u00edamos o suficiente control do proceso para que este se alongara e a sentenza non estivera determinada polas circunstancias actuais. Ti\u00f1amos que ter moito coidado de que o xuizo da rapariga non se convertera nun litixio entre aparceiros e vilanos, e o seu veredicto fora ditado pola xenreira entre eles.<\/p>\n\n\n\n<p>Para comunicarlle a decisi\u00f3n aos habitantes de Vilania convocamos unha xuntanza na praza maior. A poboaci\u00f3n da capital v\u00edrase reducida a uns poucos milleiros entre as purgas, a hambruna e a pandemia de disenter\u00eda, polo que con unha \u00fanica xuntanza ser\u00eda suficiente para que a mensaxe chegara a tida a poboaci\u00f3n. A\u00ednda as\u00ed acordamos que as patrullas foran pregonando o bando por todos os recunchos da cidade e impedir no posible que fora terxiversado.<\/p>\n\n\n\n<p>O d\u00eda da xuntanza a praza estaba atestada de xente. A maior\u00eda deles agardaban escoitar unha sentenza condenatoria e que axusticiaramos a Augazul al\u00ed mesmo. Estaban afeitos a que por moito menos o reo era descuartizado e exposto na picota. A decepci\u00f3n foi contida polo anuncio de que eles mesmos xulgar\u00edan. Non agardaban que lles propuxeramos aquela implicaci\u00f3n e responsabilidade no proceso. Cando comezaron a aceptar que hoxe non haber\u00eda espect\u00e1culo continuamos explicando o proceso aos que quedaban na praza. A escolleita do xurado far\u00edase por sorteo entre toda a poboaci\u00f3n e para garantir a imparcialidade era necesario facer un censo. Como xa prev\u00edamos que se enardecer\u00e1n as impaciencias acostumado a ver rodar cabezas ipso facto, tam\u00e9n solicitamos a s\u00faa colaboraci\u00f3n na elaboraci\u00f3n do censo.<\/p>\n\n\n\n<p>Deste xeito volcabamos sobre eles a responsabilidade da demora no xuizo. Iso si, deixamoslle ben claro que n\u00f3s non quer\u00edamos que a aplicaci\u00f3n da xustica non se dilatara no tempo, as\u00ed en breve comenzariamos coa selecci\u00f3n dos voluntarios que axudar\u00edan a facer o censo dos habitantes para o sorteo dos integrantes do xurado popular. E rematamos entre v\u00edtores e aplausos dos poucos entusiastas que quedaban na praza.<\/p>\n\n\n\n<p>Se non fora pola firme convici\u00f3n dos nosos prop\u00f3sitos pouco nos diferenciariamos do xeito arbitrario de actuar da Colmea. Eramos conscentes de que os medios empregados condicionarian o fin perseguido, pero quen non \u00e9 v\u00edtima das circunstancias. Ostentar o poder militar s\u00f3lo garant\u00eda perpetuarnos no poder, pero non acadar a transformaci\u00f3n social que desex\u00e1bamos.<\/p>\n","protected":false},"excerpt":{"rendered":"<div class=\"mh-excerpt\"><p>Sab\u00eda que aquel berrido era dunha voz co\u00f1ecida. Non me sorprendi\u00f3 cando atopeime a Augazul sollozando no petril dun pequeno pozo. En canto se decatou da mi\u00f1a presenza sinaloume a boca do pozo. Hab\u00eda un corpo flotando na superficie. Non o dubidei e usando a corda da roldana baixei a por el. <a class=\"mh-excerpt-more\" href=\"https:\/\/www.anovapeneira.gal\/index.php\/2021\/05\/18\/o-trixesimo-cuarto-fragmento-do-diario-de-senlua-arraiana\/\" title=\"O trix\u00e9simo cuarto fragmento do diario de Senl\u00faa Arraiana:\">[&#8230;]<\/a><\/p>\n<\/div>","protected":false},"author":13,"featured_media":5369,"comment_status":"open","ping_status":"open","sticky":false,"template":"","format":"standard","meta":{"_exactmetrics_skip_tracking":false,"_exactmetrics_sitenote_active":false,"_exactmetrics_sitenote_note":"","_exactmetrics_sitenote_category":0,"footnotes":""},"categories":[7],"tags":[235],"class_list":{"0":"post-5368","1":"post","2":"type-post","3":"status-publish","4":"format-standard","5":"has-post-thumbnail","7":"category-artigos-de-opinion","8":"tag-senlua-arraiana"},"yoast_head":"<!-- This site is optimized with the Yoast SEO plugin v27.4 - https:\/\/yoast.com\/product\/yoast-seo-wordpress\/ -->\n<title>O trix\u00e9simo cuarto fragmento do diario de Senl\u00faa Arraiana: -<\/title>\n<meta name=\"description\" content=\"Sab\u00eda que aquel berrido era dunha voz co\u00f1ecida. Non me sorprendi\u00f3 cando atopeime a Augazul sollozando no petril dun pequeno pozo. En canto se decatou da mi\u00f1a presenza sinaloume a boca do pozo. Hab\u00eda un corpo flotando na superficie. Non o dubidei e usando a corda da roldana baixei a por el.\" \/>\n<meta name=\"robots\" content=\"index, follow, max-snippet:-1, max-image-preview:large, max-video-preview:-1\" \/>\n<link rel=\"canonical\" href=\"https:\/\/www.anovapeneira.gal\/index.php\/2021\/05\/18\/o-trixesimo-cuarto-fragmento-do-diario-de-senlua-arraiana\/\" \/>\n<meta property=\"og:locale\" content=\"gl_ES\" \/>\n<meta property=\"og:type\" content=\"article\" \/>\n<meta property=\"og:title\" content=\"O trix\u00e9simo cuarto fragmento do diario de Senl\u00faa Arraiana: -\" \/>\n<meta property=\"og:description\" content=\"Sab\u00eda que aquel berrido era dunha voz co\u00f1ecida. Non me sorprendi\u00f3 cando atopeime a Augazul sollozando no petril dun pequeno pozo. En canto se decatou da mi\u00f1a presenza sinaloume a boca do pozo. Hab\u00eda un corpo flotando na superficie. Non o dubidei e usando a corda da roldana baixei a por el.\" \/>\n<meta property=\"og:url\" content=\"https:\/\/www.anovapeneira.gal\/index.php\/2021\/05\/18\/o-trixesimo-cuarto-fragmento-do-diario-de-senlua-arraiana\/\" \/>\n<meta property=\"article:publisher\" content=\"https:\/\/www.facebook.com\/anovapeneira\" \/>\n<meta property=\"article:published_time\" content=\"2021-05-18T08:00:58+00:00\" \/>\n<meta property=\"og:image\" content=\"https:\/\/www.anovapeneira.gal\/wp-content\/uploads\/2021\/05\/sen-lua.jpg\" \/>\n\t<meta property=\"og:image:width\" content=\"720\" \/>\n\t<meta property=\"og:image:height\" content=\"432\" \/>\n\t<meta property=\"og:image:type\" content=\"image\/jpeg\" \/>\n<meta name=\"author\" content=\"Cristobal L\u00f3pez\" \/>\n<meta name=\"twitter:card\" content=\"summary_large_image\" \/>\n<meta name=\"twitter:creator\" content=\"@APeneira\" \/>\n<meta name=\"twitter:site\" content=\"@APeneira\" \/>\n<meta name=\"twitter:label1\" content=\"Escrito por\" \/>\n\t<meta name=\"twitter:data1\" content=\"Cristobal L\u00f3pez\" \/>\n\t<meta name=\"twitter:label2\" content=\"Tempo de lectura\" \/>\n\t<meta name=\"twitter:data2\" content=\"6 minutos\" \/>\n<script type=\"application\/ld+json\" class=\"yoast-schema-graph\">{\"@context\":\"https:\\\/\\\/schema.org\",\"@graph\":[{\"@type\":\"Article\",\"@id\":\"https:\\\/\\\/www.anovapeneira.gal\\\/index.php\\\/2021\\\/05\\\/18\\\/o-trixesimo-cuarto-fragmento-do-diario-de-senlua-arraiana\\\/#article\",\"isPartOf\":{\"@id\":\"https:\\\/\\\/www.anovapeneira.gal\\\/index.php\\\/2021\\\/05\\\/18\\\/o-trixesimo-cuarto-fragmento-do-diario-de-senlua-arraiana\\\/\"},\"author\":{\"name\":\"Cristobal L\u00f3pez\",\"@id\":\"https:\\\/\\\/www.anovapeneira.gal\\\/#\\\/schema\\\/person\\\/45b3df2338e4d898b7616809f9c5906c\"},\"headline\":\"O trix\u00e9simo cuarto fragmento do diario de Senl\u00faa Arraiana:\",\"datePublished\":\"2021-05-18T08:00:58+00:00\",\"mainEntityOfPage\":{\"@id\":\"https:\\\/\\\/www.anovapeneira.gal\\\/index.php\\\/2021\\\/05\\\/18\\\/o-trixesimo-cuarto-fragmento-do-diario-de-senlua-arraiana\\\/\"},\"wordCount\":1365,\"commentCount\":0,\"publisher\":{\"@id\":\"https:\\\/\\\/www.anovapeneira.gal\\\/#organization\"},\"image\":{\"@id\":\"https:\\\/\\\/www.anovapeneira.gal\\\/index.php\\\/2021\\\/05\\\/18\\\/o-trixesimo-cuarto-fragmento-do-diario-de-senlua-arraiana\\\/#primaryimage\"},\"thumbnailUrl\":\"https:\\\/\\\/www.anovapeneira.gal\\\/wp-content\\\/uploads\\\/2021\\\/05\\\/sen-lua.jpg\",\"keywords\":[\"Senl\u00faa Arraiana\"],\"articleSection\":[\"Artigos de opini\u00f3n\"],\"inLanguage\":\"gl-ES\",\"potentialAction\":[{\"@type\":\"CommentAction\",\"name\":\"Comment\",\"target\":[\"https:\\\/\\\/www.anovapeneira.gal\\\/index.php\\\/2021\\\/05\\\/18\\\/o-trixesimo-cuarto-fragmento-do-diario-de-senlua-arraiana\\\/#respond\"]}]},{\"@type\":\"WebPage\",\"@id\":\"https:\\\/\\\/www.anovapeneira.gal\\\/index.php\\\/2021\\\/05\\\/18\\\/o-trixesimo-cuarto-fragmento-do-diario-de-senlua-arraiana\\\/\",\"url\":\"https:\\\/\\\/www.anovapeneira.gal\\\/index.php\\\/2021\\\/05\\\/18\\\/o-trixesimo-cuarto-fragmento-do-diario-de-senlua-arraiana\\\/\",\"name\":\"O trix\u00e9simo cuarto fragmento do diario de Senl\u00faa Arraiana: -\",\"isPartOf\":{\"@id\":\"https:\\\/\\\/www.anovapeneira.gal\\\/#website\"},\"primaryImageOfPage\":{\"@id\":\"https:\\\/\\\/www.anovapeneira.gal\\\/index.php\\\/2021\\\/05\\\/18\\\/o-trixesimo-cuarto-fragmento-do-diario-de-senlua-arraiana\\\/#primaryimage\"},\"image\":{\"@id\":\"https:\\\/\\\/www.anovapeneira.gal\\\/index.php\\\/2021\\\/05\\\/18\\\/o-trixesimo-cuarto-fragmento-do-diario-de-senlua-arraiana\\\/#primaryimage\"},\"thumbnailUrl\":\"https:\\\/\\\/www.anovapeneira.gal\\\/wp-content\\\/uploads\\\/2021\\\/05\\\/sen-lua.jpg\",\"datePublished\":\"2021-05-18T08:00:58+00:00\",\"description\":\"Sab\u00eda que aquel berrido era dunha voz co\u00f1ecida. Non me sorprendi\u00f3 cando atopeime a Augazul sollozando no petril dun pequeno pozo. En canto se decatou da mi\u00f1a presenza sinaloume a boca do pozo. Hab\u00eda un corpo flotando na superficie. Non o dubidei e usando a corda da roldana baixei a por el.\",\"breadcrumb\":{\"@id\":\"https:\\\/\\\/www.anovapeneira.gal\\\/index.php\\\/2021\\\/05\\\/18\\\/o-trixesimo-cuarto-fragmento-do-diario-de-senlua-arraiana\\\/#breadcrumb\"},\"inLanguage\":\"gl-ES\",\"potentialAction\":[{\"@type\":\"ReadAction\",\"target\":[\"https:\\\/\\\/www.anovapeneira.gal\\\/index.php\\\/2021\\\/05\\\/18\\\/o-trixesimo-cuarto-fragmento-do-diario-de-senlua-arraiana\\\/\"]}]},{\"@type\":\"ImageObject\",\"inLanguage\":\"gl-ES\",\"@id\":\"https:\\\/\\\/www.anovapeneira.gal\\\/index.php\\\/2021\\\/05\\\/18\\\/o-trixesimo-cuarto-fragmento-do-diario-de-senlua-arraiana\\\/#primaryimage\",\"url\":\"https:\\\/\\\/www.anovapeneira.gal\\\/wp-content\\\/uploads\\\/2021\\\/05\\\/sen-lua.jpg\",\"contentUrl\":\"https:\\\/\\\/www.anovapeneira.gal\\\/wp-content\\\/uploads\\\/2021\\\/05\\\/sen-lua.jpg\",\"width\":720,\"height\":432,\"caption\":\"A xustiza non ten mai\u00fasculas\"},{\"@type\":\"BreadcrumbList\",\"@id\":\"https:\\\/\\\/www.anovapeneira.gal\\\/index.php\\\/2021\\\/05\\\/18\\\/o-trixesimo-cuarto-fragmento-do-diario-de-senlua-arraiana\\\/#breadcrumb\",\"itemListElement\":[{\"@type\":\"ListItem\",\"position\":1,\"name\":\"Portada\",\"item\":\"https:\\\/\\\/www.anovapeneira.gal\\\/\"},{\"@type\":\"ListItem\",\"position\":2,\"name\":\"O trix\u00e9simo cuarto fragmento do diario de Senl\u00faa Arraiana:\"}]},{\"@type\":\"WebSite\",\"@id\":\"https:\\\/\\\/www.anovapeneira.gal\\\/#website\",\"url\":\"https:\\\/\\\/www.anovapeneira.gal\\\/\",\"name\":\"\",\"description\":\"Xornal galego de informaci\u00f3n xeral Publicaci\u00f3n mensual de novas de Galicia e en especial dos Concellos da sur da provincia de Pontevedra.\",\"publisher\":{\"@id\":\"https:\\\/\\\/www.anovapeneira.gal\\\/#organization\"},\"potentialAction\":[{\"@type\":\"SearchAction\",\"target\":{\"@type\":\"EntryPoint\",\"urlTemplate\":\"https:\\\/\\\/www.anovapeneira.gal\\\/?s={search_term_string}\"},\"query-input\":{\"@type\":\"PropertyValueSpecification\",\"valueRequired\":true,\"valueName\":\"search_term_string\"}}],\"inLanguage\":\"gl-ES\"},{\"@type\":\"Organization\",\"@id\":\"https:\\\/\\\/www.anovapeneira.gal\\\/#organization\",\"name\":\"A Nova Peneira\",\"url\":\"https:\\\/\\\/www.anovapeneira.gal\\\/\",\"logo\":{\"@type\":\"ImageObject\",\"inLanguage\":\"gl-ES\",\"@id\":\"https:\\\/\\\/www.anovapeneira.gal\\\/#\\\/schema\\\/logo\\\/image\\\/\",\"url\":\"http:\\\/\\\/www.anovapeneira.gal\\\/wp-content\\\/uploads\\\/2019\\\/06\\\/logo_a_nova_peneira_portal_web.png\",\"contentUrl\":\"http:\\\/\\\/www.anovapeneira.gal\\\/wp-content\\\/uploads\\\/2019\\\/06\\\/logo_a_nova_peneira_portal_web.png\",\"width\":300,\"height\":100,\"caption\":\"A Nova Peneira\"},\"image\":{\"@id\":\"https:\\\/\\\/www.anovapeneira.gal\\\/#\\\/schema\\\/logo\\\/image\\\/\"},\"sameAs\":[\"https:\\\/\\\/www.facebook.com\\\/anovapeneira\",\"https:\\\/\\\/x.com\\\/APeneira\"]},{\"@type\":\"Person\",\"@id\":\"https:\\\/\\\/www.anovapeneira.gal\\\/#\\\/schema\\\/person\\\/45b3df2338e4d898b7616809f9c5906c\",\"name\":\"Cristobal L\u00f3pez\",\"image\":{\"@type\":\"ImageObject\",\"inLanguage\":\"gl-ES\",\"@id\":\"https:\\\/\\\/secure.gravatar.com\\\/avatar\\\/b537cf06ef8166c9ef72b09f4d5f6446b1e22ea99505d94e40b8685710482f79?s=96&d=mm&r=g\",\"url\":\"https:\\\/\\\/secure.gravatar.com\\\/avatar\\\/b537cf06ef8166c9ef72b09f4d5f6446b1e22ea99505d94e40b8685710482f79?s=96&d=mm&r=g\",\"contentUrl\":\"https:\\\/\\\/secure.gravatar.com\\\/avatar\\\/b537cf06ef8166c9ef72b09f4d5f6446b1e22ea99505d94e40b8685710482f79?s=96&d=mm&r=g\",\"caption\":\"Cristobal L\u00f3pez\"},\"sameAs\":[\"http:\\\/\\\/anovapeneira.gal\"],\"url\":\"https:\\\/\\\/www.anovapeneira.gal\\\/index.php\\\/author\\\/opinioncristoballopez\\\/\"}]}<\/script>\n<!-- \/ Yoast SEO plugin. -->","yoast_head_json":{"title":"O trix\u00e9simo cuarto fragmento do diario de Senl\u00faa Arraiana: -","description":"Sab\u00eda que aquel berrido era dunha voz co\u00f1ecida. Non me sorprendi\u00f3 cando atopeime a Augazul sollozando no petril dun pequeno pozo. En canto se decatou da mi\u00f1a presenza sinaloume a boca do pozo. Hab\u00eda un corpo flotando na superficie. Non o dubidei e usando a corda da roldana baixei a por el.","robots":{"index":"index","follow":"follow","max-snippet":"max-snippet:-1","max-image-preview":"max-image-preview:large","max-video-preview":"max-video-preview:-1"},"canonical":"https:\/\/www.anovapeneira.gal\/index.php\/2021\/05\/18\/o-trixesimo-cuarto-fragmento-do-diario-de-senlua-arraiana\/","og_locale":"gl_ES","og_type":"article","og_title":"O trix\u00e9simo cuarto fragmento do diario de Senl\u00faa Arraiana: -","og_description":"Sab\u00eda que aquel berrido era dunha voz co\u00f1ecida. Non me sorprendi\u00f3 cando atopeime a Augazul sollozando no petril dun pequeno pozo. En canto se decatou da mi\u00f1a presenza sinaloume a boca do pozo. Hab\u00eda un corpo flotando na superficie. Non o dubidei e usando a corda da roldana baixei a por el.","og_url":"https:\/\/www.anovapeneira.gal\/index.php\/2021\/05\/18\/o-trixesimo-cuarto-fragmento-do-diario-de-senlua-arraiana\/","article_publisher":"https:\/\/www.facebook.com\/anovapeneira","article_published_time":"2021-05-18T08:00:58+00:00","og_image":[{"width":720,"height":432,"url":"https:\/\/www.anovapeneira.gal\/wp-content\/uploads\/2021\/05\/sen-lua.jpg","type":"image\/jpeg"}],"author":"Cristobal L\u00f3pez","twitter_card":"summary_large_image","twitter_creator":"@APeneira","twitter_site":"@APeneira","twitter_misc":{"Escrito por":"Cristobal L\u00f3pez","Tempo de lectura":"6 minutos"},"schema":{"@context":"https:\/\/schema.org","@graph":[{"@type":"Article","@id":"https:\/\/www.anovapeneira.gal\/index.php\/2021\/05\/18\/o-trixesimo-cuarto-fragmento-do-diario-de-senlua-arraiana\/#article","isPartOf":{"@id":"https:\/\/www.anovapeneira.gal\/index.php\/2021\/05\/18\/o-trixesimo-cuarto-fragmento-do-diario-de-senlua-arraiana\/"},"author":{"name":"Cristobal L\u00f3pez","@id":"https:\/\/www.anovapeneira.gal\/#\/schema\/person\/45b3df2338e4d898b7616809f9c5906c"},"headline":"O trix\u00e9simo cuarto fragmento do diario de Senl\u00faa Arraiana:","datePublished":"2021-05-18T08:00:58+00:00","mainEntityOfPage":{"@id":"https:\/\/www.anovapeneira.gal\/index.php\/2021\/05\/18\/o-trixesimo-cuarto-fragmento-do-diario-de-senlua-arraiana\/"},"wordCount":1365,"commentCount":0,"publisher":{"@id":"https:\/\/www.anovapeneira.gal\/#organization"},"image":{"@id":"https:\/\/www.anovapeneira.gal\/index.php\/2021\/05\/18\/o-trixesimo-cuarto-fragmento-do-diario-de-senlua-arraiana\/#primaryimage"},"thumbnailUrl":"https:\/\/www.anovapeneira.gal\/wp-content\/uploads\/2021\/05\/sen-lua.jpg","keywords":["Senl\u00faa Arraiana"],"articleSection":["Artigos de opini\u00f3n"],"inLanguage":"gl-ES","potentialAction":[{"@type":"CommentAction","name":"Comment","target":["https:\/\/www.anovapeneira.gal\/index.php\/2021\/05\/18\/o-trixesimo-cuarto-fragmento-do-diario-de-senlua-arraiana\/#respond"]}]},{"@type":"WebPage","@id":"https:\/\/www.anovapeneira.gal\/index.php\/2021\/05\/18\/o-trixesimo-cuarto-fragmento-do-diario-de-senlua-arraiana\/","url":"https:\/\/www.anovapeneira.gal\/index.php\/2021\/05\/18\/o-trixesimo-cuarto-fragmento-do-diario-de-senlua-arraiana\/","name":"O trix\u00e9simo cuarto fragmento do diario de Senl\u00faa Arraiana: -","isPartOf":{"@id":"https:\/\/www.anovapeneira.gal\/#website"},"primaryImageOfPage":{"@id":"https:\/\/www.anovapeneira.gal\/index.php\/2021\/05\/18\/o-trixesimo-cuarto-fragmento-do-diario-de-senlua-arraiana\/#primaryimage"},"image":{"@id":"https:\/\/www.anovapeneira.gal\/index.php\/2021\/05\/18\/o-trixesimo-cuarto-fragmento-do-diario-de-senlua-arraiana\/#primaryimage"},"thumbnailUrl":"https:\/\/www.anovapeneira.gal\/wp-content\/uploads\/2021\/05\/sen-lua.jpg","datePublished":"2021-05-18T08:00:58+00:00","description":"Sab\u00eda que aquel berrido era dunha voz co\u00f1ecida. Non me sorprendi\u00f3 cando atopeime a Augazul sollozando no petril dun pequeno pozo. En canto se decatou da mi\u00f1a presenza sinaloume a boca do pozo. Hab\u00eda un corpo flotando na superficie. Non o dubidei e usando a corda da roldana baixei a por el.","breadcrumb":{"@id":"https:\/\/www.anovapeneira.gal\/index.php\/2021\/05\/18\/o-trixesimo-cuarto-fragmento-do-diario-de-senlua-arraiana\/#breadcrumb"},"inLanguage":"gl-ES","potentialAction":[{"@type":"ReadAction","target":["https:\/\/www.anovapeneira.gal\/index.php\/2021\/05\/18\/o-trixesimo-cuarto-fragmento-do-diario-de-senlua-arraiana\/"]}]},{"@type":"ImageObject","inLanguage":"gl-ES","@id":"https:\/\/www.anovapeneira.gal\/index.php\/2021\/05\/18\/o-trixesimo-cuarto-fragmento-do-diario-de-senlua-arraiana\/#primaryimage","url":"https:\/\/www.anovapeneira.gal\/wp-content\/uploads\/2021\/05\/sen-lua.jpg","contentUrl":"https:\/\/www.anovapeneira.gal\/wp-content\/uploads\/2021\/05\/sen-lua.jpg","width":720,"height":432,"caption":"A xustiza non ten mai\u00fasculas"},{"@type":"BreadcrumbList","@id":"https:\/\/www.anovapeneira.gal\/index.php\/2021\/05\/18\/o-trixesimo-cuarto-fragmento-do-diario-de-senlua-arraiana\/#breadcrumb","itemListElement":[{"@type":"ListItem","position":1,"name":"Portada","item":"https:\/\/www.anovapeneira.gal\/"},{"@type":"ListItem","position":2,"name":"O trix\u00e9simo cuarto fragmento do diario de Senl\u00faa Arraiana:"}]},{"@type":"WebSite","@id":"https:\/\/www.anovapeneira.gal\/#website","url":"https:\/\/www.anovapeneira.gal\/","name":"","description":"Xornal galego de informaci\u00f3n xeral Publicaci\u00f3n mensual de novas de Galicia e en especial dos Concellos da sur da provincia de Pontevedra.","publisher":{"@id":"https:\/\/www.anovapeneira.gal\/#organization"},"potentialAction":[{"@type":"SearchAction","target":{"@type":"EntryPoint","urlTemplate":"https:\/\/www.anovapeneira.gal\/?s={search_term_string}"},"query-input":{"@type":"PropertyValueSpecification","valueRequired":true,"valueName":"search_term_string"}}],"inLanguage":"gl-ES"},{"@type":"Organization","@id":"https:\/\/www.anovapeneira.gal\/#organization","name":"A Nova Peneira","url":"https:\/\/www.anovapeneira.gal\/","logo":{"@type":"ImageObject","inLanguage":"gl-ES","@id":"https:\/\/www.anovapeneira.gal\/#\/schema\/logo\/image\/","url":"http:\/\/www.anovapeneira.gal\/wp-content\/uploads\/2019\/06\/logo_a_nova_peneira_portal_web.png","contentUrl":"http:\/\/www.anovapeneira.gal\/wp-content\/uploads\/2019\/06\/logo_a_nova_peneira_portal_web.png","width":300,"height":100,"caption":"A Nova Peneira"},"image":{"@id":"https:\/\/www.anovapeneira.gal\/#\/schema\/logo\/image\/"},"sameAs":["https:\/\/www.facebook.com\/anovapeneira","https:\/\/x.com\/APeneira"]},{"@type":"Person","@id":"https:\/\/www.anovapeneira.gal\/#\/schema\/person\/45b3df2338e4d898b7616809f9c5906c","name":"Cristobal L\u00f3pez","image":{"@type":"ImageObject","inLanguage":"gl-ES","@id":"https:\/\/secure.gravatar.com\/avatar\/b537cf06ef8166c9ef72b09f4d5f6446b1e22ea99505d94e40b8685710482f79?s=96&d=mm&r=g","url":"https:\/\/secure.gravatar.com\/avatar\/b537cf06ef8166c9ef72b09f4d5f6446b1e22ea99505d94e40b8685710482f79?s=96&d=mm&r=g","contentUrl":"https:\/\/secure.gravatar.com\/avatar\/b537cf06ef8166c9ef72b09f4d5f6446b1e22ea99505d94e40b8685710482f79?s=96&d=mm&r=g","caption":"Cristobal L\u00f3pez"},"sameAs":["http:\/\/anovapeneira.gal"],"url":"https:\/\/www.anovapeneira.gal\/index.php\/author\/opinioncristoballopez\/"}]}},"jetpack_featured_media_url":"https:\/\/www.anovapeneira.gal\/wp-content\/uploads\/2021\/05\/sen-lua.jpg","_links":{"self":[{"href":"https:\/\/www.anovapeneira.gal\/index.php\/wp-json\/wp\/v2\/posts\/5368","targetHints":{"allow":["GET"]}}],"collection":[{"href":"https:\/\/www.anovapeneira.gal\/index.php\/wp-json\/wp\/v2\/posts"}],"about":[{"href":"https:\/\/www.anovapeneira.gal\/index.php\/wp-json\/wp\/v2\/types\/post"}],"author":[{"embeddable":true,"href":"https:\/\/www.anovapeneira.gal\/index.php\/wp-json\/wp\/v2\/users\/13"}],"replies":[{"embeddable":true,"href":"https:\/\/www.anovapeneira.gal\/index.php\/wp-json\/wp\/v2\/comments?post=5368"}],"version-history":[{"count":1,"href":"https:\/\/www.anovapeneira.gal\/index.php\/wp-json\/wp\/v2\/posts\/5368\/revisions"}],"predecessor-version":[{"id":5370,"href":"https:\/\/www.anovapeneira.gal\/index.php\/wp-json\/wp\/v2\/posts\/5368\/revisions\/5370"}],"wp:featuredmedia":[{"embeddable":true,"href":"https:\/\/www.anovapeneira.gal\/index.php\/wp-json\/wp\/v2\/media\/5369"}],"wp:attachment":[{"href":"https:\/\/www.anovapeneira.gal\/index.php\/wp-json\/wp\/v2\/media?parent=5368"}],"wp:term":[{"taxonomy":"category","embeddable":true,"href":"https:\/\/www.anovapeneira.gal\/index.php\/wp-json\/wp\/v2\/categories?post=5368"},{"taxonomy":"post_tag","embeddable":true,"href":"https:\/\/www.anovapeneira.gal\/index.php\/wp-json\/wp\/v2\/tags?post=5368"}],"curies":[{"name":"wp","href":"https:\/\/api.w.org\/{rel}","templated":true}]}}