{"id":5377,"date":"2021-05-17T10:00:42","date_gmt":"2021-05-17T08:00:42","guid":{"rendered":"http:\/\/www.anovapeneira.gal\/?p=5377"},"modified":"2021-05-18T10:38:31","modified_gmt":"2021-05-18T08:38:31","slug":"conflito-no-metal-de-pontevedra","status":"publish","type":"post","link":"https:\/\/www.anovapeneira.gal\/index.php\/2021\/05\/17\/conflito-no-metal-de-pontevedra\/","title":{"rendered":"Conflito no metal de Pontevedra"},"content":{"rendered":"\n<h2 class=\"wp-block-heading\">\u201c<strong>Con este convenio un traballador ou traballadora eventual vai cobrar de media 92\u20ac menos cada mes\u201d<\/strong><\/h2>\n\n\n\n<h4 class=\"wp-block-heading\"><strong>CCOO E UXT ve\u00f1en de asinar o convenio provincial do metal coa patronal do sector. O acordo xerou un nivel de malestar moi elevado no outro sindicato con representaci\u00f3n na mesa de negociaci\u00f3ns, a CIG , que acusa aos sindicatos asinantes de pasar unha li\u00f1a vermella como \u00e9 ceder na pretensi\u00f3n patronal de abonar o plus de eventualidade ao remate do contrato, e non de maneira mensual como se vi\u00f1a facendo ata agora. A central sindical nacionalista convocou unha folga parcial para o pasado d\u00eda 12 de maio e n\u00f3s falamos co seu SC de industria para que nos explicase a s\u00faa visi\u00f3n sobre o convenio, os motivos da folga e a valoraci\u00f3n do seu resultado<\/strong><\/h4>\n\n\n\n<p><strong>XULIO FERN\u00c1NDEZ, SECRETARIO COMARCAL DA CIG INDUSTRIA.<\/strong><\/p>\n\n\n\n<p><strong>Val\u00f3rame o contido do recente convenio Provincial do Metal de Pontevedra.<\/strong><\/p>\n\n\n\n<blockquote class=\"wp-block-quote is-layout-flow wp-block-quote-is-layout-flow\"><p>A nosa valoraci\u00f3n \u00e9 de frustraci\u00f3n. Ti\u00f1amos unha folga convocada por non pasar unha li\u00f1a vermella que decidiramos os tres sindicatos. Esta era seguir pagando mes a mes o plus de eventualidade. A partir de agora vaise cobrar todo xunto ao finalizar o contrato.<\/p><\/blockquote>\n\n\n\n<p><strong>Porque dis que o ti\u00f1ades todos os sindicatos definido como unha li\u00f1a vermella?<br><\/strong>As\u00ed est\u00e1 reflectido nas actas das reuni\u00f3ns das negociaci\u00f3n e as\u00ed era o acordo. Falo de memoria pero fixemos unhas doce reuni\u00f3ns.<\/p>\n\n\n\n<blockquote class=\"wp-block-quote is-layout-flow wp-block-quote-is-layout-flow\"><p>Fixer\u00e1molo as\u00ed porque a patronal aproveitaba para non pagalo. E ao rematar o contrato dic\u00edalles aos traballadores que se quer\u00edan renovar ti\u00f1an que prescindir do plus.<\/p><\/blockquote>\n\n\n\n<p><strong>Tes constancia de que iso era as\u00ed?<\/strong><\/p>\n\n\n\n<blockquote class=\"wp-block-quote is-layout-flow wp-block-quote-is-layout-flow\"><p>Si, iso era as\u00ed. Somet\u00edan a ese tipo de chantaxes aos traballadores. E ademais, ao pasar o plus ao finalizar o contrato non cotiza nin para as baixas nin para o paro.<\/p><\/blockquote>\n\n\n\n<p><strong>Expl\u00edcame como foi o proceso de sinatura do convenio.<\/strong><\/p>\n\n\n\n<blockquote class=\"wp-block-quote is-layout-flow wp-block-quote-is-layout-flow\"><p>Ti\u00f1amos programada unha folga para o sector do Metal para o d\u00eda 22 de abril. O luns 19 te\u00f1o unha reuni\u00f3n con CCOO e UXT \u00e1s d\u00faas da tarde onde acordamos xa deixar convocada a seguinte folga para os d\u00edas 4 e 6 de maio xa que a patronal non se pu\u00f1a en contacto con n\u00f3s para negociar nada. Ao remate desta reuni\u00f3n recibimos un mail da patronal convoc\u00e1ndonos para o d\u00eda seguinte, martes, para sentarnos a negociar. Aceptamos esta negociaci\u00f3n e unha hora antes de entrar \u00e1 mesa negociadora comezamos a recibir mensaxes de wasp internos que env\u00edan CCOO e UXT aos seus delegados sindicais de que hai un preacordo coa patronal grazas a eles. Cando n\u00f3s entramos na reuni\u00f3n, m\u00e1ndolle unha mensaxe aos secretarios de industria de CCOO e UXT para preguntarlle que est\u00e1 pasando e me contesta CCOO que ti\u00f1amos que falar.<\/p><\/blockquote>\n\n\n\n<blockquote class=\"wp-block-quote is-layout-flow wp-block-quote-is-layout-flow\"><p>Cando a patronal comeza a desagregar a proposta de convenio que nos fan, ofr\u00e9cennos un receso para que o pensemos e lev\u00e1ntanse da mesa para deixarnos debater. Aqu\u00ed CCOO comeza a vender as virtudes deste convenio. N\u00f3s alporiz\u00e1monos co que estamos a escoitar e afloran as discrepancias. Neste intre xa nos damos de conta de que est\u00e1 todo vendido.<\/p><\/blockquote>\n\n\n\n<p><strong>Estabas ti s\u00f3 como representante da CIG?<\/strong><\/p>\n\n\n\n<blockquote class=\"wp-block-quote is-layout-flow wp-block-quote-is-layout-flow\"><p>Non, estabamos catro compa\u00f1eiros da CIG, tres de CCOO e dous da UXT.<\/p><\/blockquote>\n\n\n\n<p><strong>Nestes momentos de tensi\u00f3n onde os enfadades , cal \u00e9 a reacci\u00f3n de UXT de CCOO?<\/strong><\/p>\n\n\n\n<blockquote class=\"wp-block-quote is-layout-flow wp-block-quote-is-layout-flow\"><p>Baixan a cabeza e seguen dicindo que o acordo \u00e9 positivo. UXT queda descolocada porque non se esperaba a torpeza de CCOO de filtrar o preocordo.<\/p><\/blockquote>\n\n\n\n<blockquote class=\"wp-block-quote is-layout-flow wp-block-quote-is-layout-flow\"><p>Dix\u00e9moslles que non nos fixeran perder m\u00e1is o tempo, que sabiamos que \u00edan asinar o acordo, que negociaron coa patronal pola porta de atr\u00e1s e que \u00edamos facer o que nos tocaba para defender un convenio no que os traballadores e traballadoras non perdan dereitos conseguidos con moito esforzo.<\/p><\/blockquote>\n\n\n\n<p><strong>A min chegoume unha desas mensaxes internas de CCOO onde falaban de que ti\u00f1an un acordo con UXT para solucionar o asunto e rematan tir\u00e1ndovos un ataque a v\u00f3s dicindo: \u201dA CIG fai o circo medi\u00e1tico de sempre\u201d. Que tes que dicir a isto?<\/strong><\/p>\n\n\n\n<blockquote class=\"wp-block-quote is-layout-flow wp-block-quote-is-layout-flow\"><p>Isto \u00e9 un \u201clatiguillo\u201d constante de CCOO e UXT cando fan a vendida de sempre.<\/p><\/blockquote>\n\n\n\n<p><strong>Para un traballador ou traballadora do Metal que poida ler esta entrevista, en que cres que lle pode afectar a s\u00faa vida coti\u00e1 este convenio?<\/strong><\/p>\n\n\n\n<blockquote class=\"wp-block-quote is-layout-flow wp-block-quote-is-layout-flow\"><p>Entendemos que a subida \u00e9 insuficiente, pero o salario non o pomos tanto en valor como as oportunidades perdidas nestas negociaci\u00f3ns. Un traballador ou traballadora eventual vai cobrar de media uns 92\u20ac menos ao mes.. A outra idea que ten a patronal en mente, e as\u00ed nolo comunica, \u00e9 o tema das ETT. Hoxe perdemos e renunciamos a unha parte important\u00edsima, que nos custou moito pelexar, e para o 2023 a patronal est\u00e1 nunha situaci\u00f3n de moita firmeza para negociar o das ETT.<\/p><\/blockquote>\n\n\n\n<p><strong>Cal \u00e9 a pulsi\u00f3n maioritaria que percibides no corpo de traballadores e traballadoras sobre a sinatura deste convenio?<\/strong><\/p>\n\n\n\n<blockquote class=\"wp-block-quote is-layout-flow wp-block-quote-is-layout-flow\"><p>Frustraci\u00f3n. Ao corpo dos compa\u00f1eiros e compa\u00f1eiras transm\u00edteselle unha mensaxe de que todos os sindicatos somos iguais algo que \u00e9 obxectivamente falso.<\/p><\/blockquote>\n\n\n\n<p><strong>E v\u00f3s fixestes folga o pasado d\u00eda 12?<\/strong><\/p>\n\n\n\n<blockquote class=\"wp-block-quote is-layout-flow wp-block-quote-is-layout-flow\"><p>Si, como che dixen ese convenio vulnera dereitos hist\u00f3ricos. E o sindicalismo de clase ten que dar unha resposta. Ref\u00edrome ao sindicalismo de clase real, non ao que as\u00ed se auto denomina pero logo non o amosa con feitos<\/p><\/blockquote>\n\n\n\n<p><strong>Como valoras o resultado da folga?<\/strong><\/p>\n\n\n\n<blockquote class=\"wp-block-quote is-layout-flow wp-block-quote-is-layout-flow\"><p>Un \u00e9xito. Foi un exemplo notable da unidade e da fortaleza do sector<\/p><\/blockquote>\n\n\n\n<p><strong>Malia que esta entrevista \u00e9 para falar da folga e do convenio non quero deixar pasar a oportunidade de preguntarche por Barreras. A decisi\u00f3n que tomou a compa\u00f1\u00eda de trasladar o barco, que est\u00e1n constru\u00ednd,o para rematalo en Santander non \u00e9 un s\u00edntoma perigos\u00edsimo e un indicio m\u00e1is que notorio de que Barreras pode estar en perigo de morte?.<\/strong><\/p>\n\n\n\n<blockquote class=\"wp-block-quote is-layout-flow wp-block-quote-is-layout-flow\"><p>O sector naval est\u00e1 totalmente vendido polas administraci\u00f3ns p\u00fablicas. Non hai ningunha visi\u00f3n industrial para o sector naval na Comarca de Vigo.<\/p><\/blockquote>\n\n\n\n<p><strong>Pensas Xulio que corramos o risco de que as seguintes xeraci\u00f3ns dos nosos fillos e fillas poidan crecer en Vigo sen o sector naval?<\/strong><\/p>\n\n\n\n<blockquote class=\"wp-block-quote is-layout-flow wp-block-quote-is-layout-flow\"><p>Pode darse o caso si. O risco t\u00e9molo a\u00ed, e cada ve ten m\u00e1is probabilidades de facerse realidade.<\/p><\/blockquote>\n","protected":false},"excerpt":{"rendered":"<div class=\"mh-excerpt\"><p>CCOO E UXT ve\u00f1en de asinar o convenio provincial do metal coa patronal do sector. O acordo xerou un nivel de malestar moi elevado no outro sindicato con representaci\u00f3n na mesa de negociaci\u00f3ns, a CIG , que acusa aos sindicatos asinantes de pasar unha li\u00f1a vermella como \u00e9 ceder na pretensi\u00f3n patronal de abonar o plus de eventualidade ao remate do contrato, e non de maneira mensual como se vi\u00f1a facendo ata agora <a class=\"mh-excerpt-more\" href=\"https:\/\/www.anovapeneira.gal\/index.php\/2021\/05\/17\/conflito-no-metal-de-pontevedra\/\" title=\"Conflito no metal de Pontevedra\">[&#8230;]<\/a><\/p>\n<\/div>","protected":false},"author":3,"featured_media":5378,"comment_status":"open","ping_status":"open","sticky":false,"template":"","format":"standard","meta":{"_exactmetrics_skip_tracking":false,"_exactmetrics_sitenote_active":false,"_exactmetrics_sitenote_note":"","_exactmetrics_sitenote_category":0,"footnotes":""},"categories":[26],"tags":[],"class_list":{"0":"post-5377","1":"post","2":"type-post","3":"status-publish","4":"format-standard","5":"has-post-thumbnail","7":"category-pontevedra"},"yoast_head":"<!-- This site is optimized with the Yoast SEO plugin v27.4 - https:\/\/yoast.com\/product\/yoast-seo-wordpress\/ -->\n<title>Conflito no metal de Pontevedra -<\/title>\n<meta name=\"robots\" content=\"index, follow, max-snippet:-1, max-image-preview:large, max-video-preview:-1\" \/>\n<link rel=\"canonical\" href=\"https:\/\/www.anovapeneira.gal\/index.php\/2021\/05\/17\/conflito-no-metal-de-pontevedra\/\" \/>\n<meta property=\"og:locale\" content=\"gl_ES\" \/>\n<meta property=\"og:type\" content=\"article\" \/>\n<meta property=\"og:title\" content=\"Conflito no metal de Pontevedra -\" \/>\n<meta property=\"og:description\" content=\"CCOO E UXT ve\u00f1en de asinar o convenio provincial do metal coa patronal do sector. O acordo xerou un nivel de malestar moi elevado no outro sindicato con representaci\u00f3n na mesa de negociaci\u00f3ns, a CIG , que acusa aos sindicatos asinantes de pasar unha li\u00f1a vermella como \u00e9 ceder na pretensi\u00f3n patronal de abonar o plus de eventualidade ao remate do contrato, e non de maneira mensual como se vi\u00f1a facendo ata agora [...]\" \/>\n<meta property=\"og:url\" content=\"https:\/\/www.anovapeneira.gal\/index.php\/2021\/05\/17\/conflito-no-metal-de-pontevedra\/\" \/>\n<meta property=\"article:publisher\" content=\"https:\/\/www.facebook.com\/anovapeneira\" \/>\n<meta property=\"article:published_time\" content=\"2021-05-17T08:00:42+00:00\" \/>\n<meta property=\"article:modified_time\" content=\"2021-05-18T08:38:31+00:00\" \/>\n<meta property=\"og:image\" content=\"https:\/\/www.anovapeneira.gal\/wp-content\/uploads\/2021\/05\/conflito_no_metal_de_pontevedra.jpg\" \/>\n\t<meta property=\"og:image:width\" content=\"720\" \/>\n\t<meta property=\"og:image:height\" content=\"432\" \/>\n\t<meta property=\"og:image:type\" content=\"image\/jpeg\" \/>\n<meta name=\"author\" content=\"Redacci\u00f3n A Nova Peneira\" \/>\n<meta name=\"twitter:card\" content=\"summary_large_image\" \/>\n<meta name=\"twitter:creator\" content=\"@APeneira\" \/>\n<meta name=\"twitter:site\" content=\"@APeneira\" \/>\n<meta name=\"twitter:label1\" content=\"Escrito por\" \/>\n\t<meta name=\"twitter:data1\" content=\"Redacci\u00f3n A Nova Peneira\" \/>\n\t<meta name=\"twitter:label2\" content=\"Tempo de lectura\" \/>\n\t<meta name=\"twitter:data2\" content=\"5 minutos\" \/>\n<script type=\"application\/ld+json\" class=\"yoast-schema-graph\">{\"@context\":\"https:\\\/\\\/schema.org\",\"@graph\":[{\"@type\":\"Article\",\"@id\":\"https:\\\/\\\/www.anovapeneira.gal\\\/index.php\\\/2021\\\/05\\\/17\\\/conflito-no-metal-de-pontevedra\\\/#article\",\"isPartOf\":{\"@id\":\"https:\\\/\\\/www.anovapeneira.gal\\\/index.php\\\/2021\\\/05\\\/17\\\/conflito-no-metal-de-pontevedra\\\/\"},\"author\":{\"name\":\"Redacci\u00f3n A Nova Peneira\",\"@id\":\"https:\\\/\\\/www.anovapeneira.gal\\\/#\\\/schema\\\/person\\\/b93e3f8932e3f8da96334607eb6ac6aa\"},\"headline\":\"Conflito no metal de Pontevedra\",\"datePublished\":\"2021-05-17T08:00:42+00:00\",\"dateModified\":\"2021-05-18T08:38:31+00:00\",\"mainEntityOfPage\":{\"@id\":\"https:\\\/\\\/www.anovapeneira.gal\\\/index.php\\\/2021\\\/05\\\/17\\\/conflito-no-metal-de-pontevedra\\\/\"},\"wordCount\":1082,\"commentCount\":0,\"publisher\":{\"@id\":\"https:\\\/\\\/www.anovapeneira.gal\\\/#organization\"},\"image\":{\"@id\":\"https:\\\/\\\/www.anovapeneira.gal\\\/index.php\\\/2021\\\/05\\\/17\\\/conflito-no-metal-de-pontevedra\\\/#primaryimage\"},\"thumbnailUrl\":\"https:\\\/\\\/www.anovapeneira.gal\\\/wp-content\\\/uploads\\\/2021\\\/05\\\/conflito_no_metal_de_pontevedra.jpg\",\"articleSection\":[\"Pontevedra\"],\"inLanguage\":\"gl-ES\",\"potentialAction\":[{\"@type\":\"CommentAction\",\"name\":\"Comment\",\"target\":[\"https:\\\/\\\/www.anovapeneira.gal\\\/index.php\\\/2021\\\/05\\\/17\\\/conflito-no-metal-de-pontevedra\\\/#respond\"]}]},{\"@type\":\"WebPage\",\"@id\":\"https:\\\/\\\/www.anovapeneira.gal\\\/index.php\\\/2021\\\/05\\\/17\\\/conflito-no-metal-de-pontevedra\\\/\",\"url\":\"https:\\\/\\\/www.anovapeneira.gal\\\/index.php\\\/2021\\\/05\\\/17\\\/conflito-no-metal-de-pontevedra\\\/\",\"name\":\"Conflito no metal de Pontevedra -\",\"isPartOf\":{\"@id\":\"https:\\\/\\\/www.anovapeneira.gal\\\/#website\"},\"primaryImageOfPage\":{\"@id\":\"https:\\\/\\\/www.anovapeneira.gal\\\/index.php\\\/2021\\\/05\\\/17\\\/conflito-no-metal-de-pontevedra\\\/#primaryimage\"},\"image\":{\"@id\":\"https:\\\/\\\/www.anovapeneira.gal\\\/index.php\\\/2021\\\/05\\\/17\\\/conflito-no-metal-de-pontevedra\\\/#primaryimage\"},\"thumbnailUrl\":\"https:\\\/\\\/www.anovapeneira.gal\\\/wp-content\\\/uploads\\\/2021\\\/05\\\/conflito_no_metal_de_pontevedra.jpg\",\"datePublished\":\"2021-05-17T08:00:42+00:00\",\"dateModified\":\"2021-05-18T08:38:31+00:00\",\"breadcrumb\":{\"@id\":\"https:\\\/\\\/www.anovapeneira.gal\\\/index.php\\\/2021\\\/05\\\/17\\\/conflito-no-metal-de-pontevedra\\\/#breadcrumb\"},\"inLanguage\":\"gl-ES\",\"potentialAction\":[{\"@type\":\"ReadAction\",\"target\":[\"https:\\\/\\\/www.anovapeneira.gal\\\/index.php\\\/2021\\\/05\\\/17\\\/conflito-no-metal-de-pontevedra\\\/\"]}]},{\"@type\":\"ImageObject\",\"inLanguage\":\"gl-ES\",\"@id\":\"https:\\\/\\\/www.anovapeneira.gal\\\/index.php\\\/2021\\\/05\\\/17\\\/conflito-no-metal-de-pontevedra\\\/#primaryimage\",\"url\":\"https:\\\/\\\/www.anovapeneira.gal\\\/wp-content\\\/uploads\\\/2021\\\/05\\\/conflito_no_metal_de_pontevedra.jpg\",\"contentUrl\":\"https:\\\/\\\/www.anovapeneira.gal\\\/wp-content\\\/uploads\\\/2021\\\/05\\\/conflito_no_metal_de_pontevedra.jpg\",\"width\":720,\"height\":432,\"caption\":\"Conflito no metal de Pontevedra\"},{\"@type\":\"BreadcrumbList\",\"@id\":\"https:\\\/\\\/www.anovapeneira.gal\\\/index.php\\\/2021\\\/05\\\/17\\\/conflito-no-metal-de-pontevedra\\\/#breadcrumb\",\"itemListElement\":[{\"@type\":\"ListItem\",\"position\":1,\"name\":\"Portada\",\"item\":\"https:\\\/\\\/www.anovapeneira.gal\\\/\"},{\"@type\":\"ListItem\",\"position\":2,\"name\":\"Conflito no metal de Pontevedra\"}]},{\"@type\":\"WebSite\",\"@id\":\"https:\\\/\\\/www.anovapeneira.gal\\\/#website\",\"url\":\"https:\\\/\\\/www.anovapeneira.gal\\\/\",\"name\":\"\",\"description\":\"Xornal galego de informaci\u00f3n xeral Publicaci\u00f3n mensual de novas de Galicia e en especial dos Concellos da sur da provincia de Pontevedra.\",\"publisher\":{\"@id\":\"https:\\\/\\\/www.anovapeneira.gal\\\/#organization\"},\"potentialAction\":[{\"@type\":\"SearchAction\",\"target\":{\"@type\":\"EntryPoint\",\"urlTemplate\":\"https:\\\/\\\/www.anovapeneira.gal\\\/?s={search_term_string}\"},\"query-input\":{\"@type\":\"PropertyValueSpecification\",\"valueRequired\":true,\"valueName\":\"search_term_string\"}}],\"inLanguage\":\"gl-ES\"},{\"@type\":\"Organization\",\"@id\":\"https:\\\/\\\/www.anovapeneira.gal\\\/#organization\",\"name\":\"A Nova Peneira\",\"url\":\"https:\\\/\\\/www.anovapeneira.gal\\\/\",\"logo\":{\"@type\":\"ImageObject\",\"inLanguage\":\"gl-ES\",\"@id\":\"https:\\\/\\\/www.anovapeneira.gal\\\/#\\\/schema\\\/logo\\\/image\\\/\",\"url\":\"http:\\\/\\\/www.anovapeneira.gal\\\/wp-content\\\/uploads\\\/2019\\\/06\\\/logo_a_nova_peneira_portal_web.png\",\"contentUrl\":\"http:\\\/\\\/www.anovapeneira.gal\\\/wp-content\\\/uploads\\\/2019\\\/06\\\/logo_a_nova_peneira_portal_web.png\",\"width\":300,\"height\":100,\"caption\":\"A Nova Peneira\"},\"image\":{\"@id\":\"https:\\\/\\\/www.anovapeneira.gal\\\/#\\\/schema\\\/logo\\\/image\\\/\"},\"sameAs\":[\"https:\\\/\\\/www.facebook.com\\\/anovapeneira\",\"https:\\\/\\\/x.com\\\/APeneira\"]},{\"@type\":\"Person\",\"@id\":\"https:\\\/\\\/www.anovapeneira.gal\\\/#\\\/schema\\\/person\\\/b93e3f8932e3f8da96334607eb6ac6aa\",\"name\":\"Redacci\u00f3n A Nova Peneira\",\"image\":{\"@type\":\"ImageObject\",\"inLanguage\":\"gl-ES\",\"@id\":\"https:\\\/\\\/secure.gravatar.com\\\/avatar\\\/c052a2551a06e23fac63626232eaa90abd78dbcf1700fc46a2b2c89fd27b735f?s=96&d=mm&r=g\",\"url\":\"https:\\\/\\\/secure.gravatar.com\\\/avatar\\\/c052a2551a06e23fac63626232eaa90abd78dbcf1700fc46a2b2c89fd27b735f?s=96&d=mm&r=g\",\"contentUrl\":\"https:\\\/\\\/secure.gravatar.com\\\/avatar\\\/c052a2551a06e23fac63626232eaa90abd78dbcf1700fc46a2b2c89fd27b735f?s=96&d=mm&r=g\",\"caption\":\"Redacci\u00f3n A Nova Peneira\"},\"sameAs\":[\"http:\\\/\\\/www.anovapeneira.gal\\\/\"],\"url\":\"https:\\\/\\\/www.anovapeneira.gal\\\/index.php\\\/author\\\/redactor\\\/\"}]}<\/script>\n<!-- \/ Yoast SEO plugin. -->","yoast_head_json":{"title":"Conflito no metal de Pontevedra -","robots":{"index":"index","follow":"follow","max-snippet":"max-snippet:-1","max-image-preview":"max-image-preview:large","max-video-preview":"max-video-preview:-1"},"canonical":"https:\/\/www.anovapeneira.gal\/index.php\/2021\/05\/17\/conflito-no-metal-de-pontevedra\/","og_locale":"gl_ES","og_type":"article","og_title":"Conflito no metal de Pontevedra -","og_description":"CCOO E UXT ve\u00f1en de asinar o convenio provincial do metal coa patronal do sector. O acordo xerou un nivel de malestar moi elevado no outro sindicato con representaci\u00f3n na mesa de negociaci\u00f3ns, a CIG , que acusa aos sindicatos asinantes de pasar unha li\u00f1a vermella como \u00e9 ceder na pretensi\u00f3n patronal de abonar o plus de eventualidade ao remate do contrato, e non de maneira mensual como se vi\u00f1a facendo ata agora [...]","og_url":"https:\/\/www.anovapeneira.gal\/index.php\/2021\/05\/17\/conflito-no-metal-de-pontevedra\/","article_publisher":"https:\/\/www.facebook.com\/anovapeneira","article_published_time":"2021-05-17T08:00:42+00:00","article_modified_time":"2021-05-18T08:38:31+00:00","og_image":[{"width":720,"height":432,"url":"https:\/\/www.anovapeneira.gal\/wp-content\/uploads\/2021\/05\/conflito_no_metal_de_pontevedra.jpg","type":"image\/jpeg"}],"author":"Redacci\u00f3n A Nova Peneira","twitter_card":"summary_large_image","twitter_creator":"@APeneira","twitter_site":"@APeneira","twitter_misc":{"Escrito por":"Redacci\u00f3n A Nova Peneira","Tempo de lectura":"5 minutos"},"schema":{"@context":"https:\/\/schema.org","@graph":[{"@type":"Article","@id":"https:\/\/www.anovapeneira.gal\/index.php\/2021\/05\/17\/conflito-no-metal-de-pontevedra\/#article","isPartOf":{"@id":"https:\/\/www.anovapeneira.gal\/index.php\/2021\/05\/17\/conflito-no-metal-de-pontevedra\/"},"author":{"name":"Redacci\u00f3n A Nova Peneira","@id":"https:\/\/www.anovapeneira.gal\/#\/schema\/person\/b93e3f8932e3f8da96334607eb6ac6aa"},"headline":"Conflito no metal de Pontevedra","datePublished":"2021-05-17T08:00:42+00:00","dateModified":"2021-05-18T08:38:31+00:00","mainEntityOfPage":{"@id":"https:\/\/www.anovapeneira.gal\/index.php\/2021\/05\/17\/conflito-no-metal-de-pontevedra\/"},"wordCount":1082,"commentCount":0,"publisher":{"@id":"https:\/\/www.anovapeneira.gal\/#organization"},"image":{"@id":"https:\/\/www.anovapeneira.gal\/index.php\/2021\/05\/17\/conflito-no-metal-de-pontevedra\/#primaryimage"},"thumbnailUrl":"https:\/\/www.anovapeneira.gal\/wp-content\/uploads\/2021\/05\/conflito_no_metal_de_pontevedra.jpg","articleSection":["Pontevedra"],"inLanguage":"gl-ES","potentialAction":[{"@type":"CommentAction","name":"Comment","target":["https:\/\/www.anovapeneira.gal\/index.php\/2021\/05\/17\/conflito-no-metal-de-pontevedra\/#respond"]}]},{"@type":"WebPage","@id":"https:\/\/www.anovapeneira.gal\/index.php\/2021\/05\/17\/conflito-no-metal-de-pontevedra\/","url":"https:\/\/www.anovapeneira.gal\/index.php\/2021\/05\/17\/conflito-no-metal-de-pontevedra\/","name":"Conflito no metal de Pontevedra -","isPartOf":{"@id":"https:\/\/www.anovapeneira.gal\/#website"},"primaryImageOfPage":{"@id":"https:\/\/www.anovapeneira.gal\/index.php\/2021\/05\/17\/conflito-no-metal-de-pontevedra\/#primaryimage"},"image":{"@id":"https:\/\/www.anovapeneira.gal\/index.php\/2021\/05\/17\/conflito-no-metal-de-pontevedra\/#primaryimage"},"thumbnailUrl":"https:\/\/www.anovapeneira.gal\/wp-content\/uploads\/2021\/05\/conflito_no_metal_de_pontevedra.jpg","datePublished":"2021-05-17T08:00:42+00:00","dateModified":"2021-05-18T08:38:31+00:00","breadcrumb":{"@id":"https:\/\/www.anovapeneira.gal\/index.php\/2021\/05\/17\/conflito-no-metal-de-pontevedra\/#breadcrumb"},"inLanguage":"gl-ES","potentialAction":[{"@type":"ReadAction","target":["https:\/\/www.anovapeneira.gal\/index.php\/2021\/05\/17\/conflito-no-metal-de-pontevedra\/"]}]},{"@type":"ImageObject","inLanguage":"gl-ES","@id":"https:\/\/www.anovapeneira.gal\/index.php\/2021\/05\/17\/conflito-no-metal-de-pontevedra\/#primaryimage","url":"https:\/\/www.anovapeneira.gal\/wp-content\/uploads\/2021\/05\/conflito_no_metal_de_pontevedra.jpg","contentUrl":"https:\/\/www.anovapeneira.gal\/wp-content\/uploads\/2021\/05\/conflito_no_metal_de_pontevedra.jpg","width":720,"height":432,"caption":"Conflito no metal de Pontevedra"},{"@type":"BreadcrumbList","@id":"https:\/\/www.anovapeneira.gal\/index.php\/2021\/05\/17\/conflito-no-metal-de-pontevedra\/#breadcrumb","itemListElement":[{"@type":"ListItem","position":1,"name":"Portada","item":"https:\/\/www.anovapeneira.gal\/"},{"@type":"ListItem","position":2,"name":"Conflito no metal de Pontevedra"}]},{"@type":"WebSite","@id":"https:\/\/www.anovapeneira.gal\/#website","url":"https:\/\/www.anovapeneira.gal\/","name":"","description":"Xornal galego de informaci\u00f3n xeral Publicaci\u00f3n mensual de novas de Galicia e en especial dos Concellos da sur da provincia de Pontevedra.","publisher":{"@id":"https:\/\/www.anovapeneira.gal\/#organization"},"potentialAction":[{"@type":"SearchAction","target":{"@type":"EntryPoint","urlTemplate":"https:\/\/www.anovapeneira.gal\/?s={search_term_string}"},"query-input":{"@type":"PropertyValueSpecification","valueRequired":true,"valueName":"search_term_string"}}],"inLanguage":"gl-ES"},{"@type":"Organization","@id":"https:\/\/www.anovapeneira.gal\/#organization","name":"A Nova Peneira","url":"https:\/\/www.anovapeneira.gal\/","logo":{"@type":"ImageObject","inLanguage":"gl-ES","@id":"https:\/\/www.anovapeneira.gal\/#\/schema\/logo\/image\/","url":"http:\/\/www.anovapeneira.gal\/wp-content\/uploads\/2019\/06\/logo_a_nova_peneira_portal_web.png","contentUrl":"http:\/\/www.anovapeneira.gal\/wp-content\/uploads\/2019\/06\/logo_a_nova_peneira_portal_web.png","width":300,"height":100,"caption":"A Nova Peneira"},"image":{"@id":"https:\/\/www.anovapeneira.gal\/#\/schema\/logo\/image\/"},"sameAs":["https:\/\/www.facebook.com\/anovapeneira","https:\/\/x.com\/APeneira"]},{"@type":"Person","@id":"https:\/\/www.anovapeneira.gal\/#\/schema\/person\/b93e3f8932e3f8da96334607eb6ac6aa","name":"Redacci\u00f3n A Nova Peneira","image":{"@type":"ImageObject","inLanguage":"gl-ES","@id":"https:\/\/secure.gravatar.com\/avatar\/c052a2551a06e23fac63626232eaa90abd78dbcf1700fc46a2b2c89fd27b735f?s=96&d=mm&r=g","url":"https:\/\/secure.gravatar.com\/avatar\/c052a2551a06e23fac63626232eaa90abd78dbcf1700fc46a2b2c89fd27b735f?s=96&d=mm&r=g","contentUrl":"https:\/\/secure.gravatar.com\/avatar\/c052a2551a06e23fac63626232eaa90abd78dbcf1700fc46a2b2c89fd27b735f?s=96&d=mm&r=g","caption":"Redacci\u00f3n A Nova Peneira"},"sameAs":["http:\/\/www.anovapeneira.gal\/"],"url":"https:\/\/www.anovapeneira.gal\/index.php\/author\/redactor\/"}]}},"jetpack_featured_media_url":"https:\/\/www.anovapeneira.gal\/wp-content\/uploads\/2021\/05\/conflito_no_metal_de_pontevedra.jpg","_links":{"self":[{"href":"https:\/\/www.anovapeneira.gal\/index.php\/wp-json\/wp\/v2\/posts\/5377","targetHints":{"allow":["GET"]}}],"collection":[{"href":"https:\/\/www.anovapeneira.gal\/index.php\/wp-json\/wp\/v2\/posts"}],"about":[{"href":"https:\/\/www.anovapeneira.gal\/index.php\/wp-json\/wp\/v2\/types\/post"}],"author":[{"embeddable":true,"href":"https:\/\/www.anovapeneira.gal\/index.php\/wp-json\/wp\/v2\/users\/3"}],"replies":[{"embeddable":true,"href":"https:\/\/www.anovapeneira.gal\/index.php\/wp-json\/wp\/v2\/comments?post=5377"}],"version-history":[{"count":1,"href":"https:\/\/www.anovapeneira.gal\/index.php\/wp-json\/wp\/v2\/posts\/5377\/revisions"}],"predecessor-version":[{"id":5379,"href":"https:\/\/www.anovapeneira.gal\/index.php\/wp-json\/wp\/v2\/posts\/5377\/revisions\/5379"}],"wp:featuredmedia":[{"embeddable":true,"href":"https:\/\/www.anovapeneira.gal\/index.php\/wp-json\/wp\/v2\/media\/5378"}],"wp:attachment":[{"href":"https:\/\/www.anovapeneira.gal\/index.php\/wp-json\/wp\/v2\/media?parent=5377"}],"wp:term":[{"taxonomy":"category","embeddable":true,"href":"https:\/\/www.anovapeneira.gal\/index.php\/wp-json\/wp\/v2\/categories?post=5377"},{"taxonomy":"post_tag","embeddable":true,"href":"https:\/\/www.anovapeneira.gal\/index.php\/wp-json\/wp\/v2\/tags?post=5377"}],"curies":[{"name":"wp","href":"https:\/\/api.w.org\/{rel}","templated":true}]}}