{"id":5380,"date":"2021-05-18T12:00:15","date_gmt":"2021-05-18T10:00:15","guid":{"rendered":"http:\/\/www.anovapeneira.gal\/?p=5380"},"modified":"2021-05-14T10:10:31","modified_gmt":"2021-05-14T08:10:31","slug":"cristina-fernandez-davila-alcaldesa-en-funcions-do-concello-de-ponteareas","status":"publish","type":"post","link":"https:\/\/www.anovapeneira.gal\/index.php\/2021\/05\/18\/cristina-fernandez-davila-alcaldesa-en-funcions-do-concello-de-ponteareas\/","title":{"rendered":"Cristina Fern\u00e1ndez Davila, Alcaldesa en funci\u00f3ns do Concello de Ponteareas"},"content":{"rendered":"\n<p>\u201c<strong>PEPE REPRESAS \u00c9 O MELLOR ALCALDE DA HISTORIA DE PONTEAREAS\u201d<\/strong><\/p>\n\n\n\n<pre class=\"wp-block-verse\"><strong>Tino Lago<\/strong><\/pre>\n\n\n\n<p>O alcalde de Ponteareas, Pepe Represas, viuse na obriga de renunciar ao seu cargo por problemas de sa\u00fade. Pepe vai ser substitu\u00eddo por Cristina, a n\u00famero 2 da candidatura do BNG nas pasadas elecci\u00f3ns municipais. No momento de redactar este texto Cristina a\u00ednda \u00e9 alcaldesa en funci\u00f3ns, pois non se celebrou o pleno que a designar\u00e1 alcaldesa da s\u00faa vila de maneira oficial. Pero a c\u00f3moda maior\u00eda aritm\u00e9tica da que goza o goberno municipal posibilitar\u00e1 a alcald\u00eda de Cristina sen o m\u00e1is m\u00ednimo problema. N\u00f3s fomos ao concello a co\u00f1ecela e a\u00ednda \u00e9 moi pronto para emitir calquera valoraci\u00f3n, pero quixera quedarme coas palabras de Cristina que titulan esta entrevista para dicir que eu non sei se Pepe \u00e9 o mellor alcalde da historia de Ponteareas , non os co\u00f1ec\u00edn a todos, pero si sei que \u00e9 o mellor de todos os da historia recente, a unha distancia quilom\u00e9trica de calquera outro. E tam\u00e9n sei, con certeza absoluta, que Pepe \u00e9 unha persoa cuxa calidade humana dar\u00edalle contido a aquelas fermosas palabras de Pondal, no himno do noso pa\u00eds, cando falaba dos bos e os xenerosos. Ser\u00e1 un enorme pracer para min volver conversar alg\u00fan d\u00eda con Pepe, e desde as nosas humildes p\u00e1xinas env\u00edolle unha inmensa aperta fraternal, inmensa como o m\u00e1is inmenso dos oc\u00e9anos, e expr\u00e9solle os meus mellores desexos pois as persoas como el son as que fan mellor \u00e1 humanidade.<\/p>\n\n\n\n<p><strong>De onde es Cristina, que estudaches e como chegaches a vida pol\u00edtica?<\/strong><\/p>\n\n\n\n<blockquote class=\"wp-block-quote is-layout-flow wp-block-quote-is-layout-flow\"><p>Son orixinaria do rural de Vigo, pero afincada na cidade por motivos de traballo. Ata que casei viv\u00edn no barrio de Coia de Vigo \u00e9 logo de aprobar varias oposici\u00f3ns consegu\u00edn unha praza aqu\u00ed en Ponteareas. Primeiro fun funcionaria do Estado e agora son funcionaria da Xunta de Galicia, estiven 23 anos traballando no IES Val do Tea como T\u00e9cnica Administrativa. Levo 31 anos vivindo na vila.<\/p><\/blockquote>\n\n\n\n<p><strong>E cando entraches en pol\u00edtica?<\/strong><\/p>\n\n\n\n<blockquote class=\"wp-block-quote is-layout-flow wp-block-quote-is-layout-flow\"><p>No ano 2011, pero xa levaba tempo en contacto co BNG a trav\u00e9s das reivindicaci\u00f3ns que ti\u00f1amos na Federaci\u00f3n de Anpas do Condado Paradanta. Eu era a presidenta. A\u00ednda que tratabamos con distintos partidos foi o BNG o que apoiou as nosas petici\u00f3ns e reco\u00f1ec\u00eda as nosas necesidades educativas naqueles momento.<\/p><\/blockquote>\n\n\n\n<blockquote class=\"wp-block-quote is-layout-flow wp-block-quote-is-layout-flow\"><p>Eu xa co\u00f1ec\u00eda a Pepe represas desde os anos 90, era o meu veci\u00f1o, pero a nosa relaci\u00f3n pol\u00edtica comezou coas nosas reivindicaci\u00f3n desde a Federaci\u00f3n de Anpas. A mi\u00f1a militancia e vida pol\u00edtica sempre estivo no BNG. Eu xa era votante deste partido.<\/p><\/blockquote>\n\n\n\n<p><strong>Cando o BNG ga\u00f1a as elecci\u00f3ns en Ponteareas, no primeiro mandato de Pepe Represas, xa entraches como concelleira ?<\/strong><\/p>\n\n\n\n<blockquote class=\"wp-block-quote is-layout-flow wp-block-quote-is-layout-flow\"><p>Eu presenteime por primeira vez na candidatura do ano 2011, pero entrei como concelleira substitu\u00edndo a Bolivar por un problema de sa\u00fade no ano 2012. Estiven na oposici\u00f3n ata o ano 2015, aqu\u00ed \u00eda de n\u00famero dous nas listas. Nesta ano sacamos 5 concelleiro@s e conseguimos chegar ao goberno municipal.<\/p><\/blockquote>\n\n\n\n<p><strong>Este ano f\u00f3ra un goberno tripartito non?<\/strong><\/p>\n\n\n\n<blockquote class=\"wp-block-quote is-layout-flow wp-block-quote-is-layout-flow\"><p>Si, foi un goberno tripartito e contando co apoio puntual de Esquerda Unida .<\/p><\/blockquote>\n\n\n\n<p><strong>Este foi un goberno cunha situaci\u00f3n aritm\u00e9tica, delicada E dif\u00edcil. Por\u00e9n, deu un salto espectacular nas seguintes elecci\u00f3ns e pasouse a ter unha maior\u00eda moi c\u00f3moda, por que?<\/strong><\/p>\n\n\n\n<blockquote class=\"wp-block-quote is-layout-flow wp-block-quote-is-layout-flow\"><p>Eu creo que a veci\u00f1anza decatouse de que o estabamos a facer ben e o equipo que presentabamos para o mandato do ano 2019 era un equipo potente de persoas moi preparadas e moi implicadas socialmente.<\/p><\/blockquote>\n\n\n\n<p><strong>Un dos eixos esenciais do voso goberno foi o da xesti\u00f3n econ\u00f3mica. Cando Pepe chegou a econom\u00eda do Concello estaba practicamente en banca rota. A mellor\u00eda foi substancial. Que se fixo para afianzar esa mudar a situaci\u00f3n econ\u00f3mica?<\/strong><\/p>\n\n\n\n<blockquote class=\"wp-block-quote is-layout-flow wp-block-quote-is-layout-flow\"><p>Reducir gastos superfluos e comezar a pagar todas as facturas atrasadas, hab\u00eda moit\u00edsimas, ata sen contabilizar. Decat\u00e1monos de d\u00e9bedas pola prensa, houbo una d\u00e9beda de Augas de Galicia, se non me lembro mal, que nola reclamaron na portada dun peri\u00f3dico. Estivemos tres anos aboando facturas e moito que ver nesta boa xesti\u00f3n foi o traballo de Xos\u00e9 Represas e o concelleiro de econom\u00eda daquela que era Francisco Floreal Alonso (Pancho).<\/p><\/blockquote>\n\n\n\n<p><strong>A \u00faltima concelleira de facena do goberno do PP era Bel\u00e9n Villar que \u00e9 a actual xefa da oposici\u00f3n, non?<\/strong><\/p>\n\n\n\n<blockquote class=\"wp-block-quote is-layout-flow wp-block-quote-is-layout-flow\"><p>Si, unha persoa que non foi quen de levar a cabo un s\u00f3 orzamento mentres estivo de concelleira, e iso que era un requisito para o plan de axuste que ti\u00f1an que levar adiante.<\/p><\/blockquote>\n\n\n\n<p><strong>Consideras que Bel\u00e9n Villar ten responsabilidade na desastrosa xesti\u00f3n econ\u00f3mica que fixeron os anteriores gobernos do PP?<\/strong><\/p>\n\n\n\n<blockquote class=\"wp-block-quote is-layout-flow wp-block-quote-is-layout-flow\"><p>Si.<\/p><\/blockquote>\n\n\n\n<p><strong>Podemos dicir que o Concello de Ponteareas agora mesmo est\u00e1 saneado?<\/strong><\/p>\n\n\n\n<blockquote class=\"wp-block-quote is-layout-flow wp-block-quote-is-layout-flow\"><p>Si, est\u00e1 estable.<\/p><\/blockquote>\n\n\n\n<p><strong>Todas estas humanizaci\u00f3ns que estades a desenvolver no centro do concello son consecuencia da mellora da xesti\u00f3n econ\u00f3mica?<\/strong><\/p>\n\n\n\n<blockquote class=\"wp-block-quote is-layout-flow wp-block-quote-is-layout-flow\"><p>Si, sen\u00f3n non poderiamos facelo. Cando comezamos co noso mandato hab\u00eda un cr\u00e9dito que se pedira para alimentos, para mercar pins para dar un d\u00eda dunha festa determinada e para pagar unha orquestra. Non se pode facer unha festa se non se pode pagar. Se hai que endebedarse ten que ser para dar axudas e servizos sociais \u00e1 cidadan\u00eda ou mercar patrimonio local, non para facer festas.<\/p><\/blockquote>\n\n\n\n<p><strong>F\u00e1lanos do m\u00e1is salientable das humanizaci\u00f3ns que estades a desenvolver.<\/strong><\/p>\n\n\n\n<blockquote class=\"wp-block-quote is-layout-flow wp-block-quote-is-layout-flow\"><p>Temos case rematada a EDUSA (estratexia de \u00e1mbito saudable de Ponteareas) e a m\u00e1is destacables nestes intres \u00e9 a Praza Bugallal que estamos facendo. Esta obra rematarase ao longo deste anos, e imos ter un espazo peonil de cerca de 20.000 metros cadrados.<\/p><\/blockquote>\n\n\n\n<p><strong>Estes procesos de humanizaci\u00f3n sempre son complicados e pol\u00e9micos. Consideras que a cidadan\u00eda da vila ten unha tensi\u00f3n excesiva fronte os cambios que inevitablemente provocan?<\/strong><\/p>\n\n\n\n<blockquote class=\"wp-block-quote is-layout-flow wp-block-quote-is-layout-flow\"><p>A xente est\u00e1 molesta inicialmente, como \u00e9 normal, cando lle mudas os h\u00e1bitos e costumes de circulaci\u00f3n, aparcadoiro do autom\u00f3bil ou mesmo das compras. Pero vai beneficiar a moitos veci\u00f1os e veci\u00f1as que van poder desprazarse a p\u00e9 para facer as s\u00faas compras e valorar varias ofertas de diferentes comercios, \u00e1 larga vainos beneficiar a todos. Ga\u00f1an os comercios, as persoas que te\u00f1en m\u00e1is espazos para pasear e os nenos e nenas para xogar e estar na r\u00faa, e vai a haber m\u00e1is oferta e demanda de vivendas tam\u00e9n. Imos reducir un 75% as emisi\u00f3ns de CO2 e isto estamos obrigados a facelo pois para o ano 2030 o CO2 vai ter que estar practicamente f\u00f3ra das cidades.<\/p><\/blockquote>\n\n\n\n<p><strong>E a reforma do mercado?<\/strong><\/p>\n\n\n\n<blockquote class=\"wp-block-quote is-layout-flow wp-block-quote-is-layout-flow\"><p>Este \u00e9 un proxecto moi interesante e precioso. Nesta instalaci\u00f3n non s\u00f3 vanse beneficiar aos praceiros e praceiras, sen\u00f3n que o edificio vai comunicar a parte baixa da vila coa zona do auditorio a trav\u00e9s da zona da Perillana.<\/p><\/blockquote>\n\n\n\n<p><strong>Como est\u00e1 a situaci\u00f3n da pandemia no concello?<\/strong><\/p>\n\n\n\n<blockquote class=\"wp-block-quote is-layout-flow wp-block-quote-is-layout-flow\"><p>Onte, 6 de maio, hab\u00eda 27 casos. Os contaxios van en descenso e estamos en nivel medio-baixo, a ver se a situaci\u00f3n comeza a darnos un respiro. O determinante para que a situaci\u00f3n se normalice vai a ser chegar ao 70% da poboaci\u00f3n vacinada.<\/p><\/blockquote>\n\n\n\n<p><strong>Outros alcaldes e alcaldesas de concellos veci\u00f1os cos que te\u00f1o falado dinme que esta situaci\u00f3n de crise sanitaria provocou que haxa moita m\u00e1is demanda de familias aos servizos sociais para atender as s\u00faas necesidades m\u00e1is b\u00e1sicas, pasou tam\u00e9n aqu\u00ed en Ponteareas?<\/strong><\/p>\n\n\n\n<blockquote class=\"wp-block-quote is-layout-flow wp-block-quote-is-layout-flow\"><p>Si, \u00e9 verdade. Incluso en familias que eran coma a mi\u00f1a. Esta pandemia puxo en relevo d\u00faas cousas:<\/p><\/blockquote>\n\n\n\n<blockquote class=\"wp-block-quote is-layout-flow wp-block-quote-is-layout-flow\"><p>A situaci\u00f3n de desigualdade das mulleres con respecto aos homes, que en moitos casos supuxo que estiveran encerradas cos seus maltratadores. Isto foi terrible, mesmo sa\u00edron moitos casos de persoas que nin sequera se daban de conta de que estaban nesta situaci\u00f3n.<\/p><\/blockquote>\n\n\n\n<blockquote class=\"wp-block-quote is-layout-flow wp-block-quote-is-layout-flow\"><p>E tam\u00e9n puxo de manifesto que calquera familia en calquera situaci\u00f3n, pode chegar a este punto extrema de necesidade.<\/p><\/blockquote>\n\n\n\n<p><strong>Os servizos sociais do concello est\u00e1n preparados para atender este aumento de demanda de axuda?<\/strong><\/p>\n\n\n\n<blockquote class=\"wp-block-quote is-layout-flow wp-block-quote-is-layout-flow\"><p>Si, reforz\u00e1ronse os servizos para poder atender toda a demanda. Neste caso tam\u00e9n foi moi importante o servizo de voluntariado.<\/p><\/blockquote>\n\n\n\n<p><strong>Que vai pasar con Corpus este ano?<\/strong><\/p>\n\n\n\n<blockquote class=\"wp-block-quote is-layout-flow wp-block-quote-is-layout-flow\"><p>Estamos esperando todo o que podemos para ver a situaci\u00f3n epidemiol\u00f3xica e o que nos permite facer. Faremos algo dunha dimensi\u00f3n m\u00e1is local que depende tanto do n\u00f3s coma dos e das alfombristas. Agardo que a normalidade regrese pronto e o Corpus de Pontearaes poida volver o antes posible como o que \u00e9:unha festa de dimensi\u00f3n universal que contrib\u00fae a situar ao noso pobo no mundo.<\/p><\/blockquote>\n\n\n\n<p><strong>O PP queixase de que a escola infantil vai diminu\u00edr en m\u00e1is de 20 as prazas. C\u00f3ntanos a vosa versi\u00f3n ao respecto?.<\/strong><\/p>\n\n\n\n<blockquote class=\"wp-block-quote is-layout-flow wp-block-quote-is-layout-flow\"><p>O PP sempre terxiversa o que sucede. Nos seus mandatos fixeron obras que non se correspond\u00edan coas que ped\u00eda a Xunta co cambio de lexislaci\u00f3n para escolas infant\u00eds. Houbo d\u00faas aulas que nunca foron autorizadas e neste momento a Xunta comeza a sancionarnos por esa situaci\u00f3n. Temos d\u00faas opci\u00f3ns:<\/p><\/blockquote>\n\n\n\n<blockquote class=\"wp-block-quote is-layout-flow wp-block-quote-is-layout-flow\"><p>Pechar a escola infantil e que todos os nenos queden sen praza para poder facer a obra que vai levar un ano de tempo, a Xunta nos di que temos que pechala.<\/p><\/blockquote>\n\n\n\n<blockquote class=\"wp-block-quote is-layout-flow wp-block-quote-is-layout-flow\"><p>Ou a opci\u00f3n menos mala que \u00e9 facer a obra en canto se poida e neste momento rebaixar esas d\u00faas unidades. Estes nenos non se quedaron sen praza, sen\u00f3n que se recolocaron, en canto se puido pola pandemia, nas aulas autorizadas.<\/p><\/blockquote>\n\n\n\n<p><strong>Outro tema recorrente das queixas do PP e o recibo do lixo, que pasa con isto?<\/strong><\/p>\n\n\n\n<blockquote class=\"wp-block-quote is-layout-flow wp-block-quote-is-layout-flow\"><p>\u00c9 unha taxa que ten que cubrir o importe do servizo de recollida do lixo a trav\u00e9s do imposto, coma todos os outros servizos municipais. Estas taxas foron subidas no ano 2013 cando eles sacaron o plan de axuste. Non se pode baixar a taxa un 10% como piden porque non cubririamos os gastos do servizo.<\/p><\/blockquote>\n\n\n\n<p><strong>Dest\u00e1canos alg\u00fan proxecto que te\u00f1ades para as parroquias?<\/strong><\/p>\n\n\n\n<blockquote class=\"wp-block-quote is-layout-flow wp-block-quote-is-layout-flow\"><p>Temos a humanizaci\u00f3n nas pistas que van ao Torreiro de Gul\u00e1ns e ao colexio, que quedaron moi ben. E a outra a de Ribadetea. Penso que se poden facer m\u00e1is en Torreiros e nas entradas dos centros culturais ou mesmo das igrexas. Temos alg\u00fan proxecto bastante avanzado para conseguir financiamento e licitaci\u00f3n xa, parques p\u00fablicos, parques forestais, en montes comunais\u2026<\/p><\/blockquote>\n\n\n\n<p><strong>O noso peri\u00f3dico fai unha gala de entrega de premios cada dous anos, fac\u00e9mola no Porri\u00f1o. O amigo Pepe asistiu as d\u00faas \u00faltimas galas, este ano apraz\u00e1mola para o 2022 por mor da pandemia, esperamos poder seguir contando coa asistencia da alcaldesa de Ponteareas.<\/strong><\/p>\n\n\n\n<blockquote class=\"wp-block-quote is-layout-flow wp-block-quote-is-layout-flow\"><p>Si, estarei estar con v\u00f3s ese d\u00eda.<\/p><\/blockquote>\n\n\n\n<p><strong>Como est\u00e1s de \u00e1nimos e de ilusi\u00f3n para afrontar esta nova etapa de ser a alcaldesa dunha vila coma Ponteareas?<\/strong><\/p>\n\n\n\n<blockquote class=\"wp-block-quote is-layout-flow wp-block-quote-is-layout-flow\"><p>Para min \u00e9 unha honra non soamente representas aos meus veci\u00f1os e veci\u00f1as, sen\u00f3n tam\u00e9n moi emocionada por coller un legado tan importante coma o que deixa Pepe Represas.<\/p><\/blockquote>\n\n\n\n<p><strong>Xos\u00e9 represas \u00e9 o mellor alcalde da historia de Ponteareas?<\/strong><\/p>\n\n\n\n<blockquote class=\"wp-block-quote is-layout-flow wp-block-quote-is-layout-flow\"><p>Sen d\u00fabida. Nos soamente por todo o que fixo, sen\u00f3n porque traballou para Ponteareas sen pensar en nada m\u00e1is que o ben com\u00fan.<\/p><\/blockquote>\n","protected":false},"excerpt":{"rendered":"<div class=\"mh-excerpt\"><p>O alcalde de Ponteareas, Pepe Represas, viuse na obriga de renunciar ao seu cargo por problemas de sa\u00fade. Pepe vai ser substitu\u00eddo por Cristina, a n\u00famero 2 da candidatura do BNG nas pasadas elecci\u00f3ns municipais. No momento de redactar este texto Cristina a\u00ednda \u00e9 alcaldesa en funci\u00f3ns, pois non se celebrou o pleno que a designar\u00e1 alcaldesa da s\u00faa vila de maneira oficial <a class=\"mh-excerpt-more\" href=\"https:\/\/www.anovapeneira.gal\/index.php\/2021\/05\/18\/cristina-fernandez-davila-alcaldesa-en-funcions-do-concello-de-ponteareas\/\" title=\"Cristina Fern\u00e1ndez Davila, Alcaldesa en funci\u00f3ns do Concello de Ponteareas\">[&#8230;]<\/a><\/p>\n<\/div>","protected":false},"author":2,"featured_media":5381,"comment_status":"open","ping_status":"open","sticky":false,"template":"","format":"standard","meta":{"_exactmetrics_skip_tracking":false,"_exactmetrics_sitenote_active":false,"_exactmetrics_sitenote_note":"","_exactmetrics_sitenote_category":0,"footnotes":""},"categories":[267],"tags":[208],"class_list":{"0":"post-5380","1":"post","2":"type-post","3":"status-publish","4":"format-standard","5":"has-post-thumbnail","7":"category-condado-entrevistas","8":"tag-concello-de-ponteareas"},"yoast_head":"<!-- This site is optimized with the Yoast SEO plugin v27.4 - https:\/\/yoast.com\/product\/yoast-seo-wordpress\/ -->\n<title>Cristina Fern\u00e1ndez Davila, Alcaldesa en funci\u00f3ns do Concello de Ponteareas -<\/title>\n<meta name=\"description\" content=\"O alcalde de Ponteareas, Pepe Represas, viuse na obriga de renunciar ao seu cargo por problemas de sa\u00fade. Pepe vai ser substitu\u00eddo por Cristina, a n\u00famero 2 da candidatura do BNG nas pasadas elecci\u00f3ns municipais. No momento de redactar este texto Cristina a\u00ednda \u00e9 alcaldesa en funci\u00f3ns, pois non se celebrou o pleno que a designar\u00e1 alcaldesa da s\u00faa vila de maneira oficial\" \/>\n<meta name=\"robots\" content=\"index, follow, max-snippet:-1, max-image-preview:large, max-video-preview:-1\" \/>\n<link rel=\"canonical\" href=\"https:\/\/www.anovapeneira.gal\/index.php\/2021\/05\/18\/cristina-fernandez-davila-alcaldesa-en-funcions-do-concello-de-ponteareas\/\" \/>\n<meta property=\"og:locale\" content=\"gl_ES\" \/>\n<meta property=\"og:type\" content=\"article\" \/>\n<meta property=\"og:title\" content=\"Cristina Fern\u00e1ndez Davila, Alcaldesa en funci\u00f3ns do Concello de Ponteareas -\" \/>\n<meta property=\"og:description\" content=\"O alcalde de Ponteareas, Pepe Represas, viuse na obriga de renunciar ao seu cargo por problemas de sa\u00fade. Pepe vai ser substitu\u00eddo por Cristina, a n\u00famero 2 da candidatura do BNG nas pasadas elecci\u00f3ns municipais. No momento de redactar este texto Cristina a\u00ednda \u00e9 alcaldesa en funci\u00f3ns, pois non se celebrou o pleno que a designar\u00e1 alcaldesa da s\u00faa vila de maneira oficial\" \/>\n<meta property=\"og:url\" content=\"https:\/\/www.anovapeneira.gal\/index.php\/2021\/05\/18\/cristina-fernandez-davila-alcaldesa-en-funcions-do-concello-de-ponteareas\/\" \/>\n<meta property=\"article:publisher\" content=\"https:\/\/www.facebook.com\/anovapeneira\" \/>\n<meta property=\"article:published_time\" content=\"2021-05-18T10:00:15+00:00\" \/>\n<meta property=\"og:image\" content=\"https:\/\/www.anovapeneira.gal\/wp-content\/uploads\/2021\/05\/alcaldesa_ponteareas.jpg\" \/>\n\t<meta property=\"og:image:width\" content=\"720\" \/>\n\t<meta property=\"og:image:height\" content=\"432\" \/>\n\t<meta property=\"og:image:type\" content=\"image\/jpeg\" \/>\n<meta name=\"author\" content=\"Tino Lago\" \/>\n<meta name=\"twitter:card\" content=\"summary_large_image\" \/>\n<meta name=\"twitter:creator\" content=\"@APeneira\" \/>\n<meta name=\"twitter:site\" content=\"@APeneira\" \/>\n<meta name=\"twitter:label1\" content=\"Escrito por\" \/>\n\t<meta name=\"twitter:data1\" content=\"Tino Lago\" \/>\n\t<meta name=\"twitter:label2\" content=\"Tempo de lectura\" \/>\n\t<meta name=\"twitter:data2\" content=\"8 minutos\" \/>\n<script type=\"application\/ld+json\" class=\"yoast-schema-graph\">{\"@context\":\"https:\\\/\\\/schema.org\",\"@graph\":[{\"@type\":\"Article\",\"@id\":\"https:\\\/\\\/www.anovapeneira.gal\\\/index.php\\\/2021\\\/05\\\/18\\\/cristina-fernandez-davila-alcaldesa-en-funcions-do-concello-de-ponteareas\\\/#article\",\"isPartOf\":{\"@id\":\"https:\\\/\\\/www.anovapeneira.gal\\\/index.php\\\/2021\\\/05\\\/18\\\/cristina-fernandez-davila-alcaldesa-en-funcions-do-concello-de-ponteareas\\\/\"},\"author\":{\"name\":\"Tino Lago\",\"@id\":\"https:\\\/\\\/www.anovapeneira.gal\\\/#\\\/schema\\\/person\\\/424dfe65e3070fd8a44d22d2c088762a\"},\"headline\":\"Cristina Fern\u00e1ndez Davila, Alcaldesa en funci\u00f3ns do Concello de Ponteareas\",\"datePublished\":\"2021-05-18T10:00:15+00:00\",\"mainEntityOfPage\":{\"@id\":\"https:\\\/\\\/www.anovapeneira.gal\\\/index.php\\\/2021\\\/05\\\/18\\\/cristina-fernandez-davila-alcaldesa-en-funcions-do-concello-de-ponteareas\\\/\"},\"wordCount\":1957,\"commentCount\":0,\"publisher\":{\"@id\":\"https:\\\/\\\/www.anovapeneira.gal\\\/#organization\"},\"image\":{\"@id\":\"https:\\\/\\\/www.anovapeneira.gal\\\/index.php\\\/2021\\\/05\\\/18\\\/cristina-fernandez-davila-alcaldesa-en-funcions-do-concello-de-ponteareas\\\/#primaryimage\"},\"thumbnailUrl\":\"https:\\\/\\\/www.anovapeneira.gal\\\/wp-content\\\/uploads\\\/2021\\\/05\\\/alcaldesa_ponteareas.jpg\",\"keywords\":[\"Concello de Ponteareas\"],\"articleSection\":[\"Condado\"],\"inLanguage\":\"gl-ES\",\"potentialAction\":[{\"@type\":\"CommentAction\",\"name\":\"Comment\",\"target\":[\"https:\\\/\\\/www.anovapeneira.gal\\\/index.php\\\/2021\\\/05\\\/18\\\/cristina-fernandez-davila-alcaldesa-en-funcions-do-concello-de-ponteareas\\\/#respond\"]}]},{\"@type\":\"WebPage\",\"@id\":\"https:\\\/\\\/www.anovapeneira.gal\\\/index.php\\\/2021\\\/05\\\/18\\\/cristina-fernandez-davila-alcaldesa-en-funcions-do-concello-de-ponteareas\\\/\",\"url\":\"https:\\\/\\\/www.anovapeneira.gal\\\/index.php\\\/2021\\\/05\\\/18\\\/cristina-fernandez-davila-alcaldesa-en-funcions-do-concello-de-ponteareas\\\/\",\"name\":\"Cristina Fern\u00e1ndez Davila, Alcaldesa en funci\u00f3ns do Concello de Ponteareas -\",\"isPartOf\":{\"@id\":\"https:\\\/\\\/www.anovapeneira.gal\\\/#website\"},\"primaryImageOfPage\":{\"@id\":\"https:\\\/\\\/www.anovapeneira.gal\\\/index.php\\\/2021\\\/05\\\/18\\\/cristina-fernandez-davila-alcaldesa-en-funcions-do-concello-de-ponteareas\\\/#primaryimage\"},\"image\":{\"@id\":\"https:\\\/\\\/www.anovapeneira.gal\\\/index.php\\\/2021\\\/05\\\/18\\\/cristina-fernandez-davila-alcaldesa-en-funcions-do-concello-de-ponteareas\\\/#primaryimage\"},\"thumbnailUrl\":\"https:\\\/\\\/www.anovapeneira.gal\\\/wp-content\\\/uploads\\\/2021\\\/05\\\/alcaldesa_ponteareas.jpg\",\"datePublished\":\"2021-05-18T10:00:15+00:00\",\"description\":\"O alcalde de Ponteareas, Pepe Represas, viuse na obriga de renunciar ao seu cargo por problemas de sa\u00fade. Pepe vai ser substitu\u00eddo por Cristina, a n\u00famero 2 da candidatura do BNG nas pasadas elecci\u00f3ns municipais. No momento de redactar este texto Cristina a\u00ednda \u00e9 alcaldesa en funci\u00f3ns, pois non se celebrou o pleno que a designar\u00e1 alcaldesa da s\u00faa vila de maneira oficial\",\"breadcrumb\":{\"@id\":\"https:\\\/\\\/www.anovapeneira.gal\\\/index.php\\\/2021\\\/05\\\/18\\\/cristina-fernandez-davila-alcaldesa-en-funcions-do-concello-de-ponteareas\\\/#breadcrumb\"},\"inLanguage\":\"gl-ES\",\"potentialAction\":[{\"@type\":\"ReadAction\",\"target\":[\"https:\\\/\\\/www.anovapeneira.gal\\\/index.php\\\/2021\\\/05\\\/18\\\/cristina-fernandez-davila-alcaldesa-en-funcions-do-concello-de-ponteareas\\\/\"]}]},{\"@type\":\"ImageObject\",\"inLanguage\":\"gl-ES\",\"@id\":\"https:\\\/\\\/www.anovapeneira.gal\\\/index.php\\\/2021\\\/05\\\/18\\\/cristina-fernandez-davila-alcaldesa-en-funcions-do-concello-de-ponteareas\\\/#primaryimage\",\"url\":\"https:\\\/\\\/www.anovapeneira.gal\\\/wp-content\\\/uploads\\\/2021\\\/05\\\/alcaldesa_ponteareas.jpg\",\"contentUrl\":\"https:\\\/\\\/www.anovapeneira.gal\\\/wp-content\\\/uploads\\\/2021\\\/05\\\/alcaldesa_ponteareas.jpg\",\"width\":720,\"height\":432,\"caption\":\"Alcaldesa Ponteareas\"},{\"@type\":\"BreadcrumbList\",\"@id\":\"https:\\\/\\\/www.anovapeneira.gal\\\/index.php\\\/2021\\\/05\\\/18\\\/cristina-fernandez-davila-alcaldesa-en-funcions-do-concello-de-ponteareas\\\/#breadcrumb\",\"itemListElement\":[{\"@type\":\"ListItem\",\"position\":1,\"name\":\"Portada\",\"item\":\"https:\\\/\\\/www.anovapeneira.gal\\\/\"},{\"@type\":\"ListItem\",\"position\":2,\"name\":\"Cristina Fern\u00e1ndez Davila, Alcaldesa en funci\u00f3ns do Concello de Ponteareas\"}]},{\"@type\":\"WebSite\",\"@id\":\"https:\\\/\\\/www.anovapeneira.gal\\\/#website\",\"url\":\"https:\\\/\\\/www.anovapeneira.gal\\\/\",\"name\":\"\",\"description\":\"Xornal galego de informaci\u00f3n xeral Publicaci\u00f3n mensual de novas de Galicia e en especial dos Concellos da sur da provincia de Pontevedra.\",\"publisher\":{\"@id\":\"https:\\\/\\\/www.anovapeneira.gal\\\/#organization\"},\"potentialAction\":[{\"@type\":\"SearchAction\",\"target\":{\"@type\":\"EntryPoint\",\"urlTemplate\":\"https:\\\/\\\/www.anovapeneira.gal\\\/?s={search_term_string}\"},\"query-input\":{\"@type\":\"PropertyValueSpecification\",\"valueRequired\":true,\"valueName\":\"search_term_string\"}}],\"inLanguage\":\"gl-ES\"},{\"@type\":\"Organization\",\"@id\":\"https:\\\/\\\/www.anovapeneira.gal\\\/#organization\",\"name\":\"A Nova Peneira\",\"url\":\"https:\\\/\\\/www.anovapeneira.gal\\\/\",\"logo\":{\"@type\":\"ImageObject\",\"inLanguage\":\"gl-ES\",\"@id\":\"https:\\\/\\\/www.anovapeneira.gal\\\/#\\\/schema\\\/logo\\\/image\\\/\",\"url\":\"http:\\\/\\\/www.anovapeneira.gal\\\/wp-content\\\/uploads\\\/2019\\\/06\\\/logo_a_nova_peneira_portal_web.png\",\"contentUrl\":\"http:\\\/\\\/www.anovapeneira.gal\\\/wp-content\\\/uploads\\\/2019\\\/06\\\/logo_a_nova_peneira_portal_web.png\",\"width\":300,\"height\":100,\"caption\":\"A Nova Peneira\"},\"image\":{\"@id\":\"https:\\\/\\\/www.anovapeneira.gal\\\/#\\\/schema\\\/logo\\\/image\\\/\"},\"sameAs\":[\"https:\\\/\\\/www.facebook.com\\\/anovapeneira\",\"https:\\\/\\\/x.com\\\/APeneira\"]},{\"@type\":\"Person\",\"@id\":\"https:\\\/\\\/www.anovapeneira.gal\\\/#\\\/schema\\\/person\\\/424dfe65e3070fd8a44d22d2c088762a\",\"name\":\"Tino Lago\",\"image\":{\"@type\":\"ImageObject\",\"inLanguage\":\"gl-ES\",\"@id\":\"https:\\\/\\\/secure.gravatar.com\\\/avatar\\\/b3df6a06e44bab3111583b90f0f33a0379ee5e3d22cbadd232d39f21c30c62be?s=96&d=mm&r=g\",\"url\":\"https:\\\/\\\/secure.gravatar.com\\\/avatar\\\/b3df6a06e44bab3111583b90f0f33a0379ee5e3d22cbadd232d39f21c30c62be?s=96&d=mm&r=g\",\"contentUrl\":\"https:\\\/\\\/secure.gravatar.com\\\/avatar\\\/b3df6a06e44bab3111583b90f0f33a0379ee5e3d22cbadd232d39f21c30c62be?s=96&d=mm&r=g\",\"caption\":\"Tino Lago\"},\"sameAs\":[\"http:\\\/\\\/www.anovapeneira.gal\"],\"url\":\"https:\\\/\\\/www.anovapeneira.gal\\\/index.php\\\/author\\\/director\\\/\"}]}<\/script>\n<!-- \/ Yoast SEO plugin. -->","yoast_head_json":{"title":"Cristina Fern\u00e1ndez Davila, Alcaldesa en funci\u00f3ns do Concello de Ponteareas -","description":"O alcalde de Ponteareas, Pepe Represas, viuse na obriga de renunciar ao seu cargo por problemas de sa\u00fade. Pepe vai ser substitu\u00eddo por Cristina, a n\u00famero 2 da candidatura do BNG nas pasadas elecci\u00f3ns municipais. No momento de redactar este texto Cristina a\u00ednda \u00e9 alcaldesa en funci\u00f3ns, pois non se celebrou o pleno que a designar\u00e1 alcaldesa da s\u00faa vila de maneira oficial","robots":{"index":"index","follow":"follow","max-snippet":"max-snippet:-1","max-image-preview":"max-image-preview:large","max-video-preview":"max-video-preview:-1"},"canonical":"https:\/\/www.anovapeneira.gal\/index.php\/2021\/05\/18\/cristina-fernandez-davila-alcaldesa-en-funcions-do-concello-de-ponteareas\/","og_locale":"gl_ES","og_type":"article","og_title":"Cristina Fern\u00e1ndez Davila, Alcaldesa en funci\u00f3ns do Concello de Ponteareas -","og_description":"O alcalde de Ponteareas, Pepe Represas, viuse na obriga de renunciar ao seu cargo por problemas de sa\u00fade. Pepe vai ser substitu\u00eddo por Cristina, a n\u00famero 2 da candidatura do BNG nas pasadas elecci\u00f3ns municipais. No momento de redactar este texto Cristina a\u00ednda \u00e9 alcaldesa en funci\u00f3ns, pois non se celebrou o pleno que a designar\u00e1 alcaldesa da s\u00faa vila de maneira oficial","og_url":"https:\/\/www.anovapeneira.gal\/index.php\/2021\/05\/18\/cristina-fernandez-davila-alcaldesa-en-funcions-do-concello-de-ponteareas\/","article_publisher":"https:\/\/www.facebook.com\/anovapeneira","article_published_time":"2021-05-18T10:00:15+00:00","og_image":[{"width":720,"height":432,"url":"https:\/\/www.anovapeneira.gal\/wp-content\/uploads\/2021\/05\/alcaldesa_ponteareas.jpg","type":"image\/jpeg"}],"author":"Tino Lago","twitter_card":"summary_large_image","twitter_creator":"@APeneira","twitter_site":"@APeneira","twitter_misc":{"Escrito por":"Tino Lago","Tempo de lectura":"8 minutos"},"schema":{"@context":"https:\/\/schema.org","@graph":[{"@type":"Article","@id":"https:\/\/www.anovapeneira.gal\/index.php\/2021\/05\/18\/cristina-fernandez-davila-alcaldesa-en-funcions-do-concello-de-ponteareas\/#article","isPartOf":{"@id":"https:\/\/www.anovapeneira.gal\/index.php\/2021\/05\/18\/cristina-fernandez-davila-alcaldesa-en-funcions-do-concello-de-ponteareas\/"},"author":{"name":"Tino Lago","@id":"https:\/\/www.anovapeneira.gal\/#\/schema\/person\/424dfe65e3070fd8a44d22d2c088762a"},"headline":"Cristina Fern\u00e1ndez Davila, Alcaldesa en funci\u00f3ns do Concello de Ponteareas","datePublished":"2021-05-18T10:00:15+00:00","mainEntityOfPage":{"@id":"https:\/\/www.anovapeneira.gal\/index.php\/2021\/05\/18\/cristina-fernandez-davila-alcaldesa-en-funcions-do-concello-de-ponteareas\/"},"wordCount":1957,"commentCount":0,"publisher":{"@id":"https:\/\/www.anovapeneira.gal\/#organization"},"image":{"@id":"https:\/\/www.anovapeneira.gal\/index.php\/2021\/05\/18\/cristina-fernandez-davila-alcaldesa-en-funcions-do-concello-de-ponteareas\/#primaryimage"},"thumbnailUrl":"https:\/\/www.anovapeneira.gal\/wp-content\/uploads\/2021\/05\/alcaldesa_ponteareas.jpg","keywords":["Concello de Ponteareas"],"articleSection":["Condado"],"inLanguage":"gl-ES","potentialAction":[{"@type":"CommentAction","name":"Comment","target":["https:\/\/www.anovapeneira.gal\/index.php\/2021\/05\/18\/cristina-fernandez-davila-alcaldesa-en-funcions-do-concello-de-ponteareas\/#respond"]}]},{"@type":"WebPage","@id":"https:\/\/www.anovapeneira.gal\/index.php\/2021\/05\/18\/cristina-fernandez-davila-alcaldesa-en-funcions-do-concello-de-ponteareas\/","url":"https:\/\/www.anovapeneira.gal\/index.php\/2021\/05\/18\/cristina-fernandez-davila-alcaldesa-en-funcions-do-concello-de-ponteareas\/","name":"Cristina Fern\u00e1ndez Davila, Alcaldesa en funci\u00f3ns do Concello de Ponteareas -","isPartOf":{"@id":"https:\/\/www.anovapeneira.gal\/#website"},"primaryImageOfPage":{"@id":"https:\/\/www.anovapeneira.gal\/index.php\/2021\/05\/18\/cristina-fernandez-davila-alcaldesa-en-funcions-do-concello-de-ponteareas\/#primaryimage"},"image":{"@id":"https:\/\/www.anovapeneira.gal\/index.php\/2021\/05\/18\/cristina-fernandez-davila-alcaldesa-en-funcions-do-concello-de-ponteareas\/#primaryimage"},"thumbnailUrl":"https:\/\/www.anovapeneira.gal\/wp-content\/uploads\/2021\/05\/alcaldesa_ponteareas.jpg","datePublished":"2021-05-18T10:00:15+00:00","description":"O alcalde de Ponteareas, Pepe Represas, viuse na obriga de renunciar ao seu cargo por problemas de sa\u00fade. Pepe vai ser substitu\u00eddo por Cristina, a n\u00famero 2 da candidatura do BNG nas pasadas elecci\u00f3ns municipais. No momento de redactar este texto Cristina a\u00ednda \u00e9 alcaldesa en funci\u00f3ns, pois non se celebrou o pleno que a designar\u00e1 alcaldesa da s\u00faa vila de maneira oficial","breadcrumb":{"@id":"https:\/\/www.anovapeneira.gal\/index.php\/2021\/05\/18\/cristina-fernandez-davila-alcaldesa-en-funcions-do-concello-de-ponteareas\/#breadcrumb"},"inLanguage":"gl-ES","potentialAction":[{"@type":"ReadAction","target":["https:\/\/www.anovapeneira.gal\/index.php\/2021\/05\/18\/cristina-fernandez-davila-alcaldesa-en-funcions-do-concello-de-ponteareas\/"]}]},{"@type":"ImageObject","inLanguage":"gl-ES","@id":"https:\/\/www.anovapeneira.gal\/index.php\/2021\/05\/18\/cristina-fernandez-davila-alcaldesa-en-funcions-do-concello-de-ponteareas\/#primaryimage","url":"https:\/\/www.anovapeneira.gal\/wp-content\/uploads\/2021\/05\/alcaldesa_ponteareas.jpg","contentUrl":"https:\/\/www.anovapeneira.gal\/wp-content\/uploads\/2021\/05\/alcaldesa_ponteareas.jpg","width":720,"height":432,"caption":"Alcaldesa Ponteareas"},{"@type":"BreadcrumbList","@id":"https:\/\/www.anovapeneira.gal\/index.php\/2021\/05\/18\/cristina-fernandez-davila-alcaldesa-en-funcions-do-concello-de-ponteareas\/#breadcrumb","itemListElement":[{"@type":"ListItem","position":1,"name":"Portada","item":"https:\/\/www.anovapeneira.gal\/"},{"@type":"ListItem","position":2,"name":"Cristina Fern\u00e1ndez Davila, Alcaldesa en funci\u00f3ns do Concello de Ponteareas"}]},{"@type":"WebSite","@id":"https:\/\/www.anovapeneira.gal\/#website","url":"https:\/\/www.anovapeneira.gal\/","name":"","description":"Xornal galego de informaci\u00f3n xeral Publicaci\u00f3n mensual de novas de Galicia e en especial dos Concellos da sur da provincia de Pontevedra.","publisher":{"@id":"https:\/\/www.anovapeneira.gal\/#organization"},"potentialAction":[{"@type":"SearchAction","target":{"@type":"EntryPoint","urlTemplate":"https:\/\/www.anovapeneira.gal\/?s={search_term_string}"},"query-input":{"@type":"PropertyValueSpecification","valueRequired":true,"valueName":"search_term_string"}}],"inLanguage":"gl-ES"},{"@type":"Organization","@id":"https:\/\/www.anovapeneira.gal\/#organization","name":"A Nova Peneira","url":"https:\/\/www.anovapeneira.gal\/","logo":{"@type":"ImageObject","inLanguage":"gl-ES","@id":"https:\/\/www.anovapeneira.gal\/#\/schema\/logo\/image\/","url":"http:\/\/www.anovapeneira.gal\/wp-content\/uploads\/2019\/06\/logo_a_nova_peneira_portal_web.png","contentUrl":"http:\/\/www.anovapeneira.gal\/wp-content\/uploads\/2019\/06\/logo_a_nova_peneira_portal_web.png","width":300,"height":100,"caption":"A Nova Peneira"},"image":{"@id":"https:\/\/www.anovapeneira.gal\/#\/schema\/logo\/image\/"},"sameAs":["https:\/\/www.facebook.com\/anovapeneira","https:\/\/x.com\/APeneira"]},{"@type":"Person","@id":"https:\/\/www.anovapeneira.gal\/#\/schema\/person\/424dfe65e3070fd8a44d22d2c088762a","name":"Tino Lago","image":{"@type":"ImageObject","inLanguage":"gl-ES","@id":"https:\/\/secure.gravatar.com\/avatar\/b3df6a06e44bab3111583b90f0f33a0379ee5e3d22cbadd232d39f21c30c62be?s=96&d=mm&r=g","url":"https:\/\/secure.gravatar.com\/avatar\/b3df6a06e44bab3111583b90f0f33a0379ee5e3d22cbadd232d39f21c30c62be?s=96&d=mm&r=g","contentUrl":"https:\/\/secure.gravatar.com\/avatar\/b3df6a06e44bab3111583b90f0f33a0379ee5e3d22cbadd232d39f21c30c62be?s=96&d=mm&r=g","caption":"Tino Lago"},"sameAs":["http:\/\/www.anovapeneira.gal"],"url":"https:\/\/www.anovapeneira.gal\/index.php\/author\/director\/"}]}},"jetpack_featured_media_url":"https:\/\/www.anovapeneira.gal\/wp-content\/uploads\/2021\/05\/alcaldesa_ponteareas.jpg","_links":{"self":[{"href":"https:\/\/www.anovapeneira.gal\/index.php\/wp-json\/wp\/v2\/posts\/5380","targetHints":{"allow":["GET"]}}],"collection":[{"href":"https:\/\/www.anovapeneira.gal\/index.php\/wp-json\/wp\/v2\/posts"}],"about":[{"href":"https:\/\/www.anovapeneira.gal\/index.php\/wp-json\/wp\/v2\/types\/post"}],"author":[{"embeddable":true,"href":"https:\/\/www.anovapeneira.gal\/index.php\/wp-json\/wp\/v2\/users\/2"}],"replies":[{"embeddable":true,"href":"https:\/\/www.anovapeneira.gal\/index.php\/wp-json\/wp\/v2\/comments?post=5380"}],"version-history":[{"count":3,"href":"https:\/\/www.anovapeneira.gal\/index.php\/wp-json\/wp\/v2\/posts\/5380\/revisions"}],"predecessor-version":[{"id":5384,"href":"https:\/\/www.anovapeneira.gal\/index.php\/wp-json\/wp\/v2\/posts\/5380\/revisions\/5384"}],"wp:featuredmedia":[{"embeddable":true,"href":"https:\/\/www.anovapeneira.gal\/index.php\/wp-json\/wp\/v2\/media\/5381"}],"wp:attachment":[{"href":"https:\/\/www.anovapeneira.gal\/index.php\/wp-json\/wp\/v2\/media?parent=5380"}],"wp:term":[{"taxonomy":"category","embeddable":true,"href":"https:\/\/www.anovapeneira.gal\/index.php\/wp-json\/wp\/v2\/categories?post=5380"},{"taxonomy":"post_tag","embeddable":true,"href":"https:\/\/www.anovapeneira.gal\/index.php\/wp-json\/wp\/v2\/tags?post=5380"}],"curies":[{"name":"wp","href":"https:\/\/api.w.org\/{rel}","templated":true}]}}