{"id":5385,"date":"2021-05-19T10:00:21","date_gmt":"2021-05-19T08:00:21","guid":{"rendered":"http:\/\/www.anovapeneira.gal\/?p=5385"},"modified":"2021-05-14T10:22:41","modified_gmt":"2021-05-14T08:22:41","slug":"historia-dun-caminante-de-fornelos-da-ribeira","status":"publish","type":"post","link":"https:\/\/www.anovapeneira.gal\/index.php\/2021\/05\/19\/historia-dun-caminante-de-fornelos-da-ribeira\/","title":{"rendered":"Historia dun cami\u00f1ante de Fornelos da Ribeira"},"content":{"rendered":"\n<pre class=\"wp-block-verse\">Manuel Alfonso Est\u00e9vez<\/pre>\n\n\n\n<p>A mi\u00f1a vida foi un cami\u00f1o que se foi facendo o andar ignorando a distancia que ti\u00f1a querecorrer, e que foi o que encontrei o cami\u00f1ar. Hab\u00edaque continuar ata o final, cada segundo,neste vale de b\u00e1goas, estando cheos de vivencias atao final, porque t\u00f3dalas vivencias, agradables unhas e desagradables outras, fixeron cami\u00f1oo andar. E neste traxecto dos 90 anos, case que noventa anos, est\u00e1 marcado de valorese ensinanzas,creadas en cada momento da mi\u00f1a existencia.<\/p>\n\n\n\n<p>Os meus primeiros pasos foron en Fornelos da Ribeira,da man dos meus pais, de quen recib\u00edn o ser. Logo me acompa\u00f1aron os ollos da madri\u00f1a, ata perdela de vista e o horizonteou destino me permitiu ver. Logo despois, ti s\u00f3 contigomesmo: <strong>Coas t\u00faas emoci\u00f3ns, ast\u00faas raz\u00f3ns, as t\u00faas lembranzas e esperanza<\/strong>s. As\u00edd\u00eda tras d\u00eda, enchendo as p\u00e1xinas dahistoria que levamos enriba de n\u00f3s, onde queiramos estar.<\/p>\n\n\n\n<p>O que deixamos de facer al\u00ed estar\u00e1. Non o podemos borrar, a\u00ednda que queiramos. E unha folla da nosa historia que so podemos lembrar ou esquecer,si as\u00ed o queremos; quizais para revivir os gratos momentos ou chorar as penas que levamos enriba de n\u00f3s.<\/p>\n\n\n\n<p>Pasados o correr dos anos, acortada a vista, nos obriga a cami\u00f1ar lento, e \u00e9 necesario facer un alto no cami\u00f1o. E \u00e9 aqu\u00ed, en solitario ou en familia, facer un balance do feito e do porfacer, e me dou conta, mirando atr\u00e1s, para encontrar o propio exemplo da raz\u00f3n de seguir.<\/p>\n\n\n\n<p>Non tardarei moito tempo en desprenderme desta vida, dos que xa se foron sen retorno, doutros que se senten s\u00f3s e abandonados nesta estaci\u00f3ndo cami\u00f1o, degoiro do pasado,chorando, culp\u00e1ndose do que fixeron ou deixaron defacer. Do tempo restante e vac\u00edo, tempo para enfermar e morrer.<\/p>\n\n\n\n<p>Eu, cando chegue ese final, xa sen forzas, canso, para continuar, ser\u00e1 a hora de deter amarcha, e antes de que se oculte o sol, <strong>mirar paraatr\u00e1s e darme conta de que o tempoxa pasou e aqu\u00ed queda a semente para crecer&#8230;<\/strong><\/p>\n\n\n\n<p>A vida e un cami\u00f1o, e un sendeiro e un recorrido. En son froito dunha herdanza cargada sobre os meus ombros, con responsabilidade de continuar o cami\u00f1o que me tocaba andar. Moitos foron os anos de loita e de dificultades; sen embargo, moitos foron os logros alcanzados no decorrer destes case que noventa anos.<\/p>\n\n\n\n<p>A semente herdada recibida, foi diferente o cami\u00f1oescollido de esperanzas de vida.<\/p>\n\n\n\n<p>Como todo cami\u00f1ante, o medo, estaba a\u00ed, pero ti\u00f1aque andar. Logrei moitos afectos queendozeron a mi\u00f1a existencia de <strong>semente de liberdade republicana e me deron a raz\u00f3npara vivir e loitar.<\/strong> E agora, pensando xa no retorno o mundo da eternidade, cando metoque, o farei feliz, voando sobre as nubes, cami\u00f1oonde non existe nin tempo nin espazo, equero que saibades que en todo momento dende o iniciodo 17 de Xaneiro do 1.932 ata agora, estiveron sempre presentes os sentimentos polos meus seres queridos e as xentesdo meu querido Fornelos da Ribeira.<\/p>\n","protected":false},"excerpt":{"rendered":"<div class=\"mh-excerpt\"><p>A mi\u00f1a vida foi un cami\u00f1o que se foi facendo o andar ignorando a distancia que ti\u00f1a querecorrer, e que foi o que encontrei o cami\u00f1ar. Hab\u00edaque continuar ata o final, cada segundo,neste vale de b\u00e1goas, estando cheos de vivencias atao final, porque t\u00f3dalas vivencias, agradables unhas e desagradables outras, fixeron cami\u00f1oo andar. E neste traxecto dos 90 anos, case que noventa anos, est\u00e1 marcado de valorese ensinanzas,creadas en cada momento da mi\u00f1a existencia <a class=\"mh-excerpt-more\" href=\"https:\/\/www.anovapeneira.gal\/index.php\/2021\/05\/19\/historia-dun-caminante-de-fornelos-da-ribeira\/\" title=\"Historia dun cami\u00f1ante de Fornelos da Ribeira\">[&#8230;]<\/a><\/p>\n<\/div>","protected":false},"author":3,"featured_media":5108,"comment_status":"open","ping_status":"open","sticky":false,"template":"","format":"standard","meta":{"_exactmetrics_skip_tracking":false,"_exactmetrics_sitenote_active":false,"_exactmetrics_sitenote_note":"","_exactmetrics_sitenote_category":0,"footnotes":""},"categories":[25],"tags":[],"class_list":{"0":"post-5385","1":"post","2":"type-post","3":"status-publish","4":"format-standard","5":"has-post-thumbnail","7":"category-condado"},"yoast_head":"<!-- This site is optimized with the Yoast SEO plugin v27.4 - https:\/\/yoast.com\/product\/yoast-seo-wordpress\/ -->\n<title>Historia dun cami\u00f1ante de Fornelos da Ribeira -<\/title>\n<meta name=\"description\" content=\"A mi\u00f1a vida foi un cami\u00f1o que se foi facendo o andar ignorando a distancia que ti\u00f1a querecorrer, e que foi o que encontrei o cami\u00f1ar. Hab\u00edaque continuar ata o final, cada segundo,neste vale de b\u00e1goas, estando cheos de vivencias atao final, porque t\u00f3dalas vivencias, agradables unhas e desagradables outras, fixeron cami\u00f1oo andar. E neste traxecto dos 90 anos, case que noventa anos, est\u00e1 marcado de valorese ensinanzas,creadas en cada momento da mi\u00f1a existencia\" \/>\n<meta name=\"robots\" content=\"index, follow, max-snippet:-1, max-image-preview:large, max-video-preview:-1\" \/>\n<link rel=\"canonical\" href=\"https:\/\/www.anovapeneira.gal\/index.php\/2021\/05\/19\/historia-dun-caminante-de-fornelos-da-ribeira\/\" \/>\n<meta property=\"og:locale\" content=\"gl_ES\" \/>\n<meta property=\"og:type\" content=\"article\" \/>\n<meta property=\"og:title\" content=\"Historia dun cami\u00f1ante de Fornelos da Ribeira -\" \/>\n<meta property=\"og:description\" content=\"A mi\u00f1a vida foi un cami\u00f1o que se foi facendo o andar ignorando a distancia que ti\u00f1a querecorrer, e que foi o que encontrei o cami\u00f1ar. Hab\u00edaque continuar ata o final, cada segundo,neste vale de b\u00e1goas, estando cheos de vivencias atao final, porque t\u00f3dalas vivencias, agradables unhas e desagradables outras, fixeron cami\u00f1oo andar. E neste traxecto dos 90 anos, case que noventa anos, est\u00e1 marcado de valorese ensinanzas,creadas en cada momento da mi\u00f1a existencia\" \/>\n<meta property=\"og:url\" content=\"https:\/\/www.anovapeneira.gal\/index.php\/2021\/05\/19\/historia-dun-caminante-de-fornelos-da-ribeira\/\" \/>\n<meta property=\"article:publisher\" content=\"https:\/\/www.facebook.com\/anovapeneira\" \/>\n<meta property=\"article:published_time\" content=\"2021-05-19T08:00:21+00:00\" \/>\n<meta property=\"og:image\" content=\"https:\/\/www.anovapeneira.gal\/wp-content\/uploads\/2021\/03\/manuel_alfonso_estevez.jpg\" \/>\n\t<meta property=\"og:image:width\" content=\"720\" \/>\n\t<meta property=\"og:image:height\" content=\"432\" \/>\n\t<meta property=\"og:image:type\" content=\"image\/jpeg\" \/>\n<meta name=\"author\" content=\"Redacci\u00f3n A Nova Peneira\" \/>\n<meta name=\"twitter:card\" content=\"summary_large_image\" \/>\n<meta name=\"twitter:creator\" content=\"@APeneira\" \/>\n<meta name=\"twitter:site\" content=\"@APeneira\" \/>\n<meta name=\"twitter:label1\" content=\"Escrito por\" \/>\n\t<meta name=\"twitter:data1\" content=\"Redacci\u00f3n A Nova Peneira\" \/>\n\t<meta name=\"twitter:label2\" content=\"Tempo de lectura\" \/>\n\t<meta name=\"twitter:data2\" content=\"3 minutos\" \/>\n<script type=\"application\/ld+json\" class=\"yoast-schema-graph\">{\"@context\":\"https:\\\/\\\/schema.org\",\"@graph\":[{\"@type\":\"Article\",\"@id\":\"https:\\\/\\\/www.anovapeneira.gal\\\/index.php\\\/2021\\\/05\\\/19\\\/historia-dun-caminante-de-fornelos-da-ribeira\\\/#article\",\"isPartOf\":{\"@id\":\"https:\\\/\\\/www.anovapeneira.gal\\\/index.php\\\/2021\\\/05\\\/19\\\/historia-dun-caminante-de-fornelos-da-ribeira\\\/\"},\"author\":{\"name\":\"Redacci\u00f3n A Nova Peneira\",\"@id\":\"https:\\\/\\\/www.anovapeneira.gal\\\/#\\\/schema\\\/person\\\/b93e3f8932e3f8da96334607eb6ac6aa\"},\"headline\":\"Historia dun cami\u00f1ante de Fornelos da Ribeira\",\"datePublished\":\"2021-05-19T08:00:21+00:00\",\"mainEntityOfPage\":{\"@id\":\"https:\\\/\\\/www.anovapeneira.gal\\\/index.php\\\/2021\\\/05\\\/19\\\/historia-dun-caminante-de-fornelos-da-ribeira\\\/\"},\"wordCount\":529,\"commentCount\":0,\"publisher\":{\"@id\":\"https:\\\/\\\/www.anovapeneira.gal\\\/#organization\"},\"image\":{\"@id\":\"https:\\\/\\\/www.anovapeneira.gal\\\/index.php\\\/2021\\\/05\\\/19\\\/historia-dun-caminante-de-fornelos-da-ribeira\\\/#primaryimage\"},\"thumbnailUrl\":\"https:\\\/\\\/www.anovapeneira.gal\\\/wp-content\\\/uploads\\\/2021\\\/03\\\/manuel_alfonso_estevez.jpg\",\"articleSection\":[\"Condado\"],\"inLanguage\":\"gl-ES\",\"potentialAction\":[{\"@type\":\"CommentAction\",\"name\":\"Comment\",\"target\":[\"https:\\\/\\\/www.anovapeneira.gal\\\/index.php\\\/2021\\\/05\\\/19\\\/historia-dun-caminante-de-fornelos-da-ribeira\\\/#respond\"]}]},{\"@type\":\"WebPage\",\"@id\":\"https:\\\/\\\/www.anovapeneira.gal\\\/index.php\\\/2021\\\/05\\\/19\\\/historia-dun-caminante-de-fornelos-da-ribeira\\\/\",\"url\":\"https:\\\/\\\/www.anovapeneira.gal\\\/index.php\\\/2021\\\/05\\\/19\\\/historia-dun-caminante-de-fornelos-da-ribeira\\\/\",\"name\":\"Historia dun cami\u00f1ante de Fornelos da Ribeira -\",\"isPartOf\":{\"@id\":\"https:\\\/\\\/www.anovapeneira.gal\\\/#website\"},\"primaryImageOfPage\":{\"@id\":\"https:\\\/\\\/www.anovapeneira.gal\\\/index.php\\\/2021\\\/05\\\/19\\\/historia-dun-caminante-de-fornelos-da-ribeira\\\/#primaryimage\"},\"image\":{\"@id\":\"https:\\\/\\\/www.anovapeneira.gal\\\/index.php\\\/2021\\\/05\\\/19\\\/historia-dun-caminante-de-fornelos-da-ribeira\\\/#primaryimage\"},\"thumbnailUrl\":\"https:\\\/\\\/www.anovapeneira.gal\\\/wp-content\\\/uploads\\\/2021\\\/03\\\/manuel_alfonso_estevez.jpg\",\"datePublished\":\"2021-05-19T08:00:21+00:00\",\"description\":\"A mi\u00f1a vida foi un cami\u00f1o que se foi facendo o andar ignorando a distancia que ti\u00f1a querecorrer, e que foi o que encontrei o cami\u00f1ar. Hab\u00edaque continuar ata o final, cada segundo,neste vale de b\u00e1goas, estando cheos de vivencias atao final, porque t\u00f3dalas vivencias, agradables unhas e desagradables outras, fixeron cami\u00f1oo andar. E neste traxecto dos 90 anos, case que noventa anos, est\u00e1 marcado de valorese ensinanzas,creadas en cada momento da mi\u00f1a existencia\",\"breadcrumb\":{\"@id\":\"https:\\\/\\\/www.anovapeneira.gal\\\/index.php\\\/2021\\\/05\\\/19\\\/historia-dun-caminante-de-fornelos-da-ribeira\\\/#breadcrumb\"},\"inLanguage\":\"gl-ES\",\"potentialAction\":[{\"@type\":\"ReadAction\",\"target\":[\"https:\\\/\\\/www.anovapeneira.gal\\\/index.php\\\/2021\\\/05\\\/19\\\/historia-dun-caminante-de-fornelos-da-ribeira\\\/\"]}]},{\"@type\":\"ImageObject\",\"inLanguage\":\"gl-ES\",\"@id\":\"https:\\\/\\\/www.anovapeneira.gal\\\/index.php\\\/2021\\\/05\\\/19\\\/historia-dun-caminante-de-fornelos-da-ribeira\\\/#primaryimage\",\"url\":\"https:\\\/\\\/www.anovapeneira.gal\\\/wp-content\\\/uploads\\\/2021\\\/03\\\/manuel_alfonso_estevez.jpg\",\"contentUrl\":\"https:\\\/\\\/www.anovapeneira.gal\\\/wp-content\\\/uploads\\\/2021\\\/03\\\/manuel_alfonso_estevez.jpg\",\"width\":720,\"height\":432,\"caption\":\"Manuel Alfonso Est\u00e9vez. Historia viva de Fornelos da Ribeira\"},{\"@type\":\"BreadcrumbList\",\"@id\":\"https:\\\/\\\/www.anovapeneira.gal\\\/index.php\\\/2021\\\/05\\\/19\\\/historia-dun-caminante-de-fornelos-da-ribeira\\\/#breadcrumb\",\"itemListElement\":[{\"@type\":\"ListItem\",\"position\":1,\"name\":\"Portada\",\"item\":\"https:\\\/\\\/www.anovapeneira.gal\\\/\"},{\"@type\":\"ListItem\",\"position\":2,\"name\":\"Historia dun cami\u00f1ante de Fornelos da Ribeira\"}]},{\"@type\":\"WebSite\",\"@id\":\"https:\\\/\\\/www.anovapeneira.gal\\\/#website\",\"url\":\"https:\\\/\\\/www.anovapeneira.gal\\\/\",\"name\":\"\",\"description\":\"Xornal galego de informaci\u00f3n xeral Publicaci\u00f3n mensual de novas de Galicia e en especial dos Concellos da sur da provincia de Pontevedra.\",\"publisher\":{\"@id\":\"https:\\\/\\\/www.anovapeneira.gal\\\/#organization\"},\"potentialAction\":[{\"@type\":\"SearchAction\",\"target\":{\"@type\":\"EntryPoint\",\"urlTemplate\":\"https:\\\/\\\/www.anovapeneira.gal\\\/?s={search_term_string}\"},\"query-input\":{\"@type\":\"PropertyValueSpecification\",\"valueRequired\":true,\"valueName\":\"search_term_string\"}}],\"inLanguage\":\"gl-ES\"},{\"@type\":\"Organization\",\"@id\":\"https:\\\/\\\/www.anovapeneira.gal\\\/#organization\",\"name\":\"A Nova Peneira\",\"url\":\"https:\\\/\\\/www.anovapeneira.gal\\\/\",\"logo\":{\"@type\":\"ImageObject\",\"inLanguage\":\"gl-ES\",\"@id\":\"https:\\\/\\\/www.anovapeneira.gal\\\/#\\\/schema\\\/logo\\\/image\\\/\",\"url\":\"http:\\\/\\\/www.anovapeneira.gal\\\/wp-content\\\/uploads\\\/2019\\\/06\\\/logo_a_nova_peneira_portal_web.png\",\"contentUrl\":\"http:\\\/\\\/www.anovapeneira.gal\\\/wp-content\\\/uploads\\\/2019\\\/06\\\/logo_a_nova_peneira_portal_web.png\",\"width\":300,\"height\":100,\"caption\":\"A Nova Peneira\"},\"image\":{\"@id\":\"https:\\\/\\\/www.anovapeneira.gal\\\/#\\\/schema\\\/logo\\\/image\\\/\"},\"sameAs\":[\"https:\\\/\\\/www.facebook.com\\\/anovapeneira\",\"https:\\\/\\\/x.com\\\/APeneira\"]},{\"@type\":\"Person\",\"@id\":\"https:\\\/\\\/www.anovapeneira.gal\\\/#\\\/schema\\\/person\\\/b93e3f8932e3f8da96334607eb6ac6aa\",\"name\":\"Redacci\u00f3n A Nova Peneira\",\"image\":{\"@type\":\"ImageObject\",\"inLanguage\":\"gl-ES\",\"@id\":\"https:\\\/\\\/secure.gravatar.com\\\/avatar\\\/c052a2551a06e23fac63626232eaa90abd78dbcf1700fc46a2b2c89fd27b735f?s=96&d=mm&r=g\",\"url\":\"https:\\\/\\\/secure.gravatar.com\\\/avatar\\\/c052a2551a06e23fac63626232eaa90abd78dbcf1700fc46a2b2c89fd27b735f?s=96&d=mm&r=g\",\"contentUrl\":\"https:\\\/\\\/secure.gravatar.com\\\/avatar\\\/c052a2551a06e23fac63626232eaa90abd78dbcf1700fc46a2b2c89fd27b735f?s=96&d=mm&r=g\",\"caption\":\"Redacci\u00f3n A Nova Peneira\"},\"sameAs\":[\"http:\\\/\\\/www.anovapeneira.gal\\\/\"],\"url\":\"https:\\\/\\\/www.anovapeneira.gal\\\/index.php\\\/author\\\/redactor\\\/\"}]}<\/script>\n<!-- \/ Yoast SEO plugin. -->","yoast_head_json":{"title":"Historia dun cami\u00f1ante de Fornelos da Ribeira -","description":"A mi\u00f1a vida foi un cami\u00f1o que se foi facendo o andar ignorando a distancia que ti\u00f1a querecorrer, e que foi o que encontrei o cami\u00f1ar. Hab\u00edaque continuar ata o final, cada segundo,neste vale de b\u00e1goas, estando cheos de vivencias atao final, porque t\u00f3dalas vivencias, agradables unhas e desagradables outras, fixeron cami\u00f1oo andar. E neste traxecto dos 90 anos, case que noventa anos, est\u00e1 marcado de valorese ensinanzas,creadas en cada momento da mi\u00f1a existencia","robots":{"index":"index","follow":"follow","max-snippet":"max-snippet:-1","max-image-preview":"max-image-preview:large","max-video-preview":"max-video-preview:-1"},"canonical":"https:\/\/www.anovapeneira.gal\/index.php\/2021\/05\/19\/historia-dun-caminante-de-fornelos-da-ribeira\/","og_locale":"gl_ES","og_type":"article","og_title":"Historia dun cami\u00f1ante de Fornelos da Ribeira -","og_description":"A mi\u00f1a vida foi un cami\u00f1o que se foi facendo o andar ignorando a distancia que ti\u00f1a querecorrer, e que foi o que encontrei o cami\u00f1ar. Hab\u00edaque continuar ata o final, cada segundo,neste vale de b\u00e1goas, estando cheos de vivencias atao final, porque t\u00f3dalas vivencias, agradables unhas e desagradables outras, fixeron cami\u00f1oo andar. E neste traxecto dos 90 anos, case que noventa anos, est\u00e1 marcado de valorese ensinanzas,creadas en cada momento da mi\u00f1a existencia","og_url":"https:\/\/www.anovapeneira.gal\/index.php\/2021\/05\/19\/historia-dun-caminante-de-fornelos-da-ribeira\/","article_publisher":"https:\/\/www.facebook.com\/anovapeneira","article_published_time":"2021-05-19T08:00:21+00:00","og_image":[{"width":720,"height":432,"url":"https:\/\/www.anovapeneira.gal\/wp-content\/uploads\/2021\/03\/manuel_alfonso_estevez.jpg","type":"image\/jpeg"}],"author":"Redacci\u00f3n A Nova Peneira","twitter_card":"summary_large_image","twitter_creator":"@APeneira","twitter_site":"@APeneira","twitter_misc":{"Escrito por":"Redacci\u00f3n A Nova Peneira","Tempo de lectura":"3 minutos"},"schema":{"@context":"https:\/\/schema.org","@graph":[{"@type":"Article","@id":"https:\/\/www.anovapeneira.gal\/index.php\/2021\/05\/19\/historia-dun-caminante-de-fornelos-da-ribeira\/#article","isPartOf":{"@id":"https:\/\/www.anovapeneira.gal\/index.php\/2021\/05\/19\/historia-dun-caminante-de-fornelos-da-ribeira\/"},"author":{"name":"Redacci\u00f3n A Nova Peneira","@id":"https:\/\/www.anovapeneira.gal\/#\/schema\/person\/b93e3f8932e3f8da96334607eb6ac6aa"},"headline":"Historia dun cami\u00f1ante de Fornelos da Ribeira","datePublished":"2021-05-19T08:00:21+00:00","mainEntityOfPage":{"@id":"https:\/\/www.anovapeneira.gal\/index.php\/2021\/05\/19\/historia-dun-caminante-de-fornelos-da-ribeira\/"},"wordCount":529,"commentCount":0,"publisher":{"@id":"https:\/\/www.anovapeneira.gal\/#organization"},"image":{"@id":"https:\/\/www.anovapeneira.gal\/index.php\/2021\/05\/19\/historia-dun-caminante-de-fornelos-da-ribeira\/#primaryimage"},"thumbnailUrl":"https:\/\/www.anovapeneira.gal\/wp-content\/uploads\/2021\/03\/manuel_alfonso_estevez.jpg","articleSection":["Condado"],"inLanguage":"gl-ES","potentialAction":[{"@type":"CommentAction","name":"Comment","target":["https:\/\/www.anovapeneira.gal\/index.php\/2021\/05\/19\/historia-dun-caminante-de-fornelos-da-ribeira\/#respond"]}]},{"@type":"WebPage","@id":"https:\/\/www.anovapeneira.gal\/index.php\/2021\/05\/19\/historia-dun-caminante-de-fornelos-da-ribeira\/","url":"https:\/\/www.anovapeneira.gal\/index.php\/2021\/05\/19\/historia-dun-caminante-de-fornelos-da-ribeira\/","name":"Historia dun cami\u00f1ante de Fornelos da Ribeira -","isPartOf":{"@id":"https:\/\/www.anovapeneira.gal\/#website"},"primaryImageOfPage":{"@id":"https:\/\/www.anovapeneira.gal\/index.php\/2021\/05\/19\/historia-dun-caminante-de-fornelos-da-ribeira\/#primaryimage"},"image":{"@id":"https:\/\/www.anovapeneira.gal\/index.php\/2021\/05\/19\/historia-dun-caminante-de-fornelos-da-ribeira\/#primaryimage"},"thumbnailUrl":"https:\/\/www.anovapeneira.gal\/wp-content\/uploads\/2021\/03\/manuel_alfonso_estevez.jpg","datePublished":"2021-05-19T08:00:21+00:00","description":"A mi\u00f1a vida foi un cami\u00f1o que se foi facendo o andar ignorando a distancia que ti\u00f1a querecorrer, e que foi o que encontrei o cami\u00f1ar. Hab\u00edaque continuar ata o final, cada segundo,neste vale de b\u00e1goas, estando cheos de vivencias atao final, porque t\u00f3dalas vivencias, agradables unhas e desagradables outras, fixeron cami\u00f1oo andar. E neste traxecto dos 90 anos, case que noventa anos, est\u00e1 marcado de valorese ensinanzas,creadas en cada momento da mi\u00f1a existencia","breadcrumb":{"@id":"https:\/\/www.anovapeneira.gal\/index.php\/2021\/05\/19\/historia-dun-caminante-de-fornelos-da-ribeira\/#breadcrumb"},"inLanguage":"gl-ES","potentialAction":[{"@type":"ReadAction","target":["https:\/\/www.anovapeneira.gal\/index.php\/2021\/05\/19\/historia-dun-caminante-de-fornelos-da-ribeira\/"]}]},{"@type":"ImageObject","inLanguage":"gl-ES","@id":"https:\/\/www.anovapeneira.gal\/index.php\/2021\/05\/19\/historia-dun-caminante-de-fornelos-da-ribeira\/#primaryimage","url":"https:\/\/www.anovapeneira.gal\/wp-content\/uploads\/2021\/03\/manuel_alfonso_estevez.jpg","contentUrl":"https:\/\/www.anovapeneira.gal\/wp-content\/uploads\/2021\/03\/manuel_alfonso_estevez.jpg","width":720,"height":432,"caption":"Manuel Alfonso Est\u00e9vez. Historia viva de Fornelos da Ribeira"},{"@type":"BreadcrumbList","@id":"https:\/\/www.anovapeneira.gal\/index.php\/2021\/05\/19\/historia-dun-caminante-de-fornelos-da-ribeira\/#breadcrumb","itemListElement":[{"@type":"ListItem","position":1,"name":"Portada","item":"https:\/\/www.anovapeneira.gal\/"},{"@type":"ListItem","position":2,"name":"Historia dun cami\u00f1ante de Fornelos da Ribeira"}]},{"@type":"WebSite","@id":"https:\/\/www.anovapeneira.gal\/#website","url":"https:\/\/www.anovapeneira.gal\/","name":"","description":"Xornal galego de informaci\u00f3n xeral Publicaci\u00f3n mensual de novas de Galicia e en especial dos Concellos da sur da provincia de Pontevedra.","publisher":{"@id":"https:\/\/www.anovapeneira.gal\/#organization"},"potentialAction":[{"@type":"SearchAction","target":{"@type":"EntryPoint","urlTemplate":"https:\/\/www.anovapeneira.gal\/?s={search_term_string}"},"query-input":{"@type":"PropertyValueSpecification","valueRequired":true,"valueName":"search_term_string"}}],"inLanguage":"gl-ES"},{"@type":"Organization","@id":"https:\/\/www.anovapeneira.gal\/#organization","name":"A Nova Peneira","url":"https:\/\/www.anovapeneira.gal\/","logo":{"@type":"ImageObject","inLanguage":"gl-ES","@id":"https:\/\/www.anovapeneira.gal\/#\/schema\/logo\/image\/","url":"http:\/\/www.anovapeneira.gal\/wp-content\/uploads\/2019\/06\/logo_a_nova_peneira_portal_web.png","contentUrl":"http:\/\/www.anovapeneira.gal\/wp-content\/uploads\/2019\/06\/logo_a_nova_peneira_portal_web.png","width":300,"height":100,"caption":"A Nova Peneira"},"image":{"@id":"https:\/\/www.anovapeneira.gal\/#\/schema\/logo\/image\/"},"sameAs":["https:\/\/www.facebook.com\/anovapeneira","https:\/\/x.com\/APeneira"]},{"@type":"Person","@id":"https:\/\/www.anovapeneira.gal\/#\/schema\/person\/b93e3f8932e3f8da96334607eb6ac6aa","name":"Redacci\u00f3n A Nova Peneira","image":{"@type":"ImageObject","inLanguage":"gl-ES","@id":"https:\/\/secure.gravatar.com\/avatar\/c052a2551a06e23fac63626232eaa90abd78dbcf1700fc46a2b2c89fd27b735f?s=96&d=mm&r=g","url":"https:\/\/secure.gravatar.com\/avatar\/c052a2551a06e23fac63626232eaa90abd78dbcf1700fc46a2b2c89fd27b735f?s=96&d=mm&r=g","contentUrl":"https:\/\/secure.gravatar.com\/avatar\/c052a2551a06e23fac63626232eaa90abd78dbcf1700fc46a2b2c89fd27b735f?s=96&d=mm&r=g","caption":"Redacci\u00f3n A Nova Peneira"},"sameAs":["http:\/\/www.anovapeneira.gal\/"],"url":"https:\/\/www.anovapeneira.gal\/index.php\/author\/redactor\/"}]}},"jetpack_featured_media_url":"https:\/\/www.anovapeneira.gal\/wp-content\/uploads\/2021\/03\/manuel_alfonso_estevez.jpg","_links":{"self":[{"href":"https:\/\/www.anovapeneira.gal\/index.php\/wp-json\/wp\/v2\/posts\/5385","targetHints":{"allow":["GET"]}}],"collection":[{"href":"https:\/\/www.anovapeneira.gal\/index.php\/wp-json\/wp\/v2\/posts"}],"about":[{"href":"https:\/\/www.anovapeneira.gal\/index.php\/wp-json\/wp\/v2\/types\/post"}],"author":[{"embeddable":true,"href":"https:\/\/www.anovapeneira.gal\/index.php\/wp-json\/wp\/v2\/users\/3"}],"replies":[{"embeddable":true,"href":"https:\/\/www.anovapeneira.gal\/index.php\/wp-json\/wp\/v2\/comments?post=5385"}],"version-history":[{"count":1,"href":"https:\/\/www.anovapeneira.gal\/index.php\/wp-json\/wp\/v2\/posts\/5385\/revisions"}],"predecessor-version":[{"id":5386,"href":"https:\/\/www.anovapeneira.gal\/index.php\/wp-json\/wp\/v2\/posts\/5385\/revisions\/5386"}],"wp:featuredmedia":[{"embeddable":true,"href":"https:\/\/www.anovapeneira.gal\/index.php\/wp-json\/wp\/v2\/media\/5108"}],"wp:attachment":[{"href":"https:\/\/www.anovapeneira.gal\/index.php\/wp-json\/wp\/v2\/media?parent=5385"}],"wp:term":[{"taxonomy":"category","embeddable":true,"href":"https:\/\/www.anovapeneira.gal\/index.php\/wp-json\/wp\/v2\/categories?post=5385"},{"taxonomy":"post_tag","embeddable":true,"href":"https:\/\/www.anovapeneira.gal\/index.php\/wp-json\/wp\/v2\/tags?post=5385"}],"curies":[{"name":"wp","href":"https:\/\/api.w.org\/{rel}","templated":true}]}}