{"id":5393,"date":"2021-05-20T10:00:02","date_gmt":"2021-05-20T08:00:02","guid":{"rendered":"http:\/\/www.anovapeneira.gal\/?p=5393"},"modified":"2021-05-14T10:54:52","modified_gmt":"2021-05-14T08:54:52","slug":"o-bng-de-redondela-responsabiliza-ao-actual-e-anterior-goberno-do-deterioro-dos-servizos-sociais","status":"publish","type":"post","link":"https:\/\/www.anovapeneira.gal\/index.php\/2021\/05\/20\/o-bng-de-redondela-responsabiliza-ao-actual-e-anterior-goberno-do-deterioro-dos-servizos-sociais\/","title":{"rendered":"O BNG de Redondela responsabiliza ao actual e anterior goberno do deterioro dos Servizos Sociais"},"content":{"rendered":"\n<h4 class=\"wp-block-heading\">Xo\u00e1n Carlos Gonz\u00e1lez afirma que \u201cen tan s\u00f3 nunha d\u00e9cada dinamitaron un dos piares da acci\u00f3n de goberno municipal\u201d.<\/h4>\n\n\n\n<p>Dende a organizaci\u00f3n nacionalista, consideran que chegouse a un colapso da \u00e1rea \u00fanica e exclusivamente pola deriva a que a somenteron tanto os goberno do PP, como o actual PSOE-AER. \u201cConciben os servizos sociais, como unha concesi\u00f3n para determinados colectivos, polo que non priorizan actuaci\u00f3ns de calado no seu d\u00eda a d\u00eda\u201d, afirma o voceiro nacionalista Xo\u00e1n Carlos Gonz\u00e1lez. Recorda que \u201ccun goberno nacionalista os Servizos Sociais redondel\u00e1ns, convert\u00edronse en referente en todo Galiza\u201d.<\/p>\n\n\n\n<p>Exemplariza este \u201cdeclive\u201d do servizo na Ordeanza de Emerxencia Social. \u201cModificouse no 2016 co apoio de PP, PSOE, AER, mais nunca se tratou dun texto \u00e1xil que solventara problemas graves con rapidez. As tramitaci\u00f3ns perd\u00edanse na burocracia, e na dificultade por cumprir todos os requisitos. As partidas orzamentarias, estaban lonxe de esgotarse ano tras ano\u201d, aclara.<\/p>\n\n\n\n<p>Considera c\u00ednica a actitude do Partido Popular e da s\u00faa voceira Mari Carme Amoedo quen foi concelleira desta \u00e1rea, \u201cque emprega como arma de desgaste pol\u00edtico que non se esgotaran as partidas orzamentarias, cando nos seus gobernos sucedeu o mesmo\u201d. Mentras a crise ceb\u00e1base en numerosas familias redondel\u00e1s, o PP fac\u00eda caixa gab\u00e1ndose dos seus n\u00fameros en azul, e da s\u00faa boa xesti\u00f3n. \u201cIsto supuxo que moitos e moitas redondel\u00e1ns, decidiran acudir \u00e1s ONGs locais, para poder atopar resposta \u00e1s s\u00faas demandas\u201d, puntualiza.<\/p>\n\n\n\n<p>Despois da chegada ao goberno municipal do PSOE-AER, a situaci\u00f3n dista moito de considerarse de calidade, malia que a restructuraci\u00f3n do goberno municipal realizada hai poucos meses. Considera prioritaria Xo\u00e1n Carlos Gonz\u00e1lez a modificaci\u00f3n da Ordeanza de Emerxencia Social flexibilizando os criterios de acceso a axudas p\u00fablicas daquelas familias que o demandan.<\/p>\n\n\n\n<p>Dende o BNG, reivindicamos os servizos sociais, como un dos piares da atenci\u00f3n \u00e1 veci\u00f1anza. \u201cEn plena crise econ\u00f3mica e social, os orzamentos deben recoller partidas relevantes, mais d\u00e9bese facilitar o acceso a aquelas familias que m\u00e1is a est\u00e1n a padecer. Tr\u00e1tase dun dereito para os e as veci\u00f1as, e unha obriga para o Concello \u201d, remata na s\u00faa nota.<\/p>\n","protected":false},"excerpt":{"rendered":"<div class=\"mh-excerpt\"><p>Dende a organizaci\u00f3n nacionalista, consideran que chegouse a un colapso da \u00e1rea \u00fanica e exclusivamente pola deriva a que a somenteron tanto os goberno do PP, como o actual PSOE-AER. \u201cConciben os servizos sociais, como unha concesi\u00f3n para determinados colectivos, polo que non priorizan actuaci\u00f3ns de calado no seu d\u00eda a d\u00eda\u201d, afirma o voceiro nacionalista Xo\u00e1n Carlos Gonz\u00e1lez <a class=\"mh-excerpt-more\" href=\"https:\/\/www.anovapeneira.gal\/index.php\/2021\/05\/20\/o-bng-de-redondela-responsabiliza-ao-actual-e-anterior-goberno-do-deterioro-dos-servizos-sociais\/\" title=\"O BNG de Redondela responsabiliza ao actual e anterior goberno do deterioro dos Servizos Sociais\">[&#8230;]<\/a><\/p>\n<\/div>","protected":false},"author":3,"featured_media":575,"comment_status":"open","ping_status":"open","sticky":false,"template":"","format":"standard","meta":{"_exactmetrics_skip_tracking":false,"_exactmetrics_sitenote_active":false,"_exactmetrics_sitenote_note":"","_exactmetrics_sitenote_category":0,"footnotes":""},"categories":[24],"tags":[171],"class_list":{"0":"post-5393","1":"post","2":"type-post","3":"status-publish","4":"format-standard","5":"has-post-thumbnail","7":"category-redondela","8":"tag-concello-de-redondela"},"yoast_head":"<!-- This site is optimized with the Yoast SEO plugin v27.4 - https:\/\/yoast.com\/product\/yoast-seo-wordpress\/ -->\n<title>O BNG de Redondela responsabiliza ao actual e anterior goberno do deterioro dos Servizos Sociais -<\/title>\n<meta name=\"description\" content=\"Dende a organizaci\u00f3n nacionalista, consideran que chegouse a un colapso da \u00e1rea \u00fanica e exclusivamente pola deriva a que a somenteron tanto os goberno do PP, como o actual PSOE-AER. \u201cConciben os servizos sociais, como unha concesi\u00f3n para determinados colectivos, polo que non priorizan actuaci\u00f3ns de calado no seu d\u00eda a d\u00eda\u201d, afirma o voceiro nacionalista Xo\u00e1n Carlos Gonz\u00e1lez\" \/>\n<meta name=\"robots\" content=\"index, follow, max-snippet:-1, max-image-preview:large, max-video-preview:-1\" \/>\n<link rel=\"canonical\" href=\"https:\/\/www.anovapeneira.gal\/index.php\/2021\/05\/20\/o-bng-de-redondela-responsabiliza-ao-actual-e-anterior-goberno-do-deterioro-dos-servizos-sociais\/\" \/>\n<meta property=\"og:locale\" content=\"gl_ES\" \/>\n<meta property=\"og:type\" content=\"article\" \/>\n<meta property=\"og:title\" content=\"O BNG de Redondela responsabiliza ao actual e anterior goberno do deterioro dos Servizos Sociais -\" \/>\n<meta property=\"og:description\" content=\"Dende a organizaci\u00f3n nacionalista, consideran que chegouse a un colapso da \u00e1rea \u00fanica e exclusivamente pola deriva a que a somenteron tanto os goberno do PP, como o actual PSOE-AER. \u201cConciben os servizos sociais, como unha concesi\u00f3n para determinados colectivos, polo que non priorizan actuaci\u00f3ns de calado no seu d\u00eda a d\u00eda\u201d, afirma o voceiro nacionalista Xo\u00e1n Carlos Gonz\u00e1lez\" \/>\n<meta property=\"og:url\" content=\"https:\/\/www.anovapeneira.gal\/index.php\/2021\/05\/20\/o-bng-de-redondela-responsabiliza-ao-actual-e-anterior-goberno-do-deterioro-dos-servizos-sociais\/\" \/>\n<meta property=\"article:publisher\" content=\"https:\/\/www.facebook.com\/anovapeneira\" \/>\n<meta property=\"article:published_time\" content=\"2021-05-20T08:00:02+00:00\" \/>\n<meta property=\"og:image\" content=\"https:\/\/www.anovapeneira.gal\/wp-content\/uploads\/2019\/07\/bng_logo.jpg\" \/>\n\t<meta property=\"og:image:width\" content=\"720\" \/>\n\t<meta property=\"og:image:height\" content=\"473\" \/>\n\t<meta property=\"og:image:type\" content=\"image\/jpeg\" \/>\n<meta name=\"author\" content=\"Redacci\u00f3n A Nova Peneira\" \/>\n<meta name=\"twitter:card\" content=\"summary_large_image\" \/>\n<meta name=\"twitter:creator\" content=\"@APeneira\" \/>\n<meta name=\"twitter:site\" content=\"@APeneira\" \/>\n<meta name=\"twitter:label1\" content=\"Escrito por\" \/>\n\t<meta name=\"twitter:data1\" content=\"Redacci\u00f3n A Nova Peneira\" \/>\n\t<meta name=\"twitter:label2\" content=\"Tempo de lectura\" \/>\n\t<meta name=\"twitter:data2\" content=\"2 minutos\" \/>\n<script type=\"application\/ld+json\" class=\"yoast-schema-graph\">{\"@context\":\"https:\\\/\\\/schema.org\",\"@graph\":[{\"@type\":\"Article\",\"@id\":\"https:\\\/\\\/www.anovapeneira.gal\\\/index.php\\\/2021\\\/05\\\/20\\\/o-bng-de-redondela-responsabiliza-ao-actual-e-anterior-goberno-do-deterioro-dos-servizos-sociais\\\/#article\",\"isPartOf\":{\"@id\":\"https:\\\/\\\/www.anovapeneira.gal\\\/index.php\\\/2021\\\/05\\\/20\\\/o-bng-de-redondela-responsabiliza-ao-actual-e-anterior-goberno-do-deterioro-dos-servizos-sociais\\\/\"},\"author\":{\"name\":\"Redacci\u00f3n A Nova Peneira\",\"@id\":\"https:\\\/\\\/www.anovapeneira.gal\\\/#\\\/schema\\\/person\\\/b93e3f8932e3f8da96334607eb6ac6aa\"},\"headline\":\"O BNG de Redondela responsabiliza ao actual e anterior goberno do deterioro dos Servizos Sociais\",\"datePublished\":\"2021-05-20T08:00:02+00:00\",\"mainEntityOfPage\":{\"@id\":\"https:\\\/\\\/www.anovapeneira.gal\\\/index.php\\\/2021\\\/05\\\/20\\\/o-bng-de-redondela-responsabiliza-ao-actual-e-anterior-goberno-do-deterioro-dos-servizos-sociais\\\/\"},\"wordCount\":398,\"commentCount\":0,\"publisher\":{\"@id\":\"https:\\\/\\\/www.anovapeneira.gal\\\/#organization\"},\"image\":{\"@id\":\"https:\\\/\\\/www.anovapeneira.gal\\\/index.php\\\/2021\\\/05\\\/20\\\/o-bng-de-redondela-responsabiliza-ao-actual-e-anterior-goberno-do-deterioro-dos-servizos-sociais\\\/#primaryimage\"},\"thumbnailUrl\":\"https:\\\/\\\/www.anovapeneira.gal\\\/wp-content\\\/uploads\\\/2019\\\/07\\\/bng_logo.jpg\",\"keywords\":[\"Concello de Redondela\"],\"articleSection\":[\"Redondela\"],\"inLanguage\":\"gl-ES\",\"potentialAction\":[{\"@type\":\"CommentAction\",\"name\":\"Comment\",\"target\":[\"https:\\\/\\\/www.anovapeneira.gal\\\/index.php\\\/2021\\\/05\\\/20\\\/o-bng-de-redondela-responsabiliza-ao-actual-e-anterior-goberno-do-deterioro-dos-servizos-sociais\\\/#respond\"]}]},{\"@type\":\"WebPage\",\"@id\":\"https:\\\/\\\/www.anovapeneira.gal\\\/index.php\\\/2021\\\/05\\\/20\\\/o-bng-de-redondela-responsabiliza-ao-actual-e-anterior-goberno-do-deterioro-dos-servizos-sociais\\\/\",\"url\":\"https:\\\/\\\/www.anovapeneira.gal\\\/index.php\\\/2021\\\/05\\\/20\\\/o-bng-de-redondela-responsabiliza-ao-actual-e-anterior-goberno-do-deterioro-dos-servizos-sociais\\\/\",\"name\":\"O BNG de Redondela responsabiliza ao actual e anterior goberno do deterioro dos Servizos Sociais -\",\"isPartOf\":{\"@id\":\"https:\\\/\\\/www.anovapeneira.gal\\\/#website\"},\"primaryImageOfPage\":{\"@id\":\"https:\\\/\\\/www.anovapeneira.gal\\\/index.php\\\/2021\\\/05\\\/20\\\/o-bng-de-redondela-responsabiliza-ao-actual-e-anterior-goberno-do-deterioro-dos-servizos-sociais\\\/#primaryimage\"},\"image\":{\"@id\":\"https:\\\/\\\/www.anovapeneira.gal\\\/index.php\\\/2021\\\/05\\\/20\\\/o-bng-de-redondela-responsabiliza-ao-actual-e-anterior-goberno-do-deterioro-dos-servizos-sociais\\\/#primaryimage\"},\"thumbnailUrl\":\"https:\\\/\\\/www.anovapeneira.gal\\\/wp-content\\\/uploads\\\/2019\\\/07\\\/bng_logo.jpg\",\"datePublished\":\"2021-05-20T08:00:02+00:00\",\"description\":\"Dende a organizaci\u00f3n nacionalista, consideran que chegouse a un colapso da \u00e1rea \u00fanica e exclusivamente pola deriva a que a somenteron tanto os goberno do PP, como o actual PSOE-AER. \u201cConciben os servizos sociais, como unha concesi\u00f3n para determinados colectivos, polo que non priorizan actuaci\u00f3ns de calado no seu d\u00eda a d\u00eda\u201d, afirma o voceiro nacionalista Xo\u00e1n Carlos Gonz\u00e1lez\",\"breadcrumb\":{\"@id\":\"https:\\\/\\\/www.anovapeneira.gal\\\/index.php\\\/2021\\\/05\\\/20\\\/o-bng-de-redondela-responsabiliza-ao-actual-e-anterior-goberno-do-deterioro-dos-servizos-sociais\\\/#breadcrumb\"},\"inLanguage\":\"gl-ES\",\"potentialAction\":[{\"@type\":\"ReadAction\",\"target\":[\"https:\\\/\\\/www.anovapeneira.gal\\\/index.php\\\/2021\\\/05\\\/20\\\/o-bng-de-redondela-responsabiliza-ao-actual-e-anterior-goberno-do-deterioro-dos-servizos-sociais\\\/\"]}]},{\"@type\":\"ImageObject\",\"inLanguage\":\"gl-ES\",\"@id\":\"https:\\\/\\\/www.anovapeneira.gal\\\/index.php\\\/2021\\\/05\\\/20\\\/o-bng-de-redondela-responsabiliza-ao-actual-e-anterior-goberno-do-deterioro-dos-servizos-sociais\\\/#primaryimage\",\"url\":\"https:\\\/\\\/www.anovapeneira.gal\\\/wp-content\\\/uploads\\\/2019\\\/07\\\/bng_logo.jpg\",\"contentUrl\":\"https:\\\/\\\/www.anovapeneira.gal\\\/wp-content\\\/uploads\\\/2019\\\/07\\\/bng_logo.jpg\",\"width\":720,\"height\":473,\"caption\":\"BNG A Nova Peneira\"},{\"@type\":\"BreadcrumbList\",\"@id\":\"https:\\\/\\\/www.anovapeneira.gal\\\/index.php\\\/2021\\\/05\\\/20\\\/o-bng-de-redondela-responsabiliza-ao-actual-e-anterior-goberno-do-deterioro-dos-servizos-sociais\\\/#breadcrumb\",\"itemListElement\":[{\"@type\":\"ListItem\",\"position\":1,\"name\":\"Portada\",\"item\":\"https:\\\/\\\/www.anovapeneira.gal\\\/\"},{\"@type\":\"ListItem\",\"position\":2,\"name\":\"O BNG de Redondela responsabiliza ao actual e anterior goberno do deterioro dos Servizos Sociais\"}]},{\"@type\":\"WebSite\",\"@id\":\"https:\\\/\\\/www.anovapeneira.gal\\\/#website\",\"url\":\"https:\\\/\\\/www.anovapeneira.gal\\\/\",\"name\":\"\",\"description\":\"Xornal galego de informaci\u00f3n xeral Publicaci\u00f3n mensual de novas de Galicia e en especial dos Concellos da sur da provincia de Pontevedra.\",\"publisher\":{\"@id\":\"https:\\\/\\\/www.anovapeneira.gal\\\/#organization\"},\"potentialAction\":[{\"@type\":\"SearchAction\",\"target\":{\"@type\":\"EntryPoint\",\"urlTemplate\":\"https:\\\/\\\/www.anovapeneira.gal\\\/?s={search_term_string}\"},\"query-input\":{\"@type\":\"PropertyValueSpecification\",\"valueRequired\":true,\"valueName\":\"search_term_string\"}}],\"inLanguage\":\"gl-ES\"},{\"@type\":\"Organization\",\"@id\":\"https:\\\/\\\/www.anovapeneira.gal\\\/#organization\",\"name\":\"A Nova Peneira\",\"url\":\"https:\\\/\\\/www.anovapeneira.gal\\\/\",\"logo\":{\"@type\":\"ImageObject\",\"inLanguage\":\"gl-ES\",\"@id\":\"https:\\\/\\\/www.anovapeneira.gal\\\/#\\\/schema\\\/logo\\\/image\\\/\",\"url\":\"http:\\\/\\\/www.anovapeneira.gal\\\/wp-content\\\/uploads\\\/2019\\\/06\\\/logo_a_nova_peneira_portal_web.png\",\"contentUrl\":\"http:\\\/\\\/www.anovapeneira.gal\\\/wp-content\\\/uploads\\\/2019\\\/06\\\/logo_a_nova_peneira_portal_web.png\",\"width\":300,\"height\":100,\"caption\":\"A Nova Peneira\"},\"image\":{\"@id\":\"https:\\\/\\\/www.anovapeneira.gal\\\/#\\\/schema\\\/logo\\\/image\\\/\"},\"sameAs\":[\"https:\\\/\\\/www.facebook.com\\\/anovapeneira\",\"https:\\\/\\\/x.com\\\/APeneira\"]},{\"@type\":\"Person\",\"@id\":\"https:\\\/\\\/www.anovapeneira.gal\\\/#\\\/schema\\\/person\\\/b93e3f8932e3f8da96334607eb6ac6aa\",\"name\":\"Redacci\u00f3n A Nova Peneira\",\"image\":{\"@type\":\"ImageObject\",\"inLanguage\":\"gl-ES\",\"@id\":\"https:\\\/\\\/secure.gravatar.com\\\/avatar\\\/c052a2551a06e23fac63626232eaa90abd78dbcf1700fc46a2b2c89fd27b735f?s=96&d=mm&r=g\",\"url\":\"https:\\\/\\\/secure.gravatar.com\\\/avatar\\\/c052a2551a06e23fac63626232eaa90abd78dbcf1700fc46a2b2c89fd27b735f?s=96&d=mm&r=g\",\"contentUrl\":\"https:\\\/\\\/secure.gravatar.com\\\/avatar\\\/c052a2551a06e23fac63626232eaa90abd78dbcf1700fc46a2b2c89fd27b735f?s=96&d=mm&r=g\",\"caption\":\"Redacci\u00f3n A Nova Peneira\"},\"sameAs\":[\"http:\\\/\\\/www.anovapeneira.gal\\\/\"],\"url\":\"https:\\\/\\\/www.anovapeneira.gal\\\/index.php\\\/author\\\/redactor\\\/\"}]}<\/script>\n<!-- \/ Yoast SEO plugin. -->","yoast_head_json":{"title":"O BNG de Redondela responsabiliza ao actual e anterior goberno do deterioro dos Servizos Sociais -","description":"Dende a organizaci\u00f3n nacionalista, consideran que chegouse a un colapso da \u00e1rea \u00fanica e exclusivamente pola deriva a que a somenteron tanto os goberno do PP, como o actual PSOE-AER. \u201cConciben os servizos sociais, como unha concesi\u00f3n para determinados colectivos, polo que non priorizan actuaci\u00f3ns de calado no seu d\u00eda a d\u00eda\u201d, afirma o voceiro nacionalista Xo\u00e1n Carlos Gonz\u00e1lez","robots":{"index":"index","follow":"follow","max-snippet":"max-snippet:-1","max-image-preview":"max-image-preview:large","max-video-preview":"max-video-preview:-1"},"canonical":"https:\/\/www.anovapeneira.gal\/index.php\/2021\/05\/20\/o-bng-de-redondela-responsabiliza-ao-actual-e-anterior-goberno-do-deterioro-dos-servizos-sociais\/","og_locale":"gl_ES","og_type":"article","og_title":"O BNG de Redondela responsabiliza ao actual e anterior goberno do deterioro dos Servizos Sociais -","og_description":"Dende a organizaci\u00f3n nacionalista, consideran que chegouse a un colapso da \u00e1rea \u00fanica e exclusivamente pola deriva a que a somenteron tanto os goberno do PP, como o actual PSOE-AER. \u201cConciben os servizos sociais, como unha concesi\u00f3n para determinados colectivos, polo que non priorizan actuaci\u00f3ns de calado no seu d\u00eda a d\u00eda\u201d, afirma o voceiro nacionalista Xo\u00e1n Carlos Gonz\u00e1lez","og_url":"https:\/\/www.anovapeneira.gal\/index.php\/2021\/05\/20\/o-bng-de-redondela-responsabiliza-ao-actual-e-anterior-goberno-do-deterioro-dos-servizos-sociais\/","article_publisher":"https:\/\/www.facebook.com\/anovapeneira","article_published_time":"2021-05-20T08:00:02+00:00","og_image":[{"width":720,"height":473,"url":"https:\/\/www.anovapeneira.gal\/wp-content\/uploads\/2019\/07\/bng_logo.jpg","type":"image\/jpeg"}],"author":"Redacci\u00f3n A Nova Peneira","twitter_card":"summary_large_image","twitter_creator":"@APeneira","twitter_site":"@APeneira","twitter_misc":{"Escrito por":"Redacci\u00f3n A Nova Peneira","Tempo de lectura":"2 minutos"},"schema":{"@context":"https:\/\/schema.org","@graph":[{"@type":"Article","@id":"https:\/\/www.anovapeneira.gal\/index.php\/2021\/05\/20\/o-bng-de-redondela-responsabiliza-ao-actual-e-anterior-goberno-do-deterioro-dos-servizos-sociais\/#article","isPartOf":{"@id":"https:\/\/www.anovapeneira.gal\/index.php\/2021\/05\/20\/o-bng-de-redondela-responsabiliza-ao-actual-e-anterior-goberno-do-deterioro-dos-servizos-sociais\/"},"author":{"name":"Redacci\u00f3n A Nova Peneira","@id":"https:\/\/www.anovapeneira.gal\/#\/schema\/person\/b93e3f8932e3f8da96334607eb6ac6aa"},"headline":"O BNG de Redondela responsabiliza ao actual e anterior goberno do deterioro dos Servizos Sociais","datePublished":"2021-05-20T08:00:02+00:00","mainEntityOfPage":{"@id":"https:\/\/www.anovapeneira.gal\/index.php\/2021\/05\/20\/o-bng-de-redondela-responsabiliza-ao-actual-e-anterior-goberno-do-deterioro-dos-servizos-sociais\/"},"wordCount":398,"commentCount":0,"publisher":{"@id":"https:\/\/www.anovapeneira.gal\/#organization"},"image":{"@id":"https:\/\/www.anovapeneira.gal\/index.php\/2021\/05\/20\/o-bng-de-redondela-responsabiliza-ao-actual-e-anterior-goberno-do-deterioro-dos-servizos-sociais\/#primaryimage"},"thumbnailUrl":"https:\/\/www.anovapeneira.gal\/wp-content\/uploads\/2019\/07\/bng_logo.jpg","keywords":["Concello de Redondela"],"articleSection":["Redondela"],"inLanguage":"gl-ES","potentialAction":[{"@type":"CommentAction","name":"Comment","target":["https:\/\/www.anovapeneira.gal\/index.php\/2021\/05\/20\/o-bng-de-redondela-responsabiliza-ao-actual-e-anterior-goberno-do-deterioro-dos-servizos-sociais\/#respond"]}]},{"@type":"WebPage","@id":"https:\/\/www.anovapeneira.gal\/index.php\/2021\/05\/20\/o-bng-de-redondela-responsabiliza-ao-actual-e-anterior-goberno-do-deterioro-dos-servizos-sociais\/","url":"https:\/\/www.anovapeneira.gal\/index.php\/2021\/05\/20\/o-bng-de-redondela-responsabiliza-ao-actual-e-anterior-goberno-do-deterioro-dos-servizos-sociais\/","name":"O BNG de Redondela responsabiliza ao actual e anterior goberno do deterioro dos Servizos Sociais -","isPartOf":{"@id":"https:\/\/www.anovapeneira.gal\/#website"},"primaryImageOfPage":{"@id":"https:\/\/www.anovapeneira.gal\/index.php\/2021\/05\/20\/o-bng-de-redondela-responsabiliza-ao-actual-e-anterior-goberno-do-deterioro-dos-servizos-sociais\/#primaryimage"},"image":{"@id":"https:\/\/www.anovapeneira.gal\/index.php\/2021\/05\/20\/o-bng-de-redondela-responsabiliza-ao-actual-e-anterior-goberno-do-deterioro-dos-servizos-sociais\/#primaryimage"},"thumbnailUrl":"https:\/\/www.anovapeneira.gal\/wp-content\/uploads\/2019\/07\/bng_logo.jpg","datePublished":"2021-05-20T08:00:02+00:00","description":"Dende a organizaci\u00f3n nacionalista, consideran que chegouse a un colapso da \u00e1rea \u00fanica e exclusivamente pola deriva a que a somenteron tanto os goberno do PP, como o actual PSOE-AER. \u201cConciben os servizos sociais, como unha concesi\u00f3n para determinados colectivos, polo que non priorizan actuaci\u00f3ns de calado no seu d\u00eda a d\u00eda\u201d, afirma o voceiro nacionalista Xo\u00e1n Carlos Gonz\u00e1lez","breadcrumb":{"@id":"https:\/\/www.anovapeneira.gal\/index.php\/2021\/05\/20\/o-bng-de-redondela-responsabiliza-ao-actual-e-anterior-goberno-do-deterioro-dos-servizos-sociais\/#breadcrumb"},"inLanguage":"gl-ES","potentialAction":[{"@type":"ReadAction","target":["https:\/\/www.anovapeneira.gal\/index.php\/2021\/05\/20\/o-bng-de-redondela-responsabiliza-ao-actual-e-anterior-goberno-do-deterioro-dos-servizos-sociais\/"]}]},{"@type":"ImageObject","inLanguage":"gl-ES","@id":"https:\/\/www.anovapeneira.gal\/index.php\/2021\/05\/20\/o-bng-de-redondela-responsabiliza-ao-actual-e-anterior-goberno-do-deterioro-dos-servizos-sociais\/#primaryimage","url":"https:\/\/www.anovapeneira.gal\/wp-content\/uploads\/2019\/07\/bng_logo.jpg","contentUrl":"https:\/\/www.anovapeneira.gal\/wp-content\/uploads\/2019\/07\/bng_logo.jpg","width":720,"height":473,"caption":"BNG A Nova Peneira"},{"@type":"BreadcrumbList","@id":"https:\/\/www.anovapeneira.gal\/index.php\/2021\/05\/20\/o-bng-de-redondela-responsabiliza-ao-actual-e-anterior-goberno-do-deterioro-dos-servizos-sociais\/#breadcrumb","itemListElement":[{"@type":"ListItem","position":1,"name":"Portada","item":"https:\/\/www.anovapeneira.gal\/"},{"@type":"ListItem","position":2,"name":"O BNG de Redondela responsabiliza ao actual e anterior goberno do deterioro dos Servizos Sociais"}]},{"@type":"WebSite","@id":"https:\/\/www.anovapeneira.gal\/#website","url":"https:\/\/www.anovapeneira.gal\/","name":"","description":"Xornal galego de informaci\u00f3n xeral Publicaci\u00f3n mensual de novas de Galicia e en especial dos Concellos da sur da provincia de Pontevedra.","publisher":{"@id":"https:\/\/www.anovapeneira.gal\/#organization"},"potentialAction":[{"@type":"SearchAction","target":{"@type":"EntryPoint","urlTemplate":"https:\/\/www.anovapeneira.gal\/?s={search_term_string}"},"query-input":{"@type":"PropertyValueSpecification","valueRequired":true,"valueName":"search_term_string"}}],"inLanguage":"gl-ES"},{"@type":"Organization","@id":"https:\/\/www.anovapeneira.gal\/#organization","name":"A Nova Peneira","url":"https:\/\/www.anovapeneira.gal\/","logo":{"@type":"ImageObject","inLanguage":"gl-ES","@id":"https:\/\/www.anovapeneira.gal\/#\/schema\/logo\/image\/","url":"http:\/\/www.anovapeneira.gal\/wp-content\/uploads\/2019\/06\/logo_a_nova_peneira_portal_web.png","contentUrl":"http:\/\/www.anovapeneira.gal\/wp-content\/uploads\/2019\/06\/logo_a_nova_peneira_portal_web.png","width":300,"height":100,"caption":"A Nova Peneira"},"image":{"@id":"https:\/\/www.anovapeneira.gal\/#\/schema\/logo\/image\/"},"sameAs":["https:\/\/www.facebook.com\/anovapeneira","https:\/\/x.com\/APeneira"]},{"@type":"Person","@id":"https:\/\/www.anovapeneira.gal\/#\/schema\/person\/b93e3f8932e3f8da96334607eb6ac6aa","name":"Redacci\u00f3n A Nova Peneira","image":{"@type":"ImageObject","inLanguage":"gl-ES","@id":"https:\/\/secure.gravatar.com\/avatar\/c052a2551a06e23fac63626232eaa90abd78dbcf1700fc46a2b2c89fd27b735f?s=96&d=mm&r=g","url":"https:\/\/secure.gravatar.com\/avatar\/c052a2551a06e23fac63626232eaa90abd78dbcf1700fc46a2b2c89fd27b735f?s=96&d=mm&r=g","contentUrl":"https:\/\/secure.gravatar.com\/avatar\/c052a2551a06e23fac63626232eaa90abd78dbcf1700fc46a2b2c89fd27b735f?s=96&d=mm&r=g","caption":"Redacci\u00f3n A Nova Peneira"},"sameAs":["http:\/\/www.anovapeneira.gal\/"],"url":"https:\/\/www.anovapeneira.gal\/index.php\/author\/redactor\/"}]}},"jetpack_featured_media_url":"https:\/\/www.anovapeneira.gal\/wp-content\/uploads\/2019\/07\/bng_logo.jpg","_links":{"self":[{"href":"https:\/\/www.anovapeneira.gal\/index.php\/wp-json\/wp\/v2\/posts\/5393","targetHints":{"allow":["GET"]}}],"collection":[{"href":"https:\/\/www.anovapeneira.gal\/index.php\/wp-json\/wp\/v2\/posts"}],"about":[{"href":"https:\/\/www.anovapeneira.gal\/index.php\/wp-json\/wp\/v2\/types\/post"}],"author":[{"embeddable":true,"href":"https:\/\/www.anovapeneira.gal\/index.php\/wp-json\/wp\/v2\/users\/3"}],"replies":[{"embeddable":true,"href":"https:\/\/www.anovapeneira.gal\/index.php\/wp-json\/wp\/v2\/comments?post=5393"}],"version-history":[{"count":1,"href":"https:\/\/www.anovapeneira.gal\/index.php\/wp-json\/wp\/v2\/posts\/5393\/revisions"}],"predecessor-version":[{"id":5394,"href":"https:\/\/www.anovapeneira.gal\/index.php\/wp-json\/wp\/v2\/posts\/5393\/revisions\/5394"}],"wp:featuredmedia":[{"embeddable":true,"href":"https:\/\/www.anovapeneira.gal\/index.php\/wp-json\/wp\/v2\/media\/575"}],"wp:attachment":[{"href":"https:\/\/www.anovapeneira.gal\/index.php\/wp-json\/wp\/v2\/media?parent=5393"}],"wp:term":[{"taxonomy":"category","embeddable":true,"href":"https:\/\/www.anovapeneira.gal\/index.php\/wp-json\/wp\/v2\/categories?post=5393"},{"taxonomy":"post_tag","embeddable":true,"href":"https:\/\/www.anovapeneira.gal\/index.php\/wp-json\/wp\/v2\/tags?post=5393"}],"curies":[{"name":"wp","href":"https:\/\/api.w.org\/{rel}","templated":true}]}}