{"id":540,"date":"2019-07-23T23:01:41","date_gmt":"2019-07-23T21:01:41","guid":{"rendered":"http:\/\/www.anovapeneira.gal\/?p=540"},"modified":"2019-07-24T08:27:36","modified_gmt":"2019-07-24T06:27:36","slug":"o-bng-de-mos-denuncia-a-falta-de-prevision-para-aplicar-a-normativa-antiincendios","status":"publish","type":"post","link":"https:\/\/www.anovapeneira.gal\/index.php\/2019\/07\/23\/o-bng-de-mos-denuncia-a-falta-de-prevision-para-aplicar-a-normativa-antiincendios\/","title":{"rendered":"O BNG de Mos denuncia a falta de previsi\u00f3n  para aplicar a normativa antiincendios"},"content":{"rendered":"\n<h2 class=\"wp-block-heading\">A Xunta esixe que as parcelas pr\u00f3ximas \u00e1s casas estean limpas a 31 de maio, pero o goberno do PP non actuou ata esta semana<\/h2>\n\n\n\n<h2 class=\"wp-block-heading\">Gustavo Barcia alerta sobre o estado de abandono dunha parcela en Puxeiros e o risco de que o lume se estenda aos edificios pr\u00f3ximos<\/h2>\n\n\n\n<p><strong>Mos, 2 de xullo de 2019.<\/strong><\/p>\n\n\n\n<p>O Concello de Mos acaba de aprobar un Plan contra Incendios no que se incl\u00faen, de acordo coa informaci\u00f3n oficial, \u201c15.000 fincas que deber\u00e1n ser limpadas polos seus propietarios\u201d, unha medida que chega con varios meses de demora. Dende o BNG lembran que a administraci\u00f3n local ten a obriga de garantir que existan faixas de protecci\u00f3n en torno aos n\u00facleos de poboaci\u00f3n e denuncian a falta de previsi\u00f3n do goberno do PP. A lista das parcelas queincumpren a normativa faise p\u00fablica agora, en pleno mes de xullo, cando a Xunta establece o 31 de maio como data l\u00edmite para que os terreos m\u00e1is pr\u00f3ximos \u00e1s vivendas estean libres de maleza, acacias, eucaliptos e pi\u00f1eiros.O portavoz nacionalista no concello, Gustavo Barcia,  sinala que \u201cno termo municipal existen numerosos exemplos de lugares onde a lei se incumpre de forma evidente\u201d e acusa ao goberno de Nidia Ar\u00e9valo \u201cdeixar de lado as s\u00faas responsabilidades en materia de prevenci\u00f3n de incendios\u201d.  Na s\u00faa opini\u00f3n, \u201cestando en temporada de alto risco, non \u00e9 o mellor momento para acometer a limpeza dos montes, xa que non \u00e9 a primeira vez que unha chispa dunha m\u00e1quina provoca un incendio\u201d.<\/p>\n\n\n\n<h3 class=\"wp-block-heading\">Parcela abandonada en Puxeiros<\/h3>\n\n\n\n<p>O concelleiro do BNG pon como exemplo da \u201cneglixencia do goberno\u201d a existencia dunha finca cuberta de silveiras en plena Avenida de Puxeiros, nunha das zonas do concello con maior densidade de poboaci\u00f3n. O terreo est\u00e1 situado entre un establecemento de hostaler\u00eda e un taller de automoci\u00f3n e, no caso de que un incendio se iniciara no lugar, Barcia estima que \u201cas lapas poder\u00edan estenderse con moit\u00edsima rapidez\u201d. Por este motivo, reclama que o novo concelleiro de Medio Ambiente adopte, \u201ccon car\u00e1cter inmediato\u201d, as medidas oportunas para garantir que o propietario mante\u00f1a a s\u00faa parcela en perfecta orde de limpeza.<\/p>\n","protected":false},"excerpt":{"rendered":"<div class=\"mh-excerpt\"><p>A Xunta esixe que as parcelas pr\u00f3ximas \u00e1s casas estean limpas a 31 de maio, pero o goberno do PP non actuou ata esta semana <a class=\"mh-excerpt-more\" href=\"https:\/\/www.anovapeneira.gal\/index.php\/2019\/07\/23\/o-bng-de-mos-denuncia-a-falta-de-prevision-para-aplicar-a-normativa-antiincendios\/\" title=\"O BNG de Mos denuncia a falta de previsi\u00f3n  para aplicar a normativa antiincendios\">[&#8230;]<\/a><\/p>\n<\/div>","protected":false},"author":3,"featured_media":541,"comment_status":"open","ping_status":"open","sticky":false,"template":"","format":"standard","meta":{"_exactmetrics_skip_tracking":false,"_exactmetrics_sitenote_active":false,"_exactmetrics_sitenote_note":"","_exactmetrics_sitenote_category":0,"footnotes":""},"categories":[23],"tags":[220,218,221,159,222,219],"class_list":{"0":"post-540","1":"post","2":"type-post","3":"status-publish","4":"format-standard","5":"has-post-thumbnail","7":"category-a-lourina","8":"tag-bng-de-mos","9":"tag-concello-de-mos","10":"tag-gustavo-barcia","11":"tag-medio-ambiente","12":"tag-normativa-antiincendios","13":"tag-puxeiros"},"yoast_head":"<!-- This site is optimized with the Yoast SEO plugin v27.4 - https:\/\/yoast.com\/product\/yoast-seo-wordpress\/ -->\n<title>O BNG de Mos denuncia a falta de previsi\u00f3n para aplicar a normativa antiincendios -<\/title>\n<meta name=\"robots\" content=\"index, follow, max-snippet:-1, max-image-preview:large, max-video-preview:-1\" \/>\n<link rel=\"canonical\" href=\"https:\/\/www.anovapeneira.gal\/index.php\/2019\/07\/23\/o-bng-de-mos-denuncia-a-falta-de-prevision-para-aplicar-a-normativa-antiincendios\/\" \/>\n<meta property=\"og:locale\" content=\"gl_ES\" \/>\n<meta property=\"og:type\" content=\"article\" \/>\n<meta property=\"og:title\" content=\"O BNG de Mos denuncia a falta de previsi\u00f3n para aplicar a normativa antiincendios -\" \/>\n<meta property=\"og:description\" content=\"A Xunta esixe que as parcelas pr\u00f3ximas \u00e1s casas estean limpas a 31 de maio, pero o goberno do PP non actuou ata esta semana [...]\" \/>\n<meta property=\"og:url\" content=\"https:\/\/www.anovapeneira.gal\/index.php\/2019\/07\/23\/o-bng-de-mos-denuncia-a-falta-de-prevision-para-aplicar-a-normativa-antiincendios\/\" \/>\n<meta property=\"article:publisher\" content=\"https:\/\/www.facebook.com\/anovapeneira\" \/>\n<meta property=\"article:published_time\" content=\"2019-07-23T21:01:41+00:00\" \/>\n<meta property=\"article:modified_time\" content=\"2019-07-24T06:27:36+00:00\" \/>\n<meta property=\"og:image\" content=\"https:\/\/www.anovapeneira.gal\/wp-content\/uploads\/2019\/07\/ordenanza_incendios_a_nova_peneira.jpg\" \/>\n\t<meta property=\"og:image:width\" content=\"720\" \/>\n\t<meta property=\"og:image:height\" content=\"473\" \/>\n\t<meta property=\"og:image:type\" content=\"image\/jpeg\" \/>\n<meta name=\"author\" content=\"Redacci\u00f3n A Nova Peneira\" \/>\n<meta name=\"twitter:card\" content=\"summary_large_image\" \/>\n<meta name=\"twitter:creator\" content=\"@APeneira\" \/>\n<meta name=\"twitter:site\" content=\"@APeneira\" \/>\n<meta name=\"twitter:label1\" content=\"Escrito por\" \/>\n\t<meta name=\"twitter:data1\" content=\"Redacci\u00f3n A Nova Peneira\" \/>\n\t<meta name=\"twitter:label2\" content=\"Tempo de lectura\" \/>\n\t<meta name=\"twitter:data2\" content=\"2 minutos\" \/>\n<script type=\"application\/ld+json\" class=\"yoast-schema-graph\">{\"@context\":\"https:\\\/\\\/schema.org\",\"@graph\":[{\"@type\":\"Article\",\"@id\":\"https:\\\/\\\/www.anovapeneira.gal\\\/index.php\\\/2019\\\/07\\\/23\\\/o-bng-de-mos-denuncia-a-falta-de-prevision-para-aplicar-a-normativa-antiincendios\\\/#article\",\"isPartOf\":{\"@id\":\"https:\\\/\\\/www.anovapeneira.gal\\\/index.php\\\/2019\\\/07\\\/23\\\/o-bng-de-mos-denuncia-a-falta-de-prevision-para-aplicar-a-normativa-antiincendios\\\/\"},\"author\":{\"name\":\"Redacci\u00f3n A Nova Peneira\",\"@id\":\"https:\\\/\\\/www.anovapeneira.gal\\\/#\\\/schema\\\/person\\\/b93e3f8932e3f8da96334607eb6ac6aa\"},\"headline\":\"O BNG de Mos denuncia a falta de previsi\u00f3n para aplicar a normativa antiincendios\",\"datePublished\":\"2019-07-23T21:01:41+00:00\",\"dateModified\":\"2019-07-24T06:27:36+00:00\",\"mainEntityOfPage\":{\"@id\":\"https:\\\/\\\/www.anovapeneira.gal\\\/index.php\\\/2019\\\/07\\\/23\\\/o-bng-de-mos-denuncia-a-falta-de-prevision-para-aplicar-a-normativa-antiincendios\\\/\"},\"wordCount\":389,\"commentCount\":0,\"publisher\":{\"@id\":\"https:\\\/\\\/www.anovapeneira.gal\\\/#organization\"},\"image\":{\"@id\":\"https:\\\/\\\/www.anovapeneira.gal\\\/index.php\\\/2019\\\/07\\\/23\\\/o-bng-de-mos-denuncia-a-falta-de-prevision-para-aplicar-a-normativa-antiincendios\\\/#primaryimage\"},\"thumbnailUrl\":\"https:\\\/\\\/www.anovapeneira.gal\\\/wp-content\\\/uploads\\\/2019\\\/07\\\/ordenanza_incendios_a_nova_peneira.jpg\",\"keywords\":[\"BNG de Mos\",\"Concello de Mos\",\"Gustavo Barcia\",\"Medio Ambiente\",\"Normativa antiincendios\",\"Puxeiros\"],\"articleSection\":[\"A Louri\u00f1a\"],\"inLanguage\":\"gl-ES\",\"potentialAction\":[{\"@type\":\"CommentAction\",\"name\":\"Comment\",\"target\":[\"https:\\\/\\\/www.anovapeneira.gal\\\/index.php\\\/2019\\\/07\\\/23\\\/o-bng-de-mos-denuncia-a-falta-de-prevision-para-aplicar-a-normativa-antiincendios\\\/#respond\"]}]},{\"@type\":\"WebPage\",\"@id\":\"https:\\\/\\\/www.anovapeneira.gal\\\/index.php\\\/2019\\\/07\\\/23\\\/o-bng-de-mos-denuncia-a-falta-de-prevision-para-aplicar-a-normativa-antiincendios\\\/\",\"url\":\"https:\\\/\\\/www.anovapeneira.gal\\\/index.php\\\/2019\\\/07\\\/23\\\/o-bng-de-mos-denuncia-a-falta-de-prevision-para-aplicar-a-normativa-antiincendios\\\/\",\"name\":\"O BNG de Mos denuncia a falta de previsi\u00f3n para aplicar a normativa antiincendios -\",\"isPartOf\":{\"@id\":\"https:\\\/\\\/www.anovapeneira.gal\\\/#website\"},\"primaryImageOfPage\":{\"@id\":\"https:\\\/\\\/www.anovapeneira.gal\\\/index.php\\\/2019\\\/07\\\/23\\\/o-bng-de-mos-denuncia-a-falta-de-prevision-para-aplicar-a-normativa-antiincendios\\\/#primaryimage\"},\"image\":{\"@id\":\"https:\\\/\\\/www.anovapeneira.gal\\\/index.php\\\/2019\\\/07\\\/23\\\/o-bng-de-mos-denuncia-a-falta-de-prevision-para-aplicar-a-normativa-antiincendios\\\/#primaryimage\"},\"thumbnailUrl\":\"https:\\\/\\\/www.anovapeneira.gal\\\/wp-content\\\/uploads\\\/2019\\\/07\\\/ordenanza_incendios_a_nova_peneira.jpg\",\"datePublished\":\"2019-07-23T21:01:41+00:00\",\"dateModified\":\"2019-07-24T06:27:36+00:00\",\"breadcrumb\":{\"@id\":\"https:\\\/\\\/www.anovapeneira.gal\\\/index.php\\\/2019\\\/07\\\/23\\\/o-bng-de-mos-denuncia-a-falta-de-prevision-para-aplicar-a-normativa-antiincendios\\\/#breadcrumb\"},\"inLanguage\":\"gl-ES\",\"potentialAction\":[{\"@type\":\"ReadAction\",\"target\":[\"https:\\\/\\\/www.anovapeneira.gal\\\/index.php\\\/2019\\\/07\\\/23\\\/o-bng-de-mos-denuncia-a-falta-de-prevision-para-aplicar-a-normativa-antiincendios\\\/\"]}]},{\"@type\":\"ImageObject\",\"inLanguage\":\"gl-ES\",\"@id\":\"https:\\\/\\\/www.anovapeneira.gal\\\/index.php\\\/2019\\\/07\\\/23\\\/o-bng-de-mos-denuncia-a-falta-de-prevision-para-aplicar-a-normativa-antiincendios\\\/#primaryimage\",\"url\":\"https:\\\/\\\/www.anovapeneira.gal\\\/wp-content\\\/uploads\\\/2019\\\/07\\\/ordenanza_incendios_a_nova_peneira.jpg\",\"contentUrl\":\"https:\\\/\\\/www.anovapeneira.gal\\\/wp-content\\\/uploads\\\/2019\\\/07\\\/ordenanza_incendios_a_nova_peneira.jpg\",\"width\":720,\"height\":473,\"caption\":\"O BNG de Mos denuncia a falta de previsi\u00f3n para aplicar a normativa antiincendios A Nova Peneira\"},{\"@type\":\"BreadcrumbList\",\"@id\":\"https:\\\/\\\/www.anovapeneira.gal\\\/index.php\\\/2019\\\/07\\\/23\\\/o-bng-de-mos-denuncia-a-falta-de-prevision-para-aplicar-a-normativa-antiincendios\\\/#breadcrumb\",\"itemListElement\":[{\"@type\":\"ListItem\",\"position\":1,\"name\":\"Portada\",\"item\":\"https:\\\/\\\/www.anovapeneira.gal\\\/\"},{\"@type\":\"ListItem\",\"position\":2,\"name\":\"O BNG de Mos denuncia a falta de previsi\u00f3n para aplicar a normativa antiincendios\"}]},{\"@type\":\"WebSite\",\"@id\":\"https:\\\/\\\/www.anovapeneira.gal\\\/#website\",\"url\":\"https:\\\/\\\/www.anovapeneira.gal\\\/\",\"name\":\"\",\"description\":\"Xornal galego de informaci\u00f3n xeral Publicaci\u00f3n mensual de novas de Galicia e en especial dos Concellos da sur da provincia de Pontevedra.\",\"publisher\":{\"@id\":\"https:\\\/\\\/www.anovapeneira.gal\\\/#organization\"},\"potentialAction\":[{\"@type\":\"SearchAction\",\"target\":{\"@type\":\"EntryPoint\",\"urlTemplate\":\"https:\\\/\\\/www.anovapeneira.gal\\\/?s={search_term_string}\"},\"query-input\":{\"@type\":\"PropertyValueSpecification\",\"valueRequired\":true,\"valueName\":\"search_term_string\"}}],\"inLanguage\":\"gl-ES\"},{\"@type\":\"Organization\",\"@id\":\"https:\\\/\\\/www.anovapeneira.gal\\\/#organization\",\"name\":\"A Nova Peneira\",\"url\":\"https:\\\/\\\/www.anovapeneira.gal\\\/\",\"logo\":{\"@type\":\"ImageObject\",\"inLanguage\":\"gl-ES\",\"@id\":\"https:\\\/\\\/www.anovapeneira.gal\\\/#\\\/schema\\\/logo\\\/image\\\/\",\"url\":\"http:\\\/\\\/www.anovapeneira.gal\\\/wp-content\\\/uploads\\\/2019\\\/06\\\/logo_a_nova_peneira_portal_web.png\",\"contentUrl\":\"http:\\\/\\\/www.anovapeneira.gal\\\/wp-content\\\/uploads\\\/2019\\\/06\\\/logo_a_nova_peneira_portal_web.png\",\"width\":300,\"height\":100,\"caption\":\"A Nova Peneira\"},\"image\":{\"@id\":\"https:\\\/\\\/www.anovapeneira.gal\\\/#\\\/schema\\\/logo\\\/image\\\/\"},\"sameAs\":[\"https:\\\/\\\/www.facebook.com\\\/anovapeneira\",\"https:\\\/\\\/x.com\\\/APeneira\"]},{\"@type\":\"Person\",\"@id\":\"https:\\\/\\\/www.anovapeneira.gal\\\/#\\\/schema\\\/person\\\/b93e3f8932e3f8da96334607eb6ac6aa\",\"name\":\"Redacci\u00f3n A Nova Peneira\",\"image\":{\"@type\":\"ImageObject\",\"inLanguage\":\"gl-ES\",\"@id\":\"https:\\\/\\\/secure.gravatar.com\\\/avatar\\\/c052a2551a06e23fac63626232eaa90abd78dbcf1700fc46a2b2c89fd27b735f?s=96&d=mm&r=g\",\"url\":\"https:\\\/\\\/secure.gravatar.com\\\/avatar\\\/c052a2551a06e23fac63626232eaa90abd78dbcf1700fc46a2b2c89fd27b735f?s=96&d=mm&r=g\",\"contentUrl\":\"https:\\\/\\\/secure.gravatar.com\\\/avatar\\\/c052a2551a06e23fac63626232eaa90abd78dbcf1700fc46a2b2c89fd27b735f?s=96&d=mm&r=g\",\"caption\":\"Redacci\u00f3n A Nova Peneira\"},\"sameAs\":[\"http:\\\/\\\/www.anovapeneira.gal\\\/\"],\"url\":\"https:\\\/\\\/www.anovapeneira.gal\\\/index.php\\\/author\\\/redactor\\\/\"}]}<\/script>\n<!-- \/ Yoast SEO plugin. -->","yoast_head_json":{"title":"O BNG de Mos denuncia a falta de previsi\u00f3n para aplicar a normativa antiincendios -","robots":{"index":"index","follow":"follow","max-snippet":"max-snippet:-1","max-image-preview":"max-image-preview:large","max-video-preview":"max-video-preview:-1"},"canonical":"https:\/\/www.anovapeneira.gal\/index.php\/2019\/07\/23\/o-bng-de-mos-denuncia-a-falta-de-prevision-para-aplicar-a-normativa-antiincendios\/","og_locale":"gl_ES","og_type":"article","og_title":"O BNG de Mos denuncia a falta de previsi\u00f3n para aplicar a normativa antiincendios -","og_description":"A Xunta esixe que as parcelas pr\u00f3ximas \u00e1s casas estean limpas a 31 de maio, pero o goberno do PP non actuou ata esta semana [...]","og_url":"https:\/\/www.anovapeneira.gal\/index.php\/2019\/07\/23\/o-bng-de-mos-denuncia-a-falta-de-prevision-para-aplicar-a-normativa-antiincendios\/","article_publisher":"https:\/\/www.facebook.com\/anovapeneira","article_published_time":"2019-07-23T21:01:41+00:00","article_modified_time":"2019-07-24T06:27:36+00:00","og_image":[{"width":720,"height":473,"url":"https:\/\/www.anovapeneira.gal\/wp-content\/uploads\/2019\/07\/ordenanza_incendios_a_nova_peneira.jpg","type":"image\/jpeg"}],"author":"Redacci\u00f3n A Nova Peneira","twitter_card":"summary_large_image","twitter_creator":"@APeneira","twitter_site":"@APeneira","twitter_misc":{"Escrito por":"Redacci\u00f3n A Nova Peneira","Tempo de lectura":"2 minutos"},"schema":{"@context":"https:\/\/schema.org","@graph":[{"@type":"Article","@id":"https:\/\/www.anovapeneira.gal\/index.php\/2019\/07\/23\/o-bng-de-mos-denuncia-a-falta-de-prevision-para-aplicar-a-normativa-antiincendios\/#article","isPartOf":{"@id":"https:\/\/www.anovapeneira.gal\/index.php\/2019\/07\/23\/o-bng-de-mos-denuncia-a-falta-de-prevision-para-aplicar-a-normativa-antiincendios\/"},"author":{"name":"Redacci\u00f3n A Nova Peneira","@id":"https:\/\/www.anovapeneira.gal\/#\/schema\/person\/b93e3f8932e3f8da96334607eb6ac6aa"},"headline":"O BNG de Mos denuncia a falta de previsi\u00f3n para aplicar a normativa antiincendios","datePublished":"2019-07-23T21:01:41+00:00","dateModified":"2019-07-24T06:27:36+00:00","mainEntityOfPage":{"@id":"https:\/\/www.anovapeneira.gal\/index.php\/2019\/07\/23\/o-bng-de-mos-denuncia-a-falta-de-prevision-para-aplicar-a-normativa-antiincendios\/"},"wordCount":389,"commentCount":0,"publisher":{"@id":"https:\/\/www.anovapeneira.gal\/#organization"},"image":{"@id":"https:\/\/www.anovapeneira.gal\/index.php\/2019\/07\/23\/o-bng-de-mos-denuncia-a-falta-de-prevision-para-aplicar-a-normativa-antiincendios\/#primaryimage"},"thumbnailUrl":"https:\/\/www.anovapeneira.gal\/wp-content\/uploads\/2019\/07\/ordenanza_incendios_a_nova_peneira.jpg","keywords":["BNG de Mos","Concello de Mos","Gustavo Barcia","Medio Ambiente","Normativa antiincendios","Puxeiros"],"articleSection":["A Louri\u00f1a"],"inLanguage":"gl-ES","potentialAction":[{"@type":"CommentAction","name":"Comment","target":["https:\/\/www.anovapeneira.gal\/index.php\/2019\/07\/23\/o-bng-de-mos-denuncia-a-falta-de-prevision-para-aplicar-a-normativa-antiincendios\/#respond"]}]},{"@type":"WebPage","@id":"https:\/\/www.anovapeneira.gal\/index.php\/2019\/07\/23\/o-bng-de-mos-denuncia-a-falta-de-prevision-para-aplicar-a-normativa-antiincendios\/","url":"https:\/\/www.anovapeneira.gal\/index.php\/2019\/07\/23\/o-bng-de-mos-denuncia-a-falta-de-prevision-para-aplicar-a-normativa-antiincendios\/","name":"O BNG de Mos denuncia a falta de previsi\u00f3n para aplicar a normativa antiincendios -","isPartOf":{"@id":"https:\/\/www.anovapeneira.gal\/#website"},"primaryImageOfPage":{"@id":"https:\/\/www.anovapeneira.gal\/index.php\/2019\/07\/23\/o-bng-de-mos-denuncia-a-falta-de-prevision-para-aplicar-a-normativa-antiincendios\/#primaryimage"},"image":{"@id":"https:\/\/www.anovapeneira.gal\/index.php\/2019\/07\/23\/o-bng-de-mos-denuncia-a-falta-de-prevision-para-aplicar-a-normativa-antiincendios\/#primaryimage"},"thumbnailUrl":"https:\/\/www.anovapeneira.gal\/wp-content\/uploads\/2019\/07\/ordenanza_incendios_a_nova_peneira.jpg","datePublished":"2019-07-23T21:01:41+00:00","dateModified":"2019-07-24T06:27:36+00:00","breadcrumb":{"@id":"https:\/\/www.anovapeneira.gal\/index.php\/2019\/07\/23\/o-bng-de-mos-denuncia-a-falta-de-prevision-para-aplicar-a-normativa-antiincendios\/#breadcrumb"},"inLanguage":"gl-ES","potentialAction":[{"@type":"ReadAction","target":["https:\/\/www.anovapeneira.gal\/index.php\/2019\/07\/23\/o-bng-de-mos-denuncia-a-falta-de-prevision-para-aplicar-a-normativa-antiincendios\/"]}]},{"@type":"ImageObject","inLanguage":"gl-ES","@id":"https:\/\/www.anovapeneira.gal\/index.php\/2019\/07\/23\/o-bng-de-mos-denuncia-a-falta-de-prevision-para-aplicar-a-normativa-antiincendios\/#primaryimage","url":"https:\/\/www.anovapeneira.gal\/wp-content\/uploads\/2019\/07\/ordenanza_incendios_a_nova_peneira.jpg","contentUrl":"https:\/\/www.anovapeneira.gal\/wp-content\/uploads\/2019\/07\/ordenanza_incendios_a_nova_peneira.jpg","width":720,"height":473,"caption":"O BNG de Mos denuncia a falta de previsi\u00f3n para aplicar a normativa antiincendios A Nova Peneira"},{"@type":"BreadcrumbList","@id":"https:\/\/www.anovapeneira.gal\/index.php\/2019\/07\/23\/o-bng-de-mos-denuncia-a-falta-de-prevision-para-aplicar-a-normativa-antiincendios\/#breadcrumb","itemListElement":[{"@type":"ListItem","position":1,"name":"Portada","item":"https:\/\/www.anovapeneira.gal\/"},{"@type":"ListItem","position":2,"name":"O BNG de Mos denuncia a falta de previsi\u00f3n para aplicar a normativa antiincendios"}]},{"@type":"WebSite","@id":"https:\/\/www.anovapeneira.gal\/#website","url":"https:\/\/www.anovapeneira.gal\/","name":"","description":"Xornal galego de informaci\u00f3n xeral Publicaci\u00f3n mensual de novas de Galicia e en especial dos Concellos da sur da provincia de Pontevedra.","publisher":{"@id":"https:\/\/www.anovapeneira.gal\/#organization"},"potentialAction":[{"@type":"SearchAction","target":{"@type":"EntryPoint","urlTemplate":"https:\/\/www.anovapeneira.gal\/?s={search_term_string}"},"query-input":{"@type":"PropertyValueSpecification","valueRequired":true,"valueName":"search_term_string"}}],"inLanguage":"gl-ES"},{"@type":"Organization","@id":"https:\/\/www.anovapeneira.gal\/#organization","name":"A Nova Peneira","url":"https:\/\/www.anovapeneira.gal\/","logo":{"@type":"ImageObject","inLanguage":"gl-ES","@id":"https:\/\/www.anovapeneira.gal\/#\/schema\/logo\/image\/","url":"http:\/\/www.anovapeneira.gal\/wp-content\/uploads\/2019\/06\/logo_a_nova_peneira_portal_web.png","contentUrl":"http:\/\/www.anovapeneira.gal\/wp-content\/uploads\/2019\/06\/logo_a_nova_peneira_portal_web.png","width":300,"height":100,"caption":"A Nova Peneira"},"image":{"@id":"https:\/\/www.anovapeneira.gal\/#\/schema\/logo\/image\/"},"sameAs":["https:\/\/www.facebook.com\/anovapeneira","https:\/\/x.com\/APeneira"]},{"@type":"Person","@id":"https:\/\/www.anovapeneira.gal\/#\/schema\/person\/b93e3f8932e3f8da96334607eb6ac6aa","name":"Redacci\u00f3n A Nova Peneira","image":{"@type":"ImageObject","inLanguage":"gl-ES","@id":"https:\/\/secure.gravatar.com\/avatar\/c052a2551a06e23fac63626232eaa90abd78dbcf1700fc46a2b2c89fd27b735f?s=96&d=mm&r=g","url":"https:\/\/secure.gravatar.com\/avatar\/c052a2551a06e23fac63626232eaa90abd78dbcf1700fc46a2b2c89fd27b735f?s=96&d=mm&r=g","contentUrl":"https:\/\/secure.gravatar.com\/avatar\/c052a2551a06e23fac63626232eaa90abd78dbcf1700fc46a2b2c89fd27b735f?s=96&d=mm&r=g","caption":"Redacci\u00f3n A Nova Peneira"},"sameAs":["http:\/\/www.anovapeneira.gal\/"],"url":"https:\/\/www.anovapeneira.gal\/index.php\/author\/redactor\/"}]}},"jetpack_featured_media_url":"https:\/\/www.anovapeneira.gal\/wp-content\/uploads\/2019\/07\/ordenanza_incendios_a_nova_peneira.jpg","_links":{"self":[{"href":"https:\/\/www.anovapeneira.gal\/index.php\/wp-json\/wp\/v2\/posts\/540","targetHints":{"allow":["GET"]}}],"collection":[{"href":"https:\/\/www.anovapeneira.gal\/index.php\/wp-json\/wp\/v2\/posts"}],"about":[{"href":"https:\/\/www.anovapeneira.gal\/index.php\/wp-json\/wp\/v2\/types\/post"}],"author":[{"embeddable":true,"href":"https:\/\/www.anovapeneira.gal\/index.php\/wp-json\/wp\/v2\/users\/3"}],"replies":[{"embeddable":true,"href":"https:\/\/www.anovapeneira.gal\/index.php\/wp-json\/wp\/v2\/comments?post=540"}],"version-history":[{"count":1,"href":"https:\/\/www.anovapeneira.gal\/index.php\/wp-json\/wp\/v2\/posts\/540\/revisions"}],"predecessor-version":[{"id":542,"href":"https:\/\/www.anovapeneira.gal\/index.php\/wp-json\/wp\/v2\/posts\/540\/revisions\/542"}],"wp:featuredmedia":[{"embeddable":true,"href":"https:\/\/www.anovapeneira.gal\/index.php\/wp-json\/wp\/v2\/media\/541"}],"wp:attachment":[{"href":"https:\/\/www.anovapeneira.gal\/index.php\/wp-json\/wp\/v2\/media?parent=540"}],"wp:term":[{"taxonomy":"category","embeddable":true,"href":"https:\/\/www.anovapeneira.gal\/index.php\/wp-json\/wp\/v2\/categories?post=540"},{"taxonomy":"post_tag","embeddable":true,"href":"https:\/\/www.anovapeneira.gal\/index.php\/wp-json\/wp\/v2\/tags?post=540"}],"curies":[{"name":"wp","href":"https:\/\/api.w.org\/{rel}","templated":true}]}}