{"id":5411,"date":"2021-05-24T10:00:57","date_gmt":"2021-05-24T08:00:57","guid":{"rendered":"http:\/\/www.anovapeneira.gal\/?p=5411"},"modified":"2021-05-18T18:26:34","modified_gmt":"2021-05-18T16:26:34","slug":"rogelio-estevez-cambra-na-memoria-de-salvaterra","status":"publish","type":"post","link":"https:\/\/www.anovapeneira.gal\/index.php\/2021\/05\/24\/rogelio-estevez-cambra-na-memoria-de-salvaterra\/","title":{"rendered":"Rogelio Est\u00e9vez Cambra na memoria de Salvaterra"},"content":{"rendered":"\n<figure class=\"wp-block-image size-large is-resized is-style-default\"><img loading=\"lazy\" decoding=\"async\" src=\"http:\/\/www.anovapeneira.gal\/wp-content\/uploads\/2020\/10\/anton_lorenzo_gonzalez_xaque.jpg\" alt=\"Ant\u00f3n Lorenzo Gonz\u00e1lez Saque\" class=\"wp-image-4073\" width=\"95\" height=\"115\"\/><figcaption><strong>Ant\u00f3n Lorenzo Gonz\u00e1lez \u201cXaque\u201d<\/strong><\/figcaption><\/figure>\n\n\n\n<p>Hai uns d\u00edas, mercando na carnicer\u00eda de Fita Carrera, Salvaterra, cadrei con dous veci\u00f1os de Fornelos da Ribeira, (a nai de Fita tam\u00e9n \u00e9 desa parroquia). Comezamos falando da apenas iniciada e nunca acabada ponte entre esa parroquia e a pontare\u00e1 Nogueira, acabamos falando de Don Rogelio Est\u00e9vez Cambra, egrexio fillo desa fregues\u00eda. O caso \u00e9 que ningu\u00e9n dos presentes co\u00f1ec\u00eda ese persoeiro, iso animoume a facer este pequeno traballo.<\/p>\n\n\n\n<p>En primeiro lugar, sen d\u00fabida, hai que acudir a impagable obra de Alberto Vilanova Rodr\u00edguez, \u201cLos Gallegos en la Argentina\u201d, tomo 2, p\u00e1xinas 1151, 1152 e 1153, ediciones Galicia, prologado por Don Claudio S\u00e1nchez Albornoz y Mendui\u00f1a. Desta obra entresaco os datos m\u00e1is salientables da vida deste home, a saber:<\/p>\n\n\n\n<div class=\"wp-block-columns is-layout-flex wp-container-core-columns-is-layout-9d6595d7 wp-block-columns-is-layout-flex\">\n<div class=\"wp-block-column is-layout-flow wp-block-column-is-layout-flow\">\n<figure class=\"wp-block-image size-large is-resized\"><img loading=\"lazy\" decoding=\"async\" src=\"http:\/\/www.anovapeneira.gal\/wp-content\/uploads\/2021\/05\/Rogelio_Estevez_Cambra_1929.jpg\" alt=\"\" class=\"wp-image-5412\" width=\"250\" height=\"305\" srcset=\"https:\/\/www.anovapeneira.gal\/wp-content\/uploads\/2021\/05\/Rogelio_Estevez_Cambra_1929.jpg 250w, https:\/\/www.anovapeneira.gal\/wp-content\/uploads\/2021\/05\/Rogelio_Estevez_Cambra_1929-246x300.jpg 246w\" sizes=\"auto, (max-width: 250px) 100vw, 250px\" \/><\/figure>\n<\/div>\n\n\n\n<div class=\"wp-block-column is-layout-flow wp-block-column-is-layout-flow\">\n<p>Naceu en San Xo\u00e1n de Fornelos, Pontevedra, o 27 de setembro de 1866. Era fillo de Ignacio Est\u00e9vez Castro e de Pilar Cambra Rivas. Despois de facer alg\u00fan estudos no seu pobo natal, trasladouse a Arxentina, radic\u00e1ndose primeiro na localidade de Azul onde ti\u00f1a uns parentes. De al\u00ed pasou a Bah\u00eda Branca acompa\u00f1ando como auxiliar de oficina ao escrib\u00e1n D. Tom\u00e1s L\u00f3pez Cabanillas o 21 de xu\u00f1o de 1887. Canda o traballo na escriban\u00eda, fac\u00eda os estudos precisos para obter o correspondente t\u00edtulo, que logrou mediante exames brillantes, o 3 de abril de 1889, expedido pola Suprema Corte de Xustiza de La Plata. En 1892 faise cargo como titular da escriban\u00eda que fora do seu mestre Sr. L\u00f3pez Cabanillas.<\/p>\n<\/div>\n<\/div>\n\n\n\n<p>Fundou e dirixiu a importante revista \u201cForo y Notariado\u201d, cuxo primeiro n\u00famero sa\u00edu en Bah\u00eda Branca en xu\u00f1o de 1912, deixando de publicarse en maio do ano seguinte, para reaparecer en novembro como \u00f3rgano do Colexio de Escrib\u00e1ns de Bah\u00eda Branca, do que Est\u00e9vez era presidente, continuando como director e publicando en dita revista moi notables traballos doutrinais da s\u00faa profesi\u00f3n. Conseguiu que colaborasen nela personalidades espa\u00f1olas do Dereito da categor\u00eda de Dorado Montero, Adolfo Posada e Clemente de Diego, que estimaban moito a Est\u00e9vez Cambra. Tam\u00e9n colaborou na \u201cRevista del Notariado\u201d de Bos Aires.<\/p>\n\n\n\n<p>En 1901 foi laureado c\u00f3 prezado Premio V\u00e9lez S\u00e1rsfield polo traballo titulado \u201cDonaciones\u201d (La Plata 1901), que presentou co pseud\u00f3nimo de Fidalgo do Casco, que hab\u00eda de completar con un estudo que escribira sobre \u201cLas donaciones ante el Derecho Can\u00f3nico y la Teolog\u00eda\u201d. Publicou despois o libro \u201cCr\u00edtica Notarial\u201d (Bos Aires, 1926) que foi moi ben acollida polos especialistas na materia.<\/p>\n\n\n\n<p>O 20 de xu\u00f1o de 1937, co gallo de cumpr\u00edrense os cincuenta anos de residencia en Bah\u00eda Branca, foi obxecto dunha homenaxe extraordinaria, na que se puxeron de releve as enormes simpat\u00edas e admiraci\u00f3n que gozaba en t\u00f3dolos sectores daquela cidade. O 3 de abril de 1939 ao cumprir os cincuenta anos de profesi\u00f3n os escrib\u00e1ns de Bah\u00eda Branca ofrend\u00e1ronlle un pergami\u00f1o con medalla douro, de lembranza e homenaxe.<\/p>\n\n\n\n<p>En agosto de 1920 fundouse en Bah\u00eda Branca unha filial da Casa da Galiza en Bos Aires, cuxa presidencia foille conferida por aclamaci\u00f3n a Est\u00e9vez Cambra. Esta sociedade celebrou importantes actos culturais e patri\u00f3ticos de exaltaci\u00f3n e lembranza da Terra, alg\u00fans de notoria resonancia popular. Esta filial celebrou unha entusiasta homenaxe o 9 de setembro de 1922 na honra de Est\u00e9vez Cambra, na que se puxo a proba unha vez m\u00e1is a afectuosa estimaci\u00f3n que seus paisanos ti\u00f1an pola s\u00faa obra e pola s\u00faa vida.<\/p>\n\n\n\n<p>Disolta esta entidade e reorganizada en 1936 co nome de \u201cGalicia\u201d, volveu Est\u00e9vez a formar parte do seu Consello Superior. Colaborou asemade nalgunhas publicaci\u00f3ns rexionais, como \u201cVida Gallega\u201d de Vigo, dirixida por Jaime Sol\u00e1 e outras.<\/p>\n\n\n\n<p>Son interesantes os dous artigos que rebatendo a lenda anti galega publicou na revista \u201cC\u00e9ltiga\u201d (febreiro e marzo de 1926), titulados \u201cLos Gallegos\u201d e defendendo as grandes virtudes das fillos da Galiza.<\/p>\n\n\n\n<p>En segundo lugar, hai que dicir que por fortuna Don Rogelio non pasa desapercibido totalmente para alg\u00fan dos veci\u00f1os da parroquia de Fornelos da Ribeira. A Asociaci\u00f3n Cultural e Veci\u00f1al \u201cSan Xo\u00e1n\u201d ocupouse de publicar un op\u00fasculo sobre o que xira este traballo, edici\u00f3n e escolma de textos a cargo de Rafael S\u00e1nchez Bargiela e Jos\u00e9 Merino Rodr\u00edguez al\u00f3 polo 1999.<\/p>\n\n\n\n<p>Deste traballo entresaco detalles interesantes nos que se puntualiza que o lugar de nacemento era Fornelos \u201cda Ribeira\u201d, e m\u00e1is concretamente o \u201clugar de Casco\u201d. A familia materna \u201cti\u00f1a varios escrib\u00e1ns p\u00fablicos na zona de Setados, gozaba dunha posici\u00f3n social que posibilitou que enviasen \u00f3 seu fillo Rogelio a cidade episcopal de Tui a iniciar os estudos eclesi\u00e1sticos, al\u00ed cursa os primerios anos dos mesmos, o que se chama \u201cHumanidades\u201d, e que sen d\u00fabida forn\u00e9cenlle dunha s\u00f3lida base intelectual que non desaproveitar\u00e1\u201d, asemade;<\/p>\n\n\n\n<p>\u201cCon s\u00f3 14 anos Rogelio Est\u00e9vez Cambra como tantos outros dos seus veci\u00f1os colle o cami\u00f1o da emigraci\u00f3n cara a Arxentina<\/p>\n\n\n\n<p>\u201cera el mi\u00e9rcoles Santo del a\u00f1o 1881, cuando el vapor \u201cValparaiso\u201d me tom\u00f3 en el puerto de Vigo para conducirme a las hospitalarias playas argentinas. Sabr\u00e1n los que me lean que me embarqu\u00e9 con nombre supuesto, porque los amables carabineros ten\u00edan la gentil\u00edsima intenci\u00f3n de hacerme \u201cgeneral\u201d si me atrapaban. Ya hab\u00eda cumplido catorce a\u00f1os. No me sent\u00eda con vocaci\u00f3n para las armas, ni siquiera para el \u201csable\u201d. Llegu\u00e9 a Buenos Aires el seis de Mayo\u201d.<\/p>\n\n\n\n<p>Na capital arxentina iniciou a s\u00faa andaina de emigrante realizando diversos traballos de escasa cualificaci\u00f3n e residido en m\u00edseras pensi\u00f3ns e barracas, como tantos outros dos seus compatriotas.<\/p>\n\n\n\n<p>\u201cFui a dar con mis huesos a la barraca de don Saturnino Unzu\u00e9, situada frente a la Plaza Constituci\u00f3n, llena entonces de hist\u00f3ricas carretas, hist\u00f3ricas porque ya han desaparecido y de gauchaje carretero. Se cebaba mate y se encend\u00eda fuego para los asados y churrascos en el mismo sitio que es hoy hermoso jard\u00edn. Las paredes de la barraca estaban adornadas de\u2026balazos. Pocos meses antes se hab\u00edan agujereado el pellejo algunos cientos de mitristas y roquistas, partidos que aspiraban a la presidencia de la Rep\u00fablica para hacernos felices, gobern\u00e1ndonos\u2026\u201d<\/p>\n\n\n\n<p>\u201cEn el a\u00f1o 1884 se despert\u00f3 en mi el germen at\u00e1vico\u2026 Me entraron ganas de ser escribano, o sea Notario, como se dice generalmente en Espa\u00f1a. \u00bfNo hab\u00edan sido notarios don Francisco Cuevas y Cambra, don Beremundo Cambra, y otro m\u00e1s que no alcanc\u00e9 a conocer, y que actuaba all\u00e1 por Setados? \u00bfNo era abogado don Antonio Cuevas y Cambra? \u00bfPara qu\u00e9 llevaba yo el apellido glorioso de mi madre? Pensado y manos a la obra\u201d.<\/p>\n\n\n\n<p>Aos seis meses acaba dirix\u00edndose \u00e1 cidade de Azul onde viv\u00eda o seu t\u00edo Xos\u00e9 Mar\u00eda Cambra Rivas, sacerdote cat\u00f3lico naquelas terras. O seu t\u00edo materno ch\u00e1mao o seu car\u00f3n intentando mellorar a s\u00faa sorte e acada un posto administrativo na cidade de Azul, en concreto o posto de oficial primeiro na notar\u00eda de Tom\u00e1s L\u00f3pez Cabanillas.<\/p>\n\n\n\n<p>En 1887 acompa\u00f1a \u00f3 referido escrib\u00e1n ao seu novo destino na cidade de Bah\u00eda Blanca, \u00e1 que chegan o 21 de xu\u00f1o de 1887, cando aquela cidade non ti\u00f1a m\u00e1is de cinco mil veci\u00f1os e percorre diversas fondas e pensi\u00f3ns daquela poboaci\u00f3n. Pero o seu desexo de progreso persoal l\u00e9vao a realizar os estudos precisos para obter o correspondente t\u00edtulo de escrib\u00e1n expedido pola \u201cSuprema Corte de Justicia de La Plata\u201d, que acadou en abril de 1889 cun brillante exame. En 1892 f\u00edxose cargo como titular da escriban\u00eda ou notar\u00eda do que fora o seu mestre, Tom\u00e1s L\u00f3pez Cabanillas, pouco despois responsabilizouse tam\u00e9n do Rexistro Civil da cidade.<\/p>\n\n\n\n<p>Casou en Bah\u00eda Branca con Herminia Strini Taylor, nunha data que desco\u00f1ecemos inda que sabemos que faleceu en 1925, e \u00f3 ano seguinte Est\u00e9vez Cambra, de visita na s\u00faa terra natal, ded\u00edcalle un funeral de cabodano coa presenza de dezaseis sacerdotes na igrexa parroquial fornelense. Non tiveron fillos.<\/p>\n\n\n\n<p>Esta visita de 1926 \u00e9 ocasi\u00f3n para que Est\u00e9vez Cambra desenrole unha grande actividade nesta terra, recibe varias homenaxes, participa na \u201cFesta da Raza\u201d na escola \u201cLa Antorcha\u201d de Cristi\u00f1ade, sostida polos emigrantes arxentinos, recibe un grandioso homenaxe no Circulo Mercantil de Vigo, etc.<\/p>\n\n\n\n<p>En Bah\u00eda Blanca participou activamente na vida social local. Foi conselleiro escolar da cidade. Participou decisivamente na prensa local. En 1887 fundou un semanario sat\u00edrico e literario que redactaba en colaboraci\u00f3n con Miguel Molinero e Lucas Bada, chamado \u201cEl Heraldo de las Ni\u00f1as\u201d. Foi director doutro xornal \u201cLa Prensa\u201d, editado nos anos 1889 e 1990 en colaboraci\u00f3n con varios estudantes da localidade. Colaborou en diversos xornais galegos: \u201cEl Tea\u201d, \u201cEl Eco del Condado\u201d, \u201cVida Gallega\u201d, ou \u201cC\u00e9ltiga\u201d de Bos Aires, as\u00ed como \u201cLa Nueva Provincia\u201d e outros xornais e revistas da Rep\u00fablica Arxentina.<\/p>\n\n\n\n<p>En agosto de 1920, a iniciativa e expensas s\u00faas, promoveu a fundaci\u00f3n en Bah\u00eda Branca dunha filial da \u201cCasa de Galicia\u201d de Bos Aires, acadando a presidencia desta por aclamaci\u00f3n. Disolta esta sociedade reorganizouse en 1936, co nome de \u201cGalicia\u201d e volveu Est\u00e9vez Cambra a figurar como membro do seu Consello Superior.<\/p>\n\n\n\n<p>Foi nomeado presidente honorario da sociedade \u201cJuventud Progresista Hijos de Fornelos y Anexos\u201d, de Buenos Aires. Promotor e presidente do Colexio de Escribanos de Bah\u00eda Branca. Polo seu car\u00e1cter e profesionalidade, \u00f3 cumplirse os cincuenta anos de profesi\u00f3n, recibiu dos seus compa\u00f1eiros unha c\u00e1lida homenaxe o 3 de abril de 1939, onde o agasallaron con un pergamino e medalla de ouro, en lembranza e sentida homenaxe.\u201d<\/p>\n\n\n\n<p>Do op\u00fasculo haber\u00eda que destacar tam\u00e9n unha breve e incompleta autobiograf\u00eda na que se pregunta,<\/p>\n\n\n\n<p>\u201c \u00bfCal \u00e9 o home cordo que se atreve a falar con eloxio de s\u00ed mesmo? E indiscutible que un se defenda cando lle atacan y saque a luz os feitos que m\u00e1is lle honren; pero falar de s\u00ed mesmo por pura vana gloria, por \u201cfaroler\u00eda\u201d, por exhibicionismo, sin que o que se d\u00ed lle interese a outras persoas que a os membros m\u00e1is achegados da familia\u2026iso non se concibe\u2026.\u201d.<\/p>\n\n\n\n<p>M\u00e1is adiante d\u00ed\u2026<\/p>\n\n\n\n<p>\u201cMiro deica dentro de min mesmo, rexistro minuciosamente todo meu interior, e at\u00f3pome co que se atopou aquel ladr\u00f3n que entrou sen sabelo no aposento dun mestre de escola \u201cde primeiras y \u00fanicas letras\u201dcon intenci\u00f3n de roubar: at\u00f3pome con \u201cnada\u201d que valga unha perra de cinco c\u00e9ntimos no Monte P\u00edo da estimaci\u00f3n p\u00fablica\u2026\u201d<\/p>\n\n\n\n<p>As\u00ed de modesto e humilde se autodefin\u00eda este home.<\/p>\n\n\n\n<p>\u201cas mi\u00f1as primeiras armas coa pluma f\u00edxenas na escriban\u00eda de don Carlos Varangot, en Bos Aires, pasaxe Roverano\u2026Ga\u00f1aba unha barbaridade de cartos como pendolista: quince pesos arxentinos e pagaba vinte s\u00f3 de pensi\u00f3n nun fond\u00edn da r\u00faa Caridade, que estaba como a unha legua e pico da notar\u00eda.\u201d<\/p>\n\n\n\n<p>\u201c\u2026sa\u00eda pola ma\u00f1\u00e1 para a escriban\u00eda a cabalo\u2026do cabalo de San Fernando. Fac\u00edo por placer; non crean vostedes que era por economizar os quince de soldo. As catro e media tornaba da escriban\u00eda (praza de Maio) o meu \u201chotel\u201d da r\u00faa Caridade (m\u00e1is al\u00f3 do Once de Setembro). O regreso tam\u00e9n o fac\u00eda a pe e andando\u2026por hixiene, naturalmente. O andar estimula o apetito, cousa moi convinte para min naqueles tempos que ti\u00f1a pouco\u2026que comer\u2026\u201d<\/p>\n\n\n\n<p>\u201c\u2026o bo dura pouco. \u00d3s seis meses meu chorado e querido t\u00edo Xos\u00e9 Mar\u00eda Cambra, a saz\u00f3n cura p\u00e1rroco do Azul, cham\u00f3ume o seu car\u00f3n, para mellorar mi\u00f1a sorte o que non era posible e facerme continuar mi\u00f1a pr\u00e1tica noutra notar\u00eda do Azul\u2026\u201d<\/p>\n\n\n\n<p>\u201c\u2026o campo no Azul era pequeno pr\u00e1s mi\u00f1as empresas e aspiraci\u00f3ns, levei \u00e1ncoras e dirix\u00edn a proa o porto de Bah\u00eda Branca, a L\u00edverpool arxentina, onde me atopo fondeado dende hai preto de vintesete anos\u2026\u201d<\/p>\n\n\n\n<p>Faleceu na s\u00faa cidade adoptiva de Bah\u00eda Branca o 24 de xullo de 1939, sendo o seu enterro unha impresionante manifestaci\u00f3n de dor, testemu\u00f1a da admiraci\u00f3n e respecto que Rogelio Est\u00e9vez Cambra ti\u00f1a entre os cidad\u00e1ns daquela localidade arxentina.<\/p>\n\n\n\n<p>Para finalizar, \u00e9 moi recomendable a visita o blog \u201cCondadodesalvaterradominho\u201d, doutro fillo destacado desa feligres\u00eda D. Manuel Alfonso Est\u00e9vez, sobri\u00f1o neto de Rogelio Est\u00e9vez, onde se poden ler varias entradas relacionadas co noso persoeiro.<\/p>\n\n\n\n<p>(Nota de agradecemento a Xo\u00e1n Carlos, fot\u00f3grafo en Salvaterra e a Gabriel Mart\u00ednez, que me agasallaron respeitivamente coa obra de Alberto Vilanova e o op\u00fasculo sobre Rogelio Est\u00e9vez Cambra, sen os cales non ser\u00eda posible este traballo).<\/p>\n","protected":false},"excerpt":{"rendered":"<div class=\"mh-excerpt\"><p>Hai uns d\u00edas, mercando na carnicer\u00eda de Fita Carrera, Salvaterra, cadrei con dous veci\u00f1os de Fornelos da Ribeira, (a nai de Fita tam\u00e9n \u00e9 desa parroquia). Comezamos falando da apenas iniciada e nunca acabada ponte entre esa parroquia e a pontare\u00e1 Nogueira, acabamos falando de Don Rogelio Est\u00e9vez Cambra, egrexio fillo desa fregues\u00eda. O caso \u00e9 que ningu\u00e9n dos presentes co\u00f1ec\u00eda ese persoeiro, iso animoume a facer este pequeno traballo. <a class=\"mh-excerpt-more\" href=\"https:\/\/www.anovapeneira.gal\/index.php\/2021\/05\/24\/rogelio-estevez-cambra-na-memoria-de-salvaterra\/\" title=\"Rogelio Est\u00e9vez Cambra na memoria de Salvaterra\">[&#8230;]<\/a><\/p>\n<\/div>","protected":false},"author":1,"featured_media":584,"comment_status":"open","ping_status":"open","sticky":false,"template":"","format":"standard","meta":{"_exactmetrics_skip_tracking":false,"_exactmetrics_sitenote_active":false,"_exactmetrics_sitenote_note":"","_exactmetrics_sitenote_category":0,"footnotes":""},"categories":[1],"tags":[],"class_list":{"0":"post-5411","1":"post","2":"type-post","3":"status-publish","4":"format-standard","5":"has-post-thumbnail","7":"category-sin-categoria"},"yoast_head":"<!-- This site is optimized with the Yoast SEO plugin v27.4 - https:\/\/yoast.com\/product\/yoast-seo-wordpress\/ -->\n<title>Rogelio Est\u00e9vez Cambra na memoria de Salvaterra -<\/title>\n<meta name=\"description\" content=\"Hai uns d\u00edas, mercando na carnicer\u00eda de Fita Carrera, Salvaterra, cadrei con dous veci\u00f1os de Fornelos da Ribeira, (a nai de Fita tam\u00e9n \u00e9 desa parroquia). Comezamos falando da apenas iniciada e nunca acabada ponte entre esa parroquia e a pontare\u00e1 Nogueira, acabamos falando de Don Rogelio Est\u00e9vez Cambra, egrexio fillo desa fregues\u00eda. O caso \u00e9 que ningu\u00e9n dos presentes co\u00f1ec\u00eda ese persoeiro, iso animoume a facer este pequeno traballo.\" \/>\n<meta name=\"robots\" content=\"index, follow, max-snippet:-1, max-image-preview:large, max-video-preview:-1\" \/>\n<link rel=\"canonical\" href=\"https:\/\/www.anovapeneira.gal\/index.php\/2021\/05\/24\/rogelio-estevez-cambra-na-memoria-de-salvaterra\/\" \/>\n<meta property=\"og:locale\" content=\"gl_ES\" \/>\n<meta property=\"og:type\" content=\"article\" \/>\n<meta property=\"og:title\" content=\"Rogelio Est\u00e9vez Cambra na memoria de Salvaterra -\" \/>\n<meta property=\"og:description\" content=\"Hai uns d\u00edas, mercando na carnicer\u00eda de Fita Carrera, Salvaterra, cadrei con dous veci\u00f1os de Fornelos da Ribeira, (a nai de Fita tam\u00e9n \u00e9 desa parroquia). Comezamos falando da apenas iniciada e nunca acabada ponte entre esa parroquia e a pontare\u00e1 Nogueira, acabamos falando de Don Rogelio Est\u00e9vez Cambra, egrexio fillo desa fregues\u00eda. O caso \u00e9 que ningu\u00e9n dos presentes co\u00f1ec\u00eda ese persoeiro, iso animoume a facer este pequeno traballo.\" \/>\n<meta property=\"og:url\" content=\"https:\/\/www.anovapeneira.gal\/index.php\/2021\/05\/24\/rogelio-estevez-cambra-na-memoria-de-salvaterra\/\" \/>\n<meta property=\"article:publisher\" content=\"https:\/\/www.facebook.com\/anovapeneira\" \/>\n<meta property=\"article:author\" content=\"https:\/\/www.facebook.com\/anovapeneira\/\" \/>\n<meta property=\"article:published_time\" content=\"2021-05-24T08:00:57+00:00\" \/>\n<meta property=\"og:image\" content=\"https:\/\/www.anovapeneira.gal\/wp-content\/uploads\/2019\/07\/ARTIGO_DE_OPINION_A_NOVA_PENEIRA.jpg\" \/>\n\t<meta property=\"og:image:width\" content=\"720\" \/>\n\t<meta property=\"og:image:height\" content=\"473\" \/>\n\t<meta property=\"og:image:type\" content=\"image\/jpeg\" \/>\n<meta name=\"author\" content=\"admin\" \/>\n<meta name=\"twitter:card\" content=\"summary_large_image\" \/>\n<meta name=\"twitter:image\" content=\"https:\/\/www.anovapeneira.gal\/wp-content\/uploads\/2019\/07\/ARTIGO_DE_OPINION_A_NOVA_PENEIRA.jpg\" \/>\n<meta name=\"twitter:creator\" content=\"@APeneira\" \/>\n<meta name=\"twitter:site\" content=\"@APeneira\" \/>\n<meta name=\"twitter:label1\" content=\"Escrito por\" \/>\n\t<meta name=\"twitter:data1\" content=\"admin\" \/>\n\t<meta name=\"twitter:label2\" content=\"Tempo de lectura\" \/>\n\t<meta name=\"twitter:data2\" content=\"9 minutos\" \/>\n<script type=\"application\/ld+json\" class=\"yoast-schema-graph\">{\"@context\":\"https:\\\/\\\/schema.org\",\"@graph\":[{\"@type\":\"Article\",\"@id\":\"https:\\\/\\\/www.anovapeneira.gal\\\/index.php\\\/2021\\\/05\\\/24\\\/rogelio-estevez-cambra-na-memoria-de-salvaterra\\\/#article\",\"isPartOf\":{\"@id\":\"https:\\\/\\\/www.anovapeneira.gal\\\/index.php\\\/2021\\\/05\\\/24\\\/rogelio-estevez-cambra-na-memoria-de-salvaterra\\\/\"},\"author\":{\"name\":\"admin\",\"@id\":\"https:\\\/\\\/www.anovapeneira.gal\\\/#\\\/schema\\\/person\\\/fb77575328c93684dae4b0075f90c2cb\"},\"headline\":\"Rogelio Est\u00e9vez Cambra na memoria de Salvaterra\",\"datePublished\":\"2021-05-24T08:00:57+00:00\",\"mainEntityOfPage\":{\"@id\":\"https:\\\/\\\/www.anovapeneira.gal\\\/index.php\\\/2021\\\/05\\\/24\\\/rogelio-estevez-cambra-na-memoria-de-salvaterra\\\/\"},\"wordCount\":2188,\"commentCount\":0,\"publisher\":{\"@id\":\"https:\\\/\\\/www.anovapeneira.gal\\\/#organization\"},\"image\":{\"@id\":\"https:\\\/\\\/www.anovapeneira.gal\\\/index.php\\\/2021\\\/05\\\/24\\\/rogelio-estevez-cambra-na-memoria-de-salvaterra\\\/#primaryimage\"},\"thumbnailUrl\":\"https:\\\/\\\/www.anovapeneira.gal\\\/wp-content\\\/uploads\\\/2019\\\/07\\\/ARTIGO_DE_OPINION_A_NOVA_PENEIRA.jpg\",\"articleSection\":[\"Sin categor\u00eda\"],\"inLanguage\":\"gl-ES\",\"potentialAction\":[{\"@type\":\"CommentAction\",\"name\":\"Comment\",\"target\":[\"https:\\\/\\\/www.anovapeneira.gal\\\/index.php\\\/2021\\\/05\\\/24\\\/rogelio-estevez-cambra-na-memoria-de-salvaterra\\\/#respond\"]}]},{\"@type\":\"WebPage\",\"@id\":\"https:\\\/\\\/www.anovapeneira.gal\\\/index.php\\\/2021\\\/05\\\/24\\\/rogelio-estevez-cambra-na-memoria-de-salvaterra\\\/\",\"url\":\"https:\\\/\\\/www.anovapeneira.gal\\\/index.php\\\/2021\\\/05\\\/24\\\/rogelio-estevez-cambra-na-memoria-de-salvaterra\\\/\",\"name\":\"Rogelio Est\u00e9vez Cambra na memoria de Salvaterra -\",\"isPartOf\":{\"@id\":\"https:\\\/\\\/www.anovapeneira.gal\\\/#website\"},\"primaryImageOfPage\":{\"@id\":\"https:\\\/\\\/www.anovapeneira.gal\\\/index.php\\\/2021\\\/05\\\/24\\\/rogelio-estevez-cambra-na-memoria-de-salvaterra\\\/#primaryimage\"},\"image\":{\"@id\":\"https:\\\/\\\/www.anovapeneira.gal\\\/index.php\\\/2021\\\/05\\\/24\\\/rogelio-estevez-cambra-na-memoria-de-salvaterra\\\/#primaryimage\"},\"thumbnailUrl\":\"https:\\\/\\\/www.anovapeneira.gal\\\/wp-content\\\/uploads\\\/2019\\\/07\\\/ARTIGO_DE_OPINION_A_NOVA_PENEIRA.jpg\",\"datePublished\":\"2021-05-24T08:00:57+00:00\",\"description\":\"Hai uns d\u00edas, mercando na carnicer\u00eda de Fita Carrera, Salvaterra, cadrei con dous veci\u00f1os de Fornelos da Ribeira, (a nai de Fita tam\u00e9n \u00e9 desa parroquia). Comezamos falando da apenas iniciada e nunca acabada ponte entre esa parroquia e a pontare\u00e1 Nogueira, acabamos falando de Don Rogelio Est\u00e9vez Cambra, egrexio fillo desa fregues\u00eda. O caso \u00e9 que ningu\u00e9n dos presentes co\u00f1ec\u00eda ese persoeiro, iso animoume a facer este pequeno traballo.\",\"breadcrumb\":{\"@id\":\"https:\\\/\\\/www.anovapeneira.gal\\\/index.php\\\/2021\\\/05\\\/24\\\/rogelio-estevez-cambra-na-memoria-de-salvaterra\\\/#breadcrumb\"},\"inLanguage\":\"gl-ES\",\"potentialAction\":[{\"@type\":\"ReadAction\",\"target\":[\"https:\\\/\\\/www.anovapeneira.gal\\\/index.php\\\/2021\\\/05\\\/24\\\/rogelio-estevez-cambra-na-memoria-de-salvaterra\\\/\"]}]},{\"@type\":\"ImageObject\",\"inLanguage\":\"gl-ES\",\"@id\":\"https:\\\/\\\/www.anovapeneira.gal\\\/index.php\\\/2021\\\/05\\\/24\\\/rogelio-estevez-cambra-na-memoria-de-salvaterra\\\/#primaryimage\",\"url\":\"https:\\\/\\\/www.anovapeneira.gal\\\/wp-content\\\/uploads\\\/2019\\\/07\\\/ARTIGO_DE_OPINION_A_NOVA_PENEIRA.jpg\",\"contentUrl\":\"https:\\\/\\\/www.anovapeneira.gal\\\/wp-content\\\/uploads\\\/2019\\\/07\\\/ARTIGO_DE_OPINION_A_NOVA_PENEIRA.jpg\",\"width\":720,\"height\":473,\"caption\":\"Artigo de opini\u00f3n A Nova Peneira\"},{\"@type\":\"BreadcrumbList\",\"@id\":\"https:\\\/\\\/www.anovapeneira.gal\\\/index.php\\\/2021\\\/05\\\/24\\\/rogelio-estevez-cambra-na-memoria-de-salvaterra\\\/#breadcrumb\",\"itemListElement\":[{\"@type\":\"ListItem\",\"position\":1,\"name\":\"Portada\",\"item\":\"https:\\\/\\\/www.anovapeneira.gal\\\/\"},{\"@type\":\"ListItem\",\"position\":2,\"name\":\"Rogelio Est\u00e9vez Cambra na memoria de Salvaterra\"}]},{\"@type\":\"WebSite\",\"@id\":\"https:\\\/\\\/www.anovapeneira.gal\\\/#website\",\"url\":\"https:\\\/\\\/www.anovapeneira.gal\\\/\",\"name\":\"\",\"description\":\"Xornal galego de informaci\u00f3n xeral Publicaci\u00f3n mensual de novas de Galicia e en especial dos Concellos da sur da provincia de Pontevedra.\",\"publisher\":{\"@id\":\"https:\\\/\\\/www.anovapeneira.gal\\\/#organization\"},\"potentialAction\":[{\"@type\":\"SearchAction\",\"target\":{\"@type\":\"EntryPoint\",\"urlTemplate\":\"https:\\\/\\\/www.anovapeneira.gal\\\/?s={search_term_string}\"},\"query-input\":{\"@type\":\"PropertyValueSpecification\",\"valueRequired\":true,\"valueName\":\"search_term_string\"}}],\"inLanguage\":\"gl-ES\"},{\"@type\":\"Organization\",\"@id\":\"https:\\\/\\\/www.anovapeneira.gal\\\/#organization\",\"name\":\"A Nova Peneira\",\"url\":\"https:\\\/\\\/www.anovapeneira.gal\\\/\",\"logo\":{\"@type\":\"ImageObject\",\"inLanguage\":\"gl-ES\",\"@id\":\"https:\\\/\\\/www.anovapeneira.gal\\\/#\\\/schema\\\/logo\\\/image\\\/\",\"url\":\"http:\\\/\\\/www.anovapeneira.gal\\\/wp-content\\\/uploads\\\/2019\\\/06\\\/logo_a_nova_peneira_portal_web.png\",\"contentUrl\":\"http:\\\/\\\/www.anovapeneira.gal\\\/wp-content\\\/uploads\\\/2019\\\/06\\\/logo_a_nova_peneira_portal_web.png\",\"width\":300,\"height\":100,\"caption\":\"A Nova Peneira\"},\"image\":{\"@id\":\"https:\\\/\\\/www.anovapeneira.gal\\\/#\\\/schema\\\/logo\\\/image\\\/\"},\"sameAs\":[\"https:\\\/\\\/www.facebook.com\\\/anovapeneira\",\"https:\\\/\\\/x.com\\\/APeneira\"]},{\"@type\":\"Person\",\"@id\":\"https:\\\/\\\/www.anovapeneira.gal\\\/#\\\/schema\\\/person\\\/fb77575328c93684dae4b0075f90c2cb\",\"name\":\"admin\",\"image\":{\"@type\":\"ImageObject\",\"inLanguage\":\"gl-ES\",\"@id\":\"https:\\\/\\\/secure.gravatar.com\\\/avatar\\\/df15c36ce375448325e0bc870e91bbee95947a002eb98dcfd6c2b053e18843e9?s=96&d=mm&r=g\",\"url\":\"https:\\\/\\\/secure.gravatar.com\\\/avatar\\\/df15c36ce375448325e0bc870e91bbee95947a002eb98dcfd6c2b053e18843e9?s=96&d=mm&r=g\",\"contentUrl\":\"https:\\\/\\\/secure.gravatar.com\\\/avatar\\\/df15c36ce375448325e0bc870e91bbee95947a002eb98dcfd6c2b053e18843e9?s=96&d=mm&r=g\",\"caption\":\"admin\"},\"description\":\"Xornal galego de informaci\u00f3n xeral Publicaci\u00f3n mensual de novas de Galicia e en especial dos Concellos da sur da provincia de Pontevedra.\",\"sameAs\":[\"http:\\\/\\\/www.anovapeneira.gal\\\/\",\"https:\\\/\\\/www.facebook.com\\\/anovapeneira\\\/\"],\"url\":\"https:\\\/\\\/www.anovapeneira.gal\\\/index.php\\\/author\\\/admin\\\/\"}]}<\/script>\n<!-- \/ Yoast SEO plugin. -->","yoast_head_json":{"title":"Rogelio Est\u00e9vez Cambra na memoria de Salvaterra -","description":"Hai uns d\u00edas, mercando na carnicer\u00eda de Fita Carrera, Salvaterra, cadrei con dous veci\u00f1os de Fornelos da Ribeira, (a nai de Fita tam\u00e9n \u00e9 desa parroquia). Comezamos falando da apenas iniciada e nunca acabada ponte entre esa parroquia e a pontare\u00e1 Nogueira, acabamos falando de Don Rogelio Est\u00e9vez Cambra, egrexio fillo desa fregues\u00eda. O caso \u00e9 que ningu\u00e9n dos presentes co\u00f1ec\u00eda ese persoeiro, iso animoume a facer este pequeno traballo.","robots":{"index":"index","follow":"follow","max-snippet":"max-snippet:-1","max-image-preview":"max-image-preview:large","max-video-preview":"max-video-preview:-1"},"canonical":"https:\/\/www.anovapeneira.gal\/index.php\/2021\/05\/24\/rogelio-estevez-cambra-na-memoria-de-salvaterra\/","og_locale":"gl_ES","og_type":"article","og_title":"Rogelio Est\u00e9vez Cambra na memoria de Salvaterra -","og_description":"Hai uns d\u00edas, mercando na carnicer\u00eda de Fita Carrera, Salvaterra, cadrei con dous veci\u00f1os de Fornelos da Ribeira, (a nai de Fita tam\u00e9n \u00e9 desa parroquia). Comezamos falando da apenas iniciada e nunca acabada ponte entre esa parroquia e a pontare\u00e1 Nogueira, acabamos falando de Don Rogelio Est\u00e9vez Cambra, egrexio fillo desa fregues\u00eda. O caso \u00e9 que ningu\u00e9n dos presentes co\u00f1ec\u00eda ese persoeiro, iso animoume a facer este pequeno traballo.","og_url":"https:\/\/www.anovapeneira.gal\/index.php\/2021\/05\/24\/rogelio-estevez-cambra-na-memoria-de-salvaterra\/","article_publisher":"https:\/\/www.facebook.com\/anovapeneira","article_author":"https:\/\/www.facebook.com\/anovapeneira\/","article_published_time":"2021-05-24T08:00:57+00:00","og_image":[{"width":720,"height":473,"url":"https:\/\/www.anovapeneira.gal\/wp-content\/uploads\/2019\/07\/ARTIGO_DE_OPINION_A_NOVA_PENEIRA.jpg","type":"image\/jpeg"}],"author":"admin","twitter_card":"summary_large_image","twitter_image":"https:\/\/www.anovapeneira.gal\/wp-content\/uploads\/2019\/07\/ARTIGO_DE_OPINION_A_NOVA_PENEIRA.jpg","twitter_creator":"@APeneira","twitter_site":"@APeneira","twitter_misc":{"Escrito por":"admin","Tempo de lectura":"9 minutos"},"schema":{"@context":"https:\/\/schema.org","@graph":[{"@type":"Article","@id":"https:\/\/www.anovapeneira.gal\/index.php\/2021\/05\/24\/rogelio-estevez-cambra-na-memoria-de-salvaterra\/#article","isPartOf":{"@id":"https:\/\/www.anovapeneira.gal\/index.php\/2021\/05\/24\/rogelio-estevez-cambra-na-memoria-de-salvaterra\/"},"author":{"name":"admin","@id":"https:\/\/www.anovapeneira.gal\/#\/schema\/person\/fb77575328c93684dae4b0075f90c2cb"},"headline":"Rogelio Est\u00e9vez Cambra na memoria de Salvaterra","datePublished":"2021-05-24T08:00:57+00:00","mainEntityOfPage":{"@id":"https:\/\/www.anovapeneira.gal\/index.php\/2021\/05\/24\/rogelio-estevez-cambra-na-memoria-de-salvaterra\/"},"wordCount":2188,"commentCount":0,"publisher":{"@id":"https:\/\/www.anovapeneira.gal\/#organization"},"image":{"@id":"https:\/\/www.anovapeneira.gal\/index.php\/2021\/05\/24\/rogelio-estevez-cambra-na-memoria-de-salvaterra\/#primaryimage"},"thumbnailUrl":"https:\/\/www.anovapeneira.gal\/wp-content\/uploads\/2019\/07\/ARTIGO_DE_OPINION_A_NOVA_PENEIRA.jpg","articleSection":["Sin categor\u00eda"],"inLanguage":"gl-ES","potentialAction":[{"@type":"CommentAction","name":"Comment","target":["https:\/\/www.anovapeneira.gal\/index.php\/2021\/05\/24\/rogelio-estevez-cambra-na-memoria-de-salvaterra\/#respond"]}]},{"@type":"WebPage","@id":"https:\/\/www.anovapeneira.gal\/index.php\/2021\/05\/24\/rogelio-estevez-cambra-na-memoria-de-salvaterra\/","url":"https:\/\/www.anovapeneira.gal\/index.php\/2021\/05\/24\/rogelio-estevez-cambra-na-memoria-de-salvaterra\/","name":"Rogelio Est\u00e9vez Cambra na memoria de Salvaterra -","isPartOf":{"@id":"https:\/\/www.anovapeneira.gal\/#website"},"primaryImageOfPage":{"@id":"https:\/\/www.anovapeneira.gal\/index.php\/2021\/05\/24\/rogelio-estevez-cambra-na-memoria-de-salvaterra\/#primaryimage"},"image":{"@id":"https:\/\/www.anovapeneira.gal\/index.php\/2021\/05\/24\/rogelio-estevez-cambra-na-memoria-de-salvaterra\/#primaryimage"},"thumbnailUrl":"https:\/\/www.anovapeneira.gal\/wp-content\/uploads\/2019\/07\/ARTIGO_DE_OPINION_A_NOVA_PENEIRA.jpg","datePublished":"2021-05-24T08:00:57+00:00","description":"Hai uns d\u00edas, mercando na carnicer\u00eda de Fita Carrera, Salvaterra, cadrei con dous veci\u00f1os de Fornelos da Ribeira, (a nai de Fita tam\u00e9n \u00e9 desa parroquia). Comezamos falando da apenas iniciada e nunca acabada ponte entre esa parroquia e a pontare\u00e1 Nogueira, acabamos falando de Don Rogelio Est\u00e9vez Cambra, egrexio fillo desa fregues\u00eda. O caso \u00e9 que ningu\u00e9n dos presentes co\u00f1ec\u00eda ese persoeiro, iso animoume a facer este pequeno traballo.","breadcrumb":{"@id":"https:\/\/www.anovapeneira.gal\/index.php\/2021\/05\/24\/rogelio-estevez-cambra-na-memoria-de-salvaterra\/#breadcrumb"},"inLanguage":"gl-ES","potentialAction":[{"@type":"ReadAction","target":["https:\/\/www.anovapeneira.gal\/index.php\/2021\/05\/24\/rogelio-estevez-cambra-na-memoria-de-salvaterra\/"]}]},{"@type":"ImageObject","inLanguage":"gl-ES","@id":"https:\/\/www.anovapeneira.gal\/index.php\/2021\/05\/24\/rogelio-estevez-cambra-na-memoria-de-salvaterra\/#primaryimage","url":"https:\/\/www.anovapeneira.gal\/wp-content\/uploads\/2019\/07\/ARTIGO_DE_OPINION_A_NOVA_PENEIRA.jpg","contentUrl":"https:\/\/www.anovapeneira.gal\/wp-content\/uploads\/2019\/07\/ARTIGO_DE_OPINION_A_NOVA_PENEIRA.jpg","width":720,"height":473,"caption":"Artigo de opini\u00f3n A Nova Peneira"},{"@type":"BreadcrumbList","@id":"https:\/\/www.anovapeneira.gal\/index.php\/2021\/05\/24\/rogelio-estevez-cambra-na-memoria-de-salvaterra\/#breadcrumb","itemListElement":[{"@type":"ListItem","position":1,"name":"Portada","item":"https:\/\/www.anovapeneira.gal\/"},{"@type":"ListItem","position":2,"name":"Rogelio Est\u00e9vez Cambra na memoria de Salvaterra"}]},{"@type":"WebSite","@id":"https:\/\/www.anovapeneira.gal\/#website","url":"https:\/\/www.anovapeneira.gal\/","name":"","description":"Xornal galego de informaci\u00f3n xeral Publicaci\u00f3n mensual de novas de Galicia e en especial dos Concellos da sur da provincia de Pontevedra.","publisher":{"@id":"https:\/\/www.anovapeneira.gal\/#organization"},"potentialAction":[{"@type":"SearchAction","target":{"@type":"EntryPoint","urlTemplate":"https:\/\/www.anovapeneira.gal\/?s={search_term_string}"},"query-input":{"@type":"PropertyValueSpecification","valueRequired":true,"valueName":"search_term_string"}}],"inLanguage":"gl-ES"},{"@type":"Organization","@id":"https:\/\/www.anovapeneira.gal\/#organization","name":"A Nova Peneira","url":"https:\/\/www.anovapeneira.gal\/","logo":{"@type":"ImageObject","inLanguage":"gl-ES","@id":"https:\/\/www.anovapeneira.gal\/#\/schema\/logo\/image\/","url":"http:\/\/www.anovapeneira.gal\/wp-content\/uploads\/2019\/06\/logo_a_nova_peneira_portal_web.png","contentUrl":"http:\/\/www.anovapeneira.gal\/wp-content\/uploads\/2019\/06\/logo_a_nova_peneira_portal_web.png","width":300,"height":100,"caption":"A Nova Peneira"},"image":{"@id":"https:\/\/www.anovapeneira.gal\/#\/schema\/logo\/image\/"},"sameAs":["https:\/\/www.facebook.com\/anovapeneira","https:\/\/x.com\/APeneira"]},{"@type":"Person","@id":"https:\/\/www.anovapeneira.gal\/#\/schema\/person\/fb77575328c93684dae4b0075f90c2cb","name":"admin","image":{"@type":"ImageObject","inLanguage":"gl-ES","@id":"https:\/\/secure.gravatar.com\/avatar\/df15c36ce375448325e0bc870e91bbee95947a002eb98dcfd6c2b053e18843e9?s=96&d=mm&r=g","url":"https:\/\/secure.gravatar.com\/avatar\/df15c36ce375448325e0bc870e91bbee95947a002eb98dcfd6c2b053e18843e9?s=96&d=mm&r=g","contentUrl":"https:\/\/secure.gravatar.com\/avatar\/df15c36ce375448325e0bc870e91bbee95947a002eb98dcfd6c2b053e18843e9?s=96&d=mm&r=g","caption":"admin"},"description":"Xornal galego de informaci\u00f3n xeral Publicaci\u00f3n mensual de novas de Galicia e en especial dos Concellos da sur da provincia de Pontevedra.","sameAs":["http:\/\/www.anovapeneira.gal\/","https:\/\/www.facebook.com\/anovapeneira\/"],"url":"https:\/\/www.anovapeneira.gal\/index.php\/author\/admin\/"}]}},"jetpack_featured_media_url":"https:\/\/www.anovapeneira.gal\/wp-content\/uploads\/2019\/07\/ARTIGO_DE_OPINION_A_NOVA_PENEIRA.jpg","_links":{"self":[{"href":"https:\/\/www.anovapeneira.gal\/index.php\/wp-json\/wp\/v2\/posts\/5411","targetHints":{"allow":["GET"]}}],"collection":[{"href":"https:\/\/www.anovapeneira.gal\/index.php\/wp-json\/wp\/v2\/posts"}],"about":[{"href":"https:\/\/www.anovapeneira.gal\/index.php\/wp-json\/wp\/v2\/types\/post"}],"author":[{"embeddable":true,"href":"https:\/\/www.anovapeneira.gal\/index.php\/wp-json\/wp\/v2\/users\/1"}],"replies":[{"embeddable":true,"href":"https:\/\/www.anovapeneira.gal\/index.php\/wp-json\/wp\/v2\/comments?post=5411"}],"version-history":[{"count":2,"href":"https:\/\/www.anovapeneira.gal\/index.php\/wp-json\/wp\/v2\/posts\/5411\/revisions"}],"predecessor-version":[{"id":5414,"href":"https:\/\/www.anovapeneira.gal\/index.php\/wp-json\/wp\/v2\/posts\/5411\/revisions\/5414"}],"wp:featuredmedia":[{"embeddable":true,"href":"https:\/\/www.anovapeneira.gal\/index.php\/wp-json\/wp\/v2\/media\/584"}],"wp:attachment":[{"href":"https:\/\/www.anovapeneira.gal\/index.php\/wp-json\/wp\/v2\/media?parent=5411"}],"wp:term":[{"taxonomy":"category","embeddable":true,"href":"https:\/\/www.anovapeneira.gal\/index.php\/wp-json\/wp\/v2\/categories?post=5411"},{"taxonomy":"post_tag","embeddable":true,"href":"https:\/\/www.anovapeneira.gal\/index.php\/wp-json\/wp\/v2\/tags?post=5411"}],"curies":[{"name":"wp","href":"https:\/\/api.w.org\/{rel}","templated":true}]}}