{"id":5415,"date":"2021-05-24T12:00:42","date_gmt":"2021-05-24T10:00:42","guid":{"rendered":"http:\/\/www.anovapeneira.gal\/?p=5415"},"modified":"2021-05-18T18:33:09","modified_gmt":"2021-05-18T16:33:09","slug":"ese-dialecto-no-lo-entiendo-a-mesa-tramitou-219-queixas-por-vulneracions-de-dereitos-linguisticos-da-cidadania-galega-no-2020","status":"publish","type":"post","link":"https:\/\/www.anovapeneira.gal\/index.php\/2021\/05\/24\/ese-dialecto-no-lo-entiendo-a-mesa-tramitou-219-queixas-por-vulneracions-de-dereitos-linguisticos-da-cidadania-galega-no-2020\/","title":{"rendered":"&#8220;Ese dialecto no lo entiendo&#8221;, A Mesa tramitou 219 queixas por vulneraci\u00f3ns de dereitos ling\u00fc\u00edsticos da cidadan\u00eda galega no 2020"},"content":{"rendered":"\n<p><strong>M\u00e1is da metade das reclamaci\u00f3ns ref\u00edrense \u00e1 administraci\u00f3n p\u00fablica, destacando entre elas as dirixidas ao Servizo Galego de Sa\u00fade, especialmente incrementada pola situaci\u00f3n de emerxencia sanitaria vivida durante o ano 2020,<\/strong> <strong>e \u00e1 propia Xunta de Galiza<\/strong><\/p>\n\n\n\n<p><strong>O informe anual da Li\u00f1a do Galego -que conta co apoio da Deputaci\u00f3n da Coru\u00f1a- recolle s\u00f3 unha m\u00ednima parte do que acontece a diario, pero describe a importancia que lle d\u00e1 a cidadan\u00eda galega a ter contidos audiovisuais na s\u00faa lingua como tam\u00e9n reflictiu a aprobaci\u00f3n un\u00e1nime da Iniciativa Xabar\u00edn esta mesma semana<br><\/strong><br><strong>Compostela, 14 de maio de 2021<\/strong><\/p>\n\n\n\n<p>Marcos Maceira, presidente da Mesa pola Normalizaci\u00f3n Ling\u00fc\u00edstica; Celia Armas, Secretaria xeral da Mesa; e Mar\u00eda Mu\u00ed\u00f1o, deputada de Lingua da Deputaci\u00f3n da Coru\u00f1a, presentaron esta ma\u00f1\u00e1 na Coru\u00f1a o informe anual da Li\u00f1a do Galego correspondente ao 2020. Segundo recolle dito informe, ao longo do pasado ano, a entidade de defensa da lingua tramitou 219 queixas, 20 consultas e 111 parab\u00e9ns a trav\u00e9s das chamadas, correos, e mensaxes a trav\u00e9s da App recibidos na Li\u00f1a do Galego.<br><br>Destaca\u00a0<strong>a vulneraci\u00f3n dos dereitos ling\u00fc\u00edsticos por parte do SERGAS, especialmente incrementada pola situaci\u00f3n de emerxencia sanitaria vivida durante o ano 2020<\/strong>. Citaci\u00f3ns para probas PCR s\u00f3 en castel\u00e1n, exclusi\u00f3n do galego na li\u00f1a de atenci\u00f3n telef\u00f3nica habilitada para a COVID-19, comunicaci\u00f3ns en castel\u00e1n a pesar de ter habilitadas as comunicaci\u00f3n en galego ou emilinar o galego dos protocolos e formaci\u00f3n para os profesionais sanitarios son algunhas das queixas m\u00e1is recorridas que recibiu o Sistema Galego de Sa\u00fade por parte das persoas usuarias da Li\u00f1a do Galego.<\/p>\n\n\n\n<p>Os protocolos internacionais de garant\u00eda do dereito \u00e1 sa\u00fade indican que \u00e9sta debe ofrecerse na lingua da persoa usuaria, mesmo no caso de que esa lingua te\u00f1a escasa ou nula presenza no noso terriotorio. Por\u00e9n, \u00e1 vista do informe presentado esta ma\u00f1\u00e1 pola Mesa a atenci\u00f3n sanitaria segue sen estar dispo\u00f1\u00edbel en galego, causando ademais importantes trastornos a quen o solicitar.<\/p>\n\n\n\n<p>Comunicaci\u00f3ns, informaci\u00f3ns, sinal\u00e9ctica, atenci\u00f3n ao p\u00fablico ou queixas relacionadas con servizos p\u00fablicos que ofertan empresas privadas en nome da administraci\u00f3n auton\u00f3mica e que excl\u00faen o uso do galego, como servizos bancarios, de comedor ou obras son alg\u00fans dos casos m\u00e1is abondosos recollidos con respecto \u00e1 Xunta de Galiza, que sigue a ser a administraci\u00f3n p\u00fablica que rexistra o maior n\u00famero de queixas. Tam\u00e9n son especialmente graves as vulneraci\u00f3ns da administraci\u00f3n do Estado, que chega a non reco\u00f1ecer a existencia de m\u00e1is linguas que o espa\u00f1ol e imposibilitar as\u00ed que teses doutorais escritas en galego poidan optar a premios de excelencia con remuneraci\u00f3n econ\u00f3mica.<\/p>\n\n\n\n<p>&#8220;C\u00f3mpre visibilizar a realidade&#8221;, recordou Marcos Maceira, &#8220;denunciar quen nos nega a posibilidade de utilizar a nosa lingua no noso propio pa\u00eds, como primeiro paso para reclamar que o dereito a utilizarmos o galego sexa plenamente respectado d\u00e1ndonos sempre esa opci\u00f3n&#8221;. &#8220;S\u00f3 procuramos que o galego estea tan dipo\u00f1\u00edbel, sexa tan aud\u00edbel en tan vis\u00edbel en Galiza como \u00e9 o castel\u00e1n en Madrid&#8221;, asegurou, &#8220;nin m\u00e1is nin menos&#8221;. &#8220;A tan proclamada igualdade das linguas non \u00e9 real, se a posibilidade de uso destas linguas non ten iguais dereitos e iguais deberes&#8221; rematou, &#8220;a vulneraci\u00f3n de dereitos ling\u00fc\u00edsticos \u00e9 a vulneraci\u00f3n dun dereito fundamental e a\u00ednda en maior grao se lle engadimos a coacci\u00f3n, e polo tanto degrada o desenvolvemento dunha sociedade democr\u00e1tica con consecuencias tam\u00e9n na vida econ\u00f3mica&#8221;.<\/p>\n\n\n\n<p>&#8220;Ante a ausencia de acci\u00f3ns espec\u00edficas da administraci\u00f3n p\u00fablica para que o galego estea presente&#8221;, engadiu Celia Armas, &#8220;c\u00f3mpre unha maior activaci\u00f3n da sociedade civil na reposici\u00f3n e normalizaci\u00f3n da lingua galega: en primeiro lugar, esixindo dos diferentes gobernos que cumpran cos seus compromisos cara ao galego, actuando directamente para combater casos como os sinalados; e, en segundo lugar, dirix\u00edrmonos directamente por diferentes v\u00edas (redes sociais, correo electr\u00f3nico, postal, tel\u00e9fono) \u00e1s empresas para que muden a actitude e facer ver que somos moitas as persoas que reclamamos visibilidade e espazos de uso para o galego&#8221;.<br><br>A Secretaria xeral da Mesa recordou que o traballo que desenvolve a Li\u00f1a do Galego de tratamento, asesoramento, difusi\u00f3n e atenci\u00f3n das queixas ten conseguido que se emendaran alg\u00fans comportamentos e pol\u00edticas ling\u00fc\u00edsticas de empresas e administraci\u00f3ns p\u00fablicas, como a App Radar Covid, os parqu\u00edmetros da zona ORA do Concello de Vigo, a aprobaci\u00f3n da ordenanza de normalizaci\u00f3n ling\u00fc\u00edstica do Concello da Coru\u00f1a ou os informes emitidos polo Consello de Europa.<\/p>\n\n\n\n<p>A deputada de Normalizaci\u00f3n Ling\u00fc\u00edstica, Mar\u00eda Mu\u00ed\u00f1o, parabenizou \u00e1 Mesa pola iniciativa Xabar\u00edn recentemente aprobada no Parlamento galego como un paso adiante nun cami\u00f1o en que &#8220;queda moito por facer, como evidencia datos como que o 35% do alumnado non ten competencias en galego e 70% fala castel\u00e1n, o que \u00e9 indicativo da pol\u00edtica que se est\u00e1 desenvolvendo de imposici\u00f3n do castel\u00e1n en Galiza&#8221;.<br><br>Referiuse tam\u00e9n ao informe do consello de Europa que &#8220;volve incidir no incumprimento dos compromisos adquiridos tanto polo goberno galego como polo goberno do estado para garantir o uso tanto no \u00e1mbito da xustiza como no do ensino, onde observa barreiras en todos os niveis educativos como indica que s\u00f3 un 23% dos menores de 15 anos son quen de expresarse na nosa lingua&#8221;.<br><br>Neste sentido, Mar\u00eda Mu\u00ed\u00f1o destacou o compromiso da \u00e1rea de Normalizaci\u00f3n Ling\u00fc\u00edstica da Deputaci\u00f3n da Coru\u00f1a co proceso de normalizaci\u00f3n con varias li\u00f1as de traballo, desde programas de normalizaci\u00f3n, formaci\u00f3n especializada para equipas dos concellos ou, de maneira especial, co financiamento da contrataci\u00f3n de profesionais nos municipios da provincia ao que destina 500.000 \u20ac que se invisten en 35 contrataci\u00f3ns. Da mesma maneira, pediulle \u00e1 Xunta&nbsp; &#8220;responsabilidade, compromiso e aceptaci\u00f3n da realidade para reverter a situaci\u00f3n&#8221;.<\/p>\n","protected":false},"excerpt":{"rendered":"<div class=\"mh-excerpt\"><p>M\u00e1is da metade das reclamaci\u00f3ns ref\u00edrense \u00e1 administraci\u00f3n p\u00fablica, destacando entre elas as dirixidas ao Servizo Galego de Sa\u00fade, especialmente incrementada pola situaci\u00f3n de emerxencia sanitaria vivida durante o ano 2020, e \u00e1 propia Xunta de Galiza <a class=\"mh-excerpt-more\" href=\"https:\/\/www.anovapeneira.gal\/index.php\/2021\/05\/24\/ese-dialecto-no-lo-entiendo-a-mesa-tramitou-219-queixas-por-vulneracions-de-dereitos-linguisticos-da-cidadania-galega-no-2020\/\" title=\"&#8220;Ese dialecto no lo entiendo&#8221;, A Mesa tramitou 219 queixas por vulneraci\u00f3ns de dereitos ling\u00fc\u00edsticos da cidadan\u00eda galega no 2020\">[&#8230;]<\/a><\/p>\n<\/div>","protected":false},"author":3,"featured_media":5417,"comment_status":"open","ping_status":"open","sticky":false,"template":"","format":"standard","meta":{"_exactmetrics_skip_tracking":false,"_exactmetrics_sitenote_active":false,"_exactmetrics_sitenote_note":"","_exactmetrics_sitenote_category":0,"footnotes":""},"categories":[263],"tags":[684],"class_list":{"0":"post-5415","1":"post","2":"type-post","3":"status-publish","4":"format-standard","5":"has-post-thumbnail","7":"category-novas","8":"tag-mesa-pola-normalizacion-linguistica-para-galicia"},"yoast_head":"<!-- This site is optimized with the Yoast SEO plugin v27.4 - https:\/\/yoast.com\/product\/yoast-seo-wordpress\/ -->\n<title>&quot;Ese dialecto no lo entiendo&quot;, A Mesa tramitou 219 queixas por vulneraci\u00f3ns de dereitos ling\u00fc\u00edsticos da cidadan\u00eda galega no 2020 -<\/title>\n<meta name=\"description\" content=\"M\u00e1is da metade das reclamaci\u00f3ns ref\u00edrense \u00e1 administraci\u00f3n p\u00fablica, destacando entre elas as dirixidas ao Servizo Galego de Sa\u00fade, especialmente incrementada pola situaci\u00f3n de emerxencia sanitaria vivida durante o ano 2020, e \u00e1 propia Xunta de Galiza\" \/>\n<meta name=\"robots\" content=\"index, follow, max-snippet:-1, max-image-preview:large, max-video-preview:-1\" \/>\n<link rel=\"canonical\" href=\"https:\/\/www.anovapeneira.gal\/index.php\/2021\/05\/24\/ese-dialecto-no-lo-entiendo-a-mesa-tramitou-219-queixas-por-vulneracions-de-dereitos-linguisticos-da-cidadania-galega-no-2020\/\" \/>\n<meta property=\"og:locale\" content=\"gl_ES\" \/>\n<meta property=\"og:type\" content=\"article\" \/>\n<meta property=\"og:title\" content=\"&quot;Ese dialecto no lo entiendo&quot;, A Mesa tramitou 219 queixas por vulneraci\u00f3ns de dereitos ling\u00fc\u00edsticos da cidadan\u00eda galega no 2020 -\" \/>\n<meta property=\"og:description\" content=\"M\u00e1is da metade das reclamaci\u00f3ns ref\u00edrense \u00e1 administraci\u00f3n p\u00fablica, destacando entre elas as dirixidas ao Servizo Galego de Sa\u00fade, especialmente incrementada pola situaci\u00f3n de emerxencia sanitaria vivida durante o ano 2020, e \u00e1 propia Xunta de Galiza\" \/>\n<meta property=\"og:url\" content=\"https:\/\/www.anovapeneira.gal\/index.php\/2021\/05\/24\/ese-dialecto-no-lo-entiendo-a-mesa-tramitou-219-queixas-por-vulneracions-de-dereitos-linguisticos-da-cidadania-galega-no-2020\/\" \/>\n<meta property=\"article:publisher\" content=\"https:\/\/www.facebook.com\/anovapeneira\" \/>\n<meta property=\"article:published_time\" content=\"2021-05-24T10:00:42+00:00\" \/>\n<meta property=\"og:image\" content=\"https:\/\/www.anovapeneira.gal\/wp-content\/uploads\/2021\/05\/vulneracions_de_dereitos_linguisticos.jpg\" \/>\n\t<meta property=\"og:image:width\" content=\"720\" \/>\n\t<meta property=\"og:image:height\" content=\"432\" \/>\n\t<meta property=\"og:image:type\" content=\"image\/jpeg\" \/>\n<meta name=\"author\" content=\"Redacci\u00f3n A Nova Peneira\" \/>\n<meta name=\"twitter:card\" content=\"summary_large_image\" \/>\n<meta name=\"twitter:creator\" content=\"@APeneira\" \/>\n<meta name=\"twitter:site\" content=\"@APeneira\" \/>\n<meta name=\"twitter:label1\" content=\"Escrito por\" \/>\n\t<meta name=\"twitter:data1\" content=\"Redacci\u00f3n A Nova Peneira\" \/>\n\t<meta name=\"twitter:label2\" content=\"Tempo de lectura\" \/>\n\t<meta name=\"twitter:data2\" content=\"5 minutos\" \/>\n<script type=\"application\/ld+json\" class=\"yoast-schema-graph\">{\"@context\":\"https:\\\/\\\/schema.org\",\"@graph\":[{\"@type\":\"Article\",\"@id\":\"https:\\\/\\\/www.anovapeneira.gal\\\/index.php\\\/2021\\\/05\\\/24\\\/ese-dialecto-no-lo-entiendo-a-mesa-tramitou-219-queixas-por-vulneracions-de-dereitos-linguisticos-da-cidadania-galega-no-2020\\\/#article\",\"isPartOf\":{\"@id\":\"https:\\\/\\\/www.anovapeneira.gal\\\/index.php\\\/2021\\\/05\\\/24\\\/ese-dialecto-no-lo-entiendo-a-mesa-tramitou-219-queixas-por-vulneracions-de-dereitos-linguisticos-da-cidadania-galega-no-2020\\\/\"},\"author\":{\"name\":\"Redacci\u00f3n A Nova Peneira\",\"@id\":\"https:\\\/\\\/www.anovapeneira.gal\\\/#\\\/schema\\\/person\\\/b93e3f8932e3f8da96334607eb6ac6aa\"},\"headline\":\"&#8220;Ese dialecto no lo entiendo&#8221;, A Mesa tramitou 219 queixas por vulneraci\u00f3ns de dereitos ling\u00fc\u00edsticos da cidadan\u00eda galega no 2020\",\"datePublished\":\"2021-05-24T10:00:42+00:00\",\"mainEntityOfPage\":{\"@id\":\"https:\\\/\\\/www.anovapeneira.gal\\\/index.php\\\/2021\\\/05\\\/24\\\/ese-dialecto-no-lo-entiendo-a-mesa-tramitou-219-queixas-por-vulneracions-de-dereitos-linguisticos-da-cidadania-galega-no-2020\\\/\"},\"wordCount\":1060,\"commentCount\":0,\"publisher\":{\"@id\":\"https:\\\/\\\/www.anovapeneira.gal\\\/#organization\"},\"image\":{\"@id\":\"https:\\\/\\\/www.anovapeneira.gal\\\/index.php\\\/2021\\\/05\\\/24\\\/ese-dialecto-no-lo-entiendo-a-mesa-tramitou-219-queixas-por-vulneracions-de-dereitos-linguisticos-da-cidadania-galega-no-2020\\\/#primaryimage\"},\"thumbnailUrl\":\"https:\\\/\\\/www.anovapeneira.gal\\\/wp-content\\\/uploads\\\/2021\\\/05\\\/vulneracions_de_dereitos_linguisticos.jpg\",\"keywords\":[\"Mesa pola normalizaci\u00f3n ling\u00fc\u00edstica para Galicia\"],\"articleSection\":[\"Novas\"],\"inLanguage\":\"gl-ES\",\"potentialAction\":[{\"@type\":\"CommentAction\",\"name\":\"Comment\",\"target\":[\"https:\\\/\\\/www.anovapeneira.gal\\\/index.php\\\/2021\\\/05\\\/24\\\/ese-dialecto-no-lo-entiendo-a-mesa-tramitou-219-queixas-por-vulneracions-de-dereitos-linguisticos-da-cidadania-galega-no-2020\\\/#respond\"]}]},{\"@type\":\"WebPage\",\"@id\":\"https:\\\/\\\/www.anovapeneira.gal\\\/index.php\\\/2021\\\/05\\\/24\\\/ese-dialecto-no-lo-entiendo-a-mesa-tramitou-219-queixas-por-vulneracions-de-dereitos-linguisticos-da-cidadania-galega-no-2020\\\/\",\"url\":\"https:\\\/\\\/www.anovapeneira.gal\\\/index.php\\\/2021\\\/05\\\/24\\\/ese-dialecto-no-lo-entiendo-a-mesa-tramitou-219-queixas-por-vulneracions-de-dereitos-linguisticos-da-cidadania-galega-no-2020\\\/\",\"name\":\"\\\"Ese dialecto no lo entiendo\\\", A Mesa tramitou 219 queixas por vulneraci\u00f3ns de dereitos ling\u00fc\u00edsticos da cidadan\u00eda galega no 2020 -\",\"isPartOf\":{\"@id\":\"https:\\\/\\\/www.anovapeneira.gal\\\/#website\"},\"primaryImageOfPage\":{\"@id\":\"https:\\\/\\\/www.anovapeneira.gal\\\/index.php\\\/2021\\\/05\\\/24\\\/ese-dialecto-no-lo-entiendo-a-mesa-tramitou-219-queixas-por-vulneracions-de-dereitos-linguisticos-da-cidadania-galega-no-2020\\\/#primaryimage\"},\"image\":{\"@id\":\"https:\\\/\\\/www.anovapeneira.gal\\\/index.php\\\/2021\\\/05\\\/24\\\/ese-dialecto-no-lo-entiendo-a-mesa-tramitou-219-queixas-por-vulneracions-de-dereitos-linguisticos-da-cidadania-galega-no-2020\\\/#primaryimage\"},\"thumbnailUrl\":\"https:\\\/\\\/www.anovapeneira.gal\\\/wp-content\\\/uploads\\\/2021\\\/05\\\/vulneracions_de_dereitos_linguisticos.jpg\",\"datePublished\":\"2021-05-24T10:00:42+00:00\",\"description\":\"M\u00e1is da metade das reclamaci\u00f3ns ref\u00edrense \u00e1 administraci\u00f3n p\u00fablica, destacando entre elas as dirixidas ao Servizo Galego de Sa\u00fade, especialmente incrementada pola situaci\u00f3n de emerxencia sanitaria vivida durante o ano 2020, e \u00e1 propia Xunta de Galiza\",\"breadcrumb\":{\"@id\":\"https:\\\/\\\/www.anovapeneira.gal\\\/index.php\\\/2021\\\/05\\\/24\\\/ese-dialecto-no-lo-entiendo-a-mesa-tramitou-219-queixas-por-vulneracions-de-dereitos-linguisticos-da-cidadania-galega-no-2020\\\/#breadcrumb\"},\"inLanguage\":\"gl-ES\",\"potentialAction\":[{\"@type\":\"ReadAction\",\"target\":[\"https:\\\/\\\/www.anovapeneira.gal\\\/index.php\\\/2021\\\/05\\\/24\\\/ese-dialecto-no-lo-entiendo-a-mesa-tramitou-219-queixas-por-vulneracions-de-dereitos-linguisticos-da-cidadania-galega-no-2020\\\/\"]}]},{\"@type\":\"ImageObject\",\"inLanguage\":\"gl-ES\",\"@id\":\"https:\\\/\\\/www.anovapeneira.gal\\\/index.php\\\/2021\\\/05\\\/24\\\/ese-dialecto-no-lo-entiendo-a-mesa-tramitou-219-queixas-por-vulneracions-de-dereitos-linguisticos-da-cidadania-galega-no-2020\\\/#primaryimage\",\"url\":\"https:\\\/\\\/www.anovapeneira.gal\\\/wp-content\\\/uploads\\\/2021\\\/05\\\/vulneracions_de_dereitos_linguisticos.jpg\",\"contentUrl\":\"https:\\\/\\\/www.anovapeneira.gal\\\/wp-content\\\/uploads\\\/2021\\\/05\\\/vulneracions_de_dereitos_linguisticos.jpg\",\"width\":720,\"height\":432,\"caption\":\"A Mesa pola Normalizaci\u00f3n Ling\u00fc\u00edstica\"},{\"@type\":\"BreadcrumbList\",\"@id\":\"https:\\\/\\\/www.anovapeneira.gal\\\/index.php\\\/2021\\\/05\\\/24\\\/ese-dialecto-no-lo-entiendo-a-mesa-tramitou-219-queixas-por-vulneracions-de-dereitos-linguisticos-da-cidadania-galega-no-2020\\\/#breadcrumb\",\"itemListElement\":[{\"@type\":\"ListItem\",\"position\":1,\"name\":\"Portada\",\"item\":\"https:\\\/\\\/www.anovapeneira.gal\\\/\"},{\"@type\":\"ListItem\",\"position\":2,\"name\":\"&#8220;Ese dialecto no lo entiendo&#8221;, A Mesa tramitou 219 queixas por vulneraci\u00f3ns de dereitos ling\u00fc\u00edsticos da cidadan\u00eda galega no 2020\"}]},{\"@type\":\"WebSite\",\"@id\":\"https:\\\/\\\/www.anovapeneira.gal\\\/#website\",\"url\":\"https:\\\/\\\/www.anovapeneira.gal\\\/\",\"name\":\"\",\"description\":\"Xornal galego de informaci\u00f3n xeral Publicaci\u00f3n mensual de novas de Galicia e en especial dos Concellos da sur da provincia de Pontevedra.\",\"publisher\":{\"@id\":\"https:\\\/\\\/www.anovapeneira.gal\\\/#organization\"},\"potentialAction\":[{\"@type\":\"SearchAction\",\"target\":{\"@type\":\"EntryPoint\",\"urlTemplate\":\"https:\\\/\\\/www.anovapeneira.gal\\\/?s={search_term_string}\"},\"query-input\":{\"@type\":\"PropertyValueSpecification\",\"valueRequired\":true,\"valueName\":\"search_term_string\"}}],\"inLanguage\":\"gl-ES\"},{\"@type\":\"Organization\",\"@id\":\"https:\\\/\\\/www.anovapeneira.gal\\\/#organization\",\"name\":\"A Nova Peneira\",\"url\":\"https:\\\/\\\/www.anovapeneira.gal\\\/\",\"logo\":{\"@type\":\"ImageObject\",\"inLanguage\":\"gl-ES\",\"@id\":\"https:\\\/\\\/www.anovapeneira.gal\\\/#\\\/schema\\\/logo\\\/image\\\/\",\"url\":\"http:\\\/\\\/www.anovapeneira.gal\\\/wp-content\\\/uploads\\\/2019\\\/06\\\/logo_a_nova_peneira_portal_web.png\",\"contentUrl\":\"http:\\\/\\\/www.anovapeneira.gal\\\/wp-content\\\/uploads\\\/2019\\\/06\\\/logo_a_nova_peneira_portal_web.png\",\"width\":300,\"height\":100,\"caption\":\"A Nova Peneira\"},\"image\":{\"@id\":\"https:\\\/\\\/www.anovapeneira.gal\\\/#\\\/schema\\\/logo\\\/image\\\/\"},\"sameAs\":[\"https:\\\/\\\/www.facebook.com\\\/anovapeneira\",\"https:\\\/\\\/x.com\\\/APeneira\"]},{\"@type\":\"Person\",\"@id\":\"https:\\\/\\\/www.anovapeneira.gal\\\/#\\\/schema\\\/person\\\/b93e3f8932e3f8da96334607eb6ac6aa\",\"name\":\"Redacci\u00f3n A Nova Peneira\",\"image\":{\"@type\":\"ImageObject\",\"inLanguage\":\"gl-ES\",\"@id\":\"https:\\\/\\\/secure.gravatar.com\\\/avatar\\\/c052a2551a06e23fac63626232eaa90abd78dbcf1700fc46a2b2c89fd27b735f?s=96&d=mm&r=g\",\"url\":\"https:\\\/\\\/secure.gravatar.com\\\/avatar\\\/c052a2551a06e23fac63626232eaa90abd78dbcf1700fc46a2b2c89fd27b735f?s=96&d=mm&r=g\",\"contentUrl\":\"https:\\\/\\\/secure.gravatar.com\\\/avatar\\\/c052a2551a06e23fac63626232eaa90abd78dbcf1700fc46a2b2c89fd27b735f?s=96&d=mm&r=g\",\"caption\":\"Redacci\u00f3n A Nova Peneira\"},\"sameAs\":[\"http:\\\/\\\/www.anovapeneira.gal\\\/\"],\"url\":\"https:\\\/\\\/www.anovapeneira.gal\\\/index.php\\\/author\\\/redactor\\\/\"}]}<\/script>\n<!-- \/ Yoast SEO plugin. -->","yoast_head_json":{"title":"\"Ese dialecto no lo entiendo\", A Mesa tramitou 219 queixas por vulneraci\u00f3ns de dereitos ling\u00fc\u00edsticos da cidadan\u00eda galega no 2020 -","description":"M\u00e1is da metade das reclamaci\u00f3ns ref\u00edrense \u00e1 administraci\u00f3n p\u00fablica, destacando entre elas as dirixidas ao Servizo Galego de Sa\u00fade, especialmente incrementada pola situaci\u00f3n de emerxencia sanitaria vivida durante o ano 2020, e \u00e1 propia Xunta de Galiza","robots":{"index":"index","follow":"follow","max-snippet":"max-snippet:-1","max-image-preview":"max-image-preview:large","max-video-preview":"max-video-preview:-1"},"canonical":"https:\/\/www.anovapeneira.gal\/index.php\/2021\/05\/24\/ese-dialecto-no-lo-entiendo-a-mesa-tramitou-219-queixas-por-vulneracions-de-dereitos-linguisticos-da-cidadania-galega-no-2020\/","og_locale":"gl_ES","og_type":"article","og_title":"\"Ese dialecto no lo entiendo\", A Mesa tramitou 219 queixas por vulneraci\u00f3ns de dereitos ling\u00fc\u00edsticos da cidadan\u00eda galega no 2020 -","og_description":"M\u00e1is da metade das reclamaci\u00f3ns ref\u00edrense \u00e1 administraci\u00f3n p\u00fablica, destacando entre elas as dirixidas ao Servizo Galego de Sa\u00fade, especialmente incrementada pola situaci\u00f3n de emerxencia sanitaria vivida durante o ano 2020, e \u00e1 propia Xunta de Galiza","og_url":"https:\/\/www.anovapeneira.gal\/index.php\/2021\/05\/24\/ese-dialecto-no-lo-entiendo-a-mesa-tramitou-219-queixas-por-vulneracions-de-dereitos-linguisticos-da-cidadania-galega-no-2020\/","article_publisher":"https:\/\/www.facebook.com\/anovapeneira","article_published_time":"2021-05-24T10:00:42+00:00","og_image":[{"width":720,"height":432,"url":"https:\/\/www.anovapeneira.gal\/wp-content\/uploads\/2021\/05\/vulneracions_de_dereitos_linguisticos.jpg","type":"image\/jpeg"}],"author":"Redacci\u00f3n A Nova Peneira","twitter_card":"summary_large_image","twitter_creator":"@APeneira","twitter_site":"@APeneira","twitter_misc":{"Escrito por":"Redacci\u00f3n A Nova Peneira","Tempo de lectura":"5 minutos"},"schema":{"@context":"https:\/\/schema.org","@graph":[{"@type":"Article","@id":"https:\/\/www.anovapeneira.gal\/index.php\/2021\/05\/24\/ese-dialecto-no-lo-entiendo-a-mesa-tramitou-219-queixas-por-vulneracions-de-dereitos-linguisticos-da-cidadania-galega-no-2020\/#article","isPartOf":{"@id":"https:\/\/www.anovapeneira.gal\/index.php\/2021\/05\/24\/ese-dialecto-no-lo-entiendo-a-mesa-tramitou-219-queixas-por-vulneracions-de-dereitos-linguisticos-da-cidadania-galega-no-2020\/"},"author":{"name":"Redacci\u00f3n A Nova Peneira","@id":"https:\/\/www.anovapeneira.gal\/#\/schema\/person\/b93e3f8932e3f8da96334607eb6ac6aa"},"headline":"&#8220;Ese dialecto no lo entiendo&#8221;, A Mesa tramitou 219 queixas por vulneraci\u00f3ns de dereitos ling\u00fc\u00edsticos da cidadan\u00eda galega no 2020","datePublished":"2021-05-24T10:00:42+00:00","mainEntityOfPage":{"@id":"https:\/\/www.anovapeneira.gal\/index.php\/2021\/05\/24\/ese-dialecto-no-lo-entiendo-a-mesa-tramitou-219-queixas-por-vulneracions-de-dereitos-linguisticos-da-cidadania-galega-no-2020\/"},"wordCount":1060,"commentCount":0,"publisher":{"@id":"https:\/\/www.anovapeneira.gal\/#organization"},"image":{"@id":"https:\/\/www.anovapeneira.gal\/index.php\/2021\/05\/24\/ese-dialecto-no-lo-entiendo-a-mesa-tramitou-219-queixas-por-vulneracions-de-dereitos-linguisticos-da-cidadania-galega-no-2020\/#primaryimage"},"thumbnailUrl":"https:\/\/www.anovapeneira.gal\/wp-content\/uploads\/2021\/05\/vulneracions_de_dereitos_linguisticos.jpg","keywords":["Mesa pola normalizaci\u00f3n ling\u00fc\u00edstica para Galicia"],"articleSection":["Novas"],"inLanguage":"gl-ES","potentialAction":[{"@type":"CommentAction","name":"Comment","target":["https:\/\/www.anovapeneira.gal\/index.php\/2021\/05\/24\/ese-dialecto-no-lo-entiendo-a-mesa-tramitou-219-queixas-por-vulneracions-de-dereitos-linguisticos-da-cidadania-galega-no-2020\/#respond"]}]},{"@type":"WebPage","@id":"https:\/\/www.anovapeneira.gal\/index.php\/2021\/05\/24\/ese-dialecto-no-lo-entiendo-a-mesa-tramitou-219-queixas-por-vulneracions-de-dereitos-linguisticos-da-cidadania-galega-no-2020\/","url":"https:\/\/www.anovapeneira.gal\/index.php\/2021\/05\/24\/ese-dialecto-no-lo-entiendo-a-mesa-tramitou-219-queixas-por-vulneracions-de-dereitos-linguisticos-da-cidadania-galega-no-2020\/","name":"\"Ese dialecto no lo entiendo\", A Mesa tramitou 219 queixas por vulneraci\u00f3ns de dereitos ling\u00fc\u00edsticos da cidadan\u00eda galega no 2020 -","isPartOf":{"@id":"https:\/\/www.anovapeneira.gal\/#website"},"primaryImageOfPage":{"@id":"https:\/\/www.anovapeneira.gal\/index.php\/2021\/05\/24\/ese-dialecto-no-lo-entiendo-a-mesa-tramitou-219-queixas-por-vulneracions-de-dereitos-linguisticos-da-cidadania-galega-no-2020\/#primaryimage"},"image":{"@id":"https:\/\/www.anovapeneira.gal\/index.php\/2021\/05\/24\/ese-dialecto-no-lo-entiendo-a-mesa-tramitou-219-queixas-por-vulneracions-de-dereitos-linguisticos-da-cidadania-galega-no-2020\/#primaryimage"},"thumbnailUrl":"https:\/\/www.anovapeneira.gal\/wp-content\/uploads\/2021\/05\/vulneracions_de_dereitos_linguisticos.jpg","datePublished":"2021-05-24T10:00:42+00:00","description":"M\u00e1is da metade das reclamaci\u00f3ns ref\u00edrense \u00e1 administraci\u00f3n p\u00fablica, destacando entre elas as dirixidas ao Servizo Galego de Sa\u00fade, especialmente incrementada pola situaci\u00f3n de emerxencia sanitaria vivida durante o ano 2020, e \u00e1 propia Xunta de Galiza","breadcrumb":{"@id":"https:\/\/www.anovapeneira.gal\/index.php\/2021\/05\/24\/ese-dialecto-no-lo-entiendo-a-mesa-tramitou-219-queixas-por-vulneracions-de-dereitos-linguisticos-da-cidadania-galega-no-2020\/#breadcrumb"},"inLanguage":"gl-ES","potentialAction":[{"@type":"ReadAction","target":["https:\/\/www.anovapeneira.gal\/index.php\/2021\/05\/24\/ese-dialecto-no-lo-entiendo-a-mesa-tramitou-219-queixas-por-vulneracions-de-dereitos-linguisticos-da-cidadania-galega-no-2020\/"]}]},{"@type":"ImageObject","inLanguage":"gl-ES","@id":"https:\/\/www.anovapeneira.gal\/index.php\/2021\/05\/24\/ese-dialecto-no-lo-entiendo-a-mesa-tramitou-219-queixas-por-vulneracions-de-dereitos-linguisticos-da-cidadania-galega-no-2020\/#primaryimage","url":"https:\/\/www.anovapeneira.gal\/wp-content\/uploads\/2021\/05\/vulneracions_de_dereitos_linguisticos.jpg","contentUrl":"https:\/\/www.anovapeneira.gal\/wp-content\/uploads\/2021\/05\/vulneracions_de_dereitos_linguisticos.jpg","width":720,"height":432,"caption":"A Mesa pola Normalizaci\u00f3n Ling\u00fc\u00edstica"},{"@type":"BreadcrumbList","@id":"https:\/\/www.anovapeneira.gal\/index.php\/2021\/05\/24\/ese-dialecto-no-lo-entiendo-a-mesa-tramitou-219-queixas-por-vulneracions-de-dereitos-linguisticos-da-cidadania-galega-no-2020\/#breadcrumb","itemListElement":[{"@type":"ListItem","position":1,"name":"Portada","item":"https:\/\/www.anovapeneira.gal\/"},{"@type":"ListItem","position":2,"name":"&#8220;Ese dialecto no lo entiendo&#8221;, A Mesa tramitou 219 queixas por vulneraci\u00f3ns de dereitos ling\u00fc\u00edsticos da cidadan\u00eda galega no 2020"}]},{"@type":"WebSite","@id":"https:\/\/www.anovapeneira.gal\/#website","url":"https:\/\/www.anovapeneira.gal\/","name":"","description":"Xornal galego de informaci\u00f3n xeral Publicaci\u00f3n mensual de novas de Galicia e en especial dos Concellos da sur da provincia de Pontevedra.","publisher":{"@id":"https:\/\/www.anovapeneira.gal\/#organization"},"potentialAction":[{"@type":"SearchAction","target":{"@type":"EntryPoint","urlTemplate":"https:\/\/www.anovapeneira.gal\/?s={search_term_string}"},"query-input":{"@type":"PropertyValueSpecification","valueRequired":true,"valueName":"search_term_string"}}],"inLanguage":"gl-ES"},{"@type":"Organization","@id":"https:\/\/www.anovapeneira.gal\/#organization","name":"A Nova Peneira","url":"https:\/\/www.anovapeneira.gal\/","logo":{"@type":"ImageObject","inLanguage":"gl-ES","@id":"https:\/\/www.anovapeneira.gal\/#\/schema\/logo\/image\/","url":"http:\/\/www.anovapeneira.gal\/wp-content\/uploads\/2019\/06\/logo_a_nova_peneira_portal_web.png","contentUrl":"http:\/\/www.anovapeneira.gal\/wp-content\/uploads\/2019\/06\/logo_a_nova_peneira_portal_web.png","width":300,"height":100,"caption":"A Nova Peneira"},"image":{"@id":"https:\/\/www.anovapeneira.gal\/#\/schema\/logo\/image\/"},"sameAs":["https:\/\/www.facebook.com\/anovapeneira","https:\/\/x.com\/APeneira"]},{"@type":"Person","@id":"https:\/\/www.anovapeneira.gal\/#\/schema\/person\/b93e3f8932e3f8da96334607eb6ac6aa","name":"Redacci\u00f3n A Nova Peneira","image":{"@type":"ImageObject","inLanguage":"gl-ES","@id":"https:\/\/secure.gravatar.com\/avatar\/c052a2551a06e23fac63626232eaa90abd78dbcf1700fc46a2b2c89fd27b735f?s=96&d=mm&r=g","url":"https:\/\/secure.gravatar.com\/avatar\/c052a2551a06e23fac63626232eaa90abd78dbcf1700fc46a2b2c89fd27b735f?s=96&d=mm&r=g","contentUrl":"https:\/\/secure.gravatar.com\/avatar\/c052a2551a06e23fac63626232eaa90abd78dbcf1700fc46a2b2c89fd27b735f?s=96&d=mm&r=g","caption":"Redacci\u00f3n A Nova Peneira"},"sameAs":["http:\/\/www.anovapeneira.gal\/"],"url":"https:\/\/www.anovapeneira.gal\/index.php\/author\/redactor\/"}]}},"jetpack_featured_media_url":"https:\/\/www.anovapeneira.gal\/wp-content\/uploads\/2021\/05\/vulneracions_de_dereitos_linguisticos.jpg","_links":{"self":[{"href":"https:\/\/www.anovapeneira.gal\/index.php\/wp-json\/wp\/v2\/posts\/5415","targetHints":{"allow":["GET"]}}],"collection":[{"href":"https:\/\/www.anovapeneira.gal\/index.php\/wp-json\/wp\/v2\/posts"}],"about":[{"href":"https:\/\/www.anovapeneira.gal\/index.php\/wp-json\/wp\/v2\/types\/post"}],"author":[{"embeddable":true,"href":"https:\/\/www.anovapeneira.gal\/index.php\/wp-json\/wp\/v2\/users\/3"}],"replies":[{"embeddable":true,"href":"https:\/\/www.anovapeneira.gal\/index.php\/wp-json\/wp\/v2\/comments?post=5415"}],"version-history":[{"count":2,"href":"https:\/\/www.anovapeneira.gal\/index.php\/wp-json\/wp\/v2\/posts\/5415\/revisions"}],"predecessor-version":[{"id":5418,"href":"https:\/\/www.anovapeneira.gal\/index.php\/wp-json\/wp\/v2\/posts\/5415\/revisions\/5418"}],"wp:featuredmedia":[{"embeddable":true,"href":"https:\/\/www.anovapeneira.gal\/index.php\/wp-json\/wp\/v2\/media\/5417"}],"wp:attachment":[{"href":"https:\/\/www.anovapeneira.gal\/index.php\/wp-json\/wp\/v2\/media?parent=5415"}],"wp:term":[{"taxonomy":"category","embeddable":true,"href":"https:\/\/www.anovapeneira.gal\/index.php\/wp-json\/wp\/v2\/categories?post=5415"},{"taxonomy":"post_tag","embeddable":true,"href":"https:\/\/www.anovapeneira.gal\/index.php\/wp-json\/wp\/v2\/tags?post=5415"}],"curies":[{"name":"wp","href":"https:\/\/api.w.org\/{rel}","templated":true}]}}