{"id":5419,"date":"2021-05-25T10:00:53","date_gmt":"2021-05-25T08:00:53","guid":{"rendered":"http:\/\/www.anovapeneira.gal\/?p=5419"},"modified":"2021-05-18T18:49:15","modified_gmt":"2021-05-18T16:49:15","slug":"xurxo-agra-o-willy-fog-de-marin","status":"publish","type":"post","link":"https:\/\/www.anovapeneira.gal\/index.php\/2021\/05\/25\/xurxo-agra-o-willy-fog-de-marin\/","title":{"rendered":"Xurxo Agra , o \u201cWilly Fog \u201c de Mar\u00edn"},"content":{"rendered":"\n<pre class=\"wp-block-verse\">Tino Lago<\/pre>\n\n\n\n<p><strong>As persoas da mi\u00f1a xeraci\u00f3n gozamos nos \u00faltimos d\u00edas da nosa infancia cunha serie televisiva de debuxos animados de enorme \u00e9xito chamada :\u201dA volta ao mundo de Willy Fog\u201d, baseada na marabillosa novela de aventuras de Jules Verne \u201c A volta ao mundo en 80 d\u00edas\u201d na que o seu intr\u00e9pido protagonista Phileas Fogg logra rodear o globo terr\u00e1queo nese n\u00famero de d\u00edas , despois de m\u00faltiples peripecias, para ga\u00f1arlle unha substanciosa aposta econ\u00f3mica aos seus colegas dun club brit\u00e1nico. E malia que ler ao insigne escritor franc\u00e9s sempre \u00e9 un exercicio moi agradable non \u00e9 preciso irmos tan lonxe para atopar a algu\u00e9n do perfil do protagonista da novela ou da serie televisiva pois en Mar\u00edn vive o noso \u201cWilly Fog\u201d enxebre. El ch\u00e1mase Xurxo, ten 43 anos , traballa no hospital Montecelo de Pontevedra e desde os 22 que fixo a s\u00faa primeira viaxe a M\u00e9xico ten realizado m\u00e1is de 20 viaxes por todos os continentes ag\u00e1s( de momento) por Ocean\u00eda, e por m\u00e1is de 25 pa\u00edses distintos. El \u00e9 un home con enormes inquietudes polo co\u00f1ecemento coa mente moi aberta e non en 80 d\u00edas, pero como Willy Fog ,vai rematar dando a volta ao mundo varias veces con seguridade. Ademais Xurxo \u00e9 un excelente conversador e foi un pracer para min charlar con el. Vela\u00ed vai o que dei de si<\/strong><\/p>\n\n\n\n<p>\u201c<strong>AO MARXE DAS ENORMES DIFERENZAS CULTURAIS QUE HAI ENTRE AS DISTINTAS ZONAS DO MUNDO OS TIPOS HUMANOS SON UNIVERSAIS.TODAS AS PERSOAS TEMOS AS MESMAS EMOCI\u00d3NS, D\u00daBIDAS , MEDOS E CONTRADICI\u00d3NS\u201d<\/strong><\/p>\n\n\n\n<p><strong>Ti que opinas daquel verso de Machado que dic\u00eda :\u201dcaminante no hay camino se hace camino al andar\u201d?<\/strong><\/p>\n\n\n\n<blockquote class=\"wp-block-quote is-layout-flow wp-block-quote-is-layout-flow\"><p>Eu concordo absolutamente co seu significado claro. Despois de ducias de viaxes por moitos sitios de mundos. Despois de co\u00f1ecer persoas , culturas ,sociedades e circunstancias tan diferentes, estou seguro de que a suma de experiencias vividas son as que constr\u00faen o noso cami\u00f1o vital persoal. E canto m\u00e1is diversas m\u00e1is nos acabaremos enriquecendo n\u00f3s<\/p><\/blockquote>\n\n\n\n<p><strong>Eu non viaxei tanto coma ti nin de lonxe, pero da mi\u00f1a escasa experiencia concl\u00fao que malia as diferenzas sociais, culturais ou de calquera tipo entre as distintas sociedades, os tipos humanos son universais. Est\u00e1s de acordo?<\/strong><\/p>\n\n\n\n<blockquote class=\"wp-block-quote is-layout-flow wp-block-quote-is-layout-flow\"><p>Estou completamente de acordo. Todos os seres humanos , vivamos onde vivamos e te\u00f1amos a cultura que te\u00f1amos, temos as mesmas emoci\u00f3ns. Todos queremos igual, todos temos as mesmas necesidades de paz, amor e seguridade. E todos os seres humanos temos os mesmos medos d\u00fabidas e contradici\u00f3ns. Como ti dis, os tipos humanos son universais sen ning\u00fan tipo de d\u00fabida<\/p><\/blockquote>\n\n\n\n<p><strong>Onde naciches ti Xurxo?<\/strong><\/p>\n\n\n\n<blockquote class=\"wp-block-quote is-layout-flow wp-block-quote-is-layout-flow\"><p>Eu son de Mar\u00edn, da parroquia de Mogor<\/p><\/blockquote>\n\n\n\n<p><strong>A que te dedicas?<\/strong><\/p>\n\n\n\n<blockquote class=\"wp-block-quote is-layout-flow wp-block-quote-is-layout-flow\"><p>Traballo de auxiliar administrativo no hospital de Montecelo. Xa levo cerca de 20 anos traballando al\u00ed<\/p><\/blockquote>\n\n\n\n<p><strong>Como comezou a t\u00faa paix\u00f3n polas viaxes?<\/strong><\/p>\n\n\n\n<blockquote class=\"wp-block-quote is-layout-flow wp-block-quote-is-layout-flow\"><p>Eu creo que o levo no sangue. A mi\u00f1a nai e o meu pai al\u00e9n de proporcionarme unha forma de entender a realidade pola que lles estarei eternamente agradecido, ti\u00f1an unha grande afecci\u00f3n a viaxar e tam\u00e9n a facer sendeirismo, e desde neno xa sementou en min a curiosidade polas viaxes. Asemade recib\u00edn tam\u00e9n a influencia enorme , na mi\u00f1a adolescencia, do profesor Alfonso D\u00edaz. El \u00e9 un viaxeiro incansable na procura de aventuras e co\u00f1ecementos. Cando o co\u00f1ec\u00edn, escoitar as s\u00faas experiencias result\u00e1bame fascinante<\/p><\/blockquote>\n\n\n\n<p><strong>Cando fixeches a t\u00faa primeira viaxe digamos importante?<\/strong><\/p>\n\n\n\n<blockquote class=\"wp-block-quote is-layout-flow wp-block-quote-is-layout-flow\"><p>Ti\u00f1a 22 anos e foi a M\u00e9xico. Agora te\u00f1o 43, pois foi hai 21 anos. Estiven un mes enteiro naquel pa\u00eds<\/p><\/blockquote>\n\n\n\n<p><strong>Foi importante na t\u00faa vida aquela experiencia?<\/strong><\/p>\n\n\n\n<blockquote class=\"wp-block-quote is-layout-flow wp-block-quote-is-layout-flow\"><p>Enormemente. Se xa ti\u00f1a eu curiosidade e ga\u00f1as por co\u00f1ecer, aquela viaxe fixo que eses sentimentos se espallaran de maneira tan intensa que xa me foi imposible parar<\/p><\/blockquote>\n\n\n\n<p><strong>Ben, ti\u00f1as 22 anos , agora tes 43.E nos 21 anos que hai no medio cantas viaxes fixeches desa dimensi\u00f3n?<\/strong><\/p>\n\n\n\n<blockquote class=\"wp-block-quote is-layout-flow wp-block-quote-is-layout-flow\"><p>Arredor de 20. Fago unha ao ano aproveitando os per\u00edodos de vacaci\u00f3ns. Creo que ag\u00e1s o ano pasado, polas circunstancias sanitarias, fixen unha viaxe grande cada ano<\/p><\/blockquote>\n\n\n\n<p><strong>Vaia, impresionante. O do ano pasado debeu de ser frustrante para ti?<\/strong><\/p>\n\n\n\n<blockquote class=\"wp-block-quote is-layout-flow wp-block-quote-is-layout-flow\"><p>E tanto que si, de feito ti\u00f1a unha viaxe a Tunes que tiven que cancelar. Pero non creas que quedei quieto. Substitu\u00edna por outra por Espa\u00f1a, tam\u00e9n moi interesante<\/p><\/blockquote>\n\n\n\n<p><strong>Estiveches nos 5 continentes?<\/strong><\/p>\n\n\n\n<blockquote class=\"wp-block-quote is-layout-flow wp-block-quote-is-layout-flow\"><p>En Ocean\u00eda a\u00ednda non<\/p><\/blockquote>\n\n\n\n<p><strong>En Am\u00e9rica en que pa\u00edses estiveches?<\/strong><\/p>\n\n\n\n<blockquote class=\"wp-block-quote is-layout-flow wp-block-quote-is-layout-flow\"><p>En M\u00e9xico, Costa Rica e Panam\u00e1<\/p><\/blockquote>\n\n\n\n<p><strong>Hai algo que te chamara especialmente a atenci\u00f3n?<\/strong><\/p>\n\n\n\n<blockquote class=\"wp-block-quote is-layout-flow wp-block-quote-is-layout-flow\"><p>Se cadra que son sociedades nas que hai un elevado nivel de violencia. Eu entendo que as elevadas bolsa de pobreza que existen, pois son as que causan este tipo de situaci\u00f3ns<\/p><\/blockquote>\n\n\n\n<p><strong>Sufriches alg\u00fan episodio no que sentiras que estabas en perigo?<\/strong><\/p>\n\n\n\n<blockquote class=\"wp-block-quote is-layout-flow wp-block-quote-is-layout-flow\"><p>Si. Nunha ocasi\u00f3n en Costa Rica metinme \u00e1 aventura nunhas r\u00faas que non co\u00f1ec\u00eda, \u00eda asemade co meu fillo pequeno, e a verdade o contexto era estarrecedor. Incluso cando comentei no aloxamento o sitio polo que fora, botaron as mans \u00e1 cabeza e, pouco menos que me dixeron que ti\u00f1a que dar as grazas por ter sa\u00eddo vivo.<\/p><\/blockquote>\n\n\n\n<p><strong>En Asia en que pa\u00edses estiveches?<\/strong><\/p>\n\n\n\n<blockquote class=\"wp-block-quote is-layout-flow wp-block-quote-is-layout-flow\"><p>En Turqu\u00eda varias veces, en Xordania, en Palestina, na India, Tailandia, Vietnam e Camboxa<\/p><\/blockquote>\n\n\n\n<p><strong>E das sociedades asi\u00e1ticas que te chama atenci\u00f3n?<\/strong><\/p>\n\n\n\n<blockquote class=\"wp-block-quote is-layout-flow wp-block-quote-is-layout-flow\"><p>\u00c9 dif\u00edcil salientar algo pois son sociedades abraiantes .A riqueza cultural e paisax\u00edstica do sur leste asi\u00e1tico, para min conv\u00e9rtena nunha das zonas m\u00e1is fermosas do planeta. \u00c9 unha zona de enorme beleza na que un s\u00edntese enormemente c\u00f3modo e seguro. Ademais a vida al\u00ed \u00e9 moi econ\u00f3mica<\/p><\/blockquote>\n\n\n\n<figure class=\"wp-block-image size-large\"><img loading=\"lazy\" decoding=\"async\" width=\"720\" height=\"432\" src=\"http:\/\/www.anovapeneira.gal\/wp-content\/uploads\/2021\/05\/xurxo_agra_camboxa.jpg\" alt=\"\" class=\"wp-image-5423\" srcset=\"https:\/\/www.anovapeneira.gal\/wp-content\/uploads\/2021\/05\/xurxo_agra_camboxa.jpg 720w, https:\/\/www.anovapeneira.gal\/wp-content\/uploads\/2021\/05\/xurxo_agra_camboxa-300x180.jpg 300w\" sizes=\"auto, (max-width: 720px) 100vw, 720px\" \/><\/figure>\n\n\n\n<p><strong>A xente deses pa\u00edses ten sona de ser moi amable, non?<\/strong><\/p>\n\n\n\n<blockquote class=\"wp-block-quote is-layout-flow wp-block-quote-is-layout-flow\"><p>Abof\u00e9 que \u00e9 unha sona ben ga\u00f1ada, pois si, son extraordinariamente amables<\/p><\/blockquote>\n\n\n\n<p><strong>E o tema das comidas como o levas?<\/strong><\/p>\n\n\n\n<blockquote class=\"wp-block-quote is-layout-flow wp-block-quote-is-layout-flow\"><p>Buff. Se cadra ese \u00e9 o meu punto d\u00e9bil .E \u00e9 moi curioso porque unha das principais motivaci\u00f3ns que me impulsan a viaxar \u00e9 a necesidade da aprendizaxe. Te\u00f1o verdadeiro interese en co\u00f1ecer todo o que poida sobre a sociedade na que estou. Pero hai unha excepci\u00f3n que \u00e9 a cuesti\u00f3n gastron\u00f3mica. Non me gusta probar cousas raras, e nas comidas eu son moito de sota cabalo rei<\/p><\/blockquote>\n\n\n\n<p><strong>Ha ha ha ha ha .Ent\u00f3n ti es coma min. Lembro nunha viaxe a Granada na que na primeira cea nun restaurante, a car\u00f3n da Alhambra, a moza que me acompa\u00f1ara cabreouse comigo porque ped\u00edn polbo \u00e1 feira e pementos de Padr\u00f3n&#8230;<\/strong><\/p>\n\n\n\n<blockquote class=\"wp-block-quote is-layout-flow wp-block-quote-is-layout-flow\"><p>Ha ha ha ha pois si, son coma ti. E iso que a mi\u00f1a parella \u00e9 todo o contrario. Ela proba calquera cousa por rara que pareza, pero eu vou sobre seguro ao que co\u00f1ezo e sei que me gusta. Por exemplo , a min g\u00fastame moito o polo, pois como se te\u00f1o que almorzar polo, comer polo e cear polo en calquera sitio do planeta<\/p><\/blockquote>\n\n\n\n<p><strong>E non me digas, seguro que como o preparan en Mar\u00edn non se come en ningunha outra parte do mundo?<\/strong><\/p>\n\n\n\n<blockquote class=\"wp-block-quote is-layout-flow wp-block-quote-is-layout-flow\"><p>Ha ha ha ha ha ha. Non recordo en que viaxe volv\u00edn un pouco farto do polo, pero claro despois dun mes com\u00e9ndoo pois non me estra\u00f1a. Pero logo se me pasou<\/p><\/blockquote>\n\n\n\n<p><strong>Probaches algunha comida especialmente estra\u00f1a?<\/strong><\/p>\n\n\n\n<blockquote class=\"wp-block-quote is-layout-flow wp-block-quote-is-layout-flow\"><p>Non. Eu ese tipo de cousas raras como por exemplo os insectos nin os pido. Xa che digo que eu son un home de mente moi aberta para todo, ag\u00e1s para a comida. Iso \u00e9 unha li\u00f1a vermella para min<\/p><\/blockquote>\n\n\n\n<p><strong>Ben, sigamos cos continentes. En \u00c1frica que pa\u00edses visitaches?<\/strong><\/p>\n\n\n\n<blockquote class=\"wp-block-quote is-layout-flow wp-block-quote-is-layout-flow\"><p>En Marrocos 3 veces, e en Exipto<\/p><\/blockquote>\n\n\n\n<p><strong>Como \u00e9 a sociedade marroqu\u00ed?<\/strong><\/p>\n\n\n\n<blockquote class=\"wp-block-quote is-layout-flow wp-block-quote-is-layout-flow\"><p>Marabillosa. Encantadora. Son tan amables que o trato con eles fai sentir un enorme apego \u00e1 humanidade<\/p><\/blockquote>\n\n\n\n<p><strong>E f\u00e1ltanos Europa. C\u00f3ntanos que pa\u00edses visitaches no noso continente?<\/strong><\/p>\n\n\n\n<blockquote class=\"wp-block-quote is-layout-flow wp-block-quote-is-layout-flow\"><p>Estiven en bastantes, agardo non esquecer ning\u00fan. Imos ver. Estiven en Ucra\u00edna en Bulgaria, Finlandia, Estonia, Letonia, Lituania, Grecia, Chequia, Eslovaquia, Roman\u00eda, Macedonia e Francia. E finalmente nos Balc\u00e1ns estiven en Croacia , Bosnia e Eslovenia<\/p><\/blockquote>\n\n\n\n<p><strong>En que \u00e9poca estiveches nos Balc\u00e1ns?<\/strong><\/p>\n\n\n\n<blockquote class=\"wp-block-quote is-layout-flow wp-block-quote-is-layout-flow\"><p>No ano 2.009<\/p><\/blockquote>\n\n\n\n<p><strong>Quedaba algunha pegada das guerras que sufriron nos anos 90 do pasado s\u00e9culo?<\/strong><\/p>\n\n\n\n<blockquote class=\"wp-block-quote is-layout-flow wp-block-quote-is-layout-flow\"><p>Atopei e moitas en Bosnia. En Croacia e Eslovenia, f\u00f3ra dalg\u00fan museo non atopei nada<\/p><\/blockquote>\n\n\n\n<p><strong>Desa Zona de Centro Europa que nos recomendas?<\/strong><\/p>\n\n\n\n<blockquote class=\"wp-block-quote is-layout-flow wp-block-quote-is-layout-flow\"><p>Dubrovnik \u00e9 precioso<\/p><\/blockquote>\n\n\n\n<p><strong>As pegadas que atopaches eran s\u00f3 f\u00edsicas ou tam\u00e9n emocionais?<\/strong><\/p>\n\n\n\n<blockquote class=\"wp-block-quote is-layout-flow wp-block-quote-is-layout-flow\"><p>As pegadas f\u00edsicas en Bosnia eran moi numerosas en forma de restos de impactos de balas e bombas en distintas construci\u00f3ns. Se cadra porque \u00e9 o pa\u00eds balc\u00e1nico que disp\u00f3n de menos medios econ\u00f3micos e xa que logo ten m\u00e1is dif\u00edcil a reconstruci\u00f3n.<\/p><\/blockquote>\n\n\n\n<blockquote class=\"wp-block-quote is-layout-flow wp-block-quote-is-layout-flow\"><p>No que se refire \u00e1s emoci\u00f3ns algo de carraxe si que queda. Pero xa pasou tempo e te\u00f1o a sensaci\u00f3n de que se vai esvaecendo aos poucos. Son sociedades moi din\u00e1micas, especialmente a Eslovena e a Croata, e prefiren mirar para adiante.<\/p><\/blockquote>\n\n\n\n<p><strong>F\u00e1lame de Chequia. Lembro unhas fotos t\u00faas en Praga cunhas xerras de cervexa inmensamente grandes<\/strong><\/p>\n\n\n\n<blockquote class=\"wp-block-quote is-layout-flow wp-block-quote-is-layout-flow\"><p>E ben rica que est\u00e1 .\u00c9 unha cervexa exquisita, pero hai que bebela con moita prudencia porque al\u00ed o menos que che po\u00f1en e \u00bd litro<\/p><\/blockquote>\n\n\n\n<p><strong>Vaia, ent\u00f3n iso de pedir 1\/5 al\u00ed non se leva non?<\/strong><\/p>\n\n\n\n<blockquote class=\"wp-block-quote is-layout-flow wp-block-quote-is-layout-flow\"><p>Ha ha ha. Non, soar\u00edalles rid\u00edculo se pides un corto de cervexa.<\/p><\/blockquote>\n\n\n\n<p><strong>De todos os hoteis do mundo, nos que estiveches, dime alg\u00fan especialmente bonito?<\/strong><\/p>\n\n\n\n<blockquote class=\"wp-block-quote is-layout-flow wp-block-quote-is-layout-flow\"><p>Eu o \u00fanico que lle pido a un hotel \u00e9 que estea limpo. Asemade tampouco me aloxo en hoteis especialmente caros porque non mo podo permitir. Pero se me pides que destaque un pois qu\u00e9dome co que estiven na cidade turca de Bergama, que est\u00e1 no que era a antiga cidade grega de P\u00e9rgamo preto do mar Exeo. Era unha casa antiga preciosa de estilo grego .<\/p><\/blockquote>\n\n\n\n<p><strong>Supo\u00f1o que ti millonario non es?<\/strong><\/p>\n\n\n\n<blockquote class=\"wp-block-quote is-layout-flow wp-block-quote-is-layout-flow\"><p>Pois non, non o son<\/p><\/blockquote>\n\n\n\n<p><strong>Ent\u00f3n como fas para financiar todas esas viaxes?<\/strong><\/p>\n\n\n\n<blockquote class=\"wp-block-quote is-layout-flow wp-block-quote-is-layout-flow\"><p>Todo \u00e9 organizarse ben e estar moi pendente dos v\u00f3s para cazar r\u00e1pido as ofertas de viaxes baratas. Eu en febreiro de cada ano xa comezo a pescudar ofertas de v\u00f3s para o ver\u00e1n<\/p><\/blockquote>\n\n\n\n<p><strong>Supo\u00f1o que os avi\u00f3ns non che dar\u00e1n medo?<\/strong><\/p>\n\n\n\n<blockquote class=\"wp-block-quote is-layout-flow wp-block-quote-is-layout-flow\"><p>Non<\/p><\/blockquote>\n\n\n\n<p><strong>E nalg\u00fans dos v\u00f3s tiveches algunha situaci\u00f3n complicada?<\/strong><\/p>\n\n\n\n<blockquote class=\"wp-block-quote is-layout-flow wp-block-quote-is-layout-flow\"><p>Se cadra nunha escala que fixemos en Alema\u00f1a, volvendo dos pa\u00edses b\u00e1lticos que tivemos que volver aterrar ao pouco de despegar, pero nada serio<\/p><\/blockquote>\n\n\n\n<p><strong>Rematamos Xurxo, cal vai ser a pr\u00f3xima viaxe?<\/strong><\/p>\n\n\n\n<blockquote class=\"wp-block-quote is-layout-flow wp-block-quote-is-layout-flow\"><p>Te\u00f1o na mente Per\u00fa, Bolivia , Indonesia, Albania e Serbia. Non sei en que orde pero esas van ser as pr\u00f3ximas<\/p><\/blockquote>\n","protected":false},"excerpt":{"rendered":"<div class=\"mh-excerpt\"><p>As persoas da mi\u00f1a xeraci\u00f3n gozamos nos \u00faltimos d\u00edas da nosa infancia cunha serie televisiva de debuxos animados de enorme \u00e9xito chamada :\u201dA volta ao mundo de Willy Fog\u201d, baseada na marabillosa novela de aventuras de Jules Verne \u201c A volta ao mundo en 80 d\u00edas\u201d na que o seu intr\u00e9pido protagonista Phileas Fogg logra rodear o globo terr\u00e1queo nese n\u00famero de d\u00edas , despois de m\u00faltiples peripecias, para ga\u00f1arlle unha substanciosa aposta econ\u00f3mica aos seus colegas dun club brit\u00e1nico <a class=\"mh-excerpt-more\" href=\"https:\/\/www.anovapeneira.gal\/index.php\/2021\/05\/25\/xurxo-agra-o-willy-fog-de-marin\/\" title=\"Xurxo Agra , o \u201cWilly Fog \u201c de Mar\u00edn\">[&#8230;]<\/a><\/p>\n<\/div>","protected":false},"author":2,"featured_media":5421,"comment_status":"open","ping_status":"open","sticky":false,"template":"","format":"standard","meta":{"_exactmetrics_skip_tracking":false,"_exactmetrics_sitenote_active":false,"_exactmetrics_sitenote_note":"","_exactmetrics_sitenote_category":0,"footnotes":""},"categories":[268],"tags":[],"class_list":{"0":"post-5419","1":"post","2":"type-post","3":"status-publish","4":"format-standard","5":"has-post-thumbnail","7":"category-morrazo-entrevistas"},"yoast_head":"<!-- This site is optimized with the Yoast SEO plugin v27.4 - https:\/\/yoast.com\/product\/yoast-seo-wordpress\/ -->\n<title>Xurxo Agra , o \u201cWilly Fog \u201c de Mar\u00edn -<\/title>\n<meta name=\"description\" content=\"As persoas da mi\u00f1a xeraci\u00f3n gozamos nos \u00faltimos d\u00edas da nosa infancia cunha serie televisiva de debuxos animados de enorme \u00e9xito chamada :\u201dA volta ao mundo de Willy Fog\u201d, baseada na marabillosa novela de aventuras de Jules Verne \u201c A volta ao mundo en 80 d\u00edas\u201d na que o seu intr\u00e9pido protagonista Phileas Fogg logra rodear o globo terr\u00e1queo nese n\u00famero de d\u00edas , despois de m\u00faltiples peripecias, para ga\u00f1arlle unha substanciosa aposta econ\u00f3mica aos seus colegas dun club brit\u00e1nico\" \/>\n<meta name=\"robots\" content=\"index, follow, max-snippet:-1, max-image-preview:large, max-video-preview:-1\" \/>\n<link rel=\"canonical\" href=\"https:\/\/www.anovapeneira.gal\/index.php\/2021\/05\/25\/xurxo-agra-o-willy-fog-de-marin\/\" \/>\n<meta property=\"og:locale\" content=\"gl_ES\" \/>\n<meta property=\"og:type\" content=\"article\" \/>\n<meta property=\"og:title\" content=\"Xurxo Agra , o \u201cWilly Fog \u201c de Mar\u00edn -\" \/>\n<meta property=\"og:description\" content=\"As persoas da mi\u00f1a xeraci\u00f3n gozamos nos \u00faltimos d\u00edas da nosa infancia cunha serie televisiva de debuxos animados de enorme \u00e9xito chamada :\u201dA volta ao mundo de Willy Fog\u201d, baseada na marabillosa novela de aventuras de Jules Verne \u201c A volta ao mundo en 80 d\u00edas\u201d na que o seu intr\u00e9pido protagonista Phileas Fogg logra rodear o globo terr\u00e1queo nese n\u00famero de d\u00edas , despois de m\u00faltiples peripecias, para ga\u00f1arlle unha substanciosa aposta econ\u00f3mica aos seus colegas dun club brit\u00e1nico\" \/>\n<meta property=\"og:url\" content=\"https:\/\/www.anovapeneira.gal\/index.php\/2021\/05\/25\/xurxo-agra-o-willy-fog-de-marin\/\" \/>\n<meta property=\"article:publisher\" content=\"https:\/\/www.facebook.com\/anovapeneira\" \/>\n<meta property=\"article:published_time\" content=\"2021-05-25T08:00:53+00:00\" \/>\n<meta property=\"og:image\" content=\"https:\/\/www.anovapeneira.gal\/wp-content\/uploads\/2021\/05\/xurxo_agra_xerusalen.jpg\" \/>\n\t<meta property=\"og:image:width\" content=\"720\" \/>\n\t<meta property=\"og:image:height\" content=\"432\" \/>\n\t<meta property=\"og:image:type\" content=\"image\/jpeg\" \/>\n<meta name=\"author\" content=\"Tino Lago\" \/>\n<meta name=\"twitter:card\" content=\"summary_large_image\" \/>\n<meta name=\"twitter:creator\" content=\"@APeneira\" \/>\n<meta name=\"twitter:site\" content=\"@APeneira\" \/>\n<meta name=\"twitter:label1\" content=\"Escrito por\" \/>\n\t<meta name=\"twitter:data1\" content=\"Tino Lago\" \/>\n\t<meta name=\"twitter:label2\" content=\"Tempo de lectura\" \/>\n\t<meta name=\"twitter:data2\" content=\"8 minutos\" \/>\n<script type=\"application\/ld+json\" class=\"yoast-schema-graph\">{\"@context\":\"https:\\\/\\\/schema.org\",\"@graph\":[{\"@type\":\"Article\",\"@id\":\"https:\\\/\\\/www.anovapeneira.gal\\\/index.php\\\/2021\\\/05\\\/25\\\/xurxo-agra-o-willy-fog-de-marin\\\/#article\",\"isPartOf\":{\"@id\":\"https:\\\/\\\/www.anovapeneira.gal\\\/index.php\\\/2021\\\/05\\\/25\\\/xurxo-agra-o-willy-fog-de-marin\\\/\"},\"author\":{\"name\":\"Tino Lago\",\"@id\":\"https:\\\/\\\/www.anovapeneira.gal\\\/#\\\/schema\\\/person\\\/424dfe65e3070fd8a44d22d2c088762a\"},\"headline\":\"Xurxo Agra , o \u201cWilly Fog \u201c de Mar\u00edn\",\"datePublished\":\"2021-05-25T08:00:53+00:00\",\"mainEntityOfPage\":{\"@id\":\"https:\\\/\\\/www.anovapeneira.gal\\\/index.php\\\/2021\\\/05\\\/25\\\/xurxo-agra-o-willy-fog-de-marin\\\/\"},\"wordCount\":1841,\"commentCount\":0,\"publisher\":{\"@id\":\"https:\\\/\\\/www.anovapeneira.gal\\\/#organization\"},\"image\":{\"@id\":\"https:\\\/\\\/www.anovapeneira.gal\\\/index.php\\\/2021\\\/05\\\/25\\\/xurxo-agra-o-willy-fog-de-marin\\\/#primaryimage\"},\"thumbnailUrl\":\"https:\\\/\\\/www.anovapeneira.gal\\\/wp-content\\\/uploads\\\/2021\\\/05\\\/xurxo_agra_xerusalen.jpg\",\"articleSection\":[\"Morrazo\"],\"inLanguage\":\"gl-ES\",\"potentialAction\":[{\"@type\":\"CommentAction\",\"name\":\"Comment\",\"target\":[\"https:\\\/\\\/www.anovapeneira.gal\\\/index.php\\\/2021\\\/05\\\/25\\\/xurxo-agra-o-willy-fog-de-marin\\\/#respond\"]}]},{\"@type\":\"WebPage\",\"@id\":\"https:\\\/\\\/www.anovapeneira.gal\\\/index.php\\\/2021\\\/05\\\/25\\\/xurxo-agra-o-willy-fog-de-marin\\\/\",\"url\":\"https:\\\/\\\/www.anovapeneira.gal\\\/index.php\\\/2021\\\/05\\\/25\\\/xurxo-agra-o-willy-fog-de-marin\\\/\",\"name\":\"Xurxo Agra , o \u201cWilly Fog \u201c de Mar\u00edn -\",\"isPartOf\":{\"@id\":\"https:\\\/\\\/www.anovapeneira.gal\\\/#website\"},\"primaryImageOfPage\":{\"@id\":\"https:\\\/\\\/www.anovapeneira.gal\\\/index.php\\\/2021\\\/05\\\/25\\\/xurxo-agra-o-willy-fog-de-marin\\\/#primaryimage\"},\"image\":{\"@id\":\"https:\\\/\\\/www.anovapeneira.gal\\\/index.php\\\/2021\\\/05\\\/25\\\/xurxo-agra-o-willy-fog-de-marin\\\/#primaryimage\"},\"thumbnailUrl\":\"https:\\\/\\\/www.anovapeneira.gal\\\/wp-content\\\/uploads\\\/2021\\\/05\\\/xurxo_agra_xerusalen.jpg\",\"datePublished\":\"2021-05-25T08:00:53+00:00\",\"description\":\"As persoas da mi\u00f1a xeraci\u00f3n gozamos nos \u00faltimos d\u00edas da nosa infancia cunha serie televisiva de debuxos animados de enorme \u00e9xito chamada :\u201dA volta ao mundo de Willy Fog\u201d, baseada na marabillosa novela de aventuras de Jules Verne \u201c A volta ao mundo en 80 d\u00edas\u201d na que o seu intr\u00e9pido protagonista Phileas Fogg logra rodear o globo terr\u00e1queo nese n\u00famero de d\u00edas , despois de m\u00faltiples peripecias, para ga\u00f1arlle unha substanciosa aposta econ\u00f3mica aos seus colegas dun club brit\u00e1nico\",\"breadcrumb\":{\"@id\":\"https:\\\/\\\/www.anovapeneira.gal\\\/index.php\\\/2021\\\/05\\\/25\\\/xurxo-agra-o-willy-fog-de-marin\\\/#breadcrumb\"},\"inLanguage\":\"gl-ES\",\"potentialAction\":[{\"@type\":\"ReadAction\",\"target\":[\"https:\\\/\\\/www.anovapeneira.gal\\\/index.php\\\/2021\\\/05\\\/25\\\/xurxo-agra-o-willy-fog-de-marin\\\/\"]}]},{\"@type\":\"ImageObject\",\"inLanguage\":\"gl-ES\",\"@id\":\"https:\\\/\\\/www.anovapeneira.gal\\\/index.php\\\/2021\\\/05\\\/25\\\/xurxo-agra-o-willy-fog-de-marin\\\/#primaryimage\",\"url\":\"https:\\\/\\\/www.anovapeneira.gal\\\/wp-content\\\/uploads\\\/2021\\\/05\\\/xurxo_agra_xerusalen.jpg\",\"contentUrl\":\"https:\\\/\\\/www.anovapeneira.gal\\\/wp-content\\\/uploads\\\/2021\\\/05\\\/xurxo_agra_xerusalen.jpg\",\"width\":720,\"height\":432,\"caption\":\"Na explanada das mesquitas de Xerusal\u00e9n\"},{\"@type\":\"BreadcrumbList\",\"@id\":\"https:\\\/\\\/www.anovapeneira.gal\\\/index.php\\\/2021\\\/05\\\/25\\\/xurxo-agra-o-willy-fog-de-marin\\\/#breadcrumb\",\"itemListElement\":[{\"@type\":\"ListItem\",\"position\":1,\"name\":\"Portada\",\"item\":\"https:\\\/\\\/www.anovapeneira.gal\\\/\"},{\"@type\":\"ListItem\",\"position\":2,\"name\":\"Xurxo Agra , o \u201cWilly Fog \u201c de Mar\u00edn\"}]},{\"@type\":\"WebSite\",\"@id\":\"https:\\\/\\\/www.anovapeneira.gal\\\/#website\",\"url\":\"https:\\\/\\\/www.anovapeneira.gal\\\/\",\"name\":\"\",\"description\":\"Xornal galego de informaci\u00f3n xeral Publicaci\u00f3n mensual de novas de Galicia e en especial dos Concellos da sur da provincia de Pontevedra.\",\"publisher\":{\"@id\":\"https:\\\/\\\/www.anovapeneira.gal\\\/#organization\"},\"potentialAction\":[{\"@type\":\"SearchAction\",\"target\":{\"@type\":\"EntryPoint\",\"urlTemplate\":\"https:\\\/\\\/www.anovapeneira.gal\\\/?s={search_term_string}\"},\"query-input\":{\"@type\":\"PropertyValueSpecification\",\"valueRequired\":true,\"valueName\":\"search_term_string\"}}],\"inLanguage\":\"gl-ES\"},{\"@type\":\"Organization\",\"@id\":\"https:\\\/\\\/www.anovapeneira.gal\\\/#organization\",\"name\":\"A Nova Peneira\",\"url\":\"https:\\\/\\\/www.anovapeneira.gal\\\/\",\"logo\":{\"@type\":\"ImageObject\",\"inLanguage\":\"gl-ES\",\"@id\":\"https:\\\/\\\/www.anovapeneira.gal\\\/#\\\/schema\\\/logo\\\/image\\\/\",\"url\":\"http:\\\/\\\/www.anovapeneira.gal\\\/wp-content\\\/uploads\\\/2019\\\/06\\\/logo_a_nova_peneira_portal_web.png\",\"contentUrl\":\"http:\\\/\\\/www.anovapeneira.gal\\\/wp-content\\\/uploads\\\/2019\\\/06\\\/logo_a_nova_peneira_portal_web.png\",\"width\":300,\"height\":100,\"caption\":\"A Nova Peneira\"},\"image\":{\"@id\":\"https:\\\/\\\/www.anovapeneira.gal\\\/#\\\/schema\\\/logo\\\/image\\\/\"},\"sameAs\":[\"https:\\\/\\\/www.facebook.com\\\/anovapeneira\",\"https:\\\/\\\/x.com\\\/APeneira\"]},{\"@type\":\"Person\",\"@id\":\"https:\\\/\\\/www.anovapeneira.gal\\\/#\\\/schema\\\/person\\\/424dfe65e3070fd8a44d22d2c088762a\",\"name\":\"Tino Lago\",\"image\":{\"@type\":\"ImageObject\",\"inLanguage\":\"gl-ES\",\"@id\":\"https:\\\/\\\/secure.gravatar.com\\\/avatar\\\/b3df6a06e44bab3111583b90f0f33a0379ee5e3d22cbadd232d39f21c30c62be?s=96&d=mm&r=g\",\"url\":\"https:\\\/\\\/secure.gravatar.com\\\/avatar\\\/b3df6a06e44bab3111583b90f0f33a0379ee5e3d22cbadd232d39f21c30c62be?s=96&d=mm&r=g\",\"contentUrl\":\"https:\\\/\\\/secure.gravatar.com\\\/avatar\\\/b3df6a06e44bab3111583b90f0f33a0379ee5e3d22cbadd232d39f21c30c62be?s=96&d=mm&r=g\",\"caption\":\"Tino Lago\"},\"sameAs\":[\"http:\\\/\\\/www.anovapeneira.gal\"],\"url\":\"https:\\\/\\\/www.anovapeneira.gal\\\/index.php\\\/author\\\/director\\\/\"}]}<\/script>\n<!-- \/ Yoast SEO plugin. -->","yoast_head_json":{"title":"Xurxo Agra , o \u201cWilly Fog \u201c de Mar\u00edn -","description":"As persoas da mi\u00f1a xeraci\u00f3n gozamos nos \u00faltimos d\u00edas da nosa infancia cunha serie televisiva de debuxos animados de enorme \u00e9xito chamada :\u201dA volta ao mundo de Willy Fog\u201d, baseada na marabillosa novela de aventuras de Jules Verne \u201c A volta ao mundo en 80 d\u00edas\u201d na que o seu intr\u00e9pido protagonista Phileas Fogg logra rodear o globo terr\u00e1queo nese n\u00famero de d\u00edas , despois de m\u00faltiples peripecias, para ga\u00f1arlle unha substanciosa aposta econ\u00f3mica aos seus colegas dun club brit\u00e1nico","robots":{"index":"index","follow":"follow","max-snippet":"max-snippet:-1","max-image-preview":"max-image-preview:large","max-video-preview":"max-video-preview:-1"},"canonical":"https:\/\/www.anovapeneira.gal\/index.php\/2021\/05\/25\/xurxo-agra-o-willy-fog-de-marin\/","og_locale":"gl_ES","og_type":"article","og_title":"Xurxo Agra , o \u201cWilly Fog \u201c de Mar\u00edn -","og_description":"As persoas da mi\u00f1a xeraci\u00f3n gozamos nos \u00faltimos d\u00edas da nosa infancia cunha serie televisiva de debuxos animados de enorme \u00e9xito chamada :\u201dA volta ao mundo de Willy Fog\u201d, baseada na marabillosa novela de aventuras de Jules Verne \u201c A volta ao mundo en 80 d\u00edas\u201d na que o seu intr\u00e9pido protagonista Phileas Fogg logra rodear o globo terr\u00e1queo nese n\u00famero de d\u00edas , despois de m\u00faltiples peripecias, para ga\u00f1arlle unha substanciosa aposta econ\u00f3mica aos seus colegas dun club brit\u00e1nico","og_url":"https:\/\/www.anovapeneira.gal\/index.php\/2021\/05\/25\/xurxo-agra-o-willy-fog-de-marin\/","article_publisher":"https:\/\/www.facebook.com\/anovapeneira","article_published_time":"2021-05-25T08:00:53+00:00","og_image":[{"width":720,"height":432,"url":"https:\/\/www.anovapeneira.gal\/wp-content\/uploads\/2021\/05\/xurxo_agra_xerusalen.jpg","type":"image\/jpeg"}],"author":"Tino Lago","twitter_card":"summary_large_image","twitter_creator":"@APeneira","twitter_site":"@APeneira","twitter_misc":{"Escrito por":"Tino Lago","Tempo de lectura":"8 minutos"},"schema":{"@context":"https:\/\/schema.org","@graph":[{"@type":"Article","@id":"https:\/\/www.anovapeneira.gal\/index.php\/2021\/05\/25\/xurxo-agra-o-willy-fog-de-marin\/#article","isPartOf":{"@id":"https:\/\/www.anovapeneira.gal\/index.php\/2021\/05\/25\/xurxo-agra-o-willy-fog-de-marin\/"},"author":{"name":"Tino Lago","@id":"https:\/\/www.anovapeneira.gal\/#\/schema\/person\/424dfe65e3070fd8a44d22d2c088762a"},"headline":"Xurxo Agra , o \u201cWilly Fog \u201c de Mar\u00edn","datePublished":"2021-05-25T08:00:53+00:00","mainEntityOfPage":{"@id":"https:\/\/www.anovapeneira.gal\/index.php\/2021\/05\/25\/xurxo-agra-o-willy-fog-de-marin\/"},"wordCount":1841,"commentCount":0,"publisher":{"@id":"https:\/\/www.anovapeneira.gal\/#organization"},"image":{"@id":"https:\/\/www.anovapeneira.gal\/index.php\/2021\/05\/25\/xurxo-agra-o-willy-fog-de-marin\/#primaryimage"},"thumbnailUrl":"https:\/\/www.anovapeneira.gal\/wp-content\/uploads\/2021\/05\/xurxo_agra_xerusalen.jpg","articleSection":["Morrazo"],"inLanguage":"gl-ES","potentialAction":[{"@type":"CommentAction","name":"Comment","target":["https:\/\/www.anovapeneira.gal\/index.php\/2021\/05\/25\/xurxo-agra-o-willy-fog-de-marin\/#respond"]}]},{"@type":"WebPage","@id":"https:\/\/www.anovapeneira.gal\/index.php\/2021\/05\/25\/xurxo-agra-o-willy-fog-de-marin\/","url":"https:\/\/www.anovapeneira.gal\/index.php\/2021\/05\/25\/xurxo-agra-o-willy-fog-de-marin\/","name":"Xurxo Agra , o \u201cWilly Fog \u201c de Mar\u00edn -","isPartOf":{"@id":"https:\/\/www.anovapeneira.gal\/#website"},"primaryImageOfPage":{"@id":"https:\/\/www.anovapeneira.gal\/index.php\/2021\/05\/25\/xurxo-agra-o-willy-fog-de-marin\/#primaryimage"},"image":{"@id":"https:\/\/www.anovapeneira.gal\/index.php\/2021\/05\/25\/xurxo-agra-o-willy-fog-de-marin\/#primaryimage"},"thumbnailUrl":"https:\/\/www.anovapeneira.gal\/wp-content\/uploads\/2021\/05\/xurxo_agra_xerusalen.jpg","datePublished":"2021-05-25T08:00:53+00:00","description":"As persoas da mi\u00f1a xeraci\u00f3n gozamos nos \u00faltimos d\u00edas da nosa infancia cunha serie televisiva de debuxos animados de enorme \u00e9xito chamada :\u201dA volta ao mundo de Willy Fog\u201d, baseada na marabillosa novela de aventuras de Jules Verne \u201c A volta ao mundo en 80 d\u00edas\u201d na que o seu intr\u00e9pido protagonista Phileas Fogg logra rodear o globo terr\u00e1queo nese n\u00famero de d\u00edas , despois de m\u00faltiples peripecias, para ga\u00f1arlle unha substanciosa aposta econ\u00f3mica aos seus colegas dun club brit\u00e1nico","breadcrumb":{"@id":"https:\/\/www.anovapeneira.gal\/index.php\/2021\/05\/25\/xurxo-agra-o-willy-fog-de-marin\/#breadcrumb"},"inLanguage":"gl-ES","potentialAction":[{"@type":"ReadAction","target":["https:\/\/www.anovapeneira.gal\/index.php\/2021\/05\/25\/xurxo-agra-o-willy-fog-de-marin\/"]}]},{"@type":"ImageObject","inLanguage":"gl-ES","@id":"https:\/\/www.anovapeneira.gal\/index.php\/2021\/05\/25\/xurxo-agra-o-willy-fog-de-marin\/#primaryimage","url":"https:\/\/www.anovapeneira.gal\/wp-content\/uploads\/2021\/05\/xurxo_agra_xerusalen.jpg","contentUrl":"https:\/\/www.anovapeneira.gal\/wp-content\/uploads\/2021\/05\/xurxo_agra_xerusalen.jpg","width":720,"height":432,"caption":"Na explanada das mesquitas de Xerusal\u00e9n"},{"@type":"BreadcrumbList","@id":"https:\/\/www.anovapeneira.gal\/index.php\/2021\/05\/25\/xurxo-agra-o-willy-fog-de-marin\/#breadcrumb","itemListElement":[{"@type":"ListItem","position":1,"name":"Portada","item":"https:\/\/www.anovapeneira.gal\/"},{"@type":"ListItem","position":2,"name":"Xurxo Agra , o \u201cWilly Fog \u201c de Mar\u00edn"}]},{"@type":"WebSite","@id":"https:\/\/www.anovapeneira.gal\/#website","url":"https:\/\/www.anovapeneira.gal\/","name":"","description":"Xornal galego de informaci\u00f3n xeral Publicaci\u00f3n mensual de novas de Galicia e en especial dos Concellos da sur da provincia de Pontevedra.","publisher":{"@id":"https:\/\/www.anovapeneira.gal\/#organization"},"potentialAction":[{"@type":"SearchAction","target":{"@type":"EntryPoint","urlTemplate":"https:\/\/www.anovapeneira.gal\/?s={search_term_string}"},"query-input":{"@type":"PropertyValueSpecification","valueRequired":true,"valueName":"search_term_string"}}],"inLanguage":"gl-ES"},{"@type":"Organization","@id":"https:\/\/www.anovapeneira.gal\/#organization","name":"A Nova Peneira","url":"https:\/\/www.anovapeneira.gal\/","logo":{"@type":"ImageObject","inLanguage":"gl-ES","@id":"https:\/\/www.anovapeneira.gal\/#\/schema\/logo\/image\/","url":"http:\/\/www.anovapeneira.gal\/wp-content\/uploads\/2019\/06\/logo_a_nova_peneira_portal_web.png","contentUrl":"http:\/\/www.anovapeneira.gal\/wp-content\/uploads\/2019\/06\/logo_a_nova_peneira_portal_web.png","width":300,"height":100,"caption":"A Nova Peneira"},"image":{"@id":"https:\/\/www.anovapeneira.gal\/#\/schema\/logo\/image\/"},"sameAs":["https:\/\/www.facebook.com\/anovapeneira","https:\/\/x.com\/APeneira"]},{"@type":"Person","@id":"https:\/\/www.anovapeneira.gal\/#\/schema\/person\/424dfe65e3070fd8a44d22d2c088762a","name":"Tino Lago","image":{"@type":"ImageObject","inLanguage":"gl-ES","@id":"https:\/\/secure.gravatar.com\/avatar\/b3df6a06e44bab3111583b90f0f33a0379ee5e3d22cbadd232d39f21c30c62be?s=96&d=mm&r=g","url":"https:\/\/secure.gravatar.com\/avatar\/b3df6a06e44bab3111583b90f0f33a0379ee5e3d22cbadd232d39f21c30c62be?s=96&d=mm&r=g","contentUrl":"https:\/\/secure.gravatar.com\/avatar\/b3df6a06e44bab3111583b90f0f33a0379ee5e3d22cbadd232d39f21c30c62be?s=96&d=mm&r=g","caption":"Tino Lago"},"sameAs":["http:\/\/www.anovapeneira.gal"],"url":"https:\/\/www.anovapeneira.gal\/index.php\/author\/director\/"}]}},"jetpack_featured_media_url":"https:\/\/www.anovapeneira.gal\/wp-content\/uploads\/2021\/05\/xurxo_agra_xerusalen.jpg","_links":{"self":[{"href":"https:\/\/www.anovapeneira.gal\/index.php\/wp-json\/wp\/v2\/posts\/5419","targetHints":{"allow":["GET"]}}],"collection":[{"href":"https:\/\/www.anovapeneira.gal\/index.php\/wp-json\/wp\/v2\/posts"}],"about":[{"href":"https:\/\/www.anovapeneira.gal\/index.php\/wp-json\/wp\/v2\/types\/post"}],"author":[{"embeddable":true,"href":"https:\/\/www.anovapeneira.gal\/index.php\/wp-json\/wp\/v2\/users\/2"}],"replies":[{"embeddable":true,"href":"https:\/\/www.anovapeneira.gal\/index.php\/wp-json\/wp\/v2\/comments?post=5419"}],"version-history":[{"count":2,"href":"https:\/\/www.anovapeneira.gal\/index.php\/wp-json\/wp\/v2\/posts\/5419\/revisions"}],"predecessor-version":[{"id":5424,"href":"https:\/\/www.anovapeneira.gal\/index.php\/wp-json\/wp\/v2\/posts\/5419\/revisions\/5424"}],"wp:featuredmedia":[{"embeddable":true,"href":"https:\/\/www.anovapeneira.gal\/index.php\/wp-json\/wp\/v2\/media\/5421"}],"wp:attachment":[{"href":"https:\/\/www.anovapeneira.gal\/index.php\/wp-json\/wp\/v2\/media?parent=5419"}],"wp:term":[{"taxonomy":"category","embeddable":true,"href":"https:\/\/www.anovapeneira.gal\/index.php\/wp-json\/wp\/v2\/categories?post=5419"},{"taxonomy":"post_tag","embeddable":true,"href":"https:\/\/www.anovapeneira.gal\/index.php\/wp-json\/wp\/v2\/tags?post=5419"}],"curies":[{"name":"wp","href":"https:\/\/api.w.org\/{rel}","templated":true}]}}