{"id":544,"date":"2019-07-23T23:02:57","date_gmt":"2019-07-23T21:02:57","guid":{"rendered":"http:\/\/www.anovapeneira.gal\/?p=544"},"modified":"2019-07-24T08:27:29","modified_gmt":"2019-07-24T06:27:29","slug":"a-bandeira-azul-xa-ondea-na-praia-fluvial-da-calzada","status":"publish","type":"post","link":"https:\/\/www.anovapeneira.gal\/index.php\/2019\/07\/23\/a-bandeira-azul-xa-ondea-na-praia-fluvial-da-calzada\/","title":{"rendered":"A bandeira azul xa ondea na praia fluvial da Calzada"},"content":{"rendered":"\n<h2 class=\"wp-block-heading\">Ponte Caldelas contin\u00faa coa s\u00faa mellora continua da contorna estreando ducha e reparando t\u00f3dalas pasarelas e pasos de madeira<\/h2>\n\n\n\n<p><strong>Ponte Caldelas, 1 de xullo de 2019<\/strong><\/p>\n\n\n\n<p>A\nbandeira azul ondea dende hoxe na praia da Calzada, \u00fanico areal\nfluvial de toda Espa\u00f1a co distintivo de calidade que outorga\nanualmente a Asociaci\u00f3n\nde Educaci\u00f3n Ambiental e do Consumidor (ADEAC). O alcalde, Andr\u00e9s\nD\u00edaz, acompa\u00f1ado de varios concelleiros do equipo de goberno, dos\nintegrantes da comisi\u00f3n de seguimento e dos socorristas, presidiu a\ncerimonia.<\/p>\n\n\n\n<p>O Goberno local caldel\u00e1n destaca que a bandeira ondear\u00e1 ata mediados de setembro, pois o Concello de Ponte Caldelas ampliou a s\u00faa temporada de ba\u00f1o para garantir a cobertura das tres prazas de socorristas e agora ofrece t\u00f3dolos servizos necesarios entre o 15 de xu\u00f1o e o 15 de setembro. A praia da Calzada estrea este ano unha ducha, dotada tam\u00e9n con lavap\u00e9s, para que os seus usuarios podan utilizala tralo ba\u00f1o. Est\u00e1 situada ao lado do areeiro, nunha c\u00f3moda situaci\u00f3n. Ao mesmo tempo, nos \u00faltimos d\u00edas procedeuse a unha limpeza e acondicionamento xeral de toda a zona, inclu\u00edndo a reparaci\u00f3n de t\u00f3dalas pasarelas, bancos e elementos de madeira da contorna.<\/p>\n\n\n\n<p>Finalmente, o Goberno local est\u00e1 a rematar o procedemento administrativo para a adxudicaci\u00f3n da explotaci\u00f3n do kiosko, procedemento que agarda ter finalizado para mediados de xullo.<\/p>\n\n\n\n<p>A concesi\u00f3n da bandeira foi ratificada pola asociaci\u00f3n ADEAC e supuxo a consolidaci\u00f3n deste distintivo de calidade para unha contorna natural que, ano tras ano, recibe a visita de milleiros de persoas.<\/p>\n\n\n\n<p>O Concello de Ponte Caldelas est\u00e1 comprometido coa mellora continua desta contorna como demostran as actuaci\u00f3ns dos \u00faltimos anos, entre as que destaca a obtenci\u00f3n do distintivo de sendeiro azul para o roteiro que parte da praia, as\u00ed como o acondicionamento integral do paseo Cordo Boullosa, que foi ampliado e dotado de carril-bici, e, finalmente, a plantaci\u00f3n de  <\/p>\n","protected":false},"excerpt":{"rendered":"<div class=\"mh-excerpt\"><p>Ponte Caldelas contin\u00faa coa s\u00faa mellora continua da contorna estreando ducha e reparando t\u00f3dalas pasarelas e pasos de madeira <a class=\"mh-excerpt-more\" href=\"https:\/\/www.anovapeneira.gal\/index.php\/2019\/07\/23\/a-bandeira-azul-xa-ondea-na-praia-fluvial-da-calzada\/\" title=\"A bandeira azul xa ondea na praia fluvial da Calzada\">[&#8230;]<\/a><\/p>\n<\/div>","protected":false},"author":3,"featured_media":545,"comment_status":"open","ping_status":"open","sticky":false,"template":"","format":"standard","meta":{"_exactmetrics_skip_tracking":false,"_exactmetrics_sitenote_active":false,"_exactmetrics_sitenote_note":"","_exactmetrics_sitenote_category":0,"footnotes":""},"categories":[26],"tags":[225,224,128,159,223,28],"class_list":{"0":"post-544","1":"post","2":"type-post","3":"status-publish","4":"format-standard","5":"has-post-thumbnail","7":"category-pontevedra","8":"tag-adeac","9":"tag-bandeira-azul","10":"tag-concello-de-ponte-caldelas","11":"tag-medio-ambiente","12":"tag-praia-fluvial-da-calzada","13":"tag-turismo"},"yoast_head":"<!-- This site is optimized with the Yoast SEO plugin v27.4 - https:\/\/yoast.com\/product\/yoast-seo-wordpress\/ -->\n<title>A bandeira azul xa ondea na praia fluvial da Calzada -<\/title>\n<meta name=\"robots\" content=\"index, follow, max-snippet:-1, max-image-preview:large, max-video-preview:-1\" \/>\n<link rel=\"canonical\" href=\"https:\/\/www.anovapeneira.gal\/index.php\/2019\/07\/23\/a-bandeira-azul-xa-ondea-na-praia-fluvial-da-calzada\/\" \/>\n<meta property=\"og:locale\" content=\"gl_ES\" \/>\n<meta property=\"og:type\" content=\"article\" \/>\n<meta property=\"og:title\" content=\"A bandeira azul xa ondea na praia fluvial da Calzada -\" \/>\n<meta property=\"og:description\" content=\"Ponte Caldelas contin\u00faa coa s\u00faa mellora continua da contorna estreando ducha e reparando t\u00f3dalas pasarelas e pasos de madeira [...]\" \/>\n<meta property=\"og:url\" content=\"https:\/\/www.anovapeneira.gal\/index.php\/2019\/07\/23\/a-bandeira-azul-xa-ondea-na-praia-fluvial-da-calzada\/\" \/>\n<meta property=\"article:publisher\" content=\"https:\/\/www.facebook.com\/anovapeneira\" \/>\n<meta property=\"article:published_time\" content=\"2019-07-23T21:02:57+00:00\" \/>\n<meta property=\"article:modified_time\" content=\"2019-07-24T06:27:29+00:00\" \/>\n<meta property=\"og:image\" content=\"https:\/\/www.anovapeneira.gal\/wp-content\/uploads\/2019\/07\/izado_azul_ponte_caldelas_a_nova_peneira.jpg\" \/>\n\t<meta property=\"og:image:width\" content=\"720\" \/>\n\t<meta property=\"og:image:height\" content=\"473\" \/>\n\t<meta property=\"og:image:type\" content=\"image\/jpeg\" \/>\n<meta name=\"author\" content=\"Redacci\u00f3n A Nova Peneira\" \/>\n<meta name=\"twitter:card\" content=\"summary_large_image\" \/>\n<meta name=\"twitter:creator\" content=\"@APeneira\" \/>\n<meta name=\"twitter:site\" content=\"@APeneira\" \/>\n<meta name=\"twitter:label1\" content=\"Escrito por\" \/>\n\t<meta name=\"twitter:data1\" content=\"Redacci\u00f3n A Nova Peneira\" \/>\n\t<meta name=\"twitter:label2\" content=\"Tempo de lectura\" \/>\n\t<meta name=\"twitter:data2\" content=\"2 minutos\" \/>\n<script type=\"application\/ld+json\" class=\"yoast-schema-graph\">{\"@context\":\"https:\\\/\\\/schema.org\",\"@graph\":[{\"@type\":\"Article\",\"@id\":\"https:\\\/\\\/www.anovapeneira.gal\\\/index.php\\\/2019\\\/07\\\/23\\\/a-bandeira-azul-xa-ondea-na-praia-fluvial-da-calzada\\\/#article\",\"isPartOf\":{\"@id\":\"https:\\\/\\\/www.anovapeneira.gal\\\/index.php\\\/2019\\\/07\\\/23\\\/a-bandeira-azul-xa-ondea-na-praia-fluvial-da-calzada\\\/\"},\"author\":{\"name\":\"Redacci\u00f3n A Nova Peneira\",\"@id\":\"https:\\\/\\\/www.anovapeneira.gal\\\/#\\\/schema\\\/person\\\/b93e3f8932e3f8da96334607eb6ac6aa\"},\"headline\":\"A bandeira azul xa ondea na praia fluvial da Calzada\",\"datePublished\":\"2019-07-23T21:02:57+00:00\",\"dateModified\":\"2019-07-24T06:27:29+00:00\",\"mainEntityOfPage\":{\"@id\":\"https:\\\/\\\/www.anovapeneira.gal\\\/index.php\\\/2019\\\/07\\\/23\\\/a-bandeira-azul-xa-ondea-na-praia-fluvial-da-calzada\\\/\"},\"wordCount\":347,\"commentCount\":0,\"publisher\":{\"@id\":\"https:\\\/\\\/www.anovapeneira.gal\\\/#organization\"},\"image\":{\"@id\":\"https:\\\/\\\/www.anovapeneira.gal\\\/index.php\\\/2019\\\/07\\\/23\\\/a-bandeira-azul-xa-ondea-na-praia-fluvial-da-calzada\\\/#primaryimage\"},\"thumbnailUrl\":\"https:\\\/\\\/www.anovapeneira.gal\\\/wp-content\\\/uploads\\\/2019\\\/07\\\/izado_azul_ponte_caldelas_a_nova_peneira.jpg\",\"keywords\":[\"ADEAC\",\"Bandeira azul\",\"Concello de Ponte Caldelas\",\"Medio Ambiente\",\"Praia fluvial da Calzada\",\"Turismo\"],\"articleSection\":[\"Pontevedra\"],\"inLanguage\":\"gl-ES\",\"potentialAction\":[{\"@type\":\"CommentAction\",\"name\":\"Comment\",\"target\":[\"https:\\\/\\\/www.anovapeneira.gal\\\/index.php\\\/2019\\\/07\\\/23\\\/a-bandeira-azul-xa-ondea-na-praia-fluvial-da-calzada\\\/#respond\"]}]},{\"@type\":\"WebPage\",\"@id\":\"https:\\\/\\\/www.anovapeneira.gal\\\/index.php\\\/2019\\\/07\\\/23\\\/a-bandeira-azul-xa-ondea-na-praia-fluvial-da-calzada\\\/\",\"url\":\"https:\\\/\\\/www.anovapeneira.gal\\\/index.php\\\/2019\\\/07\\\/23\\\/a-bandeira-azul-xa-ondea-na-praia-fluvial-da-calzada\\\/\",\"name\":\"A bandeira azul xa ondea na praia fluvial da Calzada -\",\"isPartOf\":{\"@id\":\"https:\\\/\\\/www.anovapeneira.gal\\\/#website\"},\"primaryImageOfPage\":{\"@id\":\"https:\\\/\\\/www.anovapeneira.gal\\\/index.php\\\/2019\\\/07\\\/23\\\/a-bandeira-azul-xa-ondea-na-praia-fluvial-da-calzada\\\/#primaryimage\"},\"image\":{\"@id\":\"https:\\\/\\\/www.anovapeneira.gal\\\/index.php\\\/2019\\\/07\\\/23\\\/a-bandeira-azul-xa-ondea-na-praia-fluvial-da-calzada\\\/#primaryimage\"},\"thumbnailUrl\":\"https:\\\/\\\/www.anovapeneira.gal\\\/wp-content\\\/uploads\\\/2019\\\/07\\\/izado_azul_ponte_caldelas_a_nova_peneira.jpg\",\"datePublished\":\"2019-07-23T21:02:57+00:00\",\"dateModified\":\"2019-07-24T06:27:29+00:00\",\"breadcrumb\":{\"@id\":\"https:\\\/\\\/www.anovapeneira.gal\\\/index.php\\\/2019\\\/07\\\/23\\\/a-bandeira-azul-xa-ondea-na-praia-fluvial-da-calzada\\\/#breadcrumb\"},\"inLanguage\":\"gl-ES\",\"potentialAction\":[{\"@type\":\"ReadAction\",\"target\":[\"https:\\\/\\\/www.anovapeneira.gal\\\/index.php\\\/2019\\\/07\\\/23\\\/a-bandeira-azul-xa-ondea-na-praia-fluvial-da-calzada\\\/\"]}]},{\"@type\":\"ImageObject\",\"inLanguage\":\"gl-ES\",\"@id\":\"https:\\\/\\\/www.anovapeneira.gal\\\/index.php\\\/2019\\\/07\\\/23\\\/a-bandeira-azul-xa-ondea-na-praia-fluvial-da-calzada\\\/#primaryimage\",\"url\":\"https:\\\/\\\/www.anovapeneira.gal\\\/wp-content\\\/uploads\\\/2019\\\/07\\\/izado_azul_ponte_caldelas_a_nova_peneira.jpg\",\"contentUrl\":\"https:\\\/\\\/www.anovapeneira.gal\\\/wp-content\\\/uploads\\\/2019\\\/07\\\/izado_azul_ponte_caldelas_a_nova_peneira.jpg\",\"width\":720,\"height\":473,\"caption\":\"A bandeira azul xa ondea na praia fluvial da Calzada A Nova Peneira\"},{\"@type\":\"BreadcrumbList\",\"@id\":\"https:\\\/\\\/www.anovapeneira.gal\\\/index.php\\\/2019\\\/07\\\/23\\\/a-bandeira-azul-xa-ondea-na-praia-fluvial-da-calzada\\\/#breadcrumb\",\"itemListElement\":[{\"@type\":\"ListItem\",\"position\":1,\"name\":\"Portada\",\"item\":\"https:\\\/\\\/www.anovapeneira.gal\\\/\"},{\"@type\":\"ListItem\",\"position\":2,\"name\":\"A bandeira azul xa ondea na praia fluvial da Calzada\"}]},{\"@type\":\"WebSite\",\"@id\":\"https:\\\/\\\/www.anovapeneira.gal\\\/#website\",\"url\":\"https:\\\/\\\/www.anovapeneira.gal\\\/\",\"name\":\"\",\"description\":\"Xornal galego de informaci\u00f3n xeral Publicaci\u00f3n mensual de novas de Galicia e en especial dos Concellos da sur da provincia de Pontevedra.\",\"publisher\":{\"@id\":\"https:\\\/\\\/www.anovapeneira.gal\\\/#organization\"},\"potentialAction\":[{\"@type\":\"SearchAction\",\"target\":{\"@type\":\"EntryPoint\",\"urlTemplate\":\"https:\\\/\\\/www.anovapeneira.gal\\\/?s={search_term_string}\"},\"query-input\":{\"@type\":\"PropertyValueSpecification\",\"valueRequired\":true,\"valueName\":\"search_term_string\"}}],\"inLanguage\":\"gl-ES\"},{\"@type\":\"Organization\",\"@id\":\"https:\\\/\\\/www.anovapeneira.gal\\\/#organization\",\"name\":\"A Nova Peneira\",\"url\":\"https:\\\/\\\/www.anovapeneira.gal\\\/\",\"logo\":{\"@type\":\"ImageObject\",\"inLanguage\":\"gl-ES\",\"@id\":\"https:\\\/\\\/www.anovapeneira.gal\\\/#\\\/schema\\\/logo\\\/image\\\/\",\"url\":\"http:\\\/\\\/www.anovapeneira.gal\\\/wp-content\\\/uploads\\\/2019\\\/06\\\/logo_a_nova_peneira_portal_web.png\",\"contentUrl\":\"http:\\\/\\\/www.anovapeneira.gal\\\/wp-content\\\/uploads\\\/2019\\\/06\\\/logo_a_nova_peneira_portal_web.png\",\"width\":300,\"height\":100,\"caption\":\"A Nova Peneira\"},\"image\":{\"@id\":\"https:\\\/\\\/www.anovapeneira.gal\\\/#\\\/schema\\\/logo\\\/image\\\/\"},\"sameAs\":[\"https:\\\/\\\/www.facebook.com\\\/anovapeneira\",\"https:\\\/\\\/x.com\\\/APeneira\"]},{\"@type\":\"Person\",\"@id\":\"https:\\\/\\\/www.anovapeneira.gal\\\/#\\\/schema\\\/person\\\/b93e3f8932e3f8da96334607eb6ac6aa\",\"name\":\"Redacci\u00f3n A Nova Peneira\",\"image\":{\"@type\":\"ImageObject\",\"inLanguage\":\"gl-ES\",\"@id\":\"https:\\\/\\\/secure.gravatar.com\\\/avatar\\\/c052a2551a06e23fac63626232eaa90abd78dbcf1700fc46a2b2c89fd27b735f?s=96&d=mm&r=g\",\"url\":\"https:\\\/\\\/secure.gravatar.com\\\/avatar\\\/c052a2551a06e23fac63626232eaa90abd78dbcf1700fc46a2b2c89fd27b735f?s=96&d=mm&r=g\",\"contentUrl\":\"https:\\\/\\\/secure.gravatar.com\\\/avatar\\\/c052a2551a06e23fac63626232eaa90abd78dbcf1700fc46a2b2c89fd27b735f?s=96&d=mm&r=g\",\"caption\":\"Redacci\u00f3n A Nova Peneira\"},\"sameAs\":[\"http:\\\/\\\/www.anovapeneira.gal\\\/\"],\"url\":\"https:\\\/\\\/www.anovapeneira.gal\\\/index.php\\\/author\\\/redactor\\\/\"}]}<\/script>\n<!-- \/ Yoast SEO plugin. -->","yoast_head_json":{"title":"A bandeira azul xa ondea na praia fluvial da Calzada -","robots":{"index":"index","follow":"follow","max-snippet":"max-snippet:-1","max-image-preview":"max-image-preview:large","max-video-preview":"max-video-preview:-1"},"canonical":"https:\/\/www.anovapeneira.gal\/index.php\/2019\/07\/23\/a-bandeira-azul-xa-ondea-na-praia-fluvial-da-calzada\/","og_locale":"gl_ES","og_type":"article","og_title":"A bandeira azul xa ondea na praia fluvial da Calzada -","og_description":"Ponte Caldelas contin\u00faa coa s\u00faa mellora continua da contorna estreando ducha e reparando t\u00f3dalas pasarelas e pasos de madeira [...]","og_url":"https:\/\/www.anovapeneira.gal\/index.php\/2019\/07\/23\/a-bandeira-azul-xa-ondea-na-praia-fluvial-da-calzada\/","article_publisher":"https:\/\/www.facebook.com\/anovapeneira","article_published_time":"2019-07-23T21:02:57+00:00","article_modified_time":"2019-07-24T06:27:29+00:00","og_image":[{"width":720,"height":473,"url":"https:\/\/www.anovapeneira.gal\/wp-content\/uploads\/2019\/07\/izado_azul_ponte_caldelas_a_nova_peneira.jpg","type":"image\/jpeg"}],"author":"Redacci\u00f3n A Nova Peneira","twitter_card":"summary_large_image","twitter_creator":"@APeneira","twitter_site":"@APeneira","twitter_misc":{"Escrito por":"Redacci\u00f3n A Nova Peneira","Tempo de lectura":"2 minutos"},"schema":{"@context":"https:\/\/schema.org","@graph":[{"@type":"Article","@id":"https:\/\/www.anovapeneira.gal\/index.php\/2019\/07\/23\/a-bandeira-azul-xa-ondea-na-praia-fluvial-da-calzada\/#article","isPartOf":{"@id":"https:\/\/www.anovapeneira.gal\/index.php\/2019\/07\/23\/a-bandeira-azul-xa-ondea-na-praia-fluvial-da-calzada\/"},"author":{"name":"Redacci\u00f3n A Nova Peneira","@id":"https:\/\/www.anovapeneira.gal\/#\/schema\/person\/b93e3f8932e3f8da96334607eb6ac6aa"},"headline":"A bandeira azul xa ondea na praia fluvial da Calzada","datePublished":"2019-07-23T21:02:57+00:00","dateModified":"2019-07-24T06:27:29+00:00","mainEntityOfPage":{"@id":"https:\/\/www.anovapeneira.gal\/index.php\/2019\/07\/23\/a-bandeira-azul-xa-ondea-na-praia-fluvial-da-calzada\/"},"wordCount":347,"commentCount":0,"publisher":{"@id":"https:\/\/www.anovapeneira.gal\/#organization"},"image":{"@id":"https:\/\/www.anovapeneira.gal\/index.php\/2019\/07\/23\/a-bandeira-azul-xa-ondea-na-praia-fluvial-da-calzada\/#primaryimage"},"thumbnailUrl":"https:\/\/www.anovapeneira.gal\/wp-content\/uploads\/2019\/07\/izado_azul_ponte_caldelas_a_nova_peneira.jpg","keywords":["ADEAC","Bandeira azul","Concello de Ponte Caldelas","Medio Ambiente","Praia fluvial da Calzada","Turismo"],"articleSection":["Pontevedra"],"inLanguage":"gl-ES","potentialAction":[{"@type":"CommentAction","name":"Comment","target":["https:\/\/www.anovapeneira.gal\/index.php\/2019\/07\/23\/a-bandeira-azul-xa-ondea-na-praia-fluvial-da-calzada\/#respond"]}]},{"@type":"WebPage","@id":"https:\/\/www.anovapeneira.gal\/index.php\/2019\/07\/23\/a-bandeira-azul-xa-ondea-na-praia-fluvial-da-calzada\/","url":"https:\/\/www.anovapeneira.gal\/index.php\/2019\/07\/23\/a-bandeira-azul-xa-ondea-na-praia-fluvial-da-calzada\/","name":"A bandeira azul xa ondea na praia fluvial da Calzada -","isPartOf":{"@id":"https:\/\/www.anovapeneira.gal\/#website"},"primaryImageOfPage":{"@id":"https:\/\/www.anovapeneira.gal\/index.php\/2019\/07\/23\/a-bandeira-azul-xa-ondea-na-praia-fluvial-da-calzada\/#primaryimage"},"image":{"@id":"https:\/\/www.anovapeneira.gal\/index.php\/2019\/07\/23\/a-bandeira-azul-xa-ondea-na-praia-fluvial-da-calzada\/#primaryimage"},"thumbnailUrl":"https:\/\/www.anovapeneira.gal\/wp-content\/uploads\/2019\/07\/izado_azul_ponte_caldelas_a_nova_peneira.jpg","datePublished":"2019-07-23T21:02:57+00:00","dateModified":"2019-07-24T06:27:29+00:00","breadcrumb":{"@id":"https:\/\/www.anovapeneira.gal\/index.php\/2019\/07\/23\/a-bandeira-azul-xa-ondea-na-praia-fluvial-da-calzada\/#breadcrumb"},"inLanguage":"gl-ES","potentialAction":[{"@type":"ReadAction","target":["https:\/\/www.anovapeneira.gal\/index.php\/2019\/07\/23\/a-bandeira-azul-xa-ondea-na-praia-fluvial-da-calzada\/"]}]},{"@type":"ImageObject","inLanguage":"gl-ES","@id":"https:\/\/www.anovapeneira.gal\/index.php\/2019\/07\/23\/a-bandeira-azul-xa-ondea-na-praia-fluvial-da-calzada\/#primaryimage","url":"https:\/\/www.anovapeneira.gal\/wp-content\/uploads\/2019\/07\/izado_azul_ponte_caldelas_a_nova_peneira.jpg","contentUrl":"https:\/\/www.anovapeneira.gal\/wp-content\/uploads\/2019\/07\/izado_azul_ponte_caldelas_a_nova_peneira.jpg","width":720,"height":473,"caption":"A bandeira azul xa ondea na praia fluvial da Calzada A Nova Peneira"},{"@type":"BreadcrumbList","@id":"https:\/\/www.anovapeneira.gal\/index.php\/2019\/07\/23\/a-bandeira-azul-xa-ondea-na-praia-fluvial-da-calzada\/#breadcrumb","itemListElement":[{"@type":"ListItem","position":1,"name":"Portada","item":"https:\/\/www.anovapeneira.gal\/"},{"@type":"ListItem","position":2,"name":"A bandeira azul xa ondea na praia fluvial da Calzada"}]},{"@type":"WebSite","@id":"https:\/\/www.anovapeneira.gal\/#website","url":"https:\/\/www.anovapeneira.gal\/","name":"","description":"Xornal galego de informaci\u00f3n xeral Publicaci\u00f3n mensual de novas de Galicia e en especial dos Concellos da sur da provincia de Pontevedra.","publisher":{"@id":"https:\/\/www.anovapeneira.gal\/#organization"},"potentialAction":[{"@type":"SearchAction","target":{"@type":"EntryPoint","urlTemplate":"https:\/\/www.anovapeneira.gal\/?s={search_term_string}"},"query-input":{"@type":"PropertyValueSpecification","valueRequired":true,"valueName":"search_term_string"}}],"inLanguage":"gl-ES"},{"@type":"Organization","@id":"https:\/\/www.anovapeneira.gal\/#organization","name":"A Nova Peneira","url":"https:\/\/www.anovapeneira.gal\/","logo":{"@type":"ImageObject","inLanguage":"gl-ES","@id":"https:\/\/www.anovapeneira.gal\/#\/schema\/logo\/image\/","url":"http:\/\/www.anovapeneira.gal\/wp-content\/uploads\/2019\/06\/logo_a_nova_peneira_portal_web.png","contentUrl":"http:\/\/www.anovapeneira.gal\/wp-content\/uploads\/2019\/06\/logo_a_nova_peneira_portal_web.png","width":300,"height":100,"caption":"A Nova Peneira"},"image":{"@id":"https:\/\/www.anovapeneira.gal\/#\/schema\/logo\/image\/"},"sameAs":["https:\/\/www.facebook.com\/anovapeneira","https:\/\/x.com\/APeneira"]},{"@type":"Person","@id":"https:\/\/www.anovapeneira.gal\/#\/schema\/person\/b93e3f8932e3f8da96334607eb6ac6aa","name":"Redacci\u00f3n A Nova Peneira","image":{"@type":"ImageObject","inLanguage":"gl-ES","@id":"https:\/\/secure.gravatar.com\/avatar\/c052a2551a06e23fac63626232eaa90abd78dbcf1700fc46a2b2c89fd27b735f?s=96&d=mm&r=g","url":"https:\/\/secure.gravatar.com\/avatar\/c052a2551a06e23fac63626232eaa90abd78dbcf1700fc46a2b2c89fd27b735f?s=96&d=mm&r=g","contentUrl":"https:\/\/secure.gravatar.com\/avatar\/c052a2551a06e23fac63626232eaa90abd78dbcf1700fc46a2b2c89fd27b735f?s=96&d=mm&r=g","caption":"Redacci\u00f3n A Nova Peneira"},"sameAs":["http:\/\/www.anovapeneira.gal\/"],"url":"https:\/\/www.anovapeneira.gal\/index.php\/author\/redactor\/"}]}},"jetpack_featured_media_url":"https:\/\/www.anovapeneira.gal\/wp-content\/uploads\/2019\/07\/izado_azul_ponte_caldelas_a_nova_peneira.jpg","_links":{"self":[{"href":"https:\/\/www.anovapeneira.gal\/index.php\/wp-json\/wp\/v2\/posts\/544","targetHints":{"allow":["GET"]}}],"collection":[{"href":"https:\/\/www.anovapeneira.gal\/index.php\/wp-json\/wp\/v2\/posts"}],"about":[{"href":"https:\/\/www.anovapeneira.gal\/index.php\/wp-json\/wp\/v2\/types\/post"}],"author":[{"embeddable":true,"href":"https:\/\/www.anovapeneira.gal\/index.php\/wp-json\/wp\/v2\/users\/3"}],"replies":[{"embeddable":true,"href":"https:\/\/www.anovapeneira.gal\/index.php\/wp-json\/wp\/v2\/comments?post=544"}],"version-history":[{"count":1,"href":"https:\/\/www.anovapeneira.gal\/index.php\/wp-json\/wp\/v2\/posts\/544\/revisions"}],"predecessor-version":[{"id":546,"href":"https:\/\/www.anovapeneira.gal\/index.php\/wp-json\/wp\/v2\/posts\/544\/revisions\/546"}],"wp:featuredmedia":[{"embeddable":true,"href":"https:\/\/www.anovapeneira.gal\/index.php\/wp-json\/wp\/v2\/media\/545"}],"wp:attachment":[{"href":"https:\/\/www.anovapeneira.gal\/index.php\/wp-json\/wp\/v2\/media?parent=544"}],"wp:term":[{"taxonomy":"category","embeddable":true,"href":"https:\/\/www.anovapeneira.gal\/index.php\/wp-json\/wp\/v2\/categories?post=544"},{"taxonomy":"post_tag","embeddable":true,"href":"https:\/\/www.anovapeneira.gal\/index.php\/wp-json\/wp\/v2\/tags?post=544"}],"curies":[{"name":"wp","href":"https:\/\/api.w.org\/{rel}","templated":true}]}}