{"id":5443,"date":"2021-05-26T12:00:29","date_gmt":"2021-05-26T10:00:29","guid":{"rendered":"http:\/\/www.anovapeneira.gal\/?p=5443"},"modified":"2021-05-22T17:32:57","modified_gmt":"2021-05-22T15:32:57","slug":"introducion-a-historia-do-agrarismo-en-marin","status":"publish","type":"post","link":"https:\/\/www.anovapeneira.gal\/index.php\/2021\/05\/26\/introducion-a-historia-do-agrarismo-en-marin\/","title":{"rendered":"Introduci\u00f3n \u00e1 historia do agrarismo en Mar\u00edn"},"content":{"rendered":"\n<pre class=\"wp-block-verse\">Celso Milleiro<\/pre>\n\n\n\n<p>Mar\u00edn foi un dos focos m\u00e1is importante no movemento obreiro galego de finais do s\u00e9culo XIX e primeiro terzo do s\u00e9culo XX. Igual de interesante foi a historia protagonizada polas mulleres, as\u00ed como o papel xogado polo anarquismo durante a II Rep\u00fablica Espa\u00f1ola, cando posu\u00edu a s\u00faa maior agrupaci\u00f3n na Galiza co Sindicato da Industria Pesqueira de Mar\u00edn.<\/p>\n\n\n\n<p>Menos co\u00f1ecido foi o papel xogado polos traballadores do rural, en concreto no agrarismo. Pese a non ser un precursor na loita anti-foral na Galiza, no concello organiz\u00e1ronse agrupaci\u00f3ns labregas en todas as parroquias.<\/p>\n\n\n\n<p>Os antecedentes hai que procuralos na constituci\u00f3n de sociedades de socorro do gando vac\u00fan, baseadas na axuda mutua e autoxesti\u00f3n. A m\u00e1is antiga naceu en 1873 organizada polos gandeiros de Cela (Bueu), Ard\u00e1n e Pi\u00f1eiro. Despois vir\u00edan a de San Xi\u00e1n en 1888, Pi\u00f1eiro en 1891 e O Campo en 1893.<\/p>\n\n\n\n<p>Hai cen anos conviviron no termo municipal m\u00e1is de media ducia de asociaci\u00f3ns agrarias. A m\u00e1is potente delas foi \u201cA Liga de Agricultores de Mar\u00edn\u201d, con sede en Soaxe, e creada en 1915. En Ard\u00e1n xurdiu en 1920 \u201cA Uni\u00f3n de Agricultores e Obreiros\u201d, no Campo a Sociedade \u201cRexurdimento\u201d que naceu en 1923 e cambiar\u00eda de nome a finais da Rep\u00fablica polo de \u201cProgreso\u201d. Tam\u00e9n en Mogor, Pardavila, Pi\u00f1eiro e Louriz\u00e1n (Pontevedra) crear\u00edan canda a s\u00faa sociedade labrega. A que m\u00e1is perdurou no tempo foi a filosocialista Uni\u00f3n Campesi\u00f1a de San Xi\u00e1n, nada en 1908.<\/p>\n\n\n\n<p>Todas estas sociedades deron continuos bandazos ideol\u00f3xicos, pasando polo \u201ccontrol\u201d do sindicalismo socialista para pasar despois \u00e1 influencia do radical republicano Emiliano Iglesias e mesmo volver de novo \u00e1 \u00f3rbita socialista. Outros pasaron das mans caciqu\u00eds, dereitista e mon\u00e1rquica a de s\u00fapeto ingresar na CNT. Algunhas pasaron por vicisitudes internar con continuas refundaci\u00f3ns.<\/p>\n\n\n\n<p>Da man do avogado marinense e agrarista Raimundo Vidal Pazos, estas sociedades fundaron a Federaci\u00f3n Agraria Municipal que as afastar\u00eda da Federaci\u00f3n Obreira (preto \u00e1 UGT). Preocupadas polo benestar social do mundo rural, demandaron melloras das s\u00faas parroquias: fontes, cami\u00f1os, puntos de luz, etc&#8230; Funcionando ao final como meras asociaci\u00f3ns veci\u00f1ais. A propia Federaci\u00f3n Municipal foi o berce da fundaci\u00f3n da Federaci\u00f3n Agraria Comarcal do Morrazo.<\/p>\n\n\n\n<p>O agrarismo marinense dotouse de medios para a investigaci\u00f3n co obxectivo de mellorar a produci\u00f3n agr\u00edcola e gandeira. Interesante foi a iniciativa da Federaci\u00f3n Municipal Agraria ao constitu\u00edr en 1928 un Campo de Demostraci\u00f3n Agr\u00edcola en San Brais (Aguete). Este plan foi aprobado por Gall\u00e1stegui e ti\u00f1a unha superficie de sete ferrados, dividido en catro zonas: horticultura, pradar\u00eda, millo e patacas.<\/p>\n\n\n\n<p>Politicamente, os agrarismo tivo presencia no consistorio desde os anos vinte dada a importante afiliaci\u00f3n que ti\u00f1an. O apoio \u00e1 candidatura do bloque esquerdas nas elecci\u00f3ns municipais do 12 de abril de 1931 foi vital para vitoria republicana, sendo rotunda na terceira circunscrici\u00f3n que abrangu\u00eda as parroquias de Pi\u00f1eiro e Ard\u00e1n.<\/p>\n\n\n\n<p>Na historia do agrarismo marinense ficaron nomes como Antonio Ventura Blanco, Jos\u00e9 Benito Trabazo, Jos\u00e9 Alonso Fervenza, Antonio Naveira e Jos\u00e9 Rodr\u00edguez Proenza, entre outros.<\/p>\n\n\n\n<div class=\"wp-block-columns is-layout-flex wp-container-core-columns-is-layout-9d6595d7 wp-block-columns-is-layout-flex\">\n<div class=\"wp-block-column is-layout-flow wp-block-column-is-layout-flow\">\n<figure class=\"wp-block-image size-large\"><img loading=\"lazy\" decoding=\"async\" width=\"272\" height=\"357\" src=\"http:\/\/www.anovapeneira.gal\/wp-content\/uploads\/2021\/05\/Antonio_V_Blanco.jpg\" alt=\"\" class=\"wp-image-5446\" srcset=\"https:\/\/www.anovapeneira.gal\/wp-content\/uploads\/2021\/05\/Antonio_V_Blanco.jpg 272w, https:\/\/www.anovapeneira.gal\/wp-content\/uploads\/2021\/05\/Antonio_V_Blanco-229x300.jpg 229w\" sizes=\"auto, (max-width: 272px) 100vw, 272px\" \/><figcaption>Antonio Ventura Blanco<\/figcaption><\/figure>\n<\/div>\n\n\n\n<div class=\"wp-block-column is-layout-flow wp-block-column-is-layout-flow\">\n<figure class=\"wp-block-image size-large is-resized\"><img loading=\"lazy\" decoding=\"async\" src=\"http:\/\/www.anovapeneira.gal\/wp-content\/uploads\/2021\/05\/Antonio_Naveira.jpg\" alt=\"\" class=\"wp-image-5447\" width=\"252\" height=\"330\" srcset=\"https:\/\/www.anovapeneira.gal\/wp-content\/uploads\/2021\/05\/Antonio_Naveira.jpg 272w, https:\/\/www.anovapeneira.gal\/wp-content\/uploads\/2021\/05\/Antonio_Naveira-229x300.jpg 229w\" sizes=\"auto, (max-width: 252px) 100vw, 252px\" \/><figcaption>Antonio Naveira<\/figcaption><\/figure>\n<\/div>\n\n\n\n<div class=\"wp-block-column is-layout-flow wp-block-column-is-layout-flow\">\n<figure class=\"wp-block-image size-large\"><img loading=\"lazy\" decoding=\"async\" width=\"272\" height=\"357\" src=\"http:\/\/www.anovapeneira.gal\/wp-content\/uploads\/2021\/05\/Manuel_Cerqueir_Quiroga_Fungheirasos.jpg\" alt=\"\" class=\"wp-image-5448\" srcset=\"https:\/\/www.anovapeneira.gal\/wp-content\/uploads\/2021\/05\/Manuel_Cerqueir_Quiroga_Fungheirasos.jpg 272w, https:\/\/www.anovapeneira.gal\/wp-content\/uploads\/2021\/05\/Manuel_Cerqueir_Quiroga_Fungheirasos-229x300.jpg 229w\" sizes=\"auto, (max-width: 272px) 100vw, 272px\" \/><figcaption>Manuel Cerqueiro<\/figcaption><\/figure>\n<\/div>\n<\/div>\n","protected":false},"excerpt":{"rendered":"<div class=\"mh-excerpt\"><p>Mar\u00edn foi un dos focos m\u00e1is importante no movemento obreiro galego de finais do s\u00e9culo XIX e primeiro terzo do s\u00e9culo XX. Igual de interesante foi a historia protagonizada polas mulleres, as\u00ed como o papel xogado polo anarquismo durante a II Rep\u00fablica Espa\u00f1ola, cando posu\u00edu a s\u00faa maior agrupaci\u00f3n na Galiza co Sindicato da Industria Pesqueira de Mar\u00edn <a class=\"mh-excerpt-more\" href=\"https:\/\/www.anovapeneira.gal\/index.php\/2021\/05\/26\/introducion-a-historia-do-agrarismo-en-marin\/\" title=\"Introduci\u00f3n \u00e1 historia do agrarismo en Mar\u00edn\">[&#8230;]<\/a><\/p>\n<\/div>","protected":false},"author":3,"featured_media":5450,"comment_status":"open","ping_status":"open","sticky":false,"template":"","format":"standard","meta":{"_exactmetrics_skip_tracking":false,"_exactmetrics_sitenote_active":false,"_exactmetrics_sitenote_note":"","_exactmetrics_sitenote_category":0,"footnotes":""},"categories":[22],"tags":[],"class_list":{"0":"post-5443","1":"post","2":"type-post","3":"status-publish","4":"format-standard","5":"has-post-thumbnail","7":"category-morrazo"},"yoast_head":"<!-- This site is optimized with the Yoast SEO plugin v27.5 - https:\/\/yoast.com\/product\/yoast-seo-wordpress\/ -->\n<title>Introduci\u00f3n \u00e1 historia do agrarismo en Mar\u00edn -<\/title>\n<meta name=\"description\" content=\"Mar\u00edn foi un dos focos m\u00e1is importante no movemento obreiro galego de finais do s\u00e9culo XIX e primeiro terzo do s\u00e9culo XX. Igual de interesante foi a historia protagonizada polas mulleres, as\u00ed como o papel xogado polo anarquismo durante a II Rep\u00fablica Espa\u00f1ola, cando posu\u00edu a s\u00faa maior agrupaci\u00f3n na Galiza co Sindicato da Industria Pesqueira de Mar\u00edn\" \/>\n<meta name=\"robots\" content=\"index, follow, max-snippet:-1, max-image-preview:large, max-video-preview:-1\" \/>\n<link rel=\"canonical\" href=\"https:\/\/www.anovapeneira.gal\/index.php\/2021\/05\/26\/introducion-a-historia-do-agrarismo-en-marin\/\" \/>\n<meta property=\"og:locale\" content=\"gl_ES\" \/>\n<meta property=\"og:type\" content=\"article\" \/>\n<meta property=\"og:title\" content=\"Introduci\u00f3n \u00e1 historia do agrarismo en Mar\u00edn -\" \/>\n<meta property=\"og:description\" content=\"Mar\u00edn foi un dos focos m\u00e1is importante no movemento obreiro galego de finais do s\u00e9culo XIX e primeiro terzo do s\u00e9culo XX. Igual de interesante foi a historia protagonizada polas mulleres, as\u00ed como o papel xogado polo anarquismo durante a II Rep\u00fablica Espa\u00f1ola, cando posu\u00edu a s\u00faa maior agrupaci\u00f3n na Galiza co Sindicato da Industria Pesqueira de Mar\u00edn\" \/>\n<meta property=\"og:url\" content=\"https:\/\/www.anovapeneira.gal\/index.php\/2021\/05\/26\/introducion-a-historia-do-agrarismo-en-marin\/\" \/>\n<meta property=\"article:publisher\" content=\"https:\/\/www.facebook.com\/anovapeneira\" \/>\n<meta property=\"article:published_time\" content=\"2021-05-26T10:00:29+00:00\" \/>\n<meta property=\"og:image\" content=\"https:\/\/www.anovapeneira.gal\/wp-content\/uploads\/2021\/05\/Domingo_Gongalves_Borlido.jpg\" \/>\n\t<meta property=\"og:image:width\" content=\"720\" \/>\n\t<meta property=\"og:image:height\" content=\"432\" \/>\n\t<meta property=\"og:image:type\" content=\"image\/jpeg\" \/>\n<meta name=\"author\" content=\"Redacci\u00f3n A Nova Peneira\" \/>\n<meta name=\"twitter:card\" content=\"summary_large_image\" \/>\n<meta name=\"twitter:creator\" content=\"@APeneira\" \/>\n<meta name=\"twitter:site\" content=\"@APeneira\" \/>\n<meta name=\"twitter:label1\" content=\"Escrito por\" \/>\n\t<meta name=\"twitter:data1\" content=\"Redacci\u00f3n A Nova Peneira\" \/>\n\t<meta name=\"twitter:label2\" content=\"Tempo de lectura\" \/>\n\t<meta name=\"twitter:data2\" content=\"3 minutos\" \/>\n<script type=\"application\/ld+json\" class=\"yoast-schema-graph\">{\"@context\":\"https:\\\/\\\/schema.org\",\"@graph\":[{\"@type\":\"Article\",\"@id\":\"https:\\\/\\\/www.anovapeneira.gal\\\/index.php\\\/2021\\\/05\\\/26\\\/introducion-a-historia-do-agrarismo-en-marin\\\/#article\",\"isPartOf\":{\"@id\":\"https:\\\/\\\/www.anovapeneira.gal\\\/index.php\\\/2021\\\/05\\\/26\\\/introducion-a-historia-do-agrarismo-en-marin\\\/\"},\"author\":{\"name\":\"Redacci\u00f3n A Nova Peneira\",\"@id\":\"https:\\\/\\\/www.anovapeneira.gal\\\/#\\\/schema\\\/person\\\/b93e3f8932e3f8da96334607eb6ac6aa\"},\"headline\":\"Introduci\u00f3n \u00e1 historia do agrarismo en Mar\u00edn\",\"datePublished\":\"2021-05-26T10:00:29+00:00\",\"mainEntityOfPage\":{\"@id\":\"https:\\\/\\\/www.anovapeneira.gal\\\/index.php\\\/2021\\\/05\\\/26\\\/introducion-a-historia-do-agrarismo-en-marin\\\/\"},\"wordCount\":566,\"commentCount\":0,\"publisher\":{\"@id\":\"https:\\\/\\\/www.anovapeneira.gal\\\/#organization\"},\"image\":{\"@id\":\"https:\\\/\\\/www.anovapeneira.gal\\\/index.php\\\/2021\\\/05\\\/26\\\/introducion-a-historia-do-agrarismo-en-marin\\\/#primaryimage\"},\"thumbnailUrl\":\"https:\\\/\\\/www.anovapeneira.gal\\\/wp-content\\\/uploads\\\/2021\\\/05\\\/Domingo_Gongalves_Borlido.jpg\",\"articleSection\":[\"Morrazo\"],\"inLanguage\":\"gl-ES\",\"potentialAction\":[{\"@type\":\"CommentAction\",\"name\":\"Comment\",\"target\":[\"https:\\\/\\\/www.anovapeneira.gal\\\/index.php\\\/2021\\\/05\\\/26\\\/introducion-a-historia-do-agrarismo-en-marin\\\/#respond\"]}]},{\"@type\":\"WebPage\",\"@id\":\"https:\\\/\\\/www.anovapeneira.gal\\\/index.php\\\/2021\\\/05\\\/26\\\/introducion-a-historia-do-agrarismo-en-marin\\\/\",\"url\":\"https:\\\/\\\/www.anovapeneira.gal\\\/index.php\\\/2021\\\/05\\\/26\\\/introducion-a-historia-do-agrarismo-en-marin\\\/\",\"name\":\"Introduci\u00f3n \u00e1 historia do agrarismo en Mar\u00edn -\",\"isPartOf\":{\"@id\":\"https:\\\/\\\/www.anovapeneira.gal\\\/#website\"},\"primaryImageOfPage\":{\"@id\":\"https:\\\/\\\/www.anovapeneira.gal\\\/index.php\\\/2021\\\/05\\\/26\\\/introducion-a-historia-do-agrarismo-en-marin\\\/#primaryimage\"},\"image\":{\"@id\":\"https:\\\/\\\/www.anovapeneira.gal\\\/index.php\\\/2021\\\/05\\\/26\\\/introducion-a-historia-do-agrarismo-en-marin\\\/#primaryimage\"},\"thumbnailUrl\":\"https:\\\/\\\/www.anovapeneira.gal\\\/wp-content\\\/uploads\\\/2021\\\/05\\\/Domingo_Gongalves_Borlido.jpg\",\"datePublished\":\"2021-05-26T10:00:29+00:00\",\"description\":\"Mar\u00edn foi un dos focos m\u00e1is importante no movemento obreiro galego de finais do s\u00e9culo XIX e primeiro terzo do s\u00e9culo XX. Igual de interesante foi a historia protagonizada polas mulleres, as\u00ed como o papel xogado polo anarquismo durante a II Rep\u00fablica Espa\u00f1ola, cando posu\u00edu a s\u00faa maior agrupaci\u00f3n na Galiza co Sindicato da Industria Pesqueira de Mar\u00edn\",\"breadcrumb\":{\"@id\":\"https:\\\/\\\/www.anovapeneira.gal\\\/index.php\\\/2021\\\/05\\\/26\\\/introducion-a-historia-do-agrarismo-en-marin\\\/#breadcrumb\"},\"inLanguage\":\"gl-ES\",\"potentialAction\":[{\"@type\":\"ReadAction\",\"target\":[\"https:\\\/\\\/www.anovapeneira.gal\\\/index.php\\\/2021\\\/05\\\/26\\\/introducion-a-historia-do-agrarismo-en-marin\\\/\"]}]},{\"@type\":\"ImageObject\",\"inLanguage\":\"gl-ES\",\"@id\":\"https:\\\/\\\/www.anovapeneira.gal\\\/index.php\\\/2021\\\/05\\\/26\\\/introducion-a-historia-do-agrarismo-en-marin\\\/#primaryimage\",\"url\":\"https:\\\/\\\/www.anovapeneira.gal\\\/wp-content\\\/uploads\\\/2021\\\/05\\\/Domingo_Gongalves_Borlido.jpg\",\"contentUrl\":\"https:\\\/\\\/www.anovapeneira.gal\\\/wp-content\\\/uploads\\\/2021\\\/05\\\/Domingo_Gongalves_Borlido.jpg\",\"width\":720,\"height\":432,\"caption\":\"Domingo Gongalves Borlido\"},{\"@type\":\"BreadcrumbList\",\"@id\":\"https:\\\/\\\/www.anovapeneira.gal\\\/index.php\\\/2021\\\/05\\\/26\\\/introducion-a-historia-do-agrarismo-en-marin\\\/#breadcrumb\",\"itemListElement\":[{\"@type\":\"ListItem\",\"position\":1,\"name\":\"Portada\",\"item\":\"https:\\\/\\\/www.anovapeneira.gal\\\/\"},{\"@type\":\"ListItem\",\"position\":2,\"name\":\"Introduci\u00f3n \u00e1 historia do agrarismo en Mar\u00edn\"}]},{\"@type\":\"WebSite\",\"@id\":\"https:\\\/\\\/www.anovapeneira.gal\\\/#website\",\"url\":\"https:\\\/\\\/www.anovapeneira.gal\\\/\",\"name\":\"\",\"description\":\"Xornal galego de informaci\u00f3n xeral Publicaci\u00f3n mensual de novas de Galicia e en especial dos Concellos da sur da provincia de Pontevedra.\",\"publisher\":{\"@id\":\"https:\\\/\\\/www.anovapeneira.gal\\\/#organization\"},\"potentialAction\":[{\"@type\":\"SearchAction\",\"target\":{\"@type\":\"EntryPoint\",\"urlTemplate\":\"https:\\\/\\\/www.anovapeneira.gal\\\/?s={search_term_string}\"},\"query-input\":{\"@type\":\"PropertyValueSpecification\",\"valueRequired\":true,\"valueName\":\"search_term_string\"}}],\"inLanguage\":\"gl-ES\"},{\"@type\":\"Organization\",\"@id\":\"https:\\\/\\\/www.anovapeneira.gal\\\/#organization\",\"name\":\"A Nova Peneira\",\"url\":\"https:\\\/\\\/www.anovapeneira.gal\\\/\",\"logo\":{\"@type\":\"ImageObject\",\"inLanguage\":\"gl-ES\",\"@id\":\"https:\\\/\\\/www.anovapeneira.gal\\\/#\\\/schema\\\/logo\\\/image\\\/\",\"url\":\"http:\\\/\\\/www.anovapeneira.gal\\\/wp-content\\\/uploads\\\/2019\\\/06\\\/logo_a_nova_peneira_portal_web.png\",\"contentUrl\":\"http:\\\/\\\/www.anovapeneira.gal\\\/wp-content\\\/uploads\\\/2019\\\/06\\\/logo_a_nova_peneira_portal_web.png\",\"width\":300,\"height\":100,\"caption\":\"A Nova Peneira\"},\"image\":{\"@id\":\"https:\\\/\\\/www.anovapeneira.gal\\\/#\\\/schema\\\/logo\\\/image\\\/\"},\"sameAs\":[\"https:\\\/\\\/www.facebook.com\\\/anovapeneira\",\"https:\\\/\\\/x.com\\\/APeneira\"]},{\"@type\":\"Person\",\"@id\":\"https:\\\/\\\/www.anovapeneira.gal\\\/#\\\/schema\\\/person\\\/b93e3f8932e3f8da96334607eb6ac6aa\",\"name\":\"Redacci\u00f3n A Nova Peneira\",\"image\":{\"@type\":\"ImageObject\",\"inLanguage\":\"gl-ES\",\"@id\":\"https:\\\/\\\/secure.gravatar.com\\\/avatar\\\/c052a2551a06e23fac63626232eaa90abd78dbcf1700fc46a2b2c89fd27b735f?s=96&d=mm&r=g\",\"url\":\"https:\\\/\\\/secure.gravatar.com\\\/avatar\\\/c052a2551a06e23fac63626232eaa90abd78dbcf1700fc46a2b2c89fd27b735f?s=96&d=mm&r=g\",\"contentUrl\":\"https:\\\/\\\/secure.gravatar.com\\\/avatar\\\/c052a2551a06e23fac63626232eaa90abd78dbcf1700fc46a2b2c89fd27b735f?s=96&d=mm&r=g\",\"caption\":\"Redacci\u00f3n A Nova Peneira\"},\"sameAs\":[\"http:\\\/\\\/www.anovapeneira.gal\\\/\"],\"url\":\"https:\\\/\\\/www.anovapeneira.gal\\\/index.php\\\/author\\\/redactor\\\/\"}]}<\/script>\n<!-- \/ Yoast SEO plugin. -->","yoast_head_json":{"title":"Introduci\u00f3n \u00e1 historia do agrarismo en Mar\u00edn -","description":"Mar\u00edn foi un dos focos m\u00e1is importante no movemento obreiro galego de finais do s\u00e9culo XIX e primeiro terzo do s\u00e9culo XX. Igual de interesante foi a historia protagonizada polas mulleres, as\u00ed como o papel xogado polo anarquismo durante a II Rep\u00fablica Espa\u00f1ola, cando posu\u00edu a s\u00faa maior agrupaci\u00f3n na Galiza co Sindicato da Industria Pesqueira de Mar\u00edn","robots":{"index":"index","follow":"follow","max-snippet":"max-snippet:-1","max-image-preview":"max-image-preview:large","max-video-preview":"max-video-preview:-1"},"canonical":"https:\/\/www.anovapeneira.gal\/index.php\/2021\/05\/26\/introducion-a-historia-do-agrarismo-en-marin\/","og_locale":"gl_ES","og_type":"article","og_title":"Introduci\u00f3n \u00e1 historia do agrarismo en Mar\u00edn -","og_description":"Mar\u00edn foi un dos focos m\u00e1is importante no movemento obreiro galego de finais do s\u00e9culo XIX e primeiro terzo do s\u00e9culo XX. Igual de interesante foi a historia protagonizada polas mulleres, as\u00ed como o papel xogado polo anarquismo durante a II Rep\u00fablica Espa\u00f1ola, cando posu\u00edu a s\u00faa maior agrupaci\u00f3n na Galiza co Sindicato da Industria Pesqueira de Mar\u00edn","og_url":"https:\/\/www.anovapeneira.gal\/index.php\/2021\/05\/26\/introducion-a-historia-do-agrarismo-en-marin\/","article_publisher":"https:\/\/www.facebook.com\/anovapeneira","article_published_time":"2021-05-26T10:00:29+00:00","og_image":[{"width":720,"height":432,"url":"https:\/\/www.anovapeneira.gal\/wp-content\/uploads\/2021\/05\/Domingo_Gongalves_Borlido.jpg","type":"image\/jpeg"}],"author":"Redacci\u00f3n A Nova Peneira","twitter_card":"summary_large_image","twitter_creator":"@APeneira","twitter_site":"@APeneira","twitter_misc":{"Escrito por":"Redacci\u00f3n A Nova Peneira","Tempo de lectura":"3 minutos"},"schema":{"@context":"https:\/\/schema.org","@graph":[{"@type":"Article","@id":"https:\/\/www.anovapeneira.gal\/index.php\/2021\/05\/26\/introducion-a-historia-do-agrarismo-en-marin\/#article","isPartOf":{"@id":"https:\/\/www.anovapeneira.gal\/index.php\/2021\/05\/26\/introducion-a-historia-do-agrarismo-en-marin\/"},"author":{"name":"Redacci\u00f3n A Nova Peneira","@id":"https:\/\/www.anovapeneira.gal\/#\/schema\/person\/b93e3f8932e3f8da96334607eb6ac6aa"},"headline":"Introduci\u00f3n \u00e1 historia do agrarismo en Mar\u00edn","datePublished":"2021-05-26T10:00:29+00:00","mainEntityOfPage":{"@id":"https:\/\/www.anovapeneira.gal\/index.php\/2021\/05\/26\/introducion-a-historia-do-agrarismo-en-marin\/"},"wordCount":566,"commentCount":0,"publisher":{"@id":"https:\/\/www.anovapeneira.gal\/#organization"},"image":{"@id":"https:\/\/www.anovapeneira.gal\/index.php\/2021\/05\/26\/introducion-a-historia-do-agrarismo-en-marin\/#primaryimage"},"thumbnailUrl":"https:\/\/www.anovapeneira.gal\/wp-content\/uploads\/2021\/05\/Domingo_Gongalves_Borlido.jpg","articleSection":["Morrazo"],"inLanguage":"gl-ES","potentialAction":[{"@type":"CommentAction","name":"Comment","target":["https:\/\/www.anovapeneira.gal\/index.php\/2021\/05\/26\/introducion-a-historia-do-agrarismo-en-marin\/#respond"]}]},{"@type":"WebPage","@id":"https:\/\/www.anovapeneira.gal\/index.php\/2021\/05\/26\/introducion-a-historia-do-agrarismo-en-marin\/","url":"https:\/\/www.anovapeneira.gal\/index.php\/2021\/05\/26\/introducion-a-historia-do-agrarismo-en-marin\/","name":"Introduci\u00f3n \u00e1 historia do agrarismo en Mar\u00edn -","isPartOf":{"@id":"https:\/\/www.anovapeneira.gal\/#website"},"primaryImageOfPage":{"@id":"https:\/\/www.anovapeneira.gal\/index.php\/2021\/05\/26\/introducion-a-historia-do-agrarismo-en-marin\/#primaryimage"},"image":{"@id":"https:\/\/www.anovapeneira.gal\/index.php\/2021\/05\/26\/introducion-a-historia-do-agrarismo-en-marin\/#primaryimage"},"thumbnailUrl":"https:\/\/www.anovapeneira.gal\/wp-content\/uploads\/2021\/05\/Domingo_Gongalves_Borlido.jpg","datePublished":"2021-05-26T10:00:29+00:00","description":"Mar\u00edn foi un dos focos m\u00e1is importante no movemento obreiro galego de finais do s\u00e9culo XIX e primeiro terzo do s\u00e9culo XX. Igual de interesante foi a historia protagonizada polas mulleres, as\u00ed como o papel xogado polo anarquismo durante a II Rep\u00fablica Espa\u00f1ola, cando posu\u00edu a s\u00faa maior agrupaci\u00f3n na Galiza co Sindicato da Industria Pesqueira de Mar\u00edn","breadcrumb":{"@id":"https:\/\/www.anovapeneira.gal\/index.php\/2021\/05\/26\/introducion-a-historia-do-agrarismo-en-marin\/#breadcrumb"},"inLanguage":"gl-ES","potentialAction":[{"@type":"ReadAction","target":["https:\/\/www.anovapeneira.gal\/index.php\/2021\/05\/26\/introducion-a-historia-do-agrarismo-en-marin\/"]}]},{"@type":"ImageObject","inLanguage":"gl-ES","@id":"https:\/\/www.anovapeneira.gal\/index.php\/2021\/05\/26\/introducion-a-historia-do-agrarismo-en-marin\/#primaryimage","url":"https:\/\/www.anovapeneira.gal\/wp-content\/uploads\/2021\/05\/Domingo_Gongalves_Borlido.jpg","contentUrl":"https:\/\/www.anovapeneira.gal\/wp-content\/uploads\/2021\/05\/Domingo_Gongalves_Borlido.jpg","width":720,"height":432,"caption":"Domingo Gongalves Borlido"},{"@type":"BreadcrumbList","@id":"https:\/\/www.anovapeneira.gal\/index.php\/2021\/05\/26\/introducion-a-historia-do-agrarismo-en-marin\/#breadcrumb","itemListElement":[{"@type":"ListItem","position":1,"name":"Portada","item":"https:\/\/www.anovapeneira.gal\/"},{"@type":"ListItem","position":2,"name":"Introduci\u00f3n \u00e1 historia do agrarismo en Mar\u00edn"}]},{"@type":"WebSite","@id":"https:\/\/www.anovapeneira.gal\/#website","url":"https:\/\/www.anovapeneira.gal\/","name":"","description":"Xornal galego de informaci\u00f3n xeral Publicaci\u00f3n mensual de novas de Galicia e en especial dos Concellos da sur da provincia de Pontevedra.","publisher":{"@id":"https:\/\/www.anovapeneira.gal\/#organization"},"potentialAction":[{"@type":"SearchAction","target":{"@type":"EntryPoint","urlTemplate":"https:\/\/www.anovapeneira.gal\/?s={search_term_string}"},"query-input":{"@type":"PropertyValueSpecification","valueRequired":true,"valueName":"search_term_string"}}],"inLanguage":"gl-ES"},{"@type":"Organization","@id":"https:\/\/www.anovapeneira.gal\/#organization","name":"A Nova Peneira","url":"https:\/\/www.anovapeneira.gal\/","logo":{"@type":"ImageObject","inLanguage":"gl-ES","@id":"https:\/\/www.anovapeneira.gal\/#\/schema\/logo\/image\/","url":"http:\/\/www.anovapeneira.gal\/wp-content\/uploads\/2019\/06\/logo_a_nova_peneira_portal_web.png","contentUrl":"http:\/\/www.anovapeneira.gal\/wp-content\/uploads\/2019\/06\/logo_a_nova_peneira_portal_web.png","width":300,"height":100,"caption":"A Nova Peneira"},"image":{"@id":"https:\/\/www.anovapeneira.gal\/#\/schema\/logo\/image\/"},"sameAs":["https:\/\/www.facebook.com\/anovapeneira","https:\/\/x.com\/APeneira"]},{"@type":"Person","@id":"https:\/\/www.anovapeneira.gal\/#\/schema\/person\/b93e3f8932e3f8da96334607eb6ac6aa","name":"Redacci\u00f3n A Nova Peneira","image":{"@type":"ImageObject","inLanguage":"gl-ES","@id":"https:\/\/secure.gravatar.com\/avatar\/c052a2551a06e23fac63626232eaa90abd78dbcf1700fc46a2b2c89fd27b735f?s=96&d=mm&r=g","url":"https:\/\/secure.gravatar.com\/avatar\/c052a2551a06e23fac63626232eaa90abd78dbcf1700fc46a2b2c89fd27b735f?s=96&d=mm&r=g","contentUrl":"https:\/\/secure.gravatar.com\/avatar\/c052a2551a06e23fac63626232eaa90abd78dbcf1700fc46a2b2c89fd27b735f?s=96&d=mm&r=g","caption":"Redacci\u00f3n A Nova Peneira"},"sameAs":["http:\/\/www.anovapeneira.gal\/"],"url":"https:\/\/www.anovapeneira.gal\/index.php\/author\/redactor\/"}]}},"jetpack_featured_media_url":"https:\/\/www.anovapeneira.gal\/wp-content\/uploads\/2021\/05\/Domingo_Gongalves_Borlido.jpg","_links":{"self":[{"href":"https:\/\/www.anovapeneira.gal\/index.php\/wp-json\/wp\/v2\/posts\/5443","targetHints":{"allow":["GET"]}}],"collection":[{"href":"https:\/\/www.anovapeneira.gal\/index.php\/wp-json\/wp\/v2\/posts"}],"about":[{"href":"https:\/\/www.anovapeneira.gal\/index.php\/wp-json\/wp\/v2\/types\/post"}],"author":[{"embeddable":true,"href":"https:\/\/www.anovapeneira.gal\/index.php\/wp-json\/wp\/v2\/users\/3"}],"replies":[{"embeddable":true,"href":"https:\/\/www.anovapeneira.gal\/index.php\/wp-json\/wp\/v2\/comments?post=5443"}],"version-history":[{"count":2,"href":"https:\/\/www.anovapeneira.gal\/index.php\/wp-json\/wp\/v2\/posts\/5443\/revisions"}],"predecessor-version":[{"id":5451,"href":"https:\/\/www.anovapeneira.gal\/index.php\/wp-json\/wp\/v2\/posts\/5443\/revisions\/5451"}],"wp:featuredmedia":[{"embeddable":true,"href":"https:\/\/www.anovapeneira.gal\/index.php\/wp-json\/wp\/v2\/media\/5450"}],"wp:attachment":[{"href":"https:\/\/www.anovapeneira.gal\/index.php\/wp-json\/wp\/v2\/media?parent=5443"}],"wp:term":[{"taxonomy":"category","embeddable":true,"href":"https:\/\/www.anovapeneira.gal\/index.php\/wp-json\/wp\/v2\/categories?post=5443"},{"taxonomy":"post_tag","embeddable":true,"href":"https:\/\/www.anovapeneira.gal\/index.php\/wp-json\/wp\/v2\/tags?post=5443"}],"curies":[{"name":"wp","href":"https:\/\/api.w.org\/{rel}","templated":true}]}}