{"id":5453,"date":"2021-05-27T10:00:40","date_gmt":"2021-05-27T08:00:40","guid":{"rendered":"http:\/\/www.anovapeneira.gal\/?p=5453"},"modified":"2021-05-25T11:53:49","modified_gmt":"2021-05-25T09:53:49","slug":"pequena-historia-familiar-dun-cartel-de-castelao","status":"publish","type":"post","link":"https:\/\/www.anovapeneira.gal\/index.php\/2021\/05\/27\/pequena-historia-familiar-dun-cartel-de-castelao\/","title":{"rendered":"Pequena historia familiar dun cartel de Castelao"},"content":{"rendered":"\n<pre class=\"wp-block-verse\"><em>Por Farruco Sesto Nov\u00e1s&nbsp;<\/em><\/pre>\n\n\n\n<p>(Especial para A Nova Peneira)<\/p>\n\n\n\n<p>Creo que ti\u00f1a o t\u00edtulo xeral de&nbsp;<em>Meu Pontevedra<\/em>. Era a mostra antol\u00f3xica sobre Castelao que puiden visitar en 2016 en compa\u00f1\u00eda de C\u00e9sar Portela, nas instalaci\u00f3ns do Museo de Pontevedra, \u00e1 beira do L\u00e9rez. No percorrido polas distintas salas, puidemos darnos conta e disfrutar da calidade extraordinaria daquela exposici\u00f3n. Pode dicirse que toda a obra do noso gran Castelao pod\u00edase ver al\u00ed. Desde os debuxos do \u00e1lbum N\u00f3S, que estiveran perdidos durante d\u00e9cadas e recuperados por fin, pasando polos debuxos dos negros en Nova York, ata os tres \u00e1lbums de Atila en Galicia, Milicianos e Galicia M\u00e1rtir, editados durante a Guerra Civil.<\/p>\n\n\n\n<figure class=\"wp-block-image size-large is-style-default\"><img loading=\"lazy\" decoding=\"async\" width=\"644\" height=\"1024\" src=\"http:\/\/www.anovapeneira.gal\/wp-content\/uploads\/2021\/05\/cartel_castelao_arxentina-644x1024.jpg\" alt=\"\" class=\"wp-image-5456\" srcset=\"https:\/\/www.anovapeneira.gal\/wp-content\/uploads\/2021\/05\/cartel_castelao_arxentina-644x1024.jpg 644w, https:\/\/www.anovapeneira.gal\/wp-content\/uploads\/2021\/05\/cartel_castelao_arxentina-189x300.jpg 189w, https:\/\/www.anovapeneira.gal\/wp-content\/uploads\/2021\/05\/cartel_castelao_arxentina-768x1221.jpg 768w, https:\/\/www.anovapeneira.gal\/wp-content\/uploads\/2021\/05\/cartel_castelao_arxentina-966x1536.jpg 966w, https:\/\/www.anovapeneira.gal\/wp-content\/uploads\/2021\/05\/cartel_castelao_arxentina-1288x2048.jpg 1288w, https:\/\/www.anovapeneira.gal\/wp-content\/uploads\/2021\/05\/cartel_castelao_arxentina-scaled.jpg 1610w\" sizes=\"auto, (max-width: 644px) 100vw, 644px\" \/><\/figure>\n\n\n\n<p>Libros, fotograf\u00edas, \u00d3leos, Carteis, unha mostra moi significativa de Castelao, realmente, para quen quixese co\u00f1ecer a s\u00faa obra e gozala a plenitude. Pero faltaba algo que eu co\u00f1ec\u00eda. Nunha vitrina estaba unha pequena fotograf\u00eda de 9 x 12 cms, que era a imaxe dun cartel que estaba colgado nas paredes da mi\u00f1a casa en Caracas e que, polo visto, era o \u00fanico exemplar co\u00f1ecido. Polo cal non pod\u00eda estar presente nesa exposici\u00f3n. Agora c\u00f3ntolles os pormenores que levan a esa fotograf\u00eda e as consecuencias posteriores.&nbsp;<\/p>\n\n\n\n<p>O cartel en cuesti\u00f3n representa unha figura feminina con dous pares de ollos, cada un encima do outro, e unha man que se alza para dicir:&nbsp;<em>Alto! Lede todos GALICIA, diario de Vigo. O xornal m\u00e1is popular e mellor informado. Grandes reformas.<\/em>Como queira que ese diario de orientaci\u00f3n galeguista, publicouse entre 1922 e 1926, temos al\u00ed un dato sobre a data do cartel.<\/p>\n\n\n\n<p>Algunha vez, estudando alg\u00fan dos libros de Castelao, non sei se o Diario de 1921, vin o apuntamento que el fixo dunha estampa rusa que lle chamaba a atenci\u00f3n, e que representa ese mesmo fen\u00f3meno da dobre mirada. \u00c9 evidente que cando Castelao debuxou o seu cartel, f\u00edxoo con aquela imaxe na mente, supo\u00f1o que como unha homenaxe en clave persoal, como tan frecuentemente ocorre na historia da arte.<\/p>\n\n\n\n<p>O feito \u00e9 que cando en 1962 a mi\u00f1a nai desmontou o fogar que ti\u00f1amos en Vigo e trasladou algunhas das pertenzas m\u00e1is queridas a Caracas, onde estabamos a emigrar, para refundarlo al\u00ed, levou con ela tam\u00e9n varios cadros, papeis e debuxos entre os cales estaba ese cartel dobrado en catro e gardado nun cartafol.&nbsp;<\/p>\n\n\n\n<p>Cando en 1969 casei, pedinlle ese cartel aos meus pais para enmarcalo e telo nas paredes da mi\u00f1a nova casa.<\/p>\n\n\n\n<p>Foi al\u00ed onde o viu Valent\u00edn Paz Andrade, nalg\u00fan momento dos anos setenta cando viaxou a Caracas. Hai que dicir que el fora, xustamente, o director daquel diario Galicia que Castelao convida a ler no seu debuxo. Tempo despois, en 1977, con motivo do seu lanzamento como candidato a senador por Pontevedra para as Cortes Constitu\u00edntes, pediunos unhas fotograf\u00edas do cartel para adaptalo e reutilizalo na s\u00faa campa\u00f1a electoral. E as\u00ed o fixo. Por al\u00ed debo ter algunha imaxe desa variante, a\u00ednda que non puiden atopala. Seguramente ese \u00e9 a orixe da pequena fotograf\u00eda que eu vin no recuncho dunha vitrina no percorrido pola exposici\u00f3n de Pontevedra.<\/p>\n\n\n\n<p>M\u00e1is tarde descubr\u00edn tam\u00e9n que aquela imaxe ent\u00f3n fotografada apareceu nun libro sobre a historia do cartel galego que, se non me equivoco, \u00e9&nbsp;<em>O Cartelismo de Galicia, desde as suas orixes ata 1936<\/em>, de Mar\u00eda Luisa Sobrino Manzanares, un bo libro que gardo na mi\u00f1a casa, al\u00e1 en Caracas.&nbsp;<\/p>\n\n\n\n<p>O caso \u00e9 que, sensibilizado pola visita realizada \u00e1 exposici\u00f3n sobre Castelao, tiven claro enseguida que deber\u00eda doar ese pequeno tesouro familiar ao Museo de Pontevedra.&nbsp;<\/p>\n\n\n\n<p>De tal maneira que, para pechar o ciclo, foi o mesmo C\u00e9sar Portela quen fai tres ou catro anos acompa\u00f1oume a efectuar a doaz\u00f3n formal dese cartel que agora repousa nos arquivos do museo. Ata que alg\u00fan d\u00eda podamos velo e gozalo nunha nova mostra.<\/p>\n","protected":false},"excerpt":{"rendered":"<div class=\"mh-excerpt\"><p>Creo que ti\u00f1a o t\u00edtulo xeral de Meu Pontevedra. Era a mostra antol\u00f3xica sobre Castelao que puiden visitar en 2016 en compa\u00f1\u00eda de C\u00e9sar Portela, nas instalaci\u00f3ns do Museo de Pontevedra, \u00e1 beira do L\u00e9rez. No percorrido polas distintas salas, puidemos darnos conta e disfrutar da calidade extraordinaria daquela exposici\u00f3n. <a class=\"mh-excerpt-more\" href=\"https:\/\/www.anovapeneira.gal\/index.php\/2021\/05\/27\/pequena-historia-familiar-dun-cartel-de-castelao\/\" title=\"Pequena historia familiar dun cartel de Castelao\">[&#8230;]<\/a><\/p>\n<\/div>","protected":false},"author":12,"featured_media":5455,"comment_status":"open","ping_status":"open","sticky":false,"template":"","format":"standard","meta":{"_exactmetrics_skip_tracking":false,"_exactmetrics_sitenote_active":false,"_exactmetrics_sitenote_note":"","_exactmetrics_sitenote_category":0,"footnotes":""},"categories":[7],"tags":[1208],"class_list":{"0":"post-5453","1":"post","2":"type-post","3":"status-publish","4":"format-standard","5":"has-post-thumbnail","7":"category-artigos-de-opinion","8":"tag-castelao"},"yoast_head":"<!-- This site is optimized with the Yoast SEO plugin v27.4 - https:\/\/yoast.com\/product\/yoast-seo-wordpress\/ -->\n<title>Pequena historia familiar dun cartel de Castelao -<\/title>\n<meta name=\"description\" content=\"Creo que ti\u00f1a o t\u00edtulo xeral de Meu Pontevedra. Era a mostra antol\u00f3xica sobre Castelao que puiden visitar en 2016 en compa\u00f1\u00eda de C\u00e9sar Portela, nas instalaci\u00f3ns do Museo de Pontevedra, \u00e1 beira do L\u00e9rez. No percorrido polas distintas salas, puidemos darnos conta e disfrutar da calidade extraordinaria daquela exposici\u00f3n.\" \/>\n<meta name=\"robots\" content=\"index, follow, max-snippet:-1, max-image-preview:large, max-video-preview:-1\" \/>\n<link rel=\"canonical\" href=\"https:\/\/www.anovapeneira.gal\/index.php\/2021\/05\/27\/pequena-historia-familiar-dun-cartel-de-castelao\/\" \/>\n<meta property=\"og:locale\" content=\"gl_ES\" \/>\n<meta property=\"og:type\" content=\"article\" \/>\n<meta property=\"og:title\" content=\"Pequena historia familiar dun cartel de Castelao -\" \/>\n<meta property=\"og:description\" content=\"Creo que ti\u00f1a o t\u00edtulo xeral de Meu Pontevedra. Era a mostra antol\u00f3xica sobre Castelao que puiden visitar en 2016 en compa\u00f1\u00eda de C\u00e9sar Portela, nas instalaci\u00f3ns do Museo de Pontevedra, \u00e1 beira do L\u00e9rez. No percorrido polas distintas salas, puidemos darnos conta e disfrutar da calidade extraordinaria daquela exposici\u00f3n.\" \/>\n<meta property=\"og:url\" content=\"https:\/\/www.anovapeneira.gal\/index.php\/2021\/05\/27\/pequena-historia-familiar-dun-cartel-de-castelao\/\" \/>\n<meta property=\"article:publisher\" content=\"https:\/\/www.facebook.com\/anovapeneira\" \/>\n<meta property=\"article:published_time\" content=\"2021-05-27T08:00:40+00:00\" \/>\n<meta property=\"og:image\" content=\"https:\/\/www.anovapeneira.gal\/wp-content\/uploads\/2021\/05\/cartel_de_castelao.jpg\" \/>\n\t<meta property=\"og:image:width\" content=\"720\" \/>\n\t<meta property=\"og:image:height\" content=\"432\" \/>\n\t<meta property=\"og:image:type\" content=\"image\/jpeg\" \/>\n<meta name=\"author\" content=\"Artigos Opini\u00f3n\" \/>\n<meta name=\"twitter:card\" content=\"summary_large_image\" \/>\n<meta name=\"twitter:creator\" content=\"@APeneira\" \/>\n<meta name=\"twitter:site\" content=\"@APeneira\" \/>\n<meta name=\"twitter:label1\" content=\"Escrito por\" \/>\n\t<meta name=\"twitter:data1\" content=\"Artigos Opini\u00f3n\" \/>\n\t<meta name=\"twitter:label2\" content=\"Tempo de lectura\" \/>\n\t<meta name=\"twitter:data2\" content=\"3 minutos\" \/>\n<script type=\"application\/ld+json\" class=\"yoast-schema-graph\">{\"@context\":\"https:\\\/\\\/schema.org\",\"@graph\":[{\"@type\":\"Article\",\"@id\":\"https:\\\/\\\/www.anovapeneira.gal\\\/index.php\\\/2021\\\/05\\\/27\\\/pequena-historia-familiar-dun-cartel-de-castelao\\\/#article\",\"isPartOf\":{\"@id\":\"https:\\\/\\\/www.anovapeneira.gal\\\/index.php\\\/2021\\\/05\\\/27\\\/pequena-historia-familiar-dun-cartel-de-castelao\\\/\"},\"author\":{\"name\":\"Artigos Opini\u00f3n\",\"@id\":\"https:\\\/\\\/www.anovapeneira.gal\\\/#\\\/schema\\\/person\\\/f18a4feb302e8f20bcef4490b5b60bb3\"},\"headline\":\"Pequena historia familiar dun cartel de Castelao\",\"datePublished\":\"2021-05-27T08:00:40+00:00\",\"mainEntityOfPage\":{\"@id\":\"https:\\\/\\\/www.anovapeneira.gal\\\/index.php\\\/2021\\\/05\\\/27\\\/pequena-historia-familiar-dun-cartel-de-castelao\\\/\"},\"wordCount\":685,\"commentCount\":0,\"publisher\":{\"@id\":\"https:\\\/\\\/www.anovapeneira.gal\\\/#organization\"},\"image\":{\"@id\":\"https:\\\/\\\/www.anovapeneira.gal\\\/index.php\\\/2021\\\/05\\\/27\\\/pequena-historia-familiar-dun-cartel-de-castelao\\\/#primaryimage\"},\"thumbnailUrl\":\"https:\\\/\\\/www.anovapeneira.gal\\\/wp-content\\\/uploads\\\/2021\\\/05\\\/cartel_de_castelao.jpg\",\"keywords\":[\"Castelao\"],\"articleSection\":[\"Artigos de opini\u00f3n\"],\"inLanguage\":\"gl-ES\",\"potentialAction\":[{\"@type\":\"CommentAction\",\"name\":\"Comment\",\"target\":[\"https:\\\/\\\/www.anovapeneira.gal\\\/index.php\\\/2021\\\/05\\\/27\\\/pequena-historia-familiar-dun-cartel-de-castelao\\\/#respond\"]}]},{\"@type\":\"WebPage\",\"@id\":\"https:\\\/\\\/www.anovapeneira.gal\\\/index.php\\\/2021\\\/05\\\/27\\\/pequena-historia-familiar-dun-cartel-de-castelao\\\/\",\"url\":\"https:\\\/\\\/www.anovapeneira.gal\\\/index.php\\\/2021\\\/05\\\/27\\\/pequena-historia-familiar-dun-cartel-de-castelao\\\/\",\"name\":\"Pequena historia familiar dun cartel de Castelao -\",\"isPartOf\":{\"@id\":\"https:\\\/\\\/www.anovapeneira.gal\\\/#website\"},\"primaryImageOfPage\":{\"@id\":\"https:\\\/\\\/www.anovapeneira.gal\\\/index.php\\\/2021\\\/05\\\/27\\\/pequena-historia-familiar-dun-cartel-de-castelao\\\/#primaryimage\"},\"image\":{\"@id\":\"https:\\\/\\\/www.anovapeneira.gal\\\/index.php\\\/2021\\\/05\\\/27\\\/pequena-historia-familiar-dun-cartel-de-castelao\\\/#primaryimage\"},\"thumbnailUrl\":\"https:\\\/\\\/www.anovapeneira.gal\\\/wp-content\\\/uploads\\\/2021\\\/05\\\/cartel_de_castelao.jpg\",\"datePublished\":\"2021-05-27T08:00:40+00:00\",\"description\":\"Creo que ti\u00f1a o t\u00edtulo xeral de Meu Pontevedra. Era a mostra antol\u00f3xica sobre Castelao que puiden visitar en 2016 en compa\u00f1\u00eda de C\u00e9sar Portela, nas instalaci\u00f3ns do Museo de Pontevedra, \u00e1 beira do L\u00e9rez. No percorrido polas distintas salas, puidemos darnos conta e disfrutar da calidade extraordinaria daquela exposici\u00f3n.\",\"breadcrumb\":{\"@id\":\"https:\\\/\\\/www.anovapeneira.gal\\\/index.php\\\/2021\\\/05\\\/27\\\/pequena-historia-familiar-dun-cartel-de-castelao\\\/#breadcrumb\"},\"inLanguage\":\"gl-ES\",\"potentialAction\":[{\"@type\":\"ReadAction\",\"target\":[\"https:\\\/\\\/www.anovapeneira.gal\\\/index.php\\\/2021\\\/05\\\/27\\\/pequena-historia-familiar-dun-cartel-de-castelao\\\/\"]}]},{\"@type\":\"ImageObject\",\"inLanguage\":\"gl-ES\",\"@id\":\"https:\\\/\\\/www.anovapeneira.gal\\\/index.php\\\/2021\\\/05\\\/27\\\/pequena-historia-familiar-dun-cartel-de-castelao\\\/#primaryimage\",\"url\":\"https:\\\/\\\/www.anovapeneira.gal\\\/wp-content\\\/uploads\\\/2021\\\/05\\\/cartel_de_castelao.jpg\",\"contentUrl\":\"https:\\\/\\\/www.anovapeneira.gal\\\/wp-content\\\/uploads\\\/2021\\\/05\\\/cartel_de_castelao.jpg\",\"width\":720,\"height\":432,\"caption\":\"Pequena historia familiar dun cartel de Castelao\"},{\"@type\":\"BreadcrumbList\",\"@id\":\"https:\\\/\\\/www.anovapeneira.gal\\\/index.php\\\/2021\\\/05\\\/27\\\/pequena-historia-familiar-dun-cartel-de-castelao\\\/#breadcrumb\",\"itemListElement\":[{\"@type\":\"ListItem\",\"position\":1,\"name\":\"Portada\",\"item\":\"https:\\\/\\\/www.anovapeneira.gal\\\/\"},{\"@type\":\"ListItem\",\"position\":2,\"name\":\"Pequena historia familiar dun cartel de Castelao\"}]},{\"@type\":\"WebSite\",\"@id\":\"https:\\\/\\\/www.anovapeneira.gal\\\/#website\",\"url\":\"https:\\\/\\\/www.anovapeneira.gal\\\/\",\"name\":\"\",\"description\":\"Xornal galego de informaci\u00f3n xeral Publicaci\u00f3n mensual de novas de Galicia e en especial dos Concellos da sur da provincia de Pontevedra.\",\"publisher\":{\"@id\":\"https:\\\/\\\/www.anovapeneira.gal\\\/#organization\"},\"potentialAction\":[{\"@type\":\"SearchAction\",\"target\":{\"@type\":\"EntryPoint\",\"urlTemplate\":\"https:\\\/\\\/www.anovapeneira.gal\\\/?s={search_term_string}\"},\"query-input\":{\"@type\":\"PropertyValueSpecification\",\"valueRequired\":true,\"valueName\":\"search_term_string\"}}],\"inLanguage\":\"gl-ES\"},{\"@type\":\"Organization\",\"@id\":\"https:\\\/\\\/www.anovapeneira.gal\\\/#organization\",\"name\":\"A Nova Peneira\",\"url\":\"https:\\\/\\\/www.anovapeneira.gal\\\/\",\"logo\":{\"@type\":\"ImageObject\",\"inLanguage\":\"gl-ES\",\"@id\":\"https:\\\/\\\/www.anovapeneira.gal\\\/#\\\/schema\\\/logo\\\/image\\\/\",\"url\":\"http:\\\/\\\/www.anovapeneira.gal\\\/wp-content\\\/uploads\\\/2019\\\/06\\\/logo_a_nova_peneira_portal_web.png\",\"contentUrl\":\"http:\\\/\\\/www.anovapeneira.gal\\\/wp-content\\\/uploads\\\/2019\\\/06\\\/logo_a_nova_peneira_portal_web.png\",\"width\":300,\"height\":100,\"caption\":\"A Nova Peneira\"},\"image\":{\"@id\":\"https:\\\/\\\/www.anovapeneira.gal\\\/#\\\/schema\\\/logo\\\/image\\\/\"},\"sameAs\":[\"https:\\\/\\\/www.facebook.com\\\/anovapeneira\",\"https:\\\/\\\/x.com\\\/APeneira\"]},{\"@type\":\"Person\",\"@id\":\"https:\\\/\\\/www.anovapeneira.gal\\\/#\\\/schema\\\/person\\\/f18a4feb302e8f20bcef4490b5b60bb3\",\"name\":\"Artigos Opini\u00f3n\",\"image\":{\"@type\":\"ImageObject\",\"inLanguage\":\"gl-ES\",\"@id\":\"https:\\\/\\\/secure.gravatar.com\\\/avatar\\\/072844300f4881150aee2da4278f7a65d16eefdf8262eb67085f1e702de2b959?s=96&d=mm&r=g\",\"url\":\"https:\\\/\\\/secure.gravatar.com\\\/avatar\\\/072844300f4881150aee2da4278f7a65d16eefdf8262eb67085f1e702de2b959?s=96&d=mm&r=g\",\"contentUrl\":\"https:\\\/\\\/secure.gravatar.com\\\/avatar\\\/072844300f4881150aee2da4278f7a65d16eefdf8262eb67085f1e702de2b959?s=96&d=mm&r=g\",\"caption\":\"Artigos Opini\u00f3n\"},\"sameAs\":[\"http:\\\/\\\/anovapeneira.gal\"],\"url\":\"https:\\\/\\\/www.anovapeneira.gal\\\/index.php\\\/author\\\/artigosopinion\\\/\"}]}<\/script>\n<!-- \/ Yoast SEO plugin. -->","yoast_head_json":{"title":"Pequena historia familiar dun cartel de Castelao -","description":"Creo que ti\u00f1a o t\u00edtulo xeral de Meu Pontevedra. Era a mostra antol\u00f3xica sobre Castelao que puiden visitar en 2016 en compa\u00f1\u00eda de C\u00e9sar Portela, nas instalaci\u00f3ns do Museo de Pontevedra, \u00e1 beira do L\u00e9rez. No percorrido polas distintas salas, puidemos darnos conta e disfrutar da calidade extraordinaria daquela exposici\u00f3n.","robots":{"index":"index","follow":"follow","max-snippet":"max-snippet:-1","max-image-preview":"max-image-preview:large","max-video-preview":"max-video-preview:-1"},"canonical":"https:\/\/www.anovapeneira.gal\/index.php\/2021\/05\/27\/pequena-historia-familiar-dun-cartel-de-castelao\/","og_locale":"gl_ES","og_type":"article","og_title":"Pequena historia familiar dun cartel de Castelao -","og_description":"Creo que ti\u00f1a o t\u00edtulo xeral de Meu Pontevedra. Era a mostra antol\u00f3xica sobre Castelao que puiden visitar en 2016 en compa\u00f1\u00eda de C\u00e9sar Portela, nas instalaci\u00f3ns do Museo de Pontevedra, \u00e1 beira do L\u00e9rez. No percorrido polas distintas salas, puidemos darnos conta e disfrutar da calidade extraordinaria daquela exposici\u00f3n.","og_url":"https:\/\/www.anovapeneira.gal\/index.php\/2021\/05\/27\/pequena-historia-familiar-dun-cartel-de-castelao\/","article_publisher":"https:\/\/www.facebook.com\/anovapeneira","article_published_time":"2021-05-27T08:00:40+00:00","og_image":[{"width":720,"height":432,"url":"https:\/\/www.anovapeneira.gal\/wp-content\/uploads\/2021\/05\/cartel_de_castelao.jpg","type":"image\/jpeg"}],"author":"Artigos Opini\u00f3n","twitter_card":"summary_large_image","twitter_creator":"@APeneira","twitter_site":"@APeneira","twitter_misc":{"Escrito por":"Artigos Opini\u00f3n","Tempo de lectura":"3 minutos"},"schema":{"@context":"https:\/\/schema.org","@graph":[{"@type":"Article","@id":"https:\/\/www.anovapeneira.gal\/index.php\/2021\/05\/27\/pequena-historia-familiar-dun-cartel-de-castelao\/#article","isPartOf":{"@id":"https:\/\/www.anovapeneira.gal\/index.php\/2021\/05\/27\/pequena-historia-familiar-dun-cartel-de-castelao\/"},"author":{"name":"Artigos Opini\u00f3n","@id":"https:\/\/www.anovapeneira.gal\/#\/schema\/person\/f18a4feb302e8f20bcef4490b5b60bb3"},"headline":"Pequena historia familiar dun cartel de Castelao","datePublished":"2021-05-27T08:00:40+00:00","mainEntityOfPage":{"@id":"https:\/\/www.anovapeneira.gal\/index.php\/2021\/05\/27\/pequena-historia-familiar-dun-cartel-de-castelao\/"},"wordCount":685,"commentCount":0,"publisher":{"@id":"https:\/\/www.anovapeneira.gal\/#organization"},"image":{"@id":"https:\/\/www.anovapeneira.gal\/index.php\/2021\/05\/27\/pequena-historia-familiar-dun-cartel-de-castelao\/#primaryimage"},"thumbnailUrl":"https:\/\/www.anovapeneira.gal\/wp-content\/uploads\/2021\/05\/cartel_de_castelao.jpg","keywords":["Castelao"],"articleSection":["Artigos de opini\u00f3n"],"inLanguage":"gl-ES","potentialAction":[{"@type":"CommentAction","name":"Comment","target":["https:\/\/www.anovapeneira.gal\/index.php\/2021\/05\/27\/pequena-historia-familiar-dun-cartel-de-castelao\/#respond"]}]},{"@type":"WebPage","@id":"https:\/\/www.anovapeneira.gal\/index.php\/2021\/05\/27\/pequena-historia-familiar-dun-cartel-de-castelao\/","url":"https:\/\/www.anovapeneira.gal\/index.php\/2021\/05\/27\/pequena-historia-familiar-dun-cartel-de-castelao\/","name":"Pequena historia familiar dun cartel de Castelao -","isPartOf":{"@id":"https:\/\/www.anovapeneira.gal\/#website"},"primaryImageOfPage":{"@id":"https:\/\/www.anovapeneira.gal\/index.php\/2021\/05\/27\/pequena-historia-familiar-dun-cartel-de-castelao\/#primaryimage"},"image":{"@id":"https:\/\/www.anovapeneira.gal\/index.php\/2021\/05\/27\/pequena-historia-familiar-dun-cartel-de-castelao\/#primaryimage"},"thumbnailUrl":"https:\/\/www.anovapeneira.gal\/wp-content\/uploads\/2021\/05\/cartel_de_castelao.jpg","datePublished":"2021-05-27T08:00:40+00:00","description":"Creo que ti\u00f1a o t\u00edtulo xeral de Meu Pontevedra. Era a mostra antol\u00f3xica sobre Castelao que puiden visitar en 2016 en compa\u00f1\u00eda de C\u00e9sar Portela, nas instalaci\u00f3ns do Museo de Pontevedra, \u00e1 beira do L\u00e9rez. No percorrido polas distintas salas, puidemos darnos conta e disfrutar da calidade extraordinaria daquela exposici\u00f3n.","breadcrumb":{"@id":"https:\/\/www.anovapeneira.gal\/index.php\/2021\/05\/27\/pequena-historia-familiar-dun-cartel-de-castelao\/#breadcrumb"},"inLanguage":"gl-ES","potentialAction":[{"@type":"ReadAction","target":["https:\/\/www.anovapeneira.gal\/index.php\/2021\/05\/27\/pequena-historia-familiar-dun-cartel-de-castelao\/"]}]},{"@type":"ImageObject","inLanguage":"gl-ES","@id":"https:\/\/www.anovapeneira.gal\/index.php\/2021\/05\/27\/pequena-historia-familiar-dun-cartel-de-castelao\/#primaryimage","url":"https:\/\/www.anovapeneira.gal\/wp-content\/uploads\/2021\/05\/cartel_de_castelao.jpg","contentUrl":"https:\/\/www.anovapeneira.gal\/wp-content\/uploads\/2021\/05\/cartel_de_castelao.jpg","width":720,"height":432,"caption":"Pequena historia familiar dun cartel de Castelao"},{"@type":"BreadcrumbList","@id":"https:\/\/www.anovapeneira.gal\/index.php\/2021\/05\/27\/pequena-historia-familiar-dun-cartel-de-castelao\/#breadcrumb","itemListElement":[{"@type":"ListItem","position":1,"name":"Portada","item":"https:\/\/www.anovapeneira.gal\/"},{"@type":"ListItem","position":2,"name":"Pequena historia familiar dun cartel de Castelao"}]},{"@type":"WebSite","@id":"https:\/\/www.anovapeneira.gal\/#website","url":"https:\/\/www.anovapeneira.gal\/","name":"","description":"Xornal galego de informaci\u00f3n xeral Publicaci\u00f3n mensual de novas de Galicia e en especial dos Concellos da sur da provincia de Pontevedra.","publisher":{"@id":"https:\/\/www.anovapeneira.gal\/#organization"},"potentialAction":[{"@type":"SearchAction","target":{"@type":"EntryPoint","urlTemplate":"https:\/\/www.anovapeneira.gal\/?s={search_term_string}"},"query-input":{"@type":"PropertyValueSpecification","valueRequired":true,"valueName":"search_term_string"}}],"inLanguage":"gl-ES"},{"@type":"Organization","@id":"https:\/\/www.anovapeneira.gal\/#organization","name":"A Nova Peneira","url":"https:\/\/www.anovapeneira.gal\/","logo":{"@type":"ImageObject","inLanguage":"gl-ES","@id":"https:\/\/www.anovapeneira.gal\/#\/schema\/logo\/image\/","url":"http:\/\/www.anovapeneira.gal\/wp-content\/uploads\/2019\/06\/logo_a_nova_peneira_portal_web.png","contentUrl":"http:\/\/www.anovapeneira.gal\/wp-content\/uploads\/2019\/06\/logo_a_nova_peneira_portal_web.png","width":300,"height":100,"caption":"A Nova Peneira"},"image":{"@id":"https:\/\/www.anovapeneira.gal\/#\/schema\/logo\/image\/"},"sameAs":["https:\/\/www.facebook.com\/anovapeneira","https:\/\/x.com\/APeneira"]},{"@type":"Person","@id":"https:\/\/www.anovapeneira.gal\/#\/schema\/person\/f18a4feb302e8f20bcef4490b5b60bb3","name":"Artigos Opini\u00f3n","image":{"@type":"ImageObject","inLanguage":"gl-ES","@id":"https:\/\/secure.gravatar.com\/avatar\/072844300f4881150aee2da4278f7a65d16eefdf8262eb67085f1e702de2b959?s=96&d=mm&r=g","url":"https:\/\/secure.gravatar.com\/avatar\/072844300f4881150aee2da4278f7a65d16eefdf8262eb67085f1e702de2b959?s=96&d=mm&r=g","contentUrl":"https:\/\/secure.gravatar.com\/avatar\/072844300f4881150aee2da4278f7a65d16eefdf8262eb67085f1e702de2b959?s=96&d=mm&r=g","caption":"Artigos Opini\u00f3n"},"sameAs":["http:\/\/anovapeneira.gal"],"url":"https:\/\/www.anovapeneira.gal\/index.php\/author\/artigosopinion\/"}]}},"jetpack_featured_media_url":"https:\/\/www.anovapeneira.gal\/wp-content\/uploads\/2021\/05\/cartel_de_castelao.jpg","_links":{"self":[{"href":"https:\/\/www.anovapeneira.gal\/index.php\/wp-json\/wp\/v2\/posts\/5453","targetHints":{"allow":["GET"]}}],"collection":[{"href":"https:\/\/www.anovapeneira.gal\/index.php\/wp-json\/wp\/v2\/posts"}],"about":[{"href":"https:\/\/www.anovapeneira.gal\/index.php\/wp-json\/wp\/v2\/types\/post"}],"author":[{"embeddable":true,"href":"https:\/\/www.anovapeneira.gal\/index.php\/wp-json\/wp\/v2\/users\/12"}],"replies":[{"embeddable":true,"href":"https:\/\/www.anovapeneira.gal\/index.php\/wp-json\/wp\/v2\/comments?post=5453"}],"version-history":[{"count":2,"href":"https:\/\/www.anovapeneira.gal\/index.php\/wp-json\/wp\/v2\/posts\/5453\/revisions"}],"predecessor-version":[{"id":5457,"href":"https:\/\/www.anovapeneira.gal\/index.php\/wp-json\/wp\/v2\/posts\/5453\/revisions\/5457"}],"wp:featuredmedia":[{"embeddable":true,"href":"https:\/\/www.anovapeneira.gal\/index.php\/wp-json\/wp\/v2\/media\/5455"}],"wp:attachment":[{"href":"https:\/\/www.anovapeneira.gal\/index.php\/wp-json\/wp\/v2\/media?parent=5453"}],"wp:term":[{"taxonomy":"category","embeddable":true,"href":"https:\/\/www.anovapeneira.gal\/index.php\/wp-json\/wp\/v2\/categories?post=5453"},{"taxonomy":"post_tag","embeddable":true,"href":"https:\/\/www.anovapeneira.gal\/index.php\/wp-json\/wp\/v2\/tags?post=5453"}],"curies":[{"name":"wp","href":"https:\/\/api.w.org\/{rel}","templated":true}]}}