{"id":5459,"date":"2021-05-27T12:00:00","date_gmt":"2021-05-27T10:00:00","guid":{"rendered":"http:\/\/www.anovapeneira.gal\/?p=5459"},"modified":"2021-05-25T13:03:29","modified_gmt":"2021-05-25T11:03:29","slug":"letras","status":"publish","type":"post","link":"https:\/\/www.anovapeneira.gal\/index.php\/2021\/05\/27\/letras\/","title":{"rendered":"Letras"},"content":{"rendered":"\n<figure class=\"wp-block-image size-large is-resized is-style-default\"><img loading=\"lazy\" decoding=\"async\" src=\"http:\/\/www.anovapeneira.gal\/wp-content\/uploads\/2021\/04\/retrato_fernando_miranda.jpg\" alt=\"Fernando Miranda\" class=\"wp-image-5285\" width=\"95\" height=\"115\"\/><figcaption>Fernando Miranda. Libreiro de Bueu<\/figcaption><\/figure>\n\n\n\n<p>Hai uns d\u00edas l\u00eda que nos estabamos barcelonizando na Nosa Terra. Vi\u00f1a isto a conto do D\u00eda do Libro, tan importante na Cidade Condal e en toda Catalunya. A verdade \u00e9 que son moitas as librar\u00edas que me confirman que isto \u00e9 as\u00ed, que o D\u00eda do Libro est\u00e1 pasando a ser un bo d\u00eda de ventas.<\/p>\n\n\n\n<p>Evidentemente isto non sucede grazas \u00e1 intervenci\u00f3n de ningunha administraci\u00f3n, simplemente \u00e9 o eco de que o Sant Jordi sexa tan importante e de que os medios de comunicaci\u00f3n lle dean a relevancia que merece.<\/p>\n\n\n\n<p>Na II Guerra Mundial as estritas restrici\u00f3ns de capital que hab\u00eda en Islandia fac\u00edan moi dif\u00edcil importar agasallos, cousa que suced\u00eda non co papel.A\u00ed naceu o costume de agasallar libros nas festas de Nadal e que se co\u00f1ece como J\u00f3lab\u00f3kafl\u00f3d (inundaci\u00f3n de libros polo Nadal)<\/p>\n\n\n\n<p>Na actualidade a Asociaci\u00f3n de Editores de Islandia distrib\u00fae gratuitamente cada novembro o B\u00f3Kat\u00eddindi, un bolet\u00edn coas novidades editoriais do momento. O pobo island\u00e9s agasalla libros en papel, non libros electr\u00f3nicos, e culminan a tradici\u00f3n pasando a Noiteboa e o d\u00eda de Nadal lendo, na casa, cos seus seres queridos.<\/p>\n\n\n\n<p>Claro que Islandia \u00e9 un pobo culto que non rescata bancos e sobrevive sen polit\u00edc@s e n\u00f3s&#8230;<\/p>\n\n\n\n<p>A verdade \u00e9 que xa me gustar\u00eda que na Nosa Terra arraigaran estes costumes. Mais isto non \u00e9 cuesti\u00f3n de sentarse e agardar sen\u00f3n que hai que plantar a semente, coidala d\u00eda a d\u00eda e, mirar como vai medrando e procurar que non se nos ve\u00f1a abaixo nun descoido.<\/p>\n\n\n\n<p>Pero resulta que ese non \u00e9 o cami\u00f1o que escollemos na Galiza: O luns dezasete foi o d\u00eda das Letras Galegas e, unha vez m\u00e1is, pasou polas nosas vidas sen pena nin gloria (salvo contadas excepci\u00f3ns). O feito de que siga sendo unha xornada festiva xoga claramente en contra da importancia que deber\u00eda ter. Este ano moita xente aproveitou para ir a Vila Nova de Cerveira porque al\u00ed te\u00f1en unha randeeira cunhas marabillosas vistas.<\/p>\n\n\n\n<p>Par\u00e9ceme moi ben que cada un faga o que queira co seu tempo libre, o que quero dicir \u00e9 que as nosas LETRAS merecen un mellor trato, e por iso a Xunta de Galicia debe tomar a decisi\u00f3n de variar o rumbo, se \u00e9 que quere defender a nosa Cultura e non simulalo simplemente. Claro que para iso as vindeiras Galas de entrega dos Premios Follas Novas do Libro Galego deber\u00edan ser retransmitidos en directo pola canle p\u00fablica. E os libros de texto deber\u00edan ser vendidos en librer\u00edas (os de papel e os dixitais) en non salt\u00e1ndose a canle de distribuci\u00f3n<\/p>\n\n\n\n<p>P\u00f3dese facer! Este ano o Concello de Bueu distrib\u00fae un cartel con seis ocos para encher coas distintas pezas dun quebracabezas que hai nas cinco librar\u00edas do Concello e na Rede Municipal de Bibliotecas. A persoa que o faga ten dereito a trocar o xustificante de telo completado por un libro de Xela Arias en calquera das librer\u00edas participantes. Estes libros son mercados polo Concello nas librar\u00edas do pobo, invertindo os cartos no pobo e repartindo Cultura. Mercarllos \u00e1s editoriais acabar\u00eda empobrecendo a toda a poboaci\u00f3n. Por iso, non me pidades que lle chame bo xestor ao con-sentidi\u00f1o.<\/p>\n","protected":false},"excerpt":{"rendered":"<div class=\"mh-excerpt\"><p>Hai uns d\u00edas l\u00eda que nos estabamos barcelonizando na Nosa Terra. Vi\u00f1a isto a conto do D\u00eda do Libro, tan importante na Cidade Condal e en toda Catalunya. A verdade \u00e9 que son moitas as librar\u00edas que me confirman que isto \u00e9 as\u00ed, que o D\u00eda do Libro est\u00e1 pasando a ser un bo d\u00eda de ventas. <a class=\"mh-excerpt-more\" href=\"https:\/\/www.anovapeneira.gal\/index.php\/2021\/05\/27\/letras\/\" title=\"Letras\">[&#8230;]<\/a><\/p>\n<\/div>","protected":false},"author":38,"featured_media":584,"comment_status":"open","ping_status":"open","sticky":false,"template":"","format":"standard","meta":{"_exactmetrics_skip_tracking":false,"_exactmetrics_sitenote_active":false,"_exactmetrics_sitenote_note":"","_exactmetrics_sitenote_category":0,"footnotes":""},"categories":[7],"tags":[1255],"class_list":{"0":"post-5459","1":"post","2":"type-post","3":"status-publish","4":"format-standard","5":"has-post-thumbnail","7":"category-artigos-de-opinion","8":"tag-literartura"},"yoast_head":"<!-- This site is optimized with the Yoast SEO plugin v27.4 - https:\/\/yoast.com\/product\/yoast-seo-wordpress\/ -->\n<title>Letras -<\/title>\n<meta name=\"description\" content=\"Hai uns d\u00edas l\u00eda que nos estabamos barcelonizando na Nosa Terra. Vi\u00f1a isto a conto do D\u00eda do Libro, tan importante na Cidade Condal e en toda Catalunya. A verdade \u00e9 que son moitas as librar\u00edas que me confirman que isto \u00e9 as\u00ed, que o D\u00eda do Libro est\u00e1 pasando a ser un bo d\u00eda de ventas.\" \/>\n<meta name=\"robots\" content=\"index, follow, max-snippet:-1, max-image-preview:large, max-video-preview:-1\" \/>\n<link rel=\"canonical\" href=\"https:\/\/www.anovapeneira.gal\/index.php\/2021\/05\/27\/letras\/\" \/>\n<meta property=\"og:locale\" content=\"gl_ES\" \/>\n<meta property=\"og:type\" content=\"article\" \/>\n<meta property=\"og:title\" content=\"Letras -\" \/>\n<meta property=\"og:description\" content=\"Hai uns d\u00edas l\u00eda que nos estabamos barcelonizando na Nosa Terra. Vi\u00f1a isto a conto do D\u00eda do Libro, tan importante na Cidade Condal e en toda Catalunya. A verdade \u00e9 que son moitas as librar\u00edas que me confirman que isto \u00e9 as\u00ed, que o D\u00eda do Libro est\u00e1 pasando a ser un bo d\u00eda de ventas.\" \/>\n<meta property=\"og:url\" content=\"https:\/\/www.anovapeneira.gal\/index.php\/2021\/05\/27\/letras\/\" \/>\n<meta property=\"article:publisher\" content=\"https:\/\/www.facebook.com\/anovapeneira\" \/>\n<meta property=\"article:published_time\" content=\"2021-05-27T10:00:00+00:00\" \/>\n<meta property=\"og:image\" content=\"https:\/\/www.anovapeneira.gal\/wp-content\/uploads\/2021\/04\/Fernando_Miranda_Libreiro_Bueu.jpg\" \/>\n\t<meta property=\"og:image:width\" content=\"720\" \/>\n\t<meta property=\"og:image:height\" content=\"432\" \/>\n\t<meta property=\"og:image:type\" content=\"image\/jpeg\" \/>\n<meta name=\"author\" content=\"Fernando Miranda Est\u00e9vez\" \/>\n<meta name=\"twitter:card\" content=\"summary_large_image\" \/>\n<meta name=\"twitter:image\" content=\"https:\/\/www.anovapeneira.gal\/wp-content\/uploads\/2021\/04\/Fernando_Miranda_Libreiro_Bueu.jpg\" \/>\n<meta name=\"twitter:creator\" content=\"@APeneira\" \/>\n<meta name=\"twitter:site\" content=\"@APeneira\" \/>\n<meta name=\"twitter:label1\" content=\"Escrito por\" \/>\n\t<meta name=\"twitter:data1\" content=\"Fernando Miranda Est\u00e9vez\" \/>\n\t<meta name=\"twitter:label2\" content=\"Tempo de lectura\" \/>\n\t<meta name=\"twitter:data2\" content=\"3 minutos\" \/>\n<script type=\"application\/ld+json\" class=\"yoast-schema-graph\">{\"@context\":\"https:\\\/\\\/schema.org\",\"@graph\":[{\"@type\":\"Article\",\"@id\":\"https:\\\/\\\/www.anovapeneira.gal\\\/index.php\\\/2021\\\/05\\\/27\\\/letras\\\/#article\",\"isPartOf\":{\"@id\":\"https:\\\/\\\/www.anovapeneira.gal\\\/index.php\\\/2021\\\/05\\\/27\\\/letras\\\/\"},\"author\":{\"name\":\"Fernando Miranda Est\u00e9vez\",\"@id\":\"https:\\\/\\\/www.anovapeneira.gal\\\/#\\\/schema\\\/person\\\/2e1b05e40bb557c3dc0a175352f7c5db\"},\"headline\":\"Letras\",\"datePublished\":\"2021-05-27T10:00:00+00:00\",\"mainEntityOfPage\":{\"@id\":\"https:\\\/\\\/www.anovapeneira.gal\\\/index.php\\\/2021\\\/05\\\/27\\\/letras\\\/\"},\"wordCount\":583,\"commentCount\":0,\"publisher\":{\"@id\":\"https:\\\/\\\/www.anovapeneira.gal\\\/#organization\"},\"image\":{\"@id\":\"https:\\\/\\\/www.anovapeneira.gal\\\/index.php\\\/2021\\\/05\\\/27\\\/letras\\\/#primaryimage\"},\"thumbnailUrl\":\"https:\\\/\\\/www.anovapeneira.gal\\\/wp-content\\\/uploads\\\/2019\\\/07\\\/ARTIGO_DE_OPINION_A_NOVA_PENEIRA.jpg\",\"keywords\":[\"Literartura\"],\"articleSection\":[\"Artigos de opini\u00f3n\"],\"inLanguage\":\"gl-ES\",\"potentialAction\":[{\"@type\":\"CommentAction\",\"name\":\"Comment\",\"target\":[\"https:\\\/\\\/www.anovapeneira.gal\\\/index.php\\\/2021\\\/05\\\/27\\\/letras\\\/#respond\"]}]},{\"@type\":\"WebPage\",\"@id\":\"https:\\\/\\\/www.anovapeneira.gal\\\/index.php\\\/2021\\\/05\\\/27\\\/letras\\\/\",\"url\":\"https:\\\/\\\/www.anovapeneira.gal\\\/index.php\\\/2021\\\/05\\\/27\\\/letras\\\/\",\"name\":\"Letras -\",\"isPartOf\":{\"@id\":\"https:\\\/\\\/www.anovapeneira.gal\\\/#website\"},\"primaryImageOfPage\":{\"@id\":\"https:\\\/\\\/www.anovapeneira.gal\\\/index.php\\\/2021\\\/05\\\/27\\\/letras\\\/#primaryimage\"},\"image\":{\"@id\":\"https:\\\/\\\/www.anovapeneira.gal\\\/index.php\\\/2021\\\/05\\\/27\\\/letras\\\/#primaryimage\"},\"thumbnailUrl\":\"https:\\\/\\\/www.anovapeneira.gal\\\/wp-content\\\/uploads\\\/2019\\\/07\\\/ARTIGO_DE_OPINION_A_NOVA_PENEIRA.jpg\",\"datePublished\":\"2021-05-27T10:00:00+00:00\",\"description\":\"Hai uns d\u00edas l\u00eda que nos estabamos barcelonizando na Nosa Terra. Vi\u00f1a isto a conto do D\u00eda do Libro, tan importante na Cidade Condal e en toda Catalunya. A verdade \u00e9 que son moitas as librar\u00edas que me confirman que isto \u00e9 as\u00ed, que o D\u00eda do Libro est\u00e1 pasando a ser un bo d\u00eda de ventas.\",\"breadcrumb\":{\"@id\":\"https:\\\/\\\/www.anovapeneira.gal\\\/index.php\\\/2021\\\/05\\\/27\\\/letras\\\/#breadcrumb\"},\"inLanguage\":\"gl-ES\",\"potentialAction\":[{\"@type\":\"ReadAction\",\"target\":[\"https:\\\/\\\/www.anovapeneira.gal\\\/index.php\\\/2021\\\/05\\\/27\\\/letras\\\/\"]}]},{\"@type\":\"ImageObject\",\"inLanguage\":\"gl-ES\",\"@id\":\"https:\\\/\\\/www.anovapeneira.gal\\\/index.php\\\/2021\\\/05\\\/27\\\/letras\\\/#primaryimage\",\"url\":\"https:\\\/\\\/www.anovapeneira.gal\\\/wp-content\\\/uploads\\\/2019\\\/07\\\/ARTIGO_DE_OPINION_A_NOVA_PENEIRA.jpg\",\"contentUrl\":\"https:\\\/\\\/www.anovapeneira.gal\\\/wp-content\\\/uploads\\\/2019\\\/07\\\/ARTIGO_DE_OPINION_A_NOVA_PENEIRA.jpg\",\"width\":720,\"height\":473,\"caption\":\"Artigo de opini\u00f3n A Nova Peneira\"},{\"@type\":\"BreadcrumbList\",\"@id\":\"https:\\\/\\\/www.anovapeneira.gal\\\/index.php\\\/2021\\\/05\\\/27\\\/letras\\\/#breadcrumb\",\"itemListElement\":[{\"@type\":\"ListItem\",\"position\":1,\"name\":\"Portada\",\"item\":\"https:\\\/\\\/www.anovapeneira.gal\\\/\"},{\"@type\":\"ListItem\",\"position\":2,\"name\":\"Letras\"}]},{\"@type\":\"WebSite\",\"@id\":\"https:\\\/\\\/www.anovapeneira.gal\\\/#website\",\"url\":\"https:\\\/\\\/www.anovapeneira.gal\\\/\",\"name\":\"\",\"description\":\"Xornal galego de informaci\u00f3n xeral Publicaci\u00f3n mensual de novas de Galicia e en especial dos Concellos da sur da provincia de Pontevedra.\",\"publisher\":{\"@id\":\"https:\\\/\\\/www.anovapeneira.gal\\\/#organization\"},\"potentialAction\":[{\"@type\":\"SearchAction\",\"target\":{\"@type\":\"EntryPoint\",\"urlTemplate\":\"https:\\\/\\\/www.anovapeneira.gal\\\/?s={search_term_string}\"},\"query-input\":{\"@type\":\"PropertyValueSpecification\",\"valueRequired\":true,\"valueName\":\"search_term_string\"}}],\"inLanguage\":\"gl-ES\"},{\"@type\":\"Organization\",\"@id\":\"https:\\\/\\\/www.anovapeneira.gal\\\/#organization\",\"name\":\"A Nova Peneira\",\"url\":\"https:\\\/\\\/www.anovapeneira.gal\\\/\",\"logo\":{\"@type\":\"ImageObject\",\"inLanguage\":\"gl-ES\",\"@id\":\"https:\\\/\\\/www.anovapeneira.gal\\\/#\\\/schema\\\/logo\\\/image\\\/\",\"url\":\"http:\\\/\\\/www.anovapeneira.gal\\\/wp-content\\\/uploads\\\/2019\\\/06\\\/logo_a_nova_peneira_portal_web.png\",\"contentUrl\":\"http:\\\/\\\/www.anovapeneira.gal\\\/wp-content\\\/uploads\\\/2019\\\/06\\\/logo_a_nova_peneira_portal_web.png\",\"width\":300,\"height\":100,\"caption\":\"A Nova Peneira\"},\"image\":{\"@id\":\"https:\\\/\\\/www.anovapeneira.gal\\\/#\\\/schema\\\/logo\\\/image\\\/\"},\"sameAs\":[\"https:\\\/\\\/www.facebook.com\\\/anovapeneira\",\"https:\\\/\\\/x.com\\\/APeneira\"]},{\"@type\":\"Person\",\"@id\":\"https:\\\/\\\/www.anovapeneira.gal\\\/#\\\/schema\\\/person\\\/2e1b05e40bb557c3dc0a175352f7c5db\",\"name\":\"Fernando Miranda Est\u00e9vez\",\"image\":{\"@type\":\"ImageObject\",\"inLanguage\":\"gl-ES\",\"@id\":\"https:\\\/\\\/secure.gravatar.com\\\/avatar\\\/20fcdf350ac9152adc4a2baf08c10ddb3bb475a1881e6915a2a1e7936bd5cc68?s=96&d=mm&r=g\",\"url\":\"https:\\\/\\\/secure.gravatar.com\\\/avatar\\\/20fcdf350ac9152adc4a2baf08c10ddb3bb475a1881e6915a2a1e7936bd5cc68?s=96&d=mm&r=g\",\"contentUrl\":\"https:\\\/\\\/secure.gravatar.com\\\/avatar\\\/20fcdf350ac9152adc4a2baf08c10ddb3bb475a1881e6915a2a1e7936bd5cc68?s=96&d=mm&r=g\",\"caption\":\"Fernando Miranda Est\u00e9vez\"},\"url\":\"https:\\\/\\\/www.anovapeneira.gal\\\/index.php\\\/author\\\/fernandomiranda\\\/\"}]}<\/script>\n<!-- \/ Yoast SEO plugin. -->","yoast_head_json":{"title":"Letras -","description":"Hai uns d\u00edas l\u00eda que nos estabamos barcelonizando na Nosa Terra. Vi\u00f1a isto a conto do D\u00eda do Libro, tan importante na Cidade Condal e en toda Catalunya. A verdade \u00e9 que son moitas as librar\u00edas que me confirman que isto \u00e9 as\u00ed, que o D\u00eda do Libro est\u00e1 pasando a ser un bo d\u00eda de ventas.","robots":{"index":"index","follow":"follow","max-snippet":"max-snippet:-1","max-image-preview":"max-image-preview:large","max-video-preview":"max-video-preview:-1"},"canonical":"https:\/\/www.anovapeneira.gal\/index.php\/2021\/05\/27\/letras\/","og_locale":"gl_ES","og_type":"article","og_title":"Letras -","og_description":"Hai uns d\u00edas l\u00eda que nos estabamos barcelonizando na Nosa Terra. Vi\u00f1a isto a conto do D\u00eda do Libro, tan importante na Cidade Condal e en toda Catalunya. A verdade \u00e9 que son moitas as librar\u00edas que me confirman que isto \u00e9 as\u00ed, que o D\u00eda do Libro est\u00e1 pasando a ser un bo d\u00eda de ventas.","og_url":"https:\/\/www.anovapeneira.gal\/index.php\/2021\/05\/27\/letras\/","article_publisher":"https:\/\/www.facebook.com\/anovapeneira","article_published_time":"2021-05-27T10:00:00+00:00","og_image":[{"width":720,"height":432,"url":"https:\/\/www.anovapeneira.gal\/wp-content\/uploads\/2021\/04\/Fernando_Miranda_Libreiro_Bueu.jpg","type":"image\/jpeg"}],"author":"Fernando Miranda Est\u00e9vez","twitter_card":"summary_large_image","twitter_image":"https:\/\/www.anovapeneira.gal\/wp-content\/uploads\/2021\/04\/Fernando_Miranda_Libreiro_Bueu.jpg","twitter_creator":"@APeneira","twitter_site":"@APeneira","twitter_misc":{"Escrito por":"Fernando Miranda Est\u00e9vez","Tempo de lectura":"3 minutos"},"schema":{"@context":"https:\/\/schema.org","@graph":[{"@type":"Article","@id":"https:\/\/www.anovapeneira.gal\/index.php\/2021\/05\/27\/letras\/#article","isPartOf":{"@id":"https:\/\/www.anovapeneira.gal\/index.php\/2021\/05\/27\/letras\/"},"author":{"name":"Fernando Miranda Est\u00e9vez","@id":"https:\/\/www.anovapeneira.gal\/#\/schema\/person\/2e1b05e40bb557c3dc0a175352f7c5db"},"headline":"Letras","datePublished":"2021-05-27T10:00:00+00:00","mainEntityOfPage":{"@id":"https:\/\/www.anovapeneira.gal\/index.php\/2021\/05\/27\/letras\/"},"wordCount":583,"commentCount":0,"publisher":{"@id":"https:\/\/www.anovapeneira.gal\/#organization"},"image":{"@id":"https:\/\/www.anovapeneira.gal\/index.php\/2021\/05\/27\/letras\/#primaryimage"},"thumbnailUrl":"https:\/\/www.anovapeneira.gal\/wp-content\/uploads\/2019\/07\/ARTIGO_DE_OPINION_A_NOVA_PENEIRA.jpg","keywords":["Literartura"],"articleSection":["Artigos de opini\u00f3n"],"inLanguage":"gl-ES","potentialAction":[{"@type":"CommentAction","name":"Comment","target":["https:\/\/www.anovapeneira.gal\/index.php\/2021\/05\/27\/letras\/#respond"]}]},{"@type":"WebPage","@id":"https:\/\/www.anovapeneira.gal\/index.php\/2021\/05\/27\/letras\/","url":"https:\/\/www.anovapeneira.gal\/index.php\/2021\/05\/27\/letras\/","name":"Letras -","isPartOf":{"@id":"https:\/\/www.anovapeneira.gal\/#website"},"primaryImageOfPage":{"@id":"https:\/\/www.anovapeneira.gal\/index.php\/2021\/05\/27\/letras\/#primaryimage"},"image":{"@id":"https:\/\/www.anovapeneira.gal\/index.php\/2021\/05\/27\/letras\/#primaryimage"},"thumbnailUrl":"https:\/\/www.anovapeneira.gal\/wp-content\/uploads\/2019\/07\/ARTIGO_DE_OPINION_A_NOVA_PENEIRA.jpg","datePublished":"2021-05-27T10:00:00+00:00","description":"Hai uns d\u00edas l\u00eda que nos estabamos barcelonizando na Nosa Terra. Vi\u00f1a isto a conto do D\u00eda do Libro, tan importante na Cidade Condal e en toda Catalunya. A verdade \u00e9 que son moitas as librar\u00edas que me confirman que isto \u00e9 as\u00ed, que o D\u00eda do Libro est\u00e1 pasando a ser un bo d\u00eda de ventas.","breadcrumb":{"@id":"https:\/\/www.anovapeneira.gal\/index.php\/2021\/05\/27\/letras\/#breadcrumb"},"inLanguage":"gl-ES","potentialAction":[{"@type":"ReadAction","target":["https:\/\/www.anovapeneira.gal\/index.php\/2021\/05\/27\/letras\/"]}]},{"@type":"ImageObject","inLanguage":"gl-ES","@id":"https:\/\/www.anovapeneira.gal\/index.php\/2021\/05\/27\/letras\/#primaryimage","url":"https:\/\/www.anovapeneira.gal\/wp-content\/uploads\/2019\/07\/ARTIGO_DE_OPINION_A_NOVA_PENEIRA.jpg","contentUrl":"https:\/\/www.anovapeneira.gal\/wp-content\/uploads\/2019\/07\/ARTIGO_DE_OPINION_A_NOVA_PENEIRA.jpg","width":720,"height":473,"caption":"Artigo de opini\u00f3n A Nova Peneira"},{"@type":"BreadcrumbList","@id":"https:\/\/www.anovapeneira.gal\/index.php\/2021\/05\/27\/letras\/#breadcrumb","itemListElement":[{"@type":"ListItem","position":1,"name":"Portada","item":"https:\/\/www.anovapeneira.gal\/"},{"@type":"ListItem","position":2,"name":"Letras"}]},{"@type":"WebSite","@id":"https:\/\/www.anovapeneira.gal\/#website","url":"https:\/\/www.anovapeneira.gal\/","name":"","description":"Xornal galego de informaci\u00f3n xeral Publicaci\u00f3n mensual de novas de Galicia e en especial dos Concellos da sur da provincia de Pontevedra.","publisher":{"@id":"https:\/\/www.anovapeneira.gal\/#organization"},"potentialAction":[{"@type":"SearchAction","target":{"@type":"EntryPoint","urlTemplate":"https:\/\/www.anovapeneira.gal\/?s={search_term_string}"},"query-input":{"@type":"PropertyValueSpecification","valueRequired":true,"valueName":"search_term_string"}}],"inLanguage":"gl-ES"},{"@type":"Organization","@id":"https:\/\/www.anovapeneira.gal\/#organization","name":"A Nova Peneira","url":"https:\/\/www.anovapeneira.gal\/","logo":{"@type":"ImageObject","inLanguage":"gl-ES","@id":"https:\/\/www.anovapeneira.gal\/#\/schema\/logo\/image\/","url":"http:\/\/www.anovapeneira.gal\/wp-content\/uploads\/2019\/06\/logo_a_nova_peneira_portal_web.png","contentUrl":"http:\/\/www.anovapeneira.gal\/wp-content\/uploads\/2019\/06\/logo_a_nova_peneira_portal_web.png","width":300,"height":100,"caption":"A Nova Peneira"},"image":{"@id":"https:\/\/www.anovapeneira.gal\/#\/schema\/logo\/image\/"},"sameAs":["https:\/\/www.facebook.com\/anovapeneira","https:\/\/x.com\/APeneira"]},{"@type":"Person","@id":"https:\/\/www.anovapeneira.gal\/#\/schema\/person\/2e1b05e40bb557c3dc0a175352f7c5db","name":"Fernando Miranda Est\u00e9vez","image":{"@type":"ImageObject","inLanguage":"gl-ES","@id":"https:\/\/secure.gravatar.com\/avatar\/20fcdf350ac9152adc4a2baf08c10ddb3bb475a1881e6915a2a1e7936bd5cc68?s=96&d=mm&r=g","url":"https:\/\/secure.gravatar.com\/avatar\/20fcdf350ac9152adc4a2baf08c10ddb3bb475a1881e6915a2a1e7936bd5cc68?s=96&d=mm&r=g","contentUrl":"https:\/\/secure.gravatar.com\/avatar\/20fcdf350ac9152adc4a2baf08c10ddb3bb475a1881e6915a2a1e7936bd5cc68?s=96&d=mm&r=g","caption":"Fernando Miranda Est\u00e9vez"},"url":"https:\/\/www.anovapeneira.gal\/index.php\/author\/fernandomiranda\/"}]}},"jetpack_featured_media_url":"https:\/\/www.anovapeneira.gal\/wp-content\/uploads\/2019\/07\/ARTIGO_DE_OPINION_A_NOVA_PENEIRA.jpg","_links":{"self":[{"href":"https:\/\/www.anovapeneira.gal\/index.php\/wp-json\/wp\/v2\/posts\/5459","targetHints":{"allow":["GET"]}}],"collection":[{"href":"https:\/\/www.anovapeneira.gal\/index.php\/wp-json\/wp\/v2\/posts"}],"about":[{"href":"https:\/\/www.anovapeneira.gal\/index.php\/wp-json\/wp\/v2\/types\/post"}],"author":[{"embeddable":true,"href":"https:\/\/www.anovapeneira.gal\/index.php\/wp-json\/wp\/v2\/users\/38"}],"replies":[{"embeddable":true,"href":"https:\/\/www.anovapeneira.gal\/index.php\/wp-json\/wp\/v2\/comments?post=5459"}],"version-history":[{"count":2,"href":"https:\/\/www.anovapeneira.gal\/index.php\/wp-json\/wp\/v2\/posts\/5459\/revisions"}],"predecessor-version":[{"id":5462,"href":"https:\/\/www.anovapeneira.gal\/index.php\/wp-json\/wp\/v2\/posts\/5459\/revisions\/5462"}],"wp:featuredmedia":[{"embeddable":true,"href":"https:\/\/www.anovapeneira.gal\/index.php\/wp-json\/wp\/v2\/media\/584"}],"wp:attachment":[{"href":"https:\/\/www.anovapeneira.gal\/index.php\/wp-json\/wp\/v2\/media?parent=5459"}],"wp:term":[{"taxonomy":"category","embeddable":true,"href":"https:\/\/www.anovapeneira.gal\/index.php\/wp-json\/wp\/v2\/categories?post=5459"},{"taxonomy":"post_tag","embeddable":true,"href":"https:\/\/www.anovapeneira.gal\/index.php\/wp-json\/wp\/v2\/tags?post=5459"}],"curies":[{"name":"wp","href":"https:\/\/api.w.org\/{rel}","templated":true}]}}