{"id":547,"date":"2019-07-23T23:04:21","date_gmt":"2019-07-23T21:04:21","guid":{"rendered":"http:\/\/www.anovapeneira.gal\/?p=547"},"modified":"2019-07-24T08:27:22","modified_gmt":"2019-07-24T06:27:22","slug":"o-bng-denuncia-o-abandono-do-parque-da-bouza-e-demanda-que-o-concello-actue-de-inmediato","status":"publish","type":"post","link":"https:\/\/www.anovapeneira.gal\/index.php\/2019\/07\/23\/o-bng-denuncia-o-abandono-do-parque-da-bouza-e-demanda-que-o-concello-actue-de-inmediato\/","title":{"rendered":"O BNG denuncia o abandono do parque da Bouza e demanda que o Concello act\u00fae de inmediato"},"content":{"rendered":"\n<h2 class=\"wp-block-heading\">O concelleiro Xabier P. Igrexas pide que se atendan as petici\u00f3ns da veci\u00f1anza que levan semanas alertando da abundancia de lixo e do aumento na presenza de ratas e ratos.  <\/h2>\n\n\n\n<h2 class=\"wp-block-heading\"> A fronte nacionalista chama ao Goberno municipal a deixar a \u201cpol\u00edtica aparencial\u201d de grandes anuncios e na que o \u00fanico \u201cque brilla, pola s\u00faa ausencia, \u00e9 o mantemento\u201d.  <\/h2>\n\n\n\n<p><strong>VIGO, 13 de xullo de 2019<\/strong><\/p>\n\n\n\n<p>O Bloque Nacionalista Galego recollendo as denuncias veci\u00f1ais que desde hai bastantes semanas alertan do abandono do parque da Bouza, demandou esta ma\u00f1\u00e1 que o Goberno municipal de Vigo act\u00fae de inmediato.  <\/p>\n\n\n\n<p> O concelleiro Xabier P. Igrexas criticou a falla de mantemento e limpeza do parque que se traduce na existencia de abundante lixo, a ausencia de papeleiras, p\u00f3las de \u00e1rbores rotas e sen retirar, a presenza de cristais nas proximidades de \u00e1reas de xogo de crianzas. Igrexas cualificou de especialmente grave a denuncia da veci\u00f1anza dunha cada vez maior presenza de \u201cratas e ratos no parque\u201d, moi probabelmente a causa da falla de limpeza, o que sup\u00f3n un problema de hixiene e de sa\u00fade p\u00fablica.  <\/p>\n\n\n\n<p><strong>Falla de mantemento<\/strong> <\/p>\n\n\n\n<p>\u201cPara o BNG a situaci\u00f3n do parque da Bouza \u00e9 a evidencia da falla de xesti\u00f3n municipal. \u201cTemos un Goberno municipal afeito a prometer novas actuaci\u00f3ns, a <em>deslumbrar<\/em> con infograf\u00edas, a ocupar titulares con anuncios de novos proxectos, pero desde logo o que brilla pola s\u00faa ausencia \u00e9 o mantemento, a atenci\u00f3n, a limpeza e o bo estado de espazos como o parque da Bouza\u201d, reprochou o edil nacionalista.  <\/p>\n\n\n\n<figure class=\"wp-block-image\"><img loading=\"lazy\" decoding=\"async\" width=\"720\" height=\"473\" src=\"http:\/\/www.anovapeneira.gal\/wp-content\/uploads\/2019\/07\/parqueda_bouza_a_nova_peneira.jpg\" alt=\"abandono do parque da Bouza Concello de Vigo A Nova Peneira\" class=\"wp-image-549\" srcset=\"https:\/\/www.anovapeneira.gal\/wp-content\/uploads\/2019\/07\/parqueda_bouza_a_nova_peneira.jpg 720w, https:\/\/www.anovapeneira.gal\/wp-content\/uploads\/2019\/07\/parqueda_bouza_a_nova_peneira-300x197.jpg 300w\" sizes=\"auto, (max-width: 720px) 100vw, 720px\" \/><\/figure>\n\n\n\n<p>\nIgrexas cualificou a\nBouza como \u201cun espazo privilexiado\u201d e lembrou que foi unha\n\u201cgrande conquista veci\u00f1al para ese barrio, cunha valiosa zona\nverde co seu humidal, e cun espazo de esparcemento, que o configura\ncomo un grande pulm\u00f3n verde para a s\u00faa contorna\u201d. Emporiso, a\nfronte nacionalista esixe que o Goberno municipal \u201cdeixe a pol\u00edtica\naparencial e de anuncios e que pase \u00e1 pol\u00edtica dos feitos, e que se\ntraduzan no mellor mantemento de parques como o da Bouza\u201d.<\/p>\n","protected":false},"excerpt":{"rendered":"<div class=\"mh-excerpt\"><p>O concelleiro Xabier P. Igrexas pide que se atendan as petici\u00f3ns da veci\u00f1anza que levan semanas alertando da abundancia de lixo e do aumento na presenza de ratas e ratos. <a class=\"mh-excerpt-more\" href=\"https:\/\/www.anovapeneira.gal\/index.php\/2019\/07\/23\/o-bng-denuncia-o-abandono-do-parque-da-bouza-e-demanda-que-o-concello-actue-de-inmediato\/\" title=\"O BNG denuncia o abandono do parque da Bouza e demanda que o Concello act\u00fae de inmediato\">[&#8230;]<\/a><\/p>\n<\/div>","protected":false},"author":3,"featured_media":548,"comment_status":"open","ping_status":"open","sticky":false,"template":"","format":"standard","meta":{"_exactmetrics_skip_tracking":false,"_exactmetrics_sitenote_active":false,"_exactmetrics_sitenote_note":"","_exactmetrics_sitenote_category":0,"footnotes":""},"categories":[19],"tags":[230,227,121,228,159,226,229],"class_list":{"0":"post-547","1":"post","2":"type-post","3":"status-publish","4":"format-standard","5":"has-post-thumbnail","7":"category-vigo","8":"tag-bng-de-vigo","9":"tag-concello-de-vigo","10":"tag-fomento","11":"tag-mantemento","12":"tag-medio-ambiente","13":"tag-parque-da-bouza","14":"tag-parques-e-xardins"},"yoast_head":"<!-- This site is optimized with the Yoast SEO plugin v27.4 - https:\/\/yoast.com\/product\/yoast-seo-wordpress\/ -->\n<title>O BNG denuncia o abandono do parque da Bouza e demanda que o Concello act\u00fae de inmediato -<\/title>\n<meta name=\"robots\" content=\"index, follow, max-snippet:-1, max-image-preview:large, max-video-preview:-1\" \/>\n<link rel=\"canonical\" href=\"https:\/\/www.anovapeneira.gal\/index.php\/2019\/07\/23\/o-bng-denuncia-o-abandono-do-parque-da-bouza-e-demanda-que-o-concello-actue-de-inmediato\/\" \/>\n<meta property=\"og:locale\" content=\"gl_ES\" \/>\n<meta property=\"og:type\" content=\"article\" \/>\n<meta property=\"og:title\" content=\"O BNG denuncia o abandono do parque da Bouza e demanda que o Concello act\u00fae de inmediato -\" \/>\n<meta property=\"og:description\" content=\"O concelleiro Xabier P. Igrexas pide que se atendan as petici\u00f3ns da veci\u00f1anza que levan semanas alertando da abundancia de lixo e do aumento na presenza de ratas e ratos. [...]\" \/>\n<meta property=\"og:url\" content=\"https:\/\/www.anovapeneira.gal\/index.php\/2019\/07\/23\/o-bng-denuncia-o-abandono-do-parque-da-bouza-e-demanda-que-o-concello-actue-de-inmediato\/\" \/>\n<meta property=\"article:publisher\" content=\"https:\/\/www.facebook.com\/anovapeneira\" \/>\n<meta property=\"article:published_time\" content=\"2019-07-23T21:04:21+00:00\" \/>\n<meta property=\"article:modified_time\" content=\"2019-07-24T06:27:22+00:00\" \/>\n<meta property=\"og:image\" content=\"https:\/\/www.anovapeneira.gal\/wp-content\/uploads\/2019\/07\/Parque_da_Bouza_A_nova_peneira.jpg\" \/>\n\t<meta property=\"og:image:width\" content=\"720\" \/>\n\t<meta property=\"og:image:height\" content=\"473\" \/>\n\t<meta property=\"og:image:type\" content=\"image\/jpeg\" \/>\n<meta name=\"author\" content=\"Redacci\u00f3n A Nova Peneira\" \/>\n<meta name=\"twitter:card\" content=\"summary_large_image\" \/>\n<meta name=\"twitter:creator\" content=\"@APeneira\" \/>\n<meta name=\"twitter:site\" content=\"@APeneira\" \/>\n<meta name=\"twitter:label1\" content=\"Escrito por\" \/>\n\t<meta name=\"twitter:data1\" content=\"Redacci\u00f3n A Nova Peneira\" \/>\n\t<meta name=\"twitter:label2\" content=\"Tempo de lectura\" \/>\n\t<meta name=\"twitter:data2\" content=\"2 minutos\" \/>\n<script type=\"application\/ld+json\" class=\"yoast-schema-graph\">{\"@context\":\"https:\\\/\\\/schema.org\",\"@graph\":[{\"@type\":\"Article\",\"@id\":\"https:\\\/\\\/www.anovapeneira.gal\\\/index.php\\\/2019\\\/07\\\/23\\\/o-bng-denuncia-o-abandono-do-parque-da-bouza-e-demanda-que-o-concello-actue-de-inmediato\\\/#article\",\"isPartOf\":{\"@id\":\"https:\\\/\\\/www.anovapeneira.gal\\\/index.php\\\/2019\\\/07\\\/23\\\/o-bng-denuncia-o-abandono-do-parque-da-bouza-e-demanda-que-o-concello-actue-de-inmediato\\\/\"},\"author\":{\"name\":\"Redacci\u00f3n A Nova Peneira\",\"@id\":\"https:\\\/\\\/www.anovapeneira.gal\\\/#\\\/schema\\\/person\\\/b93e3f8932e3f8da96334607eb6ac6aa\"},\"headline\":\"O BNG denuncia o abandono do parque da Bouza e demanda que o Concello act\u00fae de inmediato\",\"datePublished\":\"2019-07-23T21:04:21+00:00\",\"dateModified\":\"2019-07-24T06:27:22+00:00\",\"mainEntityOfPage\":{\"@id\":\"https:\\\/\\\/www.anovapeneira.gal\\\/index.php\\\/2019\\\/07\\\/23\\\/o-bng-denuncia-o-abandono-do-parque-da-bouza-e-demanda-que-o-concello-actue-de-inmediato\\\/\"},\"wordCount\":365,\"commentCount\":0,\"publisher\":{\"@id\":\"https:\\\/\\\/www.anovapeneira.gal\\\/#organization\"},\"image\":{\"@id\":\"https:\\\/\\\/www.anovapeneira.gal\\\/index.php\\\/2019\\\/07\\\/23\\\/o-bng-denuncia-o-abandono-do-parque-da-bouza-e-demanda-que-o-concello-actue-de-inmediato\\\/#primaryimage\"},\"thumbnailUrl\":\"https:\\\/\\\/www.anovapeneira.gal\\\/wp-content\\\/uploads\\\/2019\\\/07\\\/Parque_da_Bouza_A_nova_peneira.jpg\",\"keywords\":[\"BNG de Vigo\",\"Concello de Vigo\",\"Fomento\",\"Mantemento\",\"Medio Ambiente\",\"Parque da Bouza\",\"Parques e Xard\u00edns\"],\"articleSection\":[\"Vigo\"],\"inLanguage\":\"gl-ES\",\"potentialAction\":[{\"@type\":\"CommentAction\",\"name\":\"Comment\",\"target\":[\"https:\\\/\\\/www.anovapeneira.gal\\\/index.php\\\/2019\\\/07\\\/23\\\/o-bng-denuncia-o-abandono-do-parque-da-bouza-e-demanda-que-o-concello-actue-de-inmediato\\\/#respond\"]}]},{\"@type\":\"WebPage\",\"@id\":\"https:\\\/\\\/www.anovapeneira.gal\\\/index.php\\\/2019\\\/07\\\/23\\\/o-bng-denuncia-o-abandono-do-parque-da-bouza-e-demanda-que-o-concello-actue-de-inmediato\\\/\",\"url\":\"https:\\\/\\\/www.anovapeneira.gal\\\/index.php\\\/2019\\\/07\\\/23\\\/o-bng-denuncia-o-abandono-do-parque-da-bouza-e-demanda-que-o-concello-actue-de-inmediato\\\/\",\"name\":\"O BNG denuncia o abandono do parque da Bouza e demanda que o Concello act\u00fae de inmediato -\",\"isPartOf\":{\"@id\":\"https:\\\/\\\/www.anovapeneira.gal\\\/#website\"},\"primaryImageOfPage\":{\"@id\":\"https:\\\/\\\/www.anovapeneira.gal\\\/index.php\\\/2019\\\/07\\\/23\\\/o-bng-denuncia-o-abandono-do-parque-da-bouza-e-demanda-que-o-concello-actue-de-inmediato\\\/#primaryimage\"},\"image\":{\"@id\":\"https:\\\/\\\/www.anovapeneira.gal\\\/index.php\\\/2019\\\/07\\\/23\\\/o-bng-denuncia-o-abandono-do-parque-da-bouza-e-demanda-que-o-concello-actue-de-inmediato\\\/#primaryimage\"},\"thumbnailUrl\":\"https:\\\/\\\/www.anovapeneira.gal\\\/wp-content\\\/uploads\\\/2019\\\/07\\\/Parque_da_Bouza_A_nova_peneira.jpg\",\"datePublished\":\"2019-07-23T21:04:21+00:00\",\"dateModified\":\"2019-07-24T06:27:22+00:00\",\"breadcrumb\":{\"@id\":\"https:\\\/\\\/www.anovapeneira.gal\\\/index.php\\\/2019\\\/07\\\/23\\\/o-bng-denuncia-o-abandono-do-parque-da-bouza-e-demanda-que-o-concello-actue-de-inmediato\\\/#breadcrumb\"},\"inLanguage\":\"gl-ES\",\"potentialAction\":[{\"@type\":\"ReadAction\",\"target\":[\"https:\\\/\\\/www.anovapeneira.gal\\\/index.php\\\/2019\\\/07\\\/23\\\/o-bng-denuncia-o-abandono-do-parque-da-bouza-e-demanda-que-o-concello-actue-de-inmediato\\\/\"]}]},{\"@type\":\"ImageObject\",\"inLanguage\":\"gl-ES\",\"@id\":\"https:\\\/\\\/www.anovapeneira.gal\\\/index.php\\\/2019\\\/07\\\/23\\\/o-bng-denuncia-o-abandono-do-parque-da-bouza-e-demanda-que-o-concello-actue-de-inmediato\\\/#primaryimage\",\"url\":\"https:\\\/\\\/www.anovapeneira.gal\\\/wp-content\\\/uploads\\\/2019\\\/07\\\/Parque_da_Bouza_A_nova_peneira.jpg\",\"contentUrl\":\"https:\\\/\\\/www.anovapeneira.gal\\\/wp-content\\\/uploads\\\/2019\\\/07\\\/Parque_da_Bouza_A_nova_peneira.jpg\",\"width\":720,\"height\":473,\"caption\":\"abandono do parque da Bouza Concello de Vigo A Nova Peneira\"},{\"@type\":\"BreadcrumbList\",\"@id\":\"https:\\\/\\\/www.anovapeneira.gal\\\/index.php\\\/2019\\\/07\\\/23\\\/o-bng-denuncia-o-abandono-do-parque-da-bouza-e-demanda-que-o-concello-actue-de-inmediato\\\/#breadcrumb\",\"itemListElement\":[{\"@type\":\"ListItem\",\"position\":1,\"name\":\"Portada\",\"item\":\"https:\\\/\\\/www.anovapeneira.gal\\\/\"},{\"@type\":\"ListItem\",\"position\":2,\"name\":\"O BNG denuncia o abandono do parque da Bouza e demanda que o Concello act\u00fae de inmediato\"}]},{\"@type\":\"WebSite\",\"@id\":\"https:\\\/\\\/www.anovapeneira.gal\\\/#website\",\"url\":\"https:\\\/\\\/www.anovapeneira.gal\\\/\",\"name\":\"\",\"description\":\"Xornal galego de informaci\u00f3n xeral Publicaci\u00f3n mensual de novas de Galicia e en especial dos Concellos da sur da provincia de Pontevedra.\",\"publisher\":{\"@id\":\"https:\\\/\\\/www.anovapeneira.gal\\\/#organization\"},\"potentialAction\":[{\"@type\":\"SearchAction\",\"target\":{\"@type\":\"EntryPoint\",\"urlTemplate\":\"https:\\\/\\\/www.anovapeneira.gal\\\/?s={search_term_string}\"},\"query-input\":{\"@type\":\"PropertyValueSpecification\",\"valueRequired\":true,\"valueName\":\"search_term_string\"}}],\"inLanguage\":\"gl-ES\"},{\"@type\":\"Organization\",\"@id\":\"https:\\\/\\\/www.anovapeneira.gal\\\/#organization\",\"name\":\"A Nova Peneira\",\"url\":\"https:\\\/\\\/www.anovapeneira.gal\\\/\",\"logo\":{\"@type\":\"ImageObject\",\"inLanguage\":\"gl-ES\",\"@id\":\"https:\\\/\\\/www.anovapeneira.gal\\\/#\\\/schema\\\/logo\\\/image\\\/\",\"url\":\"http:\\\/\\\/www.anovapeneira.gal\\\/wp-content\\\/uploads\\\/2019\\\/06\\\/logo_a_nova_peneira_portal_web.png\",\"contentUrl\":\"http:\\\/\\\/www.anovapeneira.gal\\\/wp-content\\\/uploads\\\/2019\\\/06\\\/logo_a_nova_peneira_portal_web.png\",\"width\":300,\"height\":100,\"caption\":\"A Nova Peneira\"},\"image\":{\"@id\":\"https:\\\/\\\/www.anovapeneira.gal\\\/#\\\/schema\\\/logo\\\/image\\\/\"},\"sameAs\":[\"https:\\\/\\\/www.facebook.com\\\/anovapeneira\",\"https:\\\/\\\/x.com\\\/APeneira\"]},{\"@type\":\"Person\",\"@id\":\"https:\\\/\\\/www.anovapeneira.gal\\\/#\\\/schema\\\/person\\\/b93e3f8932e3f8da96334607eb6ac6aa\",\"name\":\"Redacci\u00f3n A Nova Peneira\",\"image\":{\"@type\":\"ImageObject\",\"inLanguage\":\"gl-ES\",\"@id\":\"https:\\\/\\\/secure.gravatar.com\\\/avatar\\\/c052a2551a06e23fac63626232eaa90abd78dbcf1700fc46a2b2c89fd27b735f?s=96&d=mm&r=g\",\"url\":\"https:\\\/\\\/secure.gravatar.com\\\/avatar\\\/c052a2551a06e23fac63626232eaa90abd78dbcf1700fc46a2b2c89fd27b735f?s=96&d=mm&r=g\",\"contentUrl\":\"https:\\\/\\\/secure.gravatar.com\\\/avatar\\\/c052a2551a06e23fac63626232eaa90abd78dbcf1700fc46a2b2c89fd27b735f?s=96&d=mm&r=g\",\"caption\":\"Redacci\u00f3n A Nova Peneira\"},\"sameAs\":[\"http:\\\/\\\/www.anovapeneira.gal\\\/\"],\"url\":\"https:\\\/\\\/www.anovapeneira.gal\\\/index.php\\\/author\\\/redactor\\\/\"}]}<\/script>\n<!-- \/ Yoast SEO plugin. -->","yoast_head_json":{"title":"O BNG denuncia o abandono do parque da Bouza e demanda que o Concello act\u00fae de inmediato -","robots":{"index":"index","follow":"follow","max-snippet":"max-snippet:-1","max-image-preview":"max-image-preview:large","max-video-preview":"max-video-preview:-1"},"canonical":"https:\/\/www.anovapeneira.gal\/index.php\/2019\/07\/23\/o-bng-denuncia-o-abandono-do-parque-da-bouza-e-demanda-que-o-concello-actue-de-inmediato\/","og_locale":"gl_ES","og_type":"article","og_title":"O BNG denuncia o abandono do parque da Bouza e demanda que o Concello act\u00fae de inmediato -","og_description":"O concelleiro Xabier P. Igrexas pide que se atendan as petici\u00f3ns da veci\u00f1anza que levan semanas alertando da abundancia de lixo e do aumento na presenza de ratas e ratos. [...]","og_url":"https:\/\/www.anovapeneira.gal\/index.php\/2019\/07\/23\/o-bng-denuncia-o-abandono-do-parque-da-bouza-e-demanda-que-o-concello-actue-de-inmediato\/","article_publisher":"https:\/\/www.facebook.com\/anovapeneira","article_published_time":"2019-07-23T21:04:21+00:00","article_modified_time":"2019-07-24T06:27:22+00:00","og_image":[{"width":720,"height":473,"url":"https:\/\/www.anovapeneira.gal\/wp-content\/uploads\/2019\/07\/Parque_da_Bouza_A_nova_peneira.jpg","type":"image\/jpeg"}],"author":"Redacci\u00f3n A Nova Peneira","twitter_card":"summary_large_image","twitter_creator":"@APeneira","twitter_site":"@APeneira","twitter_misc":{"Escrito por":"Redacci\u00f3n A Nova Peneira","Tempo de lectura":"2 minutos"},"schema":{"@context":"https:\/\/schema.org","@graph":[{"@type":"Article","@id":"https:\/\/www.anovapeneira.gal\/index.php\/2019\/07\/23\/o-bng-denuncia-o-abandono-do-parque-da-bouza-e-demanda-que-o-concello-actue-de-inmediato\/#article","isPartOf":{"@id":"https:\/\/www.anovapeneira.gal\/index.php\/2019\/07\/23\/o-bng-denuncia-o-abandono-do-parque-da-bouza-e-demanda-que-o-concello-actue-de-inmediato\/"},"author":{"name":"Redacci\u00f3n A Nova Peneira","@id":"https:\/\/www.anovapeneira.gal\/#\/schema\/person\/b93e3f8932e3f8da96334607eb6ac6aa"},"headline":"O BNG denuncia o abandono do parque da Bouza e demanda que o Concello act\u00fae de inmediato","datePublished":"2019-07-23T21:04:21+00:00","dateModified":"2019-07-24T06:27:22+00:00","mainEntityOfPage":{"@id":"https:\/\/www.anovapeneira.gal\/index.php\/2019\/07\/23\/o-bng-denuncia-o-abandono-do-parque-da-bouza-e-demanda-que-o-concello-actue-de-inmediato\/"},"wordCount":365,"commentCount":0,"publisher":{"@id":"https:\/\/www.anovapeneira.gal\/#organization"},"image":{"@id":"https:\/\/www.anovapeneira.gal\/index.php\/2019\/07\/23\/o-bng-denuncia-o-abandono-do-parque-da-bouza-e-demanda-que-o-concello-actue-de-inmediato\/#primaryimage"},"thumbnailUrl":"https:\/\/www.anovapeneira.gal\/wp-content\/uploads\/2019\/07\/Parque_da_Bouza_A_nova_peneira.jpg","keywords":["BNG de Vigo","Concello de Vigo","Fomento","Mantemento","Medio Ambiente","Parque da Bouza","Parques e Xard\u00edns"],"articleSection":["Vigo"],"inLanguage":"gl-ES","potentialAction":[{"@type":"CommentAction","name":"Comment","target":["https:\/\/www.anovapeneira.gal\/index.php\/2019\/07\/23\/o-bng-denuncia-o-abandono-do-parque-da-bouza-e-demanda-que-o-concello-actue-de-inmediato\/#respond"]}]},{"@type":"WebPage","@id":"https:\/\/www.anovapeneira.gal\/index.php\/2019\/07\/23\/o-bng-denuncia-o-abandono-do-parque-da-bouza-e-demanda-que-o-concello-actue-de-inmediato\/","url":"https:\/\/www.anovapeneira.gal\/index.php\/2019\/07\/23\/o-bng-denuncia-o-abandono-do-parque-da-bouza-e-demanda-que-o-concello-actue-de-inmediato\/","name":"O BNG denuncia o abandono do parque da Bouza e demanda que o Concello act\u00fae de inmediato -","isPartOf":{"@id":"https:\/\/www.anovapeneira.gal\/#website"},"primaryImageOfPage":{"@id":"https:\/\/www.anovapeneira.gal\/index.php\/2019\/07\/23\/o-bng-denuncia-o-abandono-do-parque-da-bouza-e-demanda-que-o-concello-actue-de-inmediato\/#primaryimage"},"image":{"@id":"https:\/\/www.anovapeneira.gal\/index.php\/2019\/07\/23\/o-bng-denuncia-o-abandono-do-parque-da-bouza-e-demanda-que-o-concello-actue-de-inmediato\/#primaryimage"},"thumbnailUrl":"https:\/\/www.anovapeneira.gal\/wp-content\/uploads\/2019\/07\/Parque_da_Bouza_A_nova_peneira.jpg","datePublished":"2019-07-23T21:04:21+00:00","dateModified":"2019-07-24T06:27:22+00:00","breadcrumb":{"@id":"https:\/\/www.anovapeneira.gal\/index.php\/2019\/07\/23\/o-bng-denuncia-o-abandono-do-parque-da-bouza-e-demanda-que-o-concello-actue-de-inmediato\/#breadcrumb"},"inLanguage":"gl-ES","potentialAction":[{"@type":"ReadAction","target":["https:\/\/www.anovapeneira.gal\/index.php\/2019\/07\/23\/o-bng-denuncia-o-abandono-do-parque-da-bouza-e-demanda-que-o-concello-actue-de-inmediato\/"]}]},{"@type":"ImageObject","inLanguage":"gl-ES","@id":"https:\/\/www.anovapeneira.gal\/index.php\/2019\/07\/23\/o-bng-denuncia-o-abandono-do-parque-da-bouza-e-demanda-que-o-concello-actue-de-inmediato\/#primaryimage","url":"https:\/\/www.anovapeneira.gal\/wp-content\/uploads\/2019\/07\/Parque_da_Bouza_A_nova_peneira.jpg","contentUrl":"https:\/\/www.anovapeneira.gal\/wp-content\/uploads\/2019\/07\/Parque_da_Bouza_A_nova_peneira.jpg","width":720,"height":473,"caption":"abandono do parque da Bouza Concello de Vigo A Nova Peneira"},{"@type":"BreadcrumbList","@id":"https:\/\/www.anovapeneira.gal\/index.php\/2019\/07\/23\/o-bng-denuncia-o-abandono-do-parque-da-bouza-e-demanda-que-o-concello-actue-de-inmediato\/#breadcrumb","itemListElement":[{"@type":"ListItem","position":1,"name":"Portada","item":"https:\/\/www.anovapeneira.gal\/"},{"@type":"ListItem","position":2,"name":"O BNG denuncia o abandono do parque da Bouza e demanda que o Concello act\u00fae de inmediato"}]},{"@type":"WebSite","@id":"https:\/\/www.anovapeneira.gal\/#website","url":"https:\/\/www.anovapeneira.gal\/","name":"","description":"Xornal galego de informaci\u00f3n xeral Publicaci\u00f3n mensual de novas de Galicia e en especial dos Concellos da sur da provincia de Pontevedra.","publisher":{"@id":"https:\/\/www.anovapeneira.gal\/#organization"},"potentialAction":[{"@type":"SearchAction","target":{"@type":"EntryPoint","urlTemplate":"https:\/\/www.anovapeneira.gal\/?s={search_term_string}"},"query-input":{"@type":"PropertyValueSpecification","valueRequired":true,"valueName":"search_term_string"}}],"inLanguage":"gl-ES"},{"@type":"Organization","@id":"https:\/\/www.anovapeneira.gal\/#organization","name":"A Nova Peneira","url":"https:\/\/www.anovapeneira.gal\/","logo":{"@type":"ImageObject","inLanguage":"gl-ES","@id":"https:\/\/www.anovapeneira.gal\/#\/schema\/logo\/image\/","url":"http:\/\/www.anovapeneira.gal\/wp-content\/uploads\/2019\/06\/logo_a_nova_peneira_portal_web.png","contentUrl":"http:\/\/www.anovapeneira.gal\/wp-content\/uploads\/2019\/06\/logo_a_nova_peneira_portal_web.png","width":300,"height":100,"caption":"A Nova Peneira"},"image":{"@id":"https:\/\/www.anovapeneira.gal\/#\/schema\/logo\/image\/"},"sameAs":["https:\/\/www.facebook.com\/anovapeneira","https:\/\/x.com\/APeneira"]},{"@type":"Person","@id":"https:\/\/www.anovapeneira.gal\/#\/schema\/person\/b93e3f8932e3f8da96334607eb6ac6aa","name":"Redacci\u00f3n A Nova Peneira","image":{"@type":"ImageObject","inLanguage":"gl-ES","@id":"https:\/\/secure.gravatar.com\/avatar\/c052a2551a06e23fac63626232eaa90abd78dbcf1700fc46a2b2c89fd27b735f?s=96&d=mm&r=g","url":"https:\/\/secure.gravatar.com\/avatar\/c052a2551a06e23fac63626232eaa90abd78dbcf1700fc46a2b2c89fd27b735f?s=96&d=mm&r=g","contentUrl":"https:\/\/secure.gravatar.com\/avatar\/c052a2551a06e23fac63626232eaa90abd78dbcf1700fc46a2b2c89fd27b735f?s=96&d=mm&r=g","caption":"Redacci\u00f3n A Nova Peneira"},"sameAs":["http:\/\/www.anovapeneira.gal\/"],"url":"https:\/\/www.anovapeneira.gal\/index.php\/author\/redactor\/"}]}},"jetpack_featured_media_url":"https:\/\/www.anovapeneira.gal\/wp-content\/uploads\/2019\/07\/Parque_da_Bouza_A_nova_peneira.jpg","_links":{"self":[{"href":"https:\/\/www.anovapeneira.gal\/index.php\/wp-json\/wp\/v2\/posts\/547","targetHints":{"allow":["GET"]}}],"collection":[{"href":"https:\/\/www.anovapeneira.gal\/index.php\/wp-json\/wp\/v2\/posts"}],"about":[{"href":"https:\/\/www.anovapeneira.gal\/index.php\/wp-json\/wp\/v2\/types\/post"}],"author":[{"embeddable":true,"href":"https:\/\/www.anovapeneira.gal\/index.php\/wp-json\/wp\/v2\/users\/3"}],"replies":[{"embeddable":true,"href":"https:\/\/www.anovapeneira.gal\/index.php\/wp-json\/wp\/v2\/comments?post=547"}],"version-history":[{"count":1,"href":"https:\/\/www.anovapeneira.gal\/index.php\/wp-json\/wp\/v2\/posts\/547\/revisions"}],"predecessor-version":[{"id":550,"href":"https:\/\/www.anovapeneira.gal\/index.php\/wp-json\/wp\/v2\/posts\/547\/revisions\/550"}],"wp:featuredmedia":[{"embeddable":true,"href":"https:\/\/www.anovapeneira.gal\/index.php\/wp-json\/wp\/v2\/media\/548"}],"wp:attachment":[{"href":"https:\/\/www.anovapeneira.gal\/index.php\/wp-json\/wp\/v2\/media?parent=547"}],"wp:term":[{"taxonomy":"category","embeddable":true,"href":"https:\/\/www.anovapeneira.gal\/index.php\/wp-json\/wp\/v2\/categories?post=547"},{"taxonomy":"post_tag","embeddable":true,"href":"https:\/\/www.anovapeneira.gal\/index.php\/wp-json\/wp\/v2\/tags?post=547"}],"curies":[{"name":"wp","href":"https:\/\/api.w.org\/{rel}","templated":true}]}}