{"id":5470,"date":"2021-06-01T10:00:28","date_gmt":"2021-06-01T08:00:28","guid":{"rendered":"http:\/\/www.anovapeneira.gal\/?p=5470"},"modified":"2021-05-25T13:46:06","modified_gmt":"2021-05-25T11:46:06","slug":"cambio-de-alcaldesa-en-salceda-e-breve-carta-a-tere-perez","status":"publish","type":"post","link":"https:\/\/www.anovapeneira.gal\/index.php\/2021\/06\/01\/cambio-de-alcaldesa-en-salceda-e-breve-carta-a-tere-perez\/","title":{"rendered":"Cambio de Alcaldesa en Salceda e breve carta a Tere P\u00e9rez"},"content":{"rendered":"\n<pre class=\"wp-block-verse\"><strong>Tino Lago<\/strong><\/pre>\n\n\n\n<p>No pr\u00f3ximo mes de xu\u00f1o o concello de Salceda vai mudar de alcaldesa. En virtude do acordo de goberno asinado ap\u00f3s as elecci\u00f3ns do 2.019 entre Movemento Salceda e O PSOE a alcald\u00eda ser\u00eda compartida .As\u00ed pois estes dous primeiros anos a responsabilidade recaeu en Loli, que a exerceu de maneira brillante. E os dous \u00faltimos ser\u00e1 Ver\u00f3nica quen leve as rendas do Concello, e con seguridade saber\u00e1 manter o list\u00f3n da s\u00faa predecesora. Na vindeira Peneira ofrecer\u00e9moslle unha moi ampla reportaxe do cambio de alcald\u00eda na que agardo poder contar coa visi\u00f3n das d\u00faas mulleres que este mandato tiveron a honra de exercer a m\u00e1xima responsabilidade no goberno do seu pobo<\/p>\n\n\n\n<p>Poucos d\u00edas antes de acontecer o troco na alcald\u00eda un acontecemento terrible sacud\u00eda a alma de todas as persoas que tiveran unha m\u00ednima relaci\u00f3n con este concello, pois Xan, o home de Tere P\u00e9rez falec\u00eda moi novo nun tr\u00e1xico accidente. Durante estes \u00faltimos 8 anos nos que o meu cami\u00f1o e o de A Nova Peneira fund\u00edronse nun s\u00f3, tiven a ocasi\u00f3n de tratar moitas veces con Tere. Ela era a persoa que exerc\u00eda de mediadora nas relaci\u00f3ns coa prensa. E malia que a nosa relaci\u00f3n foi meramente profesional serviume para collerlle cari\u00f1o. A s\u00faa amabilidade, dilixencia, seriedade e o seu eterno e inmenso sorriso son argumentos de abondo para sentir afecto por ela e un oc\u00e9ano de comodidade na s\u00faa compa\u00f1\u00eda. Sempre que acontece unha desgracia irreparable como \u00e9 a perda dun ser querido a algu\u00e9n que aprecio te\u00f1o d\u00fabidas sobre se expresarlle o meu afecto e empat\u00eda ou se deixalo en paz co seu c\u00edrculo m\u00e1is \u00edntimo, pois non te\u00f1o claro cal das d\u00faas actitudes \u00e9 a m\u00e1is adecuada. Asemade, eu creo que nada do que se diga nestes espantosos momentos, en verdade sirve para nada. No caso de Tere vou optar por dicirllo. Non sei se ela ter\u00e1 ocasi\u00f3n de ler estas palabras. Se o fai quixera dicirlle que foi un pracer tela co\u00f1ecido, unha honra compartir algunha cousa con ela, que sinto terriblemente a s\u00faa dor, que lle manifesto os meus mellores desexos para o seu futuro persoal e o dos seus fillos, e que lle env\u00edo unha inmensa aperta fraternal e solidaria.<\/p>\n","protected":false},"excerpt":{"rendered":"<div class=\"mh-excerpt\"><p>No pr\u00f3ximo mes de xu\u00f1o o concello de Salceda vai mudar de alcaldesa. En virtude do acordo de goberno asinado ap\u00f3s as elecci\u00f3ns do 2.019 entre Movemento Salceda e O PSOE a alcald\u00eda ser\u00eda compartida .As\u00ed pois estes dous primeiros anos a responsabilidade recaeu en Loli, que a exerceu de maneira brillante. E os dous \u00faltimos ser\u00e1 Ver\u00f3nica quen leve as rendas do Concello, e con seguridade saber\u00e1 manter o list\u00f3n da s\u00faa predecesora <a class=\"mh-excerpt-more\" href=\"https:\/\/www.anovapeneira.gal\/index.php\/2021\/06\/01\/cambio-de-alcaldesa-en-salceda-e-breve-carta-a-tere-perez\/\" title=\"Cambio de Alcaldesa en Salceda e breve carta a Tere P\u00e9rez\">[&#8230;]<\/a><\/p>\n<\/div>","protected":false},"author":2,"featured_media":4261,"comment_status":"open","ping_status":"open","sticky":false,"template":"","format":"standard","meta":{"_exactmetrics_skip_tracking":false,"_exactmetrics_sitenote_active":false,"_exactmetrics_sitenote_note":"","_exactmetrics_sitenote_category":0,"footnotes":""},"categories":[23],"tags":[359],"class_list":{"0":"post-5470","1":"post","2":"type-post","3":"status-publish","4":"format-standard","5":"has-post-thumbnail","7":"category-a-lourina","8":"tag-concello-de-salceda-de-caselas"},"yoast_head":"<!-- This site is optimized with the Yoast SEO plugin v27.5 - https:\/\/yoast.com\/product\/yoast-seo-wordpress\/ -->\n<title>Cambio de Alcaldesa en Salceda e breve carta a Tere P\u00e9rez -<\/title>\n<meta name=\"description\" content=\"No pr\u00f3ximo mes de xu\u00f1o o concello de Salceda vai mudar de alcaldesa. En virtude do acordo de goberno asinado ap\u00f3s as elecci\u00f3ns do 2.019 entre Movemento Salceda e O PSOE a alcald\u00eda ser\u00eda compartida .As\u00ed pois estes dous primeiros anos a responsabilidade recaeu en Loli, que a exerceu de maneira brillante. E os dous \u00faltimos ser\u00e1 Ver\u00f3nica quen leve as rendas do Concello, e con seguridade saber\u00e1 manter o list\u00f3n da s\u00faa predecesora.\" \/>\n<meta name=\"robots\" content=\"index, follow, max-snippet:-1, max-image-preview:large, max-video-preview:-1\" \/>\n<link rel=\"canonical\" href=\"https:\/\/www.anovapeneira.gal\/index.php\/2021\/06\/01\/cambio-de-alcaldesa-en-salceda-e-breve-carta-a-tere-perez\/\" \/>\n<meta property=\"og:locale\" content=\"gl_ES\" \/>\n<meta property=\"og:type\" content=\"article\" \/>\n<meta property=\"og:title\" content=\"Cambio de Alcaldesa en Salceda e breve carta a Tere P\u00e9rez -\" \/>\n<meta property=\"og:description\" content=\"No pr\u00f3ximo mes de xu\u00f1o o concello de Salceda vai mudar de alcaldesa. En virtude do acordo de goberno asinado ap\u00f3s as elecci\u00f3ns do 2.019 entre Movemento Salceda e O PSOE a alcald\u00eda ser\u00eda compartida .As\u00ed pois estes dous primeiros anos a responsabilidade recaeu en Loli, que a exerceu de maneira brillante. E os dous \u00faltimos ser\u00e1 Ver\u00f3nica quen leve as rendas do Concello, e con seguridade saber\u00e1 manter o list\u00f3n da s\u00faa predecesora.\" \/>\n<meta property=\"og:url\" content=\"https:\/\/www.anovapeneira.gal\/index.php\/2021\/06\/01\/cambio-de-alcaldesa-en-salceda-e-breve-carta-a-tere-perez\/\" \/>\n<meta property=\"article:publisher\" content=\"https:\/\/www.facebook.com\/anovapeneira\" \/>\n<meta property=\"article:published_time\" content=\"2021-06-01T08:00:28+00:00\" \/>\n<meta property=\"og:image\" content=\"https:\/\/www.anovapeneira.gal\/wp-content\/uploads\/2020\/11\/veronica_touron_salceda.jpg\" \/>\n\t<meta property=\"og:image:width\" content=\"720\" \/>\n\t<meta property=\"og:image:height\" content=\"432\" \/>\n\t<meta property=\"og:image:type\" content=\"image\/jpeg\" \/>\n<meta name=\"author\" content=\"Tino Lago\" \/>\n<meta name=\"twitter:card\" content=\"summary_large_image\" \/>\n<meta name=\"twitter:creator\" content=\"@APeneira\" \/>\n<meta name=\"twitter:site\" content=\"@APeneira\" \/>\n<meta name=\"twitter:label1\" content=\"Escrito por\" \/>\n\t<meta name=\"twitter:data1\" content=\"Tino Lago\" \/>\n\t<meta name=\"twitter:label2\" content=\"Tempo de lectura\" \/>\n\t<meta name=\"twitter:data2\" content=\"2 minutos\" \/>\n<script type=\"application\/ld+json\" class=\"yoast-schema-graph\">{\"@context\":\"https:\\\/\\\/schema.org\",\"@graph\":[{\"@type\":\"Article\",\"@id\":\"https:\\\/\\\/www.anovapeneira.gal\\\/index.php\\\/2021\\\/06\\\/01\\\/cambio-de-alcaldesa-en-salceda-e-breve-carta-a-tere-perez\\\/#article\",\"isPartOf\":{\"@id\":\"https:\\\/\\\/www.anovapeneira.gal\\\/index.php\\\/2021\\\/06\\\/01\\\/cambio-de-alcaldesa-en-salceda-e-breve-carta-a-tere-perez\\\/\"},\"author\":{\"name\":\"Tino Lago\",\"@id\":\"https:\\\/\\\/www.anovapeneira.gal\\\/#\\\/schema\\\/person\\\/424dfe65e3070fd8a44d22d2c088762a\"},\"headline\":\"Cambio de Alcaldesa en Salceda e breve carta a Tere P\u00e9rez\",\"datePublished\":\"2021-06-01T08:00:28+00:00\",\"mainEntityOfPage\":{\"@id\":\"https:\\\/\\\/www.anovapeneira.gal\\\/index.php\\\/2021\\\/06\\\/01\\\/cambio-de-alcaldesa-en-salceda-e-breve-carta-a-tere-perez\\\/\"},\"wordCount\":423,\"commentCount\":0,\"publisher\":{\"@id\":\"https:\\\/\\\/www.anovapeneira.gal\\\/#organization\"},\"image\":{\"@id\":\"https:\\\/\\\/www.anovapeneira.gal\\\/index.php\\\/2021\\\/06\\\/01\\\/cambio-de-alcaldesa-en-salceda-e-breve-carta-a-tere-perez\\\/#primaryimage\"},\"thumbnailUrl\":\"https:\\\/\\\/www.anovapeneira.gal\\\/wp-content\\\/uploads\\\/2020\\\/11\\\/veronica_touron_salceda.jpg\",\"keywords\":[\"Concello de Salceda de Caselas\"],\"articleSection\":[\"A Louri\u00f1a\"],\"inLanguage\":\"gl-ES\",\"potentialAction\":[{\"@type\":\"CommentAction\",\"name\":\"Comment\",\"target\":[\"https:\\\/\\\/www.anovapeneira.gal\\\/index.php\\\/2021\\\/06\\\/01\\\/cambio-de-alcaldesa-en-salceda-e-breve-carta-a-tere-perez\\\/#respond\"]}]},{\"@type\":\"WebPage\",\"@id\":\"https:\\\/\\\/www.anovapeneira.gal\\\/index.php\\\/2021\\\/06\\\/01\\\/cambio-de-alcaldesa-en-salceda-e-breve-carta-a-tere-perez\\\/\",\"url\":\"https:\\\/\\\/www.anovapeneira.gal\\\/index.php\\\/2021\\\/06\\\/01\\\/cambio-de-alcaldesa-en-salceda-e-breve-carta-a-tere-perez\\\/\",\"name\":\"Cambio de Alcaldesa en Salceda e breve carta a Tere P\u00e9rez -\",\"isPartOf\":{\"@id\":\"https:\\\/\\\/www.anovapeneira.gal\\\/#website\"},\"primaryImageOfPage\":{\"@id\":\"https:\\\/\\\/www.anovapeneira.gal\\\/index.php\\\/2021\\\/06\\\/01\\\/cambio-de-alcaldesa-en-salceda-e-breve-carta-a-tere-perez\\\/#primaryimage\"},\"image\":{\"@id\":\"https:\\\/\\\/www.anovapeneira.gal\\\/index.php\\\/2021\\\/06\\\/01\\\/cambio-de-alcaldesa-en-salceda-e-breve-carta-a-tere-perez\\\/#primaryimage\"},\"thumbnailUrl\":\"https:\\\/\\\/www.anovapeneira.gal\\\/wp-content\\\/uploads\\\/2020\\\/11\\\/veronica_touron_salceda.jpg\",\"datePublished\":\"2021-06-01T08:00:28+00:00\",\"description\":\"No pr\u00f3ximo mes de xu\u00f1o o concello de Salceda vai mudar de alcaldesa. En virtude do acordo de goberno asinado ap\u00f3s as elecci\u00f3ns do 2.019 entre Movemento Salceda e O PSOE a alcald\u00eda ser\u00eda compartida .As\u00ed pois estes dous primeiros anos a responsabilidade recaeu en Loli, que a exerceu de maneira brillante. E os dous \u00faltimos ser\u00e1 Ver\u00f3nica quen leve as rendas do Concello, e con seguridade saber\u00e1 manter o list\u00f3n da s\u00faa predecesora.\",\"breadcrumb\":{\"@id\":\"https:\\\/\\\/www.anovapeneira.gal\\\/index.php\\\/2021\\\/06\\\/01\\\/cambio-de-alcaldesa-en-salceda-e-breve-carta-a-tere-perez\\\/#breadcrumb\"},\"inLanguage\":\"gl-ES\",\"potentialAction\":[{\"@type\":\"ReadAction\",\"target\":[\"https:\\\/\\\/www.anovapeneira.gal\\\/index.php\\\/2021\\\/06\\\/01\\\/cambio-de-alcaldesa-en-salceda-e-breve-carta-a-tere-perez\\\/\"]}]},{\"@type\":\"ImageObject\",\"inLanguage\":\"gl-ES\",\"@id\":\"https:\\\/\\\/www.anovapeneira.gal\\\/index.php\\\/2021\\\/06\\\/01\\\/cambio-de-alcaldesa-en-salceda-e-breve-carta-a-tere-perez\\\/#primaryimage\",\"url\":\"https:\\\/\\\/www.anovapeneira.gal\\\/wp-content\\\/uploads\\\/2020\\\/11\\\/veronica_touron_salceda.jpg\",\"contentUrl\":\"https:\\\/\\\/www.anovapeneira.gal\\\/wp-content\\\/uploads\\\/2020\\\/11\\\/veronica_touron_salceda.jpg\",\"width\":720,\"height\":432,\"caption\":\"Ver\u00f3nica Tour\u00f3n Tenente de Alcaldesa de Salceda\"},{\"@type\":\"BreadcrumbList\",\"@id\":\"https:\\\/\\\/www.anovapeneira.gal\\\/index.php\\\/2021\\\/06\\\/01\\\/cambio-de-alcaldesa-en-salceda-e-breve-carta-a-tere-perez\\\/#breadcrumb\",\"itemListElement\":[{\"@type\":\"ListItem\",\"position\":1,\"name\":\"Portada\",\"item\":\"https:\\\/\\\/www.anovapeneira.gal\\\/\"},{\"@type\":\"ListItem\",\"position\":2,\"name\":\"Cambio de Alcaldesa en Salceda e breve carta a Tere P\u00e9rez\"}]},{\"@type\":\"WebSite\",\"@id\":\"https:\\\/\\\/www.anovapeneira.gal\\\/#website\",\"url\":\"https:\\\/\\\/www.anovapeneira.gal\\\/\",\"name\":\"\",\"description\":\"Xornal galego de informaci\u00f3n xeral Publicaci\u00f3n mensual de novas de Galicia e en especial dos Concellos da sur da provincia de Pontevedra.\",\"publisher\":{\"@id\":\"https:\\\/\\\/www.anovapeneira.gal\\\/#organization\"},\"potentialAction\":[{\"@type\":\"SearchAction\",\"target\":{\"@type\":\"EntryPoint\",\"urlTemplate\":\"https:\\\/\\\/www.anovapeneira.gal\\\/?s={search_term_string}\"},\"query-input\":{\"@type\":\"PropertyValueSpecification\",\"valueRequired\":true,\"valueName\":\"search_term_string\"}}],\"inLanguage\":\"gl-ES\"},{\"@type\":\"Organization\",\"@id\":\"https:\\\/\\\/www.anovapeneira.gal\\\/#organization\",\"name\":\"A Nova Peneira\",\"url\":\"https:\\\/\\\/www.anovapeneira.gal\\\/\",\"logo\":{\"@type\":\"ImageObject\",\"inLanguage\":\"gl-ES\",\"@id\":\"https:\\\/\\\/www.anovapeneira.gal\\\/#\\\/schema\\\/logo\\\/image\\\/\",\"url\":\"http:\\\/\\\/www.anovapeneira.gal\\\/wp-content\\\/uploads\\\/2019\\\/06\\\/logo_a_nova_peneira_portal_web.png\",\"contentUrl\":\"http:\\\/\\\/www.anovapeneira.gal\\\/wp-content\\\/uploads\\\/2019\\\/06\\\/logo_a_nova_peneira_portal_web.png\",\"width\":300,\"height\":100,\"caption\":\"A Nova Peneira\"},\"image\":{\"@id\":\"https:\\\/\\\/www.anovapeneira.gal\\\/#\\\/schema\\\/logo\\\/image\\\/\"},\"sameAs\":[\"https:\\\/\\\/www.facebook.com\\\/anovapeneira\",\"https:\\\/\\\/x.com\\\/APeneira\"]},{\"@type\":\"Person\",\"@id\":\"https:\\\/\\\/www.anovapeneira.gal\\\/#\\\/schema\\\/person\\\/424dfe65e3070fd8a44d22d2c088762a\",\"name\":\"Tino Lago\",\"image\":{\"@type\":\"ImageObject\",\"inLanguage\":\"gl-ES\",\"@id\":\"https:\\\/\\\/secure.gravatar.com\\\/avatar\\\/b3df6a06e44bab3111583b90f0f33a0379ee5e3d22cbadd232d39f21c30c62be?s=96&d=mm&r=g\",\"url\":\"https:\\\/\\\/secure.gravatar.com\\\/avatar\\\/b3df6a06e44bab3111583b90f0f33a0379ee5e3d22cbadd232d39f21c30c62be?s=96&d=mm&r=g\",\"contentUrl\":\"https:\\\/\\\/secure.gravatar.com\\\/avatar\\\/b3df6a06e44bab3111583b90f0f33a0379ee5e3d22cbadd232d39f21c30c62be?s=96&d=mm&r=g\",\"caption\":\"Tino Lago\"},\"sameAs\":[\"http:\\\/\\\/www.anovapeneira.gal\"],\"url\":\"https:\\\/\\\/www.anovapeneira.gal\\\/index.php\\\/author\\\/director\\\/\"}]}<\/script>\n<!-- \/ Yoast SEO plugin. -->","yoast_head_json":{"title":"Cambio de Alcaldesa en Salceda e breve carta a Tere P\u00e9rez -","description":"No pr\u00f3ximo mes de xu\u00f1o o concello de Salceda vai mudar de alcaldesa. En virtude do acordo de goberno asinado ap\u00f3s as elecci\u00f3ns do 2.019 entre Movemento Salceda e O PSOE a alcald\u00eda ser\u00eda compartida .As\u00ed pois estes dous primeiros anos a responsabilidade recaeu en Loli, que a exerceu de maneira brillante. E os dous \u00faltimos ser\u00e1 Ver\u00f3nica quen leve as rendas do Concello, e con seguridade saber\u00e1 manter o list\u00f3n da s\u00faa predecesora.","robots":{"index":"index","follow":"follow","max-snippet":"max-snippet:-1","max-image-preview":"max-image-preview:large","max-video-preview":"max-video-preview:-1"},"canonical":"https:\/\/www.anovapeneira.gal\/index.php\/2021\/06\/01\/cambio-de-alcaldesa-en-salceda-e-breve-carta-a-tere-perez\/","og_locale":"gl_ES","og_type":"article","og_title":"Cambio de Alcaldesa en Salceda e breve carta a Tere P\u00e9rez -","og_description":"No pr\u00f3ximo mes de xu\u00f1o o concello de Salceda vai mudar de alcaldesa. En virtude do acordo de goberno asinado ap\u00f3s as elecci\u00f3ns do 2.019 entre Movemento Salceda e O PSOE a alcald\u00eda ser\u00eda compartida .As\u00ed pois estes dous primeiros anos a responsabilidade recaeu en Loli, que a exerceu de maneira brillante. E os dous \u00faltimos ser\u00e1 Ver\u00f3nica quen leve as rendas do Concello, e con seguridade saber\u00e1 manter o list\u00f3n da s\u00faa predecesora.","og_url":"https:\/\/www.anovapeneira.gal\/index.php\/2021\/06\/01\/cambio-de-alcaldesa-en-salceda-e-breve-carta-a-tere-perez\/","article_publisher":"https:\/\/www.facebook.com\/anovapeneira","article_published_time":"2021-06-01T08:00:28+00:00","og_image":[{"width":720,"height":432,"url":"https:\/\/www.anovapeneira.gal\/wp-content\/uploads\/2020\/11\/veronica_touron_salceda.jpg","type":"image\/jpeg"}],"author":"Tino Lago","twitter_card":"summary_large_image","twitter_creator":"@APeneira","twitter_site":"@APeneira","twitter_misc":{"Escrito por":"Tino Lago","Tempo de lectura":"2 minutos"},"schema":{"@context":"https:\/\/schema.org","@graph":[{"@type":"Article","@id":"https:\/\/www.anovapeneira.gal\/index.php\/2021\/06\/01\/cambio-de-alcaldesa-en-salceda-e-breve-carta-a-tere-perez\/#article","isPartOf":{"@id":"https:\/\/www.anovapeneira.gal\/index.php\/2021\/06\/01\/cambio-de-alcaldesa-en-salceda-e-breve-carta-a-tere-perez\/"},"author":{"name":"Tino Lago","@id":"https:\/\/www.anovapeneira.gal\/#\/schema\/person\/424dfe65e3070fd8a44d22d2c088762a"},"headline":"Cambio de Alcaldesa en Salceda e breve carta a Tere P\u00e9rez","datePublished":"2021-06-01T08:00:28+00:00","mainEntityOfPage":{"@id":"https:\/\/www.anovapeneira.gal\/index.php\/2021\/06\/01\/cambio-de-alcaldesa-en-salceda-e-breve-carta-a-tere-perez\/"},"wordCount":423,"commentCount":0,"publisher":{"@id":"https:\/\/www.anovapeneira.gal\/#organization"},"image":{"@id":"https:\/\/www.anovapeneira.gal\/index.php\/2021\/06\/01\/cambio-de-alcaldesa-en-salceda-e-breve-carta-a-tere-perez\/#primaryimage"},"thumbnailUrl":"https:\/\/www.anovapeneira.gal\/wp-content\/uploads\/2020\/11\/veronica_touron_salceda.jpg","keywords":["Concello de Salceda de Caselas"],"articleSection":["A Louri\u00f1a"],"inLanguage":"gl-ES","potentialAction":[{"@type":"CommentAction","name":"Comment","target":["https:\/\/www.anovapeneira.gal\/index.php\/2021\/06\/01\/cambio-de-alcaldesa-en-salceda-e-breve-carta-a-tere-perez\/#respond"]}]},{"@type":"WebPage","@id":"https:\/\/www.anovapeneira.gal\/index.php\/2021\/06\/01\/cambio-de-alcaldesa-en-salceda-e-breve-carta-a-tere-perez\/","url":"https:\/\/www.anovapeneira.gal\/index.php\/2021\/06\/01\/cambio-de-alcaldesa-en-salceda-e-breve-carta-a-tere-perez\/","name":"Cambio de Alcaldesa en Salceda e breve carta a Tere P\u00e9rez -","isPartOf":{"@id":"https:\/\/www.anovapeneira.gal\/#website"},"primaryImageOfPage":{"@id":"https:\/\/www.anovapeneira.gal\/index.php\/2021\/06\/01\/cambio-de-alcaldesa-en-salceda-e-breve-carta-a-tere-perez\/#primaryimage"},"image":{"@id":"https:\/\/www.anovapeneira.gal\/index.php\/2021\/06\/01\/cambio-de-alcaldesa-en-salceda-e-breve-carta-a-tere-perez\/#primaryimage"},"thumbnailUrl":"https:\/\/www.anovapeneira.gal\/wp-content\/uploads\/2020\/11\/veronica_touron_salceda.jpg","datePublished":"2021-06-01T08:00:28+00:00","description":"No pr\u00f3ximo mes de xu\u00f1o o concello de Salceda vai mudar de alcaldesa. En virtude do acordo de goberno asinado ap\u00f3s as elecci\u00f3ns do 2.019 entre Movemento Salceda e O PSOE a alcald\u00eda ser\u00eda compartida .As\u00ed pois estes dous primeiros anos a responsabilidade recaeu en Loli, que a exerceu de maneira brillante. E os dous \u00faltimos ser\u00e1 Ver\u00f3nica quen leve as rendas do Concello, e con seguridade saber\u00e1 manter o list\u00f3n da s\u00faa predecesora.","breadcrumb":{"@id":"https:\/\/www.anovapeneira.gal\/index.php\/2021\/06\/01\/cambio-de-alcaldesa-en-salceda-e-breve-carta-a-tere-perez\/#breadcrumb"},"inLanguage":"gl-ES","potentialAction":[{"@type":"ReadAction","target":["https:\/\/www.anovapeneira.gal\/index.php\/2021\/06\/01\/cambio-de-alcaldesa-en-salceda-e-breve-carta-a-tere-perez\/"]}]},{"@type":"ImageObject","inLanguage":"gl-ES","@id":"https:\/\/www.anovapeneira.gal\/index.php\/2021\/06\/01\/cambio-de-alcaldesa-en-salceda-e-breve-carta-a-tere-perez\/#primaryimage","url":"https:\/\/www.anovapeneira.gal\/wp-content\/uploads\/2020\/11\/veronica_touron_salceda.jpg","contentUrl":"https:\/\/www.anovapeneira.gal\/wp-content\/uploads\/2020\/11\/veronica_touron_salceda.jpg","width":720,"height":432,"caption":"Ver\u00f3nica Tour\u00f3n Tenente de Alcaldesa de Salceda"},{"@type":"BreadcrumbList","@id":"https:\/\/www.anovapeneira.gal\/index.php\/2021\/06\/01\/cambio-de-alcaldesa-en-salceda-e-breve-carta-a-tere-perez\/#breadcrumb","itemListElement":[{"@type":"ListItem","position":1,"name":"Portada","item":"https:\/\/www.anovapeneira.gal\/"},{"@type":"ListItem","position":2,"name":"Cambio de Alcaldesa en Salceda e breve carta a Tere P\u00e9rez"}]},{"@type":"WebSite","@id":"https:\/\/www.anovapeneira.gal\/#website","url":"https:\/\/www.anovapeneira.gal\/","name":"","description":"Xornal galego de informaci\u00f3n xeral Publicaci\u00f3n mensual de novas de Galicia e en especial dos Concellos da sur da provincia de Pontevedra.","publisher":{"@id":"https:\/\/www.anovapeneira.gal\/#organization"},"potentialAction":[{"@type":"SearchAction","target":{"@type":"EntryPoint","urlTemplate":"https:\/\/www.anovapeneira.gal\/?s={search_term_string}"},"query-input":{"@type":"PropertyValueSpecification","valueRequired":true,"valueName":"search_term_string"}}],"inLanguage":"gl-ES"},{"@type":"Organization","@id":"https:\/\/www.anovapeneira.gal\/#organization","name":"A Nova Peneira","url":"https:\/\/www.anovapeneira.gal\/","logo":{"@type":"ImageObject","inLanguage":"gl-ES","@id":"https:\/\/www.anovapeneira.gal\/#\/schema\/logo\/image\/","url":"http:\/\/www.anovapeneira.gal\/wp-content\/uploads\/2019\/06\/logo_a_nova_peneira_portal_web.png","contentUrl":"http:\/\/www.anovapeneira.gal\/wp-content\/uploads\/2019\/06\/logo_a_nova_peneira_portal_web.png","width":300,"height":100,"caption":"A Nova Peneira"},"image":{"@id":"https:\/\/www.anovapeneira.gal\/#\/schema\/logo\/image\/"},"sameAs":["https:\/\/www.facebook.com\/anovapeneira","https:\/\/x.com\/APeneira"]},{"@type":"Person","@id":"https:\/\/www.anovapeneira.gal\/#\/schema\/person\/424dfe65e3070fd8a44d22d2c088762a","name":"Tino Lago","image":{"@type":"ImageObject","inLanguage":"gl-ES","@id":"https:\/\/secure.gravatar.com\/avatar\/b3df6a06e44bab3111583b90f0f33a0379ee5e3d22cbadd232d39f21c30c62be?s=96&d=mm&r=g","url":"https:\/\/secure.gravatar.com\/avatar\/b3df6a06e44bab3111583b90f0f33a0379ee5e3d22cbadd232d39f21c30c62be?s=96&d=mm&r=g","contentUrl":"https:\/\/secure.gravatar.com\/avatar\/b3df6a06e44bab3111583b90f0f33a0379ee5e3d22cbadd232d39f21c30c62be?s=96&d=mm&r=g","caption":"Tino Lago"},"sameAs":["http:\/\/www.anovapeneira.gal"],"url":"https:\/\/www.anovapeneira.gal\/index.php\/author\/director\/"}]}},"jetpack_featured_media_url":"https:\/\/www.anovapeneira.gal\/wp-content\/uploads\/2020\/11\/veronica_touron_salceda.jpg","_links":{"self":[{"href":"https:\/\/www.anovapeneira.gal\/index.php\/wp-json\/wp\/v2\/posts\/5470","targetHints":{"allow":["GET"]}}],"collection":[{"href":"https:\/\/www.anovapeneira.gal\/index.php\/wp-json\/wp\/v2\/posts"}],"about":[{"href":"https:\/\/www.anovapeneira.gal\/index.php\/wp-json\/wp\/v2\/types\/post"}],"author":[{"embeddable":true,"href":"https:\/\/www.anovapeneira.gal\/index.php\/wp-json\/wp\/v2\/users\/2"}],"replies":[{"embeddable":true,"href":"https:\/\/www.anovapeneira.gal\/index.php\/wp-json\/wp\/v2\/comments?post=5470"}],"version-history":[{"count":1,"href":"https:\/\/www.anovapeneira.gal\/index.php\/wp-json\/wp\/v2\/posts\/5470\/revisions"}],"predecessor-version":[{"id":5471,"href":"https:\/\/www.anovapeneira.gal\/index.php\/wp-json\/wp\/v2\/posts\/5470\/revisions\/5471"}],"wp:featuredmedia":[{"embeddable":true,"href":"https:\/\/www.anovapeneira.gal\/index.php\/wp-json\/wp\/v2\/media\/4261"}],"wp:attachment":[{"href":"https:\/\/www.anovapeneira.gal\/index.php\/wp-json\/wp\/v2\/media?parent=5470"}],"wp:term":[{"taxonomy":"category","embeddable":true,"href":"https:\/\/www.anovapeneira.gal\/index.php\/wp-json\/wp\/v2\/categories?post=5470"},{"taxonomy":"post_tag","embeddable":true,"href":"https:\/\/www.anovapeneira.gal\/index.php\/wp-json\/wp\/v2\/tags?post=5470"}],"curies":[{"name":"wp","href":"https:\/\/api.w.org\/{rel}","templated":true}]}}