{"id":5472,"date":"2021-06-01T12:00:12","date_gmt":"2021-06-01T10:00:12","guid":{"rendered":"http:\/\/www.anovapeneira.gal\/?p=5472"},"modified":"2021-05-25T13:45:54","modified_gmt":"2021-05-25T11:45:54","slug":"tomino-comeza-o-traslado-provisorio-do-arquivo-municipal-para-baleirar-o-edificio-da-futura-biblioteca-municipal","status":"publish","type":"post","link":"https:\/\/www.anovapeneira.gal\/index.php\/2021\/06\/01\/tomino-comeza-o-traslado-provisorio-do-arquivo-municipal-para-baleirar-o-edificio-da-futura-biblioteca-municipal\/","title":{"rendered":"Tomi\u00f1o comeza o traslado provisorio do arquivo municipal para baleirar o edificio da futura biblioteca municipal"},"content":{"rendered":"\n<h4 class=\"wp-block-heading\"><strong>As tarefas de acondicionamento das novas dependencias de car\u00e1cter provisional, est\u00e1n remat\u00e1ndose estes d\u00edas nun local alugado sito no cruce da avenida Gondomar e r\u00faa da Feira<\/strong><\/h4>\n\n\n\n<p><strong>Tomi\u00f1o, 22 de maio de 2021<\/strong><\/p>\n\n\n\n<p>O Concello de Tomi\u00f1o v\u00e9n de iniciar o traslado da parte do Arquivo Municipal que albergaba at\u00e9 o de agora o edificio situado na r\u00faa Col\u00f3n, a car\u00f3n do Xulgado de Paz. Dito traslado, dunhas 4.000 carpetas con expedientes, est\u00e1 sendo levado a cabo por operarios municipais cara \u00e1s dependencias provisionais (que tam\u00e9n albergar\u00e1n en breve o Xulgado de Paz e as oficinas de Aqualia) que pronto estar\u00e1n operativas.\u00a0<\/p>\n\n\n\n<p>As tarefas de acondicionamento das novas dependencias de car\u00e1cter provisional, est\u00e1n remat\u00e1ndose estes d\u00edas nun local alugado sito no cruce da avenida Gondomar e a r\u00faa da Feira.<\/p>\n\n\n\n<p>As mesmas ter\u00e1n acceso por ambas as r\u00faas, e albergar\u00e1n parte do arquivo municipal, at\u00e9 que o edificio da futura biblioteca estea rematado; momento no que os expedientes ser\u00e1n trasladados novamente, alox\u00e1ndose na planta baixa das novas instalaci\u00f3ns, xunto \u00e1 Aula CeMit e outras dependencias.<\/p>\n","protected":false},"excerpt":{"rendered":"<div class=\"mh-excerpt\"><p>As tarefas de acondicionamento das novas dependencias de car\u00e1cter provisional, est\u00e1n remat\u00e1ndose estes d\u00edas nun local alugado sito no cruce da avenida Gondomar e r\u00faa da Feira <a class=\"mh-excerpt-more\" href=\"https:\/\/www.anovapeneira.gal\/index.php\/2021\/06\/01\/tomino-comeza-o-traslado-provisorio-do-arquivo-municipal-para-baleirar-o-edificio-da-futura-biblioteca-municipal\/\" title=\"Tomi\u00f1o comeza o traslado provisorio do arquivo municipal para baleirar o edificio da futura biblioteca municipal\">[&#8230;]<\/a><\/p>\n<\/div>","protected":false},"author":3,"featured_media":5473,"comment_status":"open","ping_status":"open","sticky":false,"template":"","format":"standard","meta":{"_exactmetrics_skip_tracking":false,"_exactmetrics_sitenote_active":false,"_exactmetrics_sitenote_note":"","_exactmetrics_sitenote_category":0,"footnotes":""},"categories":[21],"tags":[81],"class_list":{"0":"post-5472","1":"post","2":"type-post","3":"status-publish","4":"format-standard","5":"has-post-thumbnail","7":"category-baixo-mino","8":"tag-concello-de-tomino"},"yoast_head":"<!-- This site is optimized with the Yoast SEO plugin v27.4 - https:\/\/yoast.com\/product\/yoast-seo-wordpress\/ -->\n<title>Tomi\u00f1o comeza o traslado provisorio do arquivo municipal para baleirar o edificio da futura biblioteca municipal -<\/title>\n<meta name=\"description\" content=\"As tarefas de acondicionamento das novas dependencias de car\u00e1cter provisional, est\u00e1n remat\u00e1ndose estes d\u00edas nun local alugado sito no cruce da avenida Gondomar e r\u00faa da Feira\" \/>\n<meta name=\"robots\" content=\"index, follow, max-snippet:-1, max-image-preview:large, max-video-preview:-1\" \/>\n<link rel=\"canonical\" href=\"https:\/\/www.anovapeneira.gal\/index.php\/2021\/06\/01\/tomino-comeza-o-traslado-provisorio-do-arquivo-municipal-para-baleirar-o-edificio-da-futura-biblioteca-municipal\/\" \/>\n<meta property=\"og:locale\" content=\"gl_ES\" \/>\n<meta property=\"og:type\" content=\"article\" \/>\n<meta property=\"og:title\" content=\"Tomi\u00f1o comeza o traslado provisorio do arquivo municipal para baleirar o edificio da futura biblioteca municipal -\" \/>\n<meta property=\"og:description\" content=\"As tarefas de acondicionamento das novas dependencias de car\u00e1cter provisional, est\u00e1n remat\u00e1ndose estes d\u00edas nun local alugado sito no cruce da avenida Gondomar e r\u00faa da Feira\" \/>\n<meta property=\"og:url\" content=\"https:\/\/www.anovapeneira.gal\/index.php\/2021\/06\/01\/tomino-comeza-o-traslado-provisorio-do-arquivo-municipal-para-baleirar-o-edificio-da-futura-biblioteca-municipal\/\" \/>\n<meta property=\"article:publisher\" content=\"https:\/\/www.facebook.com\/anovapeneira\" \/>\n<meta property=\"article:published_time\" content=\"2021-06-01T10:00:12+00:00\" \/>\n<meta property=\"og:image\" content=\"https:\/\/www.anovapeneira.gal\/wp-content\/uploads\/2021\/05\/traslado_arquivotominho.jpg\" \/>\n\t<meta property=\"og:image:width\" content=\"720\" \/>\n\t<meta property=\"og:image:height\" content=\"432\" \/>\n\t<meta property=\"og:image:type\" content=\"image\/jpeg\" \/>\n<meta name=\"author\" content=\"Redacci\u00f3n A Nova Peneira\" \/>\n<meta name=\"twitter:card\" content=\"summary_large_image\" \/>\n<meta name=\"twitter:creator\" content=\"@APeneira\" \/>\n<meta name=\"twitter:site\" content=\"@APeneira\" \/>\n<meta name=\"twitter:label1\" content=\"Escrito por\" \/>\n\t<meta name=\"twitter:data1\" content=\"Redacci\u00f3n A Nova Peneira\" \/>\n\t<meta name=\"twitter:label2\" content=\"Tempo de lectura\" \/>\n\t<meta name=\"twitter:data2\" content=\"1 minuto\" \/>\n<script type=\"application\/ld+json\" class=\"yoast-schema-graph\">{\"@context\":\"https:\\\/\\\/schema.org\",\"@graph\":[{\"@type\":\"Article\",\"@id\":\"https:\\\/\\\/www.anovapeneira.gal\\\/index.php\\\/2021\\\/06\\\/01\\\/tomino-comeza-o-traslado-provisorio-do-arquivo-municipal-para-baleirar-o-edificio-da-futura-biblioteca-municipal\\\/#article\",\"isPartOf\":{\"@id\":\"https:\\\/\\\/www.anovapeneira.gal\\\/index.php\\\/2021\\\/06\\\/01\\\/tomino-comeza-o-traslado-provisorio-do-arquivo-municipal-para-baleirar-o-edificio-da-futura-biblioteca-municipal\\\/\"},\"author\":{\"name\":\"Redacci\u00f3n A Nova Peneira\",\"@id\":\"https:\\\/\\\/www.anovapeneira.gal\\\/#\\\/schema\\\/person\\\/b93e3f8932e3f8da96334607eb6ac6aa\"},\"headline\":\"Tomi\u00f1o comeza o traslado provisorio do arquivo municipal para baleirar o edificio da futura biblioteca municipal\",\"datePublished\":\"2021-06-01T10:00:12+00:00\",\"mainEntityOfPage\":{\"@id\":\"https:\\\/\\\/www.anovapeneira.gal\\\/index.php\\\/2021\\\/06\\\/01\\\/tomino-comeza-o-traslado-provisorio-do-arquivo-municipal-para-baleirar-o-edificio-da-futura-biblioteca-municipal\\\/\"},\"wordCount\":213,\"commentCount\":0,\"publisher\":{\"@id\":\"https:\\\/\\\/www.anovapeneira.gal\\\/#organization\"},\"image\":{\"@id\":\"https:\\\/\\\/www.anovapeneira.gal\\\/index.php\\\/2021\\\/06\\\/01\\\/tomino-comeza-o-traslado-provisorio-do-arquivo-municipal-para-baleirar-o-edificio-da-futura-biblioteca-municipal\\\/#primaryimage\"},\"thumbnailUrl\":\"https:\\\/\\\/www.anovapeneira.gal\\\/wp-content\\\/uploads\\\/2021\\\/05\\\/traslado_arquivotominho.jpg\",\"keywords\":[\"Concello de Tomi\u00f1o\"],\"articleSection\":[\"Baixo Mi\u00f1o\"],\"inLanguage\":\"gl-ES\",\"potentialAction\":[{\"@type\":\"CommentAction\",\"name\":\"Comment\",\"target\":[\"https:\\\/\\\/www.anovapeneira.gal\\\/index.php\\\/2021\\\/06\\\/01\\\/tomino-comeza-o-traslado-provisorio-do-arquivo-municipal-para-baleirar-o-edificio-da-futura-biblioteca-municipal\\\/#respond\"]}]},{\"@type\":\"WebPage\",\"@id\":\"https:\\\/\\\/www.anovapeneira.gal\\\/index.php\\\/2021\\\/06\\\/01\\\/tomino-comeza-o-traslado-provisorio-do-arquivo-municipal-para-baleirar-o-edificio-da-futura-biblioteca-municipal\\\/\",\"url\":\"https:\\\/\\\/www.anovapeneira.gal\\\/index.php\\\/2021\\\/06\\\/01\\\/tomino-comeza-o-traslado-provisorio-do-arquivo-municipal-para-baleirar-o-edificio-da-futura-biblioteca-municipal\\\/\",\"name\":\"Tomi\u00f1o comeza o traslado provisorio do arquivo municipal para baleirar o edificio da futura biblioteca municipal -\",\"isPartOf\":{\"@id\":\"https:\\\/\\\/www.anovapeneira.gal\\\/#website\"},\"primaryImageOfPage\":{\"@id\":\"https:\\\/\\\/www.anovapeneira.gal\\\/index.php\\\/2021\\\/06\\\/01\\\/tomino-comeza-o-traslado-provisorio-do-arquivo-municipal-para-baleirar-o-edificio-da-futura-biblioteca-municipal\\\/#primaryimage\"},\"image\":{\"@id\":\"https:\\\/\\\/www.anovapeneira.gal\\\/index.php\\\/2021\\\/06\\\/01\\\/tomino-comeza-o-traslado-provisorio-do-arquivo-municipal-para-baleirar-o-edificio-da-futura-biblioteca-municipal\\\/#primaryimage\"},\"thumbnailUrl\":\"https:\\\/\\\/www.anovapeneira.gal\\\/wp-content\\\/uploads\\\/2021\\\/05\\\/traslado_arquivotominho.jpg\",\"datePublished\":\"2021-06-01T10:00:12+00:00\",\"description\":\"As tarefas de acondicionamento das novas dependencias de car\u00e1cter provisional, est\u00e1n remat\u00e1ndose estes d\u00edas nun local alugado sito no cruce da avenida Gondomar e r\u00faa da Feira\",\"breadcrumb\":{\"@id\":\"https:\\\/\\\/www.anovapeneira.gal\\\/index.php\\\/2021\\\/06\\\/01\\\/tomino-comeza-o-traslado-provisorio-do-arquivo-municipal-para-baleirar-o-edificio-da-futura-biblioteca-municipal\\\/#breadcrumb\"},\"inLanguage\":\"gl-ES\",\"potentialAction\":[{\"@type\":\"ReadAction\",\"target\":[\"https:\\\/\\\/www.anovapeneira.gal\\\/index.php\\\/2021\\\/06\\\/01\\\/tomino-comeza-o-traslado-provisorio-do-arquivo-municipal-para-baleirar-o-edificio-da-futura-biblioteca-municipal\\\/\"]}]},{\"@type\":\"ImageObject\",\"inLanguage\":\"gl-ES\",\"@id\":\"https:\\\/\\\/www.anovapeneira.gal\\\/index.php\\\/2021\\\/06\\\/01\\\/tomino-comeza-o-traslado-provisorio-do-arquivo-municipal-para-baleirar-o-edificio-da-futura-biblioteca-municipal\\\/#primaryimage\",\"url\":\"https:\\\/\\\/www.anovapeneira.gal\\\/wp-content\\\/uploads\\\/2021\\\/05\\\/traslado_arquivotominho.jpg\",\"contentUrl\":\"https:\\\/\\\/www.anovapeneira.gal\\\/wp-content\\\/uploads\\\/2021\\\/05\\\/traslado_arquivotominho.jpg\",\"width\":720,\"height\":432,\"caption\":\"Arquivo Municipal Tomi\u00f1o\"},{\"@type\":\"BreadcrumbList\",\"@id\":\"https:\\\/\\\/www.anovapeneira.gal\\\/index.php\\\/2021\\\/06\\\/01\\\/tomino-comeza-o-traslado-provisorio-do-arquivo-municipal-para-baleirar-o-edificio-da-futura-biblioteca-municipal\\\/#breadcrumb\",\"itemListElement\":[{\"@type\":\"ListItem\",\"position\":1,\"name\":\"Portada\",\"item\":\"https:\\\/\\\/www.anovapeneira.gal\\\/\"},{\"@type\":\"ListItem\",\"position\":2,\"name\":\"Tomi\u00f1o comeza o traslado provisorio do arquivo municipal para baleirar o edificio da futura biblioteca municipal\"}]},{\"@type\":\"WebSite\",\"@id\":\"https:\\\/\\\/www.anovapeneira.gal\\\/#website\",\"url\":\"https:\\\/\\\/www.anovapeneira.gal\\\/\",\"name\":\"\",\"description\":\"Xornal galego de informaci\u00f3n xeral Publicaci\u00f3n mensual de novas de Galicia e en especial dos Concellos da sur da provincia de Pontevedra.\",\"publisher\":{\"@id\":\"https:\\\/\\\/www.anovapeneira.gal\\\/#organization\"},\"potentialAction\":[{\"@type\":\"SearchAction\",\"target\":{\"@type\":\"EntryPoint\",\"urlTemplate\":\"https:\\\/\\\/www.anovapeneira.gal\\\/?s={search_term_string}\"},\"query-input\":{\"@type\":\"PropertyValueSpecification\",\"valueRequired\":true,\"valueName\":\"search_term_string\"}}],\"inLanguage\":\"gl-ES\"},{\"@type\":\"Organization\",\"@id\":\"https:\\\/\\\/www.anovapeneira.gal\\\/#organization\",\"name\":\"A Nova Peneira\",\"url\":\"https:\\\/\\\/www.anovapeneira.gal\\\/\",\"logo\":{\"@type\":\"ImageObject\",\"inLanguage\":\"gl-ES\",\"@id\":\"https:\\\/\\\/www.anovapeneira.gal\\\/#\\\/schema\\\/logo\\\/image\\\/\",\"url\":\"http:\\\/\\\/www.anovapeneira.gal\\\/wp-content\\\/uploads\\\/2019\\\/06\\\/logo_a_nova_peneira_portal_web.png\",\"contentUrl\":\"http:\\\/\\\/www.anovapeneira.gal\\\/wp-content\\\/uploads\\\/2019\\\/06\\\/logo_a_nova_peneira_portal_web.png\",\"width\":300,\"height\":100,\"caption\":\"A Nova Peneira\"},\"image\":{\"@id\":\"https:\\\/\\\/www.anovapeneira.gal\\\/#\\\/schema\\\/logo\\\/image\\\/\"},\"sameAs\":[\"https:\\\/\\\/www.facebook.com\\\/anovapeneira\",\"https:\\\/\\\/x.com\\\/APeneira\"]},{\"@type\":\"Person\",\"@id\":\"https:\\\/\\\/www.anovapeneira.gal\\\/#\\\/schema\\\/person\\\/b93e3f8932e3f8da96334607eb6ac6aa\",\"name\":\"Redacci\u00f3n A Nova Peneira\",\"image\":{\"@type\":\"ImageObject\",\"inLanguage\":\"gl-ES\",\"@id\":\"https:\\\/\\\/secure.gravatar.com\\\/avatar\\\/c052a2551a06e23fac63626232eaa90abd78dbcf1700fc46a2b2c89fd27b735f?s=96&d=mm&r=g\",\"url\":\"https:\\\/\\\/secure.gravatar.com\\\/avatar\\\/c052a2551a06e23fac63626232eaa90abd78dbcf1700fc46a2b2c89fd27b735f?s=96&d=mm&r=g\",\"contentUrl\":\"https:\\\/\\\/secure.gravatar.com\\\/avatar\\\/c052a2551a06e23fac63626232eaa90abd78dbcf1700fc46a2b2c89fd27b735f?s=96&d=mm&r=g\",\"caption\":\"Redacci\u00f3n A Nova Peneira\"},\"sameAs\":[\"http:\\\/\\\/www.anovapeneira.gal\\\/\"],\"url\":\"https:\\\/\\\/www.anovapeneira.gal\\\/index.php\\\/author\\\/redactor\\\/\"}]}<\/script>\n<!-- \/ Yoast SEO plugin. -->","yoast_head_json":{"title":"Tomi\u00f1o comeza o traslado provisorio do arquivo municipal para baleirar o edificio da futura biblioteca municipal -","description":"As tarefas de acondicionamento das novas dependencias de car\u00e1cter provisional, est\u00e1n remat\u00e1ndose estes d\u00edas nun local alugado sito no cruce da avenida Gondomar e r\u00faa da Feira","robots":{"index":"index","follow":"follow","max-snippet":"max-snippet:-1","max-image-preview":"max-image-preview:large","max-video-preview":"max-video-preview:-1"},"canonical":"https:\/\/www.anovapeneira.gal\/index.php\/2021\/06\/01\/tomino-comeza-o-traslado-provisorio-do-arquivo-municipal-para-baleirar-o-edificio-da-futura-biblioteca-municipal\/","og_locale":"gl_ES","og_type":"article","og_title":"Tomi\u00f1o comeza o traslado provisorio do arquivo municipal para baleirar o edificio da futura biblioteca municipal -","og_description":"As tarefas de acondicionamento das novas dependencias de car\u00e1cter provisional, est\u00e1n remat\u00e1ndose estes d\u00edas nun local alugado sito no cruce da avenida Gondomar e r\u00faa da Feira","og_url":"https:\/\/www.anovapeneira.gal\/index.php\/2021\/06\/01\/tomino-comeza-o-traslado-provisorio-do-arquivo-municipal-para-baleirar-o-edificio-da-futura-biblioteca-municipal\/","article_publisher":"https:\/\/www.facebook.com\/anovapeneira","article_published_time":"2021-06-01T10:00:12+00:00","og_image":[{"width":720,"height":432,"url":"https:\/\/www.anovapeneira.gal\/wp-content\/uploads\/2021\/05\/traslado_arquivotominho.jpg","type":"image\/jpeg"}],"author":"Redacci\u00f3n A Nova Peneira","twitter_card":"summary_large_image","twitter_creator":"@APeneira","twitter_site":"@APeneira","twitter_misc":{"Escrito por":"Redacci\u00f3n A Nova Peneira","Tempo de lectura":"1 minuto"},"schema":{"@context":"https:\/\/schema.org","@graph":[{"@type":"Article","@id":"https:\/\/www.anovapeneira.gal\/index.php\/2021\/06\/01\/tomino-comeza-o-traslado-provisorio-do-arquivo-municipal-para-baleirar-o-edificio-da-futura-biblioteca-municipal\/#article","isPartOf":{"@id":"https:\/\/www.anovapeneira.gal\/index.php\/2021\/06\/01\/tomino-comeza-o-traslado-provisorio-do-arquivo-municipal-para-baleirar-o-edificio-da-futura-biblioteca-municipal\/"},"author":{"name":"Redacci\u00f3n A Nova Peneira","@id":"https:\/\/www.anovapeneira.gal\/#\/schema\/person\/b93e3f8932e3f8da96334607eb6ac6aa"},"headline":"Tomi\u00f1o comeza o traslado provisorio do arquivo municipal para baleirar o edificio da futura biblioteca municipal","datePublished":"2021-06-01T10:00:12+00:00","mainEntityOfPage":{"@id":"https:\/\/www.anovapeneira.gal\/index.php\/2021\/06\/01\/tomino-comeza-o-traslado-provisorio-do-arquivo-municipal-para-baleirar-o-edificio-da-futura-biblioteca-municipal\/"},"wordCount":213,"commentCount":0,"publisher":{"@id":"https:\/\/www.anovapeneira.gal\/#organization"},"image":{"@id":"https:\/\/www.anovapeneira.gal\/index.php\/2021\/06\/01\/tomino-comeza-o-traslado-provisorio-do-arquivo-municipal-para-baleirar-o-edificio-da-futura-biblioteca-municipal\/#primaryimage"},"thumbnailUrl":"https:\/\/www.anovapeneira.gal\/wp-content\/uploads\/2021\/05\/traslado_arquivotominho.jpg","keywords":["Concello de Tomi\u00f1o"],"articleSection":["Baixo Mi\u00f1o"],"inLanguage":"gl-ES","potentialAction":[{"@type":"CommentAction","name":"Comment","target":["https:\/\/www.anovapeneira.gal\/index.php\/2021\/06\/01\/tomino-comeza-o-traslado-provisorio-do-arquivo-municipal-para-baleirar-o-edificio-da-futura-biblioteca-municipal\/#respond"]}]},{"@type":"WebPage","@id":"https:\/\/www.anovapeneira.gal\/index.php\/2021\/06\/01\/tomino-comeza-o-traslado-provisorio-do-arquivo-municipal-para-baleirar-o-edificio-da-futura-biblioteca-municipal\/","url":"https:\/\/www.anovapeneira.gal\/index.php\/2021\/06\/01\/tomino-comeza-o-traslado-provisorio-do-arquivo-municipal-para-baleirar-o-edificio-da-futura-biblioteca-municipal\/","name":"Tomi\u00f1o comeza o traslado provisorio do arquivo municipal para baleirar o edificio da futura biblioteca municipal -","isPartOf":{"@id":"https:\/\/www.anovapeneira.gal\/#website"},"primaryImageOfPage":{"@id":"https:\/\/www.anovapeneira.gal\/index.php\/2021\/06\/01\/tomino-comeza-o-traslado-provisorio-do-arquivo-municipal-para-baleirar-o-edificio-da-futura-biblioteca-municipal\/#primaryimage"},"image":{"@id":"https:\/\/www.anovapeneira.gal\/index.php\/2021\/06\/01\/tomino-comeza-o-traslado-provisorio-do-arquivo-municipal-para-baleirar-o-edificio-da-futura-biblioteca-municipal\/#primaryimage"},"thumbnailUrl":"https:\/\/www.anovapeneira.gal\/wp-content\/uploads\/2021\/05\/traslado_arquivotominho.jpg","datePublished":"2021-06-01T10:00:12+00:00","description":"As tarefas de acondicionamento das novas dependencias de car\u00e1cter provisional, est\u00e1n remat\u00e1ndose estes d\u00edas nun local alugado sito no cruce da avenida Gondomar e r\u00faa da Feira","breadcrumb":{"@id":"https:\/\/www.anovapeneira.gal\/index.php\/2021\/06\/01\/tomino-comeza-o-traslado-provisorio-do-arquivo-municipal-para-baleirar-o-edificio-da-futura-biblioteca-municipal\/#breadcrumb"},"inLanguage":"gl-ES","potentialAction":[{"@type":"ReadAction","target":["https:\/\/www.anovapeneira.gal\/index.php\/2021\/06\/01\/tomino-comeza-o-traslado-provisorio-do-arquivo-municipal-para-baleirar-o-edificio-da-futura-biblioteca-municipal\/"]}]},{"@type":"ImageObject","inLanguage":"gl-ES","@id":"https:\/\/www.anovapeneira.gal\/index.php\/2021\/06\/01\/tomino-comeza-o-traslado-provisorio-do-arquivo-municipal-para-baleirar-o-edificio-da-futura-biblioteca-municipal\/#primaryimage","url":"https:\/\/www.anovapeneira.gal\/wp-content\/uploads\/2021\/05\/traslado_arquivotominho.jpg","contentUrl":"https:\/\/www.anovapeneira.gal\/wp-content\/uploads\/2021\/05\/traslado_arquivotominho.jpg","width":720,"height":432,"caption":"Arquivo Municipal Tomi\u00f1o"},{"@type":"BreadcrumbList","@id":"https:\/\/www.anovapeneira.gal\/index.php\/2021\/06\/01\/tomino-comeza-o-traslado-provisorio-do-arquivo-municipal-para-baleirar-o-edificio-da-futura-biblioteca-municipal\/#breadcrumb","itemListElement":[{"@type":"ListItem","position":1,"name":"Portada","item":"https:\/\/www.anovapeneira.gal\/"},{"@type":"ListItem","position":2,"name":"Tomi\u00f1o comeza o traslado provisorio do arquivo municipal para baleirar o edificio da futura biblioteca municipal"}]},{"@type":"WebSite","@id":"https:\/\/www.anovapeneira.gal\/#website","url":"https:\/\/www.anovapeneira.gal\/","name":"","description":"Xornal galego de informaci\u00f3n xeral Publicaci\u00f3n mensual de novas de Galicia e en especial dos Concellos da sur da provincia de Pontevedra.","publisher":{"@id":"https:\/\/www.anovapeneira.gal\/#organization"},"potentialAction":[{"@type":"SearchAction","target":{"@type":"EntryPoint","urlTemplate":"https:\/\/www.anovapeneira.gal\/?s={search_term_string}"},"query-input":{"@type":"PropertyValueSpecification","valueRequired":true,"valueName":"search_term_string"}}],"inLanguage":"gl-ES"},{"@type":"Organization","@id":"https:\/\/www.anovapeneira.gal\/#organization","name":"A Nova Peneira","url":"https:\/\/www.anovapeneira.gal\/","logo":{"@type":"ImageObject","inLanguage":"gl-ES","@id":"https:\/\/www.anovapeneira.gal\/#\/schema\/logo\/image\/","url":"http:\/\/www.anovapeneira.gal\/wp-content\/uploads\/2019\/06\/logo_a_nova_peneira_portal_web.png","contentUrl":"http:\/\/www.anovapeneira.gal\/wp-content\/uploads\/2019\/06\/logo_a_nova_peneira_portal_web.png","width":300,"height":100,"caption":"A Nova Peneira"},"image":{"@id":"https:\/\/www.anovapeneira.gal\/#\/schema\/logo\/image\/"},"sameAs":["https:\/\/www.facebook.com\/anovapeneira","https:\/\/x.com\/APeneira"]},{"@type":"Person","@id":"https:\/\/www.anovapeneira.gal\/#\/schema\/person\/b93e3f8932e3f8da96334607eb6ac6aa","name":"Redacci\u00f3n A Nova Peneira","image":{"@type":"ImageObject","inLanguage":"gl-ES","@id":"https:\/\/secure.gravatar.com\/avatar\/c052a2551a06e23fac63626232eaa90abd78dbcf1700fc46a2b2c89fd27b735f?s=96&d=mm&r=g","url":"https:\/\/secure.gravatar.com\/avatar\/c052a2551a06e23fac63626232eaa90abd78dbcf1700fc46a2b2c89fd27b735f?s=96&d=mm&r=g","contentUrl":"https:\/\/secure.gravatar.com\/avatar\/c052a2551a06e23fac63626232eaa90abd78dbcf1700fc46a2b2c89fd27b735f?s=96&d=mm&r=g","caption":"Redacci\u00f3n A Nova Peneira"},"sameAs":["http:\/\/www.anovapeneira.gal\/"],"url":"https:\/\/www.anovapeneira.gal\/index.php\/author\/redactor\/"}]}},"jetpack_featured_media_url":"https:\/\/www.anovapeneira.gal\/wp-content\/uploads\/2021\/05\/traslado_arquivotominho.jpg","_links":{"self":[{"href":"https:\/\/www.anovapeneira.gal\/index.php\/wp-json\/wp\/v2\/posts\/5472","targetHints":{"allow":["GET"]}}],"collection":[{"href":"https:\/\/www.anovapeneira.gal\/index.php\/wp-json\/wp\/v2\/posts"}],"about":[{"href":"https:\/\/www.anovapeneira.gal\/index.php\/wp-json\/wp\/v2\/types\/post"}],"author":[{"embeddable":true,"href":"https:\/\/www.anovapeneira.gal\/index.php\/wp-json\/wp\/v2\/users\/3"}],"replies":[{"embeddable":true,"href":"https:\/\/www.anovapeneira.gal\/index.php\/wp-json\/wp\/v2\/comments?post=5472"}],"version-history":[{"count":1,"href":"https:\/\/www.anovapeneira.gal\/index.php\/wp-json\/wp\/v2\/posts\/5472\/revisions"}],"predecessor-version":[{"id":5474,"href":"https:\/\/www.anovapeneira.gal\/index.php\/wp-json\/wp\/v2\/posts\/5472\/revisions\/5474"}],"wp:featuredmedia":[{"embeddable":true,"href":"https:\/\/www.anovapeneira.gal\/index.php\/wp-json\/wp\/v2\/media\/5473"}],"wp:attachment":[{"href":"https:\/\/www.anovapeneira.gal\/index.php\/wp-json\/wp\/v2\/media?parent=5472"}],"wp:term":[{"taxonomy":"category","embeddable":true,"href":"https:\/\/www.anovapeneira.gal\/index.php\/wp-json\/wp\/v2\/categories?post=5472"},{"taxonomy":"post_tag","embeddable":true,"href":"https:\/\/www.anovapeneira.gal\/index.php\/wp-json\/wp\/v2\/tags?post=5472"}],"curies":[{"name":"wp","href":"https:\/\/api.w.org\/{rel}","templated":true}]}}