{"id":5482,"date":"2021-06-02T10:00:31","date_gmt":"2021-06-02T08:00:31","guid":{"rendered":"http:\/\/www.anovapeneira.gal\/?p=5482"},"modified":"2021-05-26T11:04:03","modified_gmt":"2021-05-26T09:04:03","slug":"o-concello-de-cangas-aforra-352-07064e-cunha-sentenza-xudicial","status":"publish","type":"post","link":"https:\/\/www.anovapeneira.gal\/index.php\/2021\/06\/02\/o-concello-de-cangas-aforra-352-07064e-cunha-sentenza-xudicial\/","title":{"rendered":"O concello de Cangas aforra 352.070,64\u20ac cunha sentenza xudicial"},"content":{"rendered":"\n<h4 class=\"wp-block-heading\">A empresa que xestiona a auga da Vila pretend\u00eda que o consistorio lle abonase a cantidade de 618.677\u20ac e oxulgado ratificou que a cont\u00eda que ten que ser abonada \u00e1 empresa ser\u00e1 de 266.606,36\u20ac, o que sup\u00f3n un aforro\u00a0de 352.070,64\u20ac<\/h4>\n\n\n\n<p><strong>Cangas ao 24 de maio de 2021<\/strong><\/p>\n\n\n\n<p>O concello de Cangas leva anos litigando coa concesionaria da auga en Cangas, todo comezou anos atr\u00e1s coa intenci\u00f3n da empresa de cobrar unha cantidade de\u00a0620.000\u20ac por diminuci\u00f3n nos ingresos dosanos 2017 e 2018, e \u00e1 que o concello non estaba de acordo ao parecerlle unha cantidade esaxerada, ante esta situaci\u00f3n a empresa optou por resolvelo xudicialmente.<\/p>\n\n\n\n<p>Este venres d\u00eda 21 recib\u00edase a resoluci\u00f3n desta demanda no consistorio, unha resoluci\u00f3n que ratifica o que xa era co\u00f1ecido polo concelleiro de Facenda o se\u00f1orMariano Abalo, \u201cque a empresa pretend\u00eda cobrar ao consistorio\u00a0352.000\u20ac de m\u00e1is,\u201d e que agora coa sentenza xudicial pasa dunha primeira intenci\u00f3n de618.677 \u00e1 ratificada no xulgado de 266.606,36\u20ac o que sup\u00f3n un aforro para o consistorio de 352.070,64\u20ac.<\/p>\n\n\n\n<p>O concelleiro de Facenda Mariano Abalo acatar\u00e1 a sentenza como non pode ser doutra maneira e desta maneira conseguir\u00e1 un aforro para as arcas municipais de m\u00e1is de 350.000\u20ac, un di\u00f1eiro que nestes momentos \u00e9 moi necesario, para axudar aos sectores m\u00e1is danados por esta pandemia, que parece que por fin empezamos a controlar, e a que obrigar\u00e1 ao consistorio e sobre todo \u00e1 conceller\u00eda de Facenda que ter\u00e1 que facer esforzos extraordinarios para axudar \u00e1 Cultura, ao Deporte, ao Turismo, \u00e1 Hostaler\u00eda e por suposto a todo o tecido empresarial.<\/p>\n\n\n\n<figure class=\"wp-block-table\"><table><tbody><tr><td><\/td><\/tr><tr><td><\/td><\/tr><\/tbody><\/table><\/figure>\n","protected":false},"excerpt":{"rendered":"<div class=\"mh-excerpt\"><p>A empresa que xestiona a auga da Vila pretend\u00eda que o consistorio lle abonase a cantidade de 618.677\u20ac e oxulgado ratificou que a cont\u00eda que ten que ser abonada \u00e1 empresa ser\u00e1 de 266.606,36\u20ac, o que sup\u00f3n un aforro de 352.070,64\u20ac <a class=\"mh-excerpt-more\" href=\"https:\/\/www.anovapeneira.gal\/index.php\/2021\/06\/02\/o-concello-de-cangas-aforra-352-07064e-cunha-sentenza-xudicial\/\" title=\"O concello de Cangas aforra 352.070,64\u20ac cunha sentenza xudicial\">[&#8230;]<\/a><\/p>\n<\/div>","protected":false},"author":3,"featured_media":3665,"comment_status":"open","ping_status":"open","sticky":false,"template":"","format":"standard","meta":{"_exactmetrics_skip_tracking":false,"_exactmetrics_sitenote_active":false,"_exactmetrics_sitenote_note":"","_exactmetrics_sitenote_category":0,"footnotes":""},"categories":[22],"tags":[681],"class_list":{"0":"post-5482","1":"post","2":"type-post","3":"status-publish","4":"format-standard","5":"has-post-thumbnail","7":"category-morrazo","8":"tag-concello-de-cangas-do-morrazo"},"yoast_head":"<!-- This site is optimized with the Yoast SEO plugin v27.4 - https:\/\/yoast.com\/product\/yoast-seo-wordpress\/ -->\n<title>O concello de Cangas aforra 352.070,64\u20ac cunha sentenza xudicial -<\/title>\n<meta name=\"description\" content=\"A empresa que xestiona a auga da Vila pretend\u00eda que o consistorio lle abonase a cantidade de 618.677\u20ac e oxulgado ratificou que a cont\u00eda que ten que ser abonada \u00e1 empresa ser\u00e1 de 266.606,36\u20ac, o que sup\u00f3n un aforro de 352.070,64\u20ac\" \/>\n<meta name=\"robots\" content=\"index, follow, max-snippet:-1, max-image-preview:large, max-video-preview:-1\" \/>\n<link rel=\"canonical\" href=\"https:\/\/www.anovapeneira.gal\/index.php\/2021\/06\/02\/o-concello-de-cangas-aforra-352-07064e-cunha-sentenza-xudicial\/\" \/>\n<meta property=\"og:locale\" content=\"gl_ES\" \/>\n<meta property=\"og:type\" content=\"article\" \/>\n<meta property=\"og:title\" content=\"O concello de Cangas aforra 352.070,64\u20ac cunha sentenza xudicial -\" \/>\n<meta property=\"og:description\" content=\"A empresa que xestiona a auga da Vila pretend\u00eda que o consistorio lle abonase a cantidade de 618.677\u20ac e oxulgado ratificou que a cont\u00eda que ten que ser abonada \u00e1 empresa ser\u00e1 de 266.606,36\u20ac, o que sup\u00f3n un aforro de 352.070,64\u20ac\" \/>\n<meta property=\"og:url\" content=\"https:\/\/www.anovapeneira.gal\/index.php\/2021\/06\/02\/o-concello-de-cangas-aforra-352-07064e-cunha-sentenza-xudicial\/\" \/>\n<meta property=\"article:publisher\" content=\"https:\/\/www.facebook.com\/anovapeneira\" \/>\n<meta property=\"article:published_time\" content=\"2021-06-02T08:00:31+00:00\" \/>\n<meta property=\"og:image\" content=\"https:\/\/www.anovapeneira.gal\/wp-content\/uploads\/2020\/08\/xulgados_de_cangas.jpg\" \/>\n\t<meta property=\"og:image:width\" content=\"720\" \/>\n\t<meta property=\"og:image:height\" content=\"432\" \/>\n\t<meta property=\"og:image:type\" content=\"image\/jpeg\" \/>\n<meta name=\"author\" content=\"Redacci\u00f3n A Nova Peneira\" \/>\n<meta name=\"twitter:card\" content=\"summary_large_image\" \/>\n<meta name=\"twitter:creator\" content=\"@APeneira\" \/>\n<meta name=\"twitter:site\" content=\"@APeneira\" \/>\n<meta name=\"twitter:label1\" content=\"Escrito por\" \/>\n\t<meta name=\"twitter:data1\" content=\"Redacci\u00f3n A Nova Peneira\" \/>\n\t<meta name=\"twitter:label2\" content=\"Tempo de lectura\" \/>\n\t<meta name=\"twitter:data2\" content=\"2 minutos\" \/>\n<script type=\"application\/ld+json\" class=\"yoast-schema-graph\">{\"@context\":\"https:\\\/\\\/schema.org\",\"@graph\":[{\"@type\":\"Article\",\"@id\":\"https:\\\/\\\/www.anovapeneira.gal\\\/index.php\\\/2021\\\/06\\\/02\\\/o-concello-de-cangas-aforra-352-07064e-cunha-sentenza-xudicial\\\/#article\",\"isPartOf\":{\"@id\":\"https:\\\/\\\/www.anovapeneira.gal\\\/index.php\\\/2021\\\/06\\\/02\\\/o-concello-de-cangas-aforra-352-07064e-cunha-sentenza-xudicial\\\/\"},\"author\":{\"name\":\"Redacci\u00f3n A Nova Peneira\",\"@id\":\"https:\\\/\\\/www.anovapeneira.gal\\\/#\\\/schema\\\/person\\\/b93e3f8932e3f8da96334607eb6ac6aa\"},\"headline\":\"O concello de Cangas aforra 352.070,64\u20ac cunha sentenza xudicial\",\"datePublished\":\"2021-06-02T08:00:31+00:00\",\"mainEntityOfPage\":{\"@id\":\"https:\\\/\\\/www.anovapeneira.gal\\\/index.php\\\/2021\\\/06\\\/02\\\/o-concello-de-cangas-aforra-352-07064e-cunha-sentenza-xudicial\\\/\"},\"wordCount\":271,\"commentCount\":0,\"publisher\":{\"@id\":\"https:\\\/\\\/www.anovapeneira.gal\\\/#organization\"},\"image\":{\"@id\":\"https:\\\/\\\/www.anovapeneira.gal\\\/index.php\\\/2021\\\/06\\\/02\\\/o-concello-de-cangas-aforra-352-07064e-cunha-sentenza-xudicial\\\/#primaryimage\"},\"thumbnailUrl\":\"https:\\\/\\\/www.anovapeneira.gal\\\/wp-content\\\/uploads\\\/2020\\\/08\\\/xulgados_de_cangas.jpg\",\"keywords\":[\"Concello de Cangas do Morrazo\"],\"articleSection\":[\"Morrazo\"],\"inLanguage\":\"gl-ES\",\"potentialAction\":[{\"@type\":\"CommentAction\",\"name\":\"Comment\",\"target\":[\"https:\\\/\\\/www.anovapeneira.gal\\\/index.php\\\/2021\\\/06\\\/02\\\/o-concello-de-cangas-aforra-352-07064e-cunha-sentenza-xudicial\\\/#respond\"]}]},{\"@type\":\"WebPage\",\"@id\":\"https:\\\/\\\/www.anovapeneira.gal\\\/index.php\\\/2021\\\/06\\\/02\\\/o-concello-de-cangas-aforra-352-07064e-cunha-sentenza-xudicial\\\/\",\"url\":\"https:\\\/\\\/www.anovapeneira.gal\\\/index.php\\\/2021\\\/06\\\/02\\\/o-concello-de-cangas-aforra-352-07064e-cunha-sentenza-xudicial\\\/\",\"name\":\"O concello de Cangas aforra 352.070,64\u20ac cunha sentenza xudicial -\",\"isPartOf\":{\"@id\":\"https:\\\/\\\/www.anovapeneira.gal\\\/#website\"},\"primaryImageOfPage\":{\"@id\":\"https:\\\/\\\/www.anovapeneira.gal\\\/index.php\\\/2021\\\/06\\\/02\\\/o-concello-de-cangas-aforra-352-07064e-cunha-sentenza-xudicial\\\/#primaryimage\"},\"image\":{\"@id\":\"https:\\\/\\\/www.anovapeneira.gal\\\/index.php\\\/2021\\\/06\\\/02\\\/o-concello-de-cangas-aforra-352-07064e-cunha-sentenza-xudicial\\\/#primaryimage\"},\"thumbnailUrl\":\"https:\\\/\\\/www.anovapeneira.gal\\\/wp-content\\\/uploads\\\/2020\\\/08\\\/xulgados_de_cangas.jpg\",\"datePublished\":\"2021-06-02T08:00:31+00:00\",\"description\":\"A empresa que xestiona a auga da Vila pretend\u00eda que o consistorio lle abonase a cantidade de 618.677\u20ac e oxulgado ratificou que a cont\u00eda que ten que ser abonada \u00e1 empresa ser\u00e1 de 266.606,36\u20ac, o que sup\u00f3n un aforro de 352.070,64\u20ac\",\"breadcrumb\":{\"@id\":\"https:\\\/\\\/www.anovapeneira.gal\\\/index.php\\\/2021\\\/06\\\/02\\\/o-concello-de-cangas-aforra-352-07064e-cunha-sentenza-xudicial\\\/#breadcrumb\"},\"inLanguage\":\"gl-ES\",\"potentialAction\":[{\"@type\":\"ReadAction\",\"target\":[\"https:\\\/\\\/www.anovapeneira.gal\\\/index.php\\\/2021\\\/06\\\/02\\\/o-concello-de-cangas-aforra-352-07064e-cunha-sentenza-xudicial\\\/\"]}]},{\"@type\":\"ImageObject\",\"inLanguage\":\"gl-ES\",\"@id\":\"https:\\\/\\\/www.anovapeneira.gal\\\/index.php\\\/2021\\\/06\\\/02\\\/o-concello-de-cangas-aforra-352-07064e-cunha-sentenza-xudicial\\\/#primaryimage\",\"url\":\"https:\\\/\\\/www.anovapeneira.gal\\\/wp-content\\\/uploads\\\/2020\\\/08\\\/xulgados_de_cangas.jpg\",\"contentUrl\":\"https:\\\/\\\/www.anovapeneira.gal\\\/wp-content\\\/uploads\\\/2020\\\/08\\\/xulgados_de_cangas.jpg\",\"width\":720,\"height\":432,\"caption\":\"Xulgados de Cangas A Nova Peneira\"},{\"@type\":\"BreadcrumbList\",\"@id\":\"https:\\\/\\\/www.anovapeneira.gal\\\/index.php\\\/2021\\\/06\\\/02\\\/o-concello-de-cangas-aforra-352-07064e-cunha-sentenza-xudicial\\\/#breadcrumb\",\"itemListElement\":[{\"@type\":\"ListItem\",\"position\":1,\"name\":\"Portada\",\"item\":\"https:\\\/\\\/www.anovapeneira.gal\\\/\"},{\"@type\":\"ListItem\",\"position\":2,\"name\":\"O concello de Cangas aforra 352.070,64\u20ac cunha sentenza xudicial\"}]},{\"@type\":\"WebSite\",\"@id\":\"https:\\\/\\\/www.anovapeneira.gal\\\/#website\",\"url\":\"https:\\\/\\\/www.anovapeneira.gal\\\/\",\"name\":\"\",\"description\":\"Xornal galego de informaci\u00f3n xeral Publicaci\u00f3n mensual de novas de Galicia e en especial dos Concellos da sur da provincia de Pontevedra.\",\"publisher\":{\"@id\":\"https:\\\/\\\/www.anovapeneira.gal\\\/#organization\"},\"potentialAction\":[{\"@type\":\"SearchAction\",\"target\":{\"@type\":\"EntryPoint\",\"urlTemplate\":\"https:\\\/\\\/www.anovapeneira.gal\\\/?s={search_term_string}\"},\"query-input\":{\"@type\":\"PropertyValueSpecification\",\"valueRequired\":true,\"valueName\":\"search_term_string\"}}],\"inLanguage\":\"gl-ES\"},{\"@type\":\"Organization\",\"@id\":\"https:\\\/\\\/www.anovapeneira.gal\\\/#organization\",\"name\":\"A Nova Peneira\",\"url\":\"https:\\\/\\\/www.anovapeneira.gal\\\/\",\"logo\":{\"@type\":\"ImageObject\",\"inLanguage\":\"gl-ES\",\"@id\":\"https:\\\/\\\/www.anovapeneira.gal\\\/#\\\/schema\\\/logo\\\/image\\\/\",\"url\":\"http:\\\/\\\/www.anovapeneira.gal\\\/wp-content\\\/uploads\\\/2019\\\/06\\\/logo_a_nova_peneira_portal_web.png\",\"contentUrl\":\"http:\\\/\\\/www.anovapeneira.gal\\\/wp-content\\\/uploads\\\/2019\\\/06\\\/logo_a_nova_peneira_portal_web.png\",\"width\":300,\"height\":100,\"caption\":\"A Nova Peneira\"},\"image\":{\"@id\":\"https:\\\/\\\/www.anovapeneira.gal\\\/#\\\/schema\\\/logo\\\/image\\\/\"},\"sameAs\":[\"https:\\\/\\\/www.facebook.com\\\/anovapeneira\",\"https:\\\/\\\/x.com\\\/APeneira\"]},{\"@type\":\"Person\",\"@id\":\"https:\\\/\\\/www.anovapeneira.gal\\\/#\\\/schema\\\/person\\\/b93e3f8932e3f8da96334607eb6ac6aa\",\"name\":\"Redacci\u00f3n A Nova Peneira\",\"image\":{\"@type\":\"ImageObject\",\"inLanguage\":\"gl-ES\",\"@id\":\"https:\\\/\\\/secure.gravatar.com\\\/avatar\\\/c052a2551a06e23fac63626232eaa90abd78dbcf1700fc46a2b2c89fd27b735f?s=96&d=mm&r=g\",\"url\":\"https:\\\/\\\/secure.gravatar.com\\\/avatar\\\/c052a2551a06e23fac63626232eaa90abd78dbcf1700fc46a2b2c89fd27b735f?s=96&d=mm&r=g\",\"contentUrl\":\"https:\\\/\\\/secure.gravatar.com\\\/avatar\\\/c052a2551a06e23fac63626232eaa90abd78dbcf1700fc46a2b2c89fd27b735f?s=96&d=mm&r=g\",\"caption\":\"Redacci\u00f3n A Nova Peneira\"},\"sameAs\":[\"http:\\\/\\\/www.anovapeneira.gal\\\/\"],\"url\":\"https:\\\/\\\/www.anovapeneira.gal\\\/index.php\\\/author\\\/redactor\\\/\"}]}<\/script>\n<!-- \/ Yoast SEO plugin. -->","yoast_head_json":{"title":"O concello de Cangas aforra 352.070,64\u20ac cunha sentenza xudicial -","description":"A empresa que xestiona a auga da Vila pretend\u00eda que o consistorio lle abonase a cantidade de 618.677\u20ac e oxulgado ratificou que a cont\u00eda que ten que ser abonada \u00e1 empresa ser\u00e1 de 266.606,36\u20ac, o que sup\u00f3n un aforro de 352.070,64\u20ac","robots":{"index":"index","follow":"follow","max-snippet":"max-snippet:-1","max-image-preview":"max-image-preview:large","max-video-preview":"max-video-preview:-1"},"canonical":"https:\/\/www.anovapeneira.gal\/index.php\/2021\/06\/02\/o-concello-de-cangas-aforra-352-07064e-cunha-sentenza-xudicial\/","og_locale":"gl_ES","og_type":"article","og_title":"O concello de Cangas aforra 352.070,64\u20ac cunha sentenza xudicial -","og_description":"A empresa que xestiona a auga da Vila pretend\u00eda que o consistorio lle abonase a cantidade de 618.677\u20ac e oxulgado ratificou que a cont\u00eda que ten que ser abonada \u00e1 empresa ser\u00e1 de 266.606,36\u20ac, o que sup\u00f3n un aforro de 352.070,64\u20ac","og_url":"https:\/\/www.anovapeneira.gal\/index.php\/2021\/06\/02\/o-concello-de-cangas-aforra-352-07064e-cunha-sentenza-xudicial\/","article_publisher":"https:\/\/www.facebook.com\/anovapeneira","article_published_time":"2021-06-02T08:00:31+00:00","og_image":[{"width":720,"height":432,"url":"https:\/\/www.anovapeneira.gal\/wp-content\/uploads\/2020\/08\/xulgados_de_cangas.jpg","type":"image\/jpeg"}],"author":"Redacci\u00f3n A Nova Peneira","twitter_card":"summary_large_image","twitter_creator":"@APeneira","twitter_site":"@APeneira","twitter_misc":{"Escrito por":"Redacci\u00f3n A Nova Peneira","Tempo de lectura":"2 minutos"},"schema":{"@context":"https:\/\/schema.org","@graph":[{"@type":"Article","@id":"https:\/\/www.anovapeneira.gal\/index.php\/2021\/06\/02\/o-concello-de-cangas-aforra-352-07064e-cunha-sentenza-xudicial\/#article","isPartOf":{"@id":"https:\/\/www.anovapeneira.gal\/index.php\/2021\/06\/02\/o-concello-de-cangas-aforra-352-07064e-cunha-sentenza-xudicial\/"},"author":{"name":"Redacci\u00f3n A Nova Peneira","@id":"https:\/\/www.anovapeneira.gal\/#\/schema\/person\/b93e3f8932e3f8da96334607eb6ac6aa"},"headline":"O concello de Cangas aforra 352.070,64\u20ac cunha sentenza xudicial","datePublished":"2021-06-02T08:00:31+00:00","mainEntityOfPage":{"@id":"https:\/\/www.anovapeneira.gal\/index.php\/2021\/06\/02\/o-concello-de-cangas-aforra-352-07064e-cunha-sentenza-xudicial\/"},"wordCount":271,"commentCount":0,"publisher":{"@id":"https:\/\/www.anovapeneira.gal\/#organization"},"image":{"@id":"https:\/\/www.anovapeneira.gal\/index.php\/2021\/06\/02\/o-concello-de-cangas-aforra-352-07064e-cunha-sentenza-xudicial\/#primaryimage"},"thumbnailUrl":"https:\/\/www.anovapeneira.gal\/wp-content\/uploads\/2020\/08\/xulgados_de_cangas.jpg","keywords":["Concello de Cangas do Morrazo"],"articleSection":["Morrazo"],"inLanguage":"gl-ES","potentialAction":[{"@type":"CommentAction","name":"Comment","target":["https:\/\/www.anovapeneira.gal\/index.php\/2021\/06\/02\/o-concello-de-cangas-aforra-352-07064e-cunha-sentenza-xudicial\/#respond"]}]},{"@type":"WebPage","@id":"https:\/\/www.anovapeneira.gal\/index.php\/2021\/06\/02\/o-concello-de-cangas-aforra-352-07064e-cunha-sentenza-xudicial\/","url":"https:\/\/www.anovapeneira.gal\/index.php\/2021\/06\/02\/o-concello-de-cangas-aforra-352-07064e-cunha-sentenza-xudicial\/","name":"O concello de Cangas aforra 352.070,64\u20ac cunha sentenza xudicial -","isPartOf":{"@id":"https:\/\/www.anovapeneira.gal\/#website"},"primaryImageOfPage":{"@id":"https:\/\/www.anovapeneira.gal\/index.php\/2021\/06\/02\/o-concello-de-cangas-aforra-352-07064e-cunha-sentenza-xudicial\/#primaryimage"},"image":{"@id":"https:\/\/www.anovapeneira.gal\/index.php\/2021\/06\/02\/o-concello-de-cangas-aforra-352-07064e-cunha-sentenza-xudicial\/#primaryimage"},"thumbnailUrl":"https:\/\/www.anovapeneira.gal\/wp-content\/uploads\/2020\/08\/xulgados_de_cangas.jpg","datePublished":"2021-06-02T08:00:31+00:00","description":"A empresa que xestiona a auga da Vila pretend\u00eda que o consistorio lle abonase a cantidade de 618.677\u20ac e oxulgado ratificou que a cont\u00eda que ten que ser abonada \u00e1 empresa ser\u00e1 de 266.606,36\u20ac, o que sup\u00f3n un aforro de 352.070,64\u20ac","breadcrumb":{"@id":"https:\/\/www.anovapeneira.gal\/index.php\/2021\/06\/02\/o-concello-de-cangas-aforra-352-07064e-cunha-sentenza-xudicial\/#breadcrumb"},"inLanguage":"gl-ES","potentialAction":[{"@type":"ReadAction","target":["https:\/\/www.anovapeneira.gal\/index.php\/2021\/06\/02\/o-concello-de-cangas-aforra-352-07064e-cunha-sentenza-xudicial\/"]}]},{"@type":"ImageObject","inLanguage":"gl-ES","@id":"https:\/\/www.anovapeneira.gal\/index.php\/2021\/06\/02\/o-concello-de-cangas-aforra-352-07064e-cunha-sentenza-xudicial\/#primaryimage","url":"https:\/\/www.anovapeneira.gal\/wp-content\/uploads\/2020\/08\/xulgados_de_cangas.jpg","contentUrl":"https:\/\/www.anovapeneira.gal\/wp-content\/uploads\/2020\/08\/xulgados_de_cangas.jpg","width":720,"height":432,"caption":"Xulgados de Cangas A Nova Peneira"},{"@type":"BreadcrumbList","@id":"https:\/\/www.anovapeneira.gal\/index.php\/2021\/06\/02\/o-concello-de-cangas-aforra-352-07064e-cunha-sentenza-xudicial\/#breadcrumb","itemListElement":[{"@type":"ListItem","position":1,"name":"Portada","item":"https:\/\/www.anovapeneira.gal\/"},{"@type":"ListItem","position":2,"name":"O concello de Cangas aforra 352.070,64\u20ac cunha sentenza xudicial"}]},{"@type":"WebSite","@id":"https:\/\/www.anovapeneira.gal\/#website","url":"https:\/\/www.anovapeneira.gal\/","name":"","description":"Xornal galego de informaci\u00f3n xeral Publicaci\u00f3n mensual de novas de Galicia e en especial dos Concellos da sur da provincia de Pontevedra.","publisher":{"@id":"https:\/\/www.anovapeneira.gal\/#organization"},"potentialAction":[{"@type":"SearchAction","target":{"@type":"EntryPoint","urlTemplate":"https:\/\/www.anovapeneira.gal\/?s={search_term_string}"},"query-input":{"@type":"PropertyValueSpecification","valueRequired":true,"valueName":"search_term_string"}}],"inLanguage":"gl-ES"},{"@type":"Organization","@id":"https:\/\/www.anovapeneira.gal\/#organization","name":"A Nova Peneira","url":"https:\/\/www.anovapeneira.gal\/","logo":{"@type":"ImageObject","inLanguage":"gl-ES","@id":"https:\/\/www.anovapeneira.gal\/#\/schema\/logo\/image\/","url":"http:\/\/www.anovapeneira.gal\/wp-content\/uploads\/2019\/06\/logo_a_nova_peneira_portal_web.png","contentUrl":"http:\/\/www.anovapeneira.gal\/wp-content\/uploads\/2019\/06\/logo_a_nova_peneira_portal_web.png","width":300,"height":100,"caption":"A Nova Peneira"},"image":{"@id":"https:\/\/www.anovapeneira.gal\/#\/schema\/logo\/image\/"},"sameAs":["https:\/\/www.facebook.com\/anovapeneira","https:\/\/x.com\/APeneira"]},{"@type":"Person","@id":"https:\/\/www.anovapeneira.gal\/#\/schema\/person\/b93e3f8932e3f8da96334607eb6ac6aa","name":"Redacci\u00f3n A Nova Peneira","image":{"@type":"ImageObject","inLanguage":"gl-ES","@id":"https:\/\/secure.gravatar.com\/avatar\/c052a2551a06e23fac63626232eaa90abd78dbcf1700fc46a2b2c89fd27b735f?s=96&d=mm&r=g","url":"https:\/\/secure.gravatar.com\/avatar\/c052a2551a06e23fac63626232eaa90abd78dbcf1700fc46a2b2c89fd27b735f?s=96&d=mm&r=g","contentUrl":"https:\/\/secure.gravatar.com\/avatar\/c052a2551a06e23fac63626232eaa90abd78dbcf1700fc46a2b2c89fd27b735f?s=96&d=mm&r=g","caption":"Redacci\u00f3n A Nova Peneira"},"sameAs":["http:\/\/www.anovapeneira.gal\/"],"url":"https:\/\/www.anovapeneira.gal\/index.php\/author\/redactor\/"}]}},"jetpack_featured_media_url":"https:\/\/www.anovapeneira.gal\/wp-content\/uploads\/2020\/08\/xulgados_de_cangas.jpg","_links":{"self":[{"href":"https:\/\/www.anovapeneira.gal\/index.php\/wp-json\/wp\/v2\/posts\/5482","targetHints":{"allow":["GET"]}}],"collection":[{"href":"https:\/\/www.anovapeneira.gal\/index.php\/wp-json\/wp\/v2\/posts"}],"about":[{"href":"https:\/\/www.anovapeneira.gal\/index.php\/wp-json\/wp\/v2\/types\/post"}],"author":[{"embeddable":true,"href":"https:\/\/www.anovapeneira.gal\/index.php\/wp-json\/wp\/v2\/users\/3"}],"replies":[{"embeddable":true,"href":"https:\/\/www.anovapeneira.gal\/index.php\/wp-json\/wp\/v2\/comments?post=5482"}],"version-history":[{"count":2,"href":"https:\/\/www.anovapeneira.gal\/index.php\/wp-json\/wp\/v2\/posts\/5482\/revisions"}],"predecessor-version":[{"id":5484,"href":"https:\/\/www.anovapeneira.gal\/index.php\/wp-json\/wp\/v2\/posts\/5482\/revisions\/5484"}],"wp:featuredmedia":[{"embeddable":true,"href":"https:\/\/www.anovapeneira.gal\/index.php\/wp-json\/wp\/v2\/media\/3665"}],"wp:attachment":[{"href":"https:\/\/www.anovapeneira.gal\/index.php\/wp-json\/wp\/v2\/media?parent=5482"}],"wp:term":[{"taxonomy":"category","embeddable":true,"href":"https:\/\/www.anovapeneira.gal\/index.php\/wp-json\/wp\/v2\/categories?post=5482"},{"taxonomy":"post_tag","embeddable":true,"href":"https:\/\/www.anovapeneira.gal\/index.php\/wp-json\/wp\/v2\/tags?post=5482"}],"curies":[{"name":"wp","href":"https:\/\/api.w.org\/{rel}","templated":true}]}}