{"id":5495,"date":"2021-06-03T10:00:47","date_gmt":"2021-06-03T08:00:47","guid":{"rendered":"http:\/\/www.anovapeneira.gal\/?p=5495"},"modified":"2021-06-01T21:14:37","modified_gmt":"2021-06-01T19:14:37","slug":"nestor-rego-reclama-ao-estado-paralizar-os-megaparques-eolicos-na-galiza","status":"publish","type":"post","link":"https:\/\/www.anovapeneira.gal\/index.php\/2021\/06\/03\/nestor-rego-reclama-ao-estado-paralizar-os-megaparques-eolicos-na-galiza\/","title":{"rendered":"N\u00e9stor Rego reclama ao Estado paralizar os megaparques e\u00f3licos na Galiza"},"content":{"rendered":"\n<h2 class=\"wp-block-heading\"><strong>O deputado alerta do \u201cboom e\u00f3lico\u201d<\/strong> <strong>desenvolto sen unha adecuada planificaci\u00f3n e sen garant\u00edas ambientais, que representa m\u00e1is espolio para o noso Pa\u00eds.<\/strong><\/h2>\n\n\n\n<p><strong>A formaci\u00f3n nacionalista presenta iniciativas na c\u00e1mara baixa para elaborar un plan con criterios que respecten o medio natural e os espazos de produci\u00f3n agraria e reverta economicamente na Galiza.<\/strong><\/p>\n\n\n\n<p><strong>Madrid, 27 de maio de 2021<\/strong>. <\/p>\n\n\n\n<p>O deputado do BNG, N\u00e9stor Rego, reclama a paralizaci\u00f3n inmediata de todos os proxectos que est\u00e1n sendo obxecto de tramitaci\u00f3n por parte do Ministerio de Reto Demogr\u00e1fico e Transici\u00f3n Ecol\u00f3xica. As\u00ed mesmo, Rego insta o Goberno do Estado, respectando as competencias propias da Galiza, a elaborar unha nova planificaci\u00f3n e\u00f3lica asentada en criterios que respecten o patrimonio natural, cultural e paisax\u00edstico e contrib\u00faa para o desenvolvemento econ\u00f3mico do noso Pa\u00eds. Ali\u00e1s lembra que o BNG defende a nacionalizaci\u00f3n das grandes empresas do sector el\u00e9ctrico e unha Tarifa El\u00e9ctrica Galega.<\/p>\n\n\n\n<p>A pesar de se efectivizaren os fechamentos das centrais t\u00e9rmicas de Meirama e, na pr\u00e1ctica, das Pontes, no ano 2020 a Galiza exportou 29,2 % da enerx\u00eda el\u00e9ctrica que produciu. \u201cS\u00f3 a produci\u00f3n de fontes renov\u00e1beis excedeu o consumo interno en 1.200 Gwh, pois este ascendeu a 17.383 GWh e a produci\u00f3n de renov\u00e1beis foi de 18.562 GWh\u201d subli\u00f1a o deputado do BNG no Congreso.<\/p>\n\n\n\n<p>\u201cEvid\u00e9nciase de forma clara que Galiza xa \u00e9 unha potencia na produci\u00f3n de enerx\u00eda el\u00e9ctrica renov\u00e1bel e que \u00e9 excedentaria, pois produce m\u00e1is enerx\u00eda que a que neste momento necesita\u201d apunta Rego. A pesar disto, o Goberno do Estado est\u00e1 a favorecer \u201ca instalaci\u00f3n de megaparques e\u00f3licos na Galiza, sen control e sen atender \u00e1s consecuencias de car\u00e1cter ambiental ou \u00e1s afecci\u00f3ns a terras agrarias produtivase ao patrimonio natural, cultural e paisax\u00edstico\u201d.<\/p>\n\n\n\n<p>O Ministerio, que ten atribu\u00eddas as competencias para autorizar a instalaci\u00f3n daqueles parques e\u00f3licos que superen os 50 MW, \u201cten neste momento en diferentes fases de tramitaci\u00f3n administrativa un conxunto de parques que suman at\u00e9 2.524 MW de potencia\u201d. A estes hai que engadir os de potencia inferior a 50 MW cuxa autorizaci\u00f3n corresponden \u00e1 Xunta de Galiza. \u201cTr\u00e1tase, por tanto, dun verdadeiro boom e\u00f3lico, mais desenvolvido sen unha adecuada planificaci\u00f3n, baixo unha arquitectura legal obsoleta e sen garant\u00edas para a participaci\u00f3n social ou a salvagarda do patrimonio natural\u201d destaca o deputado nacionalista.<\/p>\n\n\n\n<p>Asumindo que \u00e9 preciso tomar en conta o previs\u00edbel aumento de demanda el\u00e9ctrica ao ritmo do avance do proceso de transici\u00f3n enerx\u00f1etica, Rego destaca que o BNG partilla a necesidade de avanzar no uso das renov\u00e1beis, mais salienta que \u201ca actual regulaci\u00f3n non permite unha planificaci\u00f3n enerx\u00e9tica racional e consensuada no marco da transici\u00f3n enerx\u00e9tica, e tampouco permite regular a adecuaci\u00f3n da localizaci\u00f3n e tama\u00f1o \u00e1s caracter\u00edsticas do territorio\u201d.<\/p>\n\n\n\n<p>\u201cO Goberno do Estado est\u00e1 a reservar \u00e1 Galiza o papel de Pa\u00eds produtor de enerx\u00eda, que debe sacrificar a s\u00faa riqueza produtiva, paisax\u00edstica, ambiental e patrimonial en favor de converterse en exportadora e fornecer enerx\u00eda ao resto do Estado\u201d afirma. \u201cProxectos, ademais xestionados por grandes empresas e transnacionais, que estragan o noso Pa\u00eds levan os lucros para f\u00f3ra, nunha nova fase do espolio enerx\u00e9tico que historicamente veu sofrendo o noso Pa\u00eds\u201d, acrecenta Rego.<\/p>\n\n\n\n<p>Ali\u00e1s, est\u00e1 demostrado que esta non \u00e9 a opci\u00f3n m\u00e1is eficiente e sustent\u00e1bel, nin desde o punto de mista ambiental nin econ\u00f3mico. \u201cO BNG defende apostar por proxectos dimensionados, que integre pequenas e medias empresas, o cooperativismo e a econom\u00eda colaborativa, por f\u00f3rmulas que aproximen a produci\u00f3n ao consumidor final e tam\u00e9n pola autoxeraci\u00f3n e autoconsumo\u201d explica Rego.<\/p>\n\n\n\n<p>Esta opci\u00f3n non s\u00f3 \u00e9 m\u00e1is eficiente, sen\u00f3n que \u201cfavorece unha maior xeraci\u00f3n de emprego e de retorno social. Pois a instalaci\u00f3n destes grandes macroproxectos destaca precisamente pola ausencia de reversi\u00f3n dos beneficios para as poboaci\u00f3ns e territorios afectados e para o noso Pa\u00eds\u201d.<\/p>\n\n\n\n<p>As\u00ed mesmo, segundo apuntan os datos, o emprego xerado pola instalaci\u00f3n destes mega parques s\u00f3 pode cualificarse de residual, quedando reducido a postos de traballo temporais e de pouco valor engadido durante a construci\u00f3n, ao que se sumar\u00eda o m\u00ednimo necesario para vixiar o funcionamento e mantemento posterior, mais que pola tecnolox\u00eda e a centralizaci\u00f3n dos servizos nas multinacionais non se nutrir\u00eda da man de obra local.<\/p>\n\n\n\n<p>\u201cNon s\u00f3 non se facilita a creaci\u00f3n de novos postos de traballo, sen\u00f3n que se impide o desenvolvemento econ\u00f3mico presente e futuro daquelas zonas en que se implantan\u201d subli\u00f1a o deputado do BNG. Moitos dos terreos que se prev\u00e9n ocupar est\u00e1n na actualidade dedicados \u00e1 explotaci\u00f3n agrogandeira, actividades que resultar\u00edan incompat\u00edbeis ou se ver\u00eda gravemente dificultada coa instalaci\u00f3n dos parques. Outros impl\u00e1ntanse en terreos dun alto valor forestal o que tam\u00e9n impedir\u00eda o seu aproveitamento.<\/p>\n\n\n\n<p>\u201cA instalaci\u00f3n de novos parques para a produci\u00f3n de enerx\u00eda el\u00e9ctrica na Galiza, sexa en terra ou no mar, debe realizarse de forma ordenada. Debe definirse de antem\u00e1n en que lugares \u00e9 pos\u00edbel a s\u00faa instalaci\u00f3n atendendo ao seu menor impacto ambiental e \u00e1 menor afecci\u00f3n ao patrimonio natural e patrimonial, mais tam\u00e9n \u00e1s necesidades de produci\u00f3n\u201d salienta Rego. O territorio galego non pode converterse en subministrador do resto do Estado por decreto e intereses alleos \u00e1 Galiza, sen capacidade de decisi\u00f3n sobre a s\u00faa xesti\u00f3n, soportando os efectos negativos mais sen recibir en troca ning\u00fan beneficio, nin en forma de emprego, remuneraci\u00f3n ou abaratamento da factura el\u00e9ctrica.<\/p>\n\n\n\n<p>\u00c9 por iso que o deputado nacionalista insiste na proposta do BNG de cami\u00f1ar cara a unha mudanza do modelo de produci\u00f3n e xesti\u00f3n enerx\u00e9tica. \u201cSe quixermos p\u00f3r a produci\u00f3n de enerx\u00eda ao servizo do desenvolvemento social e econ\u00f3mico da Galiza e dos intereses das maior\u00edas sociais, \u00e9 preciso nacionalizar as grandes empresas do sector el\u00e9ctrico e, no inmediato, estabelecer unha Tarifa El\u00e9ctrica Galega que abarate a factira da luz para todos os galegos e galegas\u201d, sinala Rego, que lembra que nos cargos que agora pagamos est\u00e1n alg\u00fans como os de transporte, que corresponder\u00eda pagar \u201ca quen consome a nosa enerx\u00eda a 600 quil\u00f3metros de distancia e non a n\u00f3s que a producimos ao lado das nosas casas\u201d.<\/p>\n\n\n\n<figure class=\"wp-block-audio\"><audio controls src=\"http:\/\/www.anovapeneira.gal\/wp-content\/uploads\/2021\/06\/rolda-de-prensa-bng-nestor-rego-27-05.mp3\"><\/audio><\/figure>\n","protected":false},"excerpt":{"rendered":"<div class=\"mh-excerpt\"><p>O deputado alerta do \u201cboom e\u00f3lico\u201d desenvolto sen unha adecuada planificaci\u00f3n e sen garant\u00edas ambientais, que representa m\u00e1is espolio para o noso Pa\u00eds. <a class=\"mh-excerpt-more\" href=\"https:\/\/www.anovapeneira.gal\/index.php\/2021\/06\/03\/nestor-rego-reclama-ao-estado-paralizar-os-megaparques-eolicos-na-galiza\/\" title=\"N\u00e9stor Rego reclama ao Estado paralizar os megaparques e\u00f3licos na Galiza\">[&#8230;]<\/a><\/p>\n<\/div>","protected":false},"author":3,"featured_media":5496,"comment_status":"open","ping_status":"open","sticky":false,"template":"","format":"standard","meta":{"_exactmetrics_skip_tracking":false,"_exactmetrics_sitenote_active":false,"_exactmetrics_sitenote_note":"","_exactmetrics_sitenote_category":0,"footnotes":""},"categories":[263],"tags":[781],"class_list":{"0":"post-5495","1":"post","2":"type-post","3":"status-publish","4":"format-standard","5":"has-post-thumbnail","7":"category-novas","8":"tag-congreso-dos-diputados"},"yoast_head":"<!-- This site is optimized with the Yoast SEO plugin v27.4 - https:\/\/yoast.com\/product\/yoast-seo-wordpress\/ -->\n<title>N\u00e9stor Rego reclama ao Estado paralizar os megaparques e\u00f3licos na Galiza -<\/title>\n<meta name=\"description\" content=\"O deputado alerta do \u201cboom e\u00f3lico\u201d desenvolto sen unha adecuada planificaci\u00f3n e sen garant\u00edas ambientais, que representa m\u00e1is espolio para o noso Pa\u00eds\" \/>\n<meta name=\"robots\" content=\"index, follow, max-snippet:-1, max-image-preview:large, max-video-preview:-1\" \/>\n<link rel=\"canonical\" href=\"https:\/\/www.anovapeneira.gal\/index.php\/2021\/06\/03\/nestor-rego-reclama-ao-estado-paralizar-os-megaparques-eolicos-na-galiza\/\" \/>\n<meta property=\"og:locale\" content=\"gl_ES\" \/>\n<meta property=\"og:type\" content=\"article\" \/>\n<meta property=\"og:title\" content=\"N\u00e9stor Rego reclama ao Estado paralizar os megaparques e\u00f3licos na Galiza -\" \/>\n<meta property=\"og:description\" content=\"O deputado alerta do \u201cboom e\u00f3lico\u201d desenvolto sen unha adecuada planificaci\u00f3n e sen garant\u00edas ambientais, que representa m\u00e1is espolio para o noso Pa\u00eds\" \/>\n<meta property=\"og:url\" content=\"https:\/\/www.anovapeneira.gal\/index.php\/2021\/06\/03\/nestor-rego-reclama-ao-estado-paralizar-os-megaparques-eolicos-na-galiza\/\" \/>\n<meta property=\"article:publisher\" content=\"https:\/\/www.facebook.com\/anovapeneira\" \/>\n<meta property=\"article:published_time\" content=\"2021-06-03T08:00:47+00:00\" \/>\n<meta property=\"og:image\" content=\"https:\/\/www.anovapeneira.gal\/wp-content\/uploads\/2021\/06\/nestor_rego_congreso_deputados.jpg\" \/>\n\t<meta property=\"og:image:width\" content=\"720\" \/>\n\t<meta property=\"og:image:height\" content=\"432\" \/>\n\t<meta property=\"og:image:type\" content=\"image\/jpeg\" \/>\n<meta name=\"author\" content=\"Redacci\u00f3n A Nova Peneira\" \/>\n<meta name=\"twitter:card\" content=\"summary_large_image\" \/>\n<meta name=\"twitter:creator\" content=\"@APeneira\" \/>\n<meta name=\"twitter:site\" content=\"@APeneira\" \/>\n<meta name=\"twitter:label1\" content=\"Escrito por\" \/>\n\t<meta name=\"twitter:data1\" content=\"Redacci\u00f3n A Nova Peneira\" \/>\n\t<meta name=\"twitter:label2\" content=\"Tempo de lectura\" \/>\n\t<meta name=\"twitter:data2\" content=\"5 minutos\" \/>\n<script type=\"application\/ld+json\" class=\"yoast-schema-graph\">{\"@context\":\"https:\\\/\\\/schema.org\",\"@graph\":[{\"@type\":\"Article\",\"@id\":\"https:\\\/\\\/www.anovapeneira.gal\\\/index.php\\\/2021\\\/06\\\/03\\\/nestor-rego-reclama-ao-estado-paralizar-os-megaparques-eolicos-na-galiza\\\/#article\",\"isPartOf\":{\"@id\":\"https:\\\/\\\/www.anovapeneira.gal\\\/index.php\\\/2021\\\/06\\\/03\\\/nestor-rego-reclama-ao-estado-paralizar-os-megaparques-eolicos-na-galiza\\\/\"},\"author\":{\"name\":\"Redacci\u00f3n A Nova Peneira\",\"@id\":\"https:\\\/\\\/www.anovapeneira.gal\\\/#\\\/schema\\\/person\\\/b93e3f8932e3f8da96334607eb6ac6aa\"},\"headline\":\"N\u00e9stor Rego reclama ao Estado paralizar os megaparques e\u00f3licos na Galiza\",\"datePublished\":\"2021-06-03T08:00:47+00:00\",\"mainEntityOfPage\":{\"@id\":\"https:\\\/\\\/www.anovapeneira.gal\\\/index.php\\\/2021\\\/06\\\/03\\\/nestor-rego-reclama-ao-estado-paralizar-os-megaparques-eolicos-na-galiza\\\/\"},\"wordCount\":1131,\"commentCount\":0,\"publisher\":{\"@id\":\"https:\\\/\\\/www.anovapeneira.gal\\\/#organization\"},\"image\":{\"@id\":\"https:\\\/\\\/www.anovapeneira.gal\\\/index.php\\\/2021\\\/06\\\/03\\\/nestor-rego-reclama-ao-estado-paralizar-os-megaparques-eolicos-na-galiza\\\/#primaryimage\"},\"thumbnailUrl\":\"https:\\\/\\\/www.anovapeneira.gal\\\/wp-content\\\/uploads\\\/2021\\\/06\\\/nestor_rego_congreso_deputados.jpg\",\"keywords\":[\"Congreso dos diputados\"],\"articleSection\":[\"Novas\"],\"inLanguage\":\"gl-ES\",\"potentialAction\":[{\"@type\":\"CommentAction\",\"name\":\"Comment\",\"target\":[\"https:\\\/\\\/www.anovapeneira.gal\\\/index.php\\\/2021\\\/06\\\/03\\\/nestor-rego-reclama-ao-estado-paralizar-os-megaparques-eolicos-na-galiza\\\/#respond\"]}]},{\"@type\":\"WebPage\",\"@id\":\"https:\\\/\\\/www.anovapeneira.gal\\\/index.php\\\/2021\\\/06\\\/03\\\/nestor-rego-reclama-ao-estado-paralizar-os-megaparques-eolicos-na-galiza\\\/\",\"url\":\"https:\\\/\\\/www.anovapeneira.gal\\\/index.php\\\/2021\\\/06\\\/03\\\/nestor-rego-reclama-ao-estado-paralizar-os-megaparques-eolicos-na-galiza\\\/\",\"name\":\"N\u00e9stor Rego reclama ao Estado paralizar os megaparques e\u00f3licos na Galiza -\",\"isPartOf\":{\"@id\":\"https:\\\/\\\/www.anovapeneira.gal\\\/#website\"},\"primaryImageOfPage\":{\"@id\":\"https:\\\/\\\/www.anovapeneira.gal\\\/index.php\\\/2021\\\/06\\\/03\\\/nestor-rego-reclama-ao-estado-paralizar-os-megaparques-eolicos-na-galiza\\\/#primaryimage\"},\"image\":{\"@id\":\"https:\\\/\\\/www.anovapeneira.gal\\\/index.php\\\/2021\\\/06\\\/03\\\/nestor-rego-reclama-ao-estado-paralizar-os-megaparques-eolicos-na-galiza\\\/#primaryimage\"},\"thumbnailUrl\":\"https:\\\/\\\/www.anovapeneira.gal\\\/wp-content\\\/uploads\\\/2021\\\/06\\\/nestor_rego_congreso_deputados.jpg\",\"datePublished\":\"2021-06-03T08:00:47+00:00\",\"description\":\"O deputado alerta do \u201cboom e\u00f3lico\u201d desenvolto sen unha adecuada planificaci\u00f3n e sen garant\u00edas ambientais, que representa m\u00e1is espolio para o noso Pa\u00eds\",\"breadcrumb\":{\"@id\":\"https:\\\/\\\/www.anovapeneira.gal\\\/index.php\\\/2021\\\/06\\\/03\\\/nestor-rego-reclama-ao-estado-paralizar-os-megaparques-eolicos-na-galiza\\\/#breadcrumb\"},\"inLanguage\":\"gl-ES\",\"potentialAction\":[{\"@type\":\"ReadAction\",\"target\":[\"https:\\\/\\\/www.anovapeneira.gal\\\/index.php\\\/2021\\\/06\\\/03\\\/nestor-rego-reclama-ao-estado-paralizar-os-megaparques-eolicos-na-galiza\\\/\"]}]},{\"@type\":\"ImageObject\",\"inLanguage\":\"gl-ES\",\"@id\":\"https:\\\/\\\/www.anovapeneira.gal\\\/index.php\\\/2021\\\/06\\\/03\\\/nestor-rego-reclama-ao-estado-paralizar-os-megaparques-eolicos-na-galiza\\\/#primaryimage\",\"url\":\"https:\\\/\\\/www.anovapeneira.gal\\\/wp-content\\\/uploads\\\/2021\\\/06\\\/nestor_rego_congreso_deputados.jpg\",\"contentUrl\":\"https:\\\/\\\/www.anovapeneira.gal\\\/wp-content\\\/uploads\\\/2021\\\/06\\\/nestor_rego_congreso_deputados.jpg\",\"width\":720,\"height\":432,\"caption\":\"Nestor Rego Congreso deputados\"},{\"@type\":\"BreadcrumbList\",\"@id\":\"https:\\\/\\\/www.anovapeneira.gal\\\/index.php\\\/2021\\\/06\\\/03\\\/nestor-rego-reclama-ao-estado-paralizar-os-megaparques-eolicos-na-galiza\\\/#breadcrumb\",\"itemListElement\":[{\"@type\":\"ListItem\",\"position\":1,\"name\":\"Portada\",\"item\":\"https:\\\/\\\/www.anovapeneira.gal\\\/\"},{\"@type\":\"ListItem\",\"position\":2,\"name\":\"N\u00e9stor Rego reclama ao Estado paralizar os megaparques e\u00f3licos na Galiza\"}]},{\"@type\":\"WebSite\",\"@id\":\"https:\\\/\\\/www.anovapeneira.gal\\\/#website\",\"url\":\"https:\\\/\\\/www.anovapeneira.gal\\\/\",\"name\":\"\",\"description\":\"Xornal galego de informaci\u00f3n xeral Publicaci\u00f3n mensual de novas de Galicia e en especial dos Concellos da sur da provincia de Pontevedra.\",\"publisher\":{\"@id\":\"https:\\\/\\\/www.anovapeneira.gal\\\/#organization\"},\"potentialAction\":[{\"@type\":\"SearchAction\",\"target\":{\"@type\":\"EntryPoint\",\"urlTemplate\":\"https:\\\/\\\/www.anovapeneira.gal\\\/?s={search_term_string}\"},\"query-input\":{\"@type\":\"PropertyValueSpecification\",\"valueRequired\":true,\"valueName\":\"search_term_string\"}}],\"inLanguage\":\"gl-ES\"},{\"@type\":\"Organization\",\"@id\":\"https:\\\/\\\/www.anovapeneira.gal\\\/#organization\",\"name\":\"A Nova Peneira\",\"url\":\"https:\\\/\\\/www.anovapeneira.gal\\\/\",\"logo\":{\"@type\":\"ImageObject\",\"inLanguage\":\"gl-ES\",\"@id\":\"https:\\\/\\\/www.anovapeneira.gal\\\/#\\\/schema\\\/logo\\\/image\\\/\",\"url\":\"http:\\\/\\\/www.anovapeneira.gal\\\/wp-content\\\/uploads\\\/2019\\\/06\\\/logo_a_nova_peneira_portal_web.png\",\"contentUrl\":\"http:\\\/\\\/www.anovapeneira.gal\\\/wp-content\\\/uploads\\\/2019\\\/06\\\/logo_a_nova_peneira_portal_web.png\",\"width\":300,\"height\":100,\"caption\":\"A Nova Peneira\"},\"image\":{\"@id\":\"https:\\\/\\\/www.anovapeneira.gal\\\/#\\\/schema\\\/logo\\\/image\\\/\"},\"sameAs\":[\"https:\\\/\\\/www.facebook.com\\\/anovapeneira\",\"https:\\\/\\\/x.com\\\/APeneira\"]},{\"@type\":\"Person\",\"@id\":\"https:\\\/\\\/www.anovapeneira.gal\\\/#\\\/schema\\\/person\\\/b93e3f8932e3f8da96334607eb6ac6aa\",\"name\":\"Redacci\u00f3n A Nova Peneira\",\"image\":{\"@type\":\"ImageObject\",\"inLanguage\":\"gl-ES\",\"@id\":\"https:\\\/\\\/secure.gravatar.com\\\/avatar\\\/c052a2551a06e23fac63626232eaa90abd78dbcf1700fc46a2b2c89fd27b735f?s=96&d=mm&r=g\",\"url\":\"https:\\\/\\\/secure.gravatar.com\\\/avatar\\\/c052a2551a06e23fac63626232eaa90abd78dbcf1700fc46a2b2c89fd27b735f?s=96&d=mm&r=g\",\"contentUrl\":\"https:\\\/\\\/secure.gravatar.com\\\/avatar\\\/c052a2551a06e23fac63626232eaa90abd78dbcf1700fc46a2b2c89fd27b735f?s=96&d=mm&r=g\",\"caption\":\"Redacci\u00f3n A Nova Peneira\"},\"sameAs\":[\"http:\\\/\\\/www.anovapeneira.gal\\\/\"],\"url\":\"https:\\\/\\\/www.anovapeneira.gal\\\/index.php\\\/author\\\/redactor\\\/\"}]}<\/script>\n<!-- \/ Yoast SEO plugin. -->","yoast_head_json":{"title":"N\u00e9stor Rego reclama ao Estado paralizar os megaparques e\u00f3licos na Galiza -","description":"O deputado alerta do \u201cboom e\u00f3lico\u201d desenvolto sen unha adecuada planificaci\u00f3n e sen garant\u00edas ambientais, que representa m\u00e1is espolio para o noso Pa\u00eds","robots":{"index":"index","follow":"follow","max-snippet":"max-snippet:-1","max-image-preview":"max-image-preview:large","max-video-preview":"max-video-preview:-1"},"canonical":"https:\/\/www.anovapeneira.gal\/index.php\/2021\/06\/03\/nestor-rego-reclama-ao-estado-paralizar-os-megaparques-eolicos-na-galiza\/","og_locale":"gl_ES","og_type":"article","og_title":"N\u00e9stor Rego reclama ao Estado paralizar os megaparques e\u00f3licos na Galiza -","og_description":"O deputado alerta do \u201cboom e\u00f3lico\u201d desenvolto sen unha adecuada planificaci\u00f3n e sen garant\u00edas ambientais, que representa m\u00e1is espolio para o noso Pa\u00eds","og_url":"https:\/\/www.anovapeneira.gal\/index.php\/2021\/06\/03\/nestor-rego-reclama-ao-estado-paralizar-os-megaparques-eolicos-na-galiza\/","article_publisher":"https:\/\/www.facebook.com\/anovapeneira","article_published_time":"2021-06-03T08:00:47+00:00","og_image":[{"width":720,"height":432,"url":"https:\/\/www.anovapeneira.gal\/wp-content\/uploads\/2021\/06\/nestor_rego_congreso_deputados.jpg","type":"image\/jpeg"}],"author":"Redacci\u00f3n A Nova Peneira","twitter_card":"summary_large_image","twitter_creator":"@APeneira","twitter_site":"@APeneira","twitter_misc":{"Escrito por":"Redacci\u00f3n A Nova Peneira","Tempo de lectura":"5 minutos"},"schema":{"@context":"https:\/\/schema.org","@graph":[{"@type":"Article","@id":"https:\/\/www.anovapeneira.gal\/index.php\/2021\/06\/03\/nestor-rego-reclama-ao-estado-paralizar-os-megaparques-eolicos-na-galiza\/#article","isPartOf":{"@id":"https:\/\/www.anovapeneira.gal\/index.php\/2021\/06\/03\/nestor-rego-reclama-ao-estado-paralizar-os-megaparques-eolicos-na-galiza\/"},"author":{"name":"Redacci\u00f3n A Nova Peneira","@id":"https:\/\/www.anovapeneira.gal\/#\/schema\/person\/b93e3f8932e3f8da96334607eb6ac6aa"},"headline":"N\u00e9stor Rego reclama ao Estado paralizar os megaparques e\u00f3licos na Galiza","datePublished":"2021-06-03T08:00:47+00:00","mainEntityOfPage":{"@id":"https:\/\/www.anovapeneira.gal\/index.php\/2021\/06\/03\/nestor-rego-reclama-ao-estado-paralizar-os-megaparques-eolicos-na-galiza\/"},"wordCount":1131,"commentCount":0,"publisher":{"@id":"https:\/\/www.anovapeneira.gal\/#organization"},"image":{"@id":"https:\/\/www.anovapeneira.gal\/index.php\/2021\/06\/03\/nestor-rego-reclama-ao-estado-paralizar-os-megaparques-eolicos-na-galiza\/#primaryimage"},"thumbnailUrl":"https:\/\/www.anovapeneira.gal\/wp-content\/uploads\/2021\/06\/nestor_rego_congreso_deputados.jpg","keywords":["Congreso dos diputados"],"articleSection":["Novas"],"inLanguage":"gl-ES","potentialAction":[{"@type":"CommentAction","name":"Comment","target":["https:\/\/www.anovapeneira.gal\/index.php\/2021\/06\/03\/nestor-rego-reclama-ao-estado-paralizar-os-megaparques-eolicos-na-galiza\/#respond"]}]},{"@type":"WebPage","@id":"https:\/\/www.anovapeneira.gal\/index.php\/2021\/06\/03\/nestor-rego-reclama-ao-estado-paralizar-os-megaparques-eolicos-na-galiza\/","url":"https:\/\/www.anovapeneira.gal\/index.php\/2021\/06\/03\/nestor-rego-reclama-ao-estado-paralizar-os-megaparques-eolicos-na-galiza\/","name":"N\u00e9stor Rego reclama ao Estado paralizar os megaparques e\u00f3licos na Galiza -","isPartOf":{"@id":"https:\/\/www.anovapeneira.gal\/#website"},"primaryImageOfPage":{"@id":"https:\/\/www.anovapeneira.gal\/index.php\/2021\/06\/03\/nestor-rego-reclama-ao-estado-paralizar-os-megaparques-eolicos-na-galiza\/#primaryimage"},"image":{"@id":"https:\/\/www.anovapeneira.gal\/index.php\/2021\/06\/03\/nestor-rego-reclama-ao-estado-paralizar-os-megaparques-eolicos-na-galiza\/#primaryimage"},"thumbnailUrl":"https:\/\/www.anovapeneira.gal\/wp-content\/uploads\/2021\/06\/nestor_rego_congreso_deputados.jpg","datePublished":"2021-06-03T08:00:47+00:00","description":"O deputado alerta do \u201cboom e\u00f3lico\u201d desenvolto sen unha adecuada planificaci\u00f3n e sen garant\u00edas ambientais, que representa m\u00e1is espolio para o noso Pa\u00eds","breadcrumb":{"@id":"https:\/\/www.anovapeneira.gal\/index.php\/2021\/06\/03\/nestor-rego-reclama-ao-estado-paralizar-os-megaparques-eolicos-na-galiza\/#breadcrumb"},"inLanguage":"gl-ES","potentialAction":[{"@type":"ReadAction","target":["https:\/\/www.anovapeneira.gal\/index.php\/2021\/06\/03\/nestor-rego-reclama-ao-estado-paralizar-os-megaparques-eolicos-na-galiza\/"]}]},{"@type":"ImageObject","inLanguage":"gl-ES","@id":"https:\/\/www.anovapeneira.gal\/index.php\/2021\/06\/03\/nestor-rego-reclama-ao-estado-paralizar-os-megaparques-eolicos-na-galiza\/#primaryimage","url":"https:\/\/www.anovapeneira.gal\/wp-content\/uploads\/2021\/06\/nestor_rego_congreso_deputados.jpg","contentUrl":"https:\/\/www.anovapeneira.gal\/wp-content\/uploads\/2021\/06\/nestor_rego_congreso_deputados.jpg","width":720,"height":432,"caption":"Nestor Rego Congreso deputados"},{"@type":"BreadcrumbList","@id":"https:\/\/www.anovapeneira.gal\/index.php\/2021\/06\/03\/nestor-rego-reclama-ao-estado-paralizar-os-megaparques-eolicos-na-galiza\/#breadcrumb","itemListElement":[{"@type":"ListItem","position":1,"name":"Portada","item":"https:\/\/www.anovapeneira.gal\/"},{"@type":"ListItem","position":2,"name":"N\u00e9stor Rego reclama ao Estado paralizar os megaparques e\u00f3licos na Galiza"}]},{"@type":"WebSite","@id":"https:\/\/www.anovapeneira.gal\/#website","url":"https:\/\/www.anovapeneira.gal\/","name":"","description":"Xornal galego de informaci\u00f3n xeral Publicaci\u00f3n mensual de novas de Galicia e en especial dos Concellos da sur da provincia de Pontevedra.","publisher":{"@id":"https:\/\/www.anovapeneira.gal\/#organization"},"potentialAction":[{"@type":"SearchAction","target":{"@type":"EntryPoint","urlTemplate":"https:\/\/www.anovapeneira.gal\/?s={search_term_string}"},"query-input":{"@type":"PropertyValueSpecification","valueRequired":true,"valueName":"search_term_string"}}],"inLanguage":"gl-ES"},{"@type":"Organization","@id":"https:\/\/www.anovapeneira.gal\/#organization","name":"A Nova Peneira","url":"https:\/\/www.anovapeneira.gal\/","logo":{"@type":"ImageObject","inLanguage":"gl-ES","@id":"https:\/\/www.anovapeneira.gal\/#\/schema\/logo\/image\/","url":"http:\/\/www.anovapeneira.gal\/wp-content\/uploads\/2019\/06\/logo_a_nova_peneira_portal_web.png","contentUrl":"http:\/\/www.anovapeneira.gal\/wp-content\/uploads\/2019\/06\/logo_a_nova_peneira_portal_web.png","width":300,"height":100,"caption":"A Nova Peneira"},"image":{"@id":"https:\/\/www.anovapeneira.gal\/#\/schema\/logo\/image\/"},"sameAs":["https:\/\/www.facebook.com\/anovapeneira","https:\/\/x.com\/APeneira"]},{"@type":"Person","@id":"https:\/\/www.anovapeneira.gal\/#\/schema\/person\/b93e3f8932e3f8da96334607eb6ac6aa","name":"Redacci\u00f3n A Nova Peneira","image":{"@type":"ImageObject","inLanguage":"gl-ES","@id":"https:\/\/secure.gravatar.com\/avatar\/c052a2551a06e23fac63626232eaa90abd78dbcf1700fc46a2b2c89fd27b735f?s=96&d=mm&r=g","url":"https:\/\/secure.gravatar.com\/avatar\/c052a2551a06e23fac63626232eaa90abd78dbcf1700fc46a2b2c89fd27b735f?s=96&d=mm&r=g","contentUrl":"https:\/\/secure.gravatar.com\/avatar\/c052a2551a06e23fac63626232eaa90abd78dbcf1700fc46a2b2c89fd27b735f?s=96&d=mm&r=g","caption":"Redacci\u00f3n A Nova Peneira"},"sameAs":["http:\/\/www.anovapeneira.gal\/"],"url":"https:\/\/www.anovapeneira.gal\/index.php\/author\/redactor\/"}]}},"jetpack_featured_media_url":"https:\/\/www.anovapeneira.gal\/wp-content\/uploads\/2021\/06\/nestor_rego_congreso_deputados.jpg","_links":{"self":[{"href":"https:\/\/www.anovapeneira.gal\/index.php\/wp-json\/wp\/v2\/posts\/5495","targetHints":{"allow":["GET"]}}],"collection":[{"href":"https:\/\/www.anovapeneira.gal\/index.php\/wp-json\/wp\/v2\/posts"}],"about":[{"href":"https:\/\/www.anovapeneira.gal\/index.php\/wp-json\/wp\/v2\/types\/post"}],"author":[{"embeddable":true,"href":"https:\/\/www.anovapeneira.gal\/index.php\/wp-json\/wp\/v2\/users\/3"}],"replies":[{"embeddable":true,"href":"https:\/\/www.anovapeneira.gal\/index.php\/wp-json\/wp\/v2\/comments?post=5495"}],"version-history":[{"count":3,"href":"https:\/\/www.anovapeneira.gal\/index.php\/wp-json\/wp\/v2\/posts\/5495\/revisions"}],"predecessor-version":[{"id":5507,"href":"https:\/\/www.anovapeneira.gal\/index.php\/wp-json\/wp\/v2\/posts\/5495\/revisions\/5507"}],"wp:featuredmedia":[{"embeddable":true,"href":"https:\/\/www.anovapeneira.gal\/index.php\/wp-json\/wp\/v2\/media\/5496"}],"wp:attachment":[{"href":"https:\/\/www.anovapeneira.gal\/index.php\/wp-json\/wp\/v2\/media?parent=5495"}],"wp:term":[{"taxonomy":"category","embeddable":true,"href":"https:\/\/www.anovapeneira.gal\/index.php\/wp-json\/wp\/v2\/categories?post=5495"},{"taxonomy":"post_tag","embeddable":true,"href":"https:\/\/www.anovapeneira.gal\/index.php\/wp-json\/wp\/v2\/tags?post=5495"}],"curies":[{"name":"wp","href":"https:\/\/api.w.org\/{rel}","templated":true}]}}