{"id":5498,"date":"2021-06-03T12:00:45","date_gmt":"2021-06-03T10:00:45","guid":{"rendered":"http:\/\/www.anovapeneira.gal\/?p=5498"},"modified":"2021-06-01T21:09:35","modified_gmt":"2021-06-01T19:09:35","slug":"goian-acolle-a-4a-proba-do-campionato-galego-inclusivo-fibralar-de-motonautica-2021","status":"publish","type":"post","link":"https:\/\/www.anovapeneira.gal\/index.php\/2021\/06\/03\/goian-acolle-a-4a-proba-do-campionato-galego-inclusivo-fibralar-de-motonautica-2021\/","title":{"rendered":"Goi\u00e1n acolle a 4\u00aa proba do Campionato Galego Inclusivo Fibralar de Moton\u00e1utica 2021"},"content":{"rendered":"\n<h2 class=\"wp-block-heading\">A proba discurrir\u00e1 por augas do r\u00edo Mi\u00f1o, \u00e1 altura da praia de Goi\u00e1n (dotada dun pantal\u00e1n adaptado) e fronte \u00e1 localidade lusa de Vila Nova de Cerveira<\/h2>\n\n\n\n<p><strong>Tomi\u00f1o, 29 de maio de 2021<\/strong><\/p>\n\n\n\n<p>O Espazo Fortaleza de Goi\u00e1n(Tomi\u00f1o) acolle o vindeiro 5 de xu\u00f1o a cuarta etapa do Campionato Galego Inclusivo Fibralar de Moton\u00e1utica2021.<\/p>\n\n\n\n<p><br>A competici\u00f3n, que pretende facilitar a integraci\u00f3n das persoas con diversidade funcional na pr\u00e1ctica do deporte, foi presentada onte no Concello de Tomi\u00f1o. Na presentaci\u00f3n estiveron Marcos Casaleiro e Carlos Est\u00e9vez, en representaci\u00f3n da Real Federaci\u00f3n Galega de Moton\u00e1utica; Francisco Campo, concelleiro de Deportes, e Marcos Figueiras Pose, en representaci\u00f3n de Fibralar, operadora de internet que patrocina o evento.<\/p>\n\n\n\n<p>Pola s\u00faa banda, tanto o concelleiro coma o representante de Fibralar, aseguraron sentirse orgullosos de poder achegar o seu gran de area a unha competici\u00f3n destas caracter\u00edsticas, e contribuir \u00e1 inclusi\u00f3n das persoas con diversidade funcional da comarca.<\/p>\n\n\n\n<p>A proba discurrir\u00e1 por augas do Mi\u00f1o, \u00e1 altura da praia de Goi\u00e1n, dotada dun pantal\u00e1n adaptado.<br>Con arranque programado \u00e1s 10 e media da ma\u00f1\u00e1, piloto e copiloto ter\u00e1n que enfrontarse a unha serie de probas de destreza, nun circu\u00edto marcado por aboias fondeadas sobre as que ter\u00e1n que trazar un percorrido con diversas dificultades, e que ser\u00e1n desveladas no \u00faltimo momento polo Comit\u00e9 de Xu\u00edces da Federaci\u00f3n Galega de Moton\u00e1utica.<\/p>\n\n\n\n<p><br>Segundo informaron os organizadores, doce equipos de toda Galicia confirmaron xa a s\u00faa asistencia a este campionato inclusivo, que chega xa ao seu sexto anoconsecutivo.<\/p>\n\n\n\n<p><br>Sobre as 14.00h ter\u00e1 lugar a entrega de premios, coa presenza de autoridades locais e da Federaci\u00f3n.<br>As persoas (especialmente aquelas con diversidade funcional) que desexen co\u00f1ecer este deporte dende cerca, poden achegarse \u00e1 competici\u00f3n, a cuxo t\u00e9rmino, poder\u00e1n realizar un paseo en barco ou interiorizarse dos datos que precisen para a pr\u00e1ctica da moton\u00e1utica ou a obtenci\u00f3n da licencia de navegaci\u00f3n.<\/p>\n","protected":false},"excerpt":{"rendered":"<div class=\"mh-excerpt\"><p>A proba discurrir\u00e1 por augas do r\u00edo Mi\u00f1o, \u00e1 altura da praia de Goi\u00e1n (dotada dun pantal\u00e1n adaptado) e fronte \u00e1 localidade lusa de Vila Nova de Cerveira <a class=\"mh-excerpt-more\" href=\"https:\/\/www.anovapeneira.gal\/index.php\/2021\/06\/03\/goian-acolle-a-4a-proba-do-campionato-galego-inclusivo-fibralar-de-motonautica-2021\/\" title=\"Goi\u00e1n acolle a 4\u00aa proba do Campionato Galego Inclusivo Fibralar de Moton\u00e1utica 2021\">[&#8230;]<\/a><\/p>\n<\/div>","protected":false},"author":3,"featured_media":5500,"comment_status":"open","ping_status":"open","sticky":false,"template":"","format":"standard","meta":{"_exactmetrics_skip_tracking":false,"_exactmetrics_sitenote_active":false,"_exactmetrics_sitenote_note":"","_exactmetrics_sitenote_category":0,"footnotes":""},"categories":[21],"tags":[81],"class_list":{"0":"post-5498","1":"post","2":"type-post","3":"status-publish","4":"format-standard","5":"has-post-thumbnail","7":"category-baixo-mino","8":"tag-concello-de-tomino"},"yoast_head":"<!-- This site is optimized with the Yoast SEO plugin v27.4 - https:\/\/yoast.com\/product\/yoast-seo-wordpress\/ -->\n<title>Goi\u00e1n acolle a 4\u00aa proba do Campionato Galego Inclusivo Fibralar de Moton\u00e1utica 2021 -<\/title>\n<meta name=\"description\" content=\"A proba discurrir\u00e1 por augas do r\u00edo Mi\u00f1o, \u00e1 altura da praia de Goi\u00e1n (dotada dun pantal\u00e1n adaptado) e fronte \u00e1 localidade lusa de Vila Nova de Cerveira\" \/>\n<meta name=\"robots\" content=\"index, follow, max-snippet:-1, max-image-preview:large, max-video-preview:-1\" \/>\n<link rel=\"canonical\" href=\"https:\/\/www.anovapeneira.gal\/index.php\/2021\/06\/03\/goian-acolle-a-4a-proba-do-campionato-galego-inclusivo-fibralar-de-motonautica-2021\/\" \/>\n<meta property=\"og:locale\" content=\"gl_ES\" \/>\n<meta property=\"og:type\" content=\"article\" \/>\n<meta property=\"og:title\" content=\"Goi\u00e1n acolle a 4\u00aa proba do Campionato Galego Inclusivo Fibralar de Moton\u00e1utica 2021 -\" \/>\n<meta property=\"og:description\" content=\"A proba discurrir\u00e1 por augas do r\u00edo Mi\u00f1o, \u00e1 altura da praia de Goi\u00e1n (dotada dun pantal\u00e1n adaptado) e fronte \u00e1 localidade lusa de Vila Nova de Cerveira\" \/>\n<meta property=\"og:url\" content=\"https:\/\/www.anovapeneira.gal\/index.php\/2021\/06\/03\/goian-acolle-a-4a-proba-do-campionato-galego-inclusivo-fibralar-de-motonautica-2021\/\" \/>\n<meta property=\"article:publisher\" content=\"https:\/\/www.facebook.com\/anovapeneira\" \/>\n<meta property=\"article:published_time\" content=\"2021-06-03T10:00:45+00:00\" \/>\n<meta property=\"og:image\" content=\"https:\/\/www.anovapeneira.gal\/wp-content\/uploads\/2021\/06\/campionato_galego_fibrilar.jpg\" \/>\n\t<meta property=\"og:image:width\" content=\"720\" \/>\n\t<meta property=\"og:image:height\" content=\"432\" \/>\n\t<meta property=\"og:image:type\" content=\"image\/jpeg\" \/>\n<meta name=\"author\" content=\"Redacci\u00f3n A Nova Peneira\" \/>\n<meta name=\"twitter:card\" content=\"summary_large_image\" \/>\n<meta name=\"twitter:creator\" content=\"@APeneira\" \/>\n<meta name=\"twitter:site\" content=\"@APeneira\" \/>\n<meta name=\"twitter:label1\" content=\"Escrito por\" \/>\n\t<meta name=\"twitter:data1\" content=\"Redacci\u00f3n A Nova Peneira\" \/>\n\t<meta name=\"twitter:label2\" content=\"Tempo de lectura\" \/>\n\t<meta name=\"twitter:data2\" content=\"2 minutos\" \/>\n<script type=\"application\/ld+json\" class=\"yoast-schema-graph\">{\"@context\":\"https:\\\/\\\/schema.org\",\"@graph\":[{\"@type\":\"Article\",\"@id\":\"https:\\\/\\\/www.anovapeneira.gal\\\/index.php\\\/2021\\\/06\\\/03\\\/goian-acolle-a-4a-proba-do-campionato-galego-inclusivo-fibralar-de-motonautica-2021\\\/#article\",\"isPartOf\":{\"@id\":\"https:\\\/\\\/www.anovapeneira.gal\\\/index.php\\\/2021\\\/06\\\/03\\\/goian-acolle-a-4a-proba-do-campionato-galego-inclusivo-fibralar-de-motonautica-2021\\\/\"},\"author\":{\"name\":\"Redacci\u00f3n A Nova Peneira\",\"@id\":\"https:\\\/\\\/www.anovapeneira.gal\\\/#\\\/schema\\\/person\\\/b93e3f8932e3f8da96334607eb6ac6aa\"},\"headline\":\"Goi\u00e1n acolle a 4\u00aa proba do Campionato Galego Inclusivo Fibralar de Moton\u00e1utica 2021\",\"datePublished\":\"2021-06-03T10:00:45+00:00\",\"mainEntityOfPage\":{\"@id\":\"https:\\\/\\\/www.anovapeneira.gal\\\/index.php\\\/2021\\\/06\\\/03\\\/goian-acolle-a-4a-proba-do-campionato-galego-inclusivo-fibralar-de-motonautica-2021\\\/\"},\"wordCount\":359,\"commentCount\":0,\"publisher\":{\"@id\":\"https:\\\/\\\/www.anovapeneira.gal\\\/#organization\"},\"image\":{\"@id\":\"https:\\\/\\\/www.anovapeneira.gal\\\/index.php\\\/2021\\\/06\\\/03\\\/goian-acolle-a-4a-proba-do-campionato-galego-inclusivo-fibralar-de-motonautica-2021\\\/#primaryimage\"},\"thumbnailUrl\":\"https:\\\/\\\/www.anovapeneira.gal\\\/wp-content\\\/uploads\\\/2021\\\/06\\\/campionato_galego_fibrilar.jpg\",\"keywords\":[\"Concello de Tomi\u00f1o\"],\"articleSection\":[\"Baixo Mi\u00f1o\"],\"inLanguage\":\"gl-ES\",\"potentialAction\":[{\"@type\":\"CommentAction\",\"name\":\"Comment\",\"target\":[\"https:\\\/\\\/www.anovapeneira.gal\\\/index.php\\\/2021\\\/06\\\/03\\\/goian-acolle-a-4a-proba-do-campionato-galego-inclusivo-fibralar-de-motonautica-2021\\\/#respond\"]}]},{\"@type\":\"WebPage\",\"@id\":\"https:\\\/\\\/www.anovapeneira.gal\\\/index.php\\\/2021\\\/06\\\/03\\\/goian-acolle-a-4a-proba-do-campionato-galego-inclusivo-fibralar-de-motonautica-2021\\\/\",\"url\":\"https:\\\/\\\/www.anovapeneira.gal\\\/index.php\\\/2021\\\/06\\\/03\\\/goian-acolle-a-4a-proba-do-campionato-galego-inclusivo-fibralar-de-motonautica-2021\\\/\",\"name\":\"Goi\u00e1n acolle a 4\u00aa proba do Campionato Galego Inclusivo Fibralar de Moton\u00e1utica 2021 -\",\"isPartOf\":{\"@id\":\"https:\\\/\\\/www.anovapeneira.gal\\\/#website\"},\"primaryImageOfPage\":{\"@id\":\"https:\\\/\\\/www.anovapeneira.gal\\\/index.php\\\/2021\\\/06\\\/03\\\/goian-acolle-a-4a-proba-do-campionato-galego-inclusivo-fibralar-de-motonautica-2021\\\/#primaryimage\"},\"image\":{\"@id\":\"https:\\\/\\\/www.anovapeneira.gal\\\/index.php\\\/2021\\\/06\\\/03\\\/goian-acolle-a-4a-proba-do-campionato-galego-inclusivo-fibralar-de-motonautica-2021\\\/#primaryimage\"},\"thumbnailUrl\":\"https:\\\/\\\/www.anovapeneira.gal\\\/wp-content\\\/uploads\\\/2021\\\/06\\\/campionato_galego_fibrilar.jpg\",\"datePublished\":\"2021-06-03T10:00:45+00:00\",\"description\":\"A proba discurrir\u00e1 por augas do r\u00edo Mi\u00f1o, \u00e1 altura da praia de Goi\u00e1n (dotada dun pantal\u00e1n adaptado) e fronte \u00e1 localidade lusa de Vila Nova de Cerveira\",\"breadcrumb\":{\"@id\":\"https:\\\/\\\/www.anovapeneira.gal\\\/index.php\\\/2021\\\/06\\\/03\\\/goian-acolle-a-4a-proba-do-campionato-galego-inclusivo-fibralar-de-motonautica-2021\\\/#breadcrumb\"},\"inLanguage\":\"gl-ES\",\"potentialAction\":[{\"@type\":\"ReadAction\",\"target\":[\"https:\\\/\\\/www.anovapeneira.gal\\\/index.php\\\/2021\\\/06\\\/03\\\/goian-acolle-a-4a-proba-do-campionato-galego-inclusivo-fibralar-de-motonautica-2021\\\/\"]}]},{\"@type\":\"ImageObject\",\"inLanguage\":\"gl-ES\",\"@id\":\"https:\\\/\\\/www.anovapeneira.gal\\\/index.php\\\/2021\\\/06\\\/03\\\/goian-acolle-a-4a-proba-do-campionato-galego-inclusivo-fibralar-de-motonautica-2021\\\/#primaryimage\",\"url\":\"https:\\\/\\\/www.anovapeneira.gal\\\/wp-content\\\/uploads\\\/2021\\\/06\\\/campionato_galego_fibrilar.jpg\",\"contentUrl\":\"https:\\\/\\\/www.anovapeneira.gal\\\/wp-content\\\/uploads\\\/2021\\\/06\\\/campionato_galego_fibrilar.jpg\",\"width\":720,\"height\":432,\"caption\":\"oi\u00e1n acolle a 4\u00aa proba do Campionato Galego Inclusivo Fibralar de Moton\u00e1utica 2021\"},{\"@type\":\"BreadcrumbList\",\"@id\":\"https:\\\/\\\/www.anovapeneira.gal\\\/index.php\\\/2021\\\/06\\\/03\\\/goian-acolle-a-4a-proba-do-campionato-galego-inclusivo-fibralar-de-motonautica-2021\\\/#breadcrumb\",\"itemListElement\":[{\"@type\":\"ListItem\",\"position\":1,\"name\":\"Portada\",\"item\":\"https:\\\/\\\/www.anovapeneira.gal\\\/\"},{\"@type\":\"ListItem\",\"position\":2,\"name\":\"Goi\u00e1n acolle a 4\u00aa proba do Campionato Galego Inclusivo Fibralar de Moton\u00e1utica 2021\"}]},{\"@type\":\"WebSite\",\"@id\":\"https:\\\/\\\/www.anovapeneira.gal\\\/#website\",\"url\":\"https:\\\/\\\/www.anovapeneira.gal\\\/\",\"name\":\"\",\"description\":\"Xornal galego de informaci\u00f3n xeral Publicaci\u00f3n mensual de novas de Galicia e en especial dos Concellos da sur da provincia de Pontevedra.\",\"publisher\":{\"@id\":\"https:\\\/\\\/www.anovapeneira.gal\\\/#organization\"},\"potentialAction\":[{\"@type\":\"SearchAction\",\"target\":{\"@type\":\"EntryPoint\",\"urlTemplate\":\"https:\\\/\\\/www.anovapeneira.gal\\\/?s={search_term_string}\"},\"query-input\":{\"@type\":\"PropertyValueSpecification\",\"valueRequired\":true,\"valueName\":\"search_term_string\"}}],\"inLanguage\":\"gl-ES\"},{\"@type\":\"Organization\",\"@id\":\"https:\\\/\\\/www.anovapeneira.gal\\\/#organization\",\"name\":\"A Nova Peneira\",\"url\":\"https:\\\/\\\/www.anovapeneira.gal\\\/\",\"logo\":{\"@type\":\"ImageObject\",\"inLanguage\":\"gl-ES\",\"@id\":\"https:\\\/\\\/www.anovapeneira.gal\\\/#\\\/schema\\\/logo\\\/image\\\/\",\"url\":\"http:\\\/\\\/www.anovapeneira.gal\\\/wp-content\\\/uploads\\\/2019\\\/06\\\/logo_a_nova_peneira_portal_web.png\",\"contentUrl\":\"http:\\\/\\\/www.anovapeneira.gal\\\/wp-content\\\/uploads\\\/2019\\\/06\\\/logo_a_nova_peneira_portal_web.png\",\"width\":300,\"height\":100,\"caption\":\"A Nova Peneira\"},\"image\":{\"@id\":\"https:\\\/\\\/www.anovapeneira.gal\\\/#\\\/schema\\\/logo\\\/image\\\/\"},\"sameAs\":[\"https:\\\/\\\/www.facebook.com\\\/anovapeneira\",\"https:\\\/\\\/x.com\\\/APeneira\"]},{\"@type\":\"Person\",\"@id\":\"https:\\\/\\\/www.anovapeneira.gal\\\/#\\\/schema\\\/person\\\/b93e3f8932e3f8da96334607eb6ac6aa\",\"name\":\"Redacci\u00f3n A Nova Peneira\",\"image\":{\"@type\":\"ImageObject\",\"inLanguage\":\"gl-ES\",\"@id\":\"https:\\\/\\\/secure.gravatar.com\\\/avatar\\\/c052a2551a06e23fac63626232eaa90abd78dbcf1700fc46a2b2c89fd27b735f?s=96&d=mm&r=g\",\"url\":\"https:\\\/\\\/secure.gravatar.com\\\/avatar\\\/c052a2551a06e23fac63626232eaa90abd78dbcf1700fc46a2b2c89fd27b735f?s=96&d=mm&r=g\",\"contentUrl\":\"https:\\\/\\\/secure.gravatar.com\\\/avatar\\\/c052a2551a06e23fac63626232eaa90abd78dbcf1700fc46a2b2c89fd27b735f?s=96&d=mm&r=g\",\"caption\":\"Redacci\u00f3n A Nova Peneira\"},\"sameAs\":[\"http:\\\/\\\/www.anovapeneira.gal\\\/\"],\"url\":\"https:\\\/\\\/www.anovapeneira.gal\\\/index.php\\\/author\\\/redactor\\\/\"}]}<\/script>\n<!-- \/ Yoast SEO plugin. -->","yoast_head_json":{"title":"Goi\u00e1n acolle a 4\u00aa proba do Campionato Galego Inclusivo Fibralar de Moton\u00e1utica 2021 -","description":"A proba discurrir\u00e1 por augas do r\u00edo Mi\u00f1o, \u00e1 altura da praia de Goi\u00e1n (dotada dun pantal\u00e1n adaptado) e fronte \u00e1 localidade lusa de Vila Nova de Cerveira","robots":{"index":"index","follow":"follow","max-snippet":"max-snippet:-1","max-image-preview":"max-image-preview:large","max-video-preview":"max-video-preview:-1"},"canonical":"https:\/\/www.anovapeneira.gal\/index.php\/2021\/06\/03\/goian-acolle-a-4a-proba-do-campionato-galego-inclusivo-fibralar-de-motonautica-2021\/","og_locale":"gl_ES","og_type":"article","og_title":"Goi\u00e1n acolle a 4\u00aa proba do Campionato Galego Inclusivo Fibralar de Moton\u00e1utica 2021 -","og_description":"A proba discurrir\u00e1 por augas do r\u00edo Mi\u00f1o, \u00e1 altura da praia de Goi\u00e1n (dotada dun pantal\u00e1n adaptado) e fronte \u00e1 localidade lusa de Vila Nova de Cerveira","og_url":"https:\/\/www.anovapeneira.gal\/index.php\/2021\/06\/03\/goian-acolle-a-4a-proba-do-campionato-galego-inclusivo-fibralar-de-motonautica-2021\/","article_publisher":"https:\/\/www.facebook.com\/anovapeneira","article_published_time":"2021-06-03T10:00:45+00:00","og_image":[{"width":720,"height":432,"url":"https:\/\/www.anovapeneira.gal\/wp-content\/uploads\/2021\/06\/campionato_galego_fibrilar.jpg","type":"image\/jpeg"}],"author":"Redacci\u00f3n A Nova Peneira","twitter_card":"summary_large_image","twitter_creator":"@APeneira","twitter_site":"@APeneira","twitter_misc":{"Escrito por":"Redacci\u00f3n A Nova Peneira","Tempo de lectura":"2 minutos"},"schema":{"@context":"https:\/\/schema.org","@graph":[{"@type":"Article","@id":"https:\/\/www.anovapeneira.gal\/index.php\/2021\/06\/03\/goian-acolle-a-4a-proba-do-campionato-galego-inclusivo-fibralar-de-motonautica-2021\/#article","isPartOf":{"@id":"https:\/\/www.anovapeneira.gal\/index.php\/2021\/06\/03\/goian-acolle-a-4a-proba-do-campionato-galego-inclusivo-fibralar-de-motonautica-2021\/"},"author":{"name":"Redacci\u00f3n A Nova Peneira","@id":"https:\/\/www.anovapeneira.gal\/#\/schema\/person\/b93e3f8932e3f8da96334607eb6ac6aa"},"headline":"Goi\u00e1n acolle a 4\u00aa proba do Campionato Galego Inclusivo Fibralar de Moton\u00e1utica 2021","datePublished":"2021-06-03T10:00:45+00:00","mainEntityOfPage":{"@id":"https:\/\/www.anovapeneira.gal\/index.php\/2021\/06\/03\/goian-acolle-a-4a-proba-do-campionato-galego-inclusivo-fibralar-de-motonautica-2021\/"},"wordCount":359,"commentCount":0,"publisher":{"@id":"https:\/\/www.anovapeneira.gal\/#organization"},"image":{"@id":"https:\/\/www.anovapeneira.gal\/index.php\/2021\/06\/03\/goian-acolle-a-4a-proba-do-campionato-galego-inclusivo-fibralar-de-motonautica-2021\/#primaryimage"},"thumbnailUrl":"https:\/\/www.anovapeneira.gal\/wp-content\/uploads\/2021\/06\/campionato_galego_fibrilar.jpg","keywords":["Concello de Tomi\u00f1o"],"articleSection":["Baixo Mi\u00f1o"],"inLanguage":"gl-ES","potentialAction":[{"@type":"CommentAction","name":"Comment","target":["https:\/\/www.anovapeneira.gal\/index.php\/2021\/06\/03\/goian-acolle-a-4a-proba-do-campionato-galego-inclusivo-fibralar-de-motonautica-2021\/#respond"]}]},{"@type":"WebPage","@id":"https:\/\/www.anovapeneira.gal\/index.php\/2021\/06\/03\/goian-acolle-a-4a-proba-do-campionato-galego-inclusivo-fibralar-de-motonautica-2021\/","url":"https:\/\/www.anovapeneira.gal\/index.php\/2021\/06\/03\/goian-acolle-a-4a-proba-do-campionato-galego-inclusivo-fibralar-de-motonautica-2021\/","name":"Goi\u00e1n acolle a 4\u00aa proba do Campionato Galego Inclusivo Fibralar de Moton\u00e1utica 2021 -","isPartOf":{"@id":"https:\/\/www.anovapeneira.gal\/#website"},"primaryImageOfPage":{"@id":"https:\/\/www.anovapeneira.gal\/index.php\/2021\/06\/03\/goian-acolle-a-4a-proba-do-campionato-galego-inclusivo-fibralar-de-motonautica-2021\/#primaryimage"},"image":{"@id":"https:\/\/www.anovapeneira.gal\/index.php\/2021\/06\/03\/goian-acolle-a-4a-proba-do-campionato-galego-inclusivo-fibralar-de-motonautica-2021\/#primaryimage"},"thumbnailUrl":"https:\/\/www.anovapeneira.gal\/wp-content\/uploads\/2021\/06\/campionato_galego_fibrilar.jpg","datePublished":"2021-06-03T10:00:45+00:00","description":"A proba discurrir\u00e1 por augas do r\u00edo Mi\u00f1o, \u00e1 altura da praia de Goi\u00e1n (dotada dun pantal\u00e1n adaptado) e fronte \u00e1 localidade lusa de Vila Nova de Cerveira","breadcrumb":{"@id":"https:\/\/www.anovapeneira.gal\/index.php\/2021\/06\/03\/goian-acolle-a-4a-proba-do-campionato-galego-inclusivo-fibralar-de-motonautica-2021\/#breadcrumb"},"inLanguage":"gl-ES","potentialAction":[{"@type":"ReadAction","target":["https:\/\/www.anovapeneira.gal\/index.php\/2021\/06\/03\/goian-acolle-a-4a-proba-do-campionato-galego-inclusivo-fibralar-de-motonautica-2021\/"]}]},{"@type":"ImageObject","inLanguage":"gl-ES","@id":"https:\/\/www.anovapeneira.gal\/index.php\/2021\/06\/03\/goian-acolle-a-4a-proba-do-campionato-galego-inclusivo-fibralar-de-motonautica-2021\/#primaryimage","url":"https:\/\/www.anovapeneira.gal\/wp-content\/uploads\/2021\/06\/campionato_galego_fibrilar.jpg","contentUrl":"https:\/\/www.anovapeneira.gal\/wp-content\/uploads\/2021\/06\/campionato_galego_fibrilar.jpg","width":720,"height":432,"caption":"oi\u00e1n acolle a 4\u00aa proba do Campionato Galego Inclusivo Fibralar de Moton\u00e1utica 2021"},{"@type":"BreadcrumbList","@id":"https:\/\/www.anovapeneira.gal\/index.php\/2021\/06\/03\/goian-acolle-a-4a-proba-do-campionato-galego-inclusivo-fibralar-de-motonautica-2021\/#breadcrumb","itemListElement":[{"@type":"ListItem","position":1,"name":"Portada","item":"https:\/\/www.anovapeneira.gal\/"},{"@type":"ListItem","position":2,"name":"Goi\u00e1n acolle a 4\u00aa proba do Campionato Galego Inclusivo Fibralar de Moton\u00e1utica 2021"}]},{"@type":"WebSite","@id":"https:\/\/www.anovapeneira.gal\/#website","url":"https:\/\/www.anovapeneira.gal\/","name":"","description":"Xornal galego de informaci\u00f3n xeral Publicaci\u00f3n mensual de novas de Galicia e en especial dos Concellos da sur da provincia de Pontevedra.","publisher":{"@id":"https:\/\/www.anovapeneira.gal\/#organization"},"potentialAction":[{"@type":"SearchAction","target":{"@type":"EntryPoint","urlTemplate":"https:\/\/www.anovapeneira.gal\/?s={search_term_string}"},"query-input":{"@type":"PropertyValueSpecification","valueRequired":true,"valueName":"search_term_string"}}],"inLanguage":"gl-ES"},{"@type":"Organization","@id":"https:\/\/www.anovapeneira.gal\/#organization","name":"A Nova Peneira","url":"https:\/\/www.anovapeneira.gal\/","logo":{"@type":"ImageObject","inLanguage":"gl-ES","@id":"https:\/\/www.anovapeneira.gal\/#\/schema\/logo\/image\/","url":"http:\/\/www.anovapeneira.gal\/wp-content\/uploads\/2019\/06\/logo_a_nova_peneira_portal_web.png","contentUrl":"http:\/\/www.anovapeneira.gal\/wp-content\/uploads\/2019\/06\/logo_a_nova_peneira_portal_web.png","width":300,"height":100,"caption":"A Nova Peneira"},"image":{"@id":"https:\/\/www.anovapeneira.gal\/#\/schema\/logo\/image\/"},"sameAs":["https:\/\/www.facebook.com\/anovapeneira","https:\/\/x.com\/APeneira"]},{"@type":"Person","@id":"https:\/\/www.anovapeneira.gal\/#\/schema\/person\/b93e3f8932e3f8da96334607eb6ac6aa","name":"Redacci\u00f3n A Nova Peneira","image":{"@type":"ImageObject","inLanguage":"gl-ES","@id":"https:\/\/secure.gravatar.com\/avatar\/c052a2551a06e23fac63626232eaa90abd78dbcf1700fc46a2b2c89fd27b735f?s=96&d=mm&r=g","url":"https:\/\/secure.gravatar.com\/avatar\/c052a2551a06e23fac63626232eaa90abd78dbcf1700fc46a2b2c89fd27b735f?s=96&d=mm&r=g","contentUrl":"https:\/\/secure.gravatar.com\/avatar\/c052a2551a06e23fac63626232eaa90abd78dbcf1700fc46a2b2c89fd27b735f?s=96&d=mm&r=g","caption":"Redacci\u00f3n A Nova Peneira"},"sameAs":["http:\/\/www.anovapeneira.gal\/"],"url":"https:\/\/www.anovapeneira.gal\/index.php\/author\/redactor\/"}]}},"jetpack_featured_media_url":"https:\/\/www.anovapeneira.gal\/wp-content\/uploads\/2021\/06\/campionato_galego_fibrilar.jpg","_links":{"self":[{"href":"https:\/\/www.anovapeneira.gal\/index.php\/wp-json\/wp\/v2\/posts\/5498","targetHints":{"allow":["GET"]}}],"collection":[{"href":"https:\/\/www.anovapeneira.gal\/index.php\/wp-json\/wp\/v2\/posts"}],"about":[{"href":"https:\/\/www.anovapeneira.gal\/index.php\/wp-json\/wp\/v2\/types\/post"}],"author":[{"embeddable":true,"href":"https:\/\/www.anovapeneira.gal\/index.php\/wp-json\/wp\/v2\/users\/3"}],"replies":[{"embeddable":true,"href":"https:\/\/www.anovapeneira.gal\/index.php\/wp-json\/wp\/v2\/comments?post=5498"}],"version-history":[{"count":3,"href":"https:\/\/www.anovapeneira.gal\/index.php\/wp-json\/wp\/v2\/posts\/5498\/revisions"}],"predecessor-version":[{"id":5502,"href":"https:\/\/www.anovapeneira.gal\/index.php\/wp-json\/wp\/v2\/posts\/5498\/revisions\/5502"}],"wp:featuredmedia":[{"embeddable":true,"href":"https:\/\/www.anovapeneira.gal\/index.php\/wp-json\/wp\/v2\/media\/5500"}],"wp:attachment":[{"href":"https:\/\/www.anovapeneira.gal\/index.php\/wp-json\/wp\/v2\/media?parent=5498"}],"wp:term":[{"taxonomy":"category","embeddable":true,"href":"https:\/\/www.anovapeneira.gal\/index.php\/wp-json\/wp\/v2\/categories?post=5498"},{"taxonomy":"post_tag","embeddable":true,"href":"https:\/\/www.anovapeneira.gal\/index.php\/wp-json\/wp\/v2\/tags?post=5498"}],"curies":[{"name":"wp","href":"https:\/\/api.w.org\/{rel}","templated":true}]}}