{"id":551,"date":"2019-07-18T23:03:53","date_gmt":"2019-07-18T21:03:53","guid":{"rendered":"http:\/\/www.anovapeneira.gal\/?p=551"},"modified":"2019-07-23T07:47:32","modified_gmt":"2019-07-23T05:47:32","slug":"jaime-borines-un-redondelan-en-cancun","status":"publish","type":"post","link":"https:\/\/www.anovapeneira.gal\/index.php\/2019\/07\/18\/jaime-borines-un-redondelan-en-cancun\/","title":{"rendered":"Jaime Borines un redondel\u00e1n en Canc\u00fan"},"content":{"rendered":"\n<figure class=\"wp-block-image is-resized\"><img loading=\"lazy\" decoding=\"async\" src=\"http:\/\/www.anovapeneira.gal\/wp-content\/uploads\/2019\/04\/marcos_santos_opinion_a_nova_peneira_bn.jpg\" alt=\"Marcos Santos Artigo opini\u00f3n a Nova Peneira\" class=\"wp-image-198\" width=\"95\" height=\"111\"\/><figcaption>Marcos Santos<\/figcaption><\/figure>\n\n\n\n<p><strong>Jaime \u00e9\nun fillo de Redondela que despois de percorrer distintas zonas do\nmundo acabou en Canc\u00fan rexentando unha produtora que se dedica a\norganizar congresos e distintos eventos relacionados coa danza de\nzonas tan diversas do mundo como a Polinesia ou os bailes \u00e1rabes<\/strong><\/p>\n\n\n\n<p><strong>A primeira\nvez que migraches?<\/strong><\/p>\n\n\n\n<blockquote class=\"wp-block-quote is-layout-flow wp-block-quote-is-layout-flow\"><p>Foi a Par\u00eds no ano 1998, e sempre fun un fuxe fuxe, e al\u00ed estiven nove anos, pero eu son choqueiro en esencia, de feito cheguei a ser xogador do Choco, bailei a danza&#8230;<\/p><\/blockquote>\n\n\n\n<p><strong>E que\nfac\u00edas en Francia?<\/strong><\/p>\n\n\n\n<blockquote class=\"wp-block-quote is-layout-flow wp-block-quote-is-layout-flow\"><p>Traballei primeiro en seguridade para irme afacendo ao idioma, e logo cun Peruano organizando congresos de artesan\u00eda do mundo. Despois estiven un ano sab\u00e1tico en Manchester aprendendo o idioma.<\/p><\/blockquote>\n\n\n\n<p><strong>Logo xa a\nM\u00e9xico?<\/strong><\/p>\n\n\n\n<blockquote class=\"wp-block-quote is-layout-flow wp-block-quote-is-layout-flow\"><p>Si, comecei traballando nun t\u201dablao flamenco\u201d moi importante \u201cGitaner\u00edas\u201d que logo comprei, antes de vendelo fixen unha exposici\u00f3n \u201cla expodanza\u201d que ti\u00f1a por obxecto fusionar a parte empresarial coa parte cultural. Foron m\u00e1is de 15 embaixadas, milleiros de artistas, centos de empresas. Non me resultou moi rendible economicamente e decid\u00edn ir ao Caribe.<\/p><\/blockquote>\n\n\n\n<p><strong>A Canc\u00fan?<\/strong><\/p>\n\n\n\n<blockquote class=\"wp-block-quote is-layout-flow wp-block-quote-is-layout-flow\"><p>Si, al\u00ed o turismo ten moita importancia e hai moitos paquetes con ofertas varias, e eu tiven a idea  de inclu\u00edr neses paquetes actividades de danza polinesia. En M\u00e9xico a danza ten unha enorme relevancia e moita aceptaci\u00f3n. Eu contrato aos mellores bailar\u00edns polinesios, imparto seminarios e venme moit\u00edsima xente de todas as partes de M\u00e9xico a tomar clases.<\/p><\/blockquote>\n\n\n\n<p><strong>O que tes\nti \u00e9 unha axencia?<\/strong><\/p>\n\n\n\n<blockquote class=\"wp-block-quote is-layout-flow wp-block-quote-is-layout-flow\"><p>Si, unha axencia produtora JABO PRODUCCIONES. Eu produzo os eventos, te\u00f1o como tres congresos ao ano. A medida que pasa o tempo vaste facendo un nome e met\u00e9ndote no mundo, de feito acaban de contratarme para ser xurado dunha competici\u00f3n de danza en Puerto Rico.<\/p><\/blockquote>\n\n\n\n<p><strong>Nos\ncongresos que organizas, porque non metes a danza das espadas?<\/strong><\/p>\n\n\n\n<blockquote class=\"wp-block-quote is-layout-flow wp-block-quote-is-layout-flow\"><p>\u00c9 unha boa idea, tereina que que considerar. M\u00e9xico ten unha danza folcl\u00f3rica moi rica e bonita con evidentes influencias hisp\u00e1nicas.<\/p><\/blockquote>\n\n\n\n<p><strong>A\nsituaci\u00f3n pol\u00edtica de M\u00e9xico?<\/strong><\/p>\n\n\n\n<blockquote class=\"wp-block-quote is-layout-flow wp-block-quote-is-layout-flow\"><p>Buff mala, igual ca no resto do mundo.<\/p><\/blockquote>\n\n\n\n<p><strong>E a\nsituaci\u00f3n social?<\/strong><\/p>\n\n\n\n<blockquote class=\"wp-block-quote is-layout-flow wp-block-quote-is-layout-flow\"><p>Hai moitas diferencias sociais, a verdade intens\u00edsimas cunha penetraci\u00f3n enorme do narcotr\u00e1fico en todas as instituci\u00f3ns.<\/p><\/blockquote>\n\n\n\n<p><strong>Como nos\nven aos galegos al\u00ed?<\/strong><\/p>\n\n\n\n<blockquote class=\"wp-block-quote is-layout-flow wp-block-quote-is-layout-flow\"><p>Pois hai unha visi\u00f3n un tanto negativa, de feito fanse moitos chistes que pretenden ridiculizarnos. Eu te\u00f1o un amigo galego en M\u00e9xico que dic\u00eda\u201d Ti d\u00e9ixaos, d\u00e9ixaos, que mentres eles fan chistes n\u00f3s facemos cartos\u201d<\/p><\/blockquote>\n\n\n\n<p><strong>O acento\nmexicano telo moi intenso?<\/strong><\/p>\n\n\n\n<blockquote class=\"wp-block-quote is-layout-flow wp-block-quote-is-layout-flow\"><p>Ben para eles te\u00f1o acento de f\u00f3ra, \u00e9 o que ten a emigraci\u00f3n, al\u00e1 son  estranxeiro e aqu\u00ed tam\u00e9n.<\/p><\/blockquote>\n\n\n\n<p><strong>Tes\npensado acabar a vida aqu\u00ed ou en M\u00e9xico?<\/strong><\/p>\n\n\n\n<blockquote class=\"wp-block-quote is-layout-flow wp-block-quote-is-layout-flow\"><p>Uff, non sei que dicirche, en principio te\u00f1a pensado vir a Redondela pero temporadas m\u00e1is grandes.<\/p><\/blockquote>\n","protected":false},"excerpt":{"rendered":"<div class=\"mh-excerpt\"><p>aime \u00e9 un fillo de Redondela que despois de percorrer distintas zonas do mundo acabou en Canc\u00fan rexentando unha produtora que se dedica a organizar congresos e distintos eventos relacionados coa danza de zonas tan diversas do mundo como a Polinesia ou os bailes \u00e1rabes <a class=\"mh-excerpt-more\" href=\"https:\/\/www.anovapeneira.gal\/index.php\/2019\/07\/18\/jaime-borines-un-redondelan-en-cancun\/\" title=\"Jaime Borines un redondel\u00e1n en Canc\u00fan\">[&#8230;]<\/a><\/p>\n<\/div>","protected":false},"author":6,"featured_media":552,"comment_status":"open","ping_status":"open","sticky":false,"template":"","format":"standard","meta":{"_exactmetrics_skip_tracking":false,"_exactmetrics_sitenote_active":false,"_exactmetrics_sitenote_note":"","_exactmetrics_sitenote_category":0,"footnotes":""},"categories":[270],"tags":[232,171,233,231],"class_list":{"0":"post-551","1":"post","2":"type-post","3":"status-publish","4":"format-standard","5":"has-post-thumbnail","7":"category-redondela-entrevistas","8":"tag-cancun","9":"tag-concello-de-redondela","10":"tag-emigracion","11":"tag-jaime-borines"},"yoast_head":"<!-- This site is optimized with the Yoast SEO plugin v27.4 - https:\/\/yoast.com\/product\/yoast-seo-wordpress\/ -->\n<title>Jaime Borines un redondel\u00e1n en Canc\u00fan -<\/title>\n<meta name=\"robots\" content=\"index, follow, max-snippet:-1, max-image-preview:large, max-video-preview:-1\" \/>\n<link rel=\"canonical\" href=\"https:\/\/www.anovapeneira.gal\/index.php\/2019\/07\/18\/jaime-borines-un-redondelan-en-cancun\/\" \/>\n<meta property=\"og:locale\" content=\"gl_ES\" \/>\n<meta property=\"og:type\" content=\"article\" \/>\n<meta property=\"og:title\" content=\"Jaime Borines un redondel\u00e1n en Canc\u00fan -\" \/>\n<meta property=\"og:description\" content=\"aime \u00e9 un fillo de Redondela que despois de percorrer distintas zonas do mundo acabou en Canc\u00fan rexentando unha produtora que se dedica a organizar congresos e distintos eventos relacionados coa danza de zonas tan diversas do mundo como a Polinesia ou os bailes \u00e1rabes [...]\" \/>\n<meta property=\"og:url\" content=\"https:\/\/www.anovapeneira.gal\/index.php\/2019\/07\/18\/jaime-borines-un-redondelan-en-cancun\/\" \/>\n<meta property=\"article:publisher\" content=\"https:\/\/www.facebook.com\/anovapeneira\" \/>\n<meta property=\"article:published_time\" content=\"2019-07-18T21:03:53+00:00\" \/>\n<meta property=\"article:modified_time\" content=\"2019-07-23T05:47:32+00:00\" \/>\n<meta property=\"og:image\" content=\"https:\/\/www.anovapeneira.gal\/wp-content\/uploads\/2019\/07\/jaime_borines_concello_redondela_a_nova_peneira.jpg\" \/>\n\t<meta property=\"og:image:width\" content=\"720\" \/>\n\t<meta property=\"og:image:height\" content=\"473\" \/>\n\t<meta property=\"og:image:type\" content=\"image\/jpeg\" \/>\n<meta name=\"author\" content=\"Marcos Santos\" \/>\n<meta name=\"twitter:card\" content=\"summary_large_image\" \/>\n<meta name=\"twitter:creator\" content=\"@APeneira\" \/>\n<meta name=\"twitter:site\" content=\"@APeneira\" \/>\n<meta name=\"twitter:label1\" content=\"Escrito por\" \/>\n\t<meta name=\"twitter:data1\" content=\"Marcos Santos\" \/>\n\t<meta name=\"twitter:label2\" content=\"Tempo de lectura\" \/>\n\t<meta name=\"twitter:data2\" content=\"2 minutos\" \/>\n<script type=\"application\/ld+json\" class=\"yoast-schema-graph\">{\"@context\":\"https:\\\/\\\/schema.org\",\"@graph\":[{\"@type\":\"Article\",\"@id\":\"https:\\\/\\\/www.anovapeneira.gal\\\/index.php\\\/2019\\\/07\\\/18\\\/jaime-borines-un-redondelan-en-cancun\\\/#article\",\"isPartOf\":{\"@id\":\"https:\\\/\\\/www.anovapeneira.gal\\\/index.php\\\/2019\\\/07\\\/18\\\/jaime-borines-un-redondelan-en-cancun\\\/\"},\"author\":{\"name\":\"Marcos Santos\",\"@id\":\"https:\\\/\\\/www.anovapeneira.gal\\\/#\\\/schema\\\/person\\\/d9d84823564720e7593293bab054e52d\"},\"headline\":\"Jaime Borines un redondel\u00e1n en Canc\u00fan\",\"datePublished\":\"2019-07-18T21:03:53+00:00\",\"dateModified\":\"2019-07-23T05:47:32+00:00\",\"mainEntityOfPage\":{\"@id\":\"https:\\\/\\\/www.anovapeneira.gal\\\/index.php\\\/2019\\\/07\\\/18\\\/jaime-borines-un-redondelan-en-cancun\\\/\"},\"wordCount\":495,\"commentCount\":0,\"publisher\":{\"@id\":\"https:\\\/\\\/www.anovapeneira.gal\\\/#organization\"},\"image\":{\"@id\":\"https:\\\/\\\/www.anovapeneira.gal\\\/index.php\\\/2019\\\/07\\\/18\\\/jaime-borines-un-redondelan-en-cancun\\\/#primaryimage\"},\"thumbnailUrl\":\"https:\\\/\\\/www.anovapeneira.gal\\\/wp-content\\\/uploads\\\/2019\\\/07\\\/jaime_borines_concello_redondela_a_nova_peneira.jpg\",\"keywords\":[\"Canc\u00fan\",\"Concello de Redondela\",\"Emigraci\u00f3n\",\"Jaime Borines\"],\"articleSection\":[\"Redondela\"],\"inLanguage\":\"gl-ES\",\"potentialAction\":[{\"@type\":\"CommentAction\",\"name\":\"Comment\",\"target\":[\"https:\\\/\\\/www.anovapeneira.gal\\\/index.php\\\/2019\\\/07\\\/18\\\/jaime-borines-un-redondelan-en-cancun\\\/#respond\"]}]},{\"@type\":\"WebPage\",\"@id\":\"https:\\\/\\\/www.anovapeneira.gal\\\/index.php\\\/2019\\\/07\\\/18\\\/jaime-borines-un-redondelan-en-cancun\\\/\",\"url\":\"https:\\\/\\\/www.anovapeneira.gal\\\/index.php\\\/2019\\\/07\\\/18\\\/jaime-borines-un-redondelan-en-cancun\\\/\",\"name\":\"Jaime Borines un redondel\u00e1n en Canc\u00fan -\",\"isPartOf\":{\"@id\":\"https:\\\/\\\/www.anovapeneira.gal\\\/#website\"},\"primaryImageOfPage\":{\"@id\":\"https:\\\/\\\/www.anovapeneira.gal\\\/index.php\\\/2019\\\/07\\\/18\\\/jaime-borines-un-redondelan-en-cancun\\\/#primaryimage\"},\"image\":{\"@id\":\"https:\\\/\\\/www.anovapeneira.gal\\\/index.php\\\/2019\\\/07\\\/18\\\/jaime-borines-un-redondelan-en-cancun\\\/#primaryimage\"},\"thumbnailUrl\":\"https:\\\/\\\/www.anovapeneira.gal\\\/wp-content\\\/uploads\\\/2019\\\/07\\\/jaime_borines_concello_redondela_a_nova_peneira.jpg\",\"datePublished\":\"2019-07-18T21:03:53+00:00\",\"dateModified\":\"2019-07-23T05:47:32+00:00\",\"breadcrumb\":{\"@id\":\"https:\\\/\\\/www.anovapeneira.gal\\\/index.php\\\/2019\\\/07\\\/18\\\/jaime-borines-un-redondelan-en-cancun\\\/#breadcrumb\"},\"inLanguage\":\"gl-ES\",\"potentialAction\":[{\"@type\":\"ReadAction\",\"target\":[\"https:\\\/\\\/www.anovapeneira.gal\\\/index.php\\\/2019\\\/07\\\/18\\\/jaime-borines-un-redondelan-en-cancun\\\/\"]}]},{\"@type\":\"ImageObject\",\"inLanguage\":\"gl-ES\",\"@id\":\"https:\\\/\\\/www.anovapeneira.gal\\\/index.php\\\/2019\\\/07\\\/18\\\/jaime-borines-un-redondelan-en-cancun\\\/#primaryimage\",\"url\":\"https:\\\/\\\/www.anovapeneira.gal\\\/wp-content\\\/uploads\\\/2019\\\/07\\\/jaime_borines_concello_redondela_a_nova_peneira.jpg\",\"contentUrl\":\"https:\\\/\\\/www.anovapeneira.gal\\\/wp-content\\\/uploads\\\/2019\\\/07\\\/jaime_borines_concello_redondela_a_nova_peneira.jpg\",\"width\":720,\"height\":473,\"caption\":\"Jame Borines Concello de Redondela A Nova Peneira\"},{\"@type\":\"BreadcrumbList\",\"@id\":\"https:\\\/\\\/www.anovapeneira.gal\\\/index.php\\\/2019\\\/07\\\/18\\\/jaime-borines-un-redondelan-en-cancun\\\/#breadcrumb\",\"itemListElement\":[{\"@type\":\"ListItem\",\"position\":1,\"name\":\"Portada\",\"item\":\"https:\\\/\\\/www.anovapeneira.gal\\\/\"},{\"@type\":\"ListItem\",\"position\":2,\"name\":\"Jaime Borines un redondel\u00e1n en Canc\u00fan\"}]},{\"@type\":\"WebSite\",\"@id\":\"https:\\\/\\\/www.anovapeneira.gal\\\/#website\",\"url\":\"https:\\\/\\\/www.anovapeneira.gal\\\/\",\"name\":\"\",\"description\":\"Xornal galego de informaci\u00f3n xeral Publicaci\u00f3n mensual de novas de Galicia e en especial dos Concellos da sur da provincia de Pontevedra.\",\"publisher\":{\"@id\":\"https:\\\/\\\/www.anovapeneira.gal\\\/#organization\"},\"potentialAction\":[{\"@type\":\"SearchAction\",\"target\":{\"@type\":\"EntryPoint\",\"urlTemplate\":\"https:\\\/\\\/www.anovapeneira.gal\\\/?s={search_term_string}\"},\"query-input\":{\"@type\":\"PropertyValueSpecification\",\"valueRequired\":true,\"valueName\":\"search_term_string\"}}],\"inLanguage\":\"gl-ES\"},{\"@type\":\"Organization\",\"@id\":\"https:\\\/\\\/www.anovapeneira.gal\\\/#organization\",\"name\":\"A Nova Peneira\",\"url\":\"https:\\\/\\\/www.anovapeneira.gal\\\/\",\"logo\":{\"@type\":\"ImageObject\",\"inLanguage\":\"gl-ES\",\"@id\":\"https:\\\/\\\/www.anovapeneira.gal\\\/#\\\/schema\\\/logo\\\/image\\\/\",\"url\":\"http:\\\/\\\/www.anovapeneira.gal\\\/wp-content\\\/uploads\\\/2019\\\/06\\\/logo_a_nova_peneira_portal_web.png\",\"contentUrl\":\"http:\\\/\\\/www.anovapeneira.gal\\\/wp-content\\\/uploads\\\/2019\\\/06\\\/logo_a_nova_peneira_portal_web.png\",\"width\":300,\"height\":100,\"caption\":\"A Nova Peneira\"},\"image\":{\"@id\":\"https:\\\/\\\/www.anovapeneira.gal\\\/#\\\/schema\\\/logo\\\/image\\\/\"},\"sameAs\":[\"https:\\\/\\\/www.facebook.com\\\/anovapeneira\",\"https:\\\/\\\/x.com\\\/APeneira\"]},{\"@type\":\"Person\",\"@id\":\"https:\\\/\\\/www.anovapeneira.gal\\\/#\\\/schema\\\/person\\\/d9d84823564720e7593293bab054e52d\",\"name\":\"Marcos Santos\",\"image\":{\"@type\":\"ImageObject\",\"inLanguage\":\"gl-ES\",\"@id\":\"https:\\\/\\\/secure.gravatar.com\\\/avatar\\\/0e8017099a7a47c0a9d2275e865fe326484561eb3d70649069e4b8e61a8d2e8c?s=96&d=mm&r=g\",\"url\":\"https:\\\/\\\/secure.gravatar.com\\\/avatar\\\/0e8017099a7a47c0a9d2275e865fe326484561eb3d70649069e4b8e61a8d2e8c?s=96&d=mm&r=g\",\"contentUrl\":\"https:\\\/\\\/secure.gravatar.com\\\/avatar\\\/0e8017099a7a47c0a9d2275e865fe326484561eb3d70649069e4b8e61a8d2e8c?s=96&d=mm&r=g\",\"caption\":\"Marcos Santos\"},\"sameAs\":[\"http:\\\/\\\/anovapeneira.gal\"],\"url\":\"https:\\\/\\\/www.anovapeneira.gal\\\/index.php\\\/author\\\/marcos-santos\\\/\"}]}<\/script>\n<!-- \/ Yoast SEO plugin. -->","yoast_head_json":{"title":"Jaime Borines un redondel\u00e1n en Canc\u00fan -","robots":{"index":"index","follow":"follow","max-snippet":"max-snippet:-1","max-image-preview":"max-image-preview:large","max-video-preview":"max-video-preview:-1"},"canonical":"https:\/\/www.anovapeneira.gal\/index.php\/2019\/07\/18\/jaime-borines-un-redondelan-en-cancun\/","og_locale":"gl_ES","og_type":"article","og_title":"Jaime Borines un redondel\u00e1n en Canc\u00fan -","og_description":"aime \u00e9 un fillo de Redondela que despois de percorrer distintas zonas do mundo acabou en Canc\u00fan rexentando unha produtora que se dedica a organizar congresos e distintos eventos relacionados coa danza de zonas tan diversas do mundo como a Polinesia ou os bailes \u00e1rabes [...]","og_url":"https:\/\/www.anovapeneira.gal\/index.php\/2019\/07\/18\/jaime-borines-un-redondelan-en-cancun\/","article_publisher":"https:\/\/www.facebook.com\/anovapeneira","article_published_time":"2019-07-18T21:03:53+00:00","article_modified_time":"2019-07-23T05:47:32+00:00","og_image":[{"width":720,"height":473,"url":"https:\/\/www.anovapeneira.gal\/wp-content\/uploads\/2019\/07\/jaime_borines_concello_redondela_a_nova_peneira.jpg","type":"image\/jpeg"}],"author":"Marcos Santos","twitter_card":"summary_large_image","twitter_creator":"@APeneira","twitter_site":"@APeneira","twitter_misc":{"Escrito por":"Marcos Santos","Tempo de lectura":"2 minutos"},"schema":{"@context":"https:\/\/schema.org","@graph":[{"@type":"Article","@id":"https:\/\/www.anovapeneira.gal\/index.php\/2019\/07\/18\/jaime-borines-un-redondelan-en-cancun\/#article","isPartOf":{"@id":"https:\/\/www.anovapeneira.gal\/index.php\/2019\/07\/18\/jaime-borines-un-redondelan-en-cancun\/"},"author":{"name":"Marcos Santos","@id":"https:\/\/www.anovapeneira.gal\/#\/schema\/person\/d9d84823564720e7593293bab054e52d"},"headline":"Jaime Borines un redondel\u00e1n en Canc\u00fan","datePublished":"2019-07-18T21:03:53+00:00","dateModified":"2019-07-23T05:47:32+00:00","mainEntityOfPage":{"@id":"https:\/\/www.anovapeneira.gal\/index.php\/2019\/07\/18\/jaime-borines-un-redondelan-en-cancun\/"},"wordCount":495,"commentCount":0,"publisher":{"@id":"https:\/\/www.anovapeneira.gal\/#organization"},"image":{"@id":"https:\/\/www.anovapeneira.gal\/index.php\/2019\/07\/18\/jaime-borines-un-redondelan-en-cancun\/#primaryimage"},"thumbnailUrl":"https:\/\/www.anovapeneira.gal\/wp-content\/uploads\/2019\/07\/jaime_borines_concello_redondela_a_nova_peneira.jpg","keywords":["Canc\u00fan","Concello de Redondela","Emigraci\u00f3n","Jaime Borines"],"articleSection":["Redondela"],"inLanguage":"gl-ES","potentialAction":[{"@type":"CommentAction","name":"Comment","target":["https:\/\/www.anovapeneira.gal\/index.php\/2019\/07\/18\/jaime-borines-un-redondelan-en-cancun\/#respond"]}]},{"@type":"WebPage","@id":"https:\/\/www.anovapeneira.gal\/index.php\/2019\/07\/18\/jaime-borines-un-redondelan-en-cancun\/","url":"https:\/\/www.anovapeneira.gal\/index.php\/2019\/07\/18\/jaime-borines-un-redondelan-en-cancun\/","name":"Jaime Borines un redondel\u00e1n en Canc\u00fan -","isPartOf":{"@id":"https:\/\/www.anovapeneira.gal\/#website"},"primaryImageOfPage":{"@id":"https:\/\/www.anovapeneira.gal\/index.php\/2019\/07\/18\/jaime-borines-un-redondelan-en-cancun\/#primaryimage"},"image":{"@id":"https:\/\/www.anovapeneira.gal\/index.php\/2019\/07\/18\/jaime-borines-un-redondelan-en-cancun\/#primaryimage"},"thumbnailUrl":"https:\/\/www.anovapeneira.gal\/wp-content\/uploads\/2019\/07\/jaime_borines_concello_redondela_a_nova_peneira.jpg","datePublished":"2019-07-18T21:03:53+00:00","dateModified":"2019-07-23T05:47:32+00:00","breadcrumb":{"@id":"https:\/\/www.anovapeneira.gal\/index.php\/2019\/07\/18\/jaime-borines-un-redondelan-en-cancun\/#breadcrumb"},"inLanguage":"gl-ES","potentialAction":[{"@type":"ReadAction","target":["https:\/\/www.anovapeneira.gal\/index.php\/2019\/07\/18\/jaime-borines-un-redondelan-en-cancun\/"]}]},{"@type":"ImageObject","inLanguage":"gl-ES","@id":"https:\/\/www.anovapeneira.gal\/index.php\/2019\/07\/18\/jaime-borines-un-redondelan-en-cancun\/#primaryimage","url":"https:\/\/www.anovapeneira.gal\/wp-content\/uploads\/2019\/07\/jaime_borines_concello_redondela_a_nova_peneira.jpg","contentUrl":"https:\/\/www.anovapeneira.gal\/wp-content\/uploads\/2019\/07\/jaime_borines_concello_redondela_a_nova_peneira.jpg","width":720,"height":473,"caption":"Jame Borines Concello de Redondela A Nova Peneira"},{"@type":"BreadcrumbList","@id":"https:\/\/www.anovapeneira.gal\/index.php\/2019\/07\/18\/jaime-borines-un-redondelan-en-cancun\/#breadcrumb","itemListElement":[{"@type":"ListItem","position":1,"name":"Portada","item":"https:\/\/www.anovapeneira.gal\/"},{"@type":"ListItem","position":2,"name":"Jaime Borines un redondel\u00e1n en Canc\u00fan"}]},{"@type":"WebSite","@id":"https:\/\/www.anovapeneira.gal\/#website","url":"https:\/\/www.anovapeneira.gal\/","name":"","description":"Xornal galego de informaci\u00f3n xeral Publicaci\u00f3n mensual de novas de Galicia e en especial dos Concellos da sur da provincia de Pontevedra.","publisher":{"@id":"https:\/\/www.anovapeneira.gal\/#organization"},"potentialAction":[{"@type":"SearchAction","target":{"@type":"EntryPoint","urlTemplate":"https:\/\/www.anovapeneira.gal\/?s={search_term_string}"},"query-input":{"@type":"PropertyValueSpecification","valueRequired":true,"valueName":"search_term_string"}}],"inLanguage":"gl-ES"},{"@type":"Organization","@id":"https:\/\/www.anovapeneira.gal\/#organization","name":"A Nova Peneira","url":"https:\/\/www.anovapeneira.gal\/","logo":{"@type":"ImageObject","inLanguage":"gl-ES","@id":"https:\/\/www.anovapeneira.gal\/#\/schema\/logo\/image\/","url":"http:\/\/www.anovapeneira.gal\/wp-content\/uploads\/2019\/06\/logo_a_nova_peneira_portal_web.png","contentUrl":"http:\/\/www.anovapeneira.gal\/wp-content\/uploads\/2019\/06\/logo_a_nova_peneira_portal_web.png","width":300,"height":100,"caption":"A Nova Peneira"},"image":{"@id":"https:\/\/www.anovapeneira.gal\/#\/schema\/logo\/image\/"},"sameAs":["https:\/\/www.facebook.com\/anovapeneira","https:\/\/x.com\/APeneira"]},{"@type":"Person","@id":"https:\/\/www.anovapeneira.gal\/#\/schema\/person\/d9d84823564720e7593293bab054e52d","name":"Marcos Santos","image":{"@type":"ImageObject","inLanguage":"gl-ES","@id":"https:\/\/secure.gravatar.com\/avatar\/0e8017099a7a47c0a9d2275e865fe326484561eb3d70649069e4b8e61a8d2e8c?s=96&d=mm&r=g","url":"https:\/\/secure.gravatar.com\/avatar\/0e8017099a7a47c0a9d2275e865fe326484561eb3d70649069e4b8e61a8d2e8c?s=96&d=mm&r=g","contentUrl":"https:\/\/secure.gravatar.com\/avatar\/0e8017099a7a47c0a9d2275e865fe326484561eb3d70649069e4b8e61a8d2e8c?s=96&d=mm&r=g","caption":"Marcos Santos"},"sameAs":["http:\/\/anovapeneira.gal"],"url":"https:\/\/www.anovapeneira.gal\/index.php\/author\/marcos-santos\/"}]}},"jetpack_featured_media_url":"https:\/\/www.anovapeneira.gal\/wp-content\/uploads\/2019\/07\/jaime_borines_concello_redondela_a_nova_peneira.jpg","_links":{"self":[{"href":"https:\/\/www.anovapeneira.gal\/index.php\/wp-json\/wp\/v2\/posts\/551","targetHints":{"allow":["GET"]}}],"collection":[{"href":"https:\/\/www.anovapeneira.gal\/index.php\/wp-json\/wp\/v2\/posts"}],"about":[{"href":"https:\/\/www.anovapeneira.gal\/index.php\/wp-json\/wp\/v2\/types\/post"}],"author":[{"embeddable":true,"href":"https:\/\/www.anovapeneira.gal\/index.php\/wp-json\/wp\/v2\/users\/6"}],"replies":[{"embeddable":true,"href":"https:\/\/www.anovapeneira.gal\/index.php\/wp-json\/wp\/v2\/comments?post=551"}],"version-history":[{"count":1,"href":"https:\/\/www.anovapeneira.gal\/index.php\/wp-json\/wp\/v2\/posts\/551\/revisions"}],"predecessor-version":[{"id":553,"href":"https:\/\/www.anovapeneira.gal\/index.php\/wp-json\/wp\/v2\/posts\/551\/revisions\/553"}],"wp:featuredmedia":[{"embeddable":true,"href":"https:\/\/www.anovapeneira.gal\/index.php\/wp-json\/wp\/v2\/media\/552"}],"wp:attachment":[{"href":"https:\/\/www.anovapeneira.gal\/index.php\/wp-json\/wp\/v2\/media?parent=551"}],"wp:term":[{"taxonomy":"category","embeddable":true,"href":"https:\/\/www.anovapeneira.gal\/index.php\/wp-json\/wp\/v2\/categories?post=551"},{"taxonomy":"post_tag","embeddable":true,"href":"https:\/\/www.anovapeneira.gal\/index.php\/wp-json\/wp\/v2\/tags?post=551"}],"curies":[{"name":"wp","href":"https:\/\/api.w.org\/{rel}","templated":true}]}}