{"id":5512,"date":"2021-06-04T12:00:03","date_gmt":"2021-06-04T10:00:03","guid":{"rendered":"http:\/\/www.anovapeneira.gal\/?p=5512"},"modified":"2021-06-01T21:28:54","modified_gmt":"2021-06-01T19:28:54","slug":"miguel-borines","status":"publish","type":"post","link":"https:\/\/www.anovapeneira.gal\/index.php\/2021\/06\/04\/miguel-borines\/","title":{"rendered":"Miguel Borines"},"content":{"rendered":"\n<pre class=\"wp-block-verse\"><strong>Marcos Santos<\/strong><\/pre>\n\n\n\n<h2 class=\"wp-block-heading\"><strong>Miguel leva 37 anos en Tanxarina. \u00c9 un dos referentes do universo cultural de Redondela e non pod\u00eda quedar f\u00f3ra das nosas p\u00e1xinas<\/strong><\/h2>\n\n\n\n<p>\u201c <strong>CON FERNANDO LE\u00d3N SENTINME COMO SE EU FOSE UN VIOL\u00cdN E EL O VIOLINISTA\u201d<\/strong><\/p>\n\n\n\n<p><strong>Como foron os teus inicios neste mundo?<\/strong><\/p>\n\n\n\n<blockquote class=\"wp-block-quote is-layout-flow wp-block-quote-is-layout-flow\"><p>Comecei cun colectivo chamado Zirigaita no meu \u00faltimo ano de carreira e un ano antes de que Tat\u00e1n marchara cara Barcelona e eu para Francia. Este era un colectivo de amigos que fixemos un pequeno espect\u00e1culo. Os actores simulaban que eran monicreques dentro da barraca.<\/p><\/blockquote>\n\n\n\n<blockquote class=\"wp-block-quote is-layout-flow wp-block-quote-is-layout-flow\"><p>Tat\u00e1n en Barcelona xunto con Marga Maderal, Elias e Lolo Nantes montaron unha compa\u00f1\u00eda chamada Monda Lironda. Un d\u00eda Tat\u00e1n chamoume porque necesita facer unha cabeza como de drag\u00f3n cun armaz\u00f3n de arame para Monda Lironda e d\u00edxome que se lles pod\u00eda botar unha man. Por esta colaboraci\u00f3n eles quedaron moi contentos e a min volveume picar a curiosidade co mundo do teatro.<\/p><\/blockquote>\n\n\n\n<blockquote class=\"wp-block-quote is-layout-flow wp-block-quote-is-layout-flow\"><p>Despois de Monda Lironda crearon Tanxarina, montaron un espect\u00e1culo de marionetas de f\u00edos dentro dunha barraca. As marionetas non falaban e necesitaban un actor que estivera f\u00f3ra narrando a historia, aqu\u00ed entro eu en acci\u00f3n e as\u00ed levamos 37 anos.<\/p><\/blockquote>\n\n\n\n<p><strong>Cantos espect\u00e1culos levades, 16 non?<\/strong><\/p>\n\n\n\n<blockquote class=\"wp-block-quote is-layout-flow wp-block-quote-is-layout-flow\"><p>Si, agora estamos preparando o espect\u00e1culo n\u00famero 17.<\/p><\/blockquote>\n\n\n\n<blockquote class=\"wp-block-quote is-layout-flow wp-block-quote-is-layout-flow\"><p>N\u00f3s non facemos un espect\u00e1culo anual, sen\u00f3n m\u00e1is ou menos cada tres anos. Todos temos un traballo e non temos tempo para facer produci\u00f3ns anuais.<\/p><\/blockquote>\n\n\n\n<p><strong>Agora ves de traballar nunha pel\u00edcula non?<\/strong><\/p>\n\n\n\n<blockquote class=\"wp-block-quote is-layout-flow wp-block-quote-is-layout-flow\"><p>Agora mesmo en d\u00faas series, \u201cM\u00e9todo criminal\u201d da TVG e \u201cUn asunto privado\u201d de produci\u00f3ns de Bamb\u00fa, para Amazon, que se estrear\u00e1 nos pr\u00f3ximos meses. A \u00faltima pel\u00edcula coa que colaborei foi \u201cLa isla de las mentiras\u201d.<\/p><\/blockquote>\n\n\n\n<p><strong>Como te sentes m\u00e1is c\u00f3modo, en Tanxarina ou actuando para a pantalla?<\/strong><\/p>\n\n\n\n<blockquote class=\"wp-block-quote is-layout-flow wp-block-quote-is-layout-flow\"><p>Cando comecei a traballar no audiovisual sent\u00edame m\u00e1is c\u00f3modo en Tanxarina porque somos case como unha compa\u00f1\u00eda familiar . Con \u201cSerramoura\u201d hai un antes e un despois, nesta serie traballei catro anos como Moncho. E isto foi unha escola brutal, que me fixo aprender moito e sentirme moi c\u00f3modo<\/p><\/blockquote>\n\n\n\n<p><strong>Tam\u00e9n traballaches con Luis Tosar en \u201cLos lunes al sol\u201d non?<\/strong><\/p>\n\n\n\n<blockquote class=\"wp-block-quote is-layout-flow wp-block-quote-is-layout-flow\"><p>Si. O casting que fixen para esta peli con Fernando Le\u00f3n para min foi unha masterclas. Eu pagar\u00eda por facer aquel casting porque estiven case 45 minutos con el e sentinme como si el fora un violinista e eu fora o viol\u00edn, el tocando e afinando. Lev\u00e1bame tan da man que aprend\u00edn que cando un director traballa de verdade cos actores e actrices e abraiante darte de conta de ata onde podes chegar.<\/p><\/blockquote>\n\n\n\n<blockquote class=\"wp-block-quote is-layout-flow wp-block-quote-is-layout-flow\"><p>Cando quen che dirixe sabe facelo, chegas a sitios nos que xamais pensar\u00edas que pod\u00edas chegar.<\/p><\/blockquote>\n\n\n\n<p><strong>Na entrega dun premio que recibiches mand\u00e1cheslla directa \u00e1 TVG, verdade? Se mal non me lembro dixeches: \u201cQuero agradecer \u00e1 TVG<\/strong> <strong>porque esta \u00e9 a primeira vez que mi\u00f1a nai non me pode mirar pola televisi\u00f3n o d\u00eda que me premian\u201d.<\/strong><\/p>\n\n\n\n<blockquote class=\"wp-block-quote is-layout-flow wp-block-quote-is-layout-flow\"><p>Claro, todos os anos emit\u00edan a Gala de entrega de premios en diferido e de madrugada para que non a mirara ningu\u00e9n. Neste ano negociaron a s\u00faa emisi\u00f3n en directo e pretend\u00eda que a Asociaci\u00f3n de Actores e Actrices de Galicia se fixera cargo de todos os gastos, iluminaci\u00f3n, direcci\u00f3n da gala\u2026 pux\u00e9rono moi dif\u00edcil e ao final emitiuse en streaming por unha plataforma do que mi\u00f1a nai non entende nada. Hab\u00eda descontento coa galega por parte de moitos actores e actrices e alg\u00fans comentaron algo, pero eu quixen facelo desde a parte emocional<\/p><\/blockquote>\n\n\n\n<p><strong>Cres que igual ti\u00f1an medo de que os actores, que soen ser reivindicativos dixeran algo inadecuado?<\/strong><\/p>\n\n\n\n<blockquote class=\"wp-block-quote is-layout-flow wp-block-quote-is-layout-flow\"><p>Este \u00e9 o motivo polo que sempre emitiron a gala en diferido e de madrugada, para que non o vira moita xente e puideran cortar o que non lles gustaba.<\/p><\/blockquote>\n\n\n\n<p><strong>Cres que est\u00e1 politizada a direcci\u00f3n da TVG?<\/strong><\/p>\n\n\n\n<blockquote class=\"wp-block-quote is-layout-flow wp-block-quote-is-layout-flow\"><p>A TVG \u00e9 a televisi\u00f3n do r\u00e9xime. Eu vexo alg\u00fan programa e alg\u00fan informativo para ver m\u00e1is noticias locais e v\u00e9ndoos d\u00e1ste de conta de que parecen <em>a voz do seu amo. <\/em>Dan como tres ou catro noticias diferentes nas que todas sae Feij\u00f3o. O mesmo que cando estaba Manuel Fraga ou o Bipartito co que eu fun moi cr\u00edtico disto.<\/p><\/blockquote>\n\n\n\n<p><strong>Miguel, dos actores redondel\u00e1ns quizais es dos m\u00e1is internacionalizado, ata tes traballado en films de produci\u00f3n portuguesa non?<\/strong><\/p>\n\n\n\n<blockquote class=\"wp-block-quote is-layout-flow wp-block-quote-is-layout-flow\"><p>Si. Andr\u00e9s e eu ata traballamos nunha pel\u00edcula francesa, que nunca nos pagaron, e foi gravada en Lugo.<\/p><\/blockquote>\n\n\n\n<p><strong>Como \u00e9 iso que non vos pagaron?<\/strong><\/p>\n\n\n\n<blockquote class=\"wp-block-quote is-layout-flow wp-block-quote-is-layout-flow\"><p>Unha pel\u00edcula francesa, cun equipo franc\u00e9s, pero que foi gravada en Lugo. Andr\u00e9s e eu fomos facer de polic\u00edas un d\u00eda s\u00f3 de rodaxe<\/p><\/blockquote>\n\n\n\n<blockquote class=\"wp-block-quote is-layout-flow wp-block-quote-is-layout-flow\"><p>E despois de mandarlle cartas e m\u00e1is cartas desistimos e nunca nos pagaron.<\/p><\/blockquote>\n\n\n\n<p><strong>Seica houbo m\u00e1is participaci\u00f3ns en proxectos internacionais?<\/strong><\/p>\n\n\n\n<div class=\"wp-block-columns is-layout-flex wp-container-core-columns-is-layout-9d6595d7 wp-block-columns-is-layout-flex\">\n<div class=\"wp-block-column is-layout-flow wp-block-column-is-layout-flow\">\n<blockquote class=\"wp-block-quote is-layout-flow wp-block-quote-is-layout-flow\"><p>Si, fixen d\u00faas pel\u00edculas en Portugal e a unha delas estoulle especialmente agradecido. \u201cO asalto de Santa Mar\u00eda\u201d, este foi un proxecto precioso nun barco que estaba atracado no peirao de Viana do Castelo. Este f\u00f3ra un barco hospital dos bacalloeiros na Terranova portuguesa. Acondicionouse para rodar o Santa Mar\u00eda e foi unha experiencia moi chula cunha estancia de mes e medio en Viana do Castelo, en Lisboa fixemos algunha secuencia tam\u00e9n. Foi unha honra para min representar a Xos\u00e9 Velo Mosquera que ten conexi\u00f3n con Redondela .Naqueles anos secuestrar un barco con 1000 persoas entre pasaxeiros e tripulaci\u00f3n era algo inaudito e imposible de facer. Eran vinte e pico exiliados entre galegos e portugueses, alg\u00fans deles ex militares, con armas mercadas no mercado negro, algo impensable, de feito, de primeiras esta operaci\u00f3n chamouse \u201cOperaci\u00f3n Dulcinea\u201d polo que significaba de idealista, de toler\u00eda, de intentar secuestrar un barco. Negociaron coa Armada norteamericana, mesmo Kennedy emitiu unha carta na que admit\u00eda que era un conflito interno de Portugal entre ex militares portugueses con militares do ex\u00e9rcito portugu\u00e9s da ditadura de Salazar, e non se pod\u00eda asaltar o barco. Que os EEUU se lavaran as mans foi coma unha especie de aval para aquela situaci\u00f3n durante uns d\u00edas.<\/p><\/blockquote>\n<\/div>\n\n\n\n<div class=\"wp-block-column is-layout-flow wp-block-column-is-layout-flow\">\n<figure class=\"wp-block-image size-large\"><img loading=\"lazy\" decoding=\"async\" width=\"625\" height=\"1024\" src=\"http:\/\/www.anovapeneira.gal\/wp-content\/uploads\/2021\/06\/miguel_borines_monicrecos-625x1024.jpg\" alt=\"MIguel borines\" class=\"wp-image-5510\" srcset=\"https:\/\/www.anovapeneira.gal\/wp-content\/uploads\/2021\/06\/miguel_borines_monicrecos-625x1024.jpg 625w, https:\/\/www.anovapeneira.gal\/wp-content\/uploads\/2021\/06\/miguel_borines_monicrecos-183x300.jpg 183w, https:\/\/www.anovapeneira.gal\/wp-content\/uploads\/2021\/06\/miguel_borines_monicrecos-768x1258.jpg 768w, https:\/\/www.anovapeneira.gal\/wp-content\/uploads\/2021\/06\/miguel_borines_monicrecos-938x1536.jpg 938w, https:\/\/www.anovapeneira.gal\/wp-content\/uploads\/2021\/06\/miguel_borines_monicrecos.jpg 1250w\" sizes=\"auto, (max-width: 625px) 100vw, 625px\" \/><\/figure>\n<\/div>\n<\/div>\n\n\n\n<blockquote class=\"wp-block-quote is-layout-flow wp-block-quote-is-layout-flow\"><p>Como consecuencia desta pel\u00edcula sa\u00edu a segunda tam\u00e9n en Portugal.<\/p><\/blockquote>\n\n\n\n<p><strong>En que est\u00e1s traballando agora ademais de estar preparando o pr\u00f3ximo espect\u00e1culo de Taixarina?<\/strong><\/p>\n\n\n\n<blockquote class=\"wp-block-quote is-layout-flow wp-block-quote-is-layout-flow\"><p>Agora mesmo rematada a primeira parte da xira do espect\u00e1culo dram\u00e1tico galego \u201cO Charco de Ulises\u201d que \u00e9 unha revisi\u00f3n da Odisea levada \u00e1 Arxentina e falando da inmigraci\u00f3n galega de momento estou co novo espect\u00e1culo de Tanxarina \u201cCazola de Lola\u201d, con este temos moita ilusi\u00f3n.<\/p><\/blockquote>\n\n\n\n<p><strong>E de audiovisual hai algo por a\u00ed no futuro?<\/strong><\/p>\n\n\n\n<blockquote class=\"wp-block-quote is-layout-flow wp-block-quote-is-layout-flow\"><p>De momento non te\u00f1o nada. Sei que a serie na que traballei ultimamente non vai moi ben de audici\u00f3n.<\/p><\/blockquote>\n\n\n\n<p><strong>E que para chegar a Serramoura\u2026.<\/strong><\/p>\n\n\n\n<blockquote class=\"wp-block-quote is-layout-flow wp-block-quote-is-layout-flow\"><p>Serramoura foi un caso excepcional.<\/p><\/blockquote>\n\n\n\n<p><strong>Non sei cantos pa\u00edses mercaron a serie?<\/strong><\/p>\n\n\n\n<blockquote class=\"wp-block-quote is-layout-flow wp-block-quote-is-layout-flow\"><p>Eu tampouco pero date de conta de que a galega sempre est\u00e1 a pelexar de ter un 10% de audici\u00f3n a nivel nacional e agora mesmo est\u00e1 nun 8 con algo, baixou moit\u00edsimo. Serramoura chegou a ter case un 20% de audici\u00f3n, isto \u00e9 unha animalada para unha serie galega competindo a nivel estatal.<\/p><\/blockquote>\n\n\n\n<blockquote class=\"wp-block-quote is-layout-flow wp-block-quote-is-layout-flow\"><p>Esta na que estou agora ten un horario moi malo e est\u00e1 tendo un 4 ou 4.5% de audici\u00f3n, non creo que haxa segunda temporada, estou concentrado no traballo de Tanxarina e atento ao tel\u00e9fono polo que poida xurdir.<\/p><\/blockquote>\n","protected":false},"excerpt":{"rendered":"<div class=\"mh-excerpt\"><p>Miguel leva 37 anos en Tanxarina. \u00c9 un dos referentes do universo cultural de Redondela e non pod\u00eda quedar f\u00f3ra das nosas p\u00e1xinas <a class=\"mh-excerpt-more\" href=\"https:\/\/www.anovapeneira.gal\/index.php\/2021\/06\/04\/miguel-borines\/\" title=\"Miguel Borines\">[&#8230;]<\/a><\/p>\n<\/div>","protected":false},"author":6,"featured_media":5511,"comment_status":"open","ping_status":"open","sticky":false,"template":"","format":"standard","meta":{"_exactmetrics_skip_tracking":false,"_exactmetrics_sitenote_active":false,"_exactmetrics_sitenote_note":"","_exactmetrics_sitenote_category":0,"footnotes":""},"categories":[270],"tags":[171],"class_list":{"0":"post-5512","1":"post","2":"type-post","3":"status-publish","4":"format-standard","5":"has-post-thumbnail","7":"category-redondela-entrevistas","8":"tag-concello-de-redondela"},"yoast_head":"<!-- This site is optimized with the Yoast SEO plugin v27.4 - https:\/\/yoast.com\/product\/yoast-seo-wordpress\/ -->\n<title>Miguel Borines -<\/title>\n<meta name=\"description\" content=\"Miguel leva 37 anos en Tanxarina. \u00c9 un dos referentes do universo cultural de Redondela e non pod\u00eda quedar f\u00f3ra das nosas p\u00e1xinas\" \/>\n<meta name=\"robots\" content=\"index, follow, max-snippet:-1, max-image-preview:large, max-video-preview:-1\" \/>\n<link rel=\"canonical\" href=\"https:\/\/www.anovapeneira.gal\/index.php\/2021\/06\/04\/miguel-borines\/\" \/>\n<meta property=\"og:locale\" content=\"gl_ES\" \/>\n<meta property=\"og:type\" content=\"article\" \/>\n<meta property=\"og:title\" content=\"Miguel Borines -\" \/>\n<meta property=\"og:description\" content=\"Miguel leva 37 anos en Tanxarina. \u00c9 un dos referentes do universo cultural de Redondela e non pod\u00eda quedar f\u00f3ra das nosas p\u00e1xinas\" \/>\n<meta property=\"og:url\" content=\"https:\/\/www.anovapeneira.gal\/index.php\/2021\/06\/04\/miguel-borines\/\" \/>\n<meta property=\"article:publisher\" content=\"https:\/\/www.facebook.com\/anovapeneira\" \/>\n<meta property=\"article:published_time\" content=\"2021-06-04T10:00:03+00:00\" \/>\n<meta property=\"og:image\" content=\"https:\/\/www.anovapeneira.gal\/wp-content\/uploads\/2021\/06\/miguel_borines.jpg\" \/>\n\t<meta property=\"og:image:width\" content=\"720\" \/>\n\t<meta property=\"og:image:height\" content=\"432\" \/>\n\t<meta property=\"og:image:type\" content=\"image\/jpeg\" \/>\n<meta name=\"author\" content=\"Marcos Santos\" \/>\n<meta name=\"twitter:card\" content=\"summary_large_image\" \/>\n<meta name=\"twitter:creator\" content=\"@APeneira\" \/>\n<meta name=\"twitter:site\" content=\"@APeneira\" \/>\n<meta name=\"twitter:label1\" content=\"Escrito por\" \/>\n\t<meta name=\"twitter:data1\" content=\"Marcos Santos\" \/>\n\t<meta name=\"twitter:label2\" content=\"Tempo de lectura\" \/>\n\t<meta name=\"twitter:data2\" content=\"6 minutos\" \/>\n<script type=\"application\/ld+json\" class=\"yoast-schema-graph\">{\"@context\":\"https:\\\/\\\/schema.org\",\"@graph\":[{\"@type\":\"Article\",\"@id\":\"https:\\\/\\\/www.anovapeneira.gal\\\/index.php\\\/2021\\\/06\\\/04\\\/miguel-borines\\\/#article\",\"isPartOf\":{\"@id\":\"https:\\\/\\\/www.anovapeneira.gal\\\/index.php\\\/2021\\\/06\\\/04\\\/miguel-borines\\\/\"},\"author\":{\"name\":\"Marcos Santos\",\"@id\":\"https:\\\/\\\/www.anovapeneira.gal\\\/#\\\/schema\\\/person\\\/d9d84823564720e7593293bab054e52d\"},\"headline\":\"Miguel Borines\",\"datePublished\":\"2021-06-04T10:00:03+00:00\",\"mainEntityOfPage\":{\"@id\":\"https:\\\/\\\/www.anovapeneira.gal\\\/index.php\\\/2021\\\/06\\\/04\\\/miguel-borines\\\/\"},\"wordCount\":1295,\"commentCount\":0,\"publisher\":{\"@id\":\"https:\\\/\\\/www.anovapeneira.gal\\\/#organization\"},\"image\":{\"@id\":\"https:\\\/\\\/www.anovapeneira.gal\\\/index.php\\\/2021\\\/06\\\/04\\\/miguel-borines\\\/#primaryimage\"},\"thumbnailUrl\":\"https:\\\/\\\/www.anovapeneira.gal\\\/wp-content\\\/uploads\\\/2021\\\/06\\\/miguel_borines.jpg\",\"keywords\":[\"Concello de Redondela\"],\"articleSection\":[\"Redondela\"],\"inLanguage\":\"gl-ES\",\"potentialAction\":[{\"@type\":\"CommentAction\",\"name\":\"Comment\",\"target\":[\"https:\\\/\\\/www.anovapeneira.gal\\\/index.php\\\/2021\\\/06\\\/04\\\/miguel-borines\\\/#respond\"]}]},{\"@type\":\"WebPage\",\"@id\":\"https:\\\/\\\/www.anovapeneira.gal\\\/index.php\\\/2021\\\/06\\\/04\\\/miguel-borines\\\/\",\"url\":\"https:\\\/\\\/www.anovapeneira.gal\\\/index.php\\\/2021\\\/06\\\/04\\\/miguel-borines\\\/\",\"name\":\"Miguel Borines -\",\"isPartOf\":{\"@id\":\"https:\\\/\\\/www.anovapeneira.gal\\\/#website\"},\"primaryImageOfPage\":{\"@id\":\"https:\\\/\\\/www.anovapeneira.gal\\\/index.php\\\/2021\\\/06\\\/04\\\/miguel-borines\\\/#primaryimage\"},\"image\":{\"@id\":\"https:\\\/\\\/www.anovapeneira.gal\\\/index.php\\\/2021\\\/06\\\/04\\\/miguel-borines\\\/#primaryimage\"},\"thumbnailUrl\":\"https:\\\/\\\/www.anovapeneira.gal\\\/wp-content\\\/uploads\\\/2021\\\/06\\\/miguel_borines.jpg\",\"datePublished\":\"2021-06-04T10:00:03+00:00\",\"description\":\"Miguel leva 37 anos en Tanxarina. \u00c9 un dos referentes do universo cultural de Redondela e non pod\u00eda quedar f\u00f3ra das nosas p\u00e1xinas\",\"breadcrumb\":{\"@id\":\"https:\\\/\\\/www.anovapeneira.gal\\\/index.php\\\/2021\\\/06\\\/04\\\/miguel-borines\\\/#breadcrumb\"},\"inLanguage\":\"gl-ES\",\"potentialAction\":[{\"@type\":\"ReadAction\",\"target\":[\"https:\\\/\\\/www.anovapeneira.gal\\\/index.php\\\/2021\\\/06\\\/04\\\/miguel-borines\\\/\"]}]},{\"@type\":\"ImageObject\",\"inLanguage\":\"gl-ES\",\"@id\":\"https:\\\/\\\/www.anovapeneira.gal\\\/index.php\\\/2021\\\/06\\\/04\\\/miguel-borines\\\/#primaryimage\",\"url\":\"https:\\\/\\\/www.anovapeneira.gal\\\/wp-content\\\/uploads\\\/2021\\\/06\\\/miguel_borines.jpg\",\"contentUrl\":\"https:\\\/\\\/www.anovapeneira.gal\\\/wp-content\\\/uploads\\\/2021\\\/06\\\/miguel_borines.jpg\",\"width\":720,\"height\":432,\"caption\":\"Miguel Borines\"},{\"@type\":\"BreadcrumbList\",\"@id\":\"https:\\\/\\\/www.anovapeneira.gal\\\/index.php\\\/2021\\\/06\\\/04\\\/miguel-borines\\\/#breadcrumb\",\"itemListElement\":[{\"@type\":\"ListItem\",\"position\":1,\"name\":\"Portada\",\"item\":\"https:\\\/\\\/www.anovapeneira.gal\\\/\"},{\"@type\":\"ListItem\",\"position\":2,\"name\":\"Miguel Borines\"}]},{\"@type\":\"WebSite\",\"@id\":\"https:\\\/\\\/www.anovapeneira.gal\\\/#website\",\"url\":\"https:\\\/\\\/www.anovapeneira.gal\\\/\",\"name\":\"\",\"description\":\"Xornal galego de informaci\u00f3n xeral Publicaci\u00f3n mensual de novas de Galicia e en especial dos Concellos da sur da provincia de Pontevedra.\",\"publisher\":{\"@id\":\"https:\\\/\\\/www.anovapeneira.gal\\\/#organization\"},\"potentialAction\":[{\"@type\":\"SearchAction\",\"target\":{\"@type\":\"EntryPoint\",\"urlTemplate\":\"https:\\\/\\\/www.anovapeneira.gal\\\/?s={search_term_string}\"},\"query-input\":{\"@type\":\"PropertyValueSpecification\",\"valueRequired\":true,\"valueName\":\"search_term_string\"}}],\"inLanguage\":\"gl-ES\"},{\"@type\":\"Organization\",\"@id\":\"https:\\\/\\\/www.anovapeneira.gal\\\/#organization\",\"name\":\"A Nova Peneira\",\"url\":\"https:\\\/\\\/www.anovapeneira.gal\\\/\",\"logo\":{\"@type\":\"ImageObject\",\"inLanguage\":\"gl-ES\",\"@id\":\"https:\\\/\\\/www.anovapeneira.gal\\\/#\\\/schema\\\/logo\\\/image\\\/\",\"url\":\"http:\\\/\\\/www.anovapeneira.gal\\\/wp-content\\\/uploads\\\/2019\\\/06\\\/logo_a_nova_peneira_portal_web.png\",\"contentUrl\":\"http:\\\/\\\/www.anovapeneira.gal\\\/wp-content\\\/uploads\\\/2019\\\/06\\\/logo_a_nova_peneira_portal_web.png\",\"width\":300,\"height\":100,\"caption\":\"A Nova Peneira\"},\"image\":{\"@id\":\"https:\\\/\\\/www.anovapeneira.gal\\\/#\\\/schema\\\/logo\\\/image\\\/\"},\"sameAs\":[\"https:\\\/\\\/www.facebook.com\\\/anovapeneira\",\"https:\\\/\\\/x.com\\\/APeneira\"]},{\"@type\":\"Person\",\"@id\":\"https:\\\/\\\/www.anovapeneira.gal\\\/#\\\/schema\\\/person\\\/d9d84823564720e7593293bab054e52d\",\"name\":\"Marcos Santos\",\"image\":{\"@type\":\"ImageObject\",\"inLanguage\":\"gl-ES\",\"@id\":\"https:\\\/\\\/secure.gravatar.com\\\/avatar\\\/0e8017099a7a47c0a9d2275e865fe326484561eb3d70649069e4b8e61a8d2e8c?s=96&d=mm&r=g\",\"url\":\"https:\\\/\\\/secure.gravatar.com\\\/avatar\\\/0e8017099a7a47c0a9d2275e865fe326484561eb3d70649069e4b8e61a8d2e8c?s=96&d=mm&r=g\",\"contentUrl\":\"https:\\\/\\\/secure.gravatar.com\\\/avatar\\\/0e8017099a7a47c0a9d2275e865fe326484561eb3d70649069e4b8e61a8d2e8c?s=96&d=mm&r=g\",\"caption\":\"Marcos Santos\"},\"sameAs\":[\"http:\\\/\\\/anovapeneira.gal\"],\"url\":\"https:\\\/\\\/www.anovapeneira.gal\\\/index.php\\\/author\\\/marcos-santos\\\/\"}]}<\/script>\n<!-- \/ Yoast SEO plugin. -->","yoast_head_json":{"title":"Miguel Borines -","description":"Miguel leva 37 anos en Tanxarina. \u00c9 un dos referentes do universo cultural de Redondela e non pod\u00eda quedar f\u00f3ra das nosas p\u00e1xinas","robots":{"index":"index","follow":"follow","max-snippet":"max-snippet:-1","max-image-preview":"max-image-preview:large","max-video-preview":"max-video-preview:-1"},"canonical":"https:\/\/www.anovapeneira.gal\/index.php\/2021\/06\/04\/miguel-borines\/","og_locale":"gl_ES","og_type":"article","og_title":"Miguel Borines -","og_description":"Miguel leva 37 anos en Tanxarina. \u00c9 un dos referentes do universo cultural de Redondela e non pod\u00eda quedar f\u00f3ra das nosas p\u00e1xinas","og_url":"https:\/\/www.anovapeneira.gal\/index.php\/2021\/06\/04\/miguel-borines\/","article_publisher":"https:\/\/www.facebook.com\/anovapeneira","article_published_time":"2021-06-04T10:00:03+00:00","og_image":[{"width":720,"height":432,"url":"https:\/\/www.anovapeneira.gal\/wp-content\/uploads\/2021\/06\/miguel_borines.jpg","type":"image\/jpeg"}],"author":"Marcos Santos","twitter_card":"summary_large_image","twitter_creator":"@APeneira","twitter_site":"@APeneira","twitter_misc":{"Escrito por":"Marcos Santos","Tempo de lectura":"6 minutos"},"schema":{"@context":"https:\/\/schema.org","@graph":[{"@type":"Article","@id":"https:\/\/www.anovapeneira.gal\/index.php\/2021\/06\/04\/miguel-borines\/#article","isPartOf":{"@id":"https:\/\/www.anovapeneira.gal\/index.php\/2021\/06\/04\/miguel-borines\/"},"author":{"name":"Marcos Santos","@id":"https:\/\/www.anovapeneira.gal\/#\/schema\/person\/d9d84823564720e7593293bab054e52d"},"headline":"Miguel Borines","datePublished":"2021-06-04T10:00:03+00:00","mainEntityOfPage":{"@id":"https:\/\/www.anovapeneira.gal\/index.php\/2021\/06\/04\/miguel-borines\/"},"wordCount":1295,"commentCount":0,"publisher":{"@id":"https:\/\/www.anovapeneira.gal\/#organization"},"image":{"@id":"https:\/\/www.anovapeneira.gal\/index.php\/2021\/06\/04\/miguel-borines\/#primaryimage"},"thumbnailUrl":"https:\/\/www.anovapeneira.gal\/wp-content\/uploads\/2021\/06\/miguel_borines.jpg","keywords":["Concello de Redondela"],"articleSection":["Redondela"],"inLanguage":"gl-ES","potentialAction":[{"@type":"CommentAction","name":"Comment","target":["https:\/\/www.anovapeneira.gal\/index.php\/2021\/06\/04\/miguel-borines\/#respond"]}]},{"@type":"WebPage","@id":"https:\/\/www.anovapeneira.gal\/index.php\/2021\/06\/04\/miguel-borines\/","url":"https:\/\/www.anovapeneira.gal\/index.php\/2021\/06\/04\/miguel-borines\/","name":"Miguel Borines -","isPartOf":{"@id":"https:\/\/www.anovapeneira.gal\/#website"},"primaryImageOfPage":{"@id":"https:\/\/www.anovapeneira.gal\/index.php\/2021\/06\/04\/miguel-borines\/#primaryimage"},"image":{"@id":"https:\/\/www.anovapeneira.gal\/index.php\/2021\/06\/04\/miguel-borines\/#primaryimage"},"thumbnailUrl":"https:\/\/www.anovapeneira.gal\/wp-content\/uploads\/2021\/06\/miguel_borines.jpg","datePublished":"2021-06-04T10:00:03+00:00","description":"Miguel leva 37 anos en Tanxarina. \u00c9 un dos referentes do universo cultural de Redondela e non pod\u00eda quedar f\u00f3ra das nosas p\u00e1xinas","breadcrumb":{"@id":"https:\/\/www.anovapeneira.gal\/index.php\/2021\/06\/04\/miguel-borines\/#breadcrumb"},"inLanguage":"gl-ES","potentialAction":[{"@type":"ReadAction","target":["https:\/\/www.anovapeneira.gal\/index.php\/2021\/06\/04\/miguel-borines\/"]}]},{"@type":"ImageObject","inLanguage":"gl-ES","@id":"https:\/\/www.anovapeneira.gal\/index.php\/2021\/06\/04\/miguel-borines\/#primaryimage","url":"https:\/\/www.anovapeneira.gal\/wp-content\/uploads\/2021\/06\/miguel_borines.jpg","contentUrl":"https:\/\/www.anovapeneira.gal\/wp-content\/uploads\/2021\/06\/miguel_borines.jpg","width":720,"height":432,"caption":"Miguel Borines"},{"@type":"BreadcrumbList","@id":"https:\/\/www.anovapeneira.gal\/index.php\/2021\/06\/04\/miguel-borines\/#breadcrumb","itemListElement":[{"@type":"ListItem","position":1,"name":"Portada","item":"https:\/\/www.anovapeneira.gal\/"},{"@type":"ListItem","position":2,"name":"Miguel Borines"}]},{"@type":"WebSite","@id":"https:\/\/www.anovapeneira.gal\/#website","url":"https:\/\/www.anovapeneira.gal\/","name":"","description":"Xornal galego de informaci\u00f3n xeral Publicaci\u00f3n mensual de novas de Galicia e en especial dos Concellos da sur da provincia de Pontevedra.","publisher":{"@id":"https:\/\/www.anovapeneira.gal\/#organization"},"potentialAction":[{"@type":"SearchAction","target":{"@type":"EntryPoint","urlTemplate":"https:\/\/www.anovapeneira.gal\/?s={search_term_string}"},"query-input":{"@type":"PropertyValueSpecification","valueRequired":true,"valueName":"search_term_string"}}],"inLanguage":"gl-ES"},{"@type":"Organization","@id":"https:\/\/www.anovapeneira.gal\/#organization","name":"A Nova Peneira","url":"https:\/\/www.anovapeneira.gal\/","logo":{"@type":"ImageObject","inLanguage":"gl-ES","@id":"https:\/\/www.anovapeneira.gal\/#\/schema\/logo\/image\/","url":"http:\/\/www.anovapeneira.gal\/wp-content\/uploads\/2019\/06\/logo_a_nova_peneira_portal_web.png","contentUrl":"http:\/\/www.anovapeneira.gal\/wp-content\/uploads\/2019\/06\/logo_a_nova_peneira_portal_web.png","width":300,"height":100,"caption":"A Nova Peneira"},"image":{"@id":"https:\/\/www.anovapeneira.gal\/#\/schema\/logo\/image\/"},"sameAs":["https:\/\/www.facebook.com\/anovapeneira","https:\/\/x.com\/APeneira"]},{"@type":"Person","@id":"https:\/\/www.anovapeneira.gal\/#\/schema\/person\/d9d84823564720e7593293bab054e52d","name":"Marcos Santos","image":{"@type":"ImageObject","inLanguage":"gl-ES","@id":"https:\/\/secure.gravatar.com\/avatar\/0e8017099a7a47c0a9d2275e865fe326484561eb3d70649069e4b8e61a8d2e8c?s=96&d=mm&r=g","url":"https:\/\/secure.gravatar.com\/avatar\/0e8017099a7a47c0a9d2275e865fe326484561eb3d70649069e4b8e61a8d2e8c?s=96&d=mm&r=g","contentUrl":"https:\/\/secure.gravatar.com\/avatar\/0e8017099a7a47c0a9d2275e865fe326484561eb3d70649069e4b8e61a8d2e8c?s=96&d=mm&r=g","caption":"Marcos Santos"},"sameAs":["http:\/\/anovapeneira.gal"],"url":"https:\/\/www.anovapeneira.gal\/index.php\/author\/marcos-santos\/"}]}},"jetpack_featured_media_url":"https:\/\/www.anovapeneira.gal\/wp-content\/uploads\/2021\/06\/miguel_borines.jpg","_links":{"self":[{"href":"https:\/\/www.anovapeneira.gal\/index.php\/wp-json\/wp\/v2\/posts\/5512","targetHints":{"allow":["GET"]}}],"collection":[{"href":"https:\/\/www.anovapeneira.gal\/index.php\/wp-json\/wp\/v2\/posts"}],"about":[{"href":"https:\/\/www.anovapeneira.gal\/index.php\/wp-json\/wp\/v2\/types\/post"}],"author":[{"embeddable":true,"href":"https:\/\/www.anovapeneira.gal\/index.php\/wp-json\/wp\/v2\/users\/6"}],"replies":[{"embeddable":true,"href":"https:\/\/www.anovapeneira.gal\/index.php\/wp-json\/wp\/v2\/comments?post=5512"}],"version-history":[{"count":2,"href":"https:\/\/www.anovapeneira.gal\/index.php\/wp-json\/wp\/v2\/posts\/5512\/revisions"}],"predecessor-version":[{"id":5514,"href":"https:\/\/www.anovapeneira.gal\/index.php\/wp-json\/wp\/v2\/posts\/5512\/revisions\/5514"}],"wp:featuredmedia":[{"embeddable":true,"href":"https:\/\/www.anovapeneira.gal\/index.php\/wp-json\/wp\/v2\/media\/5511"}],"wp:attachment":[{"href":"https:\/\/www.anovapeneira.gal\/index.php\/wp-json\/wp\/v2\/media?parent=5512"}],"wp:term":[{"taxonomy":"category","embeddable":true,"href":"https:\/\/www.anovapeneira.gal\/index.php\/wp-json\/wp\/v2\/categories?post=5512"},{"taxonomy":"post_tag","embeddable":true,"href":"https:\/\/www.anovapeneira.gal\/index.php\/wp-json\/wp\/v2\/tags?post=5512"}],"curies":[{"name":"wp","href":"https:\/\/api.w.org\/{rel}","templated":true}]}}