{"id":5526,"date":"2021-06-08T12:00:51","date_gmt":"2021-06-08T10:00:51","guid":{"rendered":"http:\/\/www.anovapeneira.gal\/?p=5526"},"modified":"2021-06-09T13:44:55","modified_gmt":"2021-06-09T11:44:55","slug":"juan-maria-by-lolola","status":"publish","type":"post","link":"https:\/\/www.anovapeneira.gal\/index.php\/2021\/06\/08\/juan-maria-by-lolola\/","title":{"rendered":"JUAN MAR\u00cdA BY LOLOLA"},"content":{"rendered":"\n<h2 class=\"has-text-align-left wp-block-heading\"><strong>Un oasis de humanidade<\/strong><\/h2>\n\n\n\n<pre class=\"wp-block-verse\">Tino Lago<\/pre>\n\n\n\n<p><strong>O centro Juan Mar\u00eda \u00e9 un centro de educaci\u00f3n especial situado no concello de Nigr\u00e1n na parroquia de Parada. Nace no ano 1984. Oc\u00fapase da formaci\u00f3n de rapaces e rapazas con capacidades diferentes. Nun primeiro momento da formaci\u00f3n acad\u00e9mica, e posteriormente da formaci\u00f3n ocupacional con obxecto de facilitar a inserci\u00f3n dos seus usuarios e usuarias no mercado laboral. E que, como cada ser humano, te\u00f1an a posibilidade de ter unha vida independente, aut\u00f3noma e digna. Na actualidade acolle a 104 usuarios e usuarias dos 3 concellos do Val Mi\u00f1or al\u00e9n dos concellos de Vigo e de Mos .As persoas usuarias pasan grande parte da s\u00faa vida al\u00ed, desde moi nenos ata que conseguen unha formaci\u00f3n adecuada para a s\u00faa inserci\u00f3n laboral. As\u00ed por exemplo Santiago vende traballar en Eco Taller especialistas en fabricar exquisitos xab\u00f3ns de aromas diversos. Hai tam\u00e9n talleres de pinturas, carpinter\u00eda ou manualidades. De feito alg\u00fan dos cadros feitos polos usuarios e usuarias do centro foron expostos nos concellos de Nigr\u00e1n e Gondomar. A asociaci\u00f3n exerce tam\u00e9n a modo de centro de d\u00eda, pois as persoas usuarias reciben atenci\u00f3n entre as 9.30h e as 17.30h.Agora mesmo 10 dos seus usuarios e usuarias est\u00e1n facendo unha formaci\u00f3n remunerada de 3 anos de duraci\u00f3n, traballando nun local de roupa da praza E de Vigo<\/strong>.<\/p>\n\n\n\n<p><strong>Eu co\u00f1ec\u00edn a tenda de casualidade, como cliente. Chamoume a atenci\u00f3n e a mi\u00f1a curiosidade innata fixo que agromara esta reportaxe. Eles est\u00e1n en pleno coraz\u00f3n de Vigo, na praza el\u00edptica na planta baixa .Son o segundo local a man esquerda e perm\u00edtome recomendar a todas e todos os nosos lectores a s\u00faa visita. Al\u00ed poder\u00e1n encontrar roupa de grande calidade , fabricada no pa\u00eds galego e unha atenci\u00f3n exquisita.<\/strong><\/p>\n\n\n\n<p><strong>N\u00f3s acheg\u00e1monos a co\u00f1ecelos mellor e al\u00ed estaban 6 das 10 persoas traballadoras : Nati, Alicia, David, Santiago, Lili e Mari, ademais de Montse unha das docentes do Juan Mar\u00eda, e de Lola, a dese\u00f1adora. Vela\u00ed vai o que deu de si a nosa conversa<\/strong>.<\/p>\n\n\n\n<p><strong>Cantas persoas do centro traballan na tenda?<\/strong><\/p>\n\n\n\n<blockquote class=\"wp-block-quote is-layout-flow wp-block-quote-is-layout-flow\"><p>10, 6 mozas e 4 mozos<\/p><\/blockquote>\n\n\n\n<p><strong>Como se cruzan os cami\u00f1os de Lola e do centro Juan Mar\u00eda?<\/strong><\/p>\n\n\n\n<blockquote class=\"wp-block-quote is-layout-flow wp-block-quote-is-layout-flow\"><p>Ben, eu ti\u00f1a unha marca de roupa \u201cLOLOLA\u201d desde hai 14 anos. Co\u00f1ec\u00edn ao coordinador do centro de casualidade. El explicoume que lles fixera unha enquisa aos mozos e mozas sobre as s\u00faas preferencias laborais<\/p><\/blockquote>\n\n\n\n<p><strong>E estaban interesad@s en traballar en comercio?<\/strong><\/p>\n\n\n\n<blockquote class=\"wp-block-quote is-layout-flow wp-block-quote-is-layout-flow\"><p>Pois si, moitas persoas amosaron interese neste mundo. Ent\u00f3n comezaron a explorar coa administraci\u00f3n auton\u00f3mica a posibilidade de conseguir unha subvenci\u00f3n que financiase este proxecto. Alberto, o coordinador do centro presentoume a idea<\/p><\/blockquote>\n\n\n\n<p><strong>Cal foi a t\u00faa valoraci\u00f3n a priori?<\/strong><\/p>\n\n\n\n<blockquote class=\"wp-block-quote is-layout-flow wp-block-quote-is-layout-flow\"><p>Encantoume<\/p><\/blockquote>\n\n\n\n<p><strong>Cando empezastes?<\/strong><\/p>\n\n\n\n<blockquote class=\"wp-block-quote is-layout-flow wp-block-quote-is-layout-flow\"><p>Comezamos en decembro do 2019 e estaremos ata principios do 2023. O obxecto \u00e9 a preparaci\u00f3n dun certificado de profesionalidade de auxiliar de comercio .Fan a parte te\u00f3rica no centro con dous docentes e a parte pr\u00e1ctica no local<\/p><\/blockquote>\n\n\n\n<p><strong>Agora cont\u00e1deme v\u00f3s rapaces e rapazas, que facedes exactamente na tenda?<\/strong><\/p>\n\n\n\n<blockquote class=\"wp-block-quote is-layout-flow wp-block-quote-is-layout-flow\"><p>Atendemos ao p\u00fablico,, facturamos, facemos albar\u00e1s, aprendemos a facer paquetes, a manexar o TPV..todo o que se fai no traballo nun comercio.<\/p><\/blockquote>\n\n\n\n<p><strong>Como valorades a experiencia?<\/strong><\/p>\n\n\n\n<blockquote class=\"wp-block-quote is-layout-flow wp-block-quote-is-layout-flow\"><p>Moi positiva<strong>&#8211;<\/strong><em><strong>Resposta Un\u00e1nime-De feito Lili e Alicia, se cadra as d\u00faas m\u00e1is entusiastas, afirman que desde que est\u00e1n na tenda as s\u00faas vidas cambiaron a mellor de maneira manifesta<\/strong><\/em><\/p><\/blockquote>\n\n\n\n<p><strong>E os clientes que tal con v\u00f3s?<\/strong><\/p>\n\n\n\n<blockquote class=\"wp-block-quote is-layout-flow wp-block-quote-is-layout-flow\"><p>Moi ben son todos moi amables<\/p><\/blockquote>\n\n\n\n<p><strong>Ben, eu a primeira vez que entrei aqu\u00ed foi como cliente e fun un pouco pesado ped\u00edndovos o t\u00edcket . Alg\u00fan pesado coma min haber\u00e1 supo\u00f1o?<\/strong><\/p>\n\n\n\n<blockquote class=\"wp-block-quote is-layout-flow wp-block-quote-is-layout-flow\"><p>Ha ha ha ha ha ha ha ha. Non, os clientes son todos moi educados e amables<\/p><\/blockquote>\n\n\n\n<p><strong>E a t\u00faa valoraci\u00f3n a posteriori, Lola?<\/strong><\/p>\n\n\n\n<blockquote class=\"wp-block-quote is-layout-flow wp-block-quote-is-layout-flow\"><p>A mi\u00f1a \u00e9 extraordinaria. Non pode ser mellor. \u00c9 un pracer, un orgullo e unha honra para min, compartir un proxecto vital con estes mozos e estas mozas marabillosas persoas .<\/p><\/blockquote>\n\n\n\n<p><strong>Canto tempo est\u00e1n na tenda?<\/strong><\/p>\n\n\n\n<blockquote class=\"wp-block-quote is-layout-flow wp-block-quote-is-layout-flow\"><p>Est\u00e1n seis horas e media en quendas rotatorias de d\u00faas persoas. Est\u00e1n de luns a s\u00e1bado , e se por alg\u00fan tipo de campa\u00f1a como o Nadal ou as rebaixas hai que vir o domingo, pois no comercio \u00e9 o que toca,<\/p><\/blockquote>\n\n\n\n<p><strong>Como \u00e9 o proceso da elaboraci\u00f3n da roupa que vendedes?<\/strong><\/p>\n\n\n\n<blockquote class=\"wp-block-quote is-layout-flow wp-block-quote-is-layout-flow\"><p>Des\u00e9\u00f1oa eu coa axuda deles, de feito na colecci\u00f3n de inverno quero que participen moito m\u00e1is. E a roupa fabr\u00edcase en Salvaterra<\/p><\/blockquote>\n\n\n\n<p><strong>S\u00f3 a vendedes na praza el\u00edptica?<\/strong><\/p>\n\n\n\n<blockquote class=\"wp-block-quote is-layout-flow wp-block-quote-is-layout-flow\"><p>Tam\u00e9n se vende no centro de Nigr\u00e1n, e nunha caseta que temos no paseo da Ramallosa. A partir do 15 deste mes de xu\u00f1o a caseta \u00edmola situar en praia Am\u00e9rica. Tam\u00e9n dispomos de tenda on line<\/p><\/blockquote>\n\n\n\n<p><strong>O voso proxecto \u00e9 precioso, pero por desgraza ata os proxectos marabillosos precisan de cartos para poder seguir adiante. A an\u00e1lise econ\u00f3mica como \u00e9?<\/strong><\/p>\n\n\n\n<blockquote class=\"wp-block-quote is-layout-flow wp-block-quote-is-layout-flow\"><p>Moitas grazas. En relaci\u00f3n ao asunto econ\u00f3mico pois estamos nunha \u00e9poca moi dif\u00edcil e a n\u00f3s tam\u00e9n nos afecta desde logo. Comezamos en decembro do 19 un mes moi bo para as vendas, pero claro logo chegou o confinamento e, igual que para todos, para n\u00f3s foi un golpe duro. A econom\u00eda \u00e9 complicada ,porque date de conta que son 14 n\u00f3minas a pagar. \u00c9 certo que boa parte \u00e9 subvencionado pero hai que sacar tam\u00e9n das vendas que poidamos facer<\/p><\/blockquote>\n\n\n\n<p><strong>E para rematar, despois destes 3 anos que?<\/strong><\/p>\n\n\n\n<blockquote class=\"wp-block-quote is-layout-flow wp-block-quote-is-layout-flow\"><p>A nosa ilusi\u00f3n \u00e9 que todos e todas poidan inserirse no mercado laboral. E que n\u00f3s poidamos continuar indefinidamente coa tenda coas promoci\u00f3ns sucesivas do centro<\/p><\/blockquote>\n\n\n\n<p><strong>Moitas grazas e moita sorte. Encantoume falar con v\u00f3s<\/strong><\/p>\n","protected":false},"excerpt":{"rendered":"<div class=\"mh-excerpt\"><p>O centro Juan Mar\u00eda \u00e9 un centro de educaci\u00f3n especial situado no concello de Nigr\u00e1n na parroquia de Parada. Nace no ano 1984. Oc\u00fapase da formaci\u00f3n de rapaces e rapazas con capacidades diferentes .Nun primeiro momento da formaci\u00f3n acad\u00e9mica, e posteriormente da formaci\u00f3n ocupacional con obxecto de facilitar a inserci\u00f3n dos seus usuarios e usuarias no mercado laboral <a class=\"mh-excerpt-more\" href=\"https:\/\/www.anovapeneira.gal\/index.php\/2021\/06\/08\/juan-maria-by-lolola\/\" title=\"JUAN MAR\u00cdA BY LOLOLA\">[&#8230;]<\/a><\/p>\n<\/div>","protected":false},"author":2,"featured_media":5569,"comment_status":"open","ping_status":"open","sticky":false,"template":"","format":"standard","meta":{"_exactmetrics_skip_tracking":false,"_exactmetrics_sitenote_active":false,"_exactmetrics_sitenote_note":"","_exactmetrics_sitenote_category":0,"footnotes":""},"categories":[497],"tags":[227],"class_list":{"0":"post-5526","1":"post","2":"type-post","3":"status-publish","4":"format-standard","5":"has-post-thumbnail","7":"category-vigo-reportaxes","8":"tag-concello-de-vigo"},"yoast_head":"<!-- This site is optimized with the Yoast SEO plugin v27.4 - https:\/\/yoast.com\/product\/yoast-seo-wordpress\/ -->\n<title>JUAN MAR\u00cdA BY LOLOLA -<\/title>\n<meta name=\"description\" content=\"O centro Juan Mar\u00eda \u00e9 un centro de educaci\u00f3n especial situado no concello de Nigr\u00e1n na parroquia de Parada. Nace no ano 1984. Oc\u00fapase da formaci\u00f3n de rapaces e rapazas con capacidades diferentes .Nun primeiro momento da formaci\u00f3n acad\u00e9mica, e posteriormente da formaci\u00f3n ocupacional con obxecto de facilitar a inserci\u00f3n dos seus usuarios e usuarias no mercado laboral\" \/>\n<meta name=\"robots\" content=\"index, follow, max-snippet:-1, max-image-preview:large, max-video-preview:-1\" \/>\n<link rel=\"canonical\" href=\"https:\/\/www.anovapeneira.gal\/index.php\/2021\/06\/08\/juan-maria-by-lolola\/\" \/>\n<meta property=\"og:locale\" content=\"gl_ES\" \/>\n<meta property=\"og:type\" content=\"article\" \/>\n<meta property=\"og:title\" content=\"JUAN MAR\u00cdA BY LOLOLA -\" \/>\n<meta property=\"og:description\" content=\"O centro Juan Mar\u00eda \u00e9 un centro de educaci\u00f3n especial situado no concello de Nigr\u00e1n na parroquia de Parada. Nace no ano 1984. Oc\u00fapase da formaci\u00f3n de rapaces e rapazas con capacidades diferentes .Nun primeiro momento da formaci\u00f3n acad\u00e9mica, e posteriormente da formaci\u00f3n ocupacional con obxecto de facilitar a inserci\u00f3n dos seus usuarios e usuarias no mercado laboral\" \/>\n<meta property=\"og:url\" content=\"https:\/\/www.anovapeneira.gal\/index.php\/2021\/06\/08\/juan-maria-by-lolola\/\" \/>\n<meta property=\"article:publisher\" content=\"https:\/\/www.facebook.com\/anovapeneira\" \/>\n<meta property=\"article:published_time\" content=\"2021-06-08T10:00:51+00:00\" \/>\n<meta property=\"article:modified_time\" content=\"2021-06-09T11:44:55+00:00\" \/>\n<meta property=\"og:image\" content=\"https:\/\/www.anovapeneira.gal\/wp-content\/uploads\/2021\/06\/centro_juan_maria.jpg\" \/>\n\t<meta property=\"og:image:width\" content=\"720\" \/>\n\t<meta property=\"og:image:height\" content=\"432\" \/>\n\t<meta property=\"og:image:type\" content=\"image\/jpeg\" \/>\n<meta name=\"author\" content=\"Tino Lago\" \/>\n<meta name=\"twitter:card\" content=\"summary_large_image\" \/>\n<meta name=\"twitter:creator\" content=\"@APeneira\" \/>\n<meta name=\"twitter:site\" content=\"@APeneira\" \/>\n<meta name=\"twitter:label1\" content=\"Escrito por\" \/>\n\t<meta name=\"twitter:data1\" content=\"Tino Lago\" \/>\n\t<meta name=\"twitter:label2\" content=\"Tempo de lectura\" \/>\n\t<meta name=\"twitter:data2\" content=\"4 minutos\" \/>\n<script type=\"application\/ld+json\" class=\"yoast-schema-graph\">{\"@context\":\"https:\\\/\\\/schema.org\",\"@graph\":[{\"@type\":\"Article\",\"@id\":\"https:\\\/\\\/www.anovapeneira.gal\\\/index.php\\\/2021\\\/06\\\/08\\\/juan-maria-by-lolola\\\/#article\",\"isPartOf\":{\"@id\":\"https:\\\/\\\/www.anovapeneira.gal\\\/index.php\\\/2021\\\/06\\\/08\\\/juan-maria-by-lolola\\\/\"},\"author\":{\"name\":\"Tino Lago\",\"@id\":\"https:\\\/\\\/www.anovapeneira.gal\\\/#\\\/schema\\\/person\\\/424dfe65e3070fd8a44d22d2c088762a\"},\"headline\":\"JUAN MAR\u00cdA BY LOLOLA\",\"datePublished\":\"2021-06-08T10:00:51+00:00\",\"dateModified\":\"2021-06-09T11:44:55+00:00\",\"mainEntityOfPage\":{\"@id\":\"https:\\\/\\\/www.anovapeneira.gal\\\/index.php\\\/2021\\\/06\\\/08\\\/juan-maria-by-lolola\\\/\"},\"wordCount\":999,\"commentCount\":1,\"publisher\":{\"@id\":\"https:\\\/\\\/www.anovapeneira.gal\\\/#organization\"},\"image\":{\"@id\":\"https:\\\/\\\/www.anovapeneira.gal\\\/index.php\\\/2021\\\/06\\\/08\\\/juan-maria-by-lolola\\\/#primaryimage\"},\"thumbnailUrl\":\"https:\\\/\\\/www.anovapeneira.gal\\\/wp-content\\\/uploads\\\/2021\\\/06\\\/centro_juan_maria.jpg\",\"keywords\":[\"Concello de Vigo\"],\"articleSection\":[\"Vigo\"],\"inLanguage\":\"gl-ES\",\"potentialAction\":[{\"@type\":\"CommentAction\",\"name\":\"Comment\",\"target\":[\"https:\\\/\\\/www.anovapeneira.gal\\\/index.php\\\/2021\\\/06\\\/08\\\/juan-maria-by-lolola\\\/#respond\"]}]},{\"@type\":\"WebPage\",\"@id\":\"https:\\\/\\\/www.anovapeneira.gal\\\/index.php\\\/2021\\\/06\\\/08\\\/juan-maria-by-lolola\\\/\",\"url\":\"https:\\\/\\\/www.anovapeneira.gal\\\/index.php\\\/2021\\\/06\\\/08\\\/juan-maria-by-lolola\\\/\",\"name\":\"JUAN MAR\u00cdA BY LOLOLA -\",\"isPartOf\":{\"@id\":\"https:\\\/\\\/www.anovapeneira.gal\\\/#website\"},\"primaryImageOfPage\":{\"@id\":\"https:\\\/\\\/www.anovapeneira.gal\\\/index.php\\\/2021\\\/06\\\/08\\\/juan-maria-by-lolola\\\/#primaryimage\"},\"image\":{\"@id\":\"https:\\\/\\\/www.anovapeneira.gal\\\/index.php\\\/2021\\\/06\\\/08\\\/juan-maria-by-lolola\\\/#primaryimage\"},\"thumbnailUrl\":\"https:\\\/\\\/www.anovapeneira.gal\\\/wp-content\\\/uploads\\\/2021\\\/06\\\/centro_juan_maria.jpg\",\"datePublished\":\"2021-06-08T10:00:51+00:00\",\"dateModified\":\"2021-06-09T11:44:55+00:00\",\"description\":\"O centro Juan Mar\u00eda \u00e9 un centro de educaci\u00f3n especial situado no concello de Nigr\u00e1n na parroquia de Parada. Nace no ano 1984. Oc\u00fapase da formaci\u00f3n de rapaces e rapazas con capacidades diferentes .Nun primeiro momento da formaci\u00f3n acad\u00e9mica, e posteriormente da formaci\u00f3n ocupacional con obxecto de facilitar a inserci\u00f3n dos seus usuarios e usuarias no mercado laboral\",\"breadcrumb\":{\"@id\":\"https:\\\/\\\/www.anovapeneira.gal\\\/index.php\\\/2021\\\/06\\\/08\\\/juan-maria-by-lolola\\\/#breadcrumb\"},\"inLanguage\":\"gl-ES\",\"potentialAction\":[{\"@type\":\"ReadAction\",\"target\":[\"https:\\\/\\\/www.anovapeneira.gal\\\/index.php\\\/2021\\\/06\\\/08\\\/juan-maria-by-lolola\\\/\"]}]},{\"@type\":\"ImageObject\",\"inLanguage\":\"gl-ES\",\"@id\":\"https:\\\/\\\/www.anovapeneira.gal\\\/index.php\\\/2021\\\/06\\\/08\\\/juan-maria-by-lolola\\\/#primaryimage\",\"url\":\"https:\\\/\\\/www.anovapeneira.gal\\\/wp-content\\\/uploads\\\/2021\\\/06\\\/centro_juan_maria.jpg\",\"contentUrl\":\"https:\\\/\\\/www.anovapeneira.gal\\\/wp-content\\\/uploads\\\/2021\\\/06\\\/centro_juan_maria.jpg\",\"width\":720,\"height\":432,\"caption\":\"Centro Juan Mar\u00eda\"},{\"@type\":\"BreadcrumbList\",\"@id\":\"https:\\\/\\\/www.anovapeneira.gal\\\/index.php\\\/2021\\\/06\\\/08\\\/juan-maria-by-lolola\\\/#breadcrumb\",\"itemListElement\":[{\"@type\":\"ListItem\",\"position\":1,\"name\":\"Portada\",\"item\":\"https:\\\/\\\/www.anovapeneira.gal\\\/\"},{\"@type\":\"ListItem\",\"position\":2,\"name\":\"JUAN MAR\u00cdA BY LOLOLA\"}]},{\"@type\":\"WebSite\",\"@id\":\"https:\\\/\\\/www.anovapeneira.gal\\\/#website\",\"url\":\"https:\\\/\\\/www.anovapeneira.gal\\\/\",\"name\":\"\",\"description\":\"Xornal galego de informaci\u00f3n xeral Publicaci\u00f3n mensual de novas de Galicia e en especial dos Concellos da sur da provincia de Pontevedra.\",\"publisher\":{\"@id\":\"https:\\\/\\\/www.anovapeneira.gal\\\/#organization\"},\"potentialAction\":[{\"@type\":\"SearchAction\",\"target\":{\"@type\":\"EntryPoint\",\"urlTemplate\":\"https:\\\/\\\/www.anovapeneira.gal\\\/?s={search_term_string}\"},\"query-input\":{\"@type\":\"PropertyValueSpecification\",\"valueRequired\":true,\"valueName\":\"search_term_string\"}}],\"inLanguage\":\"gl-ES\"},{\"@type\":\"Organization\",\"@id\":\"https:\\\/\\\/www.anovapeneira.gal\\\/#organization\",\"name\":\"A Nova Peneira\",\"url\":\"https:\\\/\\\/www.anovapeneira.gal\\\/\",\"logo\":{\"@type\":\"ImageObject\",\"inLanguage\":\"gl-ES\",\"@id\":\"https:\\\/\\\/www.anovapeneira.gal\\\/#\\\/schema\\\/logo\\\/image\\\/\",\"url\":\"http:\\\/\\\/www.anovapeneira.gal\\\/wp-content\\\/uploads\\\/2019\\\/06\\\/logo_a_nova_peneira_portal_web.png\",\"contentUrl\":\"http:\\\/\\\/www.anovapeneira.gal\\\/wp-content\\\/uploads\\\/2019\\\/06\\\/logo_a_nova_peneira_portal_web.png\",\"width\":300,\"height\":100,\"caption\":\"A Nova Peneira\"},\"image\":{\"@id\":\"https:\\\/\\\/www.anovapeneira.gal\\\/#\\\/schema\\\/logo\\\/image\\\/\"},\"sameAs\":[\"https:\\\/\\\/www.facebook.com\\\/anovapeneira\",\"https:\\\/\\\/x.com\\\/APeneira\"]},{\"@type\":\"Person\",\"@id\":\"https:\\\/\\\/www.anovapeneira.gal\\\/#\\\/schema\\\/person\\\/424dfe65e3070fd8a44d22d2c088762a\",\"name\":\"Tino Lago\",\"image\":{\"@type\":\"ImageObject\",\"inLanguage\":\"gl-ES\",\"@id\":\"https:\\\/\\\/secure.gravatar.com\\\/avatar\\\/b3df6a06e44bab3111583b90f0f33a0379ee5e3d22cbadd232d39f21c30c62be?s=96&d=mm&r=g\",\"url\":\"https:\\\/\\\/secure.gravatar.com\\\/avatar\\\/b3df6a06e44bab3111583b90f0f33a0379ee5e3d22cbadd232d39f21c30c62be?s=96&d=mm&r=g\",\"contentUrl\":\"https:\\\/\\\/secure.gravatar.com\\\/avatar\\\/b3df6a06e44bab3111583b90f0f33a0379ee5e3d22cbadd232d39f21c30c62be?s=96&d=mm&r=g\",\"caption\":\"Tino Lago\"},\"sameAs\":[\"http:\\\/\\\/www.anovapeneira.gal\"],\"url\":\"https:\\\/\\\/www.anovapeneira.gal\\\/index.php\\\/author\\\/director\\\/\"}]}<\/script>\n<!-- \/ Yoast SEO plugin. -->","yoast_head_json":{"title":"JUAN MAR\u00cdA BY LOLOLA -","description":"O centro Juan Mar\u00eda \u00e9 un centro de educaci\u00f3n especial situado no concello de Nigr\u00e1n na parroquia de Parada. Nace no ano 1984. Oc\u00fapase da formaci\u00f3n de rapaces e rapazas con capacidades diferentes .Nun primeiro momento da formaci\u00f3n acad\u00e9mica, e posteriormente da formaci\u00f3n ocupacional con obxecto de facilitar a inserci\u00f3n dos seus usuarios e usuarias no mercado laboral","robots":{"index":"index","follow":"follow","max-snippet":"max-snippet:-1","max-image-preview":"max-image-preview:large","max-video-preview":"max-video-preview:-1"},"canonical":"https:\/\/www.anovapeneira.gal\/index.php\/2021\/06\/08\/juan-maria-by-lolola\/","og_locale":"gl_ES","og_type":"article","og_title":"JUAN MAR\u00cdA BY LOLOLA -","og_description":"O centro Juan Mar\u00eda \u00e9 un centro de educaci\u00f3n especial situado no concello de Nigr\u00e1n na parroquia de Parada. Nace no ano 1984. Oc\u00fapase da formaci\u00f3n de rapaces e rapazas con capacidades diferentes .Nun primeiro momento da formaci\u00f3n acad\u00e9mica, e posteriormente da formaci\u00f3n ocupacional con obxecto de facilitar a inserci\u00f3n dos seus usuarios e usuarias no mercado laboral","og_url":"https:\/\/www.anovapeneira.gal\/index.php\/2021\/06\/08\/juan-maria-by-lolola\/","article_publisher":"https:\/\/www.facebook.com\/anovapeneira","article_published_time":"2021-06-08T10:00:51+00:00","article_modified_time":"2021-06-09T11:44:55+00:00","og_image":[{"width":720,"height":432,"url":"https:\/\/www.anovapeneira.gal\/wp-content\/uploads\/2021\/06\/centro_juan_maria.jpg","type":"image\/jpeg"}],"author":"Tino Lago","twitter_card":"summary_large_image","twitter_creator":"@APeneira","twitter_site":"@APeneira","twitter_misc":{"Escrito por":"Tino Lago","Tempo de lectura":"4 minutos"},"schema":{"@context":"https:\/\/schema.org","@graph":[{"@type":"Article","@id":"https:\/\/www.anovapeneira.gal\/index.php\/2021\/06\/08\/juan-maria-by-lolola\/#article","isPartOf":{"@id":"https:\/\/www.anovapeneira.gal\/index.php\/2021\/06\/08\/juan-maria-by-lolola\/"},"author":{"name":"Tino Lago","@id":"https:\/\/www.anovapeneira.gal\/#\/schema\/person\/424dfe65e3070fd8a44d22d2c088762a"},"headline":"JUAN MAR\u00cdA BY LOLOLA","datePublished":"2021-06-08T10:00:51+00:00","dateModified":"2021-06-09T11:44:55+00:00","mainEntityOfPage":{"@id":"https:\/\/www.anovapeneira.gal\/index.php\/2021\/06\/08\/juan-maria-by-lolola\/"},"wordCount":999,"commentCount":1,"publisher":{"@id":"https:\/\/www.anovapeneira.gal\/#organization"},"image":{"@id":"https:\/\/www.anovapeneira.gal\/index.php\/2021\/06\/08\/juan-maria-by-lolola\/#primaryimage"},"thumbnailUrl":"https:\/\/www.anovapeneira.gal\/wp-content\/uploads\/2021\/06\/centro_juan_maria.jpg","keywords":["Concello de Vigo"],"articleSection":["Vigo"],"inLanguage":"gl-ES","potentialAction":[{"@type":"CommentAction","name":"Comment","target":["https:\/\/www.anovapeneira.gal\/index.php\/2021\/06\/08\/juan-maria-by-lolola\/#respond"]}]},{"@type":"WebPage","@id":"https:\/\/www.anovapeneira.gal\/index.php\/2021\/06\/08\/juan-maria-by-lolola\/","url":"https:\/\/www.anovapeneira.gal\/index.php\/2021\/06\/08\/juan-maria-by-lolola\/","name":"JUAN MAR\u00cdA BY LOLOLA -","isPartOf":{"@id":"https:\/\/www.anovapeneira.gal\/#website"},"primaryImageOfPage":{"@id":"https:\/\/www.anovapeneira.gal\/index.php\/2021\/06\/08\/juan-maria-by-lolola\/#primaryimage"},"image":{"@id":"https:\/\/www.anovapeneira.gal\/index.php\/2021\/06\/08\/juan-maria-by-lolola\/#primaryimage"},"thumbnailUrl":"https:\/\/www.anovapeneira.gal\/wp-content\/uploads\/2021\/06\/centro_juan_maria.jpg","datePublished":"2021-06-08T10:00:51+00:00","dateModified":"2021-06-09T11:44:55+00:00","description":"O centro Juan Mar\u00eda \u00e9 un centro de educaci\u00f3n especial situado no concello de Nigr\u00e1n na parroquia de Parada. Nace no ano 1984. Oc\u00fapase da formaci\u00f3n de rapaces e rapazas con capacidades diferentes .Nun primeiro momento da formaci\u00f3n acad\u00e9mica, e posteriormente da formaci\u00f3n ocupacional con obxecto de facilitar a inserci\u00f3n dos seus usuarios e usuarias no mercado laboral","breadcrumb":{"@id":"https:\/\/www.anovapeneira.gal\/index.php\/2021\/06\/08\/juan-maria-by-lolola\/#breadcrumb"},"inLanguage":"gl-ES","potentialAction":[{"@type":"ReadAction","target":["https:\/\/www.anovapeneira.gal\/index.php\/2021\/06\/08\/juan-maria-by-lolola\/"]}]},{"@type":"ImageObject","inLanguage":"gl-ES","@id":"https:\/\/www.anovapeneira.gal\/index.php\/2021\/06\/08\/juan-maria-by-lolola\/#primaryimage","url":"https:\/\/www.anovapeneira.gal\/wp-content\/uploads\/2021\/06\/centro_juan_maria.jpg","contentUrl":"https:\/\/www.anovapeneira.gal\/wp-content\/uploads\/2021\/06\/centro_juan_maria.jpg","width":720,"height":432,"caption":"Centro Juan Mar\u00eda"},{"@type":"BreadcrumbList","@id":"https:\/\/www.anovapeneira.gal\/index.php\/2021\/06\/08\/juan-maria-by-lolola\/#breadcrumb","itemListElement":[{"@type":"ListItem","position":1,"name":"Portada","item":"https:\/\/www.anovapeneira.gal\/"},{"@type":"ListItem","position":2,"name":"JUAN MAR\u00cdA BY LOLOLA"}]},{"@type":"WebSite","@id":"https:\/\/www.anovapeneira.gal\/#website","url":"https:\/\/www.anovapeneira.gal\/","name":"","description":"Xornal galego de informaci\u00f3n xeral Publicaci\u00f3n mensual de novas de Galicia e en especial dos Concellos da sur da provincia de Pontevedra.","publisher":{"@id":"https:\/\/www.anovapeneira.gal\/#organization"},"potentialAction":[{"@type":"SearchAction","target":{"@type":"EntryPoint","urlTemplate":"https:\/\/www.anovapeneira.gal\/?s={search_term_string}"},"query-input":{"@type":"PropertyValueSpecification","valueRequired":true,"valueName":"search_term_string"}}],"inLanguage":"gl-ES"},{"@type":"Organization","@id":"https:\/\/www.anovapeneira.gal\/#organization","name":"A Nova Peneira","url":"https:\/\/www.anovapeneira.gal\/","logo":{"@type":"ImageObject","inLanguage":"gl-ES","@id":"https:\/\/www.anovapeneira.gal\/#\/schema\/logo\/image\/","url":"http:\/\/www.anovapeneira.gal\/wp-content\/uploads\/2019\/06\/logo_a_nova_peneira_portal_web.png","contentUrl":"http:\/\/www.anovapeneira.gal\/wp-content\/uploads\/2019\/06\/logo_a_nova_peneira_portal_web.png","width":300,"height":100,"caption":"A Nova Peneira"},"image":{"@id":"https:\/\/www.anovapeneira.gal\/#\/schema\/logo\/image\/"},"sameAs":["https:\/\/www.facebook.com\/anovapeneira","https:\/\/x.com\/APeneira"]},{"@type":"Person","@id":"https:\/\/www.anovapeneira.gal\/#\/schema\/person\/424dfe65e3070fd8a44d22d2c088762a","name":"Tino Lago","image":{"@type":"ImageObject","inLanguage":"gl-ES","@id":"https:\/\/secure.gravatar.com\/avatar\/b3df6a06e44bab3111583b90f0f33a0379ee5e3d22cbadd232d39f21c30c62be?s=96&d=mm&r=g","url":"https:\/\/secure.gravatar.com\/avatar\/b3df6a06e44bab3111583b90f0f33a0379ee5e3d22cbadd232d39f21c30c62be?s=96&d=mm&r=g","contentUrl":"https:\/\/secure.gravatar.com\/avatar\/b3df6a06e44bab3111583b90f0f33a0379ee5e3d22cbadd232d39f21c30c62be?s=96&d=mm&r=g","caption":"Tino Lago"},"sameAs":["http:\/\/www.anovapeneira.gal"],"url":"https:\/\/www.anovapeneira.gal\/index.php\/author\/director\/"}]}},"jetpack_featured_media_url":"https:\/\/www.anovapeneira.gal\/wp-content\/uploads\/2021\/06\/centro_juan_maria.jpg","_links":{"self":[{"href":"https:\/\/www.anovapeneira.gal\/index.php\/wp-json\/wp\/v2\/posts\/5526","targetHints":{"allow":["GET"]}}],"collection":[{"href":"https:\/\/www.anovapeneira.gal\/index.php\/wp-json\/wp\/v2\/posts"}],"about":[{"href":"https:\/\/www.anovapeneira.gal\/index.php\/wp-json\/wp\/v2\/types\/post"}],"author":[{"embeddable":true,"href":"https:\/\/www.anovapeneira.gal\/index.php\/wp-json\/wp\/v2\/users\/2"}],"replies":[{"embeddable":true,"href":"https:\/\/www.anovapeneira.gal\/index.php\/wp-json\/wp\/v2\/comments?post=5526"}],"version-history":[{"count":8,"href":"https:\/\/www.anovapeneira.gal\/index.php\/wp-json\/wp\/v2\/posts\/5526\/revisions"}],"predecessor-version":[{"id":5592,"href":"https:\/\/www.anovapeneira.gal\/index.php\/wp-json\/wp\/v2\/posts\/5526\/revisions\/5592"}],"wp:featuredmedia":[{"embeddable":true,"href":"https:\/\/www.anovapeneira.gal\/index.php\/wp-json\/wp\/v2\/media\/5569"}],"wp:attachment":[{"href":"https:\/\/www.anovapeneira.gal\/index.php\/wp-json\/wp\/v2\/media?parent=5526"}],"wp:term":[{"taxonomy":"category","embeddable":true,"href":"https:\/\/www.anovapeneira.gal\/index.php\/wp-json\/wp\/v2\/categories?post=5526"},{"taxonomy":"post_tag","embeddable":true,"href":"https:\/\/www.anovapeneira.gal\/index.php\/wp-json\/wp\/v2\/tags?post=5526"}],"curies":[{"name":"wp","href":"https:\/\/api.w.org\/{rel}","templated":true}]}}