{"id":5531,"date":"2021-06-09T10:00:30","date_gmt":"2021-06-09T08:00:30","guid":{"rendered":"http:\/\/www.anovapeneira.gal\/?p=5531"},"modified":"2021-06-07T11:17:34","modified_gmt":"2021-06-07T09:17:34","slug":"os-principais-atractivios-turisticos-do-concello-de-a-lama","status":"publish","type":"post","link":"https:\/\/www.anovapeneira.gal\/index.php\/2021\/06\/09\/os-principais-atractivios-turisticos-do-concello-de-a-lama\/","title":{"rendered":"A maxia da Galicia interior"},"content":{"rendered":"\n<pre class=\"wp-block-verse\"><strong><strong>G.Figueiredo<\/strong><\/strong><\/pre>\n\n\n\n<p><strong>Galicia \u00e9 un fermoso pa\u00eds tal como describ\u00eda Castelao na s\u00faa inmortal \u201cAlba de Gloria\u201d :\u201ddesde as chairas de Lugo inzadas de bidueiros at\u00e9 as r\u00edas de Pontevedra, cheas de pi\u00f1eirais\u201d. Tam\u00e9n o interior da naci\u00f3n galega ofrece paraxes m\u00e1xicas, de beleza superlativa, nas que \u00e9 posible sentir o acougo do aloumi\u00f1o lene das fragas limpas e dos r\u00edos inmortais que dan vida \u00e1s verdes chairas como o sangue nos d\u00e1 a vida a n\u00f3s mesmos. Na seguinte reportaxe ofrec\u00e9moslle unha visi\u00f3n dos principais atractivos de dous dos concellos interiores de Galicia de grande beleza: A Lama e Ponte Caldelas.<\/strong><\/p>\n\n\n\n<p><strong>G.Figueiredo<\/strong><\/p>\n\n\n\n<h2 class=\"wp-block-heading\"><strong><strong>Principais atractivos tur\u00edsticos do Concello de Ponte Caldelas<\/strong><\/strong><\/h2>\n\n\n\n<figure class=\"wp-block-image size-large is-style-default\"><img loading=\"lazy\" decoding=\"async\" width=\"962\" height=\"350\" src=\"http:\/\/www.anovapeneira.gal\/wp-content\/uploads\/2021\/06\/concello_ponte_caldelas.jpg\" alt=\"\" class=\"wp-image-5545\" srcset=\"https:\/\/www.anovapeneira.gal\/wp-content\/uploads\/2021\/06\/concello_ponte_caldelas.jpg 962w, https:\/\/www.anovapeneira.gal\/wp-content\/uploads\/2021\/06\/concello_ponte_caldelas-300x109.jpg 300w, https:\/\/www.anovapeneira.gal\/wp-content\/uploads\/2021\/06\/concello_ponte_caldelas-768x279.jpg 768w\" sizes=\"auto, (max-width: 962px) 100vw, 962px\" \/><figcaption><strong>Fonte fotos: Web concello Ponte Caldelas\u00a0<\/strong><\/figcaption><\/figure>\n\n\n\n<p>O primeiro que vou facer e contarvos un pouco de historia de Ponte Caldelas, unha fermosa vila do interior de Pontevedra. O Concello recibiu o seu nome seguramente da antiga ponte sobre o r\u00edo Verdugo e das s\u00faas augas termais sulfuroso-s\u00f3dicas.&nbsp;<\/p>\n\n\n\n<p>As\u00ed mesmo na Guerra da Independencia o mariscal Soult foi derrotado nas inmediaci\u00f3ns de Ponte Caldelas ao pasar cun ex\u00e9rcito de 20.000 homes, e dende ent\u00f3n agregouse ao escudo deste Concello, que formaba a ponte sarmentado, unha cruz en honra das v\u00edtimas desta batalla, librada na ponte que lle da nome en 1809.<\/p>\n\n\n\n<p>A vila foi patrimonio da catedral de Santiago de Compostela, d\u00e1ndolle Gelm\u00edrez privilexios e franqu\u00edas. Conta a tradici\u00f3n que a famosa ra\u00ed\u00f1a Lupa que perseguiu aos disc\u00edpulos do Ap\u00f3stolo Santiago foi natural desta vila ou residiu nela, o que se puido constatar \u00e9 que en 1.126 o rei Alfonso VII lle concedeu o t\u00edtulo de La Muy Leal. Posteriormente no s\u00e9culo XIX recibiu o tratamento de Vila.<\/p>\n\n\n\n<p>No 1822 pasou a formar parte da nova provincia de Vigo e en 1833, finalmente, \u00e1 de Pontevedra e conta con nove parroquias: Anceu, Barbudo, Caritel, Forz\u00e1ns, Insua, Ponte Caldelas, Taboadelo, Tour\u00f3n \u00e9 Xust\u00e1ns.<\/p>\n\n\n\n<p>Dunha destas parroquias, a de Tour\u00f3n, \u00e1 quizais a m\u00e1is destacable tanto pola s\u00faa historia, arqueolox\u00eda e monumentos.<\/p>\n\n\n\n<p>\u00c1rea arqueol\u00f3xica do Tour\u00f3n:<\/p>\n\n\n\n<div class=\"wp-block-columns is-layout-flex wp-container-core-columns-is-layout-9d6595d7 wp-block-columns-is-layout-flex\">\n<div class=\"wp-block-column is-layout-flow wp-block-column-is-layout-flow\">\n<figure class=\"wp-block-image size-large is-resized is-style-default\"><img loading=\"lazy\" decoding=\"async\" src=\"http:\/\/www.anovapeneira.gal\/wp-content\/uploads\/2021\/06\/mapa_concello_ponte_caldelas.jpg\" alt=\"\" class=\"wp-image-5546\" width=\"245\" height=\"354\" srcset=\"https:\/\/www.anovapeneira.gal\/wp-content\/uploads\/2021\/06\/mapa_concello_ponte_caldelas.jpg 490w, https:\/\/www.anovapeneira.gal\/wp-content\/uploads\/2021\/06\/mapa_concello_ponte_caldelas-208x300.jpg 208w\" sizes=\"auto, (max-width: 245px) 100vw, 245px\" \/><\/figure>\n<\/div>\n\n\n\n<div class=\"wp-block-column is-layout-flow wp-block-column-is-layout-flow\">\n<p>\u00a0Os &#8220;monumentos&#8221; \u00f3s que lles vamos a prestar atenci\u00f3n son os PETROGLIFOS de Tour\u00f3n.<\/p>\n\n\n\n<p>A riqueza e variedade de motivos representados en &#8220;Outeiro das Sombri\u00f1as&#8221; constit\u00faen un dos mellores exemplos da s\u00faa arte rupestre.<\/p>\n\n\n\n<p>Como sucede noutros municipios galegos, no Concello de Ponte Caldelas destaca desde o punto de vista monumental as construci\u00f3ns de car\u00e1cter relixioso.<\/p>\n<\/div>\n<\/div>\n\n\n\n<p>As\u00ed podemos mencionar a rom\u00e1nica igrexa parroquial de Tour\u00f3n, de finais do s\u00e9culo XII que conserva deste arte a fachada e o arco do presbiterio. Nunha fachada lateral existe un escudo dos Pazos de Proben.<\/p>\n\n\n\n<p>A igrexa parroquial de Santa Eulalia de Ponte Caldelas destaca polo seu retablo p\u00e9treo obra do mestre D. Manuel Gonz\u00e1lez, autor tam\u00e9n da fonte que se encontra na &#8220;Plazuela del Obispo&#8221; no centro da vila e do Calvario de Barbudo.<\/p>\n\n\n\n<p>As\u00ed mesmo, tam\u00e9n destacan as igrexas da Insua, aberta ao val cun V\u00eda Crucis de pedra arredor do adro e da igrexa de Xust\u00e1ns (conxunto de igrexa e cemiterio con outro interesante cruceiro).<\/p>\n\n\n\n<p>En canto \u00e1s capelas, estas aparte de formar parte do patrimonio monumental faino tam\u00e9n no natural, pois todas gozan dunha contorna e unha vistas inmellorables.<\/p>\n\n\n\n<p>Capela de Casteli\u00f1o ao Sagrado Coraz\u00f3n de Xes\u00fas. Dende ela p\u00f3dese divisar unha ampla panor\u00e1mica que mesmo chega \u00e1 r\u00eda de Pontevedra. A suba a ese monte faise seguindo un v\u00eda crucis de pedra, existindo unha lenda sobre unha pisada de cabalo do ap\u00f3stolo Santiago nunha pedra das inmediaci\u00f3ns.<\/p>\n\n\n\n<p>Capela de San Vicente de Parada. Situada nun marco extraordinario pola s\u00faa beleza natural e a proximidade dun r\u00edo. Conta con restos dun sepulcro antropomorfo e todos os anos se celebra unha tradicional romaxe na s\u00faa honra e que congrega gran cantidade de devotos.<\/p>\n\n\n\n<p>Capela de Santa Comba de Rebordelo. Noutra bonita paraxe e famosa pola multitudinaria romaxe que se celebra na s\u00faa honra.<\/p>\n\n\n\n<p>Capela de Cristo Rei en Xust\u00e1ns. Dende onde se divisa unha extraordinaria panor\u00e1mica, existindo non moi lonxe dos petr\u00f3glifos cuadr\u00fapedes.<\/p>\n\n\n\n<p>A riqueza monumental deste municipio compl\u00e9tase con innumerables cruceiros e petos de \u00e1nimas e varios pazos entre os que destacan o pazo do Pombal en Tour\u00f3n, fundado en 1.688 por D. Pedro de Pazos Proben, e outro pazo tam\u00e9n en Tour\u00f3n que se corresponde coa antiga Casa d\u00e1 Inquisici\u00f3n, ambos os dous hoxe de propiedade privada.<\/p>\n\n\n\n<p>Non podemos deixar de falar das s\u00faas festas e romar\u00edas, e, como non, da s\u00faa co\u00f1ecida e internacional \u201cFesta da Troita\u201d.<\/p>\n\n\n\n<div class=\"wp-block-columns is-layout-flex wp-container-core-columns-is-layout-9d6595d7 wp-block-columns-is-layout-flex\">\n<div class=\"wp-block-column is-layout-flow wp-block-column-is-layout-flow\">\n<figure class=\"wp-block-image size-large is-resized is-style-default\"><img loading=\"lazy\" decoding=\"async\" src=\"http:\/\/www.anovapeneira.gal\/wp-content\/uploads\/2021\/06\/festa_da_troita.jpg\" alt=\"\" class=\"wp-image-5547\" width=\"250\" height=\"373\" srcset=\"https:\/\/www.anovapeneira.gal\/wp-content\/uploads\/2021\/06\/festa_da_troita.jpg 250w, https:\/\/www.anovapeneira.gal\/wp-content\/uploads\/2021\/06\/festa_da_troita-201x300.jpg 201w\" sizes=\"auto, (max-width: 250px) 100vw, 250px\" \/><\/figure>\n<\/div>\n\n\n\n<div class=\"wp-block-column is-layout-flow wp-block-column-is-layout-flow\">\n<p>Esta festa cel\u00e9brase o \u00faltimo domingo do mes de maio e \u00e9 a m\u00e1is popular de Ponte Caldelas. Naceu no ano 1.967. As\u00ed cel\u00e9brase a \u00faltima fin de semana do mes de maio e, xunto coas diversas celebraci\u00f3ns l\u00fadico-festivas, l\u00e9vase a cabo un Concurso de Pesca Internacional na modalidade de salm\u00f3nidos.<\/p>\n<\/div>\n<\/div>\n\n\n\n<p>A s\u00faa historia: No ano 1.967, o \u00faltimo domingo do mes de maio, botaba a andar a &#8220;Festa da Troita&#8221; de Ponte Caldelas, destacando a gastronom\u00eda e o Concurso Internacional de Pesca modalidade de salm\u00f3nidos. A festa nace pola iniciativa dun grupo de amigos afeccionados \u00e1 pesca (Rafael L\u00f3pez, Luis Blanco, Enrique Puga e Luciano Mart\u00ednez, alcalde daquela \u00e9poca), vendo que hab\u00eda gran afluencia de troitas nos r\u00edos que atravesan el termo municipal, ao mesmo tempo que promocionaban a vila.<\/p>\n\n\n\n<p>Un denominador com\u00fan de todas e cada unha das edici\u00f3ns da festa \u00e9 a celebraci\u00f3n do Concurso Internacional de Pesca que \u00e9 co\u00f1ecido polos afeccionados a este deporte de toda Galicia e incluso Portugal, e que en consecuencia aglutina a grande cantidade de pescadores que agardan cada ano tan ansiada cita.<\/p>\n\n\n\n<p>Agora imos falar da contorna natural e paisax\u00edstica da vila. Aqu\u00ed podemos destacar as s\u00faas praias fluviais e rutas de sendeirismo, vouvos a nomear as m\u00e1is importantes:<\/p>\n\n\n\n<p><strong>A praia fluvial de A Calzada<\/strong><\/p>\n\n\n\n<p>Esta fermosa praia fluvial logrou a primeira bandeira azul dunha zona de ba\u00f1o destas caracter\u00edsticas en Espa\u00f1a, segundo o fallo feito p\u00fablico polo xurado internacional que outorga estes galard\u00f3ns para a asociaci\u00f3n de educaci\u00f3n ambiental e do consumidor (ADEAC).<\/p>\n\n\n\n<figure class=\"wp-block-image size-large is-style-default\"><img loading=\"lazy\" decoding=\"async\" width=\"1024\" height=\"512\" src=\"http:\/\/www.anovapeneira.gal\/wp-content\/uploads\/2021\/06\/rio_ponte_caldelas-1024x512.jpg\" alt=\"\" class=\"wp-image-5549\" srcset=\"https:\/\/www.anovapeneira.gal\/wp-content\/uploads\/2021\/06\/rio_ponte_caldelas-1024x512.jpg 1024w, https:\/\/www.anovapeneira.gal\/wp-content\/uploads\/2021\/06\/rio_ponte_caldelas-300x150.jpg 300w, https:\/\/www.anovapeneira.gal\/wp-content\/uploads\/2021\/06\/rio_ponte_caldelas-768x384.jpg 768w, https:\/\/www.anovapeneira.gal\/wp-content\/uploads\/2021\/06\/rio_ponte_caldelas.jpg 1280w\" sizes=\"auto, (max-width: 1024px) 100vw, 1024px\" \/><\/figure>\n\n\n\n<p>Este distintivo ven a corroborar que Ponte Caldelas goza dunha calidade excelente desde o punto de vista ambiental, sanitario, tur\u00edstico e recreativo.<\/p>\n\n\n\n<p>A praia at\u00f3pase situada ao final do paseo fluvial da calzada e conta con aparcamento e lugares para o goce da natureza. \u00c9 tam\u00e9n zona habitual de pesca deportiva e nela opera durante o per\u00edodo estival un bar-chiringuito con aseos que atende as demandas do p\u00fablico que utiliza nos d\u00edas de bo tempo este enclave tur\u00edstico e de descanso de primeira orde.<\/p>\n\n\n\n<p>Nos d\u00edas de bo tempo, a praia da calzada disp\u00f3n de superficie arb\u00f3rea e con herba, para favorecer o descanso do visitante, e de zona asollada, para os amantes do bronceado, ofrece todo tipo de posibilidades para practicar o turismo familiar e o goce harm\u00f3nico da natureza.<\/p>\n\n\n\n<h4 class=\"wp-block-heading\"><strong>Rutas de senderismo:<\/strong><\/h4>\n\n\n\n<p><em><strong>O cami\u00f1o real ou ruta dos arrieiros:<\/strong><\/em><\/p>\n\n\n\n<div class=\"wp-block-columns is-layout-flex wp-container-core-columns-is-layout-9d6595d7 wp-block-columns-is-layout-flex\">\n<div class=\"wp-block-column is-layout-flow wp-block-column-is-layout-flow\">\n<figure class=\"wp-block-image size-large is-style-default\"><img loading=\"lazy\" decoding=\"async\" width=\"425\" height=\"283\" src=\"http:\/\/www.anovapeneira.gal\/wp-content\/uploads\/2021\/06\/ruta_dos_arrieioros.jpg\" alt=\"\" class=\"wp-image-5551\" srcset=\"https:\/\/www.anovapeneira.gal\/wp-content\/uploads\/2021\/06\/ruta_dos_arrieioros.jpg 425w, https:\/\/www.anovapeneira.gal\/wp-content\/uploads\/2021\/06\/ruta_dos_arrieioros-300x200.jpg 300w\" sizes=\"auto, (max-width: 425px) 100vw, 425px\" \/><\/figure>\n<\/div>\n\n\n\n<div class=\"wp-block-column is-layout-flow wp-block-column-is-layout-flow\">\n<p>Comeza na parroquia de Forz\u00e1ns e remata na parroquia de Marc\u00f3n en Pontevedra. Ten un lonxitude de ruta lineal de 18 km. Pode realizarse tanto a p\u00e9, como a cabalo ou en bicicleta. Faise nunhas 5 horas e media a p\u00e9, 5 horas a cabalo e catro e media en caso de facelo en bicicleta. \u00c9 de dificultade baixa, a\u00ednda que debe terse en conta que unha parte importante do trazado discorre por asfalto.<\/p>\n<\/div>\n<\/div>\n\n\n\n<p><em><strong>Ruta das almi\u00f1as e foso do lobo:<\/strong><\/em><\/p>\n\n\n\n<div class=\"wp-block-columns is-layout-flex wp-container-core-columns-is-layout-9d6595d7 wp-block-columns-is-layout-flex\">\n<div class=\"wp-block-column is-layout-flow wp-block-column-is-layout-flow\">\n<figure class=\"wp-block-image size-large is-style-default\"><img loading=\"lazy\" decoding=\"async\" width=\"425\" height=\"283\" src=\"http:\/\/www.anovapeneira.gal\/wp-content\/uploads\/2021\/06\/foso_do_lobo.jpg\" alt=\"\" class=\"wp-image-5552\" srcset=\"https:\/\/www.anovapeneira.gal\/wp-content\/uploads\/2021\/06\/foso_do_lobo.jpg 425w, https:\/\/www.anovapeneira.gal\/wp-content\/uploads\/2021\/06\/foso_do_lobo-300x200.jpg 300w\" sizes=\"auto, (max-width: 425px) 100vw, 425px\" \/><\/figure>\n<\/div>\n\n\n\n<div class=\"wp-block-column is-layout-flow wp-block-column-is-layout-flow\">\n<p>O percorrido comeza na Igrexa de Caritel e remata no mesmo punto. \u00c9 unha ruta circular de 10.820 metros. O percorrido faise a p\u00e9 nunhas 3 horas e 20 minutos. A s\u00faa dificultade \u00e9 media.<\/p>\n<\/div>\n<\/div>\n\n\n\n<p>Tam\u00e9n est\u00e1 o Sendeiro de Valgada de San Vicente, o Alto de Ciradellas e o Sendeiro Azul do Rio Verdugo.<\/p>\n\n\n\n<figure class=\"wp-block-image size-large is-style-default\"><img loading=\"lazy\" decoding=\"async\" width=\"1024\" height=\"725\" src=\"http:\/\/www.anovapeneira.gal\/wp-content\/uploads\/2021\/06\/sendeiro_azul_ponte_caldelas.jpg\" alt=\"\" class=\"wp-image-5554\" srcset=\"https:\/\/www.anovapeneira.gal\/wp-content\/uploads\/2021\/06\/sendeiro_azul_ponte_caldelas.jpg 1024w, https:\/\/www.anovapeneira.gal\/wp-content\/uploads\/2021\/06\/sendeiro_azul_ponte_caldelas-300x212.jpg 300w, https:\/\/www.anovapeneira.gal\/wp-content\/uploads\/2021\/06\/sendeiro_azul_ponte_caldelas-768x544.jpg 768w\" sizes=\"auto, (max-width: 1024px) 100vw, 1024px\" \/><\/figure>\n\n\n\n<p>A beleza natural da paisaxe de Ponte Caldelas destaca, sobre todo, polo contorno do r\u00edo Verdugo que atravesa a vila e o municipio cun mesto arboredo nas s\u00faas marxes e que ao seu paso pola vila se remansa coas s\u00faas augas cristalinas.<\/p>\n\n\n\n<p>Hai que sinalar, ao longo da canle, distintos lugares especialmente caracter\u00edsticos como son os pasos da Fraga e a praia fluvial da Calzada, moi concorrida por ba\u00f1istas e visitantes no ver\u00e1n.<\/p>\n\n\n\n<div class=\"wp-block-columns is-layout-flex wp-container-core-columns-is-layout-9d6595d7 wp-block-columns-is-layout-flex\">\n<div class=\"wp-block-column is-layout-flow wp-block-column-is-layout-flow\">\n<p>&#8220;OS PASOS&#8221;\u00a0son empregados para vadear o r\u00edo, no cami\u00f1o antigo Ponte Caldelas &#8211; A Lama. Ch\u00e9gase sa\u00edndo de Ponte Caldelas, direcci\u00f3n a A Ca\u00f1iza, antes de Caritel hai un desv\u00edo \u00e1 esquerda a &#8220;As Fragas&#8221; (de abaixo), un cami\u00f1o que conduce ao &#8220;coto de Pesca&#8221; leva a &#8220;Os Pasos&#8221;. No contorno podemos contemplar varios mu\u00ed\u00f1os, un deles incluso con vivenda na planta superior, seguindo o cami\u00f1o a Lama, petos de \u00e1nimas, e unha impresionante paisaxe dominada polo r\u00edo.<\/p>\n<\/div>\n\n\n\n<div class=\"wp-block-column is-layout-flow wp-block-column-is-layout-flow\">\n<figure class=\"wp-block-image size-large is-style-default\"><img loading=\"lazy\" decoding=\"async\" width=\"300\" height=\"199\" src=\"http:\/\/www.anovapeneira.gal\/wp-content\/uploads\/2021\/06\/os_pasos.jpg\" alt=\"\" class=\"wp-image-5556\"\/><\/figure>\n<\/div>\n<\/div>\n\n\n\n<p><em>Este \u00faltimo ano e medio non foi como todos quix\u00e9ramos. Pillounos unha pandemia mundial que nos reclu\u00edu nas nosas casas, tivemos que suspender t\u00f3dalas festas, romar\u00edas, concursos e eventos socias dos que os galegos e galegas somos grandes amantes. A\u00ednda que este ano tam\u00e9n est\u00e1 cheo de restrici\u00f3ns, esperemos que para este ver\u00e1n esteamos unha grande parte da poboaci\u00f3n adulta vacinada e podamos volver a gozar de todos estes eventos sociais que tanto botamos de menos.<\/em><\/p>\n\n\n\n<h2 class=\"wp-block-heading\">Os principais atractivios tur\u00edsticos do Concello de A Lama<\/h2>\n\n\n\n<figure class=\"wp-block-image size-large is-style-default\"><img loading=\"lazy\" decoding=\"async\" width=\"960\" height=\"289\" src=\"http:\/\/www.anovapeneira.gal\/wp-content\/uploads\/2021\/06\/concello_da_lama_reportaxe.jpg\" alt=\"\" class=\"wp-image-5558\" srcset=\"https:\/\/www.anovapeneira.gal\/wp-content\/uploads\/2021\/06\/concello_da_lama_reportaxe.jpg 960w, https:\/\/www.anovapeneira.gal\/wp-content\/uploads\/2021\/06\/concello_da_lama_reportaxe-300x90.jpg 300w, https:\/\/www.anovapeneira.gal\/wp-content\/uploads\/2021\/06\/concello_da_lama_reportaxe-768x231.jpg 768w\" sizes=\"auto, (max-width: 960px) 100vw, 960px\" \/><figcaption><strong>Fonte fotos: Web Concello de A Lama<\/strong><\/figcaption><\/figure>\n\n\n\n<p>O concello da Lama \u00e9 un dos m\u00e1is altos da provincia de Pontevedra situado no Noroeste da provincia. Ten un car\u00e1cter eminentemente rural, con moitos espazos naturais de extraordinaria beleza que o converten nun lugar propicio para que os que queiran visitalo pasen un d\u00eda en plena natureza percorrendo monta\u00f1as, vales, r\u00edos, carballeiras \u00f3 gozando das posibilidades e actividades que ofrece o turismo rural.<\/p>\n\n\n\n<div class=\"wp-block-columns is-layout-flex wp-container-core-columns-is-layout-9d6595d7 wp-block-columns-is-layout-flex\">\n<div class=\"wp-block-column is-layout-flow wp-block-column-is-layout-flow\">\n<figure class=\"wp-block-image size-large is-style-default\"><img loading=\"lazy\" decoding=\"async\" width=\"261\" height=\"285\" src=\"http:\/\/www.anovapeneira.gal\/wp-content\/uploads\/2021\/06\/mapa-concello-da-lama.jpg\" alt=\"\" class=\"wp-image-5533\"\/><\/figure>\n<\/div>\n\n\n\n<div class=\"wp-block-column is-layout-flow wp-block-column-is-layout-flow\">\n<p>A Lama est\u00e1 situado no interior da provincia de Pontevedra, ao leste, lindando coa provincia de Ourense e cos concellos de Beariz e Avi\u00f3n, Cerdedo-Cotobade, Ponte Caldelas, Forcarei e Fornelos de Montes. Cunha extensi\u00f3n de 111,76 Km2, a distancia desde o centro do municipio \u00e1 capital da provincia \u00e9 de 24 Km., e a Vigo de 42 Km.<\/p>\n<\/div>\n<\/div>\n\n\n\n<p>Conta con 92 entidades de poboaci\u00f3n dispersas en 111,76 quil\u00f3metros cadrados, nos que residen aproximadamente 2445 habitantes, distribu\u00eddos nun total de dez parroquias: Antas, A Barcia do Seixo, Covelo, Escuadra, Gaxate, A Lama, Seixido, Verducido, Xende e Xesta. No antigo r\u00e9xime esta zona xeogr\u00e1fica pertenc\u00eda \u00e1s provincias de Santiago e de Tui, respectivamente, dentro das xurisdici\u00f3ns de Caldevergazo, con se\u00f1or\u00edo do arcebispo de Santiago e de Soutomaior, e con se\u00f1or\u00edo do duque de Soutomaior.<\/p>\n\n\n\n<div class=\"wp-block-columns is-layout-flex wp-container-core-columns-is-layout-9d6595d7 wp-block-columns-is-layout-flex\">\n<div class=\"wp-block-column is-layout-flow wp-block-column-is-layout-flow\">\n<figure class=\"wp-block-image size-large is-resized is-style-default\"><img loading=\"lazy\" decoding=\"async\" src=\"http:\/\/www.anovapeneira.gal\/wp-content\/uploads\/2021\/06\/cruceiro_a_lama.jpg\" alt=\"\" class=\"wp-image-5535\" width=\"300\" height=\"400\" srcset=\"https:\/\/www.anovapeneira.gal\/wp-content\/uploads\/2021\/06\/cruceiro_a_lama.jpg 600w, https:\/\/www.anovapeneira.gal\/wp-content\/uploads\/2021\/06\/cruceiro_a_lama-225x300.jpg 225w\" sizes=\"auto, (max-width: 300px) 100vw, 300px\" \/><\/figure>\n<\/div>\n\n\n\n<div class=\"wp-block-column is-layout-flow wp-block-column-is-layout-flow\">\n<p>Imos comezar falando da arquitectura relixiosa de todas estas parroquias. A Lama conta con fermosas igrexas parroquiais na Lama, Antas, Barcia do Seixo, Covelo, Gaxate, Seixido, Xende, Xesta e Verducido. Ermidas como a de San Lorenzo, Peso na Escuadra ou a dos Prados en Xesta. Singulares e de gran tradici\u00f3n son os Santuarios das Ermidas en Antas, no monte do Ceo e o Santuario do Santo Cristo na parroquia de Xende.<\/p>\n<\/div>\n<\/div>\n\n\n\n<p>Son m\u00faltiples as casas, pontes, mu\u00ed\u00f1os, fontes, h\u00f3rreos, reloxos de sol ou pombais repartidos ao longo de todo o municipio.<\/p>\n\n\n\n<p>Atopamos escudos como os da Casas dos Contreras no mesmo centro; na parroquia de Verducido na Casa do Maeso no Pi\u00f1eiro ou o escudo dos L\u00f3pez de Soutomaior que se repite no lugar do Porto, en Gaxate e en Forz\u00e1ns de Ponte Caldelas, en Gaxate o da Casa d\u00e1 Chanci\u00f1a, Casa do Mu\u00ed\u00f1os, a Casa do Pazo ou a Casa d\u00e1 Picota.<\/p>\n\n\n\n<p>Destacan as pontes sobre o r\u00edo en Verducido, a Ponte de Li\u00f1ares sobre o r\u00edo Xesta en Xesta, a ponte sobre o r\u00edo Verdugo en Escuadra.<\/p>\n\n\n\n<p>De todas estas vouvos destacar a da imaxe que \u00e9 a Igrexa parroquial e cruceiro de Berducido.&nbsp;<\/p>\n\n\n\n<p>Pero son moitas as manifestaci\u00f3ns art\u00edsticas de car\u00e1cter relixioso realizadas polos canteiros destas terras. Destacan lugares que gozan dunha peculiar escultura reflectida en petos, cruceiros ou baixorrelieves repartidos por todo o municipio. En Antas podemos visitar a capela de finais do s. XIX do mestre Cervi\u00f1o, en Verducido ademais da calzada romana e os gravados rupestres de San Marti\u00f1o podemos visitar a antiga ponte ou a capela de San Antonio, na Lama est\u00e1 a capela do Sacro Coraz\u00f3n no monte do Castro, s\u00edmbolo da capital da vila lamesa.<\/p>\n\n\n\n<div class=\"wp-block-columns is-layout-flex wp-container-core-columns-is-layout-9d6595d7 wp-block-columns-is-layout-flex\">\n<div class=\"wp-block-column is-layout-flow wp-block-column-is-layout-flow\">\n<p>En canto a s\u00faa contorna natural podo dicirvos que A Lama \u00e9 un lugar privilexiado para gozar da natureza e facer sendeirismo. Os r\u00edos ofrecen espectaculares saltos de auga cristalina situados entre frondosas paisaxes. Entre os m\u00e1is co\u00f1ecidos est\u00e1 Ablela\u00eddo en Antas, Li\u00f1ares en Xesta, A f\u00edrveda en Covelo ou Cach\u00f3n en Verducido.<\/p>\n<\/div>\n\n\n\n<div class=\"wp-block-column is-layout-flow wp-block-column-is-layout-flow\">\n<figure class=\"wp-block-image size-large is-style-default\"><img loading=\"lazy\" decoding=\"async\" width=\"442\" height=\"331\" src=\"http:\/\/www.anovapeneira.gal\/wp-content\/uploads\/2021\/06\/presa_concello_da_lama.jpg\" alt=\"\" class=\"wp-image-5539\" srcset=\"https:\/\/www.anovapeneira.gal\/wp-content\/uploads\/2021\/06\/presa_concello_da_lama.jpg 442w, https:\/\/www.anovapeneira.gal\/wp-content\/uploads\/2021\/06\/presa_concello_da_lama-300x225.jpg 300w, https:\/\/www.anovapeneira.gal\/wp-content\/uploads\/2021\/06\/presa_concello_da_lama-326x245.jpg 326w, https:\/\/www.anovapeneira.gal\/wp-content\/uploads\/2021\/06\/presa_concello_da_lama-80x60.jpg 80w\" sizes=\"auto, (max-width: 442px) 100vw, 442px\" \/><\/figure>\n<\/div>\n<\/div>\n\n\n\n<p>Os espazos naturais do municipio son fermosos, as altas e agrestes serras do Cando e do Su\u00eddo acollen interesantes especies de fauna e flora. O Cando que est\u00e1 formado por cumes de formas redondeadas, ten o seu punto m\u00e1is alto no monte do Seixo con 900 m de altitude. \u00c9 unha zona media con superficies de matogueira e pequena extensi\u00f3n de carballeiras e bosques de ribeira.<\/p>\n\n\n\n<p>A serra do Su\u00eddo fai l\u00edmite natural con Ourense e o punto m\u00e1is alto \u00e9 O Coto d\u00e1 Puza con 1035 m de altura, ten gran valor ecol\u00f3xico e \u00e9 unha das poucas zonas de Galicia onde a\u00ednda podemos ver lobos. Desde a alta serra do Su\u00eddo podemos observar as tres r\u00edas: Pontevedra, Vigo e Vilagarc\u00eda de Arousa. Con bo tempo desde o monte do Seixovense as r\u00edas de Pontevedra e Vigo e desde o monte do Castro div\u00edsase a vila de A Lama e parte de concellos lim\u00edtrofes.<\/p>\n\n\n\n<p>O concello da Lama pertence \u00e1 rede Natura 2000. Do mesmo xeito que os concellos lim\u00edtrofes de Beariz, Cerdedo- Cotobade e Forcarei e \u00e9 considerada \u00e1rea natural de alto valor ecol\u00f3xico a nivel europeo sobre a conservaci\u00f3n de h\u00e1bitat natural, fauna e flora silvestre. Establ\u00e9cese por iso como h\u00e1bitat de interese comunitario e v\u00e9lase pola protecci\u00f3n de especies.<\/p>\n\n\n\n<p>Das parroquia de Verducido e Escuadra quero destacar o seu&nbsp;Petroglifo Laxe do Val do Gato.&nbsp;<\/p>\n\n\n\n<p>Aqu\u00ed existen numerosos restos de cultura megal\u00edtica como m\u00e1moas, t\u00famulos ou os co\u00f1ecidos petr\u00f3glifos nas parroquias de Escuadra e Verducido, atopamos castros nos montes de Gaxate, unha calzada romana, pontes, etc.<\/p>\n\n\n\n<div class=\"wp-block-columns is-layout-flex wp-container-core-columns-is-layout-9d6595d7 wp-block-columns-is-layout-flex\">\n<div class=\"wp-block-column is-layout-flow wp-block-column-is-layout-flow\">\n<p>Destaca o petr\u00f3glifo A Laxe d\u00e1s Puzas localizado no lugar de Porto, Verducido, a base de c\u00edrculos conc\u00e9ntricos cunha cova no centro, Os motivos rupestres que predominan no municipio son gravados con motivos de figuras xeom\u00e9tricas: p\u00edas, pequenas cazoletas e combinaci\u00f3ns circulares.&nbsp;<\/p>\n<\/div>\n\n\n\n<div class=\"wp-block-column is-layout-flow wp-block-column-is-layout-flow\">\n<figure class=\"wp-block-image size-large is-style-default\"><img loading=\"lazy\" decoding=\"async\" width=\"200\" height=\"300\" src=\"http:\/\/www.anovapeneira.gal\/wp-content\/uploads\/2021\/06\/petroglifos_a_lama.jpg\" alt=\"\" class=\"wp-image-5541\"\/><\/figure>\n<\/div>\n<\/div>\n\n\n\n<p>En Val de Gato en Verducido tam\u00e9n, atopamos A pedra d\u00e1 tartaruga, unha roca con forma de tartaruga. O xacemento de Outeiro Seixi\u00f1o sit\u00faase a unha altitude de 565m.<\/p>\n\n\n\n<p>En canto as s\u00faas festas, romar\u00edas e feiras dicirvos que en cada unha das parroquias do concello cel\u00e9branse festas e romar\u00edas ao longo de todo o ano. Entre as m\u00e1is populares destacan: o Santo Cristo de Xende, a Virxe dos Remedios en Xesta, a Festa do Vi\u00f1o do Pelete en Covelo, San Crist\u00f3bal na Lama, San Benito en Verducido, San Joaqu\u00edn e Santa Ana na Lama, a Virxe de Guadalupe nos Prados, a Virxe de Lourdes en Barbeira, Santiago Ap\u00f3stolo en Antas, A Virxe do Rosario en Gaxate, San Lourenzo en Li\u00f1ares, Los \u00c1ngeles no Peso, a Virxe da Saleta en Cambeses, Santa Ana na Barcia, A Virxe das Ermidas en Antas, San Lourenzo en Escuadra, San Bartolome en Seixido, etc.<\/p>\n\n\n\n<p>As\u00ed mesmo todos os anos cel\u00e9brase a festa gastron\u00f3mica do Codillo na mesma parroquia da Lama e no ver\u00e1n a Semana Cultural.<\/p>\n\n\n\n<p><em>Estamos nun ano convulso cunha pandemia mundial que nos obrigou a refuxiarnos nas nosas casas, a non ter vida social m\u00e1is al\u00f3 que cos nosos conviventes e a ter que esquecernos de todas as festas, romar\u00edas, verbenas ou eventos gastron\u00f3micos que tanto nos gustan aos galegos e galegas. Esperemos que este ver\u00e1n poida ser algo diferente e pouco a pouco podamos retomar a nosa vida social e volver a celebrar todas estas marabillosas festas que tan ben definen \u00e1 cultura do noso pa\u00eds e as vidas de nosos veci\u00f1os e veci\u00f1as.<\/em><\/p>\n","protected":false},"excerpt":{"rendered":"<div class=\"mh-excerpt\"><p>Galicia \u00e9 un fermoso pa\u00eds tal como describ\u00eda Castelao na s\u00faa inmortal \u201cAlba de Gloria\u201d :\u201ddesde as chairas de Lugo inzadas de bidueiros at\u00e9 as r\u00edas de Pontevedra, cheas de pi\u00f1eirais\u201d. Tam\u00e9n o interior da naci\u00f3n galega ofrece paraxes m\u00e1xicas, de beleza superlativa, nas que \u00e9 posible sentir o acougo do aloumi\u00f1o lene das fragas limpas e dos r\u00edos inmortais que dan vida \u00e1s verdes chairas como o sangue nos d\u00e1 a vida a n\u00f3s mesmos <a class=\"mh-excerpt-more\" href=\"https:\/\/www.anovapeneira.gal\/index.php\/2021\/06\/09\/os-principais-atractivios-turisticos-do-concello-de-a-lama\/\" title=\"A maxia da Galicia interior\">[&#8230;]<\/a><\/p>\n<\/div>","protected":false},"author":17,"featured_media":5532,"comment_status":"open","ping_status":"open","sticky":false,"template":"","format":"standard","meta":{"_exactmetrics_skip_tracking":false,"_exactmetrics_sitenote_active":false,"_exactmetrics_sitenote_note":"","_exactmetrics_sitenote_category":0,"footnotes":""},"categories":[494],"tags":[],"class_list":{"0":"post-5531","1":"post","2":"type-post","3":"status-publish","4":"format-standard","5":"has-post-thumbnail","7":"category-pontevedra-reportaxes"},"yoast_head":"<!-- This site is optimized with the Yoast SEO plugin v27.4 - https:\/\/yoast.com\/product\/yoast-seo-wordpress\/ -->\n<title>A maxia da Galicia interior -<\/title>\n<meta name=\"description\" content=\"Galicia \u00e9 un fermoso pa\u00eds tal como describ\u00eda Castelao na s\u00faa inmortal \u201cAlba de Gloria\u201d :\u201ddesde as chairas de Lugo inzadas de bidueiros at\u00e9 as r\u00edas de Pontevedra, cheas de pi\u00f1eirais\u201d. Tam\u00e9n o interior da naci\u00f3n galega ofrece paraxes m\u00e1xicas, de beleza superlativa, nas que \u00e9 posible sentir o acougo do aloumi\u00f1o lene das fragas limpas e dos r\u00edos inmortais que dan vida \u00e1s verdes chairas como o sangue nos d\u00e1 a vida a n\u00f3s mesmos\" \/>\n<meta name=\"robots\" content=\"index, follow, max-snippet:-1, max-image-preview:large, max-video-preview:-1\" \/>\n<link rel=\"canonical\" href=\"https:\/\/www.anovapeneira.gal\/index.php\/2021\/06\/09\/os-principais-atractivios-turisticos-do-concello-de-a-lama\/\" \/>\n<meta property=\"og:locale\" content=\"gl_ES\" \/>\n<meta property=\"og:type\" content=\"article\" \/>\n<meta property=\"og:title\" content=\"A maxia da Galicia interior -\" \/>\n<meta property=\"og:description\" content=\"Galicia \u00e9 un fermoso pa\u00eds tal como describ\u00eda Castelao na s\u00faa inmortal \u201cAlba de Gloria\u201d :\u201ddesde as chairas de Lugo inzadas de bidueiros at\u00e9 as r\u00edas de Pontevedra, cheas de pi\u00f1eirais\u201d. Tam\u00e9n o interior da naci\u00f3n galega ofrece paraxes m\u00e1xicas, de beleza superlativa, nas que \u00e9 posible sentir o acougo do aloumi\u00f1o lene das fragas limpas e dos r\u00edos inmortais que dan vida \u00e1s verdes chairas como o sangue nos d\u00e1 a vida a n\u00f3s mesmos\" \/>\n<meta property=\"og:url\" content=\"https:\/\/www.anovapeneira.gal\/index.php\/2021\/06\/09\/os-principais-atractivios-turisticos-do-concello-de-a-lama\/\" \/>\n<meta property=\"article:publisher\" content=\"https:\/\/www.facebook.com\/anovapeneira\" \/>\n<meta property=\"article:published_time\" content=\"2021-06-09T08:00:30+00:00\" \/>\n<meta property=\"og:image\" content=\"https:\/\/www.anovapeneira.gal\/wp-content\/uploads\/2021\/06\/concello_da_lama.jpg\" \/>\n\t<meta property=\"og:image:width\" content=\"720\" \/>\n\t<meta property=\"og:image:height\" content=\"432\" \/>\n\t<meta property=\"og:image:type\" content=\"image\/jpeg\" \/>\n<meta name=\"author\" content=\"G. Figueiredo\" \/>\n<meta name=\"twitter:card\" content=\"summary_large_image\" \/>\n<meta name=\"twitter:creator\" content=\"@APeneira\" \/>\n<meta name=\"twitter:site\" content=\"@APeneira\" \/>\n<meta name=\"twitter:label1\" content=\"Escrito por\" \/>\n\t<meta name=\"twitter:data1\" content=\"G. Figueiredo\" \/>\n\t<meta name=\"twitter:label2\" content=\"Tempo de lectura\" \/>\n\t<meta name=\"twitter:data2\" content=\"15 minutos\" \/>\n<script type=\"application\/ld+json\" class=\"yoast-schema-graph\">{\"@context\":\"https:\\\/\\\/schema.org\",\"@graph\":[{\"@type\":\"Article\",\"@id\":\"https:\\\/\\\/www.anovapeneira.gal\\\/index.php\\\/2021\\\/06\\\/09\\\/os-principais-atractivios-turisticos-do-concello-de-a-lama\\\/#article\",\"isPartOf\":{\"@id\":\"https:\\\/\\\/www.anovapeneira.gal\\\/index.php\\\/2021\\\/06\\\/09\\\/os-principais-atractivios-turisticos-do-concello-de-a-lama\\\/\"},\"author\":{\"name\":\"G. Figueiredo\",\"@id\":\"https:\\\/\\\/www.anovapeneira.gal\\\/#\\\/schema\\\/person\\\/42f904d7cac80cf3f5a31494dd82a9b6\"},\"headline\":\"A maxia da Galicia interior\",\"datePublished\":\"2021-06-09T08:00:30+00:00\",\"mainEntityOfPage\":{\"@id\":\"https:\\\/\\\/www.anovapeneira.gal\\\/index.php\\\/2021\\\/06\\\/09\\\/os-principais-atractivios-turisticos-do-concello-de-a-lama\\\/\"},\"wordCount\":2822,\"commentCount\":0,\"publisher\":{\"@id\":\"https:\\\/\\\/www.anovapeneira.gal\\\/#organization\"},\"image\":{\"@id\":\"https:\\\/\\\/www.anovapeneira.gal\\\/index.php\\\/2021\\\/06\\\/09\\\/os-principais-atractivios-turisticos-do-concello-de-a-lama\\\/#primaryimage\"},\"thumbnailUrl\":\"https:\\\/\\\/www.anovapeneira.gal\\\/wp-content\\\/uploads\\\/2021\\\/06\\\/concello_da_lama.jpg\",\"articleSection\":[\"Pontevedra\"],\"inLanguage\":\"gl-ES\",\"potentialAction\":[{\"@type\":\"CommentAction\",\"name\":\"Comment\",\"target\":[\"https:\\\/\\\/www.anovapeneira.gal\\\/index.php\\\/2021\\\/06\\\/09\\\/os-principais-atractivios-turisticos-do-concello-de-a-lama\\\/#respond\"]}]},{\"@type\":\"WebPage\",\"@id\":\"https:\\\/\\\/www.anovapeneira.gal\\\/index.php\\\/2021\\\/06\\\/09\\\/os-principais-atractivios-turisticos-do-concello-de-a-lama\\\/\",\"url\":\"https:\\\/\\\/www.anovapeneira.gal\\\/index.php\\\/2021\\\/06\\\/09\\\/os-principais-atractivios-turisticos-do-concello-de-a-lama\\\/\",\"name\":\"A maxia da Galicia interior -\",\"isPartOf\":{\"@id\":\"https:\\\/\\\/www.anovapeneira.gal\\\/#website\"},\"primaryImageOfPage\":{\"@id\":\"https:\\\/\\\/www.anovapeneira.gal\\\/index.php\\\/2021\\\/06\\\/09\\\/os-principais-atractivios-turisticos-do-concello-de-a-lama\\\/#primaryimage\"},\"image\":{\"@id\":\"https:\\\/\\\/www.anovapeneira.gal\\\/index.php\\\/2021\\\/06\\\/09\\\/os-principais-atractivios-turisticos-do-concello-de-a-lama\\\/#primaryimage\"},\"thumbnailUrl\":\"https:\\\/\\\/www.anovapeneira.gal\\\/wp-content\\\/uploads\\\/2021\\\/06\\\/concello_da_lama.jpg\",\"datePublished\":\"2021-06-09T08:00:30+00:00\",\"description\":\"Galicia \u00e9 un fermoso pa\u00eds tal como describ\u00eda Castelao na s\u00faa inmortal \u201cAlba de Gloria\u201d :\u201ddesde as chairas de Lugo inzadas de bidueiros at\u00e9 as r\u00edas de Pontevedra, cheas de pi\u00f1eirais\u201d. Tam\u00e9n o interior da naci\u00f3n galega ofrece paraxes m\u00e1xicas, de beleza superlativa, nas que \u00e9 posible sentir o acougo do aloumi\u00f1o lene das fragas limpas e dos r\u00edos inmortais que dan vida \u00e1s verdes chairas como o sangue nos d\u00e1 a vida a n\u00f3s mesmos\",\"breadcrumb\":{\"@id\":\"https:\\\/\\\/www.anovapeneira.gal\\\/index.php\\\/2021\\\/06\\\/09\\\/os-principais-atractivios-turisticos-do-concello-de-a-lama\\\/#breadcrumb\"},\"inLanguage\":\"gl-ES\",\"potentialAction\":[{\"@type\":\"ReadAction\",\"target\":[\"https:\\\/\\\/www.anovapeneira.gal\\\/index.php\\\/2021\\\/06\\\/09\\\/os-principais-atractivios-turisticos-do-concello-de-a-lama\\\/\"]}]},{\"@type\":\"ImageObject\",\"inLanguage\":\"gl-ES\",\"@id\":\"https:\\\/\\\/www.anovapeneira.gal\\\/index.php\\\/2021\\\/06\\\/09\\\/os-principais-atractivios-turisticos-do-concello-de-a-lama\\\/#primaryimage\",\"url\":\"https:\\\/\\\/www.anovapeneira.gal\\\/wp-content\\\/uploads\\\/2021\\\/06\\\/concello_da_lama.jpg\",\"contentUrl\":\"https:\\\/\\\/www.anovapeneira.gal\\\/wp-content\\\/uploads\\\/2021\\\/06\\\/concello_da_lama.jpg\",\"width\":720,\"height\":432,\"caption\":\"Cocello da Lama\"},{\"@type\":\"BreadcrumbList\",\"@id\":\"https:\\\/\\\/www.anovapeneira.gal\\\/index.php\\\/2021\\\/06\\\/09\\\/os-principais-atractivios-turisticos-do-concello-de-a-lama\\\/#breadcrumb\",\"itemListElement\":[{\"@type\":\"ListItem\",\"position\":1,\"name\":\"Portada\",\"item\":\"https:\\\/\\\/www.anovapeneira.gal\\\/\"},{\"@type\":\"ListItem\",\"position\":2,\"name\":\"A maxia da Galicia interior\"}]},{\"@type\":\"WebSite\",\"@id\":\"https:\\\/\\\/www.anovapeneira.gal\\\/#website\",\"url\":\"https:\\\/\\\/www.anovapeneira.gal\\\/\",\"name\":\"\",\"description\":\"Xornal galego de informaci\u00f3n xeral Publicaci\u00f3n mensual de novas de Galicia e en especial dos Concellos da sur da provincia de Pontevedra.\",\"publisher\":{\"@id\":\"https:\\\/\\\/www.anovapeneira.gal\\\/#organization\"},\"potentialAction\":[{\"@type\":\"SearchAction\",\"target\":{\"@type\":\"EntryPoint\",\"urlTemplate\":\"https:\\\/\\\/www.anovapeneira.gal\\\/?s={search_term_string}\"},\"query-input\":{\"@type\":\"PropertyValueSpecification\",\"valueRequired\":true,\"valueName\":\"search_term_string\"}}],\"inLanguage\":\"gl-ES\"},{\"@type\":\"Organization\",\"@id\":\"https:\\\/\\\/www.anovapeneira.gal\\\/#organization\",\"name\":\"A Nova Peneira\",\"url\":\"https:\\\/\\\/www.anovapeneira.gal\\\/\",\"logo\":{\"@type\":\"ImageObject\",\"inLanguage\":\"gl-ES\",\"@id\":\"https:\\\/\\\/www.anovapeneira.gal\\\/#\\\/schema\\\/logo\\\/image\\\/\",\"url\":\"http:\\\/\\\/www.anovapeneira.gal\\\/wp-content\\\/uploads\\\/2019\\\/06\\\/logo_a_nova_peneira_portal_web.png\",\"contentUrl\":\"http:\\\/\\\/www.anovapeneira.gal\\\/wp-content\\\/uploads\\\/2019\\\/06\\\/logo_a_nova_peneira_portal_web.png\",\"width\":300,\"height\":100,\"caption\":\"A Nova Peneira\"},\"image\":{\"@id\":\"https:\\\/\\\/www.anovapeneira.gal\\\/#\\\/schema\\\/logo\\\/image\\\/\"},\"sameAs\":[\"https:\\\/\\\/www.facebook.com\\\/anovapeneira\",\"https:\\\/\\\/x.com\\\/APeneira\"]},{\"@type\":\"Person\",\"@id\":\"https:\\\/\\\/www.anovapeneira.gal\\\/#\\\/schema\\\/person\\\/42f904d7cac80cf3f5a31494dd82a9b6\",\"name\":\"G. Figueiredo\",\"image\":{\"@type\":\"ImageObject\",\"inLanguage\":\"gl-ES\",\"@id\":\"https:\\\/\\\/secure.gravatar.com\\\/avatar\\\/2d970086688458e0398ef8b84f5cbb8cc1ec3ab115aeb8435135a9f556af97b3?s=96&d=mm&r=g\",\"url\":\"https:\\\/\\\/secure.gravatar.com\\\/avatar\\\/2d970086688458e0398ef8b84f5cbb8cc1ec3ab115aeb8435135a9f556af97b3?s=96&d=mm&r=g\",\"contentUrl\":\"https:\\\/\\\/secure.gravatar.com\\\/avatar\\\/2d970086688458e0398ef8b84f5cbb8cc1ec3ab115aeb8435135a9f556af97b3?s=96&d=mm&r=g\",\"caption\":\"G. Figueiredo\"},\"sameAs\":[\"http:\\\/\\\/www.anovapeneira.gal\\\/\"],\"url\":\"https:\\\/\\\/www.anovapeneira.gal\\\/index.php\\\/author\\\/g-figueiredo\\\/\"}]}<\/script>\n<!-- \/ Yoast SEO plugin. -->","yoast_head_json":{"title":"A maxia da Galicia interior -","description":"Galicia \u00e9 un fermoso pa\u00eds tal como describ\u00eda Castelao na s\u00faa inmortal \u201cAlba de Gloria\u201d :\u201ddesde as chairas de Lugo inzadas de bidueiros at\u00e9 as r\u00edas de Pontevedra, cheas de pi\u00f1eirais\u201d. Tam\u00e9n o interior da naci\u00f3n galega ofrece paraxes m\u00e1xicas, de beleza superlativa, nas que \u00e9 posible sentir o acougo do aloumi\u00f1o lene das fragas limpas e dos r\u00edos inmortais que dan vida \u00e1s verdes chairas como o sangue nos d\u00e1 a vida a n\u00f3s mesmos","robots":{"index":"index","follow":"follow","max-snippet":"max-snippet:-1","max-image-preview":"max-image-preview:large","max-video-preview":"max-video-preview:-1"},"canonical":"https:\/\/www.anovapeneira.gal\/index.php\/2021\/06\/09\/os-principais-atractivios-turisticos-do-concello-de-a-lama\/","og_locale":"gl_ES","og_type":"article","og_title":"A maxia da Galicia interior -","og_description":"Galicia \u00e9 un fermoso pa\u00eds tal como describ\u00eda Castelao na s\u00faa inmortal \u201cAlba de Gloria\u201d :\u201ddesde as chairas de Lugo inzadas de bidueiros at\u00e9 as r\u00edas de Pontevedra, cheas de pi\u00f1eirais\u201d. Tam\u00e9n o interior da naci\u00f3n galega ofrece paraxes m\u00e1xicas, de beleza superlativa, nas que \u00e9 posible sentir o acougo do aloumi\u00f1o lene das fragas limpas e dos r\u00edos inmortais que dan vida \u00e1s verdes chairas como o sangue nos d\u00e1 a vida a n\u00f3s mesmos","og_url":"https:\/\/www.anovapeneira.gal\/index.php\/2021\/06\/09\/os-principais-atractivios-turisticos-do-concello-de-a-lama\/","article_publisher":"https:\/\/www.facebook.com\/anovapeneira","article_published_time":"2021-06-09T08:00:30+00:00","og_image":[{"width":720,"height":432,"url":"https:\/\/www.anovapeneira.gal\/wp-content\/uploads\/2021\/06\/concello_da_lama.jpg","type":"image\/jpeg"}],"author":"G. Figueiredo","twitter_card":"summary_large_image","twitter_creator":"@APeneira","twitter_site":"@APeneira","twitter_misc":{"Escrito por":"G. Figueiredo","Tempo de lectura":"15 minutos"},"schema":{"@context":"https:\/\/schema.org","@graph":[{"@type":"Article","@id":"https:\/\/www.anovapeneira.gal\/index.php\/2021\/06\/09\/os-principais-atractivios-turisticos-do-concello-de-a-lama\/#article","isPartOf":{"@id":"https:\/\/www.anovapeneira.gal\/index.php\/2021\/06\/09\/os-principais-atractivios-turisticos-do-concello-de-a-lama\/"},"author":{"name":"G. Figueiredo","@id":"https:\/\/www.anovapeneira.gal\/#\/schema\/person\/42f904d7cac80cf3f5a31494dd82a9b6"},"headline":"A maxia da Galicia interior","datePublished":"2021-06-09T08:00:30+00:00","mainEntityOfPage":{"@id":"https:\/\/www.anovapeneira.gal\/index.php\/2021\/06\/09\/os-principais-atractivios-turisticos-do-concello-de-a-lama\/"},"wordCount":2822,"commentCount":0,"publisher":{"@id":"https:\/\/www.anovapeneira.gal\/#organization"},"image":{"@id":"https:\/\/www.anovapeneira.gal\/index.php\/2021\/06\/09\/os-principais-atractivios-turisticos-do-concello-de-a-lama\/#primaryimage"},"thumbnailUrl":"https:\/\/www.anovapeneira.gal\/wp-content\/uploads\/2021\/06\/concello_da_lama.jpg","articleSection":["Pontevedra"],"inLanguage":"gl-ES","potentialAction":[{"@type":"CommentAction","name":"Comment","target":["https:\/\/www.anovapeneira.gal\/index.php\/2021\/06\/09\/os-principais-atractivios-turisticos-do-concello-de-a-lama\/#respond"]}]},{"@type":"WebPage","@id":"https:\/\/www.anovapeneira.gal\/index.php\/2021\/06\/09\/os-principais-atractivios-turisticos-do-concello-de-a-lama\/","url":"https:\/\/www.anovapeneira.gal\/index.php\/2021\/06\/09\/os-principais-atractivios-turisticos-do-concello-de-a-lama\/","name":"A maxia da Galicia interior -","isPartOf":{"@id":"https:\/\/www.anovapeneira.gal\/#website"},"primaryImageOfPage":{"@id":"https:\/\/www.anovapeneira.gal\/index.php\/2021\/06\/09\/os-principais-atractivios-turisticos-do-concello-de-a-lama\/#primaryimage"},"image":{"@id":"https:\/\/www.anovapeneira.gal\/index.php\/2021\/06\/09\/os-principais-atractivios-turisticos-do-concello-de-a-lama\/#primaryimage"},"thumbnailUrl":"https:\/\/www.anovapeneira.gal\/wp-content\/uploads\/2021\/06\/concello_da_lama.jpg","datePublished":"2021-06-09T08:00:30+00:00","description":"Galicia \u00e9 un fermoso pa\u00eds tal como describ\u00eda Castelao na s\u00faa inmortal \u201cAlba de Gloria\u201d :\u201ddesde as chairas de Lugo inzadas de bidueiros at\u00e9 as r\u00edas de Pontevedra, cheas de pi\u00f1eirais\u201d. Tam\u00e9n o interior da naci\u00f3n galega ofrece paraxes m\u00e1xicas, de beleza superlativa, nas que \u00e9 posible sentir o acougo do aloumi\u00f1o lene das fragas limpas e dos r\u00edos inmortais que dan vida \u00e1s verdes chairas como o sangue nos d\u00e1 a vida a n\u00f3s mesmos","breadcrumb":{"@id":"https:\/\/www.anovapeneira.gal\/index.php\/2021\/06\/09\/os-principais-atractivios-turisticos-do-concello-de-a-lama\/#breadcrumb"},"inLanguage":"gl-ES","potentialAction":[{"@type":"ReadAction","target":["https:\/\/www.anovapeneira.gal\/index.php\/2021\/06\/09\/os-principais-atractivios-turisticos-do-concello-de-a-lama\/"]}]},{"@type":"ImageObject","inLanguage":"gl-ES","@id":"https:\/\/www.anovapeneira.gal\/index.php\/2021\/06\/09\/os-principais-atractivios-turisticos-do-concello-de-a-lama\/#primaryimage","url":"https:\/\/www.anovapeneira.gal\/wp-content\/uploads\/2021\/06\/concello_da_lama.jpg","contentUrl":"https:\/\/www.anovapeneira.gal\/wp-content\/uploads\/2021\/06\/concello_da_lama.jpg","width":720,"height":432,"caption":"Cocello da Lama"},{"@type":"BreadcrumbList","@id":"https:\/\/www.anovapeneira.gal\/index.php\/2021\/06\/09\/os-principais-atractivios-turisticos-do-concello-de-a-lama\/#breadcrumb","itemListElement":[{"@type":"ListItem","position":1,"name":"Portada","item":"https:\/\/www.anovapeneira.gal\/"},{"@type":"ListItem","position":2,"name":"A maxia da Galicia interior"}]},{"@type":"WebSite","@id":"https:\/\/www.anovapeneira.gal\/#website","url":"https:\/\/www.anovapeneira.gal\/","name":"","description":"Xornal galego de informaci\u00f3n xeral Publicaci\u00f3n mensual de novas de Galicia e en especial dos Concellos da sur da provincia de Pontevedra.","publisher":{"@id":"https:\/\/www.anovapeneira.gal\/#organization"},"potentialAction":[{"@type":"SearchAction","target":{"@type":"EntryPoint","urlTemplate":"https:\/\/www.anovapeneira.gal\/?s={search_term_string}"},"query-input":{"@type":"PropertyValueSpecification","valueRequired":true,"valueName":"search_term_string"}}],"inLanguage":"gl-ES"},{"@type":"Organization","@id":"https:\/\/www.anovapeneira.gal\/#organization","name":"A Nova Peneira","url":"https:\/\/www.anovapeneira.gal\/","logo":{"@type":"ImageObject","inLanguage":"gl-ES","@id":"https:\/\/www.anovapeneira.gal\/#\/schema\/logo\/image\/","url":"http:\/\/www.anovapeneira.gal\/wp-content\/uploads\/2019\/06\/logo_a_nova_peneira_portal_web.png","contentUrl":"http:\/\/www.anovapeneira.gal\/wp-content\/uploads\/2019\/06\/logo_a_nova_peneira_portal_web.png","width":300,"height":100,"caption":"A Nova Peneira"},"image":{"@id":"https:\/\/www.anovapeneira.gal\/#\/schema\/logo\/image\/"},"sameAs":["https:\/\/www.facebook.com\/anovapeneira","https:\/\/x.com\/APeneira"]},{"@type":"Person","@id":"https:\/\/www.anovapeneira.gal\/#\/schema\/person\/42f904d7cac80cf3f5a31494dd82a9b6","name":"G. Figueiredo","image":{"@type":"ImageObject","inLanguage":"gl-ES","@id":"https:\/\/secure.gravatar.com\/avatar\/2d970086688458e0398ef8b84f5cbb8cc1ec3ab115aeb8435135a9f556af97b3?s=96&d=mm&r=g","url":"https:\/\/secure.gravatar.com\/avatar\/2d970086688458e0398ef8b84f5cbb8cc1ec3ab115aeb8435135a9f556af97b3?s=96&d=mm&r=g","contentUrl":"https:\/\/secure.gravatar.com\/avatar\/2d970086688458e0398ef8b84f5cbb8cc1ec3ab115aeb8435135a9f556af97b3?s=96&d=mm&r=g","caption":"G. Figueiredo"},"sameAs":["http:\/\/www.anovapeneira.gal\/"],"url":"https:\/\/www.anovapeneira.gal\/index.php\/author\/g-figueiredo\/"}]}},"jetpack_featured_media_url":"https:\/\/www.anovapeneira.gal\/wp-content\/uploads\/2021\/06\/concello_da_lama.jpg","_links":{"self":[{"href":"https:\/\/www.anovapeneira.gal\/index.php\/wp-json\/wp\/v2\/posts\/5531","targetHints":{"allow":["GET"]}}],"collection":[{"href":"https:\/\/www.anovapeneira.gal\/index.php\/wp-json\/wp\/v2\/posts"}],"about":[{"href":"https:\/\/www.anovapeneira.gal\/index.php\/wp-json\/wp\/v2\/types\/post"}],"author":[{"embeddable":true,"href":"https:\/\/www.anovapeneira.gal\/index.php\/wp-json\/wp\/v2\/users\/17"}],"replies":[{"embeddable":true,"href":"https:\/\/www.anovapeneira.gal\/index.php\/wp-json\/wp\/v2\/comments?post=5531"}],"version-history":[{"count":11,"href":"https:\/\/www.anovapeneira.gal\/index.php\/wp-json\/wp\/v2\/posts\/5531\/revisions"}],"predecessor-version":[{"id":5561,"href":"https:\/\/www.anovapeneira.gal\/index.php\/wp-json\/wp\/v2\/posts\/5531\/revisions\/5561"}],"wp:featuredmedia":[{"embeddable":true,"href":"https:\/\/www.anovapeneira.gal\/index.php\/wp-json\/wp\/v2\/media\/5532"}],"wp:attachment":[{"href":"https:\/\/www.anovapeneira.gal\/index.php\/wp-json\/wp\/v2\/media?parent=5531"}],"wp:term":[{"taxonomy":"category","embeddable":true,"href":"https:\/\/www.anovapeneira.gal\/index.php\/wp-json\/wp\/v2\/categories?post=5531"},{"taxonomy":"post_tag","embeddable":true,"href":"https:\/\/www.anovapeneira.gal\/index.php\/wp-json\/wp\/v2\/tags?post=5531"}],"curies":[{"name":"wp","href":"https:\/\/api.w.org\/{rel}","templated":true}]}}