{"id":554,"date":"2019-07-19T23:05:19","date_gmt":"2019-07-19T21:05:19","guid":{"rendered":"http:\/\/www.anovapeneira.gal\/?p=554"},"modified":"2019-08-06T17:24:59","modified_gmt":"2019-08-06T15:24:59","slug":"senlua-arraiana-ao-sol-do-leste","status":"publish","type":"post","link":"https:\/\/www.anovapeneira.gal\/index.php\/2019\/07\/19\/senlua-arraiana-ao-sol-do-leste\/","title":{"rendered":"Senl\u00faa Arraiana: Ao sol do leste"},"content":{"rendered":"\n<figure class=\"wp-block-image is-resized\"><img loading=\"lazy\" decoding=\"async\" src=\"http:\/\/www.anovapeneira.gal\/wp-content\/uploads\/2019\/07\/cristobal_a_nova_peneira.jpg\" alt=\"Crist\u00f3bal L\u00f3pez A Nova Peneira\" class=\"wp-image-555\" width=\"95\" height=\"111\"\/><figcaption><em><strong> Crist\u00f3bal L\u00f3pez<\/strong><\/em><\/figcaption><\/figure>\n\n\n\n<p><em><strong>(Este fragmento do diario de Senl\u00faa Arraiana foi recuperado e adiantado ao noso tempo por Crist\u00f3bal L\u00f3pez, fiel camarada do av\u00f3 da lider da resistencia arraiana). <\/strong><\/em> <\/p>\n\n\n\n<p>Ch\u00e1mome\nSenl\u00faa e vivo na Raia. Nac\u00edn o d\u00eda que explotou a l\u00faa, o d\u00eda que\na Tripla Alianza a fixo anacos para mudar a velocidade de rotaci\u00f3n\nda Terra. Adecuando a rotaci\u00f3n  ao tempo de translaci\u00f3n ao redor do\nsol medio planeta quedou mergullado nunha eterna e x\u00e9lida noite ao\nresgardo dos devastadores raios solares. \n<\/p>\n\n\n\n<p>A vida no\nplaneta foi reducida a un h\u00e1lito coa asoballadora vaga de maremotos\ne corrementos tect\u00f3nicos que provocou a detonaci\u00f3n simult\u00e1nea da\nL\u00faa e dos dous polos da Terra. A operaci\u00f3n a\u00ednda as\u00ed foi un\n\u00e9xito, a vida persistiu. O x\u00e9nero humano eludiu a extinci\u00f3n \u00e1 que\nestaba abocado polos efectos do cambio clim\u00e1tico.<\/p>\n\n\n\n<figure class=\"wp-block-image\"><img loading=\"lazy\" decoding=\"async\" width=\"218\" height=\"218\" src=\"http:\/\/www.anovapeneira.gal\/wp-content\/uploads\/2019\/07\/senlua.jpg\" alt=\"Senl\u00faa Arraiana A Nova Peneira\" class=\"wp-image-556\" srcset=\"https:\/\/www.anovapeneira.gal\/wp-content\/uploads\/2019\/07\/senlua.jpg 218w, https:\/\/www.anovapeneira.gal\/wp-content\/uploads\/2019\/07\/senlua-150x150.jpg 150w\" sizes=\"auto, (max-width: 218px) 100vw, 218px\" \/><\/figure>\n\n\n\n<p>Cando a\ntemperatura media do planeta superou os 40 graos celsius a vida\nconverteuse nun luxo s\u00f3 ao alcance dos pa\u00edses m\u00e1is ricos. Unha\nd\u00e9cada m\u00e1is tarde cunha poboaci\u00f3n dezmada ano tras ano a Tripla\nAlianza, formada pola OTAN, a Federaci\u00f3n Rusa e China, executou a\noperaci\u00f3n Salvar a Gea.<\/p>\n\n\n\n<p>O meu pai\nsempre abxuraba da Tripe Alianza, duns gobernos que en cuesti\u00f3ns de\nsemanas puxeron en marcha a arriscada operaci\u00f3n pero que durante\ns\u00e9culo e medio pola s\u00faa cobiza e ambici\u00f3n desmedida foron\nincapaces de ir m\u00e1is al\u00f3 dos titulares grandilocuentes e de\nc\u00f3nclaves est\u00e9riles para reducir a emisi\u00f3n de CO2 e reverter o\ncalentamento global. Nembargantes meu pai deixouse a vida constru\u00edndo\nao servizo da Tripe Alianza unha nova sociedade sobre as cinzas.\nA\u00ednda emb\u00e1rgame a dor cando lembro o d\u00eda que o meu pai esgotado\npolo esforzo de anos tomouse un respiro para contemplar a s\u00faa\nid\u00edlica sociedade, foi tan grande a s\u00faa decepci\u00f3n que sen mediar\npalabra botou a andar e inmolouse perseguindo o sol do oeste. \n<\/p>\n\n\n\n<p>O\nacoplamento da rotaci\u00f3n \u00e1 translaci\u00f3n non resultou perfecto. Un\npequeno desfase entre ambos movementos fac\u00eda que a devastaci\u00f3n\nsolar avanzara polo leste a un ritmo de 218 m por d\u00eda. Os efectos\ndesta asincron\u00eda foron a principal eiva para edificar unha nova\nsociedade a semellanza da imaxinada pola conciencia ecosocialista\ndespertada como unha epifan\u00eda colectiva entre os superviventes.<\/p>\n\n\n\n<p>O permanente\nestado de excepci\u00f3n desta sociedade n\u00f3made fixo que a desexada\nsolidariedade entre iguais dexenerara nunha obediencia cega \u00e1 casta\ndominante herdada dos gobernos que integraban a Tripla Alianza. \n<\/p>\n\n\n\n<p>Este\ncondicionamento masivo da conduta foi produto da inestabilidade\nprovocada pola continuo estado en movemento da poboaci\u00f3n para\nmanterse dentro da franxa de terra onde unicamente florec\u00eda a vida.\nUnha estreita franxa entre a zona x\u00e9lida central da cara escura da\nTerra e a raia do sol po\u00f1ente do oeste. A medida que retrocede o sol\ndo oeste e a terra arrefr\u00eda, esta \u00e9 colonizada pola sociedade\ncolmea da Tripla Alianza. \n<\/p>\n\n\n\n<p>A mi\u00f1a nai,\na\u00ednda hoxe, rep\u00edteme como unha letan\u00eda a lecci\u00f3n vital que\nrematou coa vida do meu pai. Segundo ela para non esquecernos nunca\nde levantar a cabeza de vez en cando e tomar perspectiva para\nrepensarnos. \n<\/p>\n\n\n\n<p>Vivimos como\nproscritas na raia do sol nacente. No angosto espazo entre Mortefr\u00eda,\na escura e x\u00e9lida zona central, e a zona tormentosa que precede ao\navance do devastador sol do leste. Somos arraianas, somos a\nresistencia e a cada avance somos m\u00e1is. \n<\/p>\n\n\n\n<p>A Colmea\nexpulsa automaticamente a calquera individuo que te\u00f1a o atrevemento\nde pensar e opinar por si mesmo cuestionando a cadea de mando. Son\ndesterrados e abandonados \u00e1 s\u00faa sorte na x\u00e9lida zona escura. Os\npoucos que sobreviven a longa noite de Mortefr\u00eda son rescatados por\nn\u00f3s para que se unan aos arraianos ou queden a morrer calcinados\npolo sol do leste. \n<\/p>\n\n\n\n<p>As\u00ed\nmorreron os meus av\u00f3s, entregaron as s\u00faas vidas ao sol nacente na\nprimeira purga decretada pola Tripla Alianza. D\u00faas vidas por cada\nfamilia foi a cota para minguar a poboaci\u00f3n ante a escaseza de\nalimentos. Miles de voluntarios entregaron as s\u00faas vidas, daquela\na\u00ednda exist\u00edan os lazos familiares e os individuos ti\u00f1an vontade\npropia. Agora na Colmea a reproduci\u00f3n est\u00e1 totalmente controlada e\ndeshumanizada, os fillos nacen sen pa\u00eds. \n<\/p>\n\n\n\n<p>Onte\nchegamos ao lugar onde meus av\u00f3s se inmolaron por n\u00f3s. Corenta anos\ndespois, tras unha volta completa ao planeta neste eterno \u00e9xodo pola\nerma terra estamos de novo aqu\u00ed no val dos cinco outeiros onde se\nfundou o pobo arraiano.  Hai corenta anos meus av\u00f3s extenuados\nxaceron ao p\u00e9 deste outeiro agardando o despiadado sol nacente pero\nantes sementaron o xerme da disidencia entre os patibularios m\u00e1is\nxoves. Comin\u00e1ronlles a loitar pola s\u00faa vida, a adaptarse para\nsobrevivir nesta \u00e1rida e ind\u00f3mita terra coa permanente ameaza do\nsol do leste. Consegu\u00edrono e agora somos m\u00e1is fortes. \n<\/p>\n\n\n\n<p>Antes de\ndespedirse, o meu av\u00f3 contoume unha historia de cando el era mozo, a\nterra a\u00ednda era verde con mares e r\u00edos e a l\u00faa asomaba de noite.\nContoume como el xunto cos comuneiros da s\u00faa parroquia loitaron\ncontra a cobiza e ambici\u00f3n desmedida para impedir a devastaci\u00f3n dos\nseus montes comunais. Contoume como se deron miles destas pelexas por\ntodo o planeta e que se non se perderan a inmensa maior\u00eda a historia\nrecente non estar\u00eda escrita con lume e sangue. Advertiume das mil\nformas que ten o poder da cobiza de corromper \u00e1s persoas para que\npor unhas migallas sentencien \u00e1 s\u00faa propia proxenie ao averno.\nContoume como alg\u00fans cargos p\u00fablicos carec\u00edan de l\u00edmites \u00e9ticos\ne que provistos dunha ambici\u00f3n desmedida non dubidaban en enganar e\nenfrontar \u00e1 veci\u00f1anza dos seus pobos para acadar os seus prop\u00f3sitos\nen detrimento do ben com\u00fan. O que dar\u00edamos hoxe por ter un anaco\ndese monte verde e azul onde a vida se perpet\u00faa, moitas xa s\u00f3 o\npodemos so\u00f1ar ou albiscar polos relatos dos nosos antergos pero\nnunca o veremos. \n<\/p>\n\n\n\n<p>Soa a\nsirena, a temperatura exterior supera os 50 graos hai que p\u00f3rse en\nmovemento, toca avance. Ma\u00f1\u00e1 continuarei coa nosa historia porque\nsei que un d\u00eda seremos lexi\u00f3n e mudaremos as cousas. \n<\/p>\n","protected":false},"excerpt":{"rendered":"<div class=\"mh-excerpt\"><p>(Este fragmento do diario de Senl\u00faa Arraiana foi recuperado e adiantado ao noso tempo por Crist\u00f3bal L\u00f3pez, fiel camarada do av\u00f3 da lider da resistencia arraiana <a class=\"mh-excerpt-more\" href=\"https:\/\/www.anovapeneira.gal\/index.php\/2019\/07\/19\/senlua-arraiana-ao-sol-do-leste\/\" title=\"Senl\u00faa Arraiana: Ao sol do leste\">[&#8230;]<\/a><\/p>\n<\/div>","protected":false},"author":13,"featured_media":557,"comment_status":"open","ping_status":"open","sticky":false,"template":"","format":"standard","meta":{"_exactmetrics_skip_tracking":false,"_exactmetrics_sitenote_active":false,"_exactmetrics_sitenote_note":"","_exactmetrics_sitenote_category":0,"footnotes":""},"categories":[7],"tags":[234,236,235],"class_list":{"0":"post-554","1":"post","2":"type-post","3":"status-publish","4":"format-standard","5":"has-post-thumbnail","7":"category-artigos-de-opinion","8":"tag-cristobal-lopez","9":"tag-resistencia-arraiana","10":"tag-senlua-arraiana"},"yoast_head":"<!-- This site is optimized with the Yoast SEO plugin v27.4 - https:\/\/yoast.com\/product\/yoast-seo-wordpress\/ -->\n<title>Senl\u00faa Arraiana: Ao sol do leste -<\/title>\n<meta name=\"robots\" content=\"index, follow, max-snippet:-1, max-image-preview:large, max-video-preview:-1\" \/>\n<link rel=\"canonical\" href=\"https:\/\/www.anovapeneira.gal\/index.php\/2019\/07\/19\/senlua-arraiana-ao-sol-do-leste\/\" \/>\n<meta property=\"og:locale\" content=\"gl_ES\" \/>\n<meta property=\"og:type\" content=\"article\" \/>\n<meta property=\"og:title\" content=\"Senl\u00faa Arraiana: Ao sol do leste -\" \/>\n<meta property=\"og:description\" content=\"(Este fragmento do diario de Senl\u00faa Arraiana foi recuperado e adiantado ao noso tempo por Crist\u00f3bal L\u00f3pez, fiel camarada do av\u00f3 da lider da resistencia arraiana [...]\" \/>\n<meta property=\"og:url\" content=\"https:\/\/www.anovapeneira.gal\/index.php\/2019\/07\/19\/senlua-arraiana-ao-sol-do-leste\/\" \/>\n<meta property=\"article:publisher\" content=\"https:\/\/www.facebook.com\/anovapeneira\" \/>\n<meta property=\"article:published_time\" content=\"2019-07-19T21:05:19+00:00\" \/>\n<meta property=\"article:modified_time\" content=\"2019-08-06T15:24:59+00:00\" \/>\n<meta property=\"og:image\" content=\"https:\/\/www.anovapeneira.gal\/wp-content\/uploads\/2019\/07\/Ao-sol-do-leste_a_nova_peneira.jpg\" \/>\n\t<meta property=\"og:image:width\" content=\"720\" \/>\n\t<meta property=\"og:image:height\" content=\"473\" \/>\n\t<meta property=\"og:image:type\" content=\"image\/jpeg\" \/>\n<meta name=\"author\" content=\"Cristobal L\u00f3pez\" \/>\n<meta name=\"twitter:card\" content=\"summary_large_image\" \/>\n<meta name=\"twitter:creator\" content=\"@APeneira\" \/>\n<meta name=\"twitter:site\" content=\"@APeneira\" \/>\n<meta name=\"twitter:label1\" content=\"Escrito por\" \/>\n\t<meta name=\"twitter:data1\" content=\"Cristobal L\u00f3pez\" \/>\n\t<meta name=\"twitter:label2\" content=\"Tempo de lectura\" \/>\n\t<meta name=\"twitter:data2\" content=\"6 minutos\" \/>\n<script type=\"application\/ld+json\" class=\"yoast-schema-graph\">{\"@context\":\"https:\\\/\\\/schema.org\",\"@graph\":[{\"@type\":\"Article\",\"@id\":\"https:\\\/\\\/www.anovapeneira.gal\\\/index.php\\\/2019\\\/07\\\/19\\\/senlua-arraiana-ao-sol-do-leste\\\/#article\",\"isPartOf\":{\"@id\":\"https:\\\/\\\/www.anovapeneira.gal\\\/index.php\\\/2019\\\/07\\\/19\\\/senlua-arraiana-ao-sol-do-leste\\\/\"},\"author\":{\"name\":\"Cristobal L\u00f3pez\",\"@id\":\"https:\\\/\\\/www.anovapeneira.gal\\\/#\\\/schema\\\/person\\\/45b3df2338e4d898b7616809f9c5906c\"},\"headline\":\"Senl\u00faa Arraiana: Ao sol do leste\",\"datePublished\":\"2019-07-19T21:05:19+00:00\",\"dateModified\":\"2019-08-06T15:24:59+00:00\",\"mainEntityOfPage\":{\"@id\":\"https:\\\/\\\/www.anovapeneira.gal\\\/index.php\\\/2019\\\/07\\\/19\\\/senlua-arraiana-ao-sol-do-leste\\\/\"},\"wordCount\":1108,\"commentCount\":0,\"publisher\":{\"@id\":\"https:\\\/\\\/www.anovapeneira.gal\\\/#organization\"},\"image\":{\"@id\":\"https:\\\/\\\/www.anovapeneira.gal\\\/index.php\\\/2019\\\/07\\\/19\\\/senlua-arraiana-ao-sol-do-leste\\\/#primaryimage\"},\"thumbnailUrl\":\"https:\\\/\\\/www.anovapeneira.gal\\\/wp-content\\\/uploads\\\/2019\\\/07\\\/Ao-sol-do-leste_a_nova_peneira.jpg\",\"keywords\":[\"Crist\u00f3bal L\u00f3pez\",\"Resistencia arraiana\",\"Senl\u00faa Arraiana\"],\"articleSection\":[\"Artigos de opini\u00f3n\"],\"inLanguage\":\"gl-ES\",\"potentialAction\":[{\"@type\":\"CommentAction\",\"name\":\"Comment\",\"target\":[\"https:\\\/\\\/www.anovapeneira.gal\\\/index.php\\\/2019\\\/07\\\/19\\\/senlua-arraiana-ao-sol-do-leste\\\/#respond\"]}]},{\"@type\":\"WebPage\",\"@id\":\"https:\\\/\\\/www.anovapeneira.gal\\\/index.php\\\/2019\\\/07\\\/19\\\/senlua-arraiana-ao-sol-do-leste\\\/\",\"url\":\"https:\\\/\\\/www.anovapeneira.gal\\\/index.php\\\/2019\\\/07\\\/19\\\/senlua-arraiana-ao-sol-do-leste\\\/\",\"name\":\"Senl\u00faa Arraiana: Ao sol do leste -\",\"isPartOf\":{\"@id\":\"https:\\\/\\\/www.anovapeneira.gal\\\/#website\"},\"primaryImageOfPage\":{\"@id\":\"https:\\\/\\\/www.anovapeneira.gal\\\/index.php\\\/2019\\\/07\\\/19\\\/senlua-arraiana-ao-sol-do-leste\\\/#primaryimage\"},\"image\":{\"@id\":\"https:\\\/\\\/www.anovapeneira.gal\\\/index.php\\\/2019\\\/07\\\/19\\\/senlua-arraiana-ao-sol-do-leste\\\/#primaryimage\"},\"thumbnailUrl\":\"https:\\\/\\\/www.anovapeneira.gal\\\/wp-content\\\/uploads\\\/2019\\\/07\\\/Ao-sol-do-leste_a_nova_peneira.jpg\",\"datePublished\":\"2019-07-19T21:05:19+00:00\",\"dateModified\":\"2019-08-06T15:24:59+00:00\",\"breadcrumb\":{\"@id\":\"https:\\\/\\\/www.anovapeneira.gal\\\/index.php\\\/2019\\\/07\\\/19\\\/senlua-arraiana-ao-sol-do-leste\\\/#breadcrumb\"},\"inLanguage\":\"gl-ES\",\"potentialAction\":[{\"@type\":\"ReadAction\",\"target\":[\"https:\\\/\\\/www.anovapeneira.gal\\\/index.php\\\/2019\\\/07\\\/19\\\/senlua-arraiana-ao-sol-do-leste\\\/\"]}]},{\"@type\":\"ImageObject\",\"inLanguage\":\"gl-ES\",\"@id\":\"https:\\\/\\\/www.anovapeneira.gal\\\/index.php\\\/2019\\\/07\\\/19\\\/senlua-arraiana-ao-sol-do-leste\\\/#primaryimage\",\"url\":\"https:\\\/\\\/www.anovapeneira.gal\\\/wp-content\\\/uploads\\\/2019\\\/07\\\/Ao-sol-do-leste_a_nova_peneira.jpg\",\"contentUrl\":\"https:\\\/\\\/www.anovapeneira.gal\\\/wp-content\\\/uploads\\\/2019\\\/07\\\/Ao-sol-do-leste_a_nova_peneira.jpg\",\"width\":720,\"height\":473,\"caption\":\"Ao sol do leste A Nova Peneira\"},{\"@type\":\"BreadcrumbList\",\"@id\":\"https:\\\/\\\/www.anovapeneira.gal\\\/index.php\\\/2019\\\/07\\\/19\\\/senlua-arraiana-ao-sol-do-leste\\\/#breadcrumb\",\"itemListElement\":[{\"@type\":\"ListItem\",\"position\":1,\"name\":\"Portada\",\"item\":\"https:\\\/\\\/www.anovapeneira.gal\\\/\"},{\"@type\":\"ListItem\",\"position\":2,\"name\":\"Senl\u00faa Arraiana: Ao sol do leste\"}]},{\"@type\":\"WebSite\",\"@id\":\"https:\\\/\\\/www.anovapeneira.gal\\\/#website\",\"url\":\"https:\\\/\\\/www.anovapeneira.gal\\\/\",\"name\":\"\",\"description\":\"Xornal galego de informaci\u00f3n xeral Publicaci\u00f3n mensual de novas de Galicia e en especial dos Concellos da sur da provincia de Pontevedra.\",\"publisher\":{\"@id\":\"https:\\\/\\\/www.anovapeneira.gal\\\/#organization\"},\"potentialAction\":[{\"@type\":\"SearchAction\",\"target\":{\"@type\":\"EntryPoint\",\"urlTemplate\":\"https:\\\/\\\/www.anovapeneira.gal\\\/?s={search_term_string}\"},\"query-input\":{\"@type\":\"PropertyValueSpecification\",\"valueRequired\":true,\"valueName\":\"search_term_string\"}}],\"inLanguage\":\"gl-ES\"},{\"@type\":\"Organization\",\"@id\":\"https:\\\/\\\/www.anovapeneira.gal\\\/#organization\",\"name\":\"A Nova Peneira\",\"url\":\"https:\\\/\\\/www.anovapeneira.gal\\\/\",\"logo\":{\"@type\":\"ImageObject\",\"inLanguage\":\"gl-ES\",\"@id\":\"https:\\\/\\\/www.anovapeneira.gal\\\/#\\\/schema\\\/logo\\\/image\\\/\",\"url\":\"http:\\\/\\\/www.anovapeneira.gal\\\/wp-content\\\/uploads\\\/2019\\\/06\\\/logo_a_nova_peneira_portal_web.png\",\"contentUrl\":\"http:\\\/\\\/www.anovapeneira.gal\\\/wp-content\\\/uploads\\\/2019\\\/06\\\/logo_a_nova_peneira_portal_web.png\",\"width\":300,\"height\":100,\"caption\":\"A Nova Peneira\"},\"image\":{\"@id\":\"https:\\\/\\\/www.anovapeneira.gal\\\/#\\\/schema\\\/logo\\\/image\\\/\"},\"sameAs\":[\"https:\\\/\\\/www.facebook.com\\\/anovapeneira\",\"https:\\\/\\\/x.com\\\/APeneira\"]},{\"@type\":\"Person\",\"@id\":\"https:\\\/\\\/www.anovapeneira.gal\\\/#\\\/schema\\\/person\\\/45b3df2338e4d898b7616809f9c5906c\",\"name\":\"Cristobal L\u00f3pez\",\"image\":{\"@type\":\"ImageObject\",\"inLanguage\":\"gl-ES\",\"@id\":\"https:\\\/\\\/secure.gravatar.com\\\/avatar\\\/b537cf06ef8166c9ef72b09f4d5f6446b1e22ea99505d94e40b8685710482f79?s=96&d=mm&r=g\",\"url\":\"https:\\\/\\\/secure.gravatar.com\\\/avatar\\\/b537cf06ef8166c9ef72b09f4d5f6446b1e22ea99505d94e40b8685710482f79?s=96&d=mm&r=g\",\"contentUrl\":\"https:\\\/\\\/secure.gravatar.com\\\/avatar\\\/b537cf06ef8166c9ef72b09f4d5f6446b1e22ea99505d94e40b8685710482f79?s=96&d=mm&r=g\",\"caption\":\"Cristobal L\u00f3pez\"},\"sameAs\":[\"http:\\\/\\\/anovapeneira.gal\"],\"url\":\"https:\\\/\\\/www.anovapeneira.gal\\\/index.php\\\/author\\\/opinioncristoballopez\\\/\"}]}<\/script>\n<!-- \/ Yoast SEO plugin. -->","yoast_head_json":{"title":"Senl\u00faa Arraiana: Ao sol do leste -","robots":{"index":"index","follow":"follow","max-snippet":"max-snippet:-1","max-image-preview":"max-image-preview:large","max-video-preview":"max-video-preview:-1"},"canonical":"https:\/\/www.anovapeneira.gal\/index.php\/2019\/07\/19\/senlua-arraiana-ao-sol-do-leste\/","og_locale":"gl_ES","og_type":"article","og_title":"Senl\u00faa Arraiana: Ao sol do leste -","og_description":"(Este fragmento do diario de Senl\u00faa Arraiana foi recuperado e adiantado ao noso tempo por Crist\u00f3bal L\u00f3pez, fiel camarada do av\u00f3 da lider da resistencia arraiana [...]","og_url":"https:\/\/www.anovapeneira.gal\/index.php\/2019\/07\/19\/senlua-arraiana-ao-sol-do-leste\/","article_publisher":"https:\/\/www.facebook.com\/anovapeneira","article_published_time":"2019-07-19T21:05:19+00:00","article_modified_time":"2019-08-06T15:24:59+00:00","og_image":[{"width":720,"height":473,"url":"https:\/\/www.anovapeneira.gal\/wp-content\/uploads\/2019\/07\/Ao-sol-do-leste_a_nova_peneira.jpg","type":"image\/jpeg"}],"author":"Cristobal L\u00f3pez","twitter_card":"summary_large_image","twitter_creator":"@APeneira","twitter_site":"@APeneira","twitter_misc":{"Escrito por":"Cristobal L\u00f3pez","Tempo de lectura":"6 minutos"},"schema":{"@context":"https:\/\/schema.org","@graph":[{"@type":"Article","@id":"https:\/\/www.anovapeneira.gal\/index.php\/2019\/07\/19\/senlua-arraiana-ao-sol-do-leste\/#article","isPartOf":{"@id":"https:\/\/www.anovapeneira.gal\/index.php\/2019\/07\/19\/senlua-arraiana-ao-sol-do-leste\/"},"author":{"name":"Cristobal L\u00f3pez","@id":"https:\/\/www.anovapeneira.gal\/#\/schema\/person\/45b3df2338e4d898b7616809f9c5906c"},"headline":"Senl\u00faa Arraiana: Ao sol do leste","datePublished":"2019-07-19T21:05:19+00:00","dateModified":"2019-08-06T15:24:59+00:00","mainEntityOfPage":{"@id":"https:\/\/www.anovapeneira.gal\/index.php\/2019\/07\/19\/senlua-arraiana-ao-sol-do-leste\/"},"wordCount":1108,"commentCount":0,"publisher":{"@id":"https:\/\/www.anovapeneira.gal\/#organization"},"image":{"@id":"https:\/\/www.anovapeneira.gal\/index.php\/2019\/07\/19\/senlua-arraiana-ao-sol-do-leste\/#primaryimage"},"thumbnailUrl":"https:\/\/www.anovapeneira.gal\/wp-content\/uploads\/2019\/07\/Ao-sol-do-leste_a_nova_peneira.jpg","keywords":["Crist\u00f3bal L\u00f3pez","Resistencia arraiana","Senl\u00faa Arraiana"],"articleSection":["Artigos de opini\u00f3n"],"inLanguage":"gl-ES","potentialAction":[{"@type":"CommentAction","name":"Comment","target":["https:\/\/www.anovapeneira.gal\/index.php\/2019\/07\/19\/senlua-arraiana-ao-sol-do-leste\/#respond"]}]},{"@type":"WebPage","@id":"https:\/\/www.anovapeneira.gal\/index.php\/2019\/07\/19\/senlua-arraiana-ao-sol-do-leste\/","url":"https:\/\/www.anovapeneira.gal\/index.php\/2019\/07\/19\/senlua-arraiana-ao-sol-do-leste\/","name":"Senl\u00faa Arraiana: Ao sol do leste -","isPartOf":{"@id":"https:\/\/www.anovapeneira.gal\/#website"},"primaryImageOfPage":{"@id":"https:\/\/www.anovapeneira.gal\/index.php\/2019\/07\/19\/senlua-arraiana-ao-sol-do-leste\/#primaryimage"},"image":{"@id":"https:\/\/www.anovapeneira.gal\/index.php\/2019\/07\/19\/senlua-arraiana-ao-sol-do-leste\/#primaryimage"},"thumbnailUrl":"https:\/\/www.anovapeneira.gal\/wp-content\/uploads\/2019\/07\/Ao-sol-do-leste_a_nova_peneira.jpg","datePublished":"2019-07-19T21:05:19+00:00","dateModified":"2019-08-06T15:24:59+00:00","breadcrumb":{"@id":"https:\/\/www.anovapeneira.gal\/index.php\/2019\/07\/19\/senlua-arraiana-ao-sol-do-leste\/#breadcrumb"},"inLanguage":"gl-ES","potentialAction":[{"@type":"ReadAction","target":["https:\/\/www.anovapeneira.gal\/index.php\/2019\/07\/19\/senlua-arraiana-ao-sol-do-leste\/"]}]},{"@type":"ImageObject","inLanguage":"gl-ES","@id":"https:\/\/www.anovapeneira.gal\/index.php\/2019\/07\/19\/senlua-arraiana-ao-sol-do-leste\/#primaryimage","url":"https:\/\/www.anovapeneira.gal\/wp-content\/uploads\/2019\/07\/Ao-sol-do-leste_a_nova_peneira.jpg","contentUrl":"https:\/\/www.anovapeneira.gal\/wp-content\/uploads\/2019\/07\/Ao-sol-do-leste_a_nova_peneira.jpg","width":720,"height":473,"caption":"Ao sol do leste A Nova Peneira"},{"@type":"BreadcrumbList","@id":"https:\/\/www.anovapeneira.gal\/index.php\/2019\/07\/19\/senlua-arraiana-ao-sol-do-leste\/#breadcrumb","itemListElement":[{"@type":"ListItem","position":1,"name":"Portada","item":"https:\/\/www.anovapeneira.gal\/"},{"@type":"ListItem","position":2,"name":"Senl\u00faa Arraiana: Ao sol do leste"}]},{"@type":"WebSite","@id":"https:\/\/www.anovapeneira.gal\/#website","url":"https:\/\/www.anovapeneira.gal\/","name":"","description":"Xornal galego de informaci\u00f3n xeral Publicaci\u00f3n mensual de novas de Galicia e en especial dos Concellos da sur da provincia de Pontevedra.","publisher":{"@id":"https:\/\/www.anovapeneira.gal\/#organization"},"potentialAction":[{"@type":"SearchAction","target":{"@type":"EntryPoint","urlTemplate":"https:\/\/www.anovapeneira.gal\/?s={search_term_string}"},"query-input":{"@type":"PropertyValueSpecification","valueRequired":true,"valueName":"search_term_string"}}],"inLanguage":"gl-ES"},{"@type":"Organization","@id":"https:\/\/www.anovapeneira.gal\/#organization","name":"A Nova Peneira","url":"https:\/\/www.anovapeneira.gal\/","logo":{"@type":"ImageObject","inLanguage":"gl-ES","@id":"https:\/\/www.anovapeneira.gal\/#\/schema\/logo\/image\/","url":"http:\/\/www.anovapeneira.gal\/wp-content\/uploads\/2019\/06\/logo_a_nova_peneira_portal_web.png","contentUrl":"http:\/\/www.anovapeneira.gal\/wp-content\/uploads\/2019\/06\/logo_a_nova_peneira_portal_web.png","width":300,"height":100,"caption":"A Nova Peneira"},"image":{"@id":"https:\/\/www.anovapeneira.gal\/#\/schema\/logo\/image\/"},"sameAs":["https:\/\/www.facebook.com\/anovapeneira","https:\/\/x.com\/APeneira"]},{"@type":"Person","@id":"https:\/\/www.anovapeneira.gal\/#\/schema\/person\/45b3df2338e4d898b7616809f9c5906c","name":"Cristobal L\u00f3pez","image":{"@type":"ImageObject","inLanguage":"gl-ES","@id":"https:\/\/secure.gravatar.com\/avatar\/b537cf06ef8166c9ef72b09f4d5f6446b1e22ea99505d94e40b8685710482f79?s=96&d=mm&r=g","url":"https:\/\/secure.gravatar.com\/avatar\/b537cf06ef8166c9ef72b09f4d5f6446b1e22ea99505d94e40b8685710482f79?s=96&d=mm&r=g","contentUrl":"https:\/\/secure.gravatar.com\/avatar\/b537cf06ef8166c9ef72b09f4d5f6446b1e22ea99505d94e40b8685710482f79?s=96&d=mm&r=g","caption":"Cristobal L\u00f3pez"},"sameAs":["http:\/\/anovapeneira.gal"],"url":"https:\/\/www.anovapeneira.gal\/index.php\/author\/opinioncristoballopez\/"}]}},"jetpack_featured_media_url":"https:\/\/www.anovapeneira.gal\/wp-content\/uploads\/2019\/07\/Ao-sol-do-leste_a_nova_peneira.jpg","_links":{"self":[{"href":"https:\/\/www.anovapeneira.gal\/index.php\/wp-json\/wp\/v2\/posts\/554","targetHints":{"allow":["GET"]}}],"collection":[{"href":"https:\/\/www.anovapeneira.gal\/index.php\/wp-json\/wp\/v2\/posts"}],"about":[{"href":"https:\/\/www.anovapeneira.gal\/index.php\/wp-json\/wp\/v2\/types\/post"}],"author":[{"embeddable":true,"href":"https:\/\/www.anovapeneira.gal\/index.php\/wp-json\/wp\/v2\/users\/13"}],"replies":[{"embeddable":true,"href":"https:\/\/www.anovapeneira.gal\/index.php\/wp-json\/wp\/v2\/comments?post=554"}],"version-history":[{"count":2,"href":"https:\/\/www.anovapeneira.gal\/index.php\/wp-json\/wp\/v2\/posts\/554\/revisions"}],"predecessor-version":[{"id":705,"href":"https:\/\/www.anovapeneira.gal\/index.php\/wp-json\/wp\/v2\/posts\/554\/revisions\/705"}],"wp:featuredmedia":[{"embeddable":true,"href":"https:\/\/www.anovapeneira.gal\/index.php\/wp-json\/wp\/v2\/media\/557"}],"wp:attachment":[{"href":"https:\/\/www.anovapeneira.gal\/index.php\/wp-json\/wp\/v2\/media?parent=554"}],"wp:term":[{"taxonomy":"category","embeddable":true,"href":"https:\/\/www.anovapeneira.gal\/index.php\/wp-json\/wp\/v2\/categories?post=554"},{"taxonomy":"post_tag","embeddable":true,"href":"https:\/\/www.anovapeneira.gal\/index.php\/wp-json\/wp\/v2\/tags?post=554"}],"curies":[{"name":"wp","href":"https:\/\/api.w.org\/{rel}","templated":true}]}}