{"id":5563,"date":"2021-06-09T12:00:03","date_gmt":"2021-06-09T10:00:03","guid":{"rendered":"http:\/\/www.anovapeneira.gal\/?p=5563"},"modified":"2021-06-07T11:30:27","modified_gmt":"2021-06-07T09:30:27","slug":"as-usuarias-e-usuarios-do-programa-integrado-de-emprego-da-asociacion-de-empresarios-de-redondela-preparanse-para-desenvolver-as-suas-soft-skills","status":"publish","type":"post","link":"https:\/\/www.anovapeneira.gal\/index.php\/2021\/06\/09\/as-usuarias-e-usuarios-do-programa-integrado-de-emprego-da-asociacion-de-empresarios-de-redondela-preparanse-para-desenvolver-as-suas-soft-skills\/","title":{"rendered":"As usuarias e usuarios do programa integrado de emprego da asociaci\u00f3n de empresarios de redondela preparanse para desenvolver as s\u00faas Soft Skills"},"content":{"rendered":"\n<h4 class=\"wp-block-heading\"><strong>A conferencia celebrada de forma presencial, con aforo limitado, no Pazo de Santa Teresa tam\u00e9n poido ser seguida online e contou coa participaci\u00f3n de 50 persoas.&nbsp;<\/strong><\/h4>\n\n\n\n<p><strong>Redondela, 4 de xu\u00f1o de 2021<\/strong><\/p>\n\n\n\n<p>Entre os relatores contamos coa presencia de\u00a0<a href=\"https:\/\/www.linkedin.com\/in\/pedrorodriguezcastro\/\"><strong>Pedro Rodr\u00edguez<\/strong><\/a>,consultor, formador, adestrador e relator en habilidades socio laborais e <a href=\"https:\/\/www.linkedin.com\/in\/joaquingonzalezfranco\/\"><strong>Joaqu\u00edn Franco<\/strong><\/a>, consultor en proxectos de formaci\u00f3n, especialmente vinculado ao \u00e1mbito tecnol\u00f3xico e docente en habilidades socio laborais.<\/p>\n\n\n\n<p>A formaci\u00f3n en Habilidades Brandas (<strong>soft skills<\/strong>) na procura da mellora da empregabilidade estase a converter nunha ferramenta b\u00e1sica para desenvolverse no mercado laboral motivo polo que dende o programa de emprego da Asociaci\u00f3n de Empresarios de Redondela realizamos esta conferencia dirixida \u00e1s persoas participantes no programa co obxectivo de espertar o seu interese por profundar no desenvolvemento destas competencias nas que se traballar\u00e1 de forma pr\u00e1ctica ao longo da vindeiras semanas.<\/p>\n\n\n\n<p>As acci\u00f3ns desenvolvidas ata o momento enfocadas ao traballo curricular e a definici\u00f3n dos obxectivos profesionais individuais das persoas usuarias est\u00e1n acadando&nbsp;<strong>resultados moi positivos acadando porcentaxes de contrataci\u00f3n superiores xa ao 40%<\/strong>das persoas usuarias coa que se continuar\u00e1 traballando para consolidar a s\u00faa inserci\u00f3n as\u00ed como a do resto de participantes no programa.<\/p>\n","protected":false},"excerpt":{"rendered":"<div class=\"mh-excerpt\"><p>A conferencia celebrada de forma presencial, con aforo limitado, no Pazo de Santa Teresa tam\u00e9n poido ser seguida online e contou coa participaci\u00f3n de 50 persoas <a class=\"mh-excerpt-more\" href=\"https:\/\/www.anovapeneira.gal\/index.php\/2021\/06\/09\/as-usuarias-e-usuarios-do-programa-integrado-de-emprego-da-asociacion-de-empresarios-de-redondela-preparanse-para-desenvolver-as-suas-soft-skills\/\" title=\"As usuarias e usuarios do programa integrado de emprego da asociaci\u00f3n de empresarios de redondela preparanse para desenvolver as s\u00faas Soft Skills\">[&#8230;]<\/a><\/p>\n<\/div>","protected":false},"author":3,"featured_media":5565,"comment_status":"open","ping_status":"open","sticky":false,"template":"","format":"standard","meta":{"_exactmetrics_skip_tracking":false,"_exactmetrics_sitenote_active":false,"_exactmetrics_sitenote_note":"","_exactmetrics_sitenote_category":0,"footnotes":""},"categories":[24],"tags":[171],"class_list":{"0":"post-5563","1":"post","2":"type-post","3":"status-publish","4":"format-standard","5":"has-post-thumbnail","7":"category-redondela","8":"tag-concello-de-redondela"},"yoast_head":"<!-- This site is optimized with the Yoast SEO plugin v27.4 - https:\/\/yoast.com\/product\/yoast-seo-wordpress\/ -->\n<title>As usuarias e usuarios do programa integrado de emprego da asociaci\u00f3n de empresarios de redondela preparanse para desenvolver as s\u00faas Soft Skills -<\/title>\n<meta name=\"description\" content=\"A conferencia celebrada de forma presencial, con aforo limitado, no Pazo de Santa Teresa tam\u00e9n poido ser seguida online e contou coa participaci\u00f3n de 50 persoas\" \/>\n<meta name=\"robots\" content=\"index, follow, max-snippet:-1, max-image-preview:large, max-video-preview:-1\" \/>\n<link rel=\"canonical\" href=\"https:\/\/www.anovapeneira.gal\/index.php\/2021\/06\/09\/as-usuarias-e-usuarios-do-programa-integrado-de-emprego-da-asociacion-de-empresarios-de-redondela-preparanse-para-desenvolver-as-suas-soft-skills\/\" \/>\n<meta property=\"og:locale\" content=\"gl_ES\" \/>\n<meta property=\"og:type\" content=\"article\" \/>\n<meta property=\"og:title\" content=\"As usuarias e usuarios do programa integrado de emprego da asociaci\u00f3n de empresarios de redondela preparanse para desenvolver as s\u00faas Soft Skills -\" \/>\n<meta property=\"og:description\" content=\"A conferencia celebrada de forma presencial, con aforo limitado, no Pazo de Santa Teresa tam\u00e9n poido ser seguida online e contou coa participaci\u00f3n de 50 persoas\" \/>\n<meta property=\"og:url\" content=\"https:\/\/www.anovapeneira.gal\/index.php\/2021\/06\/09\/as-usuarias-e-usuarios-do-programa-integrado-de-emprego-da-asociacion-de-empresarios-de-redondela-preparanse-para-desenvolver-as-suas-soft-skills\/\" \/>\n<meta property=\"article:publisher\" content=\"https:\/\/www.facebook.com\/anovapeneira\" \/>\n<meta property=\"article:published_time\" content=\"2021-06-09T10:00:03+00:00\" \/>\n<meta property=\"og:image\" content=\"https:\/\/www.anovapeneira.gal\/wp-content\/uploads\/2021\/06\/soft_skills_redondela.jpg\" \/>\n\t<meta property=\"og:image:width\" content=\"720\" \/>\n\t<meta property=\"og:image:height\" content=\"432\" \/>\n\t<meta property=\"og:image:type\" content=\"image\/jpeg\" \/>\n<meta name=\"author\" content=\"Redacci\u00f3n A Nova Peneira\" \/>\n<meta name=\"twitter:card\" content=\"summary_large_image\" \/>\n<meta name=\"twitter:creator\" content=\"@APeneira\" \/>\n<meta name=\"twitter:site\" content=\"@APeneira\" \/>\n<meta name=\"twitter:label1\" content=\"Escrito por\" \/>\n\t<meta name=\"twitter:data1\" content=\"Redacci\u00f3n A Nova Peneira\" \/>\n\t<meta name=\"twitter:label2\" content=\"Tempo de lectura\" \/>\n\t<meta name=\"twitter:data2\" content=\"1 minuto\" \/>\n<script type=\"application\/ld+json\" class=\"yoast-schema-graph\">{\"@context\":\"https:\\\/\\\/schema.org\",\"@graph\":[{\"@type\":\"Article\",\"@id\":\"https:\\\/\\\/www.anovapeneira.gal\\\/index.php\\\/2021\\\/06\\\/09\\\/as-usuarias-e-usuarios-do-programa-integrado-de-emprego-da-asociacion-de-empresarios-de-redondela-preparanse-para-desenvolver-as-suas-soft-skills\\\/#article\",\"isPartOf\":{\"@id\":\"https:\\\/\\\/www.anovapeneira.gal\\\/index.php\\\/2021\\\/06\\\/09\\\/as-usuarias-e-usuarios-do-programa-integrado-de-emprego-da-asociacion-de-empresarios-de-redondela-preparanse-para-desenvolver-as-suas-soft-skills\\\/\"},\"author\":{\"name\":\"Redacci\u00f3n A Nova Peneira\",\"@id\":\"https:\\\/\\\/www.anovapeneira.gal\\\/#\\\/schema\\\/person\\\/b93e3f8932e3f8da96334607eb6ac6aa\"},\"headline\":\"As usuarias e usuarios do programa integrado de emprego da asociaci\u00f3n de empresarios de redondela preparanse para desenvolver as s\u00faas Soft Skills\",\"datePublished\":\"2021-06-09T10:00:03+00:00\",\"mainEntityOfPage\":{\"@id\":\"https:\\\/\\\/www.anovapeneira.gal\\\/index.php\\\/2021\\\/06\\\/09\\\/as-usuarias-e-usuarios-do-programa-integrado-de-emprego-da-asociacion-de-empresarios-de-redondela-preparanse-para-desenvolver-as-suas-soft-skills\\\/\"},\"wordCount\":235,\"commentCount\":0,\"publisher\":{\"@id\":\"https:\\\/\\\/www.anovapeneira.gal\\\/#organization\"},\"image\":{\"@id\":\"https:\\\/\\\/www.anovapeneira.gal\\\/index.php\\\/2021\\\/06\\\/09\\\/as-usuarias-e-usuarios-do-programa-integrado-de-emprego-da-asociacion-de-empresarios-de-redondela-preparanse-para-desenvolver-as-suas-soft-skills\\\/#primaryimage\"},\"thumbnailUrl\":\"https:\\\/\\\/www.anovapeneira.gal\\\/wp-content\\\/uploads\\\/2021\\\/06\\\/soft_skills_redondela.jpg\",\"keywords\":[\"Concello de Redondela\"],\"articleSection\":[\"Redondela\"],\"inLanguage\":\"gl-ES\",\"potentialAction\":[{\"@type\":\"CommentAction\",\"name\":\"Comment\",\"target\":[\"https:\\\/\\\/www.anovapeneira.gal\\\/index.php\\\/2021\\\/06\\\/09\\\/as-usuarias-e-usuarios-do-programa-integrado-de-emprego-da-asociacion-de-empresarios-de-redondela-preparanse-para-desenvolver-as-suas-soft-skills\\\/#respond\"]}]},{\"@type\":\"WebPage\",\"@id\":\"https:\\\/\\\/www.anovapeneira.gal\\\/index.php\\\/2021\\\/06\\\/09\\\/as-usuarias-e-usuarios-do-programa-integrado-de-emprego-da-asociacion-de-empresarios-de-redondela-preparanse-para-desenvolver-as-suas-soft-skills\\\/\",\"url\":\"https:\\\/\\\/www.anovapeneira.gal\\\/index.php\\\/2021\\\/06\\\/09\\\/as-usuarias-e-usuarios-do-programa-integrado-de-emprego-da-asociacion-de-empresarios-de-redondela-preparanse-para-desenvolver-as-suas-soft-skills\\\/\",\"name\":\"As usuarias e usuarios do programa integrado de emprego da asociaci\u00f3n de empresarios de redondela preparanse para desenvolver as s\u00faas Soft Skills -\",\"isPartOf\":{\"@id\":\"https:\\\/\\\/www.anovapeneira.gal\\\/#website\"},\"primaryImageOfPage\":{\"@id\":\"https:\\\/\\\/www.anovapeneira.gal\\\/index.php\\\/2021\\\/06\\\/09\\\/as-usuarias-e-usuarios-do-programa-integrado-de-emprego-da-asociacion-de-empresarios-de-redondela-preparanse-para-desenvolver-as-suas-soft-skills\\\/#primaryimage\"},\"image\":{\"@id\":\"https:\\\/\\\/www.anovapeneira.gal\\\/index.php\\\/2021\\\/06\\\/09\\\/as-usuarias-e-usuarios-do-programa-integrado-de-emprego-da-asociacion-de-empresarios-de-redondela-preparanse-para-desenvolver-as-suas-soft-skills\\\/#primaryimage\"},\"thumbnailUrl\":\"https:\\\/\\\/www.anovapeneira.gal\\\/wp-content\\\/uploads\\\/2021\\\/06\\\/soft_skills_redondela.jpg\",\"datePublished\":\"2021-06-09T10:00:03+00:00\",\"description\":\"A conferencia celebrada de forma presencial, con aforo limitado, no Pazo de Santa Teresa tam\u00e9n poido ser seguida online e contou coa participaci\u00f3n de 50 persoas\",\"breadcrumb\":{\"@id\":\"https:\\\/\\\/www.anovapeneira.gal\\\/index.php\\\/2021\\\/06\\\/09\\\/as-usuarias-e-usuarios-do-programa-integrado-de-emprego-da-asociacion-de-empresarios-de-redondela-preparanse-para-desenvolver-as-suas-soft-skills\\\/#breadcrumb\"},\"inLanguage\":\"gl-ES\",\"potentialAction\":[{\"@type\":\"ReadAction\",\"target\":[\"https:\\\/\\\/www.anovapeneira.gal\\\/index.php\\\/2021\\\/06\\\/09\\\/as-usuarias-e-usuarios-do-programa-integrado-de-emprego-da-asociacion-de-empresarios-de-redondela-preparanse-para-desenvolver-as-suas-soft-skills\\\/\"]}]},{\"@type\":\"ImageObject\",\"inLanguage\":\"gl-ES\",\"@id\":\"https:\\\/\\\/www.anovapeneira.gal\\\/index.php\\\/2021\\\/06\\\/09\\\/as-usuarias-e-usuarios-do-programa-integrado-de-emprego-da-asociacion-de-empresarios-de-redondela-preparanse-para-desenvolver-as-suas-soft-skills\\\/#primaryimage\",\"url\":\"https:\\\/\\\/www.anovapeneira.gal\\\/wp-content\\\/uploads\\\/2021\\\/06\\\/soft_skills_redondela.jpg\",\"contentUrl\":\"https:\\\/\\\/www.anovapeneira.gal\\\/wp-content\\\/uploads\\\/2021\\\/06\\\/soft_skills_redondela.jpg\",\"width\":720,\"height\":432,\"caption\":\"Soft Skills Concello de Redondela\"},{\"@type\":\"BreadcrumbList\",\"@id\":\"https:\\\/\\\/www.anovapeneira.gal\\\/index.php\\\/2021\\\/06\\\/09\\\/as-usuarias-e-usuarios-do-programa-integrado-de-emprego-da-asociacion-de-empresarios-de-redondela-preparanse-para-desenvolver-as-suas-soft-skills\\\/#breadcrumb\",\"itemListElement\":[{\"@type\":\"ListItem\",\"position\":1,\"name\":\"Portada\",\"item\":\"https:\\\/\\\/www.anovapeneira.gal\\\/\"},{\"@type\":\"ListItem\",\"position\":2,\"name\":\"As usuarias e usuarios do programa integrado de emprego da asociaci\u00f3n de empresarios de redondela preparanse para desenvolver as s\u00faas Soft Skills\"}]},{\"@type\":\"WebSite\",\"@id\":\"https:\\\/\\\/www.anovapeneira.gal\\\/#website\",\"url\":\"https:\\\/\\\/www.anovapeneira.gal\\\/\",\"name\":\"\",\"description\":\"Xornal galego de informaci\u00f3n xeral Publicaci\u00f3n mensual de novas de Galicia e en especial dos Concellos da sur da provincia de Pontevedra.\",\"publisher\":{\"@id\":\"https:\\\/\\\/www.anovapeneira.gal\\\/#organization\"},\"potentialAction\":[{\"@type\":\"SearchAction\",\"target\":{\"@type\":\"EntryPoint\",\"urlTemplate\":\"https:\\\/\\\/www.anovapeneira.gal\\\/?s={search_term_string}\"},\"query-input\":{\"@type\":\"PropertyValueSpecification\",\"valueRequired\":true,\"valueName\":\"search_term_string\"}}],\"inLanguage\":\"gl-ES\"},{\"@type\":\"Organization\",\"@id\":\"https:\\\/\\\/www.anovapeneira.gal\\\/#organization\",\"name\":\"A Nova Peneira\",\"url\":\"https:\\\/\\\/www.anovapeneira.gal\\\/\",\"logo\":{\"@type\":\"ImageObject\",\"inLanguage\":\"gl-ES\",\"@id\":\"https:\\\/\\\/www.anovapeneira.gal\\\/#\\\/schema\\\/logo\\\/image\\\/\",\"url\":\"http:\\\/\\\/www.anovapeneira.gal\\\/wp-content\\\/uploads\\\/2019\\\/06\\\/logo_a_nova_peneira_portal_web.png\",\"contentUrl\":\"http:\\\/\\\/www.anovapeneira.gal\\\/wp-content\\\/uploads\\\/2019\\\/06\\\/logo_a_nova_peneira_portal_web.png\",\"width\":300,\"height\":100,\"caption\":\"A Nova Peneira\"},\"image\":{\"@id\":\"https:\\\/\\\/www.anovapeneira.gal\\\/#\\\/schema\\\/logo\\\/image\\\/\"},\"sameAs\":[\"https:\\\/\\\/www.facebook.com\\\/anovapeneira\",\"https:\\\/\\\/x.com\\\/APeneira\"]},{\"@type\":\"Person\",\"@id\":\"https:\\\/\\\/www.anovapeneira.gal\\\/#\\\/schema\\\/person\\\/b93e3f8932e3f8da96334607eb6ac6aa\",\"name\":\"Redacci\u00f3n A Nova Peneira\",\"image\":{\"@type\":\"ImageObject\",\"inLanguage\":\"gl-ES\",\"@id\":\"https:\\\/\\\/secure.gravatar.com\\\/avatar\\\/c052a2551a06e23fac63626232eaa90abd78dbcf1700fc46a2b2c89fd27b735f?s=96&d=mm&r=g\",\"url\":\"https:\\\/\\\/secure.gravatar.com\\\/avatar\\\/c052a2551a06e23fac63626232eaa90abd78dbcf1700fc46a2b2c89fd27b735f?s=96&d=mm&r=g\",\"contentUrl\":\"https:\\\/\\\/secure.gravatar.com\\\/avatar\\\/c052a2551a06e23fac63626232eaa90abd78dbcf1700fc46a2b2c89fd27b735f?s=96&d=mm&r=g\",\"caption\":\"Redacci\u00f3n A Nova Peneira\"},\"sameAs\":[\"http:\\\/\\\/www.anovapeneira.gal\\\/\"],\"url\":\"https:\\\/\\\/www.anovapeneira.gal\\\/index.php\\\/author\\\/redactor\\\/\"}]}<\/script>\n<!-- \/ Yoast SEO plugin. -->","yoast_head_json":{"title":"As usuarias e usuarios do programa integrado de emprego da asociaci\u00f3n de empresarios de redondela preparanse para desenvolver as s\u00faas Soft Skills -","description":"A conferencia celebrada de forma presencial, con aforo limitado, no Pazo de Santa Teresa tam\u00e9n poido ser seguida online e contou coa participaci\u00f3n de 50 persoas","robots":{"index":"index","follow":"follow","max-snippet":"max-snippet:-1","max-image-preview":"max-image-preview:large","max-video-preview":"max-video-preview:-1"},"canonical":"https:\/\/www.anovapeneira.gal\/index.php\/2021\/06\/09\/as-usuarias-e-usuarios-do-programa-integrado-de-emprego-da-asociacion-de-empresarios-de-redondela-preparanse-para-desenvolver-as-suas-soft-skills\/","og_locale":"gl_ES","og_type":"article","og_title":"As usuarias e usuarios do programa integrado de emprego da asociaci\u00f3n de empresarios de redondela preparanse para desenvolver as s\u00faas Soft Skills -","og_description":"A conferencia celebrada de forma presencial, con aforo limitado, no Pazo de Santa Teresa tam\u00e9n poido ser seguida online e contou coa participaci\u00f3n de 50 persoas","og_url":"https:\/\/www.anovapeneira.gal\/index.php\/2021\/06\/09\/as-usuarias-e-usuarios-do-programa-integrado-de-emprego-da-asociacion-de-empresarios-de-redondela-preparanse-para-desenvolver-as-suas-soft-skills\/","article_publisher":"https:\/\/www.facebook.com\/anovapeneira","article_published_time":"2021-06-09T10:00:03+00:00","og_image":[{"width":720,"height":432,"url":"https:\/\/www.anovapeneira.gal\/wp-content\/uploads\/2021\/06\/soft_skills_redondela.jpg","type":"image\/jpeg"}],"author":"Redacci\u00f3n A Nova Peneira","twitter_card":"summary_large_image","twitter_creator":"@APeneira","twitter_site":"@APeneira","twitter_misc":{"Escrito por":"Redacci\u00f3n A Nova Peneira","Tempo de lectura":"1 minuto"},"schema":{"@context":"https:\/\/schema.org","@graph":[{"@type":"Article","@id":"https:\/\/www.anovapeneira.gal\/index.php\/2021\/06\/09\/as-usuarias-e-usuarios-do-programa-integrado-de-emprego-da-asociacion-de-empresarios-de-redondela-preparanse-para-desenvolver-as-suas-soft-skills\/#article","isPartOf":{"@id":"https:\/\/www.anovapeneira.gal\/index.php\/2021\/06\/09\/as-usuarias-e-usuarios-do-programa-integrado-de-emprego-da-asociacion-de-empresarios-de-redondela-preparanse-para-desenvolver-as-suas-soft-skills\/"},"author":{"name":"Redacci\u00f3n A Nova Peneira","@id":"https:\/\/www.anovapeneira.gal\/#\/schema\/person\/b93e3f8932e3f8da96334607eb6ac6aa"},"headline":"As usuarias e usuarios do programa integrado de emprego da asociaci\u00f3n de empresarios de redondela preparanse para desenvolver as s\u00faas Soft Skills","datePublished":"2021-06-09T10:00:03+00:00","mainEntityOfPage":{"@id":"https:\/\/www.anovapeneira.gal\/index.php\/2021\/06\/09\/as-usuarias-e-usuarios-do-programa-integrado-de-emprego-da-asociacion-de-empresarios-de-redondela-preparanse-para-desenvolver-as-suas-soft-skills\/"},"wordCount":235,"commentCount":0,"publisher":{"@id":"https:\/\/www.anovapeneira.gal\/#organization"},"image":{"@id":"https:\/\/www.anovapeneira.gal\/index.php\/2021\/06\/09\/as-usuarias-e-usuarios-do-programa-integrado-de-emprego-da-asociacion-de-empresarios-de-redondela-preparanse-para-desenvolver-as-suas-soft-skills\/#primaryimage"},"thumbnailUrl":"https:\/\/www.anovapeneira.gal\/wp-content\/uploads\/2021\/06\/soft_skills_redondela.jpg","keywords":["Concello de Redondela"],"articleSection":["Redondela"],"inLanguage":"gl-ES","potentialAction":[{"@type":"CommentAction","name":"Comment","target":["https:\/\/www.anovapeneira.gal\/index.php\/2021\/06\/09\/as-usuarias-e-usuarios-do-programa-integrado-de-emprego-da-asociacion-de-empresarios-de-redondela-preparanse-para-desenvolver-as-suas-soft-skills\/#respond"]}]},{"@type":"WebPage","@id":"https:\/\/www.anovapeneira.gal\/index.php\/2021\/06\/09\/as-usuarias-e-usuarios-do-programa-integrado-de-emprego-da-asociacion-de-empresarios-de-redondela-preparanse-para-desenvolver-as-suas-soft-skills\/","url":"https:\/\/www.anovapeneira.gal\/index.php\/2021\/06\/09\/as-usuarias-e-usuarios-do-programa-integrado-de-emprego-da-asociacion-de-empresarios-de-redondela-preparanse-para-desenvolver-as-suas-soft-skills\/","name":"As usuarias e usuarios do programa integrado de emprego da asociaci\u00f3n de empresarios de redondela preparanse para desenvolver as s\u00faas Soft Skills -","isPartOf":{"@id":"https:\/\/www.anovapeneira.gal\/#website"},"primaryImageOfPage":{"@id":"https:\/\/www.anovapeneira.gal\/index.php\/2021\/06\/09\/as-usuarias-e-usuarios-do-programa-integrado-de-emprego-da-asociacion-de-empresarios-de-redondela-preparanse-para-desenvolver-as-suas-soft-skills\/#primaryimage"},"image":{"@id":"https:\/\/www.anovapeneira.gal\/index.php\/2021\/06\/09\/as-usuarias-e-usuarios-do-programa-integrado-de-emprego-da-asociacion-de-empresarios-de-redondela-preparanse-para-desenvolver-as-suas-soft-skills\/#primaryimage"},"thumbnailUrl":"https:\/\/www.anovapeneira.gal\/wp-content\/uploads\/2021\/06\/soft_skills_redondela.jpg","datePublished":"2021-06-09T10:00:03+00:00","description":"A conferencia celebrada de forma presencial, con aforo limitado, no Pazo de Santa Teresa tam\u00e9n poido ser seguida online e contou coa participaci\u00f3n de 50 persoas","breadcrumb":{"@id":"https:\/\/www.anovapeneira.gal\/index.php\/2021\/06\/09\/as-usuarias-e-usuarios-do-programa-integrado-de-emprego-da-asociacion-de-empresarios-de-redondela-preparanse-para-desenvolver-as-suas-soft-skills\/#breadcrumb"},"inLanguage":"gl-ES","potentialAction":[{"@type":"ReadAction","target":["https:\/\/www.anovapeneira.gal\/index.php\/2021\/06\/09\/as-usuarias-e-usuarios-do-programa-integrado-de-emprego-da-asociacion-de-empresarios-de-redondela-preparanse-para-desenvolver-as-suas-soft-skills\/"]}]},{"@type":"ImageObject","inLanguage":"gl-ES","@id":"https:\/\/www.anovapeneira.gal\/index.php\/2021\/06\/09\/as-usuarias-e-usuarios-do-programa-integrado-de-emprego-da-asociacion-de-empresarios-de-redondela-preparanse-para-desenvolver-as-suas-soft-skills\/#primaryimage","url":"https:\/\/www.anovapeneira.gal\/wp-content\/uploads\/2021\/06\/soft_skills_redondela.jpg","contentUrl":"https:\/\/www.anovapeneira.gal\/wp-content\/uploads\/2021\/06\/soft_skills_redondela.jpg","width":720,"height":432,"caption":"Soft Skills Concello de Redondela"},{"@type":"BreadcrumbList","@id":"https:\/\/www.anovapeneira.gal\/index.php\/2021\/06\/09\/as-usuarias-e-usuarios-do-programa-integrado-de-emprego-da-asociacion-de-empresarios-de-redondela-preparanse-para-desenvolver-as-suas-soft-skills\/#breadcrumb","itemListElement":[{"@type":"ListItem","position":1,"name":"Portada","item":"https:\/\/www.anovapeneira.gal\/"},{"@type":"ListItem","position":2,"name":"As usuarias e usuarios do programa integrado de emprego da asociaci\u00f3n de empresarios de redondela preparanse para desenvolver as s\u00faas Soft Skills"}]},{"@type":"WebSite","@id":"https:\/\/www.anovapeneira.gal\/#website","url":"https:\/\/www.anovapeneira.gal\/","name":"","description":"Xornal galego de informaci\u00f3n xeral Publicaci\u00f3n mensual de novas de Galicia e en especial dos Concellos da sur da provincia de Pontevedra.","publisher":{"@id":"https:\/\/www.anovapeneira.gal\/#organization"},"potentialAction":[{"@type":"SearchAction","target":{"@type":"EntryPoint","urlTemplate":"https:\/\/www.anovapeneira.gal\/?s={search_term_string}"},"query-input":{"@type":"PropertyValueSpecification","valueRequired":true,"valueName":"search_term_string"}}],"inLanguage":"gl-ES"},{"@type":"Organization","@id":"https:\/\/www.anovapeneira.gal\/#organization","name":"A Nova Peneira","url":"https:\/\/www.anovapeneira.gal\/","logo":{"@type":"ImageObject","inLanguage":"gl-ES","@id":"https:\/\/www.anovapeneira.gal\/#\/schema\/logo\/image\/","url":"http:\/\/www.anovapeneira.gal\/wp-content\/uploads\/2019\/06\/logo_a_nova_peneira_portal_web.png","contentUrl":"http:\/\/www.anovapeneira.gal\/wp-content\/uploads\/2019\/06\/logo_a_nova_peneira_portal_web.png","width":300,"height":100,"caption":"A Nova Peneira"},"image":{"@id":"https:\/\/www.anovapeneira.gal\/#\/schema\/logo\/image\/"},"sameAs":["https:\/\/www.facebook.com\/anovapeneira","https:\/\/x.com\/APeneira"]},{"@type":"Person","@id":"https:\/\/www.anovapeneira.gal\/#\/schema\/person\/b93e3f8932e3f8da96334607eb6ac6aa","name":"Redacci\u00f3n A Nova Peneira","image":{"@type":"ImageObject","inLanguage":"gl-ES","@id":"https:\/\/secure.gravatar.com\/avatar\/c052a2551a06e23fac63626232eaa90abd78dbcf1700fc46a2b2c89fd27b735f?s=96&d=mm&r=g","url":"https:\/\/secure.gravatar.com\/avatar\/c052a2551a06e23fac63626232eaa90abd78dbcf1700fc46a2b2c89fd27b735f?s=96&d=mm&r=g","contentUrl":"https:\/\/secure.gravatar.com\/avatar\/c052a2551a06e23fac63626232eaa90abd78dbcf1700fc46a2b2c89fd27b735f?s=96&d=mm&r=g","caption":"Redacci\u00f3n A Nova Peneira"},"sameAs":["http:\/\/www.anovapeneira.gal\/"],"url":"https:\/\/www.anovapeneira.gal\/index.php\/author\/redactor\/"}]}},"jetpack_featured_media_url":"https:\/\/www.anovapeneira.gal\/wp-content\/uploads\/2021\/06\/soft_skills_redondela.jpg","_links":{"self":[{"href":"https:\/\/www.anovapeneira.gal\/index.php\/wp-json\/wp\/v2\/posts\/5563","targetHints":{"allow":["GET"]}}],"collection":[{"href":"https:\/\/www.anovapeneira.gal\/index.php\/wp-json\/wp\/v2\/posts"}],"about":[{"href":"https:\/\/www.anovapeneira.gal\/index.php\/wp-json\/wp\/v2\/types\/post"}],"author":[{"embeddable":true,"href":"https:\/\/www.anovapeneira.gal\/index.php\/wp-json\/wp\/v2\/users\/3"}],"replies":[{"embeddable":true,"href":"https:\/\/www.anovapeneira.gal\/index.php\/wp-json\/wp\/v2\/comments?post=5563"}],"version-history":[{"count":2,"href":"https:\/\/www.anovapeneira.gal\/index.php\/wp-json\/wp\/v2\/posts\/5563\/revisions"}],"predecessor-version":[{"id":5566,"href":"https:\/\/www.anovapeneira.gal\/index.php\/wp-json\/wp\/v2\/posts\/5563\/revisions\/5566"}],"wp:featuredmedia":[{"embeddable":true,"href":"https:\/\/www.anovapeneira.gal\/index.php\/wp-json\/wp\/v2\/media\/5565"}],"wp:attachment":[{"href":"https:\/\/www.anovapeneira.gal\/index.php\/wp-json\/wp\/v2\/media?parent=5563"}],"wp:term":[{"taxonomy":"category","embeddable":true,"href":"https:\/\/www.anovapeneira.gal\/index.php\/wp-json\/wp\/v2\/categories?post=5563"},{"taxonomy":"post_tag","embeddable":true,"href":"https:\/\/www.anovapeneira.gal\/index.php\/wp-json\/wp\/v2\/tags?post=5563"}],"curies":[{"name":"wp","href":"https:\/\/api.w.org\/{rel}","templated":true}]}}