{"id":5575,"date":"2021-06-10T12:00:16","date_gmt":"2021-06-10T10:00:16","guid":{"rendered":"http:\/\/www.anovapeneira.gal\/?p=5575"},"modified":"2021-06-07T12:04:20","modified_gmt":"2021-06-07T10:04:20","slug":"iv-gala-de-entrega-de-premios-a-nova-peneira","status":"publish","type":"post","link":"https:\/\/www.anovapeneira.gal\/index.php\/2021\/06\/10\/iv-gala-de-entrega-de-premios-a-nova-peneira\/","title":{"rendered":"IV Gala de entrega de premios A Nova Peneira"},"content":{"rendered":"\n<p>En xaneiro do ano 2.015 fixemos a nosa primeira gala de entrega de premios. A nosa intenci\u00f3n inicial era reco\u00f1ecer a fidelidade dos nosos mellores anunciantes, as\u00ed como premiar a persoas ou colectivos cuxa labor e esforzo contribu\u00edran ao ben com\u00fan. O seu resultado, tanto no que se refire a asistencia de convidados e convidadas como na repercusi\u00f3n que tivo, superou as previsi\u00f3ns m\u00e1is optimistas de todas as persoas que dalg\u00fan modo tivemos algo que ver na s\u00faa organizaci\u00f3n. Xa que logo decidimos regularizar as nosas galas de maneira bienal. E as\u00ed fixemos a II edici\u00f3n en xaneiro de 2.017 e a III en xaneiro do ano 2.019.No primeiro mes deste ano ti\u00f1amos previsto celebrarmos a IV gala de entrega de premios A Nova Peneira, pero as circunstancias pand\u00e9micas que estamos a vivir fix\u00e9rono imposible e non quedou outra que adiala. Todo parece indicar que a vacinaci\u00f3n masiva da poboaci\u00f3n situounos , por fin, no cami\u00f1o de irmos esquecendo este episodio terrible na recente historia da humanidade. Agardo que sexa as\u00ed, e que ningunha negra circunstancia inesperada faga que haxa que dar significativos pasos atr\u00e1s no cami\u00f1o.<\/p>\n\n\n\n<p>E, se \u00e9 como parece, en xaneiro do ano 2.022, un ano despois do previsto, no restaurante Manolo do Porri\u00f1o volveremos a xuntarnos 150 persoas, amigas e amigos de A Nova Peneira, para brindar pola vida ,reco\u00f1ecer a amabilidade e fidelidade dos nosos anunciantes, sangue que fai latexar o noso coraz\u00f3n azul branco e de estrela vermella, e amosar a inmensa profundidade oce\u00e1nica das calidades intelectuais e morais do colaborador que sexa premiado, da colaboradora que sexa premiada, e de quen reciba os dous&nbsp;Premios m\u00e1is emotivos:<\/p>\n\n\n\n<p><strong>-Toda unha vida no compromiso social<\/strong><\/p>\n\n\n\n<p><strong>-Bo\/a e xeneroso\/a<\/strong><\/p>\n\n\n\n<p>Non vai ser doado manter o nivel das persoas premiadas nas galas anteriores: Elvira Souto, Camilo Nogueira, Suso Seixo, O colectivo de pensionistas da CIG&#8230;&#8230;..Por\u00e9n, te\u00f1o a certeza de que, unha vez m\u00e1is, as novas persoas premiadas , que xa temos elixidas sen elas sabelo, recibir\u00e1n o consenso un\u00e1nime de quen te\u00f1a a bondade de acompa\u00f1arnos no d\u00eda m\u00e1is especial para n\u00f3s. No Porri\u00f1o en xaneiro do ano pr\u00f3ximo toca ,por fin, mergullarse na calidez e a tenrura das apertas e o contacto f\u00edsico. Al\u00ed manifestaremos unha vez m\u00e1is a nosa toma de partido, de partido ata mancharnos , ata enlamarnos no m\u00e1is profundo da alma, porque A Nova Peneira \u00e9 unha empresa que ten que permitir que todas as persoas que nela traballamos poidamos ga\u00f1ar a vida con dignidade, pero non \u00e9 s\u00f3 iso. Non quero que sexa, non pode ser s\u00f3 iso e mentres eu estea nela non vai ser nunca s\u00f3 iso. \u00c9 un proxecto constru\u00eddo arredor dun corpus ideol\u00f3xico e duns principios morais. E non se pode estar aqu\u00ed sen tomar partido ,partido ata mancharse polo feminismo, polo ben com\u00fan, pola naci\u00f3n galega, polo idioma galego, pola clase traballadora, pola xustiza social, polo ecoloxismo, pola solidariedade internacionalista, pola liberdade de todos os pobos asoballados do mundo, e pola memoria hist\u00f3rica.<\/p>\n","protected":false},"excerpt":{"rendered":"<div class=\"mh-excerpt\"><p>En xaneiro do ano 2.015 fixemos a nosa primeira gala de entrega de premios. A nosa intenci\u00f3n inicial era reco\u00f1ecer a fidelidade dos nosos mellores anunciantes, as\u00ed como premiar a persoas ou colectivos cuxa labor e esforzo contribu\u00edran ao ben com\u00fan <a class=\"mh-excerpt-more\" href=\"https:\/\/www.anovapeneira.gal\/index.php\/2021\/06\/10\/iv-gala-de-entrega-de-premios-a-nova-peneira\/\" title=\"IV Gala de entrega de premios A Nova Peneira\">[&#8230;]<\/a><\/p>\n<\/div>","protected":false},"author":2,"featured_media":5576,"comment_status":"open","ping_status":"open","sticky":false,"template":"","format":"standard","meta":{"_exactmetrics_skip_tracking":false,"_exactmetrics_sitenote_active":false,"_exactmetrics_sitenote_note":"","_exactmetrics_sitenote_category":0,"footnotes":""},"categories":[61],"tags":[],"class_list":{"0":"post-5575","1":"post","2":"type-post","3":"status-publish","4":"format-standard","5":"has-post-thumbnail","7":"category-artigo-editorial"},"yoast_head":"<!-- This site is optimized with the Yoast SEO plugin v27.4 - https:\/\/yoast.com\/product\/yoast-seo-wordpress\/ -->\n<title>IV Gala de entrega de premios A Nova Peneira -<\/title>\n<meta name=\"description\" content=\"En xaneiro do ano 2.015 fixemos a nosa primeira gala de entrega de premios. A nosa intenci\u00f3n inicial era reco\u00f1ecer a fidelidade dos nosos mellores anunciantes, as\u00ed como premiar a persoas ou colectivos cuxa labor e esforzo contribu\u00edran ao ben com\u00fan\" \/>\n<meta name=\"robots\" content=\"index, follow, max-snippet:-1, max-image-preview:large, max-video-preview:-1\" \/>\n<link rel=\"canonical\" href=\"https:\/\/www.anovapeneira.gal\/index.php\/2021\/06\/10\/iv-gala-de-entrega-de-premios-a-nova-peneira\/\" \/>\n<meta property=\"og:locale\" content=\"gl_ES\" \/>\n<meta property=\"og:type\" content=\"article\" \/>\n<meta property=\"og:title\" content=\"IV Gala de entrega de premios A Nova Peneira -\" \/>\n<meta property=\"og:description\" content=\"En xaneiro do ano 2.015 fixemos a nosa primeira gala de entrega de premios. A nosa intenci\u00f3n inicial era reco\u00f1ecer a fidelidade dos nosos mellores anunciantes, as\u00ed como premiar a persoas ou colectivos cuxa labor e esforzo contribu\u00edran ao ben com\u00fan\" \/>\n<meta property=\"og:url\" content=\"https:\/\/www.anovapeneira.gal\/index.php\/2021\/06\/10\/iv-gala-de-entrega-de-premios-a-nova-peneira\/\" \/>\n<meta property=\"article:publisher\" content=\"https:\/\/www.facebook.com\/anovapeneira\" \/>\n<meta property=\"article:published_time\" content=\"2021-06-10T10:00:16+00:00\" \/>\n<meta property=\"og:image\" content=\"https:\/\/www.anovapeneira.gal\/wp-content\/uploads\/2021\/06\/editorial_gala_2017.jpg\" \/>\n\t<meta property=\"og:image:width\" content=\"720\" \/>\n\t<meta property=\"og:image:height\" content=\"432\" \/>\n\t<meta property=\"og:image:type\" content=\"image\/jpeg\" \/>\n<meta name=\"author\" content=\"Tino Lago\" \/>\n<meta name=\"twitter:card\" content=\"summary_large_image\" \/>\n<meta name=\"twitter:creator\" content=\"@APeneira\" \/>\n<meta name=\"twitter:site\" content=\"@APeneira\" \/>\n<meta name=\"twitter:label1\" content=\"Escrito por\" \/>\n\t<meta name=\"twitter:data1\" content=\"Tino Lago\" \/>\n\t<meta name=\"twitter:label2\" content=\"Tempo de lectura\" \/>\n\t<meta name=\"twitter:data2\" content=\"3 minutos\" \/>\n<script type=\"application\/ld+json\" class=\"yoast-schema-graph\">{\"@context\":\"https:\\\/\\\/schema.org\",\"@graph\":[{\"@type\":\"Article\",\"@id\":\"https:\\\/\\\/www.anovapeneira.gal\\\/index.php\\\/2021\\\/06\\\/10\\\/iv-gala-de-entrega-de-premios-a-nova-peneira\\\/#article\",\"isPartOf\":{\"@id\":\"https:\\\/\\\/www.anovapeneira.gal\\\/index.php\\\/2021\\\/06\\\/10\\\/iv-gala-de-entrega-de-premios-a-nova-peneira\\\/\"},\"author\":{\"name\":\"Tino Lago\",\"@id\":\"https:\\\/\\\/www.anovapeneira.gal\\\/#\\\/schema\\\/person\\\/424dfe65e3070fd8a44d22d2c088762a\"},\"headline\":\"IV Gala de entrega de premios A Nova Peneira\",\"datePublished\":\"2021-06-10T10:00:16+00:00\",\"mainEntityOfPage\":{\"@id\":\"https:\\\/\\\/www.anovapeneira.gal\\\/index.php\\\/2021\\\/06\\\/10\\\/iv-gala-de-entrega-de-premios-a-nova-peneira\\\/\"},\"wordCount\":544,\"commentCount\":0,\"publisher\":{\"@id\":\"https:\\\/\\\/www.anovapeneira.gal\\\/#organization\"},\"image\":{\"@id\":\"https:\\\/\\\/www.anovapeneira.gal\\\/index.php\\\/2021\\\/06\\\/10\\\/iv-gala-de-entrega-de-premios-a-nova-peneira\\\/#primaryimage\"},\"thumbnailUrl\":\"https:\\\/\\\/www.anovapeneira.gal\\\/wp-content\\\/uploads\\\/2021\\\/06\\\/editorial_gala_2017.jpg\",\"articleSection\":[\"Artigo editorial\"],\"inLanguage\":\"gl-ES\",\"potentialAction\":[{\"@type\":\"CommentAction\",\"name\":\"Comment\",\"target\":[\"https:\\\/\\\/www.anovapeneira.gal\\\/index.php\\\/2021\\\/06\\\/10\\\/iv-gala-de-entrega-de-premios-a-nova-peneira\\\/#respond\"]}]},{\"@type\":\"WebPage\",\"@id\":\"https:\\\/\\\/www.anovapeneira.gal\\\/index.php\\\/2021\\\/06\\\/10\\\/iv-gala-de-entrega-de-premios-a-nova-peneira\\\/\",\"url\":\"https:\\\/\\\/www.anovapeneira.gal\\\/index.php\\\/2021\\\/06\\\/10\\\/iv-gala-de-entrega-de-premios-a-nova-peneira\\\/\",\"name\":\"IV Gala de entrega de premios A Nova Peneira -\",\"isPartOf\":{\"@id\":\"https:\\\/\\\/www.anovapeneira.gal\\\/#website\"},\"primaryImageOfPage\":{\"@id\":\"https:\\\/\\\/www.anovapeneira.gal\\\/index.php\\\/2021\\\/06\\\/10\\\/iv-gala-de-entrega-de-premios-a-nova-peneira\\\/#primaryimage\"},\"image\":{\"@id\":\"https:\\\/\\\/www.anovapeneira.gal\\\/index.php\\\/2021\\\/06\\\/10\\\/iv-gala-de-entrega-de-premios-a-nova-peneira\\\/#primaryimage\"},\"thumbnailUrl\":\"https:\\\/\\\/www.anovapeneira.gal\\\/wp-content\\\/uploads\\\/2021\\\/06\\\/editorial_gala_2017.jpg\",\"datePublished\":\"2021-06-10T10:00:16+00:00\",\"description\":\"En xaneiro do ano 2.015 fixemos a nosa primeira gala de entrega de premios. A nosa intenci\u00f3n inicial era reco\u00f1ecer a fidelidade dos nosos mellores anunciantes, as\u00ed como premiar a persoas ou colectivos cuxa labor e esforzo contribu\u00edran ao ben com\u00fan\",\"breadcrumb\":{\"@id\":\"https:\\\/\\\/www.anovapeneira.gal\\\/index.php\\\/2021\\\/06\\\/10\\\/iv-gala-de-entrega-de-premios-a-nova-peneira\\\/#breadcrumb\"},\"inLanguage\":\"gl-ES\",\"potentialAction\":[{\"@type\":\"ReadAction\",\"target\":[\"https:\\\/\\\/www.anovapeneira.gal\\\/index.php\\\/2021\\\/06\\\/10\\\/iv-gala-de-entrega-de-premios-a-nova-peneira\\\/\"]}]},{\"@type\":\"ImageObject\",\"inLanguage\":\"gl-ES\",\"@id\":\"https:\\\/\\\/www.anovapeneira.gal\\\/index.php\\\/2021\\\/06\\\/10\\\/iv-gala-de-entrega-de-premios-a-nova-peneira\\\/#primaryimage\",\"url\":\"https:\\\/\\\/www.anovapeneira.gal\\\/wp-content\\\/uploads\\\/2021\\\/06\\\/editorial_gala_2017.jpg\",\"contentUrl\":\"https:\\\/\\\/www.anovapeneira.gal\\\/wp-content\\\/uploads\\\/2021\\\/06\\\/editorial_gala_2017.jpg\",\"width\":720,\"height\":432,\"caption\":\"Gala 2017 A Nova Peneira\"},{\"@type\":\"BreadcrumbList\",\"@id\":\"https:\\\/\\\/www.anovapeneira.gal\\\/index.php\\\/2021\\\/06\\\/10\\\/iv-gala-de-entrega-de-premios-a-nova-peneira\\\/#breadcrumb\",\"itemListElement\":[{\"@type\":\"ListItem\",\"position\":1,\"name\":\"Portada\",\"item\":\"https:\\\/\\\/www.anovapeneira.gal\\\/\"},{\"@type\":\"ListItem\",\"position\":2,\"name\":\"IV Gala de entrega de premios A Nova Peneira\"}]},{\"@type\":\"WebSite\",\"@id\":\"https:\\\/\\\/www.anovapeneira.gal\\\/#website\",\"url\":\"https:\\\/\\\/www.anovapeneira.gal\\\/\",\"name\":\"\",\"description\":\"Xornal galego de informaci\u00f3n xeral Publicaci\u00f3n mensual de novas de Galicia e en especial dos Concellos da sur da provincia de Pontevedra.\",\"publisher\":{\"@id\":\"https:\\\/\\\/www.anovapeneira.gal\\\/#organization\"},\"potentialAction\":[{\"@type\":\"SearchAction\",\"target\":{\"@type\":\"EntryPoint\",\"urlTemplate\":\"https:\\\/\\\/www.anovapeneira.gal\\\/?s={search_term_string}\"},\"query-input\":{\"@type\":\"PropertyValueSpecification\",\"valueRequired\":true,\"valueName\":\"search_term_string\"}}],\"inLanguage\":\"gl-ES\"},{\"@type\":\"Organization\",\"@id\":\"https:\\\/\\\/www.anovapeneira.gal\\\/#organization\",\"name\":\"A Nova Peneira\",\"url\":\"https:\\\/\\\/www.anovapeneira.gal\\\/\",\"logo\":{\"@type\":\"ImageObject\",\"inLanguage\":\"gl-ES\",\"@id\":\"https:\\\/\\\/www.anovapeneira.gal\\\/#\\\/schema\\\/logo\\\/image\\\/\",\"url\":\"http:\\\/\\\/www.anovapeneira.gal\\\/wp-content\\\/uploads\\\/2019\\\/06\\\/logo_a_nova_peneira_portal_web.png\",\"contentUrl\":\"http:\\\/\\\/www.anovapeneira.gal\\\/wp-content\\\/uploads\\\/2019\\\/06\\\/logo_a_nova_peneira_portal_web.png\",\"width\":300,\"height\":100,\"caption\":\"A Nova Peneira\"},\"image\":{\"@id\":\"https:\\\/\\\/www.anovapeneira.gal\\\/#\\\/schema\\\/logo\\\/image\\\/\"},\"sameAs\":[\"https:\\\/\\\/www.facebook.com\\\/anovapeneira\",\"https:\\\/\\\/x.com\\\/APeneira\"]},{\"@type\":\"Person\",\"@id\":\"https:\\\/\\\/www.anovapeneira.gal\\\/#\\\/schema\\\/person\\\/424dfe65e3070fd8a44d22d2c088762a\",\"name\":\"Tino Lago\",\"image\":{\"@type\":\"ImageObject\",\"inLanguage\":\"gl-ES\",\"@id\":\"https:\\\/\\\/secure.gravatar.com\\\/avatar\\\/b3df6a06e44bab3111583b90f0f33a0379ee5e3d22cbadd232d39f21c30c62be?s=96&d=mm&r=g\",\"url\":\"https:\\\/\\\/secure.gravatar.com\\\/avatar\\\/b3df6a06e44bab3111583b90f0f33a0379ee5e3d22cbadd232d39f21c30c62be?s=96&d=mm&r=g\",\"contentUrl\":\"https:\\\/\\\/secure.gravatar.com\\\/avatar\\\/b3df6a06e44bab3111583b90f0f33a0379ee5e3d22cbadd232d39f21c30c62be?s=96&d=mm&r=g\",\"caption\":\"Tino Lago\"},\"sameAs\":[\"http:\\\/\\\/www.anovapeneira.gal\"],\"url\":\"https:\\\/\\\/www.anovapeneira.gal\\\/index.php\\\/author\\\/director\\\/\"}]}<\/script>\n<!-- \/ Yoast SEO plugin. -->","yoast_head_json":{"title":"IV Gala de entrega de premios A Nova Peneira -","description":"En xaneiro do ano 2.015 fixemos a nosa primeira gala de entrega de premios. A nosa intenci\u00f3n inicial era reco\u00f1ecer a fidelidade dos nosos mellores anunciantes, as\u00ed como premiar a persoas ou colectivos cuxa labor e esforzo contribu\u00edran ao ben com\u00fan","robots":{"index":"index","follow":"follow","max-snippet":"max-snippet:-1","max-image-preview":"max-image-preview:large","max-video-preview":"max-video-preview:-1"},"canonical":"https:\/\/www.anovapeneira.gal\/index.php\/2021\/06\/10\/iv-gala-de-entrega-de-premios-a-nova-peneira\/","og_locale":"gl_ES","og_type":"article","og_title":"IV Gala de entrega de premios A Nova Peneira -","og_description":"En xaneiro do ano 2.015 fixemos a nosa primeira gala de entrega de premios. A nosa intenci\u00f3n inicial era reco\u00f1ecer a fidelidade dos nosos mellores anunciantes, as\u00ed como premiar a persoas ou colectivos cuxa labor e esforzo contribu\u00edran ao ben com\u00fan","og_url":"https:\/\/www.anovapeneira.gal\/index.php\/2021\/06\/10\/iv-gala-de-entrega-de-premios-a-nova-peneira\/","article_publisher":"https:\/\/www.facebook.com\/anovapeneira","article_published_time":"2021-06-10T10:00:16+00:00","og_image":[{"width":720,"height":432,"url":"https:\/\/www.anovapeneira.gal\/wp-content\/uploads\/2021\/06\/editorial_gala_2017.jpg","type":"image\/jpeg"}],"author":"Tino Lago","twitter_card":"summary_large_image","twitter_creator":"@APeneira","twitter_site":"@APeneira","twitter_misc":{"Escrito por":"Tino Lago","Tempo de lectura":"3 minutos"},"schema":{"@context":"https:\/\/schema.org","@graph":[{"@type":"Article","@id":"https:\/\/www.anovapeneira.gal\/index.php\/2021\/06\/10\/iv-gala-de-entrega-de-premios-a-nova-peneira\/#article","isPartOf":{"@id":"https:\/\/www.anovapeneira.gal\/index.php\/2021\/06\/10\/iv-gala-de-entrega-de-premios-a-nova-peneira\/"},"author":{"name":"Tino Lago","@id":"https:\/\/www.anovapeneira.gal\/#\/schema\/person\/424dfe65e3070fd8a44d22d2c088762a"},"headline":"IV Gala de entrega de premios A Nova Peneira","datePublished":"2021-06-10T10:00:16+00:00","mainEntityOfPage":{"@id":"https:\/\/www.anovapeneira.gal\/index.php\/2021\/06\/10\/iv-gala-de-entrega-de-premios-a-nova-peneira\/"},"wordCount":544,"commentCount":0,"publisher":{"@id":"https:\/\/www.anovapeneira.gal\/#organization"},"image":{"@id":"https:\/\/www.anovapeneira.gal\/index.php\/2021\/06\/10\/iv-gala-de-entrega-de-premios-a-nova-peneira\/#primaryimage"},"thumbnailUrl":"https:\/\/www.anovapeneira.gal\/wp-content\/uploads\/2021\/06\/editorial_gala_2017.jpg","articleSection":["Artigo editorial"],"inLanguage":"gl-ES","potentialAction":[{"@type":"CommentAction","name":"Comment","target":["https:\/\/www.anovapeneira.gal\/index.php\/2021\/06\/10\/iv-gala-de-entrega-de-premios-a-nova-peneira\/#respond"]}]},{"@type":"WebPage","@id":"https:\/\/www.anovapeneira.gal\/index.php\/2021\/06\/10\/iv-gala-de-entrega-de-premios-a-nova-peneira\/","url":"https:\/\/www.anovapeneira.gal\/index.php\/2021\/06\/10\/iv-gala-de-entrega-de-premios-a-nova-peneira\/","name":"IV Gala de entrega de premios A Nova Peneira -","isPartOf":{"@id":"https:\/\/www.anovapeneira.gal\/#website"},"primaryImageOfPage":{"@id":"https:\/\/www.anovapeneira.gal\/index.php\/2021\/06\/10\/iv-gala-de-entrega-de-premios-a-nova-peneira\/#primaryimage"},"image":{"@id":"https:\/\/www.anovapeneira.gal\/index.php\/2021\/06\/10\/iv-gala-de-entrega-de-premios-a-nova-peneira\/#primaryimage"},"thumbnailUrl":"https:\/\/www.anovapeneira.gal\/wp-content\/uploads\/2021\/06\/editorial_gala_2017.jpg","datePublished":"2021-06-10T10:00:16+00:00","description":"En xaneiro do ano 2.015 fixemos a nosa primeira gala de entrega de premios. A nosa intenci\u00f3n inicial era reco\u00f1ecer a fidelidade dos nosos mellores anunciantes, as\u00ed como premiar a persoas ou colectivos cuxa labor e esforzo contribu\u00edran ao ben com\u00fan","breadcrumb":{"@id":"https:\/\/www.anovapeneira.gal\/index.php\/2021\/06\/10\/iv-gala-de-entrega-de-premios-a-nova-peneira\/#breadcrumb"},"inLanguage":"gl-ES","potentialAction":[{"@type":"ReadAction","target":["https:\/\/www.anovapeneira.gal\/index.php\/2021\/06\/10\/iv-gala-de-entrega-de-premios-a-nova-peneira\/"]}]},{"@type":"ImageObject","inLanguage":"gl-ES","@id":"https:\/\/www.anovapeneira.gal\/index.php\/2021\/06\/10\/iv-gala-de-entrega-de-premios-a-nova-peneira\/#primaryimage","url":"https:\/\/www.anovapeneira.gal\/wp-content\/uploads\/2021\/06\/editorial_gala_2017.jpg","contentUrl":"https:\/\/www.anovapeneira.gal\/wp-content\/uploads\/2021\/06\/editorial_gala_2017.jpg","width":720,"height":432,"caption":"Gala 2017 A Nova Peneira"},{"@type":"BreadcrumbList","@id":"https:\/\/www.anovapeneira.gal\/index.php\/2021\/06\/10\/iv-gala-de-entrega-de-premios-a-nova-peneira\/#breadcrumb","itemListElement":[{"@type":"ListItem","position":1,"name":"Portada","item":"https:\/\/www.anovapeneira.gal\/"},{"@type":"ListItem","position":2,"name":"IV Gala de entrega de premios A Nova Peneira"}]},{"@type":"WebSite","@id":"https:\/\/www.anovapeneira.gal\/#website","url":"https:\/\/www.anovapeneira.gal\/","name":"","description":"Xornal galego de informaci\u00f3n xeral Publicaci\u00f3n mensual de novas de Galicia e en especial dos Concellos da sur da provincia de Pontevedra.","publisher":{"@id":"https:\/\/www.anovapeneira.gal\/#organization"},"potentialAction":[{"@type":"SearchAction","target":{"@type":"EntryPoint","urlTemplate":"https:\/\/www.anovapeneira.gal\/?s={search_term_string}"},"query-input":{"@type":"PropertyValueSpecification","valueRequired":true,"valueName":"search_term_string"}}],"inLanguage":"gl-ES"},{"@type":"Organization","@id":"https:\/\/www.anovapeneira.gal\/#organization","name":"A Nova Peneira","url":"https:\/\/www.anovapeneira.gal\/","logo":{"@type":"ImageObject","inLanguage":"gl-ES","@id":"https:\/\/www.anovapeneira.gal\/#\/schema\/logo\/image\/","url":"http:\/\/www.anovapeneira.gal\/wp-content\/uploads\/2019\/06\/logo_a_nova_peneira_portal_web.png","contentUrl":"http:\/\/www.anovapeneira.gal\/wp-content\/uploads\/2019\/06\/logo_a_nova_peneira_portal_web.png","width":300,"height":100,"caption":"A Nova Peneira"},"image":{"@id":"https:\/\/www.anovapeneira.gal\/#\/schema\/logo\/image\/"},"sameAs":["https:\/\/www.facebook.com\/anovapeneira","https:\/\/x.com\/APeneira"]},{"@type":"Person","@id":"https:\/\/www.anovapeneira.gal\/#\/schema\/person\/424dfe65e3070fd8a44d22d2c088762a","name":"Tino Lago","image":{"@type":"ImageObject","inLanguage":"gl-ES","@id":"https:\/\/secure.gravatar.com\/avatar\/b3df6a06e44bab3111583b90f0f33a0379ee5e3d22cbadd232d39f21c30c62be?s=96&d=mm&r=g","url":"https:\/\/secure.gravatar.com\/avatar\/b3df6a06e44bab3111583b90f0f33a0379ee5e3d22cbadd232d39f21c30c62be?s=96&d=mm&r=g","contentUrl":"https:\/\/secure.gravatar.com\/avatar\/b3df6a06e44bab3111583b90f0f33a0379ee5e3d22cbadd232d39f21c30c62be?s=96&d=mm&r=g","caption":"Tino Lago"},"sameAs":["http:\/\/www.anovapeneira.gal"],"url":"https:\/\/www.anovapeneira.gal\/index.php\/author\/director\/"}]}},"jetpack_featured_media_url":"https:\/\/www.anovapeneira.gal\/wp-content\/uploads\/2021\/06\/editorial_gala_2017.jpg","_links":{"self":[{"href":"https:\/\/www.anovapeneira.gal\/index.php\/wp-json\/wp\/v2\/posts\/5575","targetHints":{"allow":["GET"]}}],"collection":[{"href":"https:\/\/www.anovapeneira.gal\/index.php\/wp-json\/wp\/v2\/posts"}],"about":[{"href":"https:\/\/www.anovapeneira.gal\/index.php\/wp-json\/wp\/v2\/types\/post"}],"author":[{"embeddable":true,"href":"https:\/\/www.anovapeneira.gal\/index.php\/wp-json\/wp\/v2\/users\/2"}],"replies":[{"embeddable":true,"href":"https:\/\/www.anovapeneira.gal\/index.php\/wp-json\/wp\/v2\/comments?post=5575"}],"version-history":[{"count":2,"href":"https:\/\/www.anovapeneira.gal\/index.php\/wp-json\/wp\/v2\/posts\/5575\/revisions"}],"predecessor-version":[{"id":5579,"href":"https:\/\/www.anovapeneira.gal\/index.php\/wp-json\/wp\/v2\/posts\/5575\/revisions\/5579"}],"wp:featuredmedia":[{"embeddable":true,"href":"https:\/\/www.anovapeneira.gal\/index.php\/wp-json\/wp\/v2\/media\/5576"}],"wp:attachment":[{"href":"https:\/\/www.anovapeneira.gal\/index.php\/wp-json\/wp\/v2\/media?parent=5575"}],"wp:term":[{"taxonomy":"category","embeddable":true,"href":"https:\/\/www.anovapeneira.gal\/index.php\/wp-json\/wp\/v2\/categories?post=5575"},{"taxonomy":"post_tag","embeddable":true,"href":"https:\/\/www.anovapeneira.gal\/index.php\/wp-json\/wp\/v2\/tags?post=5575"}],"curies":[{"name":"wp","href":"https:\/\/api.w.org\/{rel}","templated":true}]}}