{"id":5593,"date":"2021-06-10T11:47:40","date_gmt":"2021-06-10T09:47:40","guid":{"rendered":"http:\/\/www.anovapeneira.gal\/?p=5593"},"modified":"2021-06-10T11:52:52","modified_gmt":"2021-06-10T09:52:52","slug":"victoria-alonso-esixe-a-dimision-de-nidia-arevalo-por-ter-perpetrado-a-maior-ilegalidade-urbanistica-da-historia-recente-de-galicia-coa-cidade-do-celta","status":"publish","type":"post","link":"https:\/\/www.anovapeneira.gal\/index.php\/2021\/06\/10\/victoria-alonso-esixe-a-dimision-de-nidia-arevalo-por-ter-perpetrado-a-maior-ilegalidade-urbanistica-da-historia-recente-de-galicia-coa-cidade-do-celta\/","title":{"rendered":"VICTORIA ALONSO ESIXE A DIMISI\u00d3N DE NIDIA AR\u00c9VALO POR TER PERPETRADO A MAIOR ILEGALIDADE URBAN\u00cdSTICA DA HISTORIA RECENTE DE GALICIA COA \u201cCIDADE DO CELTA\u201d"},"content":{"rendered":"\n<h2 class=\"wp-block-heading\">\u201cNa s\u00faa obsesi\u00f3n, a alcaldesa levouse por diante a tres concelleir@s de Urbanismo e arrastrou ao presidente da Xunta a unha inauguraci\u00f3n escandalosa\u201d<\/h2>\n\n\n\n<h3 class=\"wp-block-heading\">\u201cNon descartamos nada, entre outras cousas instar \u00e1 Fiscal\u00eda que act\u00fae\u201d<\/h3>\n\n\n\n<h4 class=\"wp-block-heading\">\u201cO so\u00f1o do que falaba Mouri\u00f1o vai cami\u00f1o de converterse no seu peor pesadelo\u201d<\/h4>\n\n\n\n<p>A voceira e secretaria xeral do PSdeG-PSOE en Mos, Victoria Alonso, esixe a dimisi\u00f3n inmediata da alcaldesa, Nidia Ar\u00e9valo, trala sentencia do Xulgado do Contencioso Administrativo n\u00famero 3 de Pontevedra que ordena a revisi\u00f3n de oficio da licencia para constru\u00edr os campos de f\u00fatbol do Celta e que anula de plano a licencia para a construci\u00f3n dos vestiarios e as instalaci\u00f3ns t\u00e9cnicas. \u201cA alcaldesa de Mos avergo\u00f1a e mancha o nome deste concello e o \u00fanico que pode facer, despois de ter perpetrado a maior ilegalidade urban\u00edstica da historia recente de Galicia, \u00e9 marchar antes de que te\u00f1a que facelo por obriga legal\u201d, afirmou.<\/p>\n\n\n\n<p>Victoria Alonso considera que a sentencia sobre as d\u00faas \u201clicencias expr\u00e9s\u201d concedidas en 2018, \u201c\u00e9 unha cr\u00f3nica xudicial anunciada\u201d, tal e como vi\u00f1an vaticinando xa dende o mandato pasado o grupo socialista e a comunidade de montes de Tameiga. A voceira socialista non descarta acudir \u00e1 Fiscal\u00eda para que impulse un procedemento penal contra Ar\u00e9valo e, ademais, est\u00e1 a preparar unha denuncia pola afecci\u00f3n dos campos de f\u00fatbol e vestiarios aos sistemas de abastecemento de auga veci\u00f1al.<\/p>\n\n\n\n<p>Recalca que a \u201cinauguraci\u00f3n pantasma\u201d (a porta pechada) celebrada o pasado d\u00eda 28 de novembro de 2020, estivo tristemente encabezada polo presidente da Xunta de Galicia, Alberto N\u00fa\u00f1ez Feijoo, \u201cque foi involucrado nun asunto moi feo, xunto co presidente do Parlamento galego e o conselleiro de Medio Rural, que ter\u00edan que terse coidado de non facerse aquela foto, que se ent\u00f3n era unha foto vergo\u00f1enta, hoxe \u00e9 unha foto escandalosa\u201d. Naquel acto Feijoo falaba de promocionar o \u201cpatrimonio deportivo\u201d, \u201cpero o \u00fanico patrimonio afectado foi o arqueol\u00f3xico, arrasado coa connivencia do Concello e da propia Xunta\u201d. Victoria Alonso tam\u00e9n lembra que as declaraci\u00f3ns de Carlos Mouri\u00f1o, presidente do Celta, naquel acto, nas que aseguraba que o proxecto \u00e9 \u201cun so\u00f1o\u201d, \u201cvai cami\u00f1o de converterse no seu peor pesadelo\u201d.<\/p>\n\n\n\n<p>Victoria Alonso recalca que o Concello de Mos organizou \u201ccon total desvergo\u00f1a\u201d varios actos nas instalaci\u00f3ns irregulares do Celta, o \u00faltimo deles a presentaci\u00f3n da Volta Ciclista, e a alcaldesa chegou a dicir, cando foi recriminada por elo, que estaba \u201corgullosa\u201d. M\u00e1is a\u00ednda presumiu reiteradamente de po\u00f1elas \u201ca disposici\u00f3n da veci\u00f1anza, cando xa hai unha sentencia que di que son ilegais\u201d. \u201cMil e unha veces lle dixemos a alcaldesa que esa obra era inmensa e que ti\u00f1a un gran impacto urban\u00edstico, social e ambiental, polo que non se pod\u00eda sacar adiante con d\u00faas licenci\u00f1as directas outorgadas pola Xunta de Goberno Local e o Xulgado deunos a raz\u00f3n, porque \u00e9 unha obra de gran magnitude que debe ampararse cun planeamento urban\u00edstico espec\u00edfico previo e, por tanto, debe pasar polo Pleno e someterse a todo tipo de informes sectoriais\u201d, recalcou a voceira socialista.<\/p>\n\n\n\n<p>\u201cA lectura da sentencia prov\u00f3canos unha mestura de satisfacci\u00f3n, porque se nos d\u00e1 a raz\u00f3n en algo evidente e que vimos denunciando dende o principio, pero tam\u00e9n de moita rabia, porque o dano xa est\u00e1 feito con premeditaci\u00f3n e alevos\u00eda\u201d.<\/p>\n","protected":false},"excerpt":{"rendered":"<div class=\"mh-excerpt\"><p>\u201cNa s\u00faa obsesi\u00f3n, a alcaldesa levouse por diante a tres concelleir@s de Urbanismo e arrastrou ao presidente da Xunta a unha inauguraci\u00f3n escandalosa\u201d <a class=\"mh-excerpt-more\" href=\"https:\/\/www.anovapeneira.gal\/index.php\/2021\/06\/10\/victoria-alonso-esixe-a-dimision-de-nidia-arevalo-por-ter-perpetrado-a-maior-ilegalidade-urbanistica-da-historia-recente-de-galicia-coa-cidade-do-celta\/\" title=\"VICTORIA ALONSO ESIXE A DIMISI\u00d3N DE NIDIA AR\u00c9VALO POR TER PERPETRADO A MAIOR ILEGALIDADE URBAN\u00cdSTICA DA HISTORIA RECENTE DE GALICIA COA \u201cCIDADE DO CELTA\u201d\">[&#8230;]<\/a><\/p>\n<\/div>","protected":false},"author":3,"featured_media":5594,"comment_status":"open","ping_status":"open","sticky":false,"template":"","format":"standard","meta":{"_exactmetrics_skip_tracking":false,"_exactmetrics_sitenote_active":false,"_exactmetrics_sitenote_note":"","_exactmetrics_sitenote_category":0,"footnotes":""},"categories":[23],"tags":[876,218],"class_list":{"0":"post-5593","1":"post","2":"type-post","3":"status-publish","4":"format-standard","5":"has-post-thumbnail","7":"category-a-lourina","8":"tag-celta","9":"tag-concello-de-mos"},"yoast_head":"<!-- This site is optimized with the Yoast SEO plugin v27.4 - https:\/\/yoast.com\/product\/yoast-seo-wordpress\/ -->\n<title>VICTORIA ALONSO ESIXE A DIMISI\u00d3N DE NIDIA AR\u00c9VALO POR TER PERPETRADO A MAIOR ILEGALIDADE URBAN\u00cdSTICA DA HISTORIA RECENTE DE GALICIA COA \u201cCIDADE DO CELTA\u201d -<\/title>\n<meta name=\"description\" content=\"\u201cNa s\u00faa obsesi\u00f3n, a alcaldesa levouse por diante a tres concelleir@s de Urbanismo e arrastrou ao presidente da Xunta a unha inauguraci\u00f3n escandalosa\u201d\" \/>\n<meta name=\"robots\" content=\"index, follow, max-snippet:-1, max-image-preview:large, max-video-preview:-1\" \/>\n<link rel=\"canonical\" href=\"https:\/\/www.anovapeneira.gal\/index.php\/2021\/06\/10\/victoria-alonso-esixe-a-dimision-de-nidia-arevalo-por-ter-perpetrado-a-maior-ilegalidade-urbanistica-da-historia-recente-de-galicia-coa-cidade-do-celta\/\" \/>\n<meta property=\"og:locale\" content=\"gl_ES\" \/>\n<meta property=\"og:type\" content=\"article\" \/>\n<meta property=\"og:title\" content=\"VICTORIA ALONSO ESIXE A DIMISI\u00d3N DE NIDIA AR\u00c9VALO POR TER PERPETRADO A MAIOR ILEGALIDADE URBAN\u00cdSTICA DA HISTORIA RECENTE DE GALICIA COA \u201cCIDADE DO CELTA\u201d -\" \/>\n<meta property=\"og:description\" content=\"\u201cNa s\u00faa obsesi\u00f3n, a alcaldesa levouse por diante a tres concelleir@s de Urbanismo e arrastrou ao presidente da Xunta a unha inauguraci\u00f3n escandalosa\u201d\" \/>\n<meta property=\"og:url\" content=\"https:\/\/www.anovapeneira.gal\/index.php\/2021\/06\/10\/victoria-alonso-esixe-a-dimision-de-nidia-arevalo-por-ter-perpetrado-a-maior-ilegalidade-urbanistica-da-historia-recente-de-galicia-coa-cidade-do-celta\/\" \/>\n<meta property=\"article:publisher\" content=\"https:\/\/www.facebook.com\/anovapeneira\" \/>\n<meta property=\"article:published_time\" content=\"2021-06-10T09:47:40+00:00\" \/>\n<meta property=\"article:modified_time\" content=\"2021-06-10T09:52:52+00:00\" \/>\n<meta property=\"og:image\" content=\"https:\/\/www.anovapeneira.gal\/wp-content\/uploads\/2021\/06\/Inauguracion_Celta.jpeg\" \/>\n\t<meta property=\"og:image:width\" content=\"720\" \/>\n\t<meta property=\"og:image:height\" content=\"432\" \/>\n\t<meta property=\"og:image:type\" content=\"image\/jpeg\" \/>\n<meta name=\"author\" content=\"Redacci\u00f3n A Nova Peneira\" \/>\n<meta name=\"twitter:card\" content=\"summary_large_image\" \/>\n<meta name=\"twitter:creator\" content=\"@APeneira\" \/>\n<meta name=\"twitter:site\" content=\"@APeneira\" \/>\n<meta name=\"twitter:label1\" content=\"Escrito por\" \/>\n\t<meta name=\"twitter:data1\" content=\"Redacci\u00f3n A Nova Peneira\" \/>\n\t<meta name=\"twitter:label2\" content=\"Tempo de lectura\" \/>\n\t<meta name=\"twitter:data2\" content=\"3 minutos\" \/>\n<script type=\"application\/ld+json\" class=\"yoast-schema-graph\">{\"@context\":\"https:\\\/\\\/schema.org\",\"@graph\":[{\"@type\":\"Article\",\"@id\":\"https:\\\/\\\/www.anovapeneira.gal\\\/index.php\\\/2021\\\/06\\\/10\\\/victoria-alonso-esixe-a-dimision-de-nidia-arevalo-por-ter-perpetrado-a-maior-ilegalidade-urbanistica-da-historia-recente-de-galicia-coa-cidade-do-celta\\\/#article\",\"isPartOf\":{\"@id\":\"https:\\\/\\\/www.anovapeneira.gal\\\/index.php\\\/2021\\\/06\\\/10\\\/victoria-alonso-esixe-a-dimision-de-nidia-arevalo-por-ter-perpetrado-a-maior-ilegalidade-urbanistica-da-historia-recente-de-galicia-coa-cidade-do-celta\\\/\"},\"author\":{\"name\":\"Redacci\u00f3n A Nova Peneira\",\"@id\":\"https:\\\/\\\/www.anovapeneira.gal\\\/#\\\/schema\\\/person\\\/b93e3f8932e3f8da96334607eb6ac6aa\"},\"headline\":\"VICTORIA ALONSO ESIXE A DIMISI\u00d3N DE NIDIA AR\u00c9VALO POR TER PERPETRADO A MAIOR ILEGALIDADE URBAN\u00cdSTICA DA HISTORIA RECENTE DE GALICIA COA \u201cCIDADE DO CELTA\u201d\",\"datePublished\":\"2021-06-10T09:47:40+00:00\",\"dateModified\":\"2021-06-10T09:52:52+00:00\",\"mainEntityOfPage\":{\"@id\":\"https:\\\/\\\/www.anovapeneira.gal\\\/index.php\\\/2021\\\/06\\\/10\\\/victoria-alonso-esixe-a-dimision-de-nidia-arevalo-por-ter-perpetrado-a-maior-ilegalidade-urbanistica-da-historia-recente-de-galicia-coa-cidade-do-celta\\\/\"},\"wordCount\":618,\"commentCount\":0,\"publisher\":{\"@id\":\"https:\\\/\\\/www.anovapeneira.gal\\\/#organization\"},\"image\":{\"@id\":\"https:\\\/\\\/www.anovapeneira.gal\\\/index.php\\\/2021\\\/06\\\/10\\\/victoria-alonso-esixe-a-dimision-de-nidia-arevalo-por-ter-perpetrado-a-maior-ilegalidade-urbanistica-da-historia-recente-de-galicia-coa-cidade-do-celta\\\/#primaryimage\"},\"thumbnailUrl\":\"https:\\\/\\\/www.anovapeneira.gal\\\/wp-content\\\/uploads\\\/2021\\\/06\\\/Inauguracion_Celta.jpeg\",\"keywords\":[\"Celta\",\"Concello de Mos\"],\"articleSection\":[\"A Louri\u00f1a\"],\"inLanguage\":\"gl-ES\",\"potentialAction\":[{\"@type\":\"CommentAction\",\"name\":\"Comment\",\"target\":[\"https:\\\/\\\/www.anovapeneira.gal\\\/index.php\\\/2021\\\/06\\\/10\\\/victoria-alonso-esixe-a-dimision-de-nidia-arevalo-por-ter-perpetrado-a-maior-ilegalidade-urbanistica-da-historia-recente-de-galicia-coa-cidade-do-celta\\\/#respond\"]}]},{\"@type\":\"WebPage\",\"@id\":\"https:\\\/\\\/www.anovapeneira.gal\\\/index.php\\\/2021\\\/06\\\/10\\\/victoria-alonso-esixe-a-dimision-de-nidia-arevalo-por-ter-perpetrado-a-maior-ilegalidade-urbanistica-da-historia-recente-de-galicia-coa-cidade-do-celta\\\/\",\"url\":\"https:\\\/\\\/www.anovapeneira.gal\\\/index.php\\\/2021\\\/06\\\/10\\\/victoria-alonso-esixe-a-dimision-de-nidia-arevalo-por-ter-perpetrado-a-maior-ilegalidade-urbanistica-da-historia-recente-de-galicia-coa-cidade-do-celta\\\/\",\"name\":\"VICTORIA ALONSO ESIXE A DIMISI\u00d3N DE NIDIA AR\u00c9VALO POR TER PERPETRADO A MAIOR ILEGALIDADE URBAN\u00cdSTICA DA HISTORIA RECENTE DE GALICIA COA \u201cCIDADE DO CELTA\u201d -\",\"isPartOf\":{\"@id\":\"https:\\\/\\\/www.anovapeneira.gal\\\/#website\"},\"primaryImageOfPage\":{\"@id\":\"https:\\\/\\\/www.anovapeneira.gal\\\/index.php\\\/2021\\\/06\\\/10\\\/victoria-alonso-esixe-a-dimision-de-nidia-arevalo-por-ter-perpetrado-a-maior-ilegalidade-urbanistica-da-historia-recente-de-galicia-coa-cidade-do-celta\\\/#primaryimage\"},\"image\":{\"@id\":\"https:\\\/\\\/www.anovapeneira.gal\\\/index.php\\\/2021\\\/06\\\/10\\\/victoria-alonso-esixe-a-dimision-de-nidia-arevalo-por-ter-perpetrado-a-maior-ilegalidade-urbanistica-da-historia-recente-de-galicia-coa-cidade-do-celta\\\/#primaryimage\"},\"thumbnailUrl\":\"https:\\\/\\\/www.anovapeneira.gal\\\/wp-content\\\/uploads\\\/2021\\\/06\\\/Inauguracion_Celta.jpeg\",\"datePublished\":\"2021-06-10T09:47:40+00:00\",\"dateModified\":\"2021-06-10T09:52:52+00:00\",\"description\":\"\u201cNa s\u00faa obsesi\u00f3n, a alcaldesa levouse por diante a tres concelleir@s de Urbanismo e arrastrou ao presidente da Xunta a unha inauguraci\u00f3n escandalosa\u201d\",\"breadcrumb\":{\"@id\":\"https:\\\/\\\/www.anovapeneira.gal\\\/index.php\\\/2021\\\/06\\\/10\\\/victoria-alonso-esixe-a-dimision-de-nidia-arevalo-por-ter-perpetrado-a-maior-ilegalidade-urbanistica-da-historia-recente-de-galicia-coa-cidade-do-celta\\\/#breadcrumb\"},\"inLanguage\":\"gl-ES\",\"potentialAction\":[{\"@type\":\"ReadAction\",\"target\":[\"https:\\\/\\\/www.anovapeneira.gal\\\/index.php\\\/2021\\\/06\\\/10\\\/victoria-alonso-esixe-a-dimision-de-nidia-arevalo-por-ter-perpetrado-a-maior-ilegalidade-urbanistica-da-historia-recente-de-galicia-coa-cidade-do-celta\\\/\"]}]},{\"@type\":\"ImageObject\",\"inLanguage\":\"gl-ES\",\"@id\":\"https:\\\/\\\/www.anovapeneira.gal\\\/index.php\\\/2021\\\/06\\\/10\\\/victoria-alonso-esixe-a-dimision-de-nidia-arevalo-por-ter-perpetrado-a-maior-ilegalidade-urbanistica-da-historia-recente-de-galicia-coa-cidade-do-celta\\\/#primaryimage\",\"url\":\"https:\\\/\\\/www.anovapeneira.gal\\\/wp-content\\\/uploads\\\/2021\\\/06\\\/Inauguracion_Celta.jpeg\",\"contentUrl\":\"https:\\\/\\\/www.anovapeneira.gal\\\/wp-content\\\/uploads\\\/2021\\\/06\\\/Inauguracion_Celta.jpeg\",\"width\":720,\"height\":432,\"caption\":\"Inauguraci\u00f3n Celta\"},{\"@type\":\"BreadcrumbList\",\"@id\":\"https:\\\/\\\/www.anovapeneira.gal\\\/index.php\\\/2021\\\/06\\\/10\\\/victoria-alonso-esixe-a-dimision-de-nidia-arevalo-por-ter-perpetrado-a-maior-ilegalidade-urbanistica-da-historia-recente-de-galicia-coa-cidade-do-celta\\\/#breadcrumb\",\"itemListElement\":[{\"@type\":\"ListItem\",\"position\":1,\"name\":\"Portada\",\"item\":\"https:\\\/\\\/www.anovapeneira.gal\\\/\"},{\"@type\":\"ListItem\",\"position\":2,\"name\":\"VICTORIA ALONSO ESIXE A DIMISI\u00d3N DE NIDIA AR\u00c9VALO POR TER PERPETRADO A MAIOR ILEGALIDADE URBAN\u00cdSTICA DA HISTORIA RECENTE DE GALICIA COA \u201cCIDADE DO CELTA\u201d\"}]},{\"@type\":\"WebSite\",\"@id\":\"https:\\\/\\\/www.anovapeneira.gal\\\/#website\",\"url\":\"https:\\\/\\\/www.anovapeneira.gal\\\/\",\"name\":\"\",\"description\":\"Xornal galego de informaci\u00f3n xeral Publicaci\u00f3n mensual de novas de Galicia e en especial dos Concellos da sur da provincia de Pontevedra.\",\"publisher\":{\"@id\":\"https:\\\/\\\/www.anovapeneira.gal\\\/#organization\"},\"potentialAction\":[{\"@type\":\"SearchAction\",\"target\":{\"@type\":\"EntryPoint\",\"urlTemplate\":\"https:\\\/\\\/www.anovapeneira.gal\\\/?s={search_term_string}\"},\"query-input\":{\"@type\":\"PropertyValueSpecification\",\"valueRequired\":true,\"valueName\":\"search_term_string\"}}],\"inLanguage\":\"gl-ES\"},{\"@type\":\"Organization\",\"@id\":\"https:\\\/\\\/www.anovapeneira.gal\\\/#organization\",\"name\":\"A Nova Peneira\",\"url\":\"https:\\\/\\\/www.anovapeneira.gal\\\/\",\"logo\":{\"@type\":\"ImageObject\",\"inLanguage\":\"gl-ES\",\"@id\":\"https:\\\/\\\/www.anovapeneira.gal\\\/#\\\/schema\\\/logo\\\/image\\\/\",\"url\":\"http:\\\/\\\/www.anovapeneira.gal\\\/wp-content\\\/uploads\\\/2019\\\/06\\\/logo_a_nova_peneira_portal_web.png\",\"contentUrl\":\"http:\\\/\\\/www.anovapeneira.gal\\\/wp-content\\\/uploads\\\/2019\\\/06\\\/logo_a_nova_peneira_portal_web.png\",\"width\":300,\"height\":100,\"caption\":\"A Nova Peneira\"},\"image\":{\"@id\":\"https:\\\/\\\/www.anovapeneira.gal\\\/#\\\/schema\\\/logo\\\/image\\\/\"},\"sameAs\":[\"https:\\\/\\\/www.facebook.com\\\/anovapeneira\",\"https:\\\/\\\/x.com\\\/APeneira\"]},{\"@type\":\"Person\",\"@id\":\"https:\\\/\\\/www.anovapeneira.gal\\\/#\\\/schema\\\/person\\\/b93e3f8932e3f8da96334607eb6ac6aa\",\"name\":\"Redacci\u00f3n A Nova Peneira\",\"image\":{\"@type\":\"ImageObject\",\"inLanguage\":\"gl-ES\",\"@id\":\"https:\\\/\\\/secure.gravatar.com\\\/avatar\\\/c052a2551a06e23fac63626232eaa90abd78dbcf1700fc46a2b2c89fd27b735f?s=96&d=mm&r=g\",\"url\":\"https:\\\/\\\/secure.gravatar.com\\\/avatar\\\/c052a2551a06e23fac63626232eaa90abd78dbcf1700fc46a2b2c89fd27b735f?s=96&d=mm&r=g\",\"contentUrl\":\"https:\\\/\\\/secure.gravatar.com\\\/avatar\\\/c052a2551a06e23fac63626232eaa90abd78dbcf1700fc46a2b2c89fd27b735f?s=96&d=mm&r=g\",\"caption\":\"Redacci\u00f3n A Nova Peneira\"},\"sameAs\":[\"http:\\\/\\\/www.anovapeneira.gal\\\/\"],\"url\":\"https:\\\/\\\/www.anovapeneira.gal\\\/index.php\\\/author\\\/redactor\\\/\"}]}<\/script>\n<!-- \/ Yoast SEO plugin. -->","yoast_head_json":{"title":"VICTORIA ALONSO ESIXE A DIMISI\u00d3N DE NIDIA AR\u00c9VALO POR TER PERPETRADO A MAIOR ILEGALIDADE URBAN\u00cdSTICA DA HISTORIA RECENTE DE GALICIA COA \u201cCIDADE DO CELTA\u201d -","description":"\u201cNa s\u00faa obsesi\u00f3n, a alcaldesa levouse por diante a tres concelleir@s de Urbanismo e arrastrou ao presidente da Xunta a unha inauguraci\u00f3n escandalosa\u201d","robots":{"index":"index","follow":"follow","max-snippet":"max-snippet:-1","max-image-preview":"max-image-preview:large","max-video-preview":"max-video-preview:-1"},"canonical":"https:\/\/www.anovapeneira.gal\/index.php\/2021\/06\/10\/victoria-alonso-esixe-a-dimision-de-nidia-arevalo-por-ter-perpetrado-a-maior-ilegalidade-urbanistica-da-historia-recente-de-galicia-coa-cidade-do-celta\/","og_locale":"gl_ES","og_type":"article","og_title":"VICTORIA ALONSO ESIXE A DIMISI\u00d3N DE NIDIA AR\u00c9VALO POR TER PERPETRADO A MAIOR ILEGALIDADE URBAN\u00cdSTICA DA HISTORIA RECENTE DE GALICIA COA \u201cCIDADE DO CELTA\u201d -","og_description":"\u201cNa s\u00faa obsesi\u00f3n, a alcaldesa levouse por diante a tres concelleir@s de Urbanismo e arrastrou ao presidente da Xunta a unha inauguraci\u00f3n escandalosa\u201d","og_url":"https:\/\/www.anovapeneira.gal\/index.php\/2021\/06\/10\/victoria-alonso-esixe-a-dimision-de-nidia-arevalo-por-ter-perpetrado-a-maior-ilegalidade-urbanistica-da-historia-recente-de-galicia-coa-cidade-do-celta\/","article_publisher":"https:\/\/www.facebook.com\/anovapeneira","article_published_time":"2021-06-10T09:47:40+00:00","article_modified_time":"2021-06-10T09:52:52+00:00","og_image":[{"width":720,"height":432,"url":"https:\/\/www.anovapeneira.gal\/wp-content\/uploads\/2021\/06\/Inauguracion_Celta.jpeg","type":"image\/jpeg"}],"author":"Redacci\u00f3n A Nova Peneira","twitter_card":"summary_large_image","twitter_creator":"@APeneira","twitter_site":"@APeneira","twitter_misc":{"Escrito por":"Redacci\u00f3n A Nova Peneira","Tempo de lectura":"3 minutos"},"schema":{"@context":"https:\/\/schema.org","@graph":[{"@type":"Article","@id":"https:\/\/www.anovapeneira.gal\/index.php\/2021\/06\/10\/victoria-alonso-esixe-a-dimision-de-nidia-arevalo-por-ter-perpetrado-a-maior-ilegalidade-urbanistica-da-historia-recente-de-galicia-coa-cidade-do-celta\/#article","isPartOf":{"@id":"https:\/\/www.anovapeneira.gal\/index.php\/2021\/06\/10\/victoria-alonso-esixe-a-dimision-de-nidia-arevalo-por-ter-perpetrado-a-maior-ilegalidade-urbanistica-da-historia-recente-de-galicia-coa-cidade-do-celta\/"},"author":{"name":"Redacci\u00f3n A Nova Peneira","@id":"https:\/\/www.anovapeneira.gal\/#\/schema\/person\/b93e3f8932e3f8da96334607eb6ac6aa"},"headline":"VICTORIA ALONSO ESIXE A DIMISI\u00d3N DE NIDIA AR\u00c9VALO POR TER PERPETRADO A MAIOR ILEGALIDADE URBAN\u00cdSTICA DA HISTORIA RECENTE DE GALICIA COA \u201cCIDADE DO CELTA\u201d","datePublished":"2021-06-10T09:47:40+00:00","dateModified":"2021-06-10T09:52:52+00:00","mainEntityOfPage":{"@id":"https:\/\/www.anovapeneira.gal\/index.php\/2021\/06\/10\/victoria-alonso-esixe-a-dimision-de-nidia-arevalo-por-ter-perpetrado-a-maior-ilegalidade-urbanistica-da-historia-recente-de-galicia-coa-cidade-do-celta\/"},"wordCount":618,"commentCount":0,"publisher":{"@id":"https:\/\/www.anovapeneira.gal\/#organization"},"image":{"@id":"https:\/\/www.anovapeneira.gal\/index.php\/2021\/06\/10\/victoria-alonso-esixe-a-dimision-de-nidia-arevalo-por-ter-perpetrado-a-maior-ilegalidade-urbanistica-da-historia-recente-de-galicia-coa-cidade-do-celta\/#primaryimage"},"thumbnailUrl":"https:\/\/www.anovapeneira.gal\/wp-content\/uploads\/2021\/06\/Inauguracion_Celta.jpeg","keywords":["Celta","Concello de Mos"],"articleSection":["A Louri\u00f1a"],"inLanguage":"gl-ES","potentialAction":[{"@type":"CommentAction","name":"Comment","target":["https:\/\/www.anovapeneira.gal\/index.php\/2021\/06\/10\/victoria-alonso-esixe-a-dimision-de-nidia-arevalo-por-ter-perpetrado-a-maior-ilegalidade-urbanistica-da-historia-recente-de-galicia-coa-cidade-do-celta\/#respond"]}]},{"@type":"WebPage","@id":"https:\/\/www.anovapeneira.gal\/index.php\/2021\/06\/10\/victoria-alonso-esixe-a-dimision-de-nidia-arevalo-por-ter-perpetrado-a-maior-ilegalidade-urbanistica-da-historia-recente-de-galicia-coa-cidade-do-celta\/","url":"https:\/\/www.anovapeneira.gal\/index.php\/2021\/06\/10\/victoria-alonso-esixe-a-dimision-de-nidia-arevalo-por-ter-perpetrado-a-maior-ilegalidade-urbanistica-da-historia-recente-de-galicia-coa-cidade-do-celta\/","name":"VICTORIA ALONSO ESIXE A DIMISI\u00d3N DE NIDIA AR\u00c9VALO POR TER PERPETRADO A MAIOR ILEGALIDADE URBAN\u00cdSTICA DA HISTORIA RECENTE DE GALICIA COA \u201cCIDADE DO CELTA\u201d -","isPartOf":{"@id":"https:\/\/www.anovapeneira.gal\/#website"},"primaryImageOfPage":{"@id":"https:\/\/www.anovapeneira.gal\/index.php\/2021\/06\/10\/victoria-alonso-esixe-a-dimision-de-nidia-arevalo-por-ter-perpetrado-a-maior-ilegalidade-urbanistica-da-historia-recente-de-galicia-coa-cidade-do-celta\/#primaryimage"},"image":{"@id":"https:\/\/www.anovapeneira.gal\/index.php\/2021\/06\/10\/victoria-alonso-esixe-a-dimision-de-nidia-arevalo-por-ter-perpetrado-a-maior-ilegalidade-urbanistica-da-historia-recente-de-galicia-coa-cidade-do-celta\/#primaryimage"},"thumbnailUrl":"https:\/\/www.anovapeneira.gal\/wp-content\/uploads\/2021\/06\/Inauguracion_Celta.jpeg","datePublished":"2021-06-10T09:47:40+00:00","dateModified":"2021-06-10T09:52:52+00:00","description":"\u201cNa s\u00faa obsesi\u00f3n, a alcaldesa levouse por diante a tres concelleir@s de Urbanismo e arrastrou ao presidente da Xunta a unha inauguraci\u00f3n escandalosa\u201d","breadcrumb":{"@id":"https:\/\/www.anovapeneira.gal\/index.php\/2021\/06\/10\/victoria-alonso-esixe-a-dimision-de-nidia-arevalo-por-ter-perpetrado-a-maior-ilegalidade-urbanistica-da-historia-recente-de-galicia-coa-cidade-do-celta\/#breadcrumb"},"inLanguage":"gl-ES","potentialAction":[{"@type":"ReadAction","target":["https:\/\/www.anovapeneira.gal\/index.php\/2021\/06\/10\/victoria-alonso-esixe-a-dimision-de-nidia-arevalo-por-ter-perpetrado-a-maior-ilegalidade-urbanistica-da-historia-recente-de-galicia-coa-cidade-do-celta\/"]}]},{"@type":"ImageObject","inLanguage":"gl-ES","@id":"https:\/\/www.anovapeneira.gal\/index.php\/2021\/06\/10\/victoria-alonso-esixe-a-dimision-de-nidia-arevalo-por-ter-perpetrado-a-maior-ilegalidade-urbanistica-da-historia-recente-de-galicia-coa-cidade-do-celta\/#primaryimage","url":"https:\/\/www.anovapeneira.gal\/wp-content\/uploads\/2021\/06\/Inauguracion_Celta.jpeg","contentUrl":"https:\/\/www.anovapeneira.gal\/wp-content\/uploads\/2021\/06\/Inauguracion_Celta.jpeg","width":720,"height":432,"caption":"Inauguraci\u00f3n Celta"},{"@type":"BreadcrumbList","@id":"https:\/\/www.anovapeneira.gal\/index.php\/2021\/06\/10\/victoria-alonso-esixe-a-dimision-de-nidia-arevalo-por-ter-perpetrado-a-maior-ilegalidade-urbanistica-da-historia-recente-de-galicia-coa-cidade-do-celta\/#breadcrumb","itemListElement":[{"@type":"ListItem","position":1,"name":"Portada","item":"https:\/\/www.anovapeneira.gal\/"},{"@type":"ListItem","position":2,"name":"VICTORIA ALONSO ESIXE A DIMISI\u00d3N DE NIDIA AR\u00c9VALO POR TER PERPETRADO A MAIOR ILEGALIDADE URBAN\u00cdSTICA DA HISTORIA RECENTE DE GALICIA COA \u201cCIDADE DO CELTA\u201d"}]},{"@type":"WebSite","@id":"https:\/\/www.anovapeneira.gal\/#website","url":"https:\/\/www.anovapeneira.gal\/","name":"","description":"Xornal galego de informaci\u00f3n xeral Publicaci\u00f3n mensual de novas de Galicia e en especial dos Concellos da sur da provincia de Pontevedra.","publisher":{"@id":"https:\/\/www.anovapeneira.gal\/#organization"},"potentialAction":[{"@type":"SearchAction","target":{"@type":"EntryPoint","urlTemplate":"https:\/\/www.anovapeneira.gal\/?s={search_term_string}"},"query-input":{"@type":"PropertyValueSpecification","valueRequired":true,"valueName":"search_term_string"}}],"inLanguage":"gl-ES"},{"@type":"Organization","@id":"https:\/\/www.anovapeneira.gal\/#organization","name":"A Nova Peneira","url":"https:\/\/www.anovapeneira.gal\/","logo":{"@type":"ImageObject","inLanguage":"gl-ES","@id":"https:\/\/www.anovapeneira.gal\/#\/schema\/logo\/image\/","url":"http:\/\/www.anovapeneira.gal\/wp-content\/uploads\/2019\/06\/logo_a_nova_peneira_portal_web.png","contentUrl":"http:\/\/www.anovapeneira.gal\/wp-content\/uploads\/2019\/06\/logo_a_nova_peneira_portal_web.png","width":300,"height":100,"caption":"A Nova Peneira"},"image":{"@id":"https:\/\/www.anovapeneira.gal\/#\/schema\/logo\/image\/"},"sameAs":["https:\/\/www.facebook.com\/anovapeneira","https:\/\/x.com\/APeneira"]},{"@type":"Person","@id":"https:\/\/www.anovapeneira.gal\/#\/schema\/person\/b93e3f8932e3f8da96334607eb6ac6aa","name":"Redacci\u00f3n A Nova Peneira","image":{"@type":"ImageObject","inLanguage":"gl-ES","@id":"https:\/\/secure.gravatar.com\/avatar\/c052a2551a06e23fac63626232eaa90abd78dbcf1700fc46a2b2c89fd27b735f?s=96&d=mm&r=g","url":"https:\/\/secure.gravatar.com\/avatar\/c052a2551a06e23fac63626232eaa90abd78dbcf1700fc46a2b2c89fd27b735f?s=96&d=mm&r=g","contentUrl":"https:\/\/secure.gravatar.com\/avatar\/c052a2551a06e23fac63626232eaa90abd78dbcf1700fc46a2b2c89fd27b735f?s=96&d=mm&r=g","caption":"Redacci\u00f3n A Nova Peneira"},"sameAs":["http:\/\/www.anovapeneira.gal\/"],"url":"https:\/\/www.anovapeneira.gal\/index.php\/author\/redactor\/"}]}},"jetpack_featured_media_url":"https:\/\/www.anovapeneira.gal\/wp-content\/uploads\/2021\/06\/Inauguracion_Celta.jpeg","_links":{"self":[{"href":"https:\/\/www.anovapeneira.gal\/index.php\/wp-json\/wp\/v2\/posts\/5593","targetHints":{"allow":["GET"]}}],"collection":[{"href":"https:\/\/www.anovapeneira.gal\/index.php\/wp-json\/wp\/v2\/posts"}],"about":[{"href":"https:\/\/www.anovapeneira.gal\/index.php\/wp-json\/wp\/v2\/types\/post"}],"author":[{"embeddable":true,"href":"https:\/\/www.anovapeneira.gal\/index.php\/wp-json\/wp\/v2\/users\/3"}],"replies":[{"embeddable":true,"href":"https:\/\/www.anovapeneira.gal\/index.php\/wp-json\/wp\/v2\/comments?post=5593"}],"version-history":[{"count":1,"href":"https:\/\/www.anovapeneira.gal\/index.php\/wp-json\/wp\/v2\/posts\/5593\/revisions"}],"predecessor-version":[{"id":5595,"href":"https:\/\/www.anovapeneira.gal\/index.php\/wp-json\/wp\/v2\/posts\/5593\/revisions\/5595"}],"wp:featuredmedia":[{"embeddable":true,"href":"https:\/\/www.anovapeneira.gal\/index.php\/wp-json\/wp\/v2\/media\/5594"}],"wp:attachment":[{"href":"https:\/\/www.anovapeneira.gal\/index.php\/wp-json\/wp\/v2\/media?parent=5593"}],"wp:term":[{"taxonomy":"category","embeddable":true,"href":"https:\/\/www.anovapeneira.gal\/index.php\/wp-json\/wp\/v2\/categories?post=5593"},{"taxonomy":"post_tag","embeddable":true,"href":"https:\/\/www.anovapeneira.gal\/index.php\/wp-json\/wp\/v2\/tags?post=5593"}],"curies":[{"name":"wp","href":"https:\/\/api.w.org\/{rel}","templated":true}]}}