{"id":5606,"date":"2021-06-16T10:00:44","date_gmt":"2021-06-16T08:00:44","guid":{"rendered":"http:\/\/www.anovapeneira.gal\/?p=5606"},"modified":"2021-06-14T13:34:07","modified_gmt":"2021-06-14T11:34:07","slug":"o-bng-denuncia-o-uso-de-herbicidas-na-limpeza-do-aeroporto-de-vigo","status":"publish","type":"post","link":"https:\/\/www.anovapeneira.gal\/index.php\/2021\/06\/16\/o-bng-denuncia-o-uso-de-herbicidas-na-limpeza-do-aeroporto-de-vigo\/","title":{"rendered":"O BNG denuncia o uso de herbicidas na limpeza do Aeroporto de Vigo"},"content":{"rendered":"\n<h2 class=\"wp-block-heading\">Xo\u00e1n Carlos Gonz\u00e1lez fala dun \u201cposible atentado contra a sa\u00fade, ao empregarse estes productos a escasos metros dunha fonte p\u00fablica na parroquia de Vilar\u201d.<\/h2>\n\n\n\n<p>O uso de herbicidas para a limpeza de parte da cabeceira norte do Aeroporto de Vigo, en Redondela, constit\u00fae para a organizaci\u00f3n nacionalista un feito de extrema gravidade. Entenden que dende o concello d\u00e9bese abrir un expediente para depurar responsabilidades. A problem\u00e1tica afecta igualmente \u00e1 cabeceira sur en Mos.<\/p>\n\n\n\n<p>O voceiro nacionalista, considera que \u201cse trata dunha actuaci\u00f3n que mesmo pode atentar contra a sa\u00fade p\u00fablica pois a escasos metros de onde aplicaron herbicidas, sit\u00faase a Fonte da Lata, na parroquia de Vilar. Deste manantial beben diariamente ducias de veci\u00f1os e veci\u00f1as, e mesmo xente doutras parroquias\u201d.<\/p>\n\n\n\n<p>Segundo explica, a limpeza dos terreos do aeroporto, en Redondela, \u00e9 m\u00e1is que deficiente. Grande parte da maleza invade mesmo viais, chegando a ocultar alg\u00fans sinais de tr\u00e1fico. \u201cSupo\u00f1emos que o Concello teralle aberto alg\u00fan expediente ao Aeroporto, como sucede con outros veci\u00f1os e veci\u00f1as\u201d.<\/p>\n\n\n\n<p>Para o edil nacionalista, as administraci\u00f3ns p\u00fablicas deben dar exemplo, mantendo as s\u00faas propiedades en correctas condici\u00f3ns. Mais iso non as exime de ser respeituosas co medio ambente. \u201cNo caso de que todo o mundo empregase herbicidas, o noso medio natural, e a propia Enseada San Sim\u00f3n, onde finalmente acaban todos estos productos, desaparecer\u00eda\u201d, considera.<\/p>\n\n\n\n<p>Recorda que o Pleno do Concello aprobou unha moci\u00f3n en contra de utilizar estes productos en todo o seu termo municipal. Segundo Xo\u00e1n Carlos Gonz\u00e1lez, detr\u00e1s do uso de herbicidas at\u00f3panse os recortes de fondos para o mantemento do Aeroporto de Vigo. \u201cAtop\u00e1monos ante unha situaci\u00f3n grav\u00edsima e unha imprudencia. Coa sa\u00fade dos veci\u00f1os e veci\u00f1as non se pode xogar deste xeito. Chegaremos ao fondo do asunto. Non pode ser que Redondela siga sufrindo o impacto negativo desta infraestructura\u201d, remata na s\u00faa nota.<\/p>\n","protected":false},"excerpt":{"rendered":"<div class=\"mh-excerpt\"><p>Xo\u00e1n Carlos Gonz\u00e1lez fala dun \u201cposible atentado contra a sa\u00fade, ao empregarse estes productos a escasos metros dunha fonte p\u00fablica na parroquia de Vilar\u201d. <a class=\"mh-excerpt-more\" href=\"https:\/\/www.anovapeneira.gal\/index.php\/2021\/06\/16\/o-bng-denuncia-o-uso-de-herbicidas-na-limpeza-do-aeroporto-de-vigo\/\" title=\"O BNG denuncia o uso de herbicidas na limpeza do Aeroporto de Vigo\">[&#8230;]<\/a><\/p>\n<\/div>","protected":false},"author":3,"featured_media":5607,"comment_status":"open","ping_status":"open","sticky":false,"template":"","format":"standard","meta":{"_exactmetrics_skip_tracking":false,"_exactmetrics_sitenote_active":false,"_exactmetrics_sitenote_note":"","_exactmetrics_sitenote_category":0,"footnotes":""},"categories":[19],"tags":[],"class_list":{"0":"post-5606","1":"post","2":"type-post","3":"status-publish","4":"format-standard","5":"has-post-thumbnail","7":"category-vigo"},"yoast_head":"<!-- This site is optimized with the Yoast SEO plugin v27.5 - https:\/\/yoast.com\/product\/yoast-seo-wordpress\/ -->\n<title>O BNG denuncia o uso de herbicidas na limpeza do Aeroporto de Vigo -<\/title>\n<meta name=\"description\" content=\"Xo\u00e1n Carlos Gonz\u00e1lez fala dun \u201cposible atentado contra a sa\u00fade, ao empregarse estes productos a escasos metros dunha fonte p\u00fablica na parroquia de Vilar\u201d.\" \/>\n<meta name=\"robots\" content=\"index, follow, max-snippet:-1, max-image-preview:large, max-video-preview:-1\" \/>\n<link rel=\"canonical\" href=\"https:\/\/www.anovapeneira.gal\/index.php\/2021\/06\/16\/o-bng-denuncia-o-uso-de-herbicidas-na-limpeza-do-aeroporto-de-vigo\/\" \/>\n<meta property=\"og:locale\" content=\"gl_ES\" \/>\n<meta property=\"og:type\" content=\"article\" \/>\n<meta property=\"og:title\" content=\"O BNG denuncia o uso de herbicidas na limpeza do Aeroporto de Vigo -\" \/>\n<meta property=\"og:description\" content=\"Xo\u00e1n Carlos Gonz\u00e1lez fala dun \u201cposible atentado contra a sa\u00fade, ao empregarse estes productos a escasos metros dunha fonte p\u00fablica na parroquia de Vilar\u201d.\" \/>\n<meta property=\"og:url\" content=\"https:\/\/www.anovapeneira.gal\/index.php\/2021\/06\/16\/o-bng-denuncia-o-uso-de-herbicidas-na-limpeza-do-aeroporto-de-vigo\/\" \/>\n<meta property=\"article:publisher\" content=\"https:\/\/www.facebook.com\/anovapeneira\" \/>\n<meta property=\"article:published_time\" content=\"2021-06-16T08:00:44+00:00\" \/>\n<meta property=\"og:image\" content=\"https:\/\/www.anovapeneira.gal\/wp-content\/uploads\/2021\/06\/aeroporto_de_vigo.jpg\" \/>\n\t<meta property=\"og:image:width\" content=\"2048\" \/>\n\t<meta property=\"og:image:height\" content=\"1536\" \/>\n\t<meta property=\"og:image:type\" content=\"image\/jpeg\" \/>\n<meta name=\"author\" content=\"Redacci\u00f3n A Nova Peneira\" \/>\n<meta name=\"twitter:card\" content=\"summary_large_image\" \/>\n<meta name=\"twitter:creator\" content=\"@APeneira\" \/>\n<meta name=\"twitter:site\" content=\"@APeneira\" \/>\n<meta name=\"twitter:label1\" content=\"Escrito por\" \/>\n\t<meta name=\"twitter:data1\" content=\"Redacci\u00f3n A Nova Peneira\" \/>\n\t<meta name=\"twitter:label2\" content=\"Tempo de lectura\" \/>\n\t<meta name=\"twitter:data2\" content=\"2 minutos\" \/>\n<script type=\"application\/ld+json\" class=\"yoast-schema-graph\">{\"@context\":\"https:\\\/\\\/schema.org\",\"@graph\":[{\"@type\":\"Article\",\"@id\":\"https:\\\/\\\/www.anovapeneira.gal\\\/index.php\\\/2021\\\/06\\\/16\\\/o-bng-denuncia-o-uso-de-herbicidas-na-limpeza-do-aeroporto-de-vigo\\\/#article\",\"isPartOf\":{\"@id\":\"https:\\\/\\\/www.anovapeneira.gal\\\/index.php\\\/2021\\\/06\\\/16\\\/o-bng-denuncia-o-uso-de-herbicidas-na-limpeza-do-aeroporto-de-vigo\\\/\"},\"author\":{\"name\":\"Redacci\u00f3n A Nova Peneira\",\"@id\":\"https:\\\/\\\/www.anovapeneira.gal\\\/#\\\/schema\\\/person\\\/b93e3f8932e3f8da96334607eb6ac6aa\"},\"headline\":\"O BNG denuncia o uso de herbicidas na limpeza do Aeroporto de Vigo\",\"datePublished\":\"2021-06-16T08:00:44+00:00\",\"mainEntityOfPage\":{\"@id\":\"https:\\\/\\\/www.anovapeneira.gal\\\/index.php\\\/2021\\\/06\\\/16\\\/o-bng-denuncia-o-uso-de-herbicidas-na-limpeza-do-aeroporto-de-vigo\\\/\"},\"wordCount\":354,\"commentCount\":0,\"publisher\":{\"@id\":\"https:\\\/\\\/www.anovapeneira.gal\\\/#organization\"},\"image\":{\"@id\":\"https:\\\/\\\/www.anovapeneira.gal\\\/index.php\\\/2021\\\/06\\\/16\\\/o-bng-denuncia-o-uso-de-herbicidas-na-limpeza-do-aeroporto-de-vigo\\\/#primaryimage\"},\"thumbnailUrl\":\"https:\\\/\\\/www.anovapeneira.gal\\\/wp-content\\\/uploads\\\/2021\\\/06\\\/aeroporto_de_vigo.jpg\",\"articleSection\":[\"Vigo\"],\"inLanguage\":\"gl-ES\",\"potentialAction\":[{\"@type\":\"CommentAction\",\"name\":\"Comment\",\"target\":[\"https:\\\/\\\/www.anovapeneira.gal\\\/index.php\\\/2021\\\/06\\\/16\\\/o-bng-denuncia-o-uso-de-herbicidas-na-limpeza-do-aeroporto-de-vigo\\\/#respond\"]}]},{\"@type\":\"WebPage\",\"@id\":\"https:\\\/\\\/www.anovapeneira.gal\\\/index.php\\\/2021\\\/06\\\/16\\\/o-bng-denuncia-o-uso-de-herbicidas-na-limpeza-do-aeroporto-de-vigo\\\/\",\"url\":\"https:\\\/\\\/www.anovapeneira.gal\\\/index.php\\\/2021\\\/06\\\/16\\\/o-bng-denuncia-o-uso-de-herbicidas-na-limpeza-do-aeroporto-de-vigo\\\/\",\"name\":\"O BNG denuncia o uso de herbicidas na limpeza do Aeroporto de Vigo -\",\"isPartOf\":{\"@id\":\"https:\\\/\\\/www.anovapeneira.gal\\\/#website\"},\"primaryImageOfPage\":{\"@id\":\"https:\\\/\\\/www.anovapeneira.gal\\\/index.php\\\/2021\\\/06\\\/16\\\/o-bng-denuncia-o-uso-de-herbicidas-na-limpeza-do-aeroporto-de-vigo\\\/#primaryimage\"},\"image\":{\"@id\":\"https:\\\/\\\/www.anovapeneira.gal\\\/index.php\\\/2021\\\/06\\\/16\\\/o-bng-denuncia-o-uso-de-herbicidas-na-limpeza-do-aeroporto-de-vigo\\\/#primaryimage\"},\"thumbnailUrl\":\"https:\\\/\\\/www.anovapeneira.gal\\\/wp-content\\\/uploads\\\/2021\\\/06\\\/aeroporto_de_vigo.jpg\",\"datePublished\":\"2021-06-16T08:00:44+00:00\",\"description\":\"Xo\u00e1n Carlos Gonz\u00e1lez fala dun \u201cposible atentado contra a sa\u00fade, ao empregarse estes productos a escasos metros dunha fonte p\u00fablica na parroquia de Vilar\u201d.\",\"breadcrumb\":{\"@id\":\"https:\\\/\\\/www.anovapeneira.gal\\\/index.php\\\/2021\\\/06\\\/16\\\/o-bng-denuncia-o-uso-de-herbicidas-na-limpeza-do-aeroporto-de-vigo\\\/#breadcrumb\"},\"inLanguage\":\"gl-ES\",\"potentialAction\":[{\"@type\":\"ReadAction\",\"target\":[\"https:\\\/\\\/www.anovapeneira.gal\\\/index.php\\\/2021\\\/06\\\/16\\\/o-bng-denuncia-o-uso-de-herbicidas-na-limpeza-do-aeroporto-de-vigo\\\/\"]}]},{\"@type\":\"ImageObject\",\"inLanguage\":\"gl-ES\",\"@id\":\"https:\\\/\\\/www.anovapeneira.gal\\\/index.php\\\/2021\\\/06\\\/16\\\/o-bng-denuncia-o-uso-de-herbicidas-na-limpeza-do-aeroporto-de-vigo\\\/#primaryimage\",\"url\":\"https:\\\/\\\/www.anovapeneira.gal\\\/wp-content\\\/uploads\\\/2021\\\/06\\\/aeroporto_de_vigo.jpg\",\"contentUrl\":\"https:\\\/\\\/www.anovapeneira.gal\\\/wp-content\\\/uploads\\\/2021\\\/06\\\/aeroporto_de_vigo.jpg\",\"width\":2048,\"height\":1536,\"caption\":\"herbicidas na limpeza do Aeroporto de Vigo\"},{\"@type\":\"BreadcrumbList\",\"@id\":\"https:\\\/\\\/www.anovapeneira.gal\\\/index.php\\\/2021\\\/06\\\/16\\\/o-bng-denuncia-o-uso-de-herbicidas-na-limpeza-do-aeroporto-de-vigo\\\/#breadcrumb\",\"itemListElement\":[{\"@type\":\"ListItem\",\"position\":1,\"name\":\"Portada\",\"item\":\"https:\\\/\\\/www.anovapeneira.gal\\\/\"},{\"@type\":\"ListItem\",\"position\":2,\"name\":\"O BNG denuncia o uso de herbicidas na limpeza do Aeroporto de Vigo\"}]},{\"@type\":\"WebSite\",\"@id\":\"https:\\\/\\\/www.anovapeneira.gal\\\/#website\",\"url\":\"https:\\\/\\\/www.anovapeneira.gal\\\/\",\"name\":\"\",\"description\":\"Xornal galego de informaci\u00f3n xeral Publicaci\u00f3n mensual de novas de Galicia e en especial dos Concellos da sur da provincia de Pontevedra.\",\"publisher\":{\"@id\":\"https:\\\/\\\/www.anovapeneira.gal\\\/#organization\"},\"potentialAction\":[{\"@type\":\"SearchAction\",\"target\":{\"@type\":\"EntryPoint\",\"urlTemplate\":\"https:\\\/\\\/www.anovapeneira.gal\\\/?s={search_term_string}\"},\"query-input\":{\"@type\":\"PropertyValueSpecification\",\"valueRequired\":true,\"valueName\":\"search_term_string\"}}],\"inLanguage\":\"gl-ES\"},{\"@type\":\"Organization\",\"@id\":\"https:\\\/\\\/www.anovapeneira.gal\\\/#organization\",\"name\":\"A Nova Peneira\",\"url\":\"https:\\\/\\\/www.anovapeneira.gal\\\/\",\"logo\":{\"@type\":\"ImageObject\",\"inLanguage\":\"gl-ES\",\"@id\":\"https:\\\/\\\/www.anovapeneira.gal\\\/#\\\/schema\\\/logo\\\/image\\\/\",\"url\":\"http:\\\/\\\/www.anovapeneira.gal\\\/wp-content\\\/uploads\\\/2019\\\/06\\\/logo_a_nova_peneira_portal_web.png\",\"contentUrl\":\"http:\\\/\\\/www.anovapeneira.gal\\\/wp-content\\\/uploads\\\/2019\\\/06\\\/logo_a_nova_peneira_portal_web.png\",\"width\":300,\"height\":100,\"caption\":\"A Nova Peneira\"},\"image\":{\"@id\":\"https:\\\/\\\/www.anovapeneira.gal\\\/#\\\/schema\\\/logo\\\/image\\\/\"},\"sameAs\":[\"https:\\\/\\\/www.facebook.com\\\/anovapeneira\",\"https:\\\/\\\/x.com\\\/APeneira\"]},{\"@type\":\"Person\",\"@id\":\"https:\\\/\\\/www.anovapeneira.gal\\\/#\\\/schema\\\/person\\\/b93e3f8932e3f8da96334607eb6ac6aa\",\"name\":\"Redacci\u00f3n A Nova Peneira\",\"image\":{\"@type\":\"ImageObject\",\"inLanguage\":\"gl-ES\",\"@id\":\"https:\\\/\\\/secure.gravatar.com\\\/avatar\\\/c052a2551a06e23fac63626232eaa90abd78dbcf1700fc46a2b2c89fd27b735f?s=96&d=mm&r=g\",\"url\":\"https:\\\/\\\/secure.gravatar.com\\\/avatar\\\/c052a2551a06e23fac63626232eaa90abd78dbcf1700fc46a2b2c89fd27b735f?s=96&d=mm&r=g\",\"contentUrl\":\"https:\\\/\\\/secure.gravatar.com\\\/avatar\\\/c052a2551a06e23fac63626232eaa90abd78dbcf1700fc46a2b2c89fd27b735f?s=96&d=mm&r=g\",\"caption\":\"Redacci\u00f3n A Nova Peneira\"},\"sameAs\":[\"http:\\\/\\\/www.anovapeneira.gal\\\/\"],\"url\":\"https:\\\/\\\/www.anovapeneira.gal\\\/index.php\\\/author\\\/redactor\\\/\"}]}<\/script>\n<!-- \/ Yoast SEO plugin. -->","yoast_head_json":{"title":"O BNG denuncia o uso de herbicidas na limpeza do Aeroporto de Vigo -","description":"Xo\u00e1n Carlos Gonz\u00e1lez fala dun \u201cposible atentado contra a sa\u00fade, ao empregarse estes productos a escasos metros dunha fonte p\u00fablica na parroquia de Vilar\u201d.","robots":{"index":"index","follow":"follow","max-snippet":"max-snippet:-1","max-image-preview":"max-image-preview:large","max-video-preview":"max-video-preview:-1"},"canonical":"https:\/\/www.anovapeneira.gal\/index.php\/2021\/06\/16\/o-bng-denuncia-o-uso-de-herbicidas-na-limpeza-do-aeroporto-de-vigo\/","og_locale":"gl_ES","og_type":"article","og_title":"O BNG denuncia o uso de herbicidas na limpeza do Aeroporto de Vigo -","og_description":"Xo\u00e1n Carlos Gonz\u00e1lez fala dun \u201cposible atentado contra a sa\u00fade, ao empregarse estes productos a escasos metros dunha fonte p\u00fablica na parroquia de Vilar\u201d.","og_url":"https:\/\/www.anovapeneira.gal\/index.php\/2021\/06\/16\/o-bng-denuncia-o-uso-de-herbicidas-na-limpeza-do-aeroporto-de-vigo\/","article_publisher":"https:\/\/www.facebook.com\/anovapeneira","article_published_time":"2021-06-16T08:00:44+00:00","og_image":[{"width":2048,"height":1536,"url":"https:\/\/www.anovapeneira.gal\/wp-content\/uploads\/2021\/06\/aeroporto_de_vigo.jpg","type":"image\/jpeg"}],"author":"Redacci\u00f3n A Nova Peneira","twitter_card":"summary_large_image","twitter_creator":"@APeneira","twitter_site":"@APeneira","twitter_misc":{"Escrito por":"Redacci\u00f3n A Nova Peneira","Tempo de lectura":"2 minutos"},"schema":{"@context":"https:\/\/schema.org","@graph":[{"@type":"Article","@id":"https:\/\/www.anovapeneira.gal\/index.php\/2021\/06\/16\/o-bng-denuncia-o-uso-de-herbicidas-na-limpeza-do-aeroporto-de-vigo\/#article","isPartOf":{"@id":"https:\/\/www.anovapeneira.gal\/index.php\/2021\/06\/16\/o-bng-denuncia-o-uso-de-herbicidas-na-limpeza-do-aeroporto-de-vigo\/"},"author":{"name":"Redacci\u00f3n A Nova Peneira","@id":"https:\/\/www.anovapeneira.gal\/#\/schema\/person\/b93e3f8932e3f8da96334607eb6ac6aa"},"headline":"O BNG denuncia o uso de herbicidas na limpeza do Aeroporto de Vigo","datePublished":"2021-06-16T08:00:44+00:00","mainEntityOfPage":{"@id":"https:\/\/www.anovapeneira.gal\/index.php\/2021\/06\/16\/o-bng-denuncia-o-uso-de-herbicidas-na-limpeza-do-aeroporto-de-vigo\/"},"wordCount":354,"commentCount":0,"publisher":{"@id":"https:\/\/www.anovapeneira.gal\/#organization"},"image":{"@id":"https:\/\/www.anovapeneira.gal\/index.php\/2021\/06\/16\/o-bng-denuncia-o-uso-de-herbicidas-na-limpeza-do-aeroporto-de-vigo\/#primaryimage"},"thumbnailUrl":"https:\/\/www.anovapeneira.gal\/wp-content\/uploads\/2021\/06\/aeroporto_de_vigo.jpg","articleSection":["Vigo"],"inLanguage":"gl-ES","potentialAction":[{"@type":"CommentAction","name":"Comment","target":["https:\/\/www.anovapeneira.gal\/index.php\/2021\/06\/16\/o-bng-denuncia-o-uso-de-herbicidas-na-limpeza-do-aeroporto-de-vigo\/#respond"]}]},{"@type":"WebPage","@id":"https:\/\/www.anovapeneira.gal\/index.php\/2021\/06\/16\/o-bng-denuncia-o-uso-de-herbicidas-na-limpeza-do-aeroporto-de-vigo\/","url":"https:\/\/www.anovapeneira.gal\/index.php\/2021\/06\/16\/o-bng-denuncia-o-uso-de-herbicidas-na-limpeza-do-aeroporto-de-vigo\/","name":"O BNG denuncia o uso de herbicidas na limpeza do Aeroporto de Vigo -","isPartOf":{"@id":"https:\/\/www.anovapeneira.gal\/#website"},"primaryImageOfPage":{"@id":"https:\/\/www.anovapeneira.gal\/index.php\/2021\/06\/16\/o-bng-denuncia-o-uso-de-herbicidas-na-limpeza-do-aeroporto-de-vigo\/#primaryimage"},"image":{"@id":"https:\/\/www.anovapeneira.gal\/index.php\/2021\/06\/16\/o-bng-denuncia-o-uso-de-herbicidas-na-limpeza-do-aeroporto-de-vigo\/#primaryimage"},"thumbnailUrl":"https:\/\/www.anovapeneira.gal\/wp-content\/uploads\/2021\/06\/aeroporto_de_vigo.jpg","datePublished":"2021-06-16T08:00:44+00:00","description":"Xo\u00e1n Carlos Gonz\u00e1lez fala dun \u201cposible atentado contra a sa\u00fade, ao empregarse estes productos a escasos metros dunha fonte p\u00fablica na parroquia de Vilar\u201d.","breadcrumb":{"@id":"https:\/\/www.anovapeneira.gal\/index.php\/2021\/06\/16\/o-bng-denuncia-o-uso-de-herbicidas-na-limpeza-do-aeroporto-de-vigo\/#breadcrumb"},"inLanguage":"gl-ES","potentialAction":[{"@type":"ReadAction","target":["https:\/\/www.anovapeneira.gal\/index.php\/2021\/06\/16\/o-bng-denuncia-o-uso-de-herbicidas-na-limpeza-do-aeroporto-de-vigo\/"]}]},{"@type":"ImageObject","inLanguage":"gl-ES","@id":"https:\/\/www.anovapeneira.gal\/index.php\/2021\/06\/16\/o-bng-denuncia-o-uso-de-herbicidas-na-limpeza-do-aeroporto-de-vigo\/#primaryimage","url":"https:\/\/www.anovapeneira.gal\/wp-content\/uploads\/2021\/06\/aeroporto_de_vigo.jpg","contentUrl":"https:\/\/www.anovapeneira.gal\/wp-content\/uploads\/2021\/06\/aeroporto_de_vigo.jpg","width":2048,"height":1536,"caption":"herbicidas na limpeza do Aeroporto de Vigo"},{"@type":"BreadcrumbList","@id":"https:\/\/www.anovapeneira.gal\/index.php\/2021\/06\/16\/o-bng-denuncia-o-uso-de-herbicidas-na-limpeza-do-aeroporto-de-vigo\/#breadcrumb","itemListElement":[{"@type":"ListItem","position":1,"name":"Portada","item":"https:\/\/www.anovapeneira.gal\/"},{"@type":"ListItem","position":2,"name":"O BNG denuncia o uso de herbicidas na limpeza do Aeroporto de Vigo"}]},{"@type":"WebSite","@id":"https:\/\/www.anovapeneira.gal\/#website","url":"https:\/\/www.anovapeneira.gal\/","name":"","description":"Xornal galego de informaci\u00f3n xeral Publicaci\u00f3n mensual de novas de Galicia e en especial dos Concellos da sur da provincia de Pontevedra.","publisher":{"@id":"https:\/\/www.anovapeneira.gal\/#organization"},"potentialAction":[{"@type":"SearchAction","target":{"@type":"EntryPoint","urlTemplate":"https:\/\/www.anovapeneira.gal\/?s={search_term_string}"},"query-input":{"@type":"PropertyValueSpecification","valueRequired":true,"valueName":"search_term_string"}}],"inLanguage":"gl-ES"},{"@type":"Organization","@id":"https:\/\/www.anovapeneira.gal\/#organization","name":"A Nova Peneira","url":"https:\/\/www.anovapeneira.gal\/","logo":{"@type":"ImageObject","inLanguage":"gl-ES","@id":"https:\/\/www.anovapeneira.gal\/#\/schema\/logo\/image\/","url":"http:\/\/www.anovapeneira.gal\/wp-content\/uploads\/2019\/06\/logo_a_nova_peneira_portal_web.png","contentUrl":"http:\/\/www.anovapeneira.gal\/wp-content\/uploads\/2019\/06\/logo_a_nova_peneira_portal_web.png","width":300,"height":100,"caption":"A Nova Peneira"},"image":{"@id":"https:\/\/www.anovapeneira.gal\/#\/schema\/logo\/image\/"},"sameAs":["https:\/\/www.facebook.com\/anovapeneira","https:\/\/x.com\/APeneira"]},{"@type":"Person","@id":"https:\/\/www.anovapeneira.gal\/#\/schema\/person\/b93e3f8932e3f8da96334607eb6ac6aa","name":"Redacci\u00f3n A Nova Peneira","image":{"@type":"ImageObject","inLanguage":"gl-ES","@id":"https:\/\/secure.gravatar.com\/avatar\/c052a2551a06e23fac63626232eaa90abd78dbcf1700fc46a2b2c89fd27b735f?s=96&d=mm&r=g","url":"https:\/\/secure.gravatar.com\/avatar\/c052a2551a06e23fac63626232eaa90abd78dbcf1700fc46a2b2c89fd27b735f?s=96&d=mm&r=g","contentUrl":"https:\/\/secure.gravatar.com\/avatar\/c052a2551a06e23fac63626232eaa90abd78dbcf1700fc46a2b2c89fd27b735f?s=96&d=mm&r=g","caption":"Redacci\u00f3n A Nova Peneira"},"sameAs":["http:\/\/www.anovapeneira.gal\/"],"url":"https:\/\/www.anovapeneira.gal\/index.php\/author\/redactor\/"}]}},"jetpack_featured_media_url":"https:\/\/www.anovapeneira.gal\/wp-content\/uploads\/2021\/06\/aeroporto_de_vigo.jpg","_links":{"self":[{"href":"https:\/\/www.anovapeneira.gal\/index.php\/wp-json\/wp\/v2\/posts\/5606","targetHints":{"allow":["GET"]}}],"collection":[{"href":"https:\/\/www.anovapeneira.gal\/index.php\/wp-json\/wp\/v2\/posts"}],"about":[{"href":"https:\/\/www.anovapeneira.gal\/index.php\/wp-json\/wp\/v2\/types\/post"}],"author":[{"embeddable":true,"href":"https:\/\/www.anovapeneira.gal\/index.php\/wp-json\/wp\/v2\/users\/3"}],"replies":[{"embeddable":true,"href":"https:\/\/www.anovapeneira.gal\/index.php\/wp-json\/wp\/v2\/comments?post=5606"}],"version-history":[{"count":1,"href":"https:\/\/www.anovapeneira.gal\/index.php\/wp-json\/wp\/v2\/posts\/5606\/revisions"}],"predecessor-version":[{"id":5608,"href":"https:\/\/www.anovapeneira.gal\/index.php\/wp-json\/wp\/v2\/posts\/5606\/revisions\/5608"}],"wp:featuredmedia":[{"embeddable":true,"href":"https:\/\/www.anovapeneira.gal\/index.php\/wp-json\/wp\/v2\/media\/5607"}],"wp:attachment":[{"href":"https:\/\/www.anovapeneira.gal\/index.php\/wp-json\/wp\/v2\/media?parent=5606"}],"wp:term":[{"taxonomy":"category","embeddable":true,"href":"https:\/\/www.anovapeneira.gal\/index.php\/wp-json\/wp\/v2\/categories?post=5606"},{"taxonomy":"post_tag","embeddable":true,"href":"https:\/\/www.anovapeneira.gal\/index.php\/wp-json\/wp\/v2\/tags?post=5606"}],"curies":[{"name":"wp","href":"https:\/\/api.w.org\/{rel}","templated":true}]}}