{"id":5613,"date":"2021-06-17T10:00:19","date_gmt":"2021-06-17T08:00:19","guid":{"rendered":"http:\/\/www.anovapeneira.gal\/?p=5613"},"modified":"2021-06-14T13:49:42","modified_gmt":"2021-06-14T11:49:42","slug":"o-concello-de-nigran-abre-o-prazo-de-inscricion-para-unha-decena-de-campus-deportivos-de-veran","status":"publish","type":"post","link":"https:\/\/www.anovapeneira.gal\/index.php\/2021\/06\/17\/o-concello-de-nigran-abre-o-prazo-de-inscricion-para-unha-decena-de-campus-deportivos-de-veran\/","title":{"rendered":"O Concello de Nigr\u00e1n abre o prazo de inscrici\u00f3n para unha decena de campus deportivos de ver\u00e1n"},"content":{"rendered":"\n<h2 class=\"wp-block-heading\"><strong>Iranse desenvolvendo desde finais de xu\u00f1o a inicios de setembre e abranguen diferentes disciplinas deportivas: patinaxe, baloncesto, tenis, deportes n\u00e1uticos, multideporte, tenis de mesa, f\u00fatbol e ximnasia r\u00edtmica<\/strong><\/h2>\n\n\n\n<p><strong><span><span style=\"font-weight: 600;\"><i>Nigr\u00e1n<\/i><\/span><i style=\"font-weight: bold;\">,<\/i><\/span> 11 de xu\u00f1o de 2021<\/strong><\/p>\n\n\n\n<p>O Concello de Nigr\u00e1n, coa colaboraci\u00f3n dos clubes do municipio, organiza dende finais de xu\u00f1o a inicios de setembro dez campus deportivos orientados a crianzas e adolescentes: patinaxe, baloncesto, tenis, deportes n\u00e1uticos, multideporte, tenis de mesa, f\u00fatbol e ximnasia r\u00edtmica. O prazo de inscrici\u00f3n aos mesmos est\u00e1 aberto, dispondo os interesados de toda a informaci\u00f3n na web municipal (datas, mails de contacto e tel\u00e9fonos, lugar de celebraci\u00f3n, prezo, etc). Todos te\u00f1en unha duraci\u00f3n aproximada de cinco d\u00edas e un custe entre os 45 \u20ac e os 65 \u20ac, existindo nalg\u00fans casos descontos para irm\u00e1ns. Os campus est\u00e1n orientados a un p\u00fablico infantil e adolescente e arrancan con deportes n\u00e1uticos o 28 de xu\u00f1o, sendo o \u00faltimo o de surf do 30 de agosto ao 3 de setembro. O Concello aportar\u00e1 a merenda diaria para cada participante e a cobertura do seguro.<\/p>\n\n\n\n<figure class=\"wp-block-image size-large is-style-default\"><img loading=\"lazy\" decoding=\"async\" width=\"724\" height=\"1024\" src=\"http:\/\/www.anovapeneira.gal\/wp-content\/uploads\/2021\/06\/Facebook_Campus_Deportivos_2021_2.0-724x1024.jpg\" alt=\"\" class=\"wp-image-5614\" srcset=\"https:\/\/www.anovapeneira.gal\/wp-content\/uploads\/2021\/06\/Facebook_Campus_Deportivos_2021_2.0-724x1024.jpg 724w, https:\/\/www.anovapeneira.gal\/wp-content\/uploads\/2021\/06\/Facebook_Campus_Deportivos_2021_2.0-212x300.jpg 212w, https:\/\/www.anovapeneira.gal\/wp-content\/uploads\/2021\/06\/Facebook_Campus_Deportivos_2021_2.0-768x1086.jpg 768w, https:\/\/www.anovapeneira.gal\/wp-content\/uploads\/2021\/06\/Facebook_Campus_Deportivos_2021_2.0-1086x1536.jpg 1086w, https:\/\/www.anovapeneira.gal\/wp-content\/uploads\/2021\/06\/Facebook_Campus_Deportivos_2021_2.0-1448x2048.jpg 1448w, https:\/\/www.anovapeneira.gal\/wp-content\/uploads\/2021\/06\/Facebook_Campus_Deportivos_2021_2.0-scaled.jpg 1810w\" sizes=\"auto, (max-width: 724px) 100vw, 724px\" \/><\/figure>\n\n\n\n<p>&#8220;Tr\u00e1tase, xunto co campamento municipal, dunha iniciativa para facilitar a conciliaci\u00f3n familiar mediante actividades saudables ao aire libre, en definitiva, \u00e9 promover o deporte desde a infancia e dando cabida a disciplinas para todos os gustos&#8221;, indica o alcalde, Juan Gonz\u00e1lez.<\/p>\n","protected":false},"excerpt":{"rendered":"<div class=\"mh-excerpt\"><p>Iranse desenvolvendo desde finais de xu\u00f1o a inicios de setembre e abranguen diferentes disciplinas deportivas: patinaxe, baloncesto, tenis, deportes n\u00e1uticos, multideporte, tenis de mesa, f\u00fatbol e ximnasia r\u00edtmica <a class=\"mh-excerpt-more\" href=\"https:\/\/www.anovapeneira.gal\/index.php\/2021\/06\/17\/o-concello-de-nigran-abre-o-prazo-de-inscricion-para-unha-decena-de-campus-deportivos-de-veran\/\" title=\"O Concello de Nigr\u00e1n abre o prazo de inscrici\u00f3n para unha decena de campus deportivos de ver\u00e1n\">[&#8230;]<\/a><\/p>\n<\/div>","protected":false},"author":3,"featured_media":5615,"comment_status":"open","ping_status":"open","sticky":false,"template":"","format":"standard","meta":{"_exactmetrics_skip_tracking":false,"_exactmetrics_sitenote_active":false,"_exactmetrics_sitenote_note":"","_exactmetrics_sitenote_category":0,"footnotes":""},"categories":[20],"tags":[135],"class_list":{"0":"post-5613","1":"post","2":"type-post","3":"status-publish","4":"format-standard","5":"has-post-thumbnail","7":"category-val-minor","8":"tag-concello-de-nigran"},"yoast_head":"<!-- This site is optimized with the Yoast SEO plugin v27.4 - https:\/\/yoast.com\/product\/yoast-seo-wordpress\/ -->\n<title>O Concello de Nigr\u00e1n abre o prazo de inscrici\u00f3n para unha decena de campus deportivos de ver\u00e1n -<\/title>\n<meta name=\"description\" content=\"Iranse desenvolvendo desde finais de xu\u00f1o a inicios de setembre e abranguen diferentes disciplinas deportivas: patinaxe, baloncesto, tenis, deportes n\u00e1uticos, multideporte, tenis de mesa, f\u00fatbol e ximnasia r\u00edtmica\" \/>\n<meta name=\"robots\" content=\"index, follow, max-snippet:-1, max-image-preview:large, max-video-preview:-1\" \/>\n<link rel=\"canonical\" href=\"https:\/\/www.anovapeneira.gal\/index.php\/2021\/06\/17\/o-concello-de-nigran-abre-o-prazo-de-inscricion-para-unha-decena-de-campus-deportivos-de-veran\/\" \/>\n<meta property=\"og:locale\" content=\"gl_ES\" \/>\n<meta property=\"og:type\" content=\"article\" \/>\n<meta property=\"og:title\" content=\"O Concello de Nigr\u00e1n abre o prazo de inscrici\u00f3n para unha decena de campus deportivos de ver\u00e1n -\" \/>\n<meta property=\"og:description\" content=\"Iranse desenvolvendo desde finais de xu\u00f1o a inicios de setembre e abranguen diferentes disciplinas deportivas: patinaxe, baloncesto, tenis, deportes n\u00e1uticos, multideporte, tenis de mesa, f\u00fatbol e ximnasia r\u00edtmica\" \/>\n<meta property=\"og:url\" content=\"https:\/\/www.anovapeneira.gal\/index.php\/2021\/06\/17\/o-concello-de-nigran-abre-o-prazo-de-inscricion-para-unha-decena-de-campus-deportivos-de-veran\/\" \/>\n<meta property=\"article:publisher\" content=\"https:\/\/www.facebook.com\/anovapeneira\" \/>\n<meta property=\"article:published_time\" content=\"2021-06-17T08:00:19+00:00\" \/>\n<meta property=\"og:image\" content=\"https:\/\/www.anovapeneira.gal\/wp-content\/uploads\/2021\/06\/campamento_nigran.jpg\" \/>\n\t<meta property=\"og:image:width\" content=\"720\" \/>\n\t<meta property=\"og:image:height\" content=\"432\" \/>\n\t<meta property=\"og:image:type\" content=\"image\/jpeg\" \/>\n<meta name=\"author\" content=\"Redacci\u00f3n A Nova Peneira\" \/>\n<meta name=\"twitter:card\" content=\"summary_large_image\" \/>\n<meta name=\"twitter:creator\" content=\"@APeneira\" \/>\n<meta name=\"twitter:site\" content=\"@APeneira\" \/>\n<meta name=\"twitter:label1\" content=\"Escrito por\" \/>\n\t<meta name=\"twitter:data1\" content=\"Redacci\u00f3n A Nova Peneira\" \/>\n\t<meta name=\"twitter:label2\" content=\"Tempo de lectura\" \/>\n\t<meta name=\"twitter:data2\" content=\"2 minutos\" \/>\n<script type=\"application\/ld+json\" class=\"yoast-schema-graph\">{\"@context\":\"https:\\\/\\\/schema.org\",\"@graph\":[{\"@type\":\"Article\",\"@id\":\"https:\\\/\\\/www.anovapeneira.gal\\\/index.php\\\/2021\\\/06\\\/17\\\/o-concello-de-nigran-abre-o-prazo-de-inscricion-para-unha-decena-de-campus-deportivos-de-veran\\\/#article\",\"isPartOf\":{\"@id\":\"https:\\\/\\\/www.anovapeneira.gal\\\/index.php\\\/2021\\\/06\\\/17\\\/o-concello-de-nigran-abre-o-prazo-de-inscricion-para-unha-decena-de-campus-deportivos-de-veran\\\/\"},\"author\":{\"name\":\"Redacci\u00f3n A Nova Peneira\",\"@id\":\"https:\\\/\\\/www.anovapeneira.gal\\\/#\\\/schema\\\/person\\\/b93e3f8932e3f8da96334607eb6ac6aa\"},\"headline\":\"O Concello de Nigr\u00e1n abre o prazo de inscrici\u00f3n para unha decena de campus deportivos de ver\u00e1n\",\"datePublished\":\"2021-06-17T08:00:19+00:00\",\"mainEntityOfPage\":{\"@id\":\"https:\\\/\\\/www.anovapeneira.gal\\\/index.php\\\/2021\\\/06\\\/17\\\/o-concello-de-nigran-abre-o-prazo-de-inscricion-para-unha-decena-de-campus-deportivos-de-veran\\\/\"},\"wordCount\":254,\"commentCount\":0,\"publisher\":{\"@id\":\"https:\\\/\\\/www.anovapeneira.gal\\\/#organization\"},\"image\":{\"@id\":\"https:\\\/\\\/www.anovapeneira.gal\\\/index.php\\\/2021\\\/06\\\/17\\\/o-concello-de-nigran-abre-o-prazo-de-inscricion-para-unha-decena-de-campus-deportivos-de-veran\\\/#primaryimage\"},\"thumbnailUrl\":\"https:\\\/\\\/www.anovapeneira.gal\\\/wp-content\\\/uploads\\\/2021\\\/06\\\/campamento_nigran.jpg\",\"keywords\":[\"Concello de Nigr\u00e1n\"],\"articleSection\":[\"Val Mi\u00f1or\"],\"inLanguage\":\"gl-ES\",\"potentialAction\":[{\"@type\":\"CommentAction\",\"name\":\"Comment\",\"target\":[\"https:\\\/\\\/www.anovapeneira.gal\\\/index.php\\\/2021\\\/06\\\/17\\\/o-concello-de-nigran-abre-o-prazo-de-inscricion-para-unha-decena-de-campus-deportivos-de-veran\\\/#respond\"]}]},{\"@type\":\"WebPage\",\"@id\":\"https:\\\/\\\/www.anovapeneira.gal\\\/index.php\\\/2021\\\/06\\\/17\\\/o-concello-de-nigran-abre-o-prazo-de-inscricion-para-unha-decena-de-campus-deportivos-de-veran\\\/\",\"url\":\"https:\\\/\\\/www.anovapeneira.gal\\\/index.php\\\/2021\\\/06\\\/17\\\/o-concello-de-nigran-abre-o-prazo-de-inscricion-para-unha-decena-de-campus-deportivos-de-veran\\\/\",\"name\":\"O Concello de Nigr\u00e1n abre o prazo de inscrici\u00f3n para unha decena de campus deportivos de ver\u00e1n -\",\"isPartOf\":{\"@id\":\"https:\\\/\\\/www.anovapeneira.gal\\\/#website\"},\"primaryImageOfPage\":{\"@id\":\"https:\\\/\\\/www.anovapeneira.gal\\\/index.php\\\/2021\\\/06\\\/17\\\/o-concello-de-nigran-abre-o-prazo-de-inscricion-para-unha-decena-de-campus-deportivos-de-veran\\\/#primaryimage\"},\"image\":{\"@id\":\"https:\\\/\\\/www.anovapeneira.gal\\\/index.php\\\/2021\\\/06\\\/17\\\/o-concello-de-nigran-abre-o-prazo-de-inscricion-para-unha-decena-de-campus-deportivos-de-veran\\\/#primaryimage\"},\"thumbnailUrl\":\"https:\\\/\\\/www.anovapeneira.gal\\\/wp-content\\\/uploads\\\/2021\\\/06\\\/campamento_nigran.jpg\",\"datePublished\":\"2021-06-17T08:00:19+00:00\",\"description\":\"Iranse desenvolvendo desde finais de xu\u00f1o a inicios de setembre e abranguen diferentes disciplinas deportivas: patinaxe, baloncesto, tenis, deportes n\u00e1uticos, multideporte, tenis de mesa, f\u00fatbol e ximnasia r\u00edtmica\",\"breadcrumb\":{\"@id\":\"https:\\\/\\\/www.anovapeneira.gal\\\/index.php\\\/2021\\\/06\\\/17\\\/o-concello-de-nigran-abre-o-prazo-de-inscricion-para-unha-decena-de-campus-deportivos-de-veran\\\/#breadcrumb\"},\"inLanguage\":\"gl-ES\",\"potentialAction\":[{\"@type\":\"ReadAction\",\"target\":[\"https:\\\/\\\/www.anovapeneira.gal\\\/index.php\\\/2021\\\/06\\\/17\\\/o-concello-de-nigran-abre-o-prazo-de-inscricion-para-unha-decena-de-campus-deportivos-de-veran\\\/\"]}]},{\"@type\":\"ImageObject\",\"inLanguage\":\"gl-ES\",\"@id\":\"https:\\\/\\\/www.anovapeneira.gal\\\/index.php\\\/2021\\\/06\\\/17\\\/o-concello-de-nigran-abre-o-prazo-de-inscricion-para-unha-decena-de-campus-deportivos-de-veran\\\/#primaryimage\",\"url\":\"https:\\\/\\\/www.anovapeneira.gal\\\/wp-content\\\/uploads\\\/2021\\\/06\\\/campamento_nigran.jpg\",\"contentUrl\":\"https:\\\/\\\/www.anovapeneira.gal\\\/wp-content\\\/uploads\\\/2021\\\/06\\\/campamento_nigran.jpg\",\"width\":720,\"height\":432,\"caption\":\"Campus deportivos Nigr\u00e1n\"},{\"@type\":\"BreadcrumbList\",\"@id\":\"https:\\\/\\\/www.anovapeneira.gal\\\/index.php\\\/2021\\\/06\\\/17\\\/o-concello-de-nigran-abre-o-prazo-de-inscricion-para-unha-decena-de-campus-deportivos-de-veran\\\/#breadcrumb\",\"itemListElement\":[{\"@type\":\"ListItem\",\"position\":1,\"name\":\"Portada\",\"item\":\"https:\\\/\\\/www.anovapeneira.gal\\\/\"},{\"@type\":\"ListItem\",\"position\":2,\"name\":\"O Concello de Nigr\u00e1n abre o prazo de inscrici\u00f3n para unha decena de campus deportivos de ver\u00e1n\"}]},{\"@type\":\"WebSite\",\"@id\":\"https:\\\/\\\/www.anovapeneira.gal\\\/#website\",\"url\":\"https:\\\/\\\/www.anovapeneira.gal\\\/\",\"name\":\"\",\"description\":\"Xornal galego de informaci\u00f3n xeral Publicaci\u00f3n mensual de novas de Galicia e en especial dos Concellos da sur da provincia de Pontevedra.\",\"publisher\":{\"@id\":\"https:\\\/\\\/www.anovapeneira.gal\\\/#organization\"},\"potentialAction\":[{\"@type\":\"SearchAction\",\"target\":{\"@type\":\"EntryPoint\",\"urlTemplate\":\"https:\\\/\\\/www.anovapeneira.gal\\\/?s={search_term_string}\"},\"query-input\":{\"@type\":\"PropertyValueSpecification\",\"valueRequired\":true,\"valueName\":\"search_term_string\"}}],\"inLanguage\":\"gl-ES\"},{\"@type\":\"Organization\",\"@id\":\"https:\\\/\\\/www.anovapeneira.gal\\\/#organization\",\"name\":\"A Nova Peneira\",\"url\":\"https:\\\/\\\/www.anovapeneira.gal\\\/\",\"logo\":{\"@type\":\"ImageObject\",\"inLanguage\":\"gl-ES\",\"@id\":\"https:\\\/\\\/www.anovapeneira.gal\\\/#\\\/schema\\\/logo\\\/image\\\/\",\"url\":\"http:\\\/\\\/www.anovapeneira.gal\\\/wp-content\\\/uploads\\\/2019\\\/06\\\/logo_a_nova_peneira_portal_web.png\",\"contentUrl\":\"http:\\\/\\\/www.anovapeneira.gal\\\/wp-content\\\/uploads\\\/2019\\\/06\\\/logo_a_nova_peneira_portal_web.png\",\"width\":300,\"height\":100,\"caption\":\"A Nova Peneira\"},\"image\":{\"@id\":\"https:\\\/\\\/www.anovapeneira.gal\\\/#\\\/schema\\\/logo\\\/image\\\/\"},\"sameAs\":[\"https:\\\/\\\/www.facebook.com\\\/anovapeneira\",\"https:\\\/\\\/x.com\\\/APeneira\"]},{\"@type\":\"Person\",\"@id\":\"https:\\\/\\\/www.anovapeneira.gal\\\/#\\\/schema\\\/person\\\/b93e3f8932e3f8da96334607eb6ac6aa\",\"name\":\"Redacci\u00f3n A Nova Peneira\",\"image\":{\"@type\":\"ImageObject\",\"inLanguage\":\"gl-ES\",\"@id\":\"https:\\\/\\\/secure.gravatar.com\\\/avatar\\\/c052a2551a06e23fac63626232eaa90abd78dbcf1700fc46a2b2c89fd27b735f?s=96&d=mm&r=g\",\"url\":\"https:\\\/\\\/secure.gravatar.com\\\/avatar\\\/c052a2551a06e23fac63626232eaa90abd78dbcf1700fc46a2b2c89fd27b735f?s=96&d=mm&r=g\",\"contentUrl\":\"https:\\\/\\\/secure.gravatar.com\\\/avatar\\\/c052a2551a06e23fac63626232eaa90abd78dbcf1700fc46a2b2c89fd27b735f?s=96&d=mm&r=g\",\"caption\":\"Redacci\u00f3n A Nova Peneira\"},\"sameAs\":[\"http:\\\/\\\/www.anovapeneira.gal\\\/\"],\"url\":\"https:\\\/\\\/www.anovapeneira.gal\\\/index.php\\\/author\\\/redactor\\\/\"}]}<\/script>\n<!-- \/ Yoast SEO plugin. -->","yoast_head_json":{"title":"O Concello de Nigr\u00e1n abre o prazo de inscrici\u00f3n para unha decena de campus deportivos de ver\u00e1n -","description":"Iranse desenvolvendo desde finais de xu\u00f1o a inicios de setembre e abranguen diferentes disciplinas deportivas: patinaxe, baloncesto, tenis, deportes n\u00e1uticos, multideporte, tenis de mesa, f\u00fatbol e ximnasia r\u00edtmica","robots":{"index":"index","follow":"follow","max-snippet":"max-snippet:-1","max-image-preview":"max-image-preview:large","max-video-preview":"max-video-preview:-1"},"canonical":"https:\/\/www.anovapeneira.gal\/index.php\/2021\/06\/17\/o-concello-de-nigran-abre-o-prazo-de-inscricion-para-unha-decena-de-campus-deportivos-de-veran\/","og_locale":"gl_ES","og_type":"article","og_title":"O Concello de Nigr\u00e1n abre o prazo de inscrici\u00f3n para unha decena de campus deportivos de ver\u00e1n -","og_description":"Iranse desenvolvendo desde finais de xu\u00f1o a inicios de setembre e abranguen diferentes disciplinas deportivas: patinaxe, baloncesto, tenis, deportes n\u00e1uticos, multideporte, tenis de mesa, f\u00fatbol e ximnasia r\u00edtmica","og_url":"https:\/\/www.anovapeneira.gal\/index.php\/2021\/06\/17\/o-concello-de-nigran-abre-o-prazo-de-inscricion-para-unha-decena-de-campus-deportivos-de-veran\/","article_publisher":"https:\/\/www.facebook.com\/anovapeneira","article_published_time":"2021-06-17T08:00:19+00:00","og_image":[{"width":720,"height":432,"url":"https:\/\/www.anovapeneira.gal\/wp-content\/uploads\/2021\/06\/campamento_nigran.jpg","type":"image\/jpeg"}],"author":"Redacci\u00f3n A Nova Peneira","twitter_card":"summary_large_image","twitter_creator":"@APeneira","twitter_site":"@APeneira","twitter_misc":{"Escrito por":"Redacci\u00f3n A Nova Peneira","Tempo de lectura":"2 minutos"},"schema":{"@context":"https:\/\/schema.org","@graph":[{"@type":"Article","@id":"https:\/\/www.anovapeneira.gal\/index.php\/2021\/06\/17\/o-concello-de-nigran-abre-o-prazo-de-inscricion-para-unha-decena-de-campus-deportivos-de-veran\/#article","isPartOf":{"@id":"https:\/\/www.anovapeneira.gal\/index.php\/2021\/06\/17\/o-concello-de-nigran-abre-o-prazo-de-inscricion-para-unha-decena-de-campus-deportivos-de-veran\/"},"author":{"name":"Redacci\u00f3n A Nova Peneira","@id":"https:\/\/www.anovapeneira.gal\/#\/schema\/person\/b93e3f8932e3f8da96334607eb6ac6aa"},"headline":"O Concello de Nigr\u00e1n abre o prazo de inscrici\u00f3n para unha decena de campus deportivos de ver\u00e1n","datePublished":"2021-06-17T08:00:19+00:00","mainEntityOfPage":{"@id":"https:\/\/www.anovapeneira.gal\/index.php\/2021\/06\/17\/o-concello-de-nigran-abre-o-prazo-de-inscricion-para-unha-decena-de-campus-deportivos-de-veran\/"},"wordCount":254,"commentCount":0,"publisher":{"@id":"https:\/\/www.anovapeneira.gal\/#organization"},"image":{"@id":"https:\/\/www.anovapeneira.gal\/index.php\/2021\/06\/17\/o-concello-de-nigran-abre-o-prazo-de-inscricion-para-unha-decena-de-campus-deportivos-de-veran\/#primaryimage"},"thumbnailUrl":"https:\/\/www.anovapeneira.gal\/wp-content\/uploads\/2021\/06\/campamento_nigran.jpg","keywords":["Concello de Nigr\u00e1n"],"articleSection":["Val Mi\u00f1or"],"inLanguage":"gl-ES","potentialAction":[{"@type":"CommentAction","name":"Comment","target":["https:\/\/www.anovapeneira.gal\/index.php\/2021\/06\/17\/o-concello-de-nigran-abre-o-prazo-de-inscricion-para-unha-decena-de-campus-deportivos-de-veran\/#respond"]}]},{"@type":"WebPage","@id":"https:\/\/www.anovapeneira.gal\/index.php\/2021\/06\/17\/o-concello-de-nigran-abre-o-prazo-de-inscricion-para-unha-decena-de-campus-deportivos-de-veran\/","url":"https:\/\/www.anovapeneira.gal\/index.php\/2021\/06\/17\/o-concello-de-nigran-abre-o-prazo-de-inscricion-para-unha-decena-de-campus-deportivos-de-veran\/","name":"O Concello de Nigr\u00e1n abre o prazo de inscrici\u00f3n para unha decena de campus deportivos de ver\u00e1n -","isPartOf":{"@id":"https:\/\/www.anovapeneira.gal\/#website"},"primaryImageOfPage":{"@id":"https:\/\/www.anovapeneira.gal\/index.php\/2021\/06\/17\/o-concello-de-nigran-abre-o-prazo-de-inscricion-para-unha-decena-de-campus-deportivos-de-veran\/#primaryimage"},"image":{"@id":"https:\/\/www.anovapeneira.gal\/index.php\/2021\/06\/17\/o-concello-de-nigran-abre-o-prazo-de-inscricion-para-unha-decena-de-campus-deportivos-de-veran\/#primaryimage"},"thumbnailUrl":"https:\/\/www.anovapeneira.gal\/wp-content\/uploads\/2021\/06\/campamento_nigran.jpg","datePublished":"2021-06-17T08:00:19+00:00","description":"Iranse desenvolvendo desde finais de xu\u00f1o a inicios de setembre e abranguen diferentes disciplinas deportivas: patinaxe, baloncesto, tenis, deportes n\u00e1uticos, multideporte, tenis de mesa, f\u00fatbol e ximnasia r\u00edtmica","breadcrumb":{"@id":"https:\/\/www.anovapeneira.gal\/index.php\/2021\/06\/17\/o-concello-de-nigran-abre-o-prazo-de-inscricion-para-unha-decena-de-campus-deportivos-de-veran\/#breadcrumb"},"inLanguage":"gl-ES","potentialAction":[{"@type":"ReadAction","target":["https:\/\/www.anovapeneira.gal\/index.php\/2021\/06\/17\/o-concello-de-nigran-abre-o-prazo-de-inscricion-para-unha-decena-de-campus-deportivos-de-veran\/"]}]},{"@type":"ImageObject","inLanguage":"gl-ES","@id":"https:\/\/www.anovapeneira.gal\/index.php\/2021\/06\/17\/o-concello-de-nigran-abre-o-prazo-de-inscricion-para-unha-decena-de-campus-deportivos-de-veran\/#primaryimage","url":"https:\/\/www.anovapeneira.gal\/wp-content\/uploads\/2021\/06\/campamento_nigran.jpg","contentUrl":"https:\/\/www.anovapeneira.gal\/wp-content\/uploads\/2021\/06\/campamento_nigran.jpg","width":720,"height":432,"caption":"Campus deportivos Nigr\u00e1n"},{"@type":"BreadcrumbList","@id":"https:\/\/www.anovapeneira.gal\/index.php\/2021\/06\/17\/o-concello-de-nigran-abre-o-prazo-de-inscricion-para-unha-decena-de-campus-deportivos-de-veran\/#breadcrumb","itemListElement":[{"@type":"ListItem","position":1,"name":"Portada","item":"https:\/\/www.anovapeneira.gal\/"},{"@type":"ListItem","position":2,"name":"O Concello de Nigr\u00e1n abre o prazo de inscrici\u00f3n para unha decena de campus deportivos de ver\u00e1n"}]},{"@type":"WebSite","@id":"https:\/\/www.anovapeneira.gal\/#website","url":"https:\/\/www.anovapeneira.gal\/","name":"","description":"Xornal galego de informaci\u00f3n xeral Publicaci\u00f3n mensual de novas de Galicia e en especial dos Concellos da sur da provincia de Pontevedra.","publisher":{"@id":"https:\/\/www.anovapeneira.gal\/#organization"},"potentialAction":[{"@type":"SearchAction","target":{"@type":"EntryPoint","urlTemplate":"https:\/\/www.anovapeneira.gal\/?s={search_term_string}"},"query-input":{"@type":"PropertyValueSpecification","valueRequired":true,"valueName":"search_term_string"}}],"inLanguage":"gl-ES"},{"@type":"Organization","@id":"https:\/\/www.anovapeneira.gal\/#organization","name":"A Nova Peneira","url":"https:\/\/www.anovapeneira.gal\/","logo":{"@type":"ImageObject","inLanguage":"gl-ES","@id":"https:\/\/www.anovapeneira.gal\/#\/schema\/logo\/image\/","url":"http:\/\/www.anovapeneira.gal\/wp-content\/uploads\/2019\/06\/logo_a_nova_peneira_portal_web.png","contentUrl":"http:\/\/www.anovapeneira.gal\/wp-content\/uploads\/2019\/06\/logo_a_nova_peneira_portal_web.png","width":300,"height":100,"caption":"A Nova Peneira"},"image":{"@id":"https:\/\/www.anovapeneira.gal\/#\/schema\/logo\/image\/"},"sameAs":["https:\/\/www.facebook.com\/anovapeneira","https:\/\/x.com\/APeneira"]},{"@type":"Person","@id":"https:\/\/www.anovapeneira.gal\/#\/schema\/person\/b93e3f8932e3f8da96334607eb6ac6aa","name":"Redacci\u00f3n A Nova Peneira","image":{"@type":"ImageObject","inLanguage":"gl-ES","@id":"https:\/\/secure.gravatar.com\/avatar\/c052a2551a06e23fac63626232eaa90abd78dbcf1700fc46a2b2c89fd27b735f?s=96&d=mm&r=g","url":"https:\/\/secure.gravatar.com\/avatar\/c052a2551a06e23fac63626232eaa90abd78dbcf1700fc46a2b2c89fd27b735f?s=96&d=mm&r=g","contentUrl":"https:\/\/secure.gravatar.com\/avatar\/c052a2551a06e23fac63626232eaa90abd78dbcf1700fc46a2b2c89fd27b735f?s=96&d=mm&r=g","caption":"Redacci\u00f3n A Nova Peneira"},"sameAs":["http:\/\/www.anovapeneira.gal\/"],"url":"https:\/\/www.anovapeneira.gal\/index.php\/author\/redactor\/"}]}},"jetpack_featured_media_url":"https:\/\/www.anovapeneira.gal\/wp-content\/uploads\/2021\/06\/campamento_nigran.jpg","_links":{"self":[{"href":"https:\/\/www.anovapeneira.gal\/index.php\/wp-json\/wp\/v2\/posts\/5613","targetHints":{"allow":["GET"]}}],"collection":[{"href":"https:\/\/www.anovapeneira.gal\/index.php\/wp-json\/wp\/v2\/posts"}],"about":[{"href":"https:\/\/www.anovapeneira.gal\/index.php\/wp-json\/wp\/v2\/types\/post"}],"author":[{"embeddable":true,"href":"https:\/\/www.anovapeneira.gal\/index.php\/wp-json\/wp\/v2\/users\/3"}],"replies":[{"embeddable":true,"href":"https:\/\/www.anovapeneira.gal\/index.php\/wp-json\/wp\/v2\/comments?post=5613"}],"version-history":[{"count":1,"href":"https:\/\/www.anovapeneira.gal\/index.php\/wp-json\/wp\/v2\/posts\/5613\/revisions"}],"predecessor-version":[{"id":5616,"href":"https:\/\/www.anovapeneira.gal\/index.php\/wp-json\/wp\/v2\/posts\/5613\/revisions\/5616"}],"wp:featuredmedia":[{"embeddable":true,"href":"https:\/\/www.anovapeneira.gal\/index.php\/wp-json\/wp\/v2\/media\/5615"}],"wp:attachment":[{"href":"https:\/\/www.anovapeneira.gal\/index.php\/wp-json\/wp\/v2\/media?parent=5613"}],"wp:term":[{"taxonomy":"category","embeddable":true,"href":"https:\/\/www.anovapeneira.gal\/index.php\/wp-json\/wp\/v2\/categories?post=5613"},{"taxonomy":"post_tag","embeddable":true,"href":"https:\/\/www.anovapeneira.gal\/index.php\/wp-json\/wp\/v2\/tags?post=5613"}],"curies":[{"name":"wp","href":"https:\/\/api.w.org\/{rel}","templated":true}]}}