{"id":5617,"date":"2021-06-17T12:00:52","date_gmt":"2021-06-17T10:00:52","guid":{"rendered":"http:\/\/www.anovapeneira.gal\/?p=5617"},"modified":"2021-06-14T13:54:24","modified_gmt":"2021-06-14T11:54:24","slug":"o-conflito-na-depuracion-de-augas-residuais-entre-mondariz-e-mondariz-balneario-1o-parte","status":"publish","type":"post","link":"https:\/\/www.anovapeneira.gal\/index.php\/2021\/06\/17\/o-conflito-na-depuracion-de-augas-residuais-entre-mondariz-e-mondariz-balneario-1o-parte\/","title":{"rendered":"O conflito na depuraci\u00f3n de augas residuais entre Mondariz e Mondariz Balneario  1\u00ba parte"},"content":{"rendered":"\n<p><strong>No ano 2.005 a Xunta, con fondos da UE, constru\u00eda unha depuradora situada no espazo f\u00edsico de Mondariz Balneario, que teoricamente ten capacidade de tratar as augas sucias de 6.000 persoas. \u00c9 dicir, para a veci\u00f1anza de ambos concellos .Por\u00e9n hoxe, case 17 anos despois, segundo manifesta Emilio Barros alcalde de Mondariz, s\u00f3 unha moi pequena parte da veci\u00f1anza de Mondariz ten acceso aos servizos da depuradora pois o concello de Mondariz Balneario pon obxecci\u00f3ns \u00e1 conexi\u00f3n de novos colectores o que ocasiona un grave problema \u00e1 veci\u00f1anza de Mondariz al\u00e9n de que a EDAR estea infra utilizada. A principios deste mes o goberno municipal levou a pleno unha moci\u00f3n solicitando o apoio un\u00e1nime da corporaci\u00f3n na esixencia dunha soluci\u00f3n a ese problema, xa enquistado no tempo. A moci\u00f3n non foi aprobada pois contou cos votos en contra do PP e de Alternativa por Mondariz. De feito o grupo do ex alcalde Calis, enviaba unha nota de prensa na que explicaban a s\u00faa posici\u00f3n manifestando que o goberno quer\u00eda \u201c ir \u00e1 a guerra contra Mondariz Balneario\u201d e que ao seu xu\u00edzo a soluci\u00f3n pasar\u00eda polo di\u00e1logo entre ambos concellos a Xunta e \u00e1 Confederaci\u00f3n Hidrogr\u00e1fica. A continuaci\u00f3n ofrec\u00e9moslle unhas declaraci\u00f3ns exclusivas de Emilio Barros, alcalde de Mondariz, ao respecto deste tema. E na Peneira do mes de xullo unha ampla reportaxe sobre este conflito entre dous concellos veci\u00f1os con numerosas voces que nos dar\u00e1n a s\u00faa visi\u00f3n<\/strong><\/p>\n\n\n\n<p><strong>Emilio Barros , alcalde de Mondariz<\/strong><\/p>\n\n\n\n<h2 class=\"wp-block-heading\">\u201c&nbsp;<strong>A posici\u00f3n de Alternativa por Mondariz e do PP prexudica claramente \u00e1 veci\u00f1anza do noso pobo\u201d<\/strong><\/h2>\n\n\n\n<p><strong>Que pasou co asunto da depuradora alcalde?<\/strong><\/p>\n\n\n\n<blockquote class=\"wp-block-quote is-layout-flow wp-block-quote-is-layout-flow\"><p>No seu d\u00eda a UE a trav\u00e9s de augas de Galicia financiou unha EDAR( depuradora de augas residuais) que ten as garant\u00edas e a capacidade para depurar os residuos de 6.000 habitantes<\/p><\/blockquote>\n\n\n\n<p><strong>Cando dis \u201c no seu d\u00eda\u201d a que ano te refires?<\/strong><\/p>\n\n\n\n<blockquote class=\"wp-block-quote is-layout-flow wp-block-quote-is-layout-flow\"><p>Estou a falar do ano 2.005<\/p><\/blockquote>\n\n\n\n<p><strong>Como funciona esa instalaci\u00f3n?<\/strong><\/p>\n\n\n\n<blockquote class=\"wp-block-quote is-layout-flow wp-block-quote-is-layout-flow\"><p>Actualmente d\u00e1 servizo a arredor de 500 habitantes de Mondariz e a 2.000( supostos, de Mondariz Balneario).\u00c9 dicir serve a uns supostos 2.500 habitantes , cando en realidade pode facer o servizo para 6.000 persoas. O noso concello ten unha serie de infraestruturas de depuraci\u00f3n enormemente precarias<\/p><\/blockquote>\n\n\n\n<p><strong>Pero tedes un convenio de colaboraci\u00f3n con Balneario, non?<\/strong><\/p>\n\n\n\n<blockquote class=\"wp-block-quote is-layout-flow wp-block-quote-is-layout-flow\"><p>Si, asinado polo seu alcalde Jose Antonio Lorenzo e polo antigo alcalde de Mondariz Julio Al\u00e9n. No convenio especific\u00e1base que Mondariz ir\u00eda conectando novos colectores. Pero esa parte non se cumpriu porque dende o concello de Balneario po\u00f1en obxecci\u00f3ns ao respecto da conexi\u00f3n do colector incumprindo o convenio de colaboraci\u00f3n<\/p><\/blockquote>\n\n\n\n<p><strong>Que supo\u00f1en esas obxecci\u00f3ns?<\/strong><\/p>\n\n\n\n<blockquote class=\"wp-block-quote is-layout-flow wp-block-quote-is-layout-flow\"><p>Que a confederaci\u00f3n hidrogr\u00e1fica non autorice novas conexi\u00f3ns. E polo tanto non est\u00e1 sendo utilizada para o obxectivo para o que foi constru\u00edda<\/p><\/blockquote>\n\n\n\n<p><strong>E cal \u00e9 a acci\u00f3n pol\u00edtica do teu goberno ante esta situaci\u00f3n ?<\/strong><\/p>\n\n\n\n<blockquote class=\"wp-block-quote is-layout-flow wp-block-quote-is-layout-flow\"><p>Imos ver; Esta \u00e9 unha situaci\u00f3n enquistada. Levamos 17 anos con ese problema. E n\u00f3s estamos firmemente decididos a p\u00f3r todo de nosa parte para facilitar a s\u00faa soluci\u00f3n. Entendemos que o primeiro paso pasaba por un posicionamento un\u00e1nime de toda a corporaci\u00f3n de Mondariz esixindo unha soluci\u00f3n para un problema grave que ten o noso pobo, e que \u00e9 unha inxustiza flagrante que estamos a padecer<\/p><\/blockquote>\n\n\n\n<p><strong>Pero a proposta do goberno foi rexeitada, non?<\/strong><\/p>\n\n\n\n<blockquote class=\"wp-block-quote is-layout-flow wp-block-quote-is-layout-flow\"><p>Si, polos votos en contra do PP e de Alternativa<\/p><\/blockquote>\n\n\n\n<p><strong>E por que?<\/strong><\/p>\n\n\n\n<blockquote class=\"wp-block-quote is-layout-flow wp-block-quote-is-layout-flow\"><p>Iso terano que contestar eles. Eu s\u00f3 digo con rotundidade absoluta que a s\u00faa posici\u00f3n prexudica \u00e1 veci\u00f1anza<\/p><\/blockquote>\n\n\n\n<p><strong>As\u00ed de claro?<\/strong><\/p>\n\n\n\n<blockquote class=\"wp-block-quote is-layout-flow wp-block-quote-is-layout-flow\"><p>Si, por desgraza p\u00f3dese dicir rotundamente; \u00e9 unha posici\u00f3n contraria ao interese da veci\u00f1anza de Mondariz. \u00c9 unha posici\u00f3n incomprensible, decepcionante e pouco responsable.<\/p><\/blockquote>\n","protected":false},"excerpt":{"rendered":"<div class=\"mh-excerpt\"><p>No ano 2.005 a Xunta, con fondos da UE, constru\u00eda unha depuradora situada no espazo f\u00edsico de Mondariz Balneario, que teoricamente ten capacidade de tratar as augas sucias de 6.000 persoas.  <a class=\"mh-excerpt-more\" href=\"https:\/\/www.anovapeneira.gal\/index.php\/2021\/06\/17\/o-conflito-na-depuracion-de-augas-residuais-entre-mondariz-e-mondariz-balneario-1o-parte\/\" title=\"O conflito na depuraci\u00f3n de augas residuais entre Mondariz e Mondariz Balneario  1\u00ba parte\">[&#8230;]<\/a><\/p>\n<\/div>","protected":false},"author":3,"featured_media":5618,"comment_status":"open","ping_status":"open","sticky":false,"template":"","format":"standard","meta":{"_exactmetrics_skip_tracking":false,"_exactmetrics_sitenote_active":false,"_exactmetrics_sitenote_note":"","_exactmetrics_sitenote_category":0,"footnotes":""},"categories":[25],"tags":[405],"class_list":{"0":"post-5617","1":"post","2":"type-post","3":"status-publish","4":"format-standard","5":"has-post-thumbnail","7":"category-condado","8":"tag-concello-de-mondariz"},"yoast_head":"<!-- This site is optimized with the Yoast SEO plugin v27.4 - https:\/\/yoast.com\/product\/yoast-seo-wordpress\/ -->\n<title>O conflito na depuraci\u00f3n de augas residuais entre Mondariz e Mondariz Balneario 1\u00ba parte -<\/title>\n<meta name=\"description\" content=\"No ano 2.005 a Xunta, con fondos da UE, constru\u00eda unha depuradora situada no espazo f\u00edsico de Mondariz Balneario, que teoricamente ten capacidade de tratar as augas sucias de 6.000 persoas.\" \/>\n<meta name=\"robots\" content=\"index, follow, max-snippet:-1, max-image-preview:large, max-video-preview:-1\" \/>\n<link rel=\"canonical\" href=\"https:\/\/www.anovapeneira.gal\/index.php\/2021\/06\/17\/o-conflito-na-depuracion-de-augas-residuais-entre-mondariz-e-mondariz-balneario-1o-parte\/\" \/>\n<meta property=\"og:locale\" content=\"gl_ES\" \/>\n<meta property=\"og:type\" content=\"article\" \/>\n<meta property=\"og:title\" content=\"O conflito na depuraci\u00f3n de augas residuais entre Mondariz e Mondariz Balneario 1\u00ba parte -\" \/>\n<meta property=\"og:description\" content=\"No ano 2.005 a Xunta, con fondos da UE, constru\u00eda unha depuradora situada no espazo f\u00edsico de Mondariz Balneario, que teoricamente ten capacidade de tratar as augas sucias de 6.000 persoas.\" \/>\n<meta property=\"og:url\" content=\"https:\/\/www.anovapeneira.gal\/index.php\/2021\/06\/17\/o-conflito-na-depuracion-de-augas-residuais-entre-mondariz-e-mondariz-balneario-1o-parte\/\" \/>\n<meta property=\"article:publisher\" content=\"https:\/\/www.facebook.com\/anovapeneira\" \/>\n<meta property=\"article:published_time\" content=\"2021-06-17T10:00:52+00:00\" \/>\n<meta property=\"og:image\" content=\"https:\/\/www.anovapeneira.gal\/wp-content\/uploads\/2021\/06\/EMILIO_BARROS.jpg\" \/>\n\t<meta property=\"og:image:width\" content=\"720\" \/>\n\t<meta property=\"og:image:height\" content=\"432\" \/>\n\t<meta property=\"og:image:type\" content=\"image\/jpeg\" \/>\n<meta name=\"author\" content=\"Redacci\u00f3n A Nova Peneira\" \/>\n<meta name=\"twitter:card\" content=\"summary_large_image\" \/>\n<meta name=\"twitter:creator\" content=\"@APeneira\" \/>\n<meta name=\"twitter:site\" content=\"@APeneira\" \/>\n<meta name=\"twitter:label1\" content=\"Escrito por\" \/>\n\t<meta name=\"twitter:data1\" content=\"Redacci\u00f3n A Nova Peneira\" \/>\n\t<meta name=\"twitter:label2\" content=\"Tempo de lectura\" \/>\n\t<meta name=\"twitter:data2\" content=\"3 minutos\" \/>\n<script type=\"application\/ld+json\" class=\"yoast-schema-graph\">{\"@context\":\"https:\\\/\\\/schema.org\",\"@graph\":[{\"@type\":\"Article\",\"@id\":\"https:\\\/\\\/www.anovapeneira.gal\\\/index.php\\\/2021\\\/06\\\/17\\\/o-conflito-na-depuracion-de-augas-residuais-entre-mondariz-e-mondariz-balneario-1o-parte\\\/#article\",\"isPartOf\":{\"@id\":\"https:\\\/\\\/www.anovapeneira.gal\\\/index.php\\\/2021\\\/06\\\/17\\\/o-conflito-na-depuracion-de-augas-residuais-entre-mondariz-e-mondariz-balneario-1o-parte\\\/\"},\"author\":{\"name\":\"Redacci\u00f3n A Nova Peneira\",\"@id\":\"https:\\\/\\\/www.anovapeneira.gal\\\/#\\\/schema\\\/person\\\/b93e3f8932e3f8da96334607eb6ac6aa\"},\"headline\":\"O conflito na depuraci\u00f3n de augas residuais entre Mondariz e Mondariz Balneario 1\u00ba parte\",\"datePublished\":\"2021-06-17T10:00:52+00:00\",\"mainEntityOfPage\":{\"@id\":\"https:\\\/\\\/www.anovapeneira.gal\\\/index.php\\\/2021\\\/06\\\/17\\\/o-conflito-na-depuracion-de-augas-residuais-entre-mondariz-e-mondariz-balneario-1o-parte\\\/\"},\"wordCount\":657,\"commentCount\":0,\"publisher\":{\"@id\":\"https:\\\/\\\/www.anovapeneira.gal\\\/#organization\"},\"image\":{\"@id\":\"https:\\\/\\\/www.anovapeneira.gal\\\/index.php\\\/2021\\\/06\\\/17\\\/o-conflito-na-depuracion-de-augas-residuais-entre-mondariz-e-mondariz-balneario-1o-parte\\\/#primaryimage\"},\"thumbnailUrl\":\"https:\\\/\\\/www.anovapeneira.gal\\\/wp-content\\\/uploads\\\/2021\\\/06\\\/EMILIO_BARROS.jpg\",\"keywords\":[\"Concello de Mondariz\"],\"articleSection\":[\"Condado\"],\"inLanguage\":\"gl-ES\",\"potentialAction\":[{\"@type\":\"CommentAction\",\"name\":\"Comment\",\"target\":[\"https:\\\/\\\/www.anovapeneira.gal\\\/index.php\\\/2021\\\/06\\\/17\\\/o-conflito-na-depuracion-de-augas-residuais-entre-mondariz-e-mondariz-balneario-1o-parte\\\/#respond\"]}]},{\"@type\":\"WebPage\",\"@id\":\"https:\\\/\\\/www.anovapeneira.gal\\\/index.php\\\/2021\\\/06\\\/17\\\/o-conflito-na-depuracion-de-augas-residuais-entre-mondariz-e-mondariz-balneario-1o-parte\\\/\",\"url\":\"https:\\\/\\\/www.anovapeneira.gal\\\/index.php\\\/2021\\\/06\\\/17\\\/o-conflito-na-depuracion-de-augas-residuais-entre-mondariz-e-mondariz-balneario-1o-parte\\\/\",\"name\":\"O conflito na depuraci\u00f3n de augas residuais entre Mondariz e Mondariz Balneario 1\u00ba parte -\",\"isPartOf\":{\"@id\":\"https:\\\/\\\/www.anovapeneira.gal\\\/#website\"},\"primaryImageOfPage\":{\"@id\":\"https:\\\/\\\/www.anovapeneira.gal\\\/index.php\\\/2021\\\/06\\\/17\\\/o-conflito-na-depuracion-de-augas-residuais-entre-mondariz-e-mondariz-balneario-1o-parte\\\/#primaryimage\"},\"image\":{\"@id\":\"https:\\\/\\\/www.anovapeneira.gal\\\/index.php\\\/2021\\\/06\\\/17\\\/o-conflito-na-depuracion-de-augas-residuais-entre-mondariz-e-mondariz-balneario-1o-parte\\\/#primaryimage\"},\"thumbnailUrl\":\"https:\\\/\\\/www.anovapeneira.gal\\\/wp-content\\\/uploads\\\/2021\\\/06\\\/EMILIO_BARROS.jpg\",\"datePublished\":\"2021-06-17T10:00:52+00:00\",\"description\":\"No ano 2.005 a Xunta, con fondos da UE, constru\u00eda unha depuradora situada no espazo f\u00edsico de Mondariz Balneario, que teoricamente ten capacidade de tratar as augas sucias de 6.000 persoas.\",\"breadcrumb\":{\"@id\":\"https:\\\/\\\/www.anovapeneira.gal\\\/index.php\\\/2021\\\/06\\\/17\\\/o-conflito-na-depuracion-de-augas-residuais-entre-mondariz-e-mondariz-balneario-1o-parte\\\/#breadcrumb\"},\"inLanguage\":\"gl-ES\",\"potentialAction\":[{\"@type\":\"ReadAction\",\"target\":[\"https:\\\/\\\/www.anovapeneira.gal\\\/index.php\\\/2021\\\/06\\\/17\\\/o-conflito-na-depuracion-de-augas-residuais-entre-mondariz-e-mondariz-balneario-1o-parte\\\/\"]}]},{\"@type\":\"ImageObject\",\"inLanguage\":\"gl-ES\",\"@id\":\"https:\\\/\\\/www.anovapeneira.gal\\\/index.php\\\/2021\\\/06\\\/17\\\/o-conflito-na-depuracion-de-augas-residuais-entre-mondariz-e-mondariz-balneario-1o-parte\\\/#primaryimage\",\"url\":\"https:\\\/\\\/www.anovapeneira.gal\\\/wp-content\\\/uploads\\\/2021\\\/06\\\/EMILIO_BARROS.jpg\",\"contentUrl\":\"https:\\\/\\\/www.anovapeneira.gal\\\/wp-content\\\/uploads\\\/2021\\\/06\\\/EMILIO_BARROS.jpg\",\"width\":720,\"height\":432,\"caption\":\"Emilio Barros\"},{\"@type\":\"BreadcrumbList\",\"@id\":\"https:\\\/\\\/www.anovapeneira.gal\\\/index.php\\\/2021\\\/06\\\/17\\\/o-conflito-na-depuracion-de-augas-residuais-entre-mondariz-e-mondariz-balneario-1o-parte\\\/#breadcrumb\",\"itemListElement\":[{\"@type\":\"ListItem\",\"position\":1,\"name\":\"Portada\",\"item\":\"https:\\\/\\\/www.anovapeneira.gal\\\/\"},{\"@type\":\"ListItem\",\"position\":2,\"name\":\"O conflito na depuraci\u00f3n de augas residuais entre Mondariz e Mondariz Balneario 1\u00ba parte\"}]},{\"@type\":\"WebSite\",\"@id\":\"https:\\\/\\\/www.anovapeneira.gal\\\/#website\",\"url\":\"https:\\\/\\\/www.anovapeneira.gal\\\/\",\"name\":\"\",\"description\":\"Xornal galego de informaci\u00f3n xeral Publicaci\u00f3n mensual de novas de Galicia e en especial dos Concellos da sur da provincia de Pontevedra.\",\"publisher\":{\"@id\":\"https:\\\/\\\/www.anovapeneira.gal\\\/#organization\"},\"potentialAction\":[{\"@type\":\"SearchAction\",\"target\":{\"@type\":\"EntryPoint\",\"urlTemplate\":\"https:\\\/\\\/www.anovapeneira.gal\\\/?s={search_term_string}\"},\"query-input\":{\"@type\":\"PropertyValueSpecification\",\"valueRequired\":true,\"valueName\":\"search_term_string\"}}],\"inLanguage\":\"gl-ES\"},{\"@type\":\"Organization\",\"@id\":\"https:\\\/\\\/www.anovapeneira.gal\\\/#organization\",\"name\":\"A Nova Peneira\",\"url\":\"https:\\\/\\\/www.anovapeneira.gal\\\/\",\"logo\":{\"@type\":\"ImageObject\",\"inLanguage\":\"gl-ES\",\"@id\":\"https:\\\/\\\/www.anovapeneira.gal\\\/#\\\/schema\\\/logo\\\/image\\\/\",\"url\":\"http:\\\/\\\/www.anovapeneira.gal\\\/wp-content\\\/uploads\\\/2019\\\/06\\\/logo_a_nova_peneira_portal_web.png\",\"contentUrl\":\"http:\\\/\\\/www.anovapeneira.gal\\\/wp-content\\\/uploads\\\/2019\\\/06\\\/logo_a_nova_peneira_portal_web.png\",\"width\":300,\"height\":100,\"caption\":\"A Nova Peneira\"},\"image\":{\"@id\":\"https:\\\/\\\/www.anovapeneira.gal\\\/#\\\/schema\\\/logo\\\/image\\\/\"},\"sameAs\":[\"https:\\\/\\\/www.facebook.com\\\/anovapeneira\",\"https:\\\/\\\/x.com\\\/APeneira\"]},{\"@type\":\"Person\",\"@id\":\"https:\\\/\\\/www.anovapeneira.gal\\\/#\\\/schema\\\/person\\\/b93e3f8932e3f8da96334607eb6ac6aa\",\"name\":\"Redacci\u00f3n A Nova Peneira\",\"image\":{\"@type\":\"ImageObject\",\"inLanguage\":\"gl-ES\",\"@id\":\"https:\\\/\\\/secure.gravatar.com\\\/avatar\\\/c052a2551a06e23fac63626232eaa90abd78dbcf1700fc46a2b2c89fd27b735f?s=96&d=mm&r=g\",\"url\":\"https:\\\/\\\/secure.gravatar.com\\\/avatar\\\/c052a2551a06e23fac63626232eaa90abd78dbcf1700fc46a2b2c89fd27b735f?s=96&d=mm&r=g\",\"contentUrl\":\"https:\\\/\\\/secure.gravatar.com\\\/avatar\\\/c052a2551a06e23fac63626232eaa90abd78dbcf1700fc46a2b2c89fd27b735f?s=96&d=mm&r=g\",\"caption\":\"Redacci\u00f3n A Nova Peneira\"},\"sameAs\":[\"http:\\\/\\\/www.anovapeneira.gal\\\/\"],\"url\":\"https:\\\/\\\/www.anovapeneira.gal\\\/index.php\\\/author\\\/redactor\\\/\"}]}<\/script>\n<!-- \/ Yoast SEO plugin. -->","yoast_head_json":{"title":"O conflito na depuraci\u00f3n de augas residuais entre Mondariz e Mondariz Balneario 1\u00ba parte -","description":"No ano 2.005 a Xunta, con fondos da UE, constru\u00eda unha depuradora situada no espazo f\u00edsico de Mondariz Balneario, que teoricamente ten capacidade de tratar as augas sucias de 6.000 persoas.","robots":{"index":"index","follow":"follow","max-snippet":"max-snippet:-1","max-image-preview":"max-image-preview:large","max-video-preview":"max-video-preview:-1"},"canonical":"https:\/\/www.anovapeneira.gal\/index.php\/2021\/06\/17\/o-conflito-na-depuracion-de-augas-residuais-entre-mondariz-e-mondariz-balneario-1o-parte\/","og_locale":"gl_ES","og_type":"article","og_title":"O conflito na depuraci\u00f3n de augas residuais entre Mondariz e Mondariz Balneario 1\u00ba parte -","og_description":"No ano 2.005 a Xunta, con fondos da UE, constru\u00eda unha depuradora situada no espazo f\u00edsico de Mondariz Balneario, que teoricamente ten capacidade de tratar as augas sucias de 6.000 persoas.","og_url":"https:\/\/www.anovapeneira.gal\/index.php\/2021\/06\/17\/o-conflito-na-depuracion-de-augas-residuais-entre-mondariz-e-mondariz-balneario-1o-parte\/","article_publisher":"https:\/\/www.facebook.com\/anovapeneira","article_published_time":"2021-06-17T10:00:52+00:00","og_image":[{"width":720,"height":432,"url":"https:\/\/www.anovapeneira.gal\/wp-content\/uploads\/2021\/06\/EMILIO_BARROS.jpg","type":"image\/jpeg"}],"author":"Redacci\u00f3n A Nova Peneira","twitter_card":"summary_large_image","twitter_creator":"@APeneira","twitter_site":"@APeneira","twitter_misc":{"Escrito por":"Redacci\u00f3n A Nova Peneira","Tempo de lectura":"3 minutos"},"schema":{"@context":"https:\/\/schema.org","@graph":[{"@type":"Article","@id":"https:\/\/www.anovapeneira.gal\/index.php\/2021\/06\/17\/o-conflito-na-depuracion-de-augas-residuais-entre-mondariz-e-mondariz-balneario-1o-parte\/#article","isPartOf":{"@id":"https:\/\/www.anovapeneira.gal\/index.php\/2021\/06\/17\/o-conflito-na-depuracion-de-augas-residuais-entre-mondariz-e-mondariz-balneario-1o-parte\/"},"author":{"name":"Redacci\u00f3n A Nova Peneira","@id":"https:\/\/www.anovapeneira.gal\/#\/schema\/person\/b93e3f8932e3f8da96334607eb6ac6aa"},"headline":"O conflito na depuraci\u00f3n de augas residuais entre Mondariz e Mondariz Balneario 1\u00ba parte","datePublished":"2021-06-17T10:00:52+00:00","mainEntityOfPage":{"@id":"https:\/\/www.anovapeneira.gal\/index.php\/2021\/06\/17\/o-conflito-na-depuracion-de-augas-residuais-entre-mondariz-e-mondariz-balneario-1o-parte\/"},"wordCount":657,"commentCount":0,"publisher":{"@id":"https:\/\/www.anovapeneira.gal\/#organization"},"image":{"@id":"https:\/\/www.anovapeneira.gal\/index.php\/2021\/06\/17\/o-conflito-na-depuracion-de-augas-residuais-entre-mondariz-e-mondariz-balneario-1o-parte\/#primaryimage"},"thumbnailUrl":"https:\/\/www.anovapeneira.gal\/wp-content\/uploads\/2021\/06\/EMILIO_BARROS.jpg","keywords":["Concello de Mondariz"],"articleSection":["Condado"],"inLanguage":"gl-ES","potentialAction":[{"@type":"CommentAction","name":"Comment","target":["https:\/\/www.anovapeneira.gal\/index.php\/2021\/06\/17\/o-conflito-na-depuracion-de-augas-residuais-entre-mondariz-e-mondariz-balneario-1o-parte\/#respond"]}]},{"@type":"WebPage","@id":"https:\/\/www.anovapeneira.gal\/index.php\/2021\/06\/17\/o-conflito-na-depuracion-de-augas-residuais-entre-mondariz-e-mondariz-balneario-1o-parte\/","url":"https:\/\/www.anovapeneira.gal\/index.php\/2021\/06\/17\/o-conflito-na-depuracion-de-augas-residuais-entre-mondariz-e-mondariz-balneario-1o-parte\/","name":"O conflito na depuraci\u00f3n de augas residuais entre Mondariz e Mondariz Balneario 1\u00ba parte -","isPartOf":{"@id":"https:\/\/www.anovapeneira.gal\/#website"},"primaryImageOfPage":{"@id":"https:\/\/www.anovapeneira.gal\/index.php\/2021\/06\/17\/o-conflito-na-depuracion-de-augas-residuais-entre-mondariz-e-mondariz-balneario-1o-parte\/#primaryimage"},"image":{"@id":"https:\/\/www.anovapeneira.gal\/index.php\/2021\/06\/17\/o-conflito-na-depuracion-de-augas-residuais-entre-mondariz-e-mondariz-balneario-1o-parte\/#primaryimage"},"thumbnailUrl":"https:\/\/www.anovapeneira.gal\/wp-content\/uploads\/2021\/06\/EMILIO_BARROS.jpg","datePublished":"2021-06-17T10:00:52+00:00","description":"No ano 2.005 a Xunta, con fondos da UE, constru\u00eda unha depuradora situada no espazo f\u00edsico de Mondariz Balneario, que teoricamente ten capacidade de tratar as augas sucias de 6.000 persoas.","breadcrumb":{"@id":"https:\/\/www.anovapeneira.gal\/index.php\/2021\/06\/17\/o-conflito-na-depuracion-de-augas-residuais-entre-mondariz-e-mondariz-balneario-1o-parte\/#breadcrumb"},"inLanguage":"gl-ES","potentialAction":[{"@type":"ReadAction","target":["https:\/\/www.anovapeneira.gal\/index.php\/2021\/06\/17\/o-conflito-na-depuracion-de-augas-residuais-entre-mondariz-e-mondariz-balneario-1o-parte\/"]}]},{"@type":"ImageObject","inLanguage":"gl-ES","@id":"https:\/\/www.anovapeneira.gal\/index.php\/2021\/06\/17\/o-conflito-na-depuracion-de-augas-residuais-entre-mondariz-e-mondariz-balneario-1o-parte\/#primaryimage","url":"https:\/\/www.anovapeneira.gal\/wp-content\/uploads\/2021\/06\/EMILIO_BARROS.jpg","contentUrl":"https:\/\/www.anovapeneira.gal\/wp-content\/uploads\/2021\/06\/EMILIO_BARROS.jpg","width":720,"height":432,"caption":"Emilio Barros"},{"@type":"BreadcrumbList","@id":"https:\/\/www.anovapeneira.gal\/index.php\/2021\/06\/17\/o-conflito-na-depuracion-de-augas-residuais-entre-mondariz-e-mondariz-balneario-1o-parte\/#breadcrumb","itemListElement":[{"@type":"ListItem","position":1,"name":"Portada","item":"https:\/\/www.anovapeneira.gal\/"},{"@type":"ListItem","position":2,"name":"O conflito na depuraci\u00f3n de augas residuais entre Mondariz e Mondariz Balneario 1\u00ba parte"}]},{"@type":"WebSite","@id":"https:\/\/www.anovapeneira.gal\/#website","url":"https:\/\/www.anovapeneira.gal\/","name":"","description":"Xornal galego de informaci\u00f3n xeral Publicaci\u00f3n mensual de novas de Galicia e en especial dos Concellos da sur da provincia de Pontevedra.","publisher":{"@id":"https:\/\/www.anovapeneira.gal\/#organization"},"potentialAction":[{"@type":"SearchAction","target":{"@type":"EntryPoint","urlTemplate":"https:\/\/www.anovapeneira.gal\/?s={search_term_string}"},"query-input":{"@type":"PropertyValueSpecification","valueRequired":true,"valueName":"search_term_string"}}],"inLanguage":"gl-ES"},{"@type":"Organization","@id":"https:\/\/www.anovapeneira.gal\/#organization","name":"A Nova Peneira","url":"https:\/\/www.anovapeneira.gal\/","logo":{"@type":"ImageObject","inLanguage":"gl-ES","@id":"https:\/\/www.anovapeneira.gal\/#\/schema\/logo\/image\/","url":"http:\/\/www.anovapeneira.gal\/wp-content\/uploads\/2019\/06\/logo_a_nova_peneira_portal_web.png","contentUrl":"http:\/\/www.anovapeneira.gal\/wp-content\/uploads\/2019\/06\/logo_a_nova_peneira_portal_web.png","width":300,"height":100,"caption":"A Nova Peneira"},"image":{"@id":"https:\/\/www.anovapeneira.gal\/#\/schema\/logo\/image\/"},"sameAs":["https:\/\/www.facebook.com\/anovapeneira","https:\/\/x.com\/APeneira"]},{"@type":"Person","@id":"https:\/\/www.anovapeneira.gal\/#\/schema\/person\/b93e3f8932e3f8da96334607eb6ac6aa","name":"Redacci\u00f3n A Nova Peneira","image":{"@type":"ImageObject","inLanguage":"gl-ES","@id":"https:\/\/secure.gravatar.com\/avatar\/c052a2551a06e23fac63626232eaa90abd78dbcf1700fc46a2b2c89fd27b735f?s=96&d=mm&r=g","url":"https:\/\/secure.gravatar.com\/avatar\/c052a2551a06e23fac63626232eaa90abd78dbcf1700fc46a2b2c89fd27b735f?s=96&d=mm&r=g","contentUrl":"https:\/\/secure.gravatar.com\/avatar\/c052a2551a06e23fac63626232eaa90abd78dbcf1700fc46a2b2c89fd27b735f?s=96&d=mm&r=g","caption":"Redacci\u00f3n A Nova Peneira"},"sameAs":["http:\/\/www.anovapeneira.gal\/"],"url":"https:\/\/www.anovapeneira.gal\/index.php\/author\/redactor\/"}]}},"jetpack_featured_media_url":"https:\/\/www.anovapeneira.gal\/wp-content\/uploads\/2021\/06\/EMILIO_BARROS.jpg","_links":{"self":[{"href":"https:\/\/www.anovapeneira.gal\/index.php\/wp-json\/wp\/v2\/posts\/5617","targetHints":{"allow":["GET"]}}],"collection":[{"href":"https:\/\/www.anovapeneira.gal\/index.php\/wp-json\/wp\/v2\/posts"}],"about":[{"href":"https:\/\/www.anovapeneira.gal\/index.php\/wp-json\/wp\/v2\/types\/post"}],"author":[{"embeddable":true,"href":"https:\/\/www.anovapeneira.gal\/index.php\/wp-json\/wp\/v2\/users\/3"}],"replies":[{"embeddable":true,"href":"https:\/\/www.anovapeneira.gal\/index.php\/wp-json\/wp\/v2\/comments?post=5617"}],"version-history":[{"count":1,"href":"https:\/\/www.anovapeneira.gal\/index.php\/wp-json\/wp\/v2\/posts\/5617\/revisions"}],"predecessor-version":[{"id":5619,"href":"https:\/\/www.anovapeneira.gal\/index.php\/wp-json\/wp\/v2\/posts\/5617\/revisions\/5619"}],"wp:featuredmedia":[{"embeddable":true,"href":"https:\/\/www.anovapeneira.gal\/index.php\/wp-json\/wp\/v2\/media\/5618"}],"wp:attachment":[{"href":"https:\/\/www.anovapeneira.gal\/index.php\/wp-json\/wp\/v2\/media?parent=5617"}],"wp:term":[{"taxonomy":"category","embeddable":true,"href":"https:\/\/www.anovapeneira.gal\/index.php\/wp-json\/wp\/v2\/categories?post=5617"},{"taxonomy":"post_tag","embeddable":true,"href":"https:\/\/www.anovapeneira.gal\/index.php\/wp-json\/wp\/v2\/tags?post=5617"}],"curies":[{"name":"wp","href":"https:\/\/api.w.org\/{rel}","templated":true}]}}