{"id":5624,"date":"2021-06-18T12:00:08","date_gmt":"2021-06-18T10:00:08","guid":{"rendered":"http:\/\/www.anovapeneira.gal\/?p=5624"},"modified":"2021-06-16T11:31:34","modified_gmt":"2021-06-16T09:31:34","slug":"eolicos-venen-e-van","status":"publish","type":"post","link":"https:\/\/www.anovapeneira.gal\/index.php\/2021\/06\/18\/eolicos-venen-e-van\/","title":{"rendered":"E\u00f3licos ve\u00f1en e van"},"content":{"rendered":"\n<figure class=\"wp-block-image size-large is-resized\"><img loading=\"lazy\" decoding=\"async\" src=\"http:\/\/www.anovapeneira.gal\/wp-content\/uploads\/2019\/07\/Baldomero_Iglesias_Dobarrio_Mero.jpg\" alt=\"Baldomero Iglesias Dobarrio Mero artigos de opini\u00f3n A Nova Peneira\" class=\"wp-image-482\" width=\"95\" height=\"111\"\/><figcaption>Baldomero Iglesias Dobarrio, Mero<\/figcaption><\/figure>\n\n\n\n<p>Estamos nese punto de falar moito sen escoitarnos entre todos n\u00f3s, sen parar a considerar. Todo \u00e9 un alboroto que brama sen sentido. Empezo a crer que a pol\u00edtica volveuse iso e dar &#8220;largas&#8221;. Non pode haber encontro, entendemento nesta polis\u00e9mica vinganza de non querer saber, &nbsp;non querer escoitar. Non comprenderse \u00e9 un s\u00edntoma da derrota absoluta.&nbsp;<\/p>\n\n\n\n<p>E as\u00ed nos vai, claro! Agora resulta que nos defenden, falo de pol\u00edticos e asesores de todo tipo, cando nos infrinxen castigo. Agora resulta, abreviando, que nos liberan economicamente cando nos suben o prezo da luz e que nos van facer un favor ao enchernos de parques e\u00f3licos, de incineradoras, de lixos e lodos contaminantes. Alg\u00fans, xa temos a experiencia de cousas dese tipo, eucaliptos nos ollos enchendo a paisaxe, arruinando esperanzas produtivas e abrasando en potenciais incendios, lodos contaminantes que con nocturnidade botan nos altos e contaminan permanentemente cos seus pesados metais, ou as &#8220;vacas tolas&#8221; canto&nbsp; enterraron a vergo\u00f1a baixo cal e nunhas minas a ceo aberto do se\u00f1or Villar Mir (Lanz\u00e1, Mes\u00eda, A Coru\u00f1a). Si, daquel se\u00f1or que fora xa ministro de Franco e que ten tantas agarradeiras en partidos de goberno, moi sospeitoso de trampas e de mercar vontades para o seu beneficio coa obra p\u00fablica e pagos en negro. Aquel se\u00f1or que xa nos abriu feridas na terra e no coraz\u00f3n coas s\u00faas obras de minar\u00eda, unha forma de beneficio neto m\u00e1is, que arrasou fontes e r\u00edos, fragas e toda a natureza da contorna pr\u00f3xima. A\u00ednda se pode ver, est\u00e1n a\u00ed os seus despoxos. Hai xente con moito poder que se aproveita de n\u00f3s. Ningu\u00e9n lles fixo pagar o dano que infrinxiron. E piden m\u00e1is, m\u00e1is chicha e negocio, de costas \u00e1 quen resulta enganado.<\/p>\n\n\n\n<p>Todo isto, sup\u00f3n un custo ambiental tal, e tan negativo, que d\u00e1 pena vernos&nbsp; nos perigos e ameazas. Baixo a forma de inocentes papaventos, que miden douscentos metros de alto, levan os dividendos econ\u00f3micos dos Macro-Parques E\u00f3licos para f\u00f3ra. Que ningu\u00e9n se engane, nunca nos rebaixar\u00e1n os prezos do consumo -como debera ser, xa que os sufrimos! \u00c9 dicir, permiten que nos rouben tam\u00e9n o aire! Xa acabaron coa terra, coas augas limpas, agora chegan empresas de lonxe, que ve\u00f1en, empaquetan e venden. Chegado o d\u00eda, venderannos a n\u00f3s como o seu produto, tam\u00e9n -se chega o caso- como se foramos da s\u00faa propiedade. Todo un luxo de apropiaci\u00f3n indebida, de roubo consentido. Diso saben moito pol\u00edticos e continuadores dos que temos na proximidade. Poder\u00edanse dar nomes. Fix\u00e9ronse expertos en mutaci\u00f3ns, transformaci\u00f3ns, eufemismos, furtos, raptos, relatos de confusi\u00f3n, de submisi\u00f3n, de subtracci\u00f3ns e estafas en ampla gama. Acoden en protesta anque calan nos foros debidos, onde est\u00e1n non s\u00f3 para dicir sen\u00f3n para alzar a voz e negarse, defender os intereses da xente afectada. Para que foron votados? Para discrepar, para pedir explicaci\u00f3ns, para negarse ao atropelo.&nbsp;<\/p>\n\n\n\n<p>Os aconteceres van as\u00ed, suceden coma quen non quere a cousa. Acabamos pagando a enerx\u00eda que nos roubaron previamente, a prezo igual ou superior a outros. Xa pasa coa enerx\u00eda dos encoros, e mirade que temos ben deles! Disto lembro ter falado con Isaac D\u00edaz Pardo refer\u00edndonos ao caol\u00edn, arxila branca que procede da descomposici\u00f3n do feldespato e necesaria para a louza na s\u00faa f\u00e1brica de Sargadelos. T\u00ed\u00f1alla que mercar aos alem\u00e1ns, que se apropiaran das minas en Galiza. Pag\u00e1baa &nbsp;a prezos de ouro, vingativos. Isto volver\u00e1 suceder, ch\u00e1mase invasi\u00f3n, colonizaci\u00f3n, usurpaci\u00f3n, desleixo, abandono de funci\u00f3ns, explotaci\u00f3n e unha morea m\u00e1is de bastardas intenci\u00f3ns que se envolven en palabras. Nin en Madrid nin en Galiza volven por n\u00f3s. T\u00e9\u00f1ennos vendidos. Ao final est\u00e1n unhas portas xiratorias que lles dan abeiro cando outonea. M\u00e1goa estar tan mal gobernados, por xente que o fai en contra de n\u00f3s, do noso patrimonio cultual, natural e ambiental. Se fose tan bo, non nolo tra\u00edan!<\/p>\n\n\n\n<p>Algu\u00e9n dic\u00eda, xa na prehistoria dos tempos, que gobernar era mirar polo ben com\u00fan. As verbas son un eco, resoan nada m\u00e1is. Levan xa moitos anos indultando a mentira e as atrocidades a respecto da Terra, do Noso -ese todo que somos, cultura, memorias, comunidade. Ins\u00faltannos coa afronta dos seus actos, que nos arru\u00ednan en silencios que se volven contra a Casa. Ve\u00f1en e van axudados de leis e xentes vendidas do ramo, de medios de comunicaci\u00f3n, que calan e ocultan a verdade, seareiros e asesores, mentireiros de moda que o din en ingl\u00e9s e, seica di moito m\u00e1is: &#8220;fake news&#8221;.&nbsp;<\/p>\n","protected":false},"excerpt":{"rendered":"<div class=\"mh-excerpt\"><p>Estamos nese punto de falar moito sen escoitarnos entre todos n\u00f3s, sen parar a considerar. Todo \u00e9 un alboroto que brama sen sentido. Empezo a crer que a pol\u00edtica volveuse iso e dar &#8220;largas&#8221;. Non pode haber encontro, entendemento nesta polis\u00e9mica vinganza de non querer saber,  non querer escoitar. Non comprenderse \u00e9 un s\u00edntoma da derrota absoluta.  <a class=\"mh-excerpt-more\" href=\"https:\/\/www.anovapeneira.gal\/index.php\/2021\/06\/18\/eolicos-venen-e-van\/\" title=\"E\u00f3licos ve\u00f1en e van\">[&#8230;]<\/a><\/p>\n<\/div>","protected":false},"author":5,"featured_media":584,"comment_status":"open","ping_status":"open","sticky":false,"template":"","format":"standard","meta":{"_exactmetrics_skip_tracking":false,"_exactmetrics_sitenote_active":false,"_exactmetrics_sitenote_note":"","_exactmetrics_sitenote_category":0,"footnotes":""},"categories":[7],"tags":[],"class_list":{"0":"post-5624","1":"post","2":"type-post","3":"status-publish","4":"format-standard","5":"has-post-thumbnail","7":"category-artigos-de-opinion"},"yoast_head":"<!-- This site is optimized with the Yoast SEO plugin v27.5 - https:\/\/yoast.com\/product\/yoast-seo-wordpress\/ -->\n<title>E\u00f3licos ve\u00f1en e van -<\/title>\n<meta name=\"description\" content=\"Estamos nese punto de falar moito sen escoitarnos entre todos n\u00f3s, sen parar a considerar. Todo \u00e9 un alboroto que brama sen sentido. Empezo a crer que a pol\u00edtica volveuse iso e dar &quot;largas&quot;. Non pode haber encontro, entendemento nesta polis\u00e9mica vinganza de non querer saber, non querer escoitar. Non comprenderse \u00e9 un s\u00edntoma da derrota absoluta.\" \/>\n<meta name=\"robots\" content=\"index, follow, max-snippet:-1, max-image-preview:large, max-video-preview:-1\" \/>\n<link rel=\"canonical\" href=\"https:\/\/www.anovapeneira.gal\/index.php\/2021\/06\/18\/eolicos-venen-e-van\/\" \/>\n<meta property=\"og:locale\" content=\"gl_ES\" \/>\n<meta property=\"og:type\" content=\"article\" \/>\n<meta property=\"og:title\" content=\"E\u00f3licos ve\u00f1en e van -\" \/>\n<meta property=\"og:description\" content=\"Estamos nese punto de falar moito sen escoitarnos entre todos n\u00f3s, sen parar a considerar. Todo \u00e9 un alboroto que brama sen sentido. Empezo a crer que a pol\u00edtica volveuse iso e dar &quot;largas&quot;. Non pode haber encontro, entendemento nesta polis\u00e9mica vinganza de non querer saber, non querer escoitar. Non comprenderse \u00e9 un s\u00edntoma da derrota absoluta.\" \/>\n<meta property=\"og:url\" content=\"https:\/\/www.anovapeneira.gal\/index.php\/2021\/06\/18\/eolicos-venen-e-van\/\" \/>\n<meta property=\"article:publisher\" content=\"https:\/\/www.facebook.com\/anovapeneira\" \/>\n<meta property=\"article:published_time\" content=\"2021-06-18T10:00:08+00:00\" \/>\n<meta property=\"og:image\" content=\"https:\/\/www.anovapeneira.gal\/wp-content\/uploads\/2019\/07\/ARTIGO_DE_OPINION_A_NOVA_PENEIRA.jpg\" \/>\n\t<meta property=\"og:image:width\" content=\"720\" \/>\n\t<meta property=\"og:image:height\" content=\"473\" \/>\n\t<meta property=\"og:image:type\" content=\"image\/jpeg\" \/>\n<meta name=\"author\" content=\"Baldomero Iglesias Dobarrio, Mero\" \/>\n<meta name=\"twitter:card\" content=\"summary_large_image\" \/>\n<meta name=\"twitter:image\" content=\"https:\/\/www.anovapeneira.gal\/wp-content\/uploads\/2019\/07\/ARTIGO_DE_OPINION_A_NOVA_PENEIRA.jpg\" \/>\n<meta name=\"twitter:creator\" content=\"@APeneira\" \/>\n<meta name=\"twitter:site\" content=\"@APeneira\" \/>\n<meta name=\"twitter:label1\" content=\"Escrito por\" \/>\n\t<meta name=\"twitter:data1\" content=\"Baldomero Iglesias Dobarrio, Mero\" \/>\n\t<meta name=\"twitter:label2\" content=\"Tempo de lectura\" \/>\n\t<meta name=\"twitter:data2\" content=\"4 minutos\" \/>\n<script type=\"application\/ld+json\" class=\"yoast-schema-graph\">{\"@context\":\"https:\\\/\\\/schema.org\",\"@graph\":[{\"@type\":\"Article\",\"@id\":\"https:\\\/\\\/www.anovapeneira.gal\\\/index.php\\\/2021\\\/06\\\/18\\\/eolicos-venen-e-van\\\/#article\",\"isPartOf\":{\"@id\":\"https:\\\/\\\/www.anovapeneira.gal\\\/index.php\\\/2021\\\/06\\\/18\\\/eolicos-venen-e-van\\\/\"},\"author\":{\"name\":\"Baldomero Iglesias Dobarrio, Mero\",\"@id\":\"https:\\\/\\\/www.anovapeneira.gal\\\/#\\\/schema\\\/person\\\/b051ed40cfc100e281476674783b32fc\"},\"headline\":\"E\u00f3licos ve\u00f1en e van\",\"datePublished\":\"2021-06-18T10:00:08+00:00\",\"mainEntityOfPage\":{\"@id\":\"https:\\\/\\\/www.anovapeneira.gal\\\/index.php\\\/2021\\\/06\\\/18\\\/eolicos-venen-e-van\\\/\"},\"wordCount\":829,\"commentCount\":0,\"publisher\":{\"@id\":\"https:\\\/\\\/www.anovapeneira.gal\\\/#organization\"},\"image\":{\"@id\":\"https:\\\/\\\/www.anovapeneira.gal\\\/index.php\\\/2021\\\/06\\\/18\\\/eolicos-venen-e-van\\\/#primaryimage\"},\"thumbnailUrl\":\"https:\\\/\\\/www.anovapeneira.gal\\\/wp-content\\\/uploads\\\/2019\\\/07\\\/ARTIGO_DE_OPINION_A_NOVA_PENEIRA.jpg\",\"articleSection\":[\"Artigos de opini\u00f3n\"],\"inLanguage\":\"gl-ES\",\"potentialAction\":[{\"@type\":\"CommentAction\",\"name\":\"Comment\",\"target\":[\"https:\\\/\\\/www.anovapeneira.gal\\\/index.php\\\/2021\\\/06\\\/18\\\/eolicos-venen-e-van\\\/#respond\"]}]},{\"@type\":\"WebPage\",\"@id\":\"https:\\\/\\\/www.anovapeneira.gal\\\/index.php\\\/2021\\\/06\\\/18\\\/eolicos-venen-e-van\\\/\",\"url\":\"https:\\\/\\\/www.anovapeneira.gal\\\/index.php\\\/2021\\\/06\\\/18\\\/eolicos-venen-e-van\\\/\",\"name\":\"E\u00f3licos ve\u00f1en e van -\",\"isPartOf\":{\"@id\":\"https:\\\/\\\/www.anovapeneira.gal\\\/#website\"},\"primaryImageOfPage\":{\"@id\":\"https:\\\/\\\/www.anovapeneira.gal\\\/index.php\\\/2021\\\/06\\\/18\\\/eolicos-venen-e-van\\\/#primaryimage\"},\"image\":{\"@id\":\"https:\\\/\\\/www.anovapeneira.gal\\\/index.php\\\/2021\\\/06\\\/18\\\/eolicos-venen-e-van\\\/#primaryimage\"},\"thumbnailUrl\":\"https:\\\/\\\/www.anovapeneira.gal\\\/wp-content\\\/uploads\\\/2019\\\/07\\\/ARTIGO_DE_OPINION_A_NOVA_PENEIRA.jpg\",\"datePublished\":\"2021-06-18T10:00:08+00:00\",\"description\":\"Estamos nese punto de falar moito sen escoitarnos entre todos n\u00f3s, sen parar a considerar. Todo \u00e9 un alboroto que brama sen sentido. Empezo a crer que a pol\u00edtica volveuse iso e dar \\\"largas\\\". Non pode haber encontro, entendemento nesta polis\u00e9mica vinganza de non querer saber, non querer escoitar. Non comprenderse \u00e9 un s\u00edntoma da derrota absoluta.\",\"breadcrumb\":{\"@id\":\"https:\\\/\\\/www.anovapeneira.gal\\\/index.php\\\/2021\\\/06\\\/18\\\/eolicos-venen-e-van\\\/#breadcrumb\"},\"inLanguage\":\"gl-ES\",\"potentialAction\":[{\"@type\":\"ReadAction\",\"target\":[\"https:\\\/\\\/www.anovapeneira.gal\\\/index.php\\\/2021\\\/06\\\/18\\\/eolicos-venen-e-van\\\/\"]}]},{\"@type\":\"ImageObject\",\"inLanguage\":\"gl-ES\",\"@id\":\"https:\\\/\\\/www.anovapeneira.gal\\\/index.php\\\/2021\\\/06\\\/18\\\/eolicos-venen-e-van\\\/#primaryimage\",\"url\":\"https:\\\/\\\/www.anovapeneira.gal\\\/wp-content\\\/uploads\\\/2019\\\/07\\\/ARTIGO_DE_OPINION_A_NOVA_PENEIRA.jpg\",\"contentUrl\":\"https:\\\/\\\/www.anovapeneira.gal\\\/wp-content\\\/uploads\\\/2019\\\/07\\\/ARTIGO_DE_OPINION_A_NOVA_PENEIRA.jpg\",\"width\":720,\"height\":473,\"caption\":\"Artigo de opini\u00f3n A Nova Peneira\"},{\"@type\":\"BreadcrumbList\",\"@id\":\"https:\\\/\\\/www.anovapeneira.gal\\\/index.php\\\/2021\\\/06\\\/18\\\/eolicos-venen-e-van\\\/#breadcrumb\",\"itemListElement\":[{\"@type\":\"ListItem\",\"position\":1,\"name\":\"Portada\",\"item\":\"https:\\\/\\\/www.anovapeneira.gal\\\/\"},{\"@type\":\"ListItem\",\"position\":2,\"name\":\"E\u00f3licos ve\u00f1en e van\"}]},{\"@type\":\"WebSite\",\"@id\":\"https:\\\/\\\/www.anovapeneira.gal\\\/#website\",\"url\":\"https:\\\/\\\/www.anovapeneira.gal\\\/\",\"name\":\"\",\"description\":\"Xornal galego de informaci\u00f3n xeral Publicaci\u00f3n mensual de novas de Galicia e en especial dos Concellos da sur da provincia de Pontevedra.\",\"publisher\":{\"@id\":\"https:\\\/\\\/www.anovapeneira.gal\\\/#organization\"},\"potentialAction\":[{\"@type\":\"SearchAction\",\"target\":{\"@type\":\"EntryPoint\",\"urlTemplate\":\"https:\\\/\\\/www.anovapeneira.gal\\\/?s={search_term_string}\"},\"query-input\":{\"@type\":\"PropertyValueSpecification\",\"valueRequired\":true,\"valueName\":\"search_term_string\"}}],\"inLanguage\":\"gl-ES\"},{\"@type\":\"Organization\",\"@id\":\"https:\\\/\\\/www.anovapeneira.gal\\\/#organization\",\"name\":\"A Nova Peneira\",\"url\":\"https:\\\/\\\/www.anovapeneira.gal\\\/\",\"logo\":{\"@type\":\"ImageObject\",\"inLanguage\":\"gl-ES\",\"@id\":\"https:\\\/\\\/www.anovapeneira.gal\\\/#\\\/schema\\\/logo\\\/image\\\/\",\"url\":\"http:\\\/\\\/www.anovapeneira.gal\\\/wp-content\\\/uploads\\\/2019\\\/06\\\/logo_a_nova_peneira_portal_web.png\",\"contentUrl\":\"http:\\\/\\\/www.anovapeneira.gal\\\/wp-content\\\/uploads\\\/2019\\\/06\\\/logo_a_nova_peneira_portal_web.png\",\"width\":300,\"height\":100,\"caption\":\"A Nova Peneira\"},\"image\":{\"@id\":\"https:\\\/\\\/www.anovapeneira.gal\\\/#\\\/schema\\\/logo\\\/image\\\/\"},\"sameAs\":[\"https:\\\/\\\/www.facebook.com\\\/anovapeneira\",\"https:\\\/\\\/x.com\\\/APeneira\"]},{\"@type\":\"Person\",\"@id\":\"https:\\\/\\\/www.anovapeneira.gal\\\/#\\\/schema\\\/person\\\/b051ed40cfc100e281476674783b32fc\",\"name\":\"Baldomero Iglesias Dobarrio, Mero\",\"image\":{\"@type\":\"ImageObject\",\"inLanguage\":\"gl-ES\",\"@id\":\"https:\\\/\\\/secure.gravatar.com\\\/avatar\\\/ca78fc089f8cf28197f88de2c9ac213e2f7d2097d8e359d9359b8778b539c59d?s=96&d=mm&r=g\",\"url\":\"https:\\\/\\\/secure.gravatar.com\\\/avatar\\\/ca78fc089f8cf28197f88de2c9ac213e2f7d2097d8e359d9359b8778b539c59d?s=96&d=mm&r=g\",\"contentUrl\":\"https:\\\/\\\/secure.gravatar.com\\\/avatar\\\/ca78fc089f8cf28197f88de2c9ac213e2f7d2097d8e359d9359b8778b539c59d?s=96&d=mm&r=g\",\"caption\":\"Baldomero Iglesias Dobarrio, Mero\"},\"sameAs\":[\"http:\\\/\\\/anovapeneira.gal\"],\"url\":\"https:\\\/\\\/www.anovapeneira.gal\\\/index.php\\\/author\\\/opinionmero\\\/\"}]}<\/script>\n<!-- \/ Yoast SEO plugin. -->","yoast_head_json":{"title":"E\u00f3licos ve\u00f1en e van -","description":"Estamos nese punto de falar moito sen escoitarnos entre todos n\u00f3s, sen parar a considerar. Todo \u00e9 un alboroto que brama sen sentido. Empezo a crer que a pol\u00edtica volveuse iso e dar \"largas\". Non pode haber encontro, entendemento nesta polis\u00e9mica vinganza de non querer saber, non querer escoitar. Non comprenderse \u00e9 un s\u00edntoma da derrota absoluta.","robots":{"index":"index","follow":"follow","max-snippet":"max-snippet:-1","max-image-preview":"max-image-preview:large","max-video-preview":"max-video-preview:-1"},"canonical":"https:\/\/www.anovapeneira.gal\/index.php\/2021\/06\/18\/eolicos-venen-e-van\/","og_locale":"gl_ES","og_type":"article","og_title":"E\u00f3licos ve\u00f1en e van -","og_description":"Estamos nese punto de falar moito sen escoitarnos entre todos n\u00f3s, sen parar a considerar. Todo \u00e9 un alboroto que brama sen sentido. Empezo a crer que a pol\u00edtica volveuse iso e dar \"largas\". Non pode haber encontro, entendemento nesta polis\u00e9mica vinganza de non querer saber, non querer escoitar. Non comprenderse \u00e9 un s\u00edntoma da derrota absoluta.","og_url":"https:\/\/www.anovapeneira.gal\/index.php\/2021\/06\/18\/eolicos-venen-e-van\/","article_publisher":"https:\/\/www.facebook.com\/anovapeneira","article_published_time":"2021-06-18T10:00:08+00:00","og_image":[{"width":720,"height":473,"url":"https:\/\/www.anovapeneira.gal\/wp-content\/uploads\/2019\/07\/ARTIGO_DE_OPINION_A_NOVA_PENEIRA.jpg","type":"image\/jpeg"}],"author":"Baldomero Iglesias Dobarrio, Mero","twitter_card":"summary_large_image","twitter_image":"https:\/\/www.anovapeneira.gal\/wp-content\/uploads\/2019\/07\/ARTIGO_DE_OPINION_A_NOVA_PENEIRA.jpg","twitter_creator":"@APeneira","twitter_site":"@APeneira","twitter_misc":{"Escrito por":"Baldomero Iglesias Dobarrio, Mero","Tempo de lectura":"4 minutos"},"schema":{"@context":"https:\/\/schema.org","@graph":[{"@type":"Article","@id":"https:\/\/www.anovapeneira.gal\/index.php\/2021\/06\/18\/eolicos-venen-e-van\/#article","isPartOf":{"@id":"https:\/\/www.anovapeneira.gal\/index.php\/2021\/06\/18\/eolicos-venen-e-van\/"},"author":{"name":"Baldomero Iglesias Dobarrio, Mero","@id":"https:\/\/www.anovapeneira.gal\/#\/schema\/person\/b051ed40cfc100e281476674783b32fc"},"headline":"E\u00f3licos ve\u00f1en e van","datePublished":"2021-06-18T10:00:08+00:00","mainEntityOfPage":{"@id":"https:\/\/www.anovapeneira.gal\/index.php\/2021\/06\/18\/eolicos-venen-e-van\/"},"wordCount":829,"commentCount":0,"publisher":{"@id":"https:\/\/www.anovapeneira.gal\/#organization"},"image":{"@id":"https:\/\/www.anovapeneira.gal\/index.php\/2021\/06\/18\/eolicos-venen-e-van\/#primaryimage"},"thumbnailUrl":"https:\/\/www.anovapeneira.gal\/wp-content\/uploads\/2019\/07\/ARTIGO_DE_OPINION_A_NOVA_PENEIRA.jpg","articleSection":["Artigos de opini\u00f3n"],"inLanguage":"gl-ES","potentialAction":[{"@type":"CommentAction","name":"Comment","target":["https:\/\/www.anovapeneira.gal\/index.php\/2021\/06\/18\/eolicos-venen-e-van\/#respond"]}]},{"@type":"WebPage","@id":"https:\/\/www.anovapeneira.gal\/index.php\/2021\/06\/18\/eolicos-venen-e-van\/","url":"https:\/\/www.anovapeneira.gal\/index.php\/2021\/06\/18\/eolicos-venen-e-van\/","name":"E\u00f3licos ve\u00f1en e van -","isPartOf":{"@id":"https:\/\/www.anovapeneira.gal\/#website"},"primaryImageOfPage":{"@id":"https:\/\/www.anovapeneira.gal\/index.php\/2021\/06\/18\/eolicos-venen-e-van\/#primaryimage"},"image":{"@id":"https:\/\/www.anovapeneira.gal\/index.php\/2021\/06\/18\/eolicos-venen-e-van\/#primaryimage"},"thumbnailUrl":"https:\/\/www.anovapeneira.gal\/wp-content\/uploads\/2019\/07\/ARTIGO_DE_OPINION_A_NOVA_PENEIRA.jpg","datePublished":"2021-06-18T10:00:08+00:00","description":"Estamos nese punto de falar moito sen escoitarnos entre todos n\u00f3s, sen parar a considerar. Todo \u00e9 un alboroto que brama sen sentido. Empezo a crer que a pol\u00edtica volveuse iso e dar \"largas\". Non pode haber encontro, entendemento nesta polis\u00e9mica vinganza de non querer saber, non querer escoitar. Non comprenderse \u00e9 un s\u00edntoma da derrota absoluta.","breadcrumb":{"@id":"https:\/\/www.anovapeneira.gal\/index.php\/2021\/06\/18\/eolicos-venen-e-van\/#breadcrumb"},"inLanguage":"gl-ES","potentialAction":[{"@type":"ReadAction","target":["https:\/\/www.anovapeneira.gal\/index.php\/2021\/06\/18\/eolicos-venen-e-van\/"]}]},{"@type":"ImageObject","inLanguage":"gl-ES","@id":"https:\/\/www.anovapeneira.gal\/index.php\/2021\/06\/18\/eolicos-venen-e-van\/#primaryimage","url":"https:\/\/www.anovapeneira.gal\/wp-content\/uploads\/2019\/07\/ARTIGO_DE_OPINION_A_NOVA_PENEIRA.jpg","contentUrl":"https:\/\/www.anovapeneira.gal\/wp-content\/uploads\/2019\/07\/ARTIGO_DE_OPINION_A_NOVA_PENEIRA.jpg","width":720,"height":473,"caption":"Artigo de opini\u00f3n A Nova Peneira"},{"@type":"BreadcrumbList","@id":"https:\/\/www.anovapeneira.gal\/index.php\/2021\/06\/18\/eolicos-venen-e-van\/#breadcrumb","itemListElement":[{"@type":"ListItem","position":1,"name":"Portada","item":"https:\/\/www.anovapeneira.gal\/"},{"@type":"ListItem","position":2,"name":"E\u00f3licos ve\u00f1en e van"}]},{"@type":"WebSite","@id":"https:\/\/www.anovapeneira.gal\/#website","url":"https:\/\/www.anovapeneira.gal\/","name":"","description":"Xornal galego de informaci\u00f3n xeral Publicaci\u00f3n mensual de novas de Galicia e en especial dos Concellos da sur da provincia de Pontevedra.","publisher":{"@id":"https:\/\/www.anovapeneira.gal\/#organization"},"potentialAction":[{"@type":"SearchAction","target":{"@type":"EntryPoint","urlTemplate":"https:\/\/www.anovapeneira.gal\/?s={search_term_string}"},"query-input":{"@type":"PropertyValueSpecification","valueRequired":true,"valueName":"search_term_string"}}],"inLanguage":"gl-ES"},{"@type":"Organization","@id":"https:\/\/www.anovapeneira.gal\/#organization","name":"A Nova Peneira","url":"https:\/\/www.anovapeneira.gal\/","logo":{"@type":"ImageObject","inLanguage":"gl-ES","@id":"https:\/\/www.anovapeneira.gal\/#\/schema\/logo\/image\/","url":"http:\/\/www.anovapeneira.gal\/wp-content\/uploads\/2019\/06\/logo_a_nova_peneira_portal_web.png","contentUrl":"http:\/\/www.anovapeneira.gal\/wp-content\/uploads\/2019\/06\/logo_a_nova_peneira_portal_web.png","width":300,"height":100,"caption":"A Nova Peneira"},"image":{"@id":"https:\/\/www.anovapeneira.gal\/#\/schema\/logo\/image\/"},"sameAs":["https:\/\/www.facebook.com\/anovapeneira","https:\/\/x.com\/APeneira"]},{"@type":"Person","@id":"https:\/\/www.anovapeneira.gal\/#\/schema\/person\/b051ed40cfc100e281476674783b32fc","name":"Baldomero Iglesias Dobarrio, Mero","image":{"@type":"ImageObject","inLanguage":"gl-ES","@id":"https:\/\/secure.gravatar.com\/avatar\/ca78fc089f8cf28197f88de2c9ac213e2f7d2097d8e359d9359b8778b539c59d?s=96&d=mm&r=g","url":"https:\/\/secure.gravatar.com\/avatar\/ca78fc089f8cf28197f88de2c9ac213e2f7d2097d8e359d9359b8778b539c59d?s=96&d=mm&r=g","contentUrl":"https:\/\/secure.gravatar.com\/avatar\/ca78fc089f8cf28197f88de2c9ac213e2f7d2097d8e359d9359b8778b539c59d?s=96&d=mm&r=g","caption":"Baldomero Iglesias Dobarrio, Mero"},"sameAs":["http:\/\/anovapeneira.gal"],"url":"https:\/\/www.anovapeneira.gal\/index.php\/author\/opinionmero\/"}]}},"jetpack_featured_media_url":"https:\/\/www.anovapeneira.gal\/wp-content\/uploads\/2019\/07\/ARTIGO_DE_OPINION_A_NOVA_PENEIRA.jpg","_links":{"self":[{"href":"https:\/\/www.anovapeneira.gal\/index.php\/wp-json\/wp\/v2\/posts\/5624","targetHints":{"allow":["GET"]}}],"collection":[{"href":"https:\/\/www.anovapeneira.gal\/index.php\/wp-json\/wp\/v2\/posts"}],"about":[{"href":"https:\/\/www.anovapeneira.gal\/index.php\/wp-json\/wp\/v2\/types\/post"}],"author":[{"embeddable":true,"href":"https:\/\/www.anovapeneira.gal\/index.php\/wp-json\/wp\/v2\/users\/5"}],"replies":[{"embeddable":true,"href":"https:\/\/www.anovapeneira.gal\/index.php\/wp-json\/wp\/v2\/comments?post=5624"}],"version-history":[{"count":1,"href":"https:\/\/www.anovapeneira.gal\/index.php\/wp-json\/wp\/v2\/posts\/5624\/revisions"}],"predecessor-version":[{"id":5625,"href":"https:\/\/www.anovapeneira.gal\/index.php\/wp-json\/wp\/v2\/posts\/5624\/revisions\/5625"}],"wp:featuredmedia":[{"embeddable":true,"href":"https:\/\/www.anovapeneira.gal\/index.php\/wp-json\/wp\/v2\/media\/584"}],"wp:attachment":[{"href":"https:\/\/www.anovapeneira.gal\/index.php\/wp-json\/wp\/v2\/media?parent=5624"}],"wp:term":[{"taxonomy":"category","embeddable":true,"href":"https:\/\/www.anovapeneira.gal\/index.php\/wp-json\/wp\/v2\/categories?post=5624"},{"taxonomy":"post_tag","embeddable":true,"href":"https:\/\/www.anovapeneira.gal\/index.php\/wp-json\/wp\/v2\/tags?post=5624"}],"curies":[{"name":"wp","href":"https:\/\/api.w.org\/{rel}","templated":true}]}}