{"id":5626,"date":"2021-06-21T10:00:15","date_gmt":"2021-06-21T08:00:15","guid":{"rendered":"http:\/\/www.anovapeneira.gal\/?p=5626"},"modified":"2021-06-16T11:51:57","modified_gmt":"2021-06-16T09:51:57","slug":"breve-historia-da-sociedade-de-canteiros-de-marin-1896-1936","status":"publish","type":"post","link":"https:\/\/www.anovapeneira.gal\/index.php\/2021\/06\/21\/breve-historia-da-sociedade-de-canteiros-de-marin-1896-1936\/","title":{"rendered":"Breve Historia da Sociedade de Canteiros de Mar\u00edn (1896-1936)"},"content":{"rendered":"\n<pre class=\"wp-block-preformatted\">Celso Milleiro<\/pre>\n\n\n\n<p>A comezos do mes de maio de 1896 os canteiros de Mar\u00edn declararon a folga aos patr\u00f3ns, aos que reclamaban unha rebaixa na xornada laboral. D\u00edas despois, tras unha dura negociaci\u00f3n, acadaron un acordo fixando para ese ano 10 horas e medias de traballo ao d\u00eda. Dous meses despois legalizaban unha sociedade de resistencia dando inicio ao movemento obreiro local.<\/p>\n\n\n\n<p>Detr\u00e1s desta auto-organizaci\u00f3n do estamento operario estaba a esquerda real do momento configurada por republicanos e socialistas, contando co apoio entusiasta dos seus correlixionarios de Pontevedra e da Federaci\u00f3n Obreira da cidade.<\/p>\n\n\n\n<p>En 1898 iniciaron outra folga de dous d\u00edas conseguindo dos Patr\u00f3ns unha suba dun real no seu salario. O incremento na remuneraci\u00f3n e a reduci\u00f3n das horas de xornada foron os eixos nos que vai pivotar o traballo sindical ao longo da s\u00faa historia. Ademais, hai que engadirlle a solidariedade coa loita desenvolvida polos obreiros doutras localidades, con importantes aportes monetarios realizados para manter as duradeiras folgas.<\/p>\n\n\n\n<p>En 1901 crea, xunto coas sociedades locais de Carpinteiros, Albaneis e Mari\u00f1eiros, a Federaci\u00f3n Obreira de Mar\u00edn e da que ser\u00e1 o n\u00facleo central durante toda a existencia deste organismo. Por esas datas a sociedade ingresou na Uni\u00f3n Xeral de Traballadores.<\/p>\n\n\n\n<p>O primeiro Presidente do que se ten constancia foi Joaqu\u00edn Rodr\u00edguez Peleteiro, que a dirixiu en 1897. Importantes cadros obreiros comandaron a sociedade ao longo da s\u00faa vida: Augusto Alfonso Gonz\u00e1lez \u201cXico\u201d, Domingos Mart\u00ednez Rufo, \u00c1ngel Garc\u00eda Pazos \u201cCamb\u00e9s\u201d, Te\u00f3filo Freitas Alves, Enrique Toucido Pazos \u201cChinguita\u201d ou Manuel Riveiro.<\/p>\n\n\n\n<p>Unha boa parte eran de orixe portuguesa, esta circunstancia ten unha explicaci\u00f3n nos Congresos Obreiros Luso-Galaico celebrados ao comezo do s\u00e9culo e da que a sociedade de canteiros de Mar\u00edn tivo unha presencia destacada. Estes obreiros chegados do norte de Portugal, case todos eles de Perre (Viana do Castelo), vi\u00f1eron traballar nas obras que se realizaban no porto de Mar\u00edn. Moitos ficaron e actualmente a s\u00faa descendencia esp\u00e1llase polo termo municipal.<\/p>\n\n\n\n<p>As folgas foron continuas entre canteiros e os patr\u00f3ns, sobre todo cos Mestres Canteiros que foron membros fundadores da sociedade. Esta conxuntura provocou unha crise ao redor de 1915. Ese ano creouse a Sociedade Xeral de Mestres de Obras de Construci\u00f3n e Propietarios de Mar\u00edn, atop\u00e1ndose entre os seus membros o cofundador da sociedade de canteiros Joaqu\u00edn Rodr\u00edguez Peleteiro.<\/p>\n\n\n\n<p>En 1916 os operarios canteiros re-fundaron a sociedade imprim\u00edndolle desde ent\u00f3n un car\u00e1cter m\u00e1is ideol\u00f3xico e de clase.<\/p>\n\n\n\n<p>A \u00faltima folga protagonizada polos canteiros aconteceu no mes de maio de 1936 ao non aceptar alg\u00fans patr\u00f3ns a xornada de 44 horas.<\/p>\n\n\n\n<p>O Golpe de Estado do 18 de xullo de 1936 levou consigo o asasinato por fusilamento, tras un consello de guerra (ilegal) por militares sublevados, do seu Presidente Santiago Ramos Ramos o 31 de decembro. A s\u00faa figura m\u00e1is emblem\u00e1tica, Augusto Afonso Gon\u00e7alves \u201cXico\u201d, ser\u00eda fusilado pola mesma raz\u00f3n o 14 de setembro de 1937.<\/p>\n\n\n\n<p>A Sociedade foi ilegalizada en 1936 e os seus bens foron incautados polas autoridades fascistas en novembro de 1939.<\/p>\n","protected":false},"excerpt":{"rendered":"<div class=\"mh-excerpt\"><p>A comezos do mes de maio de 1896 os canteiros de Mar\u00edn declararon a folga aos patr\u00f3ns, aos que reclamaban unha rebaixa na xornada laboral. D\u00edas despois, tras unha dura negociaci\u00f3n, acadaron un acordo fixando para ese ano 10 horas e medias de traballo ao d\u00eda. Dous meses despois legalizaban unha sociedade de resistencia dando inicio ao movemento obreiro local <a class=\"mh-excerpt-more\" href=\"https:\/\/www.anovapeneira.gal\/index.php\/2021\/06\/21\/breve-historia-da-sociedade-de-canteiros-de-marin-1896-1936\/\" title=\"Breve Historia da Sociedade de Canteiros de Mar\u00edn (1896-1936)\">[&#8230;]<\/a><\/p>\n<\/div>","protected":false},"author":3,"featured_media":5627,"comment_status":"open","ping_status":"open","sticky":false,"template":"","format":"standard","meta":{"_exactmetrics_skip_tracking":false,"_exactmetrics_sitenote_active":false,"_exactmetrics_sitenote_note":"","_exactmetrics_sitenote_category":0,"footnotes":""},"categories":[22],"tags":[144],"class_list":{"0":"post-5626","1":"post","2":"type-post","3":"status-publish","4":"format-standard","5":"has-post-thumbnail","7":"category-morrazo","8":"tag-concello-de-marin"},"yoast_head":"<!-- This site is optimized with the Yoast SEO plugin v27.4 - https:\/\/yoast.com\/product\/yoast-seo-wordpress\/ -->\n<title>Breve Historia da Sociedade de Canteiros de Mar\u00edn (1896-1936) -<\/title>\n<meta name=\"description\" content=\"A comezos do mes de maio de 1896 os canteiros de Mar\u00edn declararon a folga aos patr\u00f3ns, aos que reclamaban unha rebaixa na xornada laboral. D\u00edas despois, tras unha dura negociaci\u00f3n, acadaron un acordo fixando para ese ano 10 horas e medias de traballo ao d\u00eda.\" \/>\n<meta name=\"robots\" content=\"index, follow, max-snippet:-1, max-image-preview:large, max-video-preview:-1\" \/>\n<link rel=\"canonical\" href=\"https:\/\/www.anovapeneira.gal\/index.php\/2021\/06\/21\/breve-historia-da-sociedade-de-canteiros-de-marin-1896-1936\/\" \/>\n<meta property=\"og:locale\" content=\"gl_ES\" \/>\n<meta property=\"og:type\" content=\"article\" \/>\n<meta property=\"og:title\" content=\"Breve Historia da Sociedade de Canteiros de Mar\u00edn (1896-1936) -\" \/>\n<meta property=\"og:description\" content=\"A comezos do mes de maio de 1896 os canteiros de Mar\u00edn declararon a folga aos patr\u00f3ns, aos que reclamaban unha rebaixa na xornada laboral. D\u00edas despois, tras unha dura negociaci\u00f3n, acadaron un acordo fixando para ese ano 10 horas e medias de traballo ao d\u00eda.\" \/>\n<meta property=\"og:url\" content=\"https:\/\/www.anovapeneira.gal\/index.php\/2021\/06\/21\/breve-historia-da-sociedade-de-canteiros-de-marin-1896-1936\/\" \/>\n<meta property=\"article:publisher\" content=\"https:\/\/www.facebook.com\/anovapeneira\" \/>\n<meta property=\"article:published_time\" content=\"2021-06-21T08:00:15+00:00\" \/>\n<meta property=\"og:image\" content=\"https:\/\/www.anovapeneira.gal\/wp-content\/uploads\/2021\/06\/Angel_Garcia_Pazos_Cambes.jpg\" \/>\n\t<meta property=\"og:image:width\" content=\"720\" \/>\n\t<meta property=\"og:image:height\" content=\"432\" \/>\n\t<meta property=\"og:image:type\" content=\"image\/jpeg\" \/>\n<meta name=\"author\" content=\"Redacci\u00f3n A Nova Peneira\" \/>\n<meta name=\"twitter:card\" content=\"summary_large_image\" \/>\n<meta name=\"twitter:creator\" content=\"@APeneira\" \/>\n<meta name=\"twitter:site\" content=\"@APeneira\" \/>\n<meta name=\"twitter:label1\" content=\"Escrito por\" \/>\n\t<meta name=\"twitter:data1\" content=\"Redacci\u00f3n A Nova Peneira\" \/>\n\t<meta name=\"twitter:label2\" content=\"Tempo de lectura\" \/>\n\t<meta name=\"twitter:data2\" content=\"3 minutos\" \/>\n<script type=\"application\/ld+json\" class=\"yoast-schema-graph\">{\"@context\":\"https:\\\/\\\/schema.org\",\"@graph\":[{\"@type\":\"Article\",\"@id\":\"https:\\\/\\\/www.anovapeneira.gal\\\/index.php\\\/2021\\\/06\\\/21\\\/breve-historia-da-sociedade-de-canteiros-de-marin-1896-1936\\\/#article\",\"isPartOf\":{\"@id\":\"https:\\\/\\\/www.anovapeneira.gal\\\/index.php\\\/2021\\\/06\\\/21\\\/breve-historia-da-sociedade-de-canteiros-de-marin-1896-1936\\\/\"},\"author\":{\"name\":\"Redacci\u00f3n A Nova Peneira\",\"@id\":\"https:\\\/\\\/www.anovapeneira.gal\\\/#\\\/schema\\\/person\\\/b93e3f8932e3f8da96334607eb6ac6aa\"},\"headline\":\"Breve Historia da Sociedade de Canteiros de Mar\u00edn (1896-1936)\",\"datePublished\":\"2021-06-21T08:00:15+00:00\",\"mainEntityOfPage\":{\"@id\":\"https:\\\/\\\/www.anovapeneira.gal\\\/index.php\\\/2021\\\/06\\\/21\\\/breve-historia-da-sociedade-de-canteiros-de-marin-1896-1936\\\/\"},\"wordCount\":540,\"commentCount\":0,\"publisher\":{\"@id\":\"https:\\\/\\\/www.anovapeneira.gal\\\/#organization\"},\"image\":{\"@id\":\"https:\\\/\\\/www.anovapeneira.gal\\\/index.php\\\/2021\\\/06\\\/21\\\/breve-historia-da-sociedade-de-canteiros-de-marin-1896-1936\\\/#primaryimage\"},\"thumbnailUrl\":\"https:\\\/\\\/www.anovapeneira.gal\\\/wp-content\\\/uploads\\\/2021\\\/06\\\/Angel_Garcia_Pazos_Cambes.jpg\",\"keywords\":[\"Concello de Mar\u00edn\"],\"articleSection\":[\"Morrazo\"],\"inLanguage\":\"gl-ES\",\"potentialAction\":[{\"@type\":\"CommentAction\",\"name\":\"Comment\",\"target\":[\"https:\\\/\\\/www.anovapeneira.gal\\\/index.php\\\/2021\\\/06\\\/21\\\/breve-historia-da-sociedade-de-canteiros-de-marin-1896-1936\\\/#respond\"]}]},{\"@type\":\"WebPage\",\"@id\":\"https:\\\/\\\/www.anovapeneira.gal\\\/index.php\\\/2021\\\/06\\\/21\\\/breve-historia-da-sociedade-de-canteiros-de-marin-1896-1936\\\/\",\"url\":\"https:\\\/\\\/www.anovapeneira.gal\\\/index.php\\\/2021\\\/06\\\/21\\\/breve-historia-da-sociedade-de-canteiros-de-marin-1896-1936\\\/\",\"name\":\"Breve Historia da Sociedade de Canteiros de Mar\u00edn (1896-1936) -\",\"isPartOf\":{\"@id\":\"https:\\\/\\\/www.anovapeneira.gal\\\/#website\"},\"primaryImageOfPage\":{\"@id\":\"https:\\\/\\\/www.anovapeneira.gal\\\/index.php\\\/2021\\\/06\\\/21\\\/breve-historia-da-sociedade-de-canteiros-de-marin-1896-1936\\\/#primaryimage\"},\"image\":{\"@id\":\"https:\\\/\\\/www.anovapeneira.gal\\\/index.php\\\/2021\\\/06\\\/21\\\/breve-historia-da-sociedade-de-canteiros-de-marin-1896-1936\\\/#primaryimage\"},\"thumbnailUrl\":\"https:\\\/\\\/www.anovapeneira.gal\\\/wp-content\\\/uploads\\\/2021\\\/06\\\/Angel_Garcia_Pazos_Cambes.jpg\",\"datePublished\":\"2021-06-21T08:00:15+00:00\",\"description\":\"A comezos do mes de maio de 1896 os canteiros de Mar\u00edn declararon a folga aos patr\u00f3ns, aos que reclamaban unha rebaixa na xornada laboral. D\u00edas despois, tras unha dura negociaci\u00f3n, acadaron un acordo fixando para ese ano 10 horas e medias de traballo ao d\u00eda.\",\"breadcrumb\":{\"@id\":\"https:\\\/\\\/www.anovapeneira.gal\\\/index.php\\\/2021\\\/06\\\/21\\\/breve-historia-da-sociedade-de-canteiros-de-marin-1896-1936\\\/#breadcrumb\"},\"inLanguage\":\"gl-ES\",\"potentialAction\":[{\"@type\":\"ReadAction\",\"target\":[\"https:\\\/\\\/www.anovapeneira.gal\\\/index.php\\\/2021\\\/06\\\/21\\\/breve-historia-da-sociedade-de-canteiros-de-marin-1896-1936\\\/\"]}]},{\"@type\":\"ImageObject\",\"inLanguage\":\"gl-ES\",\"@id\":\"https:\\\/\\\/www.anovapeneira.gal\\\/index.php\\\/2021\\\/06\\\/21\\\/breve-historia-da-sociedade-de-canteiros-de-marin-1896-1936\\\/#primaryimage\",\"url\":\"https:\\\/\\\/www.anovapeneira.gal\\\/wp-content\\\/uploads\\\/2021\\\/06\\\/Angel_Garcia_Pazos_Cambes.jpg\",\"contentUrl\":\"https:\\\/\\\/www.anovapeneira.gal\\\/wp-content\\\/uploads\\\/2021\\\/06\\\/Angel_Garcia_Pazos_Cambes.jpg\",\"width\":720,\"height\":432,\"caption\":\"\u00c1ngel Garc\u00eda Pazos Cambes\"},{\"@type\":\"BreadcrumbList\",\"@id\":\"https:\\\/\\\/www.anovapeneira.gal\\\/index.php\\\/2021\\\/06\\\/21\\\/breve-historia-da-sociedade-de-canteiros-de-marin-1896-1936\\\/#breadcrumb\",\"itemListElement\":[{\"@type\":\"ListItem\",\"position\":1,\"name\":\"Portada\",\"item\":\"https:\\\/\\\/www.anovapeneira.gal\\\/\"},{\"@type\":\"ListItem\",\"position\":2,\"name\":\"Breve Historia da Sociedade de Canteiros de Mar\u00edn (1896-1936)\"}]},{\"@type\":\"WebSite\",\"@id\":\"https:\\\/\\\/www.anovapeneira.gal\\\/#website\",\"url\":\"https:\\\/\\\/www.anovapeneira.gal\\\/\",\"name\":\"\",\"description\":\"Xornal galego de informaci\u00f3n xeral Publicaci\u00f3n mensual de novas de Galicia e en especial dos Concellos da sur da provincia de Pontevedra.\",\"publisher\":{\"@id\":\"https:\\\/\\\/www.anovapeneira.gal\\\/#organization\"},\"potentialAction\":[{\"@type\":\"SearchAction\",\"target\":{\"@type\":\"EntryPoint\",\"urlTemplate\":\"https:\\\/\\\/www.anovapeneira.gal\\\/?s={search_term_string}\"},\"query-input\":{\"@type\":\"PropertyValueSpecification\",\"valueRequired\":true,\"valueName\":\"search_term_string\"}}],\"inLanguage\":\"gl-ES\"},{\"@type\":\"Organization\",\"@id\":\"https:\\\/\\\/www.anovapeneira.gal\\\/#organization\",\"name\":\"A Nova Peneira\",\"url\":\"https:\\\/\\\/www.anovapeneira.gal\\\/\",\"logo\":{\"@type\":\"ImageObject\",\"inLanguage\":\"gl-ES\",\"@id\":\"https:\\\/\\\/www.anovapeneira.gal\\\/#\\\/schema\\\/logo\\\/image\\\/\",\"url\":\"http:\\\/\\\/www.anovapeneira.gal\\\/wp-content\\\/uploads\\\/2019\\\/06\\\/logo_a_nova_peneira_portal_web.png\",\"contentUrl\":\"http:\\\/\\\/www.anovapeneira.gal\\\/wp-content\\\/uploads\\\/2019\\\/06\\\/logo_a_nova_peneira_portal_web.png\",\"width\":300,\"height\":100,\"caption\":\"A Nova Peneira\"},\"image\":{\"@id\":\"https:\\\/\\\/www.anovapeneira.gal\\\/#\\\/schema\\\/logo\\\/image\\\/\"},\"sameAs\":[\"https:\\\/\\\/www.facebook.com\\\/anovapeneira\",\"https:\\\/\\\/x.com\\\/APeneira\"]},{\"@type\":\"Person\",\"@id\":\"https:\\\/\\\/www.anovapeneira.gal\\\/#\\\/schema\\\/person\\\/b93e3f8932e3f8da96334607eb6ac6aa\",\"name\":\"Redacci\u00f3n A Nova Peneira\",\"image\":{\"@type\":\"ImageObject\",\"inLanguage\":\"gl-ES\",\"@id\":\"https:\\\/\\\/secure.gravatar.com\\\/avatar\\\/c052a2551a06e23fac63626232eaa90abd78dbcf1700fc46a2b2c89fd27b735f?s=96&d=mm&r=g\",\"url\":\"https:\\\/\\\/secure.gravatar.com\\\/avatar\\\/c052a2551a06e23fac63626232eaa90abd78dbcf1700fc46a2b2c89fd27b735f?s=96&d=mm&r=g\",\"contentUrl\":\"https:\\\/\\\/secure.gravatar.com\\\/avatar\\\/c052a2551a06e23fac63626232eaa90abd78dbcf1700fc46a2b2c89fd27b735f?s=96&d=mm&r=g\",\"caption\":\"Redacci\u00f3n A Nova Peneira\"},\"sameAs\":[\"http:\\\/\\\/www.anovapeneira.gal\\\/\"],\"url\":\"https:\\\/\\\/www.anovapeneira.gal\\\/index.php\\\/author\\\/redactor\\\/\"}]}<\/script>\n<!-- \/ Yoast SEO plugin. -->","yoast_head_json":{"title":"Breve Historia da Sociedade de Canteiros de Mar\u00edn (1896-1936) -","description":"A comezos do mes de maio de 1896 os canteiros de Mar\u00edn declararon a folga aos patr\u00f3ns, aos que reclamaban unha rebaixa na xornada laboral. D\u00edas despois, tras unha dura negociaci\u00f3n, acadaron un acordo fixando para ese ano 10 horas e medias de traballo ao d\u00eda.","robots":{"index":"index","follow":"follow","max-snippet":"max-snippet:-1","max-image-preview":"max-image-preview:large","max-video-preview":"max-video-preview:-1"},"canonical":"https:\/\/www.anovapeneira.gal\/index.php\/2021\/06\/21\/breve-historia-da-sociedade-de-canteiros-de-marin-1896-1936\/","og_locale":"gl_ES","og_type":"article","og_title":"Breve Historia da Sociedade de Canteiros de Mar\u00edn (1896-1936) -","og_description":"A comezos do mes de maio de 1896 os canteiros de Mar\u00edn declararon a folga aos patr\u00f3ns, aos que reclamaban unha rebaixa na xornada laboral. D\u00edas despois, tras unha dura negociaci\u00f3n, acadaron un acordo fixando para ese ano 10 horas e medias de traballo ao d\u00eda.","og_url":"https:\/\/www.anovapeneira.gal\/index.php\/2021\/06\/21\/breve-historia-da-sociedade-de-canteiros-de-marin-1896-1936\/","article_publisher":"https:\/\/www.facebook.com\/anovapeneira","article_published_time":"2021-06-21T08:00:15+00:00","og_image":[{"width":720,"height":432,"url":"https:\/\/www.anovapeneira.gal\/wp-content\/uploads\/2021\/06\/Angel_Garcia_Pazos_Cambes.jpg","type":"image\/jpeg"}],"author":"Redacci\u00f3n A Nova Peneira","twitter_card":"summary_large_image","twitter_creator":"@APeneira","twitter_site":"@APeneira","twitter_misc":{"Escrito por":"Redacci\u00f3n A Nova Peneira","Tempo de lectura":"3 minutos"},"schema":{"@context":"https:\/\/schema.org","@graph":[{"@type":"Article","@id":"https:\/\/www.anovapeneira.gal\/index.php\/2021\/06\/21\/breve-historia-da-sociedade-de-canteiros-de-marin-1896-1936\/#article","isPartOf":{"@id":"https:\/\/www.anovapeneira.gal\/index.php\/2021\/06\/21\/breve-historia-da-sociedade-de-canteiros-de-marin-1896-1936\/"},"author":{"name":"Redacci\u00f3n A Nova Peneira","@id":"https:\/\/www.anovapeneira.gal\/#\/schema\/person\/b93e3f8932e3f8da96334607eb6ac6aa"},"headline":"Breve Historia da Sociedade de Canteiros de Mar\u00edn (1896-1936)","datePublished":"2021-06-21T08:00:15+00:00","mainEntityOfPage":{"@id":"https:\/\/www.anovapeneira.gal\/index.php\/2021\/06\/21\/breve-historia-da-sociedade-de-canteiros-de-marin-1896-1936\/"},"wordCount":540,"commentCount":0,"publisher":{"@id":"https:\/\/www.anovapeneira.gal\/#organization"},"image":{"@id":"https:\/\/www.anovapeneira.gal\/index.php\/2021\/06\/21\/breve-historia-da-sociedade-de-canteiros-de-marin-1896-1936\/#primaryimage"},"thumbnailUrl":"https:\/\/www.anovapeneira.gal\/wp-content\/uploads\/2021\/06\/Angel_Garcia_Pazos_Cambes.jpg","keywords":["Concello de Mar\u00edn"],"articleSection":["Morrazo"],"inLanguage":"gl-ES","potentialAction":[{"@type":"CommentAction","name":"Comment","target":["https:\/\/www.anovapeneira.gal\/index.php\/2021\/06\/21\/breve-historia-da-sociedade-de-canteiros-de-marin-1896-1936\/#respond"]}]},{"@type":"WebPage","@id":"https:\/\/www.anovapeneira.gal\/index.php\/2021\/06\/21\/breve-historia-da-sociedade-de-canteiros-de-marin-1896-1936\/","url":"https:\/\/www.anovapeneira.gal\/index.php\/2021\/06\/21\/breve-historia-da-sociedade-de-canteiros-de-marin-1896-1936\/","name":"Breve Historia da Sociedade de Canteiros de Mar\u00edn (1896-1936) -","isPartOf":{"@id":"https:\/\/www.anovapeneira.gal\/#website"},"primaryImageOfPage":{"@id":"https:\/\/www.anovapeneira.gal\/index.php\/2021\/06\/21\/breve-historia-da-sociedade-de-canteiros-de-marin-1896-1936\/#primaryimage"},"image":{"@id":"https:\/\/www.anovapeneira.gal\/index.php\/2021\/06\/21\/breve-historia-da-sociedade-de-canteiros-de-marin-1896-1936\/#primaryimage"},"thumbnailUrl":"https:\/\/www.anovapeneira.gal\/wp-content\/uploads\/2021\/06\/Angel_Garcia_Pazos_Cambes.jpg","datePublished":"2021-06-21T08:00:15+00:00","description":"A comezos do mes de maio de 1896 os canteiros de Mar\u00edn declararon a folga aos patr\u00f3ns, aos que reclamaban unha rebaixa na xornada laboral. D\u00edas despois, tras unha dura negociaci\u00f3n, acadaron un acordo fixando para ese ano 10 horas e medias de traballo ao d\u00eda.","breadcrumb":{"@id":"https:\/\/www.anovapeneira.gal\/index.php\/2021\/06\/21\/breve-historia-da-sociedade-de-canteiros-de-marin-1896-1936\/#breadcrumb"},"inLanguage":"gl-ES","potentialAction":[{"@type":"ReadAction","target":["https:\/\/www.anovapeneira.gal\/index.php\/2021\/06\/21\/breve-historia-da-sociedade-de-canteiros-de-marin-1896-1936\/"]}]},{"@type":"ImageObject","inLanguage":"gl-ES","@id":"https:\/\/www.anovapeneira.gal\/index.php\/2021\/06\/21\/breve-historia-da-sociedade-de-canteiros-de-marin-1896-1936\/#primaryimage","url":"https:\/\/www.anovapeneira.gal\/wp-content\/uploads\/2021\/06\/Angel_Garcia_Pazos_Cambes.jpg","contentUrl":"https:\/\/www.anovapeneira.gal\/wp-content\/uploads\/2021\/06\/Angel_Garcia_Pazos_Cambes.jpg","width":720,"height":432,"caption":"\u00c1ngel Garc\u00eda Pazos Cambes"},{"@type":"BreadcrumbList","@id":"https:\/\/www.anovapeneira.gal\/index.php\/2021\/06\/21\/breve-historia-da-sociedade-de-canteiros-de-marin-1896-1936\/#breadcrumb","itemListElement":[{"@type":"ListItem","position":1,"name":"Portada","item":"https:\/\/www.anovapeneira.gal\/"},{"@type":"ListItem","position":2,"name":"Breve Historia da Sociedade de Canteiros de Mar\u00edn (1896-1936)"}]},{"@type":"WebSite","@id":"https:\/\/www.anovapeneira.gal\/#website","url":"https:\/\/www.anovapeneira.gal\/","name":"","description":"Xornal galego de informaci\u00f3n xeral Publicaci\u00f3n mensual de novas de Galicia e en especial dos Concellos da sur da provincia de Pontevedra.","publisher":{"@id":"https:\/\/www.anovapeneira.gal\/#organization"},"potentialAction":[{"@type":"SearchAction","target":{"@type":"EntryPoint","urlTemplate":"https:\/\/www.anovapeneira.gal\/?s={search_term_string}"},"query-input":{"@type":"PropertyValueSpecification","valueRequired":true,"valueName":"search_term_string"}}],"inLanguage":"gl-ES"},{"@type":"Organization","@id":"https:\/\/www.anovapeneira.gal\/#organization","name":"A Nova Peneira","url":"https:\/\/www.anovapeneira.gal\/","logo":{"@type":"ImageObject","inLanguage":"gl-ES","@id":"https:\/\/www.anovapeneira.gal\/#\/schema\/logo\/image\/","url":"http:\/\/www.anovapeneira.gal\/wp-content\/uploads\/2019\/06\/logo_a_nova_peneira_portal_web.png","contentUrl":"http:\/\/www.anovapeneira.gal\/wp-content\/uploads\/2019\/06\/logo_a_nova_peneira_portal_web.png","width":300,"height":100,"caption":"A Nova Peneira"},"image":{"@id":"https:\/\/www.anovapeneira.gal\/#\/schema\/logo\/image\/"},"sameAs":["https:\/\/www.facebook.com\/anovapeneira","https:\/\/x.com\/APeneira"]},{"@type":"Person","@id":"https:\/\/www.anovapeneira.gal\/#\/schema\/person\/b93e3f8932e3f8da96334607eb6ac6aa","name":"Redacci\u00f3n A Nova Peneira","image":{"@type":"ImageObject","inLanguage":"gl-ES","@id":"https:\/\/secure.gravatar.com\/avatar\/c052a2551a06e23fac63626232eaa90abd78dbcf1700fc46a2b2c89fd27b735f?s=96&d=mm&r=g","url":"https:\/\/secure.gravatar.com\/avatar\/c052a2551a06e23fac63626232eaa90abd78dbcf1700fc46a2b2c89fd27b735f?s=96&d=mm&r=g","contentUrl":"https:\/\/secure.gravatar.com\/avatar\/c052a2551a06e23fac63626232eaa90abd78dbcf1700fc46a2b2c89fd27b735f?s=96&d=mm&r=g","caption":"Redacci\u00f3n A Nova Peneira"},"sameAs":["http:\/\/www.anovapeneira.gal\/"],"url":"https:\/\/www.anovapeneira.gal\/index.php\/author\/redactor\/"}]}},"jetpack_featured_media_url":"https:\/\/www.anovapeneira.gal\/wp-content\/uploads\/2021\/06\/Angel_Garcia_Pazos_Cambes.jpg","_links":{"self":[{"href":"https:\/\/www.anovapeneira.gal\/index.php\/wp-json\/wp\/v2\/posts\/5626","targetHints":{"allow":["GET"]}}],"collection":[{"href":"https:\/\/www.anovapeneira.gal\/index.php\/wp-json\/wp\/v2\/posts"}],"about":[{"href":"https:\/\/www.anovapeneira.gal\/index.php\/wp-json\/wp\/v2\/types\/post"}],"author":[{"embeddable":true,"href":"https:\/\/www.anovapeneira.gal\/index.php\/wp-json\/wp\/v2\/users\/3"}],"replies":[{"embeddable":true,"href":"https:\/\/www.anovapeneira.gal\/index.php\/wp-json\/wp\/v2\/comments?post=5626"}],"version-history":[{"count":1,"href":"https:\/\/www.anovapeneira.gal\/index.php\/wp-json\/wp\/v2\/posts\/5626\/revisions"}],"predecessor-version":[{"id":5628,"href":"https:\/\/www.anovapeneira.gal\/index.php\/wp-json\/wp\/v2\/posts\/5626\/revisions\/5628"}],"wp:featuredmedia":[{"embeddable":true,"href":"https:\/\/www.anovapeneira.gal\/index.php\/wp-json\/wp\/v2\/media\/5627"}],"wp:attachment":[{"href":"https:\/\/www.anovapeneira.gal\/index.php\/wp-json\/wp\/v2\/media?parent=5626"}],"wp:term":[{"taxonomy":"category","embeddable":true,"href":"https:\/\/www.anovapeneira.gal\/index.php\/wp-json\/wp\/v2\/categories?post=5626"},{"taxonomy":"post_tag","embeddable":true,"href":"https:\/\/www.anovapeneira.gal\/index.php\/wp-json\/wp\/v2\/tags?post=5626"}],"curies":[{"name":"wp","href":"https:\/\/api.w.org\/{rel}","templated":true}]}}