{"id":5629,"date":"2021-06-21T12:00:51","date_gmt":"2021-06-21T10:00:51","guid":{"rendered":"http:\/\/www.anovapeneira.gal\/?p=5629"},"modified":"2021-06-16T11:59:29","modified_gmt":"2021-06-16T09:59:29","slug":"manuela-rodriguez-pumar-voceira-do-bng-no-concello-de-gondomar","status":"publish","type":"post","link":"https:\/\/www.anovapeneira.gal\/index.php\/2021\/06\/21\/manuela-rodriguez-pumar-voceira-do-bng-no-concello-de-gondomar\/","title":{"rendered":"Manuela Rodr\u00edguez Pumar voceira Do BNG no concello de Gondomar"},"content":{"rendered":"\n<p><strong>Despois de 7 anos f\u00f3ra do concello o BNG recuperou a representaci\u00f3n institucional, en Gondomar, na persoa da veci\u00f1a de Peitieiros Manuela Rodr\u00edguez, unha muller moi vencellada co tecido asociativo e as loitas veci\u00f1ais da sociedade civil desde hai moito tempo. N\u00f3s conversamos con ela<\/strong><\/p>\n\n\n\n<p>\u201c&nbsp;<strong>A verdadeira oposici\u00f3n ao goberno de Gondomar \u00e9 o BNG\u201d<\/strong><\/p>\n\n\n\n<p><strong>No ecuador do mandato que valoraci\u00f3n fas do reingreso do BNG \u00e1 corporaci\u00f3n municipal?<\/strong><\/p>\n\n\n\n<blockquote class=\"wp-block-quote is-layout-flow wp-block-quote-is-layout-flow\"><p>Eu fago unha valoraci\u00f3n moi positiva, tanto para o BNG como para Gondomar, malia que termos unha soa acta limite moito a nosa capacidade de acci\u00f3n pol\u00edtica institucional.<\/p><\/blockquote>\n\n\n\n<p><strong>A \u00fanica concelleira es ti. Nestes dous anos notaches se aumentou a t\u00faa carga de traballo?<\/strong><\/p>\n\n\n\n<blockquote class=\"wp-block-quote is-layout-flow wp-block-quote-is-layout-flow\"><p>Por suposto, como \u00e9 l\u00f3xico, pero \u00e9 un traballo que me gusta e l\u00e9voo con entusiasmo. A verdade \u00e9 que sempre estiven vinculada ao traballo social en entidades veci\u00f1ais e sociais, e a pol\u00edtica local interpr\u00e9toa na mesma chave: tratar de contribu\u00edr ao ben com\u00fan.<\/p><\/blockquote>\n\n\n\n<p><strong>Antes dic\u00edas que a entrada do BNG na corporaci\u00f3n foi boa para Gondomar. Por que?<\/strong><\/p>\n\n\n\n<blockquote class=\"wp-block-quote is-layout-flow wp-block-quote-is-layout-flow\"><p>Pois, con toda a humildade, creo que a nosa acci\u00f3n pol\u00edtica conseguiu cousas positivas para Gondomar.<\/p><\/blockquote>\n\n\n\n<p><strong>Por exemplo?<\/strong><\/p>\n\n\n\n<blockquote class=\"wp-block-quote is-layout-flow wp-block-quote-is-layout-flow\"><p>D\u00faas. No 2019, o feito de que a denuncia do BNG ante a CIG servira para obrigar ao goberno local do PSOE a sacar novamente a concurso o contrato do Servizo de Axuda no Fogar (SAF), porque o primeiro non cumpr\u00eda os requisitos econ\u00f3micos m\u00ednimos do convenio do sector. As novas condici\u00f3ns supuxeron melloras nos salarios das traballadoras e na calidade do servizo \u00e1s persoas usuarias. M\u00e1is recentemente, no conflito polo servizo de comedores escolares do concello, a presi\u00f3n do BNG provocou que, a menos de tres semanas da matr\u00edcula, o Concello confirmara \u00e1s familias que si van ter ese servizo no curso 2021-2022.<\/p><\/blockquote>\n\n\n\n<p><strong>Na oposici\u00f3n de Gondomar hai catro grupos, dous pola dereita e dous pola esquerda, a entrada do BNG p\u00faxolle as cousas m\u00e1is dif\u00edciles ao goberno municipal?<\/strong><\/p>\n\n\n\n<blockquote class=\"wp-block-quote is-layout-flow wp-block-quote-is-layout-flow\"><p>O que \u00e9 seguro \u00e9 que non llas po\u00f1emos f\u00e1ciles. Considero que facemos unha oposici\u00f3n seria, rigorosa e comprometida. Con alternativas solventes para Gondomar. Atrever\u00edame a dicir que somos a verdadeira oposici\u00f3n ao goberno do PSOE.<\/p><\/blockquote>\n\n\n\n<p><strong>O mes pasado entrevistabamos ao alcalde de Gondomar que manifestaba estar satisfeito porque ao seu xu\u00edzo \u201cGondomar non para de mellorar\u201d. Compartes o seu criterio?<\/strong><\/p>\n\n\n\n<blockquote class=\"wp-block-quote is-layout-flow wp-block-quote-is-layout-flow\"><p>Imos ver, cousas fixo. Tam\u00e9n so faltar\u00eda que en seis anos de goberno non fixera nada. Pero o alcalde de Gondomar goberna a golpe de improvisaci\u00f3n e de ocorrencia, carece de proxecto para a nosa vila. E a s\u00faa acci\u00f3n de goberno non propiciou mellora algunha nos aspectos m\u00e1is fundamentais da vida coti\u00e1 da veci\u00f1anza. Pode que en cuesti\u00f3n est\u00e9tica e no centro da vila, si mellorase, pero en esencia e no conxunto das dez parroquias, non.<\/p><\/blockquote>\n\n\n\n<p><strong>O plan sectorial da Pasaxe non \u00e9 un bo traballo do goberno municipal?<\/strong><\/p>\n\n\n\n<blockquote class=\"wp-block-quote is-layout-flow wp-block-quote-is-layout-flow\"><p>Ese \u00e9 un proxecto que vi\u00f1a de moitos anos atr\u00e1s, alg\u00fan goberno o ti\u00f1a que pechar e tocoulle a este. Pero ag\u00e1s proxectos que xa vi\u00f1an de anos anteriores ao PSOE, proxectos de calado de produci\u00f3n propia o goberno municipal non ten. E antes das humanizaci\u00f3ns, prazas e demais, o goberno deber\u00eda resolver temas moito m\u00e1is urxentes para Gondomar, como por exemplo o saneamento, unha verdadeira materia pendente.<\/p><\/blockquote>\n\n\n\n<p><strong>Que boa noticia o feito de que non se vaian p\u00f3r e\u00f3licos no Gali\u00f1eiro, verdade?<\/strong><\/p>\n\n\n\n<blockquote class=\"wp-block-quote is-layout-flow wp-block-quote-is-layout-flow\"><p>Si claro, unha nova extraordinaria. Unha gran vitoria colectiva da Comunidade de Montes de V\u00edncios, dos colectivos sociais e da veci\u00f1anza en xeral que conseguiron coa s\u00faa loita a paralizaci\u00f3n do depredador proxecto e\u00f3lico que o PP pretend\u00eda instalar no Gali\u00f1eiro. Un logro que v\u00e9n demostrar, m\u00e1is unha vez, que a mobilizaci\u00f3n social \u00e9 quen de frear o desprop\u00f3sito e de conquistar un futuro mellor.<\/p><\/blockquote>\n\n\n\n<blockquote class=\"wp-block-quote is-layout-flow wp-block-quote-is-layout-flow\"><p>Pero non debemos baixar a garda, hai que continuar a demandar unha maior protecci\u00f3n ambiental para a Serra do Gali\u00f1eiro no seu conxunto. Como BNG apoiamos a s\u00faa inclusi\u00f3n no Parque Natural do Aloia.<\/p><\/blockquote>\n\n\n\n<p><strong>O alcalde d\u00edxome que lle ter\u00eda gustado moito que ti estiveras no goberno de Gondomar, e que se non est\u00e1s \u00e9 por que ti non queres. \u00c9 as\u00ed?, ti non queres?<\/strong><\/p>\n\n\n\n<blockquote class=\"wp-block-quote is-layout-flow wp-block-quote-is-layout-flow\"><p>Non son consciente de tal oferta, mais non dubido que lle gustar\u00eda. Sobre todo para evitar terme na oposici\u00f3n, algo que lle resulta realmente incomodo. Por iso pretendeu ocultar ao BNG met\u00e9ndoo no grupo mixto, e agora quere amordazalo cun regulamento que pretende deixarme sen voz nos plenos.<\/p><\/blockquote>\n\n\n\n<blockquote class=\"wp-block-quote is-layout-flow wp-block-quote-is-layout-flow\"><p>E calquera caso, se o tivera feito a resposta ser\u00eda non<\/p><\/blockquote>\n\n\n\n<p><strong>Por que?<\/strong><\/p>\n\n\n\n<blockquote class=\"wp-block-quote is-layout-flow wp-block-quote-is-layout-flow\"><p>Porque eu presenteime polo BNG. Ademais Ferreira demostrou nos seus primeiros catro anos de goberno que ten moi pouca capacidade para o consenso e o co goberno. Entende a acci\u00f3n de goberno desde un punto de vista excesivamente\u00a0<em>caudillista<\/em>.<\/p><\/blockquote>\n\n\n\n<p><strong>Sobre o episodio que deu orixe \u00e1 pol\u00e9mica que desembocou na querela , Paco di que el en absoluto lle pretendeu faltar ao respecto \u00e1 concelleira do PP. E ti que pensas?<\/strong><\/p>\n\n\n\n<blockquote class=\"wp-block-quote is-layout-flow wp-block-quote-is-layout-flow\"><p>S\u00f3 hai que ver o pleno. Non s\u00f3 \u00e9 o que di, sen\u00f3n como o di. E non foi s\u00f3 nese pleno, \u00e9 unha t\u00f3nica xeral que el se exprese cun ton despectivo, autoritario e prepotente.<\/p><\/blockquote>\n\n\n\n<p><strong>Ent\u00f3n, ao teu xu\u00edzo, si lle faltou ao respecto \u00e1 concelleira do PP?<\/strong><\/p>\n\n\n\n<blockquote class=\"wp-block-quote is-layout-flow wp-block-quote-is-layout-flow\"><p>Eu creo que si. E non foi a \u00fanica vez, e non o fixo exclusivamente con ela<\/p><\/blockquote>\n\n\n\n<p><strong>Pois el s\u00e9ntese agredido pois manifesta que o BNG fixo buzoneo por Gondomar dun bolet\u00edn no que pouco menos que se lle acusa de maltratador psicol\u00f3xico. \u00c9 as\u00ed?<\/strong><\/p>\n\n\n\n<blockquote class=\"wp-block-quote is-layout-flow wp-block-quote-is-layout-flow\"><p>O que repartimos foi un voceiro do BNG que facemos con regularidade e que se reparte a trav\u00e9s de Correos. E o que se trataba de reflectir no artigo en cuesti\u00f3n \u00e9 que a s\u00faa actitude coa oposici\u00f3n non nos parece correcta. Se distintos concelleiros e concelleiras se senten inc\u00f3modas ou molestas pola s\u00faa forma de as tratar, creo que est\u00e1 claro quen ten o problema.<\/p><\/blockquote>\n\n\n\n<p><strong>Por que non acudiches ao acto de conciliaci\u00f3n?<\/strong><\/p>\n\n\n\n<blockquote class=\"wp-block-quote is-layout-flow wp-block-quote-is-layout-flow\"><p>Non era necesario; el tampouco se presentou. Foi a s\u00faa avogada e o noso avogado.<\/p><\/blockquote>\n\n\n\n<p><strong>Dic\u00eda o alcalde nas nosas p\u00e1xinas que che tende a man e que a s\u00faa intenci\u00f3n \u00e9 pechar este episodio o antes posible. Que tes que dicir ao respecto?<\/strong><\/p>\n\n\n\n<blockquote class=\"wp-block-quote is-layout-flow wp-block-quote-is-layout-flow\"><p>O episodio iniciouno o alcalde pondo unha denuncia, e ter\u00e1 que ser el o que o peche da maneira que considere. O BNG de Gondomar non considerou que tivera nada que conciliar e esa segue a ser a nosa posici\u00f3n.<\/p><\/blockquote>\n\n\n\n<p><strong>Que percibes nas r\u00faas de Gondomar sobre a valoraci\u00f3n do voso traballo pol\u00edtico?<\/strong><\/p>\n\n\n\n<blockquote class=\"wp-block-quote is-layout-flow wp-block-quote-is-layout-flow\"><p>Notamos unha corrente de simpat\u00eda claramente \u00e1 alza. Creo que estes dous anos te\u00f1en afortalado o proxecto BNG en Gondomar e agardo que a presenza institucional do nacionalismo no concello medre en consonancia coa s\u00faa base social.<\/p><\/blockquote>\n\n\n\n<p><strong>Rematamos Manuela. Tedes a cabeza xa nas elecci\u00f3ns do 2023?<\/strong><\/p>\n\n\n\n<blockquote class=\"wp-block-quote is-layout-flow wp-block-quote-is-layout-flow\"><p>Realmente temos a cabeza no presente; agora mesmo andamos coa campa\u00f1a contra a brutal suba do recibo da luz que permitiu o goberno espa\u00f1ol PSOE-Podemos, unha campa\u00f1a a p\u00e9 r\u00faa, de contacto coa xente. Vaia, que a nosa acci\u00f3n pol\u00edtica non se limita a traballo institucional. Por\u00e9n facemos avaliaci\u00f3n do realizado at\u00e9 agora no concello e dese\u00f1amos a folla de ruta para estes dous anos que ve\u00f1en por diante, coa idea de seguir a traballar por Gondomar e coa aspiraci\u00f3n de aumentar a nosa representaci\u00f3n institucional cando toque.<\/p><\/blockquote>\n\n\n\n<p><strong>Tedes pensado falar con Manifesto Mi\u00f1or para alg\u00fan tipo de colaboraci\u00f3n, ou incluso para unha reunificaci\u00f3n de todo o nacionalismo de Gondomar?<\/strong><\/p>\n\n\n\n<blockquote class=\"wp-block-quote is-layout-flow wp-block-quote-is-layout-flow\"><p>O BNG \u00e9 a organizaci\u00f3n que est\u00e1 a dar alternativas realiz\u00e1beis \u00e1s necesidades que ten este pa\u00eds, e consideramos que constit\u00fae a casa com\u00fan do nacionalismo galego. Como sempre, as portas est\u00e1n abertas \u00e1 toda a veci\u00f1anza que queira traballar neste proxecto, por Gondomar e por Galiza.<\/p><\/blockquote>\n","protected":false},"excerpt":{"rendered":"<div class=\"mh-excerpt\"><p>Despois de 7 anos f\u00f3ra do concello o BNG recuperou a representaci\u00f3n institucional, en Gondomar, na persoa da veci\u00f1a de Peitieiros Manuela Rodr\u00edguez, unha muller moi vencellada co tecido asociativo e as loitas veci\u00f1ais da sociedade civil desde hai moito tempo. N\u00f3s conversamos con ela <a class=\"mh-excerpt-more\" href=\"https:\/\/www.anovapeneira.gal\/index.php\/2021\/06\/21\/manuela-rodriguez-pumar-voceira-do-bng-no-concello-de-gondomar\/\" title=\"Manuela Rodr\u00edguez Pumar voceira Do BNG no concello de Gondomar\">[&#8230;]<\/a><\/p>\n<\/div>","protected":false},"author":3,"featured_media":5630,"comment_status":"open","ping_status":"open","sticky":false,"template":"","format":"standard","meta":{"_exactmetrics_skip_tracking":false,"_exactmetrics_sitenote_active":false,"_exactmetrics_sitenote_note":"","_exactmetrics_sitenote_category":0,"footnotes":""},"categories":[271],"tags":[149],"class_list":{"0":"post-5629","1":"post","2":"type-post","3":"status-publish","4":"format-standard","5":"has-post-thumbnail","7":"category-val-minor-entrevistas","8":"tag-concello-de-gondomar"},"yoast_head":"<!-- This site is optimized with the Yoast SEO plugin v27.4 - https:\/\/yoast.com\/product\/yoast-seo-wordpress\/ -->\n<title>Manuela Rodr\u00edguez Pumar voceira Do BNG no concello de Gondomar -<\/title>\n<meta name=\"description\" content=\"Despois de 7 anos f\u00f3ra do concello o BNG recuperou a representaci\u00f3n institucional, en Gondomar, na persoa da veci\u00f1a de Peitieiros Manuela Rodr\u00edguez, unha muller moi vencellada co tecido asociativo e as loitas veci\u00f1ais da sociedade civil desde hai moito tempo. N\u00f3s conversamos con ela\" \/>\n<meta name=\"robots\" content=\"index, follow, max-snippet:-1, max-image-preview:large, max-video-preview:-1\" \/>\n<link rel=\"canonical\" href=\"https:\/\/www.anovapeneira.gal\/index.php\/2021\/06\/21\/manuela-rodriguez-pumar-voceira-do-bng-no-concello-de-gondomar\/\" \/>\n<meta property=\"og:locale\" content=\"gl_ES\" \/>\n<meta property=\"og:type\" content=\"article\" \/>\n<meta property=\"og:title\" content=\"Manuela Rodr\u00edguez Pumar voceira Do BNG no concello de Gondomar -\" \/>\n<meta property=\"og:description\" content=\"Despois de 7 anos f\u00f3ra do concello o BNG recuperou a representaci\u00f3n institucional, en Gondomar, na persoa da veci\u00f1a de Peitieiros Manuela Rodr\u00edguez, unha muller moi vencellada co tecido asociativo e as loitas veci\u00f1ais da sociedade civil desde hai moito tempo. N\u00f3s conversamos con ela\" \/>\n<meta property=\"og:url\" content=\"https:\/\/www.anovapeneira.gal\/index.php\/2021\/06\/21\/manuela-rodriguez-pumar-voceira-do-bng-no-concello-de-gondomar\/\" \/>\n<meta property=\"article:publisher\" content=\"https:\/\/www.facebook.com\/anovapeneira\" \/>\n<meta property=\"article:published_time\" content=\"2021-06-21T10:00:51+00:00\" \/>\n<meta property=\"og:image\" content=\"https:\/\/www.anovapeneira.gal\/wp-content\/uploads\/2021\/06\/asina_contra_subida_da_luz.jpg\" \/>\n\t<meta property=\"og:image:width\" content=\"720\" \/>\n\t<meta property=\"og:image:height\" content=\"432\" \/>\n\t<meta property=\"og:image:type\" content=\"image\/jpeg\" \/>\n<meta name=\"author\" content=\"Redacci\u00f3n A Nova Peneira\" \/>\n<meta name=\"twitter:card\" content=\"summary_large_image\" \/>\n<meta name=\"twitter:creator\" content=\"@APeneira\" \/>\n<meta name=\"twitter:site\" content=\"@APeneira\" \/>\n<meta name=\"twitter:label1\" content=\"Escrito por\" \/>\n\t<meta name=\"twitter:data1\" content=\"Redacci\u00f3n A Nova Peneira\" \/>\n\t<meta name=\"twitter:label2\" content=\"Tempo de lectura\" \/>\n\t<meta name=\"twitter:data2\" content=\"6 minutos\" \/>\n<script type=\"application\/ld+json\" class=\"yoast-schema-graph\">{\"@context\":\"https:\\\/\\\/schema.org\",\"@graph\":[{\"@type\":\"Article\",\"@id\":\"https:\\\/\\\/www.anovapeneira.gal\\\/index.php\\\/2021\\\/06\\\/21\\\/manuela-rodriguez-pumar-voceira-do-bng-no-concello-de-gondomar\\\/#article\",\"isPartOf\":{\"@id\":\"https:\\\/\\\/www.anovapeneira.gal\\\/index.php\\\/2021\\\/06\\\/21\\\/manuela-rodriguez-pumar-voceira-do-bng-no-concello-de-gondomar\\\/\"},\"author\":{\"name\":\"Redacci\u00f3n A Nova Peneira\",\"@id\":\"https:\\\/\\\/www.anovapeneira.gal\\\/#\\\/schema\\\/person\\\/b93e3f8932e3f8da96334607eb6ac6aa\"},\"headline\":\"Manuela Rodr\u00edguez Pumar voceira Do BNG no concello de Gondomar\",\"datePublished\":\"2021-06-21T10:00:51+00:00\",\"mainEntityOfPage\":{\"@id\":\"https:\\\/\\\/www.anovapeneira.gal\\\/index.php\\\/2021\\\/06\\\/21\\\/manuela-rodriguez-pumar-voceira-do-bng-no-concello-de-gondomar\\\/\"},\"wordCount\":1409,\"commentCount\":0,\"publisher\":{\"@id\":\"https:\\\/\\\/www.anovapeneira.gal\\\/#organization\"},\"image\":{\"@id\":\"https:\\\/\\\/www.anovapeneira.gal\\\/index.php\\\/2021\\\/06\\\/21\\\/manuela-rodriguez-pumar-voceira-do-bng-no-concello-de-gondomar\\\/#primaryimage\"},\"thumbnailUrl\":\"https:\\\/\\\/www.anovapeneira.gal\\\/wp-content\\\/uploads\\\/2021\\\/06\\\/asina_contra_subida_da_luz.jpg\",\"keywords\":[\"Concello de Gondomar\"],\"articleSection\":[\"Val Mi\u00f1or\"],\"inLanguage\":\"gl-ES\",\"potentialAction\":[{\"@type\":\"CommentAction\",\"name\":\"Comment\",\"target\":[\"https:\\\/\\\/www.anovapeneira.gal\\\/index.php\\\/2021\\\/06\\\/21\\\/manuela-rodriguez-pumar-voceira-do-bng-no-concello-de-gondomar\\\/#respond\"]}]},{\"@type\":\"WebPage\",\"@id\":\"https:\\\/\\\/www.anovapeneira.gal\\\/index.php\\\/2021\\\/06\\\/21\\\/manuela-rodriguez-pumar-voceira-do-bng-no-concello-de-gondomar\\\/\",\"url\":\"https:\\\/\\\/www.anovapeneira.gal\\\/index.php\\\/2021\\\/06\\\/21\\\/manuela-rodriguez-pumar-voceira-do-bng-no-concello-de-gondomar\\\/\",\"name\":\"Manuela Rodr\u00edguez Pumar voceira Do BNG no concello de Gondomar -\",\"isPartOf\":{\"@id\":\"https:\\\/\\\/www.anovapeneira.gal\\\/#website\"},\"primaryImageOfPage\":{\"@id\":\"https:\\\/\\\/www.anovapeneira.gal\\\/index.php\\\/2021\\\/06\\\/21\\\/manuela-rodriguez-pumar-voceira-do-bng-no-concello-de-gondomar\\\/#primaryimage\"},\"image\":{\"@id\":\"https:\\\/\\\/www.anovapeneira.gal\\\/index.php\\\/2021\\\/06\\\/21\\\/manuela-rodriguez-pumar-voceira-do-bng-no-concello-de-gondomar\\\/#primaryimage\"},\"thumbnailUrl\":\"https:\\\/\\\/www.anovapeneira.gal\\\/wp-content\\\/uploads\\\/2021\\\/06\\\/asina_contra_subida_da_luz.jpg\",\"datePublished\":\"2021-06-21T10:00:51+00:00\",\"description\":\"Despois de 7 anos f\u00f3ra do concello o BNG recuperou a representaci\u00f3n institucional, en Gondomar, na persoa da veci\u00f1a de Peitieiros Manuela Rodr\u00edguez, unha muller moi vencellada co tecido asociativo e as loitas veci\u00f1ais da sociedade civil desde hai moito tempo. N\u00f3s conversamos con ela\",\"breadcrumb\":{\"@id\":\"https:\\\/\\\/www.anovapeneira.gal\\\/index.php\\\/2021\\\/06\\\/21\\\/manuela-rodriguez-pumar-voceira-do-bng-no-concello-de-gondomar\\\/#breadcrumb\"},\"inLanguage\":\"gl-ES\",\"potentialAction\":[{\"@type\":\"ReadAction\",\"target\":[\"https:\\\/\\\/www.anovapeneira.gal\\\/index.php\\\/2021\\\/06\\\/21\\\/manuela-rodriguez-pumar-voceira-do-bng-no-concello-de-gondomar\\\/\"]}]},{\"@type\":\"ImageObject\",\"inLanguage\":\"gl-ES\",\"@id\":\"https:\\\/\\\/www.anovapeneira.gal\\\/index.php\\\/2021\\\/06\\\/21\\\/manuela-rodriguez-pumar-voceira-do-bng-no-concello-de-gondomar\\\/#primaryimage\",\"url\":\"https:\\\/\\\/www.anovapeneira.gal\\\/wp-content\\\/uploads\\\/2021\\\/06\\\/asina_contra_subida_da_luz.jpg\",\"contentUrl\":\"https:\\\/\\\/www.anovapeneira.gal\\\/wp-content\\\/uploads\\\/2021\\\/06\\\/asina_contra_subida_da_luz.jpg\",\"width\":720,\"height\":432,\"caption\":\"Manuela Rodr\u00edguez Pumar voceira Do BNG no concello de Gondomar\"},{\"@type\":\"BreadcrumbList\",\"@id\":\"https:\\\/\\\/www.anovapeneira.gal\\\/index.php\\\/2021\\\/06\\\/21\\\/manuela-rodriguez-pumar-voceira-do-bng-no-concello-de-gondomar\\\/#breadcrumb\",\"itemListElement\":[{\"@type\":\"ListItem\",\"position\":1,\"name\":\"Portada\",\"item\":\"https:\\\/\\\/www.anovapeneira.gal\\\/\"},{\"@type\":\"ListItem\",\"position\":2,\"name\":\"Manuela Rodr\u00edguez Pumar voceira Do BNG no concello de Gondomar\"}]},{\"@type\":\"WebSite\",\"@id\":\"https:\\\/\\\/www.anovapeneira.gal\\\/#website\",\"url\":\"https:\\\/\\\/www.anovapeneira.gal\\\/\",\"name\":\"\",\"description\":\"Xornal galego de informaci\u00f3n xeral Publicaci\u00f3n mensual de novas de Galicia e en especial dos Concellos da sur da provincia de Pontevedra.\",\"publisher\":{\"@id\":\"https:\\\/\\\/www.anovapeneira.gal\\\/#organization\"},\"potentialAction\":[{\"@type\":\"SearchAction\",\"target\":{\"@type\":\"EntryPoint\",\"urlTemplate\":\"https:\\\/\\\/www.anovapeneira.gal\\\/?s={search_term_string}\"},\"query-input\":{\"@type\":\"PropertyValueSpecification\",\"valueRequired\":true,\"valueName\":\"search_term_string\"}}],\"inLanguage\":\"gl-ES\"},{\"@type\":\"Organization\",\"@id\":\"https:\\\/\\\/www.anovapeneira.gal\\\/#organization\",\"name\":\"A Nova Peneira\",\"url\":\"https:\\\/\\\/www.anovapeneira.gal\\\/\",\"logo\":{\"@type\":\"ImageObject\",\"inLanguage\":\"gl-ES\",\"@id\":\"https:\\\/\\\/www.anovapeneira.gal\\\/#\\\/schema\\\/logo\\\/image\\\/\",\"url\":\"http:\\\/\\\/www.anovapeneira.gal\\\/wp-content\\\/uploads\\\/2019\\\/06\\\/logo_a_nova_peneira_portal_web.png\",\"contentUrl\":\"http:\\\/\\\/www.anovapeneira.gal\\\/wp-content\\\/uploads\\\/2019\\\/06\\\/logo_a_nova_peneira_portal_web.png\",\"width\":300,\"height\":100,\"caption\":\"A Nova Peneira\"},\"image\":{\"@id\":\"https:\\\/\\\/www.anovapeneira.gal\\\/#\\\/schema\\\/logo\\\/image\\\/\"},\"sameAs\":[\"https:\\\/\\\/www.facebook.com\\\/anovapeneira\",\"https:\\\/\\\/x.com\\\/APeneira\"]},{\"@type\":\"Person\",\"@id\":\"https:\\\/\\\/www.anovapeneira.gal\\\/#\\\/schema\\\/person\\\/b93e3f8932e3f8da96334607eb6ac6aa\",\"name\":\"Redacci\u00f3n A Nova Peneira\",\"image\":{\"@type\":\"ImageObject\",\"inLanguage\":\"gl-ES\",\"@id\":\"https:\\\/\\\/secure.gravatar.com\\\/avatar\\\/c052a2551a06e23fac63626232eaa90abd78dbcf1700fc46a2b2c89fd27b735f?s=96&d=mm&r=g\",\"url\":\"https:\\\/\\\/secure.gravatar.com\\\/avatar\\\/c052a2551a06e23fac63626232eaa90abd78dbcf1700fc46a2b2c89fd27b735f?s=96&d=mm&r=g\",\"contentUrl\":\"https:\\\/\\\/secure.gravatar.com\\\/avatar\\\/c052a2551a06e23fac63626232eaa90abd78dbcf1700fc46a2b2c89fd27b735f?s=96&d=mm&r=g\",\"caption\":\"Redacci\u00f3n A Nova Peneira\"},\"sameAs\":[\"http:\\\/\\\/www.anovapeneira.gal\\\/\"],\"url\":\"https:\\\/\\\/www.anovapeneira.gal\\\/index.php\\\/author\\\/redactor\\\/\"}]}<\/script>\n<!-- \/ Yoast SEO plugin. -->","yoast_head_json":{"title":"Manuela Rodr\u00edguez Pumar voceira Do BNG no concello de Gondomar -","description":"Despois de 7 anos f\u00f3ra do concello o BNG recuperou a representaci\u00f3n institucional, en Gondomar, na persoa da veci\u00f1a de Peitieiros Manuela Rodr\u00edguez, unha muller moi vencellada co tecido asociativo e as loitas veci\u00f1ais da sociedade civil desde hai moito tempo. N\u00f3s conversamos con ela","robots":{"index":"index","follow":"follow","max-snippet":"max-snippet:-1","max-image-preview":"max-image-preview:large","max-video-preview":"max-video-preview:-1"},"canonical":"https:\/\/www.anovapeneira.gal\/index.php\/2021\/06\/21\/manuela-rodriguez-pumar-voceira-do-bng-no-concello-de-gondomar\/","og_locale":"gl_ES","og_type":"article","og_title":"Manuela Rodr\u00edguez Pumar voceira Do BNG no concello de Gondomar -","og_description":"Despois de 7 anos f\u00f3ra do concello o BNG recuperou a representaci\u00f3n institucional, en Gondomar, na persoa da veci\u00f1a de Peitieiros Manuela Rodr\u00edguez, unha muller moi vencellada co tecido asociativo e as loitas veci\u00f1ais da sociedade civil desde hai moito tempo. N\u00f3s conversamos con ela","og_url":"https:\/\/www.anovapeneira.gal\/index.php\/2021\/06\/21\/manuela-rodriguez-pumar-voceira-do-bng-no-concello-de-gondomar\/","article_publisher":"https:\/\/www.facebook.com\/anovapeneira","article_published_time":"2021-06-21T10:00:51+00:00","og_image":[{"width":720,"height":432,"url":"https:\/\/www.anovapeneira.gal\/wp-content\/uploads\/2021\/06\/asina_contra_subida_da_luz.jpg","type":"image\/jpeg"}],"author":"Redacci\u00f3n A Nova Peneira","twitter_card":"summary_large_image","twitter_creator":"@APeneira","twitter_site":"@APeneira","twitter_misc":{"Escrito por":"Redacci\u00f3n A Nova Peneira","Tempo de lectura":"6 minutos"},"schema":{"@context":"https:\/\/schema.org","@graph":[{"@type":"Article","@id":"https:\/\/www.anovapeneira.gal\/index.php\/2021\/06\/21\/manuela-rodriguez-pumar-voceira-do-bng-no-concello-de-gondomar\/#article","isPartOf":{"@id":"https:\/\/www.anovapeneira.gal\/index.php\/2021\/06\/21\/manuela-rodriguez-pumar-voceira-do-bng-no-concello-de-gondomar\/"},"author":{"name":"Redacci\u00f3n A Nova Peneira","@id":"https:\/\/www.anovapeneira.gal\/#\/schema\/person\/b93e3f8932e3f8da96334607eb6ac6aa"},"headline":"Manuela Rodr\u00edguez Pumar voceira Do BNG no concello de Gondomar","datePublished":"2021-06-21T10:00:51+00:00","mainEntityOfPage":{"@id":"https:\/\/www.anovapeneira.gal\/index.php\/2021\/06\/21\/manuela-rodriguez-pumar-voceira-do-bng-no-concello-de-gondomar\/"},"wordCount":1409,"commentCount":0,"publisher":{"@id":"https:\/\/www.anovapeneira.gal\/#organization"},"image":{"@id":"https:\/\/www.anovapeneira.gal\/index.php\/2021\/06\/21\/manuela-rodriguez-pumar-voceira-do-bng-no-concello-de-gondomar\/#primaryimage"},"thumbnailUrl":"https:\/\/www.anovapeneira.gal\/wp-content\/uploads\/2021\/06\/asina_contra_subida_da_luz.jpg","keywords":["Concello de Gondomar"],"articleSection":["Val Mi\u00f1or"],"inLanguage":"gl-ES","potentialAction":[{"@type":"CommentAction","name":"Comment","target":["https:\/\/www.anovapeneira.gal\/index.php\/2021\/06\/21\/manuela-rodriguez-pumar-voceira-do-bng-no-concello-de-gondomar\/#respond"]}]},{"@type":"WebPage","@id":"https:\/\/www.anovapeneira.gal\/index.php\/2021\/06\/21\/manuela-rodriguez-pumar-voceira-do-bng-no-concello-de-gondomar\/","url":"https:\/\/www.anovapeneira.gal\/index.php\/2021\/06\/21\/manuela-rodriguez-pumar-voceira-do-bng-no-concello-de-gondomar\/","name":"Manuela Rodr\u00edguez Pumar voceira Do BNG no concello de Gondomar -","isPartOf":{"@id":"https:\/\/www.anovapeneira.gal\/#website"},"primaryImageOfPage":{"@id":"https:\/\/www.anovapeneira.gal\/index.php\/2021\/06\/21\/manuela-rodriguez-pumar-voceira-do-bng-no-concello-de-gondomar\/#primaryimage"},"image":{"@id":"https:\/\/www.anovapeneira.gal\/index.php\/2021\/06\/21\/manuela-rodriguez-pumar-voceira-do-bng-no-concello-de-gondomar\/#primaryimage"},"thumbnailUrl":"https:\/\/www.anovapeneira.gal\/wp-content\/uploads\/2021\/06\/asina_contra_subida_da_luz.jpg","datePublished":"2021-06-21T10:00:51+00:00","description":"Despois de 7 anos f\u00f3ra do concello o BNG recuperou a representaci\u00f3n institucional, en Gondomar, na persoa da veci\u00f1a de Peitieiros Manuela Rodr\u00edguez, unha muller moi vencellada co tecido asociativo e as loitas veci\u00f1ais da sociedade civil desde hai moito tempo. N\u00f3s conversamos con ela","breadcrumb":{"@id":"https:\/\/www.anovapeneira.gal\/index.php\/2021\/06\/21\/manuela-rodriguez-pumar-voceira-do-bng-no-concello-de-gondomar\/#breadcrumb"},"inLanguage":"gl-ES","potentialAction":[{"@type":"ReadAction","target":["https:\/\/www.anovapeneira.gal\/index.php\/2021\/06\/21\/manuela-rodriguez-pumar-voceira-do-bng-no-concello-de-gondomar\/"]}]},{"@type":"ImageObject","inLanguage":"gl-ES","@id":"https:\/\/www.anovapeneira.gal\/index.php\/2021\/06\/21\/manuela-rodriguez-pumar-voceira-do-bng-no-concello-de-gondomar\/#primaryimage","url":"https:\/\/www.anovapeneira.gal\/wp-content\/uploads\/2021\/06\/asina_contra_subida_da_luz.jpg","contentUrl":"https:\/\/www.anovapeneira.gal\/wp-content\/uploads\/2021\/06\/asina_contra_subida_da_luz.jpg","width":720,"height":432,"caption":"Manuela Rodr\u00edguez Pumar voceira Do BNG no concello de Gondomar"},{"@type":"BreadcrumbList","@id":"https:\/\/www.anovapeneira.gal\/index.php\/2021\/06\/21\/manuela-rodriguez-pumar-voceira-do-bng-no-concello-de-gondomar\/#breadcrumb","itemListElement":[{"@type":"ListItem","position":1,"name":"Portada","item":"https:\/\/www.anovapeneira.gal\/"},{"@type":"ListItem","position":2,"name":"Manuela Rodr\u00edguez Pumar voceira Do BNG no concello de Gondomar"}]},{"@type":"WebSite","@id":"https:\/\/www.anovapeneira.gal\/#website","url":"https:\/\/www.anovapeneira.gal\/","name":"","description":"Xornal galego de informaci\u00f3n xeral Publicaci\u00f3n mensual de novas de Galicia e en especial dos Concellos da sur da provincia de Pontevedra.","publisher":{"@id":"https:\/\/www.anovapeneira.gal\/#organization"},"potentialAction":[{"@type":"SearchAction","target":{"@type":"EntryPoint","urlTemplate":"https:\/\/www.anovapeneira.gal\/?s={search_term_string}"},"query-input":{"@type":"PropertyValueSpecification","valueRequired":true,"valueName":"search_term_string"}}],"inLanguage":"gl-ES"},{"@type":"Organization","@id":"https:\/\/www.anovapeneira.gal\/#organization","name":"A Nova Peneira","url":"https:\/\/www.anovapeneira.gal\/","logo":{"@type":"ImageObject","inLanguage":"gl-ES","@id":"https:\/\/www.anovapeneira.gal\/#\/schema\/logo\/image\/","url":"http:\/\/www.anovapeneira.gal\/wp-content\/uploads\/2019\/06\/logo_a_nova_peneira_portal_web.png","contentUrl":"http:\/\/www.anovapeneira.gal\/wp-content\/uploads\/2019\/06\/logo_a_nova_peneira_portal_web.png","width":300,"height":100,"caption":"A Nova Peneira"},"image":{"@id":"https:\/\/www.anovapeneira.gal\/#\/schema\/logo\/image\/"},"sameAs":["https:\/\/www.facebook.com\/anovapeneira","https:\/\/x.com\/APeneira"]},{"@type":"Person","@id":"https:\/\/www.anovapeneira.gal\/#\/schema\/person\/b93e3f8932e3f8da96334607eb6ac6aa","name":"Redacci\u00f3n A Nova Peneira","image":{"@type":"ImageObject","inLanguage":"gl-ES","@id":"https:\/\/secure.gravatar.com\/avatar\/c052a2551a06e23fac63626232eaa90abd78dbcf1700fc46a2b2c89fd27b735f?s=96&d=mm&r=g","url":"https:\/\/secure.gravatar.com\/avatar\/c052a2551a06e23fac63626232eaa90abd78dbcf1700fc46a2b2c89fd27b735f?s=96&d=mm&r=g","contentUrl":"https:\/\/secure.gravatar.com\/avatar\/c052a2551a06e23fac63626232eaa90abd78dbcf1700fc46a2b2c89fd27b735f?s=96&d=mm&r=g","caption":"Redacci\u00f3n A Nova Peneira"},"sameAs":["http:\/\/www.anovapeneira.gal\/"],"url":"https:\/\/www.anovapeneira.gal\/index.php\/author\/redactor\/"}]}},"jetpack_featured_media_url":"https:\/\/www.anovapeneira.gal\/wp-content\/uploads\/2021\/06\/asina_contra_subida_da_luz.jpg","_links":{"self":[{"href":"https:\/\/www.anovapeneira.gal\/index.php\/wp-json\/wp\/v2\/posts\/5629","targetHints":{"allow":["GET"]}}],"collection":[{"href":"https:\/\/www.anovapeneira.gal\/index.php\/wp-json\/wp\/v2\/posts"}],"about":[{"href":"https:\/\/www.anovapeneira.gal\/index.php\/wp-json\/wp\/v2\/types\/post"}],"author":[{"embeddable":true,"href":"https:\/\/www.anovapeneira.gal\/index.php\/wp-json\/wp\/v2\/users\/3"}],"replies":[{"embeddable":true,"href":"https:\/\/www.anovapeneira.gal\/index.php\/wp-json\/wp\/v2\/comments?post=5629"}],"version-history":[{"count":1,"href":"https:\/\/www.anovapeneira.gal\/index.php\/wp-json\/wp\/v2\/posts\/5629\/revisions"}],"predecessor-version":[{"id":5631,"href":"https:\/\/www.anovapeneira.gal\/index.php\/wp-json\/wp\/v2\/posts\/5629\/revisions\/5631"}],"wp:featuredmedia":[{"embeddable":true,"href":"https:\/\/www.anovapeneira.gal\/index.php\/wp-json\/wp\/v2\/media\/5630"}],"wp:attachment":[{"href":"https:\/\/www.anovapeneira.gal\/index.php\/wp-json\/wp\/v2\/media?parent=5629"}],"wp:term":[{"taxonomy":"category","embeddable":true,"href":"https:\/\/www.anovapeneira.gal\/index.php\/wp-json\/wp\/v2\/categories?post=5629"},{"taxonomy":"post_tag","embeddable":true,"href":"https:\/\/www.anovapeneira.gal\/index.php\/wp-json\/wp\/v2\/tags?post=5629"}],"curies":[{"name":"wp","href":"https:\/\/api.w.org\/{rel}","templated":true}]}}