{"id":5632,"date":"2021-06-22T10:00:07","date_gmt":"2021-06-22T08:00:07","guid":{"rendered":"http:\/\/www.anovapeneira.gal\/?p=5632"},"modified":"2021-06-16T12:03:56","modified_gmt":"2021-06-16T10:03:56","slug":"claro-que-nos-importa-yaiza","status":"publish","type":"post","link":"https:\/\/www.anovapeneira.gal\/index.php\/2021\/06\/22\/claro-que-nos-importa-yaiza\/","title":{"rendered":"Claro que nos importa Yaiza"},"content":{"rendered":"\n<figure class=\"wp-block-image size-large is-resized\"><img loading=\"lazy\" decoding=\"async\" src=\"http:\/\/www.anovapeneira.gal\/wp-content\/uploads\/2019\/12\/retrato_montse_fajardo_cambados_a_nova_peneira.jpg\" alt=\"Retrato Montse Fajardo A Nova Peneira\" class=\"wp-image-2085\" width=\"95\" height=\"111\"\/><figcaption>Montse Fajardo<\/figcaption><\/figure>\n\n\n\n<pre class=\"wp-block-verse\">MILANA BONITA<\/pre>\n\n\n\n<p>Claro que nos importa Yaiza, a nena asasinada pola s\u00faa nai en Sant Joan Desp\u00ed a finais de maio. E Amiel e Ixchel, v\u00edtimas de Gabriel e Mar\u00eda, a parella de Godella. E Leire, asasinada a principios de ano en Zaragoza. E Mohamed. E o beb\u00e9 que agardaba a s\u00faa nai, Warda, cando o proxenitor levounos por diante os tres. \u00c1s feministas imp\u00f3rtanos cada infanticidio, cada nova mostra de que o mundo, a pesar da nosa loita, non \u00e9 un lugar seguro para as crianzas.&nbsp;<\/p>\n\n\n\n<p>Claro que nos importa Yaiza. Imp\u00f3rtanos tanto que nos d\u00e1 noxo a utilizaci\u00f3n que do seu asasinato est\u00e1 realizando a dereita m\u00e1is reaccionaria, os medios que lle fan de altofalante e cada pap\u00e1n que repite as s\u00faas parvadas sen darlle nin media volta aos miolos co \u00fanico fin de, m\u00e1is unha vez, atacar ao movemento feminista. Nada de que estra\u00f1arse. Se no 2020 fomos as culp\u00e1beis de propagar, coas nosas&nbsp;<em>manis de rojas,&nbsp;<\/em>unha pandemia mundial que por\u00e9n \u00e9 inmune aos abarrotes na praza de touros, a liberdade das ca\u00f1as na r\u00faa Serrano ou \u00e1s celebraci\u00f3ns electorais con bandeiras espa\u00f1olas, a ningu\u00e9n lle pode estra\u00f1ar que neste 2021 &#8211;<em>Feminazis returns<\/em>&#8211; sexamos as \u00fanicas respons\u00e1beis de que Yaiza- nada din de Mohamed, asasinado por un home tam\u00e9n- te\u00f1a menos entradas en Google que Olivia e Anna, ou menos das que no seu d\u00eda tiveron Julen e Gabriel. Ap\u00fantannos co dedo sen pensar \u2013nunca o fan- que igual a diferenza est\u00e1 na esperanza, na falta inicial de certeza sobre o que lle pasara \u00e1s irm\u00e1s. Non se sab\u00eda se Gimeno era un asasino ou un secuestrador, nin tampouco ao cen por cen o estado de Julen no pozo nin se Gabriel poder\u00eda estar retido pero vivo. Era un f\u00edo, un f\u00edo nada m\u00e1is ao que agarrarse, pero a\u00ed estaba, e a prensa -con m\u00e1is ou moito menos acerto- agardou o desenlace. Pero m\u00e1is al\u00e1 de saber se foi a incerteza a que marcou as tendencias, o tendencioso \u00e9 argumentar que \u00e1s feministas non nos importa Yaiza por alertar, tras o ocorrido en Tenerife, que a violencia machista ten a peor das s\u00faas caras na violencia vicaria. \u00c9 tan rastreiro e cruel como dicirlle a algu\u00e9n que participa \u2013po\u00f1amos por caso- nunha campa\u00f1a para a concienciaci\u00f3n da leucemia infantil, que lle dan igual as criaturas que morren de tumores cerebrais, do sarcoma de Ewin ou do linfoma de Hodking. Igual de noxento.&nbsp;<\/p>\n\n\n\n<p>Claro que nos importa Yaiza. Imp\u00f3rtanos tanto que nos negamos a que o seu asasinato se use como arma contra n\u00f3s e contra a nosa loita na procura de seguridade para todas as criaturas con futuros a\u00ednda non furtados. Porque somos n\u00f3s, non se pode esquecer, somos esa metade da poboaci\u00f3n \u00e1 que alg\u00fans obvian e desprezan, as que abandeiramos a vindicaci\u00f3n dos coidados, da crianza co-respons\u00e1bel ou da eliminaci\u00f3n da violencia vicaria que de novo se nega.<\/p>\n\n\n\n<p>Claro que nos importa Yaiza a\u00ednda que non a matara esa violencia machista que segue asasinando as mulleres, as s\u00faas fillas e os seus fillos ao nutrirse dun pensamento patriarcal que alg\u00fans se empe\u00f1an en seguir espallando. Nada var\u00eda o feito de que, desde tempos inmemoriais, homes e mulleres non somos iguais. Crecemos con tratos diferentes, con roles diferentes. Na carreira da vida n\u00f3s atopamos obst\u00e1culos que os homes non te\u00f1en. Corremos con desvantaxe, con medo a que nos acaben violando, matando, quitando a nosa descendencia para castigarnos por sa\u00edrnos do gui\u00f3n marcado. E esa mochila eles non a levan. A\u00ednda que tam\u00e9n lles pasen cousas malas, a\u00ednda que tam\u00e9n sufran, a\u00ednda que haxa homes bos e mulleres malas&#8230;pois claro! Pero os homes, como colectivo, non co\u00f1ecen a discriminaci\u00f3n que n\u00f3s padecemos a diario e que est\u00e1 na orixe de todo. Imaxinades que un edil galego pedise escolta na \u00e9poca do terrorismo etarra porque lle parecese discriminatorio que s\u00f3 se protexese os vascos logo, por exemplo, de que a un concelleiro de Ourense o matase un tolo con un sacho? Pois iso.<\/p>\n\n\n\n<p>Claro que nos importa Yaiza.&nbsp;<\/p>\n","protected":false},"excerpt":{"rendered":"<div class=\"mh-excerpt\"><p>Claro que nos importa Yaiza, a nena asasinada pola s\u00faa nai en Sant Joan Desp\u00ed a finais de maio. E Amiel e Ixchel, v\u00edtimas de Gabriel e Mar\u00eda, a parella de Godella. E Leire, asasinada a principios de ano en Zaragoza. E Mohamed. E o beb\u00e9 que agardaba a s\u00faa nai, Warda, cando o proxenitor levounos por diante os tres <a class=\"mh-excerpt-more\" href=\"https:\/\/www.anovapeneira.gal\/index.php\/2021\/06\/22\/claro-que-nos-importa-yaiza\/\" title=\"Claro que nos importa Yaiza\">[&#8230;]<\/a><\/p>\n<\/div>","protected":false},"author":15,"featured_media":584,"comment_status":"open","ping_status":"open","sticky":false,"template":"","format":"standard","meta":{"_exactmetrics_skip_tracking":false,"_exactmetrics_sitenote_active":false,"_exactmetrics_sitenote_note":"","_exactmetrics_sitenote_category":0,"footnotes":""},"categories":[7],"tags":[1067],"class_list":{"0":"post-5632","1":"post","2":"type-post","3":"status-publish","4":"format-standard","5":"has-post-thumbnail","7":"category-artigos-de-opinion","8":"tag-milana-bonita"},"yoast_head":"<!-- This site is optimized with the Yoast SEO plugin v27.4 - https:\/\/yoast.com\/product\/yoast-seo-wordpress\/ -->\n<title>Claro que nos importa Yaiza -<\/title>\n<meta name=\"description\" content=\"Claro que nos importa Yaiza, a nena asasinada pola s\u00faa nai en Sant Joan Desp\u00ed a finais de maio. E Amiel e Ixchel, v\u00edtimas de Gabriel e Mar\u00eda, a parella de Godella. E Leire, asasinada a principios de ano en Zaragoza. E Mohamed. E o beb\u00e9 que agardaba a s\u00faa nai, Warda, cando o proxenitor levounos por diante os tres\" \/>\n<meta name=\"robots\" content=\"index, follow, max-snippet:-1, max-image-preview:large, max-video-preview:-1\" \/>\n<link rel=\"canonical\" href=\"https:\/\/www.anovapeneira.gal\/index.php\/2021\/06\/22\/claro-que-nos-importa-yaiza\/\" \/>\n<meta property=\"og:locale\" content=\"gl_ES\" \/>\n<meta property=\"og:type\" content=\"article\" \/>\n<meta property=\"og:title\" content=\"Claro que nos importa Yaiza -\" \/>\n<meta property=\"og:description\" content=\"Claro que nos importa Yaiza, a nena asasinada pola s\u00faa nai en Sant Joan Desp\u00ed a finais de maio. E Amiel e Ixchel, v\u00edtimas de Gabriel e Mar\u00eda, a parella de Godella. E Leire, asasinada a principios de ano en Zaragoza. E Mohamed. E o beb\u00e9 que agardaba a s\u00faa nai, Warda, cando o proxenitor levounos por diante os tres\" \/>\n<meta property=\"og:url\" content=\"https:\/\/www.anovapeneira.gal\/index.php\/2021\/06\/22\/claro-que-nos-importa-yaiza\/\" \/>\n<meta property=\"article:publisher\" content=\"https:\/\/www.facebook.com\/anovapeneira\" \/>\n<meta property=\"article:published_time\" content=\"2021-06-22T08:00:07+00:00\" \/>\n<meta property=\"og:image\" content=\"https:\/\/www.anovapeneira.gal\/wp-content\/uploads\/2019\/12\/montse_fajardo_cambados_a_nova_peneira.jpg\" \/>\n\t<meta property=\"og:image:width\" content=\"720\" \/>\n\t<meta property=\"og:image:height\" content=\"432\" \/>\n\t<meta property=\"og:image:type\" content=\"image\/jpeg\" \/>\n<meta name=\"author\" content=\"Montse Fajardo\" \/>\n<meta name=\"twitter:card\" content=\"summary_large_image\" \/>\n<meta name=\"twitter:image\" content=\"https:\/\/www.anovapeneira.gal\/wp-content\/uploads\/2019\/12\/montse_fajardo_cambados_a_nova_peneira.jpg\" \/>\n<meta name=\"twitter:creator\" content=\"@APeneira\" \/>\n<meta name=\"twitter:site\" content=\"@APeneira\" \/>\n<meta name=\"twitter:label1\" content=\"Escrito por\" \/>\n\t<meta name=\"twitter:data1\" content=\"Montse Fajardo\" \/>\n\t<meta name=\"twitter:label2\" content=\"Tempo de lectura\" \/>\n\t<meta name=\"twitter:data2\" content=\"3 minutos\" \/>\n<script type=\"application\/ld+json\" class=\"yoast-schema-graph\">{\"@context\":\"https:\\\/\\\/schema.org\",\"@graph\":[{\"@type\":\"Article\",\"@id\":\"https:\\\/\\\/www.anovapeneira.gal\\\/index.php\\\/2021\\\/06\\\/22\\\/claro-que-nos-importa-yaiza\\\/#article\",\"isPartOf\":{\"@id\":\"https:\\\/\\\/www.anovapeneira.gal\\\/index.php\\\/2021\\\/06\\\/22\\\/claro-que-nos-importa-yaiza\\\/\"},\"author\":{\"name\":\"Montse Fajardo\",\"@id\":\"https:\\\/\\\/www.anovapeneira.gal\\\/#\\\/schema\\\/person\\\/b5d841c74dee61f6776658b07b904c18\"},\"headline\":\"Claro que nos importa Yaiza\",\"datePublished\":\"2021-06-22T08:00:07+00:00\",\"mainEntityOfPage\":{\"@id\":\"https:\\\/\\\/www.anovapeneira.gal\\\/index.php\\\/2021\\\/06\\\/22\\\/claro-que-nos-importa-yaiza\\\/\"},\"wordCount\":738,\"commentCount\":0,\"publisher\":{\"@id\":\"https:\\\/\\\/www.anovapeneira.gal\\\/#organization\"},\"image\":{\"@id\":\"https:\\\/\\\/www.anovapeneira.gal\\\/index.php\\\/2021\\\/06\\\/22\\\/claro-que-nos-importa-yaiza\\\/#primaryimage\"},\"thumbnailUrl\":\"https:\\\/\\\/www.anovapeneira.gal\\\/wp-content\\\/uploads\\\/2019\\\/07\\\/ARTIGO_DE_OPINION_A_NOVA_PENEIRA.jpg\",\"keywords\":[\"Milana Bonita\"],\"articleSection\":[\"Artigos de opini\u00f3n\"],\"inLanguage\":\"gl-ES\",\"potentialAction\":[{\"@type\":\"CommentAction\",\"name\":\"Comment\",\"target\":[\"https:\\\/\\\/www.anovapeneira.gal\\\/index.php\\\/2021\\\/06\\\/22\\\/claro-que-nos-importa-yaiza\\\/#respond\"]}]},{\"@type\":\"WebPage\",\"@id\":\"https:\\\/\\\/www.anovapeneira.gal\\\/index.php\\\/2021\\\/06\\\/22\\\/claro-que-nos-importa-yaiza\\\/\",\"url\":\"https:\\\/\\\/www.anovapeneira.gal\\\/index.php\\\/2021\\\/06\\\/22\\\/claro-que-nos-importa-yaiza\\\/\",\"name\":\"Claro que nos importa Yaiza -\",\"isPartOf\":{\"@id\":\"https:\\\/\\\/www.anovapeneira.gal\\\/#website\"},\"primaryImageOfPage\":{\"@id\":\"https:\\\/\\\/www.anovapeneira.gal\\\/index.php\\\/2021\\\/06\\\/22\\\/claro-que-nos-importa-yaiza\\\/#primaryimage\"},\"image\":{\"@id\":\"https:\\\/\\\/www.anovapeneira.gal\\\/index.php\\\/2021\\\/06\\\/22\\\/claro-que-nos-importa-yaiza\\\/#primaryimage\"},\"thumbnailUrl\":\"https:\\\/\\\/www.anovapeneira.gal\\\/wp-content\\\/uploads\\\/2019\\\/07\\\/ARTIGO_DE_OPINION_A_NOVA_PENEIRA.jpg\",\"datePublished\":\"2021-06-22T08:00:07+00:00\",\"description\":\"Claro que nos importa Yaiza, a nena asasinada pola s\u00faa nai en Sant Joan Desp\u00ed a finais de maio. E Amiel e Ixchel, v\u00edtimas de Gabriel e Mar\u00eda, a parella de Godella. E Leire, asasinada a principios de ano en Zaragoza. E Mohamed. E o beb\u00e9 que agardaba a s\u00faa nai, Warda, cando o proxenitor levounos por diante os tres\",\"breadcrumb\":{\"@id\":\"https:\\\/\\\/www.anovapeneira.gal\\\/index.php\\\/2021\\\/06\\\/22\\\/claro-que-nos-importa-yaiza\\\/#breadcrumb\"},\"inLanguage\":\"gl-ES\",\"potentialAction\":[{\"@type\":\"ReadAction\",\"target\":[\"https:\\\/\\\/www.anovapeneira.gal\\\/index.php\\\/2021\\\/06\\\/22\\\/claro-que-nos-importa-yaiza\\\/\"]}]},{\"@type\":\"ImageObject\",\"inLanguage\":\"gl-ES\",\"@id\":\"https:\\\/\\\/www.anovapeneira.gal\\\/index.php\\\/2021\\\/06\\\/22\\\/claro-que-nos-importa-yaiza\\\/#primaryimage\",\"url\":\"https:\\\/\\\/www.anovapeneira.gal\\\/wp-content\\\/uploads\\\/2019\\\/07\\\/ARTIGO_DE_OPINION_A_NOVA_PENEIRA.jpg\",\"contentUrl\":\"https:\\\/\\\/www.anovapeneira.gal\\\/wp-content\\\/uploads\\\/2019\\\/07\\\/ARTIGO_DE_OPINION_A_NOVA_PENEIRA.jpg\",\"width\":720,\"height\":473,\"caption\":\"Artigo de opini\u00f3n A Nova Peneira\"},{\"@type\":\"BreadcrumbList\",\"@id\":\"https:\\\/\\\/www.anovapeneira.gal\\\/index.php\\\/2021\\\/06\\\/22\\\/claro-que-nos-importa-yaiza\\\/#breadcrumb\",\"itemListElement\":[{\"@type\":\"ListItem\",\"position\":1,\"name\":\"Portada\",\"item\":\"https:\\\/\\\/www.anovapeneira.gal\\\/\"},{\"@type\":\"ListItem\",\"position\":2,\"name\":\"Claro que nos importa Yaiza\"}]},{\"@type\":\"WebSite\",\"@id\":\"https:\\\/\\\/www.anovapeneira.gal\\\/#website\",\"url\":\"https:\\\/\\\/www.anovapeneira.gal\\\/\",\"name\":\"\",\"description\":\"Xornal galego de informaci\u00f3n xeral Publicaci\u00f3n mensual de novas de Galicia e en especial dos Concellos da sur da provincia de Pontevedra.\",\"publisher\":{\"@id\":\"https:\\\/\\\/www.anovapeneira.gal\\\/#organization\"},\"potentialAction\":[{\"@type\":\"SearchAction\",\"target\":{\"@type\":\"EntryPoint\",\"urlTemplate\":\"https:\\\/\\\/www.anovapeneira.gal\\\/?s={search_term_string}\"},\"query-input\":{\"@type\":\"PropertyValueSpecification\",\"valueRequired\":true,\"valueName\":\"search_term_string\"}}],\"inLanguage\":\"gl-ES\"},{\"@type\":\"Organization\",\"@id\":\"https:\\\/\\\/www.anovapeneira.gal\\\/#organization\",\"name\":\"A Nova Peneira\",\"url\":\"https:\\\/\\\/www.anovapeneira.gal\\\/\",\"logo\":{\"@type\":\"ImageObject\",\"inLanguage\":\"gl-ES\",\"@id\":\"https:\\\/\\\/www.anovapeneira.gal\\\/#\\\/schema\\\/logo\\\/image\\\/\",\"url\":\"http:\\\/\\\/www.anovapeneira.gal\\\/wp-content\\\/uploads\\\/2019\\\/06\\\/logo_a_nova_peneira_portal_web.png\",\"contentUrl\":\"http:\\\/\\\/www.anovapeneira.gal\\\/wp-content\\\/uploads\\\/2019\\\/06\\\/logo_a_nova_peneira_portal_web.png\",\"width\":300,\"height\":100,\"caption\":\"A Nova Peneira\"},\"image\":{\"@id\":\"https:\\\/\\\/www.anovapeneira.gal\\\/#\\\/schema\\\/logo\\\/image\\\/\"},\"sameAs\":[\"https:\\\/\\\/www.facebook.com\\\/anovapeneira\",\"https:\\\/\\\/x.com\\\/APeneira\"]},{\"@type\":\"Person\",\"@id\":\"https:\\\/\\\/www.anovapeneira.gal\\\/#\\\/schema\\\/person\\\/b5d841c74dee61f6776658b07b904c18\",\"name\":\"Montse Fajardo\",\"image\":{\"@type\":\"ImageObject\",\"inLanguage\":\"gl-ES\",\"@id\":\"https:\\\/\\\/secure.gravatar.com\\\/avatar\\\/7167d7c282cf42b377b7010dbd21f855dfb9df18abd8af43f29029fc82996df3?s=96&d=mm&r=g\",\"url\":\"https:\\\/\\\/secure.gravatar.com\\\/avatar\\\/7167d7c282cf42b377b7010dbd21f855dfb9df18abd8af43f29029fc82996df3?s=96&d=mm&r=g\",\"contentUrl\":\"https:\\\/\\\/secure.gravatar.com\\\/avatar\\\/7167d7c282cf42b377b7010dbd21f855dfb9df18abd8af43f29029fc82996df3?s=96&d=mm&r=g\",\"caption\":\"Montse Fajardo\"},\"sameAs\":[\"http:\\\/\\\/www.anovapeneira.gal\\\/\"],\"url\":\"https:\\\/\\\/www.anovapeneira.gal\\\/index.php\\\/author\\\/montse-fajardo\\\/\"}]}<\/script>\n<!-- \/ Yoast SEO plugin. -->","yoast_head_json":{"title":"Claro que nos importa Yaiza -","description":"Claro que nos importa Yaiza, a nena asasinada pola s\u00faa nai en Sant Joan Desp\u00ed a finais de maio. E Amiel e Ixchel, v\u00edtimas de Gabriel e Mar\u00eda, a parella de Godella. E Leire, asasinada a principios de ano en Zaragoza. E Mohamed. E o beb\u00e9 que agardaba a s\u00faa nai, Warda, cando o proxenitor levounos por diante os tres","robots":{"index":"index","follow":"follow","max-snippet":"max-snippet:-1","max-image-preview":"max-image-preview:large","max-video-preview":"max-video-preview:-1"},"canonical":"https:\/\/www.anovapeneira.gal\/index.php\/2021\/06\/22\/claro-que-nos-importa-yaiza\/","og_locale":"gl_ES","og_type":"article","og_title":"Claro que nos importa Yaiza -","og_description":"Claro que nos importa Yaiza, a nena asasinada pola s\u00faa nai en Sant Joan Desp\u00ed a finais de maio. E Amiel e Ixchel, v\u00edtimas de Gabriel e Mar\u00eda, a parella de Godella. E Leire, asasinada a principios de ano en Zaragoza. E Mohamed. E o beb\u00e9 que agardaba a s\u00faa nai, Warda, cando o proxenitor levounos por diante os tres","og_url":"https:\/\/www.anovapeneira.gal\/index.php\/2021\/06\/22\/claro-que-nos-importa-yaiza\/","article_publisher":"https:\/\/www.facebook.com\/anovapeneira","article_published_time":"2021-06-22T08:00:07+00:00","og_image":[{"width":720,"height":432,"url":"https:\/\/www.anovapeneira.gal\/wp-content\/uploads\/2019\/12\/montse_fajardo_cambados_a_nova_peneira.jpg","type":"image\/jpeg"}],"author":"Montse Fajardo","twitter_card":"summary_large_image","twitter_image":"https:\/\/www.anovapeneira.gal\/wp-content\/uploads\/2019\/12\/montse_fajardo_cambados_a_nova_peneira.jpg","twitter_creator":"@APeneira","twitter_site":"@APeneira","twitter_misc":{"Escrito por":"Montse Fajardo","Tempo de lectura":"3 minutos"},"schema":{"@context":"https:\/\/schema.org","@graph":[{"@type":"Article","@id":"https:\/\/www.anovapeneira.gal\/index.php\/2021\/06\/22\/claro-que-nos-importa-yaiza\/#article","isPartOf":{"@id":"https:\/\/www.anovapeneira.gal\/index.php\/2021\/06\/22\/claro-que-nos-importa-yaiza\/"},"author":{"name":"Montse Fajardo","@id":"https:\/\/www.anovapeneira.gal\/#\/schema\/person\/b5d841c74dee61f6776658b07b904c18"},"headline":"Claro que nos importa Yaiza","datePublished":"2021-06-22T08:00:07+00:00","mainEntityOfPage":{"@id":"https:\/\/www.anovapeneira.gal\/index.php\/2021\/06\/22\/claro-que-nos-importa-yaiza\/"},"wordCount":738,"commentCount":0,"publisher":{"@id":"https:\/\/www.anovapeneira.gal\/#organization"},"image":{"@id":"https:\/\/www.anovapeneira.gal\/index.php\/2021\/06\/22\/claro-que-nos-importa-yaiza\/#primaryimage"},"thumbnailUrl":"https:\/\/www.anovapeneira.gal\/wp-content\/uploads\/2019\/07\/ARTIGO_DE_OPINION_A_NOVA_PENEIRA.jpg","keywords":["Milana Bonita"],"articleSection":["Artigos de opini\u00f3n"],"inLanguage":"gl-ES","potentialAction":[{"@type":"CommentAction","name":"Comment","target":["https:\/\/www.anovapeneira.gal\/index.php\/2021\/06\/22\/claro-que-nos-importa-yaiza\/#respond"]}]},{"@type":"WebPage","@id":"https:\/\/www.anovapeneira.gal\/index.php\/2021\/06\/22\/claro-que-nos-importa-yaiza\/","url":"https:\/\/www.anovapeneira.gal\/index.php\/2021\/06\/22\/claro-que-nos-importa-yaiza\/","name":"Claro que nos importa Yaiza -","isPartOf":{"@id":"https:\/\/www.anovapeneira.gal\/#website"},"primaryImageOfPage":{"@id":"https:\/\/www.anovapeneira.gal\/index.php\/2021\/06\/22\/claro-que-nos-importa-yaiza\/#primaryimage"},"image":{"@id":"https:\/\/www.anovapeneira.gal\/index.php\/2021\/06\/22\/claro-que-nos-importa-yaiza\/#primaryimage"},"thumbnailUrl":"https:\/\/www.anovapeneira.gal\/wp-content\/uploads\/2019\/07\/ARTIGO_DE_OPINION_A_NOVA_PENEIRA.jpg","datePublished":"2021-06-22T08:00:07+00:00","description":"Claro que nos importa Yaiza, a nena asasinada pola s\u00faa nai en Sant Joan Desp\u00ed a finais de maio. E Amiel e Ixchel, v\u00edtimas de Gabriel e Mar\u00eda, a parella de Godella. E Leire, asasinada a principios de ano en Zaragoza. E Mohamed. E o beb\u00e9 que agardaba a s\u00faa nai, Warda, cando o proxenitor levounos por diante os tres","breadcrumb":{"@id":"https:\/\/www.anovapeneira.gal\/index.php\/2021\/06\/22\/claro-que-nos-importa-yaiza\/#breadcrumb"},"inLanguage":"gl-ES","potentialAction":[{"@type":"ReadAction","target":["https:\/\/www.anovapeneira.gal\/index.php\/2021\/06\/22\/claro-que-nos-importa-yaiza\/"]}]},{"@type":"ImageObject","inLanguage":"gl-ES","@id":"https:\/\/www.anovapeneira.gal\/index.php\/2021\/06\/22\/claro-que-nos-importa-yaiza\/#primaryimage","url":"https:\/\/www.anovapeneira.gal\/wp-content\/uploads\/2019\/07\/ARTIGO_DE_OPINION_A_NOVA_PENEIRA.jpg","contentUrl":"https:\/\/www.anovapeneira.gal\/wp-content\/uploads\/2019\/07\/ARTIGO_DE_OPINION_A_NOVA_PENEIRA.jpg","width":720,"height":473,"caption":"Artigo de opini\u00f3n A Nova Peneira"},{"@type":"BreadcrumbList","@id":"https:\/\/www.anovapeneira.gal\/index.php\/2021\/06\/22\/claro-que-nos-importa-yaiza\/#breadcrumb","itemListElement":[{"@type":"ListItem","position":1,"name":"Portada","item":"https:\/\/www.anovapeneira.gal\/"},{"@type":"ListItem","position":2,"name":"Claro que nos importa Yaiza"}]},{"@type":"WebSite","@id":"https:\/\/www.anovapeneira.gal\/#website","url":"https:\/\/www.anovapeneira.gal\/","name":"","description":"Xornal galego de informaci\u00f3n xeral Publicaci\u00f3n mensual de novas de Galicia e en especial dos Concellos da sur da provincia de Pontevedra.","publisher":{"@id":"https:\/\/www.anovapeneira.gal\/#organization"},"potentialAction":[{"@type":"SearchAction","target":{"@type":"EntryPoint","urlTemplate":"https:\/\/www.anovapeneira.gal\/?s={search_term_string}"},"query-input":{"@type":"PropertyValueSpecification","valueRequired":true,"valueName":"search_term_string"}}],"inLanguage":"gl-ES"},{"@type":"Organization","@id":"https:\/\/www.anovapeneira.gal\/#organization","name":"A Nova Peneira","url":"https:\/\/www.anovapeneira.gal\/","logo":{"@type":"ImageObject","inLanguage":"gl-ES","@id":"https:\/\/www.anovapeneira.gal\/#\/schema\/logo\/image\/","url":"http:\/\/www.anovapeneira.gal\/wp-content\/uploads\/2019\/06\/logo_a_nova_peneira_portal_web.png","contentUrl":"http:\/\/www.anovapeneira.gal\/wp-content\/uploads\/2019\/06\/logo_a_nova_peneira_portal_web.png","width":300,"height":100,"caption":"A Nova Peneira"},"image":{"@id":"https:\/\/www.anovapeneira.gal\/#\/schema\/logo\/image\/"},"sameAs":["https:\/\/www.facebook.com\/anovapeneira","https:\/\/x.com\/APeneira"]},{"@type":"Person","@id":"https:\/\/www.anovapeneira.gal\/#\/schema\/person\/b5d841c74dee61f6776658b07b904c18","name":"Montse Fajardo","image":{"@type":"ImageObject","inLanguage":"gl-ES","@id":"https:\/\/secure.gravatar.com\/avatar\/7167d7c282cf42b377b7010dbd21f855dfb9df18abd8af43f29029fc82996df3?s=96&d=mm&r=g","url":"https:\/\/secure.gravatar.com\/avatar\/7167d7c282cf42b377b7010dbd21f855dfb9df18abd8af43f29029fc82996df3?s=96&d=mm&r=g","contentUrl":"https:\/\/secure.gravatar.com\/avatar\/7167d7c282cf42b377b7010dbd21f855dfb9df18abd8af43f29029fc82996df3?s=96&d=mm&r=g","caption":"Montse Fajardo"},"sameAs":["http:\/\/www.anovapeneira.gal\/"],"url":"https:\/\/www.anovapeneira.gal\/index.php\/author\/montse-fajardo\/"}]}},"jetpack_featured_media_url":"https:\/\/www.anovapeneira.gal\/wp-content\/uploads\/2019\/07\/ARTIGO_DE_OPINION_A_NOVA_PENEIRA.jpg","_links":{"self":[{"href":"https:\/\/www.anovapeneira.gal\/index.php\/wp-json\/wp\/v2\/posts\/5632","targetHints":{"allow":["GET"]}}],"collection":[{"href":"https:\/\/www.anovapeneira.gal\/index.php\/wp-json\/wp\/v2\/posts"}],"about":[{"href":"https:\/\/www.anovapeneira.gal\/index.php\/wp-json\/wp\/v2\/types\/post"}],"author":[{"embeddable":true,"href":"https:\/\/www.anovapeneira.gal\/index.php\/wp-json\/wp\/v2\/users\/15"}],"replies":[{"embeddable":true,"href":"https:\/\/www.anovapeneira.gal\/index.php\/wp-json\/wp\/v2\/comments?post=5632"}],"version-history":[{"count":1,"href":"https:\/\/www.anovapeneira.gal\/index.php\/wp-json\/wp\/v2\/posts\/5632\/revisions"}],"predecessor-version":[{"id":5633,"href":"https:\/\/www.anovapeneira.gal\/index.php\/wp-json\/wp\/v2\/posts\/5632\/revisions\/5633"}],"wp:featuredmedia":[{"embeddable":true,"href":"https:\/\/www.anovapeneira.gal\/index.php\/wp-json\/wp\/v2\/media\/584"}],"wp:attachment":[{"href":"https:\/\/www.anovapeneira.gal\/index.php\/wp-json\/wp\/v2\/media?parent=5632"}],"wp:term":[{"taxonomy":"category","embeddable":true,"href":"https:\/\/www.anovapeneira.gal\/index.php\/wp-json\/wp\/v2\/categories?post=5632"},{"taxonomy":"post_tag","embeddable":true,"href":"https:\/\/www.anovapeneira.gal\/index.php\/wp-json\/wp\/v2\/tags?post=5632"}],"curies":[{"name":"wp","href":"https:\/\/api.w.org\/{rel}","templated":true}]}}