{"id":5639,"date":"2021-06-23T10:00:04","date_gmt":"2021-06-23T08:00:04","guid":{"rendered":"https:\/\/www.anovapeneira.gal\/?p=5639"},"modified":"2021-06-21T21:11:42","modified_gmt":"2021-06-21T19:11:42","slug":"ruben-fernandez-presidente-do-balonman-a-caniza","status":"publish","type":"post","link":"https:\/\/www.anovapeneira.gal\/index.php\/2021\/06\/23\/ruben-fernandez-presidente-do-balonman-a-caniza\/","title":{"rendered":"Rub\u00e9n Fern\u00e1ndez. Presidente do Balonm\u00e1n A Ca\u00f1iza"},"content":{"rendered":"\n<pre class=\"wp-block-verse\">G. Figueiredo\n<\/pre>\n\n\n\n<p><strong>A Nova Peneira conversa con Rub\u00e9n Fern\u00e1ndez, unha persoa apaixonada do balonm\u00e1n, cunha traxectoria e unha vida dedicada ao Club da Ca\u00f1iza, primeiro como xogador e agora, con dez anos na s\u00faa presidencia, cun proxecto dun equipo levado no coraz\u00f3n e feito por e para o pobo<\/strong>.<\/p>\n\n\n\n<p>\u201c<em><strong>O s nosos obxectivos deportivos son sobre todo asentar os cimentos do club, non perder a categor\u00eda e aguantar cos dous equipos na nacional\u201d<\/strong><\/em><\/p>\n\n\n\n<p><strong>C\u00f3ntanos brevemente a historia do equipo?<\/strong><\/p>\n\n\n\n<blockquote class=\"wp-block-quote is-layout-flow wp-block-quote-is-layout-flow\"><p>Este club m\u00f3ntao D.Sinesio, o director do cole da Ca\u00f1iza hai uns 25 anos, meteu o balonm\u00e1n como actividade extraescolar e intentaba introducir a todos os nenos e nenas neste deporte. Chegou co equipo feminino a segunda nacional. Logo pasou o relevo a Xabier, outro profesor do cole tam\u00e9n. Cando Xabier rematou nesta etapa ningu\u00e9n quixo seguir co equipo e no ver\u00e1n, dun d\u00eda para outro, desf\u00edxose o equipo de balonm\u00e1n na Ca\u00f1iza. Daquela eu era xogador, ti\u00f1a 17 anos. Houbo rapaces que foron xogar a outros equipos pero houbo outros, coma min, que nos quedamos sen xogar.<\/p><\/blockquote>\n\n\n\n<blockquote class=\"wp-block-quote is-layout-flow wp-block-quote-is-layout-flow\"><p>Despois de dez anos parado o Club, volvemos a xuntarnos os amigos que xogabamos xuntos e decidimos montar o equipo de novo.<\/p><\/blockquote>\n\n\n\n<p><strong>Como e cando se cruzan os cami\u00f1os de Rub\u00e9n e do Balonm\u00e1n Ca\u00f1iza?<\/strong><\/p>\n\n\n\n<blockquote class=\"wp-block-quote is-layout-flow wp-block-quote-is-layout-flow\"><p>Eu comecei a xogar no cole ata os 17 anos que se disolveu o club. Dez anos despois, cando decidimos volver montar o club quedei coma presidente, outro compa\u00f1eiro coma tesoureiro, outro coma secretario e outro como adestrador. Eramos 18 xogadores da Ca\u00f1iza e as\u00ed comezamos de novo. Eramos xogadores, adestrador e equipo directivo \u00e1 vez. Co tempo o club comezou a crecer de novo e n\u00f3s, que xa comezamos a ter unha idade, deixamos de xogar para quedar s\u00f3 na directiva. Dos que comezamos daquela quedamos uns catro na directiva. E sum\u00e1ronse ao proxecto pais de novos xogadores.<\/p><\/blockquote>\n\n\n\n<p><strong>Desfrutabas m\u00e1is antes na cancha, ou agora na presidencia?<\/strong><\/p>\n\n\n\n<blockquote class=\"wp-block-quote is-layout-flow wp-block-quote-is-layout-flow\"><p>\u00c9 distinto. Non che podo dicir cal me gusta m\u00e1is porque desfrutei moito nas d\u00faas facetas, case che podo que dicir que da mesma maneira.<\/p><\/blockquote>\n\n\n\n<p><strong>E onde se sofre m\u00e1is, xogando ou dirixindo?<\/strong><\/p>\n\n\n\n<blockquote class=\"wp-block-quote is-layout-flow wp-block-quote-is-layout-flow\"><p>Dirixindo sen d\u00fabida. Xogando sofres pero podes p\u00f3r algo da t\u00faa parte para remedialo, pero na directiva non, non podes aportar ao xogo.<\/p><\/blockquote>\n\n\n\n<p><strong>En calquera caso te\u00f1o a sensaci\u00f3n de que ti es unha persoa que vive os partidos con moita intensidade. C\u00f3ntanos o episodio no que ca\u00edches do balc\u00f3n do Concello celebrando unha vitoria?<\/strong><\/p>\n\n\n\n<blockquote class=\"wp-block-quote is-layout-flow wp-block-quote-is-layout-flow\"><p>Esta \u00e9 a an\u00e9cdota hist\u00f3rica, risas\u2026 Foi hai sete anos na celebraci\u00f3n do ascenso a terceira nacional. Tivemos unha recepci\u00f3n oficial co alcalde no concello e ao sa\u00edr ao balc\u00f3n para celebralo, este fac\u00eda uns 30 anos que non se usaba e, ao apoiarme na varanda para saudar \u00e1 xente, esta rompeu e ca\u00edn dunha altura duns cinco metros. Tiven sorte, ca\u00edn coma se saltara e as lesi\u00f3ns non foron moi graves. Fixen fisuras no nariz, un ombreiro e nun tal\u00f3n pero non cheguei a estar ingresado pola ca\u00edda.<\/p><\/blockquote>\n\n\n\n<p><strong>C\u00f3ntanos como viviches o hist\u00f3rico partido do ascenso das rapazas \u00e1 divisi\u00f3n de prata feminina?<\/strong><\/p>\n\n\n\n<blockquote class=\"wp-block-quote is-layout-flow wp-block-quote-is-layout-flow\"><p>Pois atacado dos nervios, co alcalde dun lado e o presidente da Federaci\u00f3n Galega doutro. Foi unha loucura ver coma esas nenas, que nos seu inicios fomos buscar ao cole para xogar, chegaron a ter este \u00e9xito. \u00c9 dunha emoci\u00f3n inexplicable.<\/p><\/blockquote>\n\n\n\n<p><strong>Cales son os obxectivos deportivos na vindeira temporada tanto para o equipo feminino como para o masculino?<\/strong><\/p>\n\n\n\n<blockquote class=\"wp-block-quote is-layout-flow wp-block-quote-is-layout-flow\"><p>Sobre todo asentar os cimentos do club, non perder a categor\u00eda e aguantar cos dous equipos na nacional. Pero vai ser complicado. Temos unha estrutura potente no masculino, aqu\u00ed estamos asentados e non imos descender pero no feminino \u00e9 un ano novo, queremos facer un reforzo importante para manter a categor\u00eda e non descender.<\/p><\/blockquote>\n\n\n\n<figure class=\"wp-block-image size-large\"><img loading=\"lazy\" decoding=\"async\" width=\"720\" height=\"432\" src=\"https:\/\/www.anovapeneira.gal\/wp-content\/uploads\/2021\/06\/balonman_caniza_feminino.jpg\" alt=\"Balonman Ca\u00f1iza\" class=\"wp-image-5640\" srcset=\"https:\/\/www.anovapeneira.gal\/wp-content\/uploads\/2021\/06\/balonman_caniza_feminino.jpg 720w, https:\/\/www.anovapeneira.gal\/wp-content\/uploads\/2021\/06\/balonman_caniza_feminino-300x180.jpg 300w\" sizes=\"auto, (max-width: 720px) 100vw, 720px\" \/><\/figure>\n\n\n\n<p><strong>A vinculaci\u00f3n do pobo da Ca\u00f1iza co equipo como a valoras?<\/strong><\/p>\n\n\n\n<blockquote class=\"wp-block-quote is-layout-flow wp-block-quote-is-layout-flow\"><p>Moi ben, o apoio \u00e9 brutal. O noso lema \u00e9 que somos do pobo e o pobo unido fai ao equipo. Temos 700 socios dos cales 300 non pisan o pavill\u00f3n, so aportan o recibo para que haxa algo no pobo, neste caso \u00e9 o balonm\u00e1n que estamos de moda, pero se foxe outro calquera deporte tam\u00e9n o far\u00edan porque \u00e9 algo de aqu\u00ed. Sen\u00f3n fora as\u00ed e os nosos veci\u00f1os e veci\u00f1as non nos apoiaran non ser\u00eda viable o proxecto. Temos 100.000\u20ac anuais de presuposto e agora coas d\u00faas categor\u00eda necesitamos uns 150.000\u20ac. Temos a Saeplast que \u00e9 un gran patrocinador pero o resto \u00e9 euro a euro.<\/p><\/blockquote>\n\n\n\n<p><strong>E o Concello como se porta con v\u00f3s, tedes apoio econ\u00f3mico? Notaches alg\u00fan tipo de cambio coa nova administraci\u00f3n municipal?<\/strong><\/p>\n\n\n\n<blockquote class=\"wp-block-quote is-layout-flow wp-block-quote-is-layout-flow\"><p>P\u00f3rtase ben. Co novo alcalde comezamos con d\u00fabidas, o primeiro ano tivemos un pequeno mal entendido e non co\u00f1ec\u00eda ben o proxecto, agora esta co\u00f1ecendo o proxecto de man a vendo todo o traballo que hai detr\u00e1s e estase subindo ao carro. El sempre foi socio pero non \u00e9 o mesmo ser socio que estar dentro e ver o verdadeiro traballo. Agora \u00e9 o principal impulsor de que esteamos en prata e de que isto vaia para adiante, non temos queixa.<\/p><\/blockquote>\n\n\n\n<p><strong>E a DEP e a Xunta tr\u00e1tanvos ben?<\/strong><\/p>\n\n\n\n<blockquote class=\"wp-block-quote is-layout-flow wp-block-quote-is-layout-flow\"><p>Coa DEP e coa Xunta temos unhas subvenci\u00f3ns estipuladas por n\u00famero de nenos, por categor\u00eda na que compites e por equipo feminino, vas sumando puntos e de a\u00ed sae a cantidade que che toca como club deportivo de Galicia. Coa xunta \u00e9 verdade que temos unha colaboraci\u00f3n maior, temos un bo contacto que nos est\u00e1 botando unha man e temos d\u00faas furgonetas a trav\u00e9s dunha subvenci\u00f3n, apoian a noso proxecto. A maiores estamos intentando sacar para este primeiro ano un patrocinio da DEP tam\u00e9n. A subvenci\u00f3n si que nos vai subir moito con este equipo na divisi\u00f3n de prata porque a Xunta ten un convenio con Abanca para apoiar ao deporte de elite e o subir a esta categor\u00eda estamos dentro desta subvenci\u00f3n.<\/p><\/blockquote>\n\n\n\n<p><strong>Cantos nenos e nenas tedes na base dos vosos equipos?<\/strong><\/p>\n\n\n\n<blockquote class=\"wp-block-quote is-layout-flow wp-block-quote-is-layout-flow\"><p>En total temos uns 175 nenos e nenas en t\u00f3dalas categor\u00edas.<\/p><\/blockquote>\n\n\n\n<p><strong>Outros presidentes e presidentas de equipos deportivos cos que te\u00f1o falado dinme que esta actividade sup\u00f3n un deterioro importante da vida persoal porque hai que dedicarlle tanto tempo que case non quedan momentos para un mesmo. Ti como o levas?<\/strong><\/p>\n\n\n\n<blockquote class=\"wp-block-quote is-layout-flow wp-block-quote-is-layout-flow\"><p>O meu caso \u00e9 especial, moitos presidentes a este nivel son empresarios e est\u00e1n vinculados aos equipos porque te\u00f1en fillos xogando, eu son un simple camioneiro aut\u00f3nomo e de momento o meu fillo ten 4 meses, non te\u00f1o esta vinculaci\u00f3n co equipo. O meu tempo libre \u00e9 no balonm\u00e1n, \u00e9 onde m\u00e1is desfruto. Esta \u00e9 a mi\u00f1a vida, aqu\u00ed co\u00f1ec\u00edn a mi\u00f1a muller cando ti\u00f1a 17 anos, ela era xogadora e eu tam\u00e9n, os meus mellores amigos tam\u00e9n son do club de sempre, meu afillado xoga aqu\u00ed e os seus pais son dos meus mellores amigos. Para min os s\u00e1bados tarde cando hai partido \u00e9 unha festa na que est\u00e1n meus pais, irm\u00e1ns, primos, os meus amigos e os meus afillados, t\u00e9\u00f1oo todo aqu\u00ed, isto \u00e9 algo impagables, a mi\u00f1a vida \u00e9 o cami\u00f3n e o club.<\/p><\/blockquote>\n\n\n\n<p><strong>Veste moito tempo m\u00e1is na presidencia?<\/strong><\/p>\n\n\n\n<blockquote class=\"wp-block-quote is-layout-flow wp-block-quote-is-layout-flow\"><p>Xa quero comezar a delegar. Creo que os cambios son bos e vir\u00edan aires novos con novas ideas e isto vai ser bo para o club. Levo dez anos na presidencia e xa estou preparado para ese cambio. Acabo de ter un fillo e acabo de perder a mi\u00f1a nai hai uns meses, cambiou a mi\u00f1a situaci\u00f3n persoal e se hai unha persoa adecuada que poida continuar co equipo faremos un cambio.<\/p><\/blockquote>\n\n\n\n<p><strong>Haber\u00e1 persoas que estean dispostas a continuar co proxecto?<\/strong><\/p>\n\n\n\n<blockquote class=\"wp-block-quote is-layout-flow wp-block-quote-is-layout-flow\"><p>Pois se aparece algu\u00e9n con sabia nova e ganas de traballar dar\u00e9moslle o relevo, sen\u00f3n seguiremos adiante porque o club ten que seguir. Estamos buscando e comunicando de que estamos abertos ao cambio e creo que hai xente nova e con ganas que queira desfrutar deste deporte como o levo feito eu toda a mi\u00f1a vida.<\/p><\/blockquote>\n\n\n\n<p><strong>Moitas grazas pola conversa Ruben e moita sorte na busca de nova directiv<\/strong>a.<\/p>\n\n\n\n<blockquote class=\"wp-block-quote is-layout-flow wp-block-quote-is-layout-flow\"><p>Grazas a v\u00f3s.<\/p><\/blockquote>\n","protected":false},"excerpt":{"rendered":"<div class=\"mh-excerpt\"><p>A Nova Peneira conversa con Rub\u00e9n Fern\u00e1ndez, unha persoa apaixonada do balonm\u00e1n, cunha traxectoria e unha vida dedicada ao Club da Ca\u00f1iza, primeiro como xogador e agora, con dez anos na s\u00faa presidencia, cun proxecto dun equipo levado no coraz\u00f3n e feito por e para o pobo <a class=\"mh-excerpt-more\" href=\"https:\/\/www.anovapeneira.gal\/index.php\/2021\/06\/23\/ruben-fernandez-presidente-do-balonman-a-caniza\/\" title=\"Rub\u00e9n Fern\u00e1ndez. Presidente do Balonm\u00e1n A Ca\u00f1iza\">[&#8230;]<\/a><\/p>\n<\/div>","protected":false},"author":17,"featured_media":5641,"comment_status":"open","ping_status":"open","sticky":false,"template":"","format":"standard","meta":{"_exactmetrics_skip_tracking":false,"_exactmetrics_sitenote_active":false,"_exactmetrics_sitenote_note":"","_exactmetrics_sitenote_category":0,"footnotes":""},"categories":[267],"tags":[1259],"class_list":{"0":"post-5639","1":"post","2":"type-post","3":"status-publish","4":"format-standard","5":"has-post-thumbnail","7":"category-condado-entrevistas","8":"tag-concello-de-caniza"},"yoast_head":"<!-- This site is optimized with the Yoast SEO plugin v27.4 - https:\/\/yoast.com\/product\/yoast-seo-wordpress\/ -->\n<title>Rub\u00e9n Fern\u00e1ndez. Presidente do Balonm\u00e1n A Ca\u00f1iza -<\/title>\n<meta name=\"description\" content=\"A Nova Peneira conversa con Rub\u00e9n Fern\u00e1ndez, unha persoa apaixonada do balonm\u00e1n, cunha traxectoria e unha vida dedicada ao Club da Ca\u00f1iza, primeiro como xogador e agora, con dez anos na s\u00faa presidencia, cun proxecto dun equipo levado no coraz\u00f3n e feito por e para o pobo\" \/>\n<meta name=\"robots\" content=\"index, follow, max-snippet:-1, max-image-preview:large, max-video-preview:-1\" \/>\n<link rel=\"canonical\" href=\"https:\/\/www.anovapeneira.gal\/index.php\/2021\/06\/23\/ruben-fernandez-presidente-do-balonman-a-caniza\/\" \/>\n<meta property=\"og:locale\" content=\"gl_ES\" \/>\n<meta property=\"og:type\" content=\"article\" \/>\n<meta property=\"og:title\" content=\"Rub\u00e9n Fern\u00e1ndez. Presidente do Balonm\u00e1n A Ca\u00f1iza -\" \/>\n<meta property=\"og:description\" content=\"A Nova Peneira conversa con Rub\u00e9n Fern\u00e1ndez, unha persoa apaixonada do balonm\u00e1n, cunha traxectoria e unha vida dedicada ao Club da Ca\u00f1iza, primeiro como xogador e agora, con dez anos na s\u00faa presidencia, cun proxecto dun equipo levado no coraz\u00f3n e feito por e para o pobo\" \/>\n<meta property=\"og:url\" content=\"https:\/\/www.anovapeneira.gal\/index.php\/2021\/06\/23\/ruben-fernandez-presidente-do-balonman-a-caniza\/\" \/>\n<meta property=\"article:publisher\" content=\"https:\/\/www.facebook.com\/anovapeneira\" \/>\n<meta property=\"article:published_time\" content=\"2021-06-23T08:00:04+00:00\" \/>\n<meta property=\"og:image\" content=\"https:\/\/www.anovapeneira.gal\/wp-content\/uploads\/2021\/06\/balonmano_caniza.jpg\" \/>\n\t<meta property=\"og:image:width\" content=\"720\" \/>\n\t<meta property=\"og:image:height\" content=\"432\" \/>\n\t<meta property=\"og:image:type\" content=\"image\/jpeg\" \/>\n<meta name=\"author\" content=\"G. Figueiredo\" \/>\n<meta name=\"twitter:card\" content=\"summary_large_image\" \/>\n<meta name=\"twitter:creator\" content=\"@APeneira\" \/>\n<meta name=\"twitter:site\" content=\"@APeneira\" \/>\n<meta name=\"twitter:label1\" content=\"Escrito por\" \/>\n\t<meta name=\"twitter:data1\" content=\"G. Figueiredo\" \/>\n\t<meta name=\"twitter:label2\" content=\"Tempo de lectura\" \/>\n\t<meta name=\"twitter:data2\" content=\"7 minutos\" \/>\n<script type=\"application\/ld+json\" class=\"yoast-schema-graph\">{\"@context\":\"https:\\\/\\\/schema.org\",\"@graph\":[{\"@type\":\"Article\",\"@id\":\"https:\\\/\\\/www.anovapeneira.gal\\\/index.php\\\/2021\\\/06\\\/23\\\/ruben-fernandez-presidente-do-balonman-a-caniza\\\/#article\",\"isPartOf\":{\"@id\":\"https:\\\/\\\/www.anovapeneira.gal\\\/index.php\\\/2021\\\/06\\\/23\\\/ruben-fernandez-presidente-do-balonman-a-caniza\\\/\"},\"author\":{\"name\":\"G. Figueiredo\",\"@id\":\"https:\\\/\\\/www.anovapeneira.gal\\\/#\\\/schema\\\/person\\\/42f904d7cac80cf3f5a31494dd82a9b6\"},\"headline\":\"Rub\u00e9n Fern\u00e1ndez. Presidente do Balonm\u00e1n A Ca\u00f1iza\",\"datePublished\":\"2021-06-23T08:00:04+00:00\",\"mainEntityOfPage\":{\"@id\":\"https:\\\/\\\/www.anovapeneira.gal\\\/index.php\\\/2021\\\/06\\\/23\\\/ruben-fernandez-presidente-do-balonman-a-caniza\\\/\"},\"wordCount\":1435,\"commentCount\":0,\"publisher\":{\"@id\":\"https:\\\/\\\/www.anovapeneira.gal\\\/#organization\"},\"image\":{\"@id\":\"https:\\\/\\\/www.anovapeneira.gal\\\/index.php\\\/2021\\\/06\\\/23\\\/ruben-fernandez-presidente-do-balonman-a-caniza\\\/#primaryimage\"},\"thumbnailUrl\":\"https:\\\/\\\/www.anovapeneira.gal\\\/wp-content\\\/uploads\\\/2021\\\/06\\\/balonmano_caniza.jpg\",\"keywords\":[\"Concello de Ca\u00f1iza\"],\"articleSection\":[\"Condado\"],\"inLanguage\":\"gl-ES\",\"potentialAction\":[{\"@type\":\"CommentAction\",\"name\":\"Comment\",\"target\":[\"https:\\\/\\\/www.anovapeneira.gal\\\/index.php\\\/2021\\\/06\\\/23\\\/ruben-fernandez-presidente-do-balonman-a-caniza\\\/#respond\"]}]},{\"@type\":\"WebPage\",\"@id\":\"https:\\\/\\\/www.anovapeneira.gal\\\/index.php\\\/2021\\\/06\\\/23\\\/ruben-fernandez-presidente-do-balonman-a-caniza\\\/\",\"url\":\"https:\\\/\\\/www.anovapeneira.gal\\\/index.php\\\/2021\\\/06\\\/23\\\/ruben-fernandez-presidente-do-balonman-a-caniza\\\/\",\"name\":\"Rub\u00e9n Fern\u00e1ndez. Presidente do Balonm\u00e1n A Ca\u00f1iza -\",\"isPartOf\":{\"@id\":\"https:\\\/\\\/www.anovapeneira.gal\\\/#website\"},\"primaryImageOfPage\":{\"@id\":\"https:\\\/\\\/www.anovapeneira.gal\\\/index.php\\\/2021\\\/06\\\/23\\\/ruben-fernandez-presidente-do-balonman-a-caniza\\\/#primaryimage\"},\"image\":{\"@id\":\"https:\\\/\\\/www.anovapeneira.gal\\\/index.php\\\/2021\\\/06\\\/23\\\/ruben-fernandez-presidente-do-balonman-a-caniza\\\/#primaryimage\"},\"thumbnailUrl\":\"https:\\\/\\\/www.anovapeneira.gal\\\/wp-content\\\/uploads\\\/2021\\\/06\\\/balonmano_caniza.jpg\",\"datePublished\":\"2021-06-23T08:00:04+00:00\",\"description\":\"A Nova Peneira conversa con Rub\u00e9n Fern\u00e1ndez, unha persoa apaixonada do balonm\u00e1n, cunha traxectoria e unha vida dedicada ao Club da Ca\u00f1iza, primeiro como xogador e agora, con dez anos na s\u00faa presidencia, cun proxecto dun equipo levado no coraz\u00f3n e feito por e para o pobo\",\"breadcrumb\":{\"@id\":\"https:\\\/\\\/www.anovapeneira.gal\\\/index.php\\\/2021\\\/06\\\/23\\\/ruben-fernandez-presidente-do-balonman-a-caniza\\\/#breadcrumb\"},\"inLanguage\":\"gl-ES\",\"potentialAction\":[{\"@type\":\"ReadAction\",\"target\":[\"https:\\\/\\\/www.anovapeneira.gal\\\/index.php\\\/2021\\\/06\\\/23\\\/ruben-fernandez-presidente-do-balonman-a-caniza\\\/\"]}]},{\"@type\":\"ImageObject\",\"inLanguage\":\"gl-ES\",\"@id\":\"https:\\\/\\\/www.anovapeneira.gal\\\/index.php\\\/2021\\\/06\\\/23\\\/ruben-fernandez-presidente-do-balonman-a-caniza\\\/#primaryimage\",\"url\":\"https:\\\/\\\/www.anovapeneira.gal\\\/wp-content\\\/uploads\\\/2021\\\/06\\\/balonmano_caniza.jpg\",\"contentUrl\":\"https:\\\/\\\/www.anovapeneira.gal\\\/wp-content\\\/uploads\\\/2021\\\/06\\\/balonmano_caniza.jpg\",\"width\":720,\"height\":432,\"caption\":\"Balonman Ca\u00f1iza\"},{\"@type\":\"BreadcrumbList\",\"@id\":\"https:\\\/\\\/www.anovapeneira.gal\\\/index.php\\\/2021\\\/06\\\/23\\\/ruben-fernandez-presidente-do-balonman-a-caniza\\\/#breadcrumb\",\"itemListElement\":[{\"@type\":\"ListItem\",\"position\":1,\"name\":\"Portada\",\"item\":\"https:\\\/\\\/www.anovapeneira.gal\\\/\"},{\"@type\":\"ListItem\",\"position\":2,\"name\":\"Rub\u00e9n Fern\u00e1ndez. Presidente do Balonm\u00e1n A Ca\u00f1iza\"}]},{\"@type\":\"WebSite\",\"@id\":\"https:\\\/\\\/www.anovapeneira.gal\\\/#website\",\"url\":\"https:\\\/\\\/www.anovapeneira.gal\\\/\",\"name\":\"\",\"description\":\"Xornal galego de informaci\u00f3n xeral Publicaci\u00f3n mensual de novas de Galicia e en especial dos Concellos da sur da provincia de Pontevedra.\",\"publisher\":{\"@id\":\"https:\\\/\\\/www.anovapeneira.gal\\\/#organization\"},\"potentialAction\":[{\"@type\":\"SearchAction\",\"target\":{\"@type\":\"EntryPoint\",\"urlTemplate\":\"https:\\\/\\\/www.anovapeneira.gal\\\/?s={search_term_string}\"},\"query-input\":{\"@type\":\"PropertyValueSpecification\",\"valueRequired\":true,\"valueName\":\"search_term_string\"}}],\"inLanguage\":\"gl-ES\"},{\"@type\":\"Organization\",\"@id\":\"https:\\\/\\\/www.anovapeneira.gal\\\/#organization\",\"name\":\"A Nova Peneira\",\"url\":\"https:\\\/\\\/www.anovapeneira.gal\\\/\",\"logo\":{\"@type\":\"ImageObject\",\"inLanguage\":\"gl-ES\",\"@id\":\"https:\\\/\\\/www.anovapeneira.gal\\\/#\\\/schema\\\/logo\\\/image\\\/\",\"url\":\"http:\\\/\\\/www.anovapeneira.gal\\\/wp-content\\\/uploads\\\/2019\\\/06\\\/logo_a_nova_peneira_portal_web.png\",\"contentUrl\":\"http:\\\/\\\/www.anovapeneira.gal\\\/wp-content\\\/uploads\\\/2019\\\/06\\\/logo_a_nova_peneira_portal_web.png\",\"width\":300,\"height\":100,\"caption\":\"A Nova Peneira\"},\"image\":{\"@id\":\"https:\\\/\\\/www.anovapeneira.gal\\\/#\\\/schema\\\/logo\\\/image\\\/\"},\"sameAs\":[\"https:\\\/\\\/www.facebook.com\\\/anovapeneira\",\"https:\\\/\\\/x.com\\\/APeneira\"]},{\"@type\":\"Person\",\"@id\":\"https:\\\/\\\/www.anovapeneira.gal\\\/#\\\/schema\\\/person\\\/42f904d7cac80cf3f5a31494dd82a9b6\",\"name\":\"G. Figueiredo\",\"image\":{\"@type\":\"ImageObject\",\"inLanguage\":\"gl-ES\",\"@id\":\"https:\\\/\\\/secure.gravatar.com\\\/avatar\\\/2d970086688458e0398ef8b84f5cbb8cc1ec3ab115aeb8435135a9f556af97b3?s=96&d=mm&r=g\",\"url\":\"https:\\\/\\\/secure.gravatar.com\\\/avatar\\\/2d970086688458e0398ef8b84f5cbb8cc1ec3ab115aeb8435135a9f556af97b3?s=96&d=mm&r=g\",\"contentUrl\":\"https:\\\/\\\/secure.gravatar.com\\\/avatar\\\/2d970086688458e0398ef8b84f5cbb8cc1ec3ab115aeb8435135a9f556af97b3?s=96&d=mm&r=g\",\"caption\":\"G. Figueiredo\"},\"sameAs\":[\"http:\\\/\\\/www.anovapeneira.gal\\\/\"],\"url\":\"https:\\\/\\\/www.anovapeneira.gal\\\/index.php\\\/author\\\/g-figueiredo\\\/\"}]}<\/script>\n<!-- \/ Yoast SEO plugin. -->","yoast_head_json":{"title":"Rub\u00e9n Fern\u00e1ndez. Presidente do Balonm\u00e1n A Ca\u00f1iza -","description":"A Nova Peneira conversa con Rub\u00e9n Fern\u00e1ndez, unha persoa apaixonada do balonm\u00e1n, cunha traxectoria e unha vida dedicada ao Club da Ca\u00f1iza, primeiro como xogador e agora, con dez anos na s\u00faa presidencia, cun proxecto dun equipo levado no coraz\u00f3n e feito por e para o pobo","robots":{"index":"index","follow":"follow","max-snippet":"max-snippet:-1","max-image-preview":"max-image-preview:large","max-video-preview":"max-video-preview:-1"},"canonical":"https:\/\/www.anovapeneira.gal\/index.php\/2021\/06\/23\/ruben-fernandez-presidente-do-balonman-a-caniza\/","og_locale":"gl_ES","og_type":"article","og_title":"Rub\u00e9n Fern\u00e1ndez. Presidente do Balonm\u00e1n A Ca\u00f1iza -","og_description":"A Nova Peneira conversa con Rub\u00e9n Fern\u00e1ndez, unha persoa apaixonada do balonm\u00e1n, cunha traxectoria e unha vida dedicada ao Club da Ca\u00f1iza, primeiro como xogador e agora, con dez anos na s\u00faa presidencia, cun proxecto dun equipo levado no coraz\u00f3n e feito por e para o pobo","og_url":"https:\/\/www.anovapeneira.gal\/index.php\/2021\/06\/23\/ruben-fernandez-presidente-do-balonman-a-caniza\/","article_publisher":"https:\/\/www.facebook.com\/anovapeneira","article_published_time":"2021-06-23T08:00:04+00:00","og_image":[{"width":720,"height":432,"url":"https:\/\/www.anovapeneira.gal\/wp-content\/uploads\/2021\/06\/balonmano_caniza.jpg","type":"image\/jpeg"}],"author":"G. Figueiredo","twitter_card":"summary_large_image","twitter_creator":"@APeneira","twitter_site":"@APeneira","twitter_misc":{"Escrito por":"G. Figueiredo","Tempo de lectura":"7 minutos"},"schema":{"@context":"https:\/\/schema.org","@graph":[{"@type":"Article","@id":"https:\/\/www.anovapeneira.gal\/index.php\/2021\/06\/23\/ruben-fernandez-presidente-do-balonman-a-caniza\/#article","isPartOf":{"@id":"https:\/\/www.anovapeneira.gal\/index.php\/2021\/06\/23\/ruben-fernandez-presidente-do-balonman-a-caniza\/"},"author":{"name":"G. Figueiredo","@id":"https:\/\/www.anovapeneira.gal\/#\/schema\/person\/42f904d7cac80cf3f5a31494dd82a9b6"},"headline":"Rub\u00e9n Fern\u00e1ndez. Presidente do Balonm\u00e1n A Ca\u00f1iza","datePublished":"2021-06-23T08:00:04+00:00","mainEntityOfPage":{"@id":"https:\/\/www.anovapeneira.gal\/index.php\/2021\/06\/23\/ruben-fernandez-presidente-do-balonman-a-caniza\/"},"wordCount":1435,"commentCount":0,"publisher":{"@id":"https:\/\/www.anovapeneira.gal\/#organization"},"image":{"@id":"https:\/\/www.anovapeneira.gal\/index.php\/2021\/06\/23\/ruben-fernandez-presidente-do-balonman-a-caniza\/#primaryimage"},"thumbnailUrl":"https:\/\/www.anovapeneira.gal\/wp-content\/uploads\/2021\/06\/balonmano_caniza.jpg","keywords":["Concello de Ca\u00f1iza"],"articleSection":["Condado"],"inLanguage":"gl-ES","potentialAction":[{"@type":"CommentAction","name":"Comment","target":["https:\/\/www.anovapeneira.gal\/index.php\/2021\/06\/23\/ruben-fernandez-presidente-do-balonman-a-caniza\/#respond"]}]},{"@type":"WebPage","@id":"https:\/\/www.anovapeneira.gal\/index.php\/2021\/06\/23\/ruben-fernandez-presidente-do-balonman-a-caniza\/","url":"https:\/\/www.anovapeneira.gal\/index.php\/2021\/06\/23\/ruben-fernandez-presidente-do-balonman-a-caniza\/","name":"Rub\u00e9n Fern\u00e1ndez. Presidente do Balonm\u00e1n A Ca\u00f1iza -","isPartOf":{"@id":"https:\/\/www.anovapeneira.gal\/#website"},"primaryImageOfPage":{"@id":"https:\/\/www.anovapeneira.gal\/index.php\/2021\/06\/23\/ruben-fernandez-presidente-do-balonman-a-caniza\/#primaryimage"},"image":{"@id":"https:\/\/www.anovapeneira.gal\/index.php\/2021\/06\/23\/ruben-fernandez-presidente-do-balonman-a-caniza\/#primaryimage"},"thumbnailUrl":"https:\/\/www.anovapeneira.gal\/wp-content\/uploads\/2021\/06\/balonmano_caniza.jpg","datePublished":"2021-06-23T08:00:04+00:00","description":"A Nova Peneira conversa con Rub\u00e9n Fern\u00e1ndez, unha persoa apaixonada do balonm\u00e1n, cunha traxectoria e unha vida dedicada ao Club da Ca\u00f1iza, primeiro como xogador e agora, con dez anos na s\u00faa presidencia, cun proxecto dun equipo levado no coraz\u00f3n e feito por e para o pobo","breadcrumb":{"@id":"https:\/\/www.anovapeneira.gal\/index.php\/2021\/06\/23\/ruben-fernandez-presidente-do-balonman-a-caniza\/#breadcrumb"},"inLanguage":"gl-ES","potentialAction":[{"@type":"ReadAction","target":["https:\/\/www.anovapeneira.gal\/index.php\/2021\/06\/23\/ruben-fernandez-presidente-do-balonman-a-caniza\/"]}]},{"@type":"ImageObject","inLanguage":"gl-ES","@id":"https:\/\/www.anovapeneira.gal\/index.php\/2021\/06\/23\/ruben-fernandez-presidente-do-balonman-a-caniza\/#primaryimage","url":"https:\/\/www.anovapeneira.gal\/wp-content\/uploads\/2021\/06\/balonmano_caniza.jpg","contentUrl":"https:\/\/www.anovapeneira.gal\/wp-content\/uploads\/2021\/06\/balonmano_caniza.jpg","width":720,"height":432,"caption":"Balonman Ca\u00f1iza"},{"@type":"BreadcrumbList","@id":"https:\/\/www.anovapeneira.gal\/index.php\/2021\/06\/23\/ruben-fernandez-presidente-do-balonman-a-caniza\/#breadcrumb","itemListElement":[{"@type":"ListItem","position":1,"name":"Portada","item":"https:\/\/www.anovapeneira.gal\/"},{"@type":"ListItem","position":2,"name":"Rub\u00e9n Fern\u00e1ndez. Presidente do Balonm\u00e1n A Ca\u00f1iza"}]},{"@type":"WebSite","@id":"https:\/\/www.anovapeneira.gal\/#website","url":"https:\/\/www.anovapeneira.gal\/","name":"","description":"Xornal galego de informaci\u00f3n xeral Publicaci\u00f3n mensual de novas de Galicia e en especial dos Concellos da sur da provincia de Pontevedra.","publisher":{"@id":"https:\/\/www.anovapeneira.gal\/#organization"},"potentialAction":[{"@type":"SearchAction","target":{"@type":"EntryPoint","urlTemplate":"https:\/\/www.anovapeneira.gal\/?s={search_term_string}"},"query-input":{"@type":"PropertyValueSpecification","valueRequired":true,"valueName":"search_term_string"}}],"inLanguage":"gl-ES"},{"@type":"Organization","@id":"https:\/\/www.anovapeneira.gal\/#organization","name":"A Nova Peneira","url":"https:\/\/www.anovapeneira.gal\/","logo":{"@type":"ImageObject","inLanguage":"gl-ES","@id":"https:\/\/www.anovapeneira.gal\/#\/schema\/logo\/image\/","url":"http:\/\/www.anovapeneira.gal\/wp-content\/uploads\/2019\/06\/logo_a_nova_peneira_portal_web.png","contentUrl":"http:\/\/www.anovapeneira.gal\/wp-content\/uploads\/2019\/06\/logo_a_nova_peneira_portal_web.png","width":300,"height":100,"caption":"A Nova Peneira"},"image":{"@id":"https:\/\/www.anovapeneira.gal\/#\/schema\/logo\/image\/"},"sameAs":["https:\/\/www.facebook.com\/anovapeneira","https:\/\/x.com\/APeneira"]},{"@type":"Person","@id":"https:\/\/www.anovapeneira.gal\/#\/schema\/person\/42f904d7cac80cf3f5a31494dd82a9b6","name":"G. Figueiredo","image":{"@type":"ImageObject","inLanguage":"gl-ES","@id":"https:\/\/secure.gravatar.com\/avatar\/2d970086688458e0398ef8b84f5cbb8cc1ec3ab115aeb8435135a9f556af97b3?s=96&d=mm&r=g","url":"https:\/\/secure.gravatar.com\/avatar\/2d970086688458e0398ef8b84f5cbb8cc1ec3ab115aeb8435135a9f556af97b3?s=96&d=mm&r=g","contentUrl":"https:\/\/secure.gravatar.com\/avatar\/2d970086688458e0398ef8b84f5cbb8cc1ec3ab115aeb8435135a9f556af97b3?s=96&d=mm&r=g","caption":"G. Figueiredo"},"sameAs":["http:\/\/www.anovapeneira.gal\/"],"url":"https:\/\/www.anovapeneira.gal\/index.php\/author\/g-figueiredo\/"}]}},"jetpack_featured_media_url":"https:\/\/www.anovapeneira.gal\/wp-content\/uploads\/2021\/06\/balonmano_caniza.jpg","_links":{"self":[{"href":"https:\/\/www.anovapeneira.gal\/index.php\/wp-json\/wp\/v2\/posts\/5639","targetHints":{"allow":["GET"]}}],"collection":[{"href":"https:\/\/www.anovapeneira.gal\/index.php\/wp-json\/wp\/v2\/posts"}],"about":[{"href":"https:\/\/www.anovapeneira.gal\/index.php\/wp-json\/wp\/v2\/types\/post"}],"author":[{"embeddable":true,"href":"https:\/\/www.anovapeneira.gal\/index.php\/wp-json\/wp\/v2\/users\/17"}],"replies":[{"embeddable":true,"href":"https:\/\/www.anovapeneira.gal\/index.php\/wp-json\/wp\/v2\/comments?post=5639"}],"version-history":[{"count":1,"href":"https:\/\/www.anovapeneira.gal\/index.php\/wp-json\/wp\/v2\/posts\/5639\/revisions"}],"predecessor-version":[{"id":5642,"href":"https:\/\/www.anovapeneira.gal\/index.php\/wp-json\/wp\/v2\/posts\/5639\/revisions\/5642"}],"wp:featuredmedia":[{"embeddable":true,"href":"https:\/\/www.anovapeneira.gal\/index.php\/wp-json\/wp\/v2\/media\/5641"}],"wp:attachment":[{"href":"https:\/\/www.anovapeneira.gal\/index.php\/wp-json\/wp\/v2\/media?parent=5639"}],"wp:term":[{"taxonomy":"category","embeddable":true,"href":"https:\/\/www.anovapeneira.gal\/index.php\/wp-json\/wp\/v2\/categories?post=5639"},{"taxonomy":"post_tag","embeddable":true,"href":"https:\/\/www.anovapeneira.gal\/index.php\/wp-json\/wp\/v2\/tags?post=5639"}],"curies":[{"name":"wp","href":"https:\/\/api.w.org\/{rel}","templated":true}]}}