{"id":5649,"date":"2021-06-24T10:00:42","date_gmt":"2021-06-24T08:00:42","guid":{"rendered":"https:\/\/www.anovapeneira.gal\/?p=5649"},"modified":"2021-06-24T18:43:55","modified_gmt":"2021-06-24T16:43:55","slug":"frizer-faizer-fraizer","status":"publish","type":"post","link":"https:\/\/www.anovapeneira.gal\/index.php\/2021\/06\/24\/frizer-faizer-fraizer\/","title":{"rendered":"Frizer, Faizer, Fraizer."},"content":{"rendered":"\n\n\n<p><\/p>\n\n\n\n<p>Hai uns d\u00edas xa me puxeron a primeira dose dunha das vacinas contra o Covid, a Fizer, Fraiser, Faizer ou como cona se diga. Pasados vinteun d\u00edas, nin un m\u00e1is, nin un menos, vir\u00e1 a segunda dose, e polo de agora, a derradeira ata que as autoridades sanit\u00e1rias cambien de parecer.<\/p>\n\n\n\n<p>A d\u00eda de hoxe abonda para que o noso organismo te\u00f1a as ferramentas necesarias para loitar por si mesmo contra un v\u00edrus que fixo quebrar os cimentos do mundo, a\u00ednda m\u00e1is do que xa estaban.<\/p>\n\n\n\n<p>Desta vez fomos n\u00f3s, os que habitamos na cara amable do planeta, os que sentimos no esquelete o que sofren milleiros de personas al\u00e9n das nosas fronteiras decot\u00edo, sen descanso alg\u00fan.<\/p>\n\n\n\n<p>Pero desta volta, era o primeiro mundo o que estaba a morrer por enriba das s\u00faas posibilidades.<\/p>\n\n\n\n<p>Mais eu coido que non foron estas mortes as que fixeron que se puxera en marcha todo o armamento cient\u00edfico \u00f3 seu alcance para atallar esta pingueira de defuntos sen velorio.<\/p>\n\n\n\n<p>Nestre intre e coma en todas as barbaries que levan sementando a historia de sangue e dor, eiqu\u00ed o que realmente importa \u00e9 a econom\u00eda o cash, coma din os ingleses.<\/p>\n\n\n\n<p>E se non credes o que estou a dicir non hai m\u00e1is que escoitar os berros de ledicia dos grandes banqueiros e empresarias logo de escoitar que para comezos de xullo \u00edan chegar \u00f3 estado espa\u00f1ol un feixe mill\u00f3ns de euros dende Europa, como agasallo, para salvar a nosa econom\u00eda, a deles, quero dicir.<\/p>\n\n\n\n<p>Pero bueno, non te\u00f1o intenci\u00f3n de me amolar, agora non, mentras agardo con inquedanza a segunda dose da Frizer, Faiser, Fraiser para o d\u00eda oito de xullo. Por moito medo que te\u00f1a, un non poder ir \u00e1 contra do progreso.<\/p>\n\n\n\n<p>A mi\u00f1a cabeza est\u00e1 m\u00e1is a cavilar na nosa viaxe a galicia deste ver\u00e1n, nunhas vacaci\u00f3ns sen medo.<\/p>\n\n\n\n<p>Xa vos contara que na casa \u00e9 a mi\u00f1a parella, M\u00f3nica, a que leva sobre a s\u00faas costas a abafante tarefa de facer as maletas para cada un de n\u00f3s, sen deixar a ningu\u00e9n sen unha muda de cambio.<\/p>\n\n\n\n<p>Supo\u00f1o que este ver\u00e1n xa non teremos que nos agochar entre as sombras da noite para bicarnos cos nosos amigos mentras compartimos o derradeiro grolo dunha botella de vi\u00f1o.<\/p>\n\n\n\n<p>Xa non haber\u00e1 distancia de seguridade entre os beizos do meu ben querido amigo Bernardo e a mi\u00f1a orella m\u00e1is al\u00f3 da media noite. O certo \u00e9 que nin o ano pasado tampouco, e aqu\u00ed estamos.<\/p>\n\n\n\n<p>\u00d3 cheg\u00e1rmonos \u00e1 casa dos meus pais tampouco haber\u00e1 medo nen d\u00fabidas de cruzar o limiar da porta para recoller cos nosos brazos o tempo perdido, o tempo roubado.<\/p>\n\n\n\n<p>Se cadra, este ver\u00e1n, imos perderlle o medo a vida, coma adoitabamos facer cando eramos cativos.<\/p>\n\n\n\n<p>Este ver\u00e1n voltaremos a ese recuncho da vida que xamais debemos deixar atr\u00e1s.<\/p>\n\n\n\n<p>Coma d\u00ed o meu amigo e poeta vasco Juan Manuel Ur\u00eda Iriarte, no seu libro, \u201cInfancia es lugar\u201d;<\/p>\n\n\n\n<p>\u201cNese espacio houbo algu\u00e9n. \u00bfHai algu\u00e9n? No caso de que houbera algu\u00e9n, d\u00edganlle que me lembro, que sigo aqui\u201d.<\/p>\n\n\n\n<p>Por certo, ning\u00fan efecto secundario, polo de agora, da Frizer, Fraiser, Faizer, como cona se diga.<\/p>\n","protected":false},"excerpt":{"rendered":"<div class=\"mh-excerpt\"><p>Hai uns d\u00edas xa me puxeron a primeira dose dunha das vacinas contra o Covid, a Fizer, Fraiser, Faizer ou como cona se diga. Pasados vinteun d\u00edas, nin un m\u00e1is, nin un menos, vir\u00e1 a segunda dose, e polo de agora, a derradeira ata que as autoridades sanit\u00e1rias cambien de parecer. <a class=\"mh-excerpt-more\" href=\"https:\/\/www.anovapeneira.gal\/index.php\/2021\/06\/24\/frizer-faizer-fraizer\/\" title=\"Frizer, Faizer, Fraizer.\">[&#8230;]<\/a><\/p>\n<\/div>","protected":false},"author":2,"featured_media":584,"comment_status":"open","ping_status":"open","sticky":false,"template":"","format":"standard","meta":{"_exactmetrics_skip_tracking":false,"_exactmetrics_sitenote_active":false,"_exactmetrics_sitenote_note":"","_exactmetrics_sitenote_category":0,"footnotes":""},"categories":[7],"tags":[1260],"class_list":{"0":"post-5649","1":"post","2":"type-post","3":"status-publish","4":"format-standard","5":"has-post-thumbnail","7":"category-artigos-de-opinion","8":"tag-covid"},"yoast_head":"<!-- This site is optimized with the Yoast SEO plugin v27.4 - https:\/\/yoast.com\/product\/yoast-seo-wordpress\/ -->\n<title>Frizer, Faizer, Fraizer. -<\/title>\n<meta name=\"description\" content=\"Hai uns d\u00edas xa me puxeron a primeira dose dunha das vacinas contra o Covid, a Fizer, Fraiser, Faizer ou como cona se diga. Pasados vinteun d\u00edas, nin un m\u00e1is, nin un menos, vir\u00e1 a segunda dose, e polo de agora, a derradeira ata que as autoridades sanit\u00e1rias cambien de parecer.\" \/>\n<meta name=\"robots\" content=\"index, follow, max-snippet:-1, max-image-preview:large, max-video-preview:-1\" \/>\n<link rel=\"canonical\" href=\"https:\/\/www.anovapeneira.gal\/index.php\/2021\/06\/24\/frizer-faizer-fraizer\/\" \/>\n<meta property=\"og:locale\" content=\"gl_ES\" \/>\n<meta property=\"og:type\" content=\"article\" \/>\n<meta property=\"og:title\" content=\"Frizer, Faizer, Fraizer. -\" \/>\n<meta property=\"og:description\" content=\"Hai uns d\u00edas xa me puxeron a primeira dose dunha das vacinas contra o Covid, a Fizer, Fraiser, Faizer ou como cona se diga. Pasados vinteun d\u00edas, nin un m\u00e1is, nin un menos, vir\u00e1 a segunda dose, e polo de agora, a derradeira ata que as autoridades sanit\u00e1rias cambien de parecer.\" \/>\n<meta property=\"og:url\" content=\"https:\/\/www.anovapeneira.gal\/index.php\/2021\/06\/24\/frizer-faizer-fraizer\/\" \/>\n<meta property=\"article:publisher\" content=\"https:\/\/www.facebook.com\/anovapeneira\" \/>\n<meta property=\"article:published_time\" content=\"2021-06-24T08:00:42+00:00\" \/>\n<meta property=\"article:modified_time\" content=\"2021-06-24T16:43:55+00:00\" \/>\n<meta property=\"og:image\" content=\"https:\/\/www.anovapeneira.gal\/wp-content\/uploads\/2019\/07\/ARTIGO_DE_OPINION_A_NOVA_PENEIRA.jpg\" \/>\n\t<meta property=\"og:image:width\" content=\"720\" \/>\n\t<meta property=\"og:image:height\" content=\"473\" \/>\n\t<meta property=\"og:image:type\" content=\"image\/jpeg\" \/>\n<meta name=\"author\" content=\"Tino Lago\" \/>\n<meta name=\"twitter:card\" content=\"summary_large_image\" \/>\n<meta name=\"twitter:image\" content=\"https:\/\/www.anovapeneira.gal\/wp-content\/uploads\/2019\/07\/ARTIGO_DE_OPINION_A_NOVA_PENEIRA.jpg\" \/>\n<meta name=\"twitter:creator\" content=\"@APeneira\" \/>\n<meta name=\"twitter:site\" content=\"@APeneira\" \/>\n<meta name=\"twitter:label1\" content=\"Escrito por\" \/>\n\t<meta name=\"twitter:data1\" content=\"Tino Lago\" \/>\n\t<meta name=\"twitter:label2\" content=\"Tempo de lectura\" \/>\n\t<meta name=\"twitter:data2\" content=\"3 minutos\" \/>\n<script type=\"application\/ld+json\" class=\"yoast-schema-graph\">{\"@context\":\"https:\\\/\\\/schema.org\",\"@graph\":[{\"@type\":\"Article\",\"@id\":\"https:\\\/\\\/www.anovapeneira.gal\\\/index.php\\\/2021\\\/06\\\/24\\\/frizer-faizer-fraizer\\\/#article\",\"isPartOf\":{\"@id\":\"https:\\\/\\\/www.anovapeneira.gal\\\/index.php\\\/2021\\\/06\\\/24\\\/frizer-faizer-fraizer\\\/\"},\"author\":{\"name\":\"Tino Lago\",\"@id\":\"https:\\\/\\\/www.anovapeneira.gal\\\/#\\\/schema\\\/person\\\/424dfe65e3070fd8a44d22d2c088762a\"},\"headline\":\"Frizer, Faizer, Fraizer.\",\"datePublished\":\"2021-06-24T08:00:42+00:00\",\"dateModified\":\"2021-06-24T16:43:55+00:00\",\"mainEntityOfPage\":{\"@id\":\"https:\\\/\\\/www.anovapeneira.gal\\\/index.php\\\/2021\\\/06\\\/24\\\/frizer-faizer-fraizer\\\/\"},\"wordCount\":567,\"commentCount\":0,\"publisher\":{\"@id\":\"https:\\\/\\\/www.anovapeneira.gal\\\/#organization\"},\"image\":{\"@id\":\"https:\\\/\\\/www.anovapeneira.gal\\\/index.php\\\/2021\\\/06\\\/24\\\/frizer-faizer-fraizer\\\/#primaryimage\"},\"thumbnailUrl\":\"https:\\\/\\\/www.anovapeneira.gal\\\/wp-content\\\/uploads\\\/2019\\\/07\\\/ARTIGO_DE_OPINION_A_NOVA_PENEIRA.jpg\",\"keywords\":[\"Covid\"],\"articleSection\":[\"Artigos de opini\u00f3n\"],\"inLanguage\":\"gl-ES\",\"potentialAction\":[{\"@type\":\"CommentAction\",\"name\":\"Comment\",\"target\":[\"https:\\\/\\\/www.anovapeneira.gal\\\/index.php\\\/2021\\\/06\\\/24\\\/frizer-faizer-fraizer\\\/#respond\"]}]},{\"@type\":\"WebPage\",\"@id\":\"https:\\\/\\\/www.anovapeneira.gal\\\/index.php\\\/2021\\\/06\\\/24\\\/frizer-faizer-fraizer\\\/\",\"url\":\"https:\\\/\\\/www.anovapeneira.gal\\\/index.php\\\/2021\\\/06\\\/24\\\/frizer-faizer-fraizer\\\/\",\"name\":\"Frizer, Faizer, Fraizer. -\",\"isPartOf\":{\"@id\":\"https:\\\/\\\/www.anovapeneira.gal\\\/#website\"},\"primaryImageOfPage\":{\"@id\":\"https:\\\/\\\/www.anovapeneira.gal\\\/index.php\\\/2021\\\/06\\\/24\\\/frizer-faizer-fraizer\\\/#primaryimage\"},\"image\":{\"@id\":\"https:\\\/\\\/www.anovapeneira.gal\\\/index.php\\\/2021\\\/06\\\/24\\\/frizer-faizer-fraizer\\\/#primaryimage\"},\"thumbnailUrl\":\"https:\\\/\\\/www.anovapeneira.gal\\\/wp-content\\\/uploads\\\/2019\\\/07\\\/ARTIGO_DE_OPINION_A_NOVA_PENEIRA.jpg\",\"datePublished\":\"2021-06-24T08:00:42+00:00\",\"dateModified\":\"2021-06-24T16:43:55+00:00\",\"description\":\"Hai uns d\u00edas xa me puxeron a primeira dose dunha das vacinas contra o Covid, a Fizer, Fraiser, Faizer ou como cona se diga. Pasados vinteun d\u00edas, nin un m\u00e1is, nin un menos, vir\u00e1 a segunda dose, e polo de agora, a derradeira ata que as autoridades sanit\u00e1rias cambien de parecer.\",\"breadcrumb\":{\"@id\":\"https:\\\/\\\/www.anovapeneira.gal\\\/index.php\\\/2021\\\/06\\\/24\\\/frizer-faizer-fraizer\\\/#breadcrumb\"},\"inLanguage\":\"gl-ES\",\"potentialAction\":[{\"@type\":\"ReadAction\",\"target\":[\"https:\\\/\\\/www.anovapeneira.gal\\\/index.php\\\/2021\\\/06\\\/24\\\/frizer-faizer-fraizer\\\/\"]}]},{\"@type\":\"ImageObject\",\"inLanguage\":\"gl-ES\",\"@id\":\"https:\\\/\\\/www.anovapeneira.gal\\\/index.php\\\/2021\\\/06\\\/24\\\/frizer-faizer-fraizer\\\/#primaryimage\",\"url\":\"https:\\\/\\\/www.anovapeneira.gal\\\/wp-content\\\/uploads\\\/2019\\\/07\\\/ARTIGO_DE_OPINION_A_NOVA_PENEIRA.jpg\",\"contentUrl\":\"https:\\\/\\\/www.anovapeneira.gal\\\/wp-content\\\/uploads\\\/2019\\\/07\\\/ARTIGO_DE_OPINION_A_NOVA_PENEIRA.jpg\",\"width\":720,\"height\":473,\"caption\":\"Artigo de opini\u00f3n A Nova Peneira\"},{\"@type\":\"BreadcrumbList\",\"@id\":\"https:\\\/\\\/www.anovapeneira.gal\\\/index.php\\\/2021\\\/06\\\/24\\\/frizer-faizer-fraizer\\\/#breadcrumb\",\"itemListElement\":[{\"@type\":\"ListItem\",\"position\":1,\"name\":\"Portada\",\"item\":\"https:\\\/\\\/www.anovapeneira.gal\\\/\"},{\"@type\":\"ListItem\",\"position\":2,\"name\":\"Frizer, Faizer, Fraizer.\"}]},{\"@type\":\"WebSite\",\"@id\":\"https:\\\/\\\/www.anovapeneira.gal\\\/#website\",\"url\":\"https:\\\/\\\/www.anovapeneira.gal\\\/\",\"name\":\"\",\"description\":\"Xornal galego de informaci\u00f3n xeral Publicaci\u00f3n mensual de novas de Galicia e en especial dos Concellos da sur da provincia de Pontevedra.\",\"publisher\":{\"@id\":\"https:\\\/\\\/www.anovapeneira.gal\\\/#organization\"},\"potentialAction\":[{\"@type\":\"SearchAction\",\"target\":{\"@type\":\"EntryPoint\",\"urlTemplate\":\"https:\\\/\\\/www.anovapeneira.gal\\\/?s={search_term_string}\"},\"query-input\":{\"@type\":\"PropertyValueSpecification\",\"valueRequired\":true,\"valueName\":\"search_term_string\"}}],\"inLanguage\":\"gl-ES\"},{\"@type\":\"Organization\",\"@id\":\"https:\\\/\\\/www.anovapeneira.gal\\\/#organization\",\"name\":\"A Nova Peneira\",\"url\":\"https:\\\/\\\/www.anovapeneira.gal\\\/\",\"logo\":{\"@type\":\"ImageObject\",\"inLanguage\":\"gl-ES\",\"@id\":\"https:\\\/\\\/www.anovapeneira.gal\\\/#\\\/schema\\\/logo\\\/image\\\/\",\"url\":\"http:\\\/\\\/www.anovapeneira.gal\\\/wp-content\\\/uploads\\\/2019\\\/06\\\/logo_a_nova_peneira_portal_web.png\",\"contentUrl\":\"http:\\\/\\\/www.anovapeneira.gal\\\/wp-content\\\/uploads\\\/2019\\\/06\\\/logo_a_nova_peneira_portal_web.png\",\"width\":300,\"height\":100,\"caption\":\"A Nova Peneira\"},\"image\":{\"@id\":\"https:\\\/\\\/www.anovapeneira.gal\\\/#\\\/schema\\\/logo\\\/image\\\/\"},\"sameAs\":[\"https:\\\/\\\/www.facebook.com\\\/anovapeneira\",\"https:\\\/\\\/x.com\\\/APeneira\"]},{\"@type\":\"Person\",\"@id\":\"https:\\\/\\\/www.anovapeneira.gal\\\/#\\\/schema\\\/person\\\/424dfe65e3070fd8a44d22d2c088762a\",\"name\":\"Tino Lago\",\"image\":{\"@type\":\"ImageObject\",\"inLanguage\":\"gl-ES\",\"@id\":\"https:\\\/\\\/secure.gravatar.com\\\/avatar\\\/b3df6a06e44bab3111583b90f0f33a0379ee5e3d22cbadd232d39f21c30c62be?s=96&d=mm&r=g\",\"url\":\"https:\\\/\\\/secure.gravatar.com\\\/avatar\\\/b3df6a06e44bab3111583b90f0f33a0379ee5e3d22cbadd232d39f21c30c62be?s=96&d=mm&r=g\",\"contentUrl\":\"https:\\\/\\\/secure.gravatar.com\\\/avatar\\\/b3df6a06e44bab3111583b90f0f33a0379ee5e3d22cbadd232d39f21c30c62be?s=96&d=mm&r=g\",\"caption\":\"Tino Lago\"},\"sameAs\":[\"http:\\\/\\\/www.anovapeneira.gal\"],\"url\":\"https:\\\/\\\/www.anovapeneira.gal\\\/index.php\\\/author\\\/director\\\/\"}]}<\/script>\n<!-- \/ Yoast SEO plugin. -->","yoast_head_json":{"title":"Frizer, Faizer, Fraizer. -","description":"Hai uns d\u00edas xa me puxeron a primeira dose dunha das vacinas contra o Covid, a Fizer, Fraiser, Faizer ou como cona se diga. Pasados vinteun d\u00edas, nin un m\u00e1is, nin un menos, vir\u00e1 a segunda dose, e polo de agora, a derradeira ata que as autoridades sanit\u00e1rias cambien de parecer.","robots":{"index":"index","follow":"follow","max-snippet":"max-snippet:-1","max-image-preview":"max-image-preview:large","max-video-preview":"max-video-preview:-1"},"canonical":"https:\/\/www.anovapeneira.gal\/index.php\/2021\/06\/24\/frizer-faizer-fraizer\/","og_locale":"gl_ES","og_type":"article","og_title":"Frizer, Faizer, Fraizer. -","og_description":"Hai uns d\u00edas xa me puxeron a primeira dose dunha das vacinas contra o Covid, a Fizer, Fraiser, Faizer ou como cona se diga. Pasados vinteun d\u00edas, nin un m\u00e1is, nin un menos, vir\u00e1 a segunda dose, e polo de agora, a derradeira ata que as autoridades sanit\u00e1rias cambien de parecer.","og_url":"https:\/\/www.anovapeneira.gal\/index.php\/2021\/06\/24\/frizer-faizer-fraizer\/","article_publisher":"https:\/\/www.facebook.com\/anovapeneira","article_published_time":"2021-06-24T08:00:42+00:00","article_modified_time":"2021-06-24T16:43:55+00:00","og_image":[{"width":720,"height":473,"url":"https:\/\/www.anovapeneira.gal\/wp-content\/uploads\/2019\/07\/ARTIGO_DE_OPINION_A_NOVA_PENEIRA.jpg","type":"image\/jpeg"}],"author":"Tino Lago","twitter_card":"summary_large_image","twitter_image":"https:\/\/www.anovapeneira.gal\/wp-content\/uploads\/2019\/07\/ARTIGO_DE_OPINION_A_NOVA_PENEIRA.jpg","twitter_creator":"@APeneira","twitter_site":"@APeneira","twitter_misc":{"Escrito por":"Tino Lago","Tempo de lectura":"3 minutos"},"schema":{"@context":"https:\/\/schema.org","@graph":[{"@type":"Article","@id":"https:\/\/www.anovapeneira.gal\/index.php\/2021\/06\/24\/frizer-faizer-fraizer\/#article","isPartOf":{"@id":"https:\/\/www.anovapeneira.gal\/index.php\/2021\/06\/24\/frizer-faizer-fraizer\/"},"author":{"name":"Tino Lago","@id":"https:\/\/www.anovapeneira.gal\/#\/schema\/person\/424dfe65e3070fd8a44d22d2c088762a"},"headline":"Frizer, Faizer, Fraizer.","datePublished":"2021-06-24T08:00:42+00:00","dateModified":"2021-06-24T16:43:55+00:00","mainEntityOfPage":{"@id":"https:\/\/www.anovapeneira.gal\/index.php\/2021\/06\/24\/frizer-faizer-fraizer\/"},"wordCount":567,"commentCount":0,"publisher":{"@id":"https:\/\/www.anovapeneira.gal\/#organization"},"image":{"@id":"https:\/\/www.anovapeneira.gal\/index.php\/2021\/06\/24\/frizer-faizer-fraizer\/#primaryimage"},"thumbnailUrl":"https:\/\/www.anovapeneira.gal\/wp-content\/uploads\/2019\/07\/ARTIGO_DE_OPINION_A_NOVA_PENEIRA.jpg","keywords":["Covid"],"articleSection":["Artigos de opini\u00f3n"],"inLanguage":"gl-ES","potentialAction":[{"@type":"CommentAction","name":"Comment","target":["https:\/\/www.anovapeneira.gal\/index.php\/2021\/06\/24\/frizer-faizer-fraizer\/#respond"]}]},{"@type":"WebPage","@id":"https:\/\/www.anovapeneira.gal\/index.php\/2021\/06\/24\/frizer-faizer-fraizer\/","url":"https:\/\/www.anovapeneira.gal\/index.php\/2021\/06\/24\/frizer-faizer-fraizer\/","name":"Frizer, Faizer, Fraizer. -","isPartOf":{"@id":"https:\/\/www.anovapeneira.gal\/#website"},"primaryImageOfPage":{"@id":"https:\/\/www.anovapeneira.gal\/index.php\/2021\/06\/24\/frizer-faizer-fraizer\/#primaryimage"},"image":{"@id":"https:\/\/www.anovapeneira.gal\/index.php\/2021\/06\/24\/frizer-faizer-fraizer\/#primaryimage"},"thumbnailUrl":"https:\/\/www.anovapeneira.gal\/wp-content\/uploads\/2019\/07\/ARTIGO_DE_OPINION_A_NOVA_PENEIRA.jpg","datePublished":"2021-06-24T08:00:42+00:00","dateModified":"2021-06-24T16:43:55+00:00","description":"Hai uns d\u00edas xa me puxeron a primeira dose dunha das vacinas contra o Covid, a Fizer, Fraiser, Faizer ou como cona se diga. Pasados vinteun d\u00edas, nin un m\u00e1is, nin un menos, vir\u00e1 a segunda dose, e polo de agora, a derradeira ata que as autoridades sanit\u00e1rias cambien de parecer.","breadcrumb":{"@id":"https:\/\/www.anovapeneira.gal\/index.php\/2021\/06\/24\/frizer-faizer-fraizer\/#breadcrumb"},"inLanguage":"gl-ES","potentialAction":[{"@type":"ReadAction","target":["https:\/\/www.anovapeneira.gal\/index.php\/2021\/06\/24\/frizer-faizer-fraizer\/"]}]},{"@type":"ImageObject","inLanguage":"gl-ES","@id":"https:\/\/www.anovapeneira.gal\/index.php\/2021\/06\/24\/frizer-faizer-fraizer\/#primaryimage","url":"https:\/\/www.anovapeneira.gal\/wp-content\/uploads\/2019\/07\/ARTIGO_DE_OPINION_A_NOVA_PENEIRA.jpg","contentUrl":"https:\/\/www.anovapeneira.gal\/wp-content\/uploads\/2019\/07\/ARTIGO_DE_OPINION_A_NOVA_PENEIRA.jpg","width":720,"height":473,"caption":"Artigo de opini\u00f3n A Nova Peneira"},{"@type":"BreadcrumbList","@id":"https:\/\/www.anovapeneira.gal\/index.php\/2021\/06\/24\/frizer-faizer-fraizer\/#breadcrumb","itemListElement":[{"@type":"ListItem","position":1,"name":"Portada","item":"https:\/\/www.anovapeneira.gal\/"},{"@type":"ListItem","position":2,"name":"Frizer, Faizer, Fraizer."}]},{"@type":"WebSite","@id":"https:\/\/www.anovapeneira.gal\/#website","url":"https:\/\/www.anovapeneira.gal\/","name":"","description":"Xornal galego de informaci\u00f3n xeral Publicaci\u00f3n mensual de novas de Galicia e en especial dos Concellos da sur da provincia de Pontevedra.","publisher":{"@id":"https:\/\/www.anovapeneira.gal\/#organization"},"potentialAction":[{"@type":"SearchAction","target":{"@type":"EntryPoint","urlTemplate":"https:\/\/www.anovapeneira.gal\/?s={search_term_string}"},"query-input":{"@type":"PropertyValueSpecification","valueRequired":true,"valueName":"search_term_string"}}],"inLanguage":"gl-ES"},{"@type":"Organization","@id":"https:\/\/www.anovapeneira.gal\/#organization","name":"A Nova Peneira","url":"https:\/\/www.anovapeneira.gal\/","logo":{"@type":"ImageObject","inLanguage":"gl-ES","@id":"https:\/\/www.anovapeneira.gal\/#\/schema\/logo\/image\/","url":"http:\/\/www.anovapeneira.gal\/wp-content\/uploads\/2019\/06\/logo_a_nova_peneira_portal_web.png","contentUrl":"http:\/\/www.anovapeneira.gal\/wp-content\/uploads\/2019\/06\/logo_a_nova_peneira_portal_web.png","width":300,"height":100,"caption":"A Nova Peneira"},"image":{"@id":"https:\/\/www.anovapeneira.gal\/#\/schema\/logo\/image\/"},"sameAs":["https:\/\/www.facebook.com\/anovapeneira","https:\/\/x.com\/APeneira"]},{"@type":"Person","@id":"https:\/\/www.anovapeneira.gal\/#\/schema\/person\/424dfe65e3070fd8a44d22d2c088762a","name":"Tino Lago","image":{"@type":"ImageObject","inLanguage":"gl-ES","@id":"https:\/\/secure.gravatar.com\/avatar\/b3df6a06e44bab3111583b90f0f33a0379ee5e3d22cbadd232d39f21c30c62be?s=96&d=mm&r=g","url":"https:\/\/secure.gravatar.com\/avatar\/b3df6a06e44bab3111583b90f0f33a0379ee5e3d22cbadd232d39f21c30c62be?s=96&d=mm&r=g","contentUrl":"https:\/\/secure.gravatar.com\/avatar\/b3df6a06e44bab3111583b90f0f33a0379ee5e3d22cbadd232d39f21c30c62be?s=96&d=mm&r=g","caption":"Tino Lago"},"sameAs":["http:\/\/www.anovapeneira.gal"],"url":"https:\/\/www.anovapeneira.gal\/index.php\/author\/director\/"}]}},"jetpack_featured_media_url":"https:\/\/www.anovapeneira.gal\/wp-content\/uploads\/2019\/07\/ARTIGO_DE_OPINION_A_NOVA_PENEIRA.jpg","_links":{"self":[{"href":"https:\/\/www.anovapeneira.gal\/index.php\/wp-json\/wp\/v2\/posts\/5649","targetHints":{"allow":["GET"]}}],"collection":[{"href":"https:\/\/www.anovapeneira.gal\/index.php\/wp-json\/wp\/v2\/posts"}],"about":[{"href":"https:\/\/www.anovapeneira.gal\/index.php\/wp-json\/wp\/v2\/types\/post"}],"author":[{"embeddable":true,"href":"https:\/\/www.anovapeneira.gal\/index.php\/wp-json\/wp\/v2\/users\/2"}],"replies":[{"embeddable":true,"href":"https:\/\/www.anovapeneira.gal\/index.php\/wp-json\/wp\/v2\/comments?post=5649"}],"version-history":[{"count":2,"href":"https:\/\/www.anovapeneira.gal\/index.php\/wp-json\/wp\/v2\/posts\/5649\/revisions"}],"predecessor-version":[{"id":5679,"href":"https:\/\/www.anovapeneira.gal\/index.php\/wp-json\/wp\/v2\/posts\/5649\/revisions\/5679"}],"wp:featuredmedia":[{"embeddable":true,"href":"https:\/\/www.anovapeneira.gal\/index.php\/wp-json\/wp\/v2\/media\/584"}],"wp:attachment":[{"href":"https:\/\/www.anovapeneira.gal\/index.php\/wp-json\/wp\/v2\/media?parent=5649"}],"wp:term":[{"taxonomy":"category","embeddable":true,"href":"https:\/\/www.anovapeneira.gal\/index.php\/wp-json\/wp\/v2\/categories?post=5649"},{"taxonomy":"post_tag","embeddable":true,"href":"https:\/\/www.anovapeneira.gal\/index.php\/wp-json\/wp\/v2\/tags?post=5649"}],"curies":[{"name":"wp","href":"https:\/\/api.w.org\/{rel}","templated":true}]}}