{"id":565,"date":"2019-07-23T23:06:23","date_gmt":"2019-07-23T21:06:23","guid":{"rendered":"http:\/\/www.anovapeneira.gal\/?p=565"},"modified":"2019-07-24T08:27:14","modified_gmt":"2019-07-24T06:27:14","slug":"festa-da-langosta-de-a-guarda","status":"publish","type":"post","link":"https:\/\/www.anovapeneira.gal\/index.php\/2019\/07\/23\/festa-da-langosta-de-a-guarda\/","title":{"rendered":"Festa da langosta de A Guarda"},"content":{"rendered":"\n<p><strong>Os\nMeninos pecharon 3 d\u00edas de festa na Guarda entorno \u00e1 Langosta e \u00e1\nCoci\u00f1a Mari\u00f1eira<\/strong><\/p>\n\n\n\n<p>\n\tA\nGuarda acolleu esta fin de semana a XXIX edici\u00f3n da Festa da\nLangosta e da Coci\u00f1a Mari\u00f1eira, un evento gastron\u00f3mico que\ncongrega a milleiros de persoas no Porto da Guarda e no que se\ndegustaron ademais moitos pratos da Coci\u00f1a Mari\u00f1eira. En canto ao\naspecto gastron\u00f3mico, a XXIX edici\u00f3n da Festa da Langosta e da\nCoci\u00f1a Mari\u00f1eira contou con 24 pratos da Coci\u00f1a Mari\u00f1eira\nencabezados pola Langosta, que ti\u00f1a un prezo de 25\u20ac.<\/p>\n\n\n\n<p>\nContouse\nademais con outros pratos como percebes, calamares, croquetas,\nempanadas, navallas, polbo, entre outros. Para a sobremesa un postre\nespecial, a Rosca de Xema, acompa\u00f1ada tam\u00e9n dos bos caldos da D.O\nR\u00edas Baixas.<\/p>\n\n\n\n<p>\nA\nxornada do domingo da XXIX Festa da Langosta e da Coci\u00f1a Mari\u00f1eira\narrancaba coa amenizaci\u00f3n musical do grupo O Treb\u00f3n dos Xidos e\nposterior pasarr\u00faas musical para nenos coa gamela guardesa.<\/p>\n\n\n\n<p>\nCara\nao mediod\u00eda continuaba a xornada cun concerto ac\u00fastico do grupo\nAwen e os comensais comezaban a encher por terceiro d\u00eda a carpa\nhabilitada no Porto para a ocasi\u00f3n.<\/p>\n\n\n\n<p>\nPola\ntarde houbo nesta xornada inchables acu\u00e1ticos para os m\u00e1is cativos,\ncongregando a m\u00e1is dun cento de rapaces e rapazas.<\/p>\n\n\n\n<p>\nTam\u00e9n\npola tarde celebrouse unha actuaci\u00f3n infantil de Pako Pakolas co seu\nespect\u00e1culo \u00abContos, Cores e Rock\u00b4n\u00b4roll\u00bb.<\/p>\n\n\n\n<p>\nE\nxa para pechar esta XXIX edici\u00f3n, e como ven sendo habitual,\ncelebrouse unha noite de fados coa actuaci\u00f3n de Os Meninos,\ntradici\u00f3n e modernidade no mundo da m\u00fasica portuguesa.<\/p>\n\n\n\n<p>\nA\nXXIX edici\u00f3n da Festa da Langosta e da Coci\u00f1a Mari\u00f1eira puxo o seu\npunto final a unha nova edici\u00f3n cargada de actividades e, sobre\ntodo, boa gastronom\u00eda que propiciou unha excelente acollida de\ncomensais, provenientes de toda a pen\u00ednsula, que non quixeron deixar\npasar esta oportunidade para degustar os 24 pratos ofertados.<\/p>\n\n\n\n<p>\nSegundo\ndatos recollidos dos restauradores participantes, en total serv\u00edronse\npreto de 500kg de langosta nos 3 d\u00edas de duraci\u00f3n desta edici\u00f3n,\ndestacando a masiva afluencia de comensais o que provocou que se\nsuperaran novamente as previsi\u00f3ns e se esgotasen moitos dos 24\npratos ofertados.<\/p>\n\n\n\n<p>\nA\nGuarda despide a XXIX edici\u00f3n da Festa da Langosta e da Coci\u00f1a coma\nun evento plenamente consolidado, dando xa a benvida tam\u00e9n ao XIV\nEncontro de Embarcaci\u00f3ns Tradicionais de Galicia, que se celebra do\n11 ao 14 de xullo. Precisamente este mediod\u00eda fac\u00edan a s\u00faa chegada\nboa parte das embarcaci\u00f3ns que participan neste encontro, nun convoi\nque partiu dende as Illas C\u00edes, despois de navegar dende diferentes\npuntos da xeograf\u00eda galega.<\/p>\n","protected":false},"excerpt":{"rendered":"<div class=\"mh-excerpt\"><p> A Guarda acolleu esta fin de semana a XXIX edici\u00f3n da Festa da Langosta e da Coci\u00f1a Mari\u00f1eira, un evento gastron\u00f3mico que congrega a milleiros de persoas no Porto da Guarda e no que se degustaron ademais moitos pratos da Coci\u00f1a Mari\u00f1eira <a class=\"mh-excerpt-more\" href=\"https:\/\/www.anovapeneira.gal\/index.php\/2019\/07\/23\/festa-da-langosta-de-a-guarda\/\" title=\"Festa da langosta de A Guarda\">[&#8230;]<\/a><\/p>\n<\/div>","protected":false},"author":3,"featured_media":566,"comment_status":"open","ping_status":"open","sticky":false,"template":"","format":"standard","meta":{"_exactmetrics_skip_tracking":false,"_exactmetrics_sitenote_active":false,"_exactmetrics_sitenote_note":"","_exactmetrics_sitenote_category":0,"footnotes":""},"categories":[21],"tags":[239,238,237,29],"class_list":{"0":"post-565","1":"post","2":"type-post","3":"status-publish","4":"format-standard","5":"has-post-thumbnail","7":"category-baixo-mino","8":"tag-cocina-marineira","9":"tag-concello-da-guarda","10":"tag-festa-da-langosta","11":"tag-gastronomia"},"yoast_head":"<!-- This site is optimized with the Yoast SEO plugin v27.4 - https:\/\/yoast.com\/product\/yoast-seo-wordpress\/ -->\n<title>Festa da langosta de A Guarda -<\/title>\n<meta name=\"robots\" content=\"index, follow, max-snippet:-1, max-image-preview:large, max-video-preview:-1\" \/>\n<link rel=\"canonical\" href=\"https:\/\/www.anovapeneira.gal\/index.php\/2019\/07\/23\/festa-da-langosta-de-a-guarda\/\" \/>\n<meta property=\"og:locale\" content=\"gl_ES\" \/>\n<meta property=\"og:type\" content=\"article\" \/>\n<meta property=\"og:title\" content=\"Festa da langosta de A Guarda -\" \/>\n<meta property=\"og:description\" content=\"A Guarda acolleu esta fin de semana a XXIX edici\u00f3n da Festa da Langosta e da Coci\u00f1a Mari\u00f1eira, un evento gastron\u00f3mico que congrega a milleiros de persoas no Porto da Guarda e no que se degustaron ademais moitos pratos da Coci\u00f1a Mari\u00f1eira [...]\" \/>\n<meta property=\"og:url\" content=\"https:\/\/www.anovapeneira.gal\/index.php\/2019\/07\/23\/festa-da-langosta-de-a-guarda\/\" \/>\n<meta property=\"article:publisher\" content=\"https:\/\/www.facebook.com\/anovapeneira\" \/>\n<meta property=\"article:published_time\" content=\"2019-07-23T21:06:23+00:00\" \/>\n<meta property=\"article:modified_time\" content=\"2019-07-24T06:27:14+00:00\" \/>\n<meta property=\"og:image\" content=\"https:\/\/www.anovapeneira.gal\/wp-content\/uploads\/2019\/07\/A-Festa-da-Langosta-e-da-Cocin\u0303a-Marin\u0303eira-da-Guarda-premiada-na-IX-Edicio\u0301n-dos-Premios-Galicia.jpg\" \/>\n\t<meta property=\"og:image:width\" content=\"720\" \/>\n\t<meta property=\"og:image:height\" content=\"473\" \/>\n\t<meta property=\"og:image:type\" content=\"image\/jpeg\" \/>\n<meta name=\"author\" content=\"Redacci\u00f3n A Nova Peneira\" \/>\n<meta name=\"twitter:card\" content=\"summary_large_image\" \/>\n<meta name=\"twitter:creator\" content=\"@APeneira\" \/>\n<meta name=\"twitter:site\" content=\"@APeneira\" \/>\n<meta name=\"twitter:label1\" content=\"Escrito por\" \/>\n\t<meta name=\"twitter:data1\" content=\"Redacci\u00f3n A Nova Peneira\" \/>\n\t<meta name=\"twitter:label2\" content=\"Tempo de lectura\" \/>\n\t<meta name=\"twitter:data2\" content=\"2 minutos\" \/>\n<script type=\"application\/ld+json\" class=\"yoast-schema-graph\">{\"@context\":\"https:\\\/\\\/schema.org\",\"@graph\":[{\"@type\":\"Article\",\"@id\":\"https:\\\/\\\/www.anovapeneira.gal\\\/index.php\\\/2019\\\/07\\\/23\\\/festa-da-langosta-de-a-guarda\\\/#article\",\"isPartOf\":{\"@id\":\"https:\\\/\\\/www.anovapeneira.gal\\\/index.php\\\/2019\\\/07\\\/23\\\/festa-da-langosta-de-a-guarda\\\/\"},\"author\":{\"name\":\"Redacci\u00f3n A Nova Peneira\",\"@id\":\"https:\\\/\\\/www.anovapeneira.gal\\\/#\\\/schema\\\/person\\\/b93e3f8932e3f8da96334607eb6ac6aa\"},\"headline\":\"Festa da langosta de A Guarda\",\"datePublished\":\"2019-07-23T21:06:23+00:00\",\"dateModified\":\"2019-07-24T06:27:14+00:00\",\"mainEntityOfPage\":{\"@id\":\"https:\\\/\\\/www.anovapeneira.gal\\\/index.php\\\/2019\\\/07\\\/23\\\/festa-da-langosta-de-a-guarda\\\/\"},\"wordCount\":478,\"commentCount\":0,\"publisher\":{\"@id\":\"https:\\\/\\\/www.anovapeneira.gal\\\/#organization\"},\"image\":{\"@id\":\"https:\\\/\\\/www.anovapeneira.gal\\\/index.php\\\/2019\\\/07\\\/23\\\/festa-da-langosta-de-a-guarda\\\/#primaryimage\"},\"thumbnailUrl\":\"https:\\\/\\\/www.anovapeneira.gal\\\/wp-content\\\/uploads\\\/2019\\\/07\\\/A-Festa-da-Langosta-e-da-Cocin\u0303a-Marin\u0303eira-da-Guarda-premiada-na-IX-Edicio\u0301n-dos-Premios-Galicia.jpg\",\"keywords\":[\"Coci\u00f1a Mari\u00f1eira\",\"Concello da Guarda\",\"Festa da langosta\",\"gastronom\u00eda\"],\"articleSection\":[\"Baixo Mi\u00f1o\"],\"inLanguage\":\"gl-ES\",\"potentialAction\":[{\"@type\":\"CommentAction\",\"name\":\"Comment\",\"target\":[\"https:\\\/\\\/www.anovapeneira.gal\\\/index.php\\\/2019\\\/07\\\/23\\\/festa-da-langosta-de-a-guarda\\\/#respond\"]}]},{\"@type\":\"WebPage\",\"@id\":\"https:\\\/\\\/www.anovapeneira.gal\\\/index.php\\\/2019\\\/07\\\/23\\\/festa-da-langosta-de-a-guarda\\\/\",\"url\":\"https:\\\/\\\/www.anovapeneira.gal\\\/index.php\\\/2019\\\/07\\\/23\\\/festa-da-langosta-de-a-guarda\\\/\",\"name\":\"Festa da langosta de A Guarda -\",\"isPartOf\":{\"@id\":\"https:\\\/\\\/www.anovapeneira.gal\\\/#website\"},\"primaryImageOfPage\":{\"@id\":\"https:\\\/\\\/www.anovapeneira.gal\\\/index.php\\\/2019\\\/07\\\/23\\\/festa-da-langosta-de-a-guarda\\\/#primaryimage\"},\"image\":{\"@id\":\"https:\\\/\\\/www.anovapeneira.gal\\\/index.php\\\/2019\\\/07\\\/23\\\/festa-da-langosta-de-a-guarda\\\/#primaryimage\"},\"thumbnailUrl\":\"https:\\\/\\\/www.anovapeneira.gal\\\/wp-content\\\/uploads\\\/2019\\\/07\\\/A-Festa-da-Langosta-e-da-Cocin\u0303a-Marin\u0303eira-da-Guarda-premiada-na-IX-Edicio\u0301n-dos-Premios-Galicia.jpg\",\"datePublished\":\"2019-07-23T21:06:23+00:00\",\"dateModified\":\"2019-07-24T06:27:14+00:00\",\"breadcrumb\":{\"@id\":\"https:\\\/\\\/www.anovapeneira.gal\\\/index.php\\\/2019\\\/07\\\/23\\\/festa-da-langosta-de-a-guarda\\\/#breadcrumb\"},\"inLanguage\":\"gl-ES\",\"potentialAction\":[{\"@type\":\"ReadAction\",\"target\":[\"https:\\\/\\\/www.anovapeneira.gal\\\/index.php\\\/2019\\\/07\\\/23\\\/festa-da-langosta-de-a-guarda\\\/\"]}]},{\"@type\":\"ImageObject\",\"inLanguage\":\"gl-ES\",\"@id\":\"https:\\\/\\\/www.anovapeneira.gal\\\/index.php\\\/2019\\\/07\\\/23\\\/festa-da-langosta-de-a-guarda\\\/#primaryimage\",\"url\":\"https:\\\/\\\/www.anovapeneira.gal\\\/wp-content\\\/uploads\\\/2019\\\/07\\\/A-Festa-da-Langosta-e-da-Cocin\u0303a-Marin\u0303eira-da-Guarda-premiada-na-IX-Edicio\u0301n-dos-Premios-Galicia.jpg\",\"contentUrl\":\"https:\\\/\\\/www.anovapeneira.gal\\\/wp-content\\\/uploads\\\/2019\\\/07\\\/A-Festa-da-Langosta-e-da-Cocin\u0303a-Marin\u0303eira-da-Guarda-premiada-na-IX-Edicio\u0301n-dos-Premios-Galicia.jpg\",\"width\":720,\"height\":473,\"caption\":\"A Festa da langosta e da coci\u00f1a mari\u00f1eira da Guarda A Nova Peneira\"},{\"@type\":\"BreadcrumbList\",\"@id\":\"https:\\\/\\\/www.anovapeneira.gal\\\/index.php\\\/2019\\\/07\\\/23\\\/festa-da-langosta-de-a-guarda\\\/#breadcrumb\",\"itemListElement\":[{\"@type\":\"ListItem\",\"position\":1,\"name\":\"Portada\",\"item\":\"https:\\\/\\\/www.anovapeneira.gal\\\/\"},{\"@type\":\"ListItem\",\"position\":2,\"name\":\"Festa da langosta de A Guarda\"}]},{\"@type\":\"WebSite\",\"@id\":\"https:\\\/\\\/www.anovapeneira.gal\\\/#website\",\"url\":\"https:\\\/\\\/www.anovapeneira.gal\\\/\",\"name\":\"\",\"description\":\"Xornal galego de informaci\u00f3n xeral Publicaci\u00f3n mensual de novas de Galicia e en especial dos Concellos da sur da provincia de Pontevedra.\",\"publisher\":{\"@id\":\"https:\\\/\\\/www.anovapeneira.gal\\\/#organization\"},\"potentialAction\":[{\"@type\":\"SearchAction\",\"target\":{\"@type\":\"EntryPoint\",\"urlTemplate\":\"https:\\\/\\\/www.anovapeneira.gal\\\/?s={search_term_string}\"},\"query-input\":{\"@type\":\"PropertyValueSpecification\",\"valueRequired\":true,\"valueName\":\"search_term_string\"}}],\"inLanguage\":\"gl-ES\"},{\"@type\":\"Organization\",\"@id\":\"https:\\\/\\\/www.anovapeneira.gal\\\/#organization\",\"name\":\"A Nova Peneira\",\"url\":\"https:\\\/\\\/www.anovapeneira.gal\\\/\",\"logo\":{\"@type\":\"ImageObject\",\"inLanguage\":\"gl-ES\",\"@id\":\"https:\\\/\\\/www.anovapeneira.gal\\\/#\\\/schema\\\/logo\\\/image\\\/\",\"url\":\"http:\\\/\\\/www.anovapeneira.gal\\\/wp-content\\\/uploads\\\/2019\\\/06\\\/logo_a_nova_peneira_portal_web.png\",\"contentUrl\":\"http:\\\/\\\/www.anovapeneira.gal\\\/wp-content\\\/uploads\\\/2019\\\/06\\\/logo_a_nova_peneira_portal_web.png\",\"width\":300,\"height\":100,\"caption\":\"A Nova Peneira\"},\"image\":{\"@id\":\"https:\\\/\\\/www.anovapeneira.gal\\\/#\\\/schema\\\/logo\\\/image\\\/\"},\"sameAs\":[\"https:\\\/\\\/www.facebook.com\\\/anovapeneira\",\"https:\\\/\\\/x.com\\\/APeneira\"]},{\"@type\":\"Person\",\"@id\":\"https:\\\/\\\/www.anovapeneira.gal\\\/#\\\/schema\\\/person\\\/b93e3f8932e3f8da96334607eb6ac6aa\",\"name\":\"Redacci\u00f3n A Nova Peneira\",\"image\":{\"@type\":\"ImageObject\",\"inLanguage\":\"gl-ES\",\"@id\":\"https:\\\/\\\/secure.gravatar.com\\\/avatar\\\/c052a2551a06e23fac63626232eaa90abd78dbcf1700fc46a2b2c89fd27b735f?s=96&d=mm&r=g\",\"url\":\"https:\\\/\\\/secure.gravatar.com\\\/avatar\\\/c052a2551a06e23fac63626232eaa90abd78dbcf1700fc46a2b2c89fd27b735f?s=96&d=mm&r=g\",\"contentUrl\":\"https:\\\/\\\/secure.gravatar.com\\\/avatar\\\/c052a2551a06e23fac63626232eaa90abd78dbcf1700fc46a2b2c89fd27b735f?s=96&d=mm&r=g\",\"caption\":\"Redacci\u00f3n A Nova Peneira\"},\"sameAs\":[\"http:\\\/\\\/www.anovapeneira.gal\\\/\"],\"url\":\"https:\\\/\\\/www.anovapeneira.gal\\\/index.php\\\/author\\\/redactor\\\/\"}]}<\/script>\n<!-- \/ Yoast SEO plugin. -->","yoast_head_json":{"title":"Festa da langosta de A Guarda -","robots":{"index":"index","follow":"follow","max-snippet":"max-snippet:-1","max-image-preview":"max-image-preview:large","max-video-preview":"max-video-preview:-1"},"canonical":"https:\/\/www.anovapeneira.gal\/index.php\/2019\/07\/23\/festa-da-langosta-de-a-guarda\/","og_locale":"gl_ES","og_type":"article","og_title":"Festa da langosta de A Guarda -","og_description":"A Guarda acolleu esta fin de semana a XXIX edici\u00f3n da Festa da Langosta e da Coci\u00f1a Mari\u00f1eira, un evento gastron\u00f3mico que congrega a milleiros de persoas no Porto da Guarda e no que se degustaron ademais moitos pratos da Coci\u00f1a Mari\u00f1eira [...]","og_url":"https:\/\/www.anovapeneira.gal\/index.php\/2019\/07\/23\/festa-da-langosta-de-a-guarda\/","article_publisher":"https:\/\/www.facebook.com\/anovapeneira","article_published_time":"2019-07-23T21:06:23+00:00","article_modified_time":"2019-07-24T06:27:14+00:00","og_image":[{"width":720,"height":473,"url":"https:\/\/www.anovapeneira.gal\/wp-content\/uploads\/2019\/07\/A-Festa-da-Langosta-e-da-Cocin\u0303a-Marin\u0303eira-da-Guarda-premiada-na-IX-Edicio\u0301n-dos-Premios-Galicia.jpg","type":"image\/jpeg"}],"author":"Redacci\u00f3n A Nova Peneira","twitter_card":"summary_large_image","twitter_creator":"@APeneira","twitter_site":"@APeneira","twitter_misc":{"Escrito por":"Redacci\u00f3n A Nova Peneira","Tempo de lectura":"2 minutos"},"schema":{"@context":"https:\/\/schema.org","@graph":[{"@type":"Article","@id":"https:\/\/www.anovapeneira.gal\/index.php\/2019\/07\/23\/festa-da-langosta-de-a-guarda\/#article","isPartOf":{"@id":"https:\/\/www.anovapeneira.gal\/index.php\/2019\/07\/23\/festa-da-langosta-de-a-guarda\/"},"author":{"name":"Redacci\u00f3n A Nova Peneira","@id":"https:\/\/www.anovapeneira.gal\/#\/schema\/person\/b93e3f8932e3f8da96334607eb6ac6aa"},"headline":"Festa da langosta de A Guarda","datePublished":"2019-07-23T21:06:23+00:00","dateModified":"2019-07-24T06:27:14+00:00","mainEntityOfPage":{"@id":"https:\/\/www.anovapeneira.gal\/index.php\/2019\/07\/23\/festa-da-langosta-de-a-guarda\/"},"wordCount":478,"commentCount":0,"publisher":{"@id":"https:\/\/www.anovapeneira.gal\/#organization"},"image":{"@id":"https:\/\/www.anovapeneira.gal\/index.php\/2019\/07\/23\/festa-da-langosta-de-a-guarda\/#primaryimage"},"thumbnailUrl":"https:\/\/www.anovapeneira.gal\/wp-content\/uploads\/2019\/07\/A-Festa-da-Langosta-e-da-Cocin\u0303a-Marin\u0303eira-da-Guarda-premiada-na-IX-Edicio\u0301n-dos-Premios-Galicia.jpg","keywords":["Coci\u00f1a Mari\u00f1eira","Concello da Guarda","Festa da langosta","gastronom\u00eda"],"articleSection":["Baixo Mi\u00f1o"],"inLanguage":"gl-ES","potentialAction":[{"@type":"CommentAction","name":"Comment","target":["https:\/\/www.anovapeneira.gal\/index.php\/2019\/07\/23\/festa-da-langosta-de-a-guarda\/#respond"]}]},{"@type":"WebPage","@id":"https:\/\/www.anovapeneira.gal\/index.php\/2019\/07\/23\/festa-da-langosta-de-a-guarda\/","url":"https:\/\/www.anovapeneira.gal\/index.php\/2019\/07\/23\/festa-da-langosta-de-a-guarda\/","name":"Festa da langosta de A Guarda -","isPartOf":{"@id":"https:\/\/www.anovapeneira.gal\/#website"},"primaryImageOfPage":{"@id":"https:\/\/www.anovapeneira.gal\/index.php\/2019\/07\/23\/festa-da-langosta-de-a-guarda\/#primaryimage"},"image":{"@id":"https:\/\/www.anovapeneira.gal\/index.php\/2019\/07\/23\/festa-da-langosta-de-a-guarda\/#primaryimage"},"thumbnailUrl":"https:\/\/www.anovapeneira.gal\/wp-content\/uploads\/2019\/07\/A-Festa-da-Langosta-e-da-Cocin\u0303a-Marin\u0303eira-da-Guarda-premiada-na-IX-Edicio\u0301n-dos-Premios-Galicia.jpg","datePublished":"2019-07-23T21:06:23+00:00","dateModified":"2019-07-24T06:27:14+00:00","breadcrumb":{"@id":"https:\/\/www.anovapeneira.gal\/index.php\/2019\/07\/23\/festa-da-langosta-de-a-guarda\/#breadcrumb"},"inLanguage":"gl-ES","potentialAction":[{"@type":"ReadAction","target":["https:\/\/www.anovapeneira.gal\/index.php\/2019\/07\/23\/festa-da-langosta-de-a-guarda\/"]}]},{"@type":"ImageObject","inLanguage":"gl-ES","@id":"https:\/\/www.anovapeneira.gal\/index.php\/2019\/07\/23\/festa-da-langosta-de-a-guarda\/#primaryimage","url":"https:\/\/www.anovapeneira.gal\/wp-content\/uploads\/2019\/07\/A-Festa-da-Langosta-e-da-Cocin\u0303a-Marin\u0303eira-da-Guarda-premiada-na-IX-Edicio\u0301n-dos-Premios-Galicia.jpg","contentUrl":"https:\/\/www.anovapeneira.gal\/wp-content\/uploads\/2019\/07\/A-Festa-da-Langosta-e-da-Cocin\u0303a-Marin\u0303eira-da-Guarda-premiada-na-IX-Edicio\u0301n-dos-Premios-Galicia.jpg","width":720,"height":473,"caption":"A Festa da langosta e da coci\u00f1a mari\u00f1eira da Guarda A Nova Peneira"},{"@type":"BreadcrumbList","@id":"https:\/\/www.anovapeneira.gal\/index.php\/2019\/07\/23\/festa-da-langosta-de-a-guarda\/#breadcrumb","itemListElement":[{"@type":"ListItem","position":1,"name":"Portada","item":"https:\/\/www.anovapeneira.gal\/"},{"@type":"ListItem","position":2,"name":"Festa da langosta de A Guarda"}]},{"@type":"WebSite","@id":"https:\/\/www.anovapeneira.gal\/#website","url":"https:\/\/www.anovapeneira.gal\/","name":"","description":"Xornal galego de informaci\u00f3n xeral Publicaci\u00f3n mensual de novas de Galicia e en especial dos Concellos da sur da provincia de Pontevedra.","publisher":{"@id":"https:\/\/www.anovapeneira.gal\/#organization"},"potentialAction":[{"@type":"SearchAction","target":{"@type":"EntryPoint","urlTemplate":"https:\/\/www.anovapeneira.gal\/?s={search_term_string}"},"query-input":{"@type":"PropertyValueSpecification","valueRequired":true,"valueName":"search_term_string"}}],"inLanguage":"gl-ES"},{"@type":"Organization","@id":"https:\/\/www.anovapeneira.gal\/#organization","name":"A Nova Peneira","url":"https:\/\/www.anovapeneira.gal\/","logo":{"@type":"ImageObject","inLanguage":"gl-ES","@id":"https:\/\/www.anovapeneira.gal\/#\/schema\/logo\/image\/","url":"http:\/\/www.anovapeneira.gal\/wp-content\/uploads\/2019\/06\/logo_a_nova_peneira_portal_web.png","contentUrl":"http:\/\/www.anovapeneira.gal\/wp-content\/uploads\/2019\/06\/logo_a_nova_peneira_portal_web.png","width":300,"height":100,"caption":"A Nova Peneira"},"image":{"@id":"https:\/\/www.anovapeneira.gal\/#\/schema\/logo\/image\/"},"sameAs":["https:\/\/www.facebook.com\/anovapeneira","https:\/\/x.com\/APeneira"]},{"@type":"Person","@id":"https:\/\/www.anovapeneira.gal\/#\/schema\/person\/b93e3f8932e3f8da96334607eb6ac6aa","name":"Redacci\u00f3n A Nova Peneira","image":{"@type":"ImageObject","inLanguage":"gl-ES","@id":"https:\/\/secure.gravatar.com\/avatar\/c052a2551a06e23fac63626232eaa90abd78dbcf1700fc46a2b2c89fd27b735f?s=96&d=mm&r=g","url":"https:\/\/secure.gravatar.com\/avatar\/c052a2551a06e23fac63626232eaa90abd78dbcf1700fc46a2b2c89fd27b735f?s=96&d=mm&r=g","contentUrl":"https:\/\/secure.gravatar.com\/avatar\/c052a2551a06e23fac63626232eaa90abd78dbcf1700fc46a2b2c89fd27b735f?s=96&d=mm&r=g","caption":"Redacci\u00f3n A Nova Peneira"},"sameAs":["http:\/\/www.anovapeneira.gal\/"],"url":"https:\/\/www.anovapeneira.gal\/index.php\/author\/redactor\/"}]}},"jetpack_featured_media_url":"https:\/\/www.anovapeneira.gal\/wp-content\/uploads\/2019\/07\/A-Festa-da-Langosta-e-da-Cocin\u0303a-Marin\u0303eira-da-Guarda-premiada-na-IX-Edicio\u0301n-dos-Premios-Galicia.jpg","_links":{"self":[{"href":"https:\/\/www.anovapeneira.gal\/index.php\/wp-json\/wp\/v2\/posts\/565","targetHints":{"allow":["GET"]}}],"collection":[{"href":"https:\/\/www.anovapeneira.gal\/index.php\/wp-json\/wp\/v2\/posts"}],"about":[{"href":"https:\/\/www.anovapeneira.gal\/index.php\/wp-json\/wp\/v2\/types\/post"}],"author":[{"embeddable":true,"href":"https:\/\/www.anovapeneira.gal\/index.php\/wp-json\/wp\/v2\/users\/3"}],"replies":[{"embeddable":true,"href":"https:\/\/www.anovapeneira.gal\/index.php\/wp-json\/wp\/v2\/comments?post=565"}],"version-history":[{"count":1,"href":"https:\/\/www.anovapeneira.gal\/index.php\/wp-json\/wp\/v2\/posts\/565\/revisions"}],"predecessor-version":[{"id":567,"href":"https:\/\/www.anovapeneira.gal\/index.php\/wp-json\/wp\/v2\/posts\/565\/revisions\/567"}],"wp:featuredmedia":[{"embeddable":true,"href":"https:\/\/www.anovapeneira.gal\/index.php\/wp-json\/wp\/v2\/media\/566"}],"wp:attachment":[{"href":"https:\/\/www.anovapeneira.gal\/index.php\/wp-json\/wp\/v2\/media?parent=565"}],"wp:term":[{"taxonomy":"category","embeddable":true,"href":"https:\/\/www.anovapeneira.gal\/index.php\/wp-json\/wp\/v2\/categories?post=565"},{"taxonomy":"post_tag","embeddable":true,"href":"https:\/\/www.anovapeneira.gal\/index.php\/wp-json\/wp\/v2\/tags?post=565"}],"curies":[{"name":"wp","href":"https:\/\/api.w.org\/{rel}","templated":true}]}}