{"id":5655,"date":"2021-06-24T09:00:34","date_gmt":"2021-06-24T07:00:34","guid":{"rendered":"https:\/\/www.anovapeneira.gal\/?p=5655"},"modified":"2021-08-17T08:40:18","modified_gmt":"2021-08-17T06:40:18","slug":"rama","status":"publish","type":"post","link":"https:\/\/www.anovapeneira.gal\/index.php\/2021\/06\/24\/rama\/","title":{"rendered":"RAMA"},"content":{"rendered":"\n<h2 class=\"wp-block-heading\"><strong>A Empresa de Sangui\u00f1eda l\u00edder do seu sector en Galicia<\/strong><\/h2>\n\n\n\n<p><a href=\"https:\/\/elevacionesrama.com\/\" target=\"_blank\" rel=\"noreferrer noopener\">Elevaciones Rama<\/a><\/p>\n\n\n\n<p>No concello de Mos na parroquia de Sangui\u00f1eda est\u00e1 Rama. Eles son unha empresa cunha experiencia de 25 anos no seu sector. Naceron como empresa de alugueiro de plataformas de elevaci\u00f3n de persoas, e abriron enormemente o abano cara a moitos m\u00e1is tipos de maquinaria. Te\u00f1en d\u00faas delegaci\u00f3ns en Galicia, a principal que est\u00e1 en Sangui\u00f1eda e outra para cubrir a zona norte que est\u00e1 en Bergondo. Acheg\u00e1monos ata as s\u00faas instalaci\u00f3ns de Mos para co\u00f1ecer un pouco mellor a unha empresa situada no noso pobo e que ten unha posici\u00f3n tan relevante no mercado galego. Falamos con Lino Portela do departamento de marketing e con V\u00edtor Di\u00e9guez do departamento comercial<\/p>\n\n\n\n<p><strong>Lino Portela e V\u00edtor Di\u00e9guez<\/strong><\/p>\n\n\n\n<p>\u201c<strong>Os nosos clientes dispo\u00f1en dunha atenci\u00f3n integral de 24 horas ao d\u00eda e 365 d\u00edas ao ano\u201d<\/strong><\/p>\n\n\n\n<p><strong>Cal \u00e9 actividade principal da empresa?<\/strong><\/p>\n\n\n\n<blockquote class=\"wp-block-quote is-layout-flow wp-block-quote-is-layout-flow\"><p>Desde o ano 2.017 estamos cami\u00f1ando polo que no argot noso se co\u00f1ece como \u201c xeneralismo\u201d que consiste en adaptar a nosa oferta \u00e1 demanda que cada cliente poida ter. Para cada necesidade n\u00f3s procuramos ofrecer unha soluci\u00f3n. A soluci\u00f3n l\u00edder no mercado en relaci\u00f3n calidade prezo.<\/p><\/blockquote>\n\n\n\n<p><strong>Entendo ent\u00f3n que dispondes de varios tipos de familias de maquinaria?<\/strong><\/p>\n\n\n\n<blockquote class=\"wp-block-quote is-layout-flow wp-block-quote-is-layout-flow\"><p>Efectivamente dispomos dun abano moi amplo de maquinaria; desde maquinaria de man para un traballo por exemplo de carpinter\u00eda, ata maquinaria pesada para por exemplo unha escavaci\u00f3n, ou incluso para traballos de elevaci\u00f3n enormemente espec\u00edficos<\/p><\/blockquote>\n\n\n\n<p><strong>Temos alg\u00fan produto que destaque sobre os demais?<\/strong><\/p>\n\n\n\n<blockquote class=\"wp-block-quote is-layout-flow wp-block-quote-is-layout-flow\"><p>Ofrecer a maior calidade posible \u00e9 unha das raz\u00f3ns de ser de Rama, en consecuencia todos os nosos produtos son de enorme solvencia. Se cadra o noso produto ,digamos , estrela, \u00e9 a mini escavadora. E cando sae o sol a plataforma tam\u00e9n \u00e9 moi importante para n\u00f3s<\/p><\/blockquote>\n\n\n\n<p><strong>De feito v\u00f3s nacestes no eido da elevaci\u00f3n, verdade?<\/strong><\/p>\n\n\n\n<blockquote class=\"wp-block-quote is-layout-flow wp-block-quote-is-layout-flow\"><p>Si, n\u00f3s nacemos no campo do alugueiro de plataformas elevadoras. E malia que abrimos moito o abano, a elevaci\u00f3n segue sendo moi relevante na nosa empresa, e temos unha enorme experiencia e solvencia nesa \u00e1rea<\/p><\/blockquote>\n\n\n\n<p><strong>Supo\u00f1o que o clima ter\u00e1 algunha influencia na vosa actividade?<\/strong><\/p>\n\n\n\n<blockquote class=\"wp-block-quote is-layout-flow wp-block-quote-is-layout-flow\"><p>Si claro, hai traballos que s\u00f3 se poden facer en ver\u00e1n<\/p><\/blockquote>\n\n\n\n<p><strong>V\u00f3s vendedes e alugades, non?<\/strong><\/p>\n\n\n\n<blockquote class=\"wp-block-quote is-layout-flow wp-block-quote-is-layout-flow\"><p>Facemos as d\u00faas cousas. A\u00ednda que o alugueiro \u00e9 a nosa actividade principal , de feito pode ser arredor dun 80% aluguer e un 20% venda<\/p><\/blockquote>\n\n\n\n<p><strong>Cal \u00e9 o voso \u00e1mbito xeogr\u00e1fico?<\/strong><\/p>\n\n\n\n<blockquote class=\"wp-block-quote is-layout-flow wp-block-quote-is-layout-flow\"><p>O m\u00e1is forte est\u00e1 en Galicia. Tam\u00e9n temos clientes no norte de Portugal. E casos nos que alg\u00fan cliente carga a m\u00e1quina aqu\u00ed para levar a outras zonas do estado. E n\u00f3s d\u00e1moslle o soporte t\u00e9cnico<\/p><\/blockquote>\n\n\n\n<p><strong>Como adquirides a maquinaria?<\/strong><\/p>\n\n\n\n<blockquote class=\"wp-block-quote is-layout-flow wp-block-quote-is-layout-flow\"><p>N\u00f3s compr\u00e1molas aos principais fabricantes de cada marca. Somos moi rigorosos \u00e1 hora de escollermos as m\u00e1quinas que mercamos. Non estamos pechados a ningunha, escoitamos todas as propostas. Pero o soporte t\u00e9cnico que te\u00f1an \u00e9 importante \u00e1 hora de decidir. Escoitamos as novidades sempre, e imos \u00e1s feiras de maquinarias m\u00e1is importantes do mundo. Temos ido ata a feira de La Vegas en USA. Somos expertos en re acondicionalas cando \u00e9 para venda. \u00c9 moi importante salientar que n\u00f3s temos un servizo para atender aos clientes de 24 horas ao d\u00eda e 365 d\u00edas ao ano, pois \u00e9 un valor engadido respecto \u00e1 competencia<\/p><\/blockquote>\n\n\n\n<p><strong>Hai moita competencia no sector?<\/strong><\/p>\n\n\n\n<blockquote class=\"wp-block-quote is-layout-flow wp-block-quote-is-layout-flow\"><p>Si, a verdade \u00e9 que si<\/p><\/blockquote>\n\n\n\n<p><strong>E cal \u00e9 a posici\u00f3n de RAMA no mercado?<\/strong><\/p>\n\n\n\n<blockquote class=\"wp-block-quote is-layout-flow wp-block-quote-is-layout-flow\"><p>Na nosa \u00e1rea de influencia a nosa posici\u00f3n \u00e9 de liderado<\/p><\/blockquote>\n\n\n\n<p><strong>Cales poden ser os motivos que expliquen esa posici\u00f3n?<\/strong><\/p>\n\n\n\n<blockquote class=\"wp-block-quote is-layout-flow wp-block-quote-is-layout-flow\"><p>A nosa estrutura lox\u00edstica, a nosa estrutura mec\u00e1nica, o noso activo de maquinaria de enorme calidade. E como che dixen antes a atenci\u00f3n integral e persoal permanente<\/p><\/blockquote>\n\n\n\n<p><strong>Cantos traballadores ten a empresa?<\/strong><\/p>\n\n\n\n<blockquote class=\"wp-block-quote is-layout-flow wp-block-quote-is-layout-flow\"><p>Algo menos de 50<\/p><\/blockquote>\n\n\n\n<p><strong>E de que tipo de perf\u00eds?<\/strong><\/p>\n\n\n\n<blockquote class=\"wp-block-quote is-layout-flow wp-block-quote-is-layout-flow\"><p>Moi variados. Pero todos e todas tanto os t\u00e9cnicos como os mec\u00e1nicos como o persoal de administraci\u00f3n e comercial son especialistas na s\u00faa \u00e1rea e grandes profesionais. En referencia a t\u00faa pregunta anterior debemos precisar que os recursos humanos de Rama son unha das raz\u00f3ns que explican a nosa posici\u00f3n no mercado<\/p><\/blockquote>\n\n\n\n<p><strong>Cales son as canles a trav\u00e9s das que unha persoa que te\u00f1a interese no voso servizo pode contactar con v\u00f3s?<\/strong><\/p>\n\n\n\n<blockquote class=\"wp-block-quote is-layout-flow wp-block-quote-is-layout-flow\"><p>As redes sociais son moi importantes para n\u00f3s, e logo , a nosa ampla experiencia no mercado fai que sexamos moi co\u00f1ecidos e o boca a boca trae tam\u00e9n a moitos clientes onda n\u00f3s. Traballando ben o boca a boca sempre funciona<\/p><\/blockquote>\n\n\n\n<p><strong>Acabamos. Esta \u00e9 a empresa definitiva para v\u00f3s?<\/strong><\/p>\n\n\n\n<blockquote class=\"wp-block-quote is-layout-flow wp-block-quote-is-layout-flow\"><p>A vida d\u00e1 moitas voltas, pero esa \u00e9 a nosa idea. Quixeramos aproveitar a oportunidade das vosas p\u00e1xinas para agradecer ao principal motor da nosa empresa, os nosos clientes, a s\u00faa confianza. Sen a s\u00faa fidelidade e xenerosidade nada disto ser\u00eda posible. Aqu\u00ed nos te\u00f1en para o que precisen sempre<\/p><\/blockquote>\n\n\n\n<figure class=\"wp-block-embed is-type-video is-provider-youtube wp-block-embed-youtube wp-embed-aspect-16-9 wp-has-aspect-ratio\"><div class=\"wp-block-embed__wrapper\">\n<iframe loading=\"lazy\" title=\"motosoldadora en alquiler\" width=\"500\" height=\"281\" src=\"https:\/\/www.youtube.com\/embed\/4j9Q4clSPVc?feature=oembed\" frameborder=\"0\" allow=\"accelerometer; autoplay; clipboard-write; encrypted-media; gyroscope; picture-in-picture; web-share\" referrerpolicy=\"strict-origin-when-cross-origin\" allowfullscreen><\/iframe>\n<\/div><\/figure>\n","protected":false},"excerpt":{"rendered":"<div class=\"mh-excerpt\"><p>A Empresa de Sangui\u00f1eda l\u00edder do seu sector en Galicia Elevaciones Rama No concello de Mos na parroquia de Sangui\u00f1eda est\u00e1 Rama. Eles son unha empresa cunha experiencia de 25 anos no seu sector. Naceron <a class=\"mh-excerpt-more\" href=\"https:\/\/www.anovapeneira.gal\/index.php\/2021\/06\/24\/rama\/\" title=\"RAMA\">[&#8230;]<\/a><\/p>\n<\/div>","protected":false},"author":3,"featured_media":5658,"comment_status":"open","ping_status":"open","sticky":false,"template":"","format":"standard","meta":{"_exactmetrics_skip_tracking":false,"_exactmetrics_sitenote_active":false,"_exactmetrics_sitenote_note":"","_exactmetrics_sitenote_category":0,"footnotes":""},"categories":[490],"tags":[],"class_list":{"0":"post-5655","1":"post","2":"type-post","3":"status-publish","4":"format-standard","5":"has-post-thumbnail","7":"category-a-lourina-reportaxes"},"yoast_head":"<!-- This site is optimized with the Yoast SEO plugin v27.4 - https:\/\/yoast.com\/product\/yoast-seo-wordpress\/ -->\n<title>RAMA -<\/title>\n<meta name=\"description\" content=\"No concello de Mos na parroquia de Sangui\u00f1eda est\u00e1 Rama. Eles son unha empresa cunha experiencia de 25 anos no seu sector. Naceron como empresa de alugueiro de plataformas de elevaci\u00f3n de persoas, e abriron enormemente o abano cara a moitos m\u00e1is tipos de maquinaria.\" \/>\n<meta name=\"robots\" content=\"index, follow, max-snippet:-1, max-image-preview:large, max-video-preview:-1\" \/>\n<link rel=\"canonical\" href=\"https:\/\/www.anovapeneira.gal\/index.php\/2021\/06\/24\/rama\/\" \/>\n<meta property=\"og:locale\" content=\"gl_ES\" \/>\n<meta property=\"og:type\" content=\"article\" \/>\n<meta property=\"og:title\" content=\"RAMA -\" \/>\n<meta property=\"og:description\" content=\"No concello de Mos na parroquia de Sangui\u00f1eda est\u00e1 Rama. Eles son unha empresa cunha experiencia de 25 anos no seu sector. Naceron como empresa de alugueiro de plataformas de elevaci\u00f3n de persoas, e abriron enormemente o abano cara a moitos m\u00e1is tipos de maquinaria.\" \/>\n<meta property=\"og:url\" content=\"https:\/\/www.anovapeneira.gal\/index.php\/2021\/06\/24\/rama\/\" \/>\n<meta property=\"article:publisher\" content=\"https:\/\/www.facebook.com\/anovapeneira\" \/>\n<meta property=\"article:published_time\" content=\"2021-06-24T07:00:34+00:00\" \/>\n<meta property=\"article:modified_time\" content=\"2021-08-17T06:40:18+00:00\" \/>\n<meta property=\"og:image\" content=\"https:\/\/www.anovapeneira.gal\/wp-content\/uploads\/2021\/06\/rama_elevaciones.jpg\" \/>\n\t<meta property=\"og:image:width\" content=\"720\" \/>\n\t<meta property=\"og:image:height\" content=\"432\" \/>\n\t<meta property=\"og:image:type\" content=\"image\/jpeg\" \/>\n<meta name=\"author\" content=\"Redacci\u00f3n A Nova Peneira\" \/>\n<meta name=\"twitter:card\" content=\"summary_large_image\" \/>\n<meta name=\"twitter:creator\" content=\"@APeneira\" \/>\n<meta name=\"twitter:site\" content=\"@APeneira\" \/>\n<meta name=\"twitter:label1\" content=\"Escrito por\" \/>\n\t<meta name=\"twitter:data1\" content=\"Redacci\u00f3n A Nova Peneira\" \/>\n\t<meta name=\"twitter:label2\" content=\"Tempo de lectura\" \/>\n\t<meta name=\"twitter:data2\" content=\"4 minutos\" \/>\n<script type=\"application\/ld+json\" class=\"yoast-schema-graph\">{\"@context\":\"https:\\\/\\\/schema.org\",\"@graph\":[{\"@type\":\"Article\",\"@id\":\"https:\\\/\\\/www.anovapeneira.gal\\\/index.php\\\/2021\\\/06\\\/24\\\/rama\\\/#article\",\"isPartOf\":{\"@id\":\"https:\\\/\\\/www.anovapeneira.gal\\\/index.php\\\/2021\\\/06\\\/24\\\/rama\\\/\"},\"author\":{\"name\":\"Redacci\u00f3n A Nova Peneira\",\"@id\":\"https:\\\/\\\/www.anovapeneira.gal\\\/#\\\/schema\\\/person\\\/b93e3f8932e3f8da96334607eb6ac6aa\"},\"headline\":\"RAMA\",\"datePublished\":\"2021-06-24T07:00:34+00:00\",\"dateModified\":\"2021-08-17T06:40:18+00:00\",\"mainEntityOfPage\":{\"@id\":\"https:\\\/\\\/www.anovapeneira.gal\\\/index.php\\\/2021\\\/06\\\/24\\\/rama\\\/\"},\"wordCount\":869,\"commentCount\":0,\"publisher\":{\"@id\":\"https:\\\/\\\/www.anovapeneira.gal\\\/#organization\"},\"image\":{\"@id\":\"https:\\\/\\\/www.anovapeneira.gal\\\/index.php\\\/2021\\\/06\\\/24\\\/rama\\\/#primaryimage\"},\"thumbnailUrl\":\"https:\\\/\\\/www.anovapeneira.gal\\\/wp-content\\\/uploads\\\/2021\\\/06\\\/rama_elevaciones.jpg\",\"articleSection\":[\"A Louri\u00f1a\"],\"inLanguage\":\"gl-ES\",\"potentialAction\":[{\"@type\":\"CommentAction\",\"name\":\"Comment\",\"target\":[\"https:\\\/\\\/www.anovapeneira.gal\\\/index.php\\\/2021\\\/06\\\/24\\\/rama\\\/#respond\"]}]},{\"@type\":\"WebPage\",\"@id\":\"https:\\\/\\\/www.anovapeneira.gal\\\/index.php\\\/2021\\\/06\\\/24\\\/rama\\\/\",\"url\":\"https:\\\/\\\/www.anovapeneira.gal\\\/index.php\\\/2021\\\/06\\\/24\\\/rama\\\/\",\"name\":\"RAMA -\",\"isPartOf\":{\"@id\":\"https:\\\/\\\/www.anovapeneira.gal\\\/#website\"},\"primaryImageOfPage\":{\"@id\":\"https:\\\/\\\/www.anovapeneira.gal\\\/index.php\\\/2021\\\/06\\\/24\\\/rama\\\/#primaryimage\"},\"image\":{\"@id\":\"https:\\\/\\\/www.anovapeneira.gal\\\/index.php\\\/2021\\\/06\\\/24\\\/rama\\\/#primaryimage\"},\"thumbnailUrl\":\"https:\\\/\\\/www.anovapeneira.gal\\\/wp-content\\\/uploads\\\/2021\\\/06\\\/rama_elevaciones.jpg\",\"datePublished\":\"2021-06-24T07:00:34+00:00\",\"dateModified\":\"2021-08-17T06:40:18+00:00\",\"description\":\"No concello de Mos na parroquia de Sangui\u00f1eda est\u00e1 Rama. Eles son unha empresa cunha experiencia de 25 anos no seu sector. Naceron como empresa de alugueiro de plataformas de elevaci\u00f3n de persoas, e abriron enormemente o abano cara a moitos m\u00e1is tipos de maquinaria.\",\"breadcrumb\":{\"@id\":\"https:\\\/\\\/www.anovapeneira.gal\\\/index.php\\\/2021\\\/06\\\/24\\\/rama\\\/#breadcrumb\"},\"inLanguage\":\"gl-ES\",\"potentialAction\":[{\"@type\":\"ReadAction\",\"target\":[\"https:\\\/\\\/www.anovapeneira.gal\\\/index.php\\\/2021\\\/06\\\/24\\\/rama\\\/\"]}]},{\"@type\":\"ImageObject\",\"inLanguage\":\"gl-ES\",\"@id\":\"https:\\\/\\\/www.anovapeneira.gal\\\/index.php\\\/2021\\\/06\\\/24\\\/rama\\\/#primaryimage\",\"url\":\"https:\\\/\\\/www.anovapeneira.gal\\\/wp-content\\\/uploads\\\/2021\\\/06\\\/rama_elevaciones.jpg\",\"contentUrl\":\"https:\\\/\\\/www.anovapeneira.gal\\\/wp-content\\\/uploads\\\/2021\\\/06\\\/rama_elevaciones.jpg\",\"width\":720,\"height\":432,\"caption\":\"Elevaciones Rama\"},{\"@type\":\"BreadcrumbList\",\"@id\":\"https:\\\/\\\/www.anovapeneira.gal\\\/index.php\\\/2021\\\/06\\\/24\\\/rama\\\/#breadcrumb\",\"itemListElement\":[{\"@type\":\"ListItem\",\"position\":1,\"name\":\"Portada\",\"item\":\"https:\\\/\\\/www.anovapeneira.gal\\\/\"},{\"@type\":\"ListItem\",\"position\":2,\"name\":\"RAMA\"}]},{\"@type\":\"WebSite\",\"@id\":\"https:\\\/\\\/www.anovapeneira.gal\\\/#website\",\"url\":\"https:\\\/\\\/www.anovapeneira.gal\\\/\",\"name\":\"\",\"description\":\"Xornal galego de informaci\u00f3n xeral Publicaci\u00f3n mensual de novas de Galicia e en especial dos Concellos da sur da provincia de Pontevedra.\",\"publisher\":{\"@id\":\"https:\\\/\\\/www.anovapeneira.gal\\\/#organization\"},\"potentialAction\":[{\"@type\":\"SearchAction\",\"target\":{\"@type\":\"EntryPoint\",\"urlTemplate\":\"https:\\\/\\\/www.anovapeneira.gal\\\/?s={search_term_string}\"},\"query-input\":{\"@type\":\"PropertyValueSpecification\",\"valueRequired\":true,\"valueName\":\"search_term_string\"}}],\"inLanguage\":\"gl-ES\"},{\"@type\":\"Organization\",\"@id\":\"https:\\\/\\\/www.anovapeneira.gal\\\/#organization\",\"name\":\"A Nova Peneira\",\"url\":\"https:\\\/\\\/www.anovapeneira.gal\\\/\",\"logo\":{\"@type\":\"ImageObject\",\"inLanguage\":\"gl-ES\",\"@id\":\"https:\\\/\\\/www.anovapeneira.gal\\\/#\\\/schema\\\/logo\\\/image\\\/\",\"url\":\"http:\\\/\\\/www.anovapeneira.gal\\\/wp-content\\\/uploads\\\/2019\\\/06\\\/logo_a_nova_peneira_portal_web.png\",\"contentUrl\":\"http:\\\/\\\/www.anovapeneira.gal\\\/wp-content\\\/uploads\\\/2019\\\/06\\\/logo_a_nova_peneira_portal_web.png\",\"width\":300,\"height\":100,\"caption\":\"A Nova Peneira\"},\"image\":{\"@id\":\"https:\\\/\\\/www.anovapeneira.gal\\\/#\\\/schema\\\/logo\\\/image\\\/\"},\"sameAs\":[\"https:\\\/\\\/www.facebook.com\\\/anovapeneira\",\"https:\\\/\\\/x.com\\\/APeneira\"]},{\"@type\":\"Person\",\"@id\":\"https:\\\/\\\/www.anovapeneira.gal\\\/#\\\/schema\\\/person\\\/b93e3f8932e3f8da96334607eb6ac6aa\",\"name\":\"Redacci\u00f3n A Nova Peneira\",\"image\":{\"@type\":\"ImageObject\",\"inLanguage\":\"gl-ES\",\"@id\":\"https:\\\/\\\/secure.gravatar.com\\\/avatar\\\/c052a2551a06e23fac63626232eaa90abd78dbcf1700fc46a2b2c89fd27b735f?s=96&d=mm&r=g\",\"url\":\"https:\\\/\\\/secure.gravatar.com\\\/avatar\\\/c052a2551a06e23fac63626232eaa90abd78dbcf1700fc46a2b2c89fd27b735f?s=96&d=mm&r=g\",\"contentUrl\":\"https:\\\/\\\/secure.gravatar.com\\\/avatar\\\/c052a2551a06e23fac63626232eaa90abd78dbcf1700fc46a2b2c89fd27b735f?s=96&d=mm&r=g\",\"caption\":\"Redacci\u00f3n A Nova Peneira\"},\"sameAs\":[\"http:\\\/\\\/www.anovapeneira.gal\\\/\"],\"url\":\"https:\\\/\\\/www.anovapeneira.gal\\\/index.php\\\/author\\\/redactor\\\/\"}]}<\/script>\n<!-- \/ Yoast SEO plugin. -->","yoast_head_json":{"title":"RAMA -","description":"No concello de Mos na parroquia de Sangui\u00f1eda est\u00e1 Rama. Eles son unha empresa cunha experiencia de 25 anos no seu sector. Naceron como empresa de alugueiro de plataformas de elevaci\u00f3n de persoas, e abriron enormemente o abano cara a moitos m\u00e1is tipos de maquinaria.","robots":{"index":"index","follow":"follow","max-snippet":"max-snippet:-1","max-image-preview":"max-image-preview:large","max-video-preview":"max-video-preview:-1"},"canonical":"https:\/\/www.anovapeneira.gal\/index.php\/2021\/06\/24\/rama\/","og_locale":"gl_ES","og_type":"article","og_title":"RAMA -","og_description":"No concello de Mos na parroquia de Sangui\u00f1eda est\u00e1 Rama. Eles son unha empresa cunha experiencia de 25 anos no seu sector. Naceron como empresa de alugueiro de plataformas de elevaci\u00f3n de persoas, e abriron enormemente o abano cara a moitos m\u00e1is tipos de maquinaria.","og_url":"https:\/\/www.anovapeneira.gal\/index.php\/2021\/06\/24\/rama\/","article_publisher":"https:\/\/www.facebook.com\/anovapeneira","article_published_time":"2021-06-24T07:00:34+00:00","article_modified_time":"2021-08-17T06:40:18+00:00","og_image":[{"width":720,"height":432,"url":"https:\/\/www.anovapeneira.gal\/wp-content\/uploads\/2021\/06\/rama_elevaciones.jpg","type":"image\/jpeg"}],"author":"Redacci\u00f3n A Nova Peneira","twitter_card":"summary_large_image","twitter_creator":"@APeneira","twitter_site":"@APeneira","twitter_misc":{"Escrito por":"Redacci\u00f3n A Nova Peneira","Tempo de lectura":"4 minutos"},"schema":{"@context":"https:\/\/schema.org","@graph":[{"@type":"Article","@id":"https:\/\/www.anovapeneira.gal\/index.php\/2021\/06\/24\/rama\/#article","isPartOf":{"@id":"https:\/\/www.anovapeneira.gal\/index.php\/2021\/06\/24\/rama\/"},"author":{"name":"Redacci\u00f3n A Nova Peneira","@id":"https:\/\/www.anovapeneira.gal\/#\/schema\/person\/b93e3f8932e3f8da96334607eb6ac6aa"},"headline":"RAMA","datePublished":"2021-06-24T07:00:34+00:00","dateModified":"2021-08-17T06:40:18+00:00","mainEntityOfPage":{"@id":"https:\/\/www.anovapeneira.gal\/index.php\/2021\/06\/24\/rama\/"},"wordCount":869,"commentCount":0,"publisher":{"@id":"https:\/\/www.anovapeneira.gal\/#organization"},"image":{"@id":"https:\/\/www.anovapeneira.gal\/index.php\/2021\/06\/24\/rama\/#primaryimage"},"thumbnailUrl":"https:\/\/www.anovapeneira.gal\/wp-content\/uploads\/2021\/06\/rama_elevaciones.jpg","articleSection":["A Louri\u00f1a"],"inLanguage":"gl-ES","potentialAction":[{"@type":"CommentAction","name":"Comment","target":["https:\/\/www.anovapeneira.gal\/index.php\/2021\/06\/24\/rama\/#respond"]}]},{"@type":"WebPage","@id":"https:\/\/www.anovapeneira.gal\/index.php\/2021\/06\/24\/rama\/","url":"https:\/\/www.anovapeneira.gal\/index.php\/2021\/06\/24\/rama\/","name":"RAMA -","isPartOf":{"@id":"https:\/\/www.anovapeneira.gal\/#website"},"primaryImageOfPage":{"@id":"https:\/\/www.anovapeneira.gal\/index.php\/2021\/06\/24\/rama\/#primaryimage"},"image":{"@id":"https:\/\/www.anovapeneira.gal\/index.php\/2021\/06\/24\/rama\/#primaryimage"},"thumbnailUrl":"https:\/\/www.anovapeneira.gal\/wp-content\/uploads\/2021\/06\/rama_elevaciones.jpg","datePublished":"2021-06-24T07:00:34+00:00","dateModified":"2021-08-17T06:40:18+00:00","description":"No concello de Mos na parroquia de Sangui\u00f1eda est\u00e1 Rama. Eles son unha empresa cunha experiencia de 25 anos no seu sector. Naceron como empresa de alugueiro de plataformas de elevaci\u00f3n de persoas, e abriron enormemente o abano cara a moitos m\u00e1is tipos de maquinaria.","breadcrumb":{"@id":"https:\/\/www.anovapeneira.gal\/index.php\/2021\/06\/24\/rama\/#breadcrumb"},"inLanguage":"gl-ES","potentialAction":[{"@type":"ReadAction","target":["https:\/\/www.anovapeneira.gal\/index.php\/2021\/06\/24\/rama\/"]}]},{"@type":"ImageObject","inLanguage":"gl-ES","@id":"https:\/\/www.anovapeneira.gal\/index.php\/2021\/06\/24\/rama\/#primaryimage","url":"https:\/\/www.anovapeneira.gal\/wp-content\/uploads\/2021\/06\/rama_elevaciones.jpg","contentUrl":"https:\/\/www.anovapeneira.gal\/wp-content\/uploads\/2021\/06\/rama_elevaciones.jpg","width":720,"height":432,"caption":"Elevaciones Rama"},{"@type":"BreadcrumbList","@id":"https:\/\/www.anovapeneira.gal\/index.php\/2021\/06\/24\/rama\/#breadcrumb","itemListElement":[{"@type":"ListItem","position":1,"name":"Portada","item":"https:\/\/www.anovapeneira.gal\/"},{"@type":"ListItem","position":2,"name":"RAMA"}]},{"@type":"WebSite","@id":"https:\/\/www.anovapeneira.gal\/#website","url":"https:\/\/www.anovapeneira.gal\/","name":"","description":"Xornal galego de informaci\u00f3n xeral Publicaci\u00f3n mensual de novas de Galicia e en especial dos Concellos da sur da provincia de Pontevedra.","publisher":{"@id":"https:\/\/www.anovapeneira.gal\/#organization"},"potentialAction":[{"@type":"SearchAction","target":{"@type":"EntryPoint","urlTemplate":"https:\/\/www.anovapeneira.gal\/?s={search_term_string}"},"query-input":{"@type":"PropertyValueSpecification","valueRequired":true,"valueName":"search_term_string"}}],"inLanguage":"gl-ES"},{"@type":"Organization","@id":"https:\/\/www.anovapeneira.gal\/#organization","name":"A Nova Peneira","url":"https:\/\/www.anovapeneira.gal\/","logo":{"@type":"ImageObject","inLanguage":"gl-ES","@id":"https:\/\/www.anovapeneira.gal\/#\/schema\/logo\/image\/","url":"http:\/\/www.anovapeneira.gal\/wp-content\/uploads\/2019\/06\/logo_a_nova_peneira_portal_web.png","contentUrl":"http:\/\/www.anovapeneira.gal\/wp-content\/uploads\/2019\/06\/logo_a_nova_peneira_portal_web.png","width":300,"height":100,"caption":"A Nova Peneira"},"image":{"@id":"https:\/\/www.anovapeneira.gal\/#\/schema\/logo\/image\/"},"sameAs":["https:\/\/www.facebook.com\/anovapeneira","https:\/\/x.com\/APeneira"]},{"@type":"Person","@id":"https:\/\/www.anovapeneira.gal\/#\/schema\/person\/b93e3f8932e3f8da96334607eb6ac6aa","name":"Redacci\u00f3n A Nova Peneira","image":{"@type":"ImageObject","inLanguage":"gl-ES","@id":"https:\/\/secure.gravatar.com\/avatar\/c052a2551a06e23fac63626232eaa90abd78dbcf1700fc46a2b2c89fd27b735f?s=96&d=mm&r=g","url":"https:\/\/secure.gravatar.com\/avatar\/c052a2551a06e23fac63626232eaa90abd78dbcf1700fc46a2b2c89fd27b735f?s=96&d=mm&r=g","contentUrl":"https:\/\/secure.gravatar.com\/avatar\/c052a2551a06e23fac63626232eaa90abd78dbcf1700fc46a2b2c89fd27b735f?s=96&d=mm&r=g","caption":"Redacci\u00f3n A Nova Peneira"},"sameAs":["http:\/\/www.anovapeneira.gal\/"],"url":"https:\/\/www.anovapeneira.gal\/index.php\/author\/redactor\/"}]}},"jetpack_featured_media_url":"https:\/\/www.anovapeneira.gal\/wp-content\/uploads\/2021\/06\/rama_elevaciones.jpg","_links":{"self":[{"href":"https:\/\/www.anovapeneira.gal\/index.php\/wp-json\/wp\/v2\/posts\/5655","targetHints":{"allow":["GET"]}}],"collection":[{"href":"https:\/\/www.anovapeneira.gal\/index.php\/wp-json\/wp\/v2\/posts"}],"about":[{"href":"https:\/\/www.anovapeneira.gal\/index.php\/wp-json\/wp\/v2\/types\/post"}],"author":[{"embeddable":true,"href":"https:\/\/www.anovapeneira.gal\/index.php\/wp-json\/wp\/v2\/users\/3"}],"replies":[{"embeddable":true,"href":"https:\/\/www.anovapeneira.gal\/index.php\/wp-json\/wp\/v2\/comments?post=5655"}],"version-history":[{"count":2,"href":"https:\/\/www.anovapeneira.gal\/index.php\/wp-json\/wp\/v2\/posts\/5655\/revisions"}],"predecessor-version":[{"id":5657,"href":"https:\/\/www.anovapeneira.gal\/index.php\/wp-json\/wp\/v2\/posts\/5655\/revisions\/5657"}],"wp:featuredmedia":[{"embeddable":true,"href":"https:\/\/www.anovapeneira.gal\/index.php\/wp-json\/wp\/v2\/media\/5658"}],"wp:attachment":[{"href":"https:\/\/www.anovapeneira.gal\/index.php\/wp-json\/wp\/v2\/media?parent=5655"}],"wp:term":[{"taxonomy":"category","embeddable":true,"href":"https:\/\/www.anovapeneira.gal\/index.php\/wp-json\/wp\/v2\/categories?post=5655"},{"taxonomy":"post_tag","embeddable":true,"href":"https:\/\/www.anovapeneira.gal\/index.php\/wp-json\/wp\/v2\/tags?post=5655"}],"curies":[{"name":"wp","href":"https:\/\/api.w.org\/{rel}","templated":true}]}}