{"id":5662,"date":"2021-06-25T10:00:07","date_gmt":"2021-06-25T08:00:07","guid":{"rendered":"https:\/\/www.anovapeneira.gal\/?p=5662"},"modified":"2021-06-23T11:14:32","modified_gmt":"2021-06-23T09:14:32","slug":"a-verbena-piloto-de-tomino-desenvolvese-con-total-normalidade-a-pesar-dunha-feble-chuvia","status":"publish","type":"post","link":"https:\/\/www.anovapeneira.gal\/index.php\/2021\/06\/25\/a-verbena-piloto-de-tomino-desenvolvese-con-total-normalidade-a-pesar-dunha-feble-chuvia\/","title":{"rendered":"A verbena piloto de Tomi\u00f1o desenv\u00f3lvese con total normalidade a pesar dunha feble chuvia"},"content":{"rendered":"\n<p>Vinte voluntarios e voluntarias de Protecci\u00f3n Civil de Tomi\u00f1o; a Polic\u00eda Local ao completo e un par de patrullas da Guardia Civil e Polic\u00eda Auton\u00f3mica, tiveron ao seu cargo garantir as medidas de seguridade para a celebraci\u00f3n do evento, no recinto de festas do Alivio. As ganas de pasalo ben foron superiores \u00e1s pequenas molestias dunha climatolox\u00eda algo adversa e os e as asistentes, moitos con paraugas, mantiveron a distancia de seguridade e demais normas establecidas para os grupos burbulla.<\/p>\n\n\n\n<p>Os accesos ao recinto estiveron operativos desde as 20.00 horas con persoal de seguridade controlando o paso. Houbo en total catro puntos de acceso: dous para sa\u00edr e dous para entrar. Dous deles aptos para persoas con mobilidade reducida.<\/p>\n\n\n\n<p>No interior do recinto, ademais do persoal de seguridade axudando nesta cuesti\u00f3n, hai carteis informativos sobre como te\u00f1en que distribu\u00edrse os grupos burbulla,&nbsp; limitados a 4 persoas conviventes.<\/p>\n\n\n\n<p>O acceso \u00e1s \u00e1reas de estacionamento estivo aberto ata que as prazas estiveron completas. No caso do estacionamento situado fronte a entrada do campo de f\u00fatbol do Alivio, foi de uso prioritario para persoas de mobilidade reducida.<\/p>\n\n\n\n<figure class=\"wp-block-image size-large\"><img loading=\"lazy\" decoding=\"async\" width=\"1024\" height=\"684\" src=\"https:\/\/www.anovapeneira.gal\/wp-content\/uploads\/2021\/06\/verbena_tominho_2-1024x684.jpeg\" alt=\"Verbena Tomi\u00f1o\" class=\"wp-image-5665\" srcset=\"https:\/\/www.anovapeneira.gal\/wp-content\/uploads\/2021\/06\/verbena_tominho_2-1024x684.jpeg 1024w, https:\/\/www.anovapeneira.gal\/wp-content\/uploads\/2021\/06\/verbena_tominho_2-300x200.jpeg 300w, https:\/\/www.anovapeneira.gal\/wp-content\/uploads\/2021\/06\/verbena_tominho_2-768x513.jpeg 768w, https:\/\/www.anovapeneira.gal\/wp-content\/uploads\/2021\/06\/verbena_tominho_2-1536x1026.jpeg 1536w, https:\/\/www.anovapeneira.gal\/wp-content\/uploads\/2021\/06\/verbena_tominho_2.jpeg 1600w\" sizes=\"auto, (max-width: 1024px) 100vw, 1024px\" \/><\/figure>\n","protected":false},"excerpt":{"rendered":"<div class=\"mh-excerpt\"><p>Vinte voluntarios e voluntarias de Protecci\u00f3n Civil de Tomi\u00f1o; a Polic\u00eda Local ao completo e un par de patrullas da Guardia Civil e Polic\u00eda Auton\u00f3mica, tiveron ao seu cargo garantir as medidas de seguridade para a celebraci\u00f3n do evento, no recinto de festas do Alivio <a class=\"mh-excerpt-more\" href=\"https:\/\/www.anovapeneira.gal\/index.php\/2021\/06\/25\/a-verbena-piloto-de-tomino-desenvolvese-con-total-normalidade-a-pesar-dunha-feble-chuvia\/\" title=\"A verbena piloto de Tomi\u00f1o desenv\u00f3lvese con total normalidade a pesar dunha feble chuvia\">[&#8230;]<\/a><\/p>\n<\/div>","protected":false},"author":3,"featured_media":5664,"comment_status":"open","ping_status":"open","sticky":false,"template":"","format":"standard","meta":{"_exactmetrics_skip_tracking":false,"_exactmetrics_sitenote_active":false,"_exactmetrics_sitenote_note":"","_exactmetrics_sitenote_category":0,"footnotes":""},"categories":[21],"tags":[81],"class_list":{"0":"post-5662","1":"post","2":"type-post","3":"status-publish","4":"format-standard","5":"has-post-thumbnail","7":"category-baixo-mino","8":"tag-concello-de-tomino"},"yoast_head":"<!-- This site is optimized with the Yoast SEO plugin v27.4 - https:\/\/yoast.com\/product\/yoast-seo-wordpress\/ -->\n<title>A verbena piloto de Tomi\u00f1o desenv\u00f3lvese con total normalidade a pesar dunha feble chuvia -<\/title>\n<meta name=\"description\" content=\"Vinte voluntarios e voluntarias de Protecci\u00f3n Civil de Tomi\u00f1o; a Polic\u00eda Local ao completo e un par de patrullas da Guardia Civil e Polic\u00eda Auton\u00f3mica, tiveron ao seu cargo garantir as medidas de seguridade para a celebraci\u00f3n do evento, no recinto de festas do Alivio\" \/>\n<meta name=\"robots\" content=\"index, follow, max-snippet:-1, max-image-preview:large, max-video-preview:-1\" \/>\n<link rel=\"canonical\" href=\"https:\/\/www.anovapeneira.gal\/index.php\/2021\/06\/25\/a-verbena-piloto-de-tomino-desenvolvese-con-total-normalidade-a-pesar-dunha-feble-chuvia\/\" \/>\n<meta property=\"og:locale\" content=\"gl_ES\" \/>\n<meta property=\"og:type\" content=\"article\" \/>\n<meta property=\"og:title\" content=\"A verbena piloto de Tomi\u00f1o desenv\u00f3lvese con total normalidade a pesar dunha feble chuvia -\" \/>\n<meta property=\"og:description\" content=\"Vinte voluntarios e voluntarias de Protecci\u00f3n Civil de Tomi\u00f1o; a Polic\u00eda Local ao completo e un par de patrullas da Guardia Civil e Polic\u00eda Auton\u00f3mica, tiveron ao seu cargo garantir as medidas de seguridade para a celebraci\u00f3n do evento, no recinto de festas do Alivio\" \/>\n<meta property=\"og:url\" content=\"https:\/\/www.anovapeneira.gal\/index.php\/2021\/06\/25\/a-verbena-piloto-de-tomino-desenvolvese-con-total-normalidade-a-pesar-dunha-feble-chuvia\/\" \/>\n<meta property=\"article:publisher\" content=\"https:\/\/www.facebook.com\/anovapeneira\" \/>\n<meta property=\"article:published_time\" content=\"2021-06-25T08:00:07+00:00\" \/>\n<meta property=\"og:image\" content=\"https:\/\/www.anovapeneira.gal\/wp-content\/uploads\/2021\/06\/verbena_tominho.jpeg\" \/>\n\t<meta property=\"og:image:width\" content=\"720\" \/>\n\t<meta property=\"og:image:height\" content=\"432\" \/>\n\t<meta property=\"og:image:type\" content=\"image\/jpeg\" \/>\n<meta name=\"author\" content=\"Redacci\u00f3n A Nova Peneira\" \/>\n<meta name=\"twitter:card\" content=\"summary_large_image\" \/>\n<meta name=\"twitter:creator\" content=\"@APeneira\" \/>\n<meta name=\"twitter:site\" content=\"@APeneira\" \/>\n<meta name=\"twitter:label1\" content=\"Escrito por\" \/>\n\t<meta name=\"twitter:data1\" content=\"Redacci\u00f3n A Nova Peneira\" \/>\n\t<meta name=\"twitter:label2\" content=\"Tempo de lectura\" \/>\n\t<meta name=\"twitter:data2\" content=\"2 minutos\" \/>\n<script type=\"application\/ld+json\" class=\"yoast-schema-graph\">{\"@context\":\"https:\\\/\\\/schema.org\",\"@graph\":[{\"@type\":\"Article\",\"@id\":\"https:\\\/\\\/www.anovapeneira.gal\\\/index.php\\\/2021\\\/06\\\/25\\\/a-verbena-piloto-de-tomino-desenvolvese-con-total-normalidade-a-pesar-dunha-feble-chuvia\\\/#article\",\"isPartOf\":{\"@id\":\"https:\\\/\\\/www.anovapeneira.gal\\\/index.php\\\/2021\\\/06\\\/25\\\/a-verbena-piloto-de-tomino-desenvolvese-con-total-normalidade-a-pesar-dunha-feble-chuvia\\\/\"},\"author\":{\"name\":\"Redacci\u00f3n A Nova Peneira\",\"@id\":\"https:\\\/\\\/www.anovapeneira.gal\\\/#\\\/schema\\\/person\\\/b93e3f8932e3f8da96334607eb6ac6aa\"},\"headline\":\"A verbena piloto de Tomi\u00f1o desenv\u00f3lvese con total normalidade a pesar dunha feble chuvia\",\"datePublished\":\"2021-06-25T08:00:07+00:00\",\"mainEntityOfPage\":{\"@id\":\"https:\\\/\\\/www.anovapeneira.gal\\\/index.php\\\/2021\\\/06\\\/25\\\/a-verbena-piloto-de-tomino-desenvolvese-con-total-normalidade-a-pesar-dunha-feble-chuvia\\\/\"},\"wordCount\":211,\"commentCount\":0,\"publisher\":{\"@id\":\"https:\\\/\\\/www.anovapeneira.gal\\\/#organization\"},\"image\":{\"@id\":\"https:\\\/\\\/www.anovapeneira.gal\\\/index.php\\\/2021\\\/06\\\/25\\\/a-verbena-piloto-de-tomino-desenvolvese-con-total-normalidade-a-pesar-dunha-feble-chuvia\\\/#primaryimage\"},\"thumbnailUrl\":\"https:\\\/\\\/www.anovapeneira.gal\\\/wp-content\\\/uploads\\\/2021\\\/06\\\/verbena_tominho.jpeg\",\"keywords\":[\"Concello de Tomi\u00f1o\"],\"articleSection\":[\"Baixo Mi\u00f1o\"],\"inLanguage\":\"gl-ES\",\"potentialAction\":[{\"@type\":\"CommentAction\",\"name\":\"Comment\",\"target\":[\"https:\\\/\\\/www.anovapeneira.gal\\\/index.php\\\/2021\\\/06\\\/25\\\/a-verbena-piloto-de-tomino-desenvolvese-con-total-normalidade-a-pesar-dunha-feble-chuvia\\\/#respond\"]}]},{\"@type\":\"WebPage\",\"@id\":\"https:\\\/\\\/www.anovapeneira.gal\\\/index.php\\\/2021\\\/06\\\/25\\\/a-verbena-piloto-de-tomino-desenvolvese-con-total-normalidade-a-pesar-dunha-feble-chuvia\\\/\",\"url\":\"https:\\\/\\\/www.anovapeneira.gal\\\/index.php\\\/2021\\\/06\\\/25\\\/a-verbena-piloto-de-tomino-desenvolvese-con-total-normalidade-a-pesar-dunha-feble-chuvia\\\/\",\"name\":\"A verbena piloto de Tomi\u00f1o desenv\u00f3lvese con total normalidade a pesar dunha feble chuvia -\",\"isPartOf\":{\"@id\":\"https:\\\/\\\/www.anovapeneira.gal\\\/#website\"},\"primaryImageOfPage\":{\"@id\":\"https:\\\/\\\/www.anovapeneira.gal\\\/index.php\\\/2021\\\/06\\\/25\\\/a-verbena-piloto-de-tomino-desenvolvese-con-total-normalidade-a-pesar-dunha-feble-chuvia\\\/#primaryimage\"},\"image\":{\"@id\":\"https:\\\/\\\/www.anovapeneira.gal\\\/index.php\\\/2021\\\/06\\\/25\\\/a-verbena-piloto-de-tomino-desenvolvese-con-total-normalidade-a-pesar-dunha-feble-chuvia\\\/#primaryimage\"},\"thumbnailUrl\":\"https:\\\/\\\/www.anovapeneira.gal\\\/wp-content\\\/uploads\\\/2021\\\/06\\\/verbena_tominho.jpeg\",\"datePublished\":\"2021-06-25T08:00:07+00:00\",\"description\":\"Vinte voluntarios e voluntarias de Protecci\u00f3n Civil de Tomi\u00f1o; a Polic\u00eda Local ao completo e un par de patrullas da Guardia Civil e Polic\u00eda Auton\u00f3mica, tiveron ao seu cargo garantir as medidas de seguridade para a celebraci\u00f3n do evento, no recinto de festas do Alivio\",\"breadcrumb\":{\"@id\":\"https:\\\/\\\/www.anovapeneira.gal\\\/index.php\\\/2021\\\/06\\\/25\\\/a-verbena-piloto-de-tomino-desenvolvese-con-total-normalidade-a-pesar-dunha-feble-chuvia\\\/#breadcrumb\"},\"inLanguage\":\"gl-ES\",\"potentialAction\":[{\"@type\":\"ReadAction\",\"target\":[\"https:\\\/\\\/www.anovapeneira.gal\\\/index.php\\\/2021\\\/06\\\/25\\\/a-verbena-piloto-de-tomino-desenvolvese-con-total-normalidade-a-pesar-dunha-feble-chuvia\\\/\"]}]},{\"@type\":\"ImageObject\",\"inLanguage\":\"gl-ES\",\"@id\":\"https:\\\/\\\/www.anovapeneira.gal\\\/index.php\\\/2021\\\/06\\\/25\\\/a-verbena-piloto-de-tomino-desenvolvese-con-total-normalidade-a-pesar-dunha-feble-chuvia\\\/#primaryimage\",\"url\":\"https:\\\/\\\/www.anovapeneira.gal\\\/wp-content\\\/uploads\\\/2021\\\/06\\\/verbena_tominho.jpeg\",\"contentUrl\":\"https:\\\/\\\/www.anovapeneira.gal\\\/wp-content\\\/uploads\\\/2021\\\/06\\\/verbena_tominho.jpeg\",\"width\":720,\"height\":432,\"caption\":\"Verbena Tomi\u00f1o\"},{\"@type\":\"BreadcrumbList\",\"@id\":\"https:\\\/\\\/www.anovapeneira.gal\\\/index.php\\\/2021\\\/06\\\/25\\\/a-verbena-piloto-de-tomino-desenvolvese-con-total-normalidade-a-pesar-dunha-feble-chuvia\\\/#breadcrumb\",\"itemListElement\":[{\"@type\":\"ListItem\",\"position\":1,\"name\":\"Portada\",\"item\":\"https:\\\/\\\/www.anovapeneira.gal\\\/\"},{\"@type\":\"ListItem\",\"position\":2,\"name\":\"A verbena piloto de Tomi\u00f1o desenv\u00f3lvese con total normalidade a pesar dunha feble chuvia\"}]},{\"@type\":\"WebSite\",\"@id\":\"https:\\\/\\\/www.anovapeneira.gal\\\/#website\",\"url\":\"https:\\\/\\\/www.anovapeneira.gal\\\/\",\"name\":\"\",\"description\":\"Xornal galego de informaci\u00f3n xeral Publicaci\u00f3n mensual de novas de Galicia e en especial dos Concellos da sur da provincia de Pontevedra.\",\"publisher\":{\"@id\":\"https:\\\/\\\/www.anovapeneira.gal\\\/#organization\"},\"potentialAction\":[{\"@type\":\"SearchAction\",\"target\":{\"@type\":\"EntryPoint\",\"urlTemplate\":\"https:\\\/\\\/www.anovapeneira.gal\\\/?s={search_term_string}\"},\"query-input\":{\"@type\":\"PropertyValueSpecification\",\"valueRequired\":true,\"valueName\":\"search_term_string\"}}],\"inLanguage\":\"gl-ES\"},{\"@type\":\"Organization\",\"@id\":\"https:\\\/\\\/www.anovapeneira.gal\\\/#organization\",\"name\":\"A Nova Peneira\",\"url\":\"https:\\\/\\\/www.anovapeneira.gal\\\/\",\"logo\":{\"@type\":\"ImageObject\",\"inLanguage\":\"gl-ES\",\"@id\":\"https:\\\/\\\/www.anovapeneira.gal\\\/#\\\/schema\\\/logo\\\/image\\\/\",\"url\":\"http:\\\/\\\/www.anovapeneira.gal\\\/wp-content\\\/uploads\\\/2019\\\/06\\\/logo_a_nova_peneira_portal_web.png\",\"contentUrl\":\"http:\\\/\\\/www.anovapeneira.gal\\\/wp-content\\\/uploads\\\/2019\\\/06\\\/logo_a_nova_peneira_portal_web.png\",\"width\":300,\"height\":100,\"caption\":\"A Nova Peneira\"},\"image\":{\"@id\":\"https:\\\/\\\/www.anovapeneira.gal\\\/#\\\/schema\\\/logo\\\/image\\\/\"},\"sameAs\":[\"https:\\\/\\\/www.facebook.com\\\/anovapeneira\",\"https:\\\/\\\/x.com\\\/APeneira\"]},{\"@type\":\"Person\",\"@id\":\"https:\\\/\\\/www.anovapeneira.gal\\\/#\\\/schema\\\/person\\\/b93e3f8932e3f8da96334607eb6ac6aa\",\"name\":\"Redacci\u00f3n A Nova Peneira\",\"image\":{\"@type\":\"ImageObject\",\"inLanguage\":\"gl-ES\",\"@id\":\"https:\\\/\\\/secure.gravatar.com\\\/avatar\\\/c052a2551a06e23fac63626232eaa90abd78dbcf1700fc46a2b2c89fd27b735f?s=96&d=mm&r=g\",\"url\":\"https:\\\/\\\/secure.gravatar.com\\\/avatar\\\/c052a2551a06e23fac63626232eaa90abd78dbcf1700fc46a2b2c89fd27b735f?s=96&d=mm&r=g\",\"contentUrl\":\"https:\\\/\\\/secure.gravatar.com\\\/avatar\\\/c052a2551a06e23fac63626232eaa90abd78dbcf1700fc46a2b2c89fd27b735f?s=96&d=mm&r=g\",\"caption\":\"Redacci\u00f3n A Nova Peneira\"},\"sameAs\":[\"http:\\\/\\\/www.anovapeneira.gal\\\/\"],\"url\":\"https:\\\/\\\/www.anovapeneira.gal\\\/index.php\\\/author\\\/redactor\\\/\"}]}<\/script>\n<!-- \/ Yoast SEO plugin. -->","yoast_head_json":{"title":"A verbena piloto de Tomi\u00f1o desenv\u00f3lvese con total normalidade a pesar dunha feble chuvia -","description":"Vinte voluntarios e voluntarias de Protecci\u00f3n Civil de Tomi\u00f1o; a Polic\u00eda Local ao completo e un par de patrullas da Guardia Civil e Polic\u00eda Auton\u00f3mica, tiveron ao seu cargo garantir as medidas de seguridade para a celebraci\u00f3n do evento, no recinto de festas do Alivio","robots":{"index":"index","follow":"follow","max-snippet":"max-snippet:-1","max-image-preview":"max-image-preview:large","max-video-preview":"max-video-preview:-1"},"canonical":"https:\/\/www.anovapeneira.gal\/index.php\/2021\/06\/25\/a-verbena-piloto-de-tomino-desenvolvese-con-total-normalidade-a-pesar-dunha-feble-chuvia\/","og_locale":"gl_ES","og_type":"article","og_title":"A verbena piloto de Tomi\u00f1o desenv\u00f3lvese con total normalidade a pesar dunha feble chuvia -","og_description":"Vinte voluntarios e voluntarias de Protecci\u00f3n Civil de Tomi\u00f1o; a Polic\u00eda Local ao completo e un par de patrullas da Guardia Civil e Polic\u00eda Auton\u00f3mica, tiveron ao seu cargo garantir as medidas de seguridade para a celebraci\u00f3n do evento, no recinto de festas do Alivio","og_url":"https:\/\/www.anovapeneira.gal\/index.php\/2021\/06\/25\/a-verbena-piloto-de-tomino-desenvolvese-con-total-normalidade-a-pesar-dunha-feble-chuvia\/","article_publisher":"https:\/\/www.facebook.com\/anovapeneira","article_published_time":"2021-06-25T08:00:07+00:00","og_image":[{"width":720,"height":432,"url":"https:\/\/www.anovapeneira.gal\/wp-content\/uploads\/2021\/06\/verbena_tominho.jpeg","type":"image\/jpeg"}],"author":"Redacci\u00f3n A Nova Peneira","twitter_card":"summary_large_image","twitter_creator":"@APeneira","twitter_site":"@APeneira","twitter_misc":{"Escrito por":"Redacci\u00f3n A Nova Peneira","Tempo de lectura":"2 minutos"},"schema":{"@context":"https:\/\/schema.org","@graph":[{"@type":"Article","@id":"https:\/\/www.anovapeneira.gal\/index.php\/2021\/06\/25\/a-verbena-piloto-de-tomino-desenvolvese-con-total-normalidade-a-pesar-dunha-feble-chuvia\/#article","isPartOf":{"@id":"https:\/\/www.anovapeneira.gal\/index.php\/2021\/06\/25\/a-verbena-piloto-de-tomino-desenvolvese-con-total-normalidade-a-pesar-dunha-feble-chuvia\/"},"author":{"name":"Redacci\u00f3n A Nova Peneira","@id":"https:\/\/www.anovapeneira.gal\/#\/schema\/person\/b93e3f8932e3f8da96334607eb6ac6aa"},"headline":"A verbena piloto de Tomi\u00f1o desenv\u00f3lvese con total normalidade a pesar dunha feble chuvia","datePublished":"2021-06-25T08:00:07+00:00","mainEntityOfPage":{"@id":"https:\/\/www.anovapeneira.gal\/index.php\/2021\/06\/25\/a-verbena-piloto-de-tomino-desenvolvese-con-total-normalidade-a-pesar-dunha-feble-chuvia\/"},"wordCount":211,"commentCount":0,"publisher":{"@id":"https:\/\/www.anovapeneira.gal\/#organization"},"image":{"@id":"https:\/\/www.anovapeneira.gal\/index.php\/2021\/06\/25\/a-verbena-piloto-de-tomino-desenvolvese-con-total-normalidade-a-pesar-dunha-feble-chuvia\/#primaryimage"},"thumbnailUrl":"https:\/\/www.anovapeneira.gal\/wp-content\/uploads\/2021\/06\/verbena_tominho.jpeg","keywords":["Concello de Tomi\u00f1o"],"articleSection":["Baixo Mi\u00f1o"],"inLanguage":"gl-ES","potentialAction":[{"@type":"CommentAction","name":"Comment","target":["https:\/\/www.anovapeneira.gal\/index.php\/2021\/06\/25\/a-verbena-piloto-de-tomino-desenvolvese-con-total-normalidade-a-pesar-dunha-feble-chuvia\/#respond"]}]},{"@type":"WebPage","@id":"https:\/\/www.anovapeneira.gal\/index.php\/2021\/06\/25\/a-verbena-piloto-de-tomino-desenvolvese-con-total-normalidade-a-pesar-dunha-feble-chuvia\/","url":"https:\/\/www.anovapeneira.gal\/index.php\/2021\/06\/25\/a-verbena-piloto-de-tomino-desenvolvese-con-total-normalidade-a-pesar-dunha-feble-chuvia\/","name":"A verbena piloto de Tomi\u00f1o desenv\u00f3lvese con total normalidade a pesar dunha feble chuvia -","isPartOf":{"@id":"https:\/\/www.anovapeneira.gal\/#website"},"primaryImageOfPage":{"@id":"https:\/\/www.anovapeneira.gal\/index.php\/2021\/06\/25\/a-verbena-piloto-de-tomino-desenvolvese-con-total-normalidade-a-pesar-dunha-feble-chuvia\/#primaryimage"},"image":{"@id":"https:\/\/www.anovapeneira.gal\/index.php\/2021\/06\/25\/a-verbena-piloto-de-tomino-desenvolvese-con-total-normalidade-a-pesar-dunha-feble-chuvia\/#primaryimage"},"thumbnailUrl":"https:\/\/www.anovapeneira.gal\/wp-content\/uploads\/2021\/06\/verbena_tominho.jpeg","datePublished":"2021-06-25T08:00:07+00:00","description":"Vinte voluntarios e voluntarias de Protecci\u00f3n Civil de Tomi\u00f1o; a Polic\u00eda Local ao completo e un par de patrullas da Guardia Civil e Polic\u00eda Auton\u00f3mica, tiveron ao seu cargo garantir as medidas de seguridade para a celebraci\u00f3n do evento, no recinto de festas do Alivio","breadcrumb":{"@id":"https:\/\/www.anovapeneira.gal\/index.php\/2021\/06\/25\/a-verbena-piloto-de-tomino-desenvolvese-con-total-normalidade-a-pesar-dunha-feble-chuvia\/#breadcrumb"},"inLanguage":"gl-ES","potentialAction":[{"@type":"ReadAction","target":["https:\/\/www.anovapeneira.gal\/index.php\/2021\/06\/25\/a-verbena-piloto-de-tomino-desenvolvese-con-total-normalidade-a-pesar-dunha-feble-chuvia\/"]}]},{"@type":"ImageObject","inLanguage":"gl-ES","@id":"https:\/\/www.anovapeneira.gal\/index.php\/2021\/06\/25\/a-verbena-piloto-de-tomino-desenvolvese-con-total-normalidade-a-pesar-dunha-feble-chuvia\/#primaryimage","url":"https:\/\/www.anovapeneira.gal\/wp-content\/uploads\/2021\/06\/verbena_tominho.jpeg","contentUrl":"https:\/\/www.anovapeneira.gal\/wp-content\/uploads\/2021\/06\/verbena_tominho.jpeg","width":720,"height":432,"caption":"Verbena Tomi\u00f1o"},{"@type":"BreadcrumbList","@id":"https:\/\/www.anovapeneira.gal\/index.php\/2021\/06\/25\/a-verbena-piloto-de-tomino-desenvolvese-con-total-normalidade-a-pesar-dunha-feble-chuvia\/#breadcrumb","itemListElement":[{"@type":"ListItem","position":1,"name":"Portada","item":"https:\/\/www.anovapeneira.gal\/"},{"@type":"ListItem","position":2,"name":"A verbena piloto de Tomi\u00f1o desenv\u00f3lvese con total normalidade a pesar dunha feble chuvia"}]},{"@type":"WebSite","@id":"https:\/\/www.anovapeneira.gal\/#website","url":"https:\/\/www.anovapeneira.gal\/","name":"","description":"Xornal galego de informaci\u00f3n xeral Publicaci\u00f3n mensual de novas de Galicia e en especial dos Concellos da sur da provincia de Pontevedra.","publisher":{"@id":"https:\/\/www.anovapeneira.gal\/#organization"},"potentialAction":[{"@type":"SearchAction","target":{"@type":"EntryPoint","urlTemplate":"https:\/\/www.anovapeneira.gal\/?s={search_term_string}"},"query-input":{"@type":"PropertyValueSpecification","valueRequired":true,"valueName":"search_term_string"}}],"inLanguage":"gl-ES"},{"@type":"Organization","@id":"https:\/\/www.anovapeneira.gal\/#organization","name":"A Nova Peneira","url":"https:\/\/www.anovapeneira.gal\/","logo":{"@type":"ImageObject","inLanguage":"gl-ES","@id":"https:\/\/www.anovapeneira.gal\/#\/schema\/logo\/image\/","url":"http:\/\/www.anovapeneira.gal\/wp-content\/uploads\/2019\/06\/logo_a_nova_peneira_portal_web.png","contentUrl":"http:\/\/www.anovapeneira.gal\/wp-content\/uploads\/2019\/06\/logo_a_nova_peneira_portal_web.png","width":300,"height":100,"caption":"A Nova Peneira"},"image":{"@id":"https:\/\/www.anovapeneira.gal\/#\/schema\/logo\/image\/"},"sameAs":["https:\/\/www.facebook.com\/anovapeneira","https:\/\/x.com\/APeneira"]},{"@type":"Person","@id":"https:\/\/www.anovapeneira.gal\/#\/schema\/person\/b93e3f8932e3f8da96334607eb6ac6aa","name":"Redacci\u00f3n A Nova Peneira","image":{"@type":"ImageObject","inLanguage":"gl-ES","@id":"https:\/\/secure.gravatar.com\/avatar\/c052a2551a06e23fac63626232eaa90abd78dbcf1700fc46a2b2c89fd27b735f?s=96&d=mm&r=g","url":"https:\/\/secure.gravatar.com\/avatar\/c052a2551a06e23fac63626232eaa90abd78dbcf1700fc46a2b2c89fd27b735f?s=96&d=mm&r=g","contentUrl":"https:\/\/secure.gravatar.com\/avatar\/c052a2551a06e23fac63626232eaa90abd78dbcf1700fc46a2b2c89fd27b735f?s=96&d=mm&r=g","caption":"Redacci\u00f3n A Nova Peneira"},"sameAs":["http:\/\/www.anovapeneira.gal\/"],"url":"https:\/\/www.anovapeneira.gal\/index.php\/author\/redactor\/"}]}},"jetpack_featured_media_url":"https:\/\/www.anovapeneira.gal\/wp-content\/uploads\/2021\/06\/verbena_tominho.jpeg","_links":{"self":[{"href":"https:\/\/www.anovapeneira.gal\/index.php\/wp-json\/wp\/v2\/posts\/5662","targetHints":{"allow":["GET"]}}],"collection":[{"href":"https:\/\/www.anovapeneira.gal\/index.php\/wp-json\/wp\/v2\/posts"}],"about":[{"href":"https:\/\/www.anovapeneira.gal\/index.php\/wp-json\/wp\/v2\/types\/post"}],"author":[{"embeddable":true,"href":"https:\/\/www.anovapeneira.gal\/index.php\/wp-json\/wp\/v2\/users\/3"}],"replies":[{"embeddable":true,"href":"https:\/\/www.anovapeneira.gal\/index.php\/wp-json\/wp\/v2\/comments?post=5662"}],"version-history":[{"count":2,"href":"https:\/\/www.anovapeneira.gal\/index.php\/wp-json\/wp\/v2\/posts\/5662\/revisions"}],"predecessor-version":[{"id":5666,"href":"https:\/\/www.anovapeneira.gal\/index.php\/wp-json\/wp\/v2\/posts\/5662\/revisions\/5666"}],"wp:featuredmedia":[{"embeddable":true,"href":"https:\/\/www.anovapeneira.gal\/index.php\/wp-json\/wp\/v2\/media\/5664"}],"wp:attachment":[{"href":"https:\/\/www.anovapeneira.gal\/index.php\/wp-json\/wp\/v2\/media?parent=5662"}],"wp:term":[{"taxonomy":"category","embeddable":true,"href":"https:\/\/www.anovapeneira.gal\/index.php\/wp-json\/wp\/v2\/categories?post=5662"},{"taxonomy":"post_tag","embeddable":true,"href":"https:\/\/www.anovapeneira.gal\/index.php\/wp-json\/wp\/v2\/tags?post=5662"}],"curies":[{"name":"wp","href":"https:\/\/api.w.org\/{rel}","templated":true}]}}