{"id":5667,"date":"2021-06-25T12:00:13","date_gmt":"2021-06-25T10:00:13","guid":{"rendered":"https:\/\/www.anovapeneira.gal\/?p=5667"},"modified":"2021-06-23T14:15:33","modified_gmt":"2021-06-23T12:15:33","slug":"o-bng-de-mos-sen-limites","status":"publish","type":"post","link":"https:\/\/www.anovapeneira.gal\/index.php\/2021\/06\/25\/o-bng-de-mos-sen-limites\/","title":{"rendered":"O BNG de Mos sen L\u00edmites"},"content":{"rendered":"\n<p><strong>En todo o pa\u00eds galego o BNG semella que vive unha situaci\u00f3n de contin\u00fao crecemento. Os distintos estudos demosc\u00f3picos sit\u00faan \u00e1 forza liderada por Ana Pont\u00f3n nunha situaci\u00f3n id\u00f3nea para ser alternativa real ao PP a corto prazo. Asemade, o que resulta m\u00e1is interesante para o nacionalismo galego \u00e9 que \u00e9 a opci\u00f3n preferida pola xente m\u00e1is nova. Mos non \u00e9 unha excepci\u00f3n e os nacionalistas mosenses non paran de engrosar as s\u00faas ringleiras, incluso con xente moi nova e manif\u00e9stanse ilusionados en que o seu intenso traballo a p\u00e9 e r\u00faa poida facerlles merecer un aumento significativo da confianza de boa parte da sociedade mosense. N\u00f3s mergull\u00e1monos nas s\u00faas profundidades coa intenci\u00f3n de co\u00f1ecelos mellor e conversamos con Gustavo , o seu voceiro, e con Alba, unha militante de Galiza Nova( as mocidades do BNG) de Mos<\/strong><\/p>\n\n\n\n<p><strong>Gustavo Barcia voceiro do BNG de Mos<\/strong><\/p>\n\n\n\n<p>\u201c <strong>A sa\u00fade do BNG de Mos \u00e9 excelente\u201d<\/strong><\/p>\n\n\n\n<p><strong>No ecuador do mandato como valoras a xesti\u00f3n do goberno municipal nestes dous anos?<\/strong><\/p>\n\n\n\n<blockquote class=\"wp-block-quote is-layout-flow wp-block-quote-is-layout-flow\"><p>A xesti\u00f3n do PP de Mos e de Nidia Ar\u00e9valo s\u00f3 se pode cualificar de desgoberno e de desidia absoluta<\/p><\/blockquote>\n\n\n\n<p><strong>En Mos goberna o PP ou goberna Nidia Ar\u00e9valo?<\/strong><\/p>\n\n\n\n<blockquote class=\"wp-block-quote is-layout-flow wp-block-quote-is-layout-flow\"><p>En Mos goberna Nidia Ar\u00e9valo acompa\u00f1ada por 8 concelleir@s sen ning\u00fan tipo de voz nin opini\u00f3n. De feito nos plenos \u00e9 practicamente imposible que interve\u00f1a algu\u00e9n do PP diferente \u00e1 alcaldesa ou ao seu portavoz.<\/p><\/blockquote>\n\n\n\n<p><strong>Agora toca valorar o voso traballo de oposici\u00f3n?<\/strong><\/p>\n\n\n\n<blockquote class=\"wp-block-quote is-layout-flow wp-block-quote-is-layout-flow\"><p>Esta \u00e9 a mi\u00f1a primeira experiencia institucional e antes que nada quixera agradecer a Miguel Aldea, anterior concelleiro do BNG, o seu traballo, pois a min axudoume moito. En relaci\u00f3n \u00e1 pregunta creo que estamos a facer unha oposici\u00f3n rigorosa, contundente e responsable. Por exemplo fomos o \u00fanico grupo que presentou emendas aos orzamentos<\/p><\/blockquote>\n\n\n\n<p><strong>Ah si?<\/strong><\/p>\n\n\n\n<blockquote class=\"wp-block-quote is-layout-flow wp-block-quote-is-layout-flow\"><p>Si. Emendas na direcci\u00f3n de mellorar o que entendiamos mellorable. E presentamos todo tipo de moci\u00f3ns, sempre resultado dos contactos previos cos colectivos veci\u00f1ais aos que lles puidera afectar.<\/p><\/blockquote>\n\n\n\n<p><strong>O BNG sempre criticou a xesti\u00f3n econ\u00f3mica deste goberno con moita contundencia. Como est\u00e1 a situaci\u00f3n econ\u00f3mica do concello no momento presente?<\/strong><\/p>\n\n\n\n<blockquote class=\"wp-block-quote is-layout-flow wp-block-quote-is-layout-flow\"><p>A d\u00e9beda reduciuse , pero non como resultado da boa xesti\u00f3n econ\u00f3mica , nin moito menos. A reduci\u00f3n d\u00e9bese as medidas de obrigado cumprimento que impuxo no seu momento o ministerio de facenda. Malia esa circunstancia \u00e9 m\u00e1is que evidente que se seguen gastando unha cantidade inmensa de cartos en actos de pura propaganda que non te\u00f1en ningunha repercusi\u00f3n positiva no Concello<\/p><\/blockquote>\n\n\n\n<p><strong>Por exemplo?<\/strong><\/p>\n\n\n\n<blockquote class=\"wp-block-quote is-layout-flow wp-block-quote-is-layout-flow\"><p>A volta ciclista a Espa\u00f1a<\/p><\/blockquote>\n\n\n\n<p><strong>Ti cres que a volta ciclista ten repercusi\u00f3n 0 para o concello?<\/strong><\/p>\n\n\n\n<blockquote class=\"wp-block-quote is-layout-flow wp-block-quote-is-layout-flow\"><p>Non o creo eu .\u00c9 unha evidencia emp\u00edrica. Que beneficio supuxo para o Concello a etapa do ano pasado?, ning\u00fan absolutamente ning\u00fan. S\u00f3 serviu para que alcaldesa se dera un paseo en coche<\/p><\/blockquote>\n\n\n\n<p><strong>Pero a alcaldesa dixo que foi a custe 0?<\/strong><\/p>\n\n\n\n<blockquote class=\"wp-block-quote is-layout-flow wp-block-quote-is-layout-flow\"><p>Xa, pero mentiu unha vez m\u00e1is. Gastaron 4.000\u20ac en cuesti\u00f3ns varias. E recibiron 20.000\u20ac da Xunta, para sufragar os gastos, e iso non deixan de ser cartos p\u00fablicos, e outros 20.000 en doaz\u00f3ns de empresarios, que ben, a min sempre me pareceu moi raro que algu\u00e9n dea algo a cambio de nada. Por outra parte o ano pasado foi unha sa\u00edda de etapa, e este ano vai ser unha chegada co que nos tememos que custe moito m\u00e1is<\/p><\/blockquote>\n\n\n\n<p><strong>E porque non o preguntades nun pleno?<\/strong><\/p>\n\n\n\n<blockquote class=\"wp-block-quote is-layout-flow wp-block-quote-is-layout-flow\"><p>Xa o fixemos, pero neg\u00e1ronse a contestar, pero esa a transparencia habitual desa alcaldesa<\/p><\/blockquote>\n\n\n\n<p><strong>Expl\u00edcanos as motivaci\u00f3ns da vosa moci\u00f3n sobre o instituto?<\/strong><\/p>\n\n\n\n<blockquote class=\"wp-block-quote is-layout-flow wp-block-quote-is-layout-flow\"><p>O instituto ten deficiencias notables: -chov\u00edalle por dentro, de feito chegaron a inutilizar un par de aulas polas humidades-Ten sobre poboaci\u00f3n- O espazo \u00e9 escaso-Non hai patio cuberto. E o alumnado que quere facer FP non pode porque aqu\u00ed non hai, co problema engadido de que a inexistencia de transporte p\u00fablico obriga a ter un veh\u00edculo para desprazarse a outra localidade a estudar<\/p><\/blockquote>\n\n\n\n<p><strong>A sobre poboaci\u00f3n que mencionas puido ter algo que ver no recente gromo de COVID que obrigou ao peche perimetral de Mos?<\/strong><\/p>\n\n\n\n<blockquote class=\"wp-block-quote is-layout-flow wp-block-quote-is-layout-flow\"><p>Eu creo que se puxo un exceso o foco no instituto. De feito n\u00f3s tiramos un comunicado expresando o noso apoio a toda a comunidade educativa. No instituto houbo 33 casos e no concello chegou a haber m\u00e1is de 100<\/p><\/blockquote>\n\n\n\n<p><strong>Xa , pero a situaci\u00f3n concreta do gromo do instituto non puido ter relaci\u00f3n con que \u00e9 un espazo s\u00faper poboado?<\/strong><\/p>\n\n\n\n<blockquote class=\"wp-block-quote is-layout-flow wp-block-quote-is-layout-flow\"><p>Indiscutiblemente.<\/p><\/blockquote>\n\n\n\n<p><strong>En relaci\u00f3n \u00e1 decisi\u00f3n xudicial sobre a cidade deportiva do celta que nos dis?<\/strong><\/p>\n\n\n\n<blockquote class=\"wp-block-quote is-layout-flow wp-block-quote-is-layout-flow\"><p>A decisi\u00f3n anula a licenza dos vestiarios e manda revisar a dos campos e o que denota \u00e9 a conivencia entre unha administraci\u00f3n, o concello de Mos, e un empresario privado, o presidente do celta.<\/p><\/blockquote>\n\n\n\n<blockquote class=\"wp-block-quote is-layout-flow wp-block-quote-is-layout-flow\"><p>Haber\u00e1 que ver o resultado do recurso do Concello ao TSXG .A nosa opini\u00f3n \u00e9 que vai ratificar a sentenza. Por outra parte outra conclusi\u00f3n obvia da decisi\u00f3n xudicial \u00e9 que en realidade \u00e9 todo este proxecto o que vai en contra dos intereses de Mos<\/p><\/blockquote>\n\n\n\n<p><strong>Que pasa na esquerda de Mos ?<\/strong><\/p>\n\n\n\n<blockquote class=\"wp-block-quote is-layout-flow wp-block-quote-is-layout-flow\"><p>Con toda a humildade do mundo pero tam\u00e9n con toda contundencia d\u00edgoche que a sa\u00fade interna do BNG de Mos \u00e9 excelente<\/p><\/blockquote>\n\n\n\n<p><strong>Xa pero unha corporaci\u00f3n con d\u00faas persoas non adscritas procedentes de dous grupos diferentes \u00e9 unha situaci\u00f3n absolutamente an\u00f3mala?<\/strong><\/p>\n\n\n\n<blockquote class=\"wp-block-quote is-layout-flow wp-block-quote-is-layout-flow\"><p>Eu non me vou meter na vida interna de outras organizaci\u00f3ns. Este tipo de episodios non se dan cando o corpo militante n\u00fatrese de persoas comprometidas co corpus ideol\u00f3xico da formaci\u00f3n pol\u00edtica. \u00c9 un par\u00e1metro de actuaci\u00f3n que no BNG a nivel nacional sempre tivemos moi claro. Tanto \u00e9 as\u00ed que incluso nos momentos de desastre electoral, que sufrimos no pasado, a nosa organizaci\u00f3n sempre foi enormemente s\u00f3lida<\/p><\/blockquote>\n\n\n\n<p><strong>Na foto que vos acabo de tirar o que m\u00e1is me sorprende \u00e9 ver xente tan nova implicada politicamente?<\/strong><\/p>\n\n\n\n<blockquote class=\"wp-block-quote is-layout-flow wp-block-quote-is-layout-flow\"><p>Como che dixen antes o BNG de Mos, en consonancia co BNG de todo o pa\u00eds, goza de moi boa sa\u00fade. E si, mozos e mozas de Mos ach\u00e9ganse a n\u00f3s, o que \u00e9 un tremendo orgullo para min.<\/p><\/blockquote>\n\n\n\n<p><strong>Rematamos Gustavo, cales son os obxectivos realistas do BNG de Mos para o 2.023?<\/strong><\/p>\n\n\n\n<blockquote class=\"wp-block-quote is-layout-flow wp-block-quote-is-layout-flow\"><p>O prioritario \u00e9 que o PP perda a maior\u00eda absoluta e poder desaloxar democraticamente a este desastre de goberno que padece Mos. E logo aspiramos, e d\u00edgoo cos pes no chan, a ser a primeira forza pol\u00edtica da esquerda de Mos.<\/p><\/blockquote>\n\n\n\n<p><strong>Alba Rodr\u00edguez militante de Galiza Nova<\/strong><\/p>\n\n\n\n<p>\u201c<strong>A implicaci\u00f3n da mocidade en pol\u00edtica \u00e9 a \u00fanica forma de solucionar os graves problemas que afectan \u00e1 nosa xeraci\u00f3n\u201d<\/strong><\/p>\n\n\n\n<p><strong>Cando iniciaches a t\u00faa militancia pol\u00edtica?<\/strong><\/p>\n\n\n\n<blockquote class=\"wp-block-quote is-layout-flow wp-block-quote-is-layout-flow\"><p>Hai algo m\u00e1is de dous anos<\/p><\/blockquote>\n\n\n\n<p><strong>Por que?<\/strong><\/p>\n\n\n\n<blockquote class=\"wp-block-quote is-layout-flow wp-block-quote-is-layout-flow\"><p>Considero que a implicaci\u00f3n social e pol\u00edtica \u00e9 a \u00fanica maneira de resolver os problemas colectivos e a mellor forma de contribu\u00edr ao ben com\u00fan. Se todos e todas nos queixamos pero ningu\u00e9n fai nada para arranxar os problemas, non hai maneira de solucionalos<\/p><\/blockquote>\n\n\n\n<p><strong>A impresi\u00f3n que te\u00f1o, encantar\u00edame equivocarme, \u00e9 que a mocidade, a t\u00faa xeraci\u00f3n , non \u00e9 moi proclive a implicarse na pol\u00edtica. Ti que pensas?<\/strong><\/p>\n\n\n\n<blockquote class=\"wp-block-quote is-layout-flow wp-block-quote-is-layout-flow\"><p>O que percibo eu no meu contexto de amigos e amigas \u00e9 que si \u00e9 as\u00ed. Normalmente \u00e9 un tema que ata resulta dif\u00edcil poder debater. Eu creo que a mi\u00f1a xeraci\u00f3n est\u00e1 moi mediatizada polo contexto que trata de equiparar a pr\u00e1ctica pol\u00edtica con conceptos negativos e incluso como unha fonte de xeraci\u00f3n de problemas. Eu quero animar a toda a xente moza que lea esta entrevista a que dea o paso de implicarse, pois ao fin e ao cabo contribu\u00edr ao ben com\u00fan fainos mellor como sociedade<\/p><\/blockquote>\n\n\n\n<p><strong>Ti tiveches alg\u00fan tipo de problema pola t\u00faa militancia pol\u00edtica?<\/strong><\/p>\n\n\n\n<blockquote class=\"wp-block-quote is-layout-flow wp-block-quote-is-layout-flow\"><p>Si, no eido da mi\u00f1a vida persoal si tiven alg\u00fan.<\/p><\/blockquote>\n\n\n\n<p><strong>Cales son os problemas m\u00e1is graves que ten a mocidade galega en xeral e a de Mos en particular?<\/strong><\/p>\n\n\n\n<blockquote class=\"wp-block-quote is-layout-flow wp-block-quote-is-layout-flow\"><p>O problema m\u00e1is grave que ten a mocidade \u00e9 a extrema dificultade para constru\u00edrmos un proxecto persoal de vida pois: o acceso ao mercado laboral \u00e9 dificil\u00edsimo e o acceso \u00e1 vivenda \u00e9 pouco menos que imposible. As mozas e mozos de Mos temos o problema engadido de que no noso pobo non se pode facer vida.<\/p><\/blockquote>\n\n\n\n<p><strong>E como valoras as pol\u00edticas de atenci\u00f3n \u00e1 mocidade que desenvolve a administraci\u00f3n municipal?<\/strong><\/p>\n\n\n\n<blockquote class=\"wp-block-quote is-layout-flow wp-block-quote-is-layout-flow\"><p>Son inexistentes ao marxe da propaganda que \u00e9 o \u00fanico que fan<\/p><\/blockquote>\n\n\n\n<p><strong>Rematamos Alba coa pregunta m\u00e1is intimista. Confesa: que ambiente encontraches no interior do BNG de Mos?( non valen clix\u00e9s)<\/strong><\/p>\n\n\n\n<blockquote class=\"wp-block-quote is-layout-flow wp-block-quote-is-layout-flow\"><p>Ha ha ha ha ha. Non \u00e9 un clix\u00e9 en serio ; o BNG de Mos \u00e9 como unha familia<\/p><\/blockquote>\n\n\n\n<p><strong>Ben, hai familias que se levan a matar<\/strong><\/p>\n\n\n\n<blockquote class=\"wp-block-quote is-layout-flow wp-block-quote-is-layout-flow\"><p>Ha ha ha. Xa, pero non \u00e9 o caso. O BNG de Mos \u00e9 como unha familia na que \u00e9 un pracer estar, pois o trato interno \u00e9 exquisito e o compromiso colectivo no ben com\u00fan \u00e9 o que vin desde o primeiro momento que cheguei<\/p><\/blockquote>\n","protected":false},"excerpt":{"rendered":"<div class=\"mh-excerpt\"><p>En todo o pa\u00eds galego o BNG semella que vive unha situaci\u00f3n de contin\u00fao crecemento. Os distintos estudos demosc\u00f3picos sit\u00faan \u00e1 forza liderada por Ana Pont\u00f3n nunha situaci\u00f3n id\u00f3nea para ser alternativa real ao PP a corto prazo <a class=\"mh-excerpt-more\" href=\"https:\/\/www.anovapeneira.gal\/index.php\/2021\/06\/25\/o-bng-de-mos-sen-limites\/\" title=\"O BNG de Mos sen L\u00edmites\">[&#8230;]<\/a><\/p>\n<\/div>","protected":false},"author":3,"featured_media":5669,"comment_status":"open","ping_status":"open","sticky":false,"template":"","format":"standard","meta":{"_exactmetrics_skip_tracking":false,"_exactmetrics_sitenote_active":false,"_exactmetrics_sitenote_note":"","_exactmetrics_sitenote_category":0,"footnotes":""},"categories":[265],"tags":[],"class_list":{"0":"post-5667","1":"post","2":"type-post","3":"status-publish","4":"format-standard","5":"has-post-thumbnail","7":"category-a-lourina-entrevistas"},"yoast_head":"<!-- This site is optimized with the Yoast SEO plugin v27.4 - https:\/\/yoast.com\/product\/yoast-seo-wordpress\/ -->\n<title>O BNG de Mos sen L\u00edmites -<\/title>\n<meta name=\"description\" content=\"En todo o pa\u00eds galego o BNG semella que vive unha situaci\u00f3n de contin\u00fao crecemento. Os distintos estudos demosc\u00f3picos sit\u00faan \u00e1 forza liderada por Ana Pont\u00f3n nunha situaci\u00f3n id\u00f3nea para ser alternativa real ao PP a corto prazo\" \/>\n<meta name=\"robots\" content=\"index, follow, max-snippet:-1, max-image-preview:large, max-video-preview:-1\" \/>\n<link rel=\"canonical\" href=\"https:\/\/www.anovapeneira.gal\/index.php\/2021\/06\/25\/o-bng-de-mos-sen-limites\/\" \/>\n<meta property=\"og:locale\" content=\"gl_ES\" \/>\n<meta property=\"og:type\" content=\"article\" \/>\n<meta property=\"og:title\" content=\"O BNG de Mos sen L\u00edmites -\" \/>\n<meta property=\"og:description\" content=\"En todo o pa\u00eds galego o BNG semella que vive unha situaci\u00f3n de contin\u00fao crecemento. Os distintos estudos demosc\u00f3picos sit\u00faan \u00e1 forza liderada por Ana Pont\u00f3n nunha situaci\u00f3n id\u00f3nea para ser alternativa real ao PP a corto prazo\" \/>\n<meta property=\"og:url\" content=\"https:\/\/www.anovapeneira.gal\/index.php\/2021\/06\/25\/o-bng-de-mos-sen-limites\/\" \/>\n<meta property=\"article:publisher\" content=\"https:\/\/www.facebook.com\/anovapeneira\" \/>\n<meta property=\"article:published_time\" content=\"2021-06-25T10:00:13+00:00\" \/>\n<meta property=\"og:image\" content=\"https:\/\/www.anovapeneira.gal\/wp-content\/uploads\/2021\/06\/bng_mos.jpg\" \/>\n\t<meta property=\"og:image:width\" content=\"720\" \/>\n\t<meta property=\"og:image:height\" content=\"432\" \/>\n\t<meta property=\"og:image:type\" content=\"image\/jpeg\" \/>\n<meta name=\"author\" content=\"Redacci\u00f3n A Nova Peneira\" \/>\n<meta name=\"twitter:card\" content=\"summary_large_image\" \/>\n<meta name=\"twitter:creator\" content=\"@APeneira\" \/>\n<meta name=\"twitter:site\" content=\"@APeneira\" \/>\n<meta name=\"twitter:label1\" content=\"Escrito por\" \/>\n\t<meta name=\"twitter:data1\" content=\"Redacci\u00f3n A Nova Peneira\" \/>\n\t<meta name=\"twitter:label2\" content=\"Tempo de lectura\" \/>\n\t<meta name=\"twitter:data2\" content=\"7 minutos\" \/>\n<script type=\"application\/ld+json\" class=\"yoast-schema-graph\">{\"@context\":\"https:\\\/\\\/schema.org\",\"@graph\":[{\"@type\":\"Article\",\"@id\":\"https:\\\/\\\/www.anovapeneira.gal\\\/index.php\\\/2021\\\/06\\\/25\\\/o-bng-de-mos-sen-limites\\\/#article\",\"isPartOf\":{\"@id\":\"https:\\\/\\\/www.anovapeneira.gal\\\/index.php\\\/2021\\\/06\\\/25\\\/o-bng-de-mos-sen-limites\\\/\"},\"author\":{\"name\":\"Redacci\u00f3n A Nova Peneira\",\"@id\":\"https:\\\/\\\/www.anovapeneira.gal\\\/#\\\/schema\\\/person\\\/b93e3f8932e3f8da96334607eb6ac6aa\"},\"headline\":\"O BNG de Mos sen L\u00edmites\",\"datePublished\":\"2021-06-25T10:00:13+00:00\",\"mainEntityOfPage\":{\"@id\":\"https:\\\/\\\/www.anovapeneira.gal\\\/index.php\\\/2021\\\/06\\\/25\\\/o-bng-de-mos-sen-limites\\\/\"},\"wordCount\":1555,\"commentCount\":0,\"publisher\":{\"@id\":\"https:\\\/\\\/www.anovapeneira.gal\\\/#organization\"},\"image\":{\"@id\":\"https:\\\/\\\/www.anovapeneira.gal\\\/index.php\\\/2021\\\/06\\\/25\\\/o-bng-de-mos-sen-limites\\\/#primaryimage\"},\"thumbnailUrl\":\"https:\\\/\\\/www.anovapeneira.gal\\\/wp-content\\\/uploads\\\/2021\\\/06\\\/bng_mos.jpg\",\"articleSection\":[\"A Louri\u00f1a\"],\"inLanguage\":\"gl-ES\",\"potentialAction\":[{\"@type\":\"CommentAction\",\"name\":\"Comment\",\"target\":[\"https:\\\/\\\/www.anovapeneira.gal\\\/index.php\\\/2021\\\/06\\\/25\\\/o-bng-de-mos-sen-limites\\\/#respond\"]}]},{\"@type\":\"WebPage\",\"@id\":\"https:\\\/\\\/www.anovapeneira.gal\\\/index.php\\\/2021\\\/06\\\/25\\\/o-bng-de-mos-sen-limites\\\/\",\"url\":\"https:\\\/\\\/www.anovapeneira.gal\\\/index.php\\\/2021\\\/06\\\/25\\\/o-bng-de-mos-sen-limites\\\/\",\"name\":\"O BNG de Mos sen L\u00edmites -\",\"isPartOf\":{\"@id\":\"https:\\\/\\\/www.anovapeneira.gal\\\/#website\"},\"primaryImageOfPage\":{\"@id\":\"https:\\\/\\\/www.anovapeneira.gal\\\/index.php\\\/2021\\\/06\\\/25\\\/o-bng-de-mos-sen-limites\\\/#primaryimage\"},\"image\":{\"@id\":\"https:\\\/\\\/www.anovapeneira.gal\\\/index.php\\\/2021\\\/06\\\/25\\\/o-bng-de-mos-sen-limites\\\/#primaryimage\"},\"thumbnailUrl\":\"https:\\\/\\\/www.anovapeneira.gal\\\/wp-content\\\/uploads\\\/2021\\\/06\\\/bng_mos.jpg\",\"datePublished\":\"2021-06-25T10:00:13+00:00\",\"description\":\"En todo o pa\u00eds galego o BNG semella que vive unha situaci\u00f3n de contin\u00fao crecemento. Os distintos estudos demosc\u00f3picos sit\u00faan \u00e1 forza liderada por Ana Pont\u00f3n nunha situaci\u00f3n id\u00f3nea para ser alternativa real ao PP a corto prazo\",\"breadcrumb\":{\"@id\":\"https:\\\/\\\/www.anovapeneira.gal\\\/index.php\\\/2021\\\/06\\\/25\\\/o-bng-de-mos-sen-limites\\\/#breadcrumb\"},\"inLanguage\":\"gl-ES\",\"potentialAction\":[{\"@type\":\"ReadAction\",\"target\":[\"https:\\\/\\\/www.anovapeneira.gal\\\/index.php\\\/2021\\\/06\\\/25\\\/o-bng-de-mos-sen-limites\\\/\"]}]},{\"@type\":\"ImageObject\",\"inLanguage\":\"gl-ES\",\"@id\":\"https:\\\/\\\/www.anovapeneira.gal\\\/index.php\\\/2021\\\/06\\\/25\\\/o-bng-de-mos-sen-limites\\\/#primaryimage\",\"url\":\"https:\\\/\\\/www.anovapeneira.gal\\\/wp-content\\\/uploads\\\/2021\\\/06\\\/bng_mos.jpg\",\"contentUrl\":\"https:\\\/\\\/www.anovapeneira.gal\\\/wp-content\\\/uploads\\\/2021\\\/06\\\/bng_mos.jpg\",\"width\":720,\"height\":432,\"caption\":\"BNG Mos\"},{\"@type\":\"BreadcrumbList\",\"@id\":\"https:\\\/\\\/www.anovapeneira.gal\\\/index.php\\\/2021\\\/06\\\/25\\\/o-bng-de-mos-sen-limites\\\/#breadcrumb\",\"itemListElement\":[{\"@type\":\"ListItem\",\"position\":1,\"name\":\"Portada\",\"item\":\"https:\\\/\\\/www.anovapeneira.gal\\\/\"},{\"@type\":\"ListItem\",\"position\":2,\"name\":\"O BNG de Mos sen L\u00edmites\"}]},{\"@type\":\"WebSite\",\"@id\":\"https:\\\/\\\/www.anovapeneira.gal\\\/#website\",\"url\":\"https:\\\/\\\/www.anovapeneira.gal\\\/\",\"name\":\"\",\"description\":\"Xornal galego de informaci\u00f3n xeral Publicaci\u00f3n mensual de novas de Galicia e en especial dos Concellos da sur da provincia de Pontevedra.\",\"publisher\":{\"@id\":\"https:\\\/\\\/www.anovapeneira.gal\\\/#organization\"},\"potentialAction\":[{\"@type\":\"SearchAction\",\"target\":{\"@type\":\"EntryPoint\",\"urlTemplate\":\"https:\\\/\\\/www.anovapeneira.gal\\\/?s={search_term_string}\"},\"query-input\":{\"@type\":\"PropertyValueSpecification\",\"valueRequired\":true,\"valueName\":\"search_term_string\"}}],\"inLanguage\":\"gl-ES\"},{\"@type\":\"Organization\",\"@id\":\"https:\\\/\\\/www.anovapeneira.gal\\\/#organization\",\"name\":\"A Nova Peneira\",\"url\":\"https:\\\/\\\/www.anovapeneira.gal\\\/\",\"logo\":{\"@type\":\"ImageObject\",\"inLanguage\":\"gl-ES\",\"@id\":\"https:\\\/\\\/www.anovapeneira.gal\\\/#\\\/schema\\\/logo\\\/image\\\/\",\"url\":\"http:\\\/\\\/www.anovapeneira.gal\\\/wp-content\\\/uploads\\\/2019\\\/06\\\/logo_a_nova_peneira_portal_web.png\",\"contentUrl\":\"http:\\\/\\\/www.anovapeneira.gal\\\/wp-content\\\/uploads\\\/2019\\\/06\\\/logo_a_nova_peneira_portal_web.png\",\"width\":300,\"height\":100,\"caption\":\"A Nova Peneira\"},\"image\":{\"@id\":\"https:\\\/\\\/www.anovapeneira.gal\\\/#\\\/schema\\\/logo\\\/image\\\/\"},\"sameAs\":[\"https:\\\/\\\/www.facebook.com\\\/anovapeneira\",\"https:\\\/\\\/x.com\\\/APeneira\"]},{\"@type\":\"Person\",\"@id\":\"https:\\\/\\\/www.anovapeneira.gal\\\/#\\\/schema\\\/person\\\/b93e3f8932e3f8da96334607eb6ac6aa\",\"name\":\"Redacci\u00f3n A Nova Peneira\",\"image\":{\"@type\":\"ImageObject\",\"inLanguage\":\"gl-ES\",\"@id\":\"https:\\\/\\\/secure.gravatar.com\\\/avatar\\\/c052a2551a06e23fac63626232eaa90abd78dbcf1700fc46a2b2c89fd27b735f?s=96&d=mm&r=g\",\"url\":\"https:\\\/\\\/secure.gravatar.com\\\/avatar\\\/c052a2551a06e23fac63626232eaa90abd78dbcf1700fc46a2b2c89fd27b735f?s=96&d=mm&r=g\",\"contentUrl\":\"https:\\\/\\\/secure.gravatar.com\\\/avatar\\\/c052a2551a06e23fac63626232eaa90abd78dbcf1700fc46a2b2c89fd27b735f?s=96&d=mm&r=g\",\"caption\":\"Redacci\u00f3n A Nova Peneira\"},\"sameAs\":[\"http:\\\/\\\/www.anovapeneira.gal\\\/\"],\"url\":\"https:\\\/\\\/www.anovapeneira.gal\\\/index.php\\\/author\\\/redactor\\\/\"}]}<\/script>\n<!-- \/ Yoast SEO plugin. -->","yoast_head_json":{"title":"O BNG de Mos sen L\u00edmites -","description":"En todo o pa\u00eds galego o BNG semella que vive unha situaci\u00f3n de contin\u00fao crecemento. Os distintos estudos demosc\u00f3picos sit\u00faan \u00e1 forza liderada por Ana Pont\u00f3n nunha situaci\u00f3n id\u00f3nea para ser alternativa real ao PP a corto prazo","robots":{"index":"index","follow":"follow","max-snippet":"max-snippet:-1","max-image-preview":"max-image-preview:large","max-video-preview":"max-video-preview:-1"},"canonical":"https:\/\/www.anovapeneira.gal\/index.php\/2021\/06\/25\/o-bng-de-mos-sen-limites\/","og_locale":"gl_ES","og_type":"article","og_title":"O BNG de Mos sen L\u00edmites -","og_description":"En todo o pa\u00eds galego o BNG semella que vive unha situaci\u00f3n de contin\u00fao crecemento. Os distintos estudos demosc\u00f3picos sit\u00faan \u00e1 forza liderada por Ana Pont\u00f3n nunha situaci\u00f3n id\u00f3nea para ser alternativa real ao PP a corto prazo","og_url":"https:\/\/www.anovapeneira.gal\/index.php\/2021\/06\/25\/o-bng-de-mos-sen-limites\/","article_publisher":"https:\/\/www.facebook.com\/anovapeneira","article_published_time":"2021-06-25T10:00:13+00:00","og_image":[{"width":720,"height":432,"url":"https:\/\/www.anovapeneira.gal\/wp-content\/uploads\/2021\/06\/bng_mos.jpg","type":"image\/jpeg"}],"author":"Redacci\u00f3n A Nova Peneira","twitter_card":"summary_large_image","twitter_creator":"@APeneira","twitter_site":"@APeneira","twitter_misc":{"Escrito por":"Redacci\u00f3n A Nova Peneira","Tempo de lectura":"7 minutos"},"schema":{"@context":"https:\/\/schema.org","@graph":[{"@type":"Article","@id":"https:\/\/www.anovapeneira.gal\/index.php\/2021\/06\/25\/o-bng-de-mos-sen-limites\/#article","isPartOf":{"@id":"https:\/\/www.anovapeneira.gal\/index.php\/2021\/06\/25\/o-bng-de-mos-sen-limites\/"},"author":{"name":"Redacci\u00f3n A Nova Peneira","@id":"https:\/\/www.anovapeneira.gal\/#\/schema\/person\/b93e3f8932e3f8da96334607eb6ac6aa"},"headline":"O BNG de Mos sen L\u00edmites","datePublished":"2021-06-25T10:00:13+00:00","mainEntityOfPage":{"@id":"https:\/\/www.anovapeneira.gal\/index.php\/2021\/06\/25\/o-bng-de-mos-sen-limites\/"},"wordCount":1555,"commentCount":0,"publisher":{"@id":"https:\/\/www.anovapeneira.gal\/#organization"},"image":{"@id":"https:\/\/www.anovapeneira.gal\/index.php\/2021\/06\/25\/o-bng-de-mos-sen-limites\/#primaryimage"},"thumbnailUrl":"https:\/\/www.anovapeneira.gal\/wp-content\/uploads\/2021\/06\/bng_mos.jpg","articleSection":["A Louri\u00f1a"],"inLanguage":"gl-ES","potentialAction":[{"@type":"CommentAction","name":"Comment","target":["https:\/\/www.anovapeneira.gal\/index.php\/2021\/06\/25\/o-bng-de-mos-sen-limites\/#respond"]}]},{"@type":"WebPage","@id":"https:\/\/www.anovapeneira.gal\/index.php\/2021\/06\/25\/o-bng-de-mos-sen-limites\/","url":"https:\/\/www.anovapeneira.gal\/index.php\/2021\/06\/25\/o-bng-de-mos-sen-limites\/","name":"O BNG de Mos sen L\u00edmites -","isPartOf":{"@id":"https:\/\/www.anovapeneira.gal\/#website"},"primaryImageOfPage":{"@id":"https:\/\/www.anovapeneira.gal\/index.php\/2021\/06\/25\/o-bng-de-mos-sen-limites\/#primaryimage"},"image":{"@id":"https:\/\/www.anovapeneira.gal\/index.php\/2021\/06\/25\/o-bng-de-mos-sen-limites\/#primaryimage"},"thumbnailUrl":"https:\/\/www.anovapeneira.gal\/wp-content\/uploads\/2021\/06\/bng_mos.jpg","datePublished":"2021-06-25T10:00:13+00:00","description":"En todo o pa\u00eds galego o BNG semella que vive unha situaci\u00f3n de contin\u00fao crecemento. Os distintos estudos demosc\u00f3picos sit\u00faan \u00e1 forza liderada por Ana Pont\u00f3n nunha situaci\u00f3n id\u00f3nea para ser alternativa real ao PP a corto prazo","breadcrumb":{"@id":"https:\/\/www.anovapeneira.gal\/index.php\/2021\/06\/25\/o-bng-de-mos-sen-limites\/#breadcrumb"},"inLanguage":"gl-ES","potentialAction":[{"@type":"ReadAction","target":["https:\/\/www.anovapeneira.gal\/index.php\/2021\/06\/25\/o-bng-de-mos-sen-limites\/"]}]},{"@type":"ImageObject","inLanguage":"gl-ES","@id":"https:\/\/www.anovapeneira.gal\/index.php\/2021\/06\/25\/o-bng-de-mos-sen-limites\/#primaryimage","url":"https:\/\/www.anovapeneira.gal\/wp-content\/uploads\/2021\/06\/bng_mos.jpg","contentUrl":"https:\/\/www.anovapeneira.gal\/wp-content\/uploads\/2021\/06\/bng_mos.jpg","width":720,"height":432,"caption":"BNG Mos"},{"@type":"BreadcrumbList","@id":"https:\/\/www.anovapeneira.gal\/index.php\/2021\/06\/25\/o-bng-de-mos-sen-limites\/#breadcrumb","itemListElement":[{"@type":"ListItem","position":1,"name":"Portada","item":"https:\/\/www.anovapeneira.gal\/"},{"@type":"ListItem","position":2,"name":"O BNG de Mos sen L\u00edmites"}]},{"@type":"WebSite","@id":"https:\/\/www.anovapeneira.gal\/#website","url":"https:\/\/www.anovapeneira.gal\/","name":"","description":"Xornal galego de informaci\u00f3n xeral Publicaci\u00f3n mensual de novas de Galicia e en especial dos Concellos da sur da provincia de Pontevedra.","publisher":{"@id":"https:\/\/www.anovapeneira.gal\/#organization"},"potentialAction":[{"@type":"SearchAction","target":{"@type":"EntryPoint","urlTemplate":"https:\/\/www.anovapeneira.gal\/?s={search_term_string}"},"query-input":{"@type":"PropertyValueSpecification","valueRequired":true,"valueName":"search_term_string"}}],"inLanguage":"gl-ES"},{"@type":"Organization","@id":"https:\/\/www.anovapeneira.gal\/#organization","name":"A Nova Peneira","url":"https:\/\/www.anovapeneira.gal\/","logo":{"@type":"ImageObject","inLanguage":"gl-ES","@id":"https:\/\/www.anovapeneira.gal\/#\/schema\/logo\/image\/","url":"http:\/\/www.anovapeneira.gal\/wp-content\/uploads\/2019\/06\/logo_a_nova_peneira_portal_web.png","contentUrl":"http:\/\/www.anovapeneira.gal\/wp-content\/uploads\/2019\/06\/logo_a_nova_peneira_portal_web.png","width":300,"height":100,"caption":"A Nova Peneira"},"image":{"@id":"https:\/\/www.anovapeneira.gal\/#\/schema\/logo\/image\/"},"sameAs":["https:\/\/www.facebook.com\/anovapeneira","https:\/\/x.com\/APeneira"]},{"@type":"Person","@id":"https:\/\/www.anovapeneira.gal\/#\/schema\/person\/b93e3f8932e3f8da96334607eb6ac6aa","name":"Redacci\u00f3n A Nova Peneira","image":{"@type":"ImageObject","inLanguage":"gl-ES","@id":"https:\/\/secure.gravatar.com\/avatar\/c052a2551a06e23fac63626232eaa90abd78dbcf1700fc46a2b2c89fd27b735f?s=96&d=mm&r=g","url":"https:\/\/secure.gravatar.com\/avatar\/c052a2551a06e23fac63626232eaa90abd78dbcf1700fc46a2b2c89fd27b735f?s=96&d=mm&r=g","contentUrl":"https:\/\/secure.gravatar.com\/avatar\/c052a2551a06e23fac63626232eaa90abd78dbcf1700fc46a2b2c89fd27b735f?s=96&d=mm&r=g","caption":"Redacci\u00f3n A Nova Peneira"},"sameAs":["http:\/\/www.anovapeneira.gal\/"],"url":"https:\/\/www.anovapeneira.gal\/index.php\/author\/redactor\/"}]}},"jetpack_featured_media_url":"https:\/\/www.anovapeneira.gal\/wp-content\/uploads\/2021\/06\/bng_mos.jpg","_links":{"self":[{"href":"https:\/\/www.anovapeneira.gal\/index.php\/wp-json\/wp\/v2\/posts\/5667","targetHints":{"allow":["GET"]}}],"collection":[{"href":"https:\/\/www.anovapeneira.gal\/index.php\/wp-json\/wp\/v2\/posts"}],"about":[{"href":"https:\/\/www.anovapeneira.gal\/index.php\/wp-json\/wp\/v2\/types\/post"}],"author":[{"embeddable":true,"href":"https:\/\/www.anovapeneira.gal\/index.php\/wp-json\/wp\/v2\/users\/3"}],"replies":[{"embeddable":true,"href":"https:\/\/www.anovapeneira.gal\/index.php\/wp-json\/wp\/v2\/comments?post=5667"}],"version-history":[{"count":2,"href":"https:\/\/www.anovapeneira.gal\/index.php\/wp-json\/wp\/v2\/posts\/5667\/revisions"}],"predecessor-version":[{"id":5671,"href":"https:\/\/www.anovapeneira.gal\/index.php\/wp-json\/wp\/v2\/posts\/5667\/revisions\/5671"}],"wp:featuredmedia":[{"embeddable":true,"href":"https:\/\/www.anovapeneira.gal\/index.php\/wp-json\/wp\/v2\/media\/5669"}],"wp:attachment":[{"href":"https:\/\/www.anovapeneira.gal\/index.php\/wp-json\/wp\/v2\/media?parent=5667"}],"wp:term":[{"taxonomy":"category","embeddable":true,"href":"https:\/\/www.anovapeneira.gal\/index.php\/wp-json\/wp\/v2\/categories?post=5667"},{"taxonomy":"post_tag","embeddable":true,"href":"https:\/\/www.anovapeneira.gal\/index.php\/wp-json\/wp\/v2\/tags?post=5667"}],"curies":[{"name":"wp","href":"https:\/\/api.w.org\/{rel}","templated":true}]}}