{"id":5680,"date":"2021-06-28T10:00:19","date_gmt":"2021-06-28T08:00:19","guid":{"rendered":"https:\/\/www.anovapeneira.gal\/?p=5680"},"modified":"2021-06-24T18:48:39","modified_gmt":"2021-06-24T16:48:39","slug":"tomino-renova-217-puntos-de-luz-para-reducir-o-consumo-electrico-co-apoio-da-deputacion-e-do-idae","status":"publish","type":"post","link":"https:\/\/www.anovapeneira.gal\/index.php\/2021\/06\/28\/tomino-renova-217-puntos-de-luz-para-reducir-o-consumo-electrico-co-apoio-da-deputacion-e-do-idae\/","title":{"rendered":"Tomi\u00f1o renova 217 puntos de luz para reducir o consumo el\u00e9ctrico, co apoio da Deputaci\u00f3n e do IDAE"},"content":{"rendered":"\n<h2 class=\"wp-block-heading\"><strong>O investimento, procedente na s\u00faa meirande parte de fondos europeos FEDER, a trav\u00e9s do IDAE (Instituto para a Diversificaci\u00f3n e Aforro da Enerx\u00eda), ascende a preto de 100.000 euros&nbsp;<\/strong><\/h2>\n\n\n\n<p><strong>Tomi\u00f1o, 23 de xu\u00f1o de 2021.<\/strong><\/p>\n\n\n\n<p>O Concello de Tomi\u00f1o comezou a semana pasada os traballos para renovar 217 puntos de luz situados en varios tramos das estradas PO-552, PO-344 e PO-553 (Ponte da Amizade), con arranxo ao convenio asinado coa Deputaci\u00f3n de Pontevedra \u201cIluminaci\u00f3n Exterior Sostible II\u201d.<\/p>\n\n\n\n<p>Tr\u00e1tase dun proxecto de renovaci\u00f3n da iluminaci\u00f3n p\u00fablica e reduci\u00f3n do consumo el\u00e9ctrico, cun investimento de preto de 100.000 euros financiados nun 80% con fondos FEDER (Fondo Europeo de Desenvolvemento Rexional) a trav\u00e9s do IDAE (Instituto para a Diversificaci\u00f3n e Aforro da Enerx\u00eda).<\/p>\n\n\n\n<p>Os tramos comprendidos nas obras suman un total aproximado de 8 quil\u00f3metros, comezando no l\u00edmite co concello do Rosal, entre as parroquias de Tabag\u00f3n e Goi\u00e1n; seguindo at\u00e9 o cruce do \u201cEmpalme\u201d e dende aqu\u00ed continuando cara ao acceso ao n\u00facleo urbano de Tomi\u00f1o.<\/p>\n\n\n\n<p>A reduci\u00f3n do consumo de enerx\u00eda el\u00e9ctrica que se conseguir\u00e1 tras a intervenci\u00f3n, ser\u00e1 polo menos de un 30% respecto do consumo actual. As tarefas que se levan a cabo estas semanas para lograr o obxectivo son a substituci\u00f3n das l\u00e1mpadas e luminarias actuais por outras m\u00e1is eficientes de tecnolox\u00eda LED; substituci\u00f3n de balastros electromagn\u00e9ticos por electr\u00f3nicos e instalaci\u00f3n de reloxos astron\u00f3micos para control da iluminaci\u00f3n nocturna, entre outras.<\/p>\n\n\n\n<p>O investimento total ascende a 98.775,44 euros, dos cales 79.020,35 ser\u00e1n achegados polo IDAE e cofinanciados con fondos FEDER; 12.255,09 polo Concello de Tomi\u00f1o e 7.500,00 pola Deputaci\u00f3n de Pontevedra.<\/p>\n\n\n\n<p>\u201cEste proxecto, co que Tomi\u00f1o amosou o seu compromiso, ten como finalidade participar na transici\u00f3n ecol\u00f3xica cara a un modelo m\u00e1is sostible que garanta o medio natural e o medio ambiente para as futuras xeraci\u00f3ns, dando un pulo \u00e1 econom\u00eda baixa en carbono e contribu\u00edndo \u00e1 reduci\u00f3n das emisi\u00f3ns de CO2 \u00e1 atmosfera e ao uso eficiente das enerx\u00edas limpas, especialmente, desde as administraci\u00f3ns locais\u201d, explica o concelleiro de Servizos P\u00fablicos, Lois V\u00e1zquez.<\/p>\n","protected":false},"excerpt":{"rendered":"<div class=\"mh-excerpt\"><p>O investimento, procedente na s\u00faa meirande parte de fondos europeos FEDER, a trav\u00e9s do IDAE (Instituto para a Diversificaci\u00f3n e Aforro da Enerx\u00eda), ascende a preto de 100.000 euros&nbsp; Tomi\u00f1o, 23 de xu\u00f1o de 2021. <a class=\"mh-excerpt-more\" href=\"https:\/\/www.anovapeneira.gal\/index.php\/2021\/06\/28\/tomino-renova-217-puntos-de-luz-para-reducir-o-consumo-electrico-co-apoio-da-deputacion-e-do-idae\/\" title=\"Tomi\u00f1o renova 217 puntos de luz para reducir o consumo el\u00e9ctrico, co apoio da Deputaci\u00f3n e do IDAE\">[&#8230;]<\/a><\/p>\n<\/div>","protected":false},"author":3,"featured_media":5681,"comment_status":"open","ping_status":"open","sticky":false,"template":"","format":"standard","meta":{"_exactmetrics_skip_tracking":false,"_exactmetrics_sitenote_active":false,"_exactmetrics_sitenote_note":"","_exactmetrics_sitenote_category":0,"footnotes":""},"categories":[21],"tags":[81],"class_list":{"0":"post-5680","1":"post","2":"type-post","3":"status-publish","4":"format-standard","5":"has-post-thumbnail","7":"category-baixo-mino","8":"tag-concello-de-tomino"},"yoast_head":"<!-- This site is optimized with the Yoast SEO plugin v27.4 - https:\/\/yoast.com\/product\/yoast-seo-wordpress\/ -->\n<title>Tomi\u00f1o renova 217 puntos de luz para reducir o consumo el\u00e9ctrico, co apoio da Deputaci\u00f3n e do IDAE -<\/title>\n<meta name=\"description\" content=\"O investimento, procedente na s\u00faa meirande parte de fondos europeos FEDER, a trav\u00e9s do IDAE (Instituto para a Diversificaci\u00f3n e Aforro da Enerx\u00eda), ascende a preto de 100.000 euros\" \/>\n<meta name=\"robots\" content=\"index, follow, max-snippet:-1, max-image-preview:large, max-video-preview:-1\" \/>\n<link rel=\"canonical\" href=\"https:\/\/www.anovapeneira.gal\/index.php\/2021\/06\/28\/tomino-renova-217-puntos-de-luz-para-reducir-o-consumo-electrico-co-apoio-da-deputacion-e-do-idae\/\" \/>\n<meta property=\"og:locale\" content=\"gl_ES\" \/>\n<meta property=\"og:type\" content=\"article\" \/>\n<meta property=\"og:title\" content=\"Tomi\u00f1o renova 217 puntos de luz para reducir o consumo el\u00e9ctrico, co apoio da Deputaci\u00f3n e do IDAE -\" \/>\n<meta property=\"og:description\" content=\"O investimento, procedente na s\u00faa meirande parte de fondos europeos FEDER, a trav\u00e9s do IDAE (Instituto para a Diversificaci\u00f3n e Aforro da Enerx\u00eda), ascende a preto de 100.000 euros\" \/>\n<meta property=\"og:url\" content=\"https:\/\/www.anovapeneira.gal\/index.php\/2021\/06\/28\/tomino-renova-217-puntos-de-luz-para-reducir-o-consumo-electrico-co-apoio-da-deputacion-e-do-idae\/\" \/>\n<meta property=\"article:publisher\" content=\"https:\/\/www.facebook.com\/anovapeneira\" \/>\n<meta property=\"article:published_time\" content=\"2021-06-28T08:00:19+00:00\" \/>\n<meta property=\"og:image\" content=\"https:\/\/www.anovapeneira.gal\/wp-content\/uploads\/2021\/06\/recorte_enerxetico_tominho.jpg\" \/>\n\t<meta property=\"og:image:width\" content=\"720\" \/>\n\t<meta property=\"og:image:height\" content=\"432\" \/>\n\t<meta property=\"og:image:type\" content=\"image\/jpeg\" \/>\n<meta name=\"author\" content=\"Redacci\u00f3n A Nova Peneira\" \/>\n<meta name=\"twitter:card\" content=\"summary_large_image\" \/>\n<meta name=\"twitter:creator\" content=\"@APeneira\" \/>\n<meta name=\"twitter:site\" content=\"@APeneira\" \/>\n<meta name=\"twitter:label1\" content=\"Escrito por\" \/>\n\t<meta name=\"twitter:data1\" content=\"Redacci\u00f3n A Nova Peneira\" \/>\n\t<meta name=\"twitter:label2\" content=\"Tempo de lectura\" \/>\n\t<meta name=\"twitter:data2\" content=\"2 minutos\" \/>\n<script type=\"application\/ld+json\" class=\"yoast-schema-graph\">{\"@context\":\"https:\\\/\\\/schema.org\",\"@graph\":[{\"@type\":\"Article\",\"@id\":\"https:\\\/\\\/www.anovapeneira.gal\\\/index.php\\\/2021\\\/06\\\/28\\\/tomino-renova-217-puntos-de-luz-para-reducir-o-consumo-electrico-co-apoio-da-deputacion-e-do-idae\\\/#article\",\"isPartOf\":{\"@id\":\"https:\\\/\\\/www.anovapeneira.gal\\\/index.php\\\/2021\\\/06\\\/28\\\/tomino-renova-217-puntos-de-luz-para-reducir-o-consumo-electrico-co-apoio-da-deputacion-e-do-idae\\\/\"},\"author\":{\"name\":\"Redacci\u00f3n A Nova Peneira\",\"@id\":\"https:\\\/\\\/www.anovapeneira.gal\\\/#\\\/schema\\\/person\\\/b93e3f8932e3f8da96334607eb6ac6aa\"},\"headline\":\"Tomi\u00f1o renova 217 puntos de luz para reducir o consumo el\u00e9ctrico, co apoio da Deputaci\u00f3n e do IDAE\",\"datePublished\":\"2021-06-28T08:00:19+00:00\",\"mainEntityOfPage\":{\"@id\":\"https:\\\/\\\/www.anovapeneira.gal\\\/index.php\\\/2021\\\/06\\\/28\\\/tomino-renova-217-puntos-de-luz-para-reducir-o-consumo-electrico-co-apoio-da-deputacion-e-do-idae\\\/\"},\"wordCount\":396,\"commentCount\":0,\"publisher\":{\"@id\":\"https:\\\/\\\/www.anovapeneira.gal\\\/#organization\"},\"image\":{\"@id\":\"https:\\\/\\\/www.anovapeneira.gal\\\/index.php\\\/2021\\\/06\\\/28\\\/tomino-renova-217-puntos-de-luz-para-reducir-o-consumo-electrico-co-apoio-da-deputacion-e-do-idae\\\/#primaryimage\"},\"thumbnailUrl\":\"https:\\\/\\\/www.anovapeneira.gal\\\/wp-content\\\/uploads\\\/2021\\\/06\\\/recorte_enerxetico_tominho.jpg\",\"keywords\":[\"Concello de Tomi\u00f1o\"],\"articleSection\":[\"Baixo Mi\u00f1o\"],\"inLanguage\":\"gl-ES\",\"potentialAction\":[{\"@type\":\"CommentAction\",\"name\":\"Comment\",\"target\":[\"https:\\\/\\\/www.anovapeneira.gal\\\/index.php\\\/2021\\\/06\\\/28\\\/tomino-renova-217-puntos-de-luz-para-reducir-o-consumo-electrico-co-apoio-da-deputacion-e-do-idae\\\/#respond\"]}]},{\"@type\":\"WebPage\",\"@id\":\"https:\\\/\\\/www.anovapeneira.gal\\\/index.php\\\/2021\\\/06\\\/28\\\/tomino-renova-217-puntos-de-luz-para-reducir-o-consumo-electrico-co-apoio-da-deputacion-e-do-idae\\\/\",\"url\":\"https:\\\/\\\/www.anovapeneira.gal\\\/index.php\\\/2021\\\/06\\\/28\\\/tomino-renova-217-puntos-de-luz-para-reducir-o-consumo-electrico-co-apoio-da-deputacion-e-do-idae\\\/\",\"name\":\"Tomi\u00f1o renova 217 puntos de luz para reducir o consumo el\u00e9ctrico, co apoio da Deputaci\u00f3n e do IDAE -\",\"isPartOf\":{\"@id\":\"https:\\\/\\\/www.anovapeneira.gal\\\/#website\"},\"primaryImageOfPage\":{\"@id\":\"https:\\\/\\\/www.anovapeneira.gal\\\/index.php\\\/2021\\\/06\\\/28\\\/tomino-renova-217-puntos-de-luz-para-reducir-o-consumo-electrico-co-apoio-da-deputacion-e-do-idae\\\/#primaryimage\"},\"image\":{\"@id\":\"https:\\\/\\\/www.anovapeneira.gal\\\/index.php\\\/2021\\\/06\\\/28\\\/tomino-renova-217-puntos-de-luz-para-reducir-o-consumo-electrico-co-apoio-da-deputacion-e-do-idae\\\/#primaryimage\"},\"thumbnailUrl\":\"https:\\\/\\\/www.anovapeneira.gal\\\/wp-content\\\/uploads\\\/2021\\\/06\\\/recorte_enerxetico_tominho.jpg\",\"datePublished\":\"2021-06-28T08:00:19+00:00\",\"description\":\"O investimento, procedente na s\u00faa meirande parte de fondos europeos FEDER, a trav\u00e9s do IDAE (Instituto para a Diversificaci\u00f3n e Aforro da Enerx\u00eda), ascende a preto de 100.000 euros\",\"breadcrumb\":{\"@id\":\"https:\\\/\\\/www.anovapeneira.gal\\\/index.php\\\/2021\\\/06\\\/28\\\/tomino-renova-217-puntos-de-luz-para-reducir-o-consumo-electrico-co-apoio-da-deputacion-e-do-idae\\\/#breadcrumb\"},\"inLanguage\":\"gl-ES\",\"potentialAction\":[{\"@type\":\"ReadAction\",\"target\":[\"https:\\\/\\\/www.anovapeneira.gal\\\/index.php\\\/2021\\\/06\\\/28\\\/tomino-renova-217-puntos-de-luz-para-reducir-o-consumo-electrico-co-apoio-da-deputacion-e-do-idae\\\/\"]}]},{\"@type\":\"ImageObject\",\"inLanguage\":\"gl-ES\",\"@id\":\"https:\\\/\\\/www.anovapeneira.gal\\\/index.php\\\/2021\\\/06\\\/28\\\/tomino-renova-217-puntos-de-luz-para-reducir-o-consumo-electrico-co-apoio-da-deputacion-e-do-idae\\\/#primaryimage\",\"url\":\"https:\\\/\\\/www.anovapeneira.gal\\\/wp-content\\\/uploads\\\/2021\\\/06\\\/recorte_enerxetico_tominho.jpg\",\"contentUrl\":\"https:\\\/\\\/www.anovapeneira.gal\\\/wp-content\\\/uploads\\\/2021\\\/06\\\/recorte_enerxetico_tominho.jpg\",\"width\":720,\"height\":432,\"caption\":\"Recorte enerx\u00e9tico Tomi\u00f1o\"},{\"@type\":\"BreadcrumbList\",\"@id\":\"https:\\\/\\\/www.anovapeneira.gal\\\/index.php\\\/2021\\\/06\\\/28\\\/tomino-renova-217-puntos-de-luz-para-reducir-o-consumo-electrico-co-apoio-da-deputacion-e-do-idae\\\/#breadcrumb\",\"itemListElement\":[{\"@type\":\"ListItem\",\"position\":1,\"name\":\"Portada\",\"item\":\"https:\\\/\\\/www.anovapeneira.gal\\\/\"},{\"@type\":\"ListItem\",\"position\":2,\"name\":\"Tomi\u00f1o renova 217 puntos de luz para reducir o consumo el\u00e9ctrico, co apoio da Deputaci\u00f3n e do IDAE\"}]},{\"@type\":\"WebSite\",\"@id\":\"https:\\\/\\\/www.anovapeneira.gal\\\/#website\",\"url\":\"https:\\\/\\\/www.anovapeneira.gal\\\/\",\"name\":\"\",\"description\":\"Xornal galego de informaci\u00f3n xeral Publicaci\u00f3n mensual de novas de Galicia e en especial dos Concellos da sur da provincia de Pontevedra.\",\"publisher\":{\"@id\":\"https:\\\/\\\/www.anovapeneira.gal\\\/#organization\"},\"potentialAction\":[{\"@type\":\"SearchAction\",\"target\":{\"@type\":\"EntryPoint\",\"urlTemplate\":\"https:\\\/\\\/www.anovapeneira.gal\\\/?s={search_term_string}\"},\"query-input\":{\"@type\":\"PropertyValueSpecification\",\"valueRequired\":true,\"valueName\":\"search_term_string\"}}],\"inLanguage\":\"gl-ES\"},{\"@type\":\"Organization\",\"@id\":\"https:\\\/\\\/www.anovapeneira.gal\\\/#organization\",\"name\":\"A Nova Peneira\",\"url\":\"https:\\\/\\\/www.anovapeneira.gal\\\/\",\"logo\":{\"@type\":\"ImageObject\",\"inLanguage\":\"gl-ES\",\"@id\":\"https:\\\/\\\/www.anovapeneira.gal\\\/#\\\/schema\\\/logo\\\/image\\\/\",\"url\":\"http:\\\/\\\/www.anovapeneira.gal\\\/wp-content\\\/uploads\\\/2019\\\/06\\\/logo_a_nova_peneira_portal_web.png\",\"contentUrl\":\"http:\\\/\\\/www.anovapeneira.gal\\\/wp-content\\\/uploads\\\/2019\\\/06\\\/logo_a_nova_peneira_portal_web.png\",\"width\":300,\"height\":100,\"caption\":\"A Nova Peneira\"},\"image\":{\"@id\":\"https:\\\/\\\/www.anovapeneira.gal\\\/#\\\/schema\\\/logo\\\/image\\\/\"},\"sameAs\":[\"https:\\\/\\\/www.facebook.com\\\/anovapeneira\",\"https:\\\/\\\/x.com\\\/APeneira\"]},{\"@type\":\"Person\",\"@id\":\"https:\\\/\\\/www.anovapeneira.gal\\\/#\\\/schema\\\/person\\\/b93e3f8932e3f8da96334607eb6ac6aa\",\"name\":\"Redacci\u00f3n A Nova Peneira\",\"image\":{\"@type\":\"ImageObject\",\"inLanguage\":\"gl-ES\",\"@id\":\"https:\\\/\\\/secure.gravatar.com\\\/avatar\\\/c052a2551a06e23fac63626232eaa90abd78dbcf1700fc46a2b2c89fd27b735f?s=96&d=mm&r=g\",\"url\":\"https:\\\/\\\/secure.gravatar.com\\\/avatar\\\/c052a2551a06e23fac63626232eaa90abd78dbcf1700fc46a2b2c89fd27b735f?s=96&d=mm&r=g\",\"contentUrl\":\"https:\\\/\\\/secure.gravatar.com\\\/avatar\\\/c052a2551a06e23fac63626232eaa90abd78dbcf1700fc46a2b2c89fd27b735f?s=96&d=mm&r=g\",\"caption\":\"Redacci\u00f3n A Nova Peneira\"},\"sameAs\":[\"http:\\\/\\\/www.anovapeneira.gal\\\/\"],\"url\":\"https:\\\/\\\/www.anovapeneira.gal\\\/index.php\\\/author\\\/redactor\\\/\"}]}<\/script>\n<!-- \/ Yoast SEO plugin. -->","yoast_head_json":{"title":"Tomi\u00f1o renova 217 puntos de luz para reducir o consumo el\u00e9ctrico, co apoio da Deputaci\u00f3n e do IDAE -","description":"O investimento, procedente na s\u00faa meirande parte de fondos europeos FEDER, a trav\u00e9s do IDAE (Instituto para a Diversificaci\u00f3n e Aforro da Enerx\u00eda), ascende a preto de 100.000 euros","robots":{"index":"index","follow":"follow","max-snippet":"max-snippet:-1","max-image-preview":"max-image-preview:large","max-video-preview":"max-video-preview:-1"},"canonical":"https:\/\/www.anovapeneira.gal\/index.php\/2021\/06\/28\/tomino-renova-217-puntos-de-luz-para-reducir-o-consumo-electrico-co-apoio-da-deputacion-e-do-idae\/","og_locale":"gl_ES","og_type":"article","og_title":"Tomi\u00f1o renova 217 puntos de luz para reducir o consumo el\u00e9ctrico, co apoio da Deputaci\u00f3n e do IDAE -","og_description":"O investimento, procedente na s\u00faa meirande parte de fondos europeos FEDER, a trav\u00e9s do IDAE (Instituto para a Diversificaci\u00f3n e Aforro da Enerx\u00eda), ascende a preto de 100.000 euros","og_url":"https:\/\/www.anovapeneira.gal\/index.php\/2021\/06\/28\/tomino-renova-217-puntos-de-luz-para-reducir-o-consumo-electrico-co-apoio-da-deputacion-e-do-idae\/","article_publisher":"https:\/\/www.facebook.com\/anovapeneira","article_published_time":"2021-06-28T08:00:19+00:00","og_image":[{"width":720,"height":432,"url":"https:\/\/www.anovapeneira.gal\/wp-content\/uploads\/2021\/06\/recorte_enerxetico_tominho.jpg","type":"image\/jpeg"}],"author":"Redacci\u00f3n A Nova Peneira","twitter_card":"summary_large_image","twitter_creator":"@APeneira","twitter_site":"@APeneira","twitter_misc":{"Escrito por":"Redacci\u00f3n A Nova Peneira","Tempo de lectura":"2 minutos"},"schema":{"@context":"https:\/\/schema.org","@graph":[{"@type":"Article","@id":"https:\/\/www.anovapeneira.gal\/index.php\/2021\/06\/28\/tomino-renova-217-puntos-de-luz-para-reducir-o-consumo-electrico-co-apoio-da-deputacion-e-do-idae\/#article","isPartOf":{"@id":"https:\/\/www.anovapeneira.gal\/index.php\/2021\/06\/28\/tomino-renova-217-puntos-de-luz-para-reducir-o-consumo-electrico-co-apoio-da-deputacion-e-do-idae\/"},"author":{"name":"Redacci\u00f3n A Nova Peneira","@id":"https:\/\/www.anovapeneira.gal\/#\/schema\/person\/b93e3f8932e3f8da96334607eb6ac6aa"},"headline":"Tomi\u00f1o renova 217 puntos de luz para reducir o consumo el\u00e9ctrico, co apoio da Deputaci\u00f3n e do IDAE","datePublished":"2021-06-28T08:00:19+00:00","mainEntityOfPage":{"@id":"https:\/\/www.anovapeneira.gal\/index.php\/2021\/06\/28\/tomino-renova-217-puntos-de-luz-para-reducir-o-consumo-electrico-co-apoio-da-deputacion-e-do-idae\/"},"wordCount":396,"commentCount":0,"publisher":{"@id":"https:\/\/www.anovapeneira.gal\/#organization"},"image":{"@id":"https:\/\/www.anovapeneira.gal\/index.php\/2021\/06\/28\/tomino-renova-217-puntos-de-luz-para-reducir-o-consumo-electrico-co-apoio-da-deputacion-e-do-idae\/#primaryimage"},"thumbnailUrl":"https:\/\/www.anovapeneira.gal\/wp-content\/uploads\/2021\/06\/recorte_enerxetico_tominho.jpg","keywords":["Concello de Tomi\u00f1o"],"articleSection":["Baixo Mi\u00f1o"],"inLanguage":"gl-ES","potentialAction":[{"@type":"CommentAction","name":"Comment","target":["https:\/\/www.anovapeneira.gal\/index.php\/2021\/06\/28\/tomino-renova-217-puntos-de-luz-para-reducir-o-consumo-electrico-co-apoio-da-deputacion-e-do-idae\/#respond"]}]},{"@type":"WebPage","@id":"https:\/\/www.anovapeneira.gal\/index.php\/2021\/06\/28\/tomino-renova-217-puntos-de-luz-para-reducir-o-consumo-electrico-co-apoio-da-deputacion-e-do-idae\/","url":"https:\/\/www.anovapeneira.gal\/index.php\/2021\/06\/28\/tomino-renova-217-puntos-de-luz-para-reducir-o-consumo-electrico-co-apoio-da-deputacion-e-do-idae\/","name":"Tomi\u00f1o renova 217 puntos de luz para reducir o consumo el\u00e9ctrico, co apoio da Deputaci\u00f3n e do IDAE -","isPartOf":{"@id":"https:\/\/www.anovapeneira.gal\/#website"},"primaryImageOfPage":{"@id":"https:\/\/www.anovapeneira.gal\/index.php\/2021\/06\/28\/tomino-renova-217-puntos-de-luz-para-reducir-o-consumo-electrico-co-apoio-da-deputacion-e-do-idae\/#primaryimage"},"image":{"@id":"https:\/\/www.anovapeneira.gal\/index.php\/2021\/06\/28\/tomino-renova-217-puntos-de-luz-para-reducir-o-consumo-electrico-co-apoio-da-deputacion-e-do-idae\/#primaryimage"},"thumbnailUrl":"https:\/\/www.anovapeneira.gal\/wp-content\/uploads\/2021\/06\/recorte_enerxetico_tominho.jpg","datePublished":"2021-06-28T08:00:19+00:00","description":"O investimento, procedente na s\u00faa meirande parte de fondos europeos FEDER, a trav\u00e9s do IDAE (Instituto para a Diversificaci\u00f3n e Aforro da Enerx\u00eda), ascende a preto de 100.000 euros","breadcrumb":{"@id":"https:\/\/www.anovapeneira.gal\/index.php\/2021\/06\/28\/tomino-renova-217-puntos-de-luz-para-reducir-o-consumo-electrico-co-apoio-da-deputacion-e-do-idae\/#breadcrumb"},"inLanguage":"gl-ES","potentialAction":[{"@type":"ReadAction","target":["https:\/\/www.anovapeneira.gal\/index.php\/2021\/06\/28\/tomino-renova-217-puntos-de-luz-para-reducir-o-consumo-electrico-co-apoio-da-deputacion-e-do-idae\/"]}]},{"@type":"ImageObject","inLanguage":"gl-ES","@id":"https:\/\/www.anovapeneira.gal\/index.php\/2021\/06\/28\/tomino-renova-217-puntos-de-luz-para-reducir-o-consumo-electrico-co-apoio-da-deputacion-e-do-idae\/#primaryimage","url":"https:\/\/www.anovapeneira.gal\/wp-content\/uploads\/2021\/06\/recorte_enerxetico_tominho.jpg","contentUrl":"https:\/\/www.anovapeneira.gal\/wp-content\/uploads\/2021\/06\/recorte_enerxetico_tominho.jpg","width":720,"height":432,"caption":"Recorte enerx\u00e9tico Tomi\u00f1o"},{"@type":"BreadcrumbList","@id":"https:\/\/www.anovapeneira.gal\/index.php\/2021\/06\/28\/tomino-renova-217-puntos-de-luz-para-reducir-o-consumo-electrico-co-apoio-da-deputacion-e-do-idae\/#breadcrumb","itemListElement":[{"@type":"ListItem","position":1,"name":"Portada","item":"https:\/\/www.anovapeneira.gal\/"},{"@type":"ListItem","position":2,"name":"Tomi\u00f1o renova 217 puntos de luz para reducir o consumo el\u00e9ctrico, co apoio da Deputaci\u00f3n e do IDAE"}]},{"@type":"WebSite","@id":"https:\/\/www.anovapeneira.gal\/#website","url":"https:\/\/www.anovapeneira.gal\/","name":"","description":"Xornal galego de informaci\u00f3n xeral Publicaci\u00f3n mensual de novas de Galicia e en especial dos Concellos da sur da provincia de Pontevedra.","publisher":{"@id":"https:\/\/www.anovapeneira.gal\/#organization"},"potentialAction":[{"@type":"SearchAction","target":{"@type":"EntryPoint","urlTemplate":"https:\/\/www.anovapeneira.gal\/?s={search_term_string}"},"query-input":{"@type":"PropertyValueSpecification","valueRequired":true,"valueName":"search_term_string"}}],"inLanguage":"gl-ES"},{"@type":"Organization","@id":"https:\/\/www.anovapeneira.gal\/#organization","name":"A Nova Peneira","url":"https:\/\/www.anovapeneira.gal\/","logo":{"@type":"ImageObject","inLanguage":"gl-ES","@id":"https:\/\/www.anovapeneira.gal\/#\/schema\/logo\/image\/","url":"http:\/\/www.anovapeneira.gal\/wp-content\/uploads\/2019\/06\/logo_a_nova_peneira_portal_web.png","contentUrl":"http:\/\/www.anovapeneira.gal\/wp-content\/uploads\/2019\/06\/logo_a_nova_peneira_portal_web.png","width":300,"height":100,"caption":"A Nova Peneira"},"image":{"@id":"https:\/\/www.anovapeneira.gal\/#\/schema\/logo\/image\/"},"sameAs":["https:\/\/www.facebook.com\/anovapeneira","https:\/\/x.com\/APeneira"]},{"@type":"Person","@id":"https:\/\/www.anovapeneira.gal\/#\/schema\/person\/b93e3f8932e3f8da96334607eb6ac6aa","name":"Redacci\u00f3n A Nova Peneira","image":{"@type":"ImageObject","inLanguage":"gl-ES","@id":"https:\/\/secure.gravatar.com\/avatar\/c052a2551a06e23fac63626232eaa90abd78dbcf1700fc46a2b2c89fd27b735f?s=96&d=mm&r=g","url":"https:\/\/secure.gravatar.com\/avatar\/c052a2551a06e23fac63626232eaa90abd78dbcf1700fc46a2b2c89fd27b735f?s=96&d=mm&r=g","contentUrl":"https:\/\/secure.gravatar.com\/avatar\/c052a2551a06e23fac63626232eaa90abd78dbcf1700fc46a2b2c89fd27b735f?s=96&d=mm&r=g","caption":"Redacci\u00f3n A Nova Peneira"},"sameAs":["http:\/\/www.anovapeneira.gal\/"],"url":"https:\/\/www.anovapeneira.gal\/index.php\/author\/redactor\/"}]}},"jetpack_featured_media_url":"https:\/\/www.anovapeneira.gal\/wp-content\/uploads\/2021\/06\/recorte_enerxetico_tominho.jpg","_links":{"self":[{"href":"https:\/\/www.anovapeneira.gal\/index.php\/wp-json\/wp\/v2\/posts\/5680","targetHints":{"allow":["GET"]}}],"collection":[{"href":"https:\/\/www.anovapeneira.gal\/index.php\/wp-json\/wp\/v2\/posts"}],"about":[{"href":"https:\/\/www.anovapeneira.gal\/index.php\/wp-json\/wp\/v2\/types\/post"}],"author":[{"embeddable":true,"href":"https:\/\/www.anovapeneira.gal\/index.php\/wp-json\/wp\/v2\/users\/3"}],"replies":[{"embeddable":true,"href":"https:\/\/www.anovapeneira.gal\/index.php\/wp-json\/wp\/v2\/comments?post=5680"}],"version-history":[{"count":1,"href":"https:\/\/www.anovapeneira.gal\/index.php\/wp-json\/wp\/v2\/posts\/5680\/revisions"}],"predecessor-version":[{"id":5682,"href":"https:\/\/www.anovapeneira.gal\/index.php\/wp-json\/wp\/v2\/posts\/5680\/revisions\/5682"}],"wp:featuredmedia":[{"embeddable":true,"href":"https:\/\/www.anovapeneira.gal\/index.php\/wp-json\/wp\/v2\/media\/5681"}],"wp:attachment":[{"href":"https:\/\/www.anovapeneira.gal\/index.php\/wp-json\/wp\/v2\/media?parent=5680"}],"wp:term":[{"taxonomy":"category","embeddable":true,"href":"https:\/\/www.anovapeneira.gal\/index.php\/wp-json\/wp\/v2\/categories?post=5680"},{"taxonomy":"post_tag","embeddable":true,"href":"https:\/\/www.anovapeneira.gal\/index.php\/wp-json\/wp\/v2\/tags?post=5680"}],"curies":[{"name":"wp","href":"https:\/\/api.w.org\/{rel}","templated":true}]}}