{"id":5687,"date":"2021-06-29T10:00:00","date_gmt":"2021-06-29T08:00:00","guid":{"rendered":"https:\/\/www.anovapeneira.gal\/?p=5687"},"modified":"2021-06-28T11:38:11","modified_gmt":"2021-06-28T09:38:11","slug":"asociacions-e-centros-culturais-de-redondela-poden-pedir-ata-o-19-de-xullo-axudas-para-actividades-e-gasto-corrente","status":"publish","type":"post","link":"https:\/\/www.anovapeneira.gal\/index.php\/2021\/06\/29\/asociacions-e-centros-culturais-de-redondela-poden-pedir-ata-o-19-de-xullo-axudas-para-actividades-e-gasto-corrente\/","title":{"rendered":"Asociaci\u00f3ns e centros culturais de Redondela poden pedir ata o 19 de xullo axudas para actividades e gasto corrente"},"content":{"rendered":"\n<h2 class=\"wp-block-heading\"><strong>En total, a Conceller\u00eda de Participaci\u00f3n Cidad\u00e1 investir\u00e1 64.000 euros no apoio destas organizaci\u00f3ns&nbsp;<\/strong><\/h2>\n\n\n\n<p><strong>Redondela, 24 de xu\u00f1o de 2021<\/strong><\/p>\n\n\n\n<p>Os centros culturais e as asociaci\u00f3ns de Redondela xa poden presentar ata o 19 de xullo solicitudes para optar a subvenci\u00f3ns para o seu gasto corrente, no caso dos primeiros, ou para actividades, no caso das asociaci\u00f3ns, que se desenvolvan no ano 2021.\u00a0\u00a0<\/p>\n\n\n\n<p>En total, a li\u00f1a de axudas da Conceller\u00eda de Participaci\u00f3n Cidad\u00e1 suma 64.000 euros repartidos en 25.000 euros para subvencionar actividades en xeral e 39.000 euros, para gasto corrente de centros culturais. &nbsp;&nbsp;<\/p>\n\n\n\n<p>Como noutros anos, as bases das subvenci\u00f3ns sufriron modificaci\u00f3ns para mellorar os criterios de puntuaci\u00f3n e facer m\u00e1is equitativo e xusto o reparto das axudas entre os participantes. Neste sentido, nas bases do 2021 as subvenci\u00f3ns de actividades foron as que m\u00e1is cambios sufriron, con novidades como, por exemplo, que a axuda non poder\u00e1 ser superior a 3.000 euros por organizaci\u00f3n solicitante e non se abonar\u00e1 ningunha factura cuxo concepto non coincida coa da solicitude.&nbsp;&nbsp;<\/p>\n\n\n\n<p>Os interesados poden consultar as bases na p\u00e1xina web do Concello no apartado de subveci\u00f3ns ou enviar as s\u00faas d\u00fabidas ao enderezo electr\u00f3nico&nbsp;<a><u>paricipacioncidada@redondela.gal<\/u><\/a>.&nbsp;&nbsp;<\/p>\n","protected":false},"excerpt":{"rendered":"<div class=\"mh-excerpt\"><p>En total, a Conceller\u00eda de Participaci\u00f3n Cidad\u00e1 investir\u00e1 64.000 euros no apoio destas organizaci\u00f3ns <a class=\"mh-excerpt-more\" href=\"https:\/\/www.anovapeneira.gal\/index.php\/2021\/06\/29\/asociacions-e-centros-culturais-de-redondela-poden-pedir-ata-o-19-de-xullo-axudas-para-actividades-e-gasto-corrente\/\" title=\"Asociaci\u00f3ns e centros culturais de Redondela poden pedir ata o 19 de xullo axudas para actividades e gasto corrente\">[&#8230;]<\/a><\/p>\n<\/div>","protected":false},"author":3,"featured_media":1456,"comment_status":"open","ping_status":"open","sticky":false,"template":"","format":"standard","meta":{"_exactmetrics_skip_tracking":false,"_exactmetrics_sitenote_active":false,"_exactmetrics_sitenote_note":"","_exactmetrics_sitenote_category":0,"footnotes":""},"categories":[24],"tags":[171],"class_list":{"0":"post-5687","1":"post","2":"type-post","3":"status-publish","4":"format-standard","5":"has-post-thumbnail","7":"category-redondela","8":"tag-concello-de-redondela"},"yoast_head":"<!-- This site is optimized with the Yoast SEO plugin v27.4 - https:\/\/yoast.com\/product\/yoast-seo-wordpress\/ -->\n<title>Asociaci\u00f3ns e centros culturais de Redondela poden pedir ata o 19 de xullo axudas para actividades e gasto corrente -<\/title>\n<meta name=\"description\" content=\"En total, a Conceller\u00eda de Participaci\u00f3n Cidad\u00e1 investir\u00e1 64.000 euros no apoio destas organizaci\u00f3ns\" \/>\n<meta name=\"robots\" content=\"index, follow, max-snippet:-1, max-image-preview:large, max-video-preview:-1\" \/>\n<link rel=\"canonical\" href=\"https:\/\/www.anovapeneira.gal\/index.php\/2021\/06\/29\/asociacions-e-centros-culturais-de-redondela-poden-pedir-ata-o-19-de-xullo-axudas-para-actividades-e-gasto-corrente\/\" \/>\n<meta property=\"og:locale\" content=\"gl_ES\" \/>\n<meta property=\"og:type\" content=\"article\" \/>\n<meta property=\"og:title\" content=\"Asociaci\u00f3ns e centros culturais de Redondela poden pedir ata o 19 de xullo axudas para actividades e gasto corrente -\" \/>\n<meta property=\"og:description\" content=\"En total, a Conceller\u00eda de Participaci\u00f3n Cidad\u00e1 investir\u00e1 64.000 euros no apoio destas organizaci\u00f3ns\" \/>\n<meta property=\"og:url\" content=\"https:\/\/www.anovapeneira.gal\/index.php\/2021\/06\/29\/asociacions-e-centros-culturais-de-redondela-poden-pedir-ata-o-19-de-xullo-axudas-para-actividades-e-gasto-corrente\/\" \/>\n<meta property=\"article:publisher\" content=\"https:\/\/www.facebook.com\/anovapeneira\" \/>\n<meta property=\"article:published_time\" content=\"2021-06-29T08:00:00+00:00\" \/>\n<meta property=\"og:image\" content=\"https:\/\/www.anovapeneira.gal\/wp-content\/uploads\/2019\/10\/concelloredondela_a_nova_peneira.jpg\" \/>\n\t<meta property=\"og:image:width\" content=\"720\" \/>\n\t<meta property=\"og:image:height\" content=\"473\" \/>\n\t<meta property=\"og:image:type\" content=\"image\/jpeg\" \/>\n<meta name=\"author\" content=\"Redacci\u00f3n A Nova Peneira\" \/>\n<meta name=\"twitter:card\" content=\"summary_large_image\" \/>\n<meta name=\"twitter:creator\" content=\"@APeneira\" \/>\n<meta name=\"twitter:site\" content=\"@APeneira\" \/>\n<meta name=\"twitter:label1\" content=\"Escrito por\" \/>\n\t<meta name=\"twitter:data1\" content=\"Redacci\u00f3n A Nova Peneira\" \/>\n\t<meta name=\"twitter:label2\" content=\"Tempo de lectura\" \/>\n\t<meta name=\"twitter:data2\" content=\"1 minuto\" \/>\n<script type=\"application\/ld+json\" class=\"yoast-schema-graph\">{\"@context\":\"https:\\\/\\\/schema.org\",\"@graph\":[{\"@type\":\"Article\",\"@id\":\"https:\\\/\\\/www.anovapeneira.gal\\\/index.php\\\/2021\\\/06\\\/29\\\/asociacions-e-centros-culturais-de-redondela-poden-pedir-ata-o-19-de-xullo-axudas-para-actividades-e-gasto-corrente\\\/#article\",\"isPartOf\":{\"@id\":\"https:\\\/\\\/www.anovapeneira.gal\\\/index.php\\\/2021\\\/06\\\/29\\\/asociacions-e-centros-culturais-de-redondela-poden-pedir-ata-o-19-de-xullo-axudas-para-actividades-e-gasto-corrente\\\/\"},\"author\":{\"name\":\"Redacci\u00f3n A Nova Peneira\",\"@id\":\"https:\\\/\\\/www.anovapeneira.gal\\\/#\\\/schema\\\/person\\\/b93e3f8932e3f8da96334607eb6ac6aa\"},\"headline\":\"Asociaci\u00f3ns e centros culturais de Redondela poden pedir ata o 19 de xullo axudas para actividades e gasto corrente\",\"datePublished\":\"2021-06-29T08:00:00+00:00\",\"mainEntityOfPage\":{\"@id\":\"https:\\\/\\\/www.anovapeneira.gal\\\/index.php\\\/2021\\\/06\\\/29\\\/asociacions-e-centros-culturais-de-redondela-poden-pedir-ata-o-19-de-xullo-axudas-para-actividades-e-gasto-corrente\\\/\"},\"wordCount\":235,\"commentCount\":0,\"publisher\":{\"@id\":\"https:\\\/\\\/www.anovapeneira.gal\\\/#organization\"},\"image\":{\"@id\":\"https:\\\/\\\/www.anovapeneira.gal\\\/index.php\\\/2021\\\/06\\\/29\\\/asociacions-e-centros-culturais-de-redondela-poden-pedir-ata-o-19-de-xullo-axudas-para-actividades-e-gasto-corrente\\\/#primaryimage\"},\"thumbnailUrl\":\"https:\\\/\\\/www.anovapeneira.gal\\\/wp-content\\\/uploads\\\/2019\\\/10\\\/concelloredondela_a_nova_peneira.jpg\",\"keywords\":[\"Concello de Redondela\"],\"articleSection\":[\"Redondela\"],\"inLanguage\":\"gl-ES\",\"potentialAction\":[{\"@type\":\"CommentAction\",\"name\":\"Comment\",\"target\":[\"https:\\\/\\\/www.anovapeneira.gal\\\/index.php\\\/2021\\\/06\\\/29\\\/asociacions-e-centros-culturais-de-redondela-poden-pedir-ata-o-19-de-xullo-axudas-para-actividades-e-gasto-corrente\\\/#respond\"]}]},{\"@type\":\"WebPage\",\"@id\":\"https:\\\/\\\/www.anovapeneira.gal\\\/index.php\\\/2021\\\/06\\\/29\\\/asociacions-e-centros-culturais-de-redondela-poden-pedir-ata-o-19-de-xullo-axudas-para-actividades-e-gasto-corrente\\\/\",\"url\":\"https:\\\/\\\/www.anovapeneira.gal\\\/index.php\\\/2021\\\/06\\\/29\\\/asociacions-e-centros-culturais-de-redondela-poden-pedir-ata-o-19-de-xullo-axudas-para-actividades-e-gasto-corrente\\\/\",\"name\":\"Asociaci\u00f3ns e centros culturais de Redondela poden pedir ata o 19 de xullo axudas para actividades e gasto corrente -\",\"isPartOf\":{\"@id\":\"https:\\\/\\\/www.anovapeneira.gal\\\/#website\"},\"primaryImageOfPage\":{\"@id\":\"https:\\\/\\\/www.anovapeneira.gal\\\/index.php\\\/2021\\\/06\\\/29\\\/asociacions-e-centros-culturais-de-redondela-poden-pedir-ata-o-19-de-xullo-axudas-para-actividades-e-gasto-corrente\\\/#primaryimage\"},\"image\":{\"@id\":\"https:\\\/\\\/www.anovapeneira.gal\\\/index.php\\\/2021\\\/06\\\/29\\\/asociacions-e-centros-culturais-de-redondela-poden-pedir-ata-o-19-de-xullo-axudas-para-actividades-e-gasto-corrente\\\/#primaryimage\"},\"thumbnailUrl\":\"https:\\\/\\\/www.anovapeneira.gal\\\/wp-content\\\/uploads\\\/2019\\\/10\\\/concelloredondela_a_nova_peneira.jpg\",\"datePublished\":\"2021-06-29T08:00:00+00:00\",\"description\":\"En total, a Conceller\u00eda de Participaci\u00f3n Cidad\u00e1 investir\u00e1 64.000 euros no apoio destas organizaci\u00f3ns\",\"breadcrumb\":{\"@id\":\"https:\\\/\\\/www.anovapeneira.gal\\\/index.php\\\/2021\\\/06\\\/29\\\/asociacions-e-centros-culturais-de-redondela-poden-pedir-ata-o-19-de-xullo-axudas-para-actividades-e-gasto-corrente\\\/#breadcrumb\"},\"inLanguage\":\"gl-ES\",\"potentialAction\":[{\"@type\":\"ReadAction\",\"target\":[\"https:\\\/\\\/www.anovapeneira.gal\\\/index.php\\\/2021\\\/06\\\/29\\\/asociacions-e-centros-culturais-de-redondela-poden-pedir-ata-o-19-de-xullo-axudas-para-actividades-e-gasto-corrente\\\/\"]}]},{\"@type\":\"ImageObject\",\"inLanguage\":\"gl-ES\",\"@id\":\"https:\\\/\\\/www.anovapeneira.gal\\\/index.php\\\/2021\\\/06\\\/29\\\/asociacions-e-centros-culturais-de-redondela-poden-pedir-ata-o-19-de-xullo-axudas-para-actividades-e-gasto-corrente\\\/#primaryimage\",\"url\":\"https:\\\/\\\/www.anovapeneira.gal\\\/wp-content\\\/uploads\\\/2019\\\/10\\\/concelloredondela_a_nova_peneira.jpg\",\"contentUrl\":\"https:\\\/\\\/www.anovapeneira.gal\\\/wp-content\\\/uploads\\\/2019\\\/10\\\/concelloredondela_a_nova_peneira.jpg\",\"width\":720,\"height\":473,\"caption\":\"Concello de Redondela A Nova Peneira\"},{\"@type\":\"BreadcrumbList\",\"@id\":\"https:\\\/\\\/www.anovapeneira.gal\\\/index.php\\\/2021\\\/06\\\/29\\\/asociacions-e-centros-culturais-de-redondela-poden-pedir-ata-o-19-de-xullo-axudas-para-actividades-e-gasto-corrente\\\/#breadcrumb\",\"itemListElement\":[{\"@type\":\"ListItem\",\"position\":1,\"name\":\"Portada\",\"item\":\"https:\\\/\\\/www.anovapeneira.gal\\\/\"},{\"@type\":\"ListItem\",\"position\":2,\"name\":\"Asociaci\u00f3ns e centros culturais de Redondela poden pedir ata o 19 de xullo axudas para actividades e gasto corrente\"}]},{\"@type\":\"WebSite\",\"@id\":\"https:\\\/\\\/www.anovapeneira.gal\\\/#website\",\"url\":\"https:\\\/\\\/www.anovapeneira.gal\\\/\",\"name\":\"\",\"description\":\"Xornal galego de informaci\u00f3n xeral Publicaci\u00f3n mensual de novas de Galicia e en especial dos Concellos da sur da provincia de Pontevedra.\",\"publisher\":{\"@id\":\"https:\\\/\\\/www.anovapeneira.gal\\\/#organization\"},\"potentialAction\":[{\"@type\":\"SearchAction\",\"target\":{\"@type\":\"EntryPoint\",\"urlTemplate\":\"https:\\\/\\\/www.anovapeneira.gal\\\/?s={search_term_string}\"},\"query-input\":{\"@type\":\"PropertyValueSpecification\",\"valueRequired\":true,\"valueName\":\"search_term_string\"}}],\"inLanguage\":\"gl-ES\"},{\"@type\":\"Organization\",\"@id\":\"https:\\\/\\\/www.anovapeneira.gal\\\/#organization\",\"name\":\"A Nova Peneira\",\"url\":\"https:\\\/\\\/www.anovapeneira.gal\\\/\",\"logo\":{\"@type\":\"ImageObject\",\"inLanguage\":\"gl-ES\",\"@id\":\"https:\\\/\\\/www.anovapeneira.gal\\\/#\\\/schema\\\/logo\\\/image\\\/\",\"url\":\"http:\\\/\\\/www.anovapeneira.gal\\\/wp-content\\\/uploads\\\/2019\\\/06\\\/logo_a_nova_peneira_portal_web.png\",\"contentUrl\":\"http:\\\/\\\/www.anovapeneira.gal\\\/wp-content\\\/uploads\\\/2019\\\/06\\\/logo_a_nova_peneira_portal_web.png\",\"width\":300,\"height\":100,\"caption\":\"A Nova Peneira\"},\"image\":{\"@id\":\"https:\\\/\\\/www.anovapeneira.gal\\\/#\\\/schema\\\/logo\\\/image\\\/\"},\"sameAs\":[\"https:\\\/\\\/www.facebook.com\\\/anovapeneira\",\"https:\\\/\\\/x.com\\\/APeneira\"]},{\"@type\":\"Person\",\"@id\":\"https:\\\/\\\/www.anovapeneira.gal\\\/#\\\/schema\\\/person\\\/b93e3f8932e3f8da96334607eb6ac6aa\",\"name\":\"Redacci\u00f3n A Nova Peneira\",\"image\":{\"@type\":\"ImageObject\",\"inLanguage\":\"gl-ES\",\"@id\":\"https:\\\/\\\/secure.gravatar.com\\\/avatar\\\/c052a2551a06e23fac63626232eaa90abd78dbcf1700fc46a2b2c89fd27b735f?s=96&d=mm&r=g\",\"url\":\"https:\\\/\\\/secure.gravatar.com\\\/avatar\\\/c052a2551a06e23fac63626232eaa90abd78dbcf1700fc46a2b2c89fd27b735f?s=96&d=mm&r=g\",\"contentUrl\":\"https:\\\/\\\/secure.gravatar.com\\\/avatar\\\/c052a2551a06e23fac63626232eaa90abd78dbcf1700fc46a2b2c89fd27b735f?s=96&d=mm&r=g\",\"caption\":\"Redacci\u00f3n A Nova Peneira\"},\"sameAs\":[\"http:\\\/\\\/www.anovapeneira.gal\\\/\"],\"url\":\"https:\\\/\\\/www.anovapeneira.gal\\\/index.php\\\/author\\\/redactor\\\/\"}]}<\/script>\n<!-- \/ Yoast SEO plugin. -->","yoast_head_json":{"title":"Asociaci\u00f3ns e centros culturais de Redondela poden pedir ata o 19 de xullo axudas para actividades e gasto corrente -","description":"En total, a Conceller\u00eda de Participaci\u00f3n Cidad\u00e1 investir\u00e1 64.000 euros no apoio destas organizaci\u00f3ns","robots":{"index":"index","follow":"follow","max-snippet":"max-snippet:-1","max-image-preview":"max-image-preview:large","max-video-preview":"max-video-preview:-1"},"canonical":"https:\/\/www.anovapeneira.gal\/index.php\/2021\/06\/29\/asociacions-e-centros-culturais-de-redondela-poden-pedir-ata-o-19-de-xullo-axudas-para-actividades-e-gasto-corrente\/","og_locale":"gl_ES","og_type":"article","og_title":"Asociaci\u00f3ns e centros culturais de Redondela poden pedir ata o 19 de xullo axudas para actividades e gasto corrente -","og_description":"En total, a Conceller\u00eda de Participaci\u00f3n Cidad\u00e1 investir\u00e1 64.000 euros no apoio destas organizaci\u00f3ns","og_url":"https:\/\/www.anovapeneira.gal\/index.php\/2021\/06\/29\/asociacions-e-centros-culturais-de-redondela-poden-pedir-ata-o-19-de-xullo-axudas-para-actividades-e-gasto-corrente\/","article_publisher":"https:\/\/www.facebook.com\/anovapeneira","article_published_time":"2021-06-29T08:00:00+00:00","og_image":[{"width":720,"height":473,"url":"https:\/\/www.anovapeneira.gal\/wp-content\/uploads\/2019\/10\/concelloredondela_a_nova_peneira.jpg","type":"image\/jpeg"}],"author":"Redacci\u00f3n A Nova Peneira","twitter_card":"summary_large_image","twitter_creator":"@APeneira","twitter_site":"@APeneira","twitter_misc":{"Escrito por":"Redacci\u00f3n A Nova Peneira","Tempo de lectura":"1 minuto"},"schema":{"@context":"https:\/\/schema.org","@graph":[{"@type":"Article","@id":"https:\/\/www.anovapeneira.gal\/index.php\/2021\/06\/29\/asociacions-e-centros-culturais-de-redondela-poden-pedir-ata-o-19-de-xullo-axudas-para-actividades-e-gasto-corrente\/#article","isPartOf":{"@id":"https:\/\/www.anovapeneira.gal\/index.php\/2021\/06\/29\/asociacions-e-centros-culturais-de-redondela-poden-pedir-ata-o-19-de-xullo-axudas-para-actividades-e-gasto-corrente\/"},"author":{"name":"Redacci\u00f3n A Nova Peneira","@id":"https:\/\/www.anovapeneira.gal\/#\/schema\/person\/b93e3f8932e3f8da96334607eb6ac6aa"},"headline":"Asociaci\u00f3ns e centros culturais de Redondela poden pedir ata o 19 de xullo axudas para actividades e gasto corrente","datePublished":"2021-06-29T08:00:00+00:00","mainEntityOfPage":{"@id":"https:\/\/www.anovapeneira.gal\/index.php\/2021\/06\/29\/asociacions-e-centros-culturais-de-redondela-poden-pedir-ata-o-19-de-xullo-axudas-para-actividades-e-gasto-corrente\/"},"wordCount":235,"commentCount":0,"publisher":{"@id":"https:\/\/www.anovapeneira.gal\/#organization"},"image":{"@id":"https:\/\/www.anovapeneira.gal\/index.php\/2021\/06\/29\/asociacions-e-centros-culturais-de-redondela-poden-pedir-ata-o-19-de-xullo-axudas-para-actividades-e-gasto-corrente\/#primaryimage"},"thumbnailUrl":"https:\/\/www.anovapeneira.gal\/wp-content\/uploads\/2019\/10\/concelloredondela_a_nova_peneira.jpg","keywords":["Concello de Redondela"],"articleSection":["Redondela"],"inLanguage":"gl-ES","potentialAction":[{"@type":"CommentAction","name":"Comment","target":["https:\/\/www.anovapeneira.gal\/index.php\/2021\/06\/29\/asociacions-e-centros-culturais-de-redondela-poden-pedir-ata-o-19-de-xullo-axudas-para-actividades-e-gasto-corrente\/#respond"]}]},{"@type":"WebPage","@id":"https:\/\/www.anovapeneira.gal\/index.php\/2021\/06\/29\/asociacions-e-centros-culturais-de-redondela-poden-pedir-ata-o-19-de-xullo-axudas-para-actividades-e-gasto-corrente\/","url":"https:\/\/www.anovapeneira.gal\/index.php\/2021\/06\/29\/asociacions-e-centros-culturais-de-redondela-poden-pedir-ata-o-19-de-xullo-axudas-para-actividades-e-gasto-corrente\/","name":"Asociaci\u00f3ns e centros culturais de Redondela poden pedir ata o 19 de xullo axudas para actividades e gasto corrente -","isPartOf":{"@id":"https:\/\/www.anovapeneira.gal\/#website"},"primaryImageOfPage":{"@id":"https:\/\/www.anovapeneira.gal\/index.php\/2021\/06\/29\/asociacions-e-centros-culturais-de-redondela-poden-pedir-ata-o-19-de-xullo-axudas-para-actividades-e-gasto-corrente\/#primaryimage"},"image":{"@id":"https:\/\/www.anovapeneira.gal\/index.php\/2021\/06\/29\/asociacions-e-centros-culturais-de-redondela-poden-pedir-ata-o-19-de-xullo-axudas-para-actividades-e-gasto-corrente\/#primaryimage"},"thumbnailUrl":"https:\/\/www.anovapeneira.gal\/wp-content\/uploads\/2019\/10\/concelloredondela_a_nova_peneira.jpg","datePublished":"2021-06-29T08:00:00+00:00","description":"En total, a Conceller\u00eda de Participaci\u00f3n Cidad\u00e1 investir\u00e1 64.000 euros no apoio destas organizaci\u00f3ns","breadcrumb":{"@id":"https:\/\/www.anovapeneira.gal\/index.php\/2021\/06\/29\/asociacions-e-centros-culturais-de-redondela-poden-pedir-ata-o-19-de-xullo-axudas-para-actividades-e-gasto-corrente\/#breadcrumb"},"inLanguage":"gl-ES","potentialAction":[{"@type":"ReadAction","target":["https:\/\/www.anovapeneira.gal\/index.php\/2021\/06\/29\/asociacions-e-centros-culturais-de-redondela-poden-pedir-ata-o-19-de-xullo-axudas-para-actividades-e-gasto-corrente\/"]}]},{"@type":"ImageObject","inLanguage":"gl-ES","@id":"https:\/\/www.anovapeneira.gal\/index.php\/2021\/06\/29\/asociacions-e-centros-culturais-de-redondela-poden-pedir-ata-o-19-de-xullo-axudas-para-actividades-e-gasto-corrente\/#primaryimage","url":"https:\/\/www.anovapeneira.gal\/wp-content\/uploads\/2019\/10\/concelloredondela_a_nova_peneira.jpg","contentUrl":"https:\/\/www.anovapeneira.gal\/wp-content\/uploads\/2019\/10\/concelloredondela_a_nova_peneira.jpg","width":720,"height":473,"caption":"Concello de Redondela A Nova Peneira"},{"@type":"BreadcrumbList","@id":"https:\/\/www.anovapeneira.gal\/index.php\/2021\/06\/29\/asociacions-e-centros-culturais-de-redondela-poden-pedir-ata-o-19-de-xullo-axudas-para-actividades-e-gasto-corrente\/#breadcrumb","itemListElement":[{"@type":"ListItem","position":1,"name":"Portada","item":"https:\/\/www.anovapeneira.gal\/"},{"@type":"ListItem","position":2,"name":"Asociaci\u00f3ns e centros culturais de Redondela poden pedir ata o 19 de xullo axudas para actividades e gasto corrente"}]},{"@type":"WebSite","@id":"https:\/\/www.anovapeneira.gal\/#website","url":"https:\/\/www.anovapeneira.gal\/","name":"","description":"Xornal galego de informaci\u00f3n xeral Publicaci\u00f3n mensual de novas de Galicia e en especial dos Concellos da sur da provincia de Pontevedra.","publisher":{"@id":"https:\/\/www.anovapeneira.gal\/#organization"},"potentialAction":[{"@type":"SearchAction","target":{"@type":"EntryPoint","urlTemplate":"https:\/\/www.anovapeneira.gal\/?s={search_term_string}"},"query-input":{"@type":"PropertyValueSpecification","valueRequired":true,"valueName":"search_term_string"}}],"inLanguage":"gl-ES"},{"@type":"Organization","@id":"https:\/\/www.anovapeneira.gal\/#organization","name":"A Nova Peneira","url":"https:\/\/www.anovapeneira.gal\/","logo":{"@type":"ImageObject","inLanguage":"gl-ES","@id":"https:\/\/www.anovapeneira.gal\/#\/schema\/logo\/image\/","url":"http:\/\/www.anovapeneira.gal\/wp-content\/uploads\/2019\/06\/logo_a_nova_peneira_portal_web.png","contentUrl":"http:\/\/www.anovapeneira.gal\/wp-content\/uploads\/2019\/06\/logo_a_nova_peneira_portal_web.png","width":300,"height":100,"caption":"A Nova Peneira"},"image":{"@id":"https:\/\/www.anovapeneira.gal\/#\/schema\/logo\/image\/"},"sameAs":["https:\/\/www.facebook.com\/anovapeneira","https:\/\/x.com\/APeneira"]},{"@type":"Person","@id":"https:\/\/www.anovapeneira.gal\/#\/schema\/person\/b93e3f8932e3f8da96334607eb6ac6aa","name":"Redacci\u00f3n A Nova Peneira","image":{"@type":"ImageObject","inLanguage":"gl-ES","@id":"https:\/\/secure.gravatar.com\/avatar\/c052a2551a06e23fac63626232eaa90abd78dbcf1700fc46a2b2c89fd27b735f?s=96&d=mm&r=g","url":"https:\/\/secure.gravatar.com\/avatar\/c052a2551a06e23fac63626232eaa90abd78dbcf1700fc46a2b2c89fd27b735f?s=96&d=mm&r=g","contentUrl":"https:\/\/secure.gravatar.com\/avatar\/c052a2551a06e23fac63626232eaa90abd78dbcf1700fc46a2b2c89fd27b735f?s=96&d=mm&r=g","caption":"Redacci\u00f3n A Nova Peneira"},"sameAs":["http:\/\/www.anovapeneira.gal\/"],"url":"https:\/\/www.anovapeneira.gal\/index.php\/author\/redactor\/"}]}},"jetpack_featured_media_url":"https:\/\/www.anovapeneira.gal\/wp-content\/uploads\/2019\/10\/concelloredondela_a_nova_peneira.jpg","_links":{"self":[{"href":"https:\/\/www.anovapeneira.gal\/index.php\/wp-json\/wp\/v2\/posts\/5687","targetHints":{"allow":["GET"]}}],"collection":[{"href":"https:\/\/www.anovapeneira.gal\/index.php\/wp-json\/wp\/v2\/posts"}],"about":[{"href":"https:\/\/www.anovapeneira.gal\/index.php\/wp-json\/wp\/v2\/types\/post"}],"author":[{"embeddable":true,"href":"https:\/\/www.anovapeneira.gal\/index.php\/wp-json\/wp\/v2\/users\/3"}],"replies":[{"embeddable":true,"href":"https:\/\/www.anovapeneira.gal\/index.php\/wp-json\/wp\/v2\/comments?post=5687"}],"version-history":[{"count":1,"href":"https:\/\/www.anovapeneira.gal\/index.php\/wp-json\/wp\/v2\/posts\/5687\/revisions"}],"predecessor-version":[{"id":5688,"href":"https:\/\/www.anovapeneira.gal\/index.php\/wp-json\/wp\/v2\/posts\/5687\/revisions\/5688"}],"wp:featuredmedia":[{"embeddable":true,"href":"https:\/\/www.anovapeneira.gal\/index.php\/wp-json\/wp\/v2\/media\/1456"}],"wp:attachment":[{"href":"https:\/\/www.anovapeneira.gal\/index.php\/wp-json\/wp\/v2\/media?parent=5687"}],"wp:term":[{"taxonomy":"category","embeddable":true,"href":"https:\/\/www.anovapeneira.gal\/index.php\/wp-json\/wp\/v2\/categories?post=5687"},{"taxonomy":"post_tag","embeddable":true,"href":"https:\/\/www.anovapeneira.gal\/index.php\/wp-json\/wp\/v2\/tags?post=5687"}],"curies":[{"name":"wp","href":"https:\/\/api.w.org\/{rel}","templated":true}]}}