{"id":5691,"date":"2021-06-29T12:00:31","date_gmt":"2021-06-29T10:00:31","guid":{"rendered":"https:\/\/www.anovapeneira.gal\/?p=5691"},"modified":"2021-06-28T11:47:17","modified_gmt":"2021-06-28T09:47:17","slug":"ganamos-asemblea-vecinal-acorda-a-expulsion-de-roman-gonzalez-garrido-pola-violacion-reiterada-do-codigo-etico","status":"publish","type":"post","link":"https:\/\/www.anovapeneira.gal\/index.php\/2021\/06\/29\/ganamos-asemblea-vecinal-acorda-a-expulsion-de-roman-gonzalez-garrido-pola-violacion-reiterada-do-codigo-etico\/","title":{"rendered":"Ga\u00f1aM\u00f3s Asemblea Veci\u00f1al acorda a expulsi\u00f3n de Rom\u00e1n Gonz\u00e1lez Garrido pola violaci\u00f3n reiterada do C\u00f3digo \u00c9tico"},"content":{"rendered":"\n<p><strong>En Mos a 24 de xullo de 2021<\/strong><\/p>\n\n\n\n<p>Con data do 24 de xu\u00f1o de 2021, Ga\u00f1aM\u00f3s Asemblea Veci\u00f1al celebrou unha asemblea extraordinaria ante a noticia aparecida na prensa local da dimisi\u00f3n do seu portavoz Rom\u00e1n Gonz\u00e1lez Garrido e acorda aprobar a seguinte declaraci\u00f3n:<\/p>\n\n\n\n<p>Ga\u00f1aM\u00f3s Asemblea Veci\u00f1al acorda a expulsi\u00f3n de Rom\u00e1n Gonz\u00e1lez Garrido pola violaci\u00f3n reiterada do C\u00f3digo \u00c9tico (CE en diante). Concretamente, no que sup\u00f3n a renuncia ao transfuguismo pol\u00edtico e que implica a revogaci\u00f3n do cargo e a expulsi\u00f3n de Ga\u00f1aM\u00f3s Asemblea Veci\u00f1al (punto 2 do CE); por contradicir as votaci\u00f3ns democr\u00e1ticas da Asemblea respecto a posturas fundamentais na pol\u00edtica municipal (punto 3 do CE); polos pactos e acordos en segredo levados a cabo con organizaci\u00f3ns alleas a Ga\u00f1aM\u00f3s Asemblea Veci\u00f1al e o ocultamento da s\u00faa axenda pol\u00edtica, mantendo en segredo reuni\u00f3ns e pactos co grupo de \u201cnon adscritos\u201d e outras organizaci\u00f3ns sen representaci\u00f3n pol\u00edtica do Concello de Mos (punto 7 do CE).<\/p>\n\n\n\n<p>As\u00ed mesmo, en cumprimento co C\u00f3digo \u00c9tico desta agrupaci\u00f3n pol\u00edtica, Ga\u00f1aM\u00f3s Asemblea Veci\u00f1al acorda esixir a Rom\u00e1n Gonz\u00e1lez Garrido a devoluci\u00f3n da acta de concelleiro. No caso de non renunciar a acta no pr\u00f3ximo pleno municipal do 28 de xu\u00f1o, a Ga\u00f1aM\u00f3s Asemblea Veci\u00f1al acorda declarar a Rom\u00e1n Gonz\u00e1lez Garrido \u201ctr\u00e1nsfuga\u201d e insta a toda a corporaci\u00f3n municipal ao cumprimento dos acordos acadados a nivel do Estado no Pacto Antitransfuguismo.<\/p>\n\n\n\n<p>Por iso, Ga\u00f1aM\u00f3s Asemblea Veci\u00f1al presenta no pr\u00f3ximo pleno municipal unha moci\u00f3n en defensa da \u00e9tica na pr\u00e1ctica pol\u00edtica vista a situaci\u00f3n de irregularidade democr\u00e1tica visible nos reiterados episodios de transfuguismo no noso concello.<\/p>\n","protected":false},"excerpt":{"rendered":"<div class=\"mh-excerpt\"><p>Con data do 24 de xu\u00f1o de 2021, Ga\u00f1aM\u00f3s Asemblea Veci\u00f1al celebrou unha asemblea extraordinaria ante a noticia aparecida na prensa local da dimisi\u00f3n do seu portavoz Rom\u00e1n Gonz\u00e1lez Garrido e acorda aprobar a seguinte declaraci\u00f3n <a class=\"mh-excerpt-more\" href=\"https:\/\/www.anovapeneira.gal\/index.php\/2021\/06\/29\/ganamos-asemblea-vecinal-acorda-a-expulsion-de-roman-gonzalez-garrido-pola-violacion-reiterada-do-codigo-etico\/\" title=\"Ga\u00f1aM\u00f3s Asemblea Veci\u00f1al acorda a expulsi\u00f3n de Rom\u00e1n Gonz\u00e1lez Garrido pola violaci\u00f3n reiterada do C\u00f3digo \u00c9tico\">[&#8230;]<\/a><\/p>\n<\/div>","protected":false},"author":3,"featured_media":5692,"comment_status":"open","ping_status":"open","sticky":false,"template":"","format":"standard","meta":{"_exactmetrics_skip_tracking":false,"_exactmetrics_sitenote_active":false,"_exactmetrics_sitenote_note":"","_exactmetrics_sitenote_category":0,"footnotes":""},"categories":[23],"tags":[218],"class_list":{"0":"post-5691","1":"post","2":"type-post","3":"status-publish","4":"format-standard","5":"has-post-thumbnail","7":"category-a-lourina","8":"tag-concello-de-mos"},"yoast_head":"<!-- This site is optimized with the Yoast SEO plugin v27.4 - https:\/\/yoast.com\/product\/yoast-seo-wordpress\/ -->\n<title>Ga\u00f1aM\u00f3s Asemblea Veci\u00f1al acorda a expulsi\u00f3n de Rom\u00e1n Gonz\u00e1lez Garrido pola violaci\u00f3n reiterada do C\u00f3digo \u00c9tico -<\/title>\n<meta name=\"description\" content=\"Con data do 24 de xu\u00f1o de 2021, Ga\u00f1aM\u00f3s Asemblea Veci\u00f1al celebrou unha asemblea extraordinaria ante a noticia aparecida na prensa local da dimisi\u00f3n do seu portavoz Rom\u00e1n Gonz\u00e1lez Garrido e acorda aprobar a seguinte declaraci\u00f3n\" \/>\n<meta name=\"robots\" content=\"index, follow, max-snippet:-1, max-image-preview:large, max-video-preview:-1\" \/>\n<link rel=\"canonical\" href=\"https:\/\/www.anovapeneira.gal\/index.php\/2021\/06\/29\/ganamos-asemblea-vecinal-acorda-a-expulsion-de-roman-gonzalez-garrido-pola-violacion-reiterada-do-codigo-etico\/\" \/>\n<meta property=\"og:locale\" content=\"gl_ES\" \/>\n<meta property=\"og:type\" content=\"article\" \/>\n<meta property=\"og:title\" content=\"Ga\u00f1aM\u00f3s Asemblea Veci\u00f1al acorda a expulsi\u00f3n de Rom\u00e1n Gonz\u00e1lez Garrido pola violaci\u00f3n reiterada do C\u00f3digo \u00c9tico -\" \/>\n<meta property=\"og:description\" content=\"Con data do 24 de xu\u00f1o de 2021, Ga\u00f1aM\u00f3s Asemblea Veci\u00f1al celebrou unha asemblea extraordinaria ante a noticia aparecida na prensa local da dimisi\u00f3n do seu portavoz Rom\u00e1n Gonz\u00e1lez Garrido e acorda aprobar a seguinte declaraci\u00f3n\" \/>\n<meta property=\"og:url\" content=\"https:\/\/www.anovapeneira.gal\/index.php\/2021\/06\/29\/ganamos-asemblea-vecinal-acorda-a-expulsion-de-roman-gonzalez-garrido-pola-violacion-reiterada-do-codigo-etico\/\" \/>\n<meta property=\"article:publisher\" content=\"https:\/\/www.facebook.com\/anovapeneira\" \/>\n<meta property=\"article:published_time\" content=\"2021-06-29T10:00:31+00:00\" \/>\n<meta property=\"og:image\" content=\"https:\/\/www.anovapeneira.gal\/wp-content\/uploads\/2021\/06\/gana_mos.jpg\" \/>\n\t<meta property=\"og:image:width\" content=\"720\" \/>\n\t<meta property=\"og:image:height\" content=\"432\" \/>\n\t<meta property=\"og:image:type\" content=\"image\/jpeg\" \/>\n<meta name=\"author\" content=\"Redacci\u00f3n A Nova Peneira\" \/>\n<meta name=\"twitter:card\" content=\"summary_large_image\" \/>\n<meta name=\"twitter:creator\" content=\"@APeneira\" \/>\n<meta name=\"twitter:site\" content=\"@APeneira\" \/>\n<meta name=\"twitter:label1\" content=\"Escrito por\" \/>\n\t<meta name=\"twitter:data1\" content=\"Redacci\u00f3n A Nova Peneira\" \/>\n\t<meta name=\"twitter:label2\" content=\"Tempo de lectura\" \/>\n\t<meta name=\"twitter:data2\" content=\"2 minutos\" \/>\n<script type=\"application\/ld+json\" class=\"yoast-schema-graph\">{\"@context\":\"https:\\\/\\\/schema.org\",\"@graph\":[{\"@type\":\"Article\",\"@id\":\"https:\\\/\\\/www.anovapeneira.gal\\\/index.php\\\/2021\\\/06\\\/29\\\/ganamos-asemblea-vecinal-acorda-a-expulsion-de-roman-gonzalez-garrido-pola-violacion-reiterada-do-codigo-etico\\\/#article\",\"isPartOf\":{\"@id\":\"https:\\\/\\\/www.anovapeneira.gal\\\/index.php\\\/2021\\\/06\\\/29\\\/ganamos-asemblea-vecinal-acorda-a-expulsion-de-roman-gonzalez-garrido-pola-violacion-reiterada-do-codigo-etico\\\/\"},\"author\":{\"name\":\"Redacci\u00f3n A Nova Peneira\",\"@id\":\"https:\\\/\\\/www.anovapeneira.gal\\\/#\\\/schema\\\/person\\\/b93e3f8932e3f8da96334607eb6ac6aa\"},\"headline\":\"Ga\u00f1aM\u00f3s Asemblea Veci\u00f1al acorda a expulsi\u00f3n de Rom\u00e1n Gonz\u00e1lez Garrido pola violaci\u00f3n reiterada do C\u00f3digo \u00c9tico\",\"datePublished\":\"2021-06-29T10:00:31+00:00\",\"mainEntityOfPage\":{\"@id\":\"https:\\\/\\\/www.anovapeneira.gal\\\/index.php\\\/2021\\\/06\\\/29\\\/ganamos-asemblea-vecinal-acorda-a-expulsion-de-roman-gonzalez-garrido-pola-violacion-reiterada-do-codigo-etico\\\/\"},\"wordCount\":339,\"commentCount\":0,\"publisher\":{\"@id\":\"https:\\\/\\\/www.anovapeneira.gal\\\/#organization\"},\"image\":{\"@id\":\"https:\\\/\\\/www.anovapeneira.gal\\\/index.php\\\/2021\\\/06\\\/29\\\/ganamos-asemblea-vecinal-acorda-a-expulsion-de-roman-gonzalez-garrido-pola-violacion-reiterada-do-codigo-etico\\\/#primaryimage\"},\"thumbnailUrl\":\"https:\\\/\\\/www.anovapeneira.gal\\\/wp-content\\\/uploads\\\/2021\\\/06\\\/gana_mos.jpg\",\"keywords\":[\"Concello de Mos\"],\"articleSection\":[\"A Louri\u00f1a\"],\"inLanguage\":\"gl-ES\",\"potentialAction\":[{\"@type\":\"CommentAction\",\"name\":\"Comment\",\"target\":[\"https:\\\/\\\/www.anovapeneira.gal\\\/index.php\\\/2021\\\/06\\\/29\\\/ganamos-asemblea-vecinal-acorda-a-expulsion-de-roman-gonzalez-garrido-pola-violacion-reiterada-do-codigo-etico\\\/#respond\"]}]},{\"@type\":\"WebPage\",\"@id\":\"https:\\\/\\\/www.anovapeneira.gal\\\/index.php\\\/2021\\\/06\\\/29\\\/ganamos-asemblea-vecinal-acorda-a-expulsion-de-roman-gonzalez-garrido-pola-violacion-reiterada-do-codigo-etico\\\/\",\"url\":\"https:\\\/\\\/www.anovapeneira.gal\\\/index.php\\\/2021\\\/06\\\/29\\\/ganamos-asemblea-vecinal-acorda-a-expulsion-de-roman-gonzalez-garrido-pola-violacion-reiterada-do-codigo-etico\\\/\",\"name\":\"Ga\u00f1aM\u00f3s Asemblea Veci\u00f1al acorda a expulsi\u00f3n de Rom\u00e1n Gonz\u00e1lez Garrido pola violaci\u00f3n reiterada do C\u00f3digo \u00c9tico -\",\"isPartOf\":{\"@id\":\"https:\\\/\\\/www.anovapeneira.gal\\\/#website\"},\"primaryImageOfPage\":{\"@id\":\"https:\\\/\\\/www.anovapeneira.gal\\\/index.php\\\/2021\\\/06\\\/29\\\/ganamos-asemblea-vecinal-acorda-a-expulsion-de-roman-gonzalez-garrido-pola-violacion-reiterada-do-codigo-etico\\\/#primaryimage\"},\"image\":{\"@id\":\"https:\\\/\\\/www.anovapeneira.gal\\\/index.php\\\/2021\\\/06\\\/29\\\/ganamos-asemblea-vecinal-acorda-a-expulsion-de-roman-gonzalez-garrido-pola-violacion-reiterada-do-codigo-etico\\\/#primaryimage\"},\"thumbnailUrl\":\"https:\\\/\\\/www.anovapeneira.gal\\\/wp-content\\\/uploads\\\/2021\\\/06\\\/gana_mos.jpg\",\"datePublished\":\"2021-06-29T10:00:31+00:00\",\"description\":\"Con data do 24 de xu\u00f1o de 2021, Ga\u00f1aM\u00f3s Asemblea Veci\u00f1al celebrou unha asemblea extraordinaria ante a noticia aparecida na prensa local da dimisi\u00f3n do seu portavoz Rom\u00e1n Gonz\u00e1lez Garrido e acorda aprobar a seguinte declaraci\u00f3n\",\"breadcrumb\":{\"@id\":\"https:\\\/\\\/www.anovapeneira.gal\\\/index.php\\\/2021\\\/06\\\/29\\\/ganamos-asemblea-vecinal-acorda-a-expulsion-de-roman-gonzalez-garrido-pola-violacion-reiterada-do-codigo-etico\\\/#breadcrumb\"},\"inLanguage\":\"gl-ES\",\"potentialAction\":[{\"@type\":\"ReadAction\",\"target\":[\"https:\\\/\\\/www.anovapeneira.gal\\\/index.php\\\/2021\\\/06\\\/29\\\/ganamos-asemblea-vecinal-acorda-a-expulsion-de-roman-gonzalez-garrido-pola-violacion-reiterada-do-codigo-etico\\\/\"]}]},{\"@type\":\"ImageObject\",\"inLanguage\":\"gl-ES\",\"@id\":\"https:\\\/\\\/www.anovapeneira.gal\\\/index.php\\\/2021\\\/06\\\/29\\\/ganamos-asemblea-vecinal-acorda-a-expulsion-de-roman-gonzalez-garrido-pola-violacion-reiterada-do-codigo-etico\\\/#primaryimage\",\"url\":\"https:\\\/\\\/www.anovapeneira.gal\\\/wp-content\\\/uploads\\\/2021\\\/06\\\/gana_mos.jpg\",\"contentUrl\":\"https:\\\/\\\/www.anovapeneira.gal\\\/wp-content\\\/uploads\\\/2021\\\/06\\\/gana_mos.jpg\",\"width\":720,\"height\":432,\"caption\":\"Ga\u00f1a Mos\"},{\"@type\":\"BreadcrumbList\",\"@id\":\"https:\\\/\\\/www.anovapeneira.gal\\\/index.php\\\/2021\\\/06\\\/29\\\/ganamos-asemblea-vecinal-acorda-a-expulsion-de-roman-gonzalez-garrido-pola-violacion-reiterada-do-codigo-etico\\\/#breadcrumb\",\"itemListElement\":[{\"@type\":\"ListItem\",\"position\":1,\"name\":\"Portada\",\"item\":\"https:\\\/\\\/www.anovapeneira.gal\\\/\"},{\"@type\":\"ListItem\",\"position\":2,\"name\":\"Ga\u00f1aM\u00f3s Asemblea Veci\u00f1al acorda a expulsi\u00f3n de Rom\u00e1n Gonz\u00e1lez Garrido pola violaci\u00f3n reiterada do C\u00f3digo \u00c9tico\"}]},{\"@type\":\"WebSite\",\"@id\":\"https:\\\/\\\/www.anovapeneira.gal\\\/#website\",\"url\":\"https:\\\/\\\/www.anovapeneira.gal\\\/\",\"name\":\"\",\"description\":\"Xornal galego de informaci\u00f3n xeral Publicaci\u00f3n mensual de novas de Galicia e en especial dos Concellos da sur da provincia de Pontevedra.\",\"publisher\":{\"@id\":\"https:\\\/\\\/www.anovapeneira.gal\\\/#organization\"},\"potentialAction\":[{\"@type\":\"SearchAction\",\"target\":{\"@type\":\"EntryPoint\",\"urlTemplate\":\"https:\\\/\\\/www.anovapeneira.gal\\\/?s={search_term_string}\"},\"query-input\":{\"@type\":\"PropertyValueSpecification\",\"valueRequired\":true,\"valueName\":\"search_term_string\"}}],\"inLanguage\":\"gl-ES\"},{\"@type\":\"Organization\",\"@id\":\"https:\\\/\\\/www.anovapeneira.gal\\\/#organization\",\"name\":\"A Nova Peneira\",\"url\":\"https:\\\/\\\/www.anovapeneira.gal\\\/\",\"logo\":{\"@type\":\"ImageObject\",\"inLanguage\":\"gl-ES\",\"@id\":\"https:\\\/\\\/www.anovapeneira.gal\\\/#\\\/schema\\\/logo\\\/image\\\/\",\"url\":\"http:\\\/\\\/www.anovapeneira.gal\\\/wp-content\\\/uploads\\\/2019\\\/06\\\/logo_a_nova_peneira_portal_web.png\",\"contentUrl\":\"http:\\\/\\\/www.anovapeneira.gal\\\/wp-content\\\/uploads\\\/2019\\\/06\\\/logo_a_nova_peneira_portal_web.png\",\"width\":300,\"height\":100,\"caption\":\"A Nova Peneira\"},\"image\":{\"@id\":\"https:\\\/\\\/www.anovapeneira.gal\\\/#\\\/schema\\\/logo\\\/image\\\/\"},\"sameAs\":[\"https:\\\/\\\/www.facebook.com\\\/anovapeneira\",\"https:\\\/\\\/x.com\\\/APeneira\"]},{\"@type\":\"Person\",\"@id\":\"https:\\\/\\\/www.anovapeneira.gal\\\/#\\\/schema\\\/person\\\/b93e3f8932e3f8da96334607eb6ac6aa\",\"name\":\"Redacci\u00f3n A Nova Peneira\",\"image\":{\"@type\":\"ImageObject\",\"inLanguage\":\"gl-ES\",\"@id\":\"https:\\\/\\\/secure.gravatar.com\\\/avatar\\\/c052a2551a06e23fac63626232eaa90abd78dbcf1700fc46a2b2c89fd27b735f?s=96&d=mm&r=g\",\"url\":\"https:\\\/\\\/secure.gravatar.com\\\/avatar\\\/c052a2551a06e23fac63626232eaa90abd78dbcf1700fc46a2b2c89fd27b735f?s=96&d=mm&r=g\",\"contentUrl\":\"https:\\\/\\\/secure.gravatar.com\\\/avatar\\\/c052a2551a06e23fac63626232eaa90abd78dbcf1700fc46a2b2c89fd27b735f?s=96&d=mm&r=g\",\"caption\":\"Redacci\u00f3n A Nova Peneira\"},\"sameAs\":[\"http:\\\/\\\/www.anovapeneira.gal\\\/\"],\"url\":\"https:\\\/\\\/www.anovapeneira.gal\\\/index.php\\\/author\\\/redactor\\\/\"}]}<\/script>\n<!-- \/ Yoast SEO plugin. -->","yoast_head_json":{"title":"Ga\u00f1aM\u00f3s Asemblea Veci\u00f1al acorda a expulsi\u00f3n de Rom\u00e1n Gonz\u00e1lez Garrido pola violaci\u00f3n reiterada do C\u00f3digo \u00c9tico -","description":"Con data do 24 de xu\u00f1o de 2021, Ga\u00f1aM\u00f3s Asemblea Veci\u00f1al celebrou unha asemblea extraordinaria ante a noticia aparecida na prensa local da dimisi\u00f3n do seu portavoz Rom\u00e1n Gonz\u00e1lez Garrido e acorda aprobar a seguinte declaraci\u00f3n","robots":{"index":"index","follow":"follow","max-snippet":"max-snippet:-1","max-image-preview":"max-image-preview:large","max-video-preview":"max-video-preview:-1"},"canonical":"https:\/\/www.anovapeneira.gal\/index.php\/2021\/06\/29\/ganamos-asemblea-vecinal-acorda-a-expulsion-de-roman-gonzalez-garrido-pola-violacion-reiterada-do-codigo-etico\/","og_locale":"gl_ES","og_type":"article","og_title":"Ga\u00f1aM\u00f3s Asemblea Veci\u00f1al acorda a expulsi\u00f3n de Rom\u00e1n Gonz\u00e1lez Garrido pola violaci\u00f3n reiterada do C\u00f3digo \u00c9tico -","og_description":"Con data do 24 de xu\u00f1o de 2021, Ga\u00f1aM\u00f3s Asemblea Veci\u00f1al celebrou unha asemblea extraordinaria ante a noticia aparecida na prensa local da dimisi\u00f3n do seu portavoz Rom\u00e1n Gonz\u00e1lez Garrido e acorda aprobar a seguinte declaraci\u00f3n","og_url":"https:\/\/www.anovapeneira.gal\/index.php\/2021\/06\/29\/ganamos-asemblea-vecinal-acorda-a-expulsion-de-roman-gonzalez-garrido-pola-violacion-reiterada-do-codigo-etico\/","article_publisher":"https:\/\/www.facebook.com\/anovapeneira","article_published_time":"2021-06-29T10:00:31+00:00","og_image":[{"width":720,"height":432,"url":"https:\/\/www.anovapeneira.gal\/wp-content\/uploads\/2021\/06\/gana_mos.jpg","type":"image\/jpeg"}],"author":"Redacci\u00f3n A Nova Peneira","twitter_card":"summary_large_image","twitter_creator":"@APeneira","twitter_site":"@APeneira","twitter_misc":{"Escrito por":"Redacci\u00f3n A Nova Peneira","Tempo de lectura":"2 minutos"},"schema":{"@context":"https:\/\/schema.org","@graph":[{"@type":"Article","@id":"https:\/\/www.anovapeneira.gal\/index.php\/2021\/06\/29\/ganamos-asemblea-vecinal-acorda-a-expulsion-de-roman-gonzalez-garrido-pola-violacion-reiterada-do-codigo-etico\/#article","isPartOf":{"@id":"https:\/\/www.anovapeneira.gal\/index.php\/2021\/06\/29\/ganamos-asemblea-vecinal-acorda-a-expulsion-de-roman-gonzalez-garrido-pola-violacion-reiterada-do-codigo-etico\/"},"author":{"name":"Redacci\u00f3n A Nova Peneira","@id":"https:\/\/www.anovapeneira.gal\/#\/schema\/person\/b93e3f8932e3f8da96334607eb6ac6aa"},"headline":"Ga\u00f1aM\u00f3s Asemblea Veci\u00f1al acorda a expulsi\u00f3n de Rom\u00e1n Gonz\u00e1lez Garrido pola violaci\u00f3n reiterada do C\u00f3digo \u00c9tico","datePublished":"2021-06-29T10:00:31+00:00","mainEntityOfPage":{"@id":"https:\/\/www.anovapeneira.gal\/index.php\/2021\/06\/29\/ganamos-asemblea-vecinal-acorda-a-expulsion-de-roman-gonzalez-garrido-pola-violacion-reiterada-do-codigo-etico\/"},"wordCount":339,"commentCount":0,"publisher":{"@id":"https:\/\/www.anovapeneira.gal\/#organization"},"image":{"@id":"https:\/\/www.anovapeneira.gal\/index.php\/2021\/06\/29\/ganamos-asemblea-vecinal-acorda-a-expulsion-de-roman-gonzalez-garrido-pola-violacion-reiterada-do-codigo-etico\/#primaryimage"},"thumbnailUrl":"https:\/\/www.anovapeneira.gal\/wp-content\/uploads\/2021\/06\/gana_mos.jpg","keywords":["Concello de Mos"],"articleSection":["A Louri\u00f1a"],"inLanguage":"gl-ES","potentialAction":[{"@type":"CommentAction","name":"Comment","target":["https:\/\/www.anovapeneira.gal\/index.php\/2021\/06\/29\/ganamos-asemblea-vecinal-acorda-a-expulsion-de-roman-gonzalez-garrido-pola-violacion-reiterada-do-codigo-etico\/#respond"]}]},{"@type":"WebPage","@id":"https:\/\/www.anovapeneira.gal\/index.php\/2021\/06\/29\/ganamos-asemblea-vecinal-acorda-a-expulsion-de-roman-gonzalez-garrido-pola-violacion-reiterada-do-codigo-etico\/","url":"https:\/\/www.anovapeneira.gal\/index.php\/2021\/06\/29\/ganamos-asemblea-vecinal-acorda-a-expulsion-de-roman-gonzalez-garrido-pola-violacion-reiterada-do-codigo-etico\/","name":"Ga\u00f1aM\u00f3s Asemblea Veci\u00f1al acorda a expulsi\u00f3n de Rom\u00e1n Gonz\u00e1lez Garrido pola violaci\u00f3n reiterada do C\u00f3digo \u00c9tico -","isPartOf":{"@id":"https:\/\/www.anovapeneira.gal\/#website"},"primaryImageOfPage":{"@id":"https:\/\/www.anovapeneira.gal\/index.php\/2021\/06\/29\/ganamos-asemblea-vecinal-acorda-a-expulsion-de-roman-gonzalez-garrido-pola-violacion-reiterada-do-codigo-etico\/#primaryimage"},"image":{"@id":"https:\/\/www.anovapeneira.gal\/index.php\/2021\/06\/29\/ganamos-asemblea-vecinal-acorda-a-expulsion-de-roman-gonzalez-garrido-pola-violacion-reiterada-do-codigo-etico\/#primaryimage"},"thumbnailUrl":"https:\/\/www.anovapeneira.gal\/wp-content\/uploads\/2021\/06\/gana_mos.jpg","datePublished":"2021-06-29T10:00:31+00:00","description":"Con data do 24 de xu\u00f1o de 2021, Ga\u00f1aM\u00f3s Asemblea Veci\u00f1al celebrou unha asemblea extraordinaria ante a noticia aparecida na prensa local da dimisi\u00f3n do seu portavoz Rom\u00e1n Gonz\u00e1lez Garrido e acorda aprobar a seguinte declaraci\u00f3n","breadcrumb":{"@id":"https:\/\/www.anovapeneira.gal\/index.php\/2021\/06\/29\/ganamos-asemblea-vecinal-acorda-a-expulsion-de-roman-gonzalez-garrido-pola-violacion-reiterada-do-codigo-etico\/#breadcrumb"},"inLanguage":"gl-ES","potentialAction":[{"@type":"ReadAction","target":["https:\/\/www.anovapeneira.gal\/index.php\/2021\/06\/29\/ganamos-asemblea-vecinal-acorda-a-expulsion-de-roman-gonzalez-garrido-pola-violacion-reiterada-do-codigo-etico\/"]}]},{"@type":"ImageObject","inLanguage":"gl-ES","@id":"https:\/\/www.anovapeneira.gal\/index.php\/2021\/06\/29\/ganamos-asemblea-vecinal-acorda-a-expulsion-de-roman-gonzalez-garrido-pola-violacion-reiterada-do-codigo-etico\/#primaryimage","url":"https:\/\/www.anovapeneira.gal\/wp-content\/uploads\/2021\/06\/gana_mos.jpg","contentUrl":"https:\/\/www.anovapeneira.gal\/wp-content\/uploads\/2021\/06\/gana_mos.jpg","width":720,"height":432,"caption":"Ga\u00f1a Mos"},{"@type":"BreadcrumbList","@id":"https:\/\/www.anovapeneira.gal\/index.php\/2021\/06\/29\/ganamos-asemblea-vecinal-acorda-a-expulsion-de-roman-gonzalez-garrido-pola-violacion-reiterada-do-codigo-etico\/#breadcrumb","itemListElement":[{"@type":"ListItem","position":1,"name":"Portada","item":"https:\/\/www.anovapeneira.gal\/"},{"@type":"ListItem","position":2,"name":"Ga\u00f1aM\u00f3s Asemblea Veci\u00f1al acorda a expulsi\u00f3n de Rom\u00e1n Gonz\u00e1lez Garrido pola violaci\u00f3n reiterada do C\u00f3digo \u00c9tico"}]},{"@type":"WebSite","@id":"https:\/\/www.anovapeneira.gal\/#website","url":"https:\/\/www.anovapeneira.gal\/","name":"","description":"Xornal galego de informaci\u00f3n xeral Publicaci\u00f3n mensual de novas de Galicia e en especial dos Concellos da sur da provincia de Pontevedra.","publisher":{"@id":"https:\/\/www.anovapeneira.gal\/#organization"},"potentialAction":[{"@type":"SearchAction","target":{"@type":"EntryPoint","urlTemplate":"https:\/\/www.anovapeneira.gal\/?s={search_term_string}"},"query-input":{"@type":"PropertyValueSpecification","valueRequired":true,"valueName":"search_term_string"}}],"inLanguage":"gl-ES"},{"@type":"Organization","@id":"https:\/\/www.anovapeneira.gal\/#organization","name":"A Nova Peneira","url":"https:\/\/www.anovapeneira.gal\/","logo":{"@type":"ImageObject","inLanguage":"gl-ES","@id":"https:\/\/www.anovapeneira.gal\/#\/schema\/logo\/image\/","url":"http:\/\/www.anovapeneira.gal\/wp-content\/uploads\/2019\/06\/logo_a_nova_peneira_portal_web.png","contentUrl":"http:\/\/www.anovapeneira.gal\/wp-content\/uploads\/2019\/06\/logo_a_nova_peneira_portal_web.png","width":300,"height":100,"caption":"A Nova Peneira"},"image":{"@id":"https:\/\/www.anovapeneira.gal\/#\/schema\/logo\/image\/"},"sameAs":["https:\/\/www.facebook.com\/anovapeneira","https:\/\/x.com\/APeneira"]},{"@type":"Person","@id":"https:\/\/www.anovapeneira.gal\/#\/schema\/person\/b93e3f8932e3f8da96334607eb6ac6aa","name":"Redacci\u00f3n A Nova Peneira","image":{"@type":"ImageObject","inLanguage":"gl-ES","@id":"https:\/\/secure.gravatar.com\/avatar\/c052a2551a06e23fac63626232eaa90abd78dbcf1700fc46a2b2c89fd27b735f?s=96&d=mm&r=g","url":"https:\/\/secure.gravatar.com\/avatar\/c052a2551a06e23fac63626232eaa90abd78dbcf1700fc46a2b2c89fd27b735f?s=96&d=mm&r=g","contentUrl":"https:\/\/secure.gravatar.com\/avatar\/c052a2551a06e23fac63626232eaa90abd78dbcf1700fc46a2b2c89fd27b735f?s=96&d=mm&r=g","caption":"Redacci\u00f3n A Nova Peneira"},"sameAs":["http:\/\/www.anovapeneira.gal\/"],"url":"https:\/\/www.anovapeneira.gal\/index.php\/author\/redactor\/"}]}},"jetpack_featured_media_url":"https:\/\/www.anovapeneira.gal\/wp-content\/uploads\/2021\/06\/gana_mos.jpg","_links":{"self":[{"href":"https:\/\/www.anovapeneira.gal\/index.php\/wp-json\/wp\/v2\/posts\/5691","targetHints":{"allow":["GET"]}}],"collection":[{"href":"https:\/\/www.anovapeneira.gal\/index.php\/wp-json\/wp\/v2\/posts"}],"about":[{"href":"https:\/\/www.anovapeneira.gal\/index.php\/wp-json\/wp\/v2\/types\/post"}],"author":[{"embeddable":true,"href":"https:\/\/www.anovapeneira.gal\/index.php\/wp-json\/wp\/v2\/users\/3"}],"replies":[{"embeddable":true,"href":"https:\/\/www.anovapeneira.gal\/index.php\/wp-json\/wp\/v2\/comments?post=5691"}],"version-history":[{"count":1,"href":"https:\/\/www.anovapeneira.gal\/index.php\/wp-json\/wp\/v2\/posts\/5691\/revisions"}],"predecessor-version":[{"id":5693,"href":"https:\/\/www.anovapeneira.gal\/index.php\/wp-json\/wp\/v2\/posts\/5691\/revisions\/5693"}],"wp:featuredmedia":[{"embeddable":true,"href":"https:\/\/www.anovapeneira.gal\/index.php\/wp-json\/wp\/v2\/media\/5692"}],"wp:attachment":[{"href":"https:\/\/www.anovapeneira.gal\/index.php\/wp-json\/wp\/v2\/media?parent=5691"}],"wp:term":[{"taxonomy":"category","embeddable":true,"href":"https:\/\/www.anovapeneira.gal\/index.php\/wp-json\/wp\/v2\/categories?post=5691"},{"taxonomy":"post_tag","embeddable":true,"href":"https:\/\/www.anovapeneira.gal\/index.php\/wp-json\/wp\/v2\/tags?post=5691"}],"curies":[{"name":"wp","href":"https:\/\/api.w.org\/{rel}","templated":true}]}}