{"id":5694,"date":"2021-06-30T12:00:43","date_gmt":"2021-06-30T10:00:43","guid":{"rendered":"https:\/\/www.anovapeneira.gal\/?p=5694"},"modified":"2021-06-28T11:57:09","modified_gmt":"2021-06-28T09:57:09","slug":"o-concello-de-bueu-recibe-ao-alumnado-do-ies-johan-carballeira-que-realizou-practicas-no-estrangeiro","status":"publish","type":"post","link":"https:\/\/www.anovapeneira.gal\/index.php\/2021\/06\/30\/o-concello-de-bueu-recibe-ao-alumnado-do-ies-johan-carballeira-que-realizou-practicas-no-estrangeiro\/","title":{"rendered":"O Concello de Bueu recibe ao alumnado do IES Joh\u00e1n Carballeira que realizou pr\u00e1cticas no estrangeiro"},"content":{"rendered":"\n<ul class=\"wp-block-list\"><li><strong>Un grupo de seis rapaces e rapazas do centro bueu\u00e9s levaron a cabo pr\u00e1cticas de formaci\u00f3n durante tres meses en pa\u00edses coma Malta, Ruman\u00eda ou Portugal<\/strong><\/li><\/ul>\n\n\n\n<p><strong>Bueu, a 25 de xu\u00f1o de 2021<\/strong><\/p>\n\n\n\n<p>O sal\u00f3n de plenos do Concello de Bueu acolleu este venres, 25 de xu\u00f1o, un acto de recibimento a seis rapaces e rapazas do IES Joh\u00e1n Carballeira, que este curso participaron nas mobilidades europeas no marco do proxecto KA102 de Formaci\u00f3n Profesional. F\u00e9lix Juncal, alcalde de Bueu, deulles a benvida despois dunha experiencia de pr\u00e1cticas laborais en diversos pa\u00edses europeos durante tres meses, e f\u00edxolles entrega dun lote de libros do Concello.<\/p>\n\n\n\n<p>O rexedor felicitou ao alumnado \u201cpois esta experiencia aportaravos unha parte fundamental no desenvolvemento acad\u00e9mico e persoal\u201d. Na mesma li\u00f1a interviu Xos\u00e9 Leal, concelleiro de cultura e ensino, quen apuntou que \u201cson moi interesantes proxectos coma estes, que permiten adquirir co\u00f1ecementos e ter contacto con outras realidades\u201d.&nbsp;<\/p>\n\n\n\n<p>Segundo apuntan dende o centro, participaron na iniciativa Santiago Rial Dorado, do CM de Soldadura, Ana Rosales Est\u00e9vez, do CM de Est\u00e9tica,Mar\u00eda del Rosario Rodal L\u00f3pez, do CM Est\u00e9tica, Daira Najmias Nogueira, do CM de Est\u00e9tica, Alba Barreiro Leal, do CM Est\u00e9tica, e Mauro P\u00e9rez Veiga, da FPB Pesca. Os pa\u00edses que visitaron para realizar as s\u00faas estad\u00edas foron Malta, Ruman\u00eda e Portugal. A directora do IES Joh\u00e1n Carballeira, Asun So\u00f1ora, lembrou que este ano era o primeiro no que participaba alumnado de ciclos medios e de formaci\u00f3n profesional b\u00e1sica, \u201cunha experiencia exitosa a pesar da complexa situaci\u00f3n vivida pola Covid-19\u201d.&nbsp;<\/p>\n\n\n\n<p>No acto tam\u00e9n estiveron presentes Mart\u00edn Villanueva, edil de urbanismo, e varias persoas do equipo directivo e dos programas de mobilidade internacional do instituto.<\/p>\n","protected":false},"excerpt":{"rendered":"<div class=\"mh-excerpt\"><p>O sal\u00f3n de plenos do Concello de Bueu acolleu este venres, 25 de xu\u00f1o, un acto de recibimento a seis rapaces e rapazas do IES Joh\u00e1n Carballeira, que este curso participaron nas mobilidades europeas no marco do proxecto KA102 de Formaci\u00f3n Profesional. F\u00e9lix Juncal, alcalde de Bueu, deulles a benvida despois dunha experiencia de pr\u00e1cticas laborais en diversos pa\u00edses europeos durante tres meses, e f\u00edxolles entrega dun lote de libros do Concello <a class=\"mh-excerpt-more\" href=\"https:\/\/www.anovapeneira.gal\/index.php\/2021\/06\/30\/o-concello-de-bueu-recibe-ao-alumnado-do-ies-johan-carballeira-que-realizou-practicas-no-estrangeiro\/\" title=\"O Concello de Bueu recibe ao alumnado do IES Joh\u00e1n Carballeira que realizou pr\u00e1cticas no estrangeiro\">[&#8230;]<\/a><\/p>\n<\/div>","protected":false},"author":3,"featured_media":5695,"comment_status":"open","ping_status":"open","sticky":false,"template":"","format":"standard","meta":{"_exactmetrics_skip_tracking":false,"_exactmetrics_sitenote_active":false,"_exactmetrics_sitenote_note":"","_exactmetrics_sitenote_category":0,"footnotes":""},"categories":[22],"tags":[440],"class_list":{"0":"post-5694","1":"post","2":"type-post","3":"status-publish","4":"format-standard","5":"has-post-thumbnail","7":"category-morrazo","8":"tag-concello-de-bueu"},"yoast_head":"<!-- This site is optimized with the Yoast SEO plugin v27.4 - https:\/\/yoast.com\/product\/yoast-seo-wordpress\/ -->\n<title>O Concello de Bueu recibe ao alumnado do IES Joh\u00e1n Carballeira que realizou pr\u00e1cticas no estrangeiro -<\/title>\n<meta name=\"description\" content=\"O sal\u00f3n de plenos do Concello de Bueu acolleu este venres, 25 de xu\u00f1o, un acto de recibimento a seis rapaces e rapazas do IES Joh\u00e1n Carballeira, que este curso participaron nas mobilidades europeas no marco do proxecto KA102 de Formaci\u00f3n Profesional. F\u00e9lix Juncal, alcalde de Bueu, deulles a benvida despois dunha experiencia de pr\u00e1cticas laborais en diversos pa\u00edses europeos durante tres meses, e f\u00edxolles entrega dun lote de libros do Concello.\" \/>\n<meta name=\"robots\" content=\"index, follow, max-snippet:-1, max-image-preview:large, max-video-preview:-1\" \/>\n<link rel=\"canonical\" href=\"https:\/\/www.anovapeneira.gal\/index.php\/2021\/06\/30\/o-concello-de-bueu-recibe-ao-alumnado-do-ies-johan-carballeira-que-realizou-practicas-no-estrangeiro\/\" \/>\n<meta property=\"og:locale\" content=\"gl_ES\" \/>\n<meta property=\"og:type\" content=\"article\" \/>\n<meta property=\"og:title\" content=\"O Concello de Bueu recibe ao alumnado do IES Joh\u00e1n Carballeira que realizou pr\u00e1cticas no estrangeiro -\" \/>\n<meta property=\"og:description\" content=\"O sal\u00f3n de plenos do Concello de Bueu acolleu este venres, 25 de xu\u00f1o, un acto de recibimento a seis rapaces e rapazas do IES Joh\u00e1n Carballeira, que este curso participaron nas mobilidades europeas no marco do proxecto KA102 de Formaci\u00f3n Profesional. F\u00e9lix Juncal, alcalde de Bueu, deulles a benvida despois dunha experiencia de pr\u00e1cticas laborais en diversos pa\u00edses europeos durante tres meses, e f\u00edxolles entrega dun lote de libros do Concello.\" \/>\n<meta property=\"og:url\" content=\"https:\/\/www.anovapeneira.gal\/index.php\/2021\/06\/30\/o-concello-de-bueu-recibe-ao-alumnado-do-ies-johan-carballeira-que-realizou-practicas-no-estrangeiro\/\" \/>\n<meta property=\"article:publisher\" content=\"https:\/\/www.facebook.com\/anovapeneira\" \/>\n<meta property=\"article:published_time\" content=\"2021-06-30T10:00:43+00:00\" \/>\n<meta property=\"og:image\" content=\"https:\/\/www.anovapeneira.gal\/wp-content\/uploads\/2021\/06\/ies_johan_carballeira.jpg\" \/>\n\t<meta property=\"og:image:width\" content=\"720\" \/>\n\t<meta property=\"og:image:height\" content=\"432\" \/>\n\t<meta property=\"og:image:type\" content=\"image\/jpeg\" \/>\n<meta name=\"author\" content=\"Redacci\u00f3n A Nova Peneira\" \/>\n<meta name=\"twitter:card\" content=\"summary_large_image\" \/>\n<meta name=\"twitter:creator\" content=\"@APeneira\" \/>\n<meta name=\"twitter:site\" content=\"@APeneira\" \/>\n<meta name=\"twitter:label1\" content=\"Escrito por\" \/>\n\t<meta name=\"twitter:data1\" content=\"Redacci\u00f3n A Nova Peneira\" \/>\n\t<meta name=\"twitter:label2\" content=\"Tempo de lectura\" \/>\n\t<meta name=\"twitter:data2\" content=\"2 minutos\" \/>\n<script type=\"application\/ld+json\" class=\"yoast-schema-graph\">{\"@context\":\"https:\\\/\\\/schema.org\",\"@graph\":[{\"@type\":\"Article\",\"@id\":\"https:\\\/\\\/www.anovapeneira.gal\\\/index.php\\\/2021\\\/06\\\/30\\\/o-concello-de-bueu-recibe-ao-alumnado-do-ies-johan-carballeira-que-realizou-practicas-no-estrangeiro\\\/#article\",\"isPartOf\":{\"@id\":\"https:\\\/\\\/www.anovapeneira.gal\\\/index.php\\\/2021\\\/06\\\/30\\\/o-concello-de-bueu-recibe-ao-alumnado-do-ies-johan-carballeira-que-realizou-practicas-no-estrangeiro\\\/\"},\"author\":{\"name\":\"Redacci\u00f3n A Nova Peneira\",\"@id\":\"https:\\\/\\\/www.anovapeneira.gal\\\/#\\\/schema\\\/person\\\/b93e3f8932e3f8da96334607eb6ac6aa\"},\"headline\":\"O Concello de Bueu recibe ao alumnado do IES Joh\u00e1n Carballeira que realizou pr\u00e1cticas no estrangeiro\",\"datePublished\":\"2021-06-30T10:00:43+00:00\",\"mainEntityOfPage\":{\"@id\":\"https:\\\/\\\/www.anovapeneira.gal\\\/index.php\\\/2021\\\/06\\\/30\\\/o-concello-de-bueu-recibe-ao-alumnado-do-ies-johan-carballeira-que-realizou-practicas-no-estrangeiro\\\/\"},\"wordCount\":331,\"commentCount\":0,\"publisher\":{\"@id\":\"https:\\\/\\\/www.anovapeneira.gal\\\/#organization\"},\"image\":{\"@id\":\"https:\\\/\\\/www.anovapeneira.gal\\\/index.php\\\/2021\\\/06\\\/30\\\/o-concello-de-bueu-recibe-ao-alumnado-do-ies-johan-carballeira-que-realizou-practicas-no-estrangeiro\\\/#primaryimage\"},\"thumbnailUrl\":\"https:\\\/\\\/www.anovapeneira.gal\\\/wp-content\\\/uploads\\\/2021\\\/06\\\/ies_johan_carballeira.jpg\",\"keywords\":[\"Concello de Bueu\"],\"articleSection\":[\"Morrazo\"],\"inLanguage\":\"gl-ES\",\"potentialAction\":[{\"@type\":\"CommentAction\",\"name\":\"Comment\",\"target\":[\"https:\\\/\\\/www.anovapeneira.gal\\\/index.php\\\/2021\\\/06\\\/30\\\/o-concello-de-bueu-recibe-ao-alumnado-do-ies-johan-carballeira-que-realizou-practicas-no-estrangeiro\\\/#respond\"]}]},{\"@type\":\"WebPage\",\"@id\":\"https:\\\/\\\/www.anovapeneira.gal\\\/index.php\\\/2021\\\/06\\\/30\\\/o-concello-de-bueu-recibe-ao-alumnado-do-ies-johan-carballeira-que-realizou-practicas-no-estrangeiro\\\/\",\"url\":\"https:\\\/\\\/www.anovapeneira.gal\\\/index.php\\\/2021\\\/06\\\/30\\\/o-concello-de-bueu-recibe-ao-alumnado-do-ies-johan-carballeira-que-realizou-practicas-no-estrangeiro\\\/\",\"name\":\"O Concello de Bueu recibe ao alumnado do IES Joh\u00e1n Carballeira que realizou pr\u00e1cticas no estrangeiro -\",\"isPartOf\":{\"@id\":\"https:\\\/\\\/www.anovapeneira.gal\\\/#website\"},\"primaryImageOfPage\":{\"@id\":\"https:\\\/\\\/www.anovapeneira.gal\\\/index.php\\\/2021\\\/06\\\/30\\\/o-concello-de-bueu-recibe-ao-alumnado-do-ies-johan-carballeira-que-realizou-practicas-no-estrangeiro\\\/#primaryimage\"},\"image\":{\"@id\":\"https:\\\/\\\/www.anovapeneira.gal\\\/index.php\\\/2021\\\/06\\\/30\\\/o-concello-de-bueu-recibe-ao-alumnado-do-ies-johan-carballeira-que-realizou-practicas-no-estrangeiro\\\/#primaryimage\"},\"thumbnailUrl\":\"https:\\\/\\\/www.anovapeneira.gal\\\/wp-content\\\/uploads\\\/2021\\\/06\\\/ies_johan_carballeira.jpg\",\"datePublished\":\"2021-06-30T10:00:43+00:00\",\"description\":\"O sal\u00f3n de plenos do Concello de Bueu acolleu este venres, 25 de xu\u00f1o, un acto de recibimento a seis rapaces e rapazas do IES Joh\u00e1n Carballeira, que este curso participaron nas mobilidades europeas no marco do proxecto KA102 de Formaci\u00f3n Profesional. F\u00e9lix Juncal, alcalde de Bueu, deulles a benvida despois dunha experiencia de pr\u00e1cticas laborais en diversos pa\u00edses europeos durante tres meses, e f\u00edxolles entrega dun lote de libros do Concello.\",\"breadcrumb\":{\"@id\":\"https:\\\/\\\/www.anovapeneira.gal\\\/index.php\\\/2021\\\/06\\\/30\\\/o-concello-de-bueu-recibe-ao-alumnado-do-ies-johan-carballeira-que-realizou-practicas-no-estrangeiro\\\/#breadcrumb\"},\"inLanguage\":\"gl-ES\",\"potentialAction\":[{\"@type\":\"ReadAction\",\"target\":[\"https:\\\/\\\/www.anovapeneira.gal\\\/index.php\\\/2021\\\/06\\\/30\\\/o-concello-de-bueu-recibe-ao-alumnado-do-ies-johan-carballeira-que-realizou-practicas-no-estrangeiro\\\/\"]}]},{\"@type\":\"ImageObject\",\"inLanguage\":\"gl-ES\",\"@id\":\"https:\\\/\\\/www.anovapeneira.gal\\\/index.php\\\/2021\\\/06\\\/30\\\/o-concello-de-bueu-recibe-ao-alumnado-do-ies-johan-carballeira-que-realizou-practicas-no-estrangeiro\\\/#primaryimage\",\"url\":\"https:\\\/\\\/www.anovapeneira.gal\\\/wp-content\\\/uploads\\\/2021\\\/06\\\/ies_johan_carballeira.jpg\",\"contentUrl\":\"https:\\\/\\\/www.anovapeneira.gal\\\/wp-content\\\/uploads\\\/2021\\\/06\\\/ies_johan_carballeira.jpg\",\"width\":720,\"height\":432,\"caption\":\"IES Joh\u00e1n Carballeira\"},{\"@type\":\"BreadcrumbList\",\"@id\":\"https:\\\/\\\/www.anovapeneira.gal\\\/index.php\\\/2021\\\/06\\\/30\\\/o-concello-de-bueu-recibe-ao-alumnado-do-ies-johan-carballeira-que-realizou-practicas-no-estrangeiro\\\/#breadcrumb\",\"itemListElement\":[{\"@type\":\"ListItem\",\"position\":1,\"name\":\"Portada\",\"item\":\"https:\\\/\\\/www.anovapeneira.gal\\\/\"},{\"@type\":\"ListItem\",\"position\":2,\"name\":\"O Concello de Bueu recibe ao alumnado do IES Joh\u00e1n Carballeira que realizou pr\u00e1cticas no estrangeiro\"}]},{\"@type\":\"WebSite\",\"@id\":\"https:\\\/\\\/www.anovapeneira.gal\\\/#website\",\"url\":\"https:\\\/\\\/www.anovapeneira.gal\\\/\",\"name\":\"\",\"description\":\"Xornal galego de informaci\u00f3n xeral Publicaci\u00f3n mensual de novas de Galicia e en especial dos Concellos da sur da provincia de Pontevedra.\",\"publisher\":{\"@id\":\"https:\\\/\\\/www.anovapeneira.gal\\\/#organization\"},\"potentialAction\":[{\"@type\":\"SearchAction\",\"target\":{\"@type\":\"EntryPoint\",\"urlTemplate\":\"https:\\\/\\\/www.anovapeneira.gal\\\/?s={search_term_string}\"},\"query-input\":{\"@type\":\"PropertyValueSpecification\",\"valueRequired\":true,\"valueName\":\"search_term_string\"}}],\"inLanguage\":\"gl-ES\"},{\"@type\":\"Organization\",\"@id\":\"https:\\\/\\\/www.anovapeneira.gal\\\/#organization\",\"name\":\"A Nova Peneira\",\"url\":\"https:\\\/\\\/www.anovapeneira.gal\\\/\",\"logo\":{\"@type\":\"ImageObject\",\"inLanguage\":\"gl-ES\",\"@id\":\"https:\\\/\\\/www.anovapeneira.gal\\\/#\\\/schema\\\/logo\\\/image\\\/\",\"url\":\"http:\\\/\\\/www.anovapeneira.gal\\\/wp-content\\\/uploads\\\/2019\\\/06\\\/logo_a_nova_peneira_portal_web.png\",\"contentUrl\":\"http:\\\/\\\/www.anovapeneira.gal\\\/wp-content\\\/uploads\\\/2019\\\/06\\\/logo_a_nova_peneira_portal_web.png\",\"width\":300,\"height\":100,\"caption\":\"A Nova Peneira\"},\"image\":{\"@id\":\"https:\\\/\\\/www.anovapeneira.gal\\\/#\\\/schema\\\/logo\\\/image\\\/\"},\"sameAs\":[\"https:\\\/\\\/www.facebook.com\\\/anovapeneira\",\"https:\\\/\\\/x.com\\\/APeneira\"]},{\"@type\":\"Person\",\"@id\":\"https:\\\/\\\/www.anovapeneira.gal\\\/#\\\/schema\\\/person\\\/b93e3f8932e3f8da96334607eb6ac6aa\",\"name\":\"Redacci\u00f3n A Nova Peneira\",\"image\":{\"@type\":\"ImageObject\",\"inLanguage\":\"gl-ES\",\"@id\":\"https:\\\/\\\/secure.gravatar.com\\\/avatar\\\/c052a2551a06e23fac63626232eaa90abd78dbcf1700fc46a2b2c89fd27b735f?s=96&d=mm&r=g\",\"url\":\"https:\\\/\\\/secure.gravatar.com\\\/avatar\\\/c052a2551a06e23fac63626232eaa90abd78dbcf1700fc46a2b2c89fd27b735f?s=96&d=mm&r=g\",\"contentUrl\":\"https:\\\/\\\/secure.gravatar.com\\\/avatar\\\/c052a2551a06e23fac63626232eaa90abd78dbcf1700fc46a2b2c89fd27b735f?s=96&d=mm&r=g\",\"caption\":\"Redacci\u00f3n A Nova Peneira\"},\"sameAs\":[\"http:\\\/\\\/www.anovapeneira.gal\\\/\"],\"url\":\"https:\\\/\\\/www.anovapeneira.gal\\\/index.php\\\/author\\\/redactor\\\/\"}]}<\/script>\n<!-- \/ Yoast SEO plugin. -->","yoast_head_json":{"title":"O Concello de Bueu recibe ao alumnado do IES Joh\u00e1n Carballeira que realizou pr\u00e1cticas no estrangeiro -","description":"O sal\u00f3n de plenos do Concello de Bueu acolleu este venres, 25 de xu\u00f1o, un acto de recibimento a seis rapaces e rapazas do IES Joh\u00e1n Carballeira, que este curso participaron nas mobilidades europeas no marco do proxecto KA102 de Formaci\u00f3n Profesional. F\u00e9lix Juncal, alcalde de Bueu, deulles a benvida despois dunha experiencia de pr\u00e1cticas laborais en diversos pa\u00edses europeos durante tres meses, e f\u00edxolles entrega dun lote de libros do Concello.","robots":{"index":"index","follow":"follow","max-snippet":"max-snippet:-1","max-image-preview":"max-image-preview:large","max-video-preview":"max-video-preview:-1"},"canonical":"https:\/\/www.anovapeneira.gal\/index.php\/2021\/06\/30\/o-concello-de-bueu-recibe-ao-alumnado-do-ies-johan-carballeira-que-realizou-practicas-no-estrangeiro\/","og_locale":"gl_ES","og_type":"article","og_title":"O Concello de Bueu recibe ao alumnado do IES Joh\u00e1n Carballeira que realizou pr\u00e1cticas no estrangeiro -","og_description":"O sal\u00f3n de plenos do Concello de Bueu acolleu este venres, 25 de xu\u00f1o, un acto de recibimento a seis rapaces e rapazas do IES Joh\u00e1n Carballeira, que este curso participaron nas mobilidades europeas no marco do proxecto KA102 de Formaci\u00f3n Profesional. F\u00e9lix Juncal, alcalde de Bueu, deulles a benvida despois dunha experiencia de pr\u00e1cticas laborais en diversos pa\u00edses europeos durante tres meses, e f\u00edxolles entrega dun lote de libros do Concello.","og_url":"https:\/\/www.anovapeneira.gal\/index.php\/2021\/06\/30\/o-concello-de-bueu-recibe-ao-alumnado-do-ies-johan-carballeira-que-realizou-practicas-no-estrangeiro\/","article_publisher":"https:\/\/www.facebook.com\/anovapeneira","article_published_time":"2021-06-30T10:00:43+00:00","og_image":[{"width":720,"height":432,"url":"https:\/\/www.anovapeneira.gal\/wp-content\/uploads\/2021\/06\/ies_johan_carballeira.jpg","type":"image\/jpeg"}],"author":"Redacci\u00f3n A Nova Peneira","twitter_card":"summary_large_image","twitter_creator":"@APeneira","twitter_site":"@APeneira","twitter_misc":{"Escrito por":"Redacci\u00f3n A Nova Peneira","Tempo de lectura":"2 minutos"},"schema":{"@context":"https:\/\/schema.org","@graph":[{"@type":"Article","@id":"https:\/\/www.anovapeneira.gal\/index.php\/2021\/06\/30\/o-concello-de-bueu-recibe-ao-alumnado-do-ies-johan-carballeira-que-realizou-practicas-no-estrangeiro\/#article","isPartOf":{"@id":"https:\/\/www.anovapeneira.gal\/index.php\/2021\/06\/30\/o-concello-de-bueu-recibe-ao-alumnado-do-ies-johan-carballeira-que-realizou-practicas-no-estrangeiro\/"},"author":{"name":"Redacci\u00f3n A Nova Peneira","@id":"https:\/\/www.anovapeneira.gal\/#\/schema\/person\/b93e3f8932e3f8da96334607eb6ac6aa"},"headline":"O Concello de Bueu recibe ao alumnado do IES Joh\u00e1n Carballeira que realizou pr\u00e1cticas no estrangeiro","datePublished":"2021-06-30T10:00:43+00:00","mainEntityOfPage":{"@id":"https:\/\/www.anovapeneira.gal\/index.php\/2021\/06\/30\/o-concello-de-bueu-recibe-ao-alumnado-do-ies-johan-carballeira-que-realizou-practicas-no-estrangeiro\/"},"wordCount":331,"commentCount":0,"publisher":{"@id":"https:\/\/www.anovapeneira.gal\/#organization"},"image":{"@id":"https:\/\/www.anovapeneira.gal\/index.php\/2021\/06\/30\/o-concello-de-bueu-recibe-ao-alumnado-do-ies-johan-carballeira-que-realizou-practicas-no-estrangeiro\/#primaryimage"},"thumbnailUrl":"https:\/\/www.anovapeneira.gal\/wp-content\/uploads\/2021\/06\/ies_johan_carballeira.jpg","keywords":["Concello de Bueu"],"articleSection":["Morrazo"],"inLanguage":"gl-ES","potentialAction":[{"@type":"CommentAction","name":"Comment","target":["https:\/\/www.anovapeneira.gal\/index.php\/2021\/06\/30\/o-concello-de-bueu-recibe-ao-alumnado-do-ies-johan-carballeira-que-realizou-practicas-no-estrangeiro\/#respond"]}]},{"@type":"WebPage","@id":"https:\/\/www.anovapeneira.gal\/index.php\/2021\/06\/30\/o-concello-de-bueu-recibe-ao-alumnado-do-ies-johan-carballeira-que-realizou-practicas-no-estrangeiro\/","url":"https:\/\/www.anovapeneira.gal\/index.php\/2021\/06\/30\/o-concello-de-bueu-recibe-ao-alumnado-do-ies-johan-carballeira-que-realizou-practicas-no-estrangeiro\/","name":"O Concello de Bueu recibe ao alumnado do IES Joh\u00e1n Carballeira que realizou pr\u00e1cticas no estrangeiro -","isPartOf":{"@id":"https:\/\/www.anovapeneira.gal\/#website"},"primaryImageOfPage":{"@id":"https:\/\/www.anovapeneira.gal\/index.php\/2021\/06\/30\/o-concello-de-bueu-recibe-ao-alumnado-do-ies-johan-carballeira-que-realizou-practicas-no-estrangeiro\/#primaryimage"},"image":{"@id":"https:\/\/www.anovapeneira.gal\/index.php\/2021\/06\/30\/o-concello-de-bueu-recibe-ao-alumnado-do-ies-johan-carballeira-que-realizou-practicas-no-estrangeiro\/#primaryimage"},"thumbnailUrl":"https:\/\/www.anovapeneira.gal\/wp-content\/uploads\/2021\/06\/ies_johan_carballeira.jpg","datePublished":"2021-06-30T10:00:43+00:00","description":"O sal\u00f3n de plenos do Concello de Bueu acolleu este venres, 25 de xu\u00f1o, un acto de recibimento a seis rapaces e rapazas do IES Joh\u00e1n Carballeira, que este curso participaron nas mobilidades europeas no marco do proxecto KA102 de Formaci\u00f3n Profesional. F\u00e9lix Juncal, alcalde de Bueu, deulles a benvida despois dunha experiencia de pr\u00e1cticas laborais en diversos pa\u00edses europeos durante tres meses, e f\u00edxolles entrega dun lote de libros do Concello.","breadcrumb":{"@id":"https:\/\/www.anovapeneira.gal\/index.php\/2021\/06\/30\/o-concello-de-bueu-recibe-ao-alumnado-do-ies-johan-carballeira-que-realizou-practicas-no-estrangeiro\/#breadcrumb"},"inLanguage":"gl-ES","potentialAction":[{"@type":"ReadAction","target":["https:\/\/www.anovapeneira.gal\/index.php\/2021\/06\/30\/o-concello-de-bueu-recibe-ao-alumnado-do-ies-johan-carballeira-que-realizou-practicas-no-estrangeiro\/"]}]},{"@type":"ImageObject","inLanguage":"gl-ES","@id":"https:\/\/www.anovapeneira.gal\/index.php\/2021\/06\/30\/o-concello-de-bueu-recibe-ao-alumnado-do-ies-johan-carballeira-que-realizou-practicas-no-estrangeiro\/#primaryimage","url":"https:\/\/www.anovapeneira.gal\/wp-content\/uploads\/2021\/06\/ies_johan_carballeira.jpg","contentUrl":"https:\/\/www.anovapeneira.gal\/wp-content\/uploads\/2021\/06\/ies_johan_carballeira.jpg","width":720,"height":432,"caption":"IES Joh\u00e1n Carballeira"},{"@type":"BreadcrumbList","@id":"https:\/\/www.anovapeneira.gal\/index.php\/2021\/06\/30\/o-concello-de-bueu-recibe-ao-alumnado-do-ies-johan-carballeira-que-realizou-practicas-no-estrangeiro\/#breadcrumb","itemListElement":[{"@type":"ListItem","position":1,"name":"Portada","item":"https:\/\/www.anovapeneira.gal\/"},{"@type":"ListItem","position":2,"name":"O Concello de Bueu recibe ao alumnado do IES Joh\u00e1n Carballeira que realizou pr\u00e1cticas no estrangeiro"}]},{"@type":"WebSite","@id":"https:\/\/www.anovapeneira.gal\/#website","url":"https:\/\/www.anovapeneira.gal\/","name":"","description":"Xornal galego de informaci\u00f3n xeral Publicaci\u00f3n mensual de novas de Galicia e en especial dos Concellos da sur da provincia de Pontevedra.","publisher":{"@id":"https:\/\/www.anovapeneira.gal\/#organization"},"potentialAction":[{"@type":"SearchAction","target":{"@type":"EntryPoint","urlTemplate":"https:\/\/www.anovapeneira.gal\/?s={search_term_string}"},"query-input":{"@type":"PropertyValueSpecification","valueRequired":true,"valueName":"search_term_string"}}],"inLanguage":"gl-ES"},{"@type":"Organization","@id":"https:\/\/www.anovapeneira.gal\/#organization","name":"A Nova Peneira","url":"https:\/\/www.anovapeneira.gal\/","logo":{"@type":"ImageObject","inLanguage":"gl-ES","@id":"https:\/\/www.anovapeneira.gal\/#\/schema\/logo\/image\/","url":"http:\/\/www.anovapeneira.gal\/wp-content\/uploads\/2019\/06\/logo_a_nova_peneira_portal_web.png","contentUrl":"http:\/\/www.anovapeneira.gal\/wp-content\/uploads\/2019\/06\/logo_a_nova_peneira_portal_web.png","width":300,"height":100,"caption":"A Nova Peneira"},"image":{"@id":"https:\/\/www.anovapeneira.gal\/#\/schema\/logo\/image\/"},"sameAs":["https:\/\/www.facebook.com\/anovapeneira","https:\/\/x.com\/APeneira"]},{"@type":"Person","@id":"https:\/\/www.anovapeneira.gal\/#\/schema\/person\/b93e3f8932e3f8da96334607eb6ac6aa","name":"Redacci\u00f3n A Nova Peneira","image":{"@type":"ImageObject","inLanguage":"gl-ES","@id":"https:\/\/secure.gravatar.com\/avatar\/c052a2551a06e23fac63626232eaa90abd78dbcf1700fc46a2b2c89fd27b735f?s=96&d=mm&r=g","url":"https:\/\/secure.gravatar.com\/avatar\/c052a2551a06e23fac63626232eaa90abd78dbcf1700fc46a2b2c89fd27b735f?s=96&d=mm&r=g","contentUrl":"https:\/\/secure.gravatar.com\/avatar\/c052a2551a06e23fac63626232eaa90abd78dbcf1700fc46a2b2c89fd27b735f?s=96&d=mm&r=g","caption":"Redacci\u00f3n A Nova Peneira"},"sameAs":["http:\/\/www.anovapeneira.gal\/"],"url":"https:\/\/www.anovapeneira.gal\/index.php\/author\/redactor\/"}]}},"jetpack_featured_media_url":"https:\/\/www.anovapeneira.gal\/wp-content\/uploads\/2021\/06\/ies_johan_carballeira.jpg","_links":{"self":[{"href":"https:\/\/www.anovapeneira.gal\/index.php\/wp-json\/wp\/v2\/posts\/5694","targetHints":{"allow":["GET"]}}],"collection":[{"href":"https:\/\/www.anovapeneira.gal\/index.php\/wp-json\/wp\/v2\/posts"}],"about":[{"href":"https:\/\/www.anovapeneira.gal\/index.php\/wp-json\/wp\/v2\/types\/post"}],"author":[{"embeddable":true,"href":"https:\/\/www.anovapeneira.gal\/index.php\/wp-json\/wp\/v2\/users\/3"}],"replies":[{"embeddable":true,"href":"https:\/\/www.anovapeneira.gal\/index.php\/wp-json\/wp\/v2\/comments?post=5694"}],"version-history":[{"count":1,"href":"https:\/\/www.anovapeneira.gal\/index.php\/wp-json\/wp\/v2\/posts\/5694\/revisions"}],"predecessor-version":[{"id":5696,"href":"https:\/\/www.anovapeneira.gal\/index.php\/wp-json\/wp\/v2\/posts\/5694\/revisions\/5696"}],"wp:featuredmedia":[{"embeddable":true,"href":"https:\/\/www.anovapeneira.gal\/index.php\/wp-json\/wp\/v2\/media\/5695"}],"wp:attachment":[{"href":"https:\/\/www.anovapeneira.gal\/index.php\/wp-json\/wp\/v2\/media?parent=5694"}],"wp:term":[{"taxonomy":"category","embeddable":true,"href":"https:\/\/www.anovapeneira.gal\/index.php\/wp-json\/wp\/v2\/categories?post=5694"},{"taxonomy":"post_tag","embeddable":true,"href":"https:\/\/www.anovapeneira.gal\/index.php\/wp-json\/wp\/v2\/tags?post=5694"}],"curies":[{"name":"wp","href":"https:\/\/api.w.org\/{rel}","templated":true}]}}